{"id":4959,"date":"2021-08-03T06:29:39","date_gmt":"2021-08-03T06:29:39","guid":{"rendered":"https:\/\/allasorias.hu\/hirek\/?p=4959"},"modified":"2025-05-07T10:19:31","modified_gmt":"2025-05-07T08:19:31","slug":"csokkent-az-allaskeresok-szama-3","status":"publish","type":"post","link":"https:\/\/allasorias.hu\/hirek\/csokkent-az-allaskeresok-szama-3\/","title":{"rendered":"M\u00e9rs\u00e9kl\u0151d\u00f6tt az \u00e1ll\u00e1skeres\u0151k ar\u00e1nya"},"content":{"rendered":"<p><strong>A korm\u00e1ny gazdas\u00e1gv\u00e9delmi int\u00e9zked\u00e9seinek eredm\u00e9nyess\u00e9g\u00e9t egyre t\u00f6bb kedvez\u0151 foglalkoztat\u00e1spolitikai adat er\u0151s\u00edti meg. Augusztus elej\u00e9re 259 ezerre cs\u00f6kkent a regisztr\u00e1lt \u00e1ll\u00e1skeres\u0151k l\u00e9tsz\u00e1ma Magyarorsz\u00e1gon, a tavaly ny\u00e1ri m\u00e9lypont \u00f3ta ez k\u00f6zel 120 ezer f\u0151s m\u00e9rs\u00e9kl\u0151d\u00e9st jelent &#8211; mondta Bod\u00f3 S\u00e1ndor.<\/strong><\/p>\n<p>Az Innov\u00e1ci\u00f3s \u00e9s Technol\u00f3giai Miniszt\u00e9rium foglalkoztat\u00e1spolitik\u00e1\u00e9rt felel\u0151s \u00e1llamtitk\u00e1ra k\u00f6z\u00f6lte, legut\u00f3bb 2020 janu\u00e1rj\u00e1ban, a v\u00edrusv\u00e1ls\u00e1g el\u0151tt \u00e1llt ilyen alacsonyan a meghat\u00e1roz\u00f3 jelent\u0151s\u00e9g\u0171 munkaer\u0151-piaci mutat\u00f3. 2010 \u00f3ta az akkori 12 sz\u00e1zal\u00e9kosr\u00f3l harmad\u00e1ra cs\u00f6kkent a munkan\u00e9lk\u00fclis\u00e9gi r\u00e1ta. A korm\u00e1ny gazdas\u00e1gv\u00e9delmi int\u00e9zked\u00e9seinek eredm\u00e9nyess\u00e9g\u00e9t egyre t\u00f6bb kedvez\u0151 foglalkoztat\u00e1spolitikai adat er\u0151s\u00edti meg. A K\u00f6zponti Statisztikai Hivatal m\u00falt heti adatk\u00f6zl\u00e9se szerint j\u00faniusra kor\u00e1bban sosem l\u00e1tott m\u00e9rt\u00e9ket \u00e9rt el, a 4,7 milli\u00f3 f\u0151t k\u00f6zel\u00edtette a hazai foglalkoztat\u00e1s. Rekordmagass\u00e1gba emelkedett az els\u0151dleges munkaer\u0151piacon dolgoz\u00f3k sz\u00e1ma is Magyarorsz\u00e1gon. A 4 sz\u00e1zal\u00e9kos munkan\u00e9lk\u00fclis\u00e9gi r\u00e1ta v\u00e1ltozatlanul az egyik legalacsonyabb adat az Eur\u00f3pai Uni\u00f3ban. Az Eurostat idei els\u0151 negyed\u00e9ves \u00f6sszegz\u00e9se szerinti 77,7 sz\u00e1zal\u00e9kos foglalkoztat\u00e1si szinttel Magyarorsz\u00e1g a tag\u00e1llami rangsor hatodik hely\u00e9t foglalja el, mintegy hat sz\u00e1zal\u00e9kponttal m\u00falva fel\u00fcl az uni\u00f3s \u00e1tlagot. A rendszerv\u00e1ltoz\u00e1s \u00f3ta nem tapasztalt er\u0151ss\u00e9g\u0171 mutat\u00f3 l\u00e9nyeg\u00e9ben a teljes foglalkoztat\u00e1shoz k\u00f6zeli \u00e1llapotnak felel meg. A nemzetk\u00f6zi \u00f6sszehasonl\u00edt\u00f3 adatok alapj\u00e1n a 20-64 \u00e9ves munkaer\u0151-\u00e1llom\u00e1nyb\u00f3l Magyarorsz\u00e1gn\u00e1l csak Hollandi\u00e1ban, Sv\u00e9dorsz\u00e1gban, Csehorsz\u00e1gban, \u00c9sztorsz\u00e1gban \u00e9s N\u00e9metorsz\u00e1gban dolgoznak t\u00f6bben. M\u00e1ra eltagadhatatlann\u00e1 v\u00e1lt, hogy a hazai foglalkoztat\u00e1s b\u0151v\u00fcl\u00e9s\u00e9t csak \u00e1tmenetileg vetette vissza a v\u00edrusv\u00e1ls\u00e1g &#8211; mondta el Bod\u00f3 S\u00e1ndor.<\/p>\n<p>Forr\u00e1s: penzcentrum.hu<\/p>\n","protected":false},"excerpt":{"rendered":"<p>A korm\u00e1ny gazdas\u00e1gv\u00e9delmi int\u00e9zked\u00e9seinek eredm\u00e9nyess\u00e9g\u00e9t egyre t\u00f6bb kedvez\u0151 foglalkoztat\u00e1spolitikai adat er\u0151s\u00edti meg. Augusztus elej\u00e9re 259 ezerre cs\u00f6kkent a regisztr\u00e1lt \u00e1ll\u00e1skeres\u0151k l\u00e9tsz\u00e1ma Magyarorsz\u00e1gon, a tavaly ny\u00e1ri m\u00e9lypont \u00f3ta ez k\u00f6zel 120 ezer f\u0151s m\u00e9rs\u00e9kl\u0151d\u00e9st jelent &#8211; mondta Bod\u00f3 S\u00e1ndor. Az Innov\u00e1ci\u00f3s \u00e9s Technol\u00f3giai Miniszt\u00e9rium foglalkoztat\u00e1spolitik\u00e1\u00e9rt felel\u0151s \u00e1llamtitk\u00e1ra k\u00f6z\u00f6lte, legut\u00f3bb 2020 janu\u00e1rj\u00e1ban, a v\u00edrusv\u00e1ls\u00e1g el\u0151tt \u00e1llt ilyen [&hellip;]<\/p>\n","protected":false},"author":1,"featured_media":4401,"comment_status":"closed","ping_status":"closed","sticky":false,"template":"","format":"standard","meta":{"_monsterinsights_skip_tracking":false,"footnotes":""},"categories":[200],"tags":[],"class_list":["post-4959","post","type-post","status-publish","format-standard","has-post-thumbnail","hentry","category-munkaeropiac"],"aioseo_notices":[],"aioseo_head":"\n\t\t<!-- All in One SEO 5.0.0.1 - aioseo.com -->\n\t<meta name=\"description\" content=\"A korm\u00e1ny gazdas\u00e1gv\u00e9delmi int\u00e9zked\u00e9seinek eredm\u00e9nyess\u00e9g\u00e9t egyre t\u00f6bb kedvez\u0151 foglalkoztat\u00e1spolitikai adat er\u0151s\u00edti meg. Augusztus elej\u00e9re 259 ezerre cs\u00f6kkent a regisztr\u00e1lt \u00e1ll\u00e1skeres\u0151k l\u00e9tsz\u00e1ma Magyarorsz\u00e1gon, a tavaly ny\u00e1ri m\u00e9lypont \u00f3ta ez k\u00f6zel 120 ezer f\u0151s m\u00e9rs\u00e9kl\u0151d\u00e9st jelent - mondta Bod\u00f3 S\u00e1ndor. Az Innov\u00e1ci\u00f3s \u00e9s Technol\u00f3giai Miniszt\u00e9rium foglalkoztat\u00e1spolitik\u00e1\u00e9rt felel\u0151s \u00e1llamtitk\u00e1ra k\u00f6z\u00f6lte, legut\u00f3bb 2020 janu\u00e1rj\u00e1ban, a v\u00edrusv\u00e1ls\u00e1g el\u0151tt \u00e1llt ilyen\" \/>\n\t<meta name=\"robots\" content=\"max-image-preview:large\" \/>\n\t<meta name=\"author\" content=\"Juh\u00e1sz P\u00e9ter\"\/>\n\t<link rel=\"canonical\" href=\"https:\/\/allasorias.hu\/hirek\/csokkent-az-allaskeresok-szama-3\/\" \/>\n\t<meta name=\"generator\" content=\"All in One SEO (AIOSEO) 5.0.0.1\" \/>\n\t\t<meta property=\"og:locale\" content=\"hu_HU\" \/>\n\t\t<meta property=\"og:site_name\" content=\"AllasOrias.hu | H\u00edrek-lapszemle | \u00dczleti h\u00edrek az \u00e1ll\u00e1s \u00e9s a munka vil\u00e1g\u00e1b\u00f3l\" \/>\n\t\t<meta property=\"og:type\" content=\"article\" \/>\n\t\t<meta property=\"og:title\" content=\"M\u00e9rs\u00e9kl\u0151d\u00f6tt az \u00e1ll\u00e1skeres\u0151k ar\u00e1nya | AllasOrias.hu | H\u00edrek-lapszemle\" \/>\n\t\t<meta property=\"og:description\" content=\"A korm\u00e1ny gazdas\u00e1gv\u00e9delmi int\u00e9zked\u00e9seinek eredm\u00e9nyess\u00e9g\u00e9t egyre t\u00f6bb kedvez\u0151 foglalkoztat\u00e1spolitikai adat er\u0151s\u00edti meg. Augusztus elej\u00e9re 259 ezerre cs\u00f6kkent a regisztr\u00e1lt \u00e1ll\u00e1skeres\u0151k l\u00e9tsz\u00e1ma Magyarorsz\u00e1gon, a tavaly ny\u00e1ri m\u00e9lypont \u00f3ta ez k\u00f6zel 120 ezer f\u0151s m\u00e9rs\u00e9kl\u0151d\u00e9st jelent - mondta Bod\u00f3 S\u00e1ndor. Az Innov\u00e1ci\u00f3s \u00e9s Technol\u00f3giai Miniszt\u00e9rium foglalkoztat\u00e1spolitik\u00e1\u00e9rt felel\u0151s \u00e1llamtitk\u00e1ra k\u00f6z\u00f6lte, legut\u00f3bb 2020 janu\u00e1rj\u00e1ban, a v\u00edrusv\u00e1ls\u00e1g el\u0151tt \u00e1llt ilyen\" \/>\n\t\t<meta property=\"og:url\" content=\"https:\/\/allasorias.hu\/hirek\/csokkent-az-allaskeresok-szama-3\/\" \/>\n\t\t<meta property=\"og:image\" content=\"https:\/\/allasorias.hu\/hirek\/wp-content\/uploads\/2020\/11\/business-3167295_640.jpg\" \/>\n\t\t<meta property=\"og:image:secure_url\" content=\"https:\/\/allasorias.hu\/hirek\/wp-content\/uploads\/2020\/11\/business-3167295_640.jpg\" \/>\n\t\t<meta property=\"og:image:width\" content=\"640\" \/>\n\t\t<meta property=\"og:image:height\" content=\"426\" \/>\n\t\t<meta property=\"article:published_time\" content=\"2021-08-03T06:29:39+00:00\" \/>\n\t\t<meta property=\"article:modified_time\" content=\"2025-05-07T08:19:31+00:00\" \/>\n\t\t<meta property=\"article:publisher\" content=\"https:\/\/www.facebook.com\/allasorias\" \/>\n\t\t<meta name=\"twitter:card\" content=\"summary_large_image\" \/>\n\t\t<meta name=\"twitter:title\" content=\"M\u00e9rs\u00e9kl\u0151d\u00f6tt az \u00e1ll\u00e1skeres\u0151k ar\u00e1nya | AllasOrias.hu | H\u00edrek-lapszemle\" \/>\n\t\t<meta name=\"twitter:description\" content=\"A korm\u00e1ny gazdas\u00e1gv\u00e9delmi int\u00e9zked\u00e9seinek eredm\u00e9nyess\u00e9g\u00e9t egyre t\u00f6bb kedvez\u0151 foglalkoztat\u00e1spolitikai adat er\u0151s\u00edti meg. Augusztus elej\u00e9re 259 ezerre cs\u00f6kkent a regisztr\u00e1lt \u00e1ll\u00e1skeres\u0151k l\u00e9tsz\u00e1ma Magyarorsz\u00e1gon, a tavaly ny\u00e1ri m\u00e9lypont \u00f3ta ez k\u00f6zel 120 ezer f\u0151s m\u00e9rs\u00e9kl\u0151d\u00e9st jelent - mondta Bod\u00f3 S\u00e1ndor. Az Innov\u00e1ci\u00f3s \u00e9s Technol\u00f3giai Miniszt\u00e9rium foglalkoztat\u00e1spolitik\u00e1\u00e9rt felel\u0151s \u00e1llamtitk\u00e1ra k\u00f6z\u00f6lte, legut\u00f3bb 2020 janu\u00e1rj\u00e1ban, a v\u00edrusv\u00e1ls\u00e1g el\u0151tt \u00e1llt ilyen\" \/>\n\t\t<meta name=\"twitter:image\" content=\"https:\/\/allasorias.hu\/hirek\/wp-content\/uploads\/2020\/11\/business-3167295_640.jpg\" \/>\n\t\t<meta name=\"twitter:label1\" content=\"Written by\" \/>\n\t\t<meta name=\"twitter:data1\" content=\"Juh\u00e1sz P\u00e9ter\" \/>\n\t\t<meta name=\"twitter:label2\" content=\"Est. reading time\" \/>\n\t\t<meta name=\"twitter:data2\" content=\"2 minutes\" \/>\n\t\t<script type=\"application\/ld+json\" class=\"aioseo-schema\">\n\t\t\t{\"@context\":\"https:\\\/\\\/schema.org\",\"@graph\":[{\"@type\":\"Article\",\"@id\":\"https:\\\/\\\/allasorias.hu\\\/hirek\\\/csokkent-az-allaskeresok-szama-3\\\/#article\",\"name\":\"M\\u00e9rs\\u00e9kl\\u0151d\\u00f6tt az \\u00e1ll\\u00e1skeres\\u0151k ar\\u00e1nya | AllasOrias.hu | H\\u00edrek-lapszemle\",\"headline\":\"M\\u00e9rs\\u00e9kl\\u0151d\\u00f6tt az \\u00e1ll\\u00e1skeres\\u0151k ar\\u00e1nya\",\"author\":{\"@id\":\"https:\\\/\\\/allasorias.hu\\\/hirek\\\/author\\\/admin-allasorias\\\/#author\"},\"publisher\":{\"@id\":\"https:\\\/\\\/allasorias.hu\\\/hirek\\\/#organization\"},\"image\":{\"@type\":\"ImageObject\",\"url\":\"https:\\\/\\\/allasorias.hu\\\/hirek\\\/wp-content\\\/uploads\\\/2020\\\/11\\\/business-3167295_640.jpg\",\"width\":640,\"height\":426},\"datePublished\":\"2021-08-03T06:29:39+02:00\",\"dateModified\":\"2025-05-07T10:19:31+02:00\",\"inLanguage\":\"hu-HU\",\"mainEntityOfPage\":{\"@id\":\"https:\\\/\\\/allasorias.hu\\\/hirek\\\/csokkent-az-allaskeresok-szama-3\\\/#webpage\"},\"isPartOf\":{\"@id\":\"https:\\\/\\\/allasorias.hu\\\/hirek\\\/csokkent-az-allaskeresok-szama-3\\\/#webpage\"},\"articleSection\":\"Munkaer\\u0151piac\"},{\"@type\":\"BreadcrumbList\",\"@id\":\"https:\\\/\\\/allasorias.hu\\\/hirek\\\/csokkent-az-allaskeresok-szama-3\\\/#breadcrumblist\",\"itemListElement\":[{\"@type\":\"ListItem\",\"@id\":\"https:\\\/\\\/allasorias.hu\\\/hirek#listItem\",\"position\":1,\"name\":\"Home\",\"item\":\"https:\\\/\\\/allasorias.hu\\\/hirek\",\"nextItem\":{\"@type\":\"ListItem\",\"@id\":\"https:\\\/\\\/allasorias.hu\\\/hirek\\\/temak\\\/munkaeropiac\\\/#listItem\",\"name\":\"Munkaer\\u0151piac\"}},{\"@type\":\"ListItem\",\"@id\":\"https:\\\/\\\/allasorias.hu\\\/hirek\\\/temak\\\/munkaeropiac\\\/#listItem\",\"position\":2,\"name\":\"Munkaer\\u0151piac\",\"item\":\"https:\\\/\\\/allasorias.hu\\\/hirek\\\/temak\\\/munkaeropiac\\\/\",\"nextItem\":{\"@type\":\"ListItem\",\"@id\":\"https:\\\/\\\/allasorias.hu\\\/hirek\\\/csokkent-az-allaskeresok-szama-3\\\/#listItem\",\"name\":\"M\\u00e9rs\\u00e9kl\\u0151d\\u00f6tt az \\u00e1ll\\u00e1skeres\\u0151k ar\\u00e1nya\"},\"previousItem\":{\"@type\":\"ListItem\",\"@id\":\"https:\\\/\\\/allasorias.hu\\\/hirek#listItem\",\"name\":\"Home\"}},{\"@type\":\"ListItem\",\"@id\":\"https:\\\/\\\/allasorias.hu\\\/hirek\\\/csokkent-az-allaskeresok-szama-3\\\/#listItem\",\"position\":3,\"name\":\"M\\u00e9rs\\u00e9kl\\u0151d\\u00f6tt az \\u00e1ll\\u00e1skeres\\u0151k ar\\u00e1nya\",\"previousItem\":{\"@type\":\"ListItem\",\"@id\":\"https:\\\/\\\/allasorias.hu\\\/hirek\\\/temak\\\/munkaeropiac\\\/#listItem\",\"name\":\"Munkaer\\u0151piac\"}}]},{\"@type\":\"Organization\",\"@id\":\"https:\\\/\\\/allasorias.hu\\\/hirek\\\/#organization\",\"name\":\"AllasOrias.hu | H\\u00edrek-lapszemle\",\"description\":\"\\u00dczleti h\\u00edrek az \\u00e1ll\\u00e1s \\u00e9s a munka vil\\u00e1g\\u00e1b\\u00f3l\",\"url\":\"https:\\\/\\\/allasorias.hu\\\/hirek\\\/\",\"logo\":{\"@type\":\"ImageObject\",\"url\":\"https:\\\/\\\/allasorias.hu\\\/hirek\\\/wp-content\\\/uploads\\\/2022\\\/10\\\/allasorias_site_facebok_logo.png\",\"@id\":\"https:\\\/\\\/allasorias.hu\\\/hirek\\\/csokkent-az-allaskeresok-szama-3\\\/#organizationLogo\"},\"image\":{\"@id\":\"https:\\\/\\\/allasorias.hu\\\/hirek\\\/csokkent-az-allaskeresok-szama-3\\\/#organizationLogo\"},\"sameAs\":[\"https:\\\/\\\/www.facebook.com\\\/allasorias\",\"https:\\\/\\\/www.linkedin.com\\\/company\\\/allasorias\"]},{\"@type\":\"Person\",\"@id\":\"https:\\\/\\\/allasorias.hu\\\/hirek\\\/author\\\/admin-allasorias\\\/#author\",\"url\":\"https:\\\/\\\/allasorias.hu\\\/hirek\\\/author\\\/admin-allasorias\\\/\",\"name\":\"Juh\\u00e1sz P\\u00e9ter\",\"image\":{\"@type\":\"ImageObject\",\"@id\":\"https:\\\/\\\/allasorias.hu\\\/hirek\\\/csokkent-az-allaskeresok-szama-3\\\/#authorImage\",\"url\":\"https:\\\/\\\/secure.gravatar.com\\\/avatar\\\/36e6bcb83148978b992977cb0f54d22feb0cce8a0a849a9410532bb2623ba4c6?s=96&d=mm&r=g\",\"width\":96,\"height\":96,\"caption\":\"Juh\\u00e1sz P\\u00e9ter\"}},{\"@type\":\"WebPage\",\"@id\":\"https:\\\/\\\/allasorias.hu\\\/hirek\\\/csokkent-az-allaskeresok-szama-3\\\/#webpage\",\"url\":\"https:\\\/\\\/allasorias.hu\\\/hirek\\\/csokkent-az-allaskeresok-szama-3\\\/\",\"name\":\"M\\u00e9rs\\u00e9kl\\u0151d\\u00f6tt az \\u00e1ll\\u00e1skeres\\u0151k ar\\u00e1nya | AllasOrias.hu | H\\u00edrek-lapszemle\",\"description\":\"A korm\\u00e1ny gazdas\\u00e1gv\\u00e9delmi int\\u00e9zked\\u00e9seinek eredm\\u00e9nyess\\u00e9g\\u00e9t egyre t\\u00f6bb kedvez\\u0151 foglalkoztat\\u00e1spolitikai adat er\\u0151s\\u00edti meg. Augusztus elej\\u00e9re 259 ezerre cs\\u00f6kkent a regisztr\\u00e1lt \\u00e1ll\\u00e1skeres\\u0151k l\\u00e9tsz\\u00e1ma Magyarorsz\\u00e1gon, a tavaly ny\\u00e1ri m\\u00e9lypont \\u00f3ta ez k\\u00f6zel 120 ezer f\\u0151s m\\u00e9rs\\u00e9kl\\u0151d\\u00e9st jelent - mondta Bod\\u00f3 S\\u00e1ndor. Az Innov\\u00e1ci\\u00f3s \\u00e9s Technol\\u00f3giai Miniszt\\u00e9rium foglalkoztat\\u00e1spolitik\\u00e1\\u00e9rt felel\\u0151s \\u00e1llamtitk\\u00e1ra k\\u00f6z\\u00f6lte, legut\\u00f3bb 2020 janu\\u00e1rj\\u00e1ban, a v\\u00edrusv\\u00e1ls\\u00e1g el\\u0151tt \\u00e1llt ilyen\",\"inLanguage\":\"hu-HU\",\"isPartOf\":{\"@id\":\"https:\\\/\\\/allasorias.hu\\\/hirek\\\/#website\"},\"breadcrumb\":{\"@id\":\"https:\\\/\\\/allasorias.hu\\\/hirek\\\/csokkent-az-allaskeresok-szama-3\\\/#breadcrumblist\"},\"author\":{\"@id\":\"https:\\\/\\\/allasorias.hu\\\/hirek\\\/author\\\/admin-allasorias\\\/#author\"},\"creator\":{\"@id\":\"https:\\\/\\\/allasorias.hu\\\/hirek\\\/author\\\/admin-allasorias\\\/#author\"},\"image\":{\"@type\":\"ImageObject\",\"url\":\"https:\\\/\\\/allasorias.hu\\\/hirek\\\/wp-content\\\/uploads\\\/2020\\\/11\\\/business-3167295_640.jpg\",\"@id\":\"https:\\\/\\\/allasorias.hu\\\/hirek\\\/csokkent-az-allaskeresok-szama-3\\\/#mainImage\",\"width\":640,\"height\":426},\"primaryImageOfPage\":{\"@id\":\"https:\\\/\\\/allasorias.hu\\\/hirek\\\/csokkent-az-allaskeresok-szama-3\\\/#mainImage\"},\"datePublished\":\"2021-08-03T06:29:39+02:00\",\"dateModified\":\"2025-05-07T10:19:31+02:00\"},{\"@type\":\"WebSite\",\"@id\":\"https:\\\/\\\/allasorias.hu\\\/hirek\\\/#website\",\"url\":\"https:\\\/\\\/allasorias.hu\\\/hirek\\\/\",\"name\":\"AllasOrias.hu | H\\u00edrek-lapszemle\",\"description\":\"\\u00dczleti h\\u00edrek az \\u00e1ll\\u00e1s \\u00e9s a munka vil\\u00e1g\\u00e1b\\u00f3l\",\"inLanguage\":\"hu-HU\",\"publisher\":{\"@id\":\"https:\\\/\\\/allasorias.hu\\\/hirek\\\/#organization\"}}]}\n\t\t<\/script>\n\t\t<!-- All in One SEO -->\n\n","aioseo_head_json":{"title":"M\u00e9rs\u00e9kl\u0151d\u00f6tt az \u00e1ll\u00e1skeres\u0151k ar\u00e1nya | AllasOrias.hu | H\u00edrek-lapszemle","description":"A korm\u00e1ny gazdas\u00e1gv\u00e9delmi int\u00e9zked\u00e9seinek eredm\u00e9nyess\u00e9g\u00e9t egyre t\u00f6bb kedvez\u0151 foglalkoztat\u00e1spolitikai adat er\u0151s\u00edti meg. Augusztus elej\u00e9re 259 ezerre cs\u00f6kkent a regisztr\u00e1lt \u00e1ll\u00e1skeres\u0151k l\u00e9tsz\u00e1ma Magyarorsz\u00e1gon, a tavaly ny\u00e1ri m\u00e9lypont \u00f3ta ez k\u00f6zel 120 ezer f\u0151s m\u00e9rs\u00e9kl\u0151d\u00e9st jelent - mondta Bod\u00f3 S\u00e1ndor. Az Innov\u00e1ci\u00f3s \u00e9s Technol\u00f3giai Miniszt\u00e9rium foglalkoztat\u00e1spolitik\u00e1\u00e9rt felel\u0151s \u00e1llamtitk\u00e1ra k\u00f6z\u00f6lte, legut\u00f3bb 2020 janu\u00e1rj\u00e1ban, a v\u00edrusv\u00e1ls\u00e1g el\u0151tt \u00e1llt ilyen","canonical_url":"https:\/\/allasorias.hu\/hirek\/csokkent-az-allaskeresok-szama-3\/","robots":"max-image-preview:large","keywords":"","webmasterTools":{"miscellaneous":""},"schema":{"@context":"https:\/\/schema.org","@graph":[{"@type":"Article","@id":"https:\/\/allasorias.hu\/hirek\/csokkent-az-allaskeresok-szama-3\/#article","name":"M\u00e9rs\u00e9kl\u0151d\u00f6tt az \u00e1ll\u00e1skeres\u0151k ar\u00e1nya | AllasOrias.hu | H\u00edrek-lapszemle","headline":"M\u00e9rs\u00e9kl\u0151d\u00f6tt az \u00e1ll\u00e1skeres\u0151k ar\u00e1nya","author":{"@id":"https:\/\/allasorias.hu\/hirek\/author\/admin-allasorias\/#author"},"publisher":{"@id":"https:\/\/allasorias.hu\/hirek\/#organization"},"image":{"@type":"ImageObject","url":"https:\/\/allasorias.hu\/hirek\/wp-content\/uploads\/2020\/11\/business-3167295_640.jpg","width":640,"height":426},"datePublished":"2021-08-03T06:29:39+02:00","dateModified":"2025-05-07T10:19:31+02:00","inLanguage":"hu-HU","mainEntityOfPage":{"@id":"https:\/\/allasorias.hu\/hirek\/csokkent-az-allaskeresok-szama-3\/#webpage"},"isPartOf":{"@id":"https:\/\/allasorias.hu\/hirek\/csokkent-az-allaskeresok-szama-3\/#webpage"},"articleSection":"Munkaer\u0151piac"},{"@type":"BreadcrumbList","@id":"https:\/\/allasorias.hu\/hirek\/csokkent-az-allaskeresok-szama-3\/#breadcrumblist","itemListElement":[{"@type":"ListItem","@id":"https:\/\/allasorias.hu\/hirek#listItem","position":1,"name":"Home","item":"https:\/\/allasorias.hu\/hirek","nextItem":{"@type":"ListItem","@id":"https:\/\/allasorias.hu\/hirek\/temak\/munkaeropiac\/#listItem","name":"Munkaer\u0151piac"}},{"@type":"ListItem","@id":"https:\/\/allasorias.hu\/hirek\/temak\/munkaeropiac\/#listItem","position":2,"name":"Munkaer\u0151piac","item":"https:\/\/allasorias.hu\/hirek\/temak\/munkaeropiac\/","nextItem":{"@type":"ListItem","@id":"https:\/\/allasorias.hu\/hirek\/csokkent-az-allaskeresok-szama-3\/#listItem","name":"M\u00e9rs\u00e9kl\u0151d\u00f6tt az \u00e1ll\u00e1skeres\u0151k ar\u00e1nya"},"previousItem":{"@type":"ListItem","@id":"https:\/\/allasorias.hu\/hirek#listItem","name":"Home"}},{"@type":"ListItem","@id":"https:\/\/allasorias.hu\/hirek\/csokkent-az-allaskeresok-szama-3\/#listItem","position":3,"name":"M\u00e9rs\u00e9kl\u0151d\u00f6tt az \u00e1ll\u00e1skeres\u0151k ar\u00e1nya","previousItem":{"@type":"ListItem","@id":"https:\/\/allasorias.hu\/hirek\/temak\/munkaeropiac\/#listItem","name":"Munkaer\u0151piac"}}]},{"@type":"Organization","@id":"https:\/\/allasorias.hu\/hirek\/#organization","name":"AllasOrias.hu | H\u00edrek-lapszemle","description":"\u00dczleti h\u00edrek az \u00e1ll\u00e1s \u00e9s a munka vil\u00e1g\u00e1b\u00f3l","url":"https:\/\/allasorias.hu\/hirek\/","logo":{"@type":"ImageObject","url":"https:\/\/allasorias.hu\/hirek\/wp-content\/uploads\/2022\/10\/allasorias_site_facebok_logo.png","@id":"https:\/\/allasorias.hu\/hirek\/csokkent-az-allaskeresok-szama-3\/#organizationLogo"},"image":{"@id":"https:\/\/allasorias.hu\/hirek\/csokkent-az-allaskeresok-szama-3\/#organizationLogo"},"sameAs":["https:\/\/www.facebook.com\/allasorias","https:\/\/www.linkedin.com\/company\/allasorias"]},{"@type":"Person","@id":"https:\/\/allasorias.hu\/hirek\/author\/admin-allasorias\/#author","url":"https:\/\/allasorias.hu\/hirek\/author\/admin-allasorias\/","name":"Juh\u00e1sz P\u00e9ter","image":{"@type":"ImageObject","@id":"https:\/\/allasorias.hu\/hirek\/csokkent-az-allaskeresok-szama-3\/#authorImage","url":"https:\/\/secure.gravatar.com\/avatar\/36e6bcb83148978b992977cb0f54d22feb0cce8a0a849a9410532bb2623ba4c6?s=96&d=mm&r=g","width":96,"height":96,"caption":"Juh\u00e1sz P\u00e9ter"}},{"@type":"WebPage","@id":"https:\/\/allasorias.hu\/hirek\/csokkent-az-allaskeresok-szama-3\/#webpage","url":"https:\/\/allasorias.hu\/hirek\/csokkent-az-allaskeresok-szama-3\/","name":"M\u00e9rs\u00e9kl\u0151d\u00f6tt az \u00e1ll\u00e1skeres\u0151k ar\u00e1nya | AllasOrias.hu | H\u00edrek-lapszemle","description":"A korm\u00e1ny gazdas\u00e1gv\u00e9delmi int\u00e9zked\u00e9seinek eredm\u00e9nyess\u00e9g\u00e9t egyre t\u00f6bb kedvez\u0151 foglalkoztat\u00e1spolitikai adat er\u0151s\u00edti meg. Augusztus elej\u00e9re 259 ezerre cs\u00f6kkent a regisztr\u00e1lt \u00e1ll\u00e1skeres\u0151k l\u00e9tsz\u00e1ma Magyarorsz\u00e1gon, a tavaly ny\u00e1ri m\u00e9lypont \u00f3ta ez k\u00f6zel 120 ezer f\u0151s m\u00e9rs\u00e9kl\u0151d\u00e9st jelent - mondta Bod\u00f3 S\u00e1ndor. Az Innov\u00e1ci\u00f3s \u00e9s Technol\u00f3giai Miniszt\u00e9rium foglalkoztat\u00e1spolitik\u00e1\u00e9rt felel\u0151s \u00e1llamtitk\u00e1ra k\u00f6z\u00f6lte, legut\u00f3bb 2020 janu\u00e1rj\u00e1ban, a v\u00edrusv\u00e1ls\u00e1g el\u0151tt \u00e1llt ilyen","inLanguage":"hu-HU","isPartOf":{"@id":"https:\/\/allasorias.hu\/hirek\/#website"},"breadcrumb":{"@id":"https:\/\/allasorias.hu\/hirek\/csokkent-az-allaskeresok-szama-3\/#breadcrumblist"},"author":{"@id":"https:\/\/allasorias.hu\/hirek\/author\/admin-allasorias\/#author"},"creator":{"@id":"https:\/\/allasorias.hu\/hirek\/author\/admin-allasorias\/#author"},"image":{"@type":"ImageObject","url":"https:\/\/allasorias.hu\/hirek\/wp-content\/uploads\/2020\/11\/business-3167295_640.jpg","@id":"https:\/\/allasorias.hu\/hirek\/csokkent-az-allaskeresok-szama-3\/#mainImage","width":640,"height":426},"primaryImageOfPage":{"@id":"https:\/\/allasorias.hu\/hirek\/csokkent-az-allaskeresok-szama-3\/#mainImage"},"datePublished":"2021-08-03T06:29:39+02:00","dateModified":"2025-05-07T10:19:31+02:00"},{"@type":"WebSite","@id":"https:\/\/allasorias.hu\/hirek\/#website","url":"https:\/\/allasorias.hu\/hirek\/","name":"AllasOrias.hu | H\u00edrek-lapszemle","description":"\u00dczleti h\u00edrek az \u00e1ll\u00e1s \u00e9s a munka vil\u00e1g\u00e1b\u00f3l","inLanguage":"hu-HU","publisher":{"@id":"https:\/\/allasorias.hu\/hirek\/#organization"}}]},"og:locale":"hu_HU","og:site_name":"AllasOrias.hu | H\u00edrek-lapszemle | \u00dczleti h\u00edrek az \u00e1ll\u00e1s \u00e9s a munka vil\u00e1g\u00e1b\u00f3l","og:type":"article","og:title":"M\u00e9rs\u00e9kl\u0151d\u00f6tt az \u00e1ll\u00e1skeres\u0151k ar\u00e1nya | AllasOrias.hu | H\u00edrek-lapszemle","og:description":"A korm\u00e1ny gazdas\u00e1gv\u00e9delmi int\u00e9zked\u00e9seinek eredm\u00e9nyess\u00e9g\u00e9t egyre t\u00f6bb kedvez\u0151 foglalkoztat\u00e1spolitikai adat er\u0151s\u00edti meg. Augusztus elej\u00e9re 259 ezerre cs\u00f6kkent a regisztr\u00e1lt \u00e1ll\u00e1skeres\u0151k l\u00e9tsz\u00e1ma Magyarorsz\u00e1gon, a tavaly ny\u00e1ri m\u00e9lypont \u00f3ta ez k\u00f6zel 120 ezer f\u0151s m\u00e9rs\u00e9kl\u0151d\u00e9st jelent - mondta Bod\u00f3 S\u00e1ndor. Az Innov\u00e1ci\u00f3s \u00e9s Technol\u00f3giai Miniszt\u00e9rium foglalkoztat\u00e1spolitik\u00e1\u00e9rt felel\u0151s \u00e1llamtitk\u00e1ra k\u00f6z\u00f6lte, legut\u00f3bb 2020 janu\u00e1rj\u00e1ban, a v\u00edrusv\u00e1ls\u00e1g el\u0151tt \u00e1llt ilyen","og:url":"https:\/\/allasorias.hu\/hirek\/csokkent-az-allaskeresok-szama-3\/","og:image":"https:\/\/allasorias.hu\/hirek\/wp-content\/uploads\/2020\/11\/business-3167295_640.jpg","og:image:secure_url":"https:\/\/allasorias.hu\/hirek\/wp-content\/uploads\/2020\/11\/business-3167295_640.jpg","og:image:width":640,"og:image:height":426,"article:published_time":"2021-08-03T06:29:39+00:00","article:modified_time":"2025-05-07T08:19:31+00:00","article:publisher":"https:\/\/www.facebook.com\/allasorias","twitter:card":"summary_large_image","twitter:title":"M\u00e9rs\u00e9kl\u0151d\u00f6tt az \u00e1ll\u00e1skeres\u0151k ar\u00e1nya | AllasOrias.hu | H\u00edrek-lapszemle","twitter:description":"A korm\u00e1ny gazdas\u00e1gv\u00e9delmi int\u00e9zked\u00e9seinek eredm\u00e9nyess\u00e9g\u00e9t egyre t\u00f6bb kedvez\u0151 foglalkoztat\u00e1spolitikai adat er\u0151s\u00edti meg. Augusztus elej\u00e9re 259 ezerre cs\u00f6kkent a regisztr\u00e1lt \u00e1ll\u00e1skeres\u0151k l\u00e9tsz\u00e1ma Magyarorsz\u00e1gon, a tavaly ny\u00e1ri m\u00e9lypont \u00f3ta ez k\u00f6zel 120 ezer f\u0151s m\u00e9rs\u00e9kl\u0151d\u00e9st jelent - mondta Bod\u00f3 S\u00e1ndor. Az Innov\u00e1ci\u00f3s \u00e9s Technol\u00f3giai Miniszt\u00e9rium foglalkoztat\u00e1spolitik\u00e1\u00e9rt felel\u0151s \u00e1llamtitk\u00e1ra k\u00f6z\u00f6lte, legut\u00f3bb 2020 janu\u00e1rj\u00e1ban, a v\u00edrusv\u00e1ls\u00e1g el\u0151tt \u00e1llt ilyen","twitter:image":"https:\/\/allasorias.hu\/hirek\/wp-content\/uploads\/2020\/11\/business-3167295_640.jpg","twitter:label1":"Written by","twitter:data1":"Juh\u00e1sz P\u00e9ter","twitter:label2":"Est. reading time","twitter:data2":"2 minutes"},"aioseo_meta_data":{"post_id":"4959","title":null,"description":null,"keywords":null,"keyphrases":{"focus":{"keyphrase":"","score":0,"analysis":{"keyphraseInTitle":{"score":0,"maxScore":9,"error":1}}},"additional":[]},"primary_term":null,"canonical_url":null,"og_title":null,"og_description":null,"og_object_type":"default","og_image_type":"default","og_image_url":null,"og_image_width":null,"og_image_height":null,"og_image_custom_url":null,"og_image_custom_fields":null,"og_video":"","og_custom_url":null,"og_article_section":null,"og_article_tags":null,"twitter_use_og":false,"twitter_card":"default","twitter_image_type":"default","twitter_image_url":null,"twitter_image_custom_url":null,"twitter_image_custom_fields":null,"twitter_title":null,"twitter_description":null,"schema":{"blockGraphs":[],"customGraphs":[],"default":{"data":{"Article":[],"Course":[],"Dataset":[],"FAQPage":[],"Movie":[],"Person":[],"Product":[],"ProductReview":[],"Car":[],"Recipe":[],"Service":[],"SoftwareApplication":[],"WebPage":[]},"graphName":"Article","isEnabled":true},"graphs":[],"defaultGraph":"Article","defaultPostTypeGraph":""},"schema_type":"default","schema_type_options":"{\"article\":{\"articleType\":\"BlogPosting\"},\"course\":{\"name\":\"\",\"description\":\"\",\"provider\":\"\"},\"faq\":{\"pages\":[]},\"product\":{\"reviews\":[]},\"recipe\":{\"ingredients\":[],\"instructions\":[],\"keywords\":[]},\"software\":{\"reviews\":[],\"operatingSystems\":[]},\"webPage\":{\"webPageType\":\"WebPage\"}}","pillar_content":false,"robots_default":true,"robots_noindex":false,"robots_noarchive":false,"robots_nosnippet":false,"robots_nofollow":false,"robots_noimageindex":false,"robots_noodp":false,"robots_notranslate":false,"robots_max_snippet":"-1","robots_max_videopreview":"-1","robots_max_imagepreview":"large","priority":null,"frequency":"default","location":null,"local_seo":null,"breadcrumb_settings":null,"limit_modified_date":false,"ai":null,"created":"2021-08-03 06:27:25","updated":"2025-10-02 16:01:17","seo_analyzer_scan_date":null,"focus_keyword":null,"additional_keywords":null,"truseo_locale":null},"aioseo_breadcrumb":"<div class=\"aioseo-breadcrumbs\"><span class=\"aioseo-breadcrumb\">\n\t\t\t<a href=\"https:\/\/allasorias.hu\/hirek\" title=\"Home\">Home<\/a>\n\t\t<\/span><span class=\"aioseo-breadcrumb-separator\">&raquo;<\/span><span class=\"aioseo-breadcrumb\">\n\t\t\t<a href=\"https:\/\/allasorias.hu\/hirek\/temak\/munkaeropiac\/\" title=\"Munkaer\u0151piac\">Munkaer\u0151piac<\/a>\n\t\t<\/span><span class=\"aioseo-breadcrumb-separator\">&raquo;<\/span><span class=\"aioseo-breadcrumb\">\n\t\t\tM\u00e9rs\u00e9kl\u0151d\u00f6tt az \u00e1ll\u00e1skeres\u0151k ar\u00e1nya\n\t\t<\/span><\/div>","aioseo_breadcrumb_json":[{"label":"Home","link":"https:\/\/allasorias.hu\/hirek"},{"label":"Munkaer\u0151piac","link":"https:\/\/allasorias.hu\/hirek\/temak\/munkaeropiac\/"},{"label":"M\u00e9rs\u00e9kl\u0151d\u00f6tt az \u00e1ll\u00e1skeres\u0151k ar\u00e1nya","link":"https:\/\/allasorias.hu\/hirek\/csokkent-az-allaskeresok-szama-3\/"}],"_links":{"self":[{"href":"https:\/\/allasorias.hu\/hirek\/wp-json\/wp\/v2\/posts\/4959","targetHints":{"allow":["GET"]}}],"collection":[{"href":"https:\/\/allasorias.hu\/hirek\/wp-json\/wp\/v2\/posts"}],"about":[{"href":"https:\/\/allasorias.hu\/hirek\/wp-json\/wp\/v2\/types\/post"}],"author":[{"embeddable":true,"href":"https:\/\/allasorias.hu\/hirek\/wp-json\/wp\/v2\/users\/1"}],"replies":[{"embeddable":true,"href":"https:\/\/allasorias.hu\/hirek\/wp-json\/wp\/v2\/comments?post=4959"}],"version-history":[{"count":2,"href":"https:\/\/allasorias.hu\/hirek\/wp-json\/wp\/v2\/posts\/4959\/revisions"}],"predecessor-version":[{"id":8379,"href":"https:\/\/allasorias.hu\/hirek\/wp-json\/wp\/v2\/posts\/4959\/revisions\/8379"}],"wp:featuredmedia":[{"embeddable":true,"href":"https:\/\/allasorias.hu\/hirek\/wp-json\/wp\/v2\/media\/4401"}],"wp:attachment":[{"href":"https:\/\/allasorias.hu\/hirek\/wp-json\/wp\/v2\/media?parent=4959"}],"wp:term":[{"taxonomy":"category","embeddable":true,"href":"https:\/\/allasorias.hu\/hirek\/wp-json\/wp\/v2\/categories?post=4959"},{"taxonomy":"post_tag","embeddable":true,"href":"https:\/\/allasorias.hu\/hirek\/wp-json\/wp\/v2\/tags?post=4959"}],"curies":[{"name":"wp","href":"https:\/\/api.w.org\/{rel}","templated":true}]}}