{"id":4955,"date":"2021-08-02T07:39:24","date_gmt":"2021-08-02T07:39:24","guid":{"rendered":"https:\/\/allasorias.hu\/hirek\/?p=4955"},"modified":"2021-08-02T07:39:24","modified_gmt":"2021-08-02T07:39:24","slug":"hogyan-valjak-el-a-munkahelyemtol","status":"publish","type":"post","link":"https:\/\/allasorias.hu\/hirek\/hogyan-valjak-el-a-munkahelyemtol\/","title":{"rendered":"Hogyan v\u00e1ljak el a munkahelyemt\u0151l ?"},"content":{"rendered":"<p><strong>A Munka T\u00f6rv\u00e9nyk\u00f6nyve alapj\u00e1n m\u00edg a munkav\u00e1llal\u00f3 k\u00f6teles a munk\u00e1ltat\u00f3 \u00e1ltal el\u0151\u00edrt helyen \u00e9s id\u0151ben, munk\u00e1ra k\u00e9pes \u00e1llapotban, azaz kell\u0151en kipihenten \u00e9s eg\u00e9szs\u00e9gesen megjelenni, a munk\u00e1ltat\u00f3 egyik alap k\u00f6telezetts\u00e9ge a munkab\u00e9r megfizet\u00e9se. <\/strong><\/p>\n<p>Felmondhatok-e azonnali hat\u00e1llyal, ha a munk\u00e1ltat\u00f3 k\u00e9sett a fizet\u00e9ssel 3 napot.\u00a0 K\u00f6tb\u00e9rt kell fizetnie? Nem jelezte, de tudta, hogy nem fog utalni. SMS \u00fczenetre nem v\u00e1laszoltak. Ha \u00e9n adom be az azonnali felmond\u00e1st, mire kell k\u00fcl\u00f6n\u00f6sen figyelnem? A hat\u00e1lyos jogszab\u00e1lyi rendelkez\u00e9sek alapj\u00e1n a munkab\u00e9rt a munk\u00e1ltat\u00f3 a t\u00e1rgyh\u00f3napot k\u00f6vet\u0151 h\u00f3nap tizedik napj\u00e1ig ki kell fizesse a munkav\u00e1llal\u00f3 r\u00e9sz\u00e9re. Ha a munkav\u00e1llal\u00f3 k\u00e9szp\u00e9nzben kapja a fizet\u00e9st, akkor a munk\u00e1ltat\u00f3 legk\u00e9s\u0151bb minden h\u00f3nap tizedik napj\u00e1n \u00e1t kell adja a munkav\u00e1llal\u00f3 r\u00e9sz\u00e9re munkab\u00e9r\u00e9t. Banksz\u00e1ml\u00e1ra utal\u00e1ssal t\u00f6rt\u00e9n\u0151 teljes\u00edt\u00e9s eset\u00e9n a h\u00f3nap tizedik napj\u00e1n m\u00e1r a munkav\u00e1llal\u00f3 banksz\u00e1ml\u00e1j\u00e1n kell legyen a munkab\u00e9r. A felek a munkaszerz\u0151d\u00e9sben ett\u0151l csak kor\u00e1bbi fizet\u00e9si hat\u00e1rid\u0151ben \u00e1llapodhatnak meg. A munkav\u00e1llal\u00f3 a munkaviszony\u00e1t azonnali hat\u00e1ly\u00fa felmond\u00e1ssal megsz\u00fcntetheti abban az esetben, ha a munk\u00e1ltat\u00f3 &#8211; a munkaviszonyb\u00f3l sz\u00e1rmaz\u00f3 l\u00e9nyeges k\u00f6telezetts\u00e9g\u00e9t sz\u00e1nd\u00e9kosan vagy s\u00falyos gondatlans\u00e1ggal jelent\u0151s m\u00e9rt\u00e9kben megszegi, vagy &#8211; egy\u00e9bk\u00e9nt olyan magatart\u00e1st tan\u00fas\u00edt, amely a munkaviszony fenntart\u00e1s\u00e1t lehetetlenn\u00e9 teszi. A jelenlegi b\u00edr\u00f3s\u00e1gi gyakorlat alapj\u00e1n a\u00a0 t\u00f6bbsz\u00f6r el\u0151fordul\u00f3 k\u00e9sedelmes, vagy nem teljes \u00f6sszeg\u0171 munkab\u00e9r fizet\u00e9s a munkav\u00e1llal\u00f3 l\u00e9tfenntart\u00e1s\u00e1t vesz\u00e9lyeztetheti, ez\u00e9rt jelent\u0151s m\u00e9rt\u00e9k\u0171 \u00e9s l\u00e9nyeges k\u00f6telezetts\u00e9g szeg\u00e9snek kell tekinteni. \u00c9ppen ez\u00e9rt azonnali hat\u00e1ly\u00fa felmond\u00e1s jogszer\u0171 indoka lehet. K\u00e9sedelmes munkab\u00e9r fizet\u00e9s eset\u00e9n a munkav\u00e1llal\u00f3 k\u00e9sedelmi kamatra is jogosult. Munkav\u00e1llal\u00f3i azonnali hat\u00e1ly\u00fa felmond\u00e1s eset\u00e9n a munkav\u00e1llal\u00f3 ig\u00e9nyt tarthat a felment\u00e9si id\u0151re j\u00e1r\u00f3 t\u00e1voll\u00e9ti d\u00edjra, \u00e9s a v\u00e9gkiel\u00e9g\u00edt\u00e9sre is, ha ez ut\u00f3bbi jogosults\u00e1gi felt\u00e9telei egy\u00e9bk\u00e9nt fenn\u00e1llnak. Ha a munkav\u00e1llal\u00f3 nem kapja meg b\u00e9r\u00e9t az el\u0151\u00edrt hat\u00e1rid\u0151re \u00e9s fizet\u00e9s k\u00f6telezetts\u00e9g\u00e9nek a munk\u00e1ltat\u00f3 a munkav\u00e1llal\u00f3 jelz\u00e9se ellen\u00e9re sem tesz eleget, a munkav\u00e1llal\u00f3 fizet\u00e9si meghagy\u00e1sos elj\u00e1r\u00e1st kezdem\u00e9nyezhet a munk\u00e1ltat\u00f3val szemben. Ha a munk\u00e1ltat\u00f3 a fizet\u00e9si meghagy\u00e1s k\u00e9zbes\u00edt\u00e9st\u0151l sz\u00e1m\u00edtott 15 napon bel\u00fcl nem mond ellent, akkor az a 16. napon joger\u0151s \u00e9s v\u00e9grehajthat\u00f3 lesz. Hat\u00e1rid\u0151n bel\u00fcli ellentmond\u00e1s eset\u00e9n, azaz, ha a munk\u00e1ltat\u00f3 vitatja a k\u00f6vetel\u00e9st, az elj\u00e1r\u00e1s perr\u00e9 alakul \u00e9s b\u00edr\u00f3s\u00e1gon peres elj\u00e1r\u00e1s keret\u00e9ben folytat\u00f3dik tov\u00e1bb.<\/p>\n<p>&nbsp;<\/p>\n<p>Forr\u00e1s: hrportal.hu<\/p>\n","protected":false},"excerpt":{"rendered":"<p>A Munka T\u00f6rv\u00e9nyk\u00f6nyve alapj\u00e1n m\u00edg a munkav\u00e1llal\u00f3 k\u00f6teles a munk\u00e1ltat\u00f3 \u00e1ltal el\u0151\u00edrt helyen \u00e9s id\u0151ben, munk\u00e1ra k\u00e9pes \u00e1llapotban, azaz kell\u0151en kipihenten \u00e9s eg\u00e9szs\u00e9gesen megjelenni, a munk\u00e1ltat\u00f3 egyik alap k\u00f6telezetts\u00e9ge a munkab\u00e9r megfizet\u00e9se. Felmondhatok-e azonnali hat\u00e1llyal, ha a munk\u00e1ltat\u00f3 k\u00e9sett a fizet\u00e9ssel 3 napot.\u00a0 K\u00f6tb\u00e9rt kell fizetnie? Nem jelezte, de tudta, hogy nem fog utalni. SMS [&hellip;]<\/p>\n","protected":false},"author":1,"featured_media":4956,"comment_status":"open","ping_status":"open","sticky":false,"template":"","format":"standard","meta":{"_monsterinsights_skip_tracking":false,"footnotes":""},"categories":[200],"tags":[],"class_list":["post-4955","post","type-post","status-publish","format-standard","has-post-thumbnail","hentry","category-munkaeropiac"],"aioseo_notices":[],"aioseo_head":"\n\t\t<!-- All in One SEO 5.0.0.1 - aioseo.com -->\n\t<meta name=\"description\" content=\"A Munka T\u00f6rv\u00e9nyk\u00f6nyve alapj\u00e1n m\u00edg a munkav\u00e1llal\u00f3 k\u00f6teles a munk\u00e1ltat\u00f3 \u00e1ltal el\u0151\u00edrt helyen \u00e9s id\u0151ben, munk\u00e1ra k\u00e9pes \u00e1llapotban, azaz kell\u0151en kipihenten \u00e9s eg\u00e9szs\u00e9gesen megjelenni, a munk\u00e1ltat\u00f3 egyik alap k\u00f6telezetts\u00e9ge a munkab\u00e9r megfizet\u00e9se. Felmondhatok-e azonnali hat\u00e1llyal, ha a munk\u00e1ltat\u00f3 k\u00e9sett a fizet\u00e9ssel 3 napot. K\u00f6tb\u00e9rt kell fizetnie? Nem jelezte, de tudta, hogy nem fog utalni. SMS\" \/>\n\t<meta name=\"robots\" content=\"max-image-preview:large\" \/>\n\t<meta name=\"author\" content=\"Juh\u00e1sz P\u00e9ter\"\/>\n\t<link rel=\"canonical\" href=\"https:\/\/allasorias.hu\/hirek\/hogyan-valjak-el-a-munkahelyemtol\/\" \/>\n\t<meta name=\"generator\" content=\"All in One SEO (AIOSEO) 5.0.0.1\" \/>\n\t\t<meta property=\"og:locale\" content=\"hu_HU\" \/>\n\t\t<meta property=\"og:site_name\" content=\"AllasOrias.hu | H\u00edrek-lapszemle | \u00dczleti h\u00edrek az \u00e1ll\u00e1s \u00e9s a munka vil\u00e1g\u00e1b\u00f3l\" \/>\n\t\t<meta property=\"og:type\" content=\"article\" \/>\n\t\t<meta property=\"og:title\" content=\"Hogyan v\u00e1ljak el a munkahelyemt\u0151l ? | AllasOrias.hu | H\u00edrek-lapszemle\" \/>\n\t\t<meta property=\"og:description\" content=\"A Munka T\u00f6rv\u00e9nyk\u00f6nyve alapj\u00e1n m\u00edg a munkav\u00e1llal\u00f3 k\u00f6teles a munk\u00e1ltat\u00f3 \u00e1ltal el\u0151\u00edrt helyen \u00e9s id\u0151ben, munk\u00e1ra k\u00e9pes \u00e1llapotban, azaz kell\u0151en kipihenten \u00e9s eg\u00e9szs\u00e9gesen megjelenni, a munk\u00e1ltat\u00f3 egyik alap k\u00f6telezetts\u00e9ge a munkab\u00e9r megfizet\u00e9se. Felmondhatok-e azonnali hat\u00e1llyal, ha a munk\u00e1ltat\u00f3 k\u00e9sett a fizet\u00e9ssel 3 napot. K\u00f6tb\u00e9rt kell fizetnie? Nem jelezte, de tudta, hogy nem fog utalni. SMS\" \/>\n\t\t<meta property=\"og:url\" content=\"https:\/\/allasorias.hu\/hirek\/hogyan-valjak-el-a-munkahelyemtol\/\" \/>\n\t\t<meta property=\"og:image\" content=\"https:\/\/allasorias.hu\/hirek\/wp-content\/uploads\/2021\/08\/fired-worker-with-personal-things-table.jpg\" \/>\n\t\t<meta property=\"og:image:secure_url\" content=\"https:\/\/allasorias.hu\/hirek\/wp-content\/uploads\/2021\/08\/fired-worker-with-personal-things-table.jpg\" \/>\n\t\t<meta property=\"og:image:width\" content=\"1920\" \/>\n\t\t<meta property=\"og:image:height\" content=\"1280\" \/>\n\t\t<meta property=\"article:published_time\" content=\"2021-08-02T07:39:24+00:00\" \/>\n\t\t<meta property=\"article:modified_time\" content=\"2021-08-02T07:39:24+00:00\" \/>\n\t\t<meta property=\"article:publisher\" content=\"https:\/\/www.facebook.com\/allasorias\" \/>\n\t\t<meta name=\"twitter:card\" content=\"summary_large_image\" \/>\n\t\t<meta name=\"twitter:title\" content=\"Hogyan v\u00e1ljak el a munkahelyemt\u0151l ? | AllasOrias.hu | H\u00edrek-lapszemle\" \/>\n\t\t<meta name=\"twitter:description\" content=\"A Munka T\u00f6rv\u00e9nyk\u00f6nyve alapj\u00e1n m\u00edg a munkav\u00e1llal\u00f3 k\u00f6teles a munk\u00e1ltat\u00f3 \u00e1ltal el\u0151\u00edrt helyen \u00e9s id\u0151ben, munk\u00e1ra k\u00e9pes \u00e1llapotban, azaz kell\u0151en kipihenten \u00e9s eg\u00e9szs\u00e9gesen megjelenni, a munk\u00e1ltat\u00f3 egyik alap k\u00f6telezetts\u00e9ge a munkab\u00e9r megfizet\u00e9se. Felmondhatok-e azonnali hat\u00e1llyal, ha a munk\u00e1ltat\u00f3 k\u00e9sett a fizet\u00e9ssel 3 napot. K\u00f6tb\u00e9rt kell fizetnie? Nem jelezte, de tudta, hogy nem fog utalni. SMS\" \/>\n\t\t<meta name=\"twitter:image\" content=\"https:\/\/allasorias.hu\/hirek\/wp-content\/uploads\/2021\/08\/fired-worker-with-personal-things-table.jpg\" \/>\n\t\t<meta name=\"twitter:label1\" content=\"Written by\" \/>\n\t\t<meta name=\"twitter:data1\" content=\"Juh\u00e1sz P\u00e9ter\" \/>\n\t\t<meta name=\"twitter:label2\" content=\"Est. reading time\" \/>\n\t\t<meta name=\"twitter:data2\" content=\"3 minutes\" \/>\n\t\t<script type=\"application\/ld+json\" class=\"aioseo-schema\">\n\t\t\t{\"@context\":\"https:\\\/\\\/schema.org\",\"@graph\":[{\"@type\":\"Article\",\"@id\":\"https:\\\/\\\/allasorias.hu\\\/hirek\\\/hogyan-valjak-el-a-munkahelyemtol\\\/#article\",\"name\":\"Hogyan v\\u00e1ljak el a munkahelyemt\\u0151l ? | AllasOrias.hu | H\\u00edrek-lapszemle\",\"headline\":\"Hogyan v\\u00e1ljak el a munkahelyemt\\u0151l ?\",\"author\":{\"@id\":\"https:\\\/\\\/allasorias.hu\\\/hirek\\\/author\\\/admin-allasorias\\\/#author\"},\"publisher\":{\"@id\":\"https:\\\/\\\/allasorias.hu\\\/hirek\\\/#organization\"},\"image\":{\"@type\":\"ImageObject\",\"url\":\"https:\\\/\\\/allasorias.hu\\\/hirek\\\/wp-content\\\/uploads\\\/2021\\\/08\\\/fired-worker-with-personal-things-table.jpg\",\"width\":1920,\"height\":1280,\"caption\":\"Fired worker with personal things at table\"},\"datePublished\":\"2021-08-02T07:39:24+02:00\",\"dateModified\":\"2021-08-02T07:39:24+02:00\",\"inLanguage\":\"hu-HU\",\"mainEntityOfPage\":{\"@id\":\"https:\\\/\\\/allasorias.hu\\\/hirek\\\/hogyan-valjak-el-a-munkahelyemtol\\\/#webpage\"},\"isPartOf\":{\"@id\":\"https:\\\/\\\/allasorias.hu\\\/hirek\\\/hogyan-valjak-el-a-munkahelyemtol\\\/#webpage\"},\"articleSection\":\"Munkaer\\u0151piac\"},{\"@type\":\"BreadcrumbList\",\"@id\":\"https:\\\/\\\/allasorias.hu\\\/hirek\\\/hogyan-valjak-el-a-munkahelyemtol\\\/#breadcrumblist\",\"itemListElement\":[{\"@type\":\"ListItem\",\"@id\":\"https:\\\/\\\/allasorias.hu\\\/hirek#listItem\",\"position\":1,\"name\":\"Home\",\"item\":\"https:\\\/\\\/allasorias.hu\\\/hirek\",\"nextItem\":{\"@type\":\"ListItem\",\"@id\":\"https:\\\/\\\/allasorias.hu\\\/hirek\\\/temak\\\/munkaeropiac\\\/#listItem\",\"name\":\"Munkaer\\u0151piac\"}},{\"@type\":\"ListItem\",\"@id\":\"https:\\\/\\\/allasorias.hu\\\/hirek\\\/temak\\\/munkaeropiac\\\/#listItem\",\"position\":2,\"name\":\"Munkaer\\u0151piac\",\"item\":\"https:\\\/\\\/allasorias.hu\\\/hirek\\\/temak\\\/munkaeropiac\\\/\",\"nextItem\":{\"@type\":\"ListItem\",\"@id\":\"https:\\\/\\\/allasorias.hu\\\/hirek\\\/hogyan-valjak-el-a-munkahelyemtol\\\/#listItem\",\"name\":\"Hogyan v\\u00e1ljak el a munkahelyemt\\u0151l ?\"},\"previousItem\":{\"@type\":\"ListItem\",\"@id\":\"https:\\\/\\\/allasorias.hu\\\/hirek#listItem\",\"name\":\"Home\"}},{\"@type\":\"ListItem\",\"@id\":\"https:\\\/\\\/allasorias.hu\\\/hirek\\\/hogyan-valjak-el-a-munkahelyemtol\\\/#listItem\",\"position\":3,\"name\":\"Hogyan v\\u00e1ljak el a munkahelyemt\\u0151l ?\",\"previousItem\":{\"@type\":\"ListItem\",\"@id\":\"https:\\\/\\\/allasorias.hu\\\/hirek\\\/temak\\\/munkaeropiac\\\/#listItem\",\"name\":\"Munkaer\\u0151piac\"}}]},{\"@type\":\"Organization\",\"@id\":\"https:\\\/\\\/allasorias.hu\\\/hirek\\\/#organization\",\"name\":\"AllasOrias.hu | H\\u00edrek-lapszemle\",\"description\":\"\\u00dczleti h\\u00edrek az \\u00e1ll\\u00e1s \\u00e9s a munka vil\\u00e1g\\u00e1b\\u00f3l\",\"url\":\"https:\\\/\\\/allasorias.hu\\\/hirek\\\/\",\"logo\":{\"@type\":\"ImageObject\",\"url\":\"https:\\\/\\\/allasorias.hu\\\/hirek\\\/wp-content\\\/uploads\\\/2022\\\/10\\\/allasorias_site_facebok_logo.png\",\"@id\":\"https:\\\/\\\/allasorias.hu\\\/hirek\\\/hogyan-valjak-el-a-munkahelyemtol\\\/#organizationLogo\"},\"image\":{\"@id\":\"https:\\\/\\\/allasorias.hu\\\/hirek\\\/hogyan-valjak-el-a-munkahelyemtol\\\/#organizationLogo\"},\"sameAs\":[\"https:\\\/\\\/www.facebook.com\\\/allasorias\",\"https:\\\/\\\/www.linkedin.com\\\/company\\\/allasorias\"]},{\"@type\":\"Person\",\"@id\":\"https:\\\/\\\/allasorias.hu\\\/hirek\\\/author\\\/admin-allasorias\\\/#author\",\"url\":\"https:\\\/\\\/allasorias.hu\\\/hirek\\\/author\\\/admin-allasorias\\\/\",\"name\":\"Juh\\u00e1sz P\\u00e9ter\",\"image\":{\"@type\":\"ImageObject\",\"@id\":\"https:\\\/\\\/allasorias.hu\\\/hirek\\\/hogyan-valjak-el-a-munkahelyemtol\\\/#authorImage\",\"url\":\"https:\\\/\\\/secure.gravatar.com\\\/avatar\\\/36e6bcb83148978b992977cb0f54d22feb0cce8a0a849a9410532bb2623ba4c6?s=96&d=mm&r=g\",\"width\":96,\"height\":96,\"caption\":\"Juh\\u00e1sz P\\u00e9ter\"}},{\"@type\":\"WebPage\",\"@id\":\"https:\\\/\\\/allasorias.hu\\\/hirek\\\/hogyan-valjak-el-a-munkahelyemtol\\\/#webpage\",\"url\":\"https:\\\/\\\/allasorias.hu\\\/hirek\\\/hogyan-valjak-el-a-munkahelyemtol\\\/\",\"name\":\"Hogyan v\\u00e1ljak el a munkahelyemt\\u0151l ? | AllasOrias.hu | H\\u00edrek-lapszemle\",\"description\":\"A Munka T\\u00f6rv\\u00e9nyk\\u00f6nyve alapj\\u00e1n m\\u00edg a munkav\\u00e1llal\\u00f3 k\\u00f6teles a munk\\u00e1ltat\\u00f3 \\u00e1ltal el\\u0151\\u00edrt helyen \\u00e9s id\\u0151ben, munk\\u00e1ra k\\u00e9pes \\u00e1llapotban, azaz kell\\u0151en kipihenten \\u00e9s eg\\u00e9szs\\u00e9gesen megjelenni, a munk\\u00e1ltat\\u00f3 egyik alap k\\u00f6telezetts\\u00e9ge a munkab\\u00e9r megfizet\\u00e9se. Felmondhatok-e azonnali hat\\u00e1llyal, ha a munk\\u00e1ltat\\u00f3 k\\u00e9sett a fizet\\u00e9ssel 3 napot. K\\u00f6tb\\u00e9rt kell fizetnie? Nem jelezte, de tudta, hogy nem fog utalni. SMS\",\"inLanguage\":\"hu-HU\",\"isPartOf\":{\"@id\":\"https:\\\/\\\/allasorias.hu\\\/hirek\\\/#website\"},\"breadcrumb\":{\"@id\":\"https:\\\/\\\/allasorias.hu\\\/hirek\\\/hogyan-valjak-el-a-munkahelyemtol\\\/#breadcrumblist\"},\"author\":{\"@id\":\"https:\\\/\\\/allasorias.hu\\\/hirek\\\/author\\\/admin-allasorias\\\/#author\"},\"creator\":{\"@id\":\"https:\\\/\\\/allasorias.hu\\\/hirek\\\/author\\\/admin-allasorias\\\/#author\"},\"image\":{\"@type\":\"ImageObject\",\"url\":\"https:\\\/\\\/allasorias.hu\\\/hirek\\\/wp-content\\\/uploads\\\/2021\\\/08\\\/fired-worker-with-personal-things-table.jpg\",\"@id\":\"https:\\\/\\\/allasorias.hu\\\/hirek\\\/hogyan-valjak-el-a-munkahelyemtol\\\/#mainImage\",\"width\":1920,\"height\":1280,\"caption\":\"Fired worker with personal things at table\"},\"primaryImageOfPage\":{\"@id\":\"https:\\\/\\\/allasorias.hu\\\/hirek\\\/hogyan-valjak-el-a-munkahelyemtol\\\/#mainImage\"},\"datePublished\":\"2021-08-02T07:39:24+02:00\",\"dateModified\":\"2021-08-02T07:39:24+02:00\"},{\"@type\":\"WebSite\",\"@id\":\"https:\\\/\\\/allasorias.hu\\\/hirek\\\/#website\",\"url\":\"https:\\\/\\\/allasorias.hu\\\/hirek\\\/\",\"name\":\"AllasOrias.hu | H\\u00edrek-lapszemle\",\"description\":\"\\u00dczleti h\\u00edrek az \\u00e1ll\\u00e1s \\u00e9s a munka vil\\u00e1g\\u00e1b\\u00f3l\",\"inLanguage\":\"hu-HU\",\"publisher\":{\"@id\":\"https:\\\/\\\/allasorias.hu\\\/hirek\\\/#organization\"}}]}\n\t\t<\/script>\n\t\t<!-- All in One SEO -->\n\n","aioseo_head_json":{"title":"Hogyan v\u00e1ljak el a munkahelyemt\u0151l ? | AllasOrias.hu | H\u00edrek-lapszemle","description":"A Munka T\u00f6rv\u00e9nyk\u00f6nyve alapj\u00e1n m\u00edg a munkav\u00e1llal\u00f3 k\u00f6teles a munk\u00e1ltat\u00f3 \u00e1ltal el\u0151\u00edrt helyen \u00e9s id\u0151ben, munk\u00e1ra k\u00e9pes \u00e1llapotban, azaz kell\u0151en kipihenten \u00e9s eg\u00e9szs\u00e9gesen megjelenni, a munk\u00e1ltat\u00f3 egyik alap k\u00f6telezetts\u00e9ge a munkab\u00e9r megfizet\u00e9se. Felmondhatok-e azonnali hat\u00e1llyal, ha a munk\u00e1ltat\u00f3 k\u00e9sett a fizet\u00e9ssel 3 napot. K\u00f6tb\u00e9rt kell fizetnie? Nem jelezte, de tudta, hogy nem fog utalni. SMS","canonical_url":"https:\/\/allasorias.hu\/hirek\/hogyan-valjak-el-a-munkahelyemtol\/","robots":"max-image-preview:large","keywords":"","webmasterTools":{"miscellaneous":""},"schema":{"@context":"https:\/\/schema.org","@graph":[{"@type":"Article","@id":"https:\/\/allasorias.hu\/hirek\/hogyan-valjak-el-a-munkahelyemtol\/#article","name":"Hogyan v\u00e1ljak el a munkahelyemt\u0151l ? | AllasOrias.hu | H\u00edrek-lapszemle","headline":"Hogyan v\u00e1ljak el a munkahelyemt\u0151l ?","author":{"@id":"https:\/\/allasorias.hu\/hirek\/author\/admin-allasorias\/#author"},"publisher":{"@id":"https:\/\/allasorias.hu\/hirek\/#organization"},"image":{"@type":"ImageObject","url":"https:\/\/allasorias.hu\/hirek\/wp-content\/uploads\/2021\/08\/fired-worker-with-personal-things-table.jpg","width":1920,"height":1280,"caption":"Fired worker with personal things at table"},"datePublished":"2021-08-02T07:39:24+02:00","dateModified":"2021-08-02T07:39:24+02:00","inLanguage":"hu-HU","mainEntityOfPage":{"@id":"https:\/\/allasorias.hu\/hirek\/hogyan-valjak-el-a-munkahelyemtol\/#webpage"},"isPartOf":{"@id":"https:\/\/allasorias.hu\/hirek\/hogyan-valjak-el-a-munkahelyemtol\/#webpage"},"articleSection":"Munkaer\u0151piac"},{"@type":"BreadcrumbList","@id":"https:\/\/allasorias.hu\/hirek\/hogyan-valjak-el-a-munkahelyemtol\/#breadcrumblist","itemListElement":[{"@type":"ListItem","@id":"https:\/\/allasorias.hu\/hirek#listItem","position":1,"name":"Home","item":"https:\/\/allasorias.hu\/hirek","nextItem":{"@type":"ListItem","@id":"https:\/\/allasorias.hu\/hirek\/temak\/munkaeropiac\/#listItem","name":"Munkaer\u0151piac"}},{"@type":"ListItem","@id":"https:\/\/allasorias.hu\/hirek\/temak\/munkaeropiac\/#listItem","position":2,"name":"Munkaer\u0151piac","item":"https:\/\/allasorias.hu\/hirek\/temak\/munkaeropiac\/","nextItem":{"@type":"ListItem","@id":"https:\/\/allasorias.hu\/hirek\/hogyan-valjak-el-a-munkahelyemtol\/#listItem","name":"Hogyan v\u00e1ljak el a munkahelyemt\u0151l ?"},"previousItem":{"@type":"ListItem","@id":"https:\/\/allasorias.hu\/hirek#listItem","name":"Home"}},{"@type":"ListItem","@id":"https:\/\/allasorias.hu\/hirek\/hogyan-valjak-el-a-munkahelyemtol\/#listItem","position":3,"name":"Hogyan v\u00e1ljak el a munkahelyemt\u0151l ?","previousItem":{"@type":"ListItem","@id":"https:\/\/allasorias.hu\/hirek\/temak\/munkaeropiac\/#listItem","name":"Munkaer\u0151piac"}}]},{"@type":"Organization","@id":"https:\/\/allasorias.hu\/hirek\/#organization","name":"AllasOrias.hu | H\u00edrek-lapszemle","description":"\u00dczleti h\u00edrek az \u00e1ll\u00e1s \u00e9s a munka vil\u00e1g\u00e1b\u00f3l","url":"https:\/\/allasorias.hu\/hirek\/","logo":{"@type":"ImageObject","url":"https:\/\/allasorias.hu\/hirek\/wp-content\/uploads\/2022\/10\/allasorias_site_facebok_logo.png","@id":"https:\/\/allasorias.hu\/hirek\/hogyan-valjak-el-a-munkahelyemtol\/#organizationLogo"},"image":{"@id":"https:\/\/allasorias.hu\/hirek\/hogyan-valjak-el-a-munkahelyemtol\/#organizationLogo"},"sameAs":["https:\/\/www.facebook.com\/allasorias","https:\/\/www.linkedin.com\/company\/allasorias"]},{"@type":"Person","@id":"https:\/\/allasorias.hu\/hirek\/author\/admin-allasorias\/#author","url":"https:\/\/allasorias.hu\/hirek\/author\/admin-allasorias\/","name":"Juh\u00e1sz P\u00e9ter","image":{"@type":"ImageObject","@id":"https:\/\/allasorias.hu\/hirek\/hogyan-valjak-el-a-munkahelyemtol\/#authorImage","url":"https:\/\/secure.gravatar.com\/avatar\/36e6bcb83148978b992977cb0f54d22feb0cce8a0a849a9410532bb2623ba4c6?s=96&d=mm&r=g","width":96,"height":96,"caption":"Juh\u00e1sz P\u00e9ter"}},{"@type":"WebPage","@id":"https:\/\/allasorias.hu\/hirek\/hogyan-valjak-el-a-munkahelyemtol\/#webpage","url":"https:\/\/allasorias.hu\/hirek\/hogyan-valjak-el-a-munkahelyemtol\/","name":"Hogyan v\u00e1ljak el a munkahelyemt\u0151l ? | AllasOrias.hu | H\u00edrek-lapszemle","description":"A Munka T\u00f6rv\u00e9nyk\u00f6nyve alapj\u00e1n m\u00edg a munkav\u00e1llal\u00f3 k\u00f6teles a munk\u00e1ltat\u00f3 \u00e1ltal el\u0151\u00edrt helyen \u00e9s id\u0151ben, munk\u00e1ra k\u00e9pes \u00e1llapotban, azaz kell\u0151en kipihenten \u00e9s eg\u00e9szs\u00e9gesen megjelenni, a munk\u00e1ltat\u00f3 egyik alap k\u00f6telezetts\u00e9ge a munkab\u00e9r megfizet\u00e9se. Felmondhatok-e azonnali hat\u00e1llyal, ha a munk\u00e1ltat\u00f3 k\u00e9sett a fizet\u00e9ssel 3 napot. K\u00f6tb\u00e9rt kell fizetnie? Nem jelezte, de tudta, hogy nem fog utalni. SMS","inLanguage":"hu-HU","isPartOf":{"@id":"https:\/\/allasorias.hu\/hirek\/#website"},"breadcrumb":{"@id":"https:\/\/allasorias.hu\/hirek\/hogyan-valjak-el-a-munkahelyemtol\/#breadcrumblist"},"author":{"@id":"https:\/\/allasorias.hu\/hirek\/author\/admin-allasorias\/#author"},"creator":{"@id":"https:\/\/allasorias.hu\/hirek\/author\/admin-allasorias\/#author"},"image":{"@type":"ImageObject","url":"https:\/\/allasorias.hu\/hirek\/wp-content\/uploads\/2021\/08\/fired-worker-with-personal-things-table.jpg","@id":"https:\/\/allasorias.hu\/hirek\/hogyan-valjak-el-a-munkahelyemtol\/#mainImage","width":1920,"height":1280,"caption":"Fired worker with personal things at table"},"primaryImageOfPage":{"@id":"https:\/\/allasorias.hu\/hirek\/hogyan-valjak-el-a-munkahelyemtol\/#mainImage"},"datePublished":"2021-08-02T07:39:24+02:00","dateModified":"2021-08-02T07:39:24+02:00"},{"@type":"WebSite","@id":"https:\/\/allasorias.hu\/hirek\/#website","url":"https:\/\/allasorias.hu\/hirek\/","name":"AllasOrias.hu | H\u00edrek-lapszemle","description":"\u00dczleti h\u00edrek az \u00e1ll\u00e1s \u00e9s a munka vil\u00e1g\u00e1b\u00f3l","inLanguage":"hu-HU","publisher":{"@id":"https:\/\/allasorias.hu\/hirek\/#organization"}}]},"og:locale":"hu_HU","og:site_name":"AllasOrias.hu | H\u00edrek-lapszemle | \u00dczleti h\u00edrek az \u00e1ll\u00e1s \u00e9s a munka vil\u00e1g\u00e1b\u00f3l","og:type":"article","og:title":"Hogyan v\u00e1ljak el a munkahelyemt\u0151l ? | AllasOrias.hu | H\u00edrek-lapszemle","og:description":"A Munka T\u00f6rv\u00e9nyk\u00f6nyve alapj\u00e1n m\u00edg a munkav\u00e1llal\u00f3 k\u00f6teles a munk\u00e1ltat\u00f3 \u00e1ltal el\u0151\u00edrt helyen \u00e9s id\u0151ben, munk\u00e1ra k\u00e9pes \u00e1llapotban, azaz kell\u0151en kipihenten \u00e9s eg\u00e9szs\u00e9gesen megjelenni, a munk\u00e1ltat\u00f3 egyik alap k\u00f6telezetts\u00e9ge a munkab\u00e9r megfizet\u00e9se. Felmondhatok-e azonnali hat\u00e1llyal, ha a munk\u00e1ltat\u00f3 k\u00e9sett a fizet\u00e9ssel 3 napot. K\u00f6tb\u00e9rt kell fizetnie? Nem jelezte, de tudta, hogy nem fog utalni. SMS","og:url":"https:\/\/allasorias.hu\/hirek\/hogyan-valjak-el-a-munkahelyemtol\/","og:image":"https:\/\/allasorias.hu\/hirek\/wp-content\/uploads\/2021\/08\/fired-worker-with-personal-things-table.jpg","og:image:secure_url":"https:\/\/allasorias.hu\/hirek\/wp-content\/uploads\/2021\/08\/fired-worker-with-personal-things-table.jpg","og:image:width":1920,"og:image:height":1280,"article:published_time":"2021-08-02T07:39:24+00:00","article:modified_time":"2021-08-02T07:39:24+00:00","article:publisher":"https:\/\/www.facebook.com\/allasorias","twitter:card":"summary_large_image","twitter:title":"Hogyan v\u00e1ljak el a munkahelyemt\u0151l ? | AllasOrias.hu | H\u00edrek-lapszemle","twitter:description":"A Munka T\u00f6rv\u00e9nyk\u00f6nyve alapj\u00e1n m\u00edg a munkav\u00e1llal\u00f3 k\u00f6teles a munk\u00e1ltat\u00f3 \u00e1ltal el\u0151\u00edrt helyen \u00e9s id\u0151ben, munk\u00e1ra k\u00e9pes \u00e1llapotban, azaz kell\u0151en kipihenten \u00e9s eg\u00e9szs\u00e9gesen megjelenni, a munk\u00e1ltat\u00f3 egyik alap k\u00f6telezetts\u00e9ge a munkab\u00e9r megfizet\u00e9se. Felmondhatok-e azonnali hat\u00e1llyal, ha a munk\u00e1ltat\u00f3 k\u00e9sett a fizet\u00e9ssel 3 napot. K\u00f6tb\u00e9rt kell fizetnie? Nem jelezte, de tudta, hogy nem fog utalni. SMS","twitter:image":"https:\/\/allasorias.hu\/hirek\/wp-content\/uploads\/2021\/08\/fired-worker-with-personal-things-table.jpg","twitter:label1":"Written by","twitter:data1":"Juh\u00e1sz P\u00e9ter","twitter:label2":"Est. reading time","twitter:data2":"3 minutes"},"aioseo_meta_data":{"post_id":"4955","title":null,"description":null,"keywords":[],"keyphrases":{"focus":[],"additional":[]},"primary_term":null,"canonical_url":null,"og_title":null,"og_description":null,"og_object_type":"default","og_image_type":"default","og_image_url":null,"og_image_width":null,"og_image_height":null,"og_image_custom_url":null,"og_image_custom_fields":null,"og_video":"","og_custom_url":null,"og_article_section":null,"og_article_tags":[],"twitter_use_og":false,"twitter_card":"default","twitter_image_type":"default","twitter_image_url":null,"twitter_image_custom_url":null,"twitter_image_custom_fields":null,"twitter_title":null,"twitter_description":null,"schema":{"blockGraphs":[],"customGraphs":[],"default":{"data":{"Article":[],"Course":[],"Dataset":[],"FAQPage":[],"Movie":[],"Person":[],"Product":[],"ProductReview":[],"Car":[],"Recipe":[],"Service":[],"SoftwareApplication":[],"WebPage":[]},"graphName":"","isEnabled":true},"graphs":[],"defaultGraph":"Article","defaultPostTypeGraph":""},"schema_type":"default","schema_type_options":"{\"article\":{\"articleType\":\"BlogPosting\"},\"course\":{\"name\":\"\",\"description\":\"\",\"provider\":\"\"},\"faq\":{\"pages\":[]},\"product\":{\"reviews\":[]},\"recipe\":{\"ingredients\":[],\"instructions\":[],\"keywords\":[]},\"software\":{\"reviews\":[],\"operatingSystems\":[]},\"webPage\":{\"webPageType\":\"WebPage\"}}","pillar_content":false,"robots_default":true,"robots_noindex":false,"robots_noarchive":false,"robots_nosnippet":false,"robots_nofollow":false,"robots_noimageindex":false,"robots_noodp":false,"robots_notranslate":false,"robots_max_snippet":"-1","robots_max_videopreview":"-1","robots_max_imagepreview":"large","priority":null,"frequency":"default","location":null,"local_seo":{"locations":{"business":{"name":"","businessType":"","image":"","areaServed":"","urls":{"website":"","aboutPage":"","contactPage":""},"address":{"streetLine1":"","streetLine2":"","zipCode":"","city":"","state":"","country":"","addressFormat":"#streetLineOne\n#streetLineTwo\n#city, #state #zipCode"},"contact":{"phone":"","email":"","fax":""},"ids":{"vat":"","tax":"","chamberOfCommerce":""},"payment":{"priceRange":"","currenciesAccepted":"","methods":""}}},"openingHours":{"useDefaults":true,"show":true,"alwaysOpen":false,"use24hFormat":false,"timezone":"","labels":{"closed":"","alwaysOpen":""},"days":{"monday":{"open24h":false,"closed":false,"openTime":"09:00","closeTime":"17:00"},"tuesday":{"open24h":false,"closed":false,"openTime":"09:00","closeTime":"17:00"},"wednesday":{"open24h":false,"closed":false,"openTime":"09:00","closeTime":"17:00"},"thursday":{"open24h":false,"closed":false,"openTime":"09:00","closeTime":"17:00"},"friday":{"open24h":false,"closed":false,"openTime":"09:00","closeTime":"17:00"},"saturday":{"open24h":false,"closed":false,"openTime":"09:00","closeTime":"17:00"},"sunday":{"open24h":false,"closed":false,"openTime":"09:00","closeTime":"17:00"}}}},"breadcrumb_settings":null,"limit_modified_date":false,"ai":null,"created":"2021-08-02 07:36:59","updated":"2025-10-02 16:01:17","seo_analyzer_scan_date":null,"focus_keyword":null,"additional_keywords":null,"truseo_locale":null},"aioseo_breadcrumb":"<div class=\"aioseo-breadcrumbs\"><span class=\"aioseo-breadcrumb\">\n\t\t\t<a href=\"https:\/\/allasorias.hu\/hirek\" title=\"Home\">Home<\/a>\n\t\t<\/span><span class=\"aioseo-breadcrumb-separator\">&raquo;<\/span><span class=\"aioseo-breadcrumb\">\n\t\t\t<a href=\"https:\/\/allasorias.hu\/hirek\/temak\/munkaeropiac\/\" title=\"Munkaer\u0151piac\">Munkaer\u0151piac<\/a>\n\t\t<\/span><span class=\"aioseo-breadcrumb-separator\">&raquo;<\/span><span class=\"aioseo-breadcrumb\">\n\t\t\tHogyan v\u00e1ljak el a munkahelyemt\u0151l ?\n\t\t<\/span><\/div>","aioseo_breadcrumb_json":[{"label":"Home","link":"https:\/\/allasorias.hu\/hirek"},{"label":"Munkaer\u0151piac","link":"https:\/\/allasorias.hu\/hirek\/temak\/munkaeropiac\/"},{"label":"Hogyan v\u00e1ljak el a munkahelyemt\u0151l ?","link":"https:\/\/allasorias.hu\/hirek\/hogyan-valjak-el-a-munkahelyemtol\/"}],"_links":{"self":[{"href":"https:\/\/allasorias.hu\/hirek\/wp-json\/wp\/v2\/posts\/4955","targetHints":{"allow":["GET"]}}],"collection":[{"href":"https:\/\/allasorias.hu\/hirek\/wp-json\/wp\/v2\/posts"}],"about":[{"href":"https:\/\/allasorias.hu\/hirek\/wp-json\/wp\/v2\/types\/post"}],"author":[{"embeddable":true,"href":"https:\/\/allasorias.hu\/hirek\/wp-json\/wp\/v2\/users\/1"}],"replies":[{"embeddable":true,"href":"https:\/\/allasorias.hu\/hirek\/wp-json\/wp\/v2\/comments?post=4955"}],"version-history":[{"count":1,"href":"https:\/\/allasorias.hu\/hirek\/wp-json\/wp\/v2\/posts\/4955\/revisions"}],"predecessor-version":[{"id":4957,"href":"https:\/\/allasorias.hu\/hirek\/wp-json\/wp\/v2\/posts\/4955\/revisions\/4957"}],"wp:featuredmedia":[{"embeddable":true,"href":"https:\/\/allasorias.hu\/hirek\/wp-json\/wp\/v2\/media\/4956"}],"wp:attachment":[{"href":"https:\/\/allasorias.hu\/hirek\/wp-json\/wp\/v2\/media?parent=4955"}],"wp:term":[{"taxonomy":"category","embeddable":true,"href":"https:\/\/allasorias.hu\/hirek\/wp-json\/wp\/v2\/categories?post=4955"},{"taxonomy":"post_tag","embeddable":true,"href":"https:\/\/allasorias.hu\/hirek\/wp-json\/wp\/v2\/tags?post=4955"}],"curies":[{"name":"wp","href":"https:\/\/api.w.org\/{rel}","templated":true}]}}