{"id":4920,"date":"2021-07-16T09:48:07","date_gmt":"2021-07-16T09:48:07","guid":{"rendered":"https:\/\/allasorias.hu\/hirek\/?p=4920"},"modified":"2021-07-16T09:48:07","modified_gmt":"2021-07-16T09:48:07","slug":"tobb-allast-hirdetnek","status":"publish","type":"post","link":"https:\/\/allasorias.hu\/hirek\/tobb-allast-hirdetnek\/","title":{"rendered":"T\u00f6bb \u00e1ll\u00e1st hirdetnek"},"content":{"rendered":"<p><strong>A legfrissebb adatok alapj\u00e1n j\u00f3l l\u00e1that\u00f3 ugr\u00e1s rajzol\u00f3dik ki a feladott hirdet\u00e9sek sz\u00e1m\u00e1t tekintve: 66 sz\u00e1zal\u00e9kkal t\u00f6bb c\u00e9g hirdetett meg bet\u00f6lt\u00e9sre v\u00e1r\u00f3 poz\u00edci\u00f3t, mint tavaly ilyenkor Az idei \u00e9vben er\u0151s konszolid\u00e1ci\u00f3 indult el a munkaer\u0151piacon, ami a pand\u00e9mia el\u0151tti, 2019-es \u00e1llapot fel\u00e9 mutat. Az els\u0151 negyed\u00e9vben m\u00e1r k\u00f6rvonalaz\u00f3dott a v\u00e1rhat\u00f3 visszarendez\u0151d\u00e9s, stabiliz\u00e1l\u00f3dott a helyzet, majd meredek n\u00f6veked\u00e9s kezd\u0151d\u00f6tt az \u00e1ll\u00e1shirdet\u00e9sek sz\u00e1m\u00e1ban: egy\u00e9rtelm\u0171v\u00e9 v\u00e1lt, hogy a v\u00edrus harmadik hull\u00e1ma v\u00e9g\u00fcl m\u00e9gsem r\u00e1zta meg annyira a piacot, mint ahogyan arra az el\u0151rejelz\u00e9sek alapj\u00e1n sz\u00e1m\u00edtani lehetett kor\u00e1bban \u2013 der\u00fcl ki a Profession.hu friss, m\u00e1sodik negyed\u00e9ves jelent\u00e9s\u00e9b\u0151l. <\/strong><\/p>\n<p>Magyarorsz\u00e1g vezet\u0151 \u00e1ll\u00e1sport\u00e1lja, a Profession.hu elk\u00e9sz\u00edtette m\u00e1sodik negyed\u00e9ves elemz\u00e9s\u00e9t a hazai munkaer\u0151piac helyzet\u00e9r\u0151l. A legfrissebb adatok alapj\u00e1n j\u00f3l l\u00e1that\u00f3 ugr\u00e1s rajzol\u00f3dik ki a feladott hirdet\u00e9sek sz\u00e1m\u00e1t tekintve: 66 sz\u00e1zal\u00e9kkal t\u00f6bb c\u00e9g hirdetett meg bet\u00f6lt\u00e9sre v\u00e1r\u00f3 poz\u00edci\u00f3t, mint tavaly ilyenkor. Fontos kiemelni, hogy am\u00edg a tavalyi ny\u00e1r kezdetekor szigor\u00fa szab\u00e1lyoz\u00e1sok, lez\u00e1r\u00e1sok voltak \u00e9rv\u00e9nyben, sz\u00e1mos gazdas\u00e1gi szerepl\u0151 pedig bizonytalanul v\u00e1rt, jegelve a munkaer\u0151-felv\u00e9telt, addig id\u00e9n a m\u00e1sodik negyed\u00e9vre stabiliz\u00e1l\u00f3dott a helyzet: a tavalyi \u00e9v azonos id\u0151szak\u00e1hoz k\u00e9pest k\u00f6zel k\u00e9t \u00e9s f\u00e9lszeres n\u00f6veked\u00e9st l\u00e1thatunk a hirdet\u00e9si sz\u00e1mok eset\u00e9ben. Ter\u00fcleti eloszl\u00e1s alapj\u00e1n Vas megy\u00e9ben t\u00f6rt\u00e9nt a legnagyobb, k\u00f6zel k\u00e9t \u00e9s f\u00e9lszeres n\u00f6veked\u00e9s a feladott hirdet\u00e9sek sz\u00e1m\u00e1ban az egy \u00e9vvel ezel\u0151tti id\u0151szakhoz k\u00e9pest, amit Fej\u00e9r \u00e9s Gy\u0151r-Moson-Sopron megye k\u00f6vetett nagyj\u00e1b\u00f3l k\u00e9tszeres emelked\u00e9ssel. A teljes megyei sorrendet B\u00e9k\u00e9s megye 81 sz\u00e1zal\u00e9kos, Tolna 73 sz\u00e1zal\u00e9kos \u00e9s N\u00f3gr\u00e1d 26 sz\u00e1zal\u00e9kos n\u00f6veked\u00e9ssel z\u00e1rja. A v\u00e1llalatok jelent\u0151sen megn\u00f6vekedett munkaer\u0151-felv\u00e9teli ig\u00e9ny\u00e9vel szemben azonban a jelentkez\u00e9sek volumene a j\u00e1rv\u00e1ny el\u0151tti, megszokottnak mondhat\u00f3 szintre m\u00e9rs\u00e9kl\u0151d\u00f6tt. \u00cdgy a tavalyi kiugr\u00f3 jelentkez\u00e9ssz\u00e1mhoz viszony\u00edtva id\u00e9n ny\u00e1r elej\u00e9n 11 sz\u00e1zal\u00e9kos cs\u00f6kken\u00e9s m\u00e9rhet\u0151, ami azonban m\u00e9g mindig 16 sz\u00e1zal\u00e9kkal magasabb a 2019-es \u00e9v ezen id\u0151szak\u00e1hoz k\u00e9pest. A legnagyobb n\u00f6veked\u00e9s a jelentkez\u00e9sek sz\u00e1m\u00e1ban Szabolcs-Szatm\u00e1r-Bereg (61 sz\u00e1zal\u00e9k), Baranya \u00e9s B\u00e9k\u00e9s megye (29-29 sz\u00e1zal\u00e9k) eset\u00e9ben l\u00e1that\u00f3, m\u00edg N\u00f3gr\u00e1dban 43 sz\u00e1zal\u00e9kkal, Pest megy\u00e9ben 21 sz\u00e1zal\u00e9kkal, a f\u0151v\u00e1rosban pedig 17 sz\u00e1zal\u00e9k visszaesett ez az \u00e9rt\u00e9k.Az \u00faj hirdet\u00e9sek sz\u00e1ma Borsod, Kom\u00e1rom-Esztergom, Gy\u0151r-Moson-Sopron, Fej\u00e9r \u00e9s Veszpr\u00e9m megy\u00e9ben a legkiugr\u00f3bb. A legmark\u00e1nsabb emelked\u00e9s ugyanazokban a kateg\u00f3ri\u00e1kban figyelhet\u0151 meg ezekn\u00e9l a t\u00e9rs\u00e9gekn\u00e9l: a fizikai, seg\u00e9d \u00e9s betan\u00edtott munka eset\u00e9ben k\u00f6zel h\u00e1romszoros n\u00f6veked\u00e9s tapasztalhat\u00f3 az el\u0151z\u0151 \u00e9v azonos id\u0151szak\u00e1hoz k\u00e9pest, a gy\u00e1rt\u00e1s, termel\u00e9s kateg\u00f3ri\u00e1ban megdupl\u00e1z\u00f3dott a feladott hirdet\u00e9sek sz\u00e1ma \u00e9s a szakmunk\u00e1soknak sz\u00f3l\u00f3 \u00faj poz\u00edci\u00f3k is majdnem megk\u00e9tszerez\u0151dtek. A tavalyi \u00e9v azonos id\u0151szak\u00e1hoz k\u00e9pest jelent\u0151s \u00e1talakul\u00e1s t\u00f6rt\u00e9nt a jelentkez\u0151sz\u00e1mban a legnagyobb ar\u00e1ny\u00fa n\u00f6veked\u00e9st mutat\u00f3 kateg\u00f3ri\u00e1k rangsor\u00e1ban. 2020-ban a pand\u00e9mia \u00e1ltal meghat\u00e1rozott ny\u00e1ri szezon bek\u00f6sz\u00f6nt\u00e9vel a turisztikai \u00e9s vend\u00e9gl\u00e1t\u00f3 ipar nem nyithatott, id\u00e9n azonban az \u00fajraindul\u00e1snak k\u00f6sz\u00f6nhet\u0151en a tavalyi \u00e9vhez k\u00e9pest kiemelked\u0151 m\u00e9rt\u00e9kben megn\u0151tt a meghirdetett poz\u00edci\u00f3kra beadott \u00f6n\u00e9letrajzok mennyis\u00e9ge a szektorban. A legnagyobb ar\u00e1ny\u00fa n\u00f6veked\u00e9st a vend\u00e9gl\u00e1t\u00e1s, hotel, idegenforgalom, a HR, munka\u00fcgy, valamint a marketing, m\u00e9dia, PR kateg\u00f3ri\u00e1k produk\u00e1lt\u00e1k. Ezzel p\u00e1rhuzamosan persze a vend\u00e9gl\u00e1t\u00e1s \u00e9s turizmus ter\u00fclet\u00e9n a hirdet\u00e9sek sz\u00e1ma is jelent\u0151sen megugrott: a tavalyi ny\u00e1ri szezon kezdet\u00e9hez k\u00e9pest t\u00f6bb, mint h\u00e1romszoros az emelked\u00e9s a bet\u00f6ltend\u0151 poz\u00edci\u00f3k tekintet\u00e9ben, \u00edgy mostanra er\u0151s munkaer\u0151hi\u00e1ny alakult ki az \u00e1gazatban.<\/p>\n<p>Forr\u00e1s: novekedes.hu<\/p>\n","protected":false},"excerpt":{"rendered":"<p>A legfrissebb adatok alapj\u00e1n j\u00f3l l\u00e1that\u00f3 ugr\u00e1s rajzol\u00f3dik ki a feladott hirdet\u00e9sek sz\u00e1m\u00e1t tekintve: 66 sz\u00e1zal\u00e9kkal t\u00f6bb c\u00e9g hirdetett meg bet\u00f6lt\u00e9sre v\u00e1r\u00f3 poz\u00edci\u00f3t, mint tavaly ilyenkor Az idei \u00e9vben er\u0151s konszolid\u00e1ci\u00f3 indult el a munkaer\u0151piacon, ami a pand\u00e9mia el\u0151tti, 2019-es \u00e1llapot fel\u00e9 mutat. Az els\u0151 negyed\u00e9vben m\u00e1r k\u00f6rvonalaz\u00f3dott a v\u00e1rhat\u00f3 visszarendez\u0151d\u00e9s, stabiliz\u00e1l\u00f3dott a helyzet, majd [&hellip;]<\/p>\n","protected":false},"author":1,"featured_media":4057,"comment_status":"open","ping_status":"open","sticky":false,"template":"","format":"standard","meta":{"_monsterinsights_skip_tracking":false,"footnotes":""},"categories":[200],"tags":[],"class_list":["post-4920","post","type-post","status-publish","format-standard","has-post-thumbnail","hentry","category-munkaeropiac"],"aioseo_notices":[],"aioseo_head":"\n\t\t<!-- All in One SEO 5.0.0.1 - aioseo.com -->\n\t<meta name=\"description\" content=\"A legfrissebb adatok alapj\u00e1n j\u00f3l l\u00e1that\u00f3 ugr\u00e1s rajzol\u00f3dik ki a feladott hirdet\u00e9sek sz\u00e1m\u00e1t tekintve: 66 sz\u00e1zal\u00e9kkal t\u00f6bb c\u00e9g hirdetett meg bet\u00f6lt\u00e9sre v\u00e1r\u00f3 poz\u00edci\u00f3t, mint tavaly ilyenkor Az idei \u00e9vben er\u0151s konszolid\u00e1ci\u00f3 indult el a munkaer\u0151piacon, ami a pand\u00e9mia el\u0151tti, 2019-es \u00e1llapot fel\u00e9 mutat. Az els\u0151 negyed\u00e9vben m\u00e1r k\u00f6rvonalaz\u00f3dott a v\u00e1rhat\u00f3 visszarendez\u0151d\u00e9s, stabiliz\u00e1l\u00f3dott a helyzet, majd\" \/>\n\t<meta name=\"robots\" content=\"max-image-preview:large\" \/>\n\t<meta name=\"author\" content=\"Juh\u00e1sz P\u00e9ter\"\/>\n\t<link rel=\"canonical\" href=\"https:\/\/allasorias.hu\/hirek\/tobb-allast-hirdetnek\/\" \/>\n\t<meta name=\"generator\" content=\"All in One SEO (AIOSEO) 5.0.0.1\" \/>\n\t\t<meta property=\"og:locale\" content=\"hu_HU\" \/>\n\t\t<meta property=\"og:site_name\" content=\"AllasOrias.hu | H\u00edrek-lapszemle | \u00dczleti h\u00edrek az \u00e1ll\u00e1s \u00e9s a munka vil\u00e1g\u00e1b\u00f3l\" \/>\n\t\t<meta property=\"og:type\" content=\"article\" \/>\n\t\t<meta property=\"og:title\" content=\"T\u00f6bb \u00e1ll\u00e1st hirdetnek | AllasOrias.hu | H\u00edrek-lapszemle\" \/>\n\t\t<meta property=\"og:description\" content=\"A legfrissebb adatok alapj\u00e1n j\u00f3l l\u00e1that\u00f3 ugr\u00e1s rajzol\u00f3dik ki a feladott hirdet\u00e9sek sz\u00e1m\u00e1t tekintve: 66 sz\u00e1zal\u00e9kkal t\u00f6bb c\u00e9g hirdetett meg bet\u00f6lt\u00e9sre v\u00e1r\u00f3 poz\u00edci\u00f3t, mint tavaly ilyenkor Az idei \u00e9vben er\u0151s konszolid\u00e1ci\u00f3 indult el a munkaer\u0151piacon, ami a pand\u00e9mia el\u0151tti, 2019-es \u00e1llapot fel\u00e9 mutat. Az els\u0151 negyed\u00e9vben m\u00e1r k\u00f6rvonalaz\u00f3dott a v\u00e1rhat\u00f3 visszarendez\u0151d\u00e9s, stabiliz\u00e1l\u00f3dott a helyzet, majd\" \/>\n\t\t<meta property=\"og:url\" content=\"https:\/\/allasorias.hu\/hirek\/tobb-allast-hirdetnek\/\" \/>\n\t\t<meta property=\"og:image\" content=\"https:\/\/allasorias.hu\/hirek\/wp-content\/uploads\/2020\/06\/5401.jpg\" \/>\n\t\t<meta property=\"og:image:secure_url\" content=\"https:\/\/allasorias.hu\/hirek\/wp-content\/uploads\/2020\/06\/5401.jpg\" \/>\n\t\t<meta property=\"og:image:width\" content=\"800\" \/>\n\t\t<meta property=\"og:image:height\" content=\"446\" \/>\n\t\t<meta property=\"article:published_time\" content=\"2021-07-16T09:48:07+00:00\" \/>\n\t\t<meta property=\"article:modified_time\" content=\"2021-07-16T09:48:07+00:00\" \/>\n\t\t<meta property=\"article:publisher\" content=\"https:\/\/www.facebook.com\/allasorias\" \/>\n\t\t<meta name=\"twitter:card\" content=\"summary_large_image\" \/>\n\t\t<meta name=\"twitter:title\" content=\"T\u00f6bb \u00e1ll\u00e1st hirdetnek | AllasOrias.hu | H\u00edrek-lapszemle\" \/>\n\t\t<meta name=\"twitter:description\" content=\"A legfrissebb adatok alapj\u00e1n j\u00f3l l\u00e1that\u00f3 ugr\u00e1s rajzol\u00f3dik ki a feladott hirdet\u00e9sek sz\u00e1m\u00e1t tekintve: 66 sz\u00e1zal\u00e9kkal t\u00f6bb c\u00e9g hirdetett meg bet\u00f6lt\u00e9sre v\u00e1r\u00f3 poz\u00edci\u00f3t, mint tavaly ilyenkor Az idei \u00e9vben er\u0151s konszolid\u00e1ci\u00f3 indult el a munkaer\u0151piacon, ami a pand\u00e9mia el\u0151tti, 2019-es \u00e1llapot fel\u00e9 mutat. Az els\u0151 negyed\u00e9vben m\u00e1r k\u00f6rvonalaz\u00f3dott a v\u00e1rhat\u00f3 visszarendez\u0151d\u00e9s, stabiliz\u00e1l\u00f3dott a helyzet, majd\" \/>\n\t\t<meta name=\"twitter:image\" content=\"https:\/\/allasorias.hu\/hirek\/wp-content\/uploads\/2020\/06\/5401.jpg\" \/>\n\t\t<meta name=\"twitter:label1\" content=\"Written by\" \/>\n\t\t<meta name=\"twitter:data1\" content=\"Juh\u00e1sz P\u00e9ter\" \/>\n\t\t<meta name=\"twitter:label2\" content=\"Est. reading time\" \/>\n\t\t<meta name=\"twitter:data2\" content=\"4 minutes\" \/>\n\t\t<script type=\"application\/ld+json\" class=\"aioseo-schema\">\n\t\t\t{\"@context\":\"https:\\\/\\\/schema.org\",\"@graph\":[{\"@type\":\"Article\",\"@id\":\"https:\\\/\\\/allasorias.hu\\\/hirek\\\/tobb-allast-hirdetnek\\\/#article\",\"name\":\"T\\u00f6bb \\u00e1ll\\u00e1st hirdetnek | AllasOrias.hu | H\\u00edrek-lapszemle\",\"headline\":\"T\\u00f6bb \\u00e1ll\\u00e1st hirdetnek\",\"author\":{\"@id\":\"https:\\\/\\\/allasorias.hu\\\/hirek\\\/author\\\/admin-allasorias\\\/#author\"},\"publisher\":{\"@id\":\"https:\\\/\\\/allasorias.hu\\\/hirek\\\/#organization\"},\"image\":{\"@type\":\"ImageObject\",\"url\":\"https:\\\/\\\/allasorias.hu\\\/hirek\\\/wp-content\\\/uploads\\\/2020\\\/06\\\/5401.jpg\",\"width\":800,\"height\":446,\"caption\":\"People network and global communication concept. Business people with modern graphic interface of community linking many people around world by social media platform to connect international business.\"},\"datePublished\":\"2021-07-16T09:48:07+02:00\",\"dateModified\":\"2021-07-16T09:48:07+02:00\",\"inLanguage\":\"hu-HU\",\"mainEntityOfPage\":{\"@id\":\"https:\\\/\\\/allasorias.hu\\\/hirek\\\/tobb-allast-hirdetnek\\\/#webpage\"},\"isPartOf\":{\"@id\":\"https:\\\/\\\/allasorias.hu\\\/hirek\\\/tobb-allast-hirdetnek\\\/#webpage\"},\"articleSection\":\"Munkaer\\u0151piac\"},{\"@type\":\"BreadcrumbList\",\"@id\":\"https:\\\/\\\/allasorias.hu\\\/hirek\\\/tobb-allast-hirdetnek\\\/#breadcrumblist\",\"itemListElement\":[{\"@type\":\"ListItem\",\"@id\":\"https:\\\/\\\/allasorias.hu\\\/hirek#listItem\",\"position\":1,\"name\":\"Home\",\"item\":\"https:\\\/\\\/allasorias.hu\\\/hirek\",\"nextItem\":{\"@type\":\"ListItem\",\"@id\":\"https:\\\/\\\/allasorias.hu\\\/hirek\\\/temak\\\/munkaeropiac\\\/#listItem\",\"name\":\"Munkaer\\u0151piac\"}},{\"@type\":\"ListItem\",\"@id\":\"https:\\\/\\\/allasorias.hu\\\/hirek\\\/temak\\\/munkaeropiac\\\/#listItem\",\"position\":2,\"name\":\"Munkaer\\u0151piac\",\"item\":\"https:\\\/\\\/allasorias.hu\\\/hirek\\\/temak\\\/munkaeropiac\\\/\",\"nextItem\":{\"@type\":\"ListItem\",\"@id\":\"https:\\\/\\\/allasorias.hu\\\/hirek\\\/tobb-allast-hirdetnek\\\/#listItem\",\"name\":\"T\\u00f6bb \\u00e1ll\\u00e1st hirdetnek\"},\"previousItem\":{\"@type\":\"ListItem\",\"@id\":\"https:\\\/\\\/allasorias.hu\\\/hirek#listItem\",\"name\":\"Home\"}},{\"@type\":\"ListItem\",\"@id\":\"https:\\\/\\\/allasorias.hu\\\/hirek\\\/tobb-allast-hirdetnek\\\/#listItem\",\"position\":3,\"name\":\"T\\u00f6bb \\u00e1ll\\u00e1st hirdetnek\",\"previousItem\":{\"@type\":\"ListItem\",\"@id\":\"https:\\\/\\\/allasorias.hu\\\/hirek\\\/temak\\\/munkaeropiac\\\/#listItem\",\"name\":\"Munkaer\\u0151piac\"}}]},{\"@type\":\"Organization\",\"@id\":\"https:\\\/\\\/allasorias.hu\\\/hirek\\\/#organization\",\"name\":\"AllasOrias.hu | H\\u00edrek-lapszemle\",\"description\":\"\\u00dczleti h\\u00edrek az \\u00e1ll\\u00e1s \\u00e9s a munka vil\\u00e1g\\u00e1b\\u00f3l\",\"url\":\"https:\\\/\\\/allasorias.hu\\\/hirek\\\/\",\"logo\":{\"@type\":\"ImageObject\",\"url\":\"https:\\\/\\\/allasorias.hu\\\/hirek\\\/wp-content\\\/uploads\\\/2022\\\/10\\\/allasorias_site_facebok_logo.png\",\"@id\":\"https:\\\/\\\/allasorias.hu\\\/hirek\\\/tobb-allast-hirdetnek\\\/#organizationLogo\"},\"image\":{\"@id\":\"https:\\\/\\\/allasorias.hu\\\/hirek\\\/tobb-allast-hirdetnek\\\/#organizationLogo\"},\"sameAs\":[\"https:\\\/\\\/www.facebook.com\\\/allasorias\",\"https:\\\/\\\/www.linkedin.com\\\/company\\\/allasorias\"]},{\"@type\":\"Person\",\"@id\":\"https:\\\/\\\/allasorias.hu\\\/hirek\\\/author\\\/admin-allasorias\\\/#author\",\"url\":\"https:\\\/\\\/allasorias.hu\\\/hirek\\\/author\\\/admin-allasorias\\\/\",\"name\":\"Juh\\u00e1sz P\\u00e9ter\",\"image\":{\"@type\":\"ImageObject\",\"@id\":\"https:\\\/\\\/allasorias.hu\\\/hirek\\\/tobb-allast-hirdetnek\\\/#authorImage\",\"url\":\"https:\\\/\\\/secure.gravatar.com\\\/avatar\\\/36e6bcb83148978b992977cb0f54d22feb0cce8a0a849a9410532bb2623ba4c6?s=96&d=mm&r=g\",\"width\":96,\"height\":96,\"caption\":\"Juh\\u00e1sz P\\u00e9ter\"}},{\"@type\":\"WebPage\",\"@id\":\"https:\\\/\\\/allasorias.hu\\\/hirek\\\/tobb-allast-hirdetnek\\\/#webpage\",\"url\":\"https:\\\/\\\/allasorias.hu\\\/hirek\\\/tobb-allast-hirdetnek\\\/\",\"name\":\"T\\u00f6bb \\u00e1ll\\u00e1st hirdetnek | AllasOrias.hu | H\\u00edrek-lapszemle\",\"description\":\"A legfrissebb adatok alapj\\u00e1n j\\u00f3l l\\u00e1that\\u00f3 ugr\\u00e1s rajzol\\u00f3dik ki a feladott hirdet\\u00e9sek sz\\u00e1m\\u00e1t tekintve: 66 sz\\u00e1zal\\u00e9kkal t\\u00f6bb c\\u00e9g hirdetett meg bet\\u00f6lt\\u00e9sre v\\u00e1r\\u00f3 poz\\u00edci\\u00f3t, mint tavaly ilyenkor Az idei \\u00e9vben er\\u0151s konszolid\\u00e1ci\\u00f3 indult el a munkaer\\u0151piacon, ami a pand\\u00e9mia el\\u0151tti, 2019-es \\u00e1llapot fel\\u00e9 mutat. Az els\\u0151 negyed\\u00e9vben m\\u00e1r k\\u00f6rvonalaz\\u00f3dott a v\\u00e1rhat\\u00f3 visszarendez\\u0151d\\u00e9s, stabiliz\\u00e1l\\u00f3dott a helyzet, majd\",\"inLanguage\":\"hu-HU\",\"isPartOf\":{\"@id\":\"https:\\\/\\\/allasorias.hu\\\/hirek\\\/#website\"},\"breadcrumb\":{\"@id\":\"https:\\\/\\\/allasorias.hu\\\/hirek\\\/tobb-allast-hirdetnek\\\/#breadcrumblist\"},\"author\":{\"@id\":\"https:\\\/\\\/allasorias.hu\\\/hirek\\\/author\\\/admin-allasorias\\\/#author\"},\"creator\":{\"@id\":\"https:\\\/\\\/allasorias.hu\\\/hirek\\\/author\\\/admin-allasorias\\\/#author\"},\"image\":{\"@type\":\"ImageObject\",\"url\":\"https:\\\/\\\/allasorias.hu\\\/hirek\\\/wp-content\\\/uploads\\\/2020\\\/06\\\/5401.jpg\",\"@id\":\"https:\\\/\\\/allasorias.hu\\\/hirek\\\/tobb-allast-hirdetnek\\\/#mainImage\",\"width\":800,\"height\":446,\"caption\":\"People network and global communication concept. Business people with modern graphic interface of community linking many people around world by social media platform to connect international business.\"},\"primaryImageOfPage\":{\"@id\":\"https:\\\/\\\/allasorias.hu\\\/hirek\\\/tobb-allast-hirdetnek\\\/#mainImage\"},\"datePublished\":\"2021-07-16T09:48:07+02:00\",\"dateModified\":\"2021-07-16T09:48:07+02:00\"},{\"@type\":\"WebSite\",\"@id\":\"https:\\\/\\\/allasorias.hu\\\/hirek\\\/#website\",\"url\":\"https:\\\/\\\/allasorias.hu\\\/hirek\\\/\",\"name\":\"AllasOrias.hu | H\\u00edrek-lapszemle\",\"description\":\"\\u00dczleti h\\u00edrek az \\u00e1ll\\u00e1s \\u00e9s a munka vil\\u00e1g\\u00e1b\\u00f3l\",\"inLanguage\":\"hu-HU\",\"publisher\":{\"@id\":\"https:\\\/\\\/allasorias.hu\\\/hirek\\\/#organization\"}}]}\n\t\t<\/script>\n\t\t<!-- All in One SEO -->\n\n","aioseo_head_json":{"title":"T\u00f6bb \u00e1ll\u00e1st hirdetnek | AllasOrias.hu | H\u00edrek-lapszemle","description":"A legfrissebb adatok alapj\u00e1n j\u00f3l l\u00e1that\u00f3 ugr\u00e1s rajzol\u00f3dik ki a feladott hirdet\u00e9sek sz\u00e1m\u00e1t tekintve: 66 sz\u00e1zal\u00e9kkal t\u00f6bb c\u00e9g hirdetett meg bet\u00f6lt\u00e9sre v\u00e1r\u00f3 poz\u00edci\u00f3t, mint tavaly ilyenkor Az idei \u00e9vben er\u0151s konszolid\u00e1ci\u00f3 indult el a munkaer\u0151piacon, ami a pand\u00e9mia el\u0151tti, 2019-es \u00e1llapot fel\u00e9 mutat. Az els\u0151 negyed\u00e9vben m\u00e1r k\u00f6rvonalaz\u00f3dott a v\u00e1rhat\u00f3 visszarendez\u0151d\u00e9s, stabiliz\u00e1l\u00f3dott a helyzet, majd","canonical_url":"https:\/\/allasorias.hu\/hirek\/tobb-allast-hirdetnek\/","robots":"max-image-preview:large","keywords":"","webmasterTools":{"miscellaneous":""},"schema":{"@context":"https:\/\/schema.org","@graph":[{"@type":"Article","@id":"https:\/\/allasorias.hu\/hirek\/tobb-allast-hirdetnek\/#article","name":"T\u00f6bb \u00e1ll\u00e1st hirdetnek | AllasOrias.hu | H\u00edrek-lapszemle","headline":"T\u00f6bb \u00e1ll\u00e1st hirdetnek","author":{"@id":"https:\/\/allasorias.hu\/hirek\/author\/admin-allasorias\/#author"},"publisher":{"@id":"https:\/\/allasorias.hu\/hirek\/#organization"},"image":{"@type":"ImageObject","url":"https:\/\/allasorias.hu\/hirek\/wp-content\/uploads\/2020\/06\/5401.jpg","width":800,"height":446,"caption":"People network and global communication concept. Business people with modern graphic interface of community linking many people around world by social media platform to connect international business."},"datePublished":"2021-07-16T09:48:07+02:00","dateModified":"2021-07-16T09:48:07+02:00","inLanguage":"hu-HU","mainEntityOfPage":{"@id":"https:\/\/allasorias.hu\/hirek\/tobb-allast-hirdetnek\/#webpage"},"isPartOf":{"@id":"https:\/\/allasorias.hu\/hirek\/tobb-allast-hirdetnek\/#webpage"},"articleSection":"Munkaer\u0151piac"},{"@type":"BreadcrumbList","@id":"https:\/\/allasorias.hu\/hirek\/tobb-allast-hirdetnek\/#breadcrumblist","itemListElement":[{"@type":"ListItem","@id":"https:\/\/allasorias.hu\/hirek#listItem","position":1,"name":"Home","item":"https:\/\/allasorias.hu\/hirek","nextItem":{"@type":"ListItem","@id":"https:\/\/allasorias.hu\/hirek\/temak\/munkaeropiac\/#listItem","name":"Munkaer\u0151piac"}},{"@type":"ListItem","@id":"https:\/\/allasorias.hu\/hirek\/temak\/munkaeropiac\/#listItem","position":2,"name":"Munkaer\u0151piac","item":"https:\/\/allasorias.hu\/hirek\/temak\/munkaeropiac\/","nextItem":{"@type":"ListItem","@id":"https:\/\/allasorias.hu\/hirek\/tobb-allast-hirdetnek\/#listItem","name":"T\u00f6bb \u00e1ll\u00e1st hirdetnek"},"previousItem":{"@type":"ListItem","@id":"https:\/\/allasorias.hu\/hirek#listItem","name":"Home"}},{"@type":"ListItem","@id":"https:\/\/allasorias.hu\/hirek\/tobb-allast-hirdetnek\/#listItem","position":3,"name":"T\u00f6bb \u00e1ll\u00e1st hirdetnek","previousItem":{"@type":"ListItem","@id":"https:\/\/allasorias.hu\/hirek\/temak\/munkaeropiac\/#listItem","name":"Munkaer\u0151piac"}}]},{"@type":"Organization","@id":"https:\/\/allasorias.hu\/hirek\/#organization","name":"AllasOrias.hu | H\u00edrek-lapszemle","description":"\u00dczleti h\u00edrek az \u00e1ll\u00e1s \u00e9s a munka vil\u00e1g\u00e1b\u00f3l","url":"https:\/\/allasorias.hu\/hirek\/","logo":{"@type":"ImageObject","url":"https:\/\/allasorias.hu\/hirek\/wp-content\/uploads\/2022\/10\/allasorias_site_facebok_logo.png","@id":"https:\/\/allasorias.hu\/hirek\/tobb-allast-hirdetnek\/#organizationLogo"},"image":{"@id":"https:\/\/allasorias.hu\/hirek\/tobb-allast-hirdetnek\/#organizationLogo"},"sameAs":["https:\/\/www.facebook.com\/allasorias","https:\/\/www.linkedin.com\/company\/allasorias"]},{"@type":"Person","@id":"https:\/\/allasorias.hu\/hirek\/author\/admin-allasorias\/#author","url":"https:\/\/allasorias.hu\/hirek\/author\/admin-allasorias\/","name":"Juh\u00e1sz P\u00e9ter","image":{"@type":"ImageObject","@id":"https:\/\/allasorias.hu\/hirek\/tobb-allast-hirdetnek\/#authorImage","url":"https:\/\/secure.gravatar.com\/avatar\/36e6bcb83148978b992977cb0f54d22feb0cce8a0a849a9410532bb2623ba4c6?s=96&d=mm&r=g","width":96,"height":96,"caption":"Juh\u00e1sz P\u00e9ter"}},{"@type":"WebPage","@id":"https:\/\/allasorias.hu\/hirek\/tobb-allast-hirdetnek\/#webpage","url":"https:\/\/allasorias.hu\/hirek\/tobb-allast-hirdetnek\/","name":"T\u00f6bb \u00e1ll\u00e1st hirdetnek | AllasOrias.hu | H\u00edrek-lapszemle","description":"A legfrissebb adatok alapj\u00e1n j\u00f3l l\u00e1that\u00f3 ugr\u00e1s rajzol\u00f3dik ki a feladott hirdet\u00e9sek sz\u00e1m\u00e1t tekintve: 66 sz\u00e1zal\u00e9kkal t\u00f6bb c\u00e9g hirdetett meg bet\u00f6lt\u00e9sre v\u00e1r\u00f3 poz\u00edci\u00f3t, mint tavaly ilyenkor Az idei \u00e9vben er\u0151s konszolid\u00e1ci\u00f3 indult el a munkaer\u0151piacon, ami a pand\u00e9mia el\u0151tti, 2019-es \u00e1llapot fel\u00e9 mutat. Az els\u0151 negyed\u00e9vben m\u00e1r k\u00f6rvonalaz\u00f3dott a v\u00e1rhat\u00f3 visszarendez\u0151d\u00e9s, stabiliz\u00e1l\u00f3dott a helyzet, majd","inLanguage":"hu-HU","isPartOf":{"@id":"https:\/\/allasorias.hu\/hirek\/#website"},"breadcrumb":{"@id":"https:\/\/allasorias.hu\/hirek\/tobb-allast-hirdetnek\/#breadcrumblist"},"author":{"@id":"https:\/\/allasorias.hu\/hirek\/author\/admin-allasorias\/#author"},"creator":{"@id":"https:\/\/allasorias.hu\/hirek\/author\/admin-allasorias\/#author"},"image":{"@type":"ImageObject","url":"https:\/\/allasorias.hu\/hirek\/wp-content\/uploads\/2020\/06\/5401.jpg","@id":"https:\/\/allasorias.hu\/hirek\/tobb-allast-hirdetnek\/#mainImage","width":800,"height":446,"caption":"People network and global communication concept. Business people with modern graphic interface of community linking many people around world by social media platform to connect international business."},"primaryImageOfPage":{"@id":"https:\/\/allasorias.hu\/hirek\/tobb-allast-hirdetnek\/#mainImage"},"datePublished":"2021-07-16T09:48:07+02:00","dateModified":"2021-07-16T09:48:07+02:00"},{"@type":"WebSite","@id":"https:\/\/allasorias.hu\/hirek\/#website","url":"https:\/\/allasorias.hu\/hirek\/","name":"AllasOrias.hu | H\u00edrek-lapszemle","description":"\u00dczleti h\u00edrek az \u00e1ll\u00e1s \u00e9s a munka vil\u00e1g\u00e1b\u00f3l","inLanguage":"hu-HU","publisher":{"@id":"https:\/\/allasorias.hu\/hirek\/#organization"}}]},"og:locale":"hu_HU","og:site_name":"AllasOrias.hu | H\u00edrek-lapszemle | \u00dczleti h\u00edrek az \u00e1ll\u00e1s \u00e9s a munka vil\u00e1g\u00e1b\u00f3l","og:type":"article","og:title":"T\u00f6bb \u00e1ll\u00e1st hirdetnek | AllasOrias.hu | H\u00edrek-lapszemle","og:description":"A legfrissebb adatok alapj\u00e1n j\u00f3l l\u00e1that\u00f3 ugr\u00e1s rajzol\u00f3dik ki a feladott hirdet\u00e9sek sz\u00e1m\u00e1t tekintve: 66 sz\u00e1zal\u00e9kkal t\u00f6bb c\u00e9g hirdetett meg bet\u00f6lt\u00e9sre v\u00e1r\u00f3 poz\u00edci\u00f3t, mint tavaly ilyenkor Az idei \u00e9vben er\u0151s konszolid\u00e1ci\u00f3 indult el a munkaer\u0151piacon, ami a pand\u00e9mia el\u0151tti, 2019-es \u00e1llapot fel\u00e9 mutat. Az els\u0151 negyed\u00e9vben m\u00e1r k\u00f6rvonalaz\u00f3dott a v\u00e1rhat\u00f3 visszarendez\u0151d\u00e9s, stabiliz\u00e1l\u00f3dott a helyzet, majd","og:url":"https:\/\/allasorias.hu\/hirek\/tobb-allast-hirdetnek\/","og:image":"https:\/\/allasorias.hu\/hirek\/wp-content\/uploads\/2020\/06\/5401.jpg","og:image:secure_url":"https:\/\/allasorias.hu\/hirek\/wp-content\/uploads\/2020\/06\/5401.jpg","og:image:width":800,"og:image:height":446,"article:published_time":"2021-07-16T09:48:07+00:00","article:modified_time":"2021-07-16T09:48:07+00:00","article:publisher":"https:\/\/www.facebook.com\/allasorias","twitter:card":"summary_large_image","twitter:title":"T\u00f6bb \u00e1ll\u00e1st hirdetnek | AllasOrias.hu | H\u00edrek-lapszemle","twitter:description":"A legfrissebb adatok alapj\u00e1n j\u00f3l l\u00e1that\u00f3 ugr\u00e1s rajzol\u00f3dik ki a feladott hirdet\u00e9sek sz\u00e1m\u00e1t tekintve: 66 sz\u00e1zal\u00e9kkal t\u00f6bb c\u00e9g hirdetett meg bet\u00f6lt\u00e9sre v\u00e1r\u00f3 poz\u00edci\u00f3t, mint tavaly ilyenkor Az idei \u00e9vben er\u0151s konszolid\u00e1ci\u00f3 indult el a munkaer\u0151piacon, ami a pand\u00e9mia el\u0151tti, 2019-es \u00e1llapot fel\u00e9 mutat. Az els\u0151 negyed\u00e9vben m\u00e1r k\u00f6rvonalaz\u00f3dott a v\u00e1rhat\u00f3 visszarendez\u0151d\u00e9s, stabiliz\u00e1l\u00f3dott a helyzet, majd","twitter:image":"https:\/\/allasorias.hu\/hirek\/wp-content\/uploads\/2020\/06\/5401.jpg","twitter:label1":"Written by","twitter:data1":"Juh\u00e1sz P\u00e9ter","twitter:label2":"Est. reading time","twitter:data2":"4 minutes"},"aioseo_meta_data":{"post_id":"4920","title":null,"description":null,"keywords":[],"keyphrases":{"focus":[],"additional":[]},"primary_term":null,"canonical_url":null,"og_title":null,"og_description":null,"og_object_type":"default","og_image_type":"default","og_image_url":null,"og_image_width":null,"og_image_height":null,"og_image_custom_url":null,"og_image_custom_fields":null,"og_video":"","og_custom_url":null,"og_article_section":null,"og_article_tags":[],"twitter_use_og":false,"twitter_card":"default","twitter_image_type":"default","twitter_image_url":null,"twitter_image_custom_url":null,"twitter_image_custom_fields":null,"twitter_title":null,"twitter_description":null,"schema":{"blockGraphs":[],"customGraphs":[],"default":{"data":{"Article":[],"Course":[],"Dataset":[],"FAQPage":[],"Movie":[],"Person":[],"Product":[],"ProductReview":[],"Car":[],"Recipe":[],"Service":[],"SoftwareApplication":[],"WebPage":[]},"graphName":"","isEnabled":true},"graphs":[],"defaultGraph":"Article","defaultPostTypeGraph":""},"schema_type":"default","schema_type_options":"{\"article\":{\"articleType\":\"BlogPosting\"},\"course\":{\"name\":\"\",\"description\":\"\",\"provider\":\"\"},\"faq\":{\"pages\":[]},\"product\":{\"reviews\":[]},\"recipe\":{\"ingredients\":[],\"instructions\":[],\"keywords\":[]},\"software\":{\"reviews\":[],\"operatingSystems\":[]},\"webPage\":{\"webPageType\":\"WebPage\"}}","pillar_content":false,"robots_default":true,"robots_noindex":false,"robots_noarchive":false,"robots_nosnippet":false,"robots_nofollow":false,"robots_noimageindex":false,"robots_noodp":false,"robots_notranslate":false,"robots_max_snippet":"-1","robots_max_videopreview":"-1","robots_max_imagepreview":"large","priority":null,"frequency":"default","location":null,"local_seo":{"locations":{"business":{"name":"","businessType":"","image":"","areaServed":"","urls":{"website":"","aboutPage":"","contactPage":""},"address":{"streetLine1":"","streetLine2":"","zipCode":"","city":"","state":"","country":"","addressFormat":"#streetLineOne\n#streetLineTwo\n#city, #state #zipCode"},"contact":{"phone":"","email":"","fax":""},"ids":{"vat":"","tax":"","chamberOfCommerce":""},"payment":{"priceRange":"","currenciesAccepted":"","methods":""}}},"openingHours":{"useDefaults":true,"show":true,"alwaysOpen":false,"use24hFormat":false,"timezone":"","labels":{"closed":"","alwaysOpen":""},"days":{"monday":{"open24h":false,"closed":false,"openTime":"09:00","closeTime":"17:00"},"tuesday":{"open24h":false,"closed":false,"openTime":"09:00","closeTime":"17:00"},"wednesday":{"open24h":false,"closed":false,"openTime":"09:00","closeTime":"17:00"},"thursday":{"open24h":false,"closed":false,"openTime":"09:00","closeTime":"17:00"},"friday":{"open24h":false,"closed":false,"openTime":"09:00","closeTime":"17:00"},"saturday":{"open24h":false,"closed":false,"openTime":"09:00","closeTime":"17:00"},"sunday":{"open24h":false,"closed":false,"openTime":"09:00","closeTime":"17:00"}}}},"breadcrumb_settings":null,"limit_modified_date":false,"ai":null,"created":"2021-07-16 09:46:29","updated":"2025-10-02 15:58:28","seo_analyzer_scan_date":null,"focus_keyword":null,"additional_keywords":null,"truseo_locale":null},"aioseo_breadcrumb":"<div class=\"aioseo-breadcrumbs\"><span class=\"aioseo-breadcrumb\">\n\t\t\t<a href=\"https:\/\/allasorias.hu\/hirek\" title=\"Home\">Home<\/a>\n\t\t<\/span><span class=\"aioseo-breadcrumb-separator\">&raquo;<\/span><span class=\"aioseo-breadcrumb\">\n\t\t\t<a href=\"https:\/\/allasorias.hu\/hirek\/temak\/munkaeropiac\/\" title=\"Munkaer\u0151piac\">Munkaer\u0151piac<\/a>\n\t\t<\/span><span class=\"aioseo-breadcrumb-separator\">&raquo;<\/span><span class=\"aioseo-breadcrumb\">\n\t\t\tT\u00f6bb \u00e1ll\u00e1st hirdetnek\n\t\t<\/span><\/div>","aioseo_breadcrumb_json":[{"label":"Home","link":"https:\/\/allasorias.hu\/hirek"},{"label":"Munkaer\u0151piac","link":"https:\/\/allasorias.hu\/hirek\/temak\/munkaeropiac\/"},{"label":"T\u00f6bb \u00e1ll\u00e1st hirdetnek","link":"https:\/\/allasorias.hu\/hirek\/tobb-allast-hirdetnek\/"}],"_links":{"self":[{"href":"https:\/\/allasorias.hu\/hirek\/wp-json\/wp\/v2\/posts\/4920","targetHints":{"allow":["GET"]}}],"collection":[{"href":"https:\/\/allasorias.hu\/hirek\/wp-json\/wp\/v2\/posts"}],"about":[{"href":"https:\/\/allasorias.hu\/hirek\/wp-json\/wp\/v2\/types\/post"}],"author":[{"embeddable":true,"href":"https:\/\/allasorias.hu\/hirek\/wp-json\/wp\/v2\/users\/1"}],"replies":[{"embeddable":true,"href":"https:\/\/allasorias.hu\/hirek\/wp-json\/wp\/v2\/comments?post=4920"}],"version-history":[{"count":1,"href":"https:\/\/allasorias.hu\/hirek\/wp-json\/wp\/v2\/posts\/4920\/revisions"}],"predecessor-version":[{"id":4921,"href":"https:\/\/allasorias.hu\/hirek\/wp-json\/wp\/v2\/posts\/4920\/revisions\/4921"}],"wp:featuredmedia":[{"embeddable":true,"href":"https:\/\/allasorias.hu\/hirek\/wp-json\/wp\/v2\/media\/4057"}],"wp:attachment":[{"href":"https:\/\/allasorias.hu\/hirek\/wp-json\/wp\/v2\/media?parent=4920"}],"wp:term":[{"taxonomy":"category","embeddable":true,"href":"https:\/\/allasorias.hu\/hirek\/wp-json\/wp\/v2\/categories?post=4920"},{"taxonomy":"post_tag","embeddable":true,"href":"https:\/\/allasorias.hu\/hirek\/wp-json\/wp\/v2\/tags?post=4920"}],"curies":[{"name":"wp","href":"https:\/\/api.w.org\/{rel}","templated":true}]}}