{"id":4909,"date":"2021-07-12T06:53:14","date_gmt":"2021-07-12T06:53:14","guid":{"rendered":"https:\/\/allasorias.hu\/hirek\/?p=4909"},"modified":"2021-07-12T06:53:14","modified_gmt":"2021-07-12T06:53:14","slug":"telitodik-az-allaspiac","status":"publish","type":"post","link":"https:\/\/allasorias.hu\/hirek\/telitodik-az-allaspiac\/","title":{"rendered":"Tel\u00edt\u0151dik  az \u00e1ll\u00e1spiac"},"content":{"rendered":"<p><strong>N\u0151tt az \u00e1ll\u00e1shirdet\u00e9sek sz\u00e1ma. Az \u00fajb\u00f3li munkaer\u0151hi\u00e1nyt a di\u00e1kok foglalkoztat\u00e1sa jelenthet r\u00e9szben megold\u00e1st, az ugyanis hamar kider\u00fclt, hogy a j\u00e1rv\u00e1ny miatt k\u00fclf\u00f6ldr\u0151l hazat\u00e9rt munkav\u00e1llal\u00f3k nem id\u0151znek sok\u00e1ig a magyar munkaer\u0151piacon. Nagys\u00e1grendileg mintegy 15 ezer feh\u00e9r gall\u00e9ros \u00e9s legal\u00e1bb ugyanennyi k\u00e9k gall\u00e9ros nyitott poz\u00edci\u00f3 van jelenleg a piacon. <\/strong><\/p>\n<p>Csak a Trenkwaldern\u00e9l t\u00f6bb mint 850 poz\u00edci\u00f3 \u00e9s t\u00f6bb mint 3500 f\u0151nyi l\u00e9tsz\u00e1mig\u00e9ny van jelen pillanatban is. N\u00f3gr\u00e1di J\u00f3zsef, a Trenkwalder kereskedelmi igazgat\u00f3ja a Vil\u00e1ggazdas\u00e1gnak elmondta, az \u00e1ll\u00e1shirdet\u00e9sek sz\u00e1ma t\u00f6bb mint dupl\u00e1j\u00e1ra n\u0151tt az elm\u00falt 1-2 \u00e9vhez k\u00e9pest, \u00e9s szinte minden szegmensben nagy a felfut\u00e1s, a hirdet\u00e9si sz\u00e1mok rekordokat d\u00f6nt\u00f6getnek. Ism\u00e9t munkaer\u0151hi\u00e1ny van, 30-50 sz\u00e1zal\u00e9kkal t\u00f6bb munk\u00e1t ig\u00e9nyel megtal\u00e1lni \u00e9s felvenni egy \u00faj koll\u00e9g\u00e1t. A szakember megl\u00e1t\u00e1sa szerint a fokoz\u00f3d\u00f3 munkaer\u0151hi\u00e1nyra t\u00f6bbek k\u00f6z\u00f6tt a di\u00e1kmunkaer\u0151 jelenthet megold\u00e1st, a nemzetk\u00f6zi piacok elsz\u00edv\u00f3 ereje ugyanis m\u00e1r \u00fajra \u00e9rz\u0151dik, hamar kider\u00fclt, hogy hamis volt a magyar munkaer\u0151piac biztons\u00e1g\u00e9rzete. Megdupl\u00e1z\u00f3dott az \u00e1ll\u00e1shirdet\u00e9sek sz\u00e1ma m\u00e1rcius \u00f3ta a J\u00f3fog\u00e1s \u00c1ll\u00e1s oldal\u00e1n, amelyen jelenleg t\u00f6bb mint t\u00edzezer hirdet\u00e9s tal\u00e1lhat\u00f3. Az \u00e9v elej\u00e9n m\u00e9g stagn\u00e1lt a piac, j\u00faniusban viszont m\u00e1r 33 sz\u00e1zal\u00e9kkal t\u00f6bb \u00e1ll\u00e1shirdet\u00e9s k\u00f6z\u00fcl v\u00e1laszthattak az \u00e1ll\u00e1skeres\u0151k, mint az el\u0151z\u0151 \u00e9v azonos id\u0151szak\u00e1ban &#8211; mondta a Vil\u00e1ggazdas\u00e1gnak Palocsay G\u00e9za, a J\u00f3fog\u00e1st \u00fczemeltet\u0151 Adevinta Classified Media Hungary Kft. \u00fcgyvezet\u0151je. Hozz\u00e1tette, a tavalyi \u00e9vet jelent\u0151sen meghat\u00e1rozta a pand\u00e9mia, \u00e9s az \u00e1ll\u00e1shirdet\u00e9sek sz\u00e1ma is k\u00f6vette a j\u00e1rv\u00e1nyhull\u00e1mokat. J\u00f3fog\u00e1s \u00c1ll\u00e1son els\u0151sorban k\u00e9kgall\u00e9ros hirdet\u00e9sek tal\u00e1lhat\u00f3k, ezek k\u00f6z\u00fcl \u00f6sszesen csaknem 5 ezres hirdet\u00e9ssz\u00e1mmal a legt\u00f6bb munkav\u00e1llal\u00f3t a vend\u00e9gl\u00e1t\u00e1sba keresik, de szint\u00e9n n\u00e9pszer\u0171 a fizikai munka, illetve seg\u00e9dmunka, valamint a szakmunka, mint p\u00e9ld\u00e1ul aut\u00f3szerel\u0151, g\u00e9plakatos. A munkav\u00e1llal\u00f3k nagy r\u00e9sze, 59 sz\u00e1zal\u00e9ka, Budapesten \u00e9s Pest megy\u00e9ben keres \u00e1ll\u00e1st, ezt Hajd\u00fa-Bihar megye k\u00f6veti 8 sz\u00e1zal\u00e9kkal, majd Borsod-Aba\u00faj-Zempl\u00e9n megye 4,5 sz\u00e1zal\u00e9kkal \u00e9s Szabolcs-Szatm\u00e1r-Bereg megye 4 sz\u00e1zal\u00e9kkal. Palocsay G\u00e9za elmond\u00e1sa szerint kezd visszarendez\u0151dni az \u00e1ll\u00e1spiac a j\u00e1rv\u00e1ny el\u0151tti, 2019-es szintre, n\u0151 a hirdet\u00e9sek sz\u00e1ma, ugyanakkor nem t\u00f6ltik be gyorsabban a poz\u00edci\u00f3kat, mint kor\u00e1bban, \u00e9s mindemellett a keres\u00e9sek ar\u00e1nya is cs\u00f6kken\u00e9st mutat. Ebb\u0151l fakad\u00f3an meg\u00e1llap\u00edthat\u00f3, hogy a munk\u00e1ltat\u00f3khoz k\u00e9pest a jel\u00f6ltek ker\u00fclnek er\u0151sebb t\u00e1rgyal\u00e1si poz\u00edci\u00f3ba, \u00e9s \u0151k v\u00e1lasztanak az aj\u00e1nlatok k\u00f6z\u00fcl &#8211; tette hozz\u00e1.\u00a0 A vend\u00e9gl\u00e1t\u00e1s \u00e9s az \u00e9p\u00edt\u0151ipar indult meg a legjobban a j\u00e1rv\u00e1ny enyh\u00fcl\u00e9s\u00e9vel, a gy\u00e1rt\u00e1s tov\u00e1bbra is hatalmas ig\u00e9nyeket t\u00e1maszt. Ut\u00f3bbi hirdet\u00e9seib\u0151l van a legt\u00f6bb, oper\u00e1torokra, g\u00e9pkezel\u0151kre, CNC-sekre, hegeszt\u0151kre,technikusokra, m\u00e9rn\u00f6k\u00f6kre \u00e9s IT-sokra van a legnagyobb ig\u00e9ny. A vend\u00e9gl\u00e1t\u00e1s szinte minden poz\u00edci\u00f3ban hirdet, az \u00e9p\u00edt\u0151ipar a klasszikus szakmunk\u00e1sokat keresi, hatalmas a b\u00e9rverseny, az elszabadult \u00e1rak, az alapanyaghi\u00e1ny miatti fesz\u00fclts\u00e9g abszurd helyzeteket okoz: ma egy szakipari tapasztalattal b\u00edr\u00f3 munk\u00e1s ak\u00e1r egy m\u00e9rn\u00f6k b\u00e9r\u00e9t is megkeresheti &#8211; emelte ki N\u00f3gr\u00e1di J\u00f3zsef. Hozz\u00e1tette, \u00fajra gyors felfut\u00e1s figyelhet\u0151 meg a szezon\u00e1lis agr\u00e1riumban, a napsz\u00e1mosok b\u00e9re az egekben, amely nagy v\u00e1ltoz\u00e1s az egy \u00e9vvel ezel\u0151tti \u00e1llapothoz k\u00e9pest.\u00a0 \u00d6sszess\u00e9g\u00e9ben elmondhat\u00f3, hogy a j\u00e1rv\u00e1ny visszafogta a munkahelyv\u00e1lt\u00f3k t\u00f6meg\u00e9t, az enyh\u00fcl\u00e9ssel azonban v\u00e1rhat\u00f3an v\u00e1ndorl\u00e1s kezd\u0151dik, amely \u00e1ltal\u00e1ban b\u00e9rsz\u00ednvonal-emelked\u00e9ssel is j\u00e1r. A hibrid munkav\u00e9gz\u00e9s szint\u00e9n komoly ig\u00e9nyk\u00e9nt jelentkezik az \u00e1ll\u00e1skeres\u0151k k\u00f6r\u00e9ben.<\/p>\n<p>Forr\u00e1s:vg.hu<\/p>\n","protected":false},"excerpt":{"rendered":"<p>N\u0151tt az \u00e1ll\u00e1shirdet\u00e9sek sz\u00e1ma. Az \u00fajb\u00f3li munkaer\u0151hi\u00e1nyt a di\u00e1kok foglalkoztat\u00e1sa jelenthet r\u00e9szben megold\u00e1st, az ugyanis hamar kider\u00fclt, hogy a j\u00e1rv\u00e1ny miatt k\u00fclf\u00f6ldr\u0151l hazat\u00e9rt munkav\u00e1llal\u00f3k nem id\u0151znek sok\u00e1ig a magyar munkaer\u0151piacon. Nagys\u00e1grendileg mintegy 15 ezer feh\u00e9r gall\u00e9ros \u00e9s legal\u00e1bb ugyanennyi k\u00e9k gall\u00e9ros nyitott poz\u00edci\u00f3 van jelenleg a piacon. Csak a Trenkwaldern\u00e9l t\u00f6bb mint 850 poz\u00edci\u00f3 \u00e9s [&hellip;]<\/p>\n","protected":false},"author":1,"featured_media":4637,"comment_status":"open","ping_status":"open","sticky":false,"template":"","format":"standard","meta":{"_monsterinsights_skip_tracking":false,"footnotes":""},"categories":[1,200],"tags":[],"class_list":["post-4909","post","type-post","status-publish","format-standard","has-post-thumbnail","hentry","category-allaskereses","category-munkaeropiac"],"aioseo_notices":[],"aioseo_head":"\n\t\t<!-- All in One SEO 5.0.0.1 - aioseo.com -->\n\t<meta name=\"description\" content=\"N\u0151tt az \u00e1ll\u00e1shirdet\u00e9sek sz\u00e1ma. Az \u00fajb\u00f3li munkaer\u0151hi\u00e1nyt a di\u00e1kok foglalkoztat\u00e1sa jelenthet r\u00e9szben megold\u00e1st, az ugyanis hamar kider\u00fclt, hogy a j\u00e1rv\u00e1ny miatt k\u00fclf\u00f6ldr\u0151l hazat\u00e9rt munkav\u00e1llal\u00f3k nem id\u0151znek sok\u00e1ig a magyar munkaer\u0151piacon. Nagys\u00e1grendileg mintegy 15 ezer feh\u00e9r gall\u00e9ros \u00e9s legal\u00e1bb ugyanennyi k\u00e9k gall\u00e9ros nyitott poz\u00edci\u00f3 van jelenleg a piacon. Csak a Trenkwaldern\u00e9l t\u00f6bb mint 850 poz\u00edci\u00f3 \u00e9s\" \/>\n\t<meta name=\"robots\" content=\"max-image-preview:large\" \/>\n\t<meta name=\"author\" content=\"Juh\u00e1sz P\u00e9ter\"\/>\n\t<link rel=\"canonical\" href=\"https:\/\/allasorias.hu\/hirek\/telitodik-az-allaspiac\/\" \/>\n\t<meta name=\"generator\" content=\"All in One SEO (AIOSEO) 5.0.0.1\" \/>\n\t\t<meta property=\"og:locale\" content=\"hu_HU\" \/>\n\t\t<meta property=\"og:site_name\" content=\"AllasOrias.hu | H\u00edrek-lapszemle | \u00dczleti h\u00edrek az \u00e1ll\u00e1s \u00e9s a munka vil\u00e1g\u00e1b\u00f3l\" \/>\n\t\t<meta property=\"og:type\" content=\"article\" \/>\n\t\t<meta property=\"og:title\" content=\"Tel\u00edt\u0151dik az \u00e1ll\u00e1spiac | AllasOrias.hu | H\u00edrek-lapszemle\" \/>\n\t\t<meta property=\"og:description\" content=\"N\u0151tt az \u00e1ll\u00e1shirdet\u00e9sek sz\u00e1ma. Az \u00fajb\u00f3li munkaer\u0151hi\u00e1nyt a di\u00e1kok foglalkoztat\u00e1sa jelenthet r\u00e9szben megold\u00e1st, az ugyanis hamar kider\u00fclt, hogy a j\u00e1rv\u00e1ny miatt k\u00fclf\u00f6ldr\u0151l hazat\u00e9rt munkav\u00e1llal\u00f3k nem id\u0151znek sok\u00e1ig a magyar munkaer\u0151piacon. Nagys\u00e1grendileg mintegy 15 ezer feh\u00e9r gall\u00e9ros \u00e9s legal\u00e1bb ugyanennyi k\u00e9k gall\u00e9ros nyitott poz\u00edci\u00f3 van jelenleg a piacon. Csak a Trenkwaldern\u00e9l t\u00f6bb mint 850 poz\u00edci\u00f3 \u00e9s\" \/>\n\t\t<meta property=\"og:url\" content=\"https:\/\/allasorias.hu\/hirek\/telitodik-az-allaspiac\/\" \/>\n\t\t<meta property=\"og:image\" content=\"https:\/\/allasorias.hu\/hirek\/wp-content\/uploads\/2021\/03\/businessman-drawing-circle-select-group-people-standing-out-crowd.jpg\" \/>\n\t\t<meta property=\"og:image:secure_url\" content=\"https:\/\/allasorias.hu\/hirek\/wp-content\/uploads\/2021\/03\/businessman-drawing-circle-select-group-people-standing-out-crowd.jpg\" \/>\n\t\t<meta property=\"og:image:width\" content=\"1920\" \/>\n\t\t<meta property=\"og:image:height\" content=\"1001\" \/>\n\t\t<meta property=\"article:published_time\" content=\"2021-07-12T06:53:14+00:00\" \/>\n\t\t<meta property=\"article:modified_time\" content=\"2021-07-12T06:53:14+00:00\" \/>\n\t\t<meta property=\"article:publisher\" content=\"https:\/\/www.facebook.com\/allasorias\" \/>\n\t\t<meta name=\"twitter:card\" content=\"summary_large_image\" \/>\n\t\t<meta name=\"twitter:title\" content=\"Tel\u00edt\u0151dik az \u00e1ll\u00e1spiac | AllasOrias.hu | H\u00edrek-lapszemle\" \/>\n\t\t<meta name=\"twitter:description\" content=\"N\u0151tt az \u00e1ll\u00e1shirdet\u00e9sek sz\u00e1ma. Az \u00fajb\u00f3li munkaer\u0151hi\u00e1nyt a di\u00e1kok foglalkoztat\u00e1sa jelenthet r\u00e9szben megold\u00e1st, az ugyanis hamar kider\u00fclt, hogy a j\u00e1rv\u00e1ny miatt k\u00fclf\u00f6ldr\u0151l hazat\u00e9rt munkav\u00e1llal\u00f3k nem id\u0151znek sok\u00e1ig a magyar munkaer\u0151piacon. Nagys\u00e1grendileg mintegy 15 ezer feh\u00e9r gall\u00e9ros \u00e9s legal\u00e1bb ugyanennyi k\u00e9k gall\u00e9ros nyitott poz\u00edci\u00f3 van jelenleg a piacon. Csak a Trenkwaldern\u00e9l t\u00f6bb mint 850 poz\u00edci\u00f3 \u00e9s\" \/>\n\t\t<meta name=\"twitter:image\" content=\"https:\/\/allasorias.hu\/hirek\/wp-content\/uploads\/2021\/03\/businessman-drawing-circle-select-group-people-standing-out-crowd.jpg\" \/>\n\t\t<meta name=\"twitter:label1\" content=\"Written by\" \/>\n\t\t<meta name=\"twitter:data1\" content=\"Juh\u00e1sz P\u00e9ter\" \/>\n\t\t<meta name=\"twitter:label2\" content=\"Est. reading time\" \/>\n\t\t<meta name=\"twitter:data2\" content=\"4 minutes\" \/>\n\t\t<script type=\"application\/ld+json\" class=\"aioseo-schema\">\n\t\t\t{\"@context\":\"https:\\\/\\\/schema.org\",\"@graph\":[{\"@type\":\"Article\",\"@id\":\"https:\\\/\\\/allasorias.hu\\\/hirek\\\/telitodik-az-allaspiac\\\/#article\",\"name\":\"Tel\\u00edt\\u0151dik az \\u00e1ll\\u00e1spiac | AllasOrias.hu | H\\u00edrek-lapszemle\",\"headline\":\"Tel\\u00edt\\u0151dik  az \\u00e1ll\\u00e1spiac\",\"author\":{\"@id\":\"https:\\\/\\\/allasorias.hu\\\/hirek\\\/author\\\/admin-allasorias\\\/#author\"},\"publisher\":{\"@id\":\"https:\\\/\\\/allasorias.hu\\\/hirek\\\/#organization\"},\"image\":{\"@type\":\"ImageObject\",\"url\":\"https:\\\/\\\/allasorias.hu\\\/hirek\\\/wp-content\\\/uploads\\\/2021\\\/03\\\/businessman-drawing-circle-select-group-people-standing-out-crowd.jpg\",\"width\":1920,\"height\":1001,\"caption\":\"Human resource management and recruitment employment business concept. Businessman drawing circle select group people standing out of crowd\"},\"datePublished\":\"2021-07-12T06:53:14+02:00\",\"dateModified\":\"2021-07-12T06:53:14+02:00\",\"inLanguage\":\"hu-HU\",\"mainEntityOfPage\":{\"@id\":\"https:\\\/\\\/allasorias.hu\\\/hirek\\\/telitodik-az-allaspiac\\\/#webpage\"},\"isPartOf\":{\"@id\":\"https:\\\/\\\/allasorias.hu\\\/hirek\\\/telitodik-az-allaspiac\\\/#webpage\"},\"articleSection\":\"\\u00c1ll\\u00e1skeres\\u00e9s, Munkaer\\u0151piac\"},{\"@type\":\"BreadcrumbList\",\"@id\":\"https:\\\/\\\/allasorias.hu\\\/hirek\\\/telitodik-az-allaspiac\\\/#breadcrumblist\",\"itemListElement\":[{\"@type\":\"ListItem\",\"@id\":\"https:\\\/\\\/allasorias.hu\\\/hirek#listItem\",\"position\":1,\"name\":\"Home\",\"item\":\"https:\\\/\\\/allasorias.hu\\\/hirek\",\"nextItem\":{\"@type\":\"ListItem\",\"@id\":\"https:\\\/\\\/allasorias.hu\\\/hirek\\\/temak\\\/allaskereses\\\/#listItem\",\"name\":\"\\u00c1ll\\u00e1skeres\\u00e9s\"}},{\"@type\":\"ListItem\",\"@id\":\"https:\\\/\\\/allasorias.hu\\\/hirek\\\/temak\\\/allaskereses\\\/#listItem\",\"position\":2,\"name\":\"\\u00c1ll\\u00e1skeres\\u00e9s\",\"item\":\"https:\\\/\\\/allasorias.hu\\\/hirek\\\/temak\\\/allaskereses\\\/\",\"nextItem\":{\"@type\":\"ListItem\",\"@id\":\"https:\\\/\\\/allasorias.hu\\\/hirek\\\/telitodik-az-allaspiac\\\/#listItem\",\"name\":\"Tel\\u00edt\\u0151dik  az \\u00e1ll\\u00e1spiac\"},\"previousItem\":{\"@type\":\"ListItem\",\"@id\":\"https:\\\/\\\/allasorias.hu\\\/hirek#listItem\",\"name\":\"Home\"}},{\"@type\":\"ListItem\",\"@id\":\"https:\\\/\\\/allasorias.hu\\\/hirek\\\/telitodik-az-allaspiac\\\/#listItem\",\"position\":3,\"name\":\"Tel\\u00edt\\u0151dik  az \\u00e1ll\\u00e1spiac\",\"previousItem\":{\"@type\":\"ListItem\",\"@id\":\"https:\\\/\\\/allasorias.hu\\\/hirek\\\/temak\\\/allaskereses\\\/#listItem\",\"name\":\"\\u00c1ll\\u00e1skeres\\u00e9s\"}}]},{\"@type\":\"Organization\",\"@id\":\"https:\\\/\\\/allasorias.hu\\\/hirek\\\/#organization\",\"name\":\"AllasOrias.hu | H\\u00edrek-lapszemle\",\"description\":\"\\u00dczleti h\\u00edrek az \\u00e1ll\\u00e1s \\u00e9s a munka vil\\u00e1g\\u00e1b\\u00f3l\",\"url\":\"https:\\\/\\\/allasorias.hu\\\/hirek\\\/\",\"logo\":{\"@type\":\"ImageObject\",\"url\":\"https:\\\/\\\/allasorias.hu\\\/hirek\\\/wp-content\\\/uploads\\\/2022\\\/10\\\/allasorias_site_facebok_logo.png\",\"@id\":\"https:\\\/\\\/allasorias.hu\\\/hirek\\\/telitodik-az-allaspiac\\\/#organizationLogo\"},\"image\":{\"@id\":\"https:\\\/\\\/allasorias.hu\\\/hirek\\\/telitodik-az-allaspiac\\\/#organizationLogo\"},\"sameAs\":[\"https:\\\/\\\/www.facebook.com\\\/allasorias\",\"https:\\\/\\\/www.linkedin.com\\\/company\\\/allasorias\"]},{\"@type\":\"Person\",\"@id\":\"https:\\\/\\\/allasorias.hu\\\/hirek\\\/author\\\/admin-allasorias\\\/#author\",\"url\":\"https:\\\/\\\/allasorias.hu\\\/hirek\\\/author\\\/admin-allasorias\\\/\",\"name\":\"Juh\\u00e1sz P\\u00e9ter\",\"image\":{\"@type\":\"ImageObject\",\"@id\":\"https:\\\/\\\/allasorias.hu\\\/hirek\\\/telitodik-az-allaspiac\\\/#authorImage\",\"url\":\"https:\\\/\\\/secure.gravatar.com\\\/avatar\\\/36e6bcb83148978b992977cb0f54d22feb0cce8a0a849a9410532bb2623ba4c6?s=96&d=mm&r=g\",\"width\":96,\"height\":96,\"caption\":\"Juh\\u00e1sz P\\u00e9ter\"}},{\"@type\":\"WebPage\",\"@id\":\"https:\\\/\\\/allasorias.hu\\\/hirek\\\/telitodik-az-allaspiac\\\/#webpage\",\"url\":\"https:\\\/\\\/allasorias.hu\\\/hirek\\\/telitodik-az-allaspiac\\\/\",\"name\":\"Tel\\u00edt\\u0151dik az \\u00e1ll\\u00e1spiac | AllasOrias.hu | H\\u00edrek-lapszemle\",\"description\":\"N\\u0151tt az \\u00e1ll\\u00e1shirdet\\u00e9sek sz\\u00e1ma. Az \\u00fajb\\u00f3li munkaer\\u0151hi\\u00e1nyt a di\\u00e1kok foglalkoztat\\u00e1sa jelenthet r\\u00e9szben megold\\u00e1st, az ugyanis hamar kider\\u00fclt, hogy a j\\u00e1rv\\u00e1ny miatt k\\u00fclf\\u00f6ldr\\u0151l hazat\\u00e9rt munkav\\u00e1llal\\u00f3k nem id\\u0151znek sok\\u00e1ig a magyar munkaer\\u0151piacon. Nagys\\u00e1grendileg mintegy 15 ezer feh\\u00e9r gall\\u00e9ros \\u00e9s legal\\u00e1bb ugyanennyi k\\u00e9k gall\\u00e9ros nyitott poz\\u00edci\\u00f3 van jelenleg a piacon. Csak a Trenkwaldern\\u00e9l t\\u00f6bb mint 850 poz\\u00edci\\u00f3 \\u00e9s\",\"inLanguage\":\"hu-HU\",\"isPartOf\":{\"@id\":\"https:\\\/\\\/allasorias.hu\\\/hirek\\\/#website\"},\"breadcrumb\":{\"@id\":\"https:\\\/\\\/allasorias.hu\\\/hirek\\\/telitodik-az-allaspiac\\\/#breadcrumblist\"},\"author\":{\"@id\":\"https:\\\/\\\/allasorias.hu\\\/hirek\\\/author\\\/admin-allasorias\\\/#author\"},\"creator\":{\"@id\":\"https:\\\/\\\/allasorias.hu\\\/hirek\\\/author\\\/admin-allasorias\\\/#author\"},\"image\":{\"@type\":\"ImageObject\",\"url\":\"https:\\\/\\\/allasorias.hu\\\/hirek\\\/wp-content\\\/uploads\\\/2021\\\/03\\\/businessman-drawing-circle-select-group-people-standing-out-crowd.jpg\",\"@id\":\"https:\\\/\\\/allasorias.hu\\\/hirek\\\/telitodik-az-allaspiac\\\/#mainImage\",\"width\":1920,\"height\":1001,\"caption\":\"Human resource management and recruitment employment business concept. Businessman drawing circle select group people standing out of crowd\"},\"primaryImageOfPage\":{\"@id\":\"https:\\\/\\\/allasorias.hu\\\/hirek\\\/telitodik-az-allaspiac\\\/#mainImage\"},\"datePublished\":\"2021-07-12T06:53:14+02:00\",\"dateModified\":\"2021-07-12T06:53:14+02:00\"},{\"@type\":\"WebSite\",\"@id\":\"https:\\\/\\\/allasorias.hu\\\/hirek\\\/#website\",\"url\":\"https:\\\/\\\/allasorias.hu\\\/hirek\\\/\",\"name\":\"AllasOrias.hu | H\\u00edrek-lapszemle\",\"description\":\"\\u00dczleti h\\u00edrek az \\u00e1ll\\u00e1s \\u00e9s a munka vil\\u00e1g\\u00e1b\\u00f3l\",\"inLanguage\":\"hu-HU\",\"publisher\":{\"@id\":\"https:\\\/\\\/allasorias.hu\\\/hirek\\\/#organization\"}}]}\n\t\t<\/script>\n\t\t<!-- All in One SEO -->\n\n","aioseo_head_json":{"title":"Tel\u00edt\u0151dik az \u00e1ll\u00e1spiac | AllasOrias.hu | H\u00edrek-lapszemle","description":"N\u0151tt az \u00e1ll\u00e1shirdet\u00e9sek sz\u00e1ma. Az \u00fajb\u00f3li munkaer\u0151hi\u00e1nyt a di\u00e1kok foglalkoztat\u00e1sa jelenthet r\u00e9szben megold\u00e1st, az ugyanis hamar kider\u00fclt, hogy a j\u00e1rv\u00e1ny miatt k\u00fclf\u00f6ldr\u0151l hazat\u00e9rt munkav\u00e1llal\u00f3k nem id\u0151znek sok\u00e1ig a magyar munkaer\u0151piacon. Nagys\u00e1grendileg mintegy 15 ezer feh\u00e9r gall\u00e9ros \u00e9s legal\u00e1bb ugyanennyi k\u00e9k gall\u00e9ros nyitott poz\u00edci\u00f3 van jelenleg a piacon. Csak a Trenkwaldern\u00e9l t\u00f6bb mint 850 poz\u00edci\u00f3 \u00e9s","canonical_url":"https:\/\/allasorias.hu\/hirek\/telitodik-az-allaspiac\/","robots":"max-image-preview:large","keywords":"","webmasterTools":{"miscellaneous":""},"schema":{"@context":"https:\/\/schema.org","@graph":[{"@type":"Article","@id":"https:\/\/allasorias.hu\/hirek\/telitodik-az-allaspiac\/#article","name":"Tel\u00edt\u0151dik az \u00e1ll\u00e1spiac | AllasOrias.hu | H\u00edrek-lapszemle","headline":"Tel\u00edt\u0151dik  az \u00e1ll\u00e1spiac","author":{"@id":"https:\/\/allasorias.hu\/hirek\/author\/admin-allasorias\/#author"},"publisher":{"@id":"https:\/\/allasorias.hu\/hirek\/#organization"},"image":{"@type":"ImageObject","url":"https:\/\/allasorias.hu\/hirek\/wp-content\/uploads\/2021\/03\/businessman-drawing-circle-select-group-people-standing-out-crowd.jpg","width":1920,"height":1001,"caption":"Human resource management and recruitment employment business concept. Businessman drawing circle select group people standing out of crowd"},"datePublished":"2021-07-12T06:53:14+02:00","dateModified":"2021-07-12T06:53:14+02:00","inLanguage":"hu-HU","mainEntityOfPage":{"@id":"https:\/\/allasorias.hu\/hirek\/telitodik-az-allaspiac\/#webpage"},"isPartOf":{"@id":"https:\/\/allasorias.hu\/hirek\/telitodik-az-allaspiac\/#webpage"},"articleSection":"\u00c1ll\u00e1skeres\u00e9s, Munkaer\u0151piac"},{"@type":"BreadcrumbList","@id":"https:\/\/allasorias.hu\/hirek\/telitodik-az-allaspiac\/#breadcrumblist","itemListElement":[{"@type":"ListItem","@id":"https:\/\/allasorias.hu\/hirek#listItem","position":1,"name":"Home","item":"https:\/\/allasorias.hu\/hirek","nextItem":{"@type":"ListItem","@id":"https:\/\/allasorias.hu\/hirek\/temak\/allaskereses\/#listItem","name":"\u00c1ll\u00e1skeres\u00e9s"}},{"@type":"ListItem","@id":"https:\/\/allasorias.hu\/hirek\/temak\/allaskereses\/#listItem","position":2,"name":"\u00c1ll\u00e1skeres\u00e9s","item":"https:\/\/allasorias.hu\/hirek\/temak\/allaskereses\/","nextItem":{"@type":"ListItem","@id":"https:\/\/allasorias.hu\/hirek\/telitodik-az-allaspiac\/#listItem","name":"Tel\u00edt\u0151dik  az \u00e1ll\u00e1spiac"},"previousItem":{"@type":"ListItem","@id":"https:\/\/allasorias.hu\/hirek#listItem","name":"Home"}},{"@type":"ListItem","@id":"https:\/\/allasorias.hu\/hirek\/telitodik-az-allaspiac\/#listItem","position":3,"name":"Tel\u00edt\u0151dik  az \u00e1ll\u00e1spiac","previousItem":{"@type":"ListItem","@id":"https:\/\/allasorias.hu\/hirek\/temak\/allaskereses\/#listItem","name":"\u00c1ll\u00e1skeres\u00e9s"}}]},{"@type":"Organization","@id":"https:\/\/allasorias.hu\/hirek\/#organization","name":"AllasOrias.hu | H\u00edrek-lapszemle","description":"\u00dczleti h\u00edrek az \u00e1ll\u00e1s \u00e9s a munka vil\u00e1g\u00e1b\u00f3l","url":"https:\/\/allasorias.hu\/hirek\/","logo":{"@type":"ImageObject","url":"https:\/\/allasorias.hu\/hirek\/wp-content\/uploads\/2022\/10\/allasorias_site_facebok_logo.png","@id":"https:\/\/allasorias.hu\/hirek\/telitodik-az-allaspiac\/#organizationLogo"},"image":{"@id":"https:\/\/allasorias.hu\/hirek\/telitodik-az-allaspiac\/#organizationLogo"},"sameAs":["https:\/\/www.facebook.com\/allasorias","https:\/\/www.linkedin.com\/company\/allasorias"]},{"@type":"Person","@id":"https:\/\/allasorias.hu\/hirek\/author\/admin-allasorias\/#author","url":"https:\/\/allasorias.hu\/hirek\/author\/admin-allasorias\/","name":"Juh\u00e1sz P\u00e9ter","image":{"@type":"ImageObject","@id":"https:\/\/allasorias.hu\/hirek\/telitodik-az-allaspiac\/#authorImage","url":"https:\/\/secure.gravatar.com\/avatar\/36e6bcb83148978b992977cb0f54d22feb0cce8a0a849a9410532bb2623ba4c6?s=96&d=mm&r=g","width":96,"height":96,"caption":"Juh\u00e1sz P\u00e9ter"}},{"@type":"WebPage","@id":"https:\/\/allasorias.hu\/hirek\/telitodik-az-allaspiac\/#webpage","url":"https:\/\/allasorias.hu\/hirek\/telitodik-az-allaspiac\/","name":"Tel\u00edt\u0151dik az \u00e1ll\u00e1spiac | AllasOrias.hu | H\u00edrek-lapszemle","description":"N\u0151tt az \u00e1ll\u00e1shirdet\u00e9sek sz\u00e1ma. Az \u00fajb\u00f3li munkaer\u0151hi\u00e1nyt a di\u00e1kok foglalkoztat\u00e1sa jelenthet r\u00e9szben megold\u00e1st, az ugyanis hamar kider\u00fclt, hogy a j\u00e1rv\u00e1ny miatt k\u00fclf\u00f6ldr\u0151l hazat\u00e9rt munkav\u00e1llal\u00f3k nem id\u0151znek sok\u00e1ig a magyar munkaer\u0151piacon. Nagys\u00e1grendileg mintegy 15 ezer feh\u00e9r gall\u00e9ros \u00e9s legal\u00e1bb ugyanennyi k\u00e9k gall\u00e9ros nyitott poz\u00edci\u00f3 van jelenleg a piacon. Csak a Trenkwaldern\u00e9l t\u00f6bb mint 850 poz\u00edci\u00f3 \u00e9s","inLanguage":"hu-HU","isPartOf":{"@id":"https:\/\/allasorias.hu\/hirek\/#website"},"breadcrumb":{"@id":"https:\/\/allasorias.hu\/hirek\/telitodik-az-allaspiac\/#breadcrumblist"},"author":{"@id":"https:\/\/allasorias.hu\/hirek\/author\/admin-allasorias\/#author"},"creator":{"@id":"https:\/\/allasorias.hu\/hirek\/author\/admin-allasorias\/#author"},"image":{"@type":"ImageObject","url":"https:\/\/allasorias.hu\/hirek\/wp-content\/uploads\/2021\/03\/businessman-drawing-circle-select-group-people-standing-out-crowd.jpg","@id":"https:\/\/allasorias.hu\/hirek\/telitodik-az-allaspiac\/#mainImage","width":1920,"height":1001,"caption":"Human resource management and recruitment employment business concept. Businessman drawing circle select group people standing out of crowd"},"primaryImageOfPage":{"@id":"https:\/\/allasorias.hu\/hirek\/telitodik-az-allaspiac\/#mainImage"},"datePublished":"2021-07-12T06:53:14+02:00","dateModified":"2021-07-12T06:53:14+02:00"},{"@type":"WebSite","@id":"https:\/\/allasorias.hu\/hirek\/#website","url":"https:\/\/allasorias.hu\/hirek\/","name":"AllasOrias.hu | H\u00edrek-lapszemle","description":"\u00dczleti h\u00edrek az \u00e1ll\u00e1s \u00e9s a munka vil\u00e1g\u00e1b\u00f3l","inLanguage":"hu-HU","publisher":{"@id":"https:\/\/allasorias.hu\/hirek\/#organization"}}]},"og:locale":"hu_HU","og:site_name":"AllasOrias.hu | H\u00edrek-lapszemle | \u00dczleti h\u00edrek az \u00e1ll\u00e1s \u00e9s a munka vil\u00e1g\u00e1b\u00f3l","og:type":"article","og:title":"Tel\u00edt\u0151dik az \u00e1ll\u00e1spiac | AllasOrias.hu | H\u00edrek-lapszemle","og:description":"N\u0151tt az \u00e1ll\u00e1shirdet\u00e9sek sz\u00e1ma. Az \u00fajb\u00f3li munkaer\u0151hi\u00e1nyt a di\u00e1kok foglalkoztat\u00e1sa jelenthet r\u00e9szben megold\u00e1st, az ugyanis hamar kider\u00fclt, hogy a j\u00e1rv\u00e1ny miatt k\u00fclf\u00f6ldr\u0151l hazat\u00e9rt munkav\u00e1llal\u00f3k nem id\u0151znek sok\u00e1ig a magyar munkaer\u0151piacon. Nagys\u00e1grendileg mintegy 15 ezer feh\u00e9r gall\u00e9ros \u00e9s legal\u00e1bb ugyanennyi k\u00e9k gall\u00e9ros nyitott poz\u00edci\u00f3 van jelenleg a piacon. Csak a Trenkwaldern\u00e9l t\u00f6bb mint 850 poz\u00edci\u00f3 \u00e9s","og:url":"https:\/\/allasorias.hu\/hirek\/telitodik-az-allaspiac\/","og:image":"https:\/\/allasorias.hu\/hirek\/wp-content\/uploads\/2021\/03\/businessman-drawing-circle-select-group-people-standing-out-crowd.jpg","og:image:secure_url":"https:\/\/allasorias.hu\/hirek\/wp-content\/uploads\/2021\/03\/businessman-drawing-circle-select-group-people-standing-out-crowd.jpg","og:image:width":1920,"og:image:height":1001,"article:published_time":"2021-07-12T06:53:14+00:00","article:modified_time":"2021-07-12T06:53:14+00:00","article:publisher":"https:\/\/www.facebook.com\/allasorias","twitter:card":"summary_large_image","twitter:title":"Tel\u00edt\u0151dik az \u00e1ll\u00e1spiac | AllasOrias.hu | H\u00edrek-lapszemle","twitter:description":"N\u0151tt az \u00e1ll\u00e1shirdet\u00e9sek sz\u00e1ma. Az \u00fajb\u00f3li munkaer\u0151hi\u00e1nyt a di\u00e1kok foglalkoztat\u00e1sa jelenthet r\u00e9szben megold\u00e1st, az ugyanis hamar kider\u00fclt, hogy a j\u00e1rv\u00e1ny miatt k\u00fclf\u00f6ldr\u0151l hazat\u00e9rt munkav\u00e1llal\u00f3k nem id\u0151znek sok\u00e1ig a magyar munkaer\u0151piacon. Nagys\u00e1grendileg mintegy 15 ezer feh\u00e9r gall\u00e9ros \u00e9s legal\u00e1bb ugyanennyi k\u00e9k gall\u00e9ros nyitott poz\u00edci\u00f3 van jelenleg a piacon. Csak a Trenkwaldern\u00e9l t\u00f6bb mint 850 poz\u00edci\u00f3 \u00e9s","twitter:image":"https:\/\/allasorias.hu\/hirek\/wp-content\/uploads\/2021\/03\/businessman-drawing-circle-select-group-people-standing-out-crowd.jpg","twitter:label1":"Written by","twitter:data1":"Juh\u00e1sz P\u00e9ter","twitter:label2":"Est. reading time","twitter:data2":"4 minutes"},"aioseo_meta_data":{"post_id":"4909","title":null,"description":null,"keywords":[],"keyphrases":{"focus":[],"additional":[]},"primary_term":null,"canonical_url":null,"og_title":null,"og_description":null,"og_object_type":"default","og_image_type":"default","og_image_url":null,"og_image_width":null,"og_image_height":null,"og_image_custom_url":null,"og_image_custom_fields":null,"og_video":"","og_custom_url":null,"og_article_section":null,"og_article_tags":[],"twitter_use_og":false,"twitter_card":"default","twitter_image_type":"default","twitter_image_url":null,"twitter_image_custom_url":null,"twitter_image_custom_fields":null,"twitter_title":null,"twitter_description":null,"schema":{"blockGraphs":[],"customGraphs":[],"default":{"data":{"Article":[],"Course":[],"Dataset":[],"FAQPage":[],"Movie":[],"Person":[],"Product":[],"ProductReview":[],"Car":[],"Recipe":[],"Service":[],"SoftwareApplication":[],"WebPage":[]},"graphName":"","isEnabled":true},"graphs":[],"defaultGraph":"Article","defaultPostTypeGraph":""},"schema_type":"default","schema_type_options":"{\"article\":{\"articleType\":\"BlogPosting\"},\"course\":{\"name\":\"\",\"description\":\"\",\"provider\":\"\"},\"faq\":{\"pages\":[]},\"product\":{\"reviews\":[]},\"recipe\":{\"ingredients\":[],\"instructions\":[],\"keywords\":[]},\"software\":{\"reviews\":[],\"operatingSystems\":[]},\"webPage\":{\"webPageType\":\"WebPage\"}}","pillar_content":false,"robots_default":true,"robots_noindex":false,"robots_noarchive":false,"robots_nosnippet":false,"robots_nofollow":false,"robots_noimageindex":false,"robots_noodp":false,"robots_notranslate":false,"robots_max_snippet":"-1","robots_max_videopreview":"-1","robots_max_imagepreview":"large","priority":null,"frequency":"default","location":null,"local_seo":{"locations":{"business":{"name":"","businessType":"","image":"","areaServed":"","urls":{"website":"","aboutPage":"","contactPage":""},"address":{"streetLine1":"","streetLine2":"","zipCode":"","city":"","state":"","country":"","addressFormat":"#streetLineOne\n#streetLineTwo\n#city, #state #zipCode"},"contact":{"phone":"","email":"","fax":""},"ids":{"vat":"","tax":"","chamberOfCommerce":""},"payment":{"priceRange":"","currenciesAccepted":"","methods":""}}},"openingHours":{"useDefaults":true,"show":true,"alwaysOpen":false,"use24hFormat":false,"timezone":"","labels":{"closed":"","alwaysOpen":""},"days":{"monday":{"open24h":false,"closed":false,"openTime":"09:00","closeTime":"17:00"},"tuesday":{"open24h":false,"closed":false,"openTime":"09:00","closeTime":"17:00"},"wednesday":{"open24h":false,"closed":false,"openTime":"09:00","closeTime":"17:00"},"thursday":{"open24h":false,"closed":false,"openTime":"09:00","closeTime":"17:00"},"friday":{"open24h":false,"closed":false,"openTime":"09:00","closeTime":"17:00"},"saturday":{"open24h":false,"closed":false,"openTime":"09:00","closeTime":"17:00"},"sunday":{"open24h":false,"closed":false,"openTime":"09:00","closeTime":"17:00"}}}},"breadcrumb_settings":null,"limit_modified_date":false,"ai":null,"created":"2021-07-12 06:44:14","updated":"2025-10-02 15:58:28","seo_analyzer_scan_date":null,"focus_keyword":null,"additional_keywords":null,"truseo_locale":null},"aioseo_breadcrumb":"<div class=\"aioseo-breadcrumbs\"><span class=\"aioseo-breadcrumb\">\n\t\t\t<a href=\"https:\/\/allasorias.hu\/hirek\" title=\"Home\">Home<\/a>\n\t\t<\/span><span class=\"aioseo-breadcrumb-separator\">&raquo;<\/span><span class=\"aioseo-breadcrumb\">\n\t\t\t<a href=\"https:\/\/allasorias.hu\/hirek\/temak\/allaskereses\/\" title=\"\u00c1ll\u00e1skeres\u00e9s\">\u00c1ll\u00e1skeres\u00e9s<\/a>\n\t\t<\/span><span class=\"aioseo-breadcrumb-separator\">&raquo;<\/span><span class=\"aioseo-breadcrumb\">\n\t\t\tTel\u00edt\u0151dik  az \u00e1ll\u00e1spiac\n\t\t<\/span><\/div>","aioseo_breadcrumb_json":[{"label":"Home","link":"https:\/\/allasorias.hu\/hirek"},{"label":"\u00c1ll\u00e1skeres\u00e9s","link":"https:\/\/allasorias.hu\/hirek\/temak\/allaskereses\/"},{"label":"Tel\u00edt\u0151dik  az \u00e1ll\u00e1spiac","link":"https:\/\/allasorias.hu\/hirek\/telitodik-az-allaspiac\/"}],"_links":{"self":[{"href":"https:\/\/allasorias.hu\/hirek\/wp-json\/wp\/v2\/posts\/4909","targetHints":{"allow":["GET"]}}],"collection":[{"href":"https:\/\/allasorias.hu\/hirek\/wp-json\/wp\/v2\/posts"}],"about":[{"href":"https:\/\/allasorias.hu\/hirek\/wp-json\/wp\/v2\/types\/post"}],"author":[{"embeddable":true,"href":"https:\/\/allasorias.hu\/hirek\/wp-json\/wp\/v2\/users\/1"}],"replies":[{"embeddable":true,"href":"https:\/\/allasorias.hu\/hirek\/wp-json\/wp\/v2\/comments?post=4909"}],"version-history":[{"count":1,"href":"https:\/\/allasorias.hu\/hirek\/wp-json\/wp\/v2\/posts\/4909\/revisions"}],"predecessor-version":[{"id":4910,"href":"https:\/\/allasorias.hu\/hirek\/wp-json\/wp\/v2\/posts\/4909\/revisions\/4910"}],"wp:featuredmedia":[{"embeddable":true,"href":"https:\/\/allasorias.hu\/hirek\/wp-json\/wp\/v2\/media\/4637"}],"wp:attachment":[{"href":"https:\/\/allasorias.hu\/hirek\/wp-json\/wp\/v2\/media?parent=4909"}],"wp:term":[{"taxonomy":"category","embeddable":true,"href":"https:\/\/allasorias.hu\/hirek\/wp-json\/wp\/v2\/categories?post=4909"},{"taxonomy":"post_tag","embeddable":true,"href":"https:\/\/allasorias.hu\/hirek\/wp-json\/wp\/v2\/tags?post=4909"}],"curies":[{"name":"wp","href":"https:\/\/api.w.org\/{rel}","templated":true}]}}