{"id":4896,"date":"2021-07-07T07:13:56","date_gmt":"2021-07-07T07:13:56","guid":{"rendered":"https:\/\/allasorias.hu\/hirek\/?p=4896"},"modified":"2021-07-07T07:13:56","modified_gmt":"2021-07-07T07:13:56","slug":"fontos-a-kepzes-az-epitoiparban-is","status":"publish","type":"post","link":"https:\/\/allasorias.hu\/hirek\/fontos-a-kepzes-az-epitoiparban-is\/","title":{"rendered":"Fontos a k\u00e9pz\u00e9s az \u00e9p\u00edt\u0151iparban is"},"content":{"rendered":"<p><strong>Az Innov\u00e1ci\u00f3s \u00e9s Technol\u00f3giai Miniszt\u00e9rium ismertette: j\u00faniusban z\u00e1rult az els\u0151 tan\u00e9v a meger\u0151s\u00edtett szakk\u00e9pz\u00e9sben<\/strong>. <strong>A korm\u00e1ny sikeres gazdas\u00e1gv\u00e9delmi int\u00e9zked\u00e9seinek k\u00f6sz\u00f6nhet\u0151en a munkaer\u0151piac mindenn\u00e9l jobban ig\u00e9nyli a szakk\u00e9pzett munkaer\u0151t; az \u00e9p\u00edt\u0151iparban er\u0151s\u00edteni kell a szakmai k\u00e9pz\u00e9st, az oktat\u00e1snak tartania kell a l\u00e9p\u00e9st az \u00e9lelmiszeripar \u00e9s v\u00e9delmi ipar korszer\u0171s\u00edt\u00e9s\u00e9re biztos\u00edtott forr\u00e1sok rendk\u00edv\u00fcli m\u00e9rt\u00e9k\u0171 n\u00f6veked\u00e9s\u00e9vel is &#8211; hangs\u00falyozta Palkovics L\u00e1szl\u00f3 innov\u00e1ci\u00f3s \u00e9s technol\u00f3giai miniszter a szakk\u00e9pz\u00e9st t\u00e1mogat\u00f3 \u00e1gazati k\u00e9szs\u00e9gtan\u00e1csoknak tartott \u00e9v\u00e9rt\u00e9kel\u0151 egyeztet\u00e9s\u00e9n. <\/strong><\/p>\n<p>Az Innov\u00e1ci\u00f3s \u00e9s Technol\u00f3giai Miniszt\u00e9rium ismertette: j\u00faniusban z\u00e1rult az els\u0151 tan\u00e9v a meger\u0151s\u00edtett szakk\u00e9pz\u00e9sben. A rendszer \u00e1tfog\u00f3 fejleszt\u00e9s\u00e9hez javaslattev\u0151k\u00e9nt jelent\u0151s t\u00e1mogat\u00e1st ny\u00fajtottak az egyes szektorok gazd\u00e1lkod\u00f3 szervezeteinek szakmai \u00e9rdekeit k\u00e9pvisel\u0151 \u00e1gazati k\u00e9szs\u00e9gtan\u00e1csok. Ezeknek a test\u00fcleteknek az eln\u00f6keit h\u00edvta \u00f6ssze az innov\u00e1ci\u00f3s \u00e9s technol\u00f3giai miniszter az els\u0151 tapasztalatok megvitat\u00e1s\u00e1ra, \u00e9rt\u00e9kel\u00e9s\u00e9re. &#8222;Magyarorsz\u00e1g versenyk\u00e9pess\u00e9g\u00e9nek meg\u0151rz\u00e9se \u00e9s fokoz\u00e1sa a munkaer\u0151-piaci ig\u00e9nyek \u00e9s a k\u00e9pz\u00e9si k\u00edn\u00e1lat \u00f6sszehangol\u00e1s\u00e1t ig\u00e9nyli. Ehhez n\u00e9lk\u00fcl\u00f6zhetetlen, hogy megfelel\u0151 r\u00e1l\u00e1t\u00e1sunk legyen, naprak\u00e9sz inform\u00e1ci\u00f3t kapjunk az egyes \u00e1gazatok gazdas\u00e1gi, foglalkoztat\u00e1si \u00e9s technol\u00f3giai folyamatair\u00f3l&#8221; &#8211; emelte ki Palkovics L\u00e1szl\u00f3. A t\u00e1rca felid\u00e9zte: a meg\u00fajult szakk\u00e9pz\u00e9s k\u00fcldet\u00e9se, hogy elt\u00e9r\u0151 helyzet\u00fckt\u0151l \u00e9s karrierterveikt\u0151l f\u00fcggetlen\u00fcl minden fiatal \u00e9letlehet\u0151s\u00e9g\u00e9t jav\u00edtsa. A tanul\u00f3k a gazdas\u00e1g ig\u00e9nyeit t\u00fckr\u00f6z\u0151 k\u00f6vetelm\u00e9nyek alapj\u00e1n saj\u00e1t\u00edthatnak el korszer\u0171 szakmai ismereteket. A szakk\u00e9pz\u0151 iskol\u00e1kban h\u00e1rom \u00e9v alatt kitanulhat\u00f3 egy biztos elhelyezked\u00e9st \u00e9s tisztess\u00e9ges b\u00e9rez\u00e9st \u00edg\u00e9r\u0151 szakma. Az \u00f6t\u00e9ves technikumok \u00e9retts\u00e9git is adnak, megk\u00f6nny\u00edtik a tov\u00e1bbl\u00e9p\u00e9st a szakir\u00e1ny\u00fa fels\u0151oktat\u00e1sba. A szakk\u00e9pz\u00e9s \u00edgy sokak sz\u00e1m\u00e1ra k\u00edn\u00e1l szinte szem\u00e9lyre szabott lehet\u0151s\u00e9geket.A k\u00f6zlem\u00e9ny szerint a megtett l\u00e9p\u00e9sek sikeress\u00e9g\u00e9t igazolja, hogy id\u00e9n a nyolcadik \u00e9vfolyam ut\u00e1n tov\u00e1bbtanul\u00f3k k\u00f6z\u00fcl a legt\u00f6bb di\u00e1kot technikumba vett\u00e9k fel. A tanul\u00f3k lemorzsol\u00f3d\u00e1s\u00e1t az orient\u00e1ci\u00f3s \u00e9vfolyam, a dobbant\u00f3 program \u00e9s a m\u0171helyiskol\u00e1k f\u00e9kezik. A k\u00e9pz\u00e9s elej\u00e9n elkezdett \u00e1gazati alapoz\u00f3 k\u00e9pz\u00e9sek eltolj\u00e1k a szakmav\u00e1laszt\u00e1st, \u00edgy seg\u00edtik a di\u00e1kokat a megalapozott d\u00f6nt\u00e9shozatalban. Id\u00e9n a tavalyin\u00e1l mintegy \u00f6t\u00f6d\u00e9vel t\u00f6bben, 22 ezren jelentkeztek a szakk\u00e9pz\u00e9sb\u0151l els\u0151 helyen az egyetemi alap- \u00e9s osztatlan k\u00e9pz\u00e9sekre vagy fels\u0151oktat\u00e1si szakk\u00e9pz\u00e9sbe. Egyre t\u00f6bb c\u00e9g v\u00e1llal r\u00e9szt a du\u00e1lis k\u00e9pz\u00e9sek megval\u00f3s\u00edt\u00e1s\u00e1ban, ezzel gyakran leend\u0151 dolgoz\u00f3ik hat\u00e9kony munkav\u00e9gz\u00e9sre val\u00f3 felk\u00e9sz\u00edt\u00e9s\u00e9ben. Az oktat\u00f3k tov\u00e1bbk\u00e9pz\u00e9se is hat\u00e9konyabban val\u00f3sulhat meg a legkorszer\u0171bb technol\u00f3gi\u00e1kat alkalmaz\u00f3 v\u00e1llalatokn\u00e1l. A gazdas\u00e1gi szerepl\u0151k fokozottabb bevon\u00f3d\u00e1s\u00e1t az int\u00e9zm\u00e9nyeknek k\u00f6zvetlen kapcsolatfelv\u00e9tellel, m\u00e9g t\u00f6bb inform\u00e1ci\u00f3t biztos\u00edtva \u00e9rdemes \u00f6szt\u00f6n\u00f6zni\u00fck. Palkovics L\u00e1szl\u00f3 kiemelte: az \u00e9p\u00edt\u0151iparon m\u00falik, hogy a csal\u00e1dok otthonteremt\u00e9si, lak\u00e1sfel\u00faj\u00edt\u00e1si t\u00e1mogat\u00e1sai j\u00f3l hasznosuljanak, a v\u00e1llalkoz\u00e1sok v\u00e9gig tudj\u00e1k vinni gazdas\u00e1g\u00e9l\u00e9nk\u00edt\u0151, munkahelyteremt\u0151 beruh\u00e1z\u00e1saikat. A szektorban a j\u00e1rv\u00e1nyhelyzet ellen\u00e9re egy \u00e9v alatt 26 ezerrel n\u0151tt a foglalkoztat\u00e1s, ez az \u00f6sszes nemzetgazdas\u00e1gi \u00e1g k\u00f6z\u00fcl a m\u00e1sodik legnagyobb m\u00e9rt\u00e9k\u0171 b\u0151v\u00fcl\u00e9s. Az \u00e9p\u00edt\u0151ipar hat\u00e9konys\u00e1g\u00e1nak jav\u00edt\u00e1s\u00e1t a korm\u00e1ny eszk\u00f6zp\u00e1ly\u00e1zatokkal folyamatosan seg\u00edti, de fontos a szakmai tud\u00e1s er\u0151s\u00edt\u00e9se, korszer\u0171s\u00edt\u00e9se, az ut\u00e1np\u00f3tl\u00e1s biztos\u00edt\u00e1sa is. A nemzeti \u00f6nrendelkez\u00e9sben \u00e9s \u00f6nell\u00e1t\u00e1sban kulcsszerepet bet\u00f6lt\u0151 v\u00e9delmi ipar \u00e9s \u00e9lelmiszeripar gy\u00e1rt\u00e1si kapacit\u00e1s- \u00e9s technol\u00f3giafejleszt\u00e9s\u00e9hez kor\u00e1bban soha nem l\u00e1tott forr\u00e1smennyis\u00e9g \u00e1ll az \u00e1gazatok rendelkez\u00e9s\u00e9re. Ehhez a n\u00f6veked\u00e9shez fel kell z\u00e1rk\u00f3ztatni a szakk\u00e9pz\u00e9st is &#8211; hangs\u00falyozta Palkovics L\u00e1szl\u00f3.<\/p>\n<p>Forr\u00e1s: profitline.hu<\/p>\n","protected":false},"excerpt":{"rendered":"<p>Az Innov\u00e1ci\u00f3s \u00e9s Technol\u00f3giai Miniszt\u00e9rium ismertette: j\u00faniusban z\u00e1rult az els\u0151 tan\u00e9v a meger\u0151s\u00edtett szakk\u00e9pz\u00e9sben. A korm\u00e1ny sikeres gazdas\u00e1gv\u00e9delmi int\u00e9zked\u00e9seinek k\u00f6sz\u00f6nhet\u0151en a munkaer\u0151piac mindenn\u00e9l jobban ig\u00e9nyli a szakk\u00e9pzett munkaer\u0151t; az \u00e9p\u00edt\u0151iparban er\u0151s\u00edteni kell a szakmai k\u00e9pz\u00e9st, az oktat\u00e1snak tartania kell a l\u00e9p\u00e9st az \u00e9lelmiszeripar \u00e9s v\u00e9delmi ipar korszer\u0171s\u00edt\u00e9s\u00e9re biztos\u00edtott forr\u00e1sok rendk\u00edv\u00fcli m\u00e9rt\u00e9k\u0171 n\u00f6veked\u00e9s\u00e9vel is &#8211; hangs\u00falyozta [&hellip;]<\/p>\n","protected":false},"author":1,"featured_media":4897,"comment_status":"open","ping_status":"open","sticky":false,"template":"","format":"standard","meta":{"_monsterinsights_skip_tracking":false,"footnotes":""},"categories":[200],"tags":[],"class_list":["post-4896","post","type-post","status-publish","format-standard","has-post-thumbnail","hentry","category-munkaeropiac"],"aioseo_notices":[],"aioseo_head":"\n\t\t<!-- All in One SEO 5.0.0.1 - aioseo.com -->\n\t<meta name=\"description\" content=\"Az Innov\u00e1ci\u00f3s \u00e9s Technol\u00f3giai Miniszt\u00e9rium ismertette: j\u00faniusban z\u00e1rult az els\u0151 tan\u00e9v a meger\u0151s\u00edtett szakk\u00e9pz\u00e9sben. A korm\u00e1ny sikeres gazdas\u00e1gv\u00e9delmi int\u00e9zked\u00e9seinek k\u00f6sz\u00f6nhet\u0151en a munkaer\u0151piac mindenn\u00e9l jobban ig\u00e9nyli a szakk\u00e9pzett munkaer\u0151t; az \u00e9p\u00edt\u0151iparban er\u0151s\u00edteni kell a szakmai k\u00e9pz\u00e9st, az oktat\u00e1snak tartania kell a l\u00e9p\u00e9st az \u00e9lelmiszeripar \u00e9s v\u00e9delmi ipar korszer\u0171s\u00edt\u00e9s\u00e9re biztos\u00edtott forr\u00e1sok rendk\u00edv\u00fcli m\u00e9rt\u00e9k\u0171 n\u00f6veked\u00e9s\u00e9vel is - hangs\u00falyozta\" \/>\n\t<meta name=\"robots\" content=\"max-image-preview:large\" \/>\n\t<meta name=\"author\" content=\"Juh\u00e1sz P\u00e9ter\"\/>\n\t<link rel=\"canonical\" href=\"https:\/\/allasorias.hu\/hirek\/fontos-a-kepzes-az-epitoiparban-is\/\" \/>\n\t<meta name=\"generator\" content=\"All in One SEO (AIOSEO) 5.0.0.1\" \/>\n\t\t<meta property=\"og:locale\" content=\"hu_HU\" \/>\n\t\t<meta property=\"og:site_name\" content=\"AllasOrias.hu | H\u00edrek-lapszemle | \u00dczleti h\u00edrek az \u00e1ll\u00e1s \u00e9s a munka vil\u00e1g\u00e1b\u00f3l\" \/>\n\t\t<meta property=\"og:type\" content=\"article\" \/>\n\t\t<meta property=\"og:title\" content=\"Fontos a k\u00e9pz\u00e9s az \u00e9p\u00edt\u0151iparban is | AllasOrias.hu | H\u00edrek-lapszemle\" \/>\n\t\t<meta property=\"og:description\" content=\"Az Innov\u00e1ci\u00f3s \u00e9s Technol\u00f3giai Miniszt\u00e9rium ismertette: j\u00faniusban z\u00e1rult az els\u0151 tan\u00e9v a meger\u0151s\u00edtett szakk\u00e9pz\u00e9sben. A korm\u00e1ny sikeres gazdas\u00e1gv\u00e9delmi int\u00e9zked\u00e9seinek k\u00f6sz\u00f6nhet\u0151en a munkaer\u0151piac mindenn\u00e9l jobban ig\u00e9nyli a szakk\u00e9pzett munkaer\u0151t; az \u00e9p\u00edt\u0151iparban er\u0151s\u00edteni kell a szakmai k\u00e9pz\u00e9st, az oktat\u00e1snak tartania kell a l\u00e9p\u00e9st az \u00e9lelmiszeripar \u00e9s v\u00e9delmi ipar korszer\u0171s\u00edt\u00e9s\u00e9re biztos\u00edtott forr\u00e1sok rendk\u00edv\u00fcli m\u00e9rt\u00e9k\u0171 n\u00f6veked\u00e9s\u00e9vel is - hangs\u00falyozta\" \/>\n\t\t<meta property=\"og:url\" content=\"https:\/\/allasorias.hu\/hirek\/fontos-a-kepzes-az-epitoiparban-is\/\" \/>\n\t\t<meta property=\"og:image\" content=\"https:\/\/allasorias.hu\/hirek\/wp-content\/uploads\/2021\/07\/hands-engineer-working-blueprint-construction-concept-engineering-tools-vintage-tone-retro-filter-effect-soft-focus-selective-focus.jpg\" \/>\n\t\t<meta property=\"og:image:secure_url\" content=\"https:\/\/allasorias.hu\/hirek\/wp-content\/uploads\/2021\/07\/hands-engineer-working-blueprint-construction-concept-engineering-tools-vintage-tone-retro-filter-effect-soft-focus-selective-focus.jpg\" \/>\n\t\t<meta property=\"og:image:width\" content=\"1920\" \/>\n\t\t<meta property=\"og:image:height\" content=\"1280\" \/>\n\t\t<meta property=\"article:published_time\" content=\"2021-07-07T07:13:56+00:00\" \/>\n\t\t<meta property=\"article:modified_time\" content=\"2021-07-07T07:13:56+00:00\" \/>\n\t\t<meta property=\"article:publisher\" content=\"https:\/\/www.facebook.com\/allasorias\" \/>\n\t\t<meta name=\"twitter:card\" content=\"summary_large_image\" \/>\n\t\t<meta name=\"twitter:title\" content=\"Fontos a k\u00e9pz\u00e9s az \u00e9p\u00edt\u0151iparban is | AllasOrias.hu | H\u00edrek-lapszemle\" \/>\n\t\t<meta name=\"twitter:description\" content=\"Az Innov\u00e1ci\u00f3s \u00e9s Technol\u00f3giai Miniszt\u00e9rium ismertette: j\u00faniusban z\u00e1rult az els\u0151 tan\u00e9v a meger\u0151s\u00edtett szakk\u00e9pz\u00e9sben. A korm\u00e1ny sikeres gazdas\u00e1gv\u00e9delmi int\u00e9zked\u00e9seinek k\u00f6sz\u00f6nhet\u0151en a munkaer\u0151piac mindenn\u00e9l jobban ig\u00e9nyli a szakk\u00e9pzett munkaer\u0151t; az \u00e9p\u00edt\u0151iparban er\u0151s\u00edteni kell a szakmai k\u00e9pz\u00e9st, az oktat\u00e1snak tartania kell a l\u00e9p\u00e9st az \u00e9lelmiszeripar \u00e9s v\u00e9delmi ipar korszer\u0171s\u00edt\u00e9s\u00e9re biztos\u00edtott forr\u00e1sok rendk\u00edv\u00fcli m\u00e9rt\u00e9k\u0171 n\u00f6veked\u00e9s\u00e9vel is - hangs\u00falyozta\" \/>\n\t\t<meta name=\"twitter:image\" content=\"https:\/\/allasorias.hu\/hirek\/wp-content\/uploads\/2021\/07\/hands-engineer-working-blueprint-construction-concept-engineering-tools-vintage-tone-retro-filter-effect-soft-focus-selective-focus.jpg\" \/>\n\t\t<meta name=\"twitter:label1\" content=\"Written by\" \/>\n\t\t<meta name=\"twitter:data1\" content=\"Juh\u00e1sz P\u00e9ter\" \/>\n\t\t<meta name=\"twitter:label2\" content=\"Est. reading time\" \/>\n\t\t<meta name=\"twitter:data2\" content=\"4 minutes\" \/>\n\t\t<script type=\"application\/ld+json\" class=\"aioseo-schema\">\n\t\t\t{\"@context\":\"https:\\\/\\\/schema.org\",\"@graph\":[{\"@type\":\"Article\",\"@id\":\"https:\\\/\\\/allasorias.hu\\\/hirek\\\/fontos-a-kepzes-az-epitoiparban-is\\\/#article\",\"name\":\"Fontos a k\\u00e9pz\\u00e9s az \\u00e9p\\u00edt\\u0151iparban is | AllasOrias.hu | H\\u00edrek-lapszemle\",\"headline\":\"Fontos a k\\u00e9pz\\u00e9s az \\u00e9p\\u00edt\\u0151iparban is\",\"author\":{\"@id\":\"https:\\\/\\\/allasorias.hu\\\/hirek\\\/author\\\/admin-allasorias\\\/#author\"},\"publisher\":{\"@id\":\"https:\\\/\\\/allasorias.hu\\\/hirek\\\/#organization\"},\"image\":{\"@type\":\"ImageObject\",\"url\":\"https:\\\/\\\/allasorias.hu\\\/hirek\\\/wp-content\\\/uploads\\\/2021\\\/07\\\/hands-engineer-working-blueprint-construction-concept-engineering-tools-vintage-tone-retro-filter-effect-soft-focus-selective-focus.jpg\",\"width\":1920,\"height\":1280,\"caption\":\"Hands of Engineer working on blueprint,Construction concept. Engineering tools.Vintage tone retro filter effect,soft focus(selective focus)\"},\"datePublished\":\"2021-07-07T07:13:56+02:00\",\"dateModified\":\"2021-07-07T07:13:56+02:00\",\"inLanguage\":\"hu-HU\",\"mainEntityOfPage\":{\"@id\":\"https:\\\/\\\/allasorias.hu\\\/hirek\\\/fontos-a-kepzes-az-epitoiparban-is\\\/#webpage\"},\"isPartOf\":{\"@id\":\"https:\\\/\\\/allasorias.hu\\\/hirek\\\/fontos-a-kepzes-az-epitoiparban-is\\\/#webpage\"},\"articleSection\":\"Munkaer\\u0151piac\"},{\"@type\":\"BreadcrumbList\",\"@id\":\"https:\\\/\\\/allasorias.hu\\\/hirek\\\/fontos-a-kepzes-az-epitoiparban-is\\\/#breadcrumblist\",\"itemListElement\":[{\"@type\":\"ListItem\",\"@id\":\"https:\\\/\\\/allasorias.hu\\\/hirek#listItem\",\"position\":1,\"name\":\"Home\",\"item\":\"https:\\\/\\\/allasorias.hu\\\/hirek\",\"nextItem\":{\"@type\":\"ListItem\",\"@id\":\"https:\\\/\\\/allasorias.hu\\\/hirek\\\/temak\\\/munkaeropiac\\\/#listItem\",\"name\":\"Munkaer\\u0151piac\"}},{\"@type\":\"ListItem\",\"@id\":\"https:\\\/\\\/allasorias.hu\\\/hirek\\\/temak\\\/munkaeropiac\\\/#listItem\",\"position\":2,\"name\":\"Munkaer\\u0151piac\",\"item\":\"https:\\\/\\\/allasorias.hu\\\/hirek\\\/temak\\\/munkaeropiac\\\/\",\"nextItem\":{\"@type\":\"ListItem\",\"@id\":\"https:\\\/\\\/allasorias.hu\\\/hirek\\\/fontos-a-kepzes-az-epitoiparban-is\\\/#listItem\",\"name\":\"Fontos a k\\u00e9pz\\u00e9s az \\u00e9p\\u00edt\\u0151iparban is\"},\"previousItem\":{\"@type\":\"ListItem\",\"@id\":\"https:\\\/\\\/allasorias.hu\\\/hirek#listItem\",\"name\":\"Home\"}},{\"@type\":\"ListItem\",\"@id\":\"https:\\\/\\\/allasorias.hu\\\/hirek\\\/fontos-a-kepzes-az-epitoiparban-is\\\/#listItem\",\"position\":3,\"name\":\"Fontos a k\\u00e9pz\\u00e9s az \\u00e9p\\u00edt\\u0151iparban is\",\"previousItem\":{\"@type\":\"ListItem\",\"@id\":\"https:\\\/\\\/allasorias.hu\\\/hirek\\\/temak\\\/munkaeropiac\\\/#listItem\",\"name\":\"Munkaer\\u0151piac\"}}]},{\"@type\":\"Organization\",\"@id\":\"https:\\\/\\\/allasorias.hu\\\/hirek\\\/#organization\",\"name\":\"AllasOrias.hu | H\\u00edrek-lapszemle\",\"description\":\"\\u00dczleti h\\u00edrek az \\u00e1ll\\u00e1s \\u00e9s a munka vil\\u00e1g\\u00e1b\\u00f3l\",\"url\":\"https:\\\/\\\/allasorias.hu\\\/hirek\\\/\",\"logo\":{\"@type\":\"ImageObject\",\"url\":\"https:\\\/\\\/allasorias.hu\\\/hirek\\\/wp-content\\\/uploads\\\/2022\\\/10\\\/allasorias_site_facebok_logo.png\",\"@id\":\"https:\\\/\\\/allasorias.hu\\\/hirek\\\/fontos-a-kepzes-az-epitoiparban-is\\\/#organizationLogo\"},\"image\":{\"@id\":\"https:\\\/\\\/allasorias.hu\\\/hirek\\\/fontos-a-kepzes-az-epitoiparban-is\\\/#organizationLogo\"},\"sameAs\":[\"https:\\\/\\\/www.facebook.com\\\/allasorias\",\"https:\\\/\\\/www.linkedin.com\\\/company\\\/allasorias\"]},{\"@type\":\"Person\",\"@id\":\"https:\\\/\\\/allasorias.hu\\\/hirek\\\/author\\\/admin-allasorias\\\/#author\",\"url\":\"https:\\\/\\\/allasorias.hu\\\/hirek\\\/author\\\/admin-allasorias\\\/\",\"name\":\"Juh\\u00e1sz P\\u00e9ter\",\"image\":{\"@type\":\"ImageObject\",\"@id\":\"https:\\\/\\\/allasorias.hu\\\/hirek\\\/fontos-a-kepzes-az-epitoiparban-is\\\/#authorImage\",\"url\":\"https:\\\/\\\/secure.gravatar.com\\\/avatar\\\/36e6bcb83148978b992977cb0f54d22feb0cce8a0a849a9410532bb2623ba4c6?s=96&d=mm&r=g\",\"width\":96,\"height\":96,\"caption\":\"Juh\\u00e1sz P\\u00e9ter\"}},{\"@type\":\"WebPage\",\"@id\":\"https:\\\/\\\/allasorias.hu\\\/hirek\\\/fontos-a-kepzes-az-epitoiparban-is\\\/#webpage\",\"url\":\"https:\\\/\\\/allasorias.hu\\\/hirek\\\/fontos-a-kepzes-az-epitoiparban-is\\\/\",\"name\":\"Fontos a k\\u00e9pz\\u00e9s az \\u00e9p\\u00edt\\u0151iparban is | AllasOrias.hu | H\\u00edrek-lapszemle\",\"description\":\"Az Innov\\u00e1ci\\u00f3s \\u00e9s Technol\\u00f3giai Miniszt\\u00e9rium ismertette: j\\u00faniusban z\\u00e1rult az els\\u0151 tan\\u00e9v a meger\\u0151s\\u00edtett szakk\\u00e9pz\\u00e9sben. A korm\\u00e1ny sikeres gazdas\\u00e1gv\\u00e9delmi int\\u00e9zked\\u00e9seinek k\\u00f6sz\\u00f6nhet\\u0151en a munkaer\\u0151piac mindenn\\u00e9l jobban ig\\u00e9nyli a szakk\\u00e9pzett munkaer\\u0151t; az \\u00e9p\\u00edt\\u0151iparban er\\u0151s\\u00edteni kell a szakmai k\\u00e9pz\\u00e9st, az oktat\\u00e1snak tartania kell a l\\u00e9p\\u00e9st az \\u00e9lelmiszeripar \\u00e9s v\\u00e9delmi ipar korszer\\u0171s\\u00edt\\u00e9s\\u00e9re biztos\\u00edtott forr\\u00e1sok rendk\\u00edv\\u00fcli m\\u00e9rt\\u00e9k\\u0171 n\\u00f6veked\\u00e9s\\u00e9vel is - hangs\\u00falyozta\",\"inLanguage\":\"hu-HU\",\"isPartOf\":{\"@id\":\"https:\\\/\\\/allasorias.hu\\\/hirek\\\/#website\"},\"breadcrumb\":{\"@id\":\"https:\\\/\\\/allasorias.hu\\\/hirek\\\/fontos-a-kepzes-az-epitoiparban-is\\\/#breadcrumblist\"},\"author\":{\"@id\":\"https:\\\/\\\/allasorias.hu\\\/hirek\\\/author\\\/admin-allasorias\\\/#author\"},\"creator\":{\"@id\":\"https:\\\/\\\/allasorias.hu\\\/hirek\\\/author\\\/admin-allasorias\\\/#author\"},\"image\":{\"@type\":\"ImageObject\",\"url\":\"https:\\\/\\\/allasorias.hu\\\/hirek\\\/wp-content\\\/uploads\\\/2021\\\/07\\\/hands-engineer-working-blueprint-construction-concept-engineering-tools-vintage-tone-retro-filter-effect-soft-focus-selective-focus.jpg\",\"@id\":\"https:\\\/\\\/allasorias.hu\\\/hirek\\\/fontos-a-kepzes-az-epitoiparban-is\\\/#mainImage\",\"width\":1920,\"height\":1280,\"caption\":\"Hands of Engineer working on blueprint,Construction concept. Engineering tools.Vintage tone retro filter effect,soft focus(selective focus)\"},\"primaryImageOfPage\":{\"@id\":\"https:\\\/\\\/allasorias.hu\\\/hirek\\\/fontos-a-kepzes-az-epitoiparban-is\\\/#mainImage\"},\"datePublished\":\"2021-07-07T07:13:56+02:00\",\"dateModified\":\"2021-07-07T07:13:56+02:00\"},{\"@type\":\"WebSite\",\"@id\":\"https:\\\/\\\/allasorias.hu\\\/hirek\\\/#website\",\"url\":\"https:\\\/\\\/allasorias.hu\\\/hirek\\\/\",\"name\":\"AllasOrias.hu | H\\u00edrek-lapszemle\",\"description\":\"\\u00dczleti h\\u00edrek az \\u00e1ll\\u00e1s \\u00e9s a munka vil\\u00e1g\\u00e1b\\u00f3l\",\"inLanguage\":\"hu-HU\",\"publisher\":{\"@id\":\"https:\\\/\\\/allasorias.hu\\\/hirek\\\/#organization\"}}]}\n\t\t<\/script>\n\t\t<!-- All in One SEO -->\n\n","aioseo_head_json":{"title":"Fontos a k\u00e9pz\u00e9s az \u00e9p\u00edt\u0151iparban is | AllasOrias.hu | H\u00edrek-lapszemle","description":"Az Innov\u00e1ci\u00f3s \u00e9s Technol\u00f3giai Miniszt\u00e9rium ismertette: j\u00faniusban z\u00e1rult az els\u0151 tan\u00e9v a meger\u0151s\u00edtett szakk\u00e9pz\u00e9sben. A korm\u00e1ny sikeres gazdas\u00e1gv\u00e9delmi int\u00e9zked\u00e9seinek k\u00f6sz\u00f6nhet\u0151en a munkaer\u0151piac mindenn\u00e9l jobban ig\u00e9nyli a szakk\u00e9pzett munkaer\u0151t; az \u00e9p\u00edt\u0151iparban er\u0151s\u00edteni kell a szakmai k\u00e9pz\u00e9st, az oktat\u00e1snak tartania kell a l\u00e9p\u00e9st az \u00e9lelmiszeripar \u00e9s v\u00e9delmi ipar korszer\u0171s\u00edt\u00e9s\u00e9re biztos\u00edtott forr\u00e1sok rendk\u00edv\u00fcli m\u00e9rt\u00e9k\u0171 n\u00f6veked\u00e9s\u00e9vel is - hangs\u00falyozta","canonical_url":"https:\/\/allasorias.hu\/hirek\/fontos-a-kepzes-az-epitoiparban-is\/","robots":"max-image-preview:large","keywords":"","webmasterTools":{"miscellaneous":""},"schema":{"@context":"https:\/\/schema.org","@graph":[{"@type":"Article","@id":"https:\/\/allasorias.hu\/hirek\/fontos-a-kepzes-az-epitoiparban-is\/#article","name":"Fontos a k\u00e9pz\u00e9s az \u00e9p\u00edt\u0151iparban is | AllasOrias.hu | H\u00edrek-lapszemle","headline":"Fontos a k\u00e9pz\u00e9s az \u00e9p\u00edt\u0151iparban is","author":{"@id":"https:\/\/allasorias.hu\/hirek\/author\/admin-allasorias\/#author"},"publisher":{"@id":"https:\/\/allasorias.hu\/hirek\/#organization"},"image":{"@type":"ImageObject","url":"https:\/\/allasorias.hu\/hirek\/wp-content\/uploads\/2021\/07\/hands-engineer-working-blueprint-construction-concept-engineering-tools-vintage-tone-retro-filter-effect-soft-focus-selective-focus.jpg","width":1920,"height":1280,"caption":"Hands of Engineer working on blueprint,Construction concept. Engineering tools.Vintage tone retro filter effect,soft focus(selective focus)"},"datePublished":"2021-07-07T07:13:56+02:00","dateModified":"2021-07-07T07:13:56+02:00","inLanguage":"hu-HU","mainEntityOfPage":{"@id":"https:\/\/allasorias.hu\/hirek\/fontos-a-kepzes-az-epitoiparban-is\/#webpage"},"isPartOf":{"@id":"https:\/\/allasorias.hu\/hirek\/fontos-a-kepzes-az-epitoiparban-is\/#webpage"},"articleSection":"Munkaer\u0151piac"},{"@type":"BreadcrumbList","@id":"https:\/\/allasorias.hu\/hirek\/fontos-a-kepzes-az-epitoiparban-is\/#breadcrumblist","itemListElement":[{"@type":"ListItem","@id":"https:\/\/allasorias.hu\/hirek#listItem","position":1,"name":"Home","item":"https:\/\/allasorias.hu\/hirek","nextItem":{"@type":"ListItem","@id":"https:\/\/allasorias.hu\/hirek\/temak\/munkaeropiac\/#listItem","name":"Munkaer\u0151piac"}},{"@type":"ListItem","@id":"https:\/\/allasorias.hu\/hirek\/temak\/munkaeropiac\/#listItem","position":2,"name":"Munkaer\u0151piac","item":"https:\/\/allasorias.hu\/hirek\/temak\/munkaeropiac\/","nextItem":{"@type":"ListItem","@id":"https:\/\/allasorias.hu\/hirek\/fontos-a-kepzes-az-epitoiparban-is\/#listItem","name":"Fontos a k\u00e9pz\u00e9s az \u00e9p\u00edt\u0151iparban is"},"previousItem":{"@type":"ListItem","@id":"https:\/\/allasorias.hu\/hirek#listItem","name":"Home"}},{"@type":"ListItem","@id":"https:\/\/allasorias.hu\/hirek\/fontos-a-kepzes-az-epitoiparban-is\/#listItem","position":3,"name":"Fontos a k\u00e9pz\u00e9s az \u00e9p\u00edt\u0151iparban is","previousItem":{"@type":"ListItem","@id":"https:\/\/allasorias.hu\/hirek\/temak\/munkaeropiac\/#listItem","name":"Munkaer\u0151piac"}}]},{"@type":"Organization","@id":"https:\/\/allasorias.hu\/hirek\/#organization","name":"AllasOrias.hu | H\u00edrek-lapszemle","description":"\u00dczleti h\u00edrek az \u00e1ll\u00e1s \u00e9s a munka vil\u00e1g\u00e1b\u00f3l","url":"https:\/\/allasorias.hu\/hirek\/","logo":{"@type":"ImageObject","url":"https:\/\/allasorias.hu\/hirek\/wp-content\/uploads\/2022\/10\/allasorias_site_facebok_logo.png","@id":"https:\/\/allasorias.hu\/hirek\/fontos-a-kepzes-az-epitoiparban-is\/#organizationLogo"},"image":{"@id":"https:\/\/allasorias.hu\/hirek\/fontos-a-kepzes-az-epitoiparban-is\/#organizationLogo"},"sameAs":["https:\/\/www.facebook.com\/allasorias","https:\/\/www.linkedin.com\/company\/allasorias"]},{"@type":"Person","@id":"https:\/\/allasorias.hu\/hirek\/author\/admin-allasorias\/#author","url":"https:\/\/allasorias.hu\/hirek\/author\/admin-allasorias\/","name":"Juh\u00e1sz P\u00e9ter","image":{"@type":"ImageObject","@id":"https:\/\/allasorias.hu\/hirek\/fontos-a-kepzes-az-epitoiparban-is\/#authorImage","url":"https:\/\/secure.gravatar.com\/avatar\/36e6bcb83148978b992977cb0f54d22feb0cce8a0a849a9410532bb2623ba4c6?s=96&d=mm&r=g","width":96,"height":96,"caption":"Juh\u00e1sz P\u00e9ter"}},{"@type":"WebPage","@id":"https:\/\/allasorias.hu\/hirek\/fontos-a-kepzes-az-epitoiparban-is\/#webpage","url":"https:\/\/allasorias.hu\/hirek\/fontos-a-kepzes-az-epitoiparban-is\/","name":"Fontos a k\u00e9pz\u00e9s az \u00e9p\u00edt\u0151iparban is | AllasOrias.hu | H\u00edrek-lapszemle","description":"Az Innov\u00e1ci\u00f3s \u00e9s Technol\u00f3giai Miniszt\u00e9rium ismertette: j\u00faniusban z\u00e1rult az els\u0151 tan\u00e9v a meger\u0151s\u00edtett szakk\u00e9pz\u00e9sben. A korm\u00e1ny sikeres gazdas\u00e1gv\u00e9delmi int\u00e9zked\u00e9seinek k\u00f6sz\u00f6nhet\u0151en a munkaer\u0151piac mindenn\u00e9l jobban ig\u00e9nyli a szakk\u00e9pzett munkaer\u0151t; az \u00e9p\u00edt\u0151iparban er\u0151s\u00edteni kell a szakmai k\u00e9pz\u00e9st, az oktat\u00e1snak tartania kell a l\u00e9p\u00e9st az \u00e9lelmiszeripar \u00e9s v\u00e9delmi ipar korszer\u0171s\u00edt\u00e9s\u00e9re biztos\u00edtott forr\u00e1sok rendk\u00edv\u00fcli m\u00e9rt\u00e9k\u0171 n\u00f6veked\u00e9s\u00e9vel is - hangs\u00falyozta","inLanguage":"hu-HU","isPartOf":{"@id":"https:\/\/allasorias.hu\/hirek\/#website"},"breadcrumb":{"@id":"https:\/\/allasorias.hu\/hirek\/fontos-a-kepzes-az-epitoiparban-is\/#breadcrumblist"},"author":{"@id":"https:\/\/allasorias.hu\/hirek\/author\/admin-allasorias\/#author"},"creator":{"@id":"https:\/\/allasorias.hu\/hirek\/author\/admin-allasorias\/#author"},"image":{"@type":"ImageObject","url":"https:\/\/allasorias.hu\/hirek\/wp-content\/uploads\/2021\/07\/hands-engineer-working-blueprint-construction-concept-engineering-tools-vintage-tone-retro-filter-effect-soft-focus-selective-focus.jpg","@id":"https:\/\/allasorias.hu\/hirek\/fontos-a-kepzes-az-epitoiparban-is\/#mainImage","width":1920,"height":1280,"caption":"Hands of Engineer working on blueprint,Construction concept. Engineering tools.Vintage tone retro filter effect,soft focus(selective focus)"},"primaryImageOfPage":{"@id":"https:\/\/allasorias.hu\/hirek\/fontos-a-kepzes-az-epitoiparban-is\/#mainImage"},"datePublished":"2021-07-07T07:13:56+02:00","dateModified":"2021-07-07T07:13:56+02:00"},{"@type":"WebSite","@id":"https:\/\/allasorias.hu\/hirek\/#website","url":"https:\/\/allasorias.hu\/hirek\/","name":"AllasOrias.hu | H\u00edrek-lapszemle","description":"\u00dczleti h\u00edrek az \u00e1ll\u00e1s \u00e9s a munka vil\u00e1g\u00e1b\u00f3l","inLanguage":"hu-HU","publisher":{"@id":"https:\/\/allasorias.hu\/hirek\/#organization"}}]},"og:locale":"hu_HU","og:site_name":"AllasOrias.hu | H\u00edrek-lapszemle | \u00dczleti h\u00edrek az \u00e1ll\u00e1s \u00e9s a munka vil\u00e1g\u00e1b\u00f3l","og:type":"article","og:title":"Fontos a k\u00e9pz\u00e9s az \u00e9p\u00edt\u0151iparban is | AllasOrias.hu | H\u00edrek-lapszemle","og:description":"Az Innov\u00e1ci\u00f3s \u00e9s Technol\u00f3giai Miniszt\u00e9rium ismertette: j\u00faniusban z\u00e1rult az els\u0151 tan\u00e9v a meger\u0151s\u00edtett szakk\u00e9pz\u00e9sben. A korm\u00e1ny sikeres gazdas\u00e1gv\u00e9delmi int\u00e9zked\u00e9seinek k\u00f6sz\u00f6nhet\u0151en a munkaer\u0151piac mindenn\u00e9l jobban ig\u00e9nyli a szakk\u00e9pzett munkaer\u0151t; az \u00e9p\u00edt\u0151iparban er\u0151s\u00edteni kell a szakmai k\u00e9pz\u00e9st, az oktat\u00e1snak tartania kell a l\u00e9p\u00e9st az \u00e9lelmiszeripar \u00e9s v\u00e9delmi ipar korszer\u0171s\u00edt\u00e9s\u00e9re biztos\u00edtott forr\u00e1sok rendk\u00edv\u00fcli m\u00e9rt\u00e9k\u0171 n\u00f6veked\u00e9s\u00e9vel is - hangs\u00falyozta","og:url":"https:\/\/allasorias.hu\/hirek\/fontos-a-kepzes-az-epitoiparban-is\/","og:image":"https:\/\/allasorias.hu\/hirek\/wp-content\/uploads\/2021\/07\/hands-engineer-working-blueprint-construction-concept-engineering-tools-vintage-tone-retro-filter-effect-soft-focus-selective-focus.jpg","og:image:secure_url":"https:\/\/allasorias.hu\/hirek\/wp-content\/uploads\/2021\/07\/hands-engineer-working-blueprint-construction-concept-engineering-tools-vintage-tone-retro-filter-effect-soft-focus-selective-focus.jpg","og:image:width":1920,"og:image:height":1280,"article:published_time":"2021-07-07T07:13:56+00:00","article:modified_time":"2021-07-07T07:13:56+00:00","article:publisher":"https:\/\/www.facebook.com\/allasorias","twitter:card":"summary_large_image","twitter:title":"Fontos a k\u00e9pz\u00e9s az \u00e9p\u00edt\u0151iparban is | AllasOrias.hu | H\u00edrek-lapszemle","twitter:description":"Az Innov\u00e1ci\u00f3s \u00e9s Technol\u00f3giai Miniszt\u00e9rium ismertette: j\u00faniusban z\u00e1rult az els\u0151 tan\u00e9v a meger\u0151s\u00edtett szakk\u00e9pz\u00e9sben. A korm\u00e1ny sikeres gazdas\u00e1gv\u00e9delmi int\u00e9zked\u00e9seinek k\u00f6sz\u00f6nhet\u0151en a munkaer\u0151piac mindenn\u00e9l jobban ig\u00e9nyli a szakk\u00e9pzett munkaer\u0151t; az \u00e9p\u00edt\u0151iparban er\u0151s\u00edteni kell a szakmai k\u00e9pz\u00e9st, az oktat\u00e1snak tartania kell a l\u00e9p\u00e9st az \u00e9lelmiszeripar \u00e9s v\u00e9delmi ipar korszer\u0171s\u00edt\u00e9s\u00e9re biztos\u00edtott forr\u00e1sok rendk\u00edv\u00fcli m\u00e9rt\u00e9k\u0171 n\u00f6veked\u00e9s\u00e9vel is - hangs\u00falyozta","twitter:image":"https:\/\/allasorias.hu\/hirek\/wp-content\/uploads\/2021\/07\/hands-engineer-working-blueprint-construction-concept-engineering-tools-vintage-tone-retro-filter-effect-soft-focus-selective-focus.jpg","twitter:label1":"Written by","twitter:data1":"Juh\u00e1sz P\u00e9ter","twitter:label2":"Est. reading time","twitter:data2":"4 minutes"},"aioseo_meta_data":{"post_id":"4896","title":null,"description":null,"keywords":[],"keyphrases":{"focus":[],"additional":[]},"primary_term":null,"canonical_url":null,"og_title":null,"og_description":null,"og_object_type":"default","og_image_type":"default","og_image_url":null,"og_image_width":null,"og_image_height":null,"og_image_custom_url":null,"og_image_custom_fields":null,"og_video":"","og_custom_url":null,"og_article_section":null,"og_article_tags":[],"twitter_use_og":false,"twitter_card":"default","twitter_image_type":"default","twitter_image_url":null,"twitter_image_custom_url":null,"twitter_image_custom_fields":null,"twitter_title":null,"twitter_description":null,"schema":{"blockGraphs":[],"customGraphs":[],"default":{"data":{"Article":[],"Course":[],"Dataset":[],"FAQPage":[],"Movie":[],"Person":[],"Product":[],"ProductReview":[],"Car":[],"Recipe":[],"Service":[],"SoftwareApplication":[],"WebPage":[]},"graphName":"","isEnabled":true},"graphs":[],"defaultGraph":"Article","defaultPostTypeGraph":""},"schema_type":"default","schema_type_options":"{\"article\":{\"articleType\":\"BlogPosting\"},\"course\":{\"name\":\"\",\"description\":\"\",\"provider\":\"\"},\"faq\":{\"pages\":[]},\"product\":{\"reviews\":[]},\"recipe\":{\"ingredients\":[],\"instructions\":[],\"keywords\":[]},\"software\":{\"reviews\":[],\"operatingSystems\":[]},\"webPage\":{\"webPageType\":\"WebPage\"}}","pillar_content":false,"robots_default":true,"robots_noindex":false,"robots_noarchive":false,"robots_nosnippet":false,"robots_nofollow":false,"robots_noimageindex":false,"robots_noodp":false,"robots_notranslate":false,"robots_max_snippet":"-1","robots_max_videopreview":"-1","robots_max_imagepreview":"large","priority":null,"frequency":"default","location":null,"local_seo":{"locations":{"business":{"name":"","businessType":"","image":"","areaServed":"","urls":{"website":"","aboutPage":"","contactPage":""},"address":{"streetLine1":"","streetLine2":"","zipCode":"","city":"","state":"","country":"","addressFormat":"#streetLineOne\n#streetLineTwo\n#city, #state #zipCode"},"contact":{"phone":"","email":"","fax":""},"ids":{"vat":"","tax":"","chamberOfCommerce":""},"payment":{"priceRange":"","currenciesAccepted":"","methods":""}}},"openingHours":{"useDefaults":true,"show":true,"alwaysOpen":false,"use24hFormat":false,"timezone":"","labels":{"closed":"","alwaysOpen":""},"days":{"monday":{"open24h":false,"closed":false,"openTime":"09:00","closeTime":"17:00"},"tuesday":{"open24h":false,"closed":false,"openTime":"09:00","closeTime":"17:00"},"wednesday":{"open24h":false,"closed":false,"openTime":"09:00","closeTime":"17:00"},"thursday":{"open24h":false,"closed":false,"openTime":"09:00","closeTime":"17:00"},"friday":{"open24h":false,"closed":false,"openTime":"09:00","closeTime":"17:00"},"saturday":{"open24h":false,"closed":false,"openTime":"09:00","closeTime":"17:00"},"sunday":{"open24h":false,"closed":false,"openTime":"09:00","closeTime":"17:00"}}}},"breadcrumb_settings":null,"limit_modified_date":false,"ai":null,"created":"2021-07-07 07:08:02","updated":"2025-10-02 15:55:38","seo_analyzer_scan_date":null,"focus_keyword":null,"additional_keywords":null,"truseo_locale":null},"aioseo_breadcrumb":"<div class=\"aioseo-breadcrumbs\"><span class=\"aioseo-breadcrumb\">\n\t\t\t<a href=\"https:\/\/allasorias.hu\/hirek\" title=\"Home\">Home<\/a>\n\t\t<\/span><span class=\"aioseo-breadcrumb-separator\">&raquo;<\/span><span class=\"aioseo-breadcrumb\">\n\t\t\t<a href=\"https:\/\/allasorias.hu\/hirek\/temak\/munkaeropiac\/\" title=\"Munkaer\u0151piac\">Munkaer\u0151piac<\/a>\n\t\t<\/span><span class=\"aioseo-breadcrumb-separator\">&raquo;<\/span><span class=\"aioseo-breadcrumb\">\n\t\t\tFontos a k\u00e9pz\u00e9s az \u00e9p\u00edt\u0151iparban is\n\t\t<\/span><\/div>","aioseo_breadcrumb_json":[{"label":"Home","link":"https:\/\/allasorias.hu\/hirek"},{"label":"Munkaer\u0151piac","link":"https:\/\/allasorias.hu\/hirek\/temak\/munkaeropiac\/"},{"label":"Fontos a k\u00e9pz\u00e9s az \u00e9p\u00edt\u0151iparban is","link":"https:\/\/allasorias.hu\/hirek\/fontos-a-kepzes-az-epitoiparban-is\/"}],"_links":{"self":[{"href":"https:\/\/allasorias.hu\/hirek\/wp-json\/wp\/v2\/posts\/4896","targetHints":{"allow":["GET"]}}],"collection":[{"href":"https:\/\/allasorias.hu\/hirek\/wp-json\/wp\/v2\/posts"}],"about":[{"href":"https:\/\/allasorias.hu\/hirek\/wp-json\/wp\/v2\/types\/post"}],"author":[{"embeddable":true,"href":"https:\/\/allasorias.hu\/hirek\/wp-json\/wp\/v2\/users\/1"}],"replies":[{"embeddable":true,"href":"https:\/\/allasorias.hu\/hirek\/wp-json\/wp\/v2\/comments?post=4896"}],"version-history":[{"count":2,"href":"https:\/\/allasorias.hu\/hirek\/wp-json\/wp\/v2\/posts\/4896\/revisions"}],"predecessor-version":[{"id":4899,"href":"https:\/\/allasorias.hu\/hirek\/wp-json\/wp\/v2\/posts\/4896\/revisions\/4899"}],"wp:featuredmedia":[{"embeddable":true,"href":"https:\/\/allasorias.hu\/hirek\/wp-json\/wp\/v2\/media\/4897"}],"wp:attachment":[{"href":"https:\/\/allasorias.hu\/hirek\/wp-json\/wp\/v2\/media?parent=4896"}],"wp:term":[{"taxonomy":"category","embeddable":true,"href":"https:\/\/allasorias.hu\/hirek\/wp-json\/wp\/v2\/categories?post=4896"},{"taxonomy":"post_tag","embeddable":true,"href":"https:\/\/allasorias.hu\/hirek\/wp-json\/wp\/v2\/tags?post=4896"}],"curies":[{"name":"wp","href":"https:\/\/api.w.org\/{rel}","templated":true}]}}