{"id":4890,"date":"2021-07-05T07:43:14","date_gmt":"2021-07-05T07:43:14","guid":{"rendered":"https:\/\/allasorias.hu\/hirek\/?p=4890"},"modified":"2021-07-05T07:43:14","modified_gmt":"2021-07-05T07:43:14","slug":"sokan-nem-kaptak-fizetes-emelest","status":"publish","type":"post","link":"https:\/\/allasorias.hu\/hirek\/sokan-nem-kaptak-fizetes-emelest\/","title":{"rendered":"Sokan nem kaptak fizet\u00e9s emel\u00e9st"},"content":{"rendered":"<p><strong>A szolg\u00e1ltat\u00f3 szektorban 150 ezerb\u0151l 50 ezren kimaradtak a b\u00e9rfejleszt\u00e9sb\u0151l, \u0151k m\u00e9g mindig nem tudj\u00e1k, hogy id\u00e9n milyen b\u00e9rfejleszt\u00e9sre sz\u00e1m\u00edthatnak. A Magyar Szakszervezeti Sz\u00f6vets\u00e9g eln\u00f6ke szerint a post\u00e1sok 8 sz\u00e1zal\u00e9kos emel\u00e9st harcoltak ki tavaly, m\u00e1jusig visszamen\u0151leg, id\u00e9n 4 sz\u00e1zal\u00e9kos b\u00e9rfejleszt\u00e9st kapnak j\u00faliust\u00f3l, \u00e9s a kor\u00e1bbin\u00e1l t\u00f6bb egyszeri juttat\u00e1st, \u00e1m a Post\u00e1s Szakszervezet szerint \u00edgy is rosszabbul keresnek majd, mint a t\u00f6bbi \u00e1llami v\u00e1llalat dolgoz\u00f3ja &#8211; der\u00fcl ki az RTL Klub H\u00edrad\u00f3j\u00e1b\u00f3l. <\/strong><\/p>\n<p>A szakszervezet \u00fagy sz\u00e1mol, hogy egy k\u00e9zbes\u00edt\u0151 sok \u00e9ves gyakorlattal alig t\u00f6bb mint 6 ezer forinttal t\u00f6bbet, havi nett\u00f3 159 ezer forintot vihet majd haza. T\u00f3th Zsuzsanna, a Post\u00e1s Szakszervezet eln\u00f6ke szerint nem azzal az \u00fctemez\u00e9ssel \u00e9rik el a post\u00e1sok alapb\u00e9r\u00e9nek n\u00f6veked\u00e9s\u00e9t, ahogy tervezt\u00e9k. A post\u00e1sok j\u00f6v\u0151re 9, 2023-ban 2 sz\u00e1zal\u00e9kos alapb\u00e9rfejleszt\u00e9st kapnak. A M\u00c1V-Vol\u00e1n csoportn\u00e1l 2020-t\u0151l 10, 2023-t\u00f3l pedig legal\u00e1bb 5 sz\u00e1zal\u00e9kos alapb\u00e9remel\u00e9sre sz\u00e1m\u00edtanak, id\u00e9n viszont egy\u00e1ltal\u00e1n nem n\u0151 az alapkereset\u00fck, viszont t\u00f6bbsz\u00f6r is kapnak egyszeri kifizet\u00e9st, id\u00e9n \u00f6sszesen 600 ezer forintot. Kord\u00e1s L\u00e1szl\u00f3, a Magyar Szakszervezeti Sz\u00f6vets\u00e9g eln\u00f6ke a H\u00edrad\u00f3nak azt mondta, a szolg\u00e1ltat\u00f3 szektorban 150 ezerb\u0151l 50 ezren kimaradtak a b\u00e9rfejleszt\u00e9sb\u0151l, \u0151k m\u00e9g mindig nem tudj\u00e1k, hogy id\u00e9n milyen b\u00e9rfejleszt\u00e9sre sz\u00e1m\u00edthatnak, \u00e9s azt sem, hogy a k\u00f6vetkez\u0151 \u00e9vekben hogyan alakul majd a b\u00e9r\u00fck. A csatorna megk\u00e9rdezte a korm\u00e1nyt, hogy mikor kaphat b\u00e9remel\u00e9st az \u00f6sszes \u00e1llami alkalmazott. A v\u00e1laszb\u00f3l ez nem der\u00fclt ki. Mint \u00edrt\u00e1k, csaknem 200 kisebb c\u00e9gn\u00e9l az \u00e9ves b\u00e9rfejleszt\u00e9s a 2021. \u00e9vi \u00fczleti terv alapj\u00e1n \u00f6ner\u0151b\u0151l t\u00f6rt\u00e9nik.<\/p>\n<p>Forr\u00e1s: hrportal.hu<\/p>\n","protected":false},"excerpt":{"rendered":"<p>A szolg\u00e1ltat\u00f3 szektorban 150 ezerb\u0151l 50 ezren kimaradtak a b\u00e9rfejleszt\u00e9sb\u0151l, \u0151k m\u00e9g mindig nem tudj\u00e1k, hogy id\u00e9n milyen b\u00e9rfejleszt\u00e9sre sz\u00e1m\u00edthatnak. A Magyar Szakszervezeti Sz\u00f6vets\u00e9g eln\u00f6ke szerint a post\u00e1sok 8 sz\u00e1zal\u00e9kos emel\u00e9st harcoltak ki tavaly, m\u00e1jusig visszamen\u0151leg, id\u00e9n 4 sz\u00e1zal\u00e9kos b\u00e9rfejleszt\u00e9st kapnak j\u00faliust\u00f3l, \u00e9s a kor\u00e1bbin\u00e1l t\u00f6bb egyszeri juttat\u00e1st, \u00e1m a Post\u00e1s Szakszervezet szerint \u00edgy is [&hellip;]<\/p>\n","protected":false},"author":1,"featured_media":4891,"comment_status":"open","ping_status":"open","sticky":false,"template":"","format":"standard","meta":{"_monsterinsights_skip_tracking":false,"footnotes":""},"categories":[200],"tags":[],"class_list":["post-4890","post","type-post","status-publish","format-standard","has-post-thumbnail","hentry","category-munkaeropiac"],"aioseo_notices":[],"aioseo_head":"\n\t\t<!-- All in One SEO 5.0.0.1 - aioseo.com -->\n\t<meta name=\"description\" content=\"A szolg\u00e1ltat\u00f3 szektorban 150 ezerb\u0151l 50 ezren kimaradtak a b\u00e9rfejleszt\u00e9sb\u0151l, \u0151k m\u00e9g mindig nem tudj\u00e1k, hogy id\u00e9n milyen b\u00e9rfejleszt\u00e9sre sz\u00e1m\u00edthatnak. A Magyar Szakszervezeti Sz\u00f6vets\u00e9g eln\u00f6ke szerint a post\u00e1sok 8 sz\u00e1zal\u00e9kos emel\u00e9st harcoltak ki tavaly, m\u00e1jusig visszamen\u0151leg, id\u00e9n 4 sz\u00e1zal\u00e9kos b\u00e9rfejleszt\u00e9st kapnak j\u00faliust\u00f3l, \u00e9s a kor\u00e1bbin\u00e1l t\u00f6bb egyszeri juttat\u00e1st, \u00e1m a Post\u00e1s Szakszervezet szerint \u00edgy is\" \/>\n\t<meta name=\"robots\" content=\"max-image-preview:large\" \/>\n\t<meta name=\"author\" content=\"Juh\u00e1sz P\u00e9ter\"\/>\n\t<link rel=\"canonical\" href=\"https:\/\/allasorias.hu\/hirek\/sokan-nem-kaptak-fizetes-emelest\/\" \/>\n\t<meta name=\"generator\" content=\"All in One SEO (AIOSEO) 5.0.0.1\" \/>\n\t\t<meta property=\"og:locale\" content=\"hu_HU\" \/>\n\t\t<meta property=\"og:site_name\" content=\"AllasOrias.hu | H\u00edrek-lapszemle | \u00dczleti h\u00edrek az \u00e1ll\u00e1s \u00e9s a munka vil\u00e1g\u00e1b\u00f3l\" \/>\n\t\t<meta property=\"og:type\" content=\"article\" \/>\n\t\t<meta property=\"og:title\" content=\"Sokan nem kaptak fizet\u00e9s emel\u00e9st | AllasOrias.hu | H\u00edrek-lapszemle\" \/>\n\t\t<meta property=\"og:description\" content=\"A szolg\u00e1ltat\u00f3 szektorban 150 ezerb\u0151l 50 ezren kimaradtak a b\u00e9rfejleszt\u00e9sb\u0151l, \u0151k m\u00e9g mindig nem tudj\u00e1k, hogy id\u00e9n milyen b\u00e9rfejleszt\u00e9sre sz\u00e1m\u00edthatnak. A Magyar Szakszervezeti Sz\u00f6vets\u00e9g eln\u00f6ke szerint a post\u00e1sok 8 sz\u00e1zal\u00e9kos emel\u00e9st harcoltak ki tavaly, m\u00e1jusig visszamen\u0151leg, id\u00e9n 4 sz\u00e1zal\u00e9kos b\u00e9rfejleszt\u00e9st kapnak j\u00faliust\u00f3l, \u00e9s a kor\u00e1bbin\u00e1l t\u00f6bb egyszeri juttat\u00e1st, \u00e1m a Post\u00e1s Szakszervezet szerint \u00edgy is\" \/>\n\t\t<meta property=\"og:url\" content=\"https:\/\/allasorias.hu\/hirek\/sokan-nem-kaptak-fizetes-emelest\/\" \/>\n\t\t<meta property=\"og:image\" content=\"https:\/\/allasorias.hu\/hirek\/wp-content\/uploads\/2021\/07\/businessman-has-no-money-unemployed-bankrupt-man-looks-into-his-empty-wallet.jpg\" \/>\n\t\t<meta property=\"og:image:secure_url\" content=\"https:\/\/allasorias.hu\/hirek\/wp-content\/uploads\/2021\/07\/businessman-has-no-money-unemployed-bankrupt-man-looks-into-his-empty-wallet.jpg\" \/>\n\t\t<meta property=\"og:image:width\" content=\"1920\" \/>\n\t\t<meta property=\"og:image:height\" content=\"1281\" \/>\n\t\t<meta property=\"article:published_time\" content=\"2021-07-05T07:43:14+00:00\" \/>\n\t\t<meta property=\"article:modified_time\" content=\"2021-07-05T07:43:14+00:00\" \/>\n\t\t<meta property=\"article:publisher\" content=\"https:\/\/www.facebook.com\/allasorias\" \/>\n\t\t<meta name=\"twitter:card\" content=\"summary_large_image\" \/>\n\t\t<meta name=\"twitter:title\" content=\"Sokan nem kaptak fizet\u00e9s emel\u00e9st | AllasOrias.hu | H\u00edrek-lapszemle\" \/>\n\t\t<meta name=\"twitter:description\" content=\"A szolg\u00e1ltat\u00f3 szektorban 150 ezerb\u0151l 50 ezren kimaradtak a b\u00e9rfejleszt\u00e9sb\u0151l, \u0151k m\u00e9g mindig nem tudj\u00e1k, hogy id\u00e9n milyen b\u00e9rfejleszt\u00e9sre sz\u00e1m\u00edthatnak. A Magyar Szakszervezeti Sz\u00f6vets\u00e9g eln\u00f6ke szerint a post\u00e1sok 8 sz\u00e1zal\u00e9kos emel\u00e9st harcoltak ki tavaly, m\u00e1jusig visszamen\u0151leg, id\u00e9n 4 sz\u00e1zal\u00e9kos b\u00e9rfejleszt\u00e9st kapnak j\u00faliust\u00f3l, \u00e9s a kor\u00e1bbin\u00e1l t\u00f6bb egyszeri juttat\u00e1st, \u00e1m a Post\u00e1s Szakszervezet szerint \u00edgy is\" \/>\n\t\t<meta name=\"twitter:image\" content=\"https:\/\/allasorias.hu\/hirek\/wp-content\/uploads\/2021\/07\/businessman-has-no-money-unemployed-bankrupt-man-looks-into-his-empty-wallet.jpg\" \/>\n\t\t<meta name=\"twitter:label1\" content=\"Written by\" \/>\n\t\t<meta name=\"twitter:data1\" content=\"Juh\u00e1sz P\u00e9ter\" \/>\n\t\t<meta name=\"twitter:label2\" content=\"Est. reading time\" \/>\n\t\t<meta name=\"twitter:data2\" content=\"2 minutes\" \/>\n\t\t<script type=\"application\/ld+json\" class=\"aioseo-schema\">\n\t\t\t{\"@context\":\"https:\\\/\\\/schema.org\",\"@graph\":[{\"@type\":\"Article\",\"@id\":\"https:\\\/\\\/allasorias.hu\\\/hirek\\\/sokan-nem-kaptak-fizetes-emelest\\\/#article\",\"name\":\"Sokan nem kaptak fizet\\u00e9s emel\\u00e9st | AllasOrias.hu | H\\u00edrek-lapszemle\",\"headline\":\"Sokan nem kaptak fizet\\u00e9s emel\\u00e9st\",\"author\":{\"@id\":\"https:\\\/\\\/allasorias.hu\\\/hirek\\\/author\\\/admin-allasorias\\\/#author\"},\"publisher\":{\"@id\":\"https:\\\/\\\/allasorias.hu\\\/hirek\\\/#organization\"},\"image\":{\"@type\":\"ImageObject\",\"url\":\"https:\\\/\\\/allasorias.hu\\\/hirek\\\/wp-content\\\/uploads\\\/2021\\\/07\\\/businessman-has-no-money-unemployed-bankrupt-man-looks-into-his-empty-wallet.jpg\",\"width\":1920,\"height\":1281,\"caption\":\"Businessman has no money. Unemployed and bankrupt man looks into his empty wallet. Stress crisis, unemployed businessmen waiting for new job, recession situation and hopelessness\"},\"datePublished\":\"2021-07-05T07:43:14+02:00\",\"dateModified\":\"2021-07-05T07:43:14+02:00\",\"inLanguage\":\"hu-HU\",\"mainEntityOfPage\":{\"@id\":\"https:\\\/\\\/allasorias.hu\\\/hirek\\\/sokan-nem-kaptak-fizetes-emelest\\\/#webpage\"},\"isPartOf\":{\"@id\":\"https:\\\/\\\/allasorias.hu\\\/hirek\\\/sokan-nem-kaptak-fizetes-emelest\\\/#webpage\"},\"articleSection\":\"Munkaer\\u0151piac\"},{\"@type\":\"BreadcrumbList\",\"@id\":\"https:\\\/\\\/allasorias.hu\\\/hirek\\\/sokan-nem-kaptak-fizetes-emelest\\\/#breadcrumblist\",\"itemListElement\":[{\"@type\":\"ListItem\",\"@id\":\"https:\\\/\\\/allasorias.hu\\\/hirek#listItem\",\"position\":1,\"name\":\"Home\",\"item\":\"https:\\\/\\\/allasorias.hu\\\/hirek\",\"nextItem\":{\"@type\":\"ListItem\",\"@id\":\"https:\\\/\\\/allasorias.hu\\\/hirek\\\/temak\\\/munkaeropiac\\\/#listItem\",\"name\":\"Munkaer\\u0151piac\"}},{\"@type\":\"ListItem\",\"@id\":\"https:\\\/\\\/allasorias.hu\\\/hirek\\\/temak\\\/munkaeropiac\\\/#listItem\",\"position\":2,\"name\":\"Munkaer\\u0151piac\",\"item\":\"https:\\\/\\\/allasorias.hu\\\/hirek\\\/temak\\\/munkaeropiac\\\/\",\"nextItem\":{\"@type\":\"ListItem\",\"@id\":\"https:\\\/\\\/allasorias.hu\\\/hirek\\\/sokan-nem-kaptak-fizetes-emelest\\\/#listItem\",\"name\":\"Sokan nem kaptak fizet\\u00e9s emel\\u00e9st\"},\"previousItem\":{\"@type\":\"ListItem\",\"@id\":\"https:\\\/\\\/allasorias.hu\\\/hirek#listItem\",\"name\":\"Home\"}},{\"@type\":\"ListItem\",\"@id\":\"https:\\\/\\\/allasorias.hu\\\/hirek\\\/sokan-nem-kaptak-fizetes-emelest\\\/#listItem\",\"position\":3,\"name\":\"Sokan nem kaptak fizet\\u00e9s emel\\u00e9st\",\"previousItem\":{\"@type\":\"ListItem\",\"@id\":\"https:\\\/\\\/allasorias.hu\\\/hirek\\\/temak\\\/munkaeropiac\\\/#listItem\",\"name\":\"Munkaer\\u0151piac\"}}]},{\"@type\":\"Organization\",\"@id\":\"https:\\\/\\\/allasorias.hu\\\/hirek\\\/#organization\",\"name\":\"AllasOrias.hu | H\\u00edrek-lapszemle\",\"description\":\"\\u00dczleti h\\u00edrek az \\u00e1ll\\u00e1s \\u00e9s a munka vil\\u00e1g\\u00e1b\\u00f3l\",\"url\":\"https:\\\/\\\/allasorias.hu\\\/hirek\\\/\",\"logo\":{\"@type\":\"ImageObject\",\"url\":\"https:\\\/\\\/allasorias.hu\\\/hirek\\\/wp-content\\\/uploads\\\/2022\\\/10\\\/allasorias_site_facebok_logo.png\",\"@id\":\"https:\\\/\\\/allasorias.hu\\\/hirek\\\/sokan-nem-kaptak-fizetes-emelest\\\/#organizationLogo\"},\"image\":{\"@id\":\"https:\\\/\\\/allasorias.hu\\\/hirek\\\/sokan-nem-kaptak-fizetes-emelest\\\/#organizationLogo\"},\"sameAs\":[\"https:\\\/\\\/www.facebook.com\\\/allasorias\",\"https:\\\/\\\/www.linkedin.com\\\/company\\\/allasorias\"]},{\"@type\":\"Person\",\"@id\":\"https:\\\/\\\/allasorias.hu\\\/hirek\\\/author\\\/admin-allasorias\\\/#author\",\"url\":\"https:\\\/\\\/allasorias.hu\\\/hirek\\\/author\\\/admin-allasorias\\\/\",\"name\":\"Juh\\u00e1sz P\\u00e9ter\",\"image\":{\"@type\":\"ImageObject\",\"@id\":\"https:\\\/\\\/allasorias.hu\\\/hirek\\\/sokan-nem-kaptak-fizetes-emelest\\\/#authorImage\",\"url\":\"https:\\\/\\\/secure.gravatar.com\\\/avatar\\\/36e6bcb83148978b992977cb0f54d22feb0cce8a0a849a9410532bb2623ba4c6?s=96&d=mm&r=g\",\"width\":96,\"height\":96,\"caption\":\"Juh\\u00e1sz P\\u00e9ter\"}},{\"@type\":\"WebPage\",\"@id\":\"https:\\\/\\\/allasorias.hu\\\/hirek\\\/sokan-nem-kaptak-fizetes-emelest\\\/#webpage\",\"url\":\"https:\\\/\\\/allasorias.hu\\\/hirek\\\/sokan-nem-kaptak-fizetes-emelest\\\/\",\"name\":\"Sokan nem kaptak fizet\\u00e9s emel\\u00e9st | AllasOrias.hu | H\\u00edrek-lapszemle\",\"description\":\"A szolg\\u00e1ltat\\u00f3 szektorban 150 ezerb\\u0151l 50 ezren kimaradtak a b\\u00e9rfejleszt\\u00e9sb\\u0151l, \\u0151k m\\u00e9g mindig nem tudj\\u00e1k, hogy id\\u00e9n milyen b\\u00e9rfejleszt\\u00e9sre sz\\u00e1m\\u00edthatnak. A Magyar Szakszervezeti Sz\\u00f6vets\\u00e9g eln\\u00f6ke szerint a post\\u00e1sok 8 sz\\u00e1zal\\u00e9kos emel\\u00e9st harcoltak ki tavaly, m\\u00e1jusig visszamen\\u0151leg, id\\u00e9n 4 sz\\u00e1zal\\u00e9kos b\\u00e9rfejleszt\\u00e9st kapnak j\\u00faliust\\u00f3l, \\u00e9s a kor\\u00e1bbin\\u00e1l t\\u00f6bb egyszeri juttat\\u00e1st, \\u00e1m a Post\\u00e1s Szakszervezet szerint \\u00edgy is\",\"inLanguage\":\"hu-HU\",\"isPartOf\":{\"@id\":\"https:\\\/\\\/allasorias.hu\\\/hirek\\\/#website\"},\"breadcrumb\":{\"@id\":\"https:\\\/\\\/allasorias.hu\\\/hirek\\\/sokan-nem-kaptak-fizetes-emelest\\\/#breadcrumblist\"},\"author\":{\"@id\":\"https:\\\/\\\/allasorias.hu\\\/hirek\\\/author\\\/admin-allasorias\\\/#author\"},\"creator\":{\"@id\":\"https:\\\/\\\/allasorias.hu\\\/hirek\\\/author\\\/admin-allasorias\\\/#author\"},\"image\":{\"@type\":\"ImageObject\",\"url\":\"https:\\\/\\\/allasorias.hu\\\/hirek\\\/wp-content\\\/uploads\\\/2021\\\/07\\\/businessman-has-no-money-unemployed-bankrupt-man-looks-into-his-empty-wallet.jpg\",\"@id\":\"https:\\\/\\\/allasorias.hu\\\/hirek\\\/sokan-nem-kaptak-fizetes-emelest\\\/#mainImage\",\"width\":1920,\"height\":1281,\"caption\":\"Businessman has no money. Unemployed and bankrupt man looks into his empty wallet. Stress crisis, unemployed businessmen waiting for new job, recession situation and hopelessness\"},\"primaryImageOfPage\":{\"@id\":\"https:\\\/\\\/allasorias.hu\\\/hirek\\\/sokan-nem-kaptak-fizetes-emelest\\\/#mainImage\"},\"datePublished\":\"2021-07-05T07:43:14+02:00\",\"dateModified\":\"2021-07-05T07:43:14+02:00\"},{\"@type\":\"WebSite\",\"@id\":\"https:\\\/\\\/allasorias.hu\\\/hirek\\\/#website\",\"url\":\"https:\\\/\\\/allasorias.hu\\\/hirek\\\/\",\"name\":\"AllasOrias.hu | H\\u00edrek-lapszemle\",\"description\":\"\\u00dczleti h\\u00edrek az \\u00e1ll\\u00e1s \\u00e9s a munka vil\\u00e1g\\u00e1b\\u00f3l\",\"inLanguage\":\"hu-HU\",\"publisher\":{\"@id\":\"https:\\\/\\\/allasorias.hu\\\/hirek\\\/#organization\"}}]}\n\t\t<\/script>\n\t\t<!-- All in One SEO -->\n\n","aioseo_head_json":{"title":"Sokan nem kaptak fizet\u00e9s emel\u00e9st | AllasOrias.hu | H\u00edrek-lapszemle","description":"A szolg\u00e1ltat\u00f3 szektorban 150 ezerb\u0151l 50 ezren kimaradtak a b\u00e9rfejleszt\u00e9sb\u0151l, \u0151k m\u00e9g mindig nem tudj\u00e1k, hogy id\u00e9n milyen b\u00e9rfejleszt\u00e9sre sz\u00e1m\u00edthatnak. A Magyar Szakszervezeti Sz\u00f6vets\u00e9g eln\u00f6ke szerint a post\u00e1sok 8 sz\u00e1zal\u00e9kos emel\u00e9st harcoltak ki tavaly, m\u00e1jusig visszamen\u0151leg, id\u00e9n 4 sz\u00e1zal\u00e9kos b\u00e9rfejleszt\u00e9st kapnak j\u00faliust\u00f3l, \u00e9s a kor\u00e1bbin\u00e1l t\u00f6bb egyszeri juttat\u00e1st, \u00e1m a Post\u00e1s Szakszervezet szerint \u00edgy is","canonical_url":"https:\/\/allasorias.hu\/hirek\/sokan-nem-kaptak-fizetes-emelest\/","robots":"max-image-preview:large","keywords":"","webmasterTools":{"miscellaneous":""},"schema":{"@context":"https:\/\/schema.org","@graph":[{"@type":"Article","@id":"https:\/\/allasorias.hu\/hirek\/sokan-nem-kaptak-fizetes-emelest\/#article","name":"Sokan nem kaptak fizet\u00e9s emel\u00e9st | AllasOrias.hu | H\u00edrek-lapszemle","headline":"Sokan nem kaptak fizet\u00e9s emel\u00e9st","author":{"@id":"https:\/\/allasorias.hu\/hirek\/author\/admin-allasorias\/#author"},"publisher":{"@id":"https:\/\/allasorias.hu\/hirek\/#organization"},"image":{"@type":"ImageObject","url":"https:\/\/allasorias.hu\/hirek\/wp-content\/uploads\/2021\/07\/businessman-has-no-money-unemployed-bankrupt-man-looks-into-his-empty-wallet.jpg","width":1920,"height":1281,"caption":"Businessman has no money. Unemployed and bankrupt man looks into his empty wallet. Stress crisis, unemployed businessmen waiting for new job, recession situation and hopelessness"},"datePublished":"2021-07-05T07:43:14+02:00","dateModified":"2021-07-05T07:43:14+02:00","inLanguage":"hu-HU","mainEntityOfPage":{"@id":"https:\/\/allasorias.hu\/hirek\/sokan-nem-kaptak-fizetes-emelest\/#webpage"},"isPartOf":{"@id":"https:\/\/allasorias.hu\/hirek\/sokan-nem-kaptak-fizetes-emelest\/#webpage"},"articleSection":"Munkaer\u0151piac"},{"@type":"BreadcrumbList","@id":"https:\/\/allasorias.hu\/hirek\/sokan-nem-kaptak-fizetes-emelest\/#breadcrumblist","itemListElement":[{"@type":"ListItem","@id":"https:\/\/allasorias.hu\/hirek#listItem","position":1,"name":"Home","item":"https:\/\/allasorias.hu\/hirek","nextItem":{"@type":"ListItem","@id":"https:\/\/allasorias.hu\/hirek\/temak\/munkaeropiac\/#listItem","name":"Munkaer\u0151piac"}},{"@type":"ListItem","@id":"https:\/\/allasorias.hu\/hirek\/temak\/munkaeropiac\/#listItem","position":2,"name":"Munkaer\u0151piac","item":"https:\/\/allasorias.hu\/hirek\/temak\/munkaeropiac\/","nextItem":{"@type":"ListItem","@id":"https:\/\/allasorias.hu\/hirek\/sokan-nem-kaptak-fizetes-emelest\/#listItem","name":"Sokan nem kaptak fizet\u00e9s emel\u00e9st"},"previousItem":{"@type":"ListItem","@id":"https:\/\/allasorias.hu\/hirek#listItem","name":"Home"}},{"@type":"ListItem","@id":"https:\/\/allasorias.hu\/hirek\/sokan-nem-kaptak-fizetes-emelest\/#listItem","position":3,"name":"Sokan nem kaptak fizet\u00e9s emel\u00e9st","previousItem":{"@type":"ListItem","@id":"https:\/\/allasorias.hu\/hirek\/temak\/munkaeropiac\/#listItem","name":"Munkaer\u0151piac"}}]},{"@type":"Organization","@id":"https:\/\/allasorias.hu\/hirek\/#organization","name":"AllasOrias.hu | H\u00edrek-lapszemle","description":"\u00dczleti h\u00edrek az \u00e1ll\u00e1s \u00e9s a munka vil\u00e1g\u00e1b\u00f3l","url":"https:\/\/allasorias.hu\/hirek\/","logo":{"@type":"ImageObject","url":"https:\/\/allasorias.hu\/hirek\/wp-content\/uploads\/2022\/10\/allasorias_site_facebok_logo.png","@id":"https:\/\/allasorias.hu\/hirek\/sokan-nem-kaptak-fizetes-emelest\/#organizationLogo"},"image":{"@id":"https:\/\/allasorias.hu\/hirek\/sokan-nem-kaptak-fizetes-emelest\/#organizationLogo"},"sameAs":["https:\/\/www.facebook.com\/allasorias","https:\/\/www.linkedin.com\/company\/allasorias"]},{"@type":"Person","@id":"https:\/\/allasorias.hu\/hirek\/author\/admin-allasorias\/#author","url":"https:\/\/allasorias.hu\/hirek\/author\/admin-allasorias\/","name":"Juh\u00e1sz P\u00e9ter","image":{"@type":"ImageObject","@id":"https:\/\/allasorias.hu\/hirek\/sokan-nem-kaptak-fizetes-emelest\/#authorImage","url":"https:\/\/secure.gravatar.com\/avatar\/36e6bcb83148978b992977cb0f54d22feb0cce8a0a849a9410532bb2623ba4c6?s=96&d=mm&r=g","width":96,"height":96,"caption":"Juh\u00e1sz P\u00e9ter"}},{"@type":"WebPage","@id":"https:\/\/allasorias.hu\/hirek\/sokan-nem-kaptak-fizetes-emelest\/#webpage","url":"https:\/\/allasorias.hu\/hirek\/sokan-nem-kaptak-fizetes-emelest\/","name":"Sokan nem kaptak fizet\u00e9s emel\u00e9st | AllasOrias.hu | H\u00edrek-lapszemle","description":"A szolg\u00e1ltat\u00f3 szektorban 150 ezerb\u0151l 50 ezren kimaradtak a b\u00e9rfejleszt\u00e9sb\u0151l, \u0151k m\u00e9g mindig nem tudj\u00e1k, hogy id\u00e9n milyen b\u00e9rfejleszt\u00e9sre sz\u00e1m\u00edthatnak. A Magyar Szakszervezeti Sz\u00f6vets\u00e9g eln\u00f6ke szerint a post\u00e1sok 8 sz\u00e1zal\u00e9kos emel\u00e9st harcoltak ki tavaly, m\u00e1jusig visszamen\u0151leg, id\u00e9n 4 sz\u00e1zal\u00e9kos b\u00e9rfejleszt\u00e9st kapnak j\u00faliust\u00f3l, \u00e9s a kor\u00e1bbin\u00e1l t\u00f6bb egyszeri juttat\u00e1st, \u00e1m a Post\u00e1s Szakszervezet szerint \u00edgy is","inLanguage":"hu-HU","isPartOf":{"@id":"https:\/\/allasorias.hu\/hirek\/#website"},"breadcrumb":{"@id":"https:\/\/allasorias.hu\/hirek\/sokan-nem-kaptak-fizetes-emelest\/#breadcrumblist"},"author":{"@id":"https:\/\/allasorias.hu\/hirek\/author\/admin-allasorias\/#author"},"creator":{"@id":"https:\/\/allasorias.hu\/hirek\/author\/admin-allasorias\/#author"},"image":{"@type":"ImageObject","url":"https:\/\/allasorias.hu\/hirek\/wp-content\/uploads\/2021\/07\/businessman-has-no-money-unemployed-bankrupt-man-looks-into-his-empty-wallet.jpg","@id":"https:\/\/allasorias.hu\/hirek\/sokan-nem-kaptak-fizetes-emelest\/#mainImage","width":1920,"height":1281,"caption":"Businessman has no money. Unemployed and bankrupt man looks into his empty wallet. Stress crisis, unemployed businessmen waiting for new job, recession situation and hopelessness"},"primaryImageOfPage":{"@id":"https:\/\/allasorias.hu\/hirek\/sokan-nem-kaptak-fizetes-emelest\/#mainImage"},"datePublished":"2021-07-05T07:43:14+02:00","dateModified":"2021-07-05T07:43:14+02:00"},{"@type":"WebSite","@id":"https:\/\/allasorias.hu\/hirek\/#website","url":"https:\/\/allasorias.hu\/hirek\/","name":"AllasOrias.hu | H\u00edrek-lapszemle","description":"\u00dczleti h\u00edrek az \u00e1ll\u00e1s \u00e9s a munka vil\u00e1g\u00e1b\u00f3l","inLanguage":"hu-HU","publisher":{"@id":"https:\/\/allasorias.hu\/hirek\/#organization"}}]},"og:locale":"hu_HU","og:site_name":"AllasOrias.hu | H\u00edrek-lapszemle | \u00dczleti h\u00edrek az \u00e1ll\u00e1s \u00e9s a munka vil\u00e1g\u00e1b\u00f3l","og:type":"article","og:title":"Sokan nem kaptak fizet\u00e9s emel\u00e9st | AllasOrias.hu | H\u00edrek-lapszemle","og:description":"A szolg\u00e1ltat\u00f3 szektorban 150 ezerb\u0151l 50 ezren kimaradtak a b\u00e9rfejleszt\u00e9sb\u0151l, \u0151k m\u00e9g mindig nem tudj\u00e1k, hogy id\u00e9n milyen b\u00e9rfejleszt\u00e9sre sz\u00e1m\u00edthatnak. A Magyar Szakszervezeti Sz\u00f6vets\u00e9g eln\u00f6ke szerint a post\u00e1sok 8 sz\u00e1zal\u00e9kos emel\u00e9st harcoltak ki tavaly, m\u00e1jusig visszamen\u0151leg, id\u00e9n 4 sz\u00e1zal\u00e9kos b\u00e9rfejleszt\u00e9st kapnak j\u00faliust\u00f3l, \u00e9s a kor\u00e1bbin\u00e1l t\u00f6bb egyszeri juttat\u00e1st, \u00e1m a Post\u00e1s Szakszervezet szerint \u00edgy is","og:url":"https:\/\/allasorias.hu\/hirek\/sokan-nem-kaptak-fizetes-emelest\/","og:image":"https:\/\/allasorias.hu\/hirek\/wp-content\/uploads\/2021\/07\/businessman-has-no-money-unemployed-bankrupt-man-looks-into-his-empty-wallet.jpg","og:image:secure_url":"https:\/\/allasorias.hu\/hirek\/wp-content\/uploads\/2021\/07\/businessman-has-no-money-unemployed-bankrupt-man-looks-into-his-empty-wallet.jpg","og:image:width":1920,"og:image:height":1281,"article:published_time":"2021-07-05T07:43:14+00:00","article:modified_time":"2021-07-05T07:43:14+00:00","article:publisher":"https:\/\/www.facebook.com\/allasorias","twitter:card":"summary_large_image","twitter:title":"Sokan nem kaptak fizet\u00e9s emel\u00e9st | AllasOrias.hu | H\u00edrek-lapszemle","twitter:description":"A szolg\u00e1ltat\u00f3 szektorban 150 ezerb\u0151l 50 ezren kimaradtak a b\u00e9rfejleszt\u00e9sb\u0151l, \u0151k m\u00e9g mindig nem tudj\u00e1k, hogy id\u00e9n milyen b\u00e9rfejleszt\u00e9sre sz\u00e1m\u00edthatnak. A Magyar Szakszervezeti Sz\u00f6vets\u00e9g eln\u00f6ke szerint a post\u00e1sok 8 sz\u00e1zal\u00e9kos emel\u00e9st harcoltak ki tavaly, m\u00e1jusig visszamen\u0151leg, id\u00e9n 4 sz\u00e1zal\u00e9kos b\u00e9rfejleszt\u00e9st kapnak j\u00faliust\u00f3l, \u00e9s a kor\u00e1bbin\u00e1l t\u00f6bb egyszeri juttat\u00e1st, \u00e1m a Post\u00e1s Szakszervezet szerint \u00edgy is","twitter:image":"https:\/\/allasorias.hu\/hirek\/wp-content\/uploads\/2021\/07\/businessman-has-no-money-unemployed-bankrupt-man-looks-into-his-empty-wallet.jpg","twitter:label1":"Written by","twitter:data1":"Juh\u00e1sz P\u00e9ter","twitter:label2":"Est. reading time","twitter:data2":"2 minutes"},"aioseo_meta_data":{"post_id":"4890","title":null,"description":null,"keywords":[],"keyphrases":{"focus":[],"additional":[]},"primary_term":null,"canonical_url":null,"og_title":null,"og_description":null,"og_object_type":"default","og_image_type":"default","og_image_url":null,"og_image_width":null,"og_image_height":null,"og_image_custom_url":null,"og_image_custom_fields":null,"og_video":"","og_custom_url":null,"og_article_section":null,"og_article_tags":[],"twitter_use_og":false,"twitter_card":"default","twitter_image_type":"default","twitter_image_url":null,"twitter_image_custom_url":null,"twitter_image_custom_fields":null,"twitter_title":null,"twitter_description":null,"schema":{"blockGraphs":[],"customGraphs":[],"default":{"data":{"Article":[],"Course":[],"Dataset":[],"FAQPage":[],"Movie":[],"Person":[],"Product":[],"ProductReview":[],"Car":[],"Recipe":[],"Service":[],"SoftwareApplication":[],"WebPage":[]},"graphName":"","isEnabled":true},"graphs":[],"defaultGraph":"Article","defaultPostTypeGraph":""},"schema_type":"default","schema_type_options":"{\"article\":{\"articleType\":\"BlogPosting\"},\"course\":{\"name\":\"\",\"description\":\"\",\"provider\":\"\"},\"faq\":{\"pages\":[]},\"product\":{\"reviews\":[]},\"recipe\":{\"ingredients\":[],\"instructions\":[],\"keywords\":[]},\"software\":{\"reviews\":[],\"operatingSystems\":[]},\"webPage\":{\"webPageType\":\"WebPage\"}}","pillar_content":false,"robots_default":true,"robots_noindex":false,"robots_noarchive":false,"robots_nosnippet":false,"robots_nofollow":false,"robots_noimageindex":false,"robots_noodp":false,"robots_notranslate":false,"robots_max_snippet":"-1","robots_max_videopreview":"-1","robots_max_imagepreview":"large","priority":null,"frequency":"default","location":null,"local_seo":{"locations":{"business":{"name":"","businessType":"","image":"","areaServed":"","urls":{"website":"","aboutPage":"","contactPage":""},"address":{"streetLine1":"","streetLine2":"","zipCode":"","city":"","state":"","country":"","addressFormat":"#streetLineOne\n#streetLineTwo\n#city, #state #zipCode"},"contact":{"phone":"","email":"","fax":""},"ids":{"vat":"","tax":"","chamberOfCommerce":""},"payment":{"priceRange":"","currenciesAccepted":"","methods":""}}},"openingHours":{"useDefaults":true,"show":true,"alwaysOpen":false,"use24hFormat":false,"timezone":"","labels":{"closed":"","alwaysOpen":""},"days":{"monday":{"open24h":false,"closed":false,"openTime":"09:00","closeTime":"17:00"},"tuesday":{"open24h":false,"closed":false,"openTime":"09:00","closeTime":"17:00"},"wednesday":{"open24h":false,"closed":false,"openTime":"09:00","closeTime":"17:00"},"thursday":{"open24h":false,"closed":false,"openTime":"09:00","closeTime":"17:00"},"friday":{"open24h":false,"closed":false,"openTime":"09:00","closeTime":"17:00"},"saturday":{"open24h":false,"closed":false,"openTime":"09:00","closeTime":"17:00"},"sunday":{"open24h":false,"closed":false,"openTime":"09:00","closeTime":"17:00"}}}},"breadcrumb_settings":null,"limit_modified_date":false,"ai":null,"created":"2021-07-05 07:37:05","updated":"2025-10-02 15:54:41","seo_analyzer_scan_date":null,"focus_keyword":null,"additional_keywords":null,"truseo_locale":null},"aioseo_breadcrumb":"<div class=\"aioseo-breadcrumbs\"><span class=\"aioseo-breadcrumb\">\n\t\t\t<a href=\"https:\/\/allasorias.hu\/hirek\" title=\"Home\">Home<\/a>\n\t\t<\/span><span class=\"aioseo-breadcrumb-separator\">&raquo;<\/span><span class=\"aioseo-breadcrumb\">\n\t\t\t<a href=\"https:\/\/allasorias.hu\/hirek\/temak\/munkaeropiac\/\" title=\"Munkaer\u0151piac\">Munkaer\u0151piac<\/a>\n\t\t<\/span><span class=\"aioseo-breadcrumb-separator\">&raquo;<\/span><span class=\"aioseo-breadcrumb\">\n\t\t\tSokan nem kaptak fizet\u00e9s emel\u00e9st\n\t\t<\/span><\/div>","aioseo_breadcrumb_json":[{"label":"Home","link":"https:\/\/allasorias.hu\/hirek"},{"label":"Munkaer\u0151piac","link":"https:\/\/allasorias.hu\/hirek\/temak\/munkaeropiac\/"},{"label":"Sokan nem kaptak fizet\u00e9s emel\u00e9st","link":"https:\/\/allasorias.hu\/hirek\/sokan-nem-kaptak-fizetes-emelest\/"}],"_links":{"self":[{"href":"https:\/\/allasorias.hu\/hirek\/wp-json\/wp\/v2\/posts\/4890","targetHints":{"allow":["GET"]}}],"collection":[{"href":"https:\/\/allasorias.hu\/hirek\/wp-json\/wp\/v2\/posts"}],"about":[{"href":"https:\/\/allasorias.hu\/hirek\/wp-json\/wp\/v2\/types\/post"}],"author":[{"embeddable":true,"href":"https:\/\/allasorias.hu\/hirek\/wp-json\/wp\/v2\/users\/1"}],"replies":[{"embeddable":true,"href":"https:\/\/allasorias.hu\/hirek\/wp-json\/wp\/v2\/comments?post=4890"}],"version-history":[{"count":1,"href":"https:\/\/allasorias.hu\/hirek\/wp-json\/wp\/v2\/posts\/4890\/revisions"}],"predecessor-version":[{"id":4892,"href":"https:\/\/allasorias.hu\/hirek\/wp-json\/wp\/v2\/posts\/4890\/revisions\/4892"}],"wp:featuredmedia":[{"embeddable":true,"href":"https:\/\/allasorias.hu\/hirek\/wp-json\/wp\/v2\/media\/4891"}],"wp:attachment":[{"href":"https:\/\/allasorias.hu\/hirek\/wp-json\/wp\/v2\/media?parent=4890"}],"wp:term":[{"taxonomy":"category","embeddable":true,"href":"https:\/\/allasorias.hu\/hirek\/wp-json\/wp\/v2\/categories?post=4890"},{"taxonomy":"post_tag","embeddable":true,"href":"https:\/\/allasorias.hu\/hirek\/wp-json\/wp\/v2\/tags?post=4890"}],"curies":[{"name":"wp","href":"https:\/\/api.w.org\/{rel}","templated":true}]}}