{"id":4866,"date":"2021-06-24T08:51:44","date_gmt":"2021-06-24T08:51:44","guid":{"rendered":"https:\/\/allasorias.hu\/hirek\/?p=4866"},"modified":"2021-06-24T08:51:44","modified_gmt":"2021-06-24T08:51:44","slug":"julius-elsejetol-munkaba-allhatnak-a-diakok","status":"publish","type":"post","link":"https:\/\/allasorias.hu\/hirek\/julius-elsejetol-munkaba-allhatnak-a-diakok\/","title":{"rendered":"J\u00falius elsej\u00e9t\u0151l munk\u00e1ba \u00e1llhatnak a di\u00e1kok"},"content":{"rendered":"<p><strong>A di\u00e1kok id\u00e9n ny\u00e1ron is a feldolgoz\u00f3iparban, a gy\u00e1rt\u00f3szektorban, a kereskedelemben, valamint a vend\u00e9gl\u00e1t\u00e1s, a mez\u0151gazdas\u00e1g \u00e9s turizmus ter\u00fclet\u00e9n tudnak majd a legnagyobb sz\u00e1mban dolgozni. Id\u00e9n ny\u00e1ron a munk\u00e1t v\u00e1llal\u00f3 di\u00e1kok sz\u00e1ma 2019-hez hasonl\u00f3an ism\u00e9t el\u00e9rheti a 65-70 ezret, mivel az \u00e9v els\u0151 \u00f6t h\u00f3napj\u00e1ban m\u00e1r mintegy 50 ezer tanul\u00f3 helyezkedett el a munkaer\u0151piacon a Magyarorsz\u00e1gi Di\u00e1kv\u00e1llalkoz\u00e1sok Orsz\u00e1gos \u00c9rdekk\u00e9pviseleti Sz\u00f6vets\u00e9g (Di\u00e1k\u00c9SZ) tagjain kereszt\u00fcl &#8211; k\u00f6z\u00f6lte a Di\u00e1k\u00c9SZ az MTI-vel. <\/strong><\/p>\n<p>A sz\u00f6vets\u00e9g sz\u00e1m\u00edt\u00e1sai szerint a tanul\u00f3kat heti 30-40 \u00f3r\u00e1ban foglalkoztatj\u00e1k majd ak\u00e1rcsak a kor\u00e1bbi \u00e9vekben. A munk\u00e1t v\u00e1llal\u00f3 di\u00e1kok \u00f3rab\u00e9re brutt\u00f3 1200-1300 forint k\u00f6r\u00fcl alakul, Budapesten ez az \u00f6sszeg el\u00e9rheti a brutt\u00f3 1300-1400 forintot is, vid\u00e9ken viszont ink\u00e1bb brutt\u00f3 1100-1200 forint, m\u00edg az elmaradottabb r\u00e9gi\u00f3kban vagy kisebb telep\u00fcl\u00e9seken 1000 forint k\u00f6r\u00fcli \u00f3rab\u00e9rek is el\u0151fordulnak. A b\u00e9remel\u00e9sekre ny\u00e1r v\u00e9g\u00e9t\u0151l, \u0151szt\u0151l l\u00e1tnak piaci realit\u00e1st. Kiemelt\u00e9k, a di\u00e1kok a kor\u00e1bbi szab\u00e1lyoknak megfelel\u0151en v\u00e1llalhatnak munk\u00e1t: tansz\u00fcnet ideje alatt m\u00e1r 15 \u00e9ves kort\u00f3l dolgozhatnak a tanul\u00f3k, 16-17 \u00e9vesen pedig ak\u00e1r eg\u00e9sz \u00e9vben is, azonban fontos tudni, hogy mindkett\u0151 eset\u00e9ben a munkav\u00e1llal\u00e1shoz kell a sz\u00fcl\u0151 beleegyez\u00e9se. A sz\u00f6vets\u00e9g szerint a di\u00e1kok ny\u00e1ri munkav\u00e1llal\u00e1s\u00e1hoz nincs sz\u00fcks\u00e9g v\u00e9detts\u00e9gi igazolv\u00e1nyra.Ugyanakkor \u00fagy v\u00e9lik, hogy el\u0151nyt jelenthet, f\u0151leg azokban a munkak\u00f6r\u00f6kben, ahol jellemz\u0151 a kapcsolattart\u00e1s a vend\u00e9gekkel, ez j\u00e1rv\u00e1ny\u00fcgyi szempontb\u00f3l indokolhat\u00f3 lehet \u00e9s hallottak m\u00e1r ilyet partnereikt\u0151l. A Di\u00e1k\u00c9SZ 15 tagszervezetb\u0151l \u00e1ll, a sz\u00f6vets\u00e9g \u00e1rbev\u00e9tel alapj\u00e1n k\u00f6r\u00fclbel\u00fcl a 65-70 sz\u00e1zal\u00e9k\u00e1t fedi le az iskolasz\u00f6vetkezeti piacnak.J\u00falius elsej\u00e9t\u0151l munk\u00e1ba \u00e1llhatnak az idei Ny\u00e1ri di\u00e1kmunka programra jelentkez\u0151 fiatalok, akik \u00edgy a turizmus-vend\u00e9gl\u00e1t\u00e1sban is hozz\u00e1j\u00e1rulhatnak a sikeres \u00fajraindul\u00e1shoz\u201d \u2013 eml\u00e9keztetett Schanda Tam\u00e1s. Az Innov\u00e1ci\u00f3s \u00e9s Technol\u00f3giai Miniszt\u00e9rium (ITM) miniszterhelyettese hozz\u00e1tette: a korm\u00e1ny 3 milli\u00e1rd forintos keret\u00f6sszeg\u0171 programj\u00e1val 16-25 \u00e9v k\u00f6z\u00f6tti, nappali k\u00e9pz\u00e9sben tanul\u00f3 k\u00f6z\u00e9piskol\u00e1sokat, egyetemist\u00e1kat juttat sz\u00fcnid\u0151s \u00e1ll\u00e1shoz.\u00a0 A di\u00e1kok a programnak k\u00f6sz\u00f6nhet\u0151en vagy \u00f6nkorm\u00e1nyzati, vagy a mez\u0151gazdas\u00e1g, a turizmus-vend\u00e9gl\u00e1t\u00e1s ter\u00fclet\u00e9n folytatott ny\u00e1ri munk\u00e1ra jelentkezhetnek, legfeljebb k\u00e9t h\u00f3napra. A helyhat\u00f3s\u00e1gokn\u00e1l maximum napi 6, a v\u00e1llalkoz\u00e1sokn\u00e1l ak\u00e1r napi 8 \u00f3r\u00e1ban dolgozhatnak majd. Az \u00f6nkorm\u00e1nyzati munk\u00e1ltat\u00f3 a teljes munkab\u00e9rt megkapja b\u00e9rt\u00e1mogat\u00e1sk\u00e9nt. A c\u00e9gek sz\u00e1m\u00e1ra a munkab\u00e9r \u00f6sszeg\u00e9nek h\u00e1romnegyed\u00e9t t\u00e9r\u00edti meg a korm\u00e1ny.A program r\u00e9szletei a munka.hu oldalon \u00e9rhet\u0151k el. A di\u00e1kok j\u00fanius 15-e \u00f3ta regisztr\u00e1lhatnak a j\u00e1r\u00e1si vagy f\u0151v\u00e1rosi ker\u00fcleti hivatalokn\u00e1l.<\/p>\n<p>Forr\u00e1s: novekedes.hu<\/p>\n","protected":false},"excerpt":{"rendered":"<p>A di\u00e1kok id\u00e9n ny\u00e1ron is a feldolgoz\u00f3iparban, a gy\u00e1rt\u00f3szektorban, a kereskedelemben, valamint a vend\u00e9gl\u00e1t\u00e1s, a mez\u0151gazdas\u00e1g \u00e9s turizmus ter\u00fclet\u00e9n tudnak majd a legnagyobb sz\u00e1mban dolgozni. Id\u00e9n ny\u00e1ron a munk\u00e1t v\u00e1llal\u00f3 di\u00e1kok sz\u00e1ma 2019-hez hasonl\u00f3an ism\u00e9t el\u00e9rheti a 65-70 ezret, mivel az \u00e9v els\u0151 \u00f6t h\u00f3napj\u00e1ban m\u00e1r mintegy 50 ezer tanul\u00f3 helyezkedett el a munkaer\u0151piacon a [&hellip;]<\/p>\n","protected":false},"author":1,"featured_media":4488,"comment_status":"open","ping_status":"open","sticky":false,"template":"","format":"standard","meta":{"_monsterinsights_skip_tracking":false,"footnotes":""},"categories":[200],"tags":[],"class_list":["post-4866","post","type-post","status-publish","format-standard","has-post-thumbnail","hentry","category-munkaeropiac"],"aioseo_notices":[],"aioseo_head":"\n\t\t<!-- All in One SEO 5.0.0.1 - aioseo.com -->\n\t<meta name=\"description\" content=\"A di\u00e1kok id\u00e9n ny\u00e1ron is a feldolgoz\u00f3iparban, a gy\u00e1rt\u00f3szektorban, a kereskedelemben, valamint a vend\u00e9gl\u00e1t\u00e1s, a mez\u0151gazdas\u00e1g \u00e9s turizmus ter\u00fclet\u00e9n tudnak majd a legnagyobb sz\u00e1mban dolgozni. Id\u00e9n ny\u00e1ron a munk\u00e1t v\u00e1llal\u00f3 di\u00e1kok sz\u00e1ma 2019-hez hasonl\u00f3an ism\u00e9t el\u00e9rheti a 65-70 ezret, mivel az \u00e9v els\u0151 \u00f6t h\u00f3napj\u00e1ban m\u00e1r mintegy 50 ezer tanul\u00f3 helyezkedett el a munkaer\u0151piacon a\" \/>\n\t<meta name=\"robots\" content=\"max-image-preview:large\" \/>\n\t<meta name=\"author\" content=\"Juh\u00e1sz P\u00e9ter\"\/>\n\t<link rel=\"canonical\" href=\"https:\/\/allasorias.hu\/hirek\/julius-elsejetol-munkaba-allhatnak-a-diakok\/\" \/>\n\t<meta name=\"generator\" content=\"All in One SEO (AIOSEO) 5.0.0.1\" \/>\n\t\t<meta property=\"og:locale\" content=\"hu_HU\" \/>\n\t\t<meta property=\"og:site_name\" content=\"AllasOrias.hu | H\u00edrek-lapszemle | \u00dczleti h\u00edrek az \u00e1ll\u00e1s \u00e9s a munka vil\u00e1g\u00e1b\u00f3l\" \/>\n\t\t<meta property=\"og:type\" content=\"article\" \/>\n\t\t<meta property=\"og:title\" content=\"J\u00falius elsej\u00e9t\u0151l munk\u00e1ba \u00e1llhatnak a di\u00e1kok | AllasOrias.hu | H\u00edrek-lapszemle\" \/>\n\t\t<meta property=\"og:description\" content=\"A di\u00e1kok id\u00e9n ny\u00e1ron is a feldolgoz\u00f3iparban, a gy\u00e1rt\u00f3szektorban, a kereskedelemben, valamint a vend\u00e9gl\u00e1t\u00e1s, a mez\u0151gazdas\u00e1g \u00e9s turizmus ter\u00fclet\u00e9n tudnak majd a legnagyobb sz\u00e1mban dolgozni. Id\u00e9n ny\u00e1ron a munk\u00e1t v\u00e1llal\u00f3 di\u00e1kok sz\u00e1ma 2019-hez hasonl\u00f3an ism\u00e9t el\u00e9rheti a 65-70 ezret, mivel az \u00e9v els\u0151 \u00f6t h\u00f3napj\u00e1ban m\u00e1r mintegy 50 ezer tanul\u00f3 helyezkedett el a munkaer\u0151piacon a\" \/>\n\t\t<meta property=\"og:url\" content=\"https:\/\/allasorias.hu\/hirek\/julius-elsejetol-munkaba-allhatnak-a-diakok\/\" \/>\n\t\t<meta property=\"og:image\" content=\"https:\/\/allasorias.hu\/hirek\/wp-content\/uploads\/2020\/12\/young-attractive-smiling-student-showing-thumb-up-outdoors-campus-university.jpg\" \/>\n\t\t<meta property=\"og:image:secure_url\" content=\"https:\/\/allasorias.hu\/hirek\/wp-content\/uploads\/2020\/12\/young-attractive-smiling-student-showing-thumb-up-outdoors-campus-university.jpg\" \/>\n\t\t<meta property=\"og:image:width\" content=\"1920\" \/>\n\t\t<meta property=\"og:image:height\" content=\"1280\" \/>\n\t\t<meta property=\"article:published_time\" content=\"2021-06-24T08:51:44+00:00\" \/>\n\t\t<meta property=\"article:modified_time\" content=\"2021-06-24T08:51:44+00:00\" \/>\n\t\t<meta property=\"article:publisher\" content=\"https:\/\/www.facebook.com\/allasorias\" \/>\n\t\t<meta name=\"twitter:card\" content=\"summary_large_image\" \/>\n\t\t<meta name=\"twitter:title\" content=\"J\u00falius elsej\u00e9t\u0151l munk\u00e1ba \u00e1llhatnak a di\u00e1kok | AllasOrias.hu | H\u00edrek-lapszemle\" \/>\n\t\t<meta name=\"twitter:description\" content=\"A di\u00e1kok id\u00e9n ny\u00e1ron is a feldolgoz\u00f3iparban, a gy\u00e1rt\u00f3szektorban, a kereskedelemben, valamint a vend\u00e9gl\u00e1t\u00e1s, a mez\u0151gazdas\u00e1g \u00e9s turizmus ter\u00fclet\u00e9n tudnak majd a legnagyobb sz\u00e1mban dolgozni. Id\u00e9n ny\u00e1ron a munk\u00e1t v\u00e1llal\u00f3 di\u00e1kok sz\u00e1ma 2019-hez hasonl\u00f3an ism\u00e9t el\u00e9rheti a 65-70 ezret, mivel az \u00e9v els\u0151 \u00f6t h\u00f3napj\u00e1ban m\u00e1r mintegy 50 ezer tanul\u00f3 helyezkedett el a munkaer\u0151piacon a\" \/>\n\t\t<meta name=\"twitter:image\" content=\"https:\/\/allasorias.hu\/hirek\/wp-content\/uploads\/2020\/12\/young-attractive-smiling-student-showing-thumb-up-outdoors-campus-university.jpg\" \/>\n\t\t<meta name=\"twitter:label1\" content=\"Written by\" \/>\n\t\t<meta name=\"twitter:data1\" content=\"Juh\u00e1sz P\u00e9ter\" \/>\n\t\t<meta name=\"twitter:label2\" content=\"Est. reading time\" \/>\n\t\t<meta name=\"twitter:data2\" content=\"3 minutes\" \/>\n\t\t<script type=\"application\/ld+json\" class=\"aioseo-schema\">\n\t\t\t{\"@context\":\"https:\\\/\\\/schema.org\",\"@graph\":[{\"@type\":\"Article\",\"@id\":\"https:\\\/\\\/allasorias.hu\\\/hirek\\\/julius-elsejetol-munkaba-allhatnak-a-diakok\\\/#article\",\"name\":\"J\\u00falius elsej\\u00e9t\\u0151l munk\\u00e1ba \\u00e1llhatnak a di\\u00e1kok | AllasOrias.hu | H\\u00edrek-lapszemle\",\"headline\":\"J\\u00falius elsej\\u00e9t\\u0151l munk\\u00e1ba \\u00e1llhatnak a di\\u00e1kok\",\"author\":{\"@id\":\"https:\\\/\\\/allasorias.hu\\\/hirek\\\/author\\\/admin-allasorias\\\/#author\"},\"publisher\":{\"@id\":\"https:\\\/\\\/allasorias.hu\\\/hirek\\\/#organization\"},\"image\":{\"@type\":\"ImageObject\",\"url\":\"https:\\\/\\\/allasorias.hu\\\/hirek\\\/wp-content\\\/uploads\\\/2020\\\/12\\\/young-attractive-smiling-student-showing-thumb-up-outdoors-campus-university.jpg\",\"width\":1920,\"height\":1280,\"caption\":\"Young attractive smiling student showing thumb up outdoors on campus at the university. Selective focus\"},\"datePublished\":\"2021-06-24T08:51:44+02:00\",\"dateModified\":\"2021-06-24T08:51:44+02:00\",\"inLanguage\":\"hu-HU\",\"mainEntityOfPage\":{\"@id\":\"https:\\\/\\\/allasorias.hu\\\/hirek\\\/julius-elsejetol-munkaba-allhatnak-a-diakok\\\/#webpage\"},\"isPartOf\":{\"@id\":\"https:\\\/\\\/allasorias.hu\\\/hirek\\\/julius-elsejetol-munkaba-allhatnak-a-diakok\\\/#webpage\"},\"articleSection\":\"Munkaer\\u0151piac\"},{\"@type\":\"BreadcrumbList\",\"@id\":\"https:\\\/\\\/allasorias.hu\\\/hirek\\\/julius-elsejetol-munkaba-allhatnak-a-diakok\\\/#breadcrumblist\",\"itemListElement\":[{\"@type\":\"ListItem\",\"@id\":\"https:\\\/\\\/allasorias.hu\\\/hirek#listItem\",\"position\":1,\"name\":\"Home\",\"item\":\"https:\\\/\\\/allasorias.hu\\\/hirek\",\"nextItem\":{\"@type\":\"ListItem\",\"@id\":\"https:\\\/\\\/allasorias.hu\\\/hirek\\\/temak\\\/munkaeropiac\\\/#listItem\",\"name\":\"Munkaer\\u0151piac\"}},{\"@type\":\"ListItem\",\"@id\":\"https:\\\/\\\/allasorias.hu\\\/hirek\\\/temak\\\/munkaeropiac\\\/#listItem\",\"position\":2,\"name\":\"Munkaer\\u0151piac\",\"item\":\"https:\\\/\\\/allasorias.hu\\\/hirek\\\/temak\\\/munkaeropiac\\\/\",\"nextItem\":{\"@type\":\"ListItem\",\"@id\":\"https:\\\/\\\/allasorias.hu\\\/hirek\\\/julius-elsejetol-munkaba-allhatnak-a-diakok\\\/#listItem\",\"name\":\"J\\u00falius elsej\\u00e9t\\u0151l munk\\u00e1ba \\u00e1llhatnak a di\\u00e1kok\"},\"previousItem\":{\"@type\":\"ListItem\",\"@id\":\"https:\\\/\\\/allasorias.hu\\\/hirek#listItem\",\"name\":\"Home\"}},{\"@type\":\"ListItem\",\"@id\":\"https:\\\/\\\/allasorias.hu\\\/hirek\\\/julius-elsejetol-munkaba-allhatnak-a-diakok\\\/#listItem\",\"position\":3,\"name\":\"J\\u00falius elsej\\u00e9t\\u0151l munk\\u00e1ba \\u00e1llhatnak a di\\u00e1kok\",\"previousItem\":{\"@type\":\"ListItem\",\"@id\":\"https:\\\/\\\/allasorias.hu\\\/hirek\\\/temak\\\/munkaeropiac\\\/#listItem\",\"name\":\"Munkaer\\u0151piac\"}}]},{\"@type\":\"Organization\",\"@id\":\"https:\\\/\\\/allasorias.hu\\\/hirek\\\/#organization\",\"name\":\"AllasOrias.hu | H\\u00edrek-lapszemle\",\"description\":\"\\u00dczleti h\\u00edrek az \\u00e1ll\\u00e1s \\u00e9s a munka vil\\u00e1g\\u00e1b\\u00f3l\",\"url\":\"https:\\\/\\\/allasorias.hu\\\/hirek\\\/\",\"logo\":{\"@type\":\"ImageObject\",\"url\":\"https:\\\/\\\/allasorias.hu\\\/hirek\\\/wp-content\\\/uploads\\\/2022\\\/10\\\/allasorias_site_facebok_logo.png\",\"@id\":\"https:\\\/\\\/allasorias.hu\\\/hirek\\\/julius-elsejetol-munkaba-allhatnak-a-diakok\\\/#organizationLogo\"},\"image\":{\"@id\":\"https:\\\/\\\/allasorias.hu\\\/hirek\\\/julius-elsejetol-munkaba-allhatnak-a-diakok\\\/#organizationLogo\"},\"sameAs\":[\"https:\\\/\\\/www.facebook.com\\\/allasorias\",\"https:\\\/\\\/www.linkedin.com\\\/company\\\/allasorias\"]},{\"@type\":\"Person\",\"@id\":\"https:\\\/\\\/allasorias.hu\\\/hirek\\\/author\\\/admin-allasorias\\\/#author\",\"url\":\"https:\\\/\\\/allasorias.hu\\\/hirek\\\/author\\\/admin-allasorias\\\/\",\"name\":\"Juh\\u00e1sz P\\u00e9ter\",\"image\":{\"@type\":\"ImageObject\",\"@id\":\"https:\\\/\\\/allasorias.hu\\\/hirek\\\/julius-elsejetol-munkaba-allhatnak-a-diakok\\\/#authorImage\",\"url\":\"https:\\\/\\\/secure.gravatar.com\\\/avatar\\\/36e6bcb83148978b992977cb0f54d22feb0cce8a0a849a9410532bb2623ba4c6?s=96&d=mm&r=g\",\"width\":96,\"height\":96,\"caption\":\"Juh\\u00e1sz P\\u00e9ter\"}},{\"@type\":\"WebPage\",\"@id\":\"https:\\\/\\\/allasorias.hu\\\/hirek\\\/julius-elsejetol-munkaba-allhatnak-a-diakok\\\/#webpage\",\"url\":\"https:\\\/\\\/allasorias.hu\\\/hirek\\\/julius-elsejetol-munkaba-allhatnak-a-diakok\\\/\",\"name\":\"J\\u00falius elsej\\u00e9t\\u0151l munk\\u00e1ba \\u00e1llhatnak a di\\u00e1kok | AllasOrias.hu | H\\u00edrek-lapszemle\",\"description\":\"A di\\u00e1kok id\\u00e9n ny\\u00e1ron is a feldolgoz\\u00f3iparban, a gy\\u00e1rt\\u00f3szektorban, a kereskedelemben, valamint a vend\\u00e9gl\\u00e1t\\u00e1s, a mez\\u0151gazdas\\u00e1g \\u00e9s turizmus ter\\u00fclet\\u00e9n tudnak majd a legnagyobb sz\\u00e1mban dolgozni. Id\\u00e9n ny\\u00e1ron a munk\\u00e1t v\\u00e1llal\\u00f3 di\\u00e1kok sz\\u00e1ma 2019-hez hasonl\\u00f3an ism\\u00e9t el\\u00e9rheti a 65-70 ezret, mivel az \\u00e9v els\\u0151 \\u00f6t h\\u00f3napj\\u00e1ban m\\u00e1r mintegy 50 ezer tanul\\u00f3 helyezkedett el a munkaer\\u0151piacon a\",\"inLanguage\":\"hu-HU\",\"isPartOf\":{\"@id\":\"https:\\\/\\\/allasorias.hu\\\/hirek\\\/#website\"},\"breadcrumb\":{\"@id\":\"https:\\\/\\\/allasorias.hu\\\/hirek\\\/julius-elsejetol-munkaba-allhatnak-a-diakok\\\/#breadcrumblist\"},\"author\":{\"@id\":\"https:\\\/\\\/allasorias.hu\\\/hirek\\\/author\\\/admin-allasorias\\\/#author\"},\"creator\":{\"@id\":\"https:\\\/\\\/allasorias.hu\\\/hirek\\\/author\\\/admin-allasorias\\\/#author\"},\"image\":{\"@type\":\"ImageObject\",\"url\":\"https:\\\/\\\/allasorias.hu\\\/hirek\\\/wp-content\\\/uploads\\\/2020\\\/12\\\/young-attractive-smiling-student-showing-thumb-up-outdoors-campus-university.jpg\",\"@id\":\"https:\\\/\\\/allasorias.hu\\\/hirek\\\/julius-elsejetol-munkaba-allhatnak-a-diakok\\\/#mainImage\",\"width\":1920,\"height\":1280,\"caption\":\"Young attractive smiling student showing thumb up outdoors on campus at the university. Selective focus\"},\"primaryImageOfPage\":{\"@id\":\"https:\\\/\\\/allasorias.hu\\\/hirek\\\/julius-elsejetol-munkaba-allhatnak-a-diakok\\\/#mainImage\"},\"datePublished\":\"2021-06-24T08:51:44+02:00\",\"dateModified\":\"2021-06-24T08:51:44+02:00\"},{\"@type\":\"WebSite\",\"@id\":\"https:\\\/\\\/allasorias.hu\\\/hirek\\\/#website\",\"url\":\"https:\\\/\\\/allasorias.hu\\\/hirek\\\/\",\"name\":\"AllasOrias.hu | H\\u00edrek-lapszemle\",\"description\":\"\\u00dczleti h\\u00edrek az \\u00e1ll\\u00e1s \\u00e9s a munka vil\\u00e1g\\u00e1b\\u00f3l\",\"inLanguage\":\"hu-HU\",\"publisher\":{\"@id\":\"https:\\\/\\\/allasorias.hu\\\/hirek\\\/#organization\"}}]}\n\t\t<\/script>\n\t\t<!-- All in One SEO -->\n\n","aioseo_head_json":{"title":"J\u00falius elsej\u00e9t\u0151l munk\u00e1ba \u00e1llhatnak a di\u00e1kok | AllasOrias.hu | H\u00edrek-lapszemle","description":"A di\u00e1kok id\u00e9n ny\u00e1ron is a feldolgoz\u00f3iparban, a gy\u00e1rt\u00f3szektorban, a kereskedelemben, valamint a vend\u00e9gl\u00e1t\u00e1s, a mez\u0151gazdas\u00e1g \u00e9s turizmus ter\u00fclet\u00e9n tudnak majd a legnagyobb sz\u00e1mban dolgozni. Id\u00e9n ny\u00e1ron a munk\u00e1t v\u00e1llal\u00f3 di\u00e1kok sz\u00e1ma 2019-hez hasonl\u00f3an ism\u00e9t el\u00e9rheti a 65-70 ezret, mivel az \u00e9v els\u0151 \u00f6t h\u00f3napj\u00e1ban m\u00e1r mintegy 50 ezer tanul\u00f3 helyezkedett el a munkaer\u0151piacon a","canonical_url":"https:\/\/allasorias.hu\/hirek\/julius-elsejetol-munkaba-allhatnak-a-diakok\/","robots":"max-image-preview:large","keywords":"","webmasterTools":{"miscellaneous":""},"schema":{"@context":"https:\/\/schema.org","@graph":[{"@type":"Article","@id":"https:\/\/allasorias.hu\/hirek\/julius-elsejetol-munkaba-allhatnak-a-diakok\/#article","name":"J\u00falius elsej\u00e9t\u0151l munk\u00e1ba \u00e1llhatnak a di\u00e1kok | AllasOrias.hu | H\u00edrek-lapszemle","headline":"J\u00falius elsej\u00e9t\u0151l munk\u00e1ba \u00e1llhatnak a di\u00e1kok","author":{"@id":"https:\/\/allasorias.hu\/hirek\/author\/admin-allasorias\/#author"},"publisher":{"@id":"https:\/\/allasorias.hu\/hirek\/#organization"},"image":{"@type":"ImageObject","url":"https:\/\/allasorias.hu\/hirek\/wp-content\/uploads\/2020\/12\/young-attractive-smiling-student-showing-thumb-up-outdoors-campus-university.jpg","width":1920,"height":1280,"caption":"Young attractive smiling student showing thumb up outdoors on campus at the university. Selective focus"},"datePublished":"2021-06-24T08:51:44+02:00","dateModified":"2021-06-24T08:51:44+02:00","inLanguage":"hu-HU","mainEntityOfPage":{"@id":"https:\/\/allasorias.hu\/hirek\/julius-elsejetol-munkaba-allhatnak-a-diakok\/#webpage"},"isPartOf":{"@id":"https:\/\/allasorias.hu\/hirek\/julius-elsejetol-munkaba-allhatnak-a-diakok\/#webpage"},"articleSection":"Munkaer\u0151piac"},{"@type":"BreadcrumbList","@id":"https:\/\/allasorias.hu\/hirek\/julius-elsejetol-munkaba-allhatnak-a-diakok\/#breadcrumblist","itemListElement":[{"@type":"ListItem","@id":"https:\/\/allasorias.hu\/hirek#listItem","position":1,"name":"Home","item":"https:\/\/allasorias.hu\/hirek","nextItem":{"@type":"ListItem","@id":"https:\/\/allasorias.hu\/hirek\/temak\/munkaeropiac\/#listItem","name":"Munkaer\u0151piac"}},{"@type":"ListItem","@id":"https:\/\/allasorias.hu\/hirek\/temak\/munkaeropiac\/#listItem","position":2,"name":"Munkaer\u0151piac","item":"https:\/\/allasorias.hu\/hirek\/temak\/munkaeropiac\/","nextItem":{"@type":"ListItem","@id":"https:\/\/allasorias.hu\/hirek\/julius-elsejetol-munkaba-allhatnak-a-diakok\/#listItem","name":"J\u00falius elsej\u00e9t\u0151l munk\u00e1ba \u00e1llhatnak a di\u00e1kok"},"previousItem":{"@type":"ListItem","@id":"https:\/\/allasorias.hu\/hirek#listItem","name":"Home"}},{"@type":"ListItem","@id":"https:\/\/allasorias.hu\/hirek\/julius-elsejetol-munkaba-allhatnak-a-diakok\/#listItem","position":3,"name":"J\u00falius elsej\u00e9t\u0151l munk\u00e1ba \u00e1llhatnak a di\u00e1kok","previousItem":{"@type":"ListItem","@id":"https:\/\/allasorias.hu\/hirek\/temak\/munkaeropiac\/#listItem","name":"Munkaer\u0151piac"}}]},{"@type":"Organization","@id":"https:\/\/allasorias.hu\/hirek\/#organization","name":"AllasOrias.hu | H\u00edrek-lapszemle","description":"\u00dczleti h\u00edrek az \u00e1ll\u00e1s \u00e9s a munka vil\u00e1g\u00e1b\u00f3l","url":"https:\/\/allasorias.hu\/hirek\/","logo":{"@type":"ImageObject","url":"https:\/\/allasorias.hu\/hirek\/wp-content\/uploads\/2022\/10\/allasorias_site_facebok_logo.png","@id":"https:\/\/allasorias.hu\/hirek\/julius-elsejetol-munkaba-allhatnak-a-diakok\/#organizationLogo"},"image":{"@id":"https:\/\/allasorias.hu\/hirek\/julius-elsejetol-munkaba-allhatnak-a-diakok\/#organizationLogo"},"sameAs":["https:\/\/www.facebook.com\/allasorias","https:\/\/www.linkedin.com\/company\/allasorias"]},{"@type":"Person","@id":"https:\/\/allasorias.hu\/hirek\/author\/admin-allasorias\/#author","url":"https:\/\/allasorias.hu\/hirek\/author\/admin-allasorias\/","name":"Juh\u00e1sz P\u00e9ter","image":{"@type":"ImageObject","@id":"https:\/\/allasorias.hu\/hirek\/julius-elsejetol-munkaba-allhatnak-a-diakok\/#authorImage","url":"https:\/\/secure.gravatar.com\/avatar\/36e6bcb83148978b992977cb0f54d22feb0cce8a0a849a9410532bb2623ba4c6?s=96&d=mm&r=g","width":96,"height":96,"caption":"Juh\u00e1sz P\u00e9ter"}},{"@type":"WebPage","@id":"https:\/\/allasorias.hu\/hirek\/julius-elsejetol-munkaba-allhatnak-a-diakok\/#webpage","url":"https:\/\/allasorias.hu\/hirek\/julius-elsejetol-munkaba-allhatnak-a-diakok\/","name":"J\u00falius elsej\u00e9t\u0151l munk\u00e1ba \u00e1llhatnak a di\u00e1kok | AllasOrias.hu | H\u00edrek-lapszemle","description":"A di\u00e1kok id\u00e9n ny\u00e1ron is a feldolgoz\u00f3iparban, a gy\u00e1rt\u00f3szektorban, a kereskedelemben, valamint a vend\u00e9gl\u00e1t\u00e1s, a mez\u0151gazdas\u00e1g \u00e9s turizmus ter\u00fclet\u00e9n tudnak majd a legnagyobb sz\u00e1mban dolgozni. Id\u00e9n ny\u00e1ron a munk\u00e1t v\u00e1llal\u00f3 di\u00e1kok sz\u00e1ma 2019-hez hasonl\u00f3an ism\u00e9t el\u00e9rheti a 65-70 ezret, mivel az \u00e9v els\u0151 \u00f6t h\u00f3napj\u00e1ban m\u00e1r mintegy 50 ezer tanul\u00f3 helyezkedett el a munkaer\u0151piacon a","inLanguage":"hu-HU","isPartOf":{"@id":"https:\/\/allasorias.hu\/hirek\/#website"},"breadcrumb":{"@id":"https:\/\/allasorias.hu\/hirek\/julius-elsejetol-munkaba-allhatnak-a-diakok\/#breadcrumblist"},"author":{"@id":"https:\/\/allasorias.hu\/hirek\/author\/admin-allasorias\/#author"},"creator":{"@id":"https:\/\/allasorias.hu\/hirek\/author\/admin-allasorias\/#author"},"image":{"@type":"ImageObject","url":"https:\/\/allasorias.hu\/hirek\/wp-content\/uploads\/2020\/12\/young-attractive-smiling-student-showing-thumb-up-outdoors-campus-university.jpg","@id":"https:\/\/allasorias.hu\/hirek\/julius-elsejetol-munkaba-allhatnak-a-diakok\/#mainImage","width":1920,"height":1280,"caption":"Young attractive smiling student showing thumb up outdoors on campus at the university. Selective focus"},"primaryImageOfPage":{"@id":"https:\/\/allasorias.hu\/hirek\/julius-elsejetol-munkaba-allhatnak-a-diakok\/#mainImage"},"datePublished":"2021-06-24T08:51:44+02:00","dateModified":"2021-06-24T08:51:44+02:00"},{"@type":"WebSite","@id":"https:\/\/allasorias.hu\/hirek\/#website","url":"https:\/\/allasorias.hu\/hirek\/","name":"AllasOrias.hu | H\u00edrek-lapszemle","description":"\u00dczleti h\u00edrek az \u00e1ll\u00e1s \u00e9s a munka vil\u00e1g\u00e1b\u00f3l","inLanguage":"hu-HU","publisher":{"@id":"https:\/\/allasorias.hu\/hirek\/#organization"}}]},"og:locale":"hu_HU","og:site_name":"AllasOrias.hu | H\u00edrek-lapszemle | \u00dczleti h\u00edrek az \u00e1ll\u00e1s \u00e9s a munka vil\u00e1g\u00e1b\u00f3l","og:type":"article","og:title":"J\u00falius elsej\u00e9t\u0151l munk\u00e1ba \u00e1llhatnak a di\u00e1kok | AllasOrias.hu | H\u00edrek-lapszemle","og:description":"A di\u00e1kok id\u00e9n ny\u00e1ron is a feldolgoz\u00f3iparban, a gy\u00e1rt\u00f3szektorban, a kereskedelemben, valamint a vend\u00e9gl\u00e1t\u00e1s, a mez\u0151gazdas\u00e1g \u00e9s turizmus ter\u00fclet\u00e9n tudnak majd a legnagyobb sz\u00e1mban dolgozni. Id\u00e9n ny\u00e1ron a munk\u00e1t v\u00e1llal\u00f3 di\u00e1kok sz\u00e1ma 2019-hez hasonl\u00f3an ism\u00e9t el\u00e9rheti a 65-70 ezret, mivel az \u00e9v els\u0151 \u00f6t h\u00f3napj\u00e1ban m\u00e1r mintegy 50 ezer tanul\u00f3 helyezkedett el a munkaer\u0151piacon a","og:url":"https:\/\/allasorias.hu\/hirek\/julius-elsejetol-munkaba-allhatnak-a-diakok\/","og:image":"https:\/\/allasorias.hu\/hirek\/wp-content\/uploads\/2020\/12\/young-attractive-smiling-student-showing-thumb-up-outdoors-campus-university.jpg","og:image:secure_url":"https:\/\/allasorias.hu\/hirek\/wp-content\/uploads\/2020\/12\/young-attractive-smiling-student-showing-thumb-up-outdoors-campus-university.jpg","og:image:width":1920,"og:image:height":1280,"article:published_time":"2021-06-24T08:51:44+00:00","article:modified_time":"2021-06-24T08:51:44+00:00","article:publisher":"https:\/\/www.facebook.com\/allasorias","twitter:card":"summary_large_image","twitter:title":"J\u00falius elsej\u00e9t\u0151l munk\u00e1ba \u00e1llhatnak a di\u00e1kok | AllasOrias.hu | H\u00edrek-lapszemle","twitter:description":"A di\u00e1kok id\u00e9n ny\u00e1ron is a feldolgoz\u00f3iparban, a gy\u00e1rt\u00f3szektorban, a kereskedelemben, valamint a vend\u00e9gl\u00e1t\u00e1s, a mez\u0151gazdas\u00e1g \u00e9s turizmus ter\u00fclet\u00e9n tudnak majd a legnagyobb sz\u00e1mban dolgozni. Id\u00e9n ny\u00e1ron a munk\u00e1t v\u00e1llal\u00f3 di\u00e1kok sz\u00e1ma 2019-hez hasonl\u00f3an ism\u00e9t el\u00e9rheti a 65-70 ezret, mivel az \u00e9v els\u0151 \u00f6t h\u00f3napj\u00e1ban m\u00e1r mintegy 50 ezer tanul\u00f3 helyezkedett el a munkaer\u0151piacon a","twitter:image":"https:\/\/allasorias.hu\/hirek\/wp-content\/uploads\/2020\/12\/young-attractive-smiling-student-showing-thumb-up-outdoors-campus-university.jpg","twitter:label1":"Written by","twitter:data1":"Juh\u00e1sz P\u00e9ter","twitter:label2":"Est. reading time","twitter:data2":"3 minutes"},"aioseo_meta_data":{"post_id":"4866","title":null,"description":null,"keywords":[],"keyphrases":{"focus":[],"additional":[]},"primary_term":null,"canonical_url":null,"og_title":null,"og_description":null,"og_object_type":"default","og_image_type":"default","og_image_url":null,"og_image_width":null,"og_image_height":null,"og_image_custom_url":null,"og_image_custom_fields":null,"og_video":"","og_custom_url":null,"og_article_section":null,"og_article_tags":[],"twitter_use_og":false,"twitter_card":"default","twitter_image_type":"default","twitter_image_url":null,"twitter_image_custom_url":null,"twitter_image_custom_fields":null,"twitter_title":null,"twitter_description":null,"schema":{"blockGraphs":[],"customGraphs":[],"default":{"data":{"Article":[],"Course":[],"Dataset":[],"FAQPage":[],"Movie":[],"Person":[],"Product":[],"ProductReview":[],"Car":[],"Recipe":[],"Service":[],"SoftwareApplication":[],"WebPage":[]},"graphName":"","isEnabled":true},"graphs":[]},"schema_type":"default","schema_type_options":"{\"article\":{\"articleType\":\"BlogPosting\"},\"course\":{\"name\":\"\",\"description\":\"\",\"provider\":\"\"},\"faq\":{\"pages\":[]},\"product\":{\"reviews\":[]},\"recipe\":{\"ingredients\":[],\"instructions\":[],\"keywords\":[]},\"software\":{\"reviews\":[],\"operatingSystems\":[]},\"webPage\":{\"webPageType\":\"WebPage\"}}","pillar_content":false,"robots_default":true,"robots_noindex":false,"robots_noarchive":false,"robots_nosnippet":false,"robots_nofollow":false,"robots_noimageindex":false,"robots_noodp":false,"robots_notranslate":false,"robots_max_snippet":"-1","robots_max_videopreview":"-1","robots_max_imagepreview":"large","priority":null,"frequency":"default","location":null,"local_seo":{"locations":{"business":{"name":"","businessType":"","image":"","areaServed":"","urls":{"website":"","aboutPage":"","contactPage":""},"address":{"streetLine1":"","streetLine2":"","zipCode":"","city":"","state":"","country":"","addressFormat":"#streetLineOne\n#streetLineTwo\n#city, #state #zipCode"},"contact":{"phone":"","email":"","fax":""},"ids":{"vat":"","tax":"","chamberOfCommerce":""},"payment":{"priceRange":"","currenciesAccepted":"","methods":""}}},"openingHours":{"useDefaults":true,"show":true,"alwaysOpen":false,"use24hFormat":false,"timezone":"","labels":{"closed":"","alwaysOpen":""},"days":{"monday":{"open24h":false,"closed":false,"openTime":"09:00","closeTime":"17:00"},"tuesday":{"open24h":false,"closed":false,"openTime":"09:00","closeTime":"17:00"},"wednesday":{"open24h":false,"closed":false,"openTime":"09:00","closeTime":"17:00"},"thursday":{"open24h":false,"closed":false,"openTime":"09:00","closeTime":"17:00"},"friday":{"open24h":false,"closed":false,"openTime":"09:00","closeTime":"17:00"},"saturday":{"open24h":false,"closed":false,"openTime":"09:00","closeTime":"17:00"},"sunday":{"open24h":false,"closed":false,"openTime":"09:00","closeTime":"17:00"}}}},"breadcrumb_settings":null,"limit_modified_date":false,"ai":null,"created":"2021-06-24 08:46:04","updated":"2025-10-02 15:53:51","seo_analyzer_scan_date":null,"focus_keyword":null,"additional_keywords":null,"truseo_locale":null},"aioseo_breadcrumb":"<div class=\"aioseo-breadcrumbs\"><span class=\"aioseo-breadcrumb\">\n\t\t\t<a href=\"https:\/\/allasorias.hu\/hirek\" title=\"Home\">Home<\/a>\n\t\t<\/span><span class=\"aioseo-breadcrumb-separator\">&raquo;<\/span><span class=\"aioseo-breadcrumb\">\n\t\t\t<a href=\"https:\/\/allasorias.hu\/hirek\/temak\/munkaeropiac\/\" title=\"Munkaer\u0151piac\">Munkaer\u0151piac<\/a>\n\t\t<\/span><span class=\"aioseo-breadcrumb-separator\">&raquo;<\/span><span class=\"aioseo-breadcrumb\">\n\t\t\tJ\u00falius elsej\u00e9t\u0151l munk\u00e1ba \u00e1llhatnak a di\u00e1kok\n\t\t<\/span><\/div>","aioseo_breadcrumb_json":[{"label":"Home","link":"https:\/\/allasorias.hu\/hirek"},{"label":"Munkaer\u0151piac","link":"https:\/\/allasorias.hu\/hirek\/temak\/munkaeropiac\/"},{"label":"J\u00falius elsej\u00e9t\u0151l munk\u00e1ba \u00e1llhatnak a di\u00e1kok","link":"https:\/\/allasorias.hu\/hirek\/julius-elsejetol-munkaba-allhatnak-a-diakok\/"}],"_links":{"self":[{"href":"https:\/\/allasorias.hu\/hirek\/wp-json\/wp\/v2\/posts\/4866","targetHints":{"allow":["GET"]}}],"collection":[{"href":"https:\/\/allasorias.hu\/hirek\/wp-json\/wp\/v2\/posts"}],"about":[{"href":"https:\/\/allasorias.hu\/hirek\/wp-json\/wp\/v2\/types\/post"}],"author":[{"embeddable":true,"href":"https:\/\/allasorias.hu\/hirek\/wp-json\/wp\/v2\/users\/1"}],"replies":[{"embeddable":true,"href":"https:\/\/allasorias.hu\/hirek\/wp-json\/wp\/v2\/comments?post=4866"}],"version-history":[{"count":1,"href":"https:\/\/allasorias.hu\/hirek\/wp-json\/wp\/v2\/posts\/4866\/revisions"}],"predecessor-version":[{"id":4867,"href":"https:\/\/allasorias.hu\/hirek\/wp-json\/wp\/v2\/posts\/4866\/revisions\/4867"}],"wp:featuredmedia":[{"embeddable":true,"href":"https:\/\/allasorias.hu\/hirek\/wp-json\/wp\/v2\/media\/4488"}],"wp:attachment":[{"href":"https:\/\/allasorias.hu\/hirek\/wp-json\/wp\/v2\/media?parent=4866"}],"wp:term":[{"taxonomy":"category","embeddable":true,"href":"https:\/\/allasorias.hu\/hirek\/wp-json\/wp\/v2\/categories?post=4866"},{"taxonomy":"post_tag","embeddable":true,"href":"https:\/\/allasorias.hu\/hirek\/wp-json\/wp\/v2\/tags?post=4866"}],"curies":[{"name":"wp","href":"https:\/\/api.w.org\/{rel}","templated":true}]}}