{"id":4852,"date":"2021-06-17T06:38:21","date_gmt":"2021-06-17T06:38:21","guid":{"rendered":"https:\/\/allasorias.hu\/hirek\/?p=4852"},"modified":"2021-06-17T06:39:09","modified_gmt":"2021-06-17T06:39:09","slug":"tobbet-kereshetnek-iden-a-diakok","status":"publish","type":"post","link":"https:\/\/allasorias.hu\/hirek\/tobbet-kereshetnek-iden-a-diakok\/","title":{"rendered":"T\u00f6bbet kereshetnek id\u00e9n a di\u00e1kok"},"content":{"rendered":"<p><strong>2021 nyar\u00e1n a di\u00e1kok m\u00e1r ak\u00e1r 5\u201310 sz\u00e1zal\u00e9kkal is t\u00f6bbet kereshetnek, mint k\u00e9t \u00e9vvel ezel\u0151tt. &#8222;J\u00fanius 15-\u00e9n a k\u00f6zoktat\u00e1sban is v\u00e9get \u00e9rt a tan\u00e9v, a ny\u00e1ri vak\u00e1ci\u00f3val egy\u00fctt megkezd\u0151d\u00f6tt a di\u00e1kmunka f\u0151 szezonja is. Az idei \u00e9v azonban ezen a t\u00e9ren is m\u00e1s, mint az eddigiek. A 2021-es ny\u00e1r haz\u00e1nkban az \u00fajranyit\u00e1s ideje, a rendk\u00edv\u00fcl rugalmasan \u00e9s kedvez\u0151 felt\u00e9telekkel foglalkoztathat\u00f3 di\u00e1kok pedig nagyban hozz\u00e1j\u00e1rulhatnak a gazdas\u00e1g felp\u00f6rget\u00e9s\u00e9hez.<\/strong><\/p>\n<p>A turizmus, vend\u00e9gl\u00e1t\u00e1s, rendezv\u00e9nyszervez\u00e9s csup\u00e1n a j\u00e9ghegy cs\u00facsa, sz\u00e1mos \u00e1gazatban komoly munkaer\u0151hi\u00e1ny van, amit az \u00f3rab\u00e9rek emelked\u00e9se is jelez \u2013 hangs\u00falyozta Kott Zolt\u00e1n, a MEL\u00d3-DI\u00c1K eln\u00f6k-vez\u00e9rigazgat\u00f3ja. Az 1983 \u00f3ta piacvezet\u0151 t\u00e1rsas\u00e1g t\u00f6bb sz\u00e1z partnern\u00e9l, \u00e9vente 35\u201340 ezer munkalehet\u0151s\u00e9get k\u00edn\u00e1l a dolgozni k\u00edv\u00e1n\u00f3 di\u00e1koknak, \u00edgy j\u00f3l \u00e9rz\u00e9keli a trendeket. \u201eAz \u00e9v elej\u00e9n m\u00e9g \u00fagy l\u00e1tszott, hogy nem fognak n\u0151ni az \u00f3rab\u00e9rek, tavasszal azonban elindult az emelked\u00e9s. 2021 nyar\u00e1n a di\u00e1kok m\u00e1r ak\u00e1r 5\u201310 sz\u00e1zal\u00e9kkal is t\u00f6bbet kereshetnek, mint k\u00e9t \u00e9vvel ezel\u0151tt. &#8222;A di\u00e1k munkav\u00e1llal\u00f3knak k\u00edn\u00e1lt \u00e1tlagos brutt\u00f3 \u00f3rab\u00e9rek a fizikai \u00e9s a hagyom\u00e1nyos irodai munkak\u00f6r\u00f6kben, valamint a vend\u00e9gl\u00e1t\u00e1s ter\u00fclet\u00e9n is 1200 \u00e9s 1300 forint k\u00f6z\u00f6tt mozognak, az IT-ismereteket is ig\u00e9nyl\u0151 szakmai irodai munk\u00e1kn\u00e1l pedig 1700 forint f\u00f6l\u00f6tt vannak \u2013 sorolja Kott Zolt\u00e1n, hangs\u00falyozva: a brutt\u00f3 b\u00e9reket iskolasz\u00f6vetkezeti foglalkoztat\u00e1s eset\u00e9n csup\u00e1n a 15 sz\u00e1zal\u00e9kos szem\u00e9lyi j\u00f6vedelemad\u00f3 terheli. A b\u00e9rek k\u00f6z\u00f6tt a munkak\u00f6rt\u0151l f\u00fcgg\u0151en jelent\u0151s elt\u00e9r\u00e9sek lehetnek, \u00edgy akad olyan fizikai munka is, amely\u00e9rt \u00f3r\u00e1nk\u00e9nt j\u00f3val t\u00f6bb mint 2000 forintot k\u00edn\u00e1lnak. A r\u00e9gi\u00f3k tekintet\u00e9ben a Balaton vezet, itt \u2013 valamennyi lehet\u0151s\u00e9get figyelembe v\u00e9ve \u2013 1300 forint az \u00e1tlag \u00f3rab\u00e9r, Budapesten \u00e9s Nyugat-Magyarorsz\u00e1gon fej-fej mellett \u00e1ll (1230 forint), \u00e9s Kelet-Magyarorsz\u00e1g sincs nagyon lemaradva (1140 forint).Di\u00e1kmunk\u00e1ra is ugyan\u00fagy \u00edr\u00e1sban kell szerz\u0151dni, mint b\u00e1rmely m\u00e1s munkav\u00e9gz\u00e9s eset\u00e9n, \u00e9s nem lehet a minim\u00e1lb\u00e9rn\u00e9l kevesebbet fizetni, amely jelenleg brutt\u00f3 963 forint \u00f3r\u00e1nk\u00e9nt. A ny\u00e1ri munka persze nem csup\u00e1n a p\u00e9nzkeresetr\u0151l sz\u00f3l. Az elhelyezked\u0151 fiatalok a k\u00e9s\u0151bbi p\u00e1ly\u00e1jukon is hasznos\u00edthat\u00f3 szakmai tapasztalatokat szerezhetnek, a k\u00e9nyszer\u0171en otthon t\u00f6lt\u00f6tt h\u00f3napok ut\u00e1n pedig sokuk sz\u00e1m\u00e1ra val\u00f3di fel\u00fcd\u00fcl\u00e9s a \u201ejelenl\u00e9ti&#8221; k\u00f6z\u00f6s elfoglalts\u00e1g. A MEL\u00d3-DI\u00c1K orsz\u00e1gszerte 40 irod\u00e1j\u00e1ban (\u00e9s a melodiak.hu weboldal\u00e1n) t\u00f6bb sz\u00e1z ny\u00e1ri munk\u00e1t k\u00edn\u00e1l a jelentkez\u0151knek, most m\u00e9g mindenki megtal\u00e1lhatja a legink\u00e1bb kedv\u00e9re val\u00f3t \u2013 teszi hozz\u00e1 Kott Zolt\u00e1n.<\/p>\n<p>Forr\u00e1s: uzletem.hu<\/p>\n","protected":false},"excerpt":{"rendered":"<p>2021 nyar\u00e1n a di\u00e1kok m\u00e1r ak\u00e1r 5\u201310 sz\u00e1zal\u00e9kkal is t\u00f6bbet kereshetnek, mint k\u00e9t \u00e9vvel ezel\u0151tt. &#8222;J\u00fanius 15-\u00e9n a k\u00f6zoktat\u00e1sban is v\u00e9get \u00e9rt a tan\u00e9v, a ny\u00e1ri vak\u00e1ci\u00f3val egy\u00fctt megkezd\u0151d\u00f6tt a di\u00e1kmunka f\u0151 szezonja is. Az idei \u00e9v azonban ezen a t\u00e9ren is m\u00e1s, mint az eddigiek. A 2021-es ny\u00e1r haz\u00e1nkban az \u00fajranyit\u00e1s ideje, a rendk\u00edv\u00fcl [&hellip;]<\/p>\n","protected":false},"author":1,"featured_media":4703,"comment_status":"open","ping_status":"open","sticky":false,"template":"","format":"standard","meta":{"_monsterinsights_skip_tracking":false,"footnotes":""},"categories":[200],"tags":[],"class_list":["post-4852","post","type-post","status-publish","format-standard","has-post-thumbnail","hentry","category-munkaeropiac"],"aioseo_notices":[],"aioseo_head":"\n\t\t<!-- All in One SEO 5.0.0.1 - aioseo.com -->\n\t<meta name=\"description\" content=\"2021 nyar\u00e1n a di\u00e1kok m\u00e1r ak\u00e1r 5\u201310 sz\u00e1zal\u00e9kkal is t\u00f6bbet kereshetnek, mint k\u00e9t \u00e9vvel ezel\u0151tt. &quot;J\u00fanius 15-\u00e9n a k\u00f6zoktat\u00e1sban is v\u00e9get \u00e9rt a tan\u00e9v, a ny\u00e1ri vak\u00e1ci\u00f3val egy\u00fctt megkezd\u0151d\u00f6tt a di\u00e1kmunka f\u0151 szezonja is. Az idei \u00e9v azonban ezen a t\u00e9ren is m\u00e1s, mint az eddigiek. A 2021-es ny\u00e1r haz\u00e1nkban az \u00fajranyit\u00e1s ideje, a rendk\u00edv\u00fcl\" \/>\n\t<meta name=\"robots\" content=\"max-image-preview:large\" \/>\n\t<meta name=\"author\" content=\"Juh\u00e1sz P\u00e9ter\"\/>\n\t<link rel=\"canonical\" href=\"https:\/\/allasorias.hu\/hirek\/tobbet-kereshetnek-iden-a-diakok\/\" \/>\n\t<meta name=\"generator\" content=\"All in One SEO (AIOSEO) 5.0.0.1\" \/>\n\t\t<meta property=\"og:locale\" content=\"hu_HU\" \/>\n\t\t<meta property=\"og:site_name\" content=\"AllasOrias.hu | H\u00edrek-lapszemle | \u00dczleti h\u00edrek az \u00e1ll\u00e1s \u00e9s a munka vil\u00e1g\u00e1b\u00f3l\" \/>\n\t\t<meta property=\"og:type\" content=\"article\" \/>\n\t\t<meta property=\"og:title\" content=\"T\u00f6bbet kereshetnek id\u00e9n a di\u00e1kok | AllasOrias.hu | H\u00edrek-lapszemle\" \/>\n\t\t<meta property=\"og:description\" content=\"2021 nyar\u00e1n a di\u00e1kok m\u00e1r ak\u00e1r 5\u201310 sz\u00e1zal\u00e9kkal is t\u00f6bbet kereshetnek, mint k\u00e9t \u00e9vvel ezel\u0151tt. &quot;J\u00fanius 15-\u00e9n a k\u00f6zoktat\u00e1sban is v\u00e9get \u00e9rt a tan\u00e9v, a ny\u00e1ri vak\u00e1ci\u00f3val egy\u00fctt megkezd\u0151d\u00f6tt a di\u00e1kmunka f\u0151 szezonja is. Az idei \u00e9v azonban ezen a t\u00e9ren is m\u00e1s, mint az eddigiek. A 2021-es ny\u00e1r haz\u00e1nkban az \u00fajranyit\u00e1s ideje, a rendk\u00edv\u00fcl\" \/>\n\t\t<meta property=\"og:url\" content=\"https:\/\/allasorias.hu\/hirek\/tobbet-kereshetnek-iden-a-diakok\/\" \/>\n\t\t<meta property=\"og:image\" content=\"https:\/\/allasorias.hu\/hirek\/wp-content\/uploads\/2021\/04\/0409.jpg\" \/>\n\t\t<meta property=\"og:image:secure_url\" content=\"https:\/\/allasorias.hu\/hirek\/wp-content\/uploads\/2021\/04\/0409.jpg\" \/>\n\t\t<meta property=\"og:image:width\" content=\"1920\" \/>\n\t\t<meta property=\"og:image:height\" content=\"1281\" \/>\n\t\t<meta property=\"article:published_time\" content=\"2021-06-17T06:38:21+00:00\" \/>\n\t\t<meta property=\"article:modified_time\" content=\"2021-06-17T06:39:09+00:00\" \/>\n\t\t<meta property=\"article:publisher\" content=\"https:\/\/www.facebook.com\/allasorias\" \/>\n\t\t<meta name=\"twitter:card\" content=\"summary_large_image\" \/>\n\t\t<meta name=\"twitter:title\" content=\"T\u00f6bbet kereshetnek id\u00e9n a di\u00e1kok | AllasOrias.hu | H\u00edrek-lapszemle\" \/>\n\t\t<meta name=\"twitter:description\" content=\"2021 nyar\u00e1n a di\u00e1kok m\u00e1r ak\u00e1r 5\u201310 sz\u00e1zal\u00e9kkal is t\u00f6bbet kereshetnek, mint k\u00e9t \u00e9vvel ezel\u0151tt. &quot;J\u00fanius 15-\u00e9n a k\u00f6zoktat\u00e1sban is v\u00e9get \u00e9rt a tan\u00e9v, a ny\u00e1ri vak\u00e1ci\u00f3val egy\u00fctt megkezd\u0151d\u00f6tt a di\u00e1kmunka f\u0151 szezonja is. Az idei \u00e9v azonban ezen a t\u00e9ren is m\u00e1s, mint az eddigiek. A 2021-es ny\u00e1r haz\u00e1nkban az \u00fajranyit\u00e1s ideje, a rendk\u00edv\u00fcl\" \/>\n\t\t<meta name=\"twitter:image\" content=\"https:\/\/allasorias.hu\/hirek\/wp-content\/uploads\/2021\/04\/0409.jpg\" \/>\n\t\t<meta name=\"twitter:label1\" content=\"Written by\" \/>\n\t\t<meta name=\"twitter:data1\" content=\"Juh\u00e1sz P\u00e9ter\" \/>\n\t\t<meta name=\"twitter:label2\" content=\"Est. reading time\" \/>\n\t\t<meta name=\"twitter:data2\" content=\"3 minutes\" \/>\n\t\t<script type=\"application\/ld+json\" class=\"aioseo-schema\">\n\t\t\t{\"@context\":\"https:\\\/\\\/schema.org\",\"@graph\":[{\"@type\":\"Article\",\"@id\":\"https:\\\/\\\/allasorias.hu\\\/hirek\\\/tobbet-kereshetnek-iden-a-diakok\\\/#article\",\"name\":\"T\\u00f6bbet kereshetnek id\\u00e9n a di\\u00e1kok | AllasOrias.hu | H\\u00edrek-lapszemle\",\"headline\":\"T\\u00f6bbet kereshetnek id\\u00e9n a di\\u00e1kok\",\"author\":{\"@id\":\"https:\\\/\\\/allasorias.hu\\\/hirek\\\/author\\\/admin-allasorias\\\/#author\"},\"publisher\":{\"@id\":\"https:\\\/\\\/allasorias.hu\\\/hirek\\\/#organization\"},\"image\":{\"@type\":\"ImageObject\",\"url\":\"https:\\\/\\\/allasorias.hu\\\/hirek\\\/wp-content\\\/uploads\\\/2021\\\/04\\\/0409.jpg\",\"width\":1920,\"height\":1281,\"caption\":\"Young student looking at camera sitting in university classroom with her groupmates on background. Studying on wooden desks. Guys reading, studuing, learning, writing. Working with scientific project.\"},\"datePublished\":\"2021-06-17T06:38:21+02:00\",\"dateModified\":\"2021-06-17T06:39:09+02:00\",\"inLanguage\":\"hu-HU\",\"mainEntityOfPage\":{\"@id\":\"https:\\\/\\\/allasorias.hu\\\/hirek\\\/tobbet-kereshetnek-iden-a-diakok\\\/#webpage\"},\"isPartOf\":{\"@id\":\"https:\\\/\\\/allasorias.hu\\\/hirek\\\/tobbet-kereshetnek-iden-a-diakok\\\/#webpage\"},\"articleSection\":\"Munkaer\\u0151piac\"},{\"@type\":\"BreadcrumbList\",\"@id\":\"https:\\\/\\\/allasorias.hu\\\/hirek\\\/tobbet-kereshetnek-iden-a-diakok\\\/#breadcrumblist\",\"itemListElement\":[{\"@type\":\"ListItem\",\"@id\":\"https:\\\/\\\/allasorias.hu\\\/hirek#listItem\",\"position\":1,\"name\":\"Home\",\"item\":\"https:\\\/\\\/allasorias.hu\\\/hirek\",\"nextItem\":{\"@type\":\"ListItem\",\"@id\":\"https:\\\/\\\/allasorias.hu\\\/hirek\\\/temak\\\/munkaeropiac\\\/#listItem\",\"name\":\"Munkaer\\u0151piac\"}},{\"@type\":\"ListItem\",\"@id\":\"https:\\\/\\\/allasorias.hu\\\/hirek\\\/temak\\\/munkaeropiac\\\/#listItem\",\"position\":2,\"name\":\"Munkaer\\u0151piac\",\"item\":\"https:\\\/\\\/allasorias.hu\\\/hirek\\\/temak\\\/munkaeropiac\\\/\",\"nextItem\":{\"@type\":\"ListItem\",\"@id\":\"https:\\\/\\\/allasorias.hu\\\/hirek\\\/tobbet-kereshetnek-iden-a-diakok\\\/#listItem\",\"name\":\"T\\u00f6bbet kereshetnek id\\u00e9n a di\\u00e1kok\"},\"previousItem\":{\"@type\":\"ListItem\",\"@id\":\"https:\\\/\\\/allasorias.hu\\\/hirek#listItem\",\"name\":\"Home\"}},{\"@type\":\"ListItem\",\"@id\":\"https:\\\/\\\/allasorias.hu\\\/hirek\\\/tobbet-kereshetnek-iden-a-diakok\\\/#listItem\",\"position\":3,\"name\":\"T\\u00f6bbet kereshetnek id\\u00e9n a di\\u00e1kok\",\"previousItem\":{\"@type\":\"ListItem\",\"@id\":\"https:\\\/\\\/allasorias.hu\\\/hirek\\\/temak\\\/munkaeropiac\\\/#listItem\",\"name\":\"Munkaer\\u0151piac\"}}]},{\"@type\":\"Organization\",\"@id\":\"https:\\\/\\\/allasorias.hu\\\/hirek\\\/#organization\",\"name\":\"AllasOrias.hu | H\\u00edrek-lapszemle\",\"description\":\"\\u00dczleti h\\u00edrek az \\u00e1ll\\u00e1s \\u00e9s a munka vil\\u00e1g\\u00e1b\\u00f3l\",\"url\":\"https:\\\/\\\/allasorias.hu\\\/hirek\\\/\",\"logo\":{\"@type\":\"ImageObject\",\"url\":\"https:\\\/\\\/allasorias.hu\\\/hirek\\\/wp-content\\\/uploads\\\/2022\\\/10\\\/allasorias_site_facebok_logo.png\",\"@id\":\"https:\\\/\\\/allasorias.hu\\\/hirek\\\/tobbet-kereshetnek-iden-a-diakok\\\/#organizationLogo\"},\"image\":{\"@id\":\"https:\\\/\\\/allasorias.hu\\\/hirek\\\/tobbet-kereshetnek-iden-a-diakok\\\/#organizationLogo\"},\"sameAs\":[\"https:\\\/\\\/www.facebook.com\\\/allasorias\",\"https:\\\/\\\/www.linkedin.com\\\/company\\\/allasorias\"]},{\"@type\":\"Person\",\"@id\":\"https:\\\/\\\/allasorias.hu\\\/hirek\\\/author\\\/admin-allasorias\\\/#author\",\"url\":\"https:\\\/\\\/allasorias.hu\\\/hirek\\\/author\\\/admin-allasorias\\\/\",\"name\":\"Juh\\u00e1sz P\\u00e9ter\",\"image\":{\"@type\":\"ImageObject\",\"@id\":\"https:\\\/\\\/allasorias.hu\\\/hirek\\\/tobbet-kereshetnek-iden-a-diakok\\\/#authorImage\",\"url\":\"https:\\\/\\\/secure.gravatar.com\\\/avatar\\\/36e6bcb83148978b992977cb0f54d22feb0cce8a0a849a9410532bb2623ba4c6?s=96&d=mm&r=g\",\"width\":96,\"height\":96,\"caption\":\"Juh\\u00e1sz P\\u00e9ter\"}},{\"@type\":\"WebPage\",\"@id\":\"https:\\\/\\\/allasorias.hu\\\/hirek\\\/tobbet-kereshetnek-iden-a-diakok\\\/#webpage\",\"url\":\"https:\\\/\\\/allasorias.hu\\\/hirek\\\/tobbet-kereshetnek-iden-a-diakok\\\/\",\"name\":\"T\\u00f6bbet kereshetnek id\\u00e9n a di\\u00e1kok | AllasOrias.hu | H\\u00edrek-lapszemle\",\"description\":\"2021 nyar\\u00e1n a di\\u00e1kok m\\u00e1r ak\\u00e1r 5\\u201310 sz\\u00e1zal\\u00e9kkal is t\\u00f6bbet kereshetnek, mint k\\u00e9t \\u00e9vvel ezel\\u0151tt. \\\"J\\u00fanius 15-\\u00e9n a k\\u00f6zoktat\\u00e1sban is v\\u00e9get \\u00e9rt a tan\\u00e9v, a ny\\u00e1ri vak\\u00e1ci\\u00f3val egy\\u00fctt megkezd\\u0151d\\u00f6tt a di\\u00e1kmunka f\\u0151 szezonja is. Az idei \\u00e9v azonban ezen a t\\u00e9ren is m\\u00e1s, mint az eddigiek. A 2021-es ny\\u00e1r haz\\u00e1nkban az \\u00fajranyit\\u00e1s ideje, a rendk\\u00edv\\u00fcl\",\"inLanguage\":\"hu-HU\",\"isPartOf\":{\"@id\":\"https:\\\/\\\/allasorias.hu\\\/hirek\\\/#website\"},\"breadcrumb\":{\"@id\":\"https:\\\/\\\/allasorias.hu\\\/hirek\\\/tobbet-kereshetnek-iden-a-diakok\\\/#breadcrumblist\"},\"author\":{\"@id\":\"https:\\\/\\\/allasorias.hu\\\/hirek\\\/author\\\/admin-allasorias\\\/#author\"},\"creator\":{\"@id\":\"https:\\\/\\\/allasorias.hu\\\/hirek\\\/author\\\/admin-allasorias\\\/#author\"},\"image\":{\"@type\":\"ImageObject\",\"url\":\"https:\\\/\\\/allasorias.hu\\\/hirek\\\/wp-content\\\/uploads\\\/2021\\\/04\\\/0409.jpg\",\"@id\":\"https:\\\/\\\/allasorias.hu\\\/hirek\\\/tobbet-kereshetnek-iden-a-diakok\\\/#mainImage\",\"width\":1920,\"height\":1281,\"caption\":\"Young student looking at camera sitting in university classroom with her groupmates on background. Studying on wooden desks. Guys reading, studuing, learning, writing. Working with scientific project.\"},\"primaryImageOfPage\":{\"@id\":\"https:\\\/\\\/allasorias.hu\\\/hirek\\\/tobbet-kereshetnek-iden-a-diakok\\\/#mainImage\"},\"datePublished\":\"2021-06-17T06:38:21+02:00\",\"dateModified\":\"2021-06-17T06:39:09+02:00\"},{\"@type\":\"WebSite\",\"@id\":\"https:\\\/\\\/allasorias.hu\\\/hirek\\\/#website\",\"url\":\"https:\\\/\\\/allasorias.hu\\\/hirek\\\/\",\"name\":\"AllasOrias.hu | H\\u00edrek-lapszemle\",\"description\":\"\\u00dczleti h\\u00edrek az \\u00e1ll\\u00e1s \\u00e9s a munka vil\\u00e1g\\u00e1b\\u00f3l\",\"inLanguage\":\"hu-HU\",\"publisher\":{\"@id\":\"https:\\\/\\\/allasorias.hu\\\/hirek\\\/#organization\"}}]}\n\t\t<\/script>\n\t\t<!-- All in One SEO -->\n\n","aioseo_head_json":{"title":"T\u00f6bbet kereshetnek id\u00e9n a di\u00e1kok | AllasOrias.hu | H\u00edrek-lapszemle","description":"2021 nyar\u00e1n a di\u00e1kok m\u00e1r ak\u00e1r 5\u201310 sz\u00e1zal\u00e9kkal is t\u00f6bbet kereshetnek, mint k\u00e9t \u00e9vvel ezel\u0151tt. \"J\u00fanius 15-\u00e9n a k\u00f6zoktat\u00e1sban is v\u00e9get \u00e9rt a tan\u00e9v, a ny\u00e1ri vak\u00e1ci\u00f3val egy\u00fctt megkezd\u0151d\u00f6tt a di\u00e1kmunka f\u0151 szezonja is. Az idei \u00e9v azonban ezen a t\u00e9ren is m\u00e1s, mint az eddigiek. A 2021-es ny\u00e1r haz\u00e1nkban az \u00fajranyit\u00e1s ideje, a rendk\u00edv\u00fcl","canonical_url":"https:\/\/allasorias.hu\/hirek\/tobbet-kereshetnek-iden-a-diakok\/","robots":"max-image-preview:large","keywords":"","webmasterTools":{"miscellaneous":""},"schema":{"@context":"https:\/\/schema.org","@graph":[{"@type":"Article","@id":"https:\/\/allasorias.hu\/hirek\/tobbet-kereshetnek-iden-a-diakok\/#article","name":"T\u00f6bbet kereshetnek id\u00e9n a di\u00e1kok | AllasOrias.hu | H\u00edrek-lapszemle","headline":"T\u00f6bbet kereshetnek id\u00e9n a di\u00e1kok","author":{"@id":"https:\/\/allasorias.hu\/hirek\/author\/admin-allasorias\/#author"},"publisher":{"@id":"https:\/\/allasorias.hu\/hirek\/#organization"},"image":{"@type":"ImageObject","url":"https:\/\/allasorias.hu\/hirek\/wp-content\/uploads\/2021\/04\/0409.jpg","width":1920,"height":1281,"caption":"Young student looking at camera sitting in university classroom with her groupmates on background. Studying on wooden desks. Guys reading, studuing, learning, writing. Working with scientific project."},"datePublished":"2021-06-17T06:38:21+02:00","dateModified":"2021-06-17T06:39:09+02:00","inLanguage":"hu-HU","mainEntityOfPage":{"@id":"https:\/\/allasorias.hu\/hirek\/tobbet-kereshetnek-iden-a-diakok\/#webpage"},"isPartOf":{"@id":"https:\/\/allasorias.hu\/hirek\/tobbet-kereshetnek-iden-a-diakok\/#webpage"},"articleSection":"Munkaer\u0151piac"},{"@type":"BreadcrumbList","@id":"https:\/\/allasorias.hu\/hirek\/tobbet-kereshetnek-iden-a-diakok\/#breadcrumblist","itemListElement":[{"@type":"ListItem","@id":"https:\/\/allasorias.hu\/hirek#listItem","position":1,"name":"Home","item":"https:\/\/allasorias.hu\/hirek","nextItem":{"@type":"ListItem","@id":"https:\/\/allasorias.hu\/hirek\/temak\/munkaeropiac\/#listItem","name":"Munkaer\u0151piac"}},{"@type":"ListItem","@id":"https:\/\/allasorias.hu\/hirek\/temak\/munkaeropiac\/#listItem","position":2,"name":"Munkaer\u0151piac","item":"https:\/\/allasorias.hu\/hirek\/temak\/munkaeropiac\/","nextItem":{"@type":"ListItem","@id":"https:\/\/allasorias.hu\/hirek\/tobbet-kereshetnek-iden-a-diakok\/#listItem","name":"T\u00f6bbet kereshetnek id\u00e9n a di\u00e1kok"},"previousItem":{"@type":"ListItem","@id":"https:\/\/allasorias.hu\/hirek#listItem","name":"Home"}},{"@type":"ListItem","@id":"https:\/\/allasorias.hu\/hirek\/tobbet-kereshetnek-iden-a-diakok\/#listItem","position":3,"name":"T\u00f6bbet kereshetnek id\u00e9n a di\u00e1kok","previousItem":{"@type":"ListItem","@id":"https:\/\/allasorias.hu\/hirek\/temak\/munkaeropiac\/#listItem","name":"Munkaer\u0151piac"}}]},{"@type":"Organization","@id":"https:\/\/allasorias.hu\/hirek\/#organization","name":"AllasOrias.hu | H\u00edrek-lapszemle","description":"\u00dczleti h\u00edrek az \u00e1ll\u00e1s \u00e9s a munka vil\u00e1g\u00e1b\u00f3l","url":"https:\/\/allasorias.hu\/hirek\/","logo":{"@type":"ImageObject","url":"https:\/\/allasorias.hu\/hirek\/wp-content\/uploads\/2022\/10\/allasorias_site_facebok_logo.png","@id":"https:\/\/allasorias.hu\/hirek\/tobbet-kereshetnek-iden-a-diakok\/#organizationLogo"},"image":{"@id":"https:\/\/allasorias.hu\/hirek\/tobbet-kereshetnek-iden-a-diakok\/#organizationLogo"},"sameAs":["https:\/\/www.facebook.com\/allasorias","https:\/\/www.linkedin.com\/company\/allasorias"]},{"@type":"Person","@id":"https:\/\/allasorias.hu\/hirek\/author\/admin-allasorias\/#author","url":"https:\/\/allasorias.hu\/hirek\/author\/admin-allasorias\/","name":"Juh\u00e1sz P\u00e9ter","image":{"@type":"ImageObject","@id":"https:\/\/allasorias.hu\/hirek\/tobbet-kereshetnek-iden-a-diakok\/#authorImage","url":"https:\/\/secure.gravatar.com\/avatar\/36e6bcb83148978b992977cb0f54d22feb0cce8a0a849a9410532bb2623ba4c6?s=96&d=mm&r=g","width":96,"height":96,"caption":"Juh\u00e1sz P\u00e9ter"}},{"@type":"WebPage","@id":"https:\/\/allasorias.hu\/hirek\/tobbet-kereshetnek-iden-a-diakok\/#webpage","url":"https:\/\/allasorias.hu\/hirek\/tobbet-kereshetnek-iden-a-diakok\/","name":"T\u00f6bbet kereshetnek id\u00e9n a di\u00e1kok | AllasOrias.hu | H\u00edrek-lapszemle","description":"2021 nyar\u00e1n a di\u00e1kok m\u00e1r ak\u00e1r 5\u201310 sz\u00e1zal\u00e9kkal is t\u00f6bbet kereshetnek, mint k\u00e9t \u00e9vvel ezel\u0151tt. \"J\u00fanius 15-\u00e9n a k\u00f6zoktat\u00e1sban is v\u00e9get \u00e9rt a tan\u00e9v, a ny\u00e1ri vak\u00e1ci\u00f3val egy\u00fctt megkezd\u0151d\u00f6tt a di\u00e1kmunka f\u0151 szezonja is. Az idei \u00e9v azonban ezen a t\u00e9ren is m\u00e1s, mint az eddigiek. A 2021-es ny\u00e1r haz\u00e1nkban az \u00fajranyit\u00e1s ideje, a rendk\u00edv\u00fcl","inLanguage":"hu-HU","isPartOf":{"@id":"https:\/\/allasorias.hu\/hirek\/#website"},"breadcrumb":{"@id":"https:\/\/allasorias.hu\/hirek\/tobbet-kereshetnek-iden-a-diakok\/#breadcrumblist"},"author":{"@id":"https:\/\/allasorias.hu\/hirek\/author\/admin-allasorias\/#author"},"creator":{"@id":"https:\/\/allasorias.hu\/hirek\/author\/admin-allasorias\/#author"},"image":{"@type":"ImageObject","url":"https:\/\/allasorias.hu\/hirek\/wp-content\/uploads\/2021\/04\/0409.jpg","@id":"https:\/\/allasorias.hu\/hirek\/tobbet-kereshetnek-iden-a-diakok\/#mainImage","width":1920,"height":1281,"caption":"Young student looking at camera sitting in university classroom with her groupmates on background. Studying on wooden desks. Guys reading, studuing, learning, writing. Working with scientific project."},"primaryImageOfPage":{"@id":"https:\/\/allasorias.hu\/hirek\/tobbet-kereshetnek-iden-a-diakok\/#mainImage"},"datePublished":"2021-06-17T06:38:21+02:00","dateModified":"2021-06-17T06:39:09+02:00"},{"@type":"WebSite","@id":"https:\/\/allasorias.hu\/hirek\/#website","url":"https:\/\/allasorias.hu\/hirek\/","name":"AllasOrias.hu | H\u00edrek-lapszemle","description":"\u00dczleti h\u00edrek az \u00e1ll\u00e1s \u00e9s a munka vil\u00e1g\u00e1b\u00f3l","inLanguage":"hu-HU","publisher":{"@id":"https:\/\/allasorias.hu\/hirek\/#organization"}}]},"og:locale":"hu_HU","og:site_name":"AllasOrias.hu | H\u00edrek-lapszemle | \u00dczleti h\u00edrek az \u00e1ll\u00e1s \u00e9s a munka vil\u00e1g\u00e1b\u00f3l","og:type":"article","og:title":"T\u00f6bbet kereshetnek id\u00e9n a di\u00e1kok | AllasOrias.hu | H\u00edrek-lapszemle","og:description":"2021 nyar\u00e1n a di\u00e1kok m\u00e1r ak\u00e1r 5\u201310 sz\u00e1zal\u00e9kkal is t\u00f6bbet kereshetnek, mint k\u00e9t \u00e9vvel ezel\u0151tt. &quot;J\u00fanius 15-\u00e9n a k\u00f6zoktat\u00e1sban is v\u00e9get \u00e9rt a tan\u00e9v, a ny\u00e1ri vak\u00e1ci\u00f3val egy\u00fctt megkezd\u0151d\u00f6tt a di\u00e1kmunka f\u0151 szezonja is. Az idei \u00e9v azonban ezen a t\u00e9ren is m\u00e1s, mint az eddigiek. A 2021-es ny\u00e1r haz\u00e1nkban az \u00fajranyit\u00e1s ideje, a rendk\u00edv\u00fcl","og:url":"https:\/\/allasorias.hu\/hirek\/tobbet-kereshetnek-iden-a-diakok\/","og:image":"https:\/\/allasorias.hu\/hirek\/wp-content\/uploads\/2021\/04\/0409.jpg","og:image:secure_url":"https:\/\/allasorias.hu\/hirek\/wp-content\/uploads\/2021\/04\/0409.jpg","og:image:width":1920,"og:image:height":1281,"article:published_time":"2021-06-17T06:38:21+00:00","article:modified_time":"2021-06-17T06:39:09+00:00","article:publisher":"https:\/\/www.facebook.com\/allasorias","twitter:card":"summary_large_image","twitter:title":"T\u00f6bbet kereshetnek id\u00e9n a di\u00e1kok | AllasOrias.hu | H\u00edrek-lapszemle","twitter:description":"2021 nyar\u00e1n a di\u00e1kok m\u00e1r ak\u00e1r 5\u201310 sz\u00e1zal\u00e9kkal is t\u00f6bbet kereshetnek, mint k\u00e9t \u00e9vvel ezel\u0151tt. &quot;J\u00fanius 15-\u00e9n a k\u00f6zoktat\u00e1sban is v\u00e9get \u00e9rt a tan\u00e9v, a ny\u00e1ri vak\u00e1ci\u00f3val egy\u00fctt megkezd\u0151d\u00f6tt a di\u00e1kmunka f\u0151 szezonja is. Az idei \u00e9v azonban ezen a t\u00e9ren is m\u00e1s, mint az eddigiek. A 2021-es ny\u00e1r haz\u00e1nkban az \u00fajranyit\u00e1s ideje, a rendk\u00edv\u00fcl","twitter:image":"https:\/\/allasorias.hu\/hirek\/wp-content\/uploads\/2021\/04\/0409.jpg","twitter:label1":"Written by","twitter:data1":"Juh\u00e1sz P\u00e9ter","twitter:label2":"Est. reading time","twitter:data2":"3 minutes"},"aioseo_meta_data":{"post_id":"4852","title":null,"description":null,"keywords":[],"keyphrases":{"focus":[],"additional":[]},"primary_term":null,"canonical_url":null,"og_title":null,"og_description":null,"og_object_type":"default","og_image_type":"default","og_image_url":null,"og_image_width":null,"og_image_height":null,"og_image_custom_url":null,"og_image_custom_fields":null,"og_video":"","og_custom_url":null,"og_article_section":null,"og_article_tags":[],"twitter_use_og":false,"twitter_card":"default","twitter_image_type":"default","twitter_image_url":null,"twitter_image_custom_url":null,"twitter_image_custom_fields":null,"twitter_title":null,"twitter_description":null,"schema":{"blockGraphs":[],"customGraphs":[],"default":{"data":{"Article":[],"Course":[],"Dataset":[],"FAQPage":[],"Movie":[],"Person":[],"Product":[],"ProductReview":[],"Car":[],"Recipe":[],"Service":[],"SoftwareApplication":[],"WebPage":[]},"graphName":"","isEnabled":true},"graphs":[],"defaultGraph":"Article","defaultPostTypeGraph":""},"schema_type":"default","schema_type_options":"{\"article\":{\"articleType\":\"BlogPosting\"},\"course\":{\"name\":\"\",\"description\":\"\",\"provider\":\"\"},\"faq\":{\"pages\":[]},\"product\":{\"reviews\":[]},\"recipe\":{\"ingredients\":[],\"instructions\":[],\"keywords\":[]},\"software\":{\"reviews\":[],\"operatingSystems\":[]},\"webPage\":{\"webPageType\":\"WebPage\"}}","pillar_content":false,"robots_default":true,"robots_noindex":false,"robots_noarchive":false,"robots_nosnippet":false,"robots_nofollow":false,"robots_noimageindex":false,"robots_noodp":false,"robots_notranslate":false,"robots_max_snippet":"-1","robots_max_videopreview":"-1","robots_max_imagepreview":"large","priority":null,"frequency":"default","location":null,"local_seo":{"locations":{"business":{"name":"","businessType":"","image":"","areaServed":"","urls":{"website":"","aboutPage":"","contactPage":""},"address":{"streetLine1":"","streetLine2":"","zipCode":"","city":"","state":"","country":"","addressFormat":"#streetLineOne\n#streetLineTwo\n#city, #state #zipCode"},"contact":{"phone":"","email":"","fax":""},"ids":{"vat":"","tax":"","chamberOfCommerce":""},"payment":{"priceRange":"","currenciesAccepted":"","methods":""}}},"openingHours":{"useDefaults":true,"show":true,"alwaysOpen":false,"use24hFormat":false,"timezone":"","labels":{"closed":"","alwaysOpen":""},"days":{"monday":{"open24h":false,"closed":false,"openTime":"09:00","closeTime":"17:00"},"tuesday":{"open24h":false,"closed":false,"openTime":"09:00","closeTime":"17:00"},"wednesday":{"open24h":false,"closed":false,"openTime":"09:00","closeTime":"17:00"},"thursday":{"open24h":false,"closed":false,"openTime":"09:00","closeTime":"17:00"},"friday":{"open24h":false,"closed":false,"openTime":"09:00","closeTime":"17:00"},"saturday":{"open24h":false,"closed":false,"openTime":"09:00","closeTime":"17:00"},"sunday":{"open24h":false,"closed":false,"openTime":"09:00","closeTime":"17:00"}}}},"breadcrumb_settings":null,"limit_modified_date":false,"ai":null,"created":"2021-06-17 06:36:42","updated":"2025-10-02 15:53:51","seo_analyzer_scan_date":null,"focus_keyword":null,"additional_keywords":null,"truseo_locale":null},"aioseo_breadcrumb":"<div class=\"aioseo-breadcrumbs\"><span class=\"aioseo-breadcrumb\">\n\t\t\t<a href=\"https:\/\/allasorias.hu\/hirek\" title=\"Home\">Home<\/a>\n\t\t<\/span><span class=\"aioseo-breadcrumb-separator\">&raquo;<\/span><span class=\"aioseo-breadcrumb\">\n\t\t\t<a href=\"https:\/\/allasorias.hu\/hirek\/temak\/munkaeropiac\/\" title=\"Munkaer\u0151piac\">Munkaer\u0151piac<\/a>\n\t\t<\/span><span class=\"aioseo-breadcrumb-separator\">&raquo;<\/span><span class=\"aioseo-breadcrumb\">\n\t\t\tT\u00f6bbet kereshetnek id\u00e9n a di\u00e1kok\n\t\t<\/span><\/div>","aioseo_breadcrumb_json":[{"label":"Home","link":"https:\/\/allasorias.hu\/hirek"},{"label":"Munkaer\u0151piac","link":"https:\/\/allasorias.hu\/hirek\/temak\/munkaeropiac\/"},{"label":"T\u00f6bbet kereshetnek id\u00e9n a di\u00e1kok","link":"https:\/\/allasorias.hu\/hirek\/tobbet-kereshetnek-iden-a-diakok\/"}],"_links":{"self":[{"href":"https:\/\/allasorias.hu\/hirek\/wp-json\/wp\/v2\/posts\/4852","targetHints":{"allow":["GET"]}}],"collection":[{"href":"https:\/\/allasorias.hu\/hirek\/wp-json\/wp\/v2\/posts"}],"about":[{"href":"https:\/\/allasorias.hu\/hirek\/wp-json\/wp\/v2\/types\/post"}],"author":[{"embeddable":true,"href":"https:\/\/allasorias.hu\/hirek\/wp-json\/wp\/v2\/users\/1"}],"replies":[{"embeddable":true,"href":"https:\/\/allasorias.hu\/hirek\/wp-json\/wp\/v2\/comments?post=4852"}],"version-history":[{"count":1,"href":"https:\/\/allasorias.hu\/hirek\/wp-json\/wp\/v2\/posts\/4852\/revisions"}],"predecessor-version":[{"id":4853,"href":"https:\/\/allasorias.hu\/hirek\/wp-json\/wp\/v2\/posts\/4852\/revisions\/4853"}],"wp:featuredmedia":[{"embeddable":true,"href":"https:\/\/allasorias.hu\/hirek\/wp-json\/wp\/v2\/media\/4703"}],"wp:attachment":[{"href":"https:\/\/allasorias.hu\/hirek\/wp-json\/wp\/v2\/media?parent=4852"}],"wp:term":[{"taxonomy":"category","embeddable":true,"href":"https:\/\/allasorias.hu\/hirek\/wp-json\/wp\/v2\/categories?post=4852"},{"taxonomy":"post_tag","embeddable":true,"href":"https:\/\/allasorias.hu\/hirek\/wp-json\/wp\/v2\/tags?post=4852"}],"curies":[{"name":"wp","href":"https:\/\/api.w.org\/{rel}","templated":true}]}}