{"id":4848,"date":"2021-06-16T06:31:04","date_gmt":"2021-06-16T06:31:04","guid":{"rendered":"https:\/\/allasorias.hu\/hirek\/?p=4848"},"modified":"2021-06-16T06:31:04","modified_gmt":"2021-06-16T06:31:04","slug":"ujrainditjak-a-gazdasagot","status":"publish","type":"post","link":"https:\/\/allasorias.hu\/hirek\/ujrainditjak-a-gazdasagot\/","title":{"rendered":"\u00dajraind\u00edtj\u00e1k a gazdas\u00e1got"},"content":{"rendered":"<p><strong>A sikeres gazdas\u00e1gv\u00e9delmi int\u00e9zked\u00e9seknek is k\u00f6sz\u00f6nhet\u0151en tart\u00f3san 4,5 milli\u00f3n\u00e1l t\u00f6bben dolgoznak Magyarorsz\u00e1gon. A gazdas\u00e1gv\u00e9delem ut\u00e1n az \u00fajraind\u00edt\u00e1s\u00e9 a f\u0151szerep &#8211; hangoztatta az Innov\u00e1ci\u00f3s \u00e9s Technol\u00f3giai Miniszt\u00e9rium foglalkoztat\u00e1spolitik\u00e1\u00e9rt felel\u0151s \u00e1llamtitk\u00e1ra a Magyar H\u00edrlapnak. Az\u00a0 interj\u00faban Bod\u00f3 S\u00e1ndor azt mondta, hogy a tavaszi foglalkoztatotts\u00e1gi adatok bizakod\u00e1sra adnak okot, a k\u00f6vetkez\u0151 h\u00f3napokban a munkaer\u0151piac \u00e9rdemi fellend\u00fcl\u00e9s\u00e9re sz\u00e1m\u00edtanak.<\/strong><\/p>\n<p>Besz\u00e9lt a V\u00e1llalkoz\u00e1sok munkaer\u0151-t\u00e1mogat\u00e1sa programr\u00f3l is. A koronav\u00edrus-j\u00e1rv\u00e1ny k\u00fcl\u00f6nb\u00f6z\u0151 m\u00e9rt\u00e9kben \u00e9rintette a nemzetgazdas\u00e1gi \u00e1gakat. A v\u00e1ls\u00e1g a sz\u00e1ll\u00edt\u00e1st, a rakt\u00e1roz\u00e1st, a turizmust \u00e9s a feldolgoz\u00f3ipart viselte meg legjobban &#8211; k\u00f6z\u00f6lte az \u00e1llamtitk\u00e1r. Hozz\u00e1tette: megindult egy \u00e1gazati \u00e1trendez\u0151d\u00e9s. A szektorok k\u00f6z\u00f6tti munkaer\u0151-\u00e1raml\u00e1s nyertesei k\u00f6z\u00e9 sorolhat\u00f3 egyebek mellett a tudom\u00e1nyos tev\u00e9kenys\u00e9g, az \u00e9p\u00edt\u0151ipar \u00e9s az eg\u00e9szs\u00e9g\u00fcgy. A gazdas\u00e1g \u00fajraind\u00edt\u00e1s\u00e1val ism\u00e9t bev\u00e9telt termelhetnek a j\u00e1rv\u00e1ny miatt neh\u00e9z helyzetbe ker\u00fclt ipar\u00e1gak, a ny\u00e1ri id\u00e9nymunk\u00e1k pedig m\u00e9g tov\u00e1bb n\u00f6velhetik a foglalkoztatotts\u00e1got. &#8211; hangoztatta Bod\u00f3 S\u00e1ndor. Megjegyezte: a sikeres gazdas\u00e1gv\u00e9delmi int\u00e9zked\u00e9seknek is k\u00f6sz\u00f6nhet\u0151en tart\u00f3san 4,5 milli\u00f3n\u00e1l t\u00f6bben dolgoznak Magyarorsz\u00e1gon. A j\u00f3l m\u0171k\u00f6d\u0151 magyar modell egyik legf\u0151bb jellemz\u0151je, hogy egyszerre \u00e9l\u00e9nk\u00edti a munkaer\u0151piac keresleti \u00e9s k\u00edn\u00e1lati oldal\u00e1t. A magyar emberek munk\u00e1b\u00f3l szeretn\u00e9nek meg\u00e9lni, nem seg\u00e9lyb\u0151l &#8211; jelentette ki. Az \u00e1llamtitk\u00e1r k\u00f6z\u00f6lte, hogy a V\u00e1llalkoz\u00e1sok munkaer\u0151-t\u00e1mogat\u00e1sa program el\u0151sz\u00f6r az alacsony iskolai v\u00e9gzetts\u00e9g\u0171ek \u00e9s a 25 \u00e9v alatti fiatalok elhelyezked\u00e9s\u00e9t seg\u00edtette. J\u00fanius elsej\u00e9t\u0151l azonban sz\u00e9lesebb k\u00f6r sz\u00e1m\u00e1ra \u00e9rhet\u0151 el: minden, legal\u00e1bb egy h\u00f3napja regisztr\u00e1lt \u00e1ll\u00e1skeres\u0151 bekapcsol\u00f3dhat a kezdem\u00e9nyez\u00e9sbe. A t\u00e1mogat\u00e1s m\u00e9rt\u00e9ke teljes munkaid\u0151s foglalkoztat\u00e1s eset\u00e9n havonta a b\u00e9rk\u00f6lts\u00e9g\u00a0 &#8211; vagyis a brutt\u00f3 munkab\u00e9r \u00e9s szoci\u00e1lis hozz\u00e1j\u00e1rul\u00e1si ad\u00f3 \u2013 fele, de legfeljebb 100 ezer Ft lehet. A foglalkoztat\u00f3k az eddigi \u00f6t helyett hat h\u00f3napig kaphatj\u00e1k a juttat\u00e1st, amelynek \u00f6sszege \u00edgy ak\u00e1r 600 ezer forintra is r\u00faghat. Az \u00e1ll\u00e1skeres\u0151k b\u00e1rmilyen munkak\u00f6rben elhelyezkedhetnek a program seg\u00edts\u00e9g\u00e9vel. Fontos, hogy a c\u00e9geknek nett\u00f3 l\u00e9tsz\u00e1mb\u0151v\u00edt\u00e9st kell v\u00e9grehajtaniuk. A munkaad\u00f3 azt is v\u00e1llalja, hogy a sz\u00f3ban forg\u00f3 id\u0151szakban k\u00f6z\u00f6s megegyez\u00e9ssel nem sz\u00fcnteti meg a r\u00e9sztvev\u0151 munkaviszony\u00e1t. A tavaly okt\u00f3ber \u00f3ta el\u00e9rhet\u0151 lehet\u0151s\u00e9g m\u00e1r t\u00f6bb mint 10 ezer fiatal vagy alacsonyabb v\u00e9gzetts\u00e9g\u0171 \u00e1ll\u00e1skeres\u0151t \u00e9rintett, de a kib\u0151v\u00edtett felt\u00e9telekkel ak\u00e1r 60 ezer ember elhelyezked\u00e9s\u00e9t is seg\u00edthetik &#8211; mondta Bod\u00f3 S\u00e1ndor a Magyar H\u00edrlapnak.<\/p>\n<p>Forr\u00e1s:origo.hu<\/p>\n","protected":false},"excerpt":{"rendered":"<p>A sikeres gazdas\u00e1gv\u00e9delmi int\u00e9zked\u00e9seknek is k\u00f6sz\u00f6nhet\u0151en tart\u00f3san 4,5 milli\u00f3n\u00e1l t\u00f6bben dolgoznak Magyarorsz\u00e1gon. A gazdas\u00e1gv\u00e9delem ut\u00e1n az \u00fajraind\u00edt\u00e1s\u00e9 a f\u0151szerep &#8211; hangoztatta az Innov\u00e1ci\u00f3s \u00e9s Technol\u00f3giai Miniszt\u00e9rium foglalkoztat\u00e1spolitik\u00e1\u00e9rt felel\u0151s \u00e1llamtitk\u00e1ra a Magyar H\u00edrlapnak. Az\u00a0 interj\u00faban Bod\u00f3 S\u00e1ndor azt mondta, hogy a tavaszi foglalkoztatotts\u00e1gi adatok bizakod\u00e1sra adnak okot, a k\u00f6vetkez\u0151 h\u00f3napokban a munkaer\u0151piac \u00e9rdemi fellend\u00fcl\u00e9s\u00e9re sz\u00e1m\u00edtanak. Besz\u00e9lt [&hellip;]<\/p>\n","protected":false},"author":1,"featured_media":4850,"comment_status":"open","ping_status":"open","sticky":false,"template":"","format":"standard","meta":{"_monsterinsights_skip_tracking":false,"footnotes":""},"categories":[198],"tags":[],"class_list":["post-4848","post","type-post","status-publish","format-standard","has-post-thumbnail","hentry","category-gazdasag"],"aioseo_notices":[],"aioseo_head":"\n\t\t<!-- All in One SEO 5.0.0.1 - aioseo.com -->\n\t<meta name=\"description\" content=\"A sikeres gazdas\u00e1gv\u00e9delmi int\u00e9zked\u00e9seknek is k\u00f6sz\u00f6nhet\u0151en tart\u00f3san 4,5 milli\u00f3n\u00e1l t\u00f6bben dolgoznak Magyarorsz\u00e1gon. A gazdas\u00e1gv\u00e9delem ut\u00e1n az \u00fajraind\u00edt\u00e1s\u00e9 a f\u0151szerep - hangoztatta az Innov\u00e1ci\u00f3s \u00e9s Technol\u00f3giai Miniszt\u00e9rium foglalkoztat\u00e1spolitik\u00e1\u00e9rt felel\u0151s \u00e1llamtitk\u00e1ra a Magyar H\u00edrlapnak. Az interj\u00faban Bod\u00f3 S\u00e1ndor azt mondta, hogy a tavaszi foglalkoztatotts\u00e1gi adatok bizakod\u00e1sra adnak okot, a k\u00f6vetkez\u0151 h\u00f3napokban a munkaer\u0151piac \u00e9rdemi fellend\u00fcl\u00e9s\u00e9re sz\u00e1m\u00edtanak. Besz\u00e9lt\" \/>\n\t<meta name=\"robots\" content=\"max-image-preview:large\" \/>\n\t<meta name=\"author\" content=\"Juh\u00e1sz P\u00e9ter\"\/>\n\t<link rel=\"canonical\" href=\"https:\/\/allasorias.hu\/hirek\/ujrainditjak-a-gazdasagot\/\" \/>\n\t<meta name=\"generator\" content=\"All in One SEO (AIOSEO) 5.0.0.1\" \/>\n\t\t<meta property=\"og:locale\" content=\"hu_HU\" \/>\n\t\t<meta property=\"og:site_name\" content=\"AllasOrias.hu | H\u00edrek-lapszemle | \u00dczleti h\u00edrek az \u00e1ll\u00e1s \u00e9s a munka vil\u00e1g\u00e1b\u00f3l\" \/>\n\t\t<meta property=\"og:type\" content=\"article\" \/>\n\t\t<meta property=\"og:title\" content=\"\u00dajraind\u00edtj\u00e1k a gazdas\u00e1got | AllasOrias.hu | H\u00edrek-lapszemle\" \/>\n\t\t<meta property=\"og:description\" content=\"A sikeres gazdas\u00e1gv\u00e9delmi int\u00e9zked\u00e9seknek is k\u00f6sz\u00f6nhet\u0151en tart\u00f3san 4,5 milli\u00f3n\u00e1l t\u00f6bben dolgoznak Magyarorsz\u00e1gon. A gazdas\u00e1gv\u00e9delem ut\u00e1n az \u00fajraind\u00edt\u00e1s\u00e9 a f\u0151szerep - hangoztatta az Innov\u00e1ci\u00f3s \u00e9s Technol\u00f3giai Miniszt\u00e9rium foglalkoztat\u00e1spolitik\u00e1\u00e9rt felel\u0151s \u00e1llamtitk\u00e1ra a Magyar H\u00edrlapnak. Az interj\u00faban Bod\u00f3 S\u00e1ndor azt mondta, hogy a tavaszi foglalkoztatotts\u00e1gi adatok bizakod\u00e1sra adnak okot, a k\u00f6vetkez\u0151 h\u00f3napokban a munkaer\u0151piac \u00e9rdemi fellend\u00fcl\u00e9s\u00e9re sz\u00e1m\u00edtanak. Besz\u00e9lt\" \/>\n\t\t<meta property=\"og:url\" content=\"https:\/\/allasorias.hu\/hirek\/ujrainditjak-a-gazdasagot\/\" \/>\n\t\t<meta property=\"og:image\" content=\"https:\/\/allasorias.hu\/hirek\/wp-content\/uploads\/2021\/06\/gazdasag-1.jpg\" \/>\n\t\t<meta property=\"og:image:secure_url\" content=\"https:\/\/allasorias.hu\/hirek\/wp-content\/uploads\/2021\/06\/gazdasag-1.jpg\" \/>\n\t\t<meta property=\"og:image:width\" content=\"1920\" \/>\n\t\t<meta property=\"og:image:height\" content=\"1280\" \/>\n\t\t<meta property=\"article:published_time\" content=\"2021-06-16T06:31:04+00:00\" \/>\n\t\t<meta property=\"article:modified_time\" content=\"2021-06-16T06:31:04+00:00\" \/>\n\t\t<meta property=\"article:publisher\" content=\"https:\/\/www.facebook.com\/allasorias\" \/>\n\t\t<meta name=\"twitter:card\" content=\"summary_large_image\" \/>\n\t\t<meta name=\"twitter:title\" content=\"\u00dajraind\u00edtj\u00e1k a gazdas\u00e1got | AllasOrias.hu | H\u00edrek-lapszemle\" \/>\n\t\t<meta name=\"twitter:description\" content=\"A sikeres gazdas\u00e1gv\u00e9delmi int\u00e9zked\u00e9seknek is k\u00f6sz\u00f6nhet\u0151en tart\u00f3san 4,5 milli\u00f3n\u00e1l t\u00f6bben dolgoznak Magyarorsz\u00e1gon. A gazdas\u00e1gv\u00e9delem ut\u00e1n az \u00fajraind\u00edt\u00e1s\u00e9 a f\u0151szerep - hangoztatta az Innov\u00e1ci\u00f3s \u00e9s Technol\u00f3giai Miniszt\u00e9rium foglalkoztat\u00e1spolitik\u00e1\u00e9rt felel\u0151s \u00e1llamtitk\u00e1ra a Magyar H\u00edrlapnak. Az interj\u00faban Bod\u00f3 S\u00e1ndor azt mondta, hogy a tavaszi foglalkoztatotts\u00e1gi adatok bizakod\u00e1sra adnak okot, a k\u00f6vetkez\u0151 h\u00f3napokban a munkaer\u0151piac \u00e9rdemi fellend\u00fcl\u00e9s\u00e9re sz\u00e1m\u00edtanak. Besz\u00e9lt\" \/>\n\t\t<meta name=\"twitter:image\" content=\"https:\/\/allasorias.hu\/hirek\/wp-content\/uploads\/2021\/06\/gazdasag-1.jpg\" \/>\n\t\t<meta name=\"twitter:label1\" content=\"Written by\" \/>\n\t\t<meta name=\"twitter:data1\" content=\"Juh\u00e1sz P\u00e9ter\" \/>\n\t\t<meta name=\"twitter:label2\" content=\"Est. reading time\" \/>\n\t\t<meta name=\"twitter:data2\" content=\"3 minutes\" \/>\n\t\t<script type=\"application\/ld+json\" class=\"aioseo-schema\">\n\t\t\t{\"@context\":\"https:\\\/\\\/schema.org\",\"@graph\":[{\"@type\":\"Article\",\"@id\":\"https:\\\/\\\/allasorias.hu\\\/hirek\\\/ujrainditjak-a-gazdasagot\\\/#article\",\"name\":\"\\u00dajraind\\u00edtj\\u00e1k a gazdas\\u00e1got | AllasOrias.hu | H\\u00edrek-lapszemle\",\"headline\":\"\\u00dajraind\\u00edtj\\u00e1k a gazdas\\u00e1got\",\"author\":{\"@id\":\"https:\\\/\\\/allasorias.hu\\\/hirek\\\/author\\\/admin-allasorias\\\/#author\"},\"publisher\":{\"@id\":\"https:\\\/\\\/allasorias.hu\\\/hirek\\\/#organization\"},\"image\":{\"@type\":\"ImageObject\",\"url\":\"https:\\\/\\\/allasorias.hu\\\/hirek\\\/wp-content\\\/uploads\\\/2021\\\/06\\\/gazdasag-1.jpg\",\"width\":1920,\"height\":1280,\"caption\":\"Business man pressing high tech type of modern graph on a virtual background\"},\"datePublished\":\"2021-06-16T06:31:04+02:00\",\"dateModified\":\"2021-06-16T06:31:04+02:00\",\"inLanguage\":\"hu-HU\",\"mainEntityOfPage\":{\"@id\":\"https:\\\/\\\/allasorias.hu\\\/hirek\\\/ujrainditjak-a-gazdasagot\\\/#webpage\"},\"isPartOf\":{\"@id\":\"https:\\\/\\\/allasorias.hu\\\/hirek\\\/ujrainditjak-a-gazdasagot\\\/#webpage\"},\"articleSection\":\"Gazdas\\u00e1g\"},{\"@type\":\"BreadcrumbList\",\"@id\":\"https:\\\/\\\/allasorias.hu\\\/hirek\\\/ujrainditjak-a-gazdasagot\\\/#breadcrumblist\",\"itemListElement\":[{\"@type\":\"ListItem\",\"@id\":\"https:\\\/\\\/allasorias.hu\\\/hirek#listItem\",\"position\":1,\"name\":\"Home\",\"item\":\"https:\\\/\\\/allasorias.hu\\\/hirek\",\"nextItem\":{\"@type\":\"ListItem\",\"@id\":\"https:\\\/\\\/allasorias.hu\\\/hirek\\\/temak\\\/gazdasag\\\/#listItem\",\"name\":\"Gazdas\\u00e1g\"}},{\"@type\":\"ListItem\",\"@id\":\"https:\\\/\\\/allasorias.hu\\\/hirek\\\/temak\\\/gazdasag\\\/#listItem\",\"position\":2,\"name\":\"Gazdas\\u00e1g\",\"item\":\"https:\\\/\\\/allasorias.hu\\\/hirek\\\/temak\\\/gazdasag\\\/\",\"nextItem\":{\"@type\":\"ListItem\",\"@id\":\"https:\\\/\\\/allasorias.hu\\\/hirek\\\/ujrainditjak-a-gazdasagot\\\/#listItem\",\"name\":\"\\u00dajraind\\u00edtj\\u00e1k a gazdas\\u00e1got\"},\"previousItem\":{\"@type\":\"ListItem\",\"@id\":\"https:\\\/\\\/allasorias.hu\\\/hirek#listItem\",\"name\":\"Home\"}},{\"@type\":\"ListItem\",\"@id\":\"https:\\\/\\\/allasorias.hu\\\/hirek\\\/ujrainditjak-a-gazdasagot\\\/#listItem\",\"position\":3,\"name\":\"\\u00dajraind\\u00edtj\\u00e1k a gazdas\\u00e1got\",\"previousItem\":{\"@type\":\"ListItem\",\"@id\":\"https:\\\/\\\/allasorias.hu\\\/hirek\\\/temak\\\/gazdasag\\\/#listItem\",\"name\":\"Gazdas\\u00e1g\"}}]},{\"@type\":\"Organization\",\"@id\":\"https:\\\/\\\/allasorias.hu\\\/hirek\\\/#organization\",\"name\":\"AllasOrias.hu | H\\u00edrek-lapszemle\",\"description\":\"\\u00dczleti h\\u00edrek az \\u00e1ll\\u00e1s \\u00e9s a munka vil\\u00e1g\\u00e1b\\u00f3l\",\"url\":\"https:\\\/\\\/allasorias.hu\\\/hirek\\\/\",\"logo\":{\"@type\":\"ImageObject\",\"url\":\"https:\\\/\\\/allasorias.hu\\\/hirek\\\/wp-content\\\/uploads\\\/2022\\\/10\\\/allasorias_site_facebok_logo.png\",\"@id\":\"https:\\\/\\\/allasorias.hu\\\/hirek\\\/ujrainditjak-a-gazdasagot\\\/#organizationLogo\"},\"image\":{\"@id\":\"https:\\\/\\\/allasorias.hu\\\/hirek\\\/ujrainditjak-a-gazdasagot\\\/#organizationLogo\"},\"sameAs\":[\"https:\\\/\\\/www.facebook.com\\\/allasorias\",\"https:\\\/\\\/www.linkedin.com\\\/company\\\/allasorias\"]},{\"@type\":\"Person\",\"@id\":\"https:\\\/\\\/allasorias.hu\\\/hirek\\\/author\\\/admin-allasorias\\\/#author\",\"url\":\"https:\\\/\\\/allasorias.hu\\\/hirek\\\/author\\\/admin-allasorias\\\/\",\"name\":\"Juh\\u00e1sz P\\u00e9ter\",\"image\":{\"@type\":\"ImageObject\",\"@id\":\"https:\\\/\\\/allasorias.hu\\\/hirek\\\/ujrainditjak-a-gazdasagot\\\/#authorImage\",\"url\":\"https:\\\/\\\/secure.gravatar.com\\\/avatar\\\/36e6bcb83148978b992977cb0f54d22feb0cce8a0a849a9410532bb2623ba4c6?s=96&d=mm&r=g\",\"width\":96,\"height\":96,\"caption\":\"Juh\\u00e1sz P\\u00e9ter\"}},{\"@type\":\"WebPage\",\"@id\":\"https:\\\/\\\/allasorias.hu\\\/hirek\\\/ujrainditjak-a-gazdasagot\\\/#webpage\",\"url\":\"https:\\\/\\\/allasorias.hu\\\/hirek\\\/ujrainditjak-a-gazdasagot\\\/\",\"name\":\"\\u00dajraind\\u00edtj\\u00e1k a gazdas\\u00e1got | AllasOrias.hu | H\\u00edrek-lapszemle\",\"description\":\"A sikeres gazdas\\u00e1gv\\u00e9delmi int\\u00e9zked\\u00e9seknek is k\\u00f6sz\\u00f6nhet\\u0151en tart\\u00f3san 4,5 milli\\u00f3n\\u00e1l t\\u00f6bben dolgoznak Magyarorsz\\u00e1gon. A gazdas\\u00e1gv\\u00e9delem ut\\u00e1n az \\u00fajraind\\u00edt\\u00e1s\\u00e9 a f\\u0151szerep - hangoztatta az Innov\\u00e1ci\\u00f3s \\u00e9s Technol\\u00f3giai Miniszt\\u00e9rium foglalkoztat\\u00e1spolitik\\u00e1\\u00e9rt felel\\u0151s \\u00e1llamtitk\\u00e1ra a Magyar H\\u00edrlapnak. Az interj\\u00faban Bod\\u00f3 S\\u00e1ndor azt mondta, hogy a tavaszi foglalkoztatotts\\u00e1gi adatok bizakod\\u00e1sra adnak okot, a k\\u00f6vetkez\\u0151 h\\u00f3napokban a munkaer\\u0151piac \\u00e9rdemi fellend\\u00fcl\\u00e9s\\u00e9re sz\\u00e1m\\u00edtanak. Besz\\u00e9lt\",\"inLanguage\":\"hu-HU\",\"isPartOf\":{\"@id\":\"https:\\\/\\\/allasorias.hu\\\/hirek\\\/#website\"},\"breadcrumb\":{\"@id\":\"https:\\\/\\\/allasorias.hu\\\/hirek\\\/ujrainditjak-a-gazdasagot\\\/#breadcrumblist\"},\"author\":{\"@id\":\"https:\\\/\\\/allasorias.hu\\\/hirek\\\/author\\\/admin-allasorias\\\/#author\"},\"creator\":{\"@id\":\"https:\\\/\\\/allasorias.hu\\\/hirek\\\/author\\\/admin-allasorias\\\/#author\"},\"image\":{\"@type\":\"ImageObject\",\"url\":\"https:\\\/\\\/allasorias.hu\\\/hirek\\\/wp-content\\\/uploads\\\/2021\\\/06\\\/gazdasag-1.jpg\",\"@id\":\"https:\\\/\\\/allasorias.hu\\\/hirek\\\/ujrainditjak-a-gazdasagot\\\/#mainImage\",\"width\":1920,\"height\":1280,\"caption\":\"Business man pressing high tech type of modern graph on a virtual background\"},\"primaryImageOfPage\":{\"@id\":\"https:\\\/\\\/allasorias.hu\\\/hirek\\\/ujrainditjak-a-gazdasagot\\\/#mainImage\"},\"datePublished\":\"2021-06-16T06:31:04+02:00\",\"dateModified\":\"2021-06-16T06:31:04+02:00\"},{\"@type\":\"WebSite\",\"@id\":\"https:\\\/\\\/allasorias.hu\\\/hirek\\\/#website\",\"url\":\"https:\\\/\\\/allasorias.hu\\\/hirek\\\/\",\"name\":\"AllasOrias.hu | H\\u00edrek-lapszemle\",\"description\":\"\\u00dczleti h\\u00edrek az \\u00e1ll\\u00e1s \\u00e9s a munka vil\\u00e1g\\u00e1b\\u00f3l\",\"inLanguage\":\"hu-HU\",\"publisher\":{\"@id\":\"https:\\\/\\\/allasorias.hu\\\/hirek\\\/#organization\"}}]}\n\t\t<\/script>\n\t\t<!-- All in One SEO -->\n\n","aioseo_head_json":{"title":"\u00dajraind\u00edtj\u00e1k a gazdas\u00e1got | AllasOrias.hu | H\u00edrek-lapszemle","description":"A sikeres gazdas\u00e1gv\u00e9delmi int\u00e9zked\u00e9seknek is k\u00f6sz\u00f6nhet\u0151en tart\u00f3san 4,5 milli\u00f3n\u00e1l t\u00f6bben dolgoznak Magyarorsz\u00e1gon. A gazdas\u00e1gv\u00e9delem ut\u00e1n az \u00fajraind\u00edt\u00e1s\u00e9 a f\u0151szerep - hangoztatta az Innov\u00e1ci\u00f3s \u00e9s Technol\u00f3giai Miniszt\u00e9rium foglalkoztat\u00e1spolitik\u00e1\u00e9rt felel\u0151s \u00e1llamtitk\u00e1ra a Magyar H\u00edrlapnak. Az interj\u00faban Bod\u00f3 S\u00e1ndor azt mondta, hogy a tavaszi foglalkoztatotts\u00e1gi adatok bizakod\u00e1sra adnak okot, a k\u00f6vetkez\u0151 h\u00f3napokban a munkaer\u0151piac \u00e9rdemi fellend\u00fcl\u00e9s\u00e9re sz\u00e1m\u00edtanak. Besz\u00e9lt","canonical_url":"https:\/\/allasorias.hu\/hirek\/ujrainditjak-a-gazdasagot\/","robots":"max-image-preview:large","keywords":"","webmasterTools":{"miscellaneous":""},"schema":{"@context":"https:\/\/schema.org","@graph":[{"@type":"Article","@id":"https:\/\/allasorias.hu\/hirek\/ujrainditjak-a-gazdasagot\/#article","name":"\u00dajraind\u00edtj\u00e1k a gazdas\u00e1got | AllasOrias.hu | H\u00edrek-lapszemle","headline":"\u00dajraind\u00edtj\u00e1k a gazdas\u00e1got","author":{"@id":"https:\/\/allasorias.hu\/hirek\/author\/admin-allasorias\/#author"},"publisher":{"@id":"https:\/\/allasorias.hu\/hirek\/#organization"},"image":{"@type":"ImageObject","url":"https:\/\/allasorias.hu\/hirek\/wp-content\/uploads\/2021\/06\/gazdasag-1.jpg","width":1920,"height":1280,"caption":"Business man pressing high tech type of modern graph on a virtual background"},"datePublished":"2021-06-16T06:31:04+02:00","dateModified":"2021-06-16T06:31:04+02:00","inLanguage":"hu-HU","mainEntityOfPage":{"@id":"https:\/\/allasorias.hu\/hirek\/ujrainditjak-a-gazdasagot\/#webpage"},"isPartOf":{"@id":"https:\/\/allasorias.hu\/hirek\/ujrainditjak-a-gazdasagot\/#webpage"},"articleSection":"Gazdas\u00e1g"},{"@type":"BreadcrumbList","@id":"https:\/\/allasorias.hu\/hirek\/ujrainditjak-a-gazdasagot\/#breadcrumblist","itemListElement":[{"@type":"ListItem","@id":"https:\/\/allasorias.hu\/hirek#listItem","position":1,"name":"Home","item":"https:\/\/allasorias.hu\/hirek","nextItem":{"@type":"ListItem","@id":"https:\/\/allasorias.hu\/hirek\/temak\/gazdasag\/#listItem","name":"Gazdas\u00e1g"}},{"@type":"ListItem","@id":"https:\/\/allasorias.hu\/hirek\/temak\/gazdasag\/#listItem","position":2,"name":"Gazdas\u00e1g","item":"https:\/\/allasorias.hu\/hirek\/temak\/gazdasag\/","nextItem":{"@type":"ListItem","@id":"https:\/\/allasorias.hu\/hirek\/ujrainditjak-a-gazdasagot\/#listItem","name":"\u00dajraind\u00edtj\u00e1k a gazdas\u00e1got"},"previousItem":{"@type":"ListItem","@id":"https:\/\/allasorias.hu\/hirek#listItem","name":"Home"}},{"@type":"ListItem","@id":"https:\/\/allasorias.hu\/hirek\/ujrainditjak-a-gazdasagot\/#listItem","position":3,"name":"\u00dajraind\u00edtj\u00e1k a gazdas\u00e1got","previousItem":{"@type":"ListItem","@id":"https:\/\/allasorias.hu\/hirek\/temak\/gazdasag\/#listItem","name":"Gazdas\u00e1g"}}]},{"@type":"Organization","@id":"https:\/\/allasorias.hu\/hirek\/#organization","name":"AllasOrias.hu | H\u00edrek-lapszemle","description":"\u00dczleti h\u00edrek az \u00e1ll\u00e1s \u00e9s a munka vil\u00e1g\u00e1b\u00f3l","url":"https:\/\/allasorias.hu\/hirek\/","logo":{"@type":"ImageObject","url":"https:\/\/allasorias.hu\/hirek\/wp-content\/uploads\/2022\/10\/allasorias_site_facebok_logo.png","@id":"https:\/\/allasorias.hu\/hirek\/ujrainditjak-a-gazdasagot\/#organizationLogo"},"image":{"@id":"https:\/\/allasorias.hu\/hirek\/ujrainditjak-a-gazdasagot\/#organizationLogo"},"sameAs":["https:\/\/www.facebook.com\/allasorias","https:\/\/www.linkedin.com\/company\/allasorias"]},{"@type":"Person","@id":"https:\/\/allasorias.hu\/hirek\/author\/admin-allasorias\/#author","url":"https:\/\/allasorias.hu\/hirek\/author\/admin-allasorias\/","name":"Juh\u00e1sz P\u00e9ter","image":{"@type":"ImageObject","@id":"https:\/\/allasorias.hu\/hirek\/ujrainditjak-a-gazdasagot\/#authorImage","url":"https:\/\/secure.gravatar.com\/avatar\/36e6bcb83148978b992977cb0f54d22feb0cce8a0a849a9410532bb2623ba4c6?s=96&d=mm&r=g","width":96,"height":96,"caption":"Juh\u00e1sz P\u00e9ter"}},{"@type":"WebPage","@id":"https:\/\/allasorias.hu\/hirek\/ujrainditjak-a-gazdasagot\/#webpage","url":"https:\/\/allasorias.hu\/hirek\/ujrainditjak-a-gazdasagot\/","name":"\u00dajraind\u00edtj\u00e1k a gazdas\u00e1got | AllasOrias.hu | H\u00edrek-lapszemle","description":"A sikeres gazdas\u00e1gv\u00e9delmi int\u00e9zked\u00e9seknek is k\u00f6sz\u00f6nhet\u0151en tart\u00f3san 4,5 milli\u00f3n\u00e1l t\u00f6bben dolgoznak Magyarorsz\u00e1gon. A gazdas\u00e1gv\u00e9delem ut\u00e1n az \u00fajraind\u00edt\u00e1s\u00e9 a f\u0151szerep - hangoztatta az Innov\u00e1ci\u00f3s \u00e9s Technol\u00f3giai Miniszt\u00e9rium foglalkoztat\u00e1spolitik\u00e1\u00e9rt felel\u0151s \u00e1llamtitk\u00e1ra a Magyar H\u00edrlapnak. Az interj\u00faban Bod\u00f3 S\u00e1ndor azt mondta, hogy a tavaszi foglalkoztatotts\u00e1gi adatok bizakod\u00e1sra adnak okot, a k\u00f6vetkez\u0151 h\u00f3napokban a munkaer\u0151piac \u00e9rdemi fellend\u00fcl\u00e9s\u00e9re sz\u00e1m\u00edtanak. Besz\u00e9lt","inLanguage":"hu-HU","isPartOf":{"@id":"https:\/\/allasorias.hu\/hirek\/#website"},"breadcrumb":{"@id":"https:\/\/allasorias.hu\/hirek\/ujrainditjak-a-gazdasagot\/#breadcrumblist"},"author":{"@id":"https:\/\/allasorias.hu\/hirek\/author\/admin-allasorias\/#author"},"creator":{"@id":"https:\/\/allasorias.hu\/hirek\/author\/admin-allasorias\/#author"},"image":{"@type":"ImageObject","url":"https:\/\/allasorias.hu\/hirek\/wp-content\/uploads\/2021\/06\/gazdasag-1.jpg","@id":"https:\/\/allasorias.hu\/hirek\/ujrainditjak-a-gazdasagot\/#mainImage","width":1920,"height":1280,"caption":"Business man pressing high tech type of modern graph on a virtual background"},"primaryImageOfPage":{"@id":"https:\/\/allasorias.hu\/hirek\/ujrainditjak-a-gazdasagot\/#mainImage"},"datePublished":"2021-06-16T06:31:04+02:00","dateModified":"2021-06-16T06:31:04+02:00"},{"@type":"WebSite","@id":"https:\/\/allasorias.hu\/hirek\/#website","url":"https:\/\/allasorias.hu\/hirek\/","name":"AllasOrias.hu | H\u00edrek-lapszemle","description":"\u00dczleti h\u00edrek az \u00e1ll\u00e1s \u00e9s a munka vil\u00e1g\u00e1b\u00f3l","inLanguage":"hu-HU","publisher":{"@id":"https:\/\/allasorias.hu\/hirek\/#organization"}}]},"og:locale":"hu_HU","og:site_name":"AllasOrias.hu | H\u00edrek-lapszemle | \u00dczleti h\u00edrek az \u00e1ll\u00e1s \u00e9s a munka vil\u00e1g\u00e1b\u00f3l","og:type":"article","og:title":"\u00dajraind\u00edtj\u00e1k a gazdas\u00e1got | AllasOrias.hu | H\u00edrek-lapszemle","og:description":"A sikeres gazdas\u00e1gv\u00e9delmi int\u00e9zked\u00e9seknek is k\u00f6sz\u00f6nhet\u0151en tart\u00f3san 4,5 milli\u00f3n\u00e1l t\u00f6bben dolgoznak Magyarorsz\u00e1gon. A gazdas\u00e1gv\u00e9delem ut\u00e1n az \u00fajraind\u00edt\u00e1s\u00e9 a f\u0151szerep - hangoztatta az Innov\u00e1ci\u00f3s \u00e9s Technol\u00f3giai Miniszt\u00e9rium foglalkoztat\u00e1spolitik\u00e1\u00e9rt felel\u0151s \u00e1llamtitk\u00e1ra a Magyar H\u00edrlapnak. Az interj\u00faban Bod\u00f3 S\u00e1ndor azt mondta, hogy a tavaszi foglalkoztatotts\u00e1gi adatok bizakod\u00e1sra adnak okot, a k\u00f6vetkez\u0151 h\u00f3napokban a munkaer\u0151piac \u00e9rdemi fellend\u00fcl\u00e9s\u00e9re sz\u00e1m\u00edtanak. Besz\u00e9lt","og:url":"https:\/\/allasorias.hu\/hirek\/ujrainditjak-a-gazdasagot\/","og:image":"https:\/\/allasorias.hu\/hirek\/wp-content\/uploads\/2021\/06\/gazdasag-1.jpg","og:image:secure_url":"https:\/\/allasorias.hu\/hirek\/wp-content\/uploads\/2021\/06\/gazdasag-1.jpg","og:image:width":1920,"og:image:height":1280,"article:published_time":"2021-06-16T06:31:04+00:00","article:modified_time":"2021-06-16T06:31:04+00:00","article:publisher":"https:\/\/www.facebook.com\/allasorias","twitter:card":"summary_large_image","twitter:title":"\u00dajraind\u00edtj\u00e1k a gazdas\u00e1got | AllasOrias.hu | H\u00edrek-lapszemle","twitter:description":"A sikeres gazdas\u00e1gv\u00e9delmi int\u00e9zked\u00e9seknek is k\u00f6sz\u00f6nhet\u0151en tart\u00f3san 4,5 milli\u00f3n\u00e1l t\u00f6bben dolgoznak Magyarorsz\u00e1gon. A gazdas\u00e1gv\u00e9delem ut\u00e1n az \u00fajraind\u00edt\u00e1s\u00e9 a f\u0151szerep - hangoztatta az Innov\u00e1ci\u00f3s \u00e9s Technol\u00f3giai Miniszt\u00e9rium foglalkoztat\u00e1spolitik\u00e1\u00e9rt felel\u0151s \u00e1llamtitk\u00e1ra a Magyar H\u00edrlapnak. Az interj\u00faban Bod\u00f3 S\u00e1ndor azt mondta, hogy a tavaszi foglalkoztatotts\u00e1gi adatok bizakod\u00e1sra adnak okot, a k\u00f6vetkez\u0151 h\u00f3napokban a munkaer\u0151piac \u00e9rdemi fellend\u00fcl\u00e9s\u00e9re sz\u00e1m\u00edtanak. Besz\u00e9lt","twitter:image":"https:\/\/allasorias.hu\/hirek\/wp-content\/uploads\/2021\/06\/gazdasag-1.jpg","twitter:label1":"Written by","twitter:data1":"Juh\u00e1sz P\u00e9ter","twitter:label2":"Est. reading time","twitter:data2":"3 minutes"},"aioseo_meta_data":{"post_id":"4848","title":null,"description":null,"keywords":[],"keyphrases":{"focus":[],"additional":[]},"primary_term":null,"canonical_url":null,"og_title":null,"og_description":null,"og_object_type":"default","og_image_type":"default","og_image_url":null,"og_image_width":null,"og_image_height":null,"og_image_custom_url":null,"og_image_custom_fields":null,"og_video":"","og_custom_url":null,"og_article_section":null,"og_article_tags":[],"twitter_use_og":false,"twitter_card":"default","twitter_image_type":"default","twitter_image_url":null,"twitter_image_custom_url":null,"twitter_image_custom_fields":null,"twitter_title":null,"twitter_description":null,"schema":{"blockGraphs":[],"customGraphs":[],"default":{"data":{"Article":[],"Course":[],"Dataset":[],"FAQPage":[],"Movie":[],"Person":[],"Product":[],"ProductReview":[],"Car":[],"Recipe":[],"Service":[],"SoftwareApplication":[],"WebPage":[]},"graphName":"","isEnabled":true},"graphs":[],"defaultGraph":"Article","defaultPostTypeGraph":""},"schema_type":"default","schema_type_options":"{\"article\":{\"articleType\":\"BlogPosting\"},\"course\":{\"name\":\"\",\"description\":\"\",\"provider\":\"\"},\"faq\":{\"pages\":[]},\"product\":{\"reviews\":[]},\"recipe\":{\"ingredients\":[],\"instructions\":[],\"keywords\":[]},\"software\":{\"reviews\":[],\"operatingSystems\":[]},\"webPage\":{\"webPageType\":\"WebPage\"}}","pillar_content":false,"robots_default":true,"robots_noindex":false,"robots_noarchive":false,"robots_nosnippet":false,"robots_nofollow":false,"robots_noimageindex":false,"robots_noodp":false,"robots_notranslate":false,"robots_max_snippet":"-1","robots_max_videopreview":"-1","robots_max_imagepreview":"large","priority":null,"frequency":"default","location":null,"local_seo":{"locations":{"business":{"name":"","businessType":"","image":"","areaServed":"","urls":{"website":"","aboutPage":"","contactPage":""},"address":{"streetLine1":"","streetLine2":"","zipCode":"","city":"","state":"","country":"","addressFormat":"#streetLineOne\n#streetLineTwo\n#city, #state #zipCode"},"contact":{"phone":"","email":"","fax":""},"ids":{"vat":"","tax":"","chamberOfCommerce":""},"payment":{"priceRange":"","currenciesAccepted":"","methods":""}}},"openingHours":{"useDefaults":true,"show":true,"alwaysOpen":false,"use24hFormat":false,"timezone":"","labels":{"closed":"","alwaysOpen":""},"days":{"monday":{"open24h":false,"closed":false,"openTime":"09:00","closeTime":"17:00"},"tuesday":{"open24h":false,"closed":false,"openTime":"09:00","closeTime":"17:00"},"wednesday":{"open24h":false,"closed":false,"openTime":"09:00","closeTime":"17:00"},"thursday":{"open24h":false,"closed":false,"openTime":"09:00","closeTime":"17:00"},"friday":{"open24h":false,"closed":false,"openTime":"09:00","closeTime":"17:00"},"saturday":{"open24h":false,"closed":false,"openTime":"09:00","closeTime":"17:00"},"sunday":{"open24h":false,"closed":false,"openTime":"09:00","closeTime":"17:00"}}}},"breadcrumb_settings":null,"limit_modified_date":false,"ai":null,"created":"2021-06-16 06:25:13","updated":"2025-10-02 15:49:22","seo_analyzer_scan_date":null,"focus_keyword":null,"additional_keywords":null,"truseo_locale":null},"aioseo_breadcrumb":"<div class=\"aioseo-breadcrumbs\"><span class=\"aioseo-breadcrumb\">\n\t\t\t<a href=\"https:\/\/allasorias.hu\/hirek\" title=\"Home\">Home<\/a>\n\t\t<\/span><span class=\"aioseo-breadcrumb-separator\">&raquo;<\/span><span class=\"aioseo-breadcrumb\">\n\t\t\t<a href=\"https:\/\/allasorias.hu\/hirek\/temak\/gazdasag\/\" title=\"Gazdas\u00e1g\">Gazdas\u00e1g<\/a>\n\t\t<\/span><span class=\"aioseo-breadcrumb-separator\">&raquo;<\/span><span class=\"aioseo-breadcrumb\">\n\t\t\t\u00dajraind\u00edtj\u00e1k a gazdas\u00e1got\n\t\t<\/span><\/div>","aioseo_breadcrumb_json":[{"label":"Home","link":"https:\/\/allasorias.hu\/hirek"},{"label":"Gazdas\u00e1g","link":"https:\/\/allasorias.hu\/hirek\/temak\/gazdasag\/"},{"label":"\u00dajraind\u00edtj\u00e1k a gazdas\u00e1got","link":"https:\/\/allasorias.hu\/hirek\/ujrainditjak-a-gazdasagot\/"}],"_links":{"self":[{"href":"https:\/\/allasorias.hu\/hirek\/wp-json\/wp\/v2\/posts\/4848","targetHints":{"allow":["GET"]}}],"collection":[{"href":"https:\/\/allasorias.hu\/hirek\/wp-json\/wp\/v2\/posts"}],"about":[{"href":"https:\/\/allasorias.hu\/hirek\/wp-json\/wp\/v2\/types\/post"}],"author":[{"embeddable":true,"href":"https:\/\/allasorias.hu\/hirek\/wp-json\/wp\/v2\/users\/1"}],"replies":[{"embeddable":true,"href":"https:\/\/allasorias.hu\/hirek\/wp-json\/wp\/v2\/comments?post=4848"}],"version-history":[{"count":1,"href":"https:\/\/allasorias.hu\/hirek\/wp-json\/wp\/v2\/posts\/4848\/revisions"}],"predecessor-version":[{"id":4851,"href":"https:\/\/allasorias.hu\/hirek\/wp-json\/wp\/v2\/posts\/4848\/revisions\/4851"}],"wp:featuredmedia":[{"embeddable":true,"href":"https:\/\/allasorias.hu\/hirek\/wp-json\/wp\/v2\/media\/4850"}],"wp:attachment":[{"href":"https:\/\/allasorias.hu\/hirek\/wp-json\/wp\/v2\/media?parent=4848"}],"wp:term":[{"taxonomy":"category","embeddable":true,"href":"https:\/\/allasorias.hu\/hirek\/wp-json\/wp\/v2\/categories?post=4848"},{"taxonomy":"post_tag","embeddable":true,"href":"https:\/\/allasorias.hu\/hirek\/wp-json\/wp\/v2\/tags?post=4848"}],"curies":[{"name":"wp","href":"https:\/\/api.w.org\/{rel}","templated":true}]}}