{"id":4839,"date":"2021-06-11T07:26:26","date_gmt":"2021-06-11T07:26:26","guid":{"rendered":"https:\/\/allasorias.hu\/hirek\/?p=4839"},"modified":"2021-06-11T07:27:01","modified_gmt":"2021-06-11T07:27:01","slug":"javulo-munkaeropiaci-helyzet","status":"publish","type":"post","link":"https:\/\/allasorias.hu\/hirek\/javulo-munkaeropiaci-helyzet\/","title":{"rendered":"Javul\u00f3 munkaer\u0151piaci helyzet"},"content":{"rendered":"<p><strong>Magyarorsz\u00e1gon 607 munk\u00e1ltat\u00f3t k\u00e9rdeztek meg harmadik negyed\u00e9ves munkaer\u0151-felv\u00e9teli sz\u00e1nd\u00e9k\u00e1r\u00f3l. A k\u00f6vetkez\u0151 negyed\u00e9vben a hazai munk\u00e1ltat\u00f3k 12 sz\u00e1zal\u00e9ka tervezi b\u0151v\u00edteni munkaer\u0151keret\u00e9t, m\u00edg cs\u00f6kkent\u00e9st csak 4 sz\u00e1zal\u00e9kuk tervez. A ManpowerGroup munkaer\u0151piaci el\u0151rejelz\u00e9se 8 sz\u00e1zal\u00e9kos l\u00e9tsz\u00e1mb\u0151v\u00edt\u00e9si mutat\u00f3t tartalmaz a harmadik negyed\u00e9vre, ez a munkaer\u0151piaci b\u0151v\u00edt\u00e9si sz\u00e1nd\u00e9k olyan magas szintj\u00e9t mutatja, amilyen legut\u00f3bb 2019 els\u0151 negyed\u00e9v\u00e9ben volt. <\/strong><\/p>\n<p>A munkaer\u0151-k\u00f6zvet\u00edt\u0151 c\u00e9g az MTI-hez eljuttatott k\u00f6zlem\u00e9nye szerint a ManpowerGroup a vil\u00e1g 43 orsz\u00e1g\u00e1ban 45 ezer munk\u00e1ltat\u00f3 k\u00f6r\u00e9ben v\u00e9gzi negyed\u00e9vente reprezentat\u00edv felm\u00e9r\u00e9s\u00e9t, ennek keret\u00e9ben Magyarorsz\u00e1gon 607 munk\u00e1ltat\u00f3t k\u00e9rdeztek meg harmadik negyed\u00e9ves munkaer\u0151-felv\u00e9teli sz\u00e1nd\u00e9k\u00e1r\u00f3l. A k\u00f6vetkez\u0151 negyed\u00e9vben a hazai munk\u00e1ltat\u00f3k 12 sz\u00e1zal\u00e9ka tervezi b\u0151v\u00edteni munkaer\u0151keret\u00e9t, m\u00edg cs\u00f6kkent\u00e9st csak 4 sz\u00e1zal\u00e9kuk tervez. Az ebb\u0151l k\u00e9pzett 8 sz\u00e1zal\u00e9kos l\u00e9tsz\u00e1mb\u0151v\u00edt\u00e9si mutat\u00f3 6 sz\u00e1zal\u00e9kponttal haladja meg az el\u0151z\u0151 negyed\u00e9vit, egy \u00e9vvel kor\u00e1bban pedig \u00e9rt\u00e9ke m\u00ednusz 6 sz\u00e1zal\u00e9k volt. A megk\u00e9rdezettek 83 sz\u00e1zal\u00e9ka nem tervez v\u00e1ltoz\u00e1st, egy sz\u00e1zal\u00e9k nem tudott m\u00e9g v\u00e1laszolni erre a k\u00e9rd\u00e9sre. A 43 orsz\u00e1gra kiterjed\u0151 glob\u00e1lis el\u0151rejelz\u00e9s alapj\u00e1n Hong Kongon k\u00edv\u00fcl minden\u00fctt az alkalmazotti l\u00e9tsz\u00e1m b\u0151v\u00fcl\u00e9s\u00e9re sz\u00e1m\u00edtanak, a magyarorsz\u00e1gi kil\u00e1t\u00e1sok a 43-as list\u00e1n a 25. helyen \u00e1llnak. &#8222;Friss adataink azt mutatj\u00e1k, hogy a c\u00e9gek m\u00e1r egy\u00e9rtelm\u0171en a j\u00e1rv\u00e1ny ut\u00e1ni gazdas\u00e1gi kih\u00edv\u00e1sokra, a v\u00e1rhat\u00f3 konjunkt\u00fara ig\u00e9nyek kiel\u00e9g\u00edt\u00e9s\u00e9re k\u00e9sz\u00fclnek&#8221; &#8211; mondta Feh\u00e9r Tam\u00e1s, a ManpowerGroup \u00fcgyvezet\u0151 igazgat\u00f3ja a k\u00f6zlem\u00e9ny szerint. A magyarorsz\u00e1gi felm\u00e9r\u00e9s alapj\u00e1n a legnagyobb felfut\u00e1st (17 sz\u00e1zal\u00e9k) az \u00e9tterem-vend\u00e9gl\u00e1t\u00e1s szektorban v\u00e1rj\u00e1k. A nagy- \u00e9s kiskereskedelemben, a p\u00e9nz\u00fcgyi \u00e9s \u00fczleti szolg\u00e1ltat\u00e1sok ter\u00fclet\u00e9n \u00e1tlag feletti a munk\u00e1ltat\u00f3k v\u00e1rakoz\u00e1sa (11 sz\u00e1zal\u00e9k), a gy\u00e1rt\u00e1s ter\u00fclet\u00e9n \u00e1tlag k\u00f6r\u00fcli, az \u00e9p\u00edt\u0151iparban mind\u00f6ssze 3 sz\u00e1zal\u00e9k. A region\u00e1lis elt\u00e9r\u00e9sek is jelent\u0151sek: a legsz\u00e9lesebb k\u00f6r\u0171 l\u00e9tsz\u00e1mb\u0151v\u00fcl\u00e9st a K\u00f6z\u00e9p-Magyarorsz\u00e1gi R\u00e9gi\u00f3ban (18 sz\u00e1zal\u00e9k) a legalacsonyabbat a D\u00e9l-Alf\u00f6ld\u00f6n (3 sz\u00e1zal\u00e9k) \u00e9s Nyugat-Magyarorsz\u00e1gon (2 sz\u00e1zal\u00e9k) mutatta a felm\u00e9r\u00e9s. A l\u00e9tsz\u00e1mn\u00f6vel\u00e9s tervezett ar\u00e1nya a k\u00f6zepes, 50 f\u0151 feletti \u00e9s a nagy, 250 f\u0151 feletti c\u00e9gekn\u00e9l a legnagyobb: 12, illetve 14 sz\u00e1zal\u00e9kos. A felm\u00e9r\u00e9sben a v\u00e1laszad\u00f3k 77 sz\u00e1zal\u00e9ka mondta azt, hogy nehezen tal\u00e1l megfelel\u0151 munkaer\u0151t bizonyos \u00e1ll\u00e1sokra, ez az \u00e9vtized legmagasabb ilyen \u00e9rt\u00e9ke. A legnagyobb hi\u00e1nyt e szempontb\u00f3l a gy\u00e1rt\u00e1s-termel\u00e9s, a m\u0171k\u00f6dtet\u00e9s-logisztika, az adminisztr\u00e1ci\u00f3-irodai t\u00e1mogat\u00e1s \u00e9s az IT-adatkezel\u00e9s ter\u00fclet\u00e9n jelezt\u00e9k. A ManpowerGroup naponta t\u00f6bb mint 600 000 munkav\u00e1llal\u00f3t \u00e9s t\u00f6bb mint 400 000 v\u00e1llalatot kapcsol \u00f6ssze vil\u00e1gszerte. 80 orsz\u00e1gban k\u00f6zel 3500 irod\u00e1ja van. A c\u00e9g \u00e9vente mintegy 3,4 milli\u00f3 munkav\u00e1llal\u00f3 elhelyezked\u00e9s\u00e9ben seg\u00e9dkezik.<\/p>\n<p>Forr\u00e1s: profitline.hu<\/p>\n","protected":false},"excerpt":{"rendered":"<p>Magyarorsz\u00e1gon 607 munk\u00e1ltat\u00f3t k\u00e9rdeztek meg harmadik negyed\u00e9ves munkaer\u0151-felv\u00e9teli sz\u00e1nd\u00e9k\u00e1r\u00f3l. A k\u00f6vetkez\u0151 negyed\u00e9vben a hazai munk\u00e1ltat\u00f3k 12 sz\u00e1zal\u00e9ka tervezi b\u0151v\u00edteni munkaer\u0151keret\u00e9t, m\u00edg cs\u00f6kkent\u00e9st csak 4 sz\u00e1zal\u00e9kuk tervez. A ManpowerGroup munkaer\u0151piaci el\u0151rejelz\u00e9se 8 sz\u00e1zal\u00e9kos l\u00e9tsz\u00e1mb\u0151v\u00edt\u00e9si mutat\u00f3t tartalmaz a harmadik negyed\u00e9vre, ez a munkaer\u0151piaci b\u0151v\u00edt\u00e9si sz\u00e1nd\u00e9k olyan magas szintj\u00e9t mutatja, amilyen legut\u00f3bb 2019 els\u0151 negyed\u00e9v\u00e9ben volt. A munkaer\u0151-k\u00f6zvet\u00edt\u0151 [&hellip;]<\/p>\n","protected":false},"author":1,"featured_media":4610,"comment_status":"open","ping_status":"open","sticky":false,"template":"","format":"standard","meta":{"_monsterinsights_skip_tracking":false,"footnotes":""},"categories":[200],"tags":[],"class_list":["post-4839","post","type-post","status-publish","format-standard","has-post-thumbnail","hentry","category-munkaeropiac"],"aioseo_notices":[],"aioseo_head":"\n\t\t<!-- All in One SEO 5.0.0.1 - aioseo.com -->\n\t<meta name=\"description\" content=\"Magyarorsz\u00e1gon 607 munk\u00e1ltat\u00f3t k\u00e9rdeztek meg harmadik negyed\u00e9ves munkaer\u0151-felv\u00e9teli sz\u00e1nd\u00e9k\u00e1r\u00f3l. A k\u00f6vetkez\u0151 negyed\u00e9vben a hazai munk\u00e1ltat\u00f3k 12 sz\u00e1zal\u00e9ka tervezi b\u0151v\u00edteni munkaer\u0151keret\u00e9t, m\u00edg cs\u00f6kkent\u00e9st csak 4 sz\u00e1zal\u00e9kuk tervez. A ManpowerGroup munkaer\u0151piaci el\u0151rejelz\u00e9se 8 sz\u00e1zal\u00e9kos l\u00e9tsz\u00e1mb\u0151v\u00edt\u00e9si mutat\u00f3t tartalmaz a harmadik negyed\u00e9vre, ez a munkaer\u0151piaci b\u0151v\u00edt\u00e9si sz\u00e1nd\u00e9k olyan magas szintj\u00e9t mutatja, amilyen legut\u00f3bb 2019 els\u0151 negyed\u00e9v\u00e9ben volt. A munkaer\u0151-k\u00f6zvet\u00edt\u0151\" \/>\n\t<meta name=\"robots\" content=\"max-image-preview:large\" \/>\n\t<meta name=\"author\" content=\"Juh\u00e1sz P\u00e9ter\"\/>\n\t<link rel=\"canonical\" href=\"https:\/\/allasorias.hu\/hirek\/javulo-munkaeropiaci-helyzet\/\" \/>\n\t<meta name=\"generator\" content=\"All in One SEO (AIOSEO) 5.0.0.1\" \/>\n\t\t<meta property=\"og:locale\" content=\"hu_HU\" \/>\n\t\t<meta property=\"og:site_name\" content=\"AllasOrias.hu | H\u00edrek-lapszemle | \u00dczleti h\u00edrek az \u00e1ll\u00e1s \u00e9s a munka vil\u00e1g\u00e1b\u00f3l\" \/>\n\t\t<meta property=\"og:type\" content=\"article\" \/>\n\t\t<meta property=\"og:title\" content=\"Javul\u00f3 munkaer\u0151piaci helyzet | AllasOrias.hu | H\u00edrek-lapszemle\" \/>\n\t\t<meta property=\"og:description\" content=\"Magyarorsz\u00e1gon 607 munk\u00e1ltat\u00f3t k\u00e9rdeztek meg harmadik negyed\u00e9ves munkaer\u0151-felv\u00e9teli sz\u00e1nd\u00e9k\u00e1r\u00f3l. A k\u00f6vetkez\u0151 negyed\u00e9vben a hazai munk\u00e1ltat\u00f3k 12 sz\u00e1zal\u00e9ka tervezi b\u0151v\u00edteni munkaer\u0151keret\u00e9t, m\u00edg cs\u00f6kkent\u00e9st csak 4 sz\u00e1zal\u00e9kuk tervez. A ManpowerGroup munkaer\u0151piaci el\u0151rejelz\u00e9se 8 sz\u00e1zal\u00e9kos l\u00e9tsz\u00e1mb\u0151v\u00edt\u00e9si mutat\u00f3t tartalmaz a harmadik negyed\u00e9vre, ez a munkaer\u0151piaci b\u0151v\u00edt\u00e9si sz\u00e1nd\u00e9k olyan magas szintj\u00e9t mutatja, amilyen legut\u00f3bb 2019 els\u0151 negyed\u00e9v\u00e9ben volt. A munkaer\u0151-k\u00f6zvet\u00edt\u0151\" \/>\n\t\t<meta property=\"og:url\" content=\"https:\/\/allasorias.hu\/hirek\/javulo-munkaeropiaci-helyzet\/\" \/>\n\t\t<meta property=\"og:image\" content=\"https:\/\/allasorias.hu\/hirek\/wp-content\/uploads\/2021\/02\/ipad-with-diagram.jpg\" \/>\n\t\t<meta property=\"og:image:secure_url\" content=\"https:\/\/allasorias.hu\/hirek\/wp-content\/uploads\/2021\/02\/ipad-with-diagram.jpg\" \/>\n\t\t<meta property=\"og:image:width\" content=\"1920\" \/>\n\t\t<meta property=\"og:image:height\" content=\"1281\" \/>\n\t\t<meta property=\"article:published_time\" content=\"2021-06-11T07:26:26+00:00\" \/>\n\t\t<meta property=\"article:modified_time\" content=\"2021-06-11T07:27:01+00:00\" \/>\n\t\t<meta property=\"article:publisher\" content=\"https:\/\/www.facebook.com\/allasorias\" \/>\n\t\t<meta name=\"twitter:card\" content=\"summary_large_image\" \/>\n\t\t<meta name=\"twitter:title\" content=\"Javul\u00f3 munkaer\u0151piaci helyzet | AllasOrias.hu | H\u00edrek-lapszemle\" \/>\n\t\t<meta name=\"twitter:description\" content=\"Magyarorsz\u00e1gon 607 munk\u00e1ltat\u00f3t k\u00e9rdeztek meg harmadik negyed\u00e9ves munkaer\u0151-felv\u00e9teli sz\u00e1nd\u00e9k\u00e1r\u00f3l. A k\u00f6vetkez\u0151 negyed\u00e9vben a hazai munk\u00e1ltat\u00f3k 12 sz\u00e1zal\u00e9ka tervezi b\u0151v\u00edteni munkaer\u0151keret\u00e9t, m\u00edg cs\u00f6kkent\u00e9st csak 4 sz\u00e1zal\u00e9kuk tervez. A ManpowerGroup munkaer\u0151piaci el\u0151rejelz\u00e9se 8 sz\u00e1zal\u00e9kos l\u00e9tsz\u00e1mb\u0151v\u00edt\u00e9si mutat\u00f3t tartalmaz a harmadik negyed\u00e9vre, ez a munkaer\u0151piaci b\u0151v\u00edt\u00e9si sz\u00e1nd\u00e9k olyan magas szintj\u00e9t mutatja, amilyen legut\u00f3bb 2019 els\u0151 negyed\u00e9v\u00e9ben volt. A munkaer\u0151-k\u00f6zvet\u00edt\u0151\" \/>\n\t\t<meta name=\"twitter:image\" content=\"https:\/\/allasorias.hu\/hirek\/wp-content\/uploads\/2021\/02\/ipad-with-diagram.jpg\" \/>\n\t\t<meta name=\"twitter:label1\" content=\"Written by\" \/>\n\t\t<meta name=\"twitter:data1\" content=\"Juh\u00e1sz P\u00e9ter\" \/>\n\t\t<meta name=\"twitter:label2\" content=\"Est. reading time\" \/>\n\t\t<meta name=\"twitter:data2\" content=\"3 minutes\" \/>\n\t\t<script type=\"application\/ld+json\" class=\"aioseo-schema\">\n\t\t\t{\"@context\":\"https:\\\/\\\/schema.org\",\"@graph\":[{\"@type\":\"Article\",\"@id\":\"https:\\\/\\\/allasorias.hu\\\/hirek\\\/javulo-munkaeropiaci-helyzet\\\/#article\",\"name\":\"Javul\\u00f3 munkaer\\u0151piaci helyzet | AllasOrias.hu | H\\u00edrek-lapszemle\",\"headline\":\"Javul\\u00f3 munkaer\\u0151piaci helyzet\",\"author\":{\"@id\":\"https:\\\/\\\/allasorias.hu\\\/hirek\\\/author\\\/admin-allasorias\\\/#author\"},\"publisher\":{\"@id\":\"https:\\\/\\\/allasorias.hu\\\/hirek\\\/#organization\"},\"image\":{\"@type\":\"ImageObject\",\"url\":\"https:\\\/\\\/allasorias.hu\\\/hirek\\\/wp-content\\\/uploads\\\/2021\\\/02\\\/ipad-with-diagram.jpg\",\"width\":1920,\"height\":1281,\"caption\":\"Image of human hand pointing at touchscreen with business document\"},\"datePublished\":\"2021-06-11T07:26:26+02:00\",\"dateModified\":\"2021-06-11T07:27:01+02:00\",\"inLanguage\":\"hu-HU\",\"mainEntityOfPage\":{\"@id\":\"https:\\\/\\\/allasorias.hu\\\/hirek\\\/javulo-munkaeropiaci-helyzet\\\/#webpage\"},\"isPartOf\":{\"@id\":\"https:\\\/\\\/allasorias.hu\\\/hirek\\\/javulo-munkaeropiaci-helyzet\\\/#webpage\"},\"articleSection\":\"Munkaer\\u0151piac\"},{\"@type\":\"BreadcrumbList\",\"@id\":\"https:\\\/\\\/allasorias.hu\\\/hirek\\\/javulo-munkaeropiaci-helyzet\\\/#breadcrumblist\",\"itemListElement\":[{\"@type\":\"ListItem\",\"@id\":\"https:\\\/\\\/allasorias.hu\\\/hirek#listItem\",\"position\":1,\"name\":\"Home\",\"item\":\"https:\\\/\\\/allasorias.hu\\\/hirek\",\"nextItem\":{\"@type\":\"ListItem\",\"@id\":\"https:\\\/\\\/allasorias.hu\\\/hirek\\\/temak\\\/munkaeropiac\\\/#listItem\",\"name\":\"Munkaer\\u0151piac\"}},{\"@type\":\"ListItem\",\"@id\":\"https:\\\/\\\/allasorias.hu\\\/hirek\\\/temak\\\/munkaeropiac\\\/#listItem\",\"position\":2,\"name\":\"Munkaer\\u0151piac\",\"item\":\"https:\\\/\\\/allasorias.hu\\\/hirek\\\/temak\\\/munkaeropiac\\\/\",\"nextItem\":{\"@type\":\"ListItem\",\"@id\":\"https:\\\/\\\/allasorias.hu\\\/hirek\\\/javulo-munkaeropiaci-helyzet\\\/#listItem\",\"name\":\"Javul\\u00f3 munkaer\\u0151piaci helyzet\"},\"previousItem\":{\"@type\":\"ListItem\",\"@id\":\"https:\\\/\\\/allasorias.hu\\\/hirek#listItem\",\"name\":\"Home\"}},{\"@type\":\"ListItem\",\"@id\":\"https:\\\/\\\/allasorias.hu\\\/hirek\\\/javulo-munkaeropiaci-helyzet\\\/#listItem\",\"position\":3,\"name\":\"Javul\\u00f3 munkaer\\u0151piaci helyzet\",\"previousItem\":{\"@type\":\"ListItem\",\"@id\":\"https:\\\/\\\/allasorias.hu\\\/hirek\\\/temak\\\/munkaeropiac\\\/#listItem\",\"name\":\"Munkaer\\u0151piac\"}}]},{\"@type\":\"Organization\",\"@id\":\"https:\\\/\\\/allasorias.hu\\\/hirek\\\/#organization\",\"name\":\"AllasOrias.hu | H\\u00edrek-lapszemle\",\"description\":\"\\u00dczleti h\\u00edrek az \\u00e1ll\\u00e1s \\u00e9s a munka vil\\u00e1g\\u00e1b\\u00f3l\",\"url\":\"https:\\\/\\\/allasorias.hu\\\/hirek\\\/\",\"logo\":{\"@type\":\"ImageObject\",\"url\":\"https:\\\/\\\/allasorias.hu\\\/hirek\\\/wp-content\\\/uploads\\\/2022\\\/10\\\/allasorias_site_facebok_logo.png\",\"@id\":\"https:\\\/\\\/allasorias.hu\\\/hirek\\\/javulo-munkaeropiaci-helyzet\\\/#organizationLogo\"},\"image\":{\"@id\":\"https:\\\/\\\/allasorias.hu\\\/hirek\\\/javulo-munkaeropiaci-helyzet\\\/#organizationLogo\"},\"sameAs\":[\"https:\\\/\\\/www.facebook.com\\\/allasorias\",\"https:\\\/\\\/www.linkedin.com\\\/company\\\/allasorias\"]},{\"@type\":\"Person\",\"@id\":\"https:\\\/\\\/allasorias.hu\\\/hirek\\\/author\\\/admin-allasorias\\\/#author\",\"url\":\"https:\\\/\\\/allasorias.hu\\\/hirek\\\/author\\\/admin-allasorias\\\/\",\"name\":\"Juh\\u00e1sz P\\u00e9ter\",\"image\":{\"@type\":\"ImageObject\",\"@id\":\"https:\\\/\\\/allasorias.hu\\\/hirek\\\/javulo-munkaeropiaci-helyzet\\\/#authorImage\",\"url\":\"https:\\\/\\\/secure.gravatar.com\\\/avatar\\\/36e6bcb83148978b992977cb0f54d22feb0cce8a0a849a9410532bb2623ba4c6?s=96&d=mm&r=g\",\"width\":96,\"height\":96,\"caption\":\"Juh\\u00e1sz P\\u00e9ter\"}},{\"@type\":\"WebPage\",\"@id\":\"https:\\\/\\\/allasorias.hu\\\/hirek\\\/javulo-munkaeropiaci-helyzet\\\/#webpage\",\"url\":\"https:\\\/\\\/allasorias.hu\\\/hirek\\\/javulo-munkaeropiaci-helyzet\\\/\",\"name\":\"Javul\\u00f3 munkaer\\u0151piaci helyzet | AllasOrias.hu | H\\u00edrek-lapszemle\",\"description\":\"Magyarorsz\\u00e1gon 607 munk\\u00e1ltat\\u00f3t k\\u00e9rdeztek meg harmadik negyed\\u00e9ves munkaer\\u0151-felv\\u00e9teli sz\\u00e1nd\\u00e9k\\u00e1r\\u00f3l. A k\\u00f6vetkez\\u0151 negyed\\u00e9vben a hazai munk\\u00e1ltat\\u00f3k 12 sz\\u00e1zal\\u00e9ka tervezi b\\u0151v\\u00edteni munkaer\\u0151keret\\u00e9t, m\\u00edg cs\\u00f6kkent\\u00e9st csak 4 sz\\u00e1zal\\u00e9kuk tervez. A ManpowerGroup munkaer\\u0151piaci el\\u0151rejelz\\u00e9se 8 sz\\u00e1zal\\u00e9kos l\\u00e9tsz\\u00e1mb\\u0151v\\u00edt\\u00e9si mutat\\u00f3t tartalmaz a harmadik negyed\\u00e9vre, ez a munkaer\\u0151piaci b\\u0151v\\u00edt\\u00e9si sz\\u00e1nd\\u00e9k olyan magas szintj\\u00e9t mutatja, amilyen legut\\u00f3bb 2019 els\\u0151 negyed\\u00e9v\\u00e9ben volt. A munkaer\\u0151-k\\u00f6zvet\\u00edt\\u0151\",\"inLanguage\":\"hu-HU\",\"isPartOf\":{\"@id\":\"https:\\\/\\\/allasorias.hu\\\/hirek\\\/#website\"},\"breadcrumb\":{\"@id\":\"https:\\\/\\\/allasorias.hu\\\/hirek\\\/javulo-munkaeropiaci-helyzet\\\/#breadcrumblist\"},\"author\":{\"@id\":\"https:\\\/\\\/allasorias.hu\\\/hirek\\\/author\\\/admin-allasorias\\\/#author\"},\"creator\":{\"@id\":\"https:\\\/\\\/allasorias.hu\\\/hirek\\\/author\\\/admin-allasorias\\\/#author\"},\"image\":{\"@type\":\"ImageObject\",\"url\":\"https:\\\/\\\/allasorias.hu\\\/hirek\\\/wp-content\\\/uploads\\\/2021\\\/02\\\/ipad-with-diagram.jpg\",\"@id\":\"https:\\\/\\\/allasorias.hu\\\/hirek\\\/javulo-munkaeropiaci-helyzet\\\/#mainImage\",\"width\":1920,\"height\":1281,\"caption\":\"Image of human hand pointing at touchscreen with business document\"},\"primaryImageOfPage\":{\"@id\":\"https:\\\/\\\/allasorias.hu\\\/hirek\\\/javulo-munkaeropiaci-helyzet\\\/#mainImage\"},\"datePublished\":\"2021-06-11T07:26:26+02:00\",\"dateModified\":\"2021-06-11T07:27:01+02:00\"},{\"@type\":\"WebSite\",\"@id\":\"https:\\\/\\\/allasorias.hu\\\/hirek\\\/#website\",\"url\":\"https:\\\/\\\/allasorias.hu\\\/hirek\\\/\",\"name\":\"AllasOrias.hu | H\\u00edrek-lapszemle\",\"description\":\"\\u00dczleti h\\u00edrek az \\u00e1ll\\u00e1s \\u00e9s a munka vil\\u00e1g\\u00e1b\\u00f3l\",\"inLanguage\":\"hu-HU\",\"publisher\":{\"@id\":\"https:\\\/\\\/allasorias.hu\\\/hirek\\\/#organization\"}}]}\n\t\t<\/script>\n\t\t<!-- All in One SEO -->\n\n","aioseo_head_json":{"title":"Javul\u00f3 munkaer\u0151piaci helyzet | AllasOrias.hu | H\u00edrek-lapszemle","description":"Magyarorsz\u00e1gon 607 munk\u00e1ltat\u00f3t k\u00e9rdeztek meg harmadik negyed\u00e9ves munkaer\u0151-felv\u00e9teli sz\u00e1nd\u00e9k\u00e1r\u00f3l. A k\u00f6vetkez\u0151 negyed\u00e9vben a hazai munk\u00e1ltat\u00f3k 12 sz\u00e1zal\u00e9ka tervezi b\u0151v\u00edteni munkaer\u0151keret\u00e9t, m\u00edg cs\u00f6kkent\u00e9st csak 4 sz\u00e1zal\u00e9kuk tervez. A ManpowerGroup munkaer\u0151piaci el\u0151rejelz\u00e9se 8 sz\u00e1zal\u00e9kos l\u00e9tsz\u00e1mb\u0151v\u00edt\u00e9si mutat\u00f3t tartalmaz a harmadik negyed\u00e9vre, ez a munkaer\u0151piaci b\u0151v\u00edt\u00e9si sz\u00e1nd\u00e9k olyan magas szintj\u00e9t mutatja, amilyen legut\u00f3bb 2019 els\u0151 negyed\u00e9v\u00e9ben volt. A munkaer\u0151-k\u00f6zvet\u00edt\u0151","canonical_url":"https:\/\/allasorias.hu\/hirek\/javulo-munkaeropiaci-helyzet\/","robots":"max-image-preview:large","keywords":"","webmasterTools":{"miscellaneous":""},"schema":{"@context":"https:\/\/schema.org","@graph":[{"@type":"Article","@id":"https:\/\/allasorias.hu\/hirek\/javulo-munkaeropiaci-helyzet\/#article","name":"Javul\u00f3 munkaer\u0151piaci helyzet | AllasOrias.hu | H\u00edrek-lapszemle","headline":"Javul\u00f3 munkaer\u0151piaci helyzet","author":{"@id":"https:\/\/allasorias.hu\/hirek\/author\/admin-allasorias\/#author"},"publisher":{"@id":"https:\/\/allasorias.hu\/hirek\/#organization"},"image":{"@type":"ImageObject","url":"https:\/\/allasorias.hu\/hirek\/wp-content\/uploads\/2021\/02\/ipad-with-diagram.jpg","width":1920,"height":1281,"caption":"Image of human hand pointing at touchscreen with business document"},"datePublished":"2021-06-11T07:26:26+02:00","dateModified":"2021-06-11T07:27:01+02:00","inLanguage":"hu-HU","mainEntityOfPage":{"@id":"https:\/\/allasorias.hu\/hirek\/javulo-munkaeropiaci-helyzet\/#webpage"},"isPartOf":{"@id":"https:\/\/allasorias.hu\/hirek\/javulo-munkaeropiaci-helyzet\/#webpage"},"articleSection":"Munkaer\u0151piac"},{"@type":"BreadcrumbList","@id":"https:\/\/allasorias.hu\/hirek\/javulo-munkaeropiaci-helyzet\/#breadcrumblist","itemListElement":[{"@type":"ListItem","@id":"https:\/\/allasorias.hu\/hirek#listItem","position":1,"name":"Home","item":"https:\/\/allasorias.hu\/hirek","nextItem":{"@type":"ListItem","@id":"https:\/\/allasorias.hu\/hirek\/temak\/munkaeropiac\/#listItem","name":"Munkaer\u0151piac"}},{"@type":"ListItem","@id":"https:\/\/allasorias.hu\/hirek\/temak\/munkaeropiac\/#listItem","position":2,"name":"Munkaer\u0151piac","item":"https:\/\/allasorias.hu\/hirek\/temak\/munkaeropiac\/","nextItem":{"@type":"ListItem","@id":"https:\/\/allasorias.hu\/hirek\/javulo-munkaeropiaci-helyzet\/#listItem","name":"Javul\u00f3 munkaer\u0151piaci helyzet"},"previousItem":{"@type":"ListItem","@id":"https:\/\/allasorias.hu\/hirek#listItem","name":"Home"}},{"@type":"ListItem","@id":"https:\/\/allasorias.hu\/hirek\/javulo-munkaeropiaci-helyzet\/#listItem","position":3,"name":"Javul\u00f3 munkaer\u0151piaci helyzet","previousItem":{"@type":"ListItem","@id":"https:\/\/allasorias.hu\/hirek\/temak\/munkaeropiac\/#listItem","name":"Munkaer\u0151piac"}}]},{"@type":"Organization","@id":"https:\/\/allasorias.hu\/hirek\/#organization","name":"AllasOrias.hu | H\u00edrek-lapszemle","description":"\u00dczleti h\u00edrek az \u00e1ll\u00e1s \u00e9s a munka vil\u00e1g\u00e1b\u00f3l","url":"https:\/\/allasorias.hu\/hirek\/","logo":{"@type":"ImageObject","url":"https:\/\/allasorias.hu\/hirek\/wp-content\/uploads\/2022\/10\/allasorias_site_facebok_logo.png","@id":"https:\/\/allasorias.hu\/hirek\/javulo-munkaeropiaci-helyzet\/#organizationLogo"},"image":{"@id":"https:\/\/allasorias.hu\/hirek\/javulo-munkaeropiaci-helyzet\/#organizationLogo"},"sameAs":["https:\/\/www.facebook.com\/allasorias","https:\/\/www.linkedin.com\/company\/allasorias"]},{"@type":"Person","@id":"https:\/\/allasorias.hu\/hirek\/author\/admin-allasorias\/#author","url":"https:\/\/allasorias.hu\/hirek\/author\/admin-allasorias\/","name":"Juh\u00e1sz P\u00e9ter","image":{"@type":"ImageObject","@id":"https:\/\/allasorias.hu\/hirek\/javulo-munkaeropiaci-helyzet\/#authorImage","url":"https:\/\/secure.gravatar.com\/avatar\/36e6bcb83148978b992977cb0f54d22feb0cce8a0a849a9410532bb2623ba4c6?s=96&d=mm&r=g","width":96,"height":96,"caption":"Juh\u00e1sz P\u00e9ter"}},{"@type":"WebPage","@id":"https:\/\/allasorias.hu\/hirek\/javulo-munkaeropiaci-helyzet\/#webpage","url":"https:\/\/allasorias.hu\/hirek\/javulo-munkaeropiaci-helyzet\/","name":"Javul\u00f3 munkaer\u0151piaci helyzet | AllasOrias.hu | H\u00edrek-lapszemle","description":"Magyarorsz\u00e1gon 607 munk\u00e1ltat\u00f3t k\u00e9rdeztek meg harmadik negyed\u00e9ves munkaer\u0151-felv\u00e9teli sz\u00e1nd\u00e9k\u00e1r\u00f3l. A k\u00f6vetkez\u0151 negyed\u00e9vben a hazai munk\u00e1ltat\u00f3k 12 sz\u00e1zal\u00e9ka tervezi b\u0151v\u00edteni munkaer\u0151keret\u00e9t, m\u00edg cs\u00f6kkent\u00e9st csak 4 sz\u00e1zal\u00e9kuk tervez. A ManpowerGroup munkaer\u0151piaci el\u0151rejelz\u00e9se 8 sz\u00e1zal\u00e9kos l\u00e9tsz\u00e1mb\u0151v\u00edt\u00e9si mutat\u00f3t tartalmaz a harmadik negyed\u00e9vre, ez a munkaer\u0151piaci b\u0151v\u00edt\u00e9si sz\u00e1nd\u00e9k olyan magas szintj\u00e9t mutatja, amilyen legut\u00f3bb 2019 els\u0151 negyed\u00e9v\u00e9ben volt. A munkaer\u0151-k\u00f6zvet\u00edt\u0151","inLanguage":"hu-HU","isPartOf":{"@id":"https:\/\/allasorias.hu\/hirek\/#website"},"breadcrumb":{"@id":"https:\/\/allasorias.hu\/hirek\/javulo-munkaeropiaci-helyzet\/#breadcrumblist"},"author":{"@id":"https:\/\/allasorias.hu\/hirek\/author\/admin-allasorias\/#author"},"creator":{"@id":"https:\/\/allasorias.hu\/hirek\/author\/admin-allasorias\/#author"},"image":{"@type":"ImageObject","url":"https:\/\/allasorias.hu\/hirek\/wp-content\/uploads\/2021\/02\/ipad-with-diagram.jpg","@id":"https:\/\/allasorias.hu\/hirek\/javulo-munkaeropiaci-helyzet\/#mainImage","width":1920,"height":1281,"caption":"Image of human hand pointing at touchscreen with business document"},"primaryImageOfPage":{"@id":"https:\/\/allasorias.hu\/hirek\/javulo-munkaeropiaci-helyzet\/#mainImage"},"datePublished":"2021-06-11T07:26:26+02:00","dateModified":"2021-06-11T07:27:01+02:00"},{"@type":"WebSite","@id":"https:\/\/allasorias.hu\/hirek\/#website","url":"https:\/\/allasorias.hu\/hirek\/","name":"AllasOrias.hu | H\u00edrek-lapszemle","description":"\u00dczleti h\u00edrek az \u00e1ll\u00e1s \u00e9s a munka vil\u00e1g\u00e1b\u00f3l","inLanguage":"hu-HU","publisher":{"@id":"https:\/\/allasorias.hu\/hirek\/#organization"}}]},"og:locale":"hu_HU","og:site_name":"AllasOrias.hu | H\u00edrek-lapszemle | \u00dczleti h\u00edrek az \u00e1ll\u00e1s \u00e9s a munka vil\u00e1g\u00e1b\u00f3l","og:type":"article","og:title":"Javul\u00f3 munkaer\u0151piaci helyzet | AllasOrias.hu | H\u00edrek-lapszemle","og:description":"Magyarorsz\u00e1gon 607 munk\u00e1ltat\u00f3t k\u00e9rdeztek meg harmadik negyed\u00e9ves munkaer\u0151-felv\u00e9teli sz\u00e1nd\u00e9k\u00e1r\u00f3l. A k\u00f6vetkez\u0151 negyed\u00e9vben a hazai munk\u00e1ltat\u00f3k 12 sz\u00e1zal\u00e9ka tervezi b\u0151v\u00edteni munkaer\u0151keret\u00e9t, m\u00edg cs\u00f6kkent\u00e9st csak 4 sz\u00e1zal\u00e9kuk tervez. A ManpowerGroup munkaer\u0151piaci el\u0151rejelz\u00e9se 8 sz\u00e1zal\u00e9kos l\u00e9tsz\u00e1mb\u0151v\u00edt\u00e9si mutat\u00f3t tartalmaz a harmadik negyed\u00e9vre, ez a munkaer\u0151piaci b\u0151v\u00edt\u00e9si sz\u00e1nd\u00e9k olyan magas szintj\u00e9t mutatja, amilyen legut\u00f3bb 2019 els\u0151 negyed\u00e9v\u00e9ben volt. A munkaer\u0151-k\u00f6zvet\u00edt\u0151","og:url":"https:\/\/allasorias.hu\/hirek\/javulo-munkaeropiaci-helyzet\/","og:image":"https:\/\/allasorias.hu\/hirek\/wp-content\/uploads\/2021\/02\/ipad-with-diagram.jpg","og:image:secure_url":"https:\/\/allasorias.hu\/hirek\/wp-content\/uploads\/2021\/02\/ipad-with-diagram.jpg","og:image:width":1920,"og:image:height":1281,"article:published_time":"2021-06-11T07:26:26+00:00","article:modified_time":"2021-06-11T07:27:01+00:00","article:publisher":"https:\/\/www.facebook.com\/allasorias","twitter:card":"summary_large_image","twitter:title":"Javul\u00f3 munkaer\u0151piaci helyzet | AllasOrias.hu | H\u00edrek-lapszemle","twitter:description":"Magyarorsz\u00e1gon 607 munk\u00e1ltat\u00f3t k\u00e9rdeztek meg harmadik negyed\u00e9ves munkaer\u0151-felv\u00e9teli sz\u00e1nd\u00e9k\u00e1r\u00f3l. A k\u00f6vetkez\u0151 negyed\u00e9vben a hazai munk\u00e1ltat\u00f3k 12 sz\u00e1zal\u00e9ka tervezi b\u0151v\u00edteni munkaer\u0151keret\u00e9t, m\u00edg cs\u00f6kkent\u00e9st csak 4 sz\u00e1zal\u00e9kuk tervez. A ManpowerGroup munkaer\u0151piaci el\u0151rejelz\u00e9se 8 sz\u00e1zal\u00e9kos l\u00e9tsz\u00e1mb\u0151v\u00edt\u00e9si mutat\u00f3t tartalmaz a harmadik negyed\u00e9vre, ez a munkaer\u0151piaci b\u0151v\u00edt\u00e9si sz\u00e1nd\u00e9k olyan magas szintj\u00e9t mutatja, amilyen legut\u00f3bb 2019 els\u0151 negyed\u00e9v\u00e9ben volt. A munkaer\u0151-k\u00f6zvet\u00edt\u0151","twitter:image":"https:\/\/allasorias.hu\/hirek\/wp-content\/uploads\/2021\/02\/ipad-with-diagram.jpg","twitter:label1":"Written by","twitter:data1":"Juh\u00e1sz P\u00e9ter","twitter:label2":"Est. reading time","twitter:data2":"3 minutes"},"aioseo_meta_data":{"post_id":"4839","title":null,"description":null,"keywords":[],"keyphrases":{"focus":[],"additional":[]},"primary_term":null,"canonical_url":null,"og_title":null,"og_description":null,"og_object_type":"default","og_image_type":"default","og_image_url":null,"og_image_width":null,"og_image_height":null,"og_image_custom_url":null,"og_image_custom_fields":null,"og_video":"","og_custom_url":null,"og_article_section":null,"og_article_tags":[],"twitter_use_og":false,"twitter_card":"default","twitter_image_type":"default","twitter_image_url":null,"twitter_image_custom_url":null,"twitter_image_custom_fields":null,"twitter_title":null,"twitter_description":null,"schema":{"blockGraphs":[],"customGraphs":[],"default":{"data":{"Article":[],"Course":[],"Dataset":[],"FAQPage":[],"Movie":[],"Person":[],"Product":[],"ProductReview":[],"Car":[],"Recipe":[],"Service":[],"SoftwareApplication":[],"WebPage":[]},"graphName":"","isEnabled":true},"graphs":[],"defaultGraph":"Article","defaultPostTypeGraph":""},"schema_type":"default","schema_type_options":"{\"article\":{\"articleType\":\"BlogPosting\"},\"course\":{\"name\":\"\",\"description\":\"\",\"provider\":\"\"},\"faq\":{\"pages\":[]},\"product\":{\"reviews\":[]},\"recipe\":{\"ingredients\":[],\"instructions\":[],\"keywords\":[]},\"software\":{\"reviews\":[],\"operatingSystems\":[]},\"webPage\":{\"webPageType\":\"WebPage\"}}","pillar_content":false,"robots_default":true,"robots_noindex":false,"robots_noarchive":false,"robots_nosnippet":false,"robots_nofollow":false,"robots_noimageindex":false,"robots_noodp":false,"robots_notranslate":false,"robots_max_snippet":"-1","robots_max_videopreview":"-1","robots_max_imagepreview":"large","priority":null,"frequency":"default","location":null,"local_seo":{"locations":{"business":{"name":"","businessType":"","image":"","areaServed":"","urls":{"website":"","aboutPage":"","contactPage":""},"address":{"streetLine1":"","streetLine2":"","zipCode":"","city":"","state":"","country":"","addressFormat":"#streetLineOne\n#streetLineTwo\n#city, #state #zipCode"},"contact":{"phone":"","email":"","fax":""},"ids":{"vat":"","tax":"","chamberOfCommerce":""},"payment":{"priceRange":"","currenciesAccepted":"","methods":""}}},"openingHours":{"useDefaults":true,"show":true,"alwaysOpen":false,"use24hFormat":false,"timezone":"","labels":{"closed":"","alwaysOpen":""},"days":{"monday":{"open24h":false,"closed":false,"openTime":"09:00","closeTime":"17:00"},"tuesday":{"open24h":false,"closed":false,"openTime":"09:00","closeTime":"17:00"},"wednesday":{"open24h":false,"closed":false,"openTime":"09:00","closeTime":"17:00"},"thursday":{"open24h":false,"closed":false,"openTime":"09:00","closeTime":"17:00"},"friday":{"open24h":false,"closed":false,"openTime":"09:00","closeTime":"17:00"},"saturday":{"open24h":false,"closed":false,"openTime":"09:00","closeTime":"17:00"},"sunday":{"open24h":false,"closed":false,"openTime":"09:00","closeTime":"17:00"}}}},"breadcrumb_settings":null,"limit_modified_date":false,"ai":null,"created":"2021-06-11 07:25:39","updated":"2025-10-02 15:49:22","seo_analyzer_scan_date":null,"focus_keyword":null,"additional_keywords":null,"truseo_locale":null},"aioseo_breadcrumb":"<div class=\"aioseo-breadcrumbs\"><span class=\"aioseo-breadcrumb\">\n\t\t\t<a href=\"https:\/\/allasorias.hu\/hirek\" title=\"Home\">Home<\/a>\n\t\t<\/span><span class=\"aioseo-breadcrumb-separator\">&raquo;<\/span><span class=\"aioseo-breadcrumb\">\n\t\t\t<a href=\"https:\/\/allasorias.hu\/hirek\/temak\/munkaeropiac\/\" title=\"Munkaer\u0151piac\">Munkaer\u0151piac<\/a>\n\t\t<\/span><span class=\"aioseo-breadcrumb-separator\">&raquo;<\/span><span class=\"aioseo-breadcrumb\">\n\t\t\tJavul\u00f3 munkaer\u0151piaci helyzet\n\t\t<\/span><\/div>","aioseo_breadcrumb_json":[{"label":"Home","link":"https:\/\/allasorias.hu\/hirek"},{"label":"Munkaer\u0151piac","link":"https:\/\/allasorias.hu\/hirek\/temak\/munkaeropiac\/"},{"label":"Javul\u00f3 munkaer\u0151piaci helyzet","link":"https:\/\/allasorias.hu\/hirek\/javulo-munkaeropiaci-helyzet\/"}],"_links":{"self":[{"href":"https:\/\/allasorias.hu\/hirek\/wp-json\/wp\/v2\/posts\/4839","targetHints":{"allow":["GET"]}}],"collection":[{"href":"https:\/\/allasorias.hu\/hirek\/wp-json\/wp\/v2\/posts"}],"about":[{"href":"https:\/\/allasorias.hu\/hirek\/wp-json\/wp\/v2\/types\/post"}],"author":[{"embeddable":true,"href":"https:\/\/allasorias.hu\/hirek\/wp-json\/wp\/v2\/users\/1"}],"replies":[{"embeddable":true,"href":"https:\/\/allasorias.hu\/hirek\/wp-json\/wp\/v2\/comments?post=4839"}],"version-history":[{"count":1,"href":"https:\/\/allasorias.hu\/hirek\/wp-json\/wp\/v2\/posts\/4839\/revisions"}],"predecessor-version":[{"id":4840,"href":"https:\/\/allasorias.hu\/hirek\/wp-json\/wp\/v2\/posts\/4839\/revisions\/4840"}],"wp:featuredmedia":[{"embeddable":true,"href":"https:\/\/allasorias.hu\/hirek\/wp-json\/wp\/v2\/media\/4610"}],"wp:attachment":[{"href":"https:\/\/allasorias.hu\/hirek\/wp-json\/wp\/v2\/media?parent=4839"}],"wp:term":[{"taxonomy":"category","embeddable":true,"href":"https:\/\/allasorias.hu\/hirek\/wp-json\/wp\/v2\/categories?post=4839"},{"taxonomy":"post_tag","embeddable":true,"href":"https:\/\/allasorias.hu\/hirek\/wp-json\/wp\/v2\/tags?post=4839"}],"curies":[{"name":"wp","href":"https:\/\/api.w.org\/{rel}","templated":true}]}}