{"id":4836,"date":"2021-06-10T07:20:00","date_gmt":"2021-06-10T07:20:00","guid":{"rendered":"https:\/\/allasorias.hu\/hirek\/?p=4836"},"modified":"2021-06-10T07:20:00","modified_gmt":"2021-06-10T07:20:00","slug":"az-alkalmazottak-erzelmeit-is-figyelik","status":"publish","type":"post","link":"https:\/\/allasorias.hu\/hirek\/az-alkalmazottak-erzelmeit-is-figyelik\/","title":{"rendered":"Az alkalmazottak \u00e9rzelmeit is figyelik"},"content":{"rendered":"<p><strong>K\u00edn\u00e1ban egy figyel\u0151 programmal ellen\u0151rzik a dolgoz\u00f3kat, azonnal \u00e9rtes\u00edti a rendszer a munkaad\u00f3kat, ha az alkalmazott egy vide\u00f3t n\u00e9z, vagy \u00e9pp \u00e1ll\u00e1shirdet\u00e9seket b\u00f6ng\u00e9sz. S\u0151t, val\u00f3s idej\u0171 k\u00e9pet k\u00f6zvet\u00edt a f\u0151n\u00f6knek, hogy \u00e9pp mivel tev\u00e9kenykedik a sz\u00e1m\u00edt\u00f3g\u00e9p\u00e9n a dolgoz\u00f3. Mit sz\u00f3ln\u00e1l hozz\u00e1, ha reggel 9-t\u0151l este 9-ig kellene dolgoznod, heti 6 napon \u00e1t? Ez extr\u00e9m esetekben Magyarorsz\u00e1gon is el\u0151fordulhat, viszont K\u00edn\u00e1ban teljesen h\u00e9tk\u00f6znapi, bevett szok\u00e1s. A k\u00ednai v\u00e1llalatok a \u201eHarmadik szem&#8221; nevezet\u0171 szoftver seg\u00edts\u00e9g\u00e9vel a alkalmazottak minden egyes mozdulat\u00e1t figyelik, \u00edgy egy perc sem telhet el munka n\u00e9lk\u00fcl \u2013 \u00edrja a Business Insider. <\/strong><\/p>\n<p>Az eml\u00edtett szoftverhez hasonl\u00f3 programok az Egyes\u00fclt \u00c1llamokban sem p\u00e9lda n\u00e9lk\u00fcliek. Ilyen a CloudDesk, amely a munkav\u00e1llal\u00f3k webes tev\u00e9kenys\u00e9geit figyeli, illetve azokat az id\u0151szakokat, amikor az alkalmazott munkaid\u0151ben \u00e9ppen nem a munk\u00e1val foglalkozik. A \u201eHarmadik szem&#8221; ezt tov\u00e1bb vitte. Egy amolyan igazi vamzer program. P\u00e9ld\u00e1ul azonnal \u00e9rtes\u00edti a munkaad\u00f3kat, ha az alkalmazott egy vide\u00f3t n\u00e9z, vagy \u00e9pp \u00e1ll\u00e1shirdet\u00e9seket b\u00f6ng\u00e9sz. S\u0151t, val\u00f3s idej\u0171 k\u00e9pet k\u00f6zvet\u00edt a f\u0151n\u00f6knek, hogy \u00e9pp mivel tev\u00e9kenykedik a sz\u00e1m\u00edt\u00f3g\u00e9p\u00e9n a dolgoz\u00f3. Az Insidernek kit\u00e1lalt egy 9-9-6-os munkav\u00e1llal\u00f3. A 32 \u00e9ves, pekingi sz\u00fclet\u00e9s\u0171 Jiang Yi diszt\u00f3pikus k\u00e9pet festett a k\u00ednai munkav\u00e1llal\u00f3i k\u00f6r\u00fclm\u00e9nyekr\u0151l. Naponta 12-16 \u00f3r\u00e1t t\u00f6lt\u00f6ttem programoz\u00e1ssal. Az igazi m\u00e9lypont akkor \u00e9rkezett el, amikor a f\u0151n\u00f6k\u00f6m egy pap\u00edrt l\u00f3b\u00e1lva a kez\u00e9ben berohant hozz\u00e1m, \u00e9s sz\u00e1mon k\u00e9rte, hogy m\u00e9gis mi\u00e9rt n\u00e9ztem meg kett\u0151 vide\u00f3t munkaid\u0151ben, ahelyett, hogy dolgoztam volna \u2013 nyilatkozta Jiang Yi, akinek a munkaad\u00f3ja a harmadik szem seg\u00edts\u00e9g\u00e9vel ellen\u0151rzi a dolgoz\u00f3it. Hozz\u00e1tette, a program minden h\u00e9ten gener\u00e1l egy teljes\u00edtm\u00e9ny\u00e9rt\u00e9kel\u00e9st, amelyben percre pontosan le van bontva, hogy melyik alkalmazott, mikor \u00e9s mit csin\u00e1lt a sz\u00e1m\u00edt\u00f3g\u00e9p\u00e9n. V\u00e1llalati kult\u00fara helyett a f\u00e9lelem kult\u00far\u00e1ja alakult ki a c\u00e9gn\u00e9l. A rendszer retteg\u00e9sben tartja az alkalmazottakat. Mindenki tudja, hogy az \u00f6sszes l\u00e9p\u00e9s\u00fcket megfigyelik a 12 \u00f3r\u00e1s m\u0171szakokban &#8211; tette hozz\u00e1 Jiang Yi.\u00a0 A harmadik szem megalkot\u00f3ja \u00fagy jellemzi a honlapj\u00e1n a term\u00e9k\u00e9t, mint egy \u201emindenhat\u00f3, uralkod\u00f3 \u00e9s stabil&#8221; programot, amely \u201ea megfigyel\u00e9s minden eszk\u00f6z\u00e9vel kompatibilis&#8221;. B\u00e1jos marketingsz\u00f6veg. A c\u00e9gnek k\u00f6r\u00fclbel\u00fcl 1000 vev\u0151je van, jellemz\u0151en technol\u00f3giai c\u00e9gek \u00e9s korm\u00e1nyszervek. A harmadik szem nem kir\u00edv\u00f3 p\u00e9lda K\u00edn\u00e1ban. 2018-ban a Zhongduantong applik\u00e1ci\u00f3 terjedt el a munkaad\u00f3k k\u00f6reiben. Ez a telefonos applik\u00e1ci\u00f3 a munkav\u00e1llal\u00f3k tart\u00f3zkod\u00e1si hely\u00e9t k\u00f6veti le. Jelenleg 347 v\u00e1llalat haszn\u00e1lja ezt a szoftvert, \u00edgy pontos k\u00e9pet kapnak arr\u00f3l, hogy munkav\u00e1llal\u00f3k mennyi id\u0151t t\u00f6ltenek az illemhelyen, illetve hol tart\u00f3zkodnak pontosan a munkaid\u0151 alatt. A Sangfor Technologies szint\u00e9n egy olyan programmal \u00e1llt el\u0151, amely pontosan meg tudja hat\u00e1rozni, hogy a dolgoz\u00f3k mit n\u00e9zegetnek a telefonjaikon, illetve milyen appokat haszn\u00e1lnak. Aki r\u00e1csatlakozott az adott c\u00e9g wi-fi h\u00e1l\u00f3zat\u00e1ra, nyitott k\u00f6nyvv\u00e9 v\u00e1lt. Egyes k\u00ednai v\u00e1llalatok m\u00e1r nemcsak a dolgoz\u00f3k tev\u00e9kenys\u00e9geit ellen\u0151rzik, hanem az \u00e9rzelmeiket is. P\u00e9ld\u00e1ul egy hongkongi \u00fajs\u00e1g, a Week in China novemberben arr\u00f3l \u00edrt, hogy a Canon olyan kamer\u00e1kat szerelt fel a k\u00ednai telephelyein, amelyek csak akkor engedik be a dolgoz\u00f3kat a munkahelyre, ha mosolyognak. Ezt azzal indokolt\u00e1k, hogy \u00edgy akarj\u00e1k jav\u00edtani a koronav\u00edrus-j\u00e1rv\u00e1nyban a munkahelyi l\u00e9gk\u00f6rt. J\u00f3 kifog\u00e1s. Jia Kai professzor szerint ezek a rendszerek nagyon megb\u00edzhatatlanok, \u00e9s csak az egyszer\u0171bb emberi \u00e9rz\u00e9seket tudj\u00e1k felismerni. P\u00e9ld\u00e1ul, ha valaki betegeskedik, azt nem fogja felismerni, \u00edgy nem is fog t\u00f6bb id\u0151t kapni a feladata elv\u00e9gz\u00e9s\u00e9re.<\/p>\n<p>Forr\u00e1s: haszon.hu<\/p>\n","protected":false},"excerpt":{"rendered":"<p>K\u00edn\u00e1ban egy figyel\u0151 programmal ellen\u0151rzik a dolgoz\u00f3kat, azonnal \u00e9rtes\u00edti a rendszer a munkaad\u00f3kat, ha az alkalmazott egy vide\u00f3t n\u00e9z, vagy \u00e9pp \u00e1ll\u00e1shirdet\u00e9seket b\u00f6ng\u00e9sz. S\u0151t, val\u00f3s idej\u0171 k\u00e9pet k\u00f6zvet\u00edt a f\u0151n\u00f6knek, hogy \u00e9pp mivel tev\u00e9kenykedik a sz\u00e1m\u00edt\u00f3g\u00e9p\u00e9n a dolgoz\u00f3. Mit sz\u00f3ln\u00e1l hozz\u00e1, ha reggel 9-t\u0151l este 9-ig kellene dolgoznod, heti 6 napon \u00e1t? Ez extr\u00e9m esetekben [&hellip;]<\/p>\n","protected":false},"author":1,"featured_media":4837,"comment_status":"open","ping_status":"open","sticky":false,"template":"","format":"standard","meta":{"_monsterinsights_skip_tracking":false,"footnotes":""},"categories":[200],"tags":[],"class_list":["post-4836","post","type-post","status-publish","format-standard","has-post-thumbnail","hentry","category-munkaeropiac"],"aioseo_notices":[],"aioseo_head":"\n\t\t<!-- All in One SEO 5.0.0.1 - aioseo.com -->\n\t<meta name=\"description\" content=\"K\u00edn\u00e1ban egy figyel\u0151 programmal ellen\u0151rzik a dolgoz\u00f3kat, azonnal \u00e9rtes\u00edti a rendszer a munkaad\u00f3kat, ha az alkalmazott egy vide\u00f3t n\u00e9z, vagy \u00e9pp \u00e1ll\u00e1shirdet\u00e9seket b\u00f6ng\u00e9sz. S\u0151t, val\u00f3s idej\u0171 k\u00e9pet k\u00f6zvet\u00edt a f\u0151n\u00f6knek, hogy \u00e9pp mivel tev\u00e9kenykedik a sz\u00e1m\u00edt\u00f3g\u00e9p\u00e9n a dolgoz\u00f3. Mit sz\u00f3ln\u00e1l hozz\u00e1, ha reggel 9-t\u0151l este 9-ig kellene dolgoznod, heti 6 napon \u00e1t? Ez extr\u00e9m esetekben\" \/>\n\t<meta name=\"robots\" content=\"max-image-preview:large\" \/>\n\t<meta name=\"author\" content=\"Juh\u00e1sz P\u00e9ter\"\/>\n\t<link rel=\"canonical\" href=\"https:\/\/allasorias.hu\/hirek\/az-alkalmazottak-erzelmeit-is-figyelik\/\" \/>\n\t<meta name=\"generator\" content=\"All in One SEO (AIOSEO) 5.0.0.1\" \/>\n\t\t<meta property=\"og:locale\" content=\"hu_HU\" \/>\n\t\t<meta property=\"og:site_name\" content=\"AllasOrias.hu | H\u00edrek-lapszemle | \u00dczleti h\u00edrek az \u00e1ll\u00e1s \u00e9s a munka vil\u00e1g\u00e1b\u00f3l\" \/>\n\t\t<meta property=\"og:type\" content=\"article\" \/>\n\t\t<meta property=\"og:title\" content=\"Az alkalmazottak \u00e9rzelmeit is figyelik | AllasOrias.hu | H\u00edrek-lapszemle\" \/>\n\t\t<meta property=\"og:description\" content=\"K\u00edn\u00e1ban egy figyel\u0151 programmal ellen\u0151rzik a dolgoz\u00f3kat, azonnal \u00e9rtes\u00edti a rendszer a munkaad\u00f3kat, ha az alkalmazott egy vide\u00f3t n\u00e9z, vagy \u00e9pp \u00e1ll\u00e1shirdet\u00e9seket b\u00f6ng\u00e9sz. S\u0151t, val\u00f3s idej\u0171 k\u00e9pet k\u00f6zvet\u00edt a f\u0151n\u00f6knek, hogy \u00e9pp mivel tev\u00e9kenykedik a sz\u00e1m\u00edt\u00f3g\u00e9p\u00e9n a dolgoz\u00f3. Mit sz\u00f3ln\u00e1l hozz\u00e1, ha reggel 9-t\u0151l este 9-ig kellene dolgoznod, heti 6 napon \u00e1t? Ez extr\u00e9m esetekben\" \/>\n\t\t<meta property=\"og:url\" content=\"https:\/\/allasorias.hu\/hirek\/az-alkalmazottak-erzelmeit-is-figyelik\/\" \/>\n\t\t<meta property=\"og:image\" content=\"https:\/\/allasorias.hu\/hirek\/wp-content\/uploads\/2021\/06\/attractive-young-asian-man-sitting-desk-table-looking-laptop-computer-dark-late-night.jpg\" \/>\n\t\t<meta property=\"og:image:secure_url\" content=\"https:\/\/allasorias.hu\/hirek\/wp-content\/uploads\/2021\/06\/attractive-young-asian-man-sitting-desk-table-looking-laptop-computer-dark-late-night.jpg\" \/>\n\t\t<meta property=\"og:image:width\" content=\"1920\" \/>\n\t\t<meta property=\"og:image:height\" content=\"1281\" \/>\n\t\t<meta property=\"article:published_time\" content=\"2021-06-10T07:20:00+00:00\" \/>\n\t\t<meta property=\"article:modified_time\" content=\"2021-06-10T07:20:00+00:00\" \/>\n\t\t<meta property=\"article:publisher\" content=\"https:\/\/www.facebook.com\/allasorias\" \/>\n\t\t<meta name=\"twitter:card\" content=\"summary_large_image\" \/>\n\t\t<meta name=\"twitter:title\" content=\"Az alkalmazottak \u00e9rzelmeit is figyelik | AllasOrias.hu | H\u00edrek-lapszemle\" \/>\n\t\t<meta name=\"twitter:description\" content=\"K\u00edn\u00e1ban egy figyel\u0151 programmal ellen\u0151rzik a dolgoz\u00f3kat, azonnal \u00e9rtes\u00edti a rendszer a munkaad\u00f3kat, ha az alkalmazott egy vide\u00f3t n\u00e9z, vagy \u00e9pp \u00e1ll\u00e1shirdet\u00e9seket b\u00f6ng\u00e9sz. S\u0151t, val\u00f3s idej\u0171 k\u00e9pet k\u00f6zvet\u00edt a f\u0151n\u00f6knek, hogy \u00e9pp mivel tev\u00e9kenykedik a sz\u00e1m\u00edt\u00f3g\u00e9p\u00e9n a dolgoz\u00f3. Mit sz\u00f3ln\u00e1l hozz\u00e1, ha reggel 9-t\u0151l este 9-ig kellene dolgoznod, heti 6 napon \u00e1t? Ez extr\u00e9m esetekben\" \/>\n\t\t<meta name=\"twitter:image\" content=\"https:\/\/allasorias.hu\/hirek\/wp-content\/uploads\/2021\/06\/attractive-young-asian-man-sitting-desk-table-looking-laptop-computer-dark-late-night.jpg\" \/>\n\t\t<meta name=\"twitter:label1\" content=\"Written by\" \/>\n\t\t<meta name=\"twitter:data1\" content=\"Juh\u00e1sz P\u00e9ter\" \/>\n\t\t<meta name=\"twitter:label2\" content=\"Est. reading time\" \/>\n\t\t<meta name=\"twitter:data2\" content=\"4 minutes\" \/>\n\t\t<script type=\"application\/ld+json\" class=\"aioseo-schema\">\n\t\t\t{\"@context\":\"https:\\\/\\\/schema.org\",\"@graph\":[{\"@type\":\"Article\",\"@id\":\"https:\\\/\\\/allasorias.hu\\\/hirek\\\/az-alkalmazottak-erzelmeit-is-figyelik\\\/#article\",\"name\":\"Az alkalmazottak \\u00e9rzelmeit is figyelik | AllasOrias.hu | H\\u00edrek-lapszemle\",\"headline\":\"Az alkalmazottak \\u00e9rzelmeit is figyelik\",\"author\":{\"@id\":\"https:\\\/\\\/allasorias.hu\\\/hirek\\\/author\\\/admin-allasorias\\\/#author\"},\"publisher\":{\"@id\":\"https:\\\/\\\/allasorias.hu\\\/hirek\\\/#organization\"},\"image\":{\"@type\":\"ImageObject\",\"url\":\"https:\\\/\\\/allasorias.hu\\\/hirek\\\/wp-content\\\/uploads\\\/2021\\\/06\\\/attractive-young-asian-man-sitting-desk-table-looking-laptop-computer-dark-late-night.jpg\",\"width\":1920,\"height\":1281,\"caption\":\"Attractive young asian man sitting on desk table looking at laptop computer in dark late night working feeling serious thinking and determinated at home office in work hard or work load job concept.\"},\"datePublished\":\"2021-06-10T07:20:00+02:00\",\"dateModified\":\"2021-06-10T07:20:00+02:00\",\"inLanguage\":\"hu-HU\",\"mainEntityOfPage\":{\"@id\":\"https:\\\/\\\/allasorias.hu\\\/hirek\\\/az-alkalmazottak-erzelmeit-is-figyelik\\\/#webpage\"},\"isPartOf\":{\"@id\":\"https:\\\/\\\/allasorias.hu\\\/hirek\\\/az-alkalmazottak-erzelmeit-is-figyelik\\\/#webpage\"},\"articleSection\":\"Munkaer\\u0151piac\"},{\"@type\":\"BreadcrumbList\",\"@id\":\"https:\\\/\\\/allasorias.hu\\\/hirek\\\/az-alkalmazottak-erzelmeit-is-figyelik\\\/#breadcrumblist\",\"itemListElement\":[{\"@type\":\"ListItem\",\"@id\":\"https:\\\/\\\/allasorias.hu\\\/hirek#listItem\",\"position\":1,\"name\":\"Home\",\"item\":\"https:\\\/\\\/allasorias.hu\\\/hirek\",\"nextItem\":{\"@type\":\"ListItem\",\"@id\":\"https:\\\/\\\/allasorias.hu\\\/hirek\\\/temak\\\/munkaeropiac\\\/#listItem\",\"name\":\"Munkaer\\u0151piac\"}},{\"@type\":\"ListItem\",\"@id\":\"https:\\\/\\\/allasorias.hu\\\/hirek\\\/temak\\\/munkaeropiac\\\/#listItem\",\"position\":2,\"name\":\"Munkaer\\u0151piac\",\"item\":\"https:\\\/\\\/allasorias.hu\\\/hirek\\\/temak\\\/munkaeropiac\\\/\",\"nextItem\":{\"@type\":\"ListItem\",\"@id\":\"https:\\\/\\\/allasorias.hu\\\/hirek\\\/az-alkalmazottak-erzelmeit-is-figyelik\\\/#listItem\",\"name\":\"Az alkalmazottak \\u00e9rzelmeit is figyelik\"},\"previousItem\":{\"@type\":\"ListItem\",\"@id\":\"https:\\\/\\\/allasorias.hu\\\/hirek#listItem\",\"name\":\"Home\"}},{\"@type\":\"ListItem\",\"@id\":\"https:\\\/\\\/allasorias.hu\\\/hirek\\\/az-alkalmazottak-erzelmeit-is-figyelik\\\/#listItem\",\"position\":3,\"name\":\"Az alkalmazottak \\u00e9rzelmeit is figyelik\",\"previousItem\":{\"@type\":\"ListItem\",\"@id\":\"https:\\\/\\\/allasorias.hu\\\/hirek\\\/temak\\\/munkaeropiac\\\/#listItem\",\"name\":\"Munkaer\\u0151piac\"}}]},{\"@type\":\"Organization\",\"@id\":\"https:\\\/\\\/allasorias.hu\\\/hirek\\\/#organization\",\"name\":\"AllasOrias.hu | H\\u00edrek-lapszemle\",\"description\":\"\\u00dczleti h\\u00edrek az \\u00e1ll\\u00e1s \\u00e9s a munka vil\\u00e1g\\u00e1b\\u00f3l\",\"url\":\"https:\\\/\\\/allasorias.hu\\\/hirek\\\/\",\"logo\":{\"@type\":\"ImageObject\",\"url\":\"https:\\\/\\\/allasorias.hu\\\/hirek\\\/wp-content\\\/uploads\\\/2022\\\/10\\\/allasorias_site_facebok_logo.png\",\"@id\":\"https:\\\/\\\/allasorias.hu\\\/hirek\\\/az-alkalmazottak-erzelmeit-is-figyelik\\\/#organizationLogo\"},\"image\":{\"@id\":\"https:\\\/\\\/allasorias.hu\\\/hirek\\\/az-alkalmazottak-erzelmeit-is-figyelik\\\/#organizationLogo\"},\"sameAs\":[\"https:\\\/\\\/www.facebook.com\\\/allasorias\",\"https:\\\/\\\/www.linkedin.com\\\/company\\\/allasorias\"]},{\"@type\":\"Person\",\"@id\":\"https:\\\/\\\/allasorias.hu\\\/hirek\\\/author\\\/admin-allasorias\\\/#author\",\"url\":\"https:\\\/\\\/allasorias.hu\\\/hirek\\\/author\\\/admin-allasorias\\\/\",\"name\":\"Juh\\u00e1sz P\\u00e9ter\",\"image\":{\"@type\":\"ImageObject\",\"@id\":\"https:\\\/\\\/allasorias.hu\\\/hirek\\\/az-alkalmazottak-erzelmeit-is-figyelik\\\/#authorImage\",\"url\":\"https:\\\/\\\/secure.gravatar.com\\\/avatar\\\/36e6bcb83148978b992977cb0f54d22feb0cce8a0a849a9410532bb2623ba4c6?s=96&d=mm&r=g\",\"width\":96,\"height\":96,\"caption\":\"Juh\\u00e1sz P\\u00e9ter\"}},{\"@type\":\"WebPage\",\"@id\":\"https:\\\/\\\/allasorias.hu\\\/hirek\\\/az-alkalmazottak-erzelmeit-is-figyelik\\\/#webpage\",\"url\":\"https:\\\/\\\/allasorias.hu\\\/hirek\\\/az-alkalmazottak-erzelmeit-is-figyelik\\\/\",\"name\":\"Az alkalmazottak \\u00e9rzelmeit is figyelik | AllasOrias.hu | H\\u00edrek-lapszemle\",\"description\":\"K\\u00edn\\u00e1ban egy figyel\\u0151 programmal ellen\\u0151rzik a dolgoz\\u00f3kat, azonnal \\u00e9rtes\\u00edti a rendszer a munkaad\\u00f3kat, ha az alkalmazott egy vide\\u00f3t n\\u00e9z, vagy \\u00e9pp \\u00e1ll\\u00e1shirdet\\u00e9seket b\\u00f6ng\\u00e9sz. S\\u0151t, val\\u00f3s idej\\u0171 k\\u00e9pet k\\u00f6zvet\\u00edt a f\\u0151n\\u00f6knek, hogy \\u00e9pp mivel tev\\u00e9kenykedik a sz\\u00e1m\\u00edt\\u00f3g\\u00e9p\\u00e9n a dolgoz\\u00f3. Mit sz\\u00f3ln\\u00e1l hozz\\u00e1, ha reggel 9-t\\u0151l este 9-ig kellene dolgoznod, heti 6 napon \\u00e1t? Ez extr\\u00e9m esetekben\",\"inLanguage\":\"hu-HU\",\"isPartOf\":{\"@id\":\"https:\\\/\\\/allasorias.hu\\\/hirek\\\/#website\"},\"breadcrumb\":{\"@id\":\"https:\\\/\\\/allasorias.hu\\\/hirek\\\/az-alkalmazottak-erzelmeit-is-figyelik\\\/#breadcrumblist\"},\"author\":{\"@id\":\"https:\\\/\\\/allasorias.hu\\\/hirek\\\/author\\\/admin-allasorias\\\/#author\"},\"creator\":{\"@id\":\"https:\\\/\\\/allasorias.hu\\\/hirek\\\/author\\\/admin-allasorias\\\/#author\"},\"image\":{\"@type\":\"ImageObject\",\"url\":\"https:\\\/\\\/allasorias.hu\\\/hirek\\\/wp-content\\\/uploads\\\/2021\\\/06\\\/attractive-young-asian-man-sitting-desk-table-looking-laptop-computer-dark-late-night.jpg\",\"@id\":\"https:\\\/\\\/allasorias.hu\\\/hirek\\\/az-alkalmazottak-erzelmeit-is-figyelik\\\/#mainImage\",\"width\":1920,\"height\":1281,\"caption\":\"Attractive young asian man sitting on desk table looking at laptop computer in dark late night working feeling serious thinking and determinated at home office in work hard or work load job concept.\"},\"primaryImageOfPage\":{\"@id\":\"https:\\\/\\\/allasorias.hu\\\/hirek\\\/az-alkalmazottak-erzelmeit-is-figyelik\\\/#mainImage\"},\"datePublished\":\"2021-06-10T07:20:00+02:00\",\"dateModified\":\"2021-06-10T07:20:00+02:00\"},{\"@type\":\"WebSite\",\"@id\":\"https:\\\/\\\/allasorias.hu\\\/hirek\\\/#website\",\"url\":\"https:\\\/\\\/allasorias.hu\\\/hirek\\\/\",\"name\":\"AllasOrias.hu | H\\u00edrek-lapszemle\",\"description\":\"\\u00dczleti h\\u00edrek az \\u00e1ll\\u00e1s \\u00e9s a munka vil\\u00e1g\\u00e1b\\u00f3l\",\"inLanguage\":\"hu-HU\",\"publisher\":{\"@id\":\"https:\\\/\\\/allasorias.hu\\\/hirek\\\/#organization\"}}]}\n\t\t<\/script>\n\t\t<!-- All in One SEO -->\n\n","aioseo_head_json":{"title":"Az alkalmazottak \u00e9rzelmeit is figyelik | AllasOrias.hu | H\u00edrek-lapszemle","description":"K\u00edn\u00e1ban egy figyel\u0151 programmal ellen\u0151rzik a dolgoz\u00f3kat, azonnal \u00e9rtes\u00edti a rendszer a munkaad\u00f3kat, ha az alkalmazott egy vide\u00f3t n\u00e9z, vagy \u00e9pp \u00e1ll\u00e1shirdet\u00e9seket b\u00f6ng\u00e9sz. S\u0151t, val\u00f3s idej\u0171 k\u00e9pet k\u00f6zvet\u00edt a f\u0151n\u00f6knek, hogy \u00e9pp mivel tev\u00e9kenykedik a sz\u00e1m\u00edt\u00f3g\u00e9p\u00e9n a dolgoz\u00f3. Mit sz\u00f3ln\u00e1l hozz\u00e1, ha reggel 9-t\u0151l este 9-ig kellene dolgoznod, heti 6 napon \u00e1t? Ez extr\u00e9m esetekben","canonical_url":"https:\/\/allasorias.hu\/hirek\/az-alkalmazottak-erzelmeit-is-figyelik\/","robots":"max-image-preview:large","keywords":"","webmasterTools":{"miscellaneous":""},"schema":{"@context":"https:\/\/schema.org","@graph":[{"@type":"Article","@id":"https:\/\/allasorias.hu\/hirek\/az-alkalmazottak-erzelmeit-is-figyelik\/#article","name":"Az alkalmazottak \u00e9rzelmeit is figyelik | AllasOrias.hu | H\u00edrek-lapszemle","headline":"Az alkalmazottak \u00e9rzelmeit is figyelik","author":{"@id":"https:\/\/allasorias.hu\/hirek\/author\/admin-allasorias\/#author"},"publisher":{"@id":"https:\/\/allasorias.hu\/hirek\/#organization"},"image":{"@type":"ImageObject","url":"https:\/\/allasorias.hu\/hirek\/wp-content\/uploads\/2021\/06\/attractive-young-asian-man-sitting-desk-table-looking-laptop-computer-dark-late-night.jpg","width":1920,"height":1281,"caption":"Attractive young asian man sitting on desk table looking at laptop computer in dark late night working feeling serious thinking and determinated at home office in work hard or work load job concept."},"datePublished":"2021-06-10T07:20:00+02:00","dateModified":"2021-06-10T07:20:00+02:00","inLanguage":"hu-HU","mainEntityOfPage":{"@id":"https:\/\/allasorias.hu\/hirek\/az-alkalmazottak-erzelmeit-is-figyelik\/#webpage"},"isPartOf":{"@id":"https:\/\/allasorias.hu\/hirek\/az-alkalmazottak-erzelmeit-is-figyelik\/#webpage"},"articleSection":"Munkaer\u0151piac"},{"@type":"BreadcrumbList","@id":"https:\/\/allasorias.hu\/hirek\/az-alkalmazottak-erzelmeit-is-figyelik\/#breadcrumblist","itemListElement":[{"@type":"ListItem","@id":"https:\/\/allasorias.hu\/hirek#listItem","position":1,"name":"Home","item":"https:\/\/allasorias.hu\/hirek","nextItem":{"@type":"ListItem","@id":"https:\/\/allasorias.hu\/hirek\/temak\/munkaeropiac\/#listItem","name":"Munkaer\u0151piac"}},{"@type":"ListItem","@id":"https:\/\/allasorias.hu\/hirek\/temak\/munkaeropiac\/#listItem","position":2,"name":"Munkaer\u0151piac","item":"https:\/\/allasorias.hu\/hirek\/temak\/munkaeropiac\/","nextItem":{"@type":"ListItem","@id":"https:\/\/allasorias.hu\/hirek\/az-alkalmazottak-erzelmeit-is-figyelik\/#listItem","name":"Az alkalmazottak \u00e9rzelmeit is figyelik"},"previousItem":{"@type":"ListItem","@id":"https:\/\/allasorias.hu\/hirek#listItem","name":"Home"}},{"@type":"ListItem","@id":"https:\/\/allasorias.hu\/hirek\/az-alkalmazottak-erzelmeit-is-figyelik\/#listItem","position":3,"name":"Az alkalmazottak \u00e9rzelmeit is figyelik","previousItem":{"@type":"ListItem","@id":"https:\/\/allasorias.hu\/hirek\/temak\/munkaeropiac\/#listItem","name":"Munkaer\u0151piac"}}]},{"@type":"Organization","@id":"https:\/\/allasorias.hu\/hirek\/#organization","name":"AllasOrias.hu | H\u00edrek-lapszemle","description":"\u00dczleti h\u00edrek az \u00e1ll\u00e1s \u00e9s a munka vil\u00e1g\u00e1b\u00f3l","url":"https:\/\/allasorias.hu\/hirek\/","logo":{"@type":"ImageObject","url":"https:\/\/allasorias.hu\/hirek\/wp-content\/uploads\/2022\/10\/allasorias_site_facebok_logo.png","@id":"https:\/\/allasorias.hu\/hirek\/az-alkalmazottak-erzelmeit-is-figyelik\/#organizationLogo"},"image":{"@id":"https:\/\/allasorias.hu\/hirek\/az-alkalmazottak-erzelmeit-is-figyelik\/#organizationLogo"},"sameAs":["https:\/\/www.facebook.com\/allasorias","https:\/\/www.linkedin.com\/company\/allasorias"]},{"@type":"Person","@id":"https:\/\/allasorias.hu\/hirek\/author\/admin-allasorias\/#author","url":"https:\/\/allasorias.hu\/hirek\/author\/admin-allasorias\/","name":"Juh\u00e1sz P\u00e9ter","image":{"@type":"ImageObject","@id":"https:\/\/allasorias.hu\/hirek\/az-alkalmazottak-erzelmeit-is-figyelik\/#authorImage","url":"https:\/\/secure.gravatar.com\/avatar\/36e6bcb83148978b992977cb0f54d22feb0cce8a0a849a9410532bb2623ba4c6?s=96&d=mm&r=g","width":96,"height":96,"caption":"Juh\u00e1sz P\u00e9ter"}},{"@type":"WebPage","@id":"https:\/\/allasorias.hu\/hirek\/az-alkalmazottak-erzelmeit-is-figyelik\/#webpage","url":"https:\/\/allasorias.hu\/hirek\/az-alkalmazottak-erzelmeit-is-figyelik\/","name":"Az alkalmazottak \u00e9rzelmeit is figyelik | AllasOrias.hu | H\u00edrek-lapszemle","description":"K\u00edn\u00e1ban egy figyel\u0151 programmal ellen\u0151rzik a dolgoz\u00f3kat, azonnal \u00e9rtes\u00edti a rendszer a munkaad\u00f3kat, ha az alkalmazott egy vide\u00f3t n\u00e9z, vagy \u00e9pp \u00e1ll\u00e1shirdet\u00e9seket b\u00f6ng\u00e9sz. S\u0151t, val\u00f3s idej\u0171 k\u00e9pet k\u00f6zvet\u00edt a f\u0151n\u00f6knek, hogy \u00e9pp mivel tev\u00e9kenykedik a sz\u00e1m\u00edt\u00f3g\u00e9p\u00e9n a dolgoz\u00f3. Mit sz\u00f3ln\u00e1l hozz\u00e1, ha reggel 9-t\u0151l este 9-ig kellene dolgoznod, heti 6 napon \u00e1t? Ez extr\u00e9m esetekben","inLanguage":"hu-HU","isPartOf":{"@id":"https:\/\/allasorias.hu\/hirek\/#website"},"breadcrumb":{"@id":"https:\/\/allasorias.hu\/hirek\/az-alkalmazottak-erzelmeit-is-figyelik\/#breadcrumblist"},"author":{"@id":"https:\/\/allasorias.hu\/hirek\/author\/admin-allasorias\/#author"},"creator":{"@id":"https:\/\/allasorias.hu\/hirek\/author\/admin-allasorias\/#author"},"image":{"@type":"ImageObject","url":"https:\/\/allasorias.hu\/hirek\/wp-content\/uploads\/2021\/06\/attractive-young-asian-man-sitting-desk-table-looking-laptop-computer-dark-late-night.jpg","@id":"https:\/\/allasorias.hu\/hirek\/az-alkalmazottak-erzelmeit-is-figyelik\/#mainImage","width":1920,"height":1281,"caption":"Attractive young asian man sitting on desk table looking at laptop computer in dark late night working feeling serious thinking and determinated at home office in work hard or work load job concept."},"primaryImageOfPage":{"@id":"https:\/\/allasorias.hu\/hirek\/az-alkalmazottak-erzelmeit-is-figyelik\/#mainImage"},"datePublished":"2021-06-10T07:20:00+02:00","dateModified":"2021-06-10T07:20:00+02:00"},{"@type":"WebSite","@id":"https:\/\/allasorias.hu\/hirek\/#website","url":"https:\/\/allasorias.hu\/hirek\/","name":"AllasOrias.hu | H\u00edrek-lapszemle","description":"\u00dczleti h\u00edrek az \u00e1ll\u00e1s \u00e9s a munka vil\u00e1g\u00e1b\u00f3l","inLanguage":"hu-HU","publisher":{"@id":"https:\/\/allasorias.hu\/hirek\/#organization"}}]},"og:locale":"hu_HU","og:site_name":"AllasOrias.hu | H\u00edrek-lapszemle | \u00dczleti h\u00edrek az \u00e1ll\u00e1s \u00e9s a munka vil\u00e1g\u00e1b\u00f3l","og:type":"article","og:title":"Az alkalmazottak \u00e9rzelmeit is figyelik | AllasOrias.hu | H\u00edrek-lapszemle","og:description":"K\u00edn\u00e1ban egy figyel\u0151 programmal ellen\u0151rzik a dolgoz\u00f3kat, azonnal \u00e9rtes\u00edti a rendszer a munkaad\u00f3kat, ha az alkalmazott egy vide\u00f3t n\u00e9z, vagy \u00e9pp \u00e1ll\u00e1shirdet\u00e9seket b\u00f6ng\u00e9sz. S\u0151t, val\u00f3s idej\u0171 k\u00e9pet k\u00f6zvet\u00edt a f\u0151n\u00f6knek, hogy \u00e9pp mivel tev\u00e9kenykedik a sz\u00e1m\u00edt\u00f3g\u00e9p\u00e9n a dolgoz\u00f3. Mit sz\u00f3ln\u00e1l hozz\u00e1, ha reggel 9-t\u0151l este 9-ig kellene dolgoznod, heti 6 napon \u00e1t? Ez extr\u00e9m esetekben","og:url":"https:\/\/allasorias.hu\/hirek\/az-alkalmazottak-erzelmeit-is-figyelik\/","og:image":"https:\/\/allasorias.hu\/hirek\/wp-content\/uploads\/2021\/06\/attractive-young-asian-man-sitting-desk-table-looking-laptop-computer-dark-late-night.jpg","og:image:secure_url":"https:\/\/allasorias.hu\/hirek\/wp-content\/uploads\/2021\/06\/attractive-young-asian-man-sitting-desk-table-looking-laptop-computer-dark-late-night.jpg","og:image:width":1920,"og:image:height":1281,"article:published_time":"2021-06-10T07:20:00+00:00","article:modified_time":"2021-06-10T07:20:00+00:00","article:publisher":"https:\/\/www.facebook.com\/allasorias","twitter:card":"summary_large_image","twitter:title":"Az alkalmazottak \u00e9rzelmeit is figyelik | AllasOrias.hu | H\u00edrek-lapszemle","twitter:description":"K\u00edn\u00e1ban egy figyel\u0151 programmal ellen\u0151rzik a dolgoz\u00f3kat, azonnal \u00e9rtes\u00edti a rendszer a munkaad\u00f3kat, ha az alkalmazott egy vide\u00f3t n\u00e9z, vagy \u00e9pp \u00e1ll\u00e1shirdet\u00e9seket b\u00f6ng\u00e9sz. S\u0151t, val\u00f3s idej\u0171 k\u00e9pet k\u00f6zvet\u00edt a f\u0151n\u00f6knek, hogy \u00e9pp mivel tev\u00e9kenykedik a sz\u00e1m\u00edt\u00f3g\u00e9p\u00e9n a dolgoz\u00f3. Mit sz\u00f3ln\u00e1l hozz\u00e1, ha reggel 9-t\u0151l este 9-ig kellene dolgoznod, heti 6 napon \u00e1t? Ez extr\u00e9m esetekben","twitter:image":"https:\/\/allasorias.hu\/hirek\/wp-content\/uploads\/2021\/06\/attractive-young-asian-man-sitting-desk-table-looking-laptop-computer-dark-late-night.jpg","twitter:label1":"Written by","twitter:data1":"Juh\u00e1sz P\u00e9ter","twitter:label2":"Est. reading time","twitter:data2":"4 minutes"},"aioseo_meta_data":{"post_id":"4836","title":null,"description":null,"keywords":[],"keyphrases":{"focus":[],"additional":[]},"primary_term":null,"canonical_url":null,"og_title":null,"og_description":null,"og_object_type":"default","og_image_type":"default","og_image_url":null,"og_image_width":null,"og_image_height":null,"og_image_custom_url":null,"og_image_custom_fields":null,"og_video":"","og_custom_url":null,"og_article_section":null,"og_article_tags":[],"twitter_use_og":false,"twitter_card":"default","twitter_image_type":"default","twitter_image_url":null,"twitter_image_custom_url":null,"twitter_image_custom_fields":null,"twitter_title":null,"twitter_description":null,"schema":{"blockGraphs":[],"customGraphs":[],"default":{"data":{"Article":[],"Course":[],"Dataset":[],"FAQPage":[],"Movie":[],"Person":[],"Product":[],"ProductReview":[],"Car":[],"Recipe":[],"Service":[],"SoftwareApplication":[],"WebPage":[]},"graphName":"","isEnabled":true},"graphs":[],"defaultGraph":"Article","defaultPostTypeGraph":""},"schema_type":"default","schema_type_options":"{\"article\":{\"articleType\":\"BlogPosting\"},\"course\":{\"name\":\"\",\"description\":\"\",\"provider\":\"\"},\"faq\":{\"pages\":[]},\"product\":{\"reviews\":[]},\"recipe\":{\"ingredients\":[],\"instructions\":[],\"keywords\":[]},\"software\":{\"reviews\":[],\"operatingSystems\":[]},\"webPage\":{\"webPageType\":\"WebPage\"}}","pillar_content":false,"robots_default":true,"robots_noindex":false,"robots_noarchive":false,"robots_nosnippet":false,"robots_nofollow":false,"robots_noimageindex":false,"robots_noodp":false,"robots_notranslate":false,"robots_max_snippet":"-1","robots_max_videopreview":"-1","robots_max_imagepreview":"large","priority":null,"frequency":"default","location":null,"local_seo":{"locations":{"business":{"name":"","businessType":"","image":"","areaServed":"","urls":{"website":"","aboutPage":"","contactPage":""},"address":{"streetLine1":"","streetLine2":"","zipCode":"","city":"","state":"","country":"","addressFormat":"#streetLineOne\n#streetLineTwo\n#city, #state #zipCode"},"contact":{"phone":"","email":"","fax":""},"ids":{"vat":"","tax":"","chamberOfCommerce":""},"payment":{"priceRange":"","currenciesAccepted":"","methods":""}}},"openingHours":{"useDefaults":true,"show":true,"alwaysOpen":false,"use24hFormat":false,"timezone":"","labels":{"closed":"","alwaysOpen":""},"days":{"monday":{"open24h":false,"closed":false,"openTime":"09:00","closeTime":"17:00"},"tuesday":{"open24h":false,"closed":false,"openTime":"09:00","closeTime":"17:00"},"wednesday":{"open24h":false,"closed":false,"openTime":"09:00","closeTime":"17:00"},"thursday":{"open24h":false,"closed":false,"openTime":"09:00","closeTime":"17:00"},"friday":{"open24h":false,"closed":false,"openTime":"09:00","closeTime":"17:00"},"saturday":{"open24h":false,"closed":false,"openTime":"09:00","closeTime":"17:00"},"sunday":{"open24h":false,"closed":false,"openTime":"09:00","closeTime":"17:00"}}}},"breadcrumb_settings":null,"limit_modified_date":false,"ai":null,"created":"2021-06-10 07:08:12","updated":"2025-10-02 15:49:22","seo_analyzer_scan_date":null,"focus_keyword":null,"additional_keywords":null,"truseo_locale":null},"aioseo_breadcrumb":"<div class=\"aioseo-breadcrumbs\"><span class=\"aioseo-breadcrumb\">\n\t\t\t<a href=\"https:\/\/allasorias.hu\/hirek\" title=\"Home\">Home<\/a>\n\t\t<\/span><span class=\"aioseo-breadcrumb-separator\">&raquo;<\/span><span class=\"aioseo-breadcrumb\">\n\t\t\t<a href=\"https:\/\/allasorias.hu\/hirek\/temak\/munkaeropiac\/\" title=\"Munkaer\u0151piac\">Munkaer\u0151piac<\/a>\n\t\t<\/span><span class=\"aioseo-breadcrumb-separator\">&raquo;<\/span><span class=\"aioseo-breadcrumb\">\n\t\t\tAz alkalmazottak \u00e9rzelmeit is figyelik\n\t\t<\/span><\/div>","aioseo_breadcrumb_json":[{"label":"Home","link":"https:\/\/allasorias.hu\/hirek"},{"label":"Munkaer\u0151piac","link":"https:\/\/allasorias.hu\/hirek\/temak\/munkaeropiac\/"},{"label":"Az alkalmazottak \u00e9rzelmeit is figyelik","link":"https:\/\/allasorias.hu\/hirek\/az-alkalmazottak-erzelmeit-is-figyelik\/"}],"_links":{"self":[{"href":"https:\/\/allasorias.hu\/hirek\/wp-json\/wp\/v2\/posts\/4836","targetHints":{"allow":["GET"]}}],"collection":[{"href":"https:\/\/allasorias.hu\/hirek\/wp-json\/wp\/v2\/posts"}],"about":[{"href":"https:\/\/allasorias.hu\/hirek\/wp-json\/wp\/v2\/types\/post"}],"author":[{"embeddable":true,"href":"https:\/\/allasorias.hu\/hirek\/wp-json\/wp\/v2\/users\/1"}],"replies":[{"embeddable":true,"href":"https:\/\/allasorias.hu\/hirek\/wp-json\/wp\/v2\/comments?post=4836"}],"version-history":[{"count":1,"href":"https:\/\/allasorias.hu\/hirek\/wp-json\/wp\/v2\/posts\/4836\/revisions"}],"predecessor-version":[{"id":4838,"href":"https:\/\/allasorias.hu\/hirek\/wp-json\/wp\/v2\/posts\/4836\/revisions\/4838"}],"wp:featuredmedia":[{"embeddable":true,"href":"https:\/\/allasorias.hu\/hirek\/wp-json\/wp\/v2\/media\/4837"}],"wp:attachment":[{"href":"https:\/\/allasorias.hu\/hirek\/wp-json\/wp\/v2\/media?parent=4836"}],"wp:term":[{"taxonomy":"category","embeddable":true,"href":"https:\/\/allasorias.hu\/hirek\/wp-json\/wp\/v2\/categories?post=4836"},{"taxonomy":"post_tag","embeddable":true,"href":"https:\/\/allasorias.hu\/hirek\/wp-json\/wp\/v2\/tags?post=4836"}],"curies":[{"name":"wp","href":"https:\/\/api.w.org\/{rel}","templated":true}]}}