{"id":4832,"date":"2021-06-08T07:18:32","date_gmt":"2021-06-08T07:18:32","guid":{"rendered":"https:\/\/allasorias.hu\/hirek\/?p=4832"},"modified":"2021-06-08T07:18:32","modified_gmt":"2021-06-08T07:18:32","slug":"milyen-elvarasai-vannak-a-munkaba-allo-fiataloknak","status":"publish","type":"post","link":"https:\/\/allasorias.hu\/hirek\/milyen-elvarasai-vannak-a-munkaba-allo-fiataloknak\/","title":{"rendered":"Milyen elv\u00e1r\u00e1sai vannak a munk\u00e1ba \u00e1ll\u00f3 fiataloknak"},"content":{"rendered":"<p><strong>A munkahely kiv\u00e1laszt\u00e1s\u00e1n\u00e1l a legfontosabb szempont a kellemes munkahelyi l\u00e9gk\u00f6r, amit a karrierlehet\u0151s\u00e9g, valamint a munka-mag\u00e1n\u00e9let egyens\u00falya k\u00f6vet &#8211; sz\u00e1molt be a Szerencsej\u00e1t\u00e9k Zrt. kutat\u00e1sa eredm\u00e9nyeir\u0151l. <\/strong><\/p>\n<p>A kellemes munkahelyi l\u00e9gk\u00f6r a v\u00e1laszad\u00f3k 69 sz\u00e1zal\u00e9ka szerint a legfontosabb, a v\u00e1laszad\u00f3k k\u00f6zel fele jelezte, hogy legink\u00e1bb a karrier \u00e9s az el\u0151rel\u00e9p\u00e9si lehet\u0151s\u00e9g, valamint a munka \u00e9s mag\u00e1n\u00e9let egyens\u00falya sz\u00e1m\u00edt. A kezd\u0151 fizet\u00e9s nagys\u00e1ga 41 sz\u00e1zal\u00e9kkal csak a negyedik helyet foglalja el a fontoss\u00e1gi sorban a k\u00f6zlem\u00e9ny szerint. Ahhoz, hogy egy munk\u00e1ltat\u00f3 elk\u00f6telezett\u00e9 tegye a p\u00e1lyakezd\u0151ket a v\u00e1laszad\u00f3k 90 sz\u00e1zal\u00e9ka szerint \u00e1tl\u00e1that\u00f3 karrierlehet\u0151s\u00e9get kell ny\u00fajtania &#8211; der\u00fcl ki a felm\u00e9r\u00e9sb\u0151l. A kit\u00f6lt\u0151k 87 sz\u00e1zal\u00e9ka jelezte: teljes m\u00e9rt\u00e9kben el tudja k\u00e9pzelni, hogy 5 \u00e9vn\u00e9l tov\u00e1bb dolgozik egy munkahelyen. A megk\u00e9rdezettek 83 sz\u00e1zal\u00e9ka szerint a munka \u00e9lvezete el\u0151bbre val\u00f3, mint a fizet\u00e9s m\u00e9rt\u00e9ke. A lott\u00f3t\u00e1rsas\u00e1g a kutat\u00e1si eredm\u00e9nyeket is alapul v\u00e9ve elind\u00edtotta Level UP! nev\u0171 ut\u00e1np\u00f3tl\u00e1s- \u00e9s gyakornoki programj\u00e1t, amelyre j\u00fanius 13-ig v\u00e1rja az \u00e9rdekl\u0151d\u0151k jelentkez\u00e9s\u00e9t &#8211; ismertett\u00e9k. A program 3 \u00e9ves mentori t\u00e1mogat\u00e1ssal seg\u00edti az \u00fajonnan bel\u00e9p\u0151k egy\u00e9ni karrier\u00fatj\u00e1t, a gyakornokok egy \u00e9ven \u00e1t heti 20-30 \u00f3r\u00e1ban szerezhetnek munkatapasztalatot a t\u00e1rsas\u00e1gn\u00e1l. A Szerencsej\u00e1t\u00e9k Zrt. a felm\u00e9r\u00e9sben 2019 fiatal feln\u0151ttet &#8211; f\u0151leg v\u00e9gz\u0151s\u00f6ket \u00e9s frissdiplom\u00e1sokat, kisebb ar\u00e1nyban 30 \u00e9ven fel\u00fclieket &#8211; k\u00e9rdezett meg h\u00e9t k\u00fcl\u00f6nb\u00f6z\u0151 szakter\u00fcletr\u0151l &#8211; olvashat\u00f3 a k\u00f6zlem\u00e9nyben.<\/p>\n<p>Forr\u00e1s: infostart.hu<\/p>\n","protected":false},"excerpt":{"rendered":"<p>A munkahely kiv\u00e1laszt\u00e1s\u00e1n\u00e1l a legfontosabb szempont a kellemes munkahelyi l\u00e9gk\u00f6r, amit a karrierlehet\u0151s\u00e9g, valamint a munka-mag\u00e1n\u00e9let egyens\u00falya k\u00f6vet &#8211; sz\u00e1molt be a Szerencsej\u00e1t\u00e9k Zrt. kutat\u00e1sa eredm\u00e9nyeir\u0151l. A kellemes munkahelyi l\u00e9gk\u00f6r a v\u00e1laszad\u00f3k 69 sz\u00e1zal\u00e9ka szerint a legfontosabb, a v\u00e1laszad\u00f3k k\u00f6zel fele jelezte, hogy legink\u00e1bb a karrier \u00e9s az el\u0151rel\u00e9p\u00e9si lehet\u0151s\u00e9g, valamint a munka \u00e9s mag\u00e1n\u00e9let [&hellip;]<\/p>\n","protected":false},"author":1,"featured_media":2567,"comment_status":"open","ping_status":"open","sticky":false,"template":"","format":"standard","meta":{"_monsterinsights_skip_tracking":false,"footnotes":""},"categories":[1,200],"tags":[],"class_list":["post-4832","post","type-post","status-publish","format-standard","has-post-thumbnail","hentry","category-allaskereses","category-munkaeropiac"],"aioseo_notices":[],"aioseo_head":"\n\t\t<!-- All in One SEO 5.0.0.1 - aioseo.com -->\n\t<meta name=\"description\" content=\"A munkahely kiv\u00e1laszt\u00e1s\u00e1n\u00e1l a legfontosabb szempont a kellemes munkahelyi l\u00e9gk\u00f6r, amit a karrierlehet\u0151s\u00e9g, valamint a munka-mag\u00e1n\u00e9let egyens\u00falya k\u00f6vet - sz\u00e1molt be a Szerencsej\u00e1t\u00e9k Zrt. kutat\u00e1sa eredm\u00e9nyeir\u0151l. A kellemes munkahelyi l\u00e9gk\u00f6r a v\u00e1laszad\u00f3k 69 sz\u00e1zal\u00e9ka szerint a legfontosabb, a v\u00e1laszad\u00f3k k\u00f6zel fele jelezte, hogy legink\u00e1bb a karrier \u00e9s az el\u0151rel\u00e9p\u00e9si lehet\u0151s\u00e9g, valamint a munka \u00e9s mag\u00e1n\u00e9let\" \/>\n\t<meta name=\"robots\" content=\"max-image-preview:large\" \/>\n\t<meta name=\"author\" content=\"Juh\u00e1sz P\u00e9ter\"\/>\n\t<link rel=\"canonical\" href=\"https:\/\/allasorias.hu\/hirek\/milyen-elvarasai-vannak-a-munkaba-allo-fiataloknak\/\" \/>\n\t<meta name=\"generator\" content=\"All in One SEO (AIOSEO) 5.0.0.1\" \/>\n\t\t<meta property=\"og:locale\" content=\"hu_HU\" \/>\n\t\t<meta property=\"og:site_name\" content=\"AllasOrias.hu | H\u00edrek-lapszemle | \u00dczleti h\u00edrek az \u00e1ll\u00e1s \u00e9s a munka vil\u00e1g\u00e1b\u00f3l\" \/>\n\t\t<meta property=\"og:type\" content=\"article\" \/>\n\t\t<meta property=\"og:title\" content=\"Milyen elv\u00e1r\u00e1sai vannak a munk\u00e1ba \u00e1ll\u00f3 fiataloknak | AllasOrias.hu | H\u00edrek-lapszemle\" \/>\n\t\t<meta property=\"og:description\" content=\"A munkahely kiv\u00e1laszt\u00e1s\u00e1n\u00e1l a legfontosabb szempont a kellemes munkahelyi l\u00e9gk\u00f6r, amit a karrierlehet\u0151s\u00e9g, valamint a munka-mag\u00e1n\u00e9let egyens\u00falya k\u00f6vet - sz\u00e1molt be a Szerencsej\u00e1t\u00e9k Zrt. kutat\u00e1sa eredm\u00e9nyeir\u0151l. A kellemes munkahelyi l\u00e9gk\u00f6r a v\u00e1laszad\u00f3k 69 sz\u00e1zal\u00e9ka szerint a legfontosabb, a v\u00e1laszad\u00f3k k\u00f6zel fele jelezte, hogy legink\u00e1bb a karrier \u00e9s az el\u0151rel\u00e9p\u00e9si lehet\u0151s\u00e9g, valamint a munka \u00e9s mag\u00e1n\u00e9let\" \/>\n\t\t<meta property=\"og:url\" content=\"https:\/\/allasorias.hu\/hirek\/milyen-elvarasai-vannak-a-munkaba-allo-fiataloknak\/\" \/>\n\t\t<meta property=\"og:image\" content=\"https:\/\/allasorias.hu\/hirek\/wp-content\/uploads\/2019\/02\/pexels-photo-1595391.jpeg\" \/>\n\t\t<meta property=\"og:image:secure_url\" content=\"https:\/\/allasorias.hu\/hirek\/wp-content\/uploads\/2019\/02\/pexels-photo-1595391.jpeg\" \/>\n\t\t<meta property=\"og:image:width\" content=\"640\" \/>\n\t\t<meta property=\"og:image:height\" content=\"426\" \/>\n\t\t<meta property=\"article:published_time\" content=\"2021-06-08T07:18:32+00:00\" \/>\n\t\t<meta property=\"article:modified_time\" content=\"2021-06-08T07:18:32+00:00\" \/>\n\t\t<meta property=\"article:publisher\" content=\"https:\/\/www.facebook.com\/allasorias\" \/>\n\t\t<meta name=\"twitter:card\" content=\"summary_large_image\" \/>\n\t\t<meta name=\"twitter:title\" content=\"Milyen elv\u00e1r\u00e1sai vannak a munk\u00e1ba \u00e1ll\u00f3 fiataloknak | AllasOrias.hu | H\u00edrek-lapszemle\" \/>\n\t\t<meta name=\"twitter:description\" content=\"A munkahely kiv\u00e1laszt\u00e1s\u00e1n\u00e1l a legfontosabb szempont a kellemes munkahelyi l\u00e9gk\u00f6r, amit a karrierlehet\u0151s\u00e9g, valamint a munka-mag\u00e1n\u00e9let egyens\u00falya k\u00f6vet - sz\u00e1molt be a Szerencsej\u00e1t\u00e9k Zrt. kutat\u00e1sa eredm\u00e9nyeir\u0151l. A kellemes munkahelyi l\u00e9gk\u00f6r a v\u00e1laszad\u00f3k 69 sz\u00e1zal\u00e9ka szerint a legfontosabb, a v\u00e1laszad\u00f3k k\u00f6zel fele jelezte, hogy legink\u00e1bb a karrier \u00e9s az el\u0151rel\u00e9p\u00e9si lehet\u0151s\u00e9g, valamint a munka \u00e9s mag\u00e1n\u00e9let\" \/>\n\t\t<meta name=\"twitter:image\" content=\"https:\/\/allasorias.hu\/hirek\/wp-content\/uploads\/2019\/02\/pexels-photo-1595391.jpeg\" \/>\n\t\t<meta name=\"twitter:label1\" content=\"Written by\" \/>\n\t\t<meta name=\"twitter:data1\" content=\"Juh\u00e1sz P\u00e9ter\" \/>\n\t\t<meta name=\"twitter:label2\" content=\"Est. reading time\" \/>\n\t\t<meta name=\"twitter:data2\" content=\"2 minutes\" \/>\n\t\t<script type=\"application\/ld+json\" class=\"aioseo-schema\">\n\t\t\t{\"@context\":\"https:\\\/\\\/schema.org\",\"@graph\":[{\"@type\":\"Article\",\"@id\":\"https:\\\/\\\/allasorias.hu\\\/hirek\\\/milyen-elvarasai-vannak-a-munkaba-allo-fiataloknak\\\/#article\",\"name\":\"Milyen elv\\u00e1r\\u00e1sai vannak a munk\\u00e1ba \\u00e1ll\\u00f3 fiataloknak | AllasOrias.hu | H\\u00edrek-lapszemle\",\"headline\":\"Milyen elv\\u00e1r\\u00e1sai vannak a munk\\u00e1ba \\u00e1ll\\u00f3 fiataloknak\",\"author\":{\"@id\":\"https:\\\/\\\/allasorias.hu\\\/hirek\\\/author\\\/admin-allasorias\\\/#author\"},\"publisher\":{\"@id\":\"https:\\\/\\\/allasorias.hu\\\/hirek\\\/#organization\"},\"image\":{\"@type\":\"ImageObject\",\"url\":\"https:\\\/\\\/allasorias.hu\\\/hirek\\\/wp-content\\\/uploads\\\/2019\\\/02\\\/pexels-photo-1595391.jpeg\",\"width\":640,\"height\":426},\"datePublished\":\"2021-06-08T07:18:32+02:00\",\"dateModified\":\"2021-06-08T07:18:32+02:00\",\"inLanguage\":\"hu-HU\",\"mainEntityOfPage\":{\"@id\":\"https:\\\/\\\/allasorias.hu\\\/hirek\\\/milyen-elvarasai-vannak-a-munkaba-allo-fiataloknak\\\/#webpage\"},\"isPartOf\":{\"@id\":\"https:\\\/\\\/allasorias.hu\\\/hirek\\\/milyen-elvarasai-vannak-a-munkaba-allo-fiataloknak\\\/#webpage\"},\"articleSection\":\"\\u00c1ll\\u00e1skeres\\u00e9s, Munkaer\\u0151piac\"},{\"@type\":\"BreadcrumbList\",\"@id\":\"https:\\\/\\\/allasorias.hu\\\/hirek\\\/milyen-elvarasai-vannak-a-munkaba-allo-fiataloknak\\\/#breadcrumblist\",\"itemListElement\":[{\"@type\":\"ListItem\",\"@id\":\"https:\\\/\\\/allasorias.hu\\\/hirek#listItem\",\"position\":1,\"name\":\"Home\",\"item\":\"https:\\\/\\\/allasorias.hu\\\/hirek\",\"nextItem\":{\"@type\":\"ListItem\",\"@id\":\"https:\\\/\\\/allasorias.hu\\\/hirek\\\/temak\\\/allaskereses\\\/#listItem\",\"name\":\"\\u00c1ll\\u00e1skeres\\u00e9s\"}},{\"@type\":\"ListItem\",\"@id\":\"https:\\\/\\\/allasorias.hu\\\/hirek\\\/temak\\\/allaskereses\\\/#listItem\",\"position\":2,\"name\":\"\\u00c1ll\\u00e1skeres\\u00e9s\",\"item\":\"https:\\\/\\\/allasorias.hu\\\/hirek\\\/temak\\\/allaskereses\\\/\",\"nextItem\":{\"@type\":\"ListItem\",\"@id\":\"https:\\\/\\\/allasorias.hu\\\/hirek\\\/milyen-elvarasai-vannak-a-munkaba-allo-fiataloknak\\\/#listItem\",\"name\":\"Milyen elv\\u00e1r\\u00e1sai vannak a munk\\u00e1ba \\u00e1ll\\u00f3 fiataloknak\"},\"previousItem\":{\"@type\":\"ListItem\",\"@id\":\"https:\\\/\\\/allasorias.hu\\\/hirek#listItem\",\"name\":\"Home\"}},{\"@type\":\"ListItem\",\"@id\":\"https:\\\/\\\/allasorias.hu\\\/hirek\\\/milyen-elvarasai-vannak-a-munkaba-allo-fiataloknak\\\/#listItem\",\"position\":3,\"name\":\"Milyen elv\\u00e1r\\u00e1sai vannak a munk\\u00e1ba \\u00e1ll\\u00f3 fiataloknak\",\"previousItem\":{\"@type\":\"ListItem\",\"@id\":\"https:\\\/\\\/allasorias.hu\\\/hirek\\\/temak\\\/allaskereses\\\/#listItem\",\"name\":\"\\u00c1ll\\u00e1skeres\\u00e9s\"}}]},{\"@type\":\"Organization\",\"@id\":\"https:\\\/\\\/allasorias.hu\\\/hirek\\\/#organization\",\"name\":\"AllasOrias.hu | H\\u00edrek-lapszemle\",\"description\":\"\\u00dczleti h\\u00edrek az \\u00e1ll\\u00e1s \\u00e9s a munka vil\\u00e1g\\u00e1b\\u00f3l\",\"url\":\"https:\\\/\\\/allasorias.hu\\\/hirek\\\/\",\"logo\":{\"@type\":\"ImageObject\",\"url\":\"https:\\\/\\\/allasorias.hu\\\/hirek\\\/wp-content\\\/uploads\\\/2022\\\/10\\\/allasorias_site_facebok_logo.png\",\"@id\":\"https:\\\/\\\/allasorias.hu\\\/hirek\\\/milyen-elvarasai-vannak-a-munkaba-allo-fiataloknak\\\/#organizationLogo\"},\"image\":{\"@id\":\"https:\\\/\\\/allasorias.hu\\\/hirek\\\/milyen-elvarasai-vannak-a-munkaba-allo-fiataloknak\\\/#organizationLogo\"},\"sameAs\":[\"https:\\\/\\\/www.facebook.com\\\/allasorias\",\"https:\\\/\\\/www.linkedin.com\\\/company\\\/allasorias\"]},{\"@type\":\"Person\",\"@id\":\"https:\\\/\\\/allasorias.hu\\\/hirek\\\/author\\\/admin-allasorias\\\/#author\",\"url\":\"https:\\\/\\\/allasorias.hu\\\/hirek\\\/author\\\/admin-allasorias\\\/\",\"name\":\"Juh\\u00e1sz P\\u00e9ter\",\"image\":{\"@type\":\"ImageObject\",\"@id\":\"https:\\\/\\\/allasorias.hu\\\/hirek\\\/milyen-elvarasai-vannak-a-munkaba-allo-fiataloknak\\\/#authorImage\",\"url\":\"https:\\\/\\\/secure.gravatar.com\\\/avatar\\\/36e6bcb83148978b992977cb0f54d22feb0cce8a0a849a9410532bb2623ba4c6?s=96&d=mm&r=g\",\"width\":96,\"height\":96,\"caption\":\"Juh\\u00e1sz P\\u00e9ter\"}},{\"@type\":\"WebPage\",\"@id\":\"https:\\\/\\\/allasorias.hu\\\/hirek\\\/milyen-elvarasai-vannak-a-munkaba-allo-fiataloknak\\\/#webpage\",\"url\":\"https:\\\/\\\/allasorias.hu\\\/hirek\\\/milyen-elvarasai-vannak-a-munkaba-allo-fiataloknak\\\/\",\"name\":\"Milyen elv\\u00e1r\\u00e1sai vannak a munk\\u00e1ba \\u00e1ll\\u00f3 fiataloknak | AllasOrias.hu | H\\u00edrek-lapszemle\",\"description\":\"A munkahely kiv\\u00e1laszt\\u00e1s\\u00e1n\\u00e1l a legfontosabb szempont a kellemes munkahelyi l\\u00e9gk\\u00f6r, amit a karrierlehet\\u0151s\\u00e9g, valamint a munka-mag\\u00e1n\\u00e9let egyens\\u00falya k\\u00f6vet - sz\\u00e1molt be a Szerencsej\\u00e1t\\u00e9k Zrt. kutat\\u00e1sa eredm\\u00e9nyeir\\u0151l. A kellemes munkahelyi l\\u00e9gk\\u00f6r a v\\u00e1laszad\\u00f3k 69 sz\\u00e1zal\\u00e9ka szerint a legfontosabb, a v\\u00e1laszad\\u00f3k k\\u00f6zel fele jelezte, hogy legink\\u00e1bb a karrier \\u00e9s az el\\u0151rel\\u00e9p\\u00e9si lehet\\u0151s\\u00e9g, valamint a munka \\u00e9s mag\\u00e1n\\u00e9let\",\"inLanguage\":\"hu-HU\",\"isPartOf\":{\"@id\":\"https:\\\/\\\/allasorias.hu\\\/hirek\\\/#website\"},\"breadcrumb\":{\"@id\":\"https:\\\/\\\/allasorias.hu\\\/hirek\\\/milyen-elvarasai-vannak-a-munkaba-allo-fiataloknak\\\/#breadcrumblist\"},\"author\":{\"@id\":\"https:\\\/\\\/allasorias.hu\\\/hirek\\\/author\\\/admin-allasorias\\\/#author\"},\"creator\":{\"@id\":\"https:\\\/\\\/allasorias.hu\\\/hirek\\\/author\\\/admin-allasorias\\\/#author\"},\"image\":{\"@type\":\"ImageObject\",\"url\":\"https:\\\/\\\/allasorias.hu\\\/hirek\\\/wp-content\\\/uploads\\\/2019\\\/02\\\/pexels-photo-1595391.jpeg\",\"@id\":\"https:\\\/\\\/allasorias.hu\\\/hirek\\\/milyen-elvarasai-vannak-a-munkaba-allo-fiataloknak\\\/#mainImage\",\"width\":640,\"height\":426},\"primaryImageOfPage\":{\"@id\":\"https:\\\/\\\/allasorias.hu\\\/hirek\\\/milyen-elvarasai-vannak-a-munkaba-allo-fiataloknak\\\/#mainImage\"},\"datePublished\":\"2021-06-08T07:18:32+02:00\",\"dateModified\":\"2021-06-08T07:18:32+02:00\"},{\"@type\":\"WebSite\",\"@id\":\"https:\\\/\\\/allasorias.hu\\\/hirek\\\/#website\",\"url\":\"https:\\\/\\\/allasorias.hu\\\/hirek\\\/\",\"name\":\"AllasOrias.hu | H\\u00edrek-lapszemle\",\"description\":\"\\u00dczleti h\\u00edrek az \\u00e1ll\\u00e1s \\u00e9s a munka vil\\u00e1g\\u00e1b\\u00f3l\",\"inLanguage\":\"hu-HU\",\"publisher\":{\"@id\":\"https:\\\/\\\/allasorias.hu\\\/hirek\\\/#organization\"}}]}\n\t\t<\/script>\n\t\t<!-- All in One SEO -->\n\n","aioseo_head_json":{"title":"Milyen elv\u00e1r\u00e1sai vannak a munk\u00e1ba \u00e1ll\u00f3 fiataloknak | AllasOrias.hu | H\u00edrek-lapszemle","description":"A munkahely kiv\u00e1laszt\u00e1s\u00e1n\u00e1l a legfontosabb szempont a kellemes munkahelyi l\u00e9gk\u00f6r, amit a karrierlehet\u0151s\u00e9g, valamint a munka-mag\u00e1n\u00e9let egyens\u00falya k\u00f6vet - sz\u00e1molt be a Szerencsej\u00e1t\u00e9k Zrt. kutat\u00e1sa eredm\u00e9nyeir\u0151l. A kellemes munkahelyi l\u00e9gk\u00f6r a v\u00e1laszad\u00f3k 69 sz\u00e1zal\u00e9ka szerint a legfontosabb, a v\u00e1laszad\u00f3k k\u00f6zel fele jelezte, hogy legink\u00e1bb a karrier \u00e9s az el\u0151rel\u00e9p\u00e9si lehet\u0151s\u00e9g, valamint a munka \u00e9s mag\u00e1n\u00e9let","canonical_url":"https:\/\/allasorias.hu\/hirek\/milyen-elvarasai-vannak-a-munkaba-allo-fiataloknak\/","robots":"max-image-preview:large","keywords":"","webmasterTools":{"miscellaneous":""},"schema":{"@context":"https:\/\/schema.org","@graph":[{"@type":"Article","@id":"https:\/\/allasorias.hu\/hirek\/milyen-elvarasai-vannak-a-munkaba-allo-fiataloknak\/#article","name":"Milyen elv\u00e1r\u00e1sai vannak a munk\u00e1ba \u00e1ll\u00f3 fiataloknak | AllasOrias.hu | H\u00edrek-lapszemle","headline":"Milyen elv\u00e1r\u00e1sai vannak a munk\u00e1ba \u00e1ll\u00f3 fiataloknak","author":{"@id":"https:\/\/allasorias.hu\/hirek\/author\/admin-allasorias\/#author"},"publisher":{"@id":"https:\/\/allasorias.hu\/hirek\/#organization"},"image":{"@type":"ImageObject","url":"https:\/\/allasorias.hu\/hirek\/wp-content\/uploads\/2019\/02\/pexels-photo-1595391.jpeg","width":640,"height":426},"datePublished":"2021-06-08T07:18:32+02:00","dateModified":"2021-06-08T07:18:32+02:00","inLanguage":"hu-HU","mainEntityOfPage":{"@id":"https:\/\/allasorias.hu\/hirek\/milyen-elvarasai-vannak-a-munkaba-allo-fiataloknak\/#webpage"},"isPartOf":{"@id":"https:\/\/allasorias.hu\/hirek\/milyen-elvarasai-vannak-a-munkaba-allo-fiataloknak\/#webpage"},"articleSection":"\u00c1ll\u00e1skeres\u00e9s, Munkaer\u0151piac"},{"@type":"BreadcrumbList","@id":"https:\/\/allasorias.hu\/hirek\/milyen-elvarasai-vannak-a-munkaba-allo-fiataloknak\/#breadcrumblist","itemListElement":[{"@type":"ListItem","@id":"https:\/\/allasorias.hu\/hirek#listItem","position":1,"name":"Home","item":"https:\/\/allasorias.hu\/hirek","nextItem":{"@type":"ListItem","@id":"https:\/\/allasorias.hu\/hirek\/temak\/allaskereses\/#listItem","name":"\u00c1ll\u00e1skeres\u00e9s"}},{"@type":"ListItem","@id":"https:\/\/allasorias.hu\/hirek\/temak\/allaskereses\/#listItem","position":2,"name":"\u00c1ll\u00e1skeres\u00e9s","item":"https:\/\/allasorias.hu\/hirek\/temak\/allaskereses\/","nextItem":{"@type":"ListItem","@id":"https:\/\/allasorias.hu\/hirek\/milyen-elvarasai-vannak-a-munkaba-allo-fiataloknak\/#listItem","name":"Milyen elv\u00e1r\u00e1sai vannak a munk\u00e1ba \u00e1ll\u00f3 fiataloknak"},"previousItem":{"@type":"ListItem","@id":"https:\/\/allasorias.hu\/hirek#listItem","name":"Home"}},{"@type":"ListItem","@id":"https:\/\/allasorias.hu\/hirek\/milyen-elvarasai-vannak-a-munkaba-allo-fiataloknak\/#listItem","position":3,"name":"Milyen elv\u00e1r\u00e1sai vannak a munk\u00e1ba \u00e1ll\u00f3 fiataloknak","previousItem":{"@type":"ListItem","@id":"https:\/\/allasorias.hu\/hirek\/temak\/allaskereses\/#listItem","name":"\u00c1ll\u00e1skeres\u00e9s"}}]},{"@type":"Organization","@id":"https:\/\/allasorias.hu\/hirek\/#organization","name":"AllasOrias.hu | H\u00edrek-lapszemle","description":"\u00dczleti h\u00edrek az \u00e1ll\u00e1s \u00e9s a munka vil\u00e1g\u00e1b\u00f3l","url":"https:\/\/allasorias.hu\/hirek\/","logo":{"@type":"ImageObject","url":"https:\/\/allasorias.hu\/hirek\/wp-content\/uploads\/2022\/10\/allasorias_site_facebok_logo.png","@id":"https:\/\/allasorias.hu\/hirek\/milyen-elvarasai-vannak-a-munkaba-allo-fiataloknak\/#organizationLogo"},"image":{"@id":"https:\/\/allasorias.hu\/hirek\/milyen-elvarasai-vannak-a-munkaba-allo-fiataloknak\/#organizationLogo"},"sameAs":["https:\/\/www.facebook.com\/allasorias","https:\/\/www.linkedin.com\/company\/allasorias"]},{"@type":"Person","@id":"https:\/\/allasorias.hu\/hirek\/author\/admin-allasorias\/#author","url":"https:\/\/allasorias.hu\/hirek\/author\/admin-allasorias\/","name":"Juh\u00e1sz P\u00e9ter","image":{"@type":"ImageObject","@id":"https:\/\/allasorias.hu\/hirek\/milyen-elvarasai-vannak-a-munkaba-allo-fiataloknak\/#authorImage","url":"https:\/\/secure.gravatar.com\/avatar\/36e6bcb83148978b992977cb0f54d22feb0cce8a0a849a9410532bb2623ba4c6?s=96&d=mm&r=g","width":96,"height":96,"caption":"Juh\u00e1sz P\u00e9ter"}},{"@type":"WebPage","@id":"https:\/\/allasorias.hu\/hirek\/milyen-elvarasai-vannak-a-munkaba-allo-fiataloknak\/#webpage","url":"https:\/\/allasorias.hu\/hirek\/milyen-elvarasai-vannak-a-munkaba-allo-fiataloknak\/","name":"Milyen elv\u00e1r\u00e1sai vannak a munk\u00e1ba \u00e1ll\u00f3 fiataloknak | AllasOrias.hu | H\u00edrek-lapszemle","description":"A munkahely kiv\u00e1laszt\u00e1s\u00e1n\u00e1l a legfontosabb szempont a kellemes munkahelyi l\u00e9gk\u00f6r, amit a karrierlehet\u0151s\u00e9g, valamint a munka-mag\u00e1n\u00e9let egyens\u00falya k\u00f6vet - sz\u00e1molt be a Szerencsej\u00e1t\u00e9k Zrt. kutat\u00e1sa eredm\u00e9nyeir\u0151l. A kellemes munkahelyi l\u00e9gk\u00f6r a v\u00e1laszad\u00f3k 69 sz\u00e1zal\u00e9ka szerint a legfontosabb, a v\u00e1laszad\u00f3k k\u00f6zel fele jelezte, hogy legink\u00e1bb a karrier \u00e9s az el\u0151rel\u00e9p\u00e9si lehet\u0151s\u00e9g, valamint a munka \u00e9s mag\u00e1n\u00e9let","inLanguage":"hu-HU","isPartOf":{"@id":"https:\/\/allasorias.hu\/hirek\/#website"},"breadcrumb":{"@id":"https:\/\/allasorias.hu\/hirek\/milyen-elvarasai-vannak-a-munkaba-allo-fiataloknak\/#breadcrumblist"},"author":{"@id":"https:\/\/allasorias.hu\/hirek\/author\/admin-allasorias\/#author"},"creator":{"@id":"https:\/\/allasorias.hu\/hirek\/author\/admin-allasorias\/#author"},"image":{"@type":"ImageObject","url":"https:\/\/allasorias.hu\/hirek\/wp-content\/uploads\/2019\/02\/pexels-photo-1595391.jpeg","@id":"https:\/\/allasorias.hu\/hirek\/milyen-elvarasai-vannak-a-munkaba-allo-fiataloknak\/#mainImage","width":640,"height":426},"primaryImageOfPage":{"@id":"https:\/\/allasorias.hu\/hirek\/milyen-elvarasai-vannak-a-munkaba-allo-fiataloknak\/#mainImage"},"datePublished":"2021-06-08T07:18:32+02:00","dateModified":"2021-06-08T07:18:32+02:00"},{"@type":"WebSite","@id":"https:\/\/allasorias.hu\/hirek\/#website","url":"https:\/\/allasorias.hu\/hirek\/","name":"AllasOrias.hu | H\u00edrek-lapszemle","description":"\u00dczleti h\u00edrek az \u00e1ll\u00e1s \u00e9s a munka vil\u00e1g\u00e1b\u00f3l","inLanguage":"hu-HU","publisher":{"@id":"https:\/\/allasorias.hu\/hirek\/#organization"}}]},"og:locale":"hu_HU","og:site_name":"AllasOrias.hu | H\u00edrek-lapszemle | \u00dczleti h\u00edrek az \u00e1ll\u00e1s \u00e9s a munka vil\u00e1g\u00e1b\u00f3l","og:type":"article","og:title":"Milyen elv\u00e1r\u00e1sai vannak a munk\u00e1ba \u00e1ll\u00f3 fiataloknak | AllasOrias.hu | H\u00edrek-lapszemle","og:description":"A munkahely kiv\u00e1laszt\u00e1s\u00e1n\u00e1l a legfontosabb szempont a kellemes munkahelyi l\u00e9gk\u00f6r, amit a karrierlehet\u0151s\u00e9g, valamint a munka-mag\u00e1n\u00e9let egyens\u00falya k\u00f6vet - sz\u00e1molt be a Szerencsej\u00e1t\u00e9k Zrt. kutat\u00e1sa eredm\u00e9nyeir\u0151l. A kellemes munkahelyi l\u00e9gk\u00f6r a v\u00e1laszad\u00f3k 69 sz\u00e1zal\u00e9ka szerint a legfontosabb, a v\u00e1laszad\u00f3k k\u00f6zel fele jelezte, hogy legink\u00e1bb a karrier \u00e9s az el\u0151rel\u00e9p\u00e9si lehet\u0151s\u00e9g, valamint a munka \u00e9s mag\u00e1n\u00e9let","og:url":"https:\/\/allasorias.hu\/hirek\/milyen-elvarasai-vannak-a-munkaba-allo-fiataloknak\/","og:image":"https:\/\/allasorias.hu\/hirek\/wp-content\/uploads\/2019\/02\/pexels-photo-1595391.jpeg","og:image:secure_url":"https:\/\/allasorias.hu\/hirek\/wp-content\/uploads\/2019\/02\/pexels-photo-1595391.jpeg","og:image:width":640,"og:image:height":426,"article:published_time":"2021-06-08T07:18:32+00:00","article:modified_time":"2021-06-08T07:18:32+00:00","article:publisher":"https:\/\/www.facebook.com\/allasorias","twitter:card":"summary_large_image","twitter:title":"Milyen elv\u00e1r\u00e1sai vannak a munk\u00e1ba \u00e1ll\u00f3 fiataloknak | AllasOrias.hu | H\u00edrek-lapszemle","twitter:description":"A munkahely kiv\u00e1laszt\u00e1s\u00e1n\u00e1l a legfontosabb szempont a kellemes munkahelyi l\u00e9gk\u00f6r, amit a karrierlehet\u0151s\u00e9g, valamint a munka-mag\u00e1n\u00e9let egyens\u00falya k\u00f6vet - sz\u00e1molt be a Szerencsej\u00e1t\u00e9k Zrt. kutat\u00e1sa eredm\u00e9nyeir\u0151l. A kellemes munkahelyi l\u00e9gk\u00f6r a v\u00e1laszad\u00f3k 69 sz\u00e1zal\u00e9ka szerint a legfontosabb, a v\u00e1laszad\u00f3k k\u00f6zel fele jelezte, hogy legink\u00e1bb a karrier \u00e9s az el\u0151rel\u00e9p\u00e9si lehet\u0151s\u00e9g, valamint a munka \u00e9s mag\u00e1n\u00e9let","twitter:image":"https:\/\/allasorias.hu\/hirek\/wp-content\/uploads\/2019\/02\/pexels-photo-1595391.jpeg","twitter:label1":"Written by","twitter:data1":"Juh\u00e1sz P\u00e9ter","twitter:label2":"Est. reading time","twitter:data2":"2 minutes"},"aioseo_meta_data":{"post_id":"4832","title":null,"description":null,"keywords":[],"keyphrases":{"focus":[],"additional":[]},"primary_term":null,"canonical_url":null,"og_title":null,"og_description":null,"og_object_type":"default","og_image_type":"default","og_image_url":null,"og_image_width":null,"og_image_height":null,"og_image_custom_url":null,"og_image_custom_fields":null,"og_video":"","og_custom_url":null,"og_article_section":null,"og_article_tags":[],"twitter_use_og":false,"twitter_card":"default","twitter_image_type":"default","twitter_image_url":null,"twitter_image_custom_url":null,"twitter_image_custom_fields":null,"twitter_title":null,"twitter_description":null,"schema":{"blockGraphs":[],"customGraphs":[],"default":{"data":{"Article":[],"Course":[],"Dataset":[],"FAQPage":[],"Movie":[],"Person":[],"Product":[],"ProductReview":[],"Car":[],"Recipe":[],"Service":[],"SoftwareApplication":[],"WebPage":[]},"graphName":"","isEnabled":true},"graphs":[],"defaultGraph":"Article","defaultPostTypeGraph":""},"schema_type":"default","schema_type_options":"{\"article\":{\"articleType\":\"BlogPosting\"},\"course\":{\"name\":\"\",\"description\":\"\",\"provider\":\"\"},\"faq\":{\"pages\":[]},\"product\":{\"reviews\":[]},\"recipe\":{\"ingredients\":[],\"instructions\":[],\"keywords\":[]},\"software\":{\"reviews\":[],\"operatingSystems\":[]},\"webPage\":{\"webPageType\":\"WebPage\"}}","pillar_content":false,"robots_default":true,"robots_noindex":false,"robots_noarchive":false,"robots_nosnippet":false,"robots_nofollow":false,"robots_noimageindex":false,"robots_noodp":false,"robots_notranslate":false,"robots_max_snippet":"-1","robots_max_videopreview":"-1","robots_max_imagepreview":"large","priority":null,"frequency":"default","location":null,"local_seo":{"locations":{"business":{"name":"","businessType":"","image":"","areaServed":"","urls":{"website":"","aboutPage":"","contactPage":""},"address":{"streetLine1":"","streetLine2":"","zipCode":"","city":"","state":"","country":"","addressFormat":"#streetLineOne\n#streetLineTwo\n#city, #state #zipCode"},"contact":{"phone":"","email":"","fax":""},"ids":{"vat":"","tax":"","chamberOfCommerce":""},"payment":{"priceRange":"","currenciesAccepted":"","methods":""}}},"openingHours":{"useDefaults":true,"show":true,"alwaysOpen":false,"use24hFormat":false,"timezone":"","labels":{"closed":"","alwaysOpen":""},"days":{"monday":{"open24h":false,"closed":false,"openTime":"09:00","closeTime":"17:00"},"tuesday":{"open24h":false,"closed":false,"openTime":"09:00","closeTime":"17:00"},"wednesday":{"open24h":false,"closed":false,"openTime":"09:00","closeTime":"17:00"},"thursday":{"open24h":false,"closed":false,"openTime":"09:00","closeTime":"17:00"},"friday":{"open24h":false,"closed":false,"openTime":"09:00","closeTime":"17:00"},"saturday":{"open24h":false,"closed":false,"openTime":"09:00","closeTime":"17:00"},"sunday":{"open24h":false,"closed":false,"openTime":"09:00","closeTime":"17:00"}}}},"breadcrumb_settings":null,"limit_modified_date":false,"ai":null,"created":"2021-06-08 07:16:43","updated":"2025-10-02 15:48:18","seo_analyzer_scan_date":null,"focus_keyword":null,"additional_keywords":null,"truseo_locale":null},"aioseo_breadcrumb":"<div class=\"aioseo-breadcrumbs\"><span class=\"aioseo-breadcrumb\">\n\t\t\t<a href=\"https:\/\/allasorias.hu\/hirek\" title=\"Home\">Home<\/a>\n\t\t<\/span><span class=\"aioseo-breadcrumb-separator\">&raquo;<\/span><span class=\"aioseo-breadcrumb\">\n\t\t\t<a href=\"https:\/\/allasorias.hu\/hirek\/temak\/allaskereses\/\" title=\"\u00c1ll\u00e1skeres\u00e9s\">\u00c1ll\u00e1skeres\u00e9s<\/a>\n\t\t<\/span><span class=\"aioseo-breadcrumb-separator\">&raquo;<\/span><span class=\"aioseo-breadcrumb\">\n\t\t\tMilyen elv\u00e1r\u00e1sai vannak a munk\u00e1ba \u00e1ll\u00f3 fiataloknak\n\t\t<\/span><\/div>","aioseo_breadcrumb_json":[{"label":"Home","link":"https:\/\/allasorias.hu\/hirek"},{"label":"\u00c1ll\u00e1skeres\u00e9s","link":"https:\/\/allasorias.hu\/hirek\/temak\/allaskereses\/"},{"label":"Milyen elv\u00e1r\u00e1sai vannak a munk\u00e1ba \u00e1ll\u00f3 fiataloknak","link":"https:\/\/allasorias.hu\/hirek\/milyen-elvarasai-vannak-a-munkaba-allo-fiataloknak\/"}],"_links":{"self":[{"href":"https:\/\/allasorias.hu\/hirek\/wp-json\/wp\/v2\/posts\/4832","targetHints":{"allow":["GET"]}}],"collection":[{"href":"https:\/\/allasorias.hu\/hirek\/wp-json\/wp\/v2\/posts"}],"about":[{"href":"https:\/\/allasorias.hu\/hirek\/wp-json\/wp\/v2\/types\/post"}],"author":[{"embeddable":true,"href":"https:\/\/allasorias.hu\/hirek\/wp-json\/wp\/v2\/users\/1"}],"replies":[{"embeddable":true,"href":"https:\/\/allasorias.hu\/hirek\/wp-json\/wp\/v2\/comments?post=4832"}],"version-history":[{"count":1,"href":"https:\/\/allasorias.hu\/hirek\/wp-json\/wp\/v2\/posts\/4832\/revisions"}],"predecessor-version":[{"id":4833,"href":"https:\/\/allasorias.hu\/hirek\/wp-json\/wp\/v2\/posts\/4832\/revisions\/4833"}],"wp:featuredmedia":[{"embeddable":true,"href":"https:\/\/allasorias.hu\/hirek\/wp-json\/wp\/v2\/media\/2567"}],"wp:attachment":[{"href":"https:\/\/allasorias.hu\/hirek\/wp-json\/wp\/v2\/media?parent=4832"}],"wp:term":[{"taxonomy":"category","embeddable":true,"href":"https:\/\/allasorias.hu\/hirek\/wp-json\/wp\/v2\/categories?post=4832"},{"taxonomy":"post_tag","embeddable":true,"href":"https:\/\/allasorias.hu\/hirek\/wp-json\/wp\/v2\/tags?post=4832"}],"curies":[{"name":"wp","href":"https:\/\/api.w.org\/{rel}","templated":true}]}}