{"id":4828,"date":"2021-06-04T07:14:00","date_gmt":"2021-06-04T07:14:00","guid":{"rendered":"https:\/\/allasorias.hu\/hirek\/?p=4828"},"modified":"2021-06-04T07:14:00","modified_gmt":"2021-06-04T07:14:00","slug":"nem-ismerik-a-fiatalok-az-it-szakmak-teljes-palettajat","status":"publish","type":"post","link":"https:\/\/allasorias.hu\/hirek\/nem-ismerik-a-fiatalok-az-it-szakmak-teljes-palettajat\/","title":{"rendered":"Nem ismerik a fiatalok az IT szakm\u00e1k teljes palett\u00e1j\u00e1t"},"content":{"rendered":"<p><strong>Egy nemr\u00e9g k\u00e9sz\u00fclt \u00a0online felm\u00e9r\u00e9s az IT szakm\u00e1k ismerts\u00e9g\u00e9t \u00e9s meg\u00edt\u00e9l\u00e9s\u00e9t vizsg\u00e1lta 264 p\u00e1lyav\u00e1laszt\u00f3 \u00e9s m\u00f3dos\u00edt\u00f3 fiatal megk\u00e9rdez\u00e9s\u00e9vel. A felm\u00e9r\u00e9s c\u00e9lja annak a felt\u00e9telez\u00e9snek a vizsg\u00e1lata volt, hogy a c\u00e9lcsoport tagjai \u00fagy gondolj\u00e1k, \u00e9rz\u00e9k kell az informatik\u00e1hoz, \u00e9s abb\u00f3l indulnak ki, hogy nekik az nincs, teh\u00e1t rosszul is becs\u00fclik meg a saj\u00e1t alkalmass\u00e1gukat ezeken a ter\u00fcleteken.<\/strong><\/p>\n<p>A p\u00e1lyav\u00e1laszt\u00f3k j\u00f3val kevesebb IT ter\u00fclethez kapcsol\u00f3d\u00f3 szakm\u00e1t ismernek, mint ah\u00e1ny l\u00e9tezik. A fiatalok harmada hiszi azt, hogy nincs \u00e9rz\u00e9ke az informatik\u00e1hoz, holott a t\u00f6bbs\u00e9g\u00fck eset\u00e9ben \u00e9ppen ennek az ellenkez\u0151je az igaz &#8211; ez der\u00fcl ki egy friss kutat\u00e1sb\u00f3l. A kutat\u00e1s k\u00e9sz\u00edt\u0151i szerint r\u00e9szben ez t\u00e1j\u00e9kozatlans\u00e1g \u00e9s t\u00e9ves \u00f6nismereten alapul\u00f3 el\u0151\u00edt\u00e9let az egyik oka az egyre nagyobb m\u00e9reteket \u00f6lt\u0151 szakemberhi\u00e1nynak.<\/p>\n<p>A kutat\u00e1sban a rendszergazda, a fejleszt\u0151, a designer, grafikus, a projektmenedzser, a tesztel\u0151, az IT biztons\u00e1gi szak\u00e9rt\u0151, a term\u00e9kmenedzser, az IT t\u00e1mogat\u00f3 szakember, az etikus hacker, az \u00fczleti elemz\u0151 \u00e9s a h\u00e1l\u00f3zati szak\u00e9rt\u0151 voltak azok a szakm\u00e1k, melyekr\u0151l legal\u00e1bb minden m\u00e1sodik v\u00e1laszad\u00f3 hallott. A legkev\u00e9sb\u00e9 ismert szakm\u00e1k a folyamat automatiz\u00e1ci\u00f3s szak\u00e9rt\u0151, a szoftver architekt \u00e9s az \u00fczleti intelligencia szak\u00e9rt\u0151 voltak &#8211; der\u00fclt ki az IThon.info inform\u00e1ci\u00f3s platform felm\u00e9r\u00e9s\u00e9b\u0151l. Az olyan szakma, mint p\u00e9ld\u00e1ul a m\u0171szaki sz\u00f6veg\u00edr\u00f3, mind\u00f6ssze a v\u00e1laszad\u00f3k 27 sz\u00e1zal\u00e9k\u00e1nak volt ismert, holott egy ilyen foglalkoz\u00e1shoz legink\u00e1bb b\u00f6lcs\u00e9sz k\u00e9pess\u00e9gek sz\u00fcks\u00e9gesek. A felm\u00e9r\u00e9s r\u00e9sztvev\u0151inek egy 21 lehet\u0151s\u00e9gb\u0151l \u00e1ll\u00f3 list\u00e1t mutattak az IT ter\u00fclethez kapcsol\u00f3d\u00f3 elterjedtebb szakm\u00e1kr\u00f3l. Ezek k\u00f6z\u00fcl azokat kellett bejel\u00f6lni, amelyeket hallott m\u00e1r a r\u00e9sztvev\u0151, teh\u00e1t az sem volt kiz\u00e1r\u00f3 ok, ha nem teljesen pontosan tudta, mit jelent. Meglep\u0151 m\u00f3don a v\u00e1laszad\u00f3k jelent\u0151s t\u00f6bbs\u00e9ge csak 10 ter\u00fcletet ikszelt be. A 25 \u00e9ves \u00e9s ann\u00e1l fiatalabb koroszt\u00e1ly tagjai az \u00e1tlagn\u00e1l kevesebb ter\u00fcletet jel\u00f6ltek meg, pedig \u0151k azok, akikre legink\u00e1bb sz\u00e1m\u00edtana munkaer\u0151-felv\u00e9teln\u00e9l a szakma. M\u00e1rpedig, hogyan v\u00e1laszthatna egy szakm\u00e1t valaki, ha m\u00e9g a l\u00e9tez\u00e9s\u00e9r\u0151l sem tud, de azt hiszi, hogy nincs hozz\u00e1 tehets\u00e9ge? A v\u00e1laszad\u00f3k 30 sz\u00e1zal\u00e9ka azt \u00e1ll\u00edtotta mag\u00e1r\u00f3l, hogy nincs \u00e9rz\u00e9ke az informatik\u00e1hoz, ez\u00e9rt nem p\u00e1ly\u00e1zott m\u00e9g informatikai ter\u00fcleten meghirdetett munk\u00e1ra. J\u00f3llehet, sz\u00e1mos informatikai szakma bet\u00f6lt\u00e9s\u00e9hez sz\u00fcks\u00e9ges, j\u00f3l fejleszthet\u0151 k\u00e9pess\u00e9gnek a birtok\u00e1ban vannak. A v\u00e1laszad\u00f3k t\u00f6bb mint 80 sz\u00e1zal\u00e9ka szerint a logikus gondolkod\u00e1s \u00e9s a probl\u00e9mamegold\u00f3 k\u00e9pess\u00e9g sz\u00fcks\u00e9ges felt\u00e9tele az informatikai ter\u00fcleten val\u00f3 elhelyezked\u00e9snek (85% \u00e9s 82%). A v\u00e1laszad\u00f3k 59 sz\u00e1zal\u00e9ka jel\u00f6lte meg, hogy rendelkezik is ezekkel, \u00e9s ugyanennyien gondolj\u00e1k az ut\u00f3bbir\u00f3l, hogy az fejleszthet\u0151, m\u00edg csak 38 sz\u00e1zal\u00e9k gondolja ugyanezt az el\u0151bbir\u0151l. A v\u00e1laszad\u00f3k k\u00e9tharmada szerint a tanul\u00e1sra val\u00f3 hajland\u00f3s\u00e1g, az \u00f6n\u00e1ll\u00f3s\u00e1g \u00e9s a precizit\u00e1s is sz\u00fcks\u00e9ges egy informatikusnak. \u00c9rdekess\u00e9g, hogy el\u0151bbi kett\u0151 az a k\u00e9t k\u00e9szs\u00e9g, amit a legt\u00f6bben jel\u00f6ltek saj\u00e1t er\u0151ss\u00e9g\u00fcknek is. K\u00fcl\u00f6n\u00f6sen nagyon alacsony azok ar\u00e1nya, akik a j\u00f3 besz\u00e9dk\u00e9szs\u00e9get is sz\u00fcks\u00e9gesnek tartj\u00e1k IT ter\u00fcleten: ezt a tulajdons\u00e1got csup\u00e1n 8 sz\u00e1zal\u00e9k sorolja ide. Mik\u00f6zben 44 sz\u00e1zal\u00e9ka a v\u00e1laszad\u00f3knak az er\u0151ss\u00e9gei k\u00f6z\u00f6tt jel\u00f6li \u00e9s 74 sz\u00e1zal\u00e9k \u2013 a legt\u00f6bben \u2013 fejleszthet\u0151nek gondolj\u00e1k. Ugyanez az ar\u00e1ny m\u00e9g magasabb azok k\u00f6r\u00e9ben, akik azt \u00e1ll\u00edtj\u00e1k magukr\u00f3l, hogy nem \u00e9rdekli \u0151ket az IT szakma, 48 sz\u00e1zal\u00e9kuk er\u0151ss\u00e9g\u00e9nek tartja a j\u00f3 besz\u00e9dk\u00e9szs\u00e9get. A kutat\u00e1s szerz\u0151i szerint ezek az adatok is azt bizony\u00edtj\u00e1k, hogy az, amit a v\u00e1laszad\u00f3k saj\u00e1t magukr\u00f3l gondolnak, az nincs \u00f6sszhangban azzal, mint ami val\u00f3j\u00e1ban sz\u00fcks\u00e9ges lehet az informatikai ter\u00fcleten. Azzal kapcsolatban pedig, hogy mi az a k\u00e9szs\u00e9g, ami fejleszthet\u0151, m\u00e9g nagyobb t\u00e9ved\u00e9s \u00e9l a legt\u00f6bbek fej\u00e9ben. A felm\u00e9r\u00e9sb\u0151l \u00f6sszess\u00e9g\u00e9ben meg\u00e1llap\u00edthat\u00f3, hogy az informatikai szakm\u00e1k soksz\u00edn\u0171s\u00e9g\u00e9re \u00e9rdemes min\u00e9l t\u00f6bbf\u00e9le f\u00f3rumon \u00e9s m\u00f3don felh\u00edvni a p\u00e1lyav\u00e1laszt\u00f3k figyelm\u00e9t, seg\u00edteni \u0151ket, hogy felismerj\u00e9k, az \u0151 er\u0151ss\u00e9geikkel \u00e9s szaktud\u00e1sukkal mennyif\u00e9le \u00faj vagy kev\u00e9sb\u00e9 \u00faj informatikai \u00e1ll\u00e1sban tal\u00e1lhatj\u00e1k meg a kih\u00edv\u00e1st \u00e9s az \u00f6r\u00f6m\u00f6t.<\/p>\n<p>Forr\u00e1s: penzcentrum.hu<\/p>\n","protected":false},"excerpt":{"rendered":"<p>Egy nemr\u00e9g k\u00e9sz\u00fclt \u00a0online felm\u00e9r\u00e9s az IT szakm\u00e1k ismerts\u00e9g\u00e9t \u00e9s meg\u00edt\u00e9l\u00e9s\u00e9t vizsg\u00e1lta 264 p\u00e1lyav\u00e1laszt\u00f3 \u00e9s m\u00f3dos\u00edt\u00f3 fiatal megk\u00e9rdez\u00e9s\u00e9vel. A felm\u00e9r\u00e9s c\u00e9lja annak a felt\u00e9telez\u00e9snek a vizsg\u00e1lata volt, hogy a c\u00e9lcsoport tagjai \u00fagy gondolj\u00e1k, \u00e9rz\u00e9k kell az informatik\u00e1hoz, \u00e9s abb\u00f3l indulnak ki, hogy nekik az nincs, teh\u00e1t rosszul is becs\u00fclik meg a saj\u00e1t alkalmass\u00e1gukat ezeken a [&hellip;]<\/p>\n","protected":false},"author":1,"featured_media":3874,"comment_status":"open","ping_status":"open","sticky":false,"template":"","format":"standard","meta":{"_monsterinsights_skip_tracking":false,"footnotes":""},"categories":[203,200],"tags":[],"class_list":["post-4828","post","type-post","status-publish","format-standard","has-post-thumbnail","hentry","category-hianyszakmak","category-munkaeropiac"],"aioseo_notices":[],"aioseo_head":"\n\t\t<!-- All in One SEO 5.0.0.1 - aioseo.com -->\n\t<meta name=\"description\" content=\"Egy nemr\u00e9g k\u00e9sz\u00fclt online felm\u00e9r\u00e9s az IT szakm\u00e1k ismerts\u00e9g\u00e9t \u00e9s meg\u00edt\u00e9l\u00e9s\u00e9t vizsg\u00e1lta 264 p\u00e1lyav\u00e1laszt\u00f3 \u00e9s m\u00f3dos\u00edt\u00f3 fiatal megk\u00e9rdez\u00e9s\u00e9vel. A felm\u00e9r\u00e9s c\u00e9lja annak a felt\u00e9telez\u00e9snek a vizsg\u00e1lata volt, hogy a c\u00e9lcsoport tagjai \u00fagy gondolj\u00e1k, \u00e9rz\u00e9k kell az informatik\u00e1hoz, \u00e9s abb\u00f3l indulnak ki, hogy nekik az nincs, teh\u00e1t rosszul is becs\u00fclik meg a saj\u00e1t alkalmass\u00e1gukat ezeken a\" \/>\n\t<meta name=\"robots\" content=\"max-image-preview:large\" \/>\n\t<meta name=\"author\" content=\"Juh\u00e1sz P\u00e9ter\"\/>\n\t<link rel=\"canonical\" href=\"https:\/\/allasorias.hu\/hirek\/nem-ismerik-a-fiatalok-az-it-szakmak-teljes-palettajat\/\" \/>\n\t<meta name=\"generator\" content=\"All in One SEO (AIOSEO) 5.0.0.1\" \/>\n\t\t<meta property=\"og:locale\" content=\"hu_HU\" \/>\n\t\t<meta property=\"og:site_name\" content=\"AllasOrias.hu | H\u00edrek-lapszemle | \u00dczleti h\u00edrek az \u00e1ll\u00e1s \u00e9s a munka vil\u00e1g\u00e1b\u00f3l\" \/>\n\t\t<meta property=\"og:type\" content=\"article\" \/>\n\t\t<meta property=\"og:title\" content=\"Nem ismerik a fiatalok az IT szakm\u00e1k teljes palett\u00e1j\u00e1t | AllasOrias.hu | H\u00edrek-lapszemle\" \/>\n\t\t<meta property=\"og:description\" content=\"Egy nemr\u00e9g k\u00e9sz\u00fclt online felm\u00e9r\u00e9s az IT szakm\u00e1k ismerts\u00e9g\u00e9t \u00e9s meg\u00edt\u00e9l\u00e9s\u00e9t vizsg\u00e1lta 264 p\u00e1lyav\u00e1laszt\u00f3 \u00e9s m\u00f3dos\u00edt\u00f3 fiatal megk\u00e9rdez\u00e9s\u00e9vel. A felm\u00e9r\u00e9s c\u00e9lja annak a felt\u00e9telez\u00e9snek a vizsg\u00e1lata volt, hogy a c\u00e9lcsoport tagjai \u00fagy gondolj\u00e1k, \u00e9rz\u00e9k kell az informatik\u00e1hoz, \u00e9s abb\u00f3l indulnak ki, hogy nekik az nincs, teh\u00e1t rosszul is becs\u00fclik meg a saj\u00e1t alkalmass\u00e1gukat ezeken a\" \/>\n\t\t<meta property=\"og:url\" content=\"https:\/\/allasorias.hu\/hirek\/nem-ismerik-a-fiatalok-az-it-szakmak-teljes-palettajat\/\" \/>\n\t\t<meta property=\"og:image\" content=\"https:\/\/allasorias.hu\/hirek\/wp-content\/uploads\/2020\/04\/coding-924920_1920.jpg\" \/>\n\t\t<meta property=\"og:image:secure_url\" content=\"https:\/\/allasorias.hu\/hirek\/wp-content\/uploads\/2020\/04\/coding-924920_1920.jpg\" \/>\n\t\t<meta property=\"og:image:width\" content=\"1920\" \/>\n\t\t<meta property=\"og:image:height\" content=\"1280\" \/>\n\t\t<meta property=\"article:published_time\" content=\"2021-06-04T07:14:00+00:00\" \/>\n\t\t<meta property=\"article:modified_time\" content=\"2021-06-04T07:14:00+00:00\" \/>\n\t\t<meta property=\"article:publisher\" content=\"https:\/\/www.facebook.com\/allasorias\" \/>\n\t\t<meta name=\"twitter:card\" content=\"summary_large_image\" \/>\n\t\t<meta name=\"twitter:title\" content=\"Nem ismerik a fiatalok az IT szakm\u00e1k teljes palett\u00e1j\u00e1t | AllasOrias.hu | H\u00edrek-lapszemle\" \/>\n\t\t<meta name=\"twitter:description\" content=\"Egy nemr\u00e9g k\u00e9sz\u00fclt online felm\u00e9r\u00e9s az IT szakm\u00e1k ismerts\u00e9g\u00e9t \u00e9s meg\u00edt\u00e9l\u00e9s\u00e9t vizsg\u00e1lta 264 p\u00e1lyav\u00e1laszt\u00f3 \u00e9s m\u00f3dos\u00edt\u00f3 fiatal megk\u00e9rdez\u00e9s\u00e9vel. A felm\u00e9r\u00e9s c\u00e9lja annak a felt\u00e9telez\u00e9snek a vizsg\u00e1lata volt, hogy a c\u00e9lcsoport tagjai \u00fagy gondolj\u00e1k, \u00e9rz\u00e9k kell az informatik\u00e1hoz, \u00e9s abb\u00f3l indulnak ki, hogy nekik az nincs, teh\u00e1t rosszul is becs\u00fclik meg a saj\u00e1t alkalmass\u00e1gukat ezeken a\" \/>\n\t\t<meta name=\"twitter:image\" content=\"https:\/\/allasorias.hu\/hirek\/wp-content\/uploads\/2020\/04\/coding-924920_1920.jpg\" \/>\n\t\t<meta name=\"twitter:label1\" content=\"Written by\" \/>\n\t\t<meta name=\"twitter:data1\" content=\"Juh\u00e1sz P\u00e9ter\" \/>\n\t\t<meta name=\"twitter:label2\" content=\"Est. reading time\" \/>\n\t\t<meta name=\"twitter:data2\" content=\"4 minutes\" \/>\n\t\t<script type=\"application\/ld+json\" class=\"aioseo-schema\">\n\t\t\t{\"@context\":\"https:\\\/\\\/schema.org\",\"@graph\":[{\"@type\":\"Article\",\"@id\":\"https:\\\/\\\/allasorias.hu\\\/hirek\\\/nem-ismerik-a-fiatalok-az-it-szakmak-teljes-palettajat\\\/#article\",\"name\":\"Nem ismerik a fiatalok az IT szakm\\u00e1k teljes palett\\u00e1j\\u00e1t | AllasOrias.hu | H\\u00edrek-lapszemle\",\"headline\":\"Nem ismerik a fiatalok az IT szakm\\u00e1k teljes palett\\u00e1j\\u00e1t\",\"author\":{\"@id\":\"https:\\\/\\\/allasorias.hu\\\/hirek\\\/author\\\/admin-allasorias\\\/#author\"},\"publisher\":{\"@id\":\"https:\\\/\\\/allasorias.hu\\\/hirek\\\/#organization\"},\"image\":{\"@type\":\"ImageObject\",\"url\":\"https:\\\/\\\/allasorias.hu\\\/hirek\\\/wp-content\\\/uploads\\\/2020\\\/04\\\/coding-924920_1920.jpg\",\"width\":1920,\"height\":1280},\"datePublished\":\"2021-06-04T07:14:00+02:00\",\"dateModified\":\"2021-06-04T07:14:00+02:00\",\"inLanguage\":\"hu-HU\",\"mainEntityOfPage\":{\"@id\":\"https:\\\/\\\/allasorias.hu\\\/hirek\\\/nem-ismerik-a-fiatalok-az-it-szakmak-teljes-palettajat\\\/#webpage\"},\"isPartOf\":{\"@id\":\"https:\\\/\\\/allasorias.hu\\\/hirek\\\/nem-ismerik-a-fiatalok-az-it-szakmak-teljes-palettajat\\\/#webpage\"},\"articleSection\":\"Hi\\u00e1nyszakm\\u00e1k, Munkaer\\u0151piac\"},{\"@type\":\"BreadcrumbList\",\"@id\":\"https:\\\/\\\/allasorias.hu\\\/hirek\\\/nem-ismerik-a-fiatalok-az-it-szakmak-teljes-palettajat\\\/#breadcrumblist\",\"itemListElement\":[{\"@type\":\"ListItem\",\"@id\":\"https:\\\/\\\/allasorias.hu\\\/hirek#listItem\",\"position\":1,\"name\":\"Home\",\"item\":\"https:\\\/\\\/allasorias.hu\\\/hirek\",\"nextItem\":{\"@type\":\"ListItem\",\"@id\":\"https:\\\/\\\/allasorias.hu\\\/hirek\\\/temak\\\/munkaeropiac\\\/#listItem\",\"name\":\"Munkaer\\u0151piac\"}},{\"@type\":\"ListItem\",\"@id\":\"https:\\\/\\\/allasorias.hu\\\/hirek\\\/temak\\\/munkaeropiac\\\/#listItem\",\"position\":2,\"name\":\"Munkaer\\u0151piac\",\"item\":\"https:\\\/\\\/allasorias.hu\\\/hirek\\\/temak\\\/munkaeropiac\\\/\",\"nextItem\":{\"@type\":\"ListItem\",\"@id\":\"https:\\\/\\\/allasorias.hu\\\/hirek\\\/nem-ismerik-a-fiatalok-az-it-szakmak-teljes-palettajat\\\/#listItem\",\"name\":\"Nem ismerik a fiatalok az IT szakm\\u00e1k teljes palett\\u00e1j\\u00e1t\"},\"previousItem\":{\"@type\":\"ListItem\",\"@id\":\"https:\\\/\\\/allasorias.hu\\\/hirek#listItem\",\"name\":\"Home\"}},{\"@type\":\"ListItem\",\"@id\":\"https:\\\/\\\/allasorias.hu\\\/hirek\\\/nem-ismerik-a-fiatalok-az-it-szakmak-teljes-palettajat\\\/#listItem\",\"position\":3,\"name\":\"Nem ismerik a fiatalok az IT szakm\\u00e1k teljes palett\\u00e1j\\u00e1t\",\"previousItem\":{\"@type\":\"ListItem\",\"@id\":\"https:\\\/\\\/allasorias.hu\\\/hirek\\\/temak\\\/munkaeropiac\\\/#listItem\",\"name\":\"Munkaer\\u0151piac\"}}]},{\"@type\":\"Organization\",\"@id\":\"https:\\\/\\\/allasorias.hu\\\/hirek\\\/#organization\",\"name\":\"AllasOrias.hu | H\\u00edrek-lapszemle\",\"description\":\"\\u00dczleti h\\u00edrek az \\u00e1ll\\u00e1s \\u00e9s a munka vil\\u00e1g\\u00e1b\\u00f3l\",\"url\":\"https:\\\/\\\/allasorias.hu\\\/hirek\\\/\",\"logo\":{\"@type\":\"ImageObject\",\"url\":\"https:\\\/\\\/allasorias.hu\\\/hirek\\\/wp-content\\\/uploads\\\/2022\\\/10\\\/allasorias_site_facebok_logo.png\",\"@id\":\"https:\\\/\\\/allasorias.hu\\\/hirek\\\/nem-ismerik-a-fiatalok-az-it-szakmak-teljes-palettajat\\\/#organizationLogo\"},\"image\":{\"@id\":\"https:\\\/\\\/allasorias.hu\\\/hirek\\\/nem-ismerik-a-fiatalok-az-it-szakmak-teljes-palettajat\\\/#organizationLogo\"},\"sameAs\":[\"https:\\\/\\\/www.facebook.com\\\/allasorias\",\"https:\\\/\\\/www.linkedin.com\\\/company\\\/allasorias\"]},{\"@type\":\"Person\",\"@id\":\"https:\\\/\\\/allasorias.hu\\\/hirek\\\/author\\\/admin-allasorias\\\/#author\",\"url\":\"https:\\\/\\\/allasorias.hu\\\/hirek\\\/author\\\/admin-allasorias\\\/\",\"name\":\"Juh\\u00e1sz P\\u00e9ter\",\"image\":{\"@type\":\"ImageObject\",\"@id\":\"https:\\\/\\\/allasorias.hu\\\/hirek\\\/nem-ismerik-a-fiatalok-az-it-szakmak-teljes-palettajat\\\/#authorImage\",\"url\":\"https:\\\/\\\/secure.gravatar.com\\\/avatar\\\/36e6bcb83148978b992977cb0f54d22feb0cce8a0a849a9410532bb2623ba4c6?s=96&d=mm&r=g\",\"width\":96,\"height\":96,\"caption\":\"Juh\\u00e1sz P\\u00e9ter\"}},{\"@type\":\"WebPage\",\"@id\":\"https:\\\/\\\/allasorias.hu\\\/hirek\\\/nem-ismerik-a-fiatalok-az-it-szakmak-teljes-palettajat\\\/#webpage\",\"url\":\"https:\\\/\\\/allasorias.hu\\\/hirek\\\/nem-ismerik-a-fiatalok-az-it-szakmak-teljes-palettajat\\\/\",\"name\":\"Nem ismerik a fiatalok az IT szakm\\u00e1k teljes palett\\u00e1j\\u00e1t | AllasOrias.hu | H\\u00edrek-lapszemle\",\"description\":\"Egy nemr\\u00e9g k\\u00e9sz\\u00fclt online felm\\u00e9r\\u00e9s az IT szakm\\u00e1k ismerts\\u00e9g\\u00e9t \\u00e9s meg\\u00edt\\u00e9l\\u00e9s\\u00e9t vizsg\\u00e1lta 264 p\\u00e1lyav\\u00e1laszt\\u00f3 \\u00e9s m\\u00f3dos\\u00edt\\u00f3 fiatal megk\\u00e9rdez\\u00e9s\\u00e9vel. A felm\\u00e9r\\u00e9s c\\u00e9lja annak a felt\\u00e9telez\\u00e9snek a vizsg\\u00e1lata volt, hogy a c\\u00e9lcsoport tagjai \\u00fagy gondolj\\u00e1k, \\u00e9rz\\u00e9k kell az informatik\\u00e1hoz, \\u00e9s abb\\u00f3l indulnak ki, hogy nekik az nincs, teh\\u00e1t rosszul is becs\\u00fclik meg a saj\\u00e1t alkalmass\\u00e1gukat ezeken a\",\"inLanguage\":\"hu-HU\",\"isPartOf\":{\"@id\":\"https:\\\/\\\/allasorias.hu\\\/hirek\\\/#website\"},\"breadcrumb\":{\"@id\":\"https:\\\/\\\/allasorias.hu\\\/hirek\\\/nem-ismerik-a-fiatalok-az-it-szakmak-teljes-palettajat\\\/#breadcrumblist\"},\"author\":{\"@id\":\"https:\\\/\\\/allasorias.hu\\\/hirek\\\/author\\\/admin-allasorias\\\/#author\"},\"creator\":{\"@id\":\"https:\\\/\\\/allasorias.hu\\\/hirek\\\/author\\\/admin-allasorias\\\/#author\"},\"image\":{\"@type\":\"ImageObject\",\"url\":\"https:\\\/\\\/allasorias.hu\\\/hirek\\\/wp-content\\\/uploads\\\/2020\\\/04\\\/coding-924920_1920.jpg\",\"@id\":\"https:\\\/\\\/allasorias.hu\\\/hirek\\\/nem-ismerik-a-fiatalok-az-it-szakmak-teljes-palettajat\\\/#mainImage\",\"width\":1920,\"height\":1280},\"primaryImageOfPage\":{\"@id\":\"https:\\\/\\\/allasorias.hu\\\/hirek\\\/nem-ismerik-a-fiatalok-az-it-szakmak-teljes-palettajat\\\/#mainImage\"},\"datePublished\":\"2021-06-04T07:14:00+02:00\",\"dateModified\":\"2021-06-04T07:14:00+02:00\"},{\"@type\":\"WebSite\",\"@id\":\"https:\\\/\\\/allasorias.hu\\\/hirek\\\/#website\",\"url\":\"https:\\\/\\\/allasorias.hu\\\/hirek\\\/\",\"name\":\"AllasOrias.hu | H\\u00edrek-lapszemle\",\"description\":\"\\u00dczleti h\\u00edrek az \\u00e1ll\\u00e1s \\u00e9s a munka vil\\u00e1g\\u00e1b\\u00f3l\",\"inLanguage\":\"hu-HU\",\"publisher\":{\"@id\":\"https:\\\/\\\/allasorias.hu\\\/hirek\\\/#organization\"}}]}\n\t\t<\/script>\n\t\t<!-- All in One SEO -->\n\n","aioseo_head_json":{"title":"Nem ismerik a fiatalok az IT szakm\u00e1k teljes palett\u00e1j\u00e1t | AllasOrias.hu | H\u00edrek-lapszemle","description":"Egy nemr\u00e9g k\u00e9sz\u00fclt online felm\u00e9r\u00e9s az IT szakm\u00e1k ismerts\u00e9g\u00e9t \u00e9s meg\u00edt\u00e9l\u00e9s\u00e9t vizsg\u00e1lta 264 p\u00e1lyav\u00e1laszt\u00f3 \u00e9s m\u00f3dos\u00edt\u00f3 fiatal megk\u00e9rdez\u00e9s\u00e9vel. A felm\u00e9r\u00e9s c\u00e9lja annak a felt\u00e9telez\u00e9snek a vizsg\u00e1lata volt, hogy a c\u00e9lcsoport tagjai \u00fagy gondolj\u00e1k, \u00e9rz\u00e9k kell az informatik\u00e1hoz, \u00e9s abb\u00f3l indulnak ki, hogy nekik az nincs, teh\u00e1t rosszul is becs\u00fclik meg a saj\u00e1t alkalmass\u00e1gukat ezeken a","canonical_url":"https:\/\/allasorias.hu\/hirek\/nem-ismerik-a-fiatalok-az-it-szakmak-teljes-palettajat\/","robots":"max-image-preview:large","keywords":"","webmasterTools":{"miscellaneous":""},"schema":{"@context":"https:\/\/schema.org","@graph":[{"@type":"Article","@id":"https:\/\/allasorias.hu\/hirek\/nem-ismerik-a-fiatalok-az-it-szakmak-teljes-palettajat\/#article","name":"Nem ismerik a fiatalok az IT szakm\u00e1k teljes palett\u00e1j\u00e1t | AllasOrias.hu | H\u00edrek-lapszemle","headline":"Nem ismerik a fiatalok az IT szakm\u00e1k teljes palett\u00e1j\u00e1t","author":{"@id":"https:\/\/allasorias.hu\/hirek\/author\/admin-allasorias\/#author"},"publisher":{"@id":"https:\/\/allasorias.hu\/hirek\/#organization"},"image":{"@type":"ImageObject","url":"https:\/\/allasorias.hu\/hirek\/wp-content\/uploads\/2020\/04\/coding-924920_1920.jpg","width":1920,"height":1280},"datePublished":"2021-06-04T07:14:00+02:00","dateModified":"2021-06-04T07:14:00+02:00","inLanguage":"hu-HU","mainEntityOfPage":{"@id":"https:\/\/allasorias.hu\/hirek\/nem-ismerik-a-fiatalok-az-it-szakmak-teljes-palettajat\/#webpage"},"isPartOf":{"@id":"https:\/\/allasorias.hu\/hirek\/nem-ismerik-a-fiatalok-az-it-szakmak-teljes-palettajat\/#webpage"},"articleSection":"Hi\u00e1nyszakm\u00e1k, Munkaer\u0151piac"},{"@type":"BreadcrumbList","@id":"https:\/\/allasorias.hu\/hirek\/nem-ismerik-a-fiatalok-az-it-szakmak-teljes-palettajat\/#breadcrumblist","itemListElement":[{"@type":"ListItem","@id":"https:\/\/allasorias.hu\/hirek#listItem","position":1,"name":"Home","item":"https:\/\/allasorias.hu\/hirek","nextItem":{"@type":"ListItem","@id":"https:\/\/allasorias.hu\/hirek\/temak\/munkaeropiac\/#listItem","name":"Munkaer\u0151piac"}},{"@type":"ListItem","@id":"https:\/\/allasorias.hu\/hirek\/temak\/munkaeropiac\/#listItem","position":2,"name":"Munkaer\u0151piac","item":"https:\/\/allasorias.hu\/hirek\/temak\/munkaeropiac\/","nextItem":{"@type":"ListItem","@id":"https:\/\/allasorias.hu\/hirek\/nem-ismerik-a-fiatalok-az-it-szakmak-teljes-palettajat\/#listItem","name":"Nem ismerik a fiatalok az IT szakm\u00e1k teljes palett\u00e1j\u00e1t"},"previousItem":{"@type":"ListItem","@id":"https:\/\/allasorias.hu\/hirek#listItem","name":"Home"}},{"@type":"ListItem","@id":"https:\/\/allasorias.hu\/hirek\/nem-ismerik-a-fiatalok-az-it-szakmak-teljes-palettajat\/#listItem","position":3,"name":"Nem ismerik a fiatalok az IT szakm\u00e1k teljes palett\u00e1j\u00e1t","previousItem":{"@type":"ListItem","@id":"https:\/\/allasorias.hu\/hirek\/temak\/munkaeropiac\/#listItem","name":"Munkaer\u0151piac"}}]},{"@type":"Organization","@id":"https:\/\/allasorias.hu\/hirek\/#organization","name":"AllasOrias.hu | H\u00edrek-lapszemle","description":"\u00dczleti h\u00edrek az \u00e1ll\u00e1s \u00e9s a munka vil\u00e1g\u00e1b\u00f3l","url":"https:\/\/allasorias.hu\/hirek\/","logo":{"@type":"ImageObject","url":"https:\/\/allasorias.hu\/hirek\/wp-content\/uploads\/2022\/10\/allasorias_site_facebok_logo.png","@id":"https:\/\/allasorias.hu\/hirek\/nem-ismerik-a-fiatalok-az-it-szakmak-teljes-palettajat\/#organizationLogo"},"image":{"@id":"https:\/\/allasorias.hu\/hirek\/nem-ismerik-a-fiatalok-az-it-szakmak-teljes-palettajat\/#organizationLogo"},"sameAs":["https:\/\/www.facebook.com\/allasorias","https:\/\/www.linkedin.com\/company\/allasorias"]},{"@type":"Person","@id":"https:\/\/allasorias.hu\/hirek\/author\/admin-allasorias\/#author","url":"https:\/\/allasorias.hu\/hirek\/author\/admin-allasorias\/","name":"Juh\u00e1sz P\u00e9ter","image":{"@type":"ImageObject","@id":"https:\/\/allasorias.hu\/hirek\/nem-ismerik-a-fiatalok-az-it-szakmak-teljes-palettajat\/#authorImage","url":"https:\/\/secure.gravatar.com\/avatar\/36e6bcb83148978b992977cb0f54d22feb0cce8a0a849a9410532bb2623ba4c6?s=96&d=mm&r=g","width":96,"height":96,"caption":"Juh\u00e1sz P\u00e9ter"}},{"@type":"WebPage","@id":"https:\/\/allasorias.hu\/hirek\/nem-ismerik-a-fiatalok-az-it-szakmak-teljes-palettajat\/#webpage","url":"https:\/\/allasorias.hu\/hirek\/nem-ismerik-a-fiatalok-az-it-szakmak-teljes-palettajat\/","name":"Nem ismerik a fiatalok az IT szakm\u00e1k teljes palett\u00e1j\u00e1t | AllasOrias.hu | H\u00edrek-lapszemle","description":"Egy nemr\u00e9g k\u00e9sz\u00fclt online felm\u00e9r\u00e9s az IT szakm\u00e1k ismerts\u00e9g\u00e9t \u00e9s meg\u00edt\u00e9l\u00e9s\u00e9t vizsg\u00e1lta 264 p\u00e1lyav\u00e1laszt\u00f3 \u00e9s m\u00f3dos\u00edt\u00f3 fiatal megk\u00e9rdez\u00e9s\u00e9vel. A felm\u00e9r\u00e9s c\u00e9lja annak a felt\u00e9telez\u00e9snek a vizsg\u00e1lata volt, hogy a c\u00e9lcsoport tagjai \u00fagy gondolj\u00e1k, \u00e9rz\u00e9k kell az informatik\u00e1hoz, \u00e9s abb\u00f3l indulnak ki, hogy nekik az nincs, teh\u00e1t rosszul is becs\u00fclik meg a saj\u00e1t alkalmass\u00e1gukat ezeken a","inLanguage":"hu-HU","isPartOf":{"@id":"https:\/\/allasorias.hu\/hirek\/#website"},"breadcrumb":{"@id":"https:\/\/allasorias.hu\/hirek\/nem-ismerik-a-fiatalok-az-it-szakmak-teljes-palettajat\/#breadcrumblist"},"author":{"@id":"https:\/\/allasorias.hu\/hirek\/author\/admin-allasorias\/#author"},"creator":{"@id":"https:\/\/allasorias.hu\/hirek\/author\/admin-allasorias\/#author"},"image":{"@type":"ImageObject","url":"https:\/\/allasorias.hu\/hirek\/wp-content\/uploads\/2020\/04\/coding-924920_1920.jpg","@id":"https:\/\/allasorias.hu\/hirek\/nem-ismerik-a-fiatalok-az-it-szakmak-teljes-palettajat\/#mainImage","width":1920,"height":1280},"primaryImageOfPage":{"@id":"https:\/\/allasorias.hu\/hirek\/nem-ismerik-a-fiatalok-az-it-szakmak-teljes-palettajat\/#mainImage"},"datePublished":"2021-06-04T07:14:00+02:00","dateModified":"2021-06-04T07:14:00+02:00"},{"@type":"WebSite","@id":"https:\/\/allasorias.hu\/hirek\/#website","url":"https:\/\/allasorias.hu\/hirek\/","name":"AllasOrias.hu | H\u00edrek-lapszemle","description":"\u00dczleti h\u00edrek az \u00e1ll\u00e1s \u00e9s a munka vil\u00e1g\u00e1b\u00f3l","inLanguage":"hu-HU","publisher":{"@id":"https:\/\/allasorias.hu\/hirek\/#organization"}}]},"og:locale":"hu_HU","og:site_name":"AllasOrias.hu | H\u00edrek-lapszemle | \u00dczleti h\u00edrek az \u00e1ll\u00e1s \u00e9s a munka vil\u00e1g\u00e1b\u00f3l","og:type":"article","og:title":"Nem ismerik a fiatalok az IT szakm\u00e1k teljes palett\u00e1j\u00e1t | AllasOrias.hu | H\u00edrek-lapszemle","og:description":"Egy nemr\u00e9g k\u00e9sz\u00fclt online felm\u00e9r\u00e9s az IT szakm\u00e1k ismerts\u00e9g\u00e9t \u00e9s meg\u00edt\u00e9l\u00e9s\u00e9t vizsg\u00e1lta 264 p\u00e1lyav\u00e1laszt\u00f3 \u00e9s m\u00f3dos\u00edt\u00f3 fiatal megk\u00e9rdez\u00e9s\u00e9vel. A felm\u00e9r\u00e9s c\u00e9lja annak a felt\u00e9telez\u00e9snek a vizsg\u00e1lata volt, hogy a c\u00e9lcsoport tagjai \u00fagy gondolj\u00e1k, \u00e9rz\u00e9k kell az informatik\u00e1hoz, \u00e9s abb\u00f3l indulnak ki, hogy nekik az nincs, teh\u00e1t rosszul is becs\u00fclik meg a saj\u00e1t alkalmass\u00e1gukat ezeken a","og:url":"https:\/\/allasorias.hu\/hirek\/nem-ismerik-a-fiatalok-az-it-szakmak-teljes-palettajat\/","og:image":"https:\/\/allasorias.hu\/hirek\/wp-content\/uploads\/2020\/04\/coding-924920_1920.jpg","og:image:secure_url":"https:\/\/allasorias.hu\/hirek\/wp-content\/uploads\/2020\/04\/coding-924920_1920.jpg","og:image:width":1920,"og:image:height":1280,"article:published_time":"2021-06-04T07:14:00+00:00","article:modified_time":"2021-06-04T07:14:00+00:00","article:publisher":"https:\/\/www.facebook.com\/allasorias","twitter:card":"summary_large_image","twitter:title":"Nem ismerik a fiatalok az IT szakm\u00e1k teljes palett\u00e1j\u00e1t | AllasOrias.hu | H\u00edrek-lapszemle","twitter:description":"Egy nemr\u00e9g k\u00e9sz\u00fclt online felm\u00e9r\u00e9s az IT szakm\u00e1k ismerts\u00e9g\u00e9t \u00e9s meg\u00edt\u00e9l\u00e9s\u00e9t vizsg\u00e1lta 264 p\u00e1lyav\u00e1laszt\u00f3 \u00e9s m\u00f3dos\u00edt\u00f3 fiatal megk\u00e9rdez\u00e9s\u00e9vel. A felm\u00e9r\u00e9s c\u00e9lja annak a felt\u00e9telez\u00e9snek a vizsg\u00e1lata volt, hogy a c\u00e9lcsoport tagjai \u00fagy gondolj\u00e1k, \u00e9rz\u00e9k kell az informatik\u00e1hoz, \u00e9s abb\u00f3l indulnak ki, hogy nekik az nincs, teh\u00e1t rosszul is becs\u00fclik meg a saj\u00e1t alkalmass\u00e1gukat ezeken a","twitter:image":"https:\/\/allasorias.hu\/hirek\/wp-content\/uploads\/2020\/04\/coding-924920_1920.jpg","twitter:label1":"Written by","twitter:data1":"Juh\u00e1sz P\u00e9ter","twitter:label2":"Est. reading time","twitter:data2":"4 minutes"},"aioseo_meta_data":{"post_id":"4828","title":null,"description":null,"keywords":[],"keyphrases":{"focus":[],"additional":[]},"primary_term":null,"canonical_url":null,"og_title":null,"og_description":null,"og_object_type":"default","og_image_type":"default","og_image_url":null,"og_image_width":null,"og_image_height":null,"og_image_custom_url":null,"og_image_custom_fields":null,"og_video":"","og_custom_url":null,"og_article_section":null,"og_article_tags":[],"twitter_use_og":false,"twitter_card":"default","twitter_image_type":"default","twitter_image_url":null,"twitter_image_custom_url":null,"twitter_image_custom_fields":null,"twitter_title":null,"twitter_description":null,"schema":{"blockGraphs":[],"customGraphs":[],"default":{"data":{"Article":[],"Course":[],"Dataset":[],"FAQPage":[],"Movie":[],"Person":[],"Product":[],"ProductReview":[],"Car":[],"Recipe":[],"Service":[],"SoftwareApplication":[],"WebPage":[]},"graphName":"","isEnabled":true},"graphs":[],"defaultGraph":"Article","defaultPostTypeGraph":""},"schema_type":"default","schema_type_options":"{\"article\":{\"articleType\":\"BlogPosting\"},\"course\":{\"name\":\"\",\"description\":\"\",\"provider\":\"\"},\"faq\":{\"pages\":[]},\"product\":{\"reviews\":[]},\"recipe\":{\"ingredients\":[],\"instructions\":[],\"keywords\":[]},\"software\":{\"reviews\":[],\"operatingSystems\":[]},\"webPage\":{\"webPageType\":\"WebPage\"}}","pillar_content":false,"robots_default":true,"robots_noindex":false,"robots_noarchive":false,"robots_nosnippet":false,"robots_nofollow":false,"robots_noimageindex":false,"robots_noodp":false,"robots_notranslate":false,"robots_max_snippet":"-1","robots_max_videopreview":"-1","robots_max_imagepreview":"large","priority":null,"frequency":"default","location":null,"local_seo":{"locations":{"business":{"name":"","businessType":"","image":"","areaServed":"","urls":{"website":"","aboutPage":"","contactPage":""},"address":{"streetLine1":"","streetLine2":"","zipCode":"","city":"","state":"","country":"","addressFormat":"#streetLineOne\n#streetLineTwo\n#city, #state #zipCode"},"contact":{"phone":"","email":"","fax":""},"ids":{"vat":"","tax":"","chamberOfCommerce":""},"payment":{"priceRange":"","currenciesAccepted":"","methods":""}}},"openingHours":{"useDefaults":true,"show":true,"alwaysOpen":false,"use24hFormat":false,"timezone":"","labels":{"closed":"","alwaysOpen":""},"days":{"monday":{"open24h":false,"closed":false,"openTime":"09:00","closeTime":"17:00"},"tuesday":{"open24h":false,"closed":false,"openTime":"09:00","closeTime":"17:00"},"wednesday":{"open24h":false,"closed":false,"openTime":"09:00","closeTime":"17:00"},"thursday":{"open24h":false,"closed":false,"openTime":"09:00","closeTime":"17:00"},"friday":{"open24h":false,"closed":false,"openTime":"09:00","closeTime":"17:00"},"saturday":{"open24h":false,"closed":false,"openTime":"09:00","closeTime":"17:00"},"sunday":{"open24h":false,"closed":false,"openTime":"09:00","closeTime":"17:00"}}}},"breadcrumb_settings":null,"limit_modified_date":false,"ai":null,"created":"2021-06-04 07:11:16","updated":"2025-10-02 15:48:18","seo_analyzer_scan_date":null,"focus_keyword":null,"additional_keywords":null,"truseo_locale":null},"aioseo_breadcrumb":"<div class=\"aioseo-breadcrumbs\"><span class=\"aioseo-breadcrumb\">\n\t\t\t<a href=\"https:\/\/allasorias.hu\/hirek\" title=\"Home\">Home<\/a>\n\t\t<\/span><span class=\"aioseo-breadcrumb-separator\">&raquo;<\/span><span class=\"aioseo-breadcrumb\">\n\t\t\t<a href=\"https:\/\/allasorias.hu\/hirek\/temak\/munkaeropiac\/\" title=\"Munkaer\u0151piac\">Munkaer\u0151piac<\/a>\n\t\t<\/span><span class=\"aioseo-breadcrumb-separator\">&raquo;<\/span><span class=\"aioseo-breadcrumb\">\n\t\t\tNem ismerik a fiatalok az IT szakm\u00e1k teljes palett\u00e1j\u00e1t\n\t\t<\/span><\/div>","aioseo_breadcrumb_json":[{"label":"Home","link":"https:\/\/allasorias.hu\/hirek"},{"label":"Munkaer\u0151piac","link":"https:\/\/allasorias.hu\/hirek\/temak\/munkaeropiac\/"},{"label":"Nem ismerik a fiatalok az IT szakm\u00e1k teljes palett\u00e1j\u00e1t","link":"https:\/\/allasorias.hu\/hirek\/nem-ismerik-a-fiatalok-az-it-szakmak-teljes-palettajat\/"}],"_links":{"self":[{"href":"https:\/\/allasorias.hu\/hirek\/wp-json\/wp\/v2\/posts\/4828","targetHints":{"allow":["GET"]}}],"collection":[{"href":"https:\/\/allasorias.hu\/hirek\/wp-json\/wp\/v2\/posts"}],"about":[{"href":"https:\/\/allasorias.hu\/hirek\/wp-json\/wp\/v2\/types\/post"}],"author":[{"embeddable":true,"href":"https:\/\/allasorias.hu\/hirek\/wp-json\/wp\/v2\/users\/1"}],"replies":[{"embeddable":true,"href":"https:\/\/allasorias.hu\/hirek\/wp-json\/wp\/v2\/comments?post=4828"}],"version-history":[{"count":1,"href":"https:\/\/allasorias.hu\/hirek\/wp-json\/wp\/v2\/posts\/4828\/revisions"}],"predecessor-version":[{"id":4829,"href":"https:\/\/allasorias.hu\/hirek\/wp-json\/wp\/v2\/posts\/4828\/revisions\/4829"}],"wp:featuredmedia":[{"embeddable":true,"href":"https:\/\/allasorias.hu\/hirek\/wp-json\/wp\/v2\/media\/3874"}],"wp:attachment":[{"href":"https:\/\/allasorias.hu\/hirek\/wp-json\/wp\/v2\/media?parent=4828"}],"wp:term":[{"taxonomy":"category","embeddable":true,"href":"https:\/\/allasorias.hu\/hirek\/wp-json\/wp\/v2\/categories?post=4828"},{"taxonomy":"post_tag","embeddable":true,"href":"https:\/\/allasorias.hu\/hirek\/wp-json\/wp\/v2\/tags?post=4828"}],"curies":[{"name":"wp","href":"https:\/\/api.w.org\/{rel}","templated":true}]}}