{"id":4826,"date":"2021-06-04T07:11:07","date_gmt":"2021-06-04T07:11:07","guid":{"rendered":"https:\/\/allasorias.hu\/hirek\/?p=4826"},"modified":"2021-06-04T07:11:07","modified_gmt":"2021-06-04T07:11:07","slug":"munkaerohiany-johet","status":"publish","type":"post","link":"https:\/\/allasorias.hu\/hirek\/munkaerohiany-johet\/","title":{"rendered":"Munkaer\u0151hi\u00e1ny j\u00f6het"},"content":{"rendered":"<p><strong>Bod P\u00e9ter \u00c1kos elemz\u00e9s\u00e9ben f\u00f6lt\u00e1rja\u00a0 a gazdas\u00e1gi folyamatok ellentmond\u00e1sait \u00e9s a gazdas\u00e1gi k\u00f6vetkezm\u00e9nyeket is taglalja. A gazdas\u00e1gi n\u00f6veked\u00e9s egyik g\u00e1tja lehet a munkaer\u0151hi\u00e1ny, ami a j\u00e1rv\u00e1ny lecseng\u00e9se ut\u00e1n v\u00e1rhat\u00f3an jelentkezni fog. Ek\u00f6zben viszont a munkan\u00e9lk\u00fclis\u00e9g tov\u00e1bbra is vel\u00fcnk lesz, sokan nem tal\u00e1lnak ma Magyarorsz\u00e1gon \u00e1ll\u00e1st.<\/strong><\/p>\n<p>. Amikor a j\u00e1rv\u00e1ny \u00e9s az annak lass\u00edt\u00e1s\u00e1t c\u00e9lz\u00f3 hat\u00f3s\u00e1gi int\u00e9zked\u00e9sek hat\u00e1s\u00e1ra a gazdas\u00e1gi folyamatok bef\u00e9kez\u0151dtek 2020 elej\u00e9n a vil\u00e1g szinte minden orsz\u00e1g\u00e1ban, megn\u0151tt a munkan\u00e9lk\u00fclis\u00e9g is. Majd a pand\u00e9mia lefut\u00e1sa, enyh\u00fcl\u00e9se nyom\u00e1n \u2013 orsz\u00e1gonk\u00e9nt elt\u00e9r\u0151 \u00fctemben \u2013 ism\u00e9t n\u00f6veked\u00e9snek indult a gazdas\u00e1g. Az OECD friss jelent\u00e9se szerint ez jellemzi a gazdag \u00e9s a k\u00f6zepesen fejlett orsz\u00e1gokat. Amint ilyenkor v\u00e1rhat\u00f3, fokozatosan visszat\u00e9r a munkaer\u0151 ir\u00e1nti kereslet, cs\u00f6kken a munkan\u00e9lk\u00fclis\u00e9g. A gyakorlatban azonban sokkal bonyolultabb, soksz\u00edn\u0171bb a helyzet. Aki ma mesterembert h\u00edv, vagy a v\u00e9gre \u00fajra indul\u00f3 \u00fczlet\u00e9be munkat\u00e1rsakat keres, meglep\u0151 neh\u00e9zs\u00e9gekbe \u00fctk\u00f6zik. Nemcsak elsz\u00f3rt esetekr\u0151l van sz\u00f3: az er\u0151teljes gazdas\u00e1gi n\u00f6veked\u00e9st az els\u0151k k\u00f6z\u00f6tt regisztr\u00e1l\u00f3 amerikai gazdas\u00e1gban \u00e1ltal\u00e1nos panasz a v\u00e1llalkoz\u00f3i k\u00f6r\u00f6kben, hogy neh\u00e9z alkalmazottakat tal\u00e1lni, \u00e9s csak a kor\u00e1bbin\u00e1l dr\u00e1g\u00e1bban. Az Egyes\u00fclt \u00c1llamokban igen r\u00e9szletes \u00e9s azonnali adatokat k\u00f6z\u00f6lnek a munkaer\u0151piac alakul\u00e1s\u00e1r\u00f3l. Ezek alapj\u00e1n kimondhat\u00f3, hogy m\u00e1ris feszes a munkaer\u0151piac, ami viszont k\u00fcl\u00f6n\u00f6s, s\u0151t meglep\u0151, hiszen m\u00e9g mindig sok a munkan\u00e9lk\u00fcli (3,7 milli\u00f3), 10 milli\u00f3ra tehet\u0151 azok sz\u00e1ma, akik 2020 sor\u00e1n elvesztett\u00e9k az \u00e1ll\u00e1sukat, \u00e9s m\u00e9g nem t\u00e9rtek vissza a munkaer\u0151piacra. Figyelemre m\u00e9lt\u00f3, hogy e hatalmas orsz\u00e1g \u00f6sszetett gazdas\u00e1g\u00e1ban milyen nagy ter\u00fcleti k\u00fcl\u00f6nbs\u00e9gek mutatkoznak meg: a fejlett, v\u00e1rosi, szolg\u00e1ltat\u00e1si t\u00fals\u00faly\u00fa \u00e1llamokban kevesebb \u00faj munkahelyet hirdetnek, mint ah\u00e1nyon munkan\u00e9lk\u00fclik\u00e9nt regisztr\u00e1ltak, \u00e1m a megapoliszokt\u00f3l t\u00e1volabbi, ritk\u00e1bban lakott \u00e1llamokban h\u00e1rom vagy n\u00e9gy \u00faj \u00e1ll\u00e1shely is juthat egy \u00e1ll\u00e1skeres\u0151re. A Wall Street Journal, az \u00fczleti k\u00f6r\u00f6k lapja a v\u00e1rn\u00e1l gyeng\u00e9bb munkaer\u0151k\u00edn\u00e1latot \u00f6sszek\u00f6ti az eddigi j\u00e1rv\u00e1ny\u00fcgyi korl\u00e1toz\u00e1sokkal, \u00e9s k\u00fcl\u00f6n\u00f6sen a megemelt munkan\u00e9lk\u00fclis\u00e9gi seg\u00e9llyel, j\u00f6vedelmi t\u00e1mogat\u00e1ssal.<\/p>\n<p>Forr\u00e1s: privatbankar.hu<\/p>\n","protected":false},"excerpt":{"rendered":"<p>Bod P\u00e9ter \u00c1kos elemz\u00e9s\u00e9ben f\u00f6lt\u00e1rja\u00a0 a gazdas\u00e1gi folyamatok ellentmond\u00e1sait \u00e9s a gazdas\u00e1gi k\u00f6vetkezm\u00e9nyeket is taglalja. A gazdas\u00e1gi n\u00f6veked\u00e9s egyik g\u00e1tja lehet a munkaer\u0151hi\u00e1ny, ami a j\u00e1rv\u00e1ny lecseng\u00e9se ut\u00e1n v\u00e1rhat\u00f3an jelentkezni fog. Ek\u00f6zben viszont a munkan\u00e9lk\u00fclis\u00e9g tov\u00e1bbra is vel\u00fcnk lesz, sokan nem tal\u00e1lnak ma Magyarorsz\u00e1gon \u00e1ll\u00e1st. . Amikor a j\u00e1rv\u00e1ny \u00e9s az annak lass\u00edt\u00e1s\u00e1t c\u00e9lz\u00f3 hat\u00f3s\u00e1gi [&hellip;]<\/p>\n","protected":false},"author":1,"featured_media":2101,"comment_status":"open","ping_status":"open","sticky":false,"template":"","format":"standard","meta":{"_monsterinsights_skip_tracking":false,"footnotes":""},"categories":[200],"tags":[],"class_list":["post-4826","post","type-post","status-publish","format-standard","has-post-thumbnail","hentry","category-munkaeropiac"],"aioseo_notices":[],"aioseo_head":"\n\t\t<!-- All in One SEO 5.0.0.1 - aioseo.com -->\n\t<meta name=\"description\" content=\"Bod P\u00e9ter \u00c1kos elemz\u00e9s\u00e9ben f\u00f6lt\u00e1rja a gazdas\u00e1gi folyamatok ellentmond\u00e1sait \u00e9s a gazdas\u00e1gi k\u00f6vetkezm\u00e9nyeket is taglalja. A gazdas\u00e1gi n\u00f6veked\u00e9s egyik g\u00e1tja lehet a munkaer\u0151hi\u00e1ny, ami a j\u00e1rv\u00e1ny lecseng\u00e9se ut\u00e1n v\u00e1rhat\u00f3an jelentkezni fog. Ek\u00f6zben viszont a munkan\u00e9lk\u00fclis\u00e9g tov\u00e1bbra is vel\u00fcnk lesz, sokan nem tal\u00e1lnak ma Magyarorsz\u00e1gon \u00e1ll\u00e1st. . Amikor a j\u00e1rv\u00e1ny \u00e9s az annak lass\u00edt\u00e1s\u00e1t c\u00e9lz\u00f3 hat\u00f3s\u00e1gi\" \/>\n\t<meta name=\"robots\" content=\"max-image-preview:large\" \/>\n\t<meta name=\"author\" content=\"Juh\u00e1sz P\u00e9ter\"\/>\n\t<link rel=\"canonical\" href=\"https:\/\/allasorias.hu\/hirek\/munkaerohiany-johet\/\" \/>\n\t<meta name=\"generator\" content=\"All in One SEO (AIOSEO) 5.0.0.1\" \/>\n\t\t<meta property=\"og:locale\" content=\"hu_HU\" \/>\n\t\t<meta property=\"og:site_name\" content=\"AllasOrias.hu | H\u00edrek-lapszemle | \u00dczleti h\u00edrek az \u00e1ll\u00e1s \u00e9s a munka vil\u00e1g\u00e1b\u00f3l\" \/>\n\t\t<meta property=\"og:type\" content=\"article\" \/>\n\t\t<meta property=\"og:title\" content=\"Munkaer\u0151hi\u00e1ny j\u00f6het | AllasOrias.hu | H\u00edrek-lapszemle\" \/>\n\t\t<meta property=\"og:description\" content=\"Bod P\u00e9ter \u00c1kos elemz\u00e9s\u00e9ben f\u00f6lt\u00e1rja a gazdas\u00e1gi folyamatok ellentmond\u00e1sait \u00e9s a gazdas\u00e1gi k\u00f6vetkezm\u00e9nyeket is taglalja. A gazdas\u00e1gi n\u00f6veked\u00e9s egyik g\u00e1tja lehet a munkaer\u0151hi\u00e1ny, ami a j\u00e1rv\u00e1ny lecseng\u00e9se ut\u00e1n v\u00e1rhat\u00f3an jelentkezni fog. Ek\u00f6zben viszont a munkan\u00e9lk\u00fclis\u00e9g tov\u00e1bbra is vel\u00fcnk lesz, sokan nem tal\u00e1lnak ma Magyarorsz\u00e1gon \u00e1ll\u00e1st. . Amikor a j\u00e1rv\u00e1ny \u00e9s az annak lass\u00edt\u00e1s\u00e1t c\u00e9lz\u00f3 hat\u00f3s\u00e1gi\" \/>\n\t\t<meta property=\"og:url\" content=\"https:\/\/allasorias.hu\/hirek\/munkaerohiany-johet\/\" \/>\n\t\t<meta property=\"og:image\" content=\"https:\/\/allasorias.hu\/hirek\/wp-content\/uploads\/2018\/11\/turn-on-2925962_640.jpg\" \/>\n\t\t<meta property=\"og:image:secure_url\" content=\"https:\/\/allasorias.hu\/hirek\/wp-content\/uploads\/2018\/11\/turn-on-2925962_640.jpg\" \/>\n\t\t<meta property=\"og:image:width\" content=\"640\" \/>\n\t\t<meta property=\"og:image:height\" content=\"400\" \/>\n\t\t<meta property=\"article:published_time\" content=\"2021-06-04T07:11:07+00:00\" \/>\n\t\t<meta property=\"article:modified_time\" content=\"2021-06-04T07:11:07+00:00\" \/>\n\t\t<meta property=\"article:publisher\" content=\"https:\/\/www.facebook.com\/allasorias\" \/>\n\t\t<meta name=\"twitter:card\" content=\"summary_large_image\" \/>\n\t\t<meta name=\"twitter:title\" content=\"Munkaer\u0151hi\u00e1ny j\u00f6het | AllasOrias.hu | H\u00edrek-lapszemle\" \/>\n\t\t<meta name=\"twitter:description\" content=\"Bod P\u00e9ter \u00c1kos elemz\u00e9s\u00e9ben f\u00f6lt\u00e1rja a gazdas\u00e1gi folyamatok ellentmond\u00e1sait \u00e9s a gazdas\u00e1gi k\u00f6vetkezm\u00e9nyeket is taglalja. A gazdas\u00e1gi n\u00f6veked\u00e9s egyik g\u00e1tja lehet a munkaer\u0151hi\u00e1ny, ami a j\u00e1rv\u00e1ny lecseng\u00e9se ut\u00e1n v\u00e1rhat\u00f3an jelentkezni fog. Ek\u00f6zben viszont a munkan\u00e9lk\u00fclis\u00e9g tov\u00e1bbra is vel\u00fcnk lesz, sokan nem tal\u00e1lnak ma Magyarorsz\u00e1gon \u00e1ll\u00e1st. . Amikor a j\u00e1rv\u00e1ny \u00e9s az annak lass\u00edt\u00e1s\u00e1t c\u00e9lz\u00f3 hat\u00f3s\u00e1gi\" \/>\n\t\t<meta name=\"twitter:image\" content=\"https:\/\/allasorias.hu\/hirek\/wp-content\/uploads\/2018\/11\/turn-on-2925962_640.jpg\" \/>\n\t\t<meta name=\"twitter:label1\" content=\"Written by\" \/>\n\t\t<meta name=\"twitter:data1\" content=\"Juh\u00e1sz P\u00e9ter\" \/>\n\t\t<meta name=\"twitter:label2\" content=\"Est. reading time\" \/>\n\t\t<meta name=\"twitter:data2\" content=\"2 minutes\" \/>\n\t\t<script type=\"application\/ld+json\" class=\"aioseo-schema\">\n\t\t\t{\"@context\":\"https:\\\/\\\/schema.org\",\"@graph\":[{\"@type\":\"Article\",\"@id\":\"https:\\\/\\\/allasorias.hu\\\/hirek\\\/munkaerohiany-johet\\\/#article\",\"name\":\"Munkaer\\u0151hi\\u00e1ny j\\u00f6het | AllasOrias.hu | H\\u00edrek-lapszemle\",\"headline\":\"Munkaer\\u0151hi\\u00e1ny j\\u00f6het\",\"author\":{\"@id\":\"https:\\\/\\\/allasorias.hu\\\/hirek\\\/author\\\/admin-allasorias\\\/#author\"},\"publisher\":{\"@id\":\"https:\\\/\\\/allasorias.hu\\\/hirek\\\/#organization\"},\"image\":{\"@type\":\"ImageObject\",\"url\":\"https:\\\/\\\/allasorias.hu\\\/hirek\\\/wp-content\\\/uploads\\\/2018\\\/11\\\/turn-on-2925962_640.jpg\",\"width\":640,\"height\":400},\"datePublished\":\"2021-06-04T07:11:07+02:00\",\"dateModified\":\"2021-06-04T07:11:07+02:00\",\"inLanguage\":\"hu-HU\",\"mainEntityOfPage\":{\"@id\":\"https:\\\/\\\/allasorias.hu\\\/hirek\\\/munkaerohiany-johet\\\/#webpage\"},\"isPartOf\":{\"@id\":\"https:\\\/\\\/allasorias.hu\\\/hirek\\\/munkaerohiany-johet\\\/#webpage\"},\"articleSection\":\"Munkaer\\u0151piac\"},{\"@type\":\"BreadcrumbList\",\"@id\":\"https:\\\/\\\/allasorias.hu\\\/hirek\\\/munkaerohiany-johet\\\/#breadcrumblist\",\"itemListElement\":[{\"@type\":\"ListItem\",\"@id\":\"https:\\\/\\\/allasorias.hu\\\/hirek#listItem\",\"position\":1,\"name\":\"Home\",\"item\":\"https:\\\/\\\/allasorias.hu\\\/hirek\",\"nextItem\":{\"@type\":\"ListItem\",\"@id\":\"https:\\\/\\\/allasorias.hu\\\/hirek\\\/temak\\\/munkaeropiac\\\/#listItem\",\"name\":\"Munkaer\\u0151piac\"}},{\"@type\":\"ListItem\",\"@id\":\"https:\\\/\\\/allasorias.hu\\\/hirek\\\/temak\\\/munkaeropiac\\\/#listItem\",\"position\":2,\"name\":\"Munkaer\\u0151piac\",\"item\":\"https:\\\/\\\/allasorias.hu\\\/hirek\\\/temak\\\/munkaeropiac\\\/\",\"nextItem\":{\"@type\":\"ListItem\",\"@id\":\"https:\\\/\\\/allasorias.hu\\\/hirek\\\/munkaerohiany-johet\\\/#listItem\",\"name\":\"Munkaer\\u0151hi\\u00e1ny j\\u00f6het\"},\"previousItem\":{\"@type\":\"ListItem\",\"@id\":\"https:\\\/\\\/allasorias.hu\\\/hirek#listItem\",\"name\":\"Home\"}},{\"@type\":\"ListItem\",\"@id\":\"https:\\\/\\\/allasorias.hu\\\/hirek\\\/munkaerohiany-johet\\\/#listItem\",\"position\":3,\"name\":\"Munkaer\\u0151hi\\u00e1ny j\\u00f6het\",\"previousItem\":{\"@type\":\"ListItem\",\"@id\":\"https:\\\/\\\/allasorias.hu\\\/hirek\\\/temak\\\/munkaeropiac\\\/#listItem\",\"name\":\"Munkaer\\u0151piac\"}}]},{\"@type\":\"Organization\",\"@id\":\"https:\\\/\\\/allasorias.hu\\\/hirek\\\/#organization\",\"name\":\"AllasOrias.hu | H\\u00edrek-lapszemle\",\"description\":\"\\u00dczleti h\\u00edrek az \\u00e1ll\\u00e1s \\u00e9s a munka vil\\u00e1g\\u00e1b\\u00f3l\",\"url\":\"https:\\\/\\\/allasorias.hu\\\/hirek\\\/\",\"logo\":{\"@type\":\"ImageObject\",\"url\":\"https:\\\/\\\/allasorias.hu\\\/hirek\\\/wp-content\\\/uploads\\\/2022\\\/10\\\/allasorias_site_facebok_logo.png\",\"@id\":\"https:\\\/\\\/allasorias.hu\\\/hirek\\\/munkaerohiany-johet\\\/#organizationLogo\"},\"image\":{\"@id\":\"https:\\\/\\\/allasorias.hu\\\/hirek\\\/munkaerohiany-johet\\\/#organizationLogo\"},\"sameAs\":[\"https:\\\/\\\/www.facebook.com\\\/allasorias\",\"https:\\\/\\\/www.linkedin.com\\\/company\\\/allasorias\"]},{\"@type\":\"Person\",\"@id\":\"https:\\\/\\\/allasorias.hu\\\/hirek\\\/author\\\/admin-allasorias\\\/#author\",\"url\":\"https:\\\/\\\/allasorias.hu\\\/hirek\\\/author\\\/admin-allasorias\\\/\",\"name\":\"Juh\\u00e1sz P\\u00e9ter\",\"image\":{\"@type\":\"ImageObject\",\"@id\":\"https:\\\/\\\/allasorias.hu\\\/hirek\\\/munkaerohiany-johet\\\/#authorImage\",\"url\":\"https:\\\/\\\/secure.gravatar.com\\\/avatar\\\/36e6bcb83148978b992977cb0f54d22feb0cce8a0a849a9410532bb2623ba4c6?s=96&d=mm&r=g\",\"width\":96,\"height\":96,\"caption\":\"Juh\\u00e1sz P\\u00e9ter\"}},{\"@type\":\"WebPage\",\"@id\":\"https:\\\/\\\/allasorias.hu\\\/hirek\\\/munkaerohiany-johet\\\/#webpage\",\"url\":\"https:\\\/\\\/allasorias.hu\\\/hirek\\\/munkaerohiany-johet\\\/\",\"name\":\"Munkaer\\u0151hi\\u00e1ny j\\u00f6het | AllasOrias.hu | H\\u00edrek-lapszemle\",\"description\":\"Bod P\\u00e9ter \\u00c1kos elemz\\u00e9s\\u00e9ben f\\u00f6lt\\u00e1rja a gazdas\\u00e1gi folyamatok ellentmond\\u00e1sait \\u00e9s a gazdas\\u00e1gi k\\u00f6vetkezm\\u00e9nyeket is taglalja. A gazdas\\u00e1gi n\\u00f6veked\\u00e9s egyik g\\u00e1tja lehet a munkaer\\u0151hi\\u00e1ny, ami a j\\u00e1rv\\u00e1ny lecseng\\u00e9se ut\\u00e1n v\\u00e1rhat\\u00f3an jelentkezni fog. Ek\\u00f6zben viszont a munkan\\u00e9lk\\u00fclis\\u00e9g tov\\u00e1bbra is vel\\u00fcnk lesz, sokan nem tal\\u00e1lnak ma Magyarorsz\\u00e1gon \\u00e1ll\\u00e1st. . Amikor a j\\u00e1rv\\u00e1ny \\u00e9s az annak lass\\u00edt\\u00e1s\\u00e1t c\\u00e9lz\\u00f3 hat\\u00f3s\\u00e1gi\",\"inLanguage\":\"hu-HU\",\"isPartOf\":{\"@id\":\"https:\\\/\\\/allasorias.hu\\\/hirek\\\/#website\"},\"breadcrumb\":{\"@id\":\"https:\\\/\\\/allasorias.hu\\\/hirek\\\/munkaerohiany-johet\\\/#breadcrumblist\"},\"author\":{\"@id\":\"https:\\\/\\\/allasorias.hu\\\/hirek\\\/author\\\/admin-allasorias\\\/#author\"},\"creator\":{\"@id\":\"https:\\\/\\\/allasorias.hu\\\/hirek\\\/author\\\/admin-allasorias\\\/#author\"},\"image\":{\"@type\":\"ImageObject\",\"url\":\"https:\\\/\\\/allasorias.hu\\\/hirek\\\/wp-content\\\/uploads\\\/2018\\\/11\\\/turn-on-2925962_640.jpg\",\"@id\":\"https:\\\/\\\/allasorias.hu\\\/hirek\\\/munkaerohiany-johet\\\/#mainImage\",\"width\":640,\"height\":400},\"primaryImageOfPage\":{\"@id\":\"https:\\\/\\\/allasorias.hu\\\/hirek\\\/munkaerohiany-johet\\\/#mainImage\"},\"datePublished\":\"2021-06-04T07:11:07+02:00\",\"dateModified\":\"2021-06-04T07:11:07+02:00\"},{\"@type\":\"WebSite\",\"@id\":\"https:\\\/\\\/allasorias.hu\\\/hirek\\\/#website\",\"url\":\"https:\\\/\\\/allasorias.hu\\\/hirek\\\/\",\"name\":\"AllasOrias.hu | H\\u00edrek-lapszemle\",\"description\":\"\\u00dczleti h\\u00edrek az \\u00e1ll\\u00e1s \\u00e9s a munka vil\\u00e1g\\u00e1b\\u00f3l\",\"inLanguage\":\"hu-HU\",\"publisher\":{\"@id\":\"https:\\\/\\\/allasorias.hu\\\/hirek\\\/#organization\"}}]}\n\t\t<\/script>\n\t\t<!-- All in One SEO -->\n\n","aioseo_head_json":{"title":"Munkaer\u0151hi\u00e1ny j\u00f6het | AllasOrias.hu | H\u00edrek-lapszemle","description":"Bod P\u00e9ter \u00c1kos elemz\u00e9s\u00e9ben f\u00f6lt\u00e1rja a gazdas\u00e1gi folyamatok ellentmond\u00e1sait \u00e9s a gazdas\u00e1gi k\u00f6vetkezm\u00e9nyeket is taglalja. A gazdas\u00e1gi n\u00f6veked\u00e9s egyik g\u00e1tja lehet a munkaer\u0151hi\u00e1ny, ami a j\u00e1rv\u00e1ny lecseng\u00e9se ut\u00e1n v\u00e1rhat\u00f3an jelentkezni fog. Ek\u00f6zben viszont a munkan\u00e9lk\u00fclis\u00e9g tov\u00e1bbra is vel\u00fcnk lesz, sokan nem tal\u00e1lnak ma Magyarorsz\u00e1gon \u00e1ll\u00e1st. . Amikor a j\u00e1rv\u00e1ny \u00e9s az annak lass\u00edt\u00e1s\u00e1t c\u00e9lz\u00f3 hat\u00f3s\u00e1gi","canonical_url":"https:\/\/allasorias.hu\/hirek\/munkaerohiany-johet\/","robots":"max-image-preview:large","keywords":"","webmasterTools":{"miscellaneous":""},"schema":{"@context":"https:\/\/schema.org","@graph":[{"@type":"Article","@id":"https:\/\/allasorias.hu\/hirek\/munkaerohiany-johet\/#article","name":"Munkaer\u0151hi\u00e1ny j\u00f6het | AllasOrias.hu | H\u00edrek-lapszemle","headline":"Munkaer\u0151hi\u00e1ny j\u00f6het","author":{"@id":"https:\/\/allasorias.hu\/hirek\/author\/admin-allasorias\/#author"},"publisher":{"@id":"https:\/\/allasorias.hu\/hirek\/#organization"},"image":{"@type":"ImageObject","url":"https:\/\/allasorias.hu\/hirek\/wp-content\/uploads\/2018\/11\/turn-on-2925962_640.jpg","width":640,"height":400},"datePublished":"2021-06-04T07:11:07+02:00","dateModified":"2021-06-04T07:11:07+02:00","inLanguage":"hu-HU","mainEntityOfPage":{"@id":"https:\/\/allasorias.hu\/hirek\/munkaerohiany-johet\/#webpage"},"isPartOf":{"@id":"https:\/\/allasorias.hu\/hirek\/munkaerohiany-johet\/#webpage"},"articleSection":"Munkaer\u0151piac"},{"@type":"BreadcrumbList","@id":"https:\/\/allasorias.hu\/hirek\/munkaerohiany-johet\/#breadcrumblist","itemListElement":[{"@type":"ListItem","@id":"https:\/\/allasorias.hu\/hirek#listItem","position":1,"name":"Home","item":"https:\/\/allasorias.hu\/hirek","nextItem":{"@type":"ListItem","@id":"https:\/\/allasorias.hu\/hirek\/temak\/munkaeropiac\/#listItem","name":"Munkaer\u0151piac"}},{"@type":"ListItem","@id":"https:\/\/allasorias.hu\/hirek\/temak\/munkaeropiac\/#listItem","position":2,"name":"Munkaer\u0151piac","item":"https:\/\/allasorias.hu\/hirek\/temak\/munkaeropiac\/","nextItem":{"@type":"ListItem","@id":"https:\/\/allasorias.hu\/hirek\/munkaerohiany-johet\/#listItem","name":"Munkaer\u0151hi\u00e1ny j\u00f6het"},"previousItem":{"@type":"ListItem","@id":"https:\/\/allasorias.hu\/hirek#listItem","name":"Home"}},{"@type":"ListItem","@id":"https:\/\/allasorias.hu\/hirek\/munkaerohiany-johet\/#listItem","position":3,"name":"Munkaer\u0151hi\u00e1ny j\u00f6het","previousItem":{"@type":"ListItem","@id":"https:\/\/allasorias.hu\/hirek\/temak\/munkaeropiac\/#listItem","name":"Munkaer\u0151piac"}}]},{"@type":"Organization","@id":"https:\/\/allasorias.hu\/hirek\/#organization","name":"AllasOrias.hu | H\u00edrek-lapszemle","description":"\u00dczleti h\u00edrek az \u00e1ll\u00e1s \u00e9s a munka vil\u00e1g\u00e1b\u00f3l","url":"https:\/\/allasorias.hu\/hirek\/","logo":{"@type":"ImageObject","url":"https:\/\/allasorias.hu\/hirek\/wp-content\/uploads\/2022\/10\/allasorias_site_facebok_logo.png","@id":"https:\/\/allasorias.hu\/hirek\/munkaerohiany-johet\/#organizationLogo"},"image":{"@id":"https:\/\/allasorias.hu\/hirek\/munkaerohiany-johet\/#organizationLogo"},"sameAs":["https:\/\/www.facebook.com\/allasorias","https:\/\/www.linkedin.com\/company\/allasorias"]},{"@type":"Person","@id":"https:\/\/allasorias.hu\/hirek\/author\/admin-allasorias\/#author","url":"https:\/\/allasorias.hu\/hirek\/author\/admin-allasorias\/","name":"Juh\u00e1sz P\u00e9ter","image":{"@type":"ImageObject","@id":"https:\/\/allasorias.hu\/hirek\/munkaerohiany-johet\/#authorImage","url":"https:\/\/secure.gravatar.com\/avatar\/36e6bcb83148978b992977cb0f54d22feb0cce8a0a849a9410532bb2623ba4c6?s=96&d=mm&r=g","width":96,"height":96,"caption":"Juh\u00e1sz P\u00e9ter"}},{"@type":"WebPage","@id":"https:\/\/allasorias.hu\/hirek\/munkaerohiany-johet\/#webpage","url":"https:\/\/allasorias.hu\/hirek\/munkaerohiany-johet\/","name":"Munkaer\u0151hi\u00e1ny j\u00f6het | AllasOrias.hu | H\u00edrek-lapszemle","description":"Bod P\u00e9ter \u00c1kos elemz\u00e9s\u00e9ben f\u00f6lt\u00e1rja a gazdas\u00e1gi folyamatok ellentmond\u00e1sait \u00e9s a gazdas\u00e1gi k\u00f6vetkezm\u00e9nyeket is taglalja. A gazdas\u00e1gi n\u00f6veked\u00e9s egyik g\u00e1tja lehet a munkaer\u0151hi\u00e1ny, ami a j\u00e1rv\u00e1ny lecseng\u00e9se ut\u00e1n v\u00e1rhat\u00f3an jelentkezni fog. Ek\u00f6zben viszont a munkan\u00e9lk\u00fclis\u00e9g tov\u00e1bbra is vel\u00fcnk lesz, sokan nem tal\u00e1lnak ma Magyarorsz\u00e1gon \u00e1ll\u00e1st. . Amikor a j\u00e1rv\u00e1ny \u00e9s az annak lass\u00edt\u00e1s\u00e1t c\u00e9lz\u00f3 hat\u00f3s\u00e1gi","inLanguage":"hu-HU","isPartOf":{"@id":"https:\/\/allasorias.hu\/hirek\/#website"},"breadcrumb":{"@id":"https:\/\/allasorias.hu\/hirek\/munkaerohiany-johet\/#breadcrumblist"},"author":{"@id":"https:\/\/allasorias.hu\/hirek\/author\/admin-allasorias\/#author"},"creator":{"@id":"https:\/\/allasorias.hu\/hirek\/author\/admin-allasorias\/#author"},"image":{"@type":"ImageObject","url":"https:\/\/allasorias.hu\/hirek\/wp-content\/uploads\/2018\/11\/turn-on-2925962_640.jpg","@id":"https:\/\/allasorias.hu\/hirek\/munkaerohiany-johet\/#mainImage","width":640,"height":400},"primaryImageOfPage":{"@id":"https:\/\/allasorias.hu\/hirek\/munkaerohiany-johet\/#mainImage"},"datePublished":"2021-06-04T07:11:07+02:00","dateModified":"2021-06-04T07:11:07+02:00"},{"@type":"WebSite","@id":"https:\/\/allasorias.hu\/hirek\/#website","url":"https:\/\/allasorias.hu\/hirek\/","name":"AllasOrias.hu | H\u00edrek-lapszemle","description":"\u00dczleti h\u00edrek az \u00e1ll\u00e1s \u00e9s a munka vil\u00e1g\u00e1b\u00f3l","inLanguage":"hu-HU","publisher":{"@id":"https:\/\/allasorias.hu\/hirek\/#organization"}}]},"og:locale":"hu_HU","og:site_name":"AllasOrias.hu | H\u00edrek-lapszemle | \u00dczleti h\u00edrek az \u00e1ll\u00e1s \u00e9s a munka vil\u00e1g\u00e1b\u00f3l","og:type":"article","og:title":"Munkaer\u0151hi\u00e1ny j\u00f6het | AllasOrias.hu | H\u00edrek-lapszemle","og:description":"Bod P\u00e9ter \u00c1kos elemz\u00e9s\u00e9ben f\u00f6lt\u00e1rja a gazdas\u00e1gi folyamatok ellentmond\u00e1sait \u00e9s a gazdas\u00e1gi k\u00f6vetkezm\u00e9nyeket is taglalja. A gazdas\u00e1gi n\u00f6veked\u00e9s egyik g\u00e1tja lehet a munkaer\u0151hi\u00e1ny, ami a j\u00e1rv\u00e1ny lecseng\u00e9se ut\u00e1n v\u00e1rhat\u00f3an jelentkezni fog. Ek\u00f6zben viszont a munkan\u00e9lk\u00fclis\u00e9g tov\u00e1bbra is vel\u00fcnk lesz, sokan nem tal\u00e1lnak ma Magyarorsz\u00e1gon \u00e1ll\u00e1st. . Amikor a j\u00e1rv\u00e1ny \u00e9s az annak lass\u00edt\u00e1s\u00e1t c\u00e9lz\u00f3 hat\u00f3s\u00e1gi","og:url":"https:\/\/allasorias.hu\/hirek\/munkaerohiany-johet\/","og:image":"https:\/\/allasorias.hu\/hirek\/wp-content\/uploads\/2018\/11\/turn-on-2925962_640.jpg","og:image:secure_url":"https:\/\/allasorias.hu\/hirek\/wp-content\/uploads\/2018\/11\/turn-on-2925962_640.jpg","og:image:width":640,"og:image:height":400,"article:published_time":"2021-06-04T07:11:07+00:00","article:modified_time":"2021-06-04T07:11:07+00:00","article:publisher":"https:\/\/www.facebook.com\/allasorias","twitter:card":"summary_large_image","twitter:title":"Munkaer\u0151hi\u00e1ny j\u00f6het | AllasOrias.hu | H\u00edrek-lapszemle","twitter:description":"Bod P\u00e9ter \u00c1kos elemz\u00e9s\u00e9ben f\u00f6lt\u00e1rja a gazdas\u00e1gi folyamatok ellentmond\u00e1sait \u00e9s a gazdas\u00e1gi k\u00f6vetkezm\u00e9nyeket is taglalja. A gazdas\u00e1gi n\u00f6veked\u00e9s egyik g\u00e1tja lehet a munkaer\u0151hi\u00e1ny, ami a j\u00e1rv\u00e1ny lecseng\u00e9se ut\u00e1n v\u00e1rhat\u00f3an jelentkezni fog. Ek\u00f6zben viszont a munkan\u00e9lk\u00fclis\u00e9g tov\u00e1bbra is vel\u00fcnk lesz, sokan nem tal\u00e1lnak ma Magyarorsz\u00e1gon \u00e1ll\u00e1st. . Amikor a j\u00e1rv\u00e1ny \u00e9s az annak lass\u00edt\u00e1s\u00e1t c\u00e9lz\u00f3 hat\u00f3s\u00e1gi","twitter:image":"https:\/\/allasorias.hu\/hirek\/wp-content\/uploads\/2018\/11\/turn-on-2925962_640.jpg","twitter:label1":"Written by","twitter:data1":"Juh\u00e1sz P\u00e9ter","twitter:label2":"Est. reading time","twitter:data2":"2 minutes"},"aioseo_meta_data":{"post_id":"4826","title":null,"description":null,"keywords":[],"keyphrases":{"focus":[],"additional":[]},"primary_term":null,"canonical_url":null,"og_title":null,"og_description":null,"og_object_type":"default","og_image_type":"default","og_image_url":null,"og_image_width":null,"og_image_height":null,"og_image_custom_url":null,"og_image_custom_fields":null,"og_video":"","og_custom_url":null,"og_article_section":null,"og_article_tags":[],"twitter_use_og":false,"twitter_card":"default","twitter_image_type":"default","twitter_image_url":null,"twitter_image_custom_url":null,"twitter_image_custom_fields":null,"twitter_title":null,"twitter_description":null,"schema":{"blockGraphs":[],"customGraphs":[],"default":{"data":{"Article":[],"Course":[],"Dataset":[],"FAQPage":[],"Movie":[],"Person":[],"Product":[],"ProductReview":[],"Car":[],"Recipe":[],"Service":[],"SoftwareApplication":[],"WebPage":[]},"graphName":"","isEnabled":true},"graphs":[],"defaultGraph":"Article","defaultPostTypeGraph":""},"schema_type":"default","schema_type_options":"{\"article\":{\"articleType\":\"BlogPosting\"},\"course\":{\"name\":\"\",\"description\":\"\",\"provider\":\"\"},\"faq\":{\"pages\":[]},\"product\":{\"reviews\":[]},\"recipe\":{\"ingredients\":[],\"instructions\":[],\"keywords\":[]},\"software\":{\"reviews\":[],\"operatingSystems\":[]},\"webPage\":{\"webPageType\":\"WebPage\"}}","pillar_content":false,"robots_default":true,"robots_noindex":false,"robots_noarchive":false,"robots_nosnippet":false,"robots_nofollow":false,"robots_noimageindex":false,"robots_noodp":false,"robots_notranslate":false,"robots_max_snippet":"-1","robots_max_videopreview":"-1","robots_max_imagepreview":"large","priority":null,"frequency":"default","location":null,"local_seo":{"locations":{"business":{"name":"","businessType":"","image":"","areaServed":"","urls":{"website":"","aboutPage":"","contactPage":""},"address":{"streetLine1":"","streetLine2":"","zipCode":"","city":"","state":"","country":"","addressFormat":"#streetLineOne\n#streetLineTwo\n#city, #state #zipCode"},"contact":{"phone":"","email":"","fax":""},"ids":{"vat":"","tax":"","chamberOfCommerce":""},"payment":{"priceRange":"","currenciesAccepted":"","methods":""}}},"openingHours":{"useDefaults":true,"show":true,"alwaysOpen":false,"use24hFormat":false,"timezone":"","labels":{"closed":"","alwaysOpen":""},"days":{"monday":{"open24h":false,"closed":false,"openTime":"09:00","closeTime":"17:00"},"tuesday":{"open24h":false,"closed":false,"openTime":"09:00","closeTime":"17:00"},"wednesday":{"open24h":false,"closed":false,"openTime":"09:00","closeTime":"17:00"},"thursday":{"open24h":false,"closed":false,"openTime":"09:00","closeTime":"17:00"},"friday":{"open24h":false,"closed":false,"openTime":"09:00","closeTime":"17:00"},"saturday":{"open24h":false,"closed":false,"openTime":"09:00","closeTime":"17:00"},"sunday":{"open24h":false,"closed":false,"openTime":"09:00","closeTime":"17:00"}}}},"breadcrumb_settings":null,"limit_modified_date":false,"ai":null,"created":"2021-06-04 07:08:13","updated":"2025-10-02 15:48:18","seo_analyzer_scan_date":null,"focus_keyword":null,"additional_keywords":null,"truseo_locale":null},"aioseo_breadcrumb":"<div class=\"aioseo-breadcrumbs\"><span class=\"aioseo-breadcrumb\">\n\t\t\t<a href=\"https:\/\/allasorias.hu\/hirek\" title=\"Home\">Home<\/a>\n\t\t<\/span><span class=\"aioseo-breadcrumb-separator\">&raquo;<\/span><span class=\"aioseo-breadcrumb\">\n\t\t\t<a href=\"https:\/\/allasorias.hu\/hirek\/temak\/munkaeropiac\/\" title=\"Munkaer\u0151piac\">Munkaer\u0151piac<\/a>\n\t\t<\/span><span class=\"aioseo-breadcrumb-separator\">&raquo;<\/span><span class=\"aioseo-breadcrumb\">\n\t\t\tMunkaer\u0151hi\u00e1ny j\u00f6het\n\t\t<\/span><\/div>","aioseo_breadcrumb_json":[{"label":"Home","link":"https:\/\/allasorias.hu\/hirek"},{"label":"Munkaer\u0151piac","link":"https:\/\/allasorias.hu\/hirek\/temak\/munkaeropiac\/"},{"label":"Munkaer\u0151hi\u00e1ny j\u00f6het","link":"https:\/\/allasorias.hu\/hirek\/munkaerohiany-johet\/"}],"_links":{"self":[{"href":"https:\/\/allasorias.hu\/hirek\/wp-json\/wp\/v2\/posts\/4826","targetHints":{"allow":["GET"]}}],"collection":[{"href":"https:\/\/allasorias.hu\/hirek\/wp-json\/wp\/v2\/posts"}],"about":[{"href":"https:\/\/allasorias.hu\/hirek\/wp-json\/wp\/v2\/types\/post"}],"author":[{"embeddable":true,"href":"https:\/\/allasorias.hu\/hirek\/wp-json\/wp\/v2\/users\/1"}],"replies":[{"embeddable":true,"href":"https:\/\/allasorias.hu\/hirek\/wp-json\/wp\/v2\/comments?post=4826"}],"version-history":[{"count":1,"href":"https:\/\/allasorias.hu\/hirek\/wp-json\/wp\/v2\/posts\/4826\/revisions"}],"predecessor-version":[{"id":4827,"href":"https:\/\/allasorias.hu\/hirek\/wp-json\/wp\/v2\/posts\/4826\/revisions\/4827"}],"wp:featuredmedia":[{"embeddable":true,"href":"https:\/\/allasorias.hu\/hirek\/wp-json\/wp\/v2\/media\/2101"}],"wp:attachment":[{"href":"https:\/\/allasorias.hu\/hirek\/wp-json\/wp\/v2\/media?parent=4826"}],"wp:term":[{"taxonomy":"category","embeddable":true,"href":"https:\/\/allasorias.hu\/hirek\/wp-json\/wp\/v2\/categories?post=4826"},{"taxonomy":"post_tag","embeddable":true,"href":"https:\/\/allasorias.hu\/hirek\/wp-json\/wp\/v2\/tags?post=4826"}],"curies":[{"name":"wp","href":"https:\/\/api.w.org\/{rel}","templated":true}]}}