{"id":4823,"date":"2021-06-03T06:23:00","date_gmt":"2021-06-03T06:23:00","guid":{"rendered":"https:\/\/allasorias.hu\/hirek\/?p=4823"},"modified":"2021-06-03T06:23:00","modified_gmt":"2021-06-03T06:23:00","slug":"munkanelkuliseg-a-pandemia-miatt","status":"publish","type":"post","link":"https:\/\/allasorias.hu\/hirek\/munkanelkuliseg-a-pandemia-miatt\/","title":{"rendered":"Munkan\u00e9lk\u00fclis\u00e9g a pand\u00e9mia miatt"},"content":{"rendered":"<p><strong>A munkan\u00e9lk\u00fclis\u00e9gi r\u00e1ta id\u00e9n 6,3 sz\u00e1zal\u00e9k lesz, j\u00f6v\u0151re pedig 5,7 sz\u00e1zal\u00e9kra cs\u00f6kken, de \u00edgy is meghaladja a 2019. \u00e9vi 5,4 sz\u00e1zal\u00e9kot. A Nemzetk\u00f6zi Munka\u00fcgyi Szervezet (ILO)\u00a0 jelent\u00e9se szerint a munkan\u00e9lk\u00fcliek sz\u00e1ma j\u00f6v\u0151re mintegy 205 milli\u00f3 k\u00f6r\u00fclire m\u00e9rs\u00e9kl\u0151dik, de m\u00e9g mindig j\u00f3csk\u00e1n fel\u00fclm\u00falja a koronav\u00edrus-j\u00e1rv\u00e1ny el\u0151tti utols\u00f3 \u00e9vben, 2019-ben jegyzett 187 milli\u00f3t. <\/strong><\/p>\n<p>Az ILO sz\u00e1m\u00edt\u00e1sai szerint a glob\u00e1lis munkan\u00e9lk\u00fclis\u00e9gi r\u00e1ta id\u00e9n 6,3 sz\u00e1zal\u00e9k lesz, j\u00f6v\u0151re pedig 5,7 sz\u00e1zal\u00e9kra cs\u00f6kken, de \u00edgy is meghaladja a 2019. \u00e9vi 5,4 sz\u00e1zal\u00e9kot. A genfi sz\u00e9khely\u0171 ENSZ-szervezet \u00fagy v\u00e9li, hogy a foglalkoztat\u00e1s n\u00f6veked\u00e9se az idei m\u00e1sodik f\u00e9l \u00e9vben gyorsulhat, de t\u00e9rs\u00e9genk\u00e9nt nagy elt\u00e9r\u00e9ssel, r\u00e9szben att\u00f3l f\u00fcgg\u0151en, hogy mik\u00e9nt halad a lakoss\u00e1g beolt\u00e1sa. Az ILO honlapj\u00e1ra felker\u00fclt jelent\u00e9s megjegyzi, hogy a foglalkoztatotts\u00e1g visszaes\u00e9se \u00e9s a munkaid\u0151 hossz\u00e1nak ler\u00f6vid\u00fcl\u00e9se a munkab\u00e9r jelent\u0151s cs\u00f6kken\u00e9s\u00e9hez \u00e9s a szeg\u00e9nys\u00e9g n\u00f6veked\u00e9s\u00e9hez vezetett. A szervezet sz\u00e1m\u00edt\u00e1sa szerint jelenleg 100 milli\u00f3 munkav\u00e1llal\u00f3 \u00e9l a szer\u00e9nys\u00e9gi szint alatt. Ezen a ter\u00fcleten \u00f6t \u00e9ven \u00e1t fokozatos javul\u00e1s volt tapasztalhat\u00f3, majd a pand\u00e9mia miatt minden visszacs\u00faszott az \u00f6t \u00e9vvel kor\u00e1bbi szintre &#8211; jegyzik meg a jelent\u00e9s \u00f6ssze\u00e1ll\u00edt\u00f3i.<\/p>\n<p>Forr\u00e1s: portfolio.hu<\/p>\n","protected":false},"excerpt":{"rendered":"<p>A munkan\u00e9lk\u00fclis\u00e9gi r\u00e1ta id\u00e9n 6,3 sz\u00e1zal\u00e9k lesz, j\u00f6v\u0151re pedig 5,7 sz\u00e1zal\u00e9kra cs\u00f6kken, de \u00edgy is meghaladja a 2019. \u00e9vi 5,4 sz\u00e1zal\u00e9kot. A Nemzetk\u00f6zi Munka\u00fcgyi Szervezet (ILO)\u00a0 jelent\u00e9se szerint a munkan\u00e9lk\u00fcliek sz\u00e1ma j\u00f6v\u0151re mintegy 205 milli\u00f3 k\u00f6r\u00fclire m\u00e9rs\u00e9kl\u0151dik, de m\u00e9g mindig j\u00f3csk\u00e1n fel\u00fclm\u00falja a koronav\u00edrus-j\u00e1rv\u00e1ny el\u0151tti utols\u00f3 \u00e9vben, 2019-ben jegyzett 187 milli\u00f3t. Az ILO sz\u00e1m\u00edt\u00e1sai szerint [&hellip;]<\/p>\n","protected":false},"author":1,"featured_media":4138,"comment_status":"open","ping_status":"open","sticky":false,"template":"","format":"standard","meta":{"_monsterinsights_skip_tracking":false,"footnotes":""},"categories":[200],"tags":[],"class_list":["post-4823","post","type-post","status-publish","format-standard","has-post-thumbnail","hentry","category-munkaeropiac"],"aioseo_notices":[],"aioseo_head":"\n\t\t<!-- All in One SEO 5.0.0.1 - aioseo.com -->\n\t<meta name=\"description\" content=\"A munkan\u00e9lk\u00fclis\u00e9gi r\u00e1ta id\u00e9n 6,3 sz\u00e1zal\u00e9k lesz, j\u00f6v\u0151re pedig 5,7 sz\u00e1zal\u00e9kra cs\u00f6kken, de \u00edgy is meghaladja a 2019. \u00e9vi 5,4 sz\u00e1zal\u00e9kot. A Nemzetk\u00f6zi Munka\u00fcgyi Szervezet (ILO) jelent\u00e9se szerint a munkan\u00e9lk\u00fcliek sz\u00e1ma j\u00f6v\u0151re mintegy 205 milli\u00f3 k\u00f6r\u00fclire m\u00e9rs\u00e9kl\u0151dik, de m\u00e9g mindig j\u00f3csk\u00e1n fel\u00fclm\u00falja a koronav\u00edrus-j\u00e1rv\u00e1ny el\u0151tti utols\u00f3 \u00e9vben, 2019-ben jegyzett 187 milli\u00f3t. Az ILO sz\u00e1m\u00edt\u00e1sai szerint\" \/>\n\t<meta name=\"robots\" content=\"max-image-preview:large\" \/>\n\t<meta name=\"author\" content=\"Juh\u00e1sz P\u00e9ter\"\/>\n\t<link rel=\"canonical\" href=\"https:\/\/allasorias.hu\/hirek\/munkanelkuliseg-a-pandemia-miatt\/\" \/>\n\t<meta name=\"generator\" content=\"All in One SEO (AIOSEO) 5.0.0.1\" \/>\n\t\t<meta property=\"og:locale\" content=\"hu_HU\" \/>\n\t\t<meta property=\"og:site_name\" content=\"AllasOrias.hu | H\u00edrek-lapszemle | \u00dczleti h\u00edrek az \u00e1ll\u00e1s \u00e9s a munka vil\u00e1g\u00e1b\u00f3l\" \/>\n\t\t<meta property=\"og:type\" content=\"article\" \/>\n\t\t<meta property=\"og:title\" content=\"Munkan\u00e9lk\u00fclis\u00e9g a pand\u00e9mia miatt | AllasOrias.hu | H\u00edrek-lapszemle\" \/>\n\t\t<meta property=\"og:description\" content=\"A munkan\u00e9lk\u00fclis\u00e9gi r\u00e1ta id\u00e9n 6,3 sz\u00e1zal\u00e9k lesz, j\u00f6v\u0151re pedig 5,7 sz\u00e1zal\u00e9kra cs\u00f6kken, de \u00edgy is meghaladja a 2019. \u00e9vi 5,4 sz\u00e1zal\u00e9kot. A Nemzetk\u00f6zi Munka\u00fcgyi Szervezet (ILO) jelent\u00e9se szerint a munkan\u00e9lk\u00fcliek sz\u00e1ma j\u00f6v\u0151re mintegy 205 milli\u00f3 k\u00f6r\u00fclire m\u00e9rs\u00e9kl\u0151dik, de m\u00e9g mindig j\u00f3csk\u00e1n fel\u00fclm\u00falja a koronav\u00edrus-j\u00e1rv\u00e1ny el\u0151tti utols\u00f3 \u00e9vben, 2019-ben jegyzett 187 milli\u00f3t. Az ILO sz\u00e1m\u00edt\u00e1sai szerint\" \/>\n\t\t<meta property=\"og:url\" content=\"https:\/\/allasorias.hu\/hirek\/munkanelkuliseg-a-pandemia-miatt\/\" \/>\n\t\t<meta property=\"og:image\" content=\"https:\/\/allasorias.hu\/hirek\/wp-content\/uploads\/2020\/07\/5492.jpg\" \/>\n\t\t<meta property=\"og:image:secure_url\" content=\"https:\/\/allasorias.hu\/hirek\/wp-content\/uploads\/2020\/07\/5492.jpg\" \/>\n\t\t<meta property=\"og:image:width\" content=\"1280\" \/>\n\t\t<meta property=\"og:image:height\" content=\"853\" \/>\n\t\t<meta property=\"article:published_time\" content=\"2021-06-03T06:23:00+00:00\" \/>\n\t\t<meta property=\"article:modified_time\" content=\"2021-06-03T06:23:00+00:00\" \/>\n\t\t<meta property=\"article:publisher\" content=\"https:\/\/www.facebook.com\/allasorias\" \/>\n\t\t<meta name=\"twitter:card\" content=\"summary_large_image\" \/>\n\t\t<meta name=\"twitter:title\" content=\"Munkan\u00e9lk\u00fclis\u00e9g a pand\u00e9mia miatt | AllasOrias.hu | H\u00edrek-lapszemle\" \/>\n\t\t<meta name=\"twitter:description\" content=\"A munkan\u00e9lk\u00fclis\u00e9gi r\u00e1ta id\u00e9n 6,3 sz\u00e1zal\u00e9k lesz, j\u00f6v\u0151re pedig 5,7 sz\u00e1zal\u00e9kra cs\u00f6kken, de \u00edgy is meghaladja a 2019. \u00e9vi 5,4 sz\u00e1zal\u00e9kot. A Nemzetk\u00f6zi Munka\u00fcgyi Szervezet (ILO) jelent\u00e9se szerint a munkan\u00e9lk\u00fcliek sz\u00e1ma j\u00f6v\u0151re mintegy 205 milli\u00f3 k\u00f6r\u00fclire m\u00e9rs\u00e9kl\u0151dik, de m\u00e9g mindig j\u00f3csk\u00e1n fel\u00fclm\u00falja a koronav\u00edrus-j\u00e1rv\u00e1ny el\u0151tti utols\u00f3 \u00e9vben, 2019-ben jegyzett 187 milli\u00f3t. Az ILO sz\u00e1m\u00edt\u00e1sai szerint\" \/>\n\t\t<meta name=\"twitter:image\" content=\"https:\/\/allasorias.hu\/hirek\/wp-content\/uploads\/2020\/07\/5492.jpg\" \/>\n\t\t<meta name=\"twitter:label1\" content=\"Written by\" \/>\n\t\t<meta name=\"twitter:data1\" content=\"Juh\u00e1sz P\u00e9ter\" \/>\n\t\t<meta name=\"twitter:label2\" content=\"Est. reading time\" \/>\n\t\t<meta name=\"twitter:data2\" content=\"1 minute\" \/>\n\t\t<script type=\"application\/ld+json\" class=\"aioseo-schema\">\n\t\t\t{\"@context\":\"https:\\\/\\\/schema.org\",\"@graph\":[{\"@type\":\"Article\",\"@id\":\"https:\\\/\\\/allasorias.hu\\\/hirek\\\/munkanelkuliseg-a-pandemia-miatt\\\/#article\",\"name\":\"Munkan\\u00e9lk\\u00fclis\\u00e9g a pand\\u00e9mia miatt | AllasOrias.hu | H\\u00edrek-lapszemle\",\"headline\":\"Munkan\\u00e9lk\\u00fclis\\u00e9g a pand\\u00e9mia miatt\",\"author\":{\"@id\":\"https:\\\/\\\/allasorias.hu\\\/hirek\\\/author\\\/admin-allasorias\\\/#author\"},\"publisher\":{\"@id\":\"https:\\\/\\\/allasorias.hu\\\/hirek\\\/#organization\"},\"image\":{\"@type\":\"ImageObject\",\"url\":\"https:\\\/\\\/allasorias.hu\\\/hirek\\\/wp-content\\\/uploads\\\/2020\\\/07\\\/5492.jpg\",\"width\":1280,\"height\":853,\"caption\":\"Young male candidate on post sitting on chair in office with resume in hands. Job applicant worries before talk with employer, trying to stay calm while waiting his turn on interview in waiting room\"},\"datePublished\":\"2021-06-03T06:23:00+02:00\",\"dateModified\":\"2021-06-03T06:23:00+02:00\",\"inLanguage\":\"hu-HU\",\"mainEntityOfPage\":{\"@id\":\"https:\\\/\\\/allasorias.hu\\\/hirek\\\/munkanelkuliseg-a-pandemia-miatt\\\/#webpage\"},\"isPartOf\":{\"@id\":\"https:\\\/\\\/allasorias.hu\\\/hirek\\\/munkanelkuliseg-a-pandemia-miatt\\\/#webpage\"},\"articleSection\":\"Munkaer\\u0151piac\"},{\"@type\":\"BreadcrumbList\",\"@id\":\"https:\\\/\\\/allasorias.hu\\\/hirek\\\/munkanelkuliseg-a-pandemia-miatt\\\/#breadcrumblist\",\"itemListElement\":[{\"@type\":\"ListItem\",\"@id\":\"https:\\\/\\\/allasorias.hu\\\/hirek#listItem\",\"position\":1,\"name\":\"Home\",\"item\":\"https:\\\/\\\/allasorias.hu\\\/hirek\",\"nextItem\":{\"@type\":\"ListItem\",\"@id\":\"https:\\\/\\\/allasorias.hu\\\/hirek\\\/temak\\\/munkaeropiac\\\/#listItem\",\"name\":\"Munkaer\\u0151piac\"}},{\"@type\":\"ListItem\",\"@id\":\"https:\\\/\\\/allasorias.hu\\\/hirek\\\/temak\\\/munkaeropiac\\\/#listItem\",\"position\":2,\"name\":\"Munkaer\\u0151piac\",\"item\":\"https:\\\/\\\/allasorias.hu\\\/hirek\\\/temak\\\/munkaeropiac\\\/\",\"nextItem\":{\"@type\":\"ListItem\",\"@id\":\"https:\\\/\\\/allasorias.hu\\\/hirek\\\/munkanelkuliseg-a-pandemia-miatt\\\/#listItem\",\"name\":\"Munkan\\u00e9lk\\u00fclis\\u00e9g a pand\\u00e9mia miatt\"},\"previousItem\":{\"@type\":\"ListItem\",\"@id\":\"https:\\\/\\\/allasorias.hu\\\/hirek#listItem\",\"name\":\"Home\"}},{\"@type\":\"ListItem\",\"@id\":\"https:\\\/\\\/allasorias.hu\\\/hirek\\\/munkanelkuliseg-a-pandemia-miatt\\\/#listItem\",\"position\":3,\"name\":\"Munkan\\u00e9lk\\u00fclis\\u00e9g a pand\\u00e9mia miatt\",\"previousItem\":{\"@type\":\"ListItem\",\"@id\":\"https:\\\/\\\/allasorias.hu\\\/hirek\\\/temak\\\/munkaeropiac\\\/#listItem\",\"name\":\"Munkaer\\u0151piac\"}}]},{\"@type\":\"Organization\",\"@id\":\"https:\\\/\\\/allasorias.hu\\\/hirek\\\/#organization\",\"name\":\"AllasOrias.hu | H\\u00edrek-lapszemle\",\"description\":\"\\u00dczleti h\\u00edrek az \\u00e1ll\\u00e1s \\u00e9s a munka vil\\u00e1g\\u00e1b\\u00f3l\",\"url\":\"https:\\\/\\\/allasorias.hu\\\/hirek\\\/\",\"logo\":{\"@type\":\"ImageObject\",\"url\":\"https:\\\/\\\/allasorias.hu\\\/hirek\\\/wp-content\\\/uploads\\\/2022\\\/10\\\/allasorias_site_facebok_logo.png\",\"@id\":\"https:\\\/\\\/allasorias.hu\\\/hirek\\\/munkanelkuliseg-a-pandemia-miatt\\\/#organizationLogo\"},\"image\":{\"@id\":\"https:\\\/\\\/allasorias.hu\\\/hirek\\\/munkanelkuliseg-a-pandemia-miatt\\\/#organizationLogo\"},\"sameAs\":[\"https:\\\/\\\/www.facebook.com\\\/allasorias\",\"https:\\\/\\\/www.linkedin.com\\\/company\\\/allasorias\"]},{\"@type\":\"Person\",\"@id\":\"https:\\\/\\\/allasorias.hu\\\/hirek\\\/author\\\/admin-allasorias\\\/#author\",\"url\":\"https:\\\/\\\/allasorias.hu\\\/hirek\\\/author\\\/admin-allasorias\\\/\",\"name\":\"Juh\\u00e1sz P\\u00e9ter\",\"image\":{\"@type\":\"ImageObject\",\"@id\":\"https:\\\/\\\/allasorias.hu\\\/hirek\\\/munkanelkuliseg-a-pandemia-miatt\\\/#authorImage\",\"url\":\"https:\\\/\\\/secure.gravatar.com\\\/avatar\\\/36e6bcb83148978b992977cb0f54d22feb0cce8a0a849a9410532bb2623ba4c6?s=96&d=mm&r=g\",\"width\":96,\"height\":96,\"caption\":\"Juh\\u00e1sz P\\u00e9ter\"}},{\"@type\":\"WebPage\",\"@id\":\"https:\\\/\\\/allasorias.hu\\\/hirek\\\/munkanelkuliseg-a-pandemia-miatt\\\/#webpage\",\"url\":\"https:\\\/\\\/allasorias.hu\\\/hirek\\\/munkanelkuliseg-a-pandemia-miatt\\\/\",\"name\":\"Munkan\\u00e9lk\\u00fclis\\u00e9g a pand\\u00e9mia miatt | AllasOrias.hu | H\\u00edrek-lapszemle\",\"description\":\"A munkan\\u00e9lk\\u00fclis\\u00e9gi r\\u00e1ta id\\u00e9n 6,3 sz\\u00e1zal\\u00e9k lesz, j\\u00f6v\\u0151re pedig 5,7 sz\\u00e1zal\\u00e9kra cs\\u00f6kken, de \\u00edgy is meghaladja a 2019. \\u00e9vi 5,4 sz\\u00e1zal\\u00e9kot. A Nemzetk\\u00f6zi Munka\\u00fcgyi Szervezet (ILO) jelent\\u00e9se szerint a munkan\\u00e9lk\\u00fcliek sz\\u00e1ma j\\u00f6v\\u0151re mintegy 205 milli\\u00f3 k\\u00f6r\\u00fclire m\\u00e9rs\\u00e9kl\\u0151dik, de m\\u00e9g mindig j\\u00f3csk\\u00e1n fel\\u00fclm\\u00falja a koronav\\u00edrus-j\\u00e1rv\\u00e1ny el\\u0151tti utols\\u00f3 \\u00e9vben, 2019-ben jegyzett 187 milli\\u00f3t. Az ILO sz\\u00e1m\\u00edt\\u00e1sai szerint\",\"inLanguage\":\"hu-HU\",\"isPartOf\":{\"@id\":\"https:\\\/\\\/allasorias.hu\\\/hirek\\\/#website\"},\"breadcrumb\":{\"@id\":\"https:\\\/\\\/allasorias.hu\\\/hirek\\\/munkanelkuliseg-a-pandemia-miatt\\\/#breadcrumblist\"},\"author\":{\"@id\":\"https:\\\/\\\/allasorias.hu\\\/hirek\\\/author\\\/admin-allasorias\\\/#author\"},\"creator\":{\"@id\":\"https:\\\/\\\/allasorias.hu\\\/hirek\\\/author\\\/admin-allasorias\\\/#author\"},\"image\":{\"@type\":\"ImageObject\",\"url\":\"https:\\\/\\\/allasorias.hu\\\/hirek\\\/wp-content\\\/uploads\\\/2020\\\/07\\\/5492.jpg\",\"@id\":\"https:\\\/\\\/allasorias.hu\\\/hirek\\\/munkanelkuliseg-a-pandemia-miatt\\\/#mainImage\",\"width\":1280,\"height\":853,\"caption\":\"Young male candidate on post sitting on chair in office with resume in hands. Job applicant worries before talk with employer, trying to stay calm while waiting his turn on interview in waiting room\"},\"primaryImageOfPage\":{\"@id\":\"https:\\\/\\\/allasorias.hu\\\/hirek\\\/munkanelkuliseg-a-pandemia-miatt\\\/#mainImage\"},\"datePublished\":\"2021-06-03T06:23:00+02:00\",\"dateModified\":\"2021-06-03T06:23:00+02:00\"},{\"@type\":\"WebSite\",\"@id\":\"https:\\\/\\\/allasorias.hu\\\/hirek\\\/#website\",\"url\":\"https:\\\/\\\/allasorias.hu\\\/hirek\\\/\",\"name\":\"AllasOrias.hu | H\\u00edrek-lapszemle\",\"description\":\"\\u00dczleti h\\u00edrek az \\u00e1ll\\u00e1s \\u00e9s a munka vil\\u00e1g\\u00e1b\\u00f3l\",\"inLanguage\":\"hu-HU\",\"publisher\":{\"@id\":\"https:\\\/\\\/allasorias.hu\\\/hirek\\\/#organization\"}}]}\n\t\t<\/script>\n\t\t<!-- All in One SEO -->\n\n","aioseo_head_json":{"title":"Munkan\u00e9lk\u00fclis\u00e9g a pand\u00e9mia miatt | AllasOrias.hu | H\u00edrek-lapszemle","description":"A munkan\u00e9lk\u00fclis\u00e9gi r\u00e1ta id\u00e9n 6,3 sz\u00e1zal\u00e9k lesz, j\u00f6v\u0151re pedig 5,7 sz\u00e1zal\u00e9kra cs\u00f6kken, de \u00edgy is meghaladja a 2019. \u00e9vi 5,4 sz\u00e1zal\u00e9kot. A Nemzetk\u00f6zi Munka\u00fcgyi Szervezet (ILO) jelent\u00e9se szerint a munkan\u00e9lk\u00fcliek sz\u00e1ma j\u00f6v\u0151re mintegy 205 milli\u00f3 k\u00f6r\u00fclire m\u00e9rs\u00e9kl\u0151dik, de m\u00e9g mindig j\u00f3csk\u00e1n fel\u00fclm\u00falja a koronav\u00edrus-j\u00e1rv\u00e1ny el\u0151tti utols\u00f3 \u00e9vben, 2019-ben jegyzett 187 milli\u00f3t. Az ILO sz\u00e1m\u00edt\u00e1sai szerint","canonical_url":"https:\/\/allasorias.hu\/hirek\/munkanelkuliseg-a-pandemia-miatt\/","robots":"max-image-preview:large","keywords":"","webmasterTools":{"miscellaneous":""},"schema":{"@context":"https:\/\/schema.org","@graph":[{"@type":"Article","@id":"https:\/\/allasorias.hu\/hirek\/munkanelkuliseg-a-pandemia-miatt\/#article","name":"Munkan\u00e9lk\u00fclis\u00e9g a pand\u00e9mia miatt | AllasOrias.hu | H\u00edrek-lapszemle","headline":"Munkan\u00e9lk\u00fclis\u00e9g a pand\u00e9mia miatt","author":{"@id":"https:\/\/allasorias.hu\/hirek\/author\/admin-allasorias\/#author"},"publisher":{"@id":"https:\/\/allasorias.hu\/hirek\/#organization"},"image":{"@type":"ImageObject","url":"https:\/\/allasorias.hu\/hirek\/wp-content\/uploads\/2020\/07\/5492.jpg","width":1280,"height":853,"caption":"Young male candidate on post sitting on chair in office with resume in hands. Job applicant worries before talk with employer, trying to stay calm while waiting his turn on interview in waiting room"},"datePublished":"2021-06-03T06:23:00+02:00","dateModified":"2021-06-03T06:23:00+02:00","inLanguage":"hu-HU","mainEntityOfPage":{"@id":"https:\/\/allasorias.hu\/hirek\/munkanelkuliseg-a-pandemia-miatt\/#webpage"},"isPartOf":{"@id":"https:\/\/allasorias.hu\/hirek\/munkanelkuliseg-a-pandemia-miatt\/#webpage"},"articleSection":"Munkaer\u0151piac"},{"@type":"BreadcrumbList","@id":"https:\/\/allasorias.hu\/hirek\/munkanelkuliseg-a-pandemia-miatt\/#breadcrumblist","itemListElement":[{"@type":"ListItem","@id":"https:\/\/allasorias.hu\/hirek#listItem","position":1,"name":"Home","item":"https:\/\/allasorias.hu\/hirek","nextItem":{"@type":"ListItem","@id":"https:\/\/allasorias.hu\/hirek\/temak\/munkaeropiac\/#listItem","name":"Munkaer\u0151piac"}},{"@type":"ListItem","@id":"https:\/\/allasorias.hu\/hirek\/temak\/munkaeropiac\/#listItem","position":2,"name":"Munkaer\u0151piac","item":"https:\/\/allasorias.hu\/hirek\/temak\/munkaeropiac\/","nextItem":{"@type":"ListItem","@id":"https:\/\/allasorias.hu\/hirek\/munkanelkuliseg-a-pandemia-miatt\/#listItem","name":"Munkan\u00e9lk\u00fclis\u00e9g a pand\u00e9mia miatt"},"previousItem":{"@type":"ListItem","@id":"https:\/\/allasorias.hu\/hirek#listItem","name":"Home"}},{"@type":"ListItem","@id":"https:\/\/allasorias.hu\/hirek\/munkanelkuliseg-a-pandemia-miatt\/#listItem","position":3,"name":"Munkan\u00e9lk\u00fclis\u00e9g a pand\u00e9mia miatt","previousItem":{"@type":"ListItem","@id":"https:\/\/allasorias.hu\/hirek\/temak\/munkaeropiac\/#listItem","name":"Munkaer\u0151piac"}}]},{"@type":"Organization","@id":"https:\/\/allasorias.hu\/hirek\/#organization","name":"AllasOrias.hu | H\u00edrek-lapszemle","description":"\u00dczleti h\u00edrek az \u00e1ll\u00e1s \u00e9s a munka vil\u00e1g\u00e1b\u00f3l","url":"https:\/\/allasorias.hu\/hirek\/","logo":{"@type":"ImageObject","url":"https:\/\/allasorias.hu\/hirek\/wp-content\/uploads\/2022\/10\/allasorias_site_facebok_logo.png","@id":"https:\/\/allasorias.hu\/hirek\/munkanelkuliseg-a-pandemia-miatt\/#organizationLogo"},"image":{"@id":"https:\/\/allasorias.hu\/hirek\/munkanelkuliseg-a-pandemia-miatt\/#organizationLogo"},"sameAs":["https:\/\/www.facebook.com\/allasorias","https:\/\/www.linkedin.com\/company\/allasorias"]},{"@type":"Person","@id":"https:\/\/allasorias.hu\/hirek\/author\/admin-allasorias\/#author","url":"https:\/\/allasorias.hu\/hirek\/author\/admin-allasorias\/","name":"Juh\u00e1sz P\u00e9ter","image":{"@type":"ImageObject","@id":"https:\/\/allasorias.hu\/hirek\/munkanelkuliseg-a-pandemia-miatt\/#authorImage","url":"https:\/\/secure.gravatar.com\/avatar\/36e6bcb83148978b992977cb0f54d22feb0cce8a0a849a9410532bb2623ba4c6?s=96&d=mm&r=g","width":96,"height":96,"caption":"Juh\u00e1sz P\u00e9ter"}},{"@type":"WebPage","@id":"https:\/\/allasorias.hu\/hirek\/munkanelkuliseg-a-pandemia-miatt\/#webpage","url":"https:\/\/allasorias.hu\/hirek\/munkanelkuliseg-a-pandemia-miatt\/","name":"Munkan\u00e9lk\u00fclis\u00e9g a pand\u00e9mia miatt | AllasOrias.hu | H\u00edrek-lapszemle","description":"A munkan\u00e9lk\u00fclis\u00e9gi r\u00e1ta id\u00e9n 6,3 sz\u00e1zal\u00e9k lesz, j\u00f6v\u0151re pedig 5,7 sz\u00e1zal\u00e9kra cs\u00f6kken, de \u00edgy is meghaladja a 2019. \u00e9vi 5,4 sz\u00e1zal\u00e9kot. A Nemzetk\u00f6zi Munka\u00fcgyi Szervezet (ILO) jelent\u00e9se szerint a munkan\u00e9lk\u00fcliek sz\u00e1ma j\u00f6v\u0151re mintegy 205 milli\u00f3 k\u00f6r\u00fclire m\u00e9rs\u00e9kl\u0151dik, de m\u00e9g mindig j\u00f3csk\u00e1n fel\u00fclm\u00falja a koronav\u00edrus-j\u00e1rv\u00e1ny el\u0151tti utols\u00f3 \u00e9vben, 2019-ben jegyzett 187 milli\u00f3t. Az ILO sz\u00e1m\u00edt\u00e1sai szerint","inLanguage":"hu-HU","isPartOf":{"@id":"https:\/\/allasorias.hu\/hirek\/#website"},"breadcrumb":{"@id":"https:\/\/allasorias.hu\/hirek\/munkanelkuliseg-a-pandemia-miatt\/#breadcrumblist"},"author":{"@id":"https:\/\/allasorias.hu\/hirek\/author\/admin-allasorias\/#author"},"creator":{"@id":"https:\/\/allasorias.hu\/hirek\/author\/admin-allasorias\/#author"},"image":{"@type":"ImageObject","url":"https:\/\/allasorias.hu\/hirek\/wp-content\/uploads\/2020\/07\/5492.jpg","@id":"https:\/\/allasorias.hu\/hirek\/munkanelkuliseg-a-pandemia-miatt\/#mainImage","width":1280,"height":853,"caption":"Young male candidate on post sitting on chair in office with resume in hands. Job applicant worries before talk with employer, trying to stay calm while waiting his turn on interview in waiting room"},"primaryImageOfPage":{"@id":"https:\/\/allasorias.hu\/hirek\/munkanelkuliseg-a-pandemia-miatt\/#mainImage"},"datePublished":"2021-06-03T06:23:00+02:00","dateModified":"2021-06-03T06:23:00+02:00"},{"@type":"WebSite","@id":"https:\/\/allasorias.hu\/hirek\/#website","url":"https:\/\/allasorias.hu\/hirek\/","name":"AllasOrias.hu | H\u00edrek-lapszemle","description":"\u00dczleti h\u00edrek az \u00e1ll\u00e1s \u00e9s a munka vil\u00e1g\u00e1b\u00f3l","inLanguage":"hu-HU","publisher":{"@id":"https:\/\/allasorias.hu\/hirek\/#organization"}}]},"og:locale":"hu_HU","og:site_name":"AllasOrias.hu | H\u00edrek-lapszemle | \u00dczleti h\u00edrek az \u00e1ll\u00e1s \u00e9s a munka vil\u00e1g\u00e1b\u00f3l","og:type":"article","og:title":"Munkan\u00e9lk\u00fclis\u00e9g a pand\u00e9mia miatt | AllasOrias.hu | H\u00edrek-lapszemle","og:description":"A munkan\u00e9lk\u00fclis\u00e9gi r\u00e1ta id\u00e9n 6,3 sz\u00e1zal\u00e9k lesz, j\u00f6v\u0151re pedig 5,7 sz\u00e1zal\u00e9kra cs\u00f6kken, de \u00edgy is meghaladja a 2019. \u00e9vi 5,4 sz\u00e1zal\u00e9kot. A Nemzetk\u00f6zi Munka\u00fcgyi Szervezet (ILO) jelent\u00e9se szerint a munkan\u00e9lk\u00fcliek sz\u00e1ma j\u00f6v\u0151re mintegy 205 milli\u00f3 k\u00f6r\u00fclire m\u00e9rs\u00e9kl\u0151dik, de m\u00e9g mindig j\u00f3csk\u00e1n fel\u00fclm\u00falja a koronav\u00edrus-j\u00e1rv\u00e1ny el\u0151tti utols\u00f3 \u00e9vben, 2019-ben jegyzett 187 milli\u00f3t. Az ILO sz\u00e1m\u00edt\u00e1sai szerint","og:url":"https:\/\/allasorias.hu\/hirek\/munkanelkuliseg-a-pandemia-miatt\/","og:image":"https:\/\/allasorias.hu\/hirek\/wp-content\/uploads\/2020\/07\/5492.jpg","og:image:secure_url":"https:\/\/allasorias.hu\/hirek\/wp-content\/uploads\/2020\/07\/5492.jpg","og:image:width":1280,"og:image:height":853,"article:published_time":"2021-06-03T06:23:00+00:00","article:modified_time":"2021-06-03T06:23:00+00:00","article:publisher":"https:\/\/www.facebook.com\/allasorias","twitter:card":"summary_large_image","twitter:title":"Munkan\u00e9lk\u00fclis\u00e9g a pand\u00e9mia miatt | AllasOrias.hu | H\u00edrek-lapszemle","twitter:description":"A munkan\u00e9lk\u00fclis\u00e9gi r\u00e1ta id\u00e9n 6,3 sz\u00e1zal\u00e9k lesz, j\u00f6v\u0151re pedig 5,7 sz\u00e1zal\u00e9kra cs\u00f6kken, de \u00edgy is meghaladja a 2019. \u00e9vi 5,4 sz\u00e1zal\u00e9kot. A Nemzetk\u00f6zi Munka\u00fcgyi Szervezet (ILO) jelent\u00e9se szerint a munkan\u00e9lk\u00fcliek sz\u00e1ma j\u00f6v\u0151re mintegy 205 milli\u00f3 k\u00f6r\u00fclire m\u00e9rs\u00e9kl\u0151dik, de m\u00e9g mindig j\u00f3csk\u00e1n fel\u00fclm\u00falja a koronav\u00edrus-j\u00e1rv\u00e1ny el\u0151tti utols\u00f3 \u00e9vben, 2019-ben jegyzett 187 milli\u00f3t. Az ILO sz\u00e1m\u00edt\u00e1sai szerint","twitter:image":"https:\/\/allasorias.hu\/hirek\/wp-content\/uploads\/2020\/07\/5492.jpg","twitter:label1":"Written by","twitter:data1":"Juh\u00e1sz P\u00e9ter","twitter:label2":"Est. reading time","twitter:data2":"1 minute"},"aioseo_meta_data":{"post_id":"4823","title":null,"description":null,"keywords":[],"keyphrases":{"focus":[],"additional":[]},"primary_term":null,"canonical_url":null,"og_title":null,"og_description":null,"og_object_type":"default","og_image_type":"default","og_image_url":null,"og_image_width":null,"og_image_height":null,"og_image_custom_url":null,"og_image_custom_fields":null,"og_video":"","og_custom_url":null,"og_article_section":null,"og_article_tags":[],"twitter_use_og":false,"twitter_card":"default","twitter_image_type":"default","twitter_image_url":null,"twitter_image_custom_url":null,"twitter_image_custom_fields":null,"twitter_title":null,"twitter_description":null,"schema":{"blockGraphs":[],"customGraphs":[],"default":{"data":{"Article":[],"Course":[],"Dataset":[],"FAQPage":[],"Movie":[],"Person":[],"Product":[],"ProductReview":[],"Car":[],"Recipe":[],"Service":[],"SoftwareApplication":[],"WebPage":[]},"graphName":"","isEnabled":true},"graphs":[],"defaultGraph":"Article","defaultPostTypeGraph":""},"schema_type":"default","schema_type_options":"{\"article\":{\"articleType\":\"BlogPosting\"},\"course\":{\"name\":\"\",\"description\":\"\",\"provider\":\"\"},\"faq\":{\"pages\":[]},\"product\":{\"reviews\":[]},\"recipe\":{\"ingredients\":[],\"instructions\":[],\"keywords\":[]},\"software\":{\"reviews\":[],\"operatingSystems\":[]},\"webPage\":{\"webPageType\":\"WebPage\"}}","pillar_content":false,"robots_default":true,"robots_noindex":false,"robots_noarchive":false,"robots_nosnippet":false,"robots_nofollow":false,"robots_noimageindex":false,"robots_noodp":false,"robots_notranslate":false,"robots_max_snippet":"-1","robots_max_videopreview":"-1","robots_max_imagepreview":"large","priority":null,"frequency":"default","location":null,"local_seo":{"locations":{"business":{"name":"","businessType":"","image":"","areaServed":"","urls":{"website":"","aboutPage":"","contactPage":""},"address":{"streetLine1":"","streetLine2":"","zipCode":"","city":"","state":"","country":"","addressFormat":"#streetLineOne\n#streetLineTwo\n#city, #state #zipCode"},"contact":{"phone":"","email":"","fax":""},"ids":{"vat":"","tax":"","chamberOfCommerce":""},"payment":{"priceRange":"","currenciesAccepted":"","methods":""}}},"openingHours":{"useDefaults":true,"show":true,"alwaysOpen":false,"use24hFormat":false,"timezone":"","labels":{"closed":"","alwaysOpen":""},"days":{"monday":{"open24h":false,"closed":false,"openTime":"09:00","closeTime":"17:00"},"tuesday":{"open24h":false,"closed":false,"openTime":"09:00","closeTime":"17:00"},"wednesday":{"open24h":false,"closed":false,"openTime":"09:00","closeTime":"17:00"},"thursday":{"open24h":false,"closed":false,"openTime":"09:00","closeTime":"17:00"},"friday":{"open24h":false,"closed":false,"openTime":"09:00","closeTime":"17:00"},"saturday":{"open24h":false,"closed":false,"openTime":"09:00","closeTime":"17:00"},"sunday":{"open24h":false,"closed":false,"openTime":"09:00","closeTime":"17:00"}}}},"breadcrumb_settings":null,"limit_modified_date":false,"ai":null,"created":"2021-06-03 06:08:48","updated":"2025-10-02 15:48:18","seo_analyzer_scan_date":null,"focus_keyword":null,"additional_keywords":null,"truseo_locale":null},"aioseo_breadcrumb":"<div class=\"aioseo-breadcrumbs\"><span class=\"aioseo-breadcrumb\">\n\t\t\t<a href=\"https:\/\/allasorias.hu\/hirek\" title=\"Home\">Home<\/a>\n\t\t<\/span><span class=\"aioseo-breadcrumb-separator\">&raquo;<\/span><span class=\"aioseo-breadcrumb\">\n\t\t\t<a href=\"https:\/\/allasorias.hu\/hirek\/temak\/munkaeropiac\/\" title=\"Munkaer\u0151piac\">Munkaer\u0151piac<\/a>\n\t\t<\/span><span class=\"aioseo-breadcrumb-separator\">&raquo;<\/span><span class=\"aioseo-breadcrumb\">\n\t\t\tMunkan\u00e9lk\u00fclis\u00e9g a pand\u00e9mia miatt\n\t\t<\/span><\/div>","aioseo_breadcrumb_json":[{"label":"Home","link":"https:\/\/allasorias.hu\/hirek"},{"label":"Munkaer\u0151piac","link":"https:\/\/allasorias.hu\/hirek\/temak\/munkaeropiac\/"},{"label":"Munkan\u00e9lk\u00fclis\u00e9g a pand\u00e9mia miatt","link":"https:\/\/allasorias.hu\/hirek\/munkanelkuliseg-a-pandemia-miatt\/"}],"_links":{"self":[{"href":"https:\/\/allasorias.hu\/hirek\/wp-json\/wp\/v2\/posts\/4823","targetHints":{"allow":["GET"]}}],"collection":[{"href":"https:\/\/allasorias.hu\/hirek\/wp-json\/wp\/v2\/posts"}],"about":[{"href":"https:\/\/allasorias.hu\/hirek\/wp-json\/wp\/v2\/types\/post"}],"author":[{"embeddable":true,"href":"https:\/\/allasorias.hu\/hirek\/wp-json\/wp\/v2\/users\/1"}],"replies":[{"embeddable":true,"href":"https:\/\/allasorias.hu\/hirek\/wp-json\/wp\/v2\/comments?post=4823"}],"version-history":[{"count":1,"href":"https:\/\/allasorias.hu\/hirek\/wp-json\/wp\/v2\/posts\/4823\/revisions"}],"predecessor-version":[{"id":4824,"href":"https:\/\/allasorias.hu\/hirek\/wp-json\/wp\/v2\/posts\/4823\/revisions\/4824"}],"wp:featuredmedia":[{"embeddable":true,"href":"https:\/\/allasorias.hu\/hirek\/wp-json\/wp\/v2\/media\/4138"}],"wp:attachment":[{"href":"https:\/\/allasorias.hu\/hirek\/wp-json\/wp\/v2\/media?parent=4823"}],"wp:term":[{"taxonomy":"category","embeddable":true,"href":"https:\/\/allasorias.hu\/hirek\/wp-json\/wp\/v2\/categories?post=4823"},{"taxonomy":"post_tag","embeddable":true,"href":"https:\/\/allasorias.hu\/hirek\/wp-json\/wp\/v2\/tags?post=4823"}],"curies":[{"name":"wp","href":"https:\/\/api.w.org\/{rel}","templated":true}]}}