{"id":4821,"date":"2021-06-02T07:29:49","date_gmt":"2021-06-02T07:29:49","guid":{"rendered":"https:\/\/allasorias.hu\/hirek\/?p=4821"},"modified":"2021-06-02T07:29:49","modified_gmt":"2021-06-02T07:29:49","slug":"lehet-otthonrol-is-eredmenyesen-dolgozni","status":"publish","type":"post","link":"https:\/\/allasorias.hu\/hirek\/lehet-otthonrol-is-eredmenyesen-dolgozni\/","title":{"rendered":"Lehet otthonr\u00f3l is eredm\u00e9nyesen dolgozni"},"content":{"rendered":"<p><strong>A munkav\u00e1llal\u00f3k is ig\u00e9nylik, hogy otthonr\u00f3l dolgozhassanak, a munkaad\u00f3k viszont elv\u00e1rj\u00e1k, hogy min\u0151s\u00e9gi munk\u00e1t v\u00e9gezzenek.T\u00f6bb tanuls\u00e1ga is lett a koronav\u00edrus-j\u00e1rv\u00e1nynak a munkaer\u0151piacra n\u00e9zve, abban azonban egyet\u00e9rt\u00e9s alakult ki a Portfolio HR Revolution konferenci\u00e1n, hogy a remote munkav\u00e9gz\u00e9s, azaz, hogy t\u00e1volr\u00f3l is lehet dolgozni, vel\u00fcnk marad &#8211; elemezte a Covid-v\u00e1ls\u00e1g ut\u00e1ni toborz\u00e1si trendeket \u00e9s strat\u00e9gi\u00e1kat Toldi G\u00e1bor, SocialTalent CEE partner, DTC solution \u00fcgyvezet\u0151 igazgat\u00f3ja.<\/strong><\/p>\n<p>A m\u00e1sik tanuls\u00e1ga pedig az, hogy munkaer\u0151piaci szempont\u00f3l a dolgoz\u00f3k el is v\u00e1rj\u00e1k, hogy remote-ban dolgozhassanak. Ezt al\u00e1 tudj\u00e1k t\u00e1masztani azok a HR-esek, akik igaz\u00e1n kvalifik\u00e1ltak, vagy a kritikus piaci szegmensekben, ahol igazi verseny folyik, ott azzal szembes\u00fclnek, hogy a jel\u00f6ltek az \u00e1ll\u00e1sinterj\u00fan a j\u00e1rv\u00e1ny ut\u00e1ni remote policy fel\u0151l \u00e9rdekl\u0151dnek. Toldi G\u00e1bor szerint annak a munk\u00e1ltat\u00f3nak, akinek nincs erre vil\u00e1gos v\u00e1lasza v\u00e1llalati szinten, az most bajban van, r\u00e1ad\u00e1sul ebben a k\u00e9rd\u00e9sben hom\u00e1lyos v\u00e1laszok nem elegend\u0151ek a munkav\u00e1llal\u00f3k megnyer\u00e9s\u00e9hez. Az elv\u00e1r\u00e1s az, hogy a dolgoz\u00f3 hetente egyszer menne be az irod\u00e1ba, de akkor is csak, ha musz\u00e1j &#8211; tette hozz\u00e1. El\u0151ad\u00e1s\u00e1ban kit\u00e9rt a munkak\u00f6rnyezetre is, ezen a ponton megjegyezve, hogy amennyiben a munka digit\u00e1lis fel\u00fcleten zajlik, akkor annak is hat\u00e9konyan kell m\u0171k\u00f6dnie. Az egyes digit\u00e1lis eszk\u00f6z\u00f6k ter\u00e9n m\u00e9g van hova fejl\u0151dni. Az \u00faj munkak\u00f6rnyezet a v\u00e1llalati kult\u00fara v\u00e1ltoz\u00e1s\u00e1val is j\u00e1r. S\u00falyos k\u00e9rd\u00e9s, amelyet a toborz\u00e1s tekintet\u00e9ben is fejleszt\u00e9sre szorul, a min\u0151s\u00e9gi kiv\u00e1laszt\u00e1s. Mivel munkaer\u0151hi\u00e1ny van, ez\u00e9rt m\u00e9g ink\u00e1bb fel\u00e9rt\u00e9kel\u0151dik, hogy egy-egy c\u00e9g kit foglalkoztasson.<\/p>\n<p>Forr\u00e1s: portfolio.hu<\/p>\n","protected":false},"excerpt":{"rendered":"<p>A munkav\u00e1llal\u00f3k is ig\u00e9nylik, hogy otthonr\u00f3l dolgozhassanak, a munkaad\u00f3k viszont elv\u00e1rj\u00e1k, hogy min\u0151s\u00e9gi munk\u00e1t v\u00e9gezzenek.T\u00f6bb tanuls\u00e1ga is lett a koronav\u00edrus-j\u00e1rv\u00e1nynak a munkaer\u0151piacra n\u00e9zve, abban azonban egyet\u00e9rt\u00e9s alakult ki a Portfolio HR Revolution konferenci\u00e1n, hogy a remote munkav\u00e9gz\u00e9s, azaz, hogy t\u00e1volr\u00f3l is lehet dolgozni, vel\u00fcnk marad &#8211; elemezte a Covid-v\u00e1ls\u00e1g ut\u00e1ni toborz\u00e1si trendeket \u00e9s strat\u00e9gi\u00e1kat Toldi [&hellip;]<\/p>\n","protected":false},"author":1,"featured_media":4700,"comment_status":"open","ping_status":"open","sticky":false,"template":"","format":"standard","meta":{"_monsterinsights_skip_tracking":false,"footnotes":""},"categories":[200],"tags":[],"class_list":["post-4821","post","type-post","status-publish","format-standard","has-post-thumbnail","hentry","category-munkaeropiac"],"aioseo_notices":[],"aioseo_head":"\n\t\t<!-- All in One SEO 5.0.0.1 - aioseo.com -->\n\t<meta name=\"description\" content=\"A munkav\u00e1llal\u00f3k is ig\u00e9nylik, hogy otthonr\u00f3l dolgozhassanak, a munkaad\u00f3k viszont elv\u00e1rj\u00e1k, hogy min\u0151s\u00e9gi munk\u00e1t v\u00e9gezzenek.T\u00f6bb tanuls\u00e1ga is lett a koronav\u00edrus-j\u00e1rv\u00e1nynak a munkaer\u0151piacra n\u00e9zve, abban azonban egyet\u00e9rt\u00e9s alakult ki a Portfolio HR Revolution konferenci\u00e1n, hogy a remote munkav\u00e9gz\u00e9s, azaz, hogy t\u00e1volr\u00f3l is lehet dolgozni, vel\u00fcnk marad - elemezte a Covid-v\u00e1ls\u00e1g ut\u00e1ni toborz\u00e1si trendeket \u00e9s strat\u00e9gi\u00e1kat Toldi\" \/>\n\t<meta name=\"robots\" content=\"max-image-preview:large\" \/>\n\t<meta name=\"author\" content=\"Juh\u00e1sz P\u00e9ter\"\/>\n\t<link rel=\"canonical\" href=\"https:\/\/allasorias.hu\/hirek\/lehet-otthonrol-is-eredmenyesen-dolgozni\/\" \/>\n\t<meta name=\"generator\" content=\"All in One SEO (AIOSEO) 5.0.0.1\" \/>\n\t\t<meta property=\"og:locale\" content=\"hu_HU\" \/>\n\t\t<meta property=\"og:site_name\" content=\"AllasOrias.hu | H\u00edrek-lapszemle | \u00dczleti h\u00edrek az \u00e1ll\u00e1s \u00e9s a munka vil\u00e1g\u00e1b\u00f3l\" \/>\n\t\t<meta property=\"og:type\" content=\"article\" \/>\n\t\t<meta property=\"og:title\" content=\"Lehet otthonr\u00f3l is eredm\u00e9nyesen dolgozni | AllasOrias.hu | H\u00edrek-lapszemle\" \/>\n\t\t<meta property=\"og:description\" content=\"A munkav\u00e1llal\u00f3k is ig\u00e9nylik, hogy otthonr\u00f3l dolgozhassanak, a munkaad\u00f3k viszont elv\u00e1rj\u00e1k, hogy min\u0151s\u00e9gi munk\u00e1t v\u00e9gezzenek.T\u00f6bb tanuls\u00e1ga is lett a koronav\u00edrus-j\u00e1rv\u00e1nynak a munkaer\u0151piacra n\u00e9zve, abban azonban egyet\u00e9rt\u00e9s alakult ki a Portfolio HR Revolution konferenci\u00e1n, hogy a remote munkav\u00e9gz\u00e9s, azaz, hogy t\u00e1volr\u00f3l is lehet dolgozni, vel\u00fcnk marad - elemezte a Covid-v\u00e1ls\u00e1g ut\u00e1ni toborz\u00e1si trendeket \u00e9s strat\u00e9gi\u00e1kat Toldi\" \/>\n\t\t<meta property=\"og:url\" content=\"https:\/\/allasorias.hu\/hirek\/lehet-otthonrol-is-eredmenyesen-dolgozni\/\" \/>\n\t\t<meta property=\"og:image\" content=\"https:\/\/allasorias.hu\/hirek\/wp-content\/uploads\/2021\/04\/happy-woman-sitting-sofa-using-laptop-home.jpg\" \/>\n\t\t<meta property=\"og:image:secure_url\" content=\"https:\/\/allasorias.hu\/hirek\/wp-content\/uploads\/2021\/04\/happy-woman-sitting-sofa-using-laptop-home.jpg\" \/>\n\t\t<meta property=\"og:image:width\" content=\"1920\" \/>\n\t\t<meta property=\"og:image:height\" content=\"1280\" \/>\n\t\t<meta property=\"article:published_time\" content=\"2021-06-02T07:29:49+00:00\" \/>\n\t\t<meta property=\"article:modified_time\" content=\"2021-06-02T07:29:49+00:00\" \/>\n\t\t<meta property=\"article:publisher\" content=\"https:\/\/www.facebook.com\/allasorias\" \/>\n\t\t<meta name=\"twitter:card\" content=\"summary_large_image\" \/>\n\t\t<meta name=\"twitter:title\" content=\"Lehet otthonr\u00f3l is eredm\u00e9nyesen dolgozni | AllasOrias.hu | H\u00edrek-lapszemle\" \/>\n\t\t<meta name=\"twitter:description\" content=\"A munkav\u00e1llal\u00f3k is ig\u00e9nylik, hogy otthonr\u00f3l dolgozhassanak, a munkaad\u00f3k viszont elv\u00e1rj\u00e1k, hogy min\u0151s\u00e9gi munk\u00e1t v\u00e9gezzenek.T\u00f6bb tanuls\u00e1ga is lett a koronav\u00edrus-j\u00e1rv\u00e1nynak a munkaer\u0151piacra n\u00e9zve, abban azonban egyet\u00e9rt\u00e9s alakult ki a Portfolio HR Revolution konferenci\u00e1n, hogy a remote munkav\u00e9gz\u00e9s, azaz, hogy t\u00e1volr\u00f3l is lehet dolgozni, vel\u00fcnk marad - elemezte a Covid-v\u00e1ls\u00e1g ut\u00e1ni toborz\u00e1si trendeket \u00e9s strat\u00e9gi\u00e1kat Toldi\" \/>\n\t\t<meta name=\"twitter:image\" content=\"https:\/\/allasorias.hu\/hirek\/wp-content\/uploads\/2021\/04\/happy-woman-sitting-sofa-using-laptop-home.jpg\" \/>\n\t\t<meta name=\"twitter:label1\" content=\"Written by\" \/>\n\t\t<meta name=\"twitter:data1\" content=\"Juh\u00e1sz P\u00e9ter\" \/>\n\t\t<meta name=\"twitter:label2\" content=\"Est. reading time\" \/>\n\t\t<meta name=\"twitter:data2\" content=\"2 minutes\" \/>\n\t\t<script type=\"application\/ld+json\" class=\"aioseo-schema\">\n\t\t\t{\"@context\":\"https:\\\/\\\/schema.org\",\"@graph\":[{\"@type\":\"Article\",\"@id\":\"https:\\\/\\\/allasorias.hu\\\/hirek\\\/lehet-otthonrol-is-eredmenyesen-dolgozni\\\/#article\",\"name\":\"Lehet otthonr\\u00f3l is eredm\\u00e9nyesen dolgozni | AllasOrias.hu | H\\u00edrek-lapszemle\",\"headline\":\"Lehet otthonr\\u00f3l is eredm\\u00e9nyesen dolgozni\",\"author\":{\"@id\":\"https:\\\/\\\/allasorias.hu\\\/hirek\\\/author\\\/admin-allasorias\\\/#author\"},\"publisher\":{\"@id\":\"https:\\\/\\\/allasorias.hu\\\/hirek\\\/#organization\"},\"image\":{\"@type\":\"ImageObject\",\"url\":\"https:\\\/\\\/allasorias.hu\\\/hirek\\\/wp-content\\\/uploads\\\/2021\\\/04\\\/happy-woman-sitting-sofa-using-laptop-home.jpg\",\"width\":1920,\"height\":1280,\"caption\":\"Happy pretty young woman sitting on sofa and using laptop at home\"},\"datePublished\":\"2021-06-02T07:29:49+02:00\",\"dateModified\":\"2021-06-02T07:29:49+02:00\",\"inLanguage\":\"hu-HU\",\"mainEntityOfPage\":{\"@id\":\"https:\\\/\\\/allasorias.hu\\\/hirek\\\/lehet-otthonrol-is-eredmenyesen-dolgozni\\\/#webpage\"},\"isPartOf\":{\"@id\":\"https:\\\/\\\/allasorias.hu\\\/hirek\\\/lehet-otthonrol-is-eredmenyesen-dolgozni\\\/#webpage\"},\"articleSection\":\"Munkaer\\u0151piac\"},{\"@type\":\"BreadcrumbList\",\"@id\":\"https:\\\/\\\/allasorias.hu\\\/hirek\\\/lehet-otthonrol-is-eredmenyesen-dolgozni\\\/#breadcrumblist\",\"itemListElement\":[{\"@type\":\"ListItem\",\"@id\":\"https:\\\/\\\/allasorias.hu\\\/hirek#listItem\",\"position\":1,\"name\":\"Home\",\"item\":\"https:\\\/\\\/allasorias.hu\\\/hirek\",\"nextItem\":{\"@type\":\"ListItem\",\"@id\":\"https:\\\/\\\/allasorias.hu\\\/hirek\\\/temak\\\/munkaeropiac\\\/#listItem\",\"name\":\"Munkaer\\u0151piac\"}},{\"@type\":\"ListItem\",\"@id\":\"https:\\\/\\\/allasorias.hu\\\/hirek\\\/temak\\\/munkaeropiac\\\/#listItem\",\"position\":2,\"name\":\"Munkaer\\u0151piac\",\"item\":\"https:\\\/\\\/allasorias.hu\\\/hirek\\\/temak\\\/munkaeropiac\\\/\",\"nextItem\":{\"@type\":\"ListItem\",\"@id\":\"https:\\\/\\\/allasorias.hu\\\/hirek\\\/lehet-otthonrol-is-eredmenyesen-dolgozni\\\/#listItem\",\"name\":\"Lehet otthonr\\u00f3l is eredm\\u00e9nyesen dolgozni\"},\"previousItem\":{\"@type\":\"ListItem\",\"@id\":\"https:\\\/\\\/allasorias.hu\\\/hirek#listItem\",\"name\":\"Home\"}},{\"@type\":\"ListItem\",\"@id\":\"https:\\\/\\\/allasorias.hu\\\/hirek\\\/lehet-otthonrol-is-eredmenyesen-dolgozni\\\/#listItem\",\"position\":3,\"name\":\"Lehet otthonr\\u00f3l is eredm\\u00e9nyesen dolgozni\",\"previousItem\":{\"@type\":\"ListItem\",\"@id\":\"https:\\\/\\\/allasorias.hu\\\/hirek\\\/temak\\\/munkaeropiac\\\/#listItem\",\"name\":\"Munkaer\\u0151piac\"}}]},{\"@type\":\"Organization\",\"@id\":\"https:\\\/\\\/allasorias.hu\\\/hirek\\\/#organization\",\"name\":\"AllasOrias.hu | H\\u00edrek-lapszemle\",\"description\":\"\\u00dczleti h\\u00edrek az \\u00e1ll\\u00e1s \\u00e9s a munka vil\\u00e1g\\u00e1b\\u00f3l\",\"url\":\"https:\\\/\\\/allasorias.hu\\\/hirek\\\/\",\"logo\":{\"@type\":\"ImageObject\",\"url\":\"https:\\\/\\\/allasorias.hu\\\/hirek\\\/wp-content\\\/uploads\\\/2022\\\/10\\\/allasorias_site_facebok_logo.png\",\"@id\":\"https:\\\/\\\/allasorias.hu\\\/hirek\\\/lehet-otthonrol-is-eredmenyesen-dolgozni\\\/#organizationLogo\"},\"image\":{\"@id\":\"https:\\\/\\\/allasorias.hu\\\/hirek\\\/lehet-otthonrol-is-eredmenyesen-dolgozni\\\/#organizationLogo\"},\"sameAs\":[\"https:\\\/\\\/www.facebook.com\\\/allasorias\",\"https:\\\/\\\/www.linkedin.com\\\/company\\\/allasorias\"]},{\"@type\":\"Person\",\"@id\":\"https:\\\/\\\/allasorias.hu\\\/hirek\\\/author\\\/admin-allasorias\\\/#author\",\"url\":\"https:\\\/\\\/allasorias.hu\\\/hirek\\\/author\\\/admin-allasorias\\\/\",\"name\":\"Juh\\u00e1sz P\\u00e9ter\",\"image\":{\"@type\":\"ImageObject\",\"@id\":\"https:\\\/\\\/allasorias.hu\\\/hirek\\\/lehet-otthonrol-is-eredmenyesen-dolgozni\\\/#authorImage\",\"url\":\"https:\\\/\\\/secure.gravatar.com\\\/avatar\\\/36e6bcb83148978b992977cb0f54d22feb0cce8a0a849a9410532bb2623ba4c6?s=96&d=mm&r=g\",\"width\":96,\"height\":96,\"caption\":\"Juh\\u00e1sz P\\u00e9ter\"}},{\"@type\":\"WebPage\",\"@id\":\"https:\\\/\\\/allasorias.hu\\\/hirek\\\/lehet-otthonrol-is-eredmenyesen-dolgozni\\\/#webpage\",\"url\":\"https:\\\/\\\/allasorias.hu\\\/hirek\\\/lehet-otthonrol-is-eredmenyesen-dolgozni\\\/\",\"name\":\"Lehet otthonr\\u00f3l is eredm\\u00e9nyesen dolgozni | AllasOrias.hu | H\\u00edrek-lapszemle\",\"description\":\"A munkav\\u00e1llal\\u00f3k is ig\\u00e9nylik, hogy otthonr\\u00f3l dolgozhassanak, a munkaad\\u00f3k viszont elv\\u00e1rj\\u00e1k, hogy min\\u0151s\\u00e9gi munk\\u00e1t v\\u00e9gezzenek.T\\u00f6bb tanuls\\u00e1ga is lett a koronav\\u00edrus-j\\u00e1rv\\u00e1nynak a munkaer\\u0151piacra n\\u00e9zve, abban azonban egyet\\u00e9rt\\u00e9s alakult ki a Portfolio HR Revolution konferenci\\u00e1n, hogy a remote munkav\\u00e9gz\\u00e9s, azaz, hogy t\\u00e1volr\\u00f3l is lehet dolgozni, vel\\u00fcnk marad - elemezte a Covid-v\\u00e1ls\\u00e1g ut\\u00e1ni toborz\\u00e1si trendeket \\u00e9s strat\\u00e9gi\\u00e1kat Toldi\",\"inLanguage\":\"hu-HU\",\"isPartOf\":{\"@id\":\"https:\\\/\\\/allasorias.hu\\\/hirek\\\/#website\"},\"breadcrumb\":{\"@id\":\"https:\\\/\\\/allasorias.hu\\\/hirek\\\/lehet-otthonrol-is-eredmenyesen-dolgozni\\\/#breadcrumblist\"},\"author\":{\"@id\":\"https:\\\/\\\/allasorias.hu\\\/hirek\\\/author\\\/admin-allasorias\\\/#author\"},\"creator\":{\"@id\":\"https:\\\/\\\/allasorias.hu\\\/hirek\\\/author\\\/admin-allasorias\\\/#author\"},\"image\":{\"@type\":\"ImageObject\",\"url\":\"https:\\\/\\\/allasorias.hu\\\/hirek\\\/wp-content\\\/uploads\\\/2021\\\/04\\\/happy-woman-sitting-sofa-using-laptop-home.jpg\",\"@id\":\"https:\\\/\\\/allasorias.hu\\\/hirek\\\/lehet-otthonrol-is-eredmenyesen-dolgozni\\\/#mainImage\",\"width\":1920,\"height\":1280,\"caption\":\"Happy pretty young woman sitting on sofa and using laptop at home\"},\"primaryImageOfPage\":{\"@id\":\"https:\\\/\\\/allasorias.hu\\\/hirek\\\/lehet-otthonrol-is-eredmenyesen-dolgozni\\\/#mainImage\"},\"datePublished\":\"2021-06-02T07:29:49+02:00\",\"dateModified\":\"2021-06-02T07:29:49+02:00\"},{\"@type\":\"WebSite\",\"@id\":\"https:\\\/\\\/allasorias.hu\\\/hirek\\\/#website\",\"url\":\"https:\\\/\\\/allasorias.hu\\\/hirek\\\/\",\"name\":\"AllasOrias.hu | H\\u00edrek-lapszemle\",\"description\":\"\\u00dczleti h\\u00edrek az \\u00e1ll\\u00e1s \\u00e9s a munka vil\\u00e1g\\u00e1b\\u00f3l\",\"inLanguage\":\"hu-HU\",\"publisher\":{\"@id\":\"https:\\\/\\\/allasorias.hu\\\/hirek\\\/#organization\"}}]}\n\t\t<\/script>\n\t\t<!-- All in One SEO -->\n\n","aioseo_head_json":{"title":"Lehet otthonr\u00f3l is eredm\u00e9nyesen dolgozni | AllasOrias.hu | H\u00edrek-lapszemle","description":"A munkav\u00e1llal\u00f3k is ig\u00e9nylik, hogy otthonr\u00f3l dolgozhassanak, a munkaad\u00f3k viszont elv\u00e1rj\u00e1k, hogy min\u0151s\u00e9gi munk\u00e1t v\u00e9gezzenek.T\u00f6bb tanuls\u00e1ga is lett a koronav\u00edrus-j\u00e1rv\u00e1nynak a munkaer\u0151piacra n\u00e9zve, abban azonban egyet\u00e9rt\u00e9s alakult ki a Portfolio HR Revolution konferenci\u00e1n, hogy a remote munkav\u00e9gz\u00e9s, azaz, hogy t\u00e1volr\u00f3l is lehet dolgozni, vel\u00fcnk marad - elemezte a Covid-v\u00e1ls\u00e1g ut\u00e1ni toborz\u00e1si trendeket \u00e9s strat\u00e9gi\u00e1kat Toldi","canonical_url":"https:\/\/allasorias.hu\/hirek\/lehet-otthonrol-is-eredmenyesen-dolgozni\/","robots":"max-image-preview:large","keywords":"","webmasterTools":{"miscellaneous":""},"schema":{"@context":"https:\/\/schema.org","@graph":[{"@type":"Article","@id":"https:\/\/allasorias.hu\/hirek\/lehet-otthonrol-is-eredmenyesen-dolgozni\/#article","name":"Lehet otthonr\u00f3l is eredm\u00e9nyesen dolgozni | AllasOrias.hu | H\u00edrek-lapszemle","headline":"Lehet otthonr\u00f3l is eredm\u00e9nyesen dolgozni","author":{"@id":"https:\/\/allasorias.hu\/hirek\/author\/admin-allasorias\/#author"},"publisher":{"@id":"https:\/\/allasorias.hu\/hirek\/#organization"},"image":{"@type":"ImageObject","url":"https:\/\/allasorias.hu\/hirek\/wp-content\/uploads\/2021\/04\/happy-woman-sitting-sofa-using-laptop-home.jpg","width":1920,"height":1280,"caption":"Happy pretty young woman sitting on sofa and using laptop at home"},"datePublished":"2021-06-02T07:29:49+02:00","dateModified":"2021-06-02T07:29:49+02:00","inLanguage":"hu-HU","mainEntityOfPage":{"@id":"https:\/\/allasorias.hu\/hirek\/lehet-otthonrol-is-eredmenyesen-dolgozni\/#webpage"},"isPartOf":{"@id":"https:\/\/allasorias.hu\/hirek\/lehet-otthonrol-is-eredmenyesen-dolgozni\/#webpage"},"articleSection":"Munkaer\u0151piac"},{"@type":"BreadcrumbList","@id":"https:\/\/allasorias.hu\/hirek\/lehet-otthonrol-is-eredmenyesen-dolgozni\/#breadcrumblist","itemListElement":[{"@type":"ListItem","@id":"https:\/\/allasorias.hu\/hirek#listItem","position":1,"name":"Home","item":"https:\/\/allasorias.hu\/hirek","nextItem":{"@type":"ListItem","@id":"https:\/\/allasorias.hu\/hirek\/temak\/munkaeropiac\/#listItem","name":"Munkaer\u0151piac"}},{"@type":"ListItem","@id":"https:\/\/allasorias.hu\/hirek\/temak\/munkaeropiac\/#listItem","position":2,"name":"Munkaer\u0151piac","item":"https:\/\/allasorias.hu\/hirek\/temak\/munkaeropiac\/","nextItem":{"@type":"ListItem","@id":"https:\/\/allasorias.hu\/hirek\/lehet-otthonrol-is-eredmenyesen-dolgozni\/#listItem","name":"Lehet otthonr\u00f3l is eredm\u00e9nyesen dolgozni"},"previousItem":{"@type":"ListItem","@id":"https:\/\/allasorias.hu\/hirek#listItem","name":"Home"}},{"@type":"ListItem","@id":"https:\/\/allasorias.hu\/hirek\/lehet-otthonrol-is-eredmenyesen-dolgozni\/#listItem","position":3,"name":"Lehet otthonr\u00f3l is eredm\u00e9nyesen dolgozni","previousItem":{"@type":"ListItem","@id":"https:\/\/allasorias.hu\/hirek\/temak\/munkaeropiac\/#listItem","name":"Munkaer\u0151piac"}}]},{"@type":"Organization","@id":"https:\/\/allasorias.hu\/hirek\/#organization","name":"AllasOrias.hu | H\u00edrek-lapszemle","description":"\u00dczleti h\u00edrek az \u00e1ll\u00e1s \u00e9s a munka vil\u00e1g\u00e1b\u00f3l","url":"https:\/\/allasorias.hu\/hirek\/","logo":{"@type":"ImageObject","url":"https:\/\/allasorias.hu\/hirek\/wp-content\/uploads\/2022\/10\/allasorias_site_facebok_logo.png","@id":"https:\/\/allasorias.hu\/hirek\/lehet-otthonrol-is-eredmenyesen-dolgozni\/#organizationLogo"},"image":{"@id":"https:\/\/allasorias.hu\/hirek\/lehet-otthonrol-is-eredmenyesen-dolgozni\/#organizationLogo"},"sameAs":["https:\/\/www.facebook.com\/allasorias","https:\/\/www.linkedin.com\/company\/allasorias"]},{"@type":"Person","@id":"https:\/\/allasorias.hu\/hirek\/author\/admin-allasorias\/#author","url":"https:\/\/allasorias.hu\/hirek\/author\/admin-allasorias\/","name":"Juh\u00e1sz P\u00e9ter","image":{"@type":"ImageObject","@id":"https:\/\/allasorias.hu\/hirek\/lehet-otthonrol-is-eredmenyesen-dolgozni\/#authorImage","url":"https:\/\/secure.gravatar.com\/avatar\/36e6bcb83148978b992977cb0f54d22feb0cce8a0a849a9410532bb2623ba4c6?s=96&d=mm&r=g","width":96,"height":96,"caption":"Juh\u00e1sz P\u00e9ter"}},{"@type":"WebPage","@id":"https:\/\/allasorias.hu\/hirek\/lehet-otthonrol-is-eredmenyesen-dolgozni\/#webpage","url":"https:\/\/allasorias.hu\/hirek\/lehet-otthonrol-is-eredmenyesen-dolgozni\/","name":"Lehet otthonr\u00f3l is eredm\u00e9nyesen dolgozni | AllasOrias.hu | H\u00edrek-lapszemle","description":"A munkav\u00e1llal\u00f3k is ig\u00e9nylik, hogy otthonr\u00f3l dolgozhassanak, a munkaad\u00f3k viszont elv\u00e1rj\u00e1k, hogy min\u0151s\u00e9gi munk\u00e1t v\u00e9gezzenek.T\u00f6bb tanuls\u00e1ga is lett a koronav\u00edrus-j\u00e1rv\u00e1nynak a munkaer\u0151piacra n\u00e9zve, abban azonban egyet\u00e9rt\u00e9s alakult ki a Portfolio HR Revolution konferenci\u00e1n, hogy a remote munkav\u00e9gz\u00e9s, azaz, hogy t\u00e1volr\u00f3l is lehet dolgozni, vel\u00fcnk marad - elemezte a Covid-v\u00e1ls\u00e1g ut\u00e1ni toborz\u00e1si trendeket \u00e9s strat\u00e9gi\u00e1kat Toldi","inLanguage":"hu-HU","isPartOf":{"@id":"https:\/\/allasorias.hu\/hirek\/#website"},"breadcrumb":{"@id":"https:\/\/allasorias.hu\/hirek\/lehet-otthonrol-is-eredmenyesen-dolgozni\/#breadcrumblist"},"author":{"@id":"https:\/\/allasorias.hu\/hirek\/author\/admin-allasorias\/#author"},"creator":{"@id":"https:\/\/allasorias.hu\/hirek\/author\/admin-allasorias\/#author"},"image":{"@type":"ImageObject","url":"https:\/\/allasorias.hu\/hirek\/wp-content\/uploads\/2021\/04\/happy-woman-sitting-sofa-using-laptop-home.jpg","@id":"https:\/\/allasorias.hu\/hirek\/lehet-otthonrol-is-eredmenyesen-dolgozni\/#mainImage","width":1920,"height":1280,"caption":"Happy pretty young woman sitting on sofa and using laptop at home"},"primaryImageOfPage":{"@id":"https:\/\/allasorias.hu\/hirek\/lehet-otthonrol-is-eredmenyesen-dolgozni\/#mainImage"},"datePublished":"2021-06-02T07:29:49+02:00","dateModified":"2021-06-02T07:29:49+02:00"},{"@type":"WebSite","@id":"https:\/\/allasorias.hu\/hirek\/#website","url":"https:\/\/allasorias.hu\/hirek\/","name":"AllasOrias.hu | H\u00edrek-lapszemle","description":"\u00dczleti h\u00edrek az \u00e1ll\u00e1s \u00e9s a munka vil\u00e1g\u00e1b\u00f3l","inLanguage":"hu-HU","publisher":{"@id":"https:\/\/allasorias.hu\/hirek\/#organization"}}]},"og:locale":"hu_HU","og:site_name":"AllasOrias.hu | H\u00edrek-lapszemle | \u00dczleti h\u00edrek az \u00e1ll\u00e1s \u00e9s a munka vil\u00e1g\u00e1b\u00f3l","og:type":"article","og:title":"Lehet otthonr\u00f3l is eredm\u00e9nyesen dolgozni | AllasOrias.hu | H\u00edrek-lapszemle","og:description":"A munkav\u00e1llal\u00f3k is ig\u00e9nylik, hogy otthonr\u00f3l dolgozhassanak, a munkaad\u00f3k viszont elv\u00e1rj\u00e1k, hogy min\u0151s\u00e9gi munk\u00e1t v\u00e9gezzenek.T\u00f6bb tanuls\u00e1ga is lett a koronav\u00edrus-j\u00e1rv\u00e1nynak a munkaer\u0151piacra n\u00e9zve, abban azonban egyet\u00e9rt\u00e9s alakult ki a Portfolio HR Revolution konferenci\u00e1n, hogy a remote munkav\u00e9gz\u00e9s, azaz, hogy t\u00e1volr\u00f3l is lehet dolgozni, vel\u00fcnk marad - elemezte a Covid-v\u00e1ls\u00e1g ut\u00e1ni toborz\u00e1si trendeket \u00e9s strat\u00e9gi\u00e1kat Toldi","og:url":"https:\/\/allasorias.hu\/hirek\/lehet-otthonrol-is-eredmenyesen-dolgozni\/","og:image":"https:\/\/allasorias.hu\/hirek\/wp-content\/uploads\/2021\/04\/happy-woman-sitting-sofa-using-laptop-home.jpg","og:image:secure_url":"https:\/\/allasorias.hu\/hirek\/wp-content\/uploads\/2021\/04\/happy-woman-sitting-sofa-using-laptop-home.jpg","og:image:width":1920,"og:image:height":1280,"article:published_time":"2021-06-02T07:29:49+00:00","article:modified_time":"2021-06-02T07:29:49+00:00","article:publisher":"https:\/\/www.facebook.com\/allasorias","twitter:card":"summary_large_image","twitter:title":"Lehet otthonr\u00f3l is eredm\u00e9nyesen dolgozni | AllasOrias.hu | H\u00edrek-lapszemle","twitter:description":"A munkav\u00e1llal\u00f3k is ig\u00e9nylik, hogy otthonr\u00f3l dolgozhassanak, a munkaad\u00f3k viszont elv\u00e1rj\u00e1k, hogy min\u0151s\u00e9gi munk\u00e1t v\u00e9gezzenek.T\u00f6bb tanuls\u00e1ga is lett a koronav\u00edrus-j\u00e1rv\u00e1nynak a munkaer\u0151piacra n\u00e9zve, abban azonban egyet\u00e9rt\u00e9s alakult ki a Portfolio HR Revolution konferenci\u00e1n, hogy a remote munkav\u00e9gz\u00e9s, azaz, hogy t\u00e1volr\u00f3l is lehet dolgozni, vel\u00fcnk marad - elemezte a Covid-v\u00e1ls\u00e1g ut\u00e1ni toborz\u00e1si trendeket \u00e9s strat\u00e9gi\u00e1kat Toldi","twitter:image":"https:\/\/allasorias.hu\/hirek\/wp-content\/uploads\/2021\/04\/happy-woman-sitting-sofa-using-laptop-home.jpg","twitter:label1":"Written by","twitter:data1":"Juh\u00e1sz P\u00e9ter","twitter:label2":"Est. reading time","twitter:data2":"2 minutes"},"aioseo_meta_data":{"post_id":"4821","title":null,"description":null,"keywords":[],"keyphrases":{"focus":[],"additional":[]},"primary_term":null,"canonical_url":null,"og_title":null,"og_description":null,"og_object_type":"default","og_image_type":"default","og_image_url":null,"og_image_width":null,"og_image_height":null,"og_image_custom_url":null,"og_image_custom_fields":null,"og_video":"","og_custom_url":null,"og_article_section":null,"og_article_tags":[],"twitter_use_og":false,"twitter_card":"default","twitter_image_type":"default","twitter_image_url":null,"twitter_image_custom_url":null,"twitter_image_custom_fields":null,"twitter_title":null,"twitter_description":null,"schema":{"blockGraphs":[],"customGraphs":[],"default":{"data":{"Article":[],"Course":[],"Dataset":[],"FAQPage":[],"Movie":[],"Person":[],"Product":[],"ProductReview":[],"Car":[],"Recipe":[],"Service":[],"SoftwareApplication":[],"WebPage":[]},"graphName":"","isEnabled":true},"graphs":[],"defaultGraph":"Article","defaultPostTypeGraph":""},"schema_type":"default","schema_type_options":"{\"article\":{\"articleType\":\"BlogPosting\"},\"course\":{\"name\":\"\",\"description\":\"\",\"provider\":\"\"},\"faq\":{\"pages\":[]},\"product\":{\"reviews\":[]},\"recipe\":{\"ingredients\":[],\"instructions\":[],\"keywords\":[]},\"software\":{\"reviews\":[],\"operatingSystems\":[]},\"webPage\":{\"webPageType\":\"WebPage\"}}","pillar_content":false,"robots_default":true,"robots_noindex":false,"robots_noarchive":false,"robots_nosnippet":false,"robots_nofollow":false,"robots_noimageindex":false,"robots_noodp":false,"robots_notranslate":false,"robots_max_snippet":"-1","robots_max_videopreview":"-1","robots_max_imagepreview":"large","priority":null,"frequency":"default","location":null,"local_seo":{"locations":{"business":{"name":"","businessType":"","image":"","areaServed":"","urls":{"website":"","aboutPage":"","contactPage":""},"address":{"streetLine1":"","streetLine2":"","zipCode":"","city":"","state":"","country":"","addressFormat":"#streetLineOne\n#streetLineTwo\n#city, #state #zipCode"},"contact":{"phone":"","email":"","fax":""},"ids":{"vat":"","tax":"","chamberOfCommerce":""},"payment":{"priceRange":"","currenciesAccepted":"","methods":""}}},"openingHours":{"useDefaults":true,"show":true,"alwaysOpen":false,"use24hFormat":false,"timezone":"","labels":{"closed":"","alwaysOpen":""},"days":{"monday":{"open24h":false,"closed":false,"openTime":"09:00","closeTime":"17:00"},"tuesday":{"open24h":false,"closed":false,"openTime":"09:00","closeTime":"17:00"},"wednesday":{"open24h":false,"closed":false,"openTime":"09:00","closeTime":"17:00"},"thursday":{"open24h":false,"closed":false,"openTime":"09:00","closeTime":"17:00"},"friday":{"open24h":false,"closed":false,"openTime":"09:00","closeTime":"17:00"},"saturday":{"open24h":false,"closed":false,"openTime":"09:00","closeTime":"17:00"},"sunday":{"open24h":false,"closed":false,"openTime":"09:00","closeTime":"17:00"}}}},"breadcrumb_settings":null,"limit_modified_date":false,"ai":null,"created":"2021-06-02 07:26:19","updated":"2025-10-02 15:48:18","seo_analyzer_scan_date":null,"focus_keyword":null,"additional_keywords":null,"truseo_locale":null},"aioseo_breadcrumb":"<div class=\"aioseo-breadcrumbs\"><span class=\"aioseo-breadcrumb\">\n\t\t\t<a href=\"https:\/\/allasorias.hu\/hirek\" title=\"Home\">Home<\/a>\n\t\t<\/span><span class=\"aioseo-breadcrumb-separator\">&raquo;<\/span><span class=\"aioseo-breadcrumb\">\n\t\t\t<a href=\"https:\/\/allasorias.hu\/hirek\/temak\/munkaeropiac\/\" title=\"Munkaer\u0151piac\">Munkaer\u0151piac<\/a>\n\t\t<\/span><span class=\"aioseo-breadcrumb-separator\">&raquo;<\/span><span class=\"aioseo-breadcrumb\">\n\t\t\tLehet otthonr\u00f3l is eredm\u00e9nyesen dolgozni\n\t\t<\/span><\/div>","aioseo_breadcrumb_json":[{"label":"Home","link":"https:\/\/allasorias.hu\/hirek"},{"label":"Munkaer\u0151piac","link":"https:\/\/allasorias.hu\/hirek\/temak\/munkaeropiac\/"},{"label":"Lehet otthonr\u00f3l is eredm\u00e9nyesen dolgozni","link":"https:\/\/allasorias.hu\/hirek\/lehet-otthonrol-is-eredmenyesen-dolgozni\/"}],"_links":{"self":[{"href":"https:\/\/allasorias.hu\/hirek\/wp-json\/wp\/v2\/posts\/4821","targetHints":{"allow":["GET"]}}],"collection":[{"href":"https:\/\/allasorias.hu\/hirek\/wp-json\/wp\/v2\/posts"}],"about":[{"href":"https:\/\/allasorias.hu\/hirek\/wp-json\/wp\/v2\/types\/post"}],"author":[{"embeddable":true,"href":"https:\/\/allasorias.hu\/hirek\/wp-json\/wp\/v2\/users\/1"}],"replies":[{"embeddable":true,"href":"https:\/\/allasorias.hu\/hirek\/wp-json\/wp\/v2\/comments?post=4821"}],"version-history":[{"count":1,"href":"https:\/\/allasorias.hu\/hirek\/wp-json\/wp\/v2\/posts\/4821\/revisions"}],"predecessor-version":[{"id":4822,"href":"https:\/\/allasorias.hu\/hirek\/wp-json\/wp\/v2\/posts\/4821\/revisions\/4822"}],"wp:featuredmedia":[{"embeddable":true,"href":"https:\/\/allasorias.hu\/hirek\/wp-json\/wp\/v2\/media\/4700"}],"wp:attachment":[{"href":"https:\/\/allasorias.hu\/hirek\/wp-json\/wp\/v2\/media?parent=4821"}],"wp:term":[{"taxonomy":"category","embeddable":true,"href":"https:\/\/allasorias.hu\/hirek\/wp-json\/wp\/v2\/categories?post=4821"},{"taxonomy":"post_tag","embeddable":true,"href":"https:\/\/allasorias.hu\/hirek\/wp-json\/wp\/v2\/tags?post=4821"}],"curies":[{"name":"wp","href":"https:\/\/api.w.org\/{rel}","templated":true}]}}