{"id":4808,"date":"2021-05-26T08:21:14","date_gmt":"2021-05-26T08:21:14","guid":{"rendered":"https:\/\/allasorias.hu\/hirek\/?p=4808"},"modified":"2021-05-26T08:21:14","modified_gmt":"2021-05-26T08:21:14","slug":"fontos-szerep-jut-a-diakoknak-a-gazdasagban","status":"publish","type":"post","link":"https:\/\/allasorias.hu\/hirek\/fontos-szerep-jut-a-diakoknak-a-gazdasagban\/","title":{"rendered":"Fontos szerep jut a di\u00e1koknak a gazdas\u00e1gban"},"content":{"rendered":"<p><strong>A Mind-Di\u00e1k Sz\u00f6vetkezet, amely orsz\u00e1gszerte \u00e9vente k\u00f6zel 10.000 di\u00e1knak biztos\u00edt munk\u00e1t az volt a tapasztalata, hogy tavaly tavasszal jellemz\u0151en az els\u0151k k\u00f6z\u00f6tt szerepeltek a di\u00e1kok, akiket le\u00e9p\u00edtettek, az elm\u00falt f\u00e9l\u00e9v ugyanakkor azt mutatja, hogy az \u00e1talakult gazdas\u00e1gi helyzetben \u0151k azok, akikre nagy m\u00e9rt\u00e9kben \u00e9p\u00edtenek a c\u00e9gek.<\/strong><\/p>\n<p>A j\u00e1rv\u00e1ny okozta gazdas\u00e1gi sokk, a lez\u00e1r\u00e1sok a piac legt\u00f6bb szerepl\u0151j\u00e9nek kisebb-nagyobb neh\u00e9zs\u00e9get okozott. Mikor \u00e9s milyen mennyis\u00e9g\u0171 munkaer\u0151re lehet sz\u00fcks\u00e9g? Meg tudj\u00e1k-e tartani a munkav\u00e1llal\u00f3ikat? Hogyan tudj\u00e1k kiel\u00e9g\u00edteni az ig\u00e9nyeket, ha \u00fajraindul az \u00e9let, \u00e9s egy\u00e1ltal\u00e1n mikor sz\u00e1molhatnak ezzel? Ezek azok a k\u00e9rd\u00e9sek, amik ebben a bizonytalan helyzetben a legt\u00f6bb c\u00e9gvezet\u0151 fej\u00e9ben megfordultak. Ezek azok a k\u00e9rd\u00e9sek, amik nem csak gazdas\u00e1gi szempontb\u00f3l, a c\u00e9g piacon elfoglalt hely\u00e9nek megtart\u00e1sa miatt fontosak, hanem a szervezetr\u0151l kialakult k\u00e9p megtart\u00e1sa, a munkav\u00e1llal\u00f3k ir\u00e1nti lojalit\u00e1s miatt is, hogy biztos h\u00e1tteret ny\u00fajthasson a munkav\u00e1llal\u00f3inak legyen az f\u0151\u00e1ll\u00e1s\u00fa, r\u00e9szmunkaid\u0151s, gyakornok vagy \u00e9ppen di\u00e1k. Ennek a terhe \u00e9s az effajta d\u00f6nt\u00e9sek meghozatala sosem k\u00f6nny\u0171. A Mind-Di\u00e1k Sz\u00f6vetkezet, amely orsz\u00e1gszerte \u00e9vente k\u00f6zel 10.000 di\u00e1knak biztos\u00edt munk\u00e1t az volt a tapasztalata, hogy tavaly tavasszal jellemz\u0151en az els\u0151k k\u00f6z\u00f6tt szerepeltek a di\u00e1kok, akiket le\u00e9p\u00edtettek, az elm\u00falt f\u00e9l\u00e9v ugyanakkor azt mutatja, hogy az \u00e1talakult gazdas\u00e1gi helyzetben \u0151k azok, akikre nagy m\u00e9rt\u00e9kben \u00e9p\u00edtenek a c\u00e9gek. \u201eM\u00e1r \u0151szt\u0151l megfigyelhet\u0151 volt az a tendencia, hogy a di\u00e1kok az otthoni tanul\u00e1snak k\u00f6sz\u00f6nhet\u0151en rugalmasabban, t\u00f6bb kapacit\u00e1ssal tudtak munk\u00e1t v\u00e1llalni, a c\u00e9gek pedig m\u00e1r sz\u00e1mukra is lehet\u0151v\u00e9 tett\u00e9k az otthoni munkav\u00e9gz\u00e9st. Ez a rugalmass\u00e1g teh\u00e1t mindk\u00e9t f\u00e9l r\u00e9sz\u00e9r\u0151l el\u0151ny\u00f6ket hozott, hiszen \u00edgy azok a di\u00e1kok is dolgozhattak, akik tavasszal p\u00e9ld\u00e1ul a hazak\u00f6lt\u00f6z\u00e9s miatt k\u00e9nyszer\u00fcltek k\u00e9nyszerpihen\u0151re.\u201d \u2013 mondta G\u00f6bl R\u00f3bert a Mind-Di\u00e1k Sz\u00f6vetkezet vezet\u0151je. A bizonytalan id\u0151kben teh\u00e1t ma m\u00e1r biztos pontot jelentenek a fiatalok, akikre sz\u00e1mos c\u00e9g \u00e9p\u00edt nem csak a di\u00e1kmunka kapcs\u00e1n, de a gyakornoki programoknak k\u00f6sz\u00f6nhet\u0151en a szakir\u00e1ny\u00fa ismereteket ig\u00e9nyl\u0151 poz\u00edci\u00f3kban is. Egyre ink\u00e1bb bev\u00e1lt gyakorlat ugyanis a c\u00e9gek k\u00f6r\u00e9ben, hogy a di\u00e1ksz\u00f6vetkezeten kereszt\u00fcl, kedvez\u0151 ad\u00f3z\u00e1s mellett, rugalmas id\u0151beoszt\u00e1ssal alkalmaznak fiatalokat, akiket k\u00e9s\u0151bb, tanulm\u00e1nyaik lez\u00e1r\u00e1sa ut\u00e1n teljes \u00e1ll\u00e1sban is alkalmazni tudnak. A Sz\u00f6vetkezet friss 2021. tavaszi kutat\u00e1sa alapj\u00e1n a legnagyobb seg\u00edts\u00e9get az jelenti a c\u00e9gek HR oszt\u00e1lyai sz\u00e1m\u00e1ra, hogy \u0151k \u00e1tveszik a teljes toborz\u00e1s-kiv\u00e1laszt\u00e1st, adminisztr\u00e1ci\u00f3t, a hat\u00f3s\u00e1gi bejelent\u00e9st \u00e9s a b\u00e9rsz\u00e1mfejt\u00e9st is, \u00edgy a partnereik teljes m\u00e9rt\u00e9kben a di\u00e1kok, gyakornokok betan\u00edt\u00e1s\u00e1ra, a munk\u00e1juk szakmai ir\u00e1ny\u00edt\u00e1s\u00e1ra ford\u00edthatj\u00e1k az energi\u00e1ikat. \u201eA Mind-Di\u00e1k Sz\u00f6vetkezet j\u00f3l bev\u00e1lt, di\u00e1kokra szabott kiv\u00e1laszt\u00e1si gyakorlat\u00e1nak a gazdas\u00e1gi nyit\u00e1s id\u0151szak\u00e1ban minden eddigin\u00e9l nagyobb haszn\u00e1t vessz\u00fck. A szem\u00e9lyes \u00fcgyf\u00e9lszolg\u00e1latokon p\u00e9ld\u00e1ul t\u00f6bb v\u00e1rosban is megemelt di\u00e1kl\u00e9tsz\u00e1mot k\u00e9rtek, mivel egyre nagyobb \u00fcgyf\u00e9lforgalmat tapasztalnak. A di\u00e1ksz\u00f6vetkezet a be\u00e9rkez\u0151 ig\u00e9nyekt\u0151l sz\u00e1m\u00edtott egy-k\u00e9t napon bel\u00fcl a teljes kiv\u00e1laszt\u00e1si folyamatot \u00e9s az adminisztr\u00e1ci\u00f3t is elv\u00e9gzi, ezut\u00e1n pedig meg is kezd\u0151dhet a k\u00f6z\u00f6s munka. Ez teh\u00e1t azt jelenti, hogy a c\u00e9gek gyorsan jutnak munkaer\u0151h\u00f6z, r\u00e1ad\u00e1sul, mivel lehet\u0151s\u00e9g\u00fck van h\u00e9tr\u0151l h\u00e9tre megtervezni a beoszt\u00e1st, \u00edgy teljesen az \u00fcgyf\u00e9lforgalomhoz tudj\u00e1k igaz\u00edtani a l\u00e9tsz\u00e1mot \u00e9s ezzel a kiad\u00e1saikat is, hiszen csak a ledolgozott \u00f3r\u00e1k kapcs\u00e1n mer\u00fcl fel k\u00f6lts\u00e9g.\u201d Az iskolasz\u00f6vetkezet vezet\u0151je ugyanakkor arra felh\u00edvja a figyelmet, hogy ez a folyamat m\u00e1just\u00f3l j\u00fanius elej\u00e9ig egy kicsit lelassulhat. A di\u00e1koknak ebben az id\u0151szakban ugyanis els\u0151sorban \u00e9retts\u00e9gi, vizsga-, illetve \u00e1llamvizsga-id\u0151szak van. Ilyenkor teh\u00e1t els\u0151sorban a tanulm\u00e1nyaikra koncentr\u00e1lnak a fiatalok, hogy ny\u00e1ron m\u00e1r teljes er\u0151bedob\u00e1ssal tudjanak \u00fajra a munk\u00e1ra, vagy \u00e9ppen a szakmai gyakorlataikra koncentr\u00e1lni.<\/p>\n<p>Forr\u00e1s: profitline.hu<\/p>\n","protected":false},"excerpt":{"rendered":"<p>A Mind-Di\u00e1k Sz\u00f6vetkezet, amely orsz\u00e1gszerte \u00e9vente k\u00f6zel 10.000 di\u00e1knak biztos\u00edt munk\u00e1t az volt a tapasztalata, hogy tavaly tavasszal jellemz\u0151en az els\u0151k k\u00f6z\u00f6tt szerepeltek a di\u00e1kok, akiket le\u00e9p\u00edtettek, az elm\u00falt f\u00e9l\u00e9v ugyanakkor azt mutatja, hogy az \u00e1talakult gazdas\u00e1gi helyzetben \u0151k azok, akikre nagy m\u00e9rt\u00e9kben \u00e9p\u00edtenek a c\u00e9gek. A j\u00e1rv\u00e1ny okozta gazdas\u00e1gi sokk, a lez\u00e1r\u00e1sok a piac [&hellip;]<\/p>\n","protected":false},"author":1,"featured_media":4703,"comment_status":"open","ping_status":"open","sticky":false,"template":"","format":"standard","meta":{"_monsterinsights_skip_tracking":false,"footnotes":""},"categories":[200],"tags":[],"class_list":["post-4808","post","type-post","status-publish","format-standard","has-post-thumbnail","hentry","category-munkaeropiac"],"aioseo_notices":[],"aioseo_head":"\n\t\t<!-- All in One SEO 5.0.0.1 - aioseo.com -->\n\t<meta name=\"description\" content=\"A Mind-Di\u00e1k Sz\u00f6vetkezet, amely orsz\u00e1gszerte \u00e9vente k\u00f6zel 10.000 di\u00e1knak biztos\u00edt munk\u00e1t az volt a tapasztalata, hogy tavaly tavasszal jellemz\u0151en az els\u0151k k\u00f6z\u00f6tt szerepeltek a di\u00e1kok, akiket le\u00e9p\u00edtettek, az elm\u00falt f\u00e9l\u00e9v ugyanakkor azt mutatja, hogy az \u00e1talakult gazdas\u00e1gi helyzetben \u0151k azok, akikre nagy m\u00e9rt\u00e9kben \u00e9p\u00edtenek a c\u00e9gek. A j\u00e1rv\u00e1ny okozta gazdas\u00e1gi sokk, a lez\u00e1r\u00e1sok a piac\" \/>\n\t<meta name=\"robots\" content=\"max-image-preview:large\" \/>\n\t<meta name=\"author\" content=\"Juh\u00e1sz P\u00e9ter\"\/>\n\t<link rel=\"canonical\" href=\"https:\/\/allasorias.hu\/hirek\/fontos-szerep-jut-a-diakoknak-a-gazdasagban\/\" \/>\n\t<meta name=\"generator\" content=\"All in One SEO (AIOSEO) 5.0.0.1\" \/>\n\t\t<meta property=\"og:locale\" content=\"hu_HU\" \/>\n\t\t<meta property=\"og:site_name\" content=\"AllasOrias.hu | H\u00edrek-lapszemle | \u00dczleti h\u00edrek az \u00e1ll\u00e1s \u00e9s a munka vil\u00e1g\u00e1b\u00f3l\" \/>\n\t\t<meta property=\"og:type\" content=\"article\" \/>\n\t\t<meta property=\"og:title\" content=\"Fontos szerep jut a di\u00e1koknak a gazdas\u00e1gban | AllasOrias.hu | H\u00edrek-lapszemle\" \/>\n\t\t<meta property=\"og:description\" content=\"A Mind-Di\u00e1k Sz\u00f6vetkezet, amely orsz\u00e1gszerte \u00e9vente k\u00f6zel 10.000 di\u00e1knak biztos\u00edt munk\u00e1t az volt a tapasztalata, hogy tavaly tavasszal jellemz\u0151en az els\u0151k k\u00f6z\u00f6tt szerepeltek a di\u00e1kok, akiket le\u00e9p\u00edtettek, az elm\u00falt f\u00e9l\u00e9v ugyanakkor azt mutatja, hogy az \u00e1talakult gazdas\u00e1gi helyzetben \u0151k azok, akikre nagy m\u00e9rt\u00e9kben \u00e9p\u00edtenek a c\u00e9gek. A j\u00e1rv\u00e1ny okozta gazdas\u00e1gi sokk, a lez\u00e1r\u00e1sok a piac\" \/>\n\t\t<meta property=\"og:url\" content=\"https:\/\/allasorias.hu\/hirek\/fontos-szerep-jut-a-diakoknak-a-gazdasagban\/\" \/>\n\t\t<meta property=\"og:image\" content=\"https:\/\/allasorias.hu\/hirek\/wp-content\/uploads\/2021\/04\/0409.jpg\" \/>\n\t\t<meta property=\"og:image:secure_url\" content=\"https:\/\/allasorias.hu\/hirek\/wp-content\/uploads\/2021\/04\/0409.jpg\" \/>\n\t\t<meta property=\"og:image:width\" content=\"1920\" \/>\n\t\t<meta property=\"og:image:height\" content=\"1281\" \/>\n\t\t<meta property=\"article:published_time\" content=\"2021-05-26T08:21:14+00:00\" \/>\n\t\t<meta property=\"article:modified_time\" content=\"2021-05-26T08:21:14+00:00\" \/>\n\t\t<meta property=\"article:publisher\" content=\"https:\/\/www.facebook.com\/allasorias\" \/>\n\t\t<meta name=\"twitter:card\" content=\"summary_large_image\" \/>\n\t\t<meta name=\"twitter:title\" content=\"Fontos szerep jut a di\u00e1koknak a gazdas\u00e1gban | AllasOrias.hu | H\u00edrek-lapszemle\" \/>\n\t\t<meta name=\"twitter:description\" content=\"A Mind-Di\u00e1k Sz\u00f6vetkezet, amely orsz\u00e1gszerte \u00e9vente k\u00f6zel 10.000 di\u00e1knak biztos\u00edt munk\u00e1t az volt a tapasztalata, hogy tavaly tavasszal jellemz\u0151en az els\u0151k k\u00f6z\u00f6tt szerepeltek a di\u00e1kok, akiket le\u00e9p\u00edtettek, az elm\u00falt f\u00e9l\u00e9v ugyanakkor azt mutatja, hogy az \u00e1talakult gazdas\u00e1gi helyzetben \u0151k azok, akikre nagy m\u00e9rt\u00e9kben \u00e9p\u00edtenek a c\u00e9gek. A j\u00e1rv\u00e1ny okozta gazdas\u00e1gi sokk, a lez\u00e1r\u00e1sok a piac\" \/>\n\t\t<meta name=\"twitter:image\" content=\"https:\/\/allasorias.hu\/hirek\/wp-content\/uploads\/2021\/04\/0409.jpg\" \/>\n\t\t<meta name=\"twitter:label1\" content=\"Written by\" \/>\n\t\t<meta name=\"twitter:data1\" content=\"Juh\u00e1sz P\u00e9ter\" \/>\n\t\t<meta name=\"twitter:label2\" content=\"Est. reading time\" \/>\n\t\t<meta name=\"twitter:data2\" content=\"4 minutes\" \/>\n\t\t<script type=\"application\/ld+json\" class=\"aioseo-schema\">\n\t\t\t{\"@context\":\"https:\\\/\\\/schema.org\",\"@graph\":[{\"@type\":\"Article\",\"@id\":\"https:\\\/\\\/allasorias.hu\\\/hirek\\\/fontos-szerep-jut-a-diakoknak-a-gazdasagban\\\/#article\",\"name\":\"Fontos szerep jut a di\\u00e1koknak a gazdas\\u00e1gban | AllasOrias.hu | H\\u00edrek-lapszemle\",\"headline\":\"Fontos szerep jut a di\\u00e1koknak a gazdas\\u00e1gban\",\"author\":{\"@id\":\"https:\\\/\\\/allasorias.hu\\\/hirek\\\/author\\\/admin-allasorias\\\/#author\"},\"publisher\":{\"@id\":\"https:\\\/\\\/allasorias.hu\\\/hirek\\\/#organization\"},\"image\":{\"@type\":\"ImageObject\",\"url\":\"https:\\\/\\\/allasorias.hu\\\/hirek\\\/wp-content\\\/uploads\\\/2021\\\/04\\\/0409.jpg\",\"width\":1920,\"height\":1281,\"caption\":\"Young student looking at camera sitting in university classroom with her groupmates on background. Studying on wooden desks. Guys reading, studuing, learning, writing. Working with scientific project.\"},\"datePublished\":\"2021-05-26T08:21:14+02:00\",\"dateModified\":\"2021-05-26T08:21:14+02:00\",\"inLanguage\":\"hu-HU\",\"mainEntityOfPage\":{\"@id\":\"https:\\\/\\\/allasorias.hu\\\/hirek\\\/fontos-szerep-jut-a-diakoknak-a-gazdasagban\\\/#webpage\"},\"isPartOf\":{\"@id\":\"https:\\\/\\\/allasorias.hu\\\/hirek\\\/fontos-szerep-jut-a-diakoknak-a-gazdasagban\\\/#webpage\"},\"articleSection\":\"Munkaer\\u0151piac\"},{\"@type\":\"BreadcrumbList\",\"@id\":\"https:\\\/\\\/allasorias.hu\\\/hirek\\\/fontos-szerep-jut-a-diakoknak-a-gazdasagban\\\/#breadcrumblist\",\"itemListElement\":[{\"@type\":\"ListItem\",\"@id\":\"https:\\\/\\\/allasorias.hu\\\/hirek#listItem\",\"position\":1,\"name\":\"Home\",\"item\":\"https:\\\/\\\/allasorias.hu\\\/hirek\",\"nextItem\":{\"@type\":\"ListItem\",\"@id\":\"https:\\\/\\\/allasorias.hu\\\/hirek\\\/temak\\\/munkaeropiac\\\/#listItem\",\"name\":\"Munkaer\\u0151piac\"}},{\"@type\":\"ListItem\",\"@id\":\"https:\\\/\\\/allasorias.hu\\\/hirek\\\/temak\\\/munkaeropiac\\\/#listItem\",\"position\":2,\"name\":\"Munkaer\\u0151piac\",\"item\":\"https:\\\/\\\/allasorias.hu\\\/hirek\\\/temak\\\/munkaeropiac\\\/\",\"nextItem\":{\"@type\":\"ListItem\",\"@id\":\"https:\\\/\\\/allasorias.hu\\\/hirek\\\/fontos-szerep-jut-a-diakoknak-a-gazdasagban\\\/#listItem\",\"name\":\"Fontos szerep jut a di\\u00e1koknak a gazdas\\u00e1gban\"},\"previousItem\":{\"@type\":\"ListItem\",\"@id\":\"https:\\\/\\\/allasorias.hu\\\/hirek#listItem\",\"name\":\"Home\"}},{\"@type\":\"ListItem\",\"@id\":\"https:\\\/\\\/allasorias.hu\\\/hirek\\\/fontos-szerep-jut-a-diakoknak-a-gazdasagban\\\/#listItem\",\"position\":3,\"name\":\"Fontos szerep jut a di\\u00e1koknak a gazdas\\u00e1gban\",\"previousItem\":{\"@type\":\"ListItem\",\"@id\":\"https:\\\/\\\/allasorias.hu\\\/hirek\\\/temak\\\/munkaeropiac\\\/#listItem\",\"name\":\"Munkaer\\u0151piac\"}}]},{\"@type\":\"Organization\",\"@id\":\"https:\\\/\\\/allasorias.hu\\\/hirek\\\/#organization\",\"name\":\"AllasOrias.hu | H\\u00edrek-lapszemle\",\"description\":\"\\u00dczleti h\\u00edrek az \\u00e1ll\\u00e1s \\u00e9s a munka vil\\u00e1g\\u00e1b\\u00f3l\",\"url\":\"https:\\\/\\\/allasorias.hu\\\/hirek\\\/\",\"logo\":{\"@type\":\"ImageObject\",\"url\":\"https:\\\/\\\/allasorias.hu\\\/hirek\\\/wp-content\\\/uploads\\\/2022\\\/10\\\/allasorias_site_facebok_logo.png\",\"@id\":\"https:\\\/\\\/allasorias.hu\\\/hirek\\\/fontos-szerep-jut-a-diakoknak-a-gazdasagban\\\/#organizationLogo\"},\"image\":{\"@id\":\"https:\\\/\\\/allasorias.hu\\\/hirek\\\/fontos-szerep-jut-a-diakoknak-a-gazdasagban\\\/#organizationLogo\"},\"sameAs\":[\"https:\\\/\\\/www.facebook.com\\\/allasorias\",\"https:\\\/\\\/www.linkedin.com\\\/company\\\/allasorias\"]},{\"@type\":\"Person\",\"@id\":\"https:\\\/\\\/allasorias.hu\\\/hirek\\\/author\\\/admin-allasorias\\\/#author\",\"url\":\"https:\\\/\\\/allasorias.hu\\\/hirek\\\/author\\\/admin-allasorias\\\/\",\"name\":\"Juh\\u00e1sz P\\u00e9ter\",\"image\":{\"@type\":\"ImageObject\",\"@id\":\"https:\\\/\\\/allasorias.hu\\\/hirek\\\/fontos-szerep-jut-a-diakoknak-a-gazdasagban\\\/#authorImage\",\"url\":\"https:\\\/\\\/secure.gravatar.com\\\/avatar\\\/36e6bcb83148978b992977cb0f54d22feb0cce8a0a849a9410532bb2623ba4c6?s=96&d=mm&r=g\",\"width\":96,\"height\":96,\"caption\":\"Juh\\u00e1sz P\\u00e9ter\"}},{\"@type\":\"WebPage\",\"@id\":\"https:\\\/\\\/allasorias.hu\\\/hirek\\\/fontos-szerep-jut-a-diakoknak-a-gazdasagban\\\/#webpage\",\"url\":\"https:\\\/\\\/allasorias.hu\\\/hirek\\\/fontos-szerep-jut-a-diakoknak-a-gazdasagban\\\/\",\"name\":\"Fontos szerep jut a di\\u00e1koknak a gazdas\\u00e1gban | AllasOrias.hu | H\\u00edrek-lapszemle\",\"description\":\"A Mind-Di\\u00e1k Sz\\u00f6vetkezet, amely orsz\\u00e1gszerte \\u00e9vente k\\u00f6zel 10.000 di\\u00e1knak biztos\\u00edt munk\\u00e1t az volt a tapasztalata, hogy tavaly tavasszal jellemz\\u0151en az els\\u0151k k\\u00f6z\\u00f6tt szerepeltek a di\\u00e1kok, akiket le\\u00e9p\\u00edtettek, az elm\\u00falt f\\u00e9l\\u00e9v ugyanakkor azt mutatja, hogy az \\u00e1talakult gazdas\\u00e1gi helyzetben \\u0151k azok, akikre nagy m\\u00e9rt\\u00e9kben \\u00e9p\\u00edtenek a c\\u00e9gek. A j\\u00e1rv\\u00e1ny okozta gazdas\\u00e1gi sokk, a lez\\u00e1r\\u00e1sok a piac\",\"inLanguage\":\"hu-HU\",\"isPartOf\":{\"@id\":\"https:\\\/\\\/allasorias.hu\\\/hirek\\\/#website\"},\"breadcrumb\":{\"@id\":\"https:\\\/\\\/allasorias.hu\\\/hirek\\\/fontos-szerep-jut-a-diakoknak-a-gazdasagban\\\/#breadcrumblist\"},\"author\":{\"@id\":\"https:\\\/\\\/allasorias.hu\\\/hirek\\\/author\\\/admin-allasorias\\\/#author\"},\"creator\":{\"@id\":\"https:\\\/\\\/allasorias.hu\\\/hirek\\\/author\\\/admin-allasorias\\\/#author\"},\"image\":{\"@type\":\"ImageObject\",\"url\":\"https:\\\/\\\/allasorias.hu\\\/hirek\\\/wp-content\\\/uploads\\\/2021\\\/04\\\/0409.jpg\",\"@id\":\"https:\\\/\\\/allasorias.hu\\\/hirek\\\/fontos-szerep-jut-a-diakoknak-a-gazdasagban\\\/#mainImage\",\"width\":1920,\"height\":1281,\"caption\":\"Young student looking at camera sitting in university classroom with her groupmates on background. Studying on wooden desks. Guys reading, studuing, learning, writing. Working with scientific project.\"},\"primaryImageOfPage\":{\"@id\":\"https:\\\/\\\/allasorias.hu\\\/hirek\\\/fontos-szerep-jut-a-diakoknak-a-gazdasagban\\\/#mainImage\"},\"datePublished\":\"2021-05-26T08:21:14+02:00\",\"dateModified\":\"2021-05-26T08:21:14+02:00\"},{\"@type\":\"WebSite\",\"@id\":\"https:\\\/\\\/allasorias.hu\\\/hirek\\\/#website\",\"url\":\"https:\\\/\\\/allasorias.hu\\\/hirek\\\/\",\"name\":\"AllasOrias.hu | H\\u00edrek-lapszemle\",\"description\":\"\\u00dczleti h\\u00edrek az \\u00e1ll\\u00e1s \\u00e9s a munka vil\\u00e1g\\u00e1b\\u00f3l\",\"inLanguage\":\"hu-HU\",\"publisher\":{\"@id\":\"https:\\\/\\\/allasorias.hu\\\/hirek\\\/#organization\"}}]}\n\t\t<\/script>\n\t\t<!-- All in One SEO -->\n\n","aioseo_head_json":{"title":"Fontos szerep jut a di\u00e1koknak a gazdas\u00e1gban | AllasOrias.hu | H\u00edrek-lapszemle","description":"A Mind-Di\u00e1k Sz\u00f6vetkezet, amely orsz\u00e1gszerte \u00e9vente k\u00f6zel 10.000 di\u00e1knak biztos\u00edt munk\u00e1t az volt a tapasztalata, hogy tavaly tavasszal jellemz\u0151en az els\u0151k k\u00f6z\u00f6tt szerepeltek a di\u00e1kok, akiket le\u00e9p\u00edtettek, az elm\u00falt f\u00e9l\u00e9v ugyanakkor azt mutatja, hogy az \u00e1talakult gazdas\u00e1gi helyzetben \u0151k azok, akikre nagy m\u00e9rt\u00e9kben \u00e9p\u00edtenek a c\u00e9gek. A j\u00e1rv\u00e1ny okozta gazdas\u00e1gi sokk, a lez\u00e1r\u00e1sok a piac","canonical_url":"https:\/\/allasorias.hu\/hirek\/fontos-szerep-jut-a-diakoknak-a-gazdasagban\/","robots":"max-image-preview:large","keywords":"","webmasterTools":{"miscellaneous":""},"schema":{"@context":"https:\/\/schema.org","@graph":[{"@type":"Article","@id":"https:\/\/allasorias.hu\/hirek\/fontos-szerep-jut-a-diakoknak-a-gazdasagban\/#article","name":"Fontos szerep jut a di\u00e1koknak a gazdas\u00e1gban | AllasOrias.hu | H\u00edrek-lapszemle","headline":"Fontos szerep jut a di\u00e1koknak a gazdas\u00e1gban","author":{"@id":"https:\/\/allasorias.hu\/hirek\/author\/admin-allasorias\/#author"},"publisher":{"@id":"https:\/\/allasorias.hu\/hirek\/#organization"},"image":{"@type":"ImageObject","url":"https:\/\/allasorias.hu\/hirek\/wp-content\/uploads\/2021\/04\/0409.jpg","width":1920,"height":1281,"caption":"Young student looking at camera sitting in university classroom with her groupmates on background. Studying on wooden desks. Guys reading, studuing, learning, writing. Working with scientific project."},"datePublished":"2021-05-26T08:21:14+02:00","dateModified":"2021-05-26T08:21:14+02:00","inLanguage":"hu-HU","mainEntityOfPage":{"@id":"https:\/\/allasorias.hu\/hirek\/fontos-szerep-jut-a-diakoknak-a-gazdasagban\/#webpage"},"isPartOf":{"@id":"https:\/\/allasorias.hu\/hirek\/fontos-szerep-jut-a-diakoknak-a-gazdasagban\/#webpage"},"articleSection":"Munkaer\u0151piac"},{"@type":"BreadcrumbList","@id":"https:\/\/allasorias.hu\/hirek\/fontos-szerep-jut-a-diakoknak-a-gazdasagban\/#breadcrumblist","itemListElement":[{"@type":"ListItem","@id":"https:\/\/allasorias.hu\/hirek#listItem","position":1,"name":"Home","item":"https:\/\/allasorias.hu\/hirek","nextItem":{"@type":"ListItem","@id":"https:\/\/allasorias.hu\/hirek\/temak\/munkaeropiac\/#listItem","name":"Munkaer\u0151piac"}},{"@type":"ListItem","@id":"https:\/\/allasorias.hu\/hirek\/temak\/munkaeropiac\/#listItem","position":2,"name":"Munkaer\u0151piac","item":"https:\/\/allasorias.hu\/hirek\/temak\/munkaeropiac\/","nextItem":{"@type":"ListItem","@id":"https:\/\/allasorias.hu\/hirek\/fontos-szerep-jut-a-diakoknak-a-gazdasagban\/#listItem","name":"Fontos szerep jut a di\u00e1koknak a gazdas\u00e1gban"},"previousItem":{"@type":"ListItem","@id":"https:\/\/allasorias.hu\/hirek#listItem","name":"Home"}},{"@type":"ListItem","@id":"https:\/\/allasorias.hu\/hirek\/fontos-szerep-jut-a-diakoknak-a-gazdasagban\/#listItem","position":3,"name":"Fontos szerep jut a di\u00e1koknak a gazdas\u00e1gban","previousItem":{"@type":"ListItem","@id":"https:\/\/allasorias.hu\/hirek\/temak\/munkaeropiac\/#listItem","name":"Munkaer\u0151piac"}}]},{"@type":"Organization","@id":"https:\/\/allasorias.hu\/hirek\/#organization","name":"AllasOrias.hu | H\u00edrek-lapszemle","description":"\u00dczleti h\u00edrek az \u00e1ll\u00e1s \u00e9s a munka vil\u00e1g\u00e1b\u00f3l","url":"https:\/\/allasorias.hu\/hirek\/","logo":{"@type":"ImageObject","url":"https:\/\/allasorias.hu\/hirek\/wp-content\/uploads\/2022\/10\/allasorias_site_facebok_logo.png","@id":"https:\/\/allasorias.hu\/hirek\/fontos-szerep-jut-a-diakoknak-a-gazdasagban\/#organizationLogo"},"image":{"@id":"https:\/\/allasorias.hu\/hirek\/fontos-szerep-jut-a-diakoknak-a-gazdasagban\/#organizationLogo"},"sameAs":["https:\/\/www.facebook.com\/allasorias","https:\/\/www.linkedin.com\/company\/allasorias"]},{"@type":"Person","@id":"https:\/\/allasorias.hu\/hirek\/author\/admin-allasorias\/#author","url":"https:\/\/allasorias.hu\/hirek\/author\/admin-allasorias\/","name":"Juh\u00e1sz P\u00e9ter","image":{"@type":"ImageObject","@id":"https:\/\/allasorias.hu\/hirek\/fontos-szerep-jut-a-diakoknak-a-gazdasagban\/#authorImage","url":"https:\/\/secure.gravatar.com\/avatar\/36e6bcb83148978b992977cb0f54d22feb0cce8a0a849a9410532bb2623ba4c6?s=96&d=mm&r=g","width":96,"height":96,"caption":"Juh\u00e1sz P\u00e9ter"}},{"@type":"WebPage","@id":"https:\/\/allasorias.hu\/hirek\/fontos-szerep-jut-a-diakoknak-a-gazdasagban\/#webpage","url":"https:\/\/allasorias.hu\/hirek\/fontos-szerep-jut-a-diakoknak-a-gazdasagban\/","name":"Fontos szerep jut a di\u00e1koknak a gazdas\u00e1gban | AllasOrias.hu | H\u00edrek-lapszemle","description":"A Mind-Di\u00e1k Sz\u00f6vetkezet, amely orsz\u00e1gszerte \u00e9vente k\u00f6zel 10.000 di\u00e1knak biztos\u00edt munk\u00e1t az volt a tapasztalata, hogy tavaly tavasszal jellemz\u0151en az els\u0151k k\u00f6z\u00f6tt szerepeltek a di\u00e1kok, akiket le\u00e9p\u00edtettek, az elm\u00falt f\u00e9l\u00e9v ugyanakkor azt mutatja, hogy az \u00e1talakult gazdas\u00e1gi helyzetben \u0151k azok, akikre nagy m\u00e9rt\u00e9kben \u00e9p\u00edtenek a c\u00e9gek. A j\u00e1rv\u00e1ny okozta gazdas\u00e1gi sokk, a lez\u00e1r\u00e1sok a piac","inLanguage":"hu-HU","isPartOf":{"@id":"https:\/\/allasorias.hu\/hirek\/#website"},"breadcrumb":{"@id":"https:\/\/allasorias.hu\/hirek\/fontos-szerep-jut-a-diakoknak-a-gazdasagban\/#breadcrumblist"},"author":{"@id":"https:\/\/allasorias.hu\/hirek\/author\/admin-allasorias\/#author"},"creator":{"@id":"https:\/\/allasorias.hu\/hirek\/author\/admin-allasorias\/#author"},"image":{"@type":"ImageObject","url":"https:\/\/allasorias.hu\/hirek\/wp-content\/uploads\/2021\/04\/0409.jpg","@id":"https:\/\/allasorias.hu\/hirek\/fontos-szerep-jut-a-diakoknak-a-gazdasagban\/#mainImage","width":1920,"height":1281,"caption":"Young student looking at camera sitting in university classroom with her groupmates on background. Studying on wooden desks. Guys reading, studuing, learning, writing. Working with scientific project."},"primaryImageOfPage":{"@id":"https:\/\/allasorias.hu\/hirek\/fontos-szerep-jut-a-diakoknak-a-gazdasagban\/#mainImage"},"datePublished":"2021-05-26T08:21:14+02:00","dateModified":"2021-05-26T08:21:14+02:00"},{"@type":"WebSite","@id":"https:\/\/allasorias.hu\/hirek\/#website","url":"https:\/\/allasorias.hu\/hirek\/","name":"AllasOrias.hu | H\u00edrek-lapszemle","description":"\u00dczleti h\u00edrek az \u00e1ll\u00e1s \u00e9s a munka vil\u00e1g\u00e1b\u00f3l","inLanguage":"hu-HU","publisher":{"@id":"https:\/\/allasorias.hu\/hirek\/#organization"}}]},"og:locale":"hu_HU","og:site_name":"AllasOrias.hu | H\u00edrek-lapszemle | \u00dczleti h\u00edrek az \u00e1ll\u00e1s \u00e9s a munka vil\u00e1g\u00e1b\u00f3l","og:type":"article","og:title":"Fontos szerep jut a di\u00e1koknak a gazdas\u00e1gban | AllasOrias.hu | H\u00edrek-lapszemle","og:description":"A Mind-Di\u00e1k Sz\u00f6vetkezet, amely orsz\u00e1gszerte \u00e9vente k\u00f6zel 10.000 di\u00e1knak biztos\u00edt munk\u00e1t az volt a tapasztalata, hogy tavaly tavasszal jellemz\u0151en az els\u0151k k\u00f6z\u00f6tt szerepeltek a di\u00e1kok, akiket le\u00e9p\u00edtettek, az elm\u00falt f\u00e9l\u00e9v ugyanakkor azt mutatja, hogy az \u00e1talakult gazdas\u00e1gi helyzetben \u0151k azok, akikre nagy m\u00e9rt\u00e9kben \u00e9p\u00edtenek a c\u00e9gek. A j\u00e1rv\u00e1ny okozta gazdas\u00e1gi sokk, a lez\u00e1r\u00e1sok a piac","og:url":"https:\/\/allasorias.hu\/hirek\/fontos-szerep-jut-a-diakoknak-a-gazdasagban\/","og:image":"https:\/\/allasorias.hu\/hirek\/wp-content\/uploads\/2021\/04\/0409.jpg","og:image:secure_url":"https:\/\/allasorias.hu\/hirek\/wp-content\/uploads\/2021\/04\/0409.jpg","og:image:width":1920,"og:image:height":1281,"article:published_time":"2021-05-26T08:21:14+00:00","article:modified_time":"2021-05-26T08:21:14+00:00","article:publisher":"https:\/\/www.facebook.com\/allasorias","twitter:card":"summary_large_image","twitter:title":"Fontos szerep jut a di\u00e1koknak a gazdas\u00e1gban | AllasOrias.hu | H\u00edrek-lapszemle","twitter:description":"A Mind-Di\u00e1k Sz\u00f6vetkezet, amely orsz\u00e1gszerte \u00e9vente k\u00f6zel 10.000 di\u00e1knak biztos\u00edt munk\u00e1t az volt a tapasztalata, hogy tavaly tavasszal jellemz\u0151en az els\u0151k k\u00f6z\u00f6tt szerepeltek a di\u00e1kok, akiket le\u00e9p\u00edtettek, az elm\u00falt f\u00e9l\u00e9v ugyanakkor azt mutatja, hogy az \u00e1talakult gazdas\u00e1gi helyzetben \u0151k azok, akikre nagy m\u00e9rt\u00e9kben \u00e9p\u00edtenek a c\u00e9gek. A j\u00e1rv\u00e1ny okozta gazdas\u00e1gi sokk, a lez\u00e1r\u00e1sok a piac","twitter:image":"https:\/\/allasorias.hu\/hirek\/wp-content\/uploads\/2021\/04\/0409.jpg","twitter:label1":"Written by","twitter:data1":"Juh\u00e1sz P\u00e9ter","twitter:label2":"Est. reading time","twitter:data2":"4 minutes"},"aioseo_meta_data":{"post_id":"4808","title":null,"description":null,"keywords":[],"keyphrases":{"focus":[],"additional":[]},"primary_term":null,"canonical_url":null,"og_title":null,"og_description":null,"og_object_type":"default","og_image_type":"default","og_image_url":null,"og_image_width":null,"og_image_height":null,"og_image_custom_url":null,"og_image_custom_fields":null,"og_video":"","og_custom_url":null,"og_article_section":null,"og_article_tags":[],"twitter_use_og":false,"twitter_card":"default","twitter_image_type":"default","twitter_image_url":null,"twitter_image_custom_url":null,"twitter_image_custom_fields":null,"twitter_title":null,"twitter_description":null,"schema":{"blockGraphs":[],"customGraphs":[],"default":{"data":{"Article":[],"Course":[],"Dataset":[],"FAQPage":[],"Movie":[],"Person":[],"Product":[],"ProductReview":[],"Car":[],"Recipe":[],"Service":[],"SoftwareApplication":[],"WebPage":[]},"graphName":"","isEnabled":true},"graphs":[]},"schema_type":"default","schema_type_options":"{\"article\":{\"articleType\":\"BlogPosting\"},\"course\":{\"name\":\"\",\"description\":\"\",\"provider\":\"\"},\"faq\":{\"pages\":[]},\"product\":{\"reviews\":[]},\"recipe\":{\"ingredients\":[],\"instructions\":[],\"keywords\":[]},\"software\":{\"reviews\":[],\"operatingSystems\":[]},\"webPage\":{\"webPageType\":\"WebPage\"}}","pillar_content":false,"robots_default":true,"robots_noindex":false,"robots_noarchive":false,"robots_nosnippet":false,"robots_nofollow":false,"robots_noimageindex":false,"robots_noodp":false,"robots_notranslate":false,"robots_max_snippet":"-1","robots_max_videopreview":"-1","robots_max_imagepreview":"large","priority":null,"frequency":"default","location":null,"local_seo":{"locations":{"business":{"name":"","businessType":"","image":"","areaServed":"","urls":{"website":"","aboutPage":"","contactPage":""},"address":{"streetLine1":"","streetLine2":"","zipCode":"","city":"","state":"","country":"","addressFormat":"#streetLineOne\n#streetLineTwo\n#city, #state #zipCode"},"contact":{"phone":"","email":"","fax":""},"ids":{"vat":"","tax":"","chamberOfCommerce":""},"payment":{"priceRange":"","currenciesAccepted":"","methods":""}}},"openingHours":{"useDefaults":true,"show":true,"alwaysOpen":false,"use24hFormat":false,"timezone":"","labels":{"closed":"","alwaysOpen":""},"days":{"monday":{"open24h":false,"closed":false,"openTime":"09:00","closeTime":"17:00"},"tuesday":{"open24h":false,"closed":false,"openTime":"09:00","closeTime":"17:00"},"wednesday":{"open24h":false,"closed":false,"openTime":"09:00","closeTime":"17:00"},"thursday":{"open24h":false,"closed":false,"openTime":"09:00","closeTime":"17:00"},"friday":{"open24h":false,"closed":false,"openTime":"09:00","closeTime":"17:00"},"saturday":{"open24h":false,"closed":false,"openTime":"09:00","closeTime":"17:00"},"sunday":{"open24h":false,"closed":false,"openTime":"09:00","closeTime":"17:00"}}}},"breadcrumb_settings":null,"limit_modified_date":false,"ai":null,"created":"2021-05-26 08:19:16","updated":"2025-10-02 15:46:21","seo_analyzer_scan_date":null,"focus_keyword":null,"additional_keywords":null,"truseo_locale":null},"aioseo_breadcrumb":"<div class=\"aioseo-breadcrumbs\"><span class=\"aioseo-breadcrumb\">\n\t\t\t<a href=\"https:\/\/allasorias.hu\/hirek\" title=\"Home\">Home<\/a>\n\t\t<\/span><span class=\"aioseo-breadcrumb-separator\">&raquo;<\/span><span class=\"aioseo-breadcrumb\">\n\t\t\t<a href=\"https:\/\/allasorias.hu\/hirek\/temak\/munkaeropiac\/\" title=\"Munkaer\u0151piac\">Munkaer\u0151piac<\/a>\n\t\t<\/span><span class=\"aioseo-breadcrumb-separator\">&raquo;<\/span><span class=\"aioseo-breadcrumb\">\n\t\t\tFontos szerep jut a di\u00e1koknak a gazdas\u00e1gban\n\t\t<\/span><\/div>","aioseo_breadcrumb_json":[{"label":"Home","link":"https:\/\/allasorias.hu\/hirek"},{"label":"Munkaer\u0151piac","link":"https:\/\/allasorias.hu\/hirek\/temak\/munkaeropiac\/"},{"label":"Fontos szerep jut a di\u00e1koknak a gazdas\u00e1gban","link":"https:\/\/allasorias.hu\/hirek\/fontos-szerep-jut-a-diakoknak-a-gazdasagban\/"}],"_links":{"self":[{"href":"https:\/\/allasorias.hu\/hirek\/wp-json\/wp\/v2\/posts\/4808","targetHints":{"allow":["GET"]}}],"collection":[{"href":"https:\/\/allasorias.hu\/hirek\/wp-json\/wp\/v2\/posts"}],"about":[{"href":"https:\/\/allasorias.hu\/hirek\/wp-json\/wp\/v2\/types\/post"}],"author":[{"embeddable":true,"href":"https:\/\/allasorias.hu\/hirek\/wp-json\/wp\/v2\/users\/1"}],"replies":[{"embeddable":true,"href":"https:\/\/allasorias.hu\/hirek\/wp-json\/wp\/v2\/comments?post=4808"}],"version-history":[{"count":1,"href":"https:\/\/allasorias.hu\/hirek\/wp-json\/wp\/v2\/posts\/4808\/revisions"}],"predecessor-version":[{"id":4809,"href":"https:\/\/allasorias.hu\/hirek\/wp-json\/wp\/v2\/posts\/4808\/revisions\/4809"}],"wp:featuredmedia":[{"embeddable":true,"href":"https:\/\/allasorias.hu\/hirek\/wp-json\/wp\/v2\/media\/4703"}],"wp:attachment":[{"href":"https:\/\/allasorias.hu\/hirek\/wp-json\/wp\/v2\/media?parent=4808"}],"wp:term":[{"taxonomy":"category","embeddable":true,"href":"https:\/\/allasorias.hu\/hirek\/wp-json\/wp\/v2\/categories?post=4808"},{"taxonomy":"post_tag","embeddable":true,"href":"https:\/\/allasorias.hu\/hirek\/wp-json\/wp\/v2\/tags?post=4808"}],"curies":[{"name":"wp","href":"https:\/\/api.w.org\/{rel}","templated":true}]}}