{"id":4806,"date":"2021-05-25T08:30:52","date_gmt":"2021-05-25T08:30:52","guid":{"rendered":"https:\/\/allasorias.hu\/hirek\/?p=4806"},"modified":"2021-05-25T08:30:52","modified_gmt":"2021-05-25T08:30:52","slug":"tamogatja-a-kormany-a-megvaltozott-munkakepessegueket","status":"publish","type":"post","link":"https:\/\/allasorias.hu\/hirek\/tamogatja-a-kormany-a-megvaltozott-munkakepessegueket\/","title":{"rendered":"T\u00e1mogatja a korm\u00e1ny a megv\u00e1ltozott munkak\u00e9pess\u00e9g\u0171eket"},"content":{"rendered":"<p><strong>A korm\u00e1ny t\u00f6bbek k\u00f6z\u00f6tt szeretn\u00e9 el\u0151seg\u00edteni a megv\u00e1ltozott munkak\u00e9pess\u00e9g\u0171 szem\u00e9lyek ny\u00edlt munkaer\u0151piaci integr\u00e1ci\u00f3j\u00e1t, a M\u00c1V r\u00e9sz\u00e9re pedig kulcsmenedzsment-rendszer megval\u00f3s\u00edt\u00e1s\u00e1ra is j\u00f3v\u00e1hagyott egy keret\u00f6sszeget.\u00a0 <\/strong><\/p>\n<p>A Magyar K\u00f6zl\u00f6nyben megjelent hat\u00e1rozatok k\u00f6z\u00fcl az els\u0151 az Emberi Er\u0151forr\u00e1s Fejleszt\u00e9si Operat\u00edv Program (EFOP) keret\u00e9ben, a megv\u00e1ltozott munkak\u00e9pess\u00e9g\u0171 emberek t\u00e1mogat\u00e1s\u00e1ra szolg\u00e1l\u00f3 13 milli\u00e1rd 965 milli\u00f3 forintot emelte meg 3 milli\u00e1rddal. A projekt c\u00e9lja a megv\u00e1ltozott munkak\u00e9pess\u00e9g\u0171 szem\u00e9lyek ny\u00edlt munkaer\u0151-piaci integr\u00e1ci\u00f3j\u00e1nak el\u0151seg\u00edt\u00e9se foglalkoz\u00e1si rehabilit\u00e1ci\u00f3s szolg\u00e1ltat\u00e1sok ny\u00fajt\u00e1s\u00e1val. Tov\u00e1bbi c\u00e9l a foglalkoztat\u00e1suk \u00f6szt\u00f6nz\u00e9se, k\u00e9pzetts\u00e9gi szintj\u00fck n\u00f6vel\u00e9se, valamint a megv\u00e1ltozott munkak\u00e9pess\u00e9g\u0171 szem\u00e9lyeket foglalkoztatni k\u00e9pes munkaad\u00f3k szeml\u00e9let\u00e9nek form\u00e1l\u00e1sa. A m\u00e1sik hat\u00e1rozat a szint\u00e9n uni\u00f3s Integr\u00e1lt K\u00f6zleked\u00e9sfejleszt\u00e9si Operat\u00edv Program (IKOP) keret\u00e9ben ny\u00fajt a M\u00c1V Zrt.-nek 1 milli\u00e1rd 950 milli\u00f3 forintot. Ebb\u0151l kell fel\u00e9p\u00edteni a GSM-R\/ETCS rendszerek k\u00f6z\u00f6tti egy\u00fcttm\u0171k\u00f6d\u00e9st \u00e9s a szolg\u00e1ltat\u00e1sok min\u0151s\u00e9g\u00e9t biztos\u00edt\u00f3 monitoring rendszert, valamint a r\u00e1di\u00f3s ir\u00e1ny\u00edt\u00f3k\u00f6zpont \u00e9s a k\u00f6zleked\u0151 j\u00e1rm\u0171vek k\u00f6z\u00f6tti kommunik\u00e1ci\u00f3 biztons\u00e1gos lebonyol\u00edt\u00e1s\u00e1hoz sz\u00fcks\u00e9ges kulcsmenedzsment-rendszert is.<\/p>\n<p>&nbsp;<\/p>\n<p>Forr\u00e1s: napi.hu<\/p>\n","protected":false},"excerpt":{"rendered":"<p>A korm\u00e1ny t\u00f6bbek k\u00f6z\u00f6tt szeretn\u00e9 el\u0151seg\u00edteni a megv\u00e1ltozott munkak\u00e9pess\u00e9g\u0171 szem\u00e9lyek ny\u00edlt munkaer\u0151piaci integr\u00e1ci\u00f3j\u00e1t, a M\u00c1V r\u00e9sz\u00e9re pedig kulcsmenedzsment-rendszer megval\u00f3s\u00edt\u00e1s\u00e1ra is j\u00f3v\u00e1hagyott egy keret\u00f6sszeget.\u00a0 A Magyar K\u00f6zl\u00f6nyben megjelent hat\u00e1rozatok k\u00f6z\u00fcl az els\u0151 az Emberi Er\u0151forr\u00e1s Fejleszt\u00e9si Operat\u00edv Program (EFOP) keret\u00e9ben, a megv\u00e1ltozott munkak\u00e9pess\u00e9g\u0171 emberek t\u00e1mogat\u00e1s\u00e1ra szolg\u00e1l\u00f3 13 milli\u00e1rd 965 milli\u00f3 forintot emelte meg 3 milli\u00e1rddal. A [&hellip;]<\/p>\n","protected":false},"author":1,"featured_media":2263,"comment_status":"open","ping_status":"open","sticky":false,"template":"","format":"standard","meta":{"_monsterinsights_skip_tracking":false,"footnotes":""},"categories":[200],"tags":[],"class_list":["post-4806","post","type-post","status-publish","format-standard","has-post-thumbnail","hentry","category-munkaeropiac"],"aioseo_notices":[],"aioseo_head":"\n\t\t<!-- All in One SEO 5.0.0.1 - aioseo.com -->\n\t<meta name=\"description\" content=\"A korm\u00e1ny t\u00f6bbek k\u00f6z\u00f6tt szeretn\u00e9 el\u0151seg\u00edteni a megv\u00e1ltozott munkak\u00e9pess\u00e9g\u0171 szem\u00e9lyek ny\u00edlt munkaer\u0151piaci integr\u00e1ci\u00f3j\u00e1t, a M\u00c1V r\u00e9sz\u00e9re pedig kulcsmenedzsment-rendszer megval\u00f3s\u00edt\u00e1s\u00e1ra is j\u00f3v\u00e1hagyott egy keret\u00f6sszeget. A Magyar K\u00f6zl\u00f6nyben megjelent hat\u00e1rozatok k\u00f6z\u00fcl az els\u0151 az Emberi Er\u0151forr\u00e1s Fejleszt\u00e9si Operat\u00edv Program (EFOP) keret\u00e9ben, a megv\u00e1ltozott munkak\u00e9pess\u00e9g\u0171 emberek t\u00e1mogat\u00e1s\u00e1ra szolg\u00e1l\u00f3 13 milli\u00e1rd 965 milli\u00f3 forintot emelte meg 3 milli\u00e1rddal. A\" \/>\n\t<meta name=\"robots\" content=\"max-image-preview:large\" \/>\n\t<meta name=\"author\" content=\"Juh\u00e1sz P\u00e9ter\"\/>\n\t<link rel=\"canonical\" href=\"https:\/\/allasorias.hu\/hirek\/tamogatja-a-kormany-a-megvaltozott-munkakepessegueket\/\" \/>\n\t<meta name=\"generator\" content=\"All in One SEO (AIOSEO) 5.0.0.1\" \/>\n\t\t<meta property=\"og:locale\" content=\"hu_HU\" \/>\n\t\t<meta property=\"og:site_name\" content=\"AllasOrias.hu | H\u00edrek-lapszemle | \u00dczleti h\u00edrek az \u00e1ll\u00e1s \u00e9s a munka vil\u00e1g\u00e1b\u00f3l\" \/>\n\t\t<meta property=\"og:type\" content=\"article\" \/>\n\t\t<meta property=\"og:title\" content=\"T\u00e1mogatja a korm\u00e1ny a megv\u00e1ltozott munkak\u00e9pess\u00e9g\u0171eket | AllasOrias.hu | H\u00edrek-lapszemle\" \/>\n\t\t<meta property=\"og:description\" content=\"A korm\u00e1ny t\u00f6bbek k\u00f6z\u00f6tt szeretn\u00e9 el\u0151seg\u00edteni a megv\u00e1ltozott munkak\u00e9pess\u00e9g\u0171 szem\u00e9lyek ny\u00edlt munkaer\u0151piaci integr\u00e1ci\u00f3j\u00e1t, a M\u00c1V r\u00e9sz\u00e9re pedig kulcsmenedzsment-rendszer megval\u00f3s\u00edt\u00e1s\u00e1ra is j\u00f3v\u00e1hagyott egy keret\u00f6sszeget. A Magyar K\u00f6zl\u00f6nyben megjelent hat\u00e1rozatok k\u00f6z\u00fcl az els\u0151 az Emberi Er\u0151forr\u00e1s Fejleszt\u00e9si Operat\u00edv Program (EFOP) keret\u00e9ben, a megv\u00e1ltozott munkak\u00e9pess\u00e9g\u0171 emberek t\u00e1mogat\u00e1s\u00e1ra szolg\u00e1l\u00f3 13 milli\u00e1rd 965 milli\u00f3 forintot emelte meg 3 milli\u00e1rddal. A\" \/>\n\t\t<meta property=\"og:url\" content=\"https:\/\/allasorias.hu\/hirek\/tamogatja-a-kormany-a-megvaltozott-munkakepessegueket\/\" \/>\n\t\t<meta property=\"og:image\" content=\"https:\/\/allasorias.hu\/hirek\/wp-content\/uploads\/2018\/12\/disabled-2199122_640.jpg\" \/>\n\t\t<meta property=\"og:image:secure_url\" content=\"https:\/\/allasorias.hu\/hirek\/wp-content\/uploads\/2018\/12\/disabled-2199122_640.jpg\" \/>\n\t\t<meta property=\"og:image:width\" content=\"640\" \/>\n\t\t<meta property=\"og:image:height\" content=\"425\" \/>\n\t\t<meta property=\"article:published_time\" content=\"2021-05-25T08:30:52+00:00\" \/>\n\t\t<meta property=\"article:modified_time\" content=\"2021-05-25T08:30:52+00:00\" \/>\n\t\t<meta property=\"article:publisher\" content=\"https:\/\/www.facebook.com\/allasorias\" \/>\n\t\t<meta name=\"twitter:card\" content=\"summary_large_image\" \/>\n\t\t<meta name=\"twitter:title\" content=\"T\u00e1mogatja a korm\u00e1ny a megv\u00e1ltozott munkak\u00e9pess\u00e9g\u0171eket | AllasOrias.hu | H\u00edrek-lapszemle\" \/>\n\t\t<meta name=\"twitter:description\" content=\"A korm\u00e1ny t\u00f6bbek k\u00f6z\u00f6tt szeretn\u00e9 el\u0151seg\u00edteni a megv\u00e1ltozott munkak\u00e9pess\u00e9g\u0171 szem\u00e9lyek ny\u00edlt munkaer\u0151piaci integr\u00e1ci\u00f3j\u00e1t, a M\u00c1V r\u00e9sz\u00e9re pedig kulcsmenedzsment-rendszer megval\u00f3s\u00edt\u00e1s\u00e1ra is j\u00f3v\u00e1hagyott egy keret\u00f6sszeget. A Magyar K\u00f6zl\u00f6nyben megjelent hat\u00e1rozatok k\u00f6z\u00fcl az els\u0151 az Emberi Er\u0151forr\u00e1s Fejleszt\u00e9si Operat\u00edv Program (EFOP) keret\u00e9ben, a megv\u00e1ltozott munkak\u00e9pess\u00e9g\u0171 emberek t\u00e1mogat\u00e1s\u00e1ra szolg\u00e1l\u00f3 13 milli\u00e1rd 965 milli\u00f3 forintot emelte meg 3 milli\u00e1rddal. A\" \/>\n\t\t<meta name=\"twitter:image\" content=\"https:\/\/allasorias.hu\/hirek\/wp-content\/uploads\/2018\/12\/disabled-2199122_640.jpg\" \/>\n\t\t<meta name=\"twitter:label1\" content=\"Written by\" \/>\n\t\t<meta name=\"twitter:data1\" content=\"Juh\u00e1sz P\u00e9ter\" \/>\n\t\t<meta name=\"twitter:label2\" content=\"Est. reading time\" \/>\n\t\t<meta name=\"twitter:data2\" content=\"1 minute\" \/>\n\t\t<script type=\"application\/ld+json\" class=\"aioseo-schema\">\n\t\t\t{\"@context\":\"https:\\\/\\\/schema.org\",\"@graph\":[{\"@type\":\"Article\",\"@id\":\"https:\\\/\\\/allasorias.hu\\\/hirek\\\/tamogatja-a-kormany-a-megvaltozott-munkakepessegueket\\\/#article\",\"name\":\"T\\u00e1mogatja a korm\\u00e1ny a megv\\u00e1ltozott munkak\\u00e9pess\\u00e9g\\u0171eket | AllasOrias.hu | H\\u00edrek-lapszemle\",\"headline\":\"T\\u00e1mogatja a korm\\u00e1ny a megv\\u00e1ltozott munkak\\u00e9pess\\u00e9g\\u0171eket\",\"author\":{\"@id\":\"https:\\\/\\\/allasorias.hu\\\/hirek\\\/author\\\/admin-allasorias\\\/#author\"},\"publisher\":{\"@id\":\"https:\\\/\\\/allasorias.hu\\\/hirek\\\/#organization\"},\"image\":{\"@type\":\"ImageObject\",\"url\":\"https:\\\/\\\/allasorias.hu\\\/hirek\\\/wp-content\\\/uploads\\\/2018\\\/12\\\/disabled-2199122_640.jpg\",\"width\":640,\"height\":425},\"datePublished\":\"2021-05-25T08:30:52+02:00\",\"dateModified\":\"2021-05-25T08:30:52+02:00\",\"inLanguage\":\"hu-HU\",\"mainEntityOfPage\":{\"@id\":\"https:\\\/\\\/allasorias.hu\\\/hirek\\\/tamogatja-a-kormany-a-megvaltozott-munkakepessegueket\\\/#webpage\"},\"isPartOf\":{\"@id\":\"https:\\\/\\\/allasorias.hu\\\/hirek\\\/tamogatja-a-kormany-a-megvaltozott-munkakepessegueket\\\/#webpage\"},\"articleSection\":\"Munkaer\\u0151piac\"},{\"@type\":\"BreadcrumbList\",\"@id\":\"https:\\\/\\\/allasorias.hu\\\/hirek\\\/tamogatja-a-kormany-a-megvaltozott-munkakepessegueket\\\/#breadcrumblist\",\"itemListElement\":[{\"@type\":\"ListItem\",\"@id\":\"https:\\\/\\\/allasorias.hu\\\/hirek#listItem\",\"position\":1,\"name\":\"Home\",\"item\":\"https:\\\/\\\/allasorias.hu\\\/hirek\",\"nextItem\":{\"@type\":\"ListItem\",\"@id\":\"https:\\\/\\\/allasorias.hu\\\/hirek\\\/temak\\\/munkaeropiac\\\/#listItem\",\"name\":\"Munkaer\\u0151piac\"}},{\"@type\":\"ListItem\",\"@id\":\"https:\\\/\\\/allasorias.hu\\\/hirek\\\/temak\\\/munkaeropiac\\\/#listItem\",\"position\":2,\"name\":\"Munkaer\\u0151piac\",\"item\":\"https:\\\/\\\/allasorias.hu\\\/hirek\\\/temak\\\/munkaeropiac\\\/\",\"nextItem\":{\"@type\":\"ListItem\",\"@id\":\"https:\\\/\\\/allasorias.hu\\\/hirek\\\/tamogatja-a-kormany-a-megvaltozott-munkakepessegueket\\\/#listItem\",\"name\":\"T\\u00e1mogatja a korm\\u00e1ny a megv\\u00e1ltozott munkak\\u00e9pess\\u00e9g\\u0171eket\"},\"previousItem\":{\"@type\":\"ListItem\",\"@id\":\"https:\\\/\\\/allasorias.hu\\\/hirek#listItem\",\"name\":\"Home\"}},{\"@type\":\"ListItem\",\"@id\":\"https:\\\/\\\/allasorias.hu\\\/hirek\\\/tamogatja-a-kormany-a-megvaltozott-munkakepessegueket\\\/#listItem\",\"position\":3,\"name\":\"T\\u00e1mogatja a korm\\u00e1ny a megv\\u00e1ltozott munkak\\u00e9pess\\u00e9g\\u0171eket\",\"previousItem\":{\"@type\":\"ListItem\",\"@id\":\"https:\\\/\\\/allasorias.hu\\\/hirek\\\/temak\\\/munkaeropiac\\\/#listItem\",\"name\":\"Munkaer\\u0151piac\"}}]},{\"@type\":\"Organization\",\"@id\":\"https:\\\/\\\/allasorias.hu\\\/hirek\\\/#organization\",\"name\":\"AllasOrias.hu | H\\u00edrek-lapszemle\",\"description\":\"\\u00dczleti h\\u00edrek az \\u00e1ll\\u00e1s \\u00e9s a munka vil\\u00e1g\\u00e1b\\u00f3l\",\"url\":\"https:\\\/\\\/allasorias.hu\\\/hirek\\\/\",\"logo\":{\"@type\":\"ImageObject\",\"url\":\"https:\\\/\\\/allasorias.hu\\\/hirek\\\/wp-content\\\/uploads\\\/2022\\\/10\\\/allasorias_site_facebok_logo.png\",\"@id\":\"https:\\\/\\\/allasorias.hu\\\/hirek\\\/tamogatja-a-kormany-a-megvaltozott-munkakepessegueket\\\/#organizationLogo\"},\"image\":{\"@id\":\"https:\\\/\\\/allasorias.hu\\\/hirek\\\/tamogatja-a-kormany-a-megvaltozott-munkakepessegueket\\\/#organizationLogo\"},\"sameAs\":[\"https:\\\/\\\/www.facebook.com\\\/allasorias\",\"https:\\\/\\\/www.linkedin.com\\\/company\\\/allasorias\"]},{\"@type\":\"Person\",\"@id\":\"https:\\\/\\\/allasorias.hu\\\/hirek\\\/author\\\/admin-allasorias\\\/#author\",\"url\":\"https:\\\/\\\/allasorias.hu\\\/hirek\\\/author\\\/admin-allasorias\\\/\",\"name\":\"Juh\\u00e1sz P\\u00e9ter\",\"image\":{\"@type\":\"ImageObject\",\"@id\":\"https:\\\/\\\/allasorias.hu\\\/hirek\\\/tamogatja-a-kormany-a-megvaltozott-munkakepessegueket\\\/#authorImage\",\"url\":\"https:\\\/\\\/secure.gravatar.com\\\/avatar\\\/36e6bcb83148978b992977cb0f54d22feb0cce8a0a849a9410532bb2623ba4c6?s=96&d=mm&r=g\",\"width\":96,\"height\":96,\"caption\":\"Juh\\u00e1sz P\\u00e9ter\"}},{\"@type\":\"WebPage\",\"@id\":\"https:\\\/\\\/allasorias.hu\\\/hirek\\\/tamogatja-a-kormany-a-megvaltozott-munkakepessegueket\\\/#webpage\",\"url\":\"https:\\\/\\\/allasorias.hu\\\/hirek\\\/tamogatja-a-kormany-a-megvaltozott-munkakepessegueket\\\/\",\"name\":\"T\\u00e1mogatja a korm\\u00e1ny a megv\\u00e1ltozott munkak\\u00e9pess\\u00e9g\\u0171eket | AllasOrias.hu | H\\u00edrek-lapszemle\",\"description\":\"A korm\\u00e1ny t\\u00f6bbek k\\u00f6z\\u00f6tt szeretn\\u00e9 el\\u0151seg\\u00edteni a megv\\u00e1ltozott munkak\\u00e9pess\\u00e9g\\u0171 szem\\u00e9lyek ny\\u00edlt munkaer\\u0151piaci integr\\u00e1ci\\u00f3j\\u00e1t, a M\\u00c1V r\\u00e9sz\\u00e9re pedig kulcsmenedzsment-rendszer megval\\u00f3s\\u00edt\\u00e1s\\u00e1ra is j\\u00f3v\\u00e1hagyott egy keret\\u00f6sszeget. A Magyar K\\u00f6zl\\u00f6nyben megjelent hat\\u00e1rozatok k\\u00f6z\\u00fcl az els\\u0151 az Emberi Er\\u0151forr\\u00e1s Fejleszt\\u00e9si Operat\\u00edv Program (EFOP) keret\\u00e9ben, a megv\\u00e1ltozott munkak\\u00e9pess\\u00e9g\\u0171 emberek t\\u00e1mogat\\u00e1s\\u00e1ra szolg\\u00e1l\\u00f3 13 milli\\u00e1rd 965 milli\\u00f3 forintot emelte meg 3 milli\\u00e1rddal. A\",\"inLanguage\":\"hu-HU\",\"isPartOf\":{\"@id\":\"https:\\\/\\\/allasorias.hu\\\/hirek\\\/#website\"},\"breadcrumb\":{\"@id\":\"https:\\\/\\\/allasorias.hu\\\/hirek\\\/tamogatja-a-kormany-a-megvaltozott-munkakepessegueket\\\/#breadcrumblist\"},\"author\":{\"@id\":\"https:\\\/\\\/allasorias.hu\\\/hirek\\\/author\\\/admin-allasorias\\\/#author\"},\"creator\":{\"@id\":\"https:\\\/\\\/allasorias.hu\\\/hirek\\\/author\\\/admin-allasorias\\\/#author\"},\"image\":{\"@type\":\"ImageObject\",\"url\":\"https:\\\/\\\/allasorias.hu\\\/hirek\\\/wp-content\\\/uploads\\\/2018\\\/12\\\/disabled-2199122_640.jpg\",\"@id\":\"https:\\\/\\\/allasorias.hu\\\/hirek\\\/tamogatja-a-kormany-a-megvaltozott-munkakepessegueket\\\/#mainImage\",\"width\":640,\"height\":425},\"primaryImageOfPage\":{\"@id\":\"https:\\\/\\\/allasorias.hu\\\/hirek\\\/tamogatja-a-kormany-a-megvaltozott-munkakepessegueket\\\/#mainImage\"},\"datePublished\":\"2021-05-25T08:30:52+02:00\",\"dateModified\":\"2021-05-25T08:30:52+02:00\"},{\"@type\":\"WebSite\",\"@id\":\"https:\\\/\\\/allasorias.hu\\\/hirek\\\/#website\",\"url\":\"https:\\\/\\\/allasorias.hu\\\/hirek\\\/\",\"name\":\"AllasOrias.hu | H\\u00edrek-lapszemle\",\"description\":\"\\u00dczleti h\\u00edrek az \\u00e1ll\\u00e1s \\u00e9s a munka vil\\u00e1g\\u00e1b\\u00f3l\",\"inLanguage\":\"hu-HU\",\"publisher\":{\"@id\":\"https:\\\/\\\/allasorias.hu\\\/hirek\\\/#organization\"}}]}\n\t\t<\/script>\n\t\t<!-- All in One SEO -->\n\n","aioseo_head_json":{"title":"T\u00e1mogatja a korm\u00e1ny a megv\u00e1ltozott munkak\u00e9pess\u00e9g\u0171eket | AllasOrias.hu | H\u00edrek-lapszemle","description":"A korm\u00e1ny t\u00f6bbek k\u00f6z\u00f6tt szeretn\u00e9 el\u0151seg\u00edteni a megv\u00e1ltozott munkak\u00e9pess\u00e9g\u0171 szem\u00e9lyek ny\u00edlt munkaer\u0151piaci integr\u00e1ci\u00f3j\u00e1t, a M\u00c1V r\u00e9sz\u00e9re pedig kulcsmenedzsment-rendszer megval\u00f3s\u00edt\u00e1s\u00e1ra is j\u00f3v\u00e1hagyott egy keret\u00f6sszeget. A Magyar K\u00f6zl\u00f6nyben megjelent hat\u00e1rozatok k\u00f6z\u00fcl az els\u0151 az Emberi Er\u0151forr\u00e1s Fejleszt\u00e9si Operat\u00edv Program (EFOP) keret\u00e9ben, a megv\u00e1ltozott munkak\u00e9pess\u00e9g\u0171 emberek t\u00e1mogat\u00e1s\u00e1ra szolg\u00e1l\u00f3 13 milli\u00e1rd 965 milli\u00f3 forintot emelte meg 3 milli\u00e1rddal. A","canonical_url":"https:\/\/allasorias.hu\/hirek\/tamogatja-a-kormany-a-megvaltozott-munkakepessegueket\/","robots":"max-image-preview:large","keywords":"","webmasterTools":{"miscellaneous":""},"schema":{"@context":"https:\/\/schema.org","@graph":[{"@type":"Article","@id":"https:\/\/allasorias.hu\/hirek\/tamogatja-a-kormany-a-megvaltozott-munkakepessegueket\/#article","name":"T\u00e1mogatja a korm\u00e1ny a megv\u00e1ltozott munkak\u00e9pess\u00e9g\u0171eket | AllasOrias.hu | H\u00edrek-lapszemle","headline":"T\u00e1mogatja a korm\u00e1ny a megv\u00e1ltozott munkak\u00e9pess\u00e9g\u0171eket","author":{"@id":"https:\/\/allasorias.hu\/hirek\/author\/admin-allasorias\/#author"},"publisher":{"@id":"https:\/\/allasorias.hu\/hirek\/#organization"},"image":{"@type":"ImageObject","url":"https:\/\/allasorias.hu\/hirek\/wp-content\/uploads\/2018\/12\/disabled-2199122_640.jpg","width":640,"height":425},"datePublished":"2021-05-25T08:30:52+02:00","dateModified":"2021-05-25T08:30:52+02:00","inLanguage":"hu-HU","mainEntityOfPage":{"@id":"https:\/\/allasorias.hu\/hirek\/tamogatja-a-kormany-a-megvaltozott-munkakepessegueket\/#webpage"},"isPartOf":{"@id":"https:\/\/allasorias.hu\/hirek\/tamogatja-a-kormany-a-megvaltozott-munkakepessegueket\/#webpage"},"articleSection":"Munkaer\u0151piac"},{"@type":"BreadcrumbList","@id":"https:\/\/allasorias.hu\/hirek\/tamogatja-a-kormany-a-megvaltozott-munkakepessegueket\/#breadcrumblist","itemListElement":[{"@type":"ListItem","@id":"https:\/\/allasorias.hu\/hirek#listItem","position":1,"name":"Home","item":"https:\/\/allasorias.hu\/hirek","nextItem":{"@type":"ListItem","@id":"https:\/\/allasorias.hu\/hirek\/temak\/munkaeropiac\/#listItem","name":"Munkaer\u0151piac"}},{"@type":"ListItem","@id":"https:\/\/allasorias.hu\/hirek\/temak\/munkaeropiac\/#listItem","position":2,"name":"Munkaer\u0151piac","item":"https:\/\/allasorias.hu\/hirek\/temak\/munkaeropiac\/","nextItem":{"@type":"ListItem","@id":"https:\/\/allasorias.hu\/hirek\/tamogatja-a-kormany-a-megvaltozott-munkakepessegueket\/#listItem","name":"T\u00e1mogatja a korm\u00e1ny a megv\u00e1ltozott munkak\u00e9pess\u00e9g\u0171eket"},"previousItem":{"@type":"ListItem","@id":"https:\/\/allasorias.hu\/hirek#listItem","name":"Home"}},{"@type":"ListItem","@id":"https:\/\/allasorias.hu\/hirek\/tamogatja-a-kormany-a-megvaltozott-munkakepessegueket\/#listItem","position":3,"name":"T\u00e1mogatja a korm\u00e1ny a megv\u00e1ltozott munkak\u00e9pess\u00e9g\u0171eket","previousItem":{"@type":"ListItem","@id":"https:\/\/allasorias.hu\/hirek\/temak\/munkaeropiac\/#listItem","name":"Munkaer\u0151piac"}}]},{"@type":"Organization","@id":"https:\/\/allasorias.hu\/hirek\/#organization","name":"AllasOrias.hu | H\u00edrek-lapszemle","description":"\u00dczleti h\u00edrek az \u00e1ll\u00e1s \u00e9s a munka vil\u00e1g\u00e1b\u00f3l","url":"https:\/\/allasorias.hu\/hirek\/","logo":{"@type":"ImageObject","url":"https:\/\/allasorias.hu\/hirek\/wp-content\/uploads\/2022\/10\/allasorias_site_facebok_logo.png","@id":"https:\/\/allasorias.hu\/hirek\/tamogatja-a-kormany-a-megvaltozott-munkakepessegueket\/#organizationLogo"},"image":{"@id":"https:\/\/allasorias.hu\/hirek\/tamogatja-a-kormany-a-megvaltozott-munkakepessegueket\/#organizationLogo"},"sameAs":["https:\/\/www.facebook.com\/allasorias","https:\/\/www.linkedin.com\/company\/allasorias"]},{"@type":"Person","@id":"https:\/\/allasorias.hu\/hirek\/author\/admin-allasorias\/#author","url":"https:\/\/allasorias.hu\/hirek\/author\/admin-allasorias\/","name":"Juh\u00e1sz P\u00e9ter","image":{"@type":"ImageObject","@id":"https:\/\/allasorias.hu\/hirek\/tamogatja-a-kormany-a-megvaltozott-munkakepessegueket\/#authorImage","url":"https:\/\/secure.gravatar.com\/avatar\/36e6bcb83148978b992977cb0f54d22feb0cce8a0a849a9410532bb2623ba4c6?s=96&d=mm&r=g","width":96,"height":96,"caption":"Juh\u00e1sz P\u00e9ter"}},{"@type":"WebPage","@id":"https:\/\/allasorias.hu\/hirek\/tamogatja-a-kormany-a-megvaltozott-munkakepessegueket\/#webpage","url":"https:\/\/allasorias.hu\/hirek\/tamogatja-a-kormany-a-megvaltozott-munkakepessegueket\/","name":"T\u00e1mogatja a korm\u00e1ny a megv\u00e1ltozott munkak\u00e9pess\u00e9g\u0171eket | AllasOrias.hu | H\u00edrek-lapszemle","description":"A korm\u00e1ny t\u00f6bbek k\u00f6z\u00f6tt szeretn\u00e9 el\u0151seg\u00edteni a megv\u00e1ltozott munkak\u00e9pess\u00e9g\u0171 szem\u00e9lyek ny\u00edlt munkaer\u0151piaci integr\u00e1ci\u00f3j\u00e1t, a M\u00c1V r\u00e9sz\u00e9re pedig kulcsmenedzsment-rendszer megval\u00f3s\u00edt\u00e1s\u00e1ra is j\u00f3v\u00e1hagyott egy keret\u00f6sszeget. A Magyar K\u00f6zl\u00f6nyben megjelent hat\u00e1rozatok k\u00f6z\u00fcl az els\u0151 az Emberi Er\u0151forr\u00e1s Fejleszt\u00e9si Operat\u00edv Program (EFOP) keret\u00e9ben, a megv\u00e1ltozott munkak\u00e9pess\u00e9g\u0171 emberek t\u00e1mogat\u00e1s\u00e1ra szolg\u00e1l\u00f3 13 milli\u00e1rd 965 milli\u00f3 forintot emelte meg 3 milli\u00e1rddal. A","inLanguage":"hu-HU","isPartOf":{"@id":"https:\/\/allasorias.hu\/hirek\/#website"},"breadcrumb":{"@id":"https:\/\/allasorias.hu\/hirek\/tamogatja-a-kormany-a-megvaltozott-munkakepessegueket\/#breadcrumblist"},"author":{"@id":"https:\/\/allasorias.hu\/hirek\/author\/admin-allasorias\/#author"},"creator":{"@id":"https:\/\/allasorias.hu\/hirek\/author\/admin-allasorias\/#author"},"image":{"@type":"ImageObject","url":"https:\/\/allasorias.hu\/hirek\/wp-content\/uploads\/2018\/12\/disabled-2199122_640.jpg","@id":"https:\/\/allasorias.hu\/hirek\/tamogatja-a-kormany-a-megvaltozott-munkakepessegueket\/#mainImage","width":640,"height":425},"primaryImageOfPage":{"@id":"https:\/\/allasorias.hu\/hirek\/tamogatja-a-kormany-a-megvaltozott-munkakepessegueket\/#mainImage"},"datePublished":"2021-05-25T08:30:52+02:00","dateModified":"2021-05-25T08:30:52+02:00"},{"@type":"WebSite","@id":"https:\/\/allasorias.hu\/hirek\/#website","url":"https:\/\/allasorias.hu\/hirek\/","name":"AllasOrias.hu | H\u00edrek-lapszemle","description":"\u00dczleti h\u00edrek az \u00e1ll\u00e1s \u00e9s a munka vil\u00e1g\u00e1b\u00f3l","inLanguage":"hu-HU","publisher":{"@id":"https:\/\/allasorias.hu\/hirek\/#organization"}}]},"og:locale":"hu_HU","og:site_name":"AllasOrias.hu | H\u00edrek-lapszemle | \u00dczleti h\u00edrek az \u00e1ll\u00e1s \u00e9s a munka vil\u00e1g\u00e1b\u00f3l","og:type":"article","og:title":"T\u00e1mogatja a korm\u00e1ny a megv\u00e1ltozott munkak\u00e9pess\u00e9g\u0171eket | AllasOrias.hu | H\u00edrek-lapszemle","og:description":"A korm\u00e1ny t\u00f6bbek k\u00f6z\u00f6tt szeretn\u00e9 el\u0151seg\u00edteni a megv\u00e1ltozott munkak\u00e9pess\u00e9g\u0171 szem\u00e9lyek ny\u00edlt munkaer\u0151piaci integr\u00e1ci\u00f3j\u00e1t, a M\u00c1V r\u00e9sz\u00e9re pedig kulcsmenedzsment-rendszer megval\u00f3s\u00edt\u00e1s\u00e1ra is j\u00f3v\u00e1hagyott egy keret\u00f6sszeget. A Magyar K\u00f6zl\u00f6nyben megjelent hat\u00e1rozatok k\u00f6z\u00fcl az els\u0151 az Emberi Er\u0151forr\u00e1s Fejleszt\u00e9si Operat\u00edv Program (EFOP) keret\u00e9ben, a megv\u00e1ltozott munkak\u00e9pess\u00e9g\u0171 emberek t\u00e1mogat\u00e1s\u00e1ra szolg\u00e1l\u00f3 13 milli\u00e1rd 965 milli\u00f3 forintot emelte meg 3 milli\u00e1rddal. A","og:url":"https:\/\/allasorias.hu\/hirek\/tamogatja-a-kormany-a-megvaltozott-munkakepessegueket\/","og:image":"https:\/\/allasorias.hu\/hirek\/wp-content\/uploads\/2018\/12\/disabled-2199122_640.jpg","og:image:secure_url":"https:\/\/allasorias.hu\/hirek\/wp-content\/uploads\/2018\/12\/disabled-2199122_640.jpg","og:image:width":640,"og:image:height":425,"article:published_time":"2021-05-25T08:30:52+00:00","article:modified_time":"2021-05-25T08:30:52+00:00","article:publisher":"https:\/\/www.facebook.com\/allasorias","twitter:card":"summary_large_image","twitter:title":"T\u00e1mogatja a korm\u00e1ny a megv\u00e1ltozott munkak\u00e9pess\u00e9g\u0171eket | AllasOrias.hu | H\u00edrek-lapszemle","twitter:description":"A korm\u00e1ny t\u00f6bbek k\u00f6z\u00f6tt szeretn\u00e9 el\u0151seg\u00edteni a megv\u00e1ltozott munkak\u00e9pess\u00e9g\u0171 szem\u00e9lyek ny\u00edlt munkaer\u0151piaci integr\u00e1ci\u00f3j\u00e1t, a M\u00c1V r\u00e9sz\u00e9re pedig kulcsmenedzsment-rendszer megval\u00f3s\u00edt\u00e1s\u00e1ra is j\u00f3v\u00e1hagyott egy keret\u00f6sszeget. A Magyar K\u00f6zl\u00f6nyben megjelent hat\u00e1rozatok k\u00f6z\u00fcl az els\u0151 az Emberi Er\u0151forr\u00e1s Fejleszt\u00e9si Operat\u00edv Program (EFOP) keret\u00e9ben, a megv\u00e1ltozott munkak\u00e9pess\u00e9g\u0171 emberek t\u00e1mogat\u00e1s\u00e1ra szolg\u00e1l\u00f3 13 milli\u00e1rd 965 milli\u00f3 forintot emelte meg 3 milli\u00e1rddal. A","twitter:image":"https:\/\/allasorias.hu\/hirek\/wp-content\/uploads\/2018\/12\/disabled-2199122_640.jpg","twitter:label1":"Written by","twitter:data1":"Juh\u00e1sz P\u00e9ter","twitter:label2":"Est. reading time","twitter:data2":"1 minute"},"aioseo_meta_data":{"post_id":"4806","title":null,"description":null,"keywords":[],"keyphrases":{"focus":[],"additional":[]},"primary_term":null,"canonical_url":null,"og_title":null,"og_description":null,"og_object_type":"default","og_image_type":"default","og_image_url":null,"og_image_width":null,"og_image_height":null,"og_image_custom_url":null,"og_image_custom_fields":null,"og_video":"","og_custom_url":null,"og_article_section":null,"og_article_tags":[],"twitter_use_og":false,"twitter_card":"default","twitter_image_type":"default","twitter_image_url":null,"twitter_image_custom_url":null,"twitter_image_custom_fields":null,"twitter_title":null,"twitter_description":null,"schema":{"blockGraphs":[],"customGraphs":[],"default":{"data":{"Article":[],"Course":[],"Dataset":[],"FAQPage":[],"Movie":[],"Person":[],"Product":[],"ProductReview":[],"Car":[],"Recipe":[],"Service":[],"SoftwareApplication":[],"WebPage":[]},"graphName":"","isEnabled":true},"graphs":[]},"schema_type":"default","schema_type_options":"{\"article\":{\"articleType\":\"BlogPosting\"},\"course\":{\"name\":\"\",\"description\":\"\",\"provider\":\"\"},\"faq\":{\"pages\":[]},\"product\":{\"reviews\":[]},\"recipe\":{\"ingredients\":[],\"instructions\":[],\"keywords\":[]},\"software\":{\"reviews\":[],\"operatingSystems\":[]},\"webPage\":{\"webPageType\":\"WebPage\"}}","pillar_content":false,"robots_default":true,"robots_noindex":false,"robots_noarchive":false,"robots_nosnippet":false,"robots_nofollow":false,"robots_noimageindex":false,"robots_noodp":false,"robots_notranslate":false,"robots_max_snippet":"-1","robots_max_videopreview":"-1","robots_max_imagepreview":"large","priority":null,"frequency":"default","location":null,"local_seo":{"locations":{"business":{"name":"","businessType":"","image":"","areaServed":"","urls":{"website":"","aboutPage":"","contactPage":""},"address":{"streetLine1":"","streetLine2":"","zipCode":"","city":"","state":"","country":"","addressFormat":"#streetLineOne\n#streetLineTwo\n#city, #state #zipCode"},"contact":{"phone":"","email":"","fax":""},"ids":{"vat":"","tax":"","chamberOfCommerce":""},"payment":{"priceRange":"","currenciesAccepted":"","methods":""}}},"openingHours":{"useDefaults":true,"show":true,"alwaysOpen":false,"use24hFormat":false,"timezone":"","labels":{"closed":"","alwaysOpen":""},"days":{"monday":{"open24h":false,"closed":false,"openTime":"09:00","closeTime":"17:00"},"tuesday":{"open24h":false,"closed":false,"openTime":"09:00","closeTime":"17:00"},"wednesday":{"open24h":false,"closed":false,"openTime":"09:00","closeTime":"17:00"},"thursday":{"open24h":false,"closed":false,"openTime":"09:00","closeTime":"17:00"},"friday":{"open24h":false,"closed":false,"openTime":"09:00","closeTime":"17:00"},"saturday":{"open24h":false,"closed":false,"openTime":"09:00","closeTime":"17:00"},"sunday":{"open24h":false,"closed":false,"openTime":"09:00","closeTime":"17:00"}}}},"breadcrumb_settings":null,"limit_modified_date":false,"ai":null,"created":"2021-05-25 08:28:53","updated":"2025-10-02 15:46:21","seo_analyzer_scan_date":null,"focus_keyword":null,"additional_keywords":null,"truseo_locale":null},"aioseo_breadcrumb":"<div class=\"aioseo-breadcrumbs\"><span class=\"aioseo-breadcrumb\">\n\t\t\t<a href=\"https:\/\/allasorias.hu\/hirek\" title=\"Home\">Home<\/a>\n\t\t<\/span><span class=\"aioseo-breadcrumb-separator\">&raquo;<\/span><span class=\"aioseo-breadcrumb\">\n\t\t\t<a href=\"https:\/\/allasorias.hu\/hirek\/temak\/munkaeropiac\/\" title=\"Munkaer\u0151piac\">Munkaer\u0151piac<\/a>\n\t\t<\/span><span class=\"aioseo-breadcrumb-separator\">&raquo;<\/span><span class=\"aioseo-breadcrumb\">\n\t\t\tT\u00e1mogatja a korm\u00e1ny a megv\u00e1ltozott munkak\u00e9pess\u00e9g\u0171eket\n\t\t<\/span><\/div>","aioseo_breadcrumb_json":[{"label":"Home","link":"https:\/\/allasorias.hu\/hirek"},{"label":"Munkaer\u0151piac","link":"https:\/\/allasorias.hu\/hirek\/temak\/munkaeropiac\/"},{"label":"T\u00e1mogatja a korm\u00e1ny a megv\u00e1ltozott munkak\u00e9pess\u00e9g\u0171eket","link":"https:\/\/allasorias.hu\/hirek\/tamogatja-a-kormany-a-megvaltozott-munkakepessegueket\/"}],"_links":{"self":[{"href":"https:\/\/allasorias.hu\/hirek\/wp-json\/wp\/v2\/posts\/4806","targetHints":{"allow":["GET"]}}],"collection":[{"href":"https:\/\/allasorias.hu\/hirek\/wp-json\/wp\/v2\/posts"}],"about":[{"href":"https:\/\/allasorias.hu\/hirek\/wp-json\/wp\/v2\/types\/post"}],"author":[{"embeddable":true,"href":"https:\/\/allasorias.hu\/hirek\/wp-json\/wp\/v2\/users\/1"}],"replies":[{"embeddable":true,"href":"https:\/\/allasorias.hu\/hirek\/wp-json\/wp\/v2\/comments?post=4806"}],"version-history":[{"count":1,"href":"https:\/\/allasorias.hu\/hirek\/wp-json\/wp\/v2\/posts\/4806\/revisions"}],"predecessor-version":[{"id":4807,"href":"https:\/\/allasorias.hu\/hirek\/wp-json\/wp\/v2\/posts\/4806\/revisions\/4807"}],"wp:featuredmedia":[{"embeddable":true,"href":"https:\/\/allasorias.hu\/hirek\/wp-json\/wp\/v2\/media\/2263"}],"wp:attachment":[{"href":"https:\/\/allasorias.hu\/hirek\/wp-json\/wp\/v2\/media?parent=4806"}],"wp:term":[{"taxonomy":"category","embeddable":true,"href":"https:\/\/allasorias.hu\/hirek\/wp-json\/wp\/v2\/categories?post=4806"},{"taxonomy":"post_tag","embeddable":true,"href":"https:\/\/allasorias.hu\/hirek\/wp-json\/wp\/v2\/tags?post=4806"}],"curies":[{"name":"wp","href":"https:\/\/api.w.org\/{rel}","templated":true}]}}