{"id":4792,"date":"2021-05-18T08:42:47","date_gmt":"2021-05-18T08:42:47","guid":{"rendered":"https:\/\/allasorias.hu\/hirek\/?p=4792"},"modified":"2021-05-18T08:42:47","modified_gmt":"2021-05-18T08:42:47","slug":"hamarabb-kezdhetnek-dolgozni-a-diakok","status":"publish","type":"post","link":"https:\/\/allasorias.hu\/hirek\/hamarabb-kezdhetnek-dolgozni-a-diakok\/","title":{"rendered":"Hamarabb kezdhetnek dolgozni a di\u00e1kok"},"content":{"rendered":"<p><strong>A di\u00e1kmunk\u00e1sok sz\u00e1m\u00e1ra a logisztikai, valamint a gy\u00e1rt\u00e1s szektor is szinte azonnali munk\u00e1t tud biztos\u00edtani. Az \u00e9ledez\u0151 vend\u00e9gl\u00e1t\u00f3ipar csak m\u00e9rs\u00e9kelten tudja felvenni a di\u00e1kokat, m\u00edg a gyors\u00e9ttermek tov\u00e1bbra is tartj\u00e1k kiemelt poz\u00edci\u00f3jukat. Ahogy a tavalyi \u00e9vben is, most is elmaradnak a sz\u00f3beli \u00e9retts\u00e9gi vizsg\u00e1k, \u00edgy a frissen v\u00e9gzett di\u00e1kok egy h\u00f3nappal el\u0151bb kezdenek bele a ny\u00e1rba, ez\u00e1ltal a ny\u00e1ri munkav\u00e1llal\u00e1sba is.<\/strong><\/p>\n<p>A fiatalok munk\u00e1j\u00e1ra \u00e9s lelkesed\u00e9s\u00e9re nem csak ig\u00e9ny, hanem sz\u00fcks\u00e9g is van k\u00fcl\u00f6nb\u00f6z\u0151 ter\u00fcleteken &#8211; \u00edrja k\u00f6zlem\u00e9ny\u00e9ben a MADS \u2013 M\u00e1rton \u00c1ron Iskolasz\u00f6vetkezet. Hab\u00e1r a teraszok \u00e9s a benti fogyaszt\u00e1s m\u00e1r \u00e9ledezik, a pand\u00e9mia \u00e9s a kij\u00e1r\u00e1si korl\u00e1toz\u00e1sok hat\u00e1s\u00e1ra a vend\u00e9gl\u00e1t\u00f3helyek munkak\u00f6z\u00f6ss\u00e9ge v\u00e1ltoz\u00e1sokon ment kereszt\u00fcl. A hossz\u00fa sz\u00fcnet k\u00f6vetkezt\u00e9ben egyes esetekben f\u0151\u00e1ll\u00e1s\u00fa felszolg\u00e1l\u00f3k elbocs\u00e1t\u00e1s\u00e1ra k\u00e9nyszer\u00fcltek, akik k\u00f6z\u00fcl id\u0151k\u00f6zben m\u00e1s ter\u00fcleten helyezkedtek el, \u00e9s kor\u00e1nt sem biztos, hogy felt\u00e9tlen\u00fcl tervezik a vend\u00e9gl\u00e1t\u00f3iparba val\u00f3 visszat\u00e9r\u00e9st. \u201eM\u00e9g \u00edgy is, hogy bizonyos szinten cs\u00f6kkent a vend\u00e9gl\u00e1t\u00f3ipari egys\u00e9gekbe jelentkez\u0151 szakemberek sz\u00e1ma, nem a di\u00e1kmunk\u00e1sok fogj\u00e1k felt\u00f6lteni a p\u00e1ly\u00e1t v\u00e1lt\u00f3 felszolg\u00e1l\u00f3k hely\u00e9t. Az \u00e9ttermek eset\u00e9ben mindig sz\u00fcks\u00e9g van egy szakk\u00e9pzett \u00e9s tapasztalt magra, akik \u00f6sszess\u00e9g\u00e9ben l\u00e1tj\u00e1k \u00e1t a feladatokat \u00e9s a folyamatok m\u0171k\u00f6d\u00e9s\u00e9t. A di\u00e1kok azonban kiv\u00e1l\u00f3an tudnak kiseg\u00edt\u0151 poz\u00edci\u00f3ban \u00e9rv\u00e9nyes\u00fclni, ezzel kit\u00f6ltve a hi\u00e1nyz\u00f3 r\u00e9seket. Ezzel egy\u00fctt a gyors\u00e9ttermekben is sz\u00e1mos, esetenk\u00e9nt nagyobb felel\u0151s\u00e9ggel j\u00e1r\u00f3 feladatban is kipr\u00f3b\u00e1lhatj\u00e1k magukat.\u201d \u2013 magyar\u00e1zza Vir\u00e1g Viktor, a MADS \u2013 M\u00e1rton \u00c1ron Iskolasz\u00f6vetkezet igazgat\u00f3s\u00e1gi tagja. Azok a szektorok, ahov\u00e1 a di\u00e1kmunk\u00e1sok \u00e9retts\u00e9gi ut\u00e1n a leggyorsabban elhelyezkedhetnek: gyors\u00e9ttermek, nagy k\u00e1v\u00e9z\u00f3l\u00e1ncok, logisztikai szektor, gy\u00e1rt\u00e1s szektor. Az eddigi \u00e9vekt\u0151l elt\u00e9r\u0151en id\u00e9n m\u00e1r m\u00e1jusban berobbanhat a di\u00e1kmunka szezon. A tapasztalat azt mutatja, hogy az eg\u00e9sz \u00e9vben megl\u00e9v\u0151 ig\u00e9ny \u00e1ltal\u00e1ban j\u00faniusban cs\u00facsosodik, ekkor veszik fel a legnagyobb di\u00e1kmunk\u00e1s t\u00f6megeket a v\u00e1llalatok. Ugyan a nagy c\u00e9ges rendezv\u00e9nyekkel, csal\u00e1di napokkal, valamint a fesztiv\u00e1lokkal nem tudnak ebben az \u00e9vben tervezni, de a szabads\u00e1goltat\u00e1s lebonyol\u00edt\u00e1s\u00e1t \u00e9s az ideiglenesen kies\u0151 munkaer\u0151 hi\u00e1ny\u00e1t p\u00f3tolniuk kell. Ez kiemelten igaz a logisztikai, valamint a gy\u00e1rt\u00f3 szektorban m\u0171k\u00f6d\u0151 c\u00e9gekn\u00e9l, akik a kor\u00e1bbi \u00e9vekben is rendszeresen foglalkoztattak di\u00e1kmunk\u00e1sokat ebben az id\u0151szakban. A di\u00e1kmunk\u00e1sok foglalkoztat\u00e1sa m\u00e1r bevett gyakorlat a c\u00e9gek k\u00f6r\u00e9ben, hiszen j\u00e1rul\u00e9kmentes \u00e9s csak az elv\u00e9gzett munka ut\u00e1n k\u00f6telesek fizetni. A k\u00f6lts\u00e9ghat\u00e9konys\u00e1g mellett pedig id\u0151t is nyernek, hiszen a teljes toborz\u00e1si, valamint adminisztr\u00e1ci\u00f3s feladatok is \u00e1th\u00e1rulnak a di\u00e1kmunk\u00e1t k\u00f6zvet\u00edt\u0151 f\u00e9lre. A v\u00e1llalatoknak most azt kell szem el\u0151tt tartaniuk, hogy mik\u00e9nt szeretn\u00e9nek nagy t\u00f6megeket mozg\u00f3s\u00edtani, a k\u00e9s\u0151bbiekben pedig mik\u00e9nt sz\u00e1nd\u00e9koznak \u00e9rt\u00e9kes\u00edteni a di\u00e1k\u00e9vek alatt kialakult pozit\u00edv munkakapcsolatokat \u00e9s kinevelni a k\u00f6vetkez\u0151 gener\u00e1ci\u00f3t. Az \u00e1ltal\u00e1nos munkaer\u0151piaci helyzet meghat\u00e1rozza a nem tipikus foglalkoztat\u00e1si form\u00e1kat is, mint amilyen a di\u00e1kmunka is. A gyors\u00e9ttermek eddig is jelent\u0151s m\u00e9rt\u00e9kben \u00e9ltek ezzel a lehet\u0151s\u00e9ggel, \u00e9s a v\u00edrushelyzet ideje alatt felvir\u00e1gz\u00f3 h\u00e1zhoz rendel\u00e9si kedvnek k\u00f6sz\u00f6nhet\u0151en sikeresen tartotta a sz\u00e1m\u00e1t a gyors\u00e9tterm\u00e9kn\u00e9l di\u00e1kmunk\u00e1t v\u00e1llal\u00f3 fiatalok foglalkoztatotts\u00e1ga. A pand\u00e9mia elej\u00e9n tapasztalt lass\u00fa visszaes\u00e9st a szektor m\u00e9g tavaly ny\u00e1r elej\u00e9n ledolgozta, \u00e9s m\u00e1ra m\u00e1r nem csak, hogy az eddigiekhez megszokott sz\u00e1mokat hozza, de m\u00e9g n\u00f6vekszik is. Ez\u00e1ltal a gyors\u00e9ttermi l\u00e1ncok tov\u00e1bbra is nagy felvev\u0151 piacot jelentenek a di\u00e1kmunk\u00e1sok sz\u00e1m\u00e1ra. A fiatalok sz\u00e1m\u00e1ra ezek az \u00e1ll\u00e1sok nem csak p\u00e9nzkereseti lehet\u0151s\u00e9get jelentenek, de elind\u00edtja \u0151ket a munkaszocializ\u00e1ci\u00f3 \u00fatj\u00e1n, seg\u00edti a felel\u0151ss\u00e9gv\u00e1llal\u00e1st, mindamellett, hogy kommunik\u00e1ci\u00f3s, feladatmegold\u00f3 \u00e9s m\u00e1s relev\u00e1ns k\u00e9szs\u00e9geiket is fejleszti \u00e9let\u00fck ezen szakasz\u00e1ban &#8211; \u00edrj\u00e1k a k\u00f6zlem\u00e9nyben.<\/p>\n<p>Forr\u00e1s: penzcentrum.hu<\/p>\n","protected":false},"excerpt":{"rendered":"<p>A di\u00e1kmunk\u00e1sok sz\u00e1m\u00e1ra a logisztikai, valamint a gy\u00e1rt\u00e1s szektor is szinte azonnali munk\u00e1t tud biztos\u00edtani. Az \u00e9ledez\u0151 vend\u00e9gl\u00e1t\u00f3ipar csak m\u00e9rs\u00e9kelten tudja felvenni a di\u00e1kokat, m\u00edg a gyors\u00e9ttermek tov\u00e1bbra is tartj\u00e1k kiemelt poz\u00edci\u00f3jukat. Ahogy a tavalyi \u00e9vben is, most is elmaradnak a sz\u00f3beli \u00e9retts\u00e9gi vizsg\u00e1k, \u00edgy a frissen v\u00e9gzett di\u00e1kok egy h\u00f3nappal el\u0151bb kezdenek bele a [&hellip;]<\/p>\n","protected":false},"author":1,"featured_media":4287,"comment_status":"open","ping_status":"open","sticky":false,"template":"","format":"standard","meta":{"_monsterinsights_skip_tracking":false,"footnotes":""},"categories":[200],"tags":[],"class_list":["post-4792","post","type-post","status-publish","format-standard","has-post-thumbnail","hentry","category-munkaeropiac"],"aioseo_notices":[],"aioseo_head":"\n\t\t<!-- All in One SEO 5.0.0.1 - aioseo.com -->\n\t<meta name=\"description\" content=\"A di\u00e1kmunk\u00e1sok sz\u00e1m\u00e1ra a logisztikai, valamint a gy\u00e1rt\u00e1s szektor is szinte azonnali munk\u00e1t tud biztos\u00edtani. Az \u00e9ledez\u0151 vend\u00e9gl\u00e1t\u00f3ipar csak m\u00e9rs\u00e9kelten tudja felvenni a di\u00e1kokat, m\u00edg a gyors\u00e9ttermek tov\u00e1bbra is tartj\u00e1k kiemelt poz\u00edci\u00f3jukat. Ahogy a tavalyi \u00e9vben is, most is elmaradnak a sz\u00f3beli \u00e9retts\u00e9gi vizsg\u00e1k, \u00edgy a frissen v\u00e9gzett di\u00e1kok egy h\u00f3nappal el\u0151bb kezdenek bele a\" \/>\n\t<meta name=\"robots\" content=\"max-image-preview:large\" \/>\n\t<meta name=\"author\" content=\"Juh\u00e1sz P\u00e9ter\"\/>\n\t<link rel=\"canonical\" href=\"https:\/\/allasorias.hu\/hirek\/hamarabb-kezdhetnek-dolgozni-a-diakok\/\" \/>\n\t<meta name=\"generator\" content=\"All in One SEO (AIOSEO) 5.0.0.1\" \/>\n\t\t<meta property=\"og:locale\" content=\"hu_HU\" \/>\n\t\t<meta property=\"og:site_name\" content=\"AllasOrias.hu | H\u00edrek-lapszemle | \u00dczleti h\u00edrek az \u00e1ll\u00e1s \u00e9s a munka vil\u00e1g\u00e1b\u00f3l\" \/>\n\t\t<meta property=\"og:type\" content=\"article\" \/>\n\t\t<meta property=\"og:title\" content=\"Hamarabb kezdhetnek dolgozni a di\u00e1kok | AllasOrias.hu | H\u00edrek-lapszemle\" \/>\n\t\t<meta property=\"og:description\" content=\"A di\u00e1kmunk\u00e1sok sz\u00e1m\u00e1ra a logisztikai, valamint a gy\u00e1rt\u00e1s szektor is szinte azonnali munk\u00e1t tud biztos\u00edtani. Az \u00e9ledez\u0151 vend\u00e9gl\u00e1t\u00f3ipar csak m\u00e9rs\u00e9kelten tudja felvenni a di\u00e1kokat, m\u00edg a gyors\u00e9ttermek tov\u00e1bbra is tartj\u00e1k kiemelt poz\u00edci\u00f3jukat. Ahogy a tavalyi \u00e9vben is, most is elmaradnak a sz\u00f3beli \u00e9retts\u00e9gi vizsg\u00e1k, \u00edgy a frissen v\u00e9gzett di\u00e1kok egy h\u00f3nappal el\u0151bb kezdenek bele a\" \/>\n\t\t<meta property=\"og:url\" content=\"https:\/\/allasorias.hu\/hirek\/hamarabb-kezdhetnek-dolgozni-a-diakok\/\" \/>\n\t\t<meta property=\"og:image\" content=\"https:\/\/allasorias.hu\/hirek\/wp-content\/uploads\/2020\/10\/4531-1.jpg\" \/>\n\t\t<meta property=\"og:image:secure_url\" content=\"https:\/\/allasorias.hu\/hirek\/wp-content\/uploads\/2020\/10\/4531-1.jpg\" \/>\n\t\t<meta property=\"og:image:width\" content=\"1000\" \/>\n\t\t<meta property=\"og:image:height\" content=\"536\" \/>\n\t\t<meta property=\"article:published_time\" content=\"2021-05-18T08:42:47+00:00\" \/>\n\t\t<meta property=\"article:modified_time\" content=\"2021-05-18T08:42:47+00:00\" \/>\n\t\t<meta property=\"article:publisher\" content=\"https:\/\/www.facebook.com\/allasorias\" \/>\n\t\t<meta name=\"twitter:card\" content=\"summary_large_image\" \/>\n\t\t<meta name=\"twitter:title\" content=\"Hamarabb kezdhetnek dolgozni a di\u00e1kok | AllasOrias.hu | H\u00edrek-lapszemle\" \/>\n\t\t<meta name=\"twitter:description\" content=\"A di\u00e1kmunk\u00e1sok sz\u00e1m\u00e1ra a logisztikai, valamint a gy\u00e1rt\u00e1s szektor is szinte azonnali munk\u00e1t tud biztos\u00edtani. Az \u00e9ledez\u0151 vend\u00e9gl\u00e1t\u00f3ipar csak m\u00e9rs\u00e9kelten tudja felvenni a di\u00e1kokat, m\u00edg a gyors\u00e9ttermek tov\u00e1bbra is tartj\u00e1k kiemelt poz\u00edci\u00f3jukat. Ahogy a tavalyi \u00e9vben is, most is elmaradnak a sz\u00f3beli \u00e9retts\u00e9gi vizsg\u00e1k, \u00edgy a frissen v\u00e9gzett di\u00e1kok egy h\u00f3nappal el\u0151bb kezdenek bele a\" \/>\n\t\t<meta name=\"twitter:image\" content=\"https:\/\/allasorias.hu\/hirek\/wp-content\/uploads\/2020\/10\/4531-1.jpg\" \/>\n\t\t<meta name=\"twitter:label1\" content=\"Written by\" \/>\n\t\t<meta name=\"twitter:data1\" content=\"Juh\u00e1sz P\u00e9ter\" \/>\n\t\t<meta name=\"twitter:label2\" content=\"Est. reading time\" \/>\n\t\t<meta name=\"twitter:data2\" content=\"4 minutes\" \/>\n\t\t<script type=\"application\/ld+json\" class=\"aioseo-schema\">\n\t\t\t{\"@context\":\"https:\\\/\\\/schema.org\",\"@graph\":[{\"@type\":\"Article\",\"@id\":\"https:\\\/\\\/allasorias.hu\\\/hirek\\\/hamarabb-kezdhetnek-dolgozni-a-diakok\\\/#article\",\"name\":\"Hamarabb kezdhetnek dolgozni a di\\u00e1kok | AllasOrias.hu | H\\u00edrek-lapszemle\",\"headline\":\"Hamarabb kezdhetnek dolgozni a di\\u00e1kok\",\"author\":{\"@id\":\"https:\\\/\\\/allasorias.hu\\\/hirek\\\/author\\\/admin-allasorias\\\/#author\"},\"publisher\":{\"@id\":\"https:\\\/\\\/allasorias.hu\\\/hirek\\\/#organization\"},\"image\":{\"@type\":\"ImageObject\",\"url\":\"https:\\\/\\\/allasorias.hu\\\/hirek\\\/wp-content\\\/uploads\\\/2020\\\/10\\\/4531-1.jpg\",\"width\":1000,\"height\":536,\"caption\":\"Group of happy young students in a university.\"},\"datePublished\":\"2021-05-18T08:42:47+02:00\",\"dateModified\":\"2021-05-18T08:42:47+02:00\",\"inLanguage\":\"hu-HU\",\"mainEntityOfPage\":{\"@id\":\"https:\\\/\\\/allasorias.hu\\\/hirek\\\/hamarabb-kezdhetnek-dolgozni-a-diakok\\\/#webpage\"},\"isPartOf\":{\"@id\":\"https:\\\/\\\/allasorias.hu\\\/hirek\\\/hamarabb-kezdhetnek-dolgozni-a-diakok\\\/#webpage\"},\"articleSection\":\"Munkaer\\u0151piac\"},{\"@type\":\"BreadcrumbList\",\"@id\":\"https:\\\/\\\/allasorias.hu\\\/hirek\\\/hamarabb-kezdhetnek-dolgozni-a-diakok\\\/#breadcrumblist\",\"itemListElement\":[{\"@type\":\"ListItem\",\"@id\":\"https:\\\/\\\/allasorias.hu\\\/hirek#listItem\",\"position\":1,\"name\":\"Home\",\"item\":\"https:\\\/\\\/allasorias.hu\\\/hirek\",\"nextItem\":{\"@type\":\"ListItem\",\"@id\":\"https:\\\/\\\/allasorias.hu\\\/hirek\\\/temak\\\/munkaeropiac\\\/#listItem\",\"name\":\"Munkaer\\u0151piac\"}},{\"@type\":\"ListItem\",\"@id\":\"https:\\\/\\\/allasorias.hu\\\/hirek\\\/temak\\\/munkaeropiac\\\/#listItem\",\"position\":2,\"name\":\"Munkaer\\u0151piac\",\"item\":\"https:\\\/\\\/allasorias.hu\\\/hirek\\\/temak\\\/munkaeropiac\\\/\",\"nextItem\":{\"@type\":\"ListItem\",\"@id\":\"https:\\\/\\\/allasorias.hu\\\/hirek\\\/hamarabb-kezdhetnek-dolgozni-a-diakok\\\/#listItem\",\"name\":\"Hamarabb kezdhetnek dolgozni a di\\u00e1kok\"},\"previousItem\":{\"@type\":\"ListItem\",\"@id\":\"https:\\\/\\\/allasorias.hu\\\/hirek#listItem\",\"name\":\"Home\"}},{\"@type\":\"ListItem\",\"@id\":\"https:\\\/\\\/allasorias.hu\\\/hirek\\\/hamarabb-kezdhetnek-dolgozni-a-diakok\\\/#listItem\",\"position\":3,\"name\":\"Hamarabb kezdhetnek dolgozni a di\\u00e1kok\",\"previousItem\":{\"@type\":\"ListItem\",\"@id\":\"https:\\\/\\\/allasorias.hu\\\/hirek\\\/temak\\\/munkaeropiac\\\/#listItem\",\"name\":\"Munkaer\\u0151piac\"}}]},{\"@type\":\"Organization\",\"@id\":\"https:\\\/\\\/allasorias.hu\\\/hirek\\\/#organization\",\"name\":\"AllasOrias.hu | H\\u00edrek-lapszemle\",\"description\":\"\\u00dczleti h\\u00edrek az \\u00e1ll\\u00e1s \\u00e9s a munka vil\\u00e1g\\u00e1b\\u00f3l\",\"url\":\"https:\\\/\\\/allasorias.hu\\\/hirek\\\/\",\"logo\":{\"@type\":\"ImageObject\",\"url\":\"https:\\\/\\\/allasorias.hu\\\/hirek\\\/wp-content\\\/uploads\\\/2022\\\/10\\\/allasorias_site_facebok_logo.png\",\"@id\":\"https:\\\/\\\/allasorias.hu\\\/hirek\\\/hamarabb-kezdhetnek-dolgozni-a-diakok\\\/#organizationLogo\"},\"image\":{\"@id\":\"https:\\\/\\\/allasorias.hu\\\/hirek\\\/hamarabb-kezdhetnek-dolgozni-a-diakok\\\/#organizationLogo\"},\"sameAs\":[\"https:\\\/\\\/www.facebook.com\\\/allasorias\",\"https:\\\/\\\/www.linkedin.com\\\/company\\\/allasorias\"]},{\"@type\":\"Person\",\"@id\":\"https:\\\/\\\/allasorias.hu\\\/hirek\\\/author\\\/admin-allasorias\\\/#author\",\"url\":\"https:\\\/\\\/allasorias.hu\\\/hirek\\\/author\\\/admin-allasorias\\\/\",\"name\":\"Juh\\u00e1sz P\\u00e9ter\",\"image\":{\"@type\":\"ImageObject\",\"@id\":\"https:\\\/\\\/allasorias.hu\\\/hirek\\\/hamarabb-kezdhetnek-dolgozni-a-diakok\\\/#authorImage\",\"url\":\"https:\\\/\\\/secure.gravatar.com\\\/avatar\\\/36e6bcb83148978b992977cb0f54d22feb0cce8a0a849a9410532bb2623ba4c6?s=96&d=mm&r=g\",\"width\":96,\"height\":96,\"caption\":\"Juh\\u00e1sz P\\u00e9ter\"}},{\"@type\":\"WebPage\",\"@id\":\"https:\\\/\\\/allasorias.hu\\\/hirek\\\/hamarabb-kezdhetnek-dolgozni-a-diakok\\\/#webpage\",\"url\":\"https:\\\/\\\/allasorias.hu\\\/hirek\\\/hamarabb-kezdhetnek-dolgozni-a-diakok\\\/\",\"name\":\"Hamarabb kezdhetnek dolgozni a di\\u00e1kok | AllasOrias.hu | H\\u00edrek-lapszemle\",\"description\":\"A di\\u00e1kmunk\\u00e1sok sz\\u00e1m\\u00e1ra a logisztikai, valamint a gy\\u00e1rt\\u00e1s szektor is szinte azonnali munk\\u00e1t tud biztos\\u00edtani. Az \\u00e9ledez\\u0151 vend\\u00e9gl\\u00e1t\\u00f3ipar csak m\\u00e9rs\\u00e9kelten tudja felvenni a di\\u00e1kokat, m\\u00edg a gyors\\u00e9ttermek tov\\u00e1bbra is tartj\\u00e1k kiemelt poz\\u00edci\\u00f3jukat. Ahogy a tavalyi \\u00e9vben is, most is elmaradnak a sz\\u00f3beli \\u00e9retts\\u00e9gi vizsg\\u00e1k, \\u00edgy a frissen v\\u00e9gzett di\\u00e1kok egy h\\u00f3nappal el\\u0151bb kezdenek bele a\",\"inLanguage\":\"hu-HU\",\"isPartOf\":{\"@id\":\"https:\\\/\\\/allasorias.hu\\\/hirek\\\/#website\"},\"breadcrumb\":{\"@id\":\"https:\\\/\\\/allasorias.hu\\\/hirek\\\/hamarabb-kezdhetnek-dolgozni-a-diakok\\\/#breadcrumblist\"},\"author\":{\"@id\":\"https:\\\/\\\/allasorias.hu\\\/hirek\\\/author\\\/admin-allasorias\\\/#author\"},\"creator\":{\"@id\":\"https:\\\/\\\/allasorias.hu\\\/hirek\\\/author\\\/admin-allasorias\\\/#author\"},\"image\":{\"@type\":\"ImageObject\",\"url\":\"https:\\\/\\\/allasorias.hu\\\/hirek\\\/wp-content\\\/uploads\\\/2020\\\/10\\\/4531-1.jpg\",\"@id\":\"https:\\\/\\\/allasorias.hu\\\/hirek\\\/hamarabb-kezdhetnek-dolgozni-a-diakok\\\/#mainImage\",\"width\":1000,\"height\":536,\"caption\":\"Group of happy young students in a university.\"},\"primaryImageOfPage\":{\"@id\":\"https:\\\/\\\/allasorias.hu\\\/hirek\\\/hamarabb-kezdhetnek-dolgozni-a-diakok\\\/#mainImage\"},\"datePublished\":\"2021-05-18T08:42:47+02:00\",\"dateModified\":\"2021-05-18T08:42:47+02:00\"},{\"@type\":\"WebSite\",\"@id\":\"https:\\\/\\\/allasorias.hu\\\/hirek\\\/#website\",\"url\":\"https:\\\/\\\/allasorias.hu\\\/hirek\\\/\",\"name\":\"AllasOrias.hu | H\\u00edrek-lapszemle\",\"description\":\"\\u00dczleti h\\u00edrek az \\u00e1ll\\u00e1s \\u00e9s a munka vil\\u00e1g\\u00e1b\\u00f3l\",\"inLanguage\":\"hu-HU\",\"publisher\":{\"@id\":\"https:\\\/\\\/allasorias.hu\\\/hirek\\\/#organization\"}}]}\n\t\t<\/script>\n\t\t<!-- All in One SEO -->\n\n","aioseo_head_json":{"title":"Hamarabb kezdhetnek dolgozni a di\u00e1kok | AllasOrias.hu | H\u00edrek-lapszemle","description":"A di\u00e1kmunk\u00e1sok sz\u00e1m\u00e1ra a logisztikai, valamint a gy\u00e1rt\u00e1s szektor is szinte azonnali munk\u00e1t tud biztos\u00edtani. Az \u00e9ledez\u0151 vend\u00e9gl\u00e1t\u00f3ipar csak m\u00e9rs\u00e9kelten tudja felvenni a di\u00e1kokat, m\u00edg a gyors\u00e9ttermek tov\u00e1bbra is tartj\u00e1k kiemelt poz\u00edci\u00f3jukat. Ahogy a tavalyi \u00e9vben is, most is elmaradnak a sz\u00f3beli \u00e9retts\u00e9gi vizsg\u00e1k, \u00edgy a frissen v\u00e9gzett di\u00e1kok egy h\u00f3nappal el\u0151bb kezdenek bele a","canonical_url":"https:\/\/allasorias.hu\/hirek\/hamarabb-kezdhetnek-dolgozni-a-diakok\/","robots":"max-image-preview:large","keywords":"","webmasterTools":{"miscellaneous":""},"schema":{"@context":"https:\/\/schema.org","@graph":[{"@type":"Article","@id":"https:\/\/allasorias.hu\/hirek\/hamarabb-kezdhetnek-dolgozni-a-diakok\/#article","name":"Hamarabb kezdhetnek dolgozni a di\u00e1kok | AllasOrias.hu | H\u00edrek-lapszemle","headline":"Hamarabb kezdhetnek dolgozni a di\u00e1kok","author":{"@id":"https:\/\/allasorias.hu\/hirek\/author\/admin-allasorias\/#author"},"publisher":{"@id":"https:\/\/allasorias.hu\/hirek\/#organization"},"image":{"@type":"ImageObject","url":"https:\/\/allasorias.hu\/hirek\/wp-content\/uploads\/2020\/10\/4531-1.jpg","width":1000,"height":536,"caption":"Group of happy young students in a university."},"datePublished":"2021-05-18T08:42:47+02:00","dateModified":"2021-05-18T08:42:47+02:00","inLanguage":"hu-HU","mainEntityOfPage":{"@id":"https:\/\/allasorias.hu\/hirek\/hamarabb-kezdhetnek-dolgozni-a-diakok\/#webpage"},"isPartOf":{"@id":"https:\/\/allasorias.hu\/hirek\/hamarabb-kezdhetnek-dolgozni-a-diakok\/#webpage"},"articleSection":"Munkaer\u0151piac"},{"@type":"BreadcrumbList","@id":"https:\/\/allasorias.hu\/hirek\/hamarabb-kezdhetnek-dolgozni-a-diakok\/#breadcrumblist","itemListElement":[{"@type":"ListItem","@id":"https:\/\/allasorias.hu\/hirek#listItem","position":1,"name":"Home","item":"https:\/\/allasorias.hu\/hirek","nextItem":{"@type":"ListItem","@id":"https:\/\/allasorias.hu\/hirek\/temak\/munkaeropiac\/#listItem","name":"Munkaer\u0151piac"}},{"@type":"ListItem","@id":"https:\/\/allasorias.hu\/hirek\/temak\/munkaeropiac\/#listItem","position":2,"name":"Munkaer\u0151piac","item":"https:\/\/allasorias.hu\/hirek\/temak\/munkaeropiac\/","nextItem":{"@type":"ListItem","@id":"https:\/\/allasorias.hu\/hirek\/hamarabb-kezdhetnek-dolgozni-a-diakok\/#listItem","name":"Hamarabb kezdhetnek dolgozni a di\u00e1kok"},"previousItem":{"@type":"ListItem","@id":"https:\/\/allasorias.hu\/hirek#listItem","name":"Home"}},{"@type":"ListItem","@id":"https:\/\/allasorias.hu\/hirek\/hamarabb-kezdhetnek-dolgozni-a-diakok\/#listItem","position":3,"name":"Hamarabb kezdhetnek dolgozni a di\u00e1kok","previousItem":{"@type":"ListItem","@id":"https:\/\/allasorias.hu\/hirek\/temak\/munkaeropiac\/#listItem","name":"Munkaer\u0151piac"}}]},{"@type":"Organization","@id":"https:\/\/allasorias.hu\/hirek\/#organization","name":"AllasOrias.hu | H\u00edrek-lapszemle","description":"\u00dczleti h\u00edrek az \u00e1ll\u00e1s \u00e9s a munka vil\u00e1g\u00e1b\u00f3l","url":"https:\/\/allasorias.hu\/hirek\/","logo":{"@type":"ImageObject","url":"https:\/\/allasorias.hu\/hirek\/wp-content\/uploads\/2022\/10\/allasorias_site_facebok_logo.png","@id":"https:\/\/allasorias.hu\/hirek\/hamarabb-kezdhetnek-dolgozni-a-diakok\/#organizationLogo"},"image":{"@id":"https:\/\/allasorias.hu\/hirek\/hamarabb-kezdhetnek-dolgozni-a-diakok\/#organizationLogo"},"sameAs":["https:\/\/www.facebook.com\/allasorias","https:\/\/www.linkedin.com\/company\/allasorias"]},{"@type":"Person","@id":"https:\/\/allasorias.hu\/hirek\/author\/admin-allasorias\/#author","url":"https:\/\/allasorias.hu\/hirek\/author\/admin-allasorias\/","name":"Juh\u00e1sz P\u00e9ter","image":{"@type":"ImageObject","@id":"https:\/\/allasorias.hu\/hirek\/hamarabb-kezdhetnek-dolgozni-a-diakok\/#authorImage","url":"https:\/\/secure.gravatar.com\/avatar\/36e6bcb83148978b992977cb0f54d22feb0cce8a0a849a9410532bb2623ba4c6?s=96&d=mm&r=g","width":96,"height":96,"caption":"Juh\u00e1sz P\u00e9ter"}},{"@type":"WebPage","@id":"https:\/\/allasorias.hu\/hirek\/hamarabb-kezdhetnek-dolgozni-a-diakok\/#webpage","url":"https:\/\/allasorias.hu\/hirek\/hamarabb-kezdhetnek-dolgozni-a-diakok\/","name":"Hamarabb kezdhetnek dolgozni a di\u00e1kok | AllasOrias.hu | H\u00edrek-lapszemle","description":"A di\u00e1kmunk\u00e1sok sz\u00e1m\u00e1ra a logisztikai, valamint a gy\u00e1rt\u00e1s szektor is szinte azonnali munk\u00e1t tud biztos\u00edtani. Az \u00e9ledez\u0151 vend\u00e9gl\u00e1t\u00f3ipar csak m\u00e9rs\u00e9kelten tudja felvenni a di\u00e1kokat, m\u00edg a gyors\u00e9ttermek tov\u00e1bbra is tartj\u00e1k kiemelt poz\u00edci\u00f3jukat. Ahogy a tavalyi \u00e9vben is, most is elmaradnak a sz\u00f3beli \u00e9retts\u00e9gi vizsg\u00e1k, \u00edgy a frissen v\u00e9gzett di\u00e1kok egy h\u00f3nappal el\u0151bb kezdenek bele a","inLanguage":"hu-HU","isPartOf":{"@id":"https:\/\/allasorias.hu\/hirek\/#website"},"breadcrumb":{"@id":"https:\/\/allasorias.hu\/hirek\/hamarabb-kezdhetnek-dolgozni-a-diakok\/#breadcrumblist"},"author":{"@id":"https:\/\/allasorias.hu\/hirek\/author\/admin-allasorias\/#author"},"creator":{"@id":"https:\/\/allasorias.hu\/hirek\/author\/admin-allasorias\/#author"},"image":{"@type":"ImageObject","url":"https:\/\/allasorias.hu\/hirek\/wp-content\/uploads\/2020\/10\/4531-1.jpg","@id":"https:\/\/allasorias.hu\/hirek\/hamarabb-kezdhetnek-dolgozni-a-diakok\/#mainImage","width":1000,"height":536,"caption":"Group of happy young students in a university."},"primaryImageOfPage":{"@id":"https:\/\/allasorias.hu\/hirek\/hamarabb-kezdhetnek-dolgozni-a-diakok\/#mainImage"},"datePublished":"2021-05-18T08:42:47+02:00","dateModified":"2021-05-18T08:42:47+02:00"},{"@type":"WebSite","@id":"https:\/\/allasorias.hu\/hirek\/#website","url":"https:\/\/allasorias.hu\/hirek\/","name":"AllasOrias.hu | H\u00edrek-lapszemle","description":"\u00dczleti h\u00edrek az \u00e1ll\u00e1s \u00e9s a munka vil\u00e1g\u00e1b\u00f3l","inLanguage":"hu-HU","publisher":{"@id":"https:\/\/allasorias.hu\/hirek\/#organization"}}]},"og:locale":"hu_HU","og:site_name":"AllasOrias.hu | H\u00edrek-lapszemle | \u00dczleti h\u00edrek az \u00e1ll\u00e1s \u00e9s a munka vil\u00e1g\u00e1b\u00f3l","og:type":"article","og:title":"Hamarabb kezdhetnek dolgozni a di\u00e1kok | AllasOrias.hu | H\u00edrek-lapszemle","og:description":"A di\u00e1kmunk\u00e1sok sz\u00e1m\u00e1ra a logisztikai, valamint a gy\u00e1rt\u00e1s szektor is szinte azonnali munk\u00e1t tud biztos\u00edtani. Az \u00e9ledez\u0151 vend\u00e9gl\u00e1t\u00f3ipar csak m\u00e9rs\u00e9kelten tudja felvenni a di\u00e1kokat, m\u00edg a gyors\u00e9ttermek tov\u00e1bbra is tartj\u00e1k kiemelt poz\u00edci\u00f3jukat. Ahogy a tavalyi \u00e9vben is, most is elmaradnak a sz\u00f3beli \u00e9retts\u00e9gi vizsg\u00e1k, \u00edgy a frissen v\u00e9gzett di\u00e1kok egy h\u00f3nappal el\u0151bb kezdenek bele a","og:url":"https:\/\/allasorias.hu\/hirek\/hamarabb-kezdhetnek-dolgozni-a-diakok\/","og:image":"https:\/\/allasorias.hu\/hirek\/wp-content\/uploads\/2020\/10\/4531-1.jpg","og:image:secure_url":"https:\/\/allasorias.hu\/hirek\/wp-content\/uploads\/2020\/10\/4531-1.jpg","og:image:width":1000,"og:image:height":536,"article:published_time":"2021-05-18T08:42:47+00:00","article:modified_time":"2021-05-18T08:42:47+00:00","article:publisher":"https:\/\/www.facebook.com\/allasorias","twitter:card":"summary_large_image","twitter:title":"Hamarabb kezdhetnek dolgozni a di\u00e1kok | AllasOrias.hu | H\u00edrek-lapszemle","twitter:description":"A di\u00e1kmunk\u00e1sok sz\u00e1m\u00e1ra a logisztikai, valamint a gy\u00e1rt\u00e1s szektor is szinte azonnali munk\u00e1t tud biztos\u00edtani. Az \u00e9ledez\u0151 vend\u00e9gl\u00e1t\u00f3ipar csak m\u00e9rs\u00e9kelten tudja felvenni a di\u00e1kokat, m\u00edg a gyors\u00e9ttermek tov\u00e1bbra is tartj\u00e1k kiemelt poz\u00edci\u00f3jukat. Ahogy a tavalyi \u00e9vben is, most is elmaradnak a sz\u00f3beli \u00e9retts\u00e9gi vizsg\u00e1k, \u00edgy a frissen v\u00e9gzett di\u00e1kok egy h\u00f3nappal el\u0151bb kezdenek bele a","twitter:image":"https:\/\/allasorias.hu\/hirek\/wp-content\/uploads\/2020\/10\/4531-1.jpg","twitter:label1":"Written by","twitter:data1":"Juh\u00e1sz P\u00e9ter","twitter:label2":"Est. reading time","twitter:data2":"4 minutes"},"aioseo_meta_data":{"post_id":"4792","title":null,"description":null,"keywords":[],"keyphrases":{"focus":[],"additional":[]},"primary_term":null,"canonical_url":null,"og_title":null,"og_description":null,"og_object_type":"default","og_image_type":"default","og_image_url":null,"og_image_width":null,"og_image_height":null,"og_image_custom_url":null,"og_image_custom_fields":null,"og_video":"","og_custom_url":null,"og_article_section":null,"og_article_tags":[],"twitter_use_og":false,"twitter_card":"default","twitter_image_type":"default","twitter_image_url":null,"twitter_image_custom_url":null,"twitter_image_custom_fields":null,"twitter_title":null,"twitter_description":null,"schema":{"blockGraphs":[],"customGraphs":[],"default":{"data":{"Article":[],"Course":[],"Dataset":[],"FAQPage":[],"Movie":[],"Person":[],"Product":[],"ProductReview":[],"Car":[],"Recipe":[],"Service":[],"SoftwareApplication":[],"WebPage":[]},"graphName":"","isEnabled":true},"graphs":[],"defaultGraph":"Article","defaultPostTypeGraph":""},"schema_type":"default","schema_type_options":"{\"article\":{\"articleType\":\"BlogPosting\"},\"course\":{\"name\":\"\",\"description\":\"\",\"provider\":\"\"},\"faq\":{\"pages\":[]},\"product\":{\"reviews\":[]},\"recipe\":{\"ingredients\":[],\"instructions\":[],\"keywords\":[]},\"software\":{\"reviews\":[],\"operatingSystems\":[]},\"webPage\":{\"webPageType\":\"WebPage\"}}","pillar_content":false,"robots_default":true,"robots_noindex":false,"robots_noarchive":false,"robots_nosnippet":false,"robots_nofollow":false,"robots_noimageindex":false,"robots_noodp":false,"robots_notranslate":false,"robots_max_snippet":"-1","robots_max_videopreview":"-1","robots_max_imagepreview":"large","priority":null,"frequency":"default","location":null,"local_seo":{"locations":{"business":{"name":"","businessType":"","image":"","areaServed":"","urls":{"website":"","aboutPage":"","contactPage":""},"address":{"streetLine1":"","streetLine2":"","zipCode":"","city":"","state":"","country":"","addressFormat":"#streetLineOne\n#streetLineTwo\n#city, #state #zipCode"},"contact":{"phone":"","email":"","fax":""},"ids":{"vat":"","tax":"","chamberOfCommerce":""},"payment":{"priceRange":"","currenciesAccepted":"","methods":""}}},"openingHours":{"useDefaults":true,"show":true,"alwaysOpen":false,"use24hFormat":false,"timezone":"","labels":{"closed":"","alwaysOpen":""},"days":{"monday":{"open24h":false,"closed":false,"openTime":"09:00","closeTime":"17:00"},"tuesday":{"open24h":false,"closed":false,"openTime":"09:00","closeTime":"17:00"},"wednesday":{"open24h":false,"closed":false,"openTime":"09:00","closeTime":"17:00"},"thursday":{"open24h":false,"closed":false,"openTime":"09:00","closeTime":"17:00"},"friday":{"open24h":false,"closed":false,"openTime":"09:00","closeTime":"17:00"},"saturday":{"open24h":false,"closed":false,"openTime":"09:00","closeTime":"17:00"},"sunday":{"open24h":false,"closed":false,"openTime":"09:00","closeTime":"17:00"}}}},"breadcrumb_settings":null,"limit_modified_date":false,"ai":null,"created":"2021-05-18 08:41:30","updated":"2025-10-02 15:43:21","seo_analyzer_scan_date":null,"focus_keyword":null,"additional_keywords":null,"truseo_locale":null},"aioseo_breadcrumb":"<div class=\"aioseo-breadcrumbs\"><span class=\"aioseo-breadcrumb\">\n\t\t\t<a href=\"https:\/\/allasorias.hu\/hirek\" title=\"Home\">Home<\/a>\n\t\t<\/span><span class=\"aioseo-breadcrumb-separator\">&raquo;<\/span><span class=\"aioseo-breadcrumb\">\n\t\t\t<a href=\"https:\/\/allasorias.hu\/hirek\/temak\/munkaeropiac\/\" title=\"Munkaer\u0151piac\">Munkaer\u0151piac<\/a>\n\t\t<\/span><span class=\"aioseo-breadcrumb-separator\">&raquo;<\/span><span class=\"aioseo-breadcrumb\">\n\t\t\tHamarabb kezdhetnek dolgozni a di\u00e1kok\n\t\t<\/span><\/div>","aioseo_breadcrumb_json":[{"label":"Home","link":"https:\/\/allasorias.hu\/hirek"},{"label":"Munkaer\u0151piac","link":"https:\/\/allasorias.hu\/hirek\/temak\/munkaeropiac\/"},{"label":"Hamarabb kezdhetnek dolgozni a di\u00e1kok","link":"https:\/\/allasorias.hu\/hirek\/hamarabb-kezdhetnek-dolgozni-a-diakok\/"}],"_links":{"self":[{"href":"https:\/\/allasorias.hu\/hirek\/wp-json\/wp\/v2\/posts\/4792","targetHints":{"allow":["GET"]}}],"collection":[{"href":"https:\/\/allasorias.hu\/hirek\/wp-json\/wp\/v2\/posts"}],"about":[{"href":"https:\/\/allasorias.hu\/hirek\/wp-json\/wp\/v2\/types\/post"}],"author":[{"embeddable":true,"href":"https:\/\/allasorias.hu\/hirek\/wp-json\/wp\/v2\/users\/1"}],"replies":[{"embeddable":true,"href":"https:\/\/allasorias.hu\/hirek\/wp-json\/wp\/v2\/comments?post=4792"}],"version-history":[{"count":1,"href":"https:\/\/allasorias.hu\/hirek\/wp-json\/wp\/v2\/posts\/4792\/revisions"}],"predecessor-version":[{"id":4793,"href":"https:\/\/allasorias.hu\/hirek\/wp-json\/wp\/v2\/posts\/4792\/revisions\/4793"}],"wp:featuredmedia":[{"embeddable":true,"href":"https:\/\/allasorias.hu\/hirek\/wp-json\/wp\/v2\/media\/4287"}],"wp:attachment":[{"href":"https:\/\/allasorias.hu\/hirek\/wp-json\/wp\/v2\/media?parent=4792"}],"wp:term":[{"taxonomy":"category","embeddable":true,"href":"https:\/\/allasorias.hu\/hirek\/wp-json\/wp\/v2\/categories?post=4792"},{"taxonomy":"post_tag","embeddable":true,"href":"https:\/\/allasorias.hu\/hirek\/wp-json\/wp\/v2\/tags?post=4792"}],"curies":[{"name":"wp","href":"https:\/\/api.w.org\/{rel}","templated":true}]}}