{"id":4789,"date":"2021-05-17T08:39:45","date_gmt":"2021-05-17T08:39:45","guid":{"rendered":"https:\/\/allasorias.hu\/hirek\/?p=4789"},"modified":"2021-05-17T08:39:45","modified_gmt":"2021-05-17T08:39:45","slug":"szukul-a-kozfoglalkoztatottak-kore","status":"publish","type":"post","link":"https:\/\/allasorias.hu\/hirek\/szukul-a-kozfoglalkoztatottak-kore\/","title":{"rendered":"Sz\u0171k\u00fcl a k\u00f6zfoglalkoztatottak k\u00f6re"},"content":{"rendered":"<p><strong>Am\u00edg 2020-ban a Bel\u00fcgyminiszt\u00e9rium Indexnek megk\u00fcld\u00f6tt adatai szerint \u00e9ves \u00e1tlagban 106 ezer f\u0151 foglalkoztat\u00e1s\u00e1val tervezt\u00e9k meg a k\u00f6zfoglalkoztat\u00e1si programokat a 2019-es \u00e1tlagosan 92,5 ezres l\u00e9tsz\u00e1mot k\u00f6vet\u0151en, addig j\u00f6v\u0151re m\u00e1r csak 92 ezer embernek adn\u00e1nak t\u00e1mogatott munkalehet\u0151s\u00e9get a 2022-es k\u00f6lts\u00e9gvet\u00e9s tervezet\u00e9ben megjelent sz\u00e1mok alapj\u00e1n. <\/strong><\/p>\n<p>A 2021-es k\u00f6lts\u00e9gvet\u00e9sben 165 milli\u00e1rd forintot k\u00fcl\u00f6n\u00edtettek el a Start-munkaprogramokra, amely keret\u00e9t a foglalkoztat\u00e1si adatokra tekintettel az \u00e1prilisban beny\u00fajtott p\u00f3tk\u00f6lts\u00e9gvet\u00e9ssel sem m\u00f3dos\u00edtott\u00e1k. Ehhez k\u00e9pest a 2022-es b\u00fcdzs\u00e9tervezet 120 milli\u00e1rd forinttal sz\u00e1mol a Start-munkaprogramok finansz\u00edroz\u00e1sa kapcs\u00e1n. A j\u00f6v\u0151re el\u0151rel\u00e1that\u00f3lag foglalkoztathat\u00f3 l\u00e9tsz\u00e1mot persze befoly\u00e1solhatja, ha a korm\u00e1ny \u2013 ak\u00e1r a v\u00e1laszt\u00e1sokra tekintettel \u2013 esetleg ism\u00e9t megemeli a k\u00f6zfoglalkoztat\u00e1si b\u00e9reket. Igaz, erre alapb\u00f3l kev\u00e9s az es\u00e9ly, mivel legut\u00f3bb is 4 \u00e9v ut\u00e1n ny\u00falt hozz\u00e1 a legkisebb magyar keresetekhez. \u00cdgy lett 2021 febru\u00e1rj\u00e1t\u00f3l mind\u00f6ssze 4 sz\u00e1zal\u00e9kos, brutt\u00f3 3470 forintos emel\u00e9ssel havi brutt\u00f3 85 ezer forint a teljes munkaid\u0151s k\u00f6zfoglalkoztatotts\u00e1gi b\u00e9r, illetve brutt\u00f3 3445 forinttal emelten 110 ezer forint a szakk\u00e9pzett k\u00f6zmunk\u00e1sok fizet\u00e9se. A BM adatai szerint m\u00e1jus els\u0151 het\u00e9ben alap k\u00f6zfoglalkoztat\u00e1si b\u00e9rt 74 630 ember kapott k\u00e9zhez a munk\u00e1j\u00e1t k\u00f6vet\u0151en, a szakk\u00e9pzetteknek j\u00e1r\u00f3 garant\u00e1lt k\u00f6zfoglalkoztat\u00e1si b\u00e9rt 8838-an kaptak, m\u00edg a programokban munkavezet\u0151i fizet\u00e9s\u00e9rt 5478-an dolgoztak. M\u00e1sr\u00e9szt az\u00e9rt kicsi a val\u00f3sz\u00edn\u0171s\u00e9ge a k\u00f6zfoglalkoztat\u00e1si b\u00e9rek emel\u00e9s\u00e9nek, mivel a korm\u00e1ny \u2013 a BM megfogalmaz\u00e1sa szerint \u2013 \u201etov\u00e1bbra is \u00e1tmeneti foglalkoztat\u00e1si form\u00e1nak tekinti, melynek szerepe \u00e9vr\u0151l \u00e9vre igazodik a munkaer\u0151piac \u00e9s a gazdas\u00e1g v\u00e1ltoz\u00e1saihoz, \u00faj ig\u00e9nyeihez.\u201d Az elm\u00falt \u00e9vekben r\u00e9szben a tudatosan alacsonyan tartott keresettel is igyekeztek az els\u0151dleges munkaer\u0151piac fel\u00e9 terelni a k\u00f6zmunk\u00e1sokat. A korm\u00e1ny egy\u00e9bk\u00e9nt az \u00e9ves minim\u00e1lb\u00e9r-meg\u00e1llapod\u00e1sokat k\u00f6vet\u0151en \u00e1llap\u00edtja meg a k\u00f6zfoglalkoztat\u00e1si b\u00e9reket, id\u00e9n ez\u00e9rt cs\u00faszott febru\u00e1rra az emel\u00e9s. Ugyanakkor az Innov\u00e1ci\u00f3s \u00e9s Technol\u00f3giai Miniszt\u00e9riumhoz tartoz\u00f3, foglalkoztat\u00e1spolitik\u00e1\u00e9rt felel\u0151s \u00e1llamtitk\u00e1rs\u00e1g is hirdetett olyan, a versenyszf\u00e9r\u00e1ban val\u00f3 elhelyezked\u00e9st konkr\u00e9tan p\u00e9nzbeni t\u00e1mogat\u00e1ssal \u00f6szt\u00f6nz\u0151 programot, amely eredm\u00e9nyek\u00e9pp a szakt\u00e1rca \u00e1prilisi, az idei p\u00e1ly\u00e1zati lehet\u0151s\u00e9get megnyit\u00f3 k\u00f6zlem\u00e9nye szerint az elm\u00falt \u00e9vekben mintegy 17 ezren jutottak piaci \u00e1ll\u00e1shelyhez. Ez ut\u00f3bbi program keret\u00e9ben egy\u00e9bk\u00e9nt az \u00e9rintettek, ha a k\u00f6zfoglalkoztat\u00e1si jogviszonyuk id\u0151tartam\u00e1nak lej\u00e1rta el\u0151tt szereznek versenypiaci \u00e1ll\u00e1st, akkor elhelyezked\u00e9si juttat\u00e1sban (egyfajta b\u00f3nuszban) r\u00e9szes\u00fclhetnek. Min\u00e9l hamarabb l\u00e9p ki az egy\u00e9n a k\u00f6zfoglalkoztat\u00e1sb\u00f3l, ann\u00e1l t\u00f6bb t\u00e1mogat\u00e1sra lesz jogosult, mivel a k\u00f6zfoglalkoztat\u00e1s\u00e1b\u00f3l h\u00e1tral\u00e9v\u0151 id\u0151re kapja havonta, ut\u00f3lag a t\u00e1mogat\u00e1st, amelynek havi \u00f6sszege 45 600 forint. Elhelyezked\u00e9si juttat\u00e1sra jogosult az a k\u00f6zfoglalkoztatott is, aki mez\u0151gazdas\u00e1gi id\u00e9nymunk\u00e1ban vesz r\u00e9szt, ezen t\u00e1mogat\u00e1s napi d\u00edjaz\u00e1sa 2 ezer forint, ez egy h\u00f3napra ak\u00e1r 62 ezer forintot is jelenthet. A BM eml\u00e9keztetett arra is, hogy egy 2017-es korm\u00e1nyhat\u00e1rozathoz igazodva cs\u00f6kkentett\u00e9k az elm\u00falt \u00e9vekben folyamatosan, eg\u00e9szen 2020. december 31-ig a k\u00f6zfoglalkoztatottak l\u00e9tsz\u00e1m\u00e1t. A t\u00e1rca szerint a j\u00f6v\u0151 \u00e9vi keretcs\u00f6kkent\u00e9st is a k\u00f6zfoglalkoztatottak sz\u00e1m\u00e1nak m\u00e9rs\u00e9kl\u0151d\u00e9se indokolja, a pand\u00e9mia el\u0151tt ugyanis a kedvez\u0151 munkapiaci helyzetnek k\u00f6sz\u00f6nhet\u0151en esett vissza a programokban r\u00e9szt vev\u0151k sz\u00e1ma. Vagyis ez alapj\u00e1n nagyon b\u00edzik a gazdas\u00e1g gyors felpattan\u00e1s\u00e1ban a korm\u00e1ny, amelynek a foglalkoztat\u00e1sra \u00e9s a munkan\u00e9lk\u00fclis\u00e9gre is komoly hat\u00e1sa lesz.<\/p>\n<p>&nbsp;<\/p>\n<p>Forr\u00e1s: index.hu<\/p>\n","protected":false},"excerpt":{"rendered":"<p>Am\u00edg 2020-ban a Bel\u00fcgyminiszt\u00e9rium Indexnek megk\u00fcld\u00f6tt adatai szerint \u00e9ves \u00e1tlagban 106 ezer f\u0151 foglalkoztat\u00e1s\u00e1val tervezt\u00e9k meg a k\u00f6zfoglalkoztat\u00e1si programokat a 2019-es \u00e1tlagosan 92,5 ezres l\u00e9tsz\u00e1mot k\u00f6vet\u0151en, addig j\u00f6v\u0151re m\u00e1r csak 92 ezer embernek adn\u00e1nak t\u00e1mogatott munkalehet\u0151s\u00e9get a 2022-es k\u00f6lts\u00e9gvet\u00e9s tervezet\u00e9ben megjelent sz\u00e1mok alapj\u00e1n. A 2021-es k\u00f6lts\u00e9gvet\u00e9sben 165 milli\u00e1rd forintot k\u00fcl\u00f6n\u00edtettek el a Start-munkaprogramokra, amely keret\u00e9t [&hellip;]<\/p>\n","protected":false},"author":1,"featured_media":4637,"comment_status":"open","ping_status":"open","sticky":false,"template":"","format":"standard","meta":{"_monsterinsights_skip_tracking":false,"footnotes":""},"categories":[1,200],"tags":[],"class_list":["post-4789","post","type-post","status-publish","format-standard","has-post-thumbnail","hentry","category-allaskereses","category-munkaeropiac"],"aioseo_notices":[],"aioseo_head":"\n\t\t<!-- All in One SEO 5.0.0.1 - aioseo.com -->\n\t<meta name=\"description\" content=\"Am\u00edg 2020-ban a Bel\u00fcgyminiszt\u00e9rium Indexnek megk\u00fcld\u00f6tt adatai szerint \u00e9ves \u00e1tlagban 106 ezer f\u0151 foglalkoztat\u00e1s\u00e1val tervezt\u00e9k meg a k\u00f6zfoglalkoztat\u00e1si programokat a 2019-es \u00e1tlagosan 92,5 ezres l\u00e9tsz\u00e1mot k\u00f6vet\u0151en, addig j\u00f6v\u0151re m\u00e1r csak 92 ezer embernek adn\u00e1nak t\u00e1mogatott munkalehet\u0151s\u00e9get a 2022-es k\u00f6lts\u00e9gvet\u00e9s tervezet\u00e9ben megjelent sz\u00e1mok alapj\u00e1n. A 2021-es k\u00f6lts\u00e9gvet\u00e9sben 165 milli\u00e1rd forintot k\u00fcl\u00f6n\u00edtettek el a Start-munkaprogramokra, amely keret\u00e9t\" \/>\n\t<meta name=\"robots\" content=\"max-image-preview:large\" \/>\n\t<meta name=\"author\" content=\"Juh\u00e1sz P\u00e9ter\"\/>\n\t<link rel=\"canonical\" href=\"https:\/\/allasorias.hu\/hirek\/szukul-a-kozfoglalkoztatottak-kore\/\" \/>\n\t<meta name=\"generator\" content=\"All in One SEO (AIOSEO) 5.0.0.1\" \/>\n\t\t<meta property=\"og:locale\" content=\"hu_HU\" \/>\n\t\t<meta property=\"og:site_name\" content=\"AllasOrias.hu | H\u00edrek-lapszemle | \u00dczleti h\u00edrek az \u00e1ll\u00e1s \u00e9s a munka vil\u00e1g\u00e1b\u00f3l\" \/>\n\t\t<meta property=\"og:type\" content=\"article\" \/>\n\t\t<meta property=\"og:title\" content=\"Sz\u0171k\u00fcl a k\u00f6zfoglalkoztatottak k\u00f6re | AllasOrias.hu | H\u00edrek-lapszemle\" \/>\n\t\t<meta property=\"og:description\" content=\"Am\u00edg 2020-ban a Bel\u00fcgyminiszt\u00e9rium Indexnek megk\u00fcld\u00f6tt adatai szerint \u00e9ves \u00e1tlagban 106 ezer f\u0151 foglalkoztat\u00e1s\u00e1val tervezt\u00e9k meg a k\u00f6zfoglalkoztat\u00e1si programokat a 2019-es \u00e1tlagosan 92,5 ezres l\u00e9tsz\u00e1mot k\u00f6vet\u0151en, addig j\u00f6v\u0151re m\u00e1r csak 92 ezer embernek adn\u00e1nak t\u00e1mogatott munkalehet\u0151s\u00e9get a 2022-es k\u00f6lts\u00e9gvet\u00e9s tervezet\u00e9ben megjelent sz\u00e1mok alapj\u00e1n. A 2021-es k\u00f6lts\u00e9gvet\u00e9sben 165 milli\u00e1rd forintot k\u00fcl\u00f6n\u00edtettek el a Start-munkaprogramokra, amely keret\u00e9t\" \/>\n\t\t<meta property=\"og:url\" content=\"https:\/\/allasorias.hu\/hirek\/szukul-a-kozfoglalkoztatottak-kore\/\" \/>\n\t\t<meta property=\"og:image\" content=\"https:\/\/allasorias.hu\/hirek\/wp-content\/uploads\/2021\/03\/businessman-drawing-circle-select-group-people-standing-out-crowd.jpg\" \/>\n\t\t<meta property=\"og:image:secure_url\" content=\"https:\/\/allasorias.hu\/hirek\/wp-content\/uploads\/2021\/03\/businessman-drawing-circle-select-group-people-standing-out-crowd.jpg\" \/>\n\t\t<meta property=\"og:image:width\" content=\"1920\" \/>\n\t\t<meta property=\"og:image:height\" content=\"1001\" \/>\n\t\t<meta property=\"article:published_time\" content=\"2021-05-17T08:39:45+00:00\" \/>\n\t\t<meta property=\"article:modified_time\" content=\"2021-05-17T08:39:45+00:00\" \/>\n\t\t<meta property=\"article:publisher\" content=\"https:\/\/www.facebook.com\/allasorias\" \/>\n\t\t<meta name=\"twitter:card\" content=\"summary_large_image\" \/>\n\t\t<meta name=\"twitter:title\" content=\"Sz\u0171k\u00fcl a k\u00f6zfoglalkoztatottak k\u00f6re | AllasOrias.hu | H\u00edrek-lapszemle\" \/>\n\t\t<meta name=\"twitter:description\" content=\"Am\u00edg 2020-ban a Bel\u00fcgyminiszt\u00e9rium Indexnek megk\u00fcld\u00f6tt adatai szerint \u00e9ves \u00e1tlagban 106 ezer f\u0151 foglalkoztat\u00e1s\u00e1val tervezt\u00e9k meg a k\u00f6zfoglalkoztat\u00e1si programokat a 2019-es \u00e1tlagosan 92,5 ezres l\u00e9tsz\u00e1mot k\u00f6vet\u0151en, addig j\u00f6v\u0151re m\u00e1r csak 92 ezer embernek adn\u00e1nak t\u00e1mogatott munkalehet\u0151s\u00e9get a 2022-es k\u00f6lts\u00e9gvet\u00e9s tervezet\u00e9ben megjelent sz\u00e1mok alapj\u00e1n. A 2021-es k\u00f6lts\u00e9gvet\u00e9sben 165 milli\u00e1rd forintot k\u00fcl\u00f6n\u00edtettek el a Start-munkaprogramokra, amely keret\u00e9t\" \/>\n\t\t<meta name=\"twitter:image\" content=\"https:\/\/allasorias.hu\/hirek\/wp-content\/uploads\/2021\/03\/businessman-drawing-circle-select-group-people-standing-out-crowd.jpg\" \/>\n\t\t<meta name=\"twitter:label1\" content=\"Written by\" \/>\n\t\t<meta name=\"twitter:data1\" content=\"Juh\u00e1sz P\u00e9ter\" \/>\n\t\t<meta name=\"twitter:label2\" content=\"Est. reading time\" \/>\n\t\t<meta name=\"twitter:data2\" content=\"4 minutes\" \/>\n\t\t<script type=\"application\/ld+json\" class=\"aioseo-schema\">\n\t\t\t{\"@context\":\"https:\\\/\\\/schema.org\",\"@graph\":[{\"@type\":\"Article\",\"@id\":\"https:\\\/\\\/allasorias.hu\\\/hirek\\\/szukul-a-kozfoglalkoztatottak-kore\\\/#article\",\"name\":\"Sz\\u0171k\\u00fcl a k\\u00f6zfoglalkoztatottak k\\u00f6re | AllasOrias.hu | H\\u00edrek-lapszemle\",\"headline\":\"Sz\\u0171k\\u00fcl a k\\u00f6zfoglalkoztatottak k\\u00f6re\",\"author\":{\"@id\":\"https:\\\/\\\/allasorias.hu\\\/hirek\\\/author\\\/admin-allasorias\\\/#author\"},\"publisher\":{\"@id\":\"https:\\\/\\\/allasorias.hu\\\/hirek\\\/#organization\"},\"image\":{\"@type\":\"ImageObject\",\"url\":\"https:\\\/\\\/allasorias.hu\\\/hirek\\\/wp-content\\\/uploads\\\/2021\\\/03\\\/businessman-drawing-circle-select-group-people-standing-out-crowd.jpg\",\"width\":1920,\"height\":1001,\"caption\":\"Human resource management and recruitment employment business concept. Businessman drawing circle select group people standing out of crowd\"},\"datePublished\":\"2021-05-17T08:39:45+02:00\",\"dateModified\":\"2021-05-17T08:39:45+02:00\",\"inLanguage\":\"hu-HU\",\"mainEntityOfPage\":{\"@id\":\"https:\\\/\\\/allasorias.hu\\\/hirek\\\/szukul-a-kozfoglalkoztatottak-kore\\\/#webpage\"},\"isPartOf\":{\"@id\":\"https:\\\/\\\/allasorias.hu\\\/hirek\\\/szukul-a-kozfoglalkoztatottak-kore\\\/#webpage\"},\"articleSection\":\"\\u00c1ll\\u00e1skeres\\u00e9s, Munkaer\\u0151piac\"},{\"@type\":\"BreadcrumbList\",\"@id\":\"https:\\\/\\\/allasorias.hu\\\/hirek\\\/szukul-a-kozfoglalkoztatottak-kore\\\/#breadcrumblist\",\"itemListElement\":[{\"@type\":\"ListItem\",\"@id\":\"https:\\\/\\\/allasorias.hu\\\/hirek#listItem\",\"position\":1,\"name\":\"Home\",\"item\":\"https:\\\/\\\/allasorias.hu\\\/hirek\",\"nextItem\":{\"@type\":\"ListItem\",\"@id\":\"https:\\\/\\\/allasorias.hu\\\/hirek\\\/temak\\\/allaskereses\\\/#listItem\",\"name\":\"\\u00c1ll\\u00e1skeres\\u00e9s\"}},{\"@type\":\"ListItem\",\"@id\":\"https:\\\/\\\/allasorias.hu\\\/hirek\\\/temak\\\/allaskereses\\\/#listItem\",\"position\":2,\"name\":\"\\u00c1ll\\u00e1skeres\\u00e9s\",\"item\":\"https:\\\/\\\/allasorias.hu\\\/hirek\\\/temak\\\/allaskereses\\\/\",\"nextItem\":{\"@type\":\"ListItem\",\"@id\":\"https:\\\/\\\/allasorias.hu\\\/hirek\\\/szukul-a-kozfoglalkoztatottak-kore\\\/#listItem\",\"name\":\"Sz\\u0171k\\u00fcl a k\\u00f6zfoglalkoztatottak k\\u00f6re\"},\"previousItem\":{\"@type\":\"ListItem\",\"@id\":\"https:\\\/\\\/allasorias.hu\\\/hirek#listItem\",\"name\":\"Home\"}},{\"@type\":\"ListItem\",\"@id\":\"https:\\\/\\\/allasorias.hu\\\/hirek\\\/szukul-a-kozfoglalkoztatottak-kore\\\/#listItem\",\"position\":3,\"name\":\"Sz\\u0171k\\u00fcl a k\\u00f6zfoglalkoztatottak k\\u00f6re\",\"previousItem\":{\"@type\":\"ListItem\",\"@id\":\"https:\\\/\\\/allasorias.hu\\\/hirek\\\/temak\\\/allaskereses\\\/#listItem\",\"name\":\"\\u00c1ll\\u00e1skeres\\u00e9s\"}}]},{\"@type\":\"Organization\",\"@id\":\"https:\\\/\\\/allasorias.hu\\\/hirek\\\/#organization\",\"name\":\"AllasOrias.hu | H\\u00edrek-lapszemle\",\"description\":\"\\u00dczleti h\\u00edrek az \\u00e1ll\\u00e1s \\u00e9s a munka vil\\u00e1g\\u00e1b\\u00f3l\",\"url\":\"https:\\\/\\\/allasorias.hu\\\/hirek\\\/\",\"logo\":{\"@type\":\"ImageObject\",\"url\":\"https:\\\/\\\/allasorias.hu\\\/hirek\\\/wp-content\\\/uploads\\\/2022\\\/10\\\/allasorias_site_facebok_logo.png\",\"@id\":\"https:\\\/\\\/allasorias.hu\\\/hirek\\\/szukul-a-kozfoglalkoztatottak-kore\\\/#organizationLogo\"},\"image\":{\"@id\":\"https:\\\/\\\/allasorias.hu\\\/hirek\\\/szukul-a-kozfoglalkoztatottak-kore\\\/#organizationLogo\"},\"sameAs\":[\"https:\\\/\\\/www.facebook.com\\\/allasorias\",\"https:\\\/\\\/www.linkedin.com\\\/company\\\/allasorias\"]},{\"@type\":\"Person\",\"@id\":\"https:\\\/\\\/allasorias.hu\\\/hirek\\\/author\\\/admin-allasorias\\\/#author\",\"url\":\"https:\\\/\\\/allasorias.hu\\\/hirek\\\/author\\\/admin-allasorias\\\/\",\"name\":\"Juh\\u00e1sz P\\u00e9ter\",\"image\":{\"@type\":\"ImageObject\",\"@id\":\"https:\\\/\\\/allasorias.hu\\\/hirek\\\/szukul-a-kozfoglalkoztatottak-kore\\\/#authorImage\",\"url\":\"https:\\\/\\\/secure.gravatar.com\\\/avatar\\\/36e6bcb83148978b992977cb0f54d22feb0cce8a0a849a9410532bb2623ba4c6?s=96&d=mm&r=g\",\"width\":96,\"height\":96,\"caption\":\"Juh\\u00e1sz P\\u00e9ter\"}},{\"@type\":\"WebPage\",\"@id\":\"https:\\\/\\\/allasorias.hu\\\/hirek\\\/szukul-a-kozfoglalkoztatottak-kore\\\/#webpage\",\"url\":\"https:\\\/\\\/allasorias.hu\\\/hirek\\\/szukul-a-kozfoglalkoztatottak-kore\\\/\",\"name\":\"Sz\\u0171k\\u00fcl a k\\u00f6zfoglalkoztatottak k\\u00f6re | AllasOrias.hu | H\\u00edrek-lapszemle\",\"description\":\"Am\\u00edg 2020-ban a Bel\\u00fcgyminiszt\\u00e9rium Indexnek megk\\u00fcld\\u00f6tt adatai szerint \\u00e9ves \\u00e1tlagban 106 ezer f\\u0151 foglalkoztat\\u00e1s\\u00e1val tervezt\\u00e9k meg a k\\u00f6zfoglalkoztat\\u00e1si programokat a 2019-es \\u00e1tlagosan 92,5 ezres l\\u00e9tsz\\u00e1mot k\\u00f6vet\\u0151en, addig j\\u00f6v\\u0151re m\\u00e1r csak 92 ezer embernek adn\\u00e1nak t\\u00e1mogatott munkalehet\\u0151s\\u00e9get a 2022-es k\\u00f6lts\\u00e9gvet\\u00e9s tervezet\\u00e9ben megjelent sz\\u00e1mok alapj\\u00e1n. A 2021-es k\\u00f6lts\\u00e9gvet\\u00e9sben 165 milli\\u00e1rd forintot k\\u00fcl\\u00f6n\\u00edtettek el a Start-munkaprogramokra, amely keret\\u00e9t\",\"inLanguage\":\"hu-HU\",\"isPartOf\":{\"@id\":\"https:\\\/\\\/allasorias.hu\\\/hirek\\\/#website\"},\"breadcrumb\":{\"@id\":\"https:\\\/\\\/allasorias.hu\\\/hirek\\\/szukul-a-kozfoglalkoztatottak-kore\\\/#breadcrumblist\"},\"author\":{\"@id\":\"https:\\\/\\\/allasorias.hu\\\/hirek\\\/author\\\/admin-allasorias\\\/#author\"},\"creator\":{\"@id\":\"https:\\\/\\\/allasorias.hu\\\/hirek\\\/author\\\/admin-allasorias\\\/#author\"},\"image\":{\"@type\":\"ImageObject\",\"url\":\"https:\\\/\\\/allasorias.hu\\\/hirek\\\/wp-content\\\/uploads\\\/2021\\\/03\\\/businessman-drawing-circle-select-group-people-standing-out-crowd.jpg\",\"@id\":\"https:\\\/\\\/allasorias.hu\\\/hirek\\\/szukul-a-kozfoglalkoztatottak-kore\\\/#mainImage\",\"width\":1920,\"height\":1001,\"caption\":\"Human resource management and recruitment employment business concept. Businessman drawing circle select group people standing out of crowd\"},\"primaryImageOfPage\":{\"@id\":\"https:\\\/\\\/allasorias.hu\\\/hirek\\\/szukul-a-kozfoglalkoztatottak-kore\\\/#mainImage\"},\"datePublished\":\"2021-05-17T08:39:45+02:00\",\"dateModified\":\"2021-05-17T08:39:45+02:00\"},{\"@type\":\"WebSite\",\"@id\":\"https:\\\/\\\/allasorias.hu\\\/hirek\\\/#website\",\"url\":\"https:\\\/\\\/allasorias.hu\\\/hirek\\\/\",\"name\":\"AllasOrias.hu | H\\u00edrek-lapszemle\",\"description\":\"\\u00dczleti h\\u00edrek az \\u00e1ll\\u00e1s \\u00e9s a munka vil\\u00e1g\\u00e1b\\u00f3l\",\"inLanguage\":\"hu-HU\",\"publisher\":{\"@id\":\"https:\\\/\\\/allasorias.hu\\\/hirek\\\/#organization\"}}]}\n\t\t<\/script>\n\t\t<!-- All in One SEO -->\n\n","aioseo_head_json":{"title":"Sz\u0171k\u00fcl a k\u00f6zfoglalkoztatottak k\u00f6re | AllasOrias.hu | H\u00edrek-lapszemle","description":"Am\u00edg 2020-ban a Bel\u00fcgyminiszt\u00e9rium Indexnek megk\u00fcld\u00f6tt adatai szerint \u00e9ves \u00e1tlagban 106 ezer f\u0151 foglalkoztat\u00e1s\u00e1val tervezt\u00e9k meg a k\u00f6zfoglalkoztat\u00e1si programokat a 2019-es \u00e1tlagosan 92,5 ezres l\u00e9tsz\u00e1mot k\u00f6vet\u0151en, addig j\u00f6v\u0151re m\u00e1r csak 92 ezer embernek adn\u00e1nak t\u00e1mogatott munkalehet\u0151s\u00e9get a 2022-es k\u00f6lts\u00e9gvet\u00e9s tervezet\u00e9ben megjelent sz\u00e1mok alapj\u00e1n. A 2021-es k\u00f6lts\u00e9gvet\u00e9sben 165 milli\u00e1rd forintot k\u00fcl\u00f6n\u00edtettek el a Start-munkaprogramokra, amely keret\u00e9t","canonical_url":"https:\/\/allasorias.hu\/hirek\/szukul-a-kozfoglalkoztatottak-kore\/","robots":"max-image-preview:large","keywords":"","webmasterTools":{"miscellaneous":""},"schema":{"@context":"https:\/\/schema.org","@graph":[{"@type":"Article","@id":"https:\/\/allasorias.hu\/hirek\/szukul-a-kozfoglalkoztatottak-kore\/#article","name":"Sz\u0171k\u00fcl a k\u00f6zfoglalkoztatottak k\u00f6re | AllasOrias.hu | H\u00edrek-lapszemle","headline":"Sz\u0171k\u00fcl a k\u00f6zfoglalkoztatottak k\u00f6re","author":{"@id":"https:\/\/allasorias.hu\/hirek\/author\/admin-allasorias\/#author"},"publisher":{"@id":"https:\/\/allasorias.hu\/hirek\/#organization"},"image":{"@type":"ImageObject","url":"https:\/\/allasorias.hu\/hirek\/wp-content\/uploads\/2021\/03\/businessman-drawing-circle-select-group-people-standing-out-crowd.jpg","width":1920,"height":1001,"caption":"Human resource management and recruitment employment business concept. Businessman drawing circle select group people standing out of crowd"},"datePublished":"2021-05-17T08:39:45+02:00","dateModified":"2021-05-17T08:39:45+02:00","inLanguage":"hu-HU","mainEntityOfPage":{"@id":"https:\/\/allasorias.hu\/hirek\/szukul-a-kozfoglalkoztatottak-kore\/#webpage"},"isPartOf":{"@id":"https:\/\/allasorias.hu\/hirek\/szukul-a-kozfoglalkoztatottak-kore\/#webpage"},"articleSection":"\u00c1ll\u00e1skeres\u00e9s, Munkaer\u0151piac"},{"@type":"BreadcrumbList","@id":"https:\/\/allasorias.hu\/hirek\/szukul-a-kozfoglalkoztatottak-kore\/#breadcrumblist","itemListElement":[{"@type":"ListItem","@id":"https:\/\/allasorias.hu\/hirek#listItem","position":1,"name":"Home","item":"https:\/\/allasorias.hu\/hirek","nextItem":{"@type":"ListItem","@id":"https:\/\/allasorias.hu\/hirek\/temak\/allaskereses\/#listItem","name":"\u00c1ll\u00e1skeres\u00e9s"}},{"@type":"ListItem","@id":"https:\/\/allasorias.hu\/hirek\/temak\/allaskereses\/#listItem","position":2,"name":"\u00c1ll\u00e1skeres\u00e9s","item":"https:\/\/allasorias.hu\/hirek\/temak\/allaskereses\/","nextItem":{"@type":"ListItem","@id":"https:\/\/allasorias.hu\/hirek\/szukul-a-kozfoglalkoztatottak-kore\/#listItem","name":"Sz\u0171k\u00fcl a k\u00f6zfoglalkoztatottak k\u00f6re"},"previousItem":{"@type":"ListItem","@id":"https:\/\/allasorias.hu\/hirek#listItem","name":"Home"}},{"@type":"ListItem","@id":"https:\/\/allasorias.hu\/hirek\/szukul-a-kozfoglalkoztatottak-kore\/#listItem","position":3,"name":"Sz\u0171k\u00fcl a k\u00f6zfoglalkoztatottak k\u00f6re","previousItem":{"@type":"ListItem","@id":"https:\/\/allasorias.hu\/hirek\/temak\/allaskereses\/#listItem","name":"\u00c1ll\u00e1skeres\u00e9s"}}]},{"@type":"Organization","@id":"https:\/\/allasorias.hu\/hirek\/#organization","name":"AllasOrias.hu | H\u00edrek-lapszemle","description":"\u00dczleti h\u00edrek az \u00e1ll\u00e1s \u00e9s a munka vil\u00e1g\u00e1b\u00f3l","url":"https:\/\/allasorias.hu\/hirek\/","logo":{"@type":"ImageObject","url":"https:\/\/allasorias.hu\/hirek\/wp-content\/uploads\/2022\/10\/allasorias_site_facebok_logo.png","@id":"https:\/\/allasorias.hu\/hirek\/szukul-a-kozfoglalkoztatottak-kore\/#organizationLogo"},"image":{"@id":"https:\/\/allasorias.hu\/hirek\/szukul-a-kozfoglalkoztatottak-kore\/#organizationLogo"},"sameAs":["https:\/\/www.facebook.com\/allasorias","https:\/\/www.linkedin.com\/company\/allasorias"]},{"@type":"Person","@id":"https:\/\/allasorias.hu\/hirek\/author\/admin-allasorias\/#author","url":"https:\/\/allasorias.hu\/hirek\/author\/admin-allasorias\/","name":"Juh\u00e1sz P\u00e9ter","image":{"@type":"ImageObject","@id":"https:\/\/allasorias.hu\/hirek\/szukul-a-kozfoglalkoztatottak-kore\/#authorImage","url":"https:\/\/secure.gravatar.com\/avatar\/36e6bcb83148978b992977cb0f54d22feb0cce8a0a849a9410532bb2623ba4c6?s=96&d=mm&r=g","width":96,"height":96,"caption":"Juh\u00e1sz P\u00e9ter"}},{"@type":"WebPage","@id":"https:\/\/allasorias.hu\/hirek\/szukul-a-kozfoglalkoztatottak-kore\/#webpage","url":"https:\/\/allasorias.hu\/hirek\/szukul-a-kozfoglalkoztatottak-kore\/","name":"Sz\u0171k\u00fcl a k\u00f6zfoglalkoztatottak k\u00f6re | AllasOrias.hu | H\u00edrek-lapszemle","description":"Am\u00edg 2020-ban a Bel\u00fcgyminiszt\u00e9rium Indexnek megk\u00fcld\u00f6tt adatai szerint \u00e9ves \u00e1tlagban 106 ezer f\u0151 foglalkoztat\u00e1s\u00e1val tervezt\u00e9k meg a k\u00f6zfoglalkoztat\u00e1si programokat a 2019-es \u00e1tlagosan 92,5 ezres l\u00e9tsz\u00e1mot k\u00f6vet\u0151en, addig j\u00f6v\u0151re m\u00e1r csak 92 ezer embernek adn\u00e1nak t\u00e1mogatott munkalehet\u0151s\u00e9get a 2022-es k\u00f6lts\u00e9gvet\u00e9s tervezet\u00e9ben megjelent sz\u00e1mok alapj\u00e1n. A 2021-es k\u00f6lts\u00e9gvet\u00e9sben 165 milli\u00e1rd forintot k\u00fcl\u00f6n\u00edtettek el a Start-munkaprogramokra, amely keret\u00e9t","inLanguage":"hu-HU","isPartOf":{"@id":"https:\/\/allasorias.hu\/hirek\/#website"},"breadcrumb":{"@id":"https:\/\/allasorias.hu\/hirek\/szukul-a-kozfoglalkoztatottak-kore\/#breadcrumblist"},"author":{"@id":"https:\/\/allasorias.hu\/hirek\/author\/admin-allasorias\/#author"},"creator":{"@id":"https:\/\/allasorias.hu\/hirek\/author\/admin-allasorias\/#author"},"image":{"@type":"ImageObject","url":"https:\/\/allasorias.hu\/hirek\/wp-content\/uploads\/2021\/03\/businessman-drawing-circle-select-group-people-standing-out-crowd.jpg","@id":"https:\/\/allasorias.hu\/hirek\/szukul-a-kozfoglalkoztatottak-kore\/#mainImage","width":1920,"height":1001,"caption":"Human resource management and recruitment employment business concept. Businessman drawing circle select group people standing out of crowd"},"primaryImageOfPage":{"@id":"https:\/\/allasorias.hu\/hirek\/szukul-a-kozfoglalkoztatottak-kore\/#mainImage"},"datePublished":"2021-05-17T08:39:45+02:00","dateModified":"2021-05-17T08:39:45+02:00"},{"@type":"WebSite","@id":"https:\/\/allasorias.hu\/hirek\/#website","url":"https:\/\/allasorias.hu\/hirek\/","name":"AllasOrias.hu | H\u00edrek-lapszemle","description":"\u00dczleti h\u00edrek az \u00e1ll\u00e1s \u00e9s a munka vil\u00e1g\u00e1b\u00f3l","inLanguage":"hu-HU","publisher":{"@id":"https:\/\/allasorias.hu\/hirek\/#organization"}}]},"og:locale":"hu_HU","og:site_name":"AllasOrias.hu | H\u00edrek-lapszemle | \u00dczleti h\u00edrek az \u00e1ll\u00e1s \u00e9s a munka vil\u00e1g\u00e1b\u00f3l","og:type":"article","og:title":"Sz\u0171k\u00fcl a k\u00f6zfoglalkoztatottak k\u00f6re | AllasOrias.hu | H\u00edrek-lapszemle","og:description":"Am\u00edg 2020-ban a Bel\u00fcgyminiszt\u00e9rium Indexnek megk\u00fcld\u00f6tt adatai szerint \u00e9ves \u00e1tlagban 106 ezer f\u0151 foglalkoztat\u00e1s\u00e1val tervezt\u00e9k meg a k\u00f6zfoglalkoztat\u00e1si programokat a 2019-es \u00e1tlagosan 92,5 ezres l\u00e9tsz\u00e1mot k\u00f6vet\u0151en, addig j\u00f6v\u0151re m\u00e1r csak 92 ezer embernek adn\u00e1nak t\u00e1mogatott munkalehet\u0151s\u00e9get a 2022-es k\u00f6lts\u00e9gvet\u00e9s tervezet\u00e9ben megjelent sz\u00e1mok alapj\u00e1n. A 2021-es k\u00f6lts\u00e9gvet\u00e9sben 165 milli\u00e1rd forintot k\u00fcl\u00f6n\u00edtettek el a Start-munkaprogramokra, amely keret\u00e9t","og:url":"https:\/\/allasorias.hu\/hirek\/szukul-a-kozfoglalkoztatottak-kore\/","og:image":"https:\/\/allasorias.hu\/hirek\/wp-content\/uploads\/2021\/03\/businessman-drawing-circle-select-group-people-standing-out-crowd.jpg","og:image:secure_url":"https:\/\/allasorias.hu\/hirek\/wp-content\/uploads\/2021\/03\/businessman-drawing-circle-select-group-people-standing-out-crowd.jpg","og:image:width":1920,"og:image:height":1001,"article:published_time":"2021-05-17T08:39:45+00:00","article:modified_time":"2021-05-17T08:39:45+00:00","article:publisher":"https:\/\/www.facebook.com\/allasorias","twitter:card":"summary_large_image","twitter:title":"Sz\u0171k\u00fcl a k\u00f6zfoglalkoztatottak k\u00f6re | AllasOrias.hu | H\u00edrek-lapszemle","twitter:description":"Am\u00edg 2020-ban a Bel\u00fcgyminiszt\u00e9rium Indexnek megk\u00fcld\u00f6tt adatai szerint \u00e9ves \u00e1tlagban 106 ezer f\u0151 foglalkoztat\u00e1s\u00e1val tervezt\u00e9k meg a k\u00f6zfoglalkoztat\u00e1si programokat a 2019-es \u00e1tlagosan 92,5 ezres l\u00e9tsz\u00e1mot k\u00f6vet\u0151en, addig j\u00f6v\u0151re m\u00e1r csak 92 ezer embernek adn\u00e1nak t\u00e1mogatott munkalehet\u0151s\u00e9get a 2022-es k\u00f6lts\u00e9gvet\u00e9s tervezet\u00e9ben megjelent sz\u00e1mok alapj\u00e1n. A 2021-es k\u00f6lts\u00e9gvet\u00e9sben 165 milli\u00e1rd forintot k\u00fcl\u00f6n\u00edtettek el a Start-munkaprogramokra, amely keret\u00e9t","twitter:image":"https:\/\/allasorias.hu\/hirek\/wp-content\/uploads\/2021\/03\/businessman-drawing-circle-select-group-people-standing-out-crowd.jpg","twitter:label1":"Written by","twitter:data1":"Juh\u00e1sz P\u00e9ter","twitter:label2":"Est. reading time","twitter:data2":"4 minutes"},"aioseo_meta_data":{"post_id":"4789","title":null,"description":null,"keywords":[],"keyphrases":{"focus":[],"additional":[]},"primary_term":null,"canonical_url":null,"og_title":null,"og_description":null,"og_object_type":"default","og_image_type":"default","og_image_url":null,"og_image_width":null,"og_image_height":null,"og_image_custom_url":null,"og_image_custom_fields":null,"og_video":"","og_custom_url":null,"og_article_section":null,"og_article_tags":[],"twitter_use_og":false,"twitter_card":"default","twitter_image_type":"default","twitter_image_url":null,"twitter_image_custom_url":null,"twitter_image_custom_fields":null,"twitter_title":null,"twitter_description":null,"schema":{"blockGraphs":[],"customGraphs":[],"default":{"data":{"Article":[],"Course":[],"Dataset":[],"FAQPage":[],"Movie":[],"Person":[],"Product":[],"ProductReview":[],"Car":[],"Recipe":[],"Service":[],"SoftwareApplication":[],"WebPage":[]},"graphName":"","isEnabled":true},"graphs":[],"defaultGraph":"Article","defaultPostTypeGraph":""},"schema_type":"default","schema_type_options":"{\"article\":{\"articleType\":\"BlogPosting\"},\"course\":{\"name\":\"\",\"description\":\"\",\"provider\":\"\"},\"faq\":{\"pages\":[]},\"product\":{\"reviews\":[]},\"recipe\":{\"ingredients\":[],\"instructions\":[],\"keywords\":[]},\"software\":{\"reviews\":[],\"operatingSystems\":[]},\"webPage\":{\"webPageType\":\"WebPage\"}}","pillar_content":false,"robots_default":true,"robots_noindex":false,"robots_noarchive":false,"robots_nosnippet":false,"robots_nofollow":false,"robots_noimageindex":false,"robots_noodp":false,"robots_notranslate":false,"robots_max_snippet":"-1","robots_max_videopreview":"-1","robots_max_imagepreview":"large","priority":null,"frequency":"default","location":null,"local_seo":{"locations":{"business":{"name":"","businessType":"","image":"","areaServed":"","urls":{"website":"","aboutPage":"","contactPage":""},"address":{"streetLine1":"","streetLine2":"","zipCode":"","city":"","state":"","country":"","addressFormat":"#streetLineOne\n#streetLineTwo\n#city, #state #zipCode"},"contact":{"phone":"","email":"","fax":""},"ids":{"vat":"","tax":"","chamberOfCommerce":""},"payment":{"priceRange":"","currenciesAccepted":"","methods":""}}},"openingHours":{"useDefaults":true,"show":true,"alwaysOpen":false,"use24hFormat":false,"timezone":"","labels":{"closed":"","alwaysOpen":""},"days":{"monday":{"open24h":false,"closed":false,"openTime":"09:00","closeTime":"17:00"},"tuesday":{"open24h":false,"closed":false,"openTime":"09:00","closeTime":"17:00"},"wednesday":{"open24h":false,"closed":false,"openTime":"09:00","closeTime":"17:00"},"thursday":{"open24h":false,"closed":false,"openTime":"09:00","closeTime":"17:00"},"friday":{"open24h":false,"closed":false,"openTime":"09:00","closeTime":"17:00"},"saturday":{"open24h":false,"closed":false,"openTime":"09:00","closeTime":"17:00"},"sunday":{"open24h":false,"closed":false,"openTime":"09:00","closeTime":"17:00"}}}},"breadcrumb_settings":null,"limit_modified_date":false,"ai":null,"created":"2021-05-17 07:28:02","updated":"2025-10-02 15:43:21","seo_analyzer_scan_date":null,"focus_keyword":null,"additional_keywords":null,"truseo_locale":null},"aioseo_breadcrumb":"<div class=\"aioseo-breadcrumbs\"><span class=\"aioseo-breadcrumb\">\n\t\t\t<a href=\"https:\/\/allasorias.hu\/hirek\" title=\"Home\">Home<\/a>\n\t\t<\/span><span class=\"aioseo-breadcrumb-separator\">&raquo;<\/span><span class=\"aioseo-breadcrumb\">\n\t\t\t<a href=\"https:\/\/allasorias.hu\/hirek\/temak\/allaskereses\/\" title=\"\u00c1ll\u00e1skeres\u00e9s\">\u00c1ll\u00e1skeres\u00e9s<\/a>\n\t\t<\/span><span class=\"aioseo-breadcrumb-separator\">&raquo;<\/span><span class=\"aioseo-breadcrumb\">\n\t\t\tSz\u0171k\u00fcl a k\u00f6zfoglalkoztatottak k\u00f6re\n\t\t<\/span><\/div>","aioseo_breadcrumb_json":[{"label":"Home","link":"https:\/\/allasorias.hu\/hirek"},{"label":"\u00c1ll\u00e1skeres\u00e9s","link":"https:\/\/allasorias.hu\/hirek\/temak\/allaskereses\/"},{"label":"Sz\u0171k\u00fcl a k\u00f6zfoglalkoztatottak k\u00f6re","link":"https:\/\/allasorias.hu\/hirek\/szukul-a-kozfoglalkoztatottak-kore\/"}],"_links":{"self":[{"href":"https:\/\/allasorias.hu\/hirek\/wp-json\/wp\/v2\/posts\/4789","targetHints":{"allow":["GET"]}}],"collection":[{"href":"https:\/\/allasorias.hu\/hirek\/wp-json\/wp\/v2\/posts"}],"about":[{"href":"https:\/\/allasorias.hu\/hirek\/wp-json\/wp\/v2\/types\/post"}],"author":[{"embeddable":true,"href":"https:\/\/allasorias.hu\/hirek\/wp-json\/wp\/v2\/users\/1"}],"replies":[{"embeddable":true,"href":"https:\/\/allasorias.hu\/hirek\/wp-json\/wp\/v2\/comments?post=4789"}],"version-history":[{"count":1,"href":"https:\/\/allasorias.hu\/hirek\/wp-json\/wp\/v2\/posts\/4789\/revisions"}],"predecessor-version":[{"id":4791,"href":"https:\/\/allasorias.hu\/hirek\/wp-json\/wp\/v2\/posts\/4789\/revisions\/4791"}],"wp:featuredmedia":[{"embeddable":true,"href":"https:\/\/allasorias.hu\/hirek\/wp-json\/wp\/v2\/media\/4637"}],"wp:attachment":[{"href":"https:\/\/allasorias.hu\/hirek\/wp-json\/wp\/v2\/media?parent=4789"}],"wp:term":[{"taxonomy":"category","embeddable":true,"href":"https:\/\/allasorias.hu\/hirek\/wp-json\/wp\/v2\/categories?post=4789"},{"taxonomy":"post_tag","embeddable":true,"href":"https:\/\/allasorias.hu\/hirek\/wp-json\/wp\/v2\/tags?post=4789"}],"curies":[{"name":"wp","href":"https:\/\/api.w.org\/{rel}","templated":true}]}}