{"id":4787,"date":"2021-05-14T07:32:18","date_gmt":"2021-05-14T07:32:18","guid":{"rendered":"https:\/\/allasorias.hu\/hirek\/?p=4787"},"modified":"2021-05-14T07:32:34","modified_gmt":"2021-05-14T07:32:34","slug":"nottek-a-nyugdijmegtakaritasok","status":"publish","type":"post","link":"https:\/\/allasorias.hu\/hirek\/nottek-a-nyugdijmegtakaritasok\/","title":{"rendered":"N\u0151ttek a nyugd\u00edjmegtakar\u00edt\u00e1sok"},"content":{"rendered":"<p><strong>Nem rengette meg a j\u00e1rv\u00e1ny okozta v\u00e1ls\u00e1g az \u00f6nk\u00e9ntes nyugd\u00edjp\u00e9nzt\u00e1ri szektort, a tagok ugyanis nem ny\u00faltak a nyugd\u00edjas \u00e9vekre f\u00e9lretett megtakar\u00edt\u00e1saikhoz, \u00a0s\u0151t tavaly \u00e9s id\u00e9n is n\u00f6velt\u00e9k a befizet\u00e9seiket. Az eg\u00e9szs\u00e9gp\u00e9nzt\u00e1ri tagok egyre tudatosabban k\u00f6ltenek az eg\u00e9szs\u00e9g\u00fcgyi szolg\u00e1ltat\u00e1sokra, kihaszn\u00e1lva az ad\u00f3kedvezm\u00e9ny el\u0151nyeit \u2013 der\u00fclt ki az \u00d6nk\u00e9ntes P\u00e9nzt\u00e1rak Orsz\u00e1gos Sz\u00f6vets\u00e9ge t\u00e1j\u00e9koztat\u00e1s\u00e1b\u00f3l.<\/strong><\/p>\n<p>&nbsp;<\/p>\n<p>Tavaly a nyugd\u00edjp\u00e9nzt\u00e1rakba 109,9 milli\u00e1rd forintnyi befizet\u00e9s \u00e9rkezett, m\u00edg az eg\u00e9szs\u00e9gp\u00e9nzt\u00e1ri tagd\u00edjbev\u00e9telek meghaladt\u00e1k a 44 milli\u00e1rd forintot. El\u0151bbi 3,68 sz\u00e1zal\u00e9kkal, ut\u00f3bbi 4,74 sz\u00e1zal\u00e9kkal t\u00f6bb, mint 2019-ben \u2013 mondta Nagy Csaba, a P\u00e9nzt\u00e1rsz\u00f6vets\u00e9g eln\u00f6ke a tegnapi sajt\u00f3t\u00e1j\u00e9koztat\u00f3n. A P\u00e9nzt\u00e1rsz\u00f6vets\u00e9g \u00e1ltal k\u00e9pviselt nyugd\u00edjp\u00e9nzt\u00e1rakban 2020 v\u00e9g\u00e9re mintegy 1,074 milli\u00f3 ember tartotta id\u0151skori megtakar\u00edt\u00e1sait. A kor\u00e1bbi \u00e9vek trendj\u00e9t k\u00f6vetve a befizet\u00e9sek mintegy 70 sz\u00e1zal\u00e9ka az egy\u00e9ni p\u00e9nzt\u00e1rtagok hozz\u00e1j\u00e1rul\u00e1s\u00e1b\u00f3l sz\u00e1rmazott, ugyanakkor figyelemrem\u00e9lt\u00f3 m\u00f3don a munk\u00e1ltat\u00f3i hozz\u00e1j\u00e1rul\u00e1sok \u00f6sszege is mintegy 1,5 sz\u00e1zal\u00e9kkal, 33,1 milli\u00e1rd forintra b\u0151v\u00fclt. A n\u00f6vekv\u0151 befizet\u00e9seknek \u00e9s a kedvez\u0151 hozamoknak k\u00f6sz\u00f6nhet\u0151en a P\u00e9nzt\u00e1rsz\u00f6vets\u00e9g \u00e1ltal k\u00e9pviselt nyugd\u00edjp\u00e9nzt\u00e1rak vagyona a tavalyi \u00e9v v\u00e9g\u00e9re 7,3 sz\u00e1zal\u00e9kkal b\u0151v\u00fclve el\u00e9rte az 1571 milli\u00e1rd forintot. Vagyis p\u00e9nzt\u00e1rtagonk\u00e9nt \u00e1tlagosan mintegy 1,5 milli\u00f3 forint megtakar\u00edt\u00e1s van a sz\u00e1ml\u00e1n. Nagy Csaba arra h\u00edvta fel a figyelmet, hogy mivel az \u00f6nk\u00e9ntes p\u00e9nzt\u00e1ri szektor m\u00e1r 1994. \u00f3ta m\u0171k\u00f6dik, egyre t\u00f6bb tag lesz nyugd\u00edjas kor\u00fa. \u0150k felveszik a megtakar\u00edt\u00e1saikat, vagy m\u00e1r nem fizetnek be, csak a hozamok miatt tartja m\u00e9g itt a p\u00e9nzt. B\u00e1r az \u00f6sszes tag k\u00f6zel fele nem fizeti a tagd\u00edjat \u2013 sokaknak m\u00e9g kor\u00e1bbi munk\u00e1ltat\u00f3juk \u00e1llta \u2013 kiss\u00e9 n\u0151 a fizet\u0151k ar\u00e1nya. Egyr\u00e9szt a m\u00e1r nem fizet\u0151k egy r\u00e9sze nyugd\u00edjass\u00e1 v\u00e1lik, m\u00e1sr\u00e9szt az \u00faj bel\u00e9p\u0151k sokkal tudatosabbak. Sok p\u00e9nzt\u00e1r \u00e1t\u00e1llt arra is, hogy a tags\u00e1got befizet\u00e9shez k\u00f6ti. A p\u00e9nzt\u00e1rtagok tavaly sem ny\u00faltak az \u00f6nk\u00e9ntes nyugd\u00edjp\u00e9nzt\u00e1rban l\u00e9v\u0151 megtakar\u00edt\u00e1saikhoz, s\u0151t kevesebben vettek fel id\u0151 el\u0151tt p\u00e9nzt, mint a kor\u00e1bbi \u00e9vekben \u2013 hangs\u00falyozta Nagy Csaba. A P\u00e9nzt\u00e1rsz\u00f6vets\u00e9g tagp\u00e9nzt\u00e1rai k\u00f6z\u00e9 tartoz\u00f3 eg\u00e9szs\u00e9gp\u00e9nzt\u00e1rak tagl\u00e9tsz\u00e1ma a tavalyi \u00e9v v\u00e9g\u00e9re 2,45 sz\u00e1zal\u00e9kkal b\u0151v\u00fclve meghaladta a 920 ezret. A tagok sz\u00e1ml\u00e1j\u00e1n \u00e1tlagosan t\u00f6bb mint 66 ezer forint volt. A 44,4 milli\u00e1rd forintnyi befizet\u00e9s 84 sz\u00e1zal\u00e9ka sz\u00e1rmazott az egy\u00e9ni p\u00e9nzt\u00e1rtagokt\u00f3l. Tavaly t\u00f6bb mint 47 milli\u00e1rd forint\u00e9rt vettek ig\u00e9nybe eg\u00e9szs\u00e9gp\u00e9nzt\u00e1ri szolg\u00e1ltat\u00e1sokat, ami nagyj\u00e1b\u00f3l megegyezik a 2019-es \u00e9rt\u00e9kkel, ugyanakkor a szolg\u00e1ltat\u00e1ssz\u00e1m 14 sz\u00e1zal\u00e9kkal b\u0151v\u00fclt, vagyis t\u00f6bben, t\u00f6bb mindenre haszn\u00e1lt\u00e1k befizet\u00e9seiket \u2013 mondta Kravalik G\u00e1bor, a P\u00e9nzt\u00e1rsz\u00f6vets\u00e9g f\u0151titk\u00e1ra. A gyermekekkel kapcsolatos kiad\u00e1sokra 43 sz\u00e1zal\u00e9kkal, lak\u00e1sc\u00e9l\u00fa hitel t\u00f6rleszt\u00e9s\u00e9re 10 sz\u00e1zal\u00e9kkal k\u00f6lt\u00f6ttek t\u00f6bbet a p\u00e9nzt\u00e1ri sz\u00e1ml\u00e1kr\u00f3l. A f\u0151titk\u00e1r szerint j\u00f3l l\u00e1that\u00f3, hogy a most bel\u00e9p\u0151k sokkal tudatosabban haszn\u00e1lj\u00e1k ki az eg\u00e9szs\u00e9gp\u00e9nzt\u00e1rak el\u0151nyeit. A tagd\u00edjfizet\u00e9s ar\u00e1nya egy\u00e9bk\u00e9nt itt is javul. (Az eg\u00e9szs\u00e9gp\u00e9nzt\u00e1rakban is 50 sz\u00e1zal\u00e9k k\u00f6r\u00fcli a nemfizet\u0151k ar\u00e1nya.) Az idei \u00e9v els\u0151 eredm\u00e9nyei alapj\u00e1n ism\u00e9t n\u00f6veked\u00e9sre sz\u00e1m\u00edthat a szektor, hiszen 2021 els\u0151 negyed\u00e9v\u00e9ben mind a nyugd\u00edj, mind az eg\u00e9szs\u00e9gp\u00e9nzt\u00e1ri befizet\u00e9sek jelent\u0151sen emelkedtek a tavalyi \u00e9v azonos id\u0151szak\u00e1hoz k\u00e9pest. A j\u00e1rv\u00e1ny miatt a lakoss\u00e1g felismerte az \u00f6ngondoskod\u00e1s fontoss\u00e1g\u00e1t. A nyugd\u00edjp\u00e9nzt\u00e1ri befizet\u00e9sek \u00f6sszege az els\u0151 negyed\u00e9vben meghaladta a 24,7 milli\u00e1rd forintot, m\u00edg az eg\u00e9szs\u00e9gp\u00e9nzt\u00e1rakhoz 9,6 milli\u00e1rd forintnyi befizet\u00e9s \u00e9rkezett. Ezek az elm\u00falt t\u00edz \u00e9v els\u0151 negyed\u00e9v\u00e9t \u00f6sszehasonl\u00edtva a legmagasabb \u00f6sszeg\u0171 befizet\u00e9sek \u2013 tette hozz\u00e1 Nagy Csaba.<\/p>\n<p>Forr\u00e1s: azenpenzem.hu<\/p>\n","protected":false},"excerpt":{"rendered":"<p>Nem rengette meg a j\u00e1rv\u00e1ny okozta v\u00e1ls\u00e1g az \u00f6nk\u00e9ntes nyugd\u00edjp\u00e9nzt\u00e1ri szektort, a tagok ugyanis nem ny\u00faltak a nyugd\u00edjas \u00e9vekre f\u00e9lretett megtakar\u00edt\u00e1saikhoz, \u00a0s\u0151t tavaly \u00e9s id\u00e9n is n\u00f6velt\u00e9k a befizet\u00e9seiket. Az eg\u00e9szs\u00e9gp\u00e9nzt\u00e1ri tagok egyre tudatosabban k\u00f6ltenek az eg\u00e9szs\u00e9g\u00fcgyi szolg\u00e1ltat\u00e1sokra, kihaszn\u00e1lva az ad\u00f3kedvezm\u00e9ny el\u0151nyeit \u2013 der\u00fclt ki az \u00d6nk\u00e9ntes P\u00e9nzt\u00e1rak Orsz\u00e1gos Sz\u00f6vets\u00e9ge t\u00e1j\u00e9koztat\u00e1s\u00e1b\u00f3l. &nbsp; Tavaly a nyugd\u00edjp\u00e9nzt\u00e1rakba [&hellip;]<\/p>\n","protected":false},"author":1,"featured_media":4337,"comment_status":"open","ping_status":"open","sticky":false,"template":"","format":"standard","meta":{"_monsterinsights_skip_tracking":false,"footnotes":""},"categories":[198],"tags":[],"class_list":["post-4787","post","type-post","status-publish","format-standard","has-post-thumbnail","hentry","category-gazdasag"],"aioseo_notices":[],"aioseo_head":"\n\t\t<!-- All in One SEO 5.0.0.1 - aioseo.com -->\n\t<meta name=\"description\" content=\"Nem rengette meg a j\u00e1rv\u00e1ny okozta v\u00e1ls\u00e1g az \u00f6nk\u00e9ntes nyugd\u00edjp\u00e9nzt\u00e1ri szektort, a tagok ugyanis nem ny\u00faltak a nyugd\u00edjas \u00e9vekre f\u00e9lretett megtakar\u00edt\u00e1saikhoz, s\u0151t tavaly \u00e9s id\u00e9n is n\u00f6velt\u00e9k a befizet\u00e9seiket. Az eg\u00e9szs\u00e9gp\u00e9nzt\u00e1ri tagok egyre tudatosabban k\u00f6ltenek az eg\u00e9szs\u00e9g\u00fcgyi szolg\u00e1ltat\u00e1sokra, kihaszn\u00e1lva az ad\u00f3kedvezm\u00e9ny el\u0151nyeit \u2013 der\u00fclt ki az \u00d6nk\u00e9ntes P\u00e9nzt\u00e1rak Orsz\u00e1gos Sz\u00f6vets\u00e9ge t\u00e1j\u00e9koztat\u00e1s\u00e1b\u00f3l. Tavaly a nyugd\u00edjp\u00e9nzt\u00e1rakba\" \/>\n\t<meta name=\"robots\" content=\"max-image-preview:large\" \/>\n\t<meta name=\"author\" content=\"Juh\u00e1sz P\u00e9ter\"\/>\n\t<link rel=\"canonical\" href=\"https:\/\/allasorias.hu\/hirek\/nottek-a-nyugdijmegtakaritasok\/\" \/>\n\t<meta name=\"generator\" content=\"All in One SEO (AIOSEO) 5.0.0.1\" \/>\n\t\t<meta property=\"og:locale\" content=\"hu_HU\" \/>\n\t\t<meta property=\"og:site_name\" content=\"AllasOrias.hu | H\u00edrek-lapszemle | \u00dczleti h\u00edrek az \u00e1ll\u00e1s \u00e9s a munka vil\u00e1g\u00e1b\u00f3l\" \/>\n\t\t<meta property=\"og:type\" content=\"article\" \/>\n\t\t<meta property=\"og:title\" content=\"N\u0151ttek a nyugd\u00edjmegtakar\u00edt\u00e1sok | AllasOrias.hu | H\u00edrek-lapszemle\" \/>\n\t\t<meta property=\"og:description\" content=\"Nem rengette meg a j\u00e1rv\u00e1ny okozta v\u00e1ls\u00e1g az \u00f6nk\u00e9ntes nyugd\u00edjp\u00e9nzt\u00e1ri szektort, a tagok ugyanis nem ny\u00faltak a nyugd\u00edjas \u00e9vekre f\u00e9lretett megtakar\u00edt\u00e1saikhoz, s\u0151t tavaly \u00e9s id\u00e9n is n\u00f6velt\u00e9k a befizet\u00e9seiket. Az eg\u00e9szs\u00e9gp\u00e9nzt\u00e1ri tagok egyre tudatosabban k\u00f6ltenek az eg\u00e9szs\u00e9g\u00fcgyi szolg\u00e1ltat\u00e1sokra, kihaszn\u00e1lva az ad\u00f3kedvezm\u00e9ny el\u0151nyeit \u2013 der\u00fclt ki az \u00d6nk\u00e9ntes P\u00e9nzt\u00e1rak Orsz\u00e1gos Sz\u00f6vets\u00e9ge t\u00e1j\u00e9koztat\u00e1s\u00e1b\u00f3l. Tavaly a nyugd\u00edjp\u00e9nzt\u00e1rakba\" \/>\n\t\t<meta property=\"og:url\" content=\"https:\/\/allasorias.hu\/hirek\/nottek-a-nyugdijmegtakaritasok\/\" \/>\n\t\t<meta property=\"og:image\" content=\"https:\/\/allasorias.hu\/hirek\/wp-content\/uploads\/2020\/10\/office-desktop-with-laptop-analytics.jpg\" \/>\n\t\t<meta property=\"og:image:secure_url\" content=\"https:\/\/allasorias.hu\/hirek\/wp-content\/uploads\/2020\/10\/office-desktop-with-laptop-analytics.jpg\" \/>\n\t\t<meta property=\"og:image:width\" content=\"1280\" \/>\n\t\t<meta property=\"og:image:height\" content=\"854\" \/>\n\t\t<meta property=\"article:published_time\" content=\"2021-05-14T07:32:18+00:00\" \/>\n\t\t<meta property=\"article:modified_time\" content=\"2021-05-14T07:32:34+00:00\" \/>\n\t\t<meta property=\"article:publisher\" content=\"https:\/\/www.facebook.com\/allasorias\" \/>\n\t\t<meta name=\"twitter:card\" content=\"summary_large_image\" \/>\n\t\t<meta name=\"twitter:title\" content=\"N\u0151ttek a nyugd\u00edjmegtakar\u00edt\u00e1sok | AllasOrias.hu | H\u00edrek-lapszemle\" \/>\n\t\t<meta name=\"twitter:description\" content=\"Nem rengette meg a j\u00e1rv\u00e1ny okozta v\u00e1ls\u00e1g az \u00f6nk\u00e9ntes nyugd\u00edjp\u00e9nzt\u00e1ri szektort, a tagok ugyanis nem ny\u00faltak a nyugd\u00edjas \u00e9vekre f\u00e9lretett megtakar\u00edt\u00e1saikhoz, s\u0151t tavaly \u00e9s id\u00e9n is n\u00f6velt\u00e9k a befizet\u00e9seiket. Az eg\u00e9szs\u00e9gp\u00e9nzt\u00e1ri tagok egyre tudatosabban k\u00f6ltenek az eg\u00e9szs\u00e9g\u00fcgyi szolg\u00e1ltat\u00e1sokra, kihaszn\u00e1lva az ad\u00f3kedvezm\u00e9ny el\u0151nyeit \u2013 der\u00fclt ki az \u00d6nk\u00e9ntes P\u00e9nzt\u00e1rak Orsz\u00e1gos Sz\u00f6vets\u00e9ge t\u00e1j\u00e9koztat\u00e1s\u00e1b\u00f3l. Tavaly a nyugd\u00edjp\u00e9nzt\u00e1rakba\" \/>\n\t\t<meta name=\"twitter:image\" content=\"https:\/\/allasorias.hu\/hirek\/wp-content\/uploads\/2020\/10\/office-desktop-with-laptop-analytics.jpg\" \/>\n\t\t<meta name=\"twitter:label1\" content=\"Written by\" \/>\n\t\t<meta name=\"twitter:data1\" content=\"Juh\u00e1sz P\u00e9ter\" \/>\n\t\t<meta name=\"twitter:label2\" content=\"Est. reading time\" \/>\n\t\t<meta name=\"twitter:data2\" content=\"4 minutes\" \/>\n\t\t<script type=\"application\/ld+json\" class=\"aioseo-schema\">\n\t\t\t{\"@context\":\"https:\\\/\\\/schema.org\",\"@graph\":[{\"@type\":\"Article\",\"@id\":\"https:\\\/\\\/allasorias.hu\\\/hirek\\\/nottek-a-nyugdijmegtakaritasok\\\/#article\",\"name\":\"N\\u0151ttek a nyugd\\u00edjmegtakar\\u00edt\\u00e1sok | AllasOrias.hu | H\\u00edrek-lapszemle\",\"headline\":\"N\\u0151ttek a nyugd\\u00edjmegtakar\\u00edt\\u00e1sok\",\"author\":{\"@id\":\"https:\\\/\\\/allasorias.hu\\\/hirek\\\/author\\\/admin-allasorias\\\/#author\"},\"publisher\":{\"@id\":\"https:\\\/\\\/allasorias.hu\\\/hirek\\\/#organization\"},\"image\":{\"@type\":\"ImageObject\",\"url\":\"https:\\\/\\\/allasorias.hu\\\/hirek\\\/wp-content\\\/uploads\\\/2020\\\/10\\\/office-desktop-with-laptop-analytics.jpg\",\"width\":1280,\"height\":854},\"datePublished\":\"2021-05-14T07:32:18+02:00\",\"dateModified\":\"2021-05-14T07:32:34+02:00\",\"inLanguage\":\"hu-HU\",\"mainEntityOfPage\":{\"@id\":\"https:\\\/\\\/allasorias.hu\\\/hirek\\\/nottek-a-nyugdijmegtakaritasok\\\/#webpage\"},\"isPartOf\":{\"@id\":\"https:\\\/\\\/allasorias.hu\\\/hirek\\\/nottek-a-nyugdijmegtakaritasok\\\/#webpage\"},\"articleSection\":\"Gazdas\\u00e1g\"},{\"@type\":\"BreadcrumbList\",\"@id\":\"https:\\\/\\\/allasorias.hu\\\/hirek\\\/nottek-a-nyugdijmegtakaritasok\\\/#breadcrumblist\",\"itemListElement\":[{\"@type\":\"ListItem\",\"@id\":\"https:\\\/\\\/allasorias.hu\\\/hirek#listItem\",\"position\":1,\"name\":\"Home\",\"item\":\"https:\\\/\\\/allasorias.hu\\\/hirek\",\"nextItem\":{\"@type\":\"ListItem\",\"@id\":\"https:\\\/\\\/allasorias.hu\\\/hirek\\\/temak\\\/gazdasag\\\/#listItem\",\"name\":\"Gazdas\\u00e1g\"}},{\"@type\":\"ListItem\",\"@id\":\"https:\\\/\\\/allasorias.hu\\\/hirek\\\/temak\\\/gazdasag\\\/#listItem\",\"position\":2,\"name\":\"Gazdas\\u00e1g\",\"item\":\"https:\\\/\\\/allasorias.hu\\\/hirek\\\/temak\\\/gazdasag\\\/\",\"nextItem\":{\"@type\":\"ListItem\",\"@id\":\"https:\\\/\\\/allasorias.hu\\\/hirek\\\/nottek-a-nyugdijmegtakaritasok\\\/#listItem\",\"name\":\"N\\u0151ttek a nyugd\\u00edjmegtakar\\u00edt\\u00e1sok\"},\"previousItem\":{\"@type\":\"ListItem\",\"@id\":\"https:\\\/\\\/allasorias.hu\\\/hirek#listItem\",\"name\":\"Home\"}},{\"@type\":\"ListItem\",\"@id\":\"https:\\\/\\\/allasorias.hu\\\/hirek\\\/nottek-a-nyugdijmegtakaritasok\\\/#listItem\",\"position\":3,\"name\":\"N\\u0151ttek a nyugd\\u00edjmegtakar\\u00edt\\u00e1sok\",\"previousItem\":{\"@type\":\"ListItem\",\"@id\":\"https:\\\/\\\/allasorias.hu\\\/hirek\\\/temak\\\/gazdasag\\\/#listItem\",\"name\":\"Gazdas\\u00e1g\"}}]},{\"@type\":\"Organization\",\"@id\":\"https:\\\/\\\/allasorias.hu\\\/hirek\\\/#organization\",\"name\":\"AllasOrias.hu | H\\u00edrek-lapszemle\",\"description\":\"\\u00dczleti h\\u00edrek az \\u00e1ll\\u00e1s \\u00e9s a munka vil\\u00e1g\\u00e1b\\u00f3l\",\"url\":\"https:\\\/\\\/allasorias.hu\\\/hirek\\\/\",\"logo\":{\"@type\":\"ImageObject\",\"url\":\"https:\\\/\\\/allasorias.hu\\\/hirek\\\/wp-content\\\/uploads\\\/2022\\\/10\\\/allasorias_site_facebok_logo.png\",\"@id\":\"https:\\\/\\\/allasorias.hu\\\/hirek\\\/nottek-a-nyugdijmegtakaritasok\\\/#organizationLogo\"},\"image\":{\"@id\":\"https:\\\/\\\/allasorias.hu\\\/hirek\\\/nottek-a-nyugdijmegtakaritasok\\\/#organizationLogo\"},\"sameAs\":[\"https:\\\/\\\/www.facebook.com\\\/allasorias\",\"https:\\\/\\\/www.linkedin.com\\\/company\\\/allasorias\"]},{\"@type\":\"Person\",\"@id\":\"https:\\\/\\\/allasorias.hu\\\/hirek\\\/author\\\/admin-allasorias\\\/#author\",\"url\":\"https:\\\/\\\/allasorias.hu\\\/hirek\\\/author\\\/admin-allasorias\\\/\",\"name\":\"Juh\\u00e1sz P\\u00e9ter\",\"image\":{\"@type\":\"ImageObject\",\"@id\":\"https:\\\/\\\/allasorias.hu\\\/hirek\\\/nottek-a-nyugdijmegtakaritasok\\\/#authorImage\",\"url\":\"https:\\\/\\\/secure.gravatar.com\\\/avatar\\\/36e6bcb83148978b992977cb0f54d22feb0cce8a0a849a9410532bb2623ba4c6?s=96&d=mm&r=g\",\"width\":96,\"height\":96,\"caption\":\"Juh\\u00e1sz P\\u00e9ter\"}},{\"@type\":\"WebPage\",\"@id\":\"https:\\\/\\\/allasorias.hu\\\/hirek\\\/nottek-a-nyugdijmegtakaritasok\\\/#webpage\",\"url\":\"https:\\\/\\\/allasorias.hu\\\/hirek\\\/nottek-a-nyugdijmegtakaritasok\\\/\",\"name\":\"N\\u0151ttek a nyugd\\u00edjmegtakar\\u00edt\\u00e1sok | AllasOrias.hu | H\\u00edrek-lapszemle\",\"description\":\"Nem rengette meg a j\\u00e1rv\\u00e1ny okozta v\\u00e1ls\\u00e1g az \\u00f6nk\\u00e9ntes nyugd\\u00edjp\\u00e9nzt\\u00e1ri szektort, a tagok ugyanis nem ny\\u00faltak a nyugd\\u00edjas \\u00e9vekre f\\u00e9lretett megtakar\\u00edt\\u00e1saikhoz, s\\u0151t tavaly \\u00e9s id\\u00e9n is n\\u00f6velt\\u00e9k a befizet\\u00e9seiket. Az eg\\u00e9szs\\u00e9gp\\u00e9nzt\\u00e1ri tagok egyre tudatosabban k\\u00f6ltenek az eg\\u00e9szs\\u00e9g\\u00fcgyi szolg\\u00e1ltat\\u00e1sokra, kihaszn\\u00e1lva az ad\\u00f3kedvezm\\u00e9ny el\\u0151nyeit \\u2013 der\\u00fclt ki az \\u00d6nk\\u00e9ntes P\\u00e9nzt\\u00e1rak Orsz\\u00e1gos Sz\\u00f6vets\\u00e9ge t\\u00e1j\\u00e9koztat\\u00e1s\\u00e1b\\u00f3l. Tavaly a nyugd\\u00edjp\\u00e9nzt\\u00e1rakba\",\"inLanguage\":\"hu-HU\",\"isPartOf\":{\"@id\":\"https:\\\/\\\/allasorias.hu\\\/hirek\\\/#website\"},\"breadcrumb\":{\"@id\":\"https:\\\/\\\/allasorias.hu\\\/hirek\\\/nottek-a-nyugdijmegtakaritasok\\\/#breadcrumblist\"},\"author\":{\"@id\":\"https:\\\/\\\/allasorias.hu\\\/hirek\\\/author\\\/admin-allasorias\\\/#author\"},\"creator\":{\"@id\":\"https:\\\/\\\/allasorias.hu\\\/hirek\\\/author\\\/admin-allasorias\\\/#author\"},\"image\":{\"@type\":\"ImageObject\",\"url\":\"https:\\\/\\\/allasorias.hu\\\/hirek\\\/wp-content\\\/uploads\\\/2020\\\/10\\\/office-desktop-with-laptop-analytics.jpg\",\"@id\":\"https:\\\/\\\/allasorias.hu\\\/hirek\\\/nottek-a-nyugdijmegtakaritasok\\\/#mainImage\",\"width\":1280,\"height\":854},\"primaryImageOfPage\":{\"@id\":\"https:\\\/\\\/allasorias.hu\\\/hirek\\\/nottek-a-nyugdijmegtakaritasok\\\/#mainImage\"},\"datePublished\":\"2021-05-14T07:32:18+02:00\",\"dateModified\":\"2021-05-14T07:32:34+02:00\"},{\"@type\":\"WebSite\",\"@id\":\"https:\\\/\\\/allasorias.hu\\\/hirek\\\/#website\",\"url\":\"https:\\\/\\\/allasorias.hu\\\/hirek\\\/\",\"name\":\"AllasOrias.hu | H\\u00edrek-lapszemle\",\"description\":\"\\u00dczleti h\\u00edrek az \\u00e1ll\\u00e1s \\u00e9s a munka vil\\u00e1g\\u00e1b\\u00f3l\",\"inLanguage\":\"hu-HU\",\"publisher\":{\"@id\":\"https:\\\/\\\/allasorias.hu\\\/hirek\\\/#organization\"}}]}\n\t\t<\/script>\n\t\t<!-- All in One SEO -->\n\n","aioseo_head_json":{"title":"N\u0151ttek a nyugd\u00edjmegtakar\u00edt\u00e1sok | AllasOrias.hu | H\u00edrek-lapszemle","description":"Nem rengette meg a j\u00e1rv\u00e1ny okozta v\u00e1ls\u00e1g az \u00f6nk\u00e9ntes nyugd\u00edjp\u00e9nzt\u00e1ri szektort, a tagok ugyanis nem ny\u00faltak a nyugd\u00edjas \u00e9vekre f\u00e9lretett megtakar\u00edt\u00e1saikhoz, s\u0151t tavaly \u00e9s id\u00e9n is n\u00f6velt\u00e9k a befizet\u00e9seiket. Az eg\u00e9szs\u00e9gp\u00e9nzt\u00e1ri tagok egyre tudatosabban k\u00f6ltenek az eg\u00e9szs\u00e9g\u00fcgyi szolg\u00e1ltat\u00e1sokra, kihaszn\u00e1lva az ad\u00f3kedvezm\u00e9ny el\u0151nyeit \u2013 der\u00fclt ki az \u00d6nk\u00e9ntes P\u00e9nzt\u00e1rak Orsz\u00e1gos Sz\u00f6vets\u00e9ge t\u00e1j\u00e9koztat\u00e1s\u00e1b\u00f3l. Tavaly a nyugd\u00edjp\u00e9nzt\u00e1rakba","canonical_url":"https:\/\/allasorias.hu\/hirek\/nottek-a-nyugdijmegtakaritasok\/","robots":"max-image-preview:large","keywords":"","webmasterTools":{"miscellaneous":""},"schema":{"@context":"https:\/\/schema.org","@graph":[{"@type":"Article","@id":"https:\/\/allasorias.hu\/hirek\/nottek-a-nyugdijmegtakaritasok\/#article","name":"N\u0151ttek a nyugd\u00edjmegtakar\u00edt\u00e1sok | AllasOrias.hu | H\u00edrek-lapszemle","headline":"N\u0151ttek a nyugd\u00edjmegtakar\u00edt\u00e1sok","author":{"@id":"https:\/\/allasorias.hu\/hirek\/author\/admin-allasorias\/#author"},"publisher":{"@id":"https:\/\/allasorias.hu\/hirek\/#organization"},"image":{"@type":"ImageObject","url":"https:\/\/allasorias.hu\/hirek\/wp-content\/uploads\/2020\/10\/office-desktop-with-laptop-analytics.jpg","width":1280,"height":854},"datePublished":"2021-05-14T07:32:18+02:00","dateModified":"2021-05-14T07:32:34+02:00","inLanguage":"hu-HU","mainEntityOfPage":{"@id":"https:\/\/allasorias.hu\/hirek\/nottek-a-nyugdijmegtakaritasok\/#webpage"},"isPartOf":{"@id":"https:\/\/allasorias.hu\/hirek\/nottek-a-nyugdijmegtakaritasok\/#webpage"},"articleSection":"Gazdas\u00e1g"},{"@type":"BreadcrumbList","@id":"https:\/\/allasorias.hu\/hirek\/nottek-a-nyugdijmegtakaritasok\/#breadcrumblist","itemListElement":[{"@type":"ListItem","@id":"https:\/\/allasorias.hu\/hirek#listItem","position":1,"name":"Home","item":"https:\/\/allasorias.hu\/hirek","nextItem":{"@type":"ListItem","@id":"https:\/\/allasorias.hu\/hirek\/temak\/gazdasag\/#listItem","name":"Gazdas\u00e1g"}},{"@type":"ListItem","@id":"https:\/\/allasorias.hu\/hirek\/temak\/gazdasag\/#listItem","position":2,"name":"Gazdas\u00e1g","item":"https:\/\/allasorias.hu\/hirek\/temak\/gazdasag\/","nextItem":{"@type":"ListItem","@id":"https:\/\/allasorias.hu\/hirek\/nottek-a-nyugdijmegtakaritasok\/#listItem","name":"N\u0151ttek a nyugd\u00edjmegtakar\u00edt\u00e1sok"},"previousItem":{"@type":"ListItem","@id":"https:\/\/allasorias.hu\/hirek#listItem","name":"Home"}},{"@type":"ListItem","@id":"https:\/\/allasorias.hu\/hirek\/nottek-a-nyugdijmegtakaritasok\/#listItem","position":3,"name":"N\u0151ttek a nyugd\u00edjmegtakar\u00edt\u00e1sok","previousItem":{"@type":"ListItem","@id":"https:\/\/allasorias.hu\/hirek\/temak\/gazdasag\/#listItem","name":"Gazdas\u00e1g"}}]},{"@type":"Organization","@id":"https:\/\/allasorias.hu\/hirek\/#organization","name":"AllasOrias.hu | H\u00edrek-lapszemle","description":"\u00dczleti h\u00edrek az \u00e1ll\u00e1s \u00e9s a munka vil\u00e1g\u00e1b\u00f3l","url":"https:\/\/allasorias.hu\/hirek\/","logo":{"@type":"ImageObject","url":"https:\/\/allasorias.hu\/hirek\/wp-content\/uploads\/2022\/10\/allasorias_site_facebok_logo.png","@id":"https:\/\/allasorias.hu\/hirek\/nottek-a-nyugdijmegtakaritasok\/#organizationLogo"},"image":{"@id":"https:\/\/allasorias.hu\/hirek\/nottek-a-nyugdijmegtakaritasok\/#organizationLogo"},"sameAs":["https:\/\/www.facebook.com\/allasorias","https:\/\/www.linkedin.com\/company\/allasorias"]},{"@type":"Person","@id":"https:\/\/allasorias.hu\/hirek\/author\/admin-allasorias\/#author","url":"https:\/\/allasorias.hu\/hirek\/author\/admin-allasorias\/","name":"Juh\u00e1sz P\u00e9ter","image":{"@type":"ImageObject","@id":"https:\/\/allasorias.hu\/hirek\/nottek-a-nyugdijmegtakaritasok\/#authorImage","url":"https:\/\/secure.gravatar.com\/avatar\/36e6bcb83148978b992977cb0f54d22feb0cce8a0a849a9410532bb2623ba4c6?s=96&d=mm&r=g","width":96,"height":96,"caption":"Juh\u00e1sz P\u00e9ter"}},{"@type":"WebPage","@id":"https:\/\/allasorias.hu\/hirek\/nottek-a-nyugdijmegtakaritasok\/#webpage","url":"https:\/\/allasorias.hu\/hirek\/nottek-a-nyugdijmegtakaritasok\/","name":"N\u0151ttek a nyugd\u00edjmegtakar\u00edt\u00e1sok | AllasOrias.hu | H\u00edrek-lapszemle","description":"Nem rengette meg a j\u00e1rv\u00e1ny okozta v\u00e1ls\u00e1g az \u00f6nk\u00e9ntes nyugd\u00edjp\u00e9nzt\u00e1ri szektort, a tagok ugyanis nem ny\u00faltak a nyugd\u00edjas \u00e9vekre f\u00e9lretett megtakar\u00edt\u00e1saikhoz, s\u0151t tavaly \u00e9s id\u00e9n is n\u00f6velt\u00e9k a befizet\u00e9seiket. Az eg\u00e9szs\u00e9gp\u00e9nzt\u00e1ri tagok egyre tudatosabban k\u00f6ltenek az eg\u00e9szs\u00e9g\u00fcgyi szolg\u00e1ltat\u00e1sokra, kihaszn\u00e1lva az ad\u00f3kedvezm\u00e9ny el\u0151nyeit \u2013 der\u00fclt ki az \u00d6nk\u00e9ntes P\u00e9nzt\u00e1rak Orsz\u00e1gos Sz\u00f6vets\u00e9ge t\u00e1j\u00e9koztat\u00e1s\u00e1b\u00f3l. Tavaly a nyugd\u00edjp\u00e9nzt\u00e1rakba","inLanguage":"hu-HU","isPartOf":{"@id":"https:\/\/allasorias.hu\/hirek\/#website"},"breadcrumb":{"@id":"https:\/\/allasorias.hu\/hirek\/nottek-a-nyugdijmegtakaritasok\/#breadcrumblist"},"author":{"@id":"https:\/\/allasorias.hu\/hirek\/author\/admin-allasorias\/#author"},"creator":{"@id":"https:\/\/allasorias.hu\/hirek\/author\/admin-allasorias\/#author"},"image":{"@type":"ImageObject","url":"https:\/\/allasorias.hu\/hirek\/wp-content\/uploads\/2020\/10\/office-desktop-with-laptop-analytics.jpg","@id":"https:\/\/allasorias.hu\/hirek\/nottek-a-nyugdijmegtakaritasok\/#mainImage","width":1280,"height":854},"primaryImageOfPage":{"@id":"https:\/\/allasorias.hu\/hirek\/nottek-a-nyugdijmegtakaritasok\/#mainImage"},"datePublished":"2021-05-14T07:32:18+02:00","dateModified":"2021-05-14T07:32:34+02:00"},{"@type":"WebSite","@id":"https:\/\/allasorias.hu\/hirek\/#website","url":"https:\/\/allasorias.hu\/hirek\/","name":"AllasOrias.hu | H\u00edrek-lapszemle","description":"\u00dczleti h\u00edrek az \u00e1ll\u00e1s \u00e9s a munka vil\u00e1g\u00e1b\u00f3l","inLanguage":"hu-HU","publisher":{"@id":"https:\/\/allasorias.hu\/hirek\/#organization"}}]},"og:locale":"hu_HU","og:site_name":"AllasOrias.hu | H\u00edrek-lapszemle | \u00dczleti h\u00edrek az \u00e1ll\u00e1s \u00e9s a munka vil\u00e1g\u00e1b\u00f3l","og:type":"article","og:title":"N\u0151ttek a nyugd\u00edjmegtakar\u00edt\u00e1sok | AllasOrias.hu | H\u00edrek-lapszemle","og:description":"Nem rengette meg a j\u00e1rv\u00e1ny okozta v\u00e1ls\u00e1g az \u00f6nk\u00e9ntes nyugd\u00edjp\u00e9nzt\u00e1ri szektort, a tagok ugyanis nem ny\u00faltak a nyugd\u00edjas \u00e9vekre f\u00e9lretett megtakar\u00edt\u00e1saikhoz, s\u0151t tavaly \u00e9s id\u00e9n is n\u00f6velt\u00e9k a befizet\u00e9seiket. Az eg\u00e9szs\u00e9gp\u00e9nzt\u00e1ri tagok egyre tudatosabban k\u00f6ltenek az eg\u00e9szs\u00e9g\u00fcgyi szolg\u00e1ltat\u00e1sokra, kihaszn\u00e1lva az ad\u00f3kedvezm\u00e9ny el\u0151nyeit \u2013 der\u00fclt ki az \u00d6nk\u00e9ntes P\u00e9nzt\u00e1rak Orsz\u00e1gos Sz\u00f6vets\u00e9ge t\u00e1j\u00e9koztat\u00e1s\u00e1b\u00f3l. Tavaly a nyugd\u00edjp\u00e9nzt\u00e1rakba","og:url":"https:\/\/allasorias.hu\/hirek\/nottek-a-nyugdijmegtakaritasok\/","og:image":"https:\/\/allasorias.hu\/hirek\/wp-content\/uploads\/2020\/10\/office-desktop-with-laptop-analytics.jpg","og:image:secure_url":"https:\/\/allasorias.hu\/hirek\/wp-content\/uploads\/2020\/10\/office-desktop-with-laptop-analytics.jpg","og:image:width":1280,"og:image:height":854,"article:published_time":"2021-05-14T07:32:18+00:00","article:modified_time":"2021-05-14T07:32:34+00:00","article:publisher":"https:\/\/www.facebook.com\/allasorias","twitter:card":"summary_large_image","twitter:title":"N\u0151ttek a nyugd\u00edjmegtakar\u00edt\u00e1sok | AllasOrias.hu | H\u00edrek-lapszemle","twitter:description":"Nem rengette meg a j\u00e1rv\u00e1ny okozta v\u00e1ls\u00e1g az \u00f6nk\u00e9ntes nyugd\u00edjp\u00e9nzt\u00e1ri szektort, a tagok ugyanis nem ny\u00faltak a nyugd\u00edjas \u00e9vekre f\u00e9lretett megtakar\u00edt\u00e1saikhoz, s\u0151t tavaly \u00e9s id\u00e9n is n\u00f6velt\u00e9k a befizet\u00e9seiket. Az eg\u00e9szs\u00e9gp\u00e9nzt\u00e1ri tagok egyre tudatosabban k\u00f6ltenek az eg\u00e9szs\u00e9g\u00fcgyi szolg\u00e1ltat\u00e1sokra, kihaszn\u00e1lva az ad\u00f3kedvezm\u00e9ny el\u0151nyeit \u2013 der\u00fclt ki az \u00d6nk\u00e9ntes P\u00e9nzt\u00e1rak Orsz\u00e1gos Sz\u00f6vets\u00e9ge t\u00e1j\u00e9koztat\u00e1s\u00e1b\u00f3l. Tavaly a nyugd\u00edjp\u00e9nzt\u00e1rakba","twitter:image":"https:\/\/allasorias.hu\/hirek\/wp-content\/uploads\/2020\/10\/office-desktop-with-laptop-analytics.jpg","twitter:label1":"Written by","twitter:data1":"Juh\u00e1sz P\u00e9ter","twitter:label2":"Est. reading time","twitter:data2":"4 minutes"},"aioseo_meta_data":{"post_id":"4787","title":null,"description":null,"keywords":[],"keyphrases":{"focus":[],"additional":[]},"primary_term":null,"canonical_url":null,"og_title":null,"og_description":null,"og_object_type":"default","og_image_type":"default","og_image_url":null,"og_image_width":null,"og_image_height":null,"og_image_custom_url":null,"og_image_custom_fields":null,"og_video":"","og_custom_url":null,"og_article_section":null,"og_article_tags":[],"twitter_use_og":false,"twitter_card":"default","twitter_image_type":"default","twitter_image_url":null,"twitter_image_custom_url":null,"twitter_image_custom_fields":null,"twitter_title":null,"twitter_description":null,"schema":{"blockGraphs":[],"customGraphs":[],"default":{"data":{"Article":[],"Course":[],"Dataset":[],"FAQPage":[],"Movie":[],"Person":[],"Product":[],"ProductReview":[],"Car":[],"Recipe":[],"Service":[],"SoftwareApplication":[],"WebPage":[]},"graphName":"","isEnabled":true},"graphs":[],"defaultGraph":"Article","defaultPostTypeGraph":""},"schema_type":"default","schema_type_options":"{\"article\":{\"articleType\":\"BlogPosting\"},\"course\":{\"name\":\"\",\"description\":\"\",\"provider\":\"\"},\"faq\":{\"pages\":[]},\"product\":{\"reviews\":[]},\"recipe\":{\"ingredients\":[],\"instructions\":[],\"keywords\":[]},\"software\":{\"reviews\":[],\"operatingSystems\":[]},\"webPage\":{\"webPageType\":\"WebPage\"}}","pillar_content":false,"robots_default":true,"robots_noindex":false,"robots_noarchive":false,"robots_nosnippet":false,"robots_nofollow":false,"robots_noimageindex":false,"robots_noodp":false,"robots_notranslate":false,"robots_max_snippet":"-1","robots_max_videopreview":"-1","robots_max_imagepreview":"large","priority":null,"frequency":"default","location":null,"local_seo":{"locations":{"business":{"name":"","businessType":"","image":"","areaServed":"","urls":{"website":"","aboutPage":"","contactPage":""},"address":{"streetLine1":"","streetLine2":"","zipCode":"","city":"","state":"","country":"","addressFormat":"#streetLineOne\n#streetLineTwo\n#city, #state #zipCode"},"contact":{"phone":"","email":"","fax":""},"ids":{"vat":"","tax":"","chamberOfCommerce":""},"payment":{"priceRange":"","currenciesAccepted":"","methods":""}}},"openingHours":{"useDefaults":true,"show":true,"alwaysOpen":false,"use24hFormat":false,"timezone":"","labels":{"closed":"","alwaysOpen":""},"days":{"monday":{"open24h":false,"closed":false,"openTime":"09:00","closeTime":"17:00"},"tuesday":{"open24h":false,"closed":false,"openTime":"09:00","closeTime":"17:00"},"wednesday":{"open24h":false,"closed":false,"openTime":"09:00","closeTime":"17:00"},"thursday":{"open24h":false,"closed":false,"openTime":"09:00","closeTime":"17:00"},"friday":{"open24h":false,"closed":false,"openTime":"09:00","closeTime":"17:00"},"saturday":{"open24h":false,"closed":false,"openTime":"09:00","closeTime":"17:00"},"sunday":{"open24h":false,"closed":false,"openTime":"09:00","closeTime":"17:00"}}}},"breadcrumb_settings":null,"limit_modified_date":false,"ai":null,"created":"2021-05-14 07:31:29","updated":"2025-10-02 15:43:21","seo_analyzer_scan_date":null,"focus_keyword":null,"additional_keywords":null,"truseo_locale":null},"aioseo_breadcrumb":"<div class=\"aioseo-breadcrumbs\"><span class=\"aioseo-breadcrumb\">\n\t\t\t<a href=\"https:\/\/allasorias.hu\/hirek\" title=\"Home\">Home<\/a>\n\t\t<\/span><span class=\"aioseo-breadcrumb-separator\">&raquo;<\/span><span class=\"aioseo-breadcrumb\">\n\t\t\t<a href=\"https:\/\/allasorias.hu\/hirek\/temak\/gazdasag\/\" title=\"Gazdas\u00e1g\">Gazdas\u00e1g<\/a>\n\t\t<\/span><span class=\"aioseo-breadcrumb-separator\">&raquo;<\/span><span class=\"aioseo-breadcrumb\">\n\t\t\tN\u0151ttek a nyugd\u00edjmegtakar\u00edt\u00e1sok\n\t\t<\/span><\/div>","aioseo_breadcrumb_json":[{"label":"Home","link":"https:\/\/allasorias.hu\/hirek"},{"label":"Gazdas\u00e1g","link":"https:\/\/allasorias.hu\/hirek\/temak\/gazdasag\/"},{"label":"N\u0151ttek a nyugd\u00edjmegtakar\u00edt\u00e1sok","link":"https:\/\/allasorias.hu\/hirek\/nottek-a-nyugdijmegtakaritasok\/"}],"_links":{"self":[{"href":"https:\/\/allasorias.hu\/hirek\/wp-json\/wp\/v2\/posts\/4787","targetHints":{"allow":["GET"]}}],"collection":[{"href":"https:\/\/allasorias.hu\/hirek\/wp-json\/wp\/v2\/posts"}],"about":[{"href":"https:\/\/allasorias.hu\/hirek\/wp-json\/wp\/v2\/types\/post"}],"author":[{"embeddable":true,"href":"https:\/\/allasorias.hu\/hirek\/wp-json\/wp\/v2\/users\/1"}],"replies":[{"embeddable":true,"href":"https:\/\/allasorias.hu\/hirek\/wp-json\/wp\/v2\/comments?post=4787"}],"version-history":[{"count":1,"href":"https:\/\/allasorias.hu\/hirek\/wp-json\/wp\/v2\/posts\/4787\/revisions"}],"predecessor-version":[{"id":4788,"href":"https:\/\/allasorias.hu\/hirek\/wp-json\/wp\/v2\/posts\/4787\/revisions\/4788"}],"wp:featuredmedia":[{"embeddable":true,"href":"https:\/\/allasorias.hu\/hirek\/wp-json\/wp\/v2\/media\/4337"}],"wp:attachment":[{"href":"https:\/\/allasorias.hu\/hirek\/wp-json\/wp\/v2\/media?parent=4787"}],"wp:term":[{"taxonomy":"category","embeddable":true,"href":"https:\/\/allasorias.hu\/hirek\/wp-json\/wp\/v2\/categories?post=4787"},{"taxonomy":"post_tag","embeddable":true,"href":"https:\/\/allasorias.hu\/hirek\/wp-json\/wp\/v2\/tags?post=4787"}],"curies":[{"name":"wp","href":"https:\/\/api.w.org\/{rel}","templated":true}]}}