{"id":4784,"date":"2021-05-14T07:31:18","date_gmt":"2021-05-14T07:31:18","guid":{"rendered":"https:\/\/allasorias.hu\/hirek\/?p=4784"},"modified":"2021-05-14T07:31:18","modified_gmt":"2021-05-14T07:31:18","slug":"mire-ugyeljunk-ha-masodallasunk-van","status":"publish","type":"post","link":"https:\/\/allasorias.hu\/hirek\/mire-ugyeljunk-ha-masodallasunk-van\/","title":{"rendered":"Mire \u00fcgyelj\u00fcnk, ha m\u00e1sod\u00e1ll\u00e1sunk van ?"},"content":{"rendered":"<p><strong>Nincs olyan jogszab\u00e1lyi rendelkez\u00e9s, amely tiltan\u00e1, hogy egy munkav\u00e1llal\u00f3 egyszerre t\u00f6bb munk\u00e1ltat\u00f3n\u00e1l is munk\u00e1t v\u00e1llaljon. T\u00f6bben ker\u00fclhetnek olyan helyzetbe, hogy a m\u00e1r megl\u00e9v\u0151 munk\u00e1ja mellett ak\u00e1r meg\u00e9lhet\u00e9s\u00e9nek biztos\u00edt\u00e1sa, ak\u00e1r kereset kieg\u00e9sz\u00edt\u00e9s v\u00e9gett \u00fajabb munk\u00e1t szeretne vagy k\u00e9nytelen v\u00e1llalni. R\u00e9gebben ezt nevezt\u00e9k m\u00e1sod\u00e1ll\u00e1snak \u2013 jelenleg milyen k\u00f6r\u00fclm\u00e9nyekre kell ilyen esetben a munk\u00e1ltat\u00f3knak \u00e9s a munkav\u00e1llal\u00f3nak figyelemmel lennie? A k\u00e9rd\u00e9sekre T\u00f6m\u00f6sv\u00e1ri Andrea \u00fcgyv\u00e9d v\u00e1laszol.<\/strong><\/p>\n<p>Nincs olyan jogszab\u00e1lyi rendelkez\u00e9s, amely tiltan\u00e1, hogy egy munkav\u00e1llal\u00f3 egyszerre t\u00f6bb munk\u00e1ltat\u00f3n\u00e1l is munk\u00e1t v\u00e1llaljon. Azaz, ha a munkav\u00e1llal\u00f3 \u00fagy d\u00f6nt, hogy m\u00e1sik munkaviszony keret\u00e9ben is szeretne dolgozni, a munk\u00e1ltat\u00f3ja alapos ok n\u00e9lk\u00fcl ezt nem akad\u00e1lyozhatja meg.Mely esetekben korl\u00e1tozhatja vagy tilthatja a munk\u00e1ltat\u00f3 a p\u00e1rhuzamos munkav\u00e9gz\u00e9st? Ilyen alapos ok lehet a munk\u00e1ltat\u00f3 konkurenci\u00e1j\u00e1n\u00e1l t\u00f6rt\u00e9n\u0151 p\u00e1rhuzamos munkav\u00e9gz\u00e9s. Ez ugyanis a munk\u00e1ltat\u00f3 gazdas\u00e1gi \u00e9rdek\u00e9nek s\u00e9relm\u00e9vel j\u00e1rna. Bizonyos munkak\u00f6r\u00f6k eset\u00e9ben maga a jogszab\u00e1ly tiltja a t\u00f6bb munkav\u00e9gz\u00e9sre ir\u00e1nyul\u00f3 jogviszony l\u00e9trehoz\u00e1s\u00e1t. Vezet\u0151 \u00e1ll\u00e1s\u00fa munkav\u00e1llal\u00f3 eset\u00e9ben ugyanis maga a munka t\u00f6rv\u00e9nyk\u00f6nyve tiltja, hogy a munkav\u00e1llal\u00f3 b\u00e1rmilyen egy\u00e9b munkav\u00e9gz\u00e9sre ir\u00e1nyul\u00f3 jogviszonyt l\u00e9tes\u00edtsen. A munkav\u00e9gz\u00e9sre ir\u00e1nyul\u00f3 jogviszony fogalm\u00e1ba beletartozik minden olyan jogviszony, amelynek keret\u00e9ben az egyik f\u00e9l a m\u00e1sik f\u00e9l jav\u00e1ra munk\u00e1t v\u00e9gez, legyen az megb\u00edz\u00e1si, v\u00e1llalkoz\u00e1si vagy egy\u00e9ni v\u00e1llalkoz\u00f3i jogviszony. Term\u00e9szetesen a vezet\u0151 \u00e1ll\u00e1s\u00fa munkav\u00e1llal\u00f3 ett\u0151l elt\u00e9r\u0151en is meg\u00e1llapodhat azon munk\u00e1ltat\u00f3j\u00e1val, ahol a vezet\u0151 \u00e1ll\u00e1s\u00fa munkak\u00f6rt bet\u00f6lti.Mit v\u00e1rhat el a munk\u00e1ltat\u00f3 a munkav\u00e1llal\u00f3t\u00f3l, ha a munkav\u00e1llal\u00f3nak t\u00f6bb jogviszonya is fenn\u00e1ll? A munkav\u00e1llal\u00f3 pihen\u0151 idej\u00e9ben azt csin\u00e1l, amit szeretne, \u00edgy ak\u00e1r m\u00e1s munk\u00e1t is v\u00e1llalhat. Valamennyi munk\u00e1ltat\u00f3 jogos elv\u00e1r\u00e1sa azonban, hogy a munkav\u00e1llal\u00f3 a munkahely\u00e9n munkav\u00e9gz\u00e9sre alkalmas \u00e1llapotban, az el\u0151\u00edrt id\u0151pontban megjelenjen a munkaviszonyb\u00f3l sz\u00e1rmaz\u00f3 k\u00f6telezetts\u00e9geit marad\u00e9ktalanul teljes\u00edtse. Ennek megfelel\u0151en a munkav\u00e1llal\u00f3 kiz\u00e1r\u00f3lag annyi munkaviszonyt tarthat fenn, amennyit illet\u0151en k\u00f6telezetts\u00e9geinek maxim\u00e1lisan eleget tud tenni. \u201eFontos hangs\u00falyozni, hogy valamennyi munkaviszony \u00f6n\u00e1ll\u00f3 munkaviszonynak min\u0151s\u00fcl, mindegyik munkaviszony eset\u00e9ben ugyanazok a szab\u00e1lyok \u00e9rv\u00e9nyesek, egyik munk\u00e1ltat\u00f3nak sem kell engedm\u00e9nyeket tenni a munkav\u00e1llal\u00f3val szembeni elv\u00e1r\u00e1sok ter\u00e9n a m\u00e1sik munkaviszony miatt\u201d \u2013 mondja el T\u00f6m\u00f6sv\u00e1ri Andrea \u00fcgyv\u00e9d. Ennek megfelel\u0151en valamennyi munk\u00e1ltat\u00f3nak be kell tartania a napi munkaid\u0151 maximum\u00e1ra, a heti pihen\u0151id\u0151, heti pihen\u0151napok kiad\u00e1s\u00e1ra vonatkoz\u00f3 jogszab\u00e1lyi el\u0151\u00edr\u00e1sokat.<\/p>\n<p>&nbsp;<\/p>\n<p>Forr\u00e1s: uzletem.hu<\/p>\n","protected":false},"excerpt":{"rendered":"<p>Nincs olyan jogszab\u00e1lyi rendelkez\u00e9s, amely tiltan\u00e1, hogy egy munkav\u00e1llal\u00f3 egyszerre t\u00f6bb munk\u00e1ltat\u00f3n\u00e1l is munk\u00e1t v\u00e1llaljon. T\u00f6bben ker\u00fclhetnek olyan helyzetbe, hogy a m\u00e1r megl\u00e9v\u0151 munk\u00e1ja mellett ak\u00e1r meg\u00e9lhet\u00e9s\u00e9nek biztos\u00edt\u00e1sa, ak\u00e1r kereset kieg\u00e9sz\u00edt\u00e9s v\u00e9gett \u00fajabb munk\u00e1t szeretne vagy k\u00e9nytelen v\u00e1llalni. R\u00e9gebben ezt nevezt\u00e9k m\u00e1sod\u00e1ll\u00e1snak \u2013 jelenleg milyen k\u00f6r\u00fclm\u00e9nyekre kell ilyen esetben a munk\u00e1ltat\u00f3knak \u00e9s a munkav\u00e1llal\u00f3nak figyelemmel [&hellip;]<\/p>\n","protected":false},"author":1,"featured_media":4785,"comment_status":"open","ping_status":"open","sticky":false,"template":"","format":"standard","meta":{"_monsterinsights_skip_tracking":false,"footnotes":""},"categories":[200],"tags":[],"class_list":["post-4784","post","type-post","status-publish","format-standard","has-post-thumbnail","hentry","category-munkaeropiac"],"aioseo_notices":[],"aioseo_head":"\n\t\t<!-- All in One SEO 5.0.0.1 - aioseo.com -->\n\t<meta name=\"description\" content=\"Nincs olyan jogszab\u00e1lyi rendelkez\u00e9s, amely tiltan\u00e1, hogy egy munkav\u00e1llal\u00f3 egyszerre t\u00f6bb munk\u00e1ltat\u00f3n\u00e1l is munk\u00e1t v\u00e1llaljon. T\u00f6bben ker\u00fclhetnek olyan helyzetbe, hogy a m\u00e1r megl\u00e9v\u0151 munk\u00e1ja mellett ak\u00e1r meg\u00e9lhet\u00e9s\u00e9nek biztos\u00edt\u00e1sa, ak\u00e1r kereset kieg\u00e9sz\u00edt\u00e9s v\u00e9gett \u00fajabb munk\u00e1t szeretne vagy k\u00e9nytelen v\u00e1llalni. R\u00e9gebben ezt nevezt\u00e9k m\u00e1sod\u00e1ll\u00e1snak \u2013 jelenleg milyen k\u00f6r\u00fclm\u00e9nyekre kell ilyen esetben a munk\u00e1ltat\u00f3knak \u00e9s a munkav\u00e1llal\u00f3nak figyelemmel\" \/>\n\t<meta name=\"robots\" content=\"max-image-preview:large\" \/>\n\t<meta name=\"author\" content=\"Juh\u00e1sz P\u00e9ter\"\/>\n\t<link rel=\"canonical\" href=\"https:\/\/allasorias.hu\/hirek\/mire-ugyeljunk-ha-masodallasunk-van\/\" \/>\n\t<meta name=\"generator\" content=\"All in One SEO (AIOSEO) 5.0.0.1\" \/>\n\t\t<meta property=\"og:locale\" content=\"hu_HU\" \/>\n\t\t<meta property=\"og:site_name\" content=\"AllasOrias.hu | H\u00edrek-lapszemle | \u00dczleti h\u00edrek az \u00e1ll\u00e1s \u00e9s a munka vil\u00e1g\u00e1b\u00f3l\" \/>\n\t\t<meta property=\"og:type\" content=\"article\" \/>\n\t\t<meta property=\"og:title\" content=\"Mire \u00fcgyelj\u00fcnk, ha m\u00e1sod\u00e1ll\u00e1sunk van ? | AllasOrias.hu | H\u00edrek-lapszemle\" \/>\n\t\t<meta property=\"og:description\" content=\"Nincs olyan jogszab\u00e1lyi rendelkez\u00e9s, amely tiltan\u00e1, hogy egy munkav\u00e1llal\u00f3 egyszerre t\u00f6bb munk\u00e1ltat\u00f3n\u00e1l is munk\u00e1t v\u00e1llaljon. T\u00f6bben ker\u00fclhetnek olyan helyzetbe, hogy a m\u00e1r megl\u00e9v\u0151 munk\u00e1ja mellett ak\u00e1r meg\u00e9lhet\u00e9s\u00e9nek biztos\u00edt\u00e1sa, ak\u00e1r kereset kieg\u00e9sz\u00edt\u00e9s v\u00e9gett \u00fajabb munk\u00e1t szeretne vagy k\u00e9nytelen v\u00e1llalni. R\u00e9gebben ezt nevezt\u00e9k m\u00e1sod\u00e1ll\u00e1snak \u2013 jelenleg milyen k\u00f6r\u00fclm\u00e9nyekre kell ilyen esetben a munk\u00e1ltat\u00f3knak \u00e9s a munkav\u00e1llal\u00f3nak figyelemmel\" \/>\n\t\t<meta property=\"og:url\" content=\"https:\/\/allasorias.hu\/hirek\/mire-ugyeljunk-ha-masodallasunk-van\/\" \/>\n\t\t<meta property=\"og:image\" content=\"https:\/\/allasorias.hu\/hirek\/wp-content\/uploads\/2021\/05\/close-up-businessman-pointing-finger-time-against-grey-wall.jpg\" \/>\n\t\t<meta property=\"og:image:secure_url\" content=\"https:\/\/allasorias.hu\/hirek\/wp-content\/uploads\/2021\/05\/close-up-businessman-pointing-finger-time-against-grey-wall.jpg\" \/>\n\t\t<meta property=\"og:image:width\" content=\"1920\" \/>\n\t\t<meta property=\"og:image:height\" content=\"1281\" \/>\n\t\t<meta property=\"article:published_time\" content=\"2021-05-14T07:31:18+00:00\" \/>\n\t\t<meta property=\"article:modified_time\" content=\"2021-05-14T07:31:18+00:00\" \/>\n\t\t<meta property=\"article:publisher\" content=\"https:\/\/www.facebook.com\/allasorias\" \/>\n\t\t<meta name=\"twitter:card\" content=\"summary_large_image\" \/>\n\t\t<meta name=\"twitter:title\" content=\"Mire \u00fcgyelj\u00fcnk, ha m\u00e1sod\u00e1ll\u00e1sunk van ? | AllasOrias.hu | H\u00edrek-lapszemle\" \/>\n\t\t<meta name=\"twitter:description\" content=\"Nincs olyan jogszab\u00e1lyi rendelkez\u00e9s, amely tiltan\u00e1, hogy egy munkav\u00e1llal\u00f3 egyszerre t\u00f6bb munk\u00e1ltat\u00f3n\u00e1l is munk\u00e1t v\u00e1llaljon. T\u00f6bben ker\u00fclhetnek olyan helyzetbe, hogy a m\u00e1r megl\u00e9v\u0151 munk\u00e1ja mellett ak\u00e1r meg\u00e9lhet\u00e9s\u00e9nek biztos\u00edt\u00e1sa, ak\u00e1r kereset kieg\u00e9sz\u00edt\u00e9s v\u00e9gett \u00fajabb munk\u00e1t szeretne vagy k\u00e9nytelen v\u00e1llalni. R\u00e9gebben ezt nevezt\u00e9k m\u00e1sod\u00e1ll\u00e1snak \u2013 jelenleg milyen k\u00f6r\u00fclm\u00e9nyekre kell ilyen esetben a munk\u00e1ltat\u00f3knak \u00e9s a munkav\u00e1llal\u00f3nak figyelemmel\" \/>\n\t\t<meta name=\"twitter:image\" content=\"https:\/\/allasorias.hu\/hirek\/wp-content\/uploads\/2021\/05\/close-up-businessman-pointing-finger-time-against-grey-wall.jpg\" \/>\n\t\t<meta name=\"twitter:label1\" content=\"Written by\" \/>\n\t\t<meta name=\"twitter:data1\" content=\"Juh\u00e1sz P\u00e9ter\" \/>\n\t\t<meta name=\"twitter:label2\" content=\"Est. reading time\" \/>\n\t\t<meta name=\"twitter:data2\" content=\"3 minutes\" \/>\n\t\t<script type=\"application\/ld+json\" class=\"aioseo-schema\">\n\t\t\t{\"@context\":\"https:\\\/\\\/schema.org\",\"@graph\":[{\"@type\":\"Article\",\"@id\":\"https:\\\/\\\/allasorias.hu\\\/hirek\\\/mire-ugyeljunk-ha-masodallasunk-van\\\/#article\",\"name\":\"Mire \\u00fcgyelj\\u00fcnk, ha m\\u00e1sod\\u00e1ll\\u00e1sunk van ? | AllasOrias.hu | H\\u00edrek-lapszemle\",\"headline\":\"Mire \\u00fcgyelj\\u00fcnk, ha m\\u00e1sod\\u00e1ll\\u00e1sunk van ?\",\"author\":{\"@id\":\"https:\\\/\\\/allasorias.hu\\\/hirek\\\/author\\\/admin-allasorias\\\/#author\"},\"publisher\":{\"@id\":\"https:\\\/\\\/allasorias.hu\\\/hirek\\\/#organization\"},\"image\":{\"@type\":\"ImageObject\",\"url\":\"https:\\\/\\\/allasorias.hu\\\/hirek\\\/wp-content\\\/uploads\\\/2021\\\/05\\\/close-up-businessman-pointing-finger-time-against-grey-wall.jpg\",\"width\":1920,\"height\":1281},\"datePublished\":\"2021-05-14T07:31:18+02:00\",\"dateModified\":\"2021-05-14T07:31:18+02:00\",\"inLanguage\":\"hu-HU\",\"mainEntityOfPage\":{\"@id\":\"https:\\\/\\\/allasorias.hu\\\/hirek\\\/mire-ugyeljunk-ha-masodallasunk-van\\\/#webpage\"},\"isPartOf\":{\"@id\":\"https:\\\/\\\/allasorias.hu\\\/hirek\\\/mire-ugyeljunk-ha-masodallasunk-van\\\/#webpage\"},\"articleSection\":\"Munkaer\\u0151piac\"},{\"@type\":\"BreadcrumbList\",\"@id\":\"https:\\\/\\\/allasorias.hu\\\/hirek\\\/mire-ugyeljunk-ha-masodallasunk-van\\\/#breadcrumblist\",\"itemListElement\":[{\"@type\":\"ListItem\",\"@id\":\"https:\\\/\\\/allasorias.hu\\\/hirek#listItem\",\"position\":1,\"name\":\"Home\",\"item\":\"https:\\\/\\\/allasorias.hu\\\/hirek\",\"nextItem\":{\"@type\":\"ListItem\",\"@id\":\"https:\\\/\\\/allasorias.hu\\\/hirek\\\/temak\\\/munkaeropiac\\\/#listItem\",\"name\":\"Munkaer\\u0151piac\"}},{\"@type\":\"ListItem\",\"@id\":\"https:\\\/\\\/allasorias.hu\\\/hirek\\\/temak\\\/munkaeropiac\\\/#listItem\",\"position\":2,\"name\":\"Munkaer\\u0151piac\",\"item\":\"https:\\\/\\\/allasorias.hu\\\/hirek\\\/temak\\\/munkaeropiac\\\/\",\"nextItem\":{\"@type\":\"ListItem\",\"@id\":\"https:\\\/\\\/allasorias.hu\\\/hirek\\\/mire-ugyeljunk-ha-masodallasunk-van\\\/#listItem\",\"name\":\"Mire \\u00fcgyelj\\u00fcnk, ha m\\u00e1sod\\u00e1ll\\u00e1sunk van ?\"},\"previousItem\":{\"@type\":\"ListItem\",\"@id\":\"https:\\\/\\\/allasorias.hu\\\/hirek#listItem\",\"name\":\"Home\"}},{\"@type\":\"ListItem\",\"@id\":\"https:\\\/\\\/allasorias.hu\\\/hirek\\\/mire-ugyeljunk-ha-masodallasunk-van\\\/#listItem\",\"position\":3,\"name\":\"Mire \\u00fcgyelj\\u00fcnk, ha m\\u00e1sod\\u00e1ll\\u00e1sunk van ?\",\"previousItem\":{\"@type\":\"ListItem\",\"@id\":\"https:\\\/\\\/allasorias.hu\\\/hirek\\\/temak\\\/munkaeropiac\\\/#listItem\",\"name\":\"Munkaer\\u0151piac\"}}]},{\"@type\":\"Organization\",\"@id\":\"https:\\\/\\\/allasorias.hu\\\/hirek\\\/#organization\",\"name\":\"AllasOrias.hu | H\\u00edrek-lapszemle\",\"description\":\"\\u00dczleti h\\u00edrek az \\u00e1ll\\u00e1s \\u00e9s a munka vil\\u00e1g\\u00e1b\\u00f3l\",\"url\":\"https:\\\/\\\/allasorias.hu\\\/hirek\\\/\",\"logo\":{\"@type\":\"ImageObject\",\"url\":\"https:\\\/\\\/allasorias.hu\\\/hirek\\\/wp-content\\\/uploads\\\/2022\\\/10\\\/allasorias_site_facebok_logo.png\",\"@id\":\"https:\\\/\\\/allasorias.hu\\\/hirek\\\/mire-ugyeljunk-ha-masodallasunk-van\\\/#organizationLogo\"},\"image\":{\"@id\":\"https:\\\/\\\/allasorias.hu\\\/hirek\\\/mire-ugyeljunk-ha-masodallasunk-van\\\/#organizationLogo\"},\"sameAs\":[\"https:\\\/\\\/www.facebook.com\\\/allasorias\",\"https:\\\/\\\/www.linkedin.com\\\/company\\\/allasorias\"]},{\"@type\":\"Person\",\"@id\":\"https:\\\/\\\/allasorias.hu\\\/hirek\\\/author\\\/admin-allasorias\\\/#author\",\"url\":\"https:\\\/\\\/allasorias.hu\\\/hirek\\\/author\\\/admin-allasorias\\\/\",\"name\":\"Juh\\u00e1sz P\\u00e9ter\",\"image\":{\"@type\":\"ImageObject\",\"@id\":\"https:\\\/\\\/allasorias.hu\\\/hirek\\\/mire-ugyeljunk-ha-masodallasunk-van\\\/#authorImage\",\"url\":\"https:\\\/\\\/secure.gravatar.com\\\/avatar\\\/36e6bcb83148978b992977cb0f54d22feb0cce8a0a849a9410532bb2623ba4c6?s=96&d=mm&r=g\",\"width\":96,\"height\":96,\"caption\":\"Juh\\u00e1sz P\\u00e9ter\"}},{\"@type\":\"WebPage\",\"@id\":\"https:\\\/\\\/allasorias.hu\\\/hirek\\\/mire-ugyeljunk-ha-masodallasunk-van\\\/#webpage\",\"url\":\"https:\\\/\\\/allasorias.hu\\\/hirek\\\/mire-ugyeljunk-ha-masodallasunk-van\\\/\",\"name\":\"Mire \\u00fcgyelj\\u00fcnk, ha m\\u00e1sod\\u00e1ll\\u00e1sunk van ? | AllasOrias.hu | H\\u00edrek-lapszemle\",\"description\":\"Nincs olyan jogszab\\u00e1lyi rendelkez\\u00e9s, amely tiltan\\u00e1, hogy egy munkav\\u00e1llal\\u00f3 egyszerre t\\u00f6bb munk\\u00e1ltat\\u00f3n\\u00e1l is munk\\u00e1t v\\u00e1llaljon. T\\u00f6bben ker\\u00fclhetnek olyan helyzetbe, hogy a m\\u00e1r megl\\u00e9v\\u0151 munk\\u00e1ja mellett ak\\u00e1r meg\\u00e9lhet\\u00e9s\\u00e9nek biztos\\u00edt\\u00e1sa, ak\\u00e1r kereset kieg\\u00e9sz\\u00edt\\u00e9s v\\u00e9gett \\u00fajabb munk\\u00e1t szeretne vagy k\\u00e9nytelen v\\u00e1llalni. R\\u00e9gebben ezt nevezt\\u00e9k m\\u00e1sod\\u00e1ll\\u00e1snak \\u2013 jelenleg milyen k\\u00f6r\\u00fclm\\u00e9nyekre kell ilyen esetben a munk\\u00e1ltat\\u00f3knak \\u00e9s a munkav\\u00e1llal\\u00f3nak figyelemmel\",\"inLanguage\":\"hu-HU\",\"isPartOf\":{\"@id\":\"https:\\\/\\\/allasorias.hu\\\/hirek\\\/#website\"},\"breadcrumb\":{\"@id\":\"https:\\\/\\\/allasorias.hu\\\/hirek\\\/mire-ugyeljunk-ha-masodallasunk-van\\\/#breadcrumblist\"},\"author\":{\"@id\":\"https:\\\/\\\/allasorias.hu\\\/hirek\\\/author\\\/admin-allasorias\\\/#author\"},\"creator\":{\"@id\":\"https:\\\/\\\/allasorias.hu\\\/hirek\\\/author\\\/admin-allasorias\\\/#author\"},\"image\":{\"@type\":\"ImageObject\",\"url\":\"https:\\\/\\\/allasorias.hu\\\/hirek\\\/wp-content\\\/uploads\\\/2021\\\/05\\\/close-up-businessman-pointing-finger-time-against-grey-wall.jpg\",\"@id\":\"https:\\\/\\\/allasorias.hu\\\/hirek\\\/mire-ugyeljunk-ha-masodallasunk-van\\\/#mainImage\",\"width\":1920,\"height\":1281},\"primaryImageOfPage\":{\"@id\":\"https:\\\/\\\/allasorias.hu\\\/hirek\\\/mire-ugyeljunk-ha-masodallasunk-van\\\/#mainImage\"},\"datePublished\":\"2021-05-14T07:31:18+02:00\",\"dateModified\":\"2021-05-14T07:31:18+02:00\"},{\"@type\":\"WebSite\",\"@id\":\"https:\\\/\\\/allasorias.hu\\\/hirek\\\/#website\",\"url\":\"https:\\\/\\\/allasorias.hu\\\/hirek\\\/\",\"name\":\"AllasOrias.hu | H\\u00edrek-lapszemle\",\"description\":\"\\u00dczleti h\\u00edrek az \\u00e1ll\\u00e1s \\u00e9s a munka vil\\u00e1g\\u00e1b\\u00f3l\",\"inLanguage\":\"hu-HU\",\"publisher\":{\"@id\":\"https:\\\/\\\/allasorias.hu\\\/hirek\\\/#organization\"}}]}\n\t\t<\/script>\n\t\t<!-- All in One SEO -->\n\n","aioseo_head_json":{"title":"Mire \u00fcgyelj\u00fcnk, ha m\u00e1sod\u00e1ll\u00e1sunk van ? | AllasOrias.hu | H\u00edrek-lapszemle","description":"Nincs olyan jogszab\u00e1lyi rendelkez\u00e9s, amely tiltan\u00e1, hogy egy munkav\u00e1llal\u00f3 egyszerre t\u00f6bb munk\u00e1ltat\u00f3n\u00e1l is munk\u00e1t v\u00e1llaljon. T\u00f6bben ker\u00fclhetnek olyan helyzetbe, hogy a m\u00e1r megl\u00e9v\u0151 munk\u00e1ja mellett ak\u00e1r meg\u00e9lhet\u00e9s\u00e9nek biztos\u00edt\u00e1sa, ak\u00e1r kereset kieg\u00e9sz\u00edt\u00e9s v\u00e9gett \u00fajabb munk\u00e1t szeretne vagy k\u00e9nytelen v\u00e1llalni. R\u00e9gebben ezt nevezt\u00e9k m\u00e1sod\u00e1ll\u00e1snak \u2013 jelenleg milyen k\u00f6r\u00fclm\u00e9nyekre kell ilyen esetben a munk\u00e1ltat\u00f3knak \u00e9s a munkav\u00e1llal\u00f3nak figyelemmel","canonical_url":"https:\/\/allasorias.hu\/hirek\/mire-ugyeljunk-ha-masodallasunk-van\/","robots":"max-image-preview:large","keywords":"","webmasterTools":{"miscellaneous":""},"schema":{"@context":"https:\/\/schema.org","@graph":[{"@type":"Article","@id":"https:\/\/allasorias.hu\/hirek\/mire-ugyeljunk-ha-masodallasunk-van\/#article","name":"Mire \u00fcgyelj\u00fcnk, ha m\u00e1sod\u00e1ll\u00e1sunk van ? | AllasOrias.hu | H\u00edrek-lapszemle","headline":"Mire \u00fcgyelj\u00fcnk, ha m\u00e1sod\u00e1ll\u00e1sunk van ?","author":{"@id":"https:\/\/allasorias.hu\/hirek\/author\/admin-allasorias\/#author"},"publisher":{"@id":"https:\/\/allasorias.hu\/hirek\/#organization"},"image":{"@type":"ImageObject","url":"https:\/\/allasorias.hu\/hirek\/wp-content\/uploads\/2021\/05\/close-up-businessman-pointing-finger-time-against-grey-wall.jpg","width":1920,"height":1281},"datePublished":"2021-05-14T07:31:18+02:00","dateModified":"2021-05-14T07:31:18+02:00","inLanguage":"hu-HU","mainEntityOfPage":{"@id":"https:\/\/allasorias.hu\/hirek\/mire-ugyeljunk-ha-masodallasunk-van\/#webpage"},"isPartOf":{"@id":"https:\/\/allasorias.hu\/hirek\/mire-ugyeljunk-ha-masodallasunk-van\/#webpage"},"articleSection":"Munkaer\u0151piac"},{"@type":"BreadcrumbList","@id":"https:\/\/allasorias.hu\/hirek\/mire-ugyeljunk-ha-masodallasunk-van\/#breadcrumblist","itemListElement":[{"@type":"ListItem","@id":"https:\/\/allasorias.hu\/hirek#listItem","position":1,"name":"Home","item":"https:\/\/allasorias.hu\/hirek","nextItem":{"@type":"ListItem","@id":"https:\/\/allasorias.hu\/hirek\/temak\/munkaeropiac\/#listItem","name":"Munkaer\u0151piac"}},{"@type":"ListItem","@id":"https:\/\/allasorias.hu\/hirek\/temak\/munkaeropiac\/#listItem","position":2,"name":"Munkaer\u0151piac","item":"https:\/\/allasorias.hu\/hirek\/temak\/munkaeropiac\/","nextItem":{"@type":"ListItem","@id":"https:\/\/allasorias.hu\/hirek\/mire-ugyeljunk-ha-masodallasunk-van\/#listItem","name":"Mire \u00fcgyelj\u00fcnk, ha m\u00e1sod\u00e1ll\u00e1sunk van ?"},"previousItem":{"@type":"ListItem","@id":"https:\/\/allasorias.hu\/hirek#listItem","name":"Home"}},{"@type":"ListItem","@id":"https:\/\/allasorias.hu\/hirek\/mire-ugyeljunk-ha-masodallasunk-van\/#listItem","position":3,"name":"Mire \u00fcgyelj\u00fcnk, ha m\u00e1sod\u00e1ll\u00e1sunk van ?","previousItem":{"@type":"ListItem","@id":"https:\/\/allasorias.hu\/hirek\/temak\/munkaeropiac\/#listItem","name":"Munkaer\u0151piac"}}]},{"@type":"Organization","@id":"https:\/\/allasorias.hu\/hirek\/#organization","name":"AllasOrias.hu | H\u00edrek-lapszemle","description":"\u00dczleti h\u00edrek az \u00e1ll\u00e1s \u00e9s a munka vil\u00e1g\u00e1b\u00f3l","url":"https:\/\/allasorias.hu\/hirek\/","logo":{"@type":"ImageObject","url":"https:\/\/allasorias.hu\/hirek\/wp-content\/uploads\/2022\/10\/allasorias_site_facebok_logo.png","@id":"https:\/\/allasorias.hu\/hirek\/mire-ugyeljunk-ha-masodallasunk-van\/#organizationLogo"},"image":{"@id":"https:\/\/allasorias.hu\/hirek\/mire-ugyeljunk-ha-masodallasunk-van\/#organizationLogo"},"sameAs":["https:\/\/www.facebook.com\/allasorias","https:\/\/www.linkedin.com\/company\/allasorias"]},{"@type":"Person","@id":"https:\/\/allasorias.hu\/hirek\/author\/admin-allasorias\/#author","url":"https:\/\/allasorias.hu\/hirek\/author\/admin-allasorias\/","name":"Juh\u00e1sz P\u00e9ter","image":{"@type":"ImageObject","@id":"https:\/\/allasorias.hu\/hirek\/mire-ugyeljunk-ha-masodallasunk-van\/#authorImage","url":"https:\/\/secure.gravatar.com\/avatar\/36e6bcb83148978b992977cb0f54d22feb0cce8a0a849a9410532bb2623ba4c6?s=96&d=mm&r=g","width":96,"height":96,"caption":"Juh\u00e1sz P\u00e9ter"}},{"@type":"WebPage","@id":"https:\/\/allasorias.hu\/hirek\/mire-ugyeljunk-ha-masodallasunk-van\/#webpage","url":"https:\/\/allasorias.hu\/hirek\/mire-ugyeljunk-ha-masodallasunk-van\/","name":"Mire \u00fcgyelj\u00fcnk, ha m\u00e1sod\u00e1ll\u00e1sunk van ? | AllasOrias.hu | H\u00edrek-lapszemle","description":"Nincs olyan jogszab\u00e1lyi rendelkez\u00e9s, amely tiltan\u00e1, hogy egy munkav\u00e1llal\u00f3 egyszerre t\u00f6bb munk\u00e1ltat\u00f3n\u00e1l is munk\u00e1t v\u00e1llaljon. T\u00f6bben ker\u00fclhetnek olyan helyzetbe, hogy a m\u00e1r megl\u00e9v\u0151 munk\u00e1ja mellett ak\u00e1r meg\u00e9lhet\u00e9s\u00e9nek biztos\u00edt\u00e1sa, ak\u00e1r kereset kieg\u00e9sz\u00edt\u00e9s v\u00e9gett \u00fajabb munk\u00e1t szeretne vagy k\u00e9nytelen v\u00e1llalni. R\u00e9gebben ezt nevezt\u00e9k m\u00e1sod\u00e1ll\u00e1snak \u2013 jelenleg milyen k\u00f6r\u00fclm\u00e9nyekre kell ilyen esetben a munk\u00e1ltat\u00f3knak \u00e9s a munkav\u00e1llal\u00f3nak figyelemmel","inLanguage":"hu-HU","isPartOf":{"@id":"https:\/\/allasorias.hu\/hirek\/#website"},"breadcrumb":{"@id":"https:\/\/allasorias.hu\/hirek\/mire-ugyeljunk-ha-masodallasunk-van\/#breadcrumblist"},"author":{"@id":"https:\/\/allasorias.hu\/hirek\/author\/admin-allasorias\/#author"},"creator":{"@id":"https:\/\/allasorias.hu\/hirek\/author\/admin-allasorias\/#author"},"image":{"@type":"ImageObject","url":"https:\/\/allasorias.hu\/hirek\/wp-content\/uploads\/2021\/05\/close-up-businessman-pointing-finger-time-against-grey-wall.jpg","@id":"https:\/\/allasorias.hu\/hirek\/mire-ugyeljunk-ha-masodallasunk-van\/#mainImage","width":1920,"height":1281},"primaryImageOfPage":{"@id":"https:\/\/allasorias.hu\/hirek\/mire-ugyeljunk-ha-masodallasunk-van\/#mainImage"},"datePublished":"2021-05-14T07:31:18+02:00","dateModified":"2021-05-14T07:31:18+02:00"},{"@type":"WebSite","@id":"https:\/\/allasorias.hu\/hirek\/#website","url":"https:\/\/allasorias.hu\/hirek\/","name":"AllasOrias.hu | H\u00edrek-lapszemle","description":"\u00dczleti h\u00edrek az \u00e1ll\u00e1s \u00e9s a munka vil\u00e1g\u00e1b\u00f3l","inLanguage":"hu-HU","publisher":{"@id":"https:\/\/allasorias.hu\/hirek\/#organization"}}]},"og:locale":"hu_HU","og:site_name":"AllasOrias.hu | H\u00edrek-lapszemle | \u00dczleti h\u00edrek az \u00e1ll\u00e1s \u00e9s a munka vil\u00e1g\u00e1b\u00f3l","og:type":"article","og:title":"Mire \u00fcgyelj\u00fcnk, ha m\u00e1sod\u00e1ll\u00e1sunk van ? | AllasOrias.hu | H\u00edrek-lapszemle","og:description":"Nincs olyan jogszab\u00e1lyi rendelkez\u00e9s, amely tiltan\u00e1, hogy egy munkav\u00e1llal\u00f3 egyszerre t\u00f6bb munk\u00e1ltat\u00f3n\u00e1l is munk\u00e1t v\u00e1llaljon. T\u00f6bben ker\u00fclhetnek olyan helyzetbe, hogy a m\u00e1r megl\u00e9v\u0151 munk\u00e1ja mellett ak\u00e1r meg\u00e9lhet\u00e9s\u00e9nek biztos\u00edt\u00e1sa, ak\u00e1r kereset kieg\u00e9sz\u00edt\u00e9s v\u00e9gett \u00fajabb munk\u00e1t szeretne vagy k\u00e9nytelen v\u00e1llalni. R\u00e9gebben ezt nevezt\u00e9k m\u00e1sod\u00e1ll\u00e1snak \u2013 jelenleg milyen k\u00f6r\u00fclm\u00e9nyekre kell ilyen esetben a munk\u00e1ltat\u00f3knak \u00e9s a munkav\u00e1llal\u00f3nak figyelemmel","og:url":"https:\/\/allasorias.hu\/hirek\/mire-ugyeljunk-ha-masodallasunk-van\/","og:image":"https:\/\/allasorias.hu\/hirek\/wp-content\/uploads\/2021\/05\/close-up-businessman-pointing-finger-time-against-grey-wall.jpg","og:image:secure_url":"https:\/\/allasorias.hu\/hirek\/wp-content\/uploads\/2021\/05\/close-up-businessman-pointing-finger-time-against-grey-wall.jpg","og:image:width":1920,"og:image:height":1281,"article:published_time":"2021-05-14T07:31:18+00:00","article:modified_time":"2021-05-14T07:31:18+00:00","article:publisher":"https:\/\/www.facebook.com\/allasorias","twitter:card":"summary_large_image","twitter:title":"Mire \u00fcgyelj\u00fcnk, ha m\u00e1sod\u00e1ll\u00e1sunk van ? | AllasOrias.hu | H\u00edrek-lapszemle","twitter:description":"Nincs olyan jogszab\u00e1lyi rendelkez\u00e9s, amely tiltan\u00e1, hogy egy munkav\u00e1llal\u00f3 egyszerre t\u00f6bb munk\u00e1ltat\u00f3n\u00e1l is munk\u00e1t v\u00e1llaljon. T\u00f6bben ker\u00fclhetnek olyan helyzetbe, hogy a m\u00e1r megl\u00e9v\u0151 munk\u00e1ja mellett ak\u00e1r meg\u00e9lhet\u00e9s\u00e9nek biztos\u00edt\u00e1sa, ak\u00e1r kereset kieg\u00e9sz\u00edt\u00e9s v\u00e9gett \u00fajabb munk\u00e1t szeretne vagy k\u00e9nytelen v\u00e1llalni. R\u00e9gebben ezt nevezt\u00e9k m\u00e1sod\u00e1ll\u00e1snak \u2013 jelenleg milyen k\u00f6r\u00fclm\u00e9nyekre kell ilyen esetben a munk\u00e1ltat\u00f3knak \u00e9s a munkav\u00e1llal\u00f3nak figyelemmel","twitter:image":"https:\/\/allasorias.hu\/hirek\/wp-content\/uploads\/2021\/05\/close-up-businessman-pointing-finger-time-against-grey-wall.jpg","twitter:label1":"Written by","twitter:data1":"Juh\u00e1sz P\u00e9ter","twitter:label2":"Est. reading time","twitter:data2":"3 minutes"},"aioseo_meta_data":{"post_id":"4784","title":null,"description":null,"keywords":[],"keyphrases":{"focus":[],"additional":[]},"primary_term":null,"canonical_url":null,"og_title":null,"og_description":null,"og_object_type":"default","og_image_type":"default","og_image_url":null,"og_image_width":null,"og_image_height":null,"og_image_custom_url":null,"og_image_custom_fields":null,"og_video":"","og_custom_url":null,"og_article_section":null,"og_article_tags":[],"twitter_use_og":false,"twitter_card":"default","twitter_image_type":"default","twitter_image_url":null,"twitter_image_custom_url":null,"twitter_image_custom_fields":null,"twitter_title":null,"twitter_description":null,"schema":{"blockGraphs":[],"customGraphs":[],"default":{"data":{"Article":[],"Course":[],"Dataset":[],"FAQPage":[],"Movie":[],"Person":[],"Product":[],"ProductReview":[],"Car":[],"Recipe":[],"Service":[],"SoftwareApplication":[],"WebPage":[]},"graphName":"","isEnabled":true},"graphs":[],"defaultGraph":"Article","defaultPostTypeGraph":""},"schema_type":"default","schema_type_options":"{\"article\":{\"articleType\":\"BlogPosting\"},\"course\":{\"name\":\"\",\"description\":\"\",\"provider\":\"\"},\"faq\":{\"pages\":[]},\"product\":{\"reviews\":[]},\"recipe\":{\"ingredients\":[],\"instructions\":[],\"keywords\":[]},\"software\":{\"reviews\":[],\"operatingSystems\":[]},\"webPage\":{\"webPageType\":\"WebPage\"}}","pillar_content":false,"robots_default":true,"robots_noindex":false,"robots_noarchive":false,"robots_nosnippet":false,"robots_nofollow":false,"robots_noimageindex":false,"robots_noodp":false,"robots_notranslate":false,"robots_max_snippet":"-1","robots_max_videopreview":"-1","robots_max_imagepreview":"large","priority":null,"frequency":"default","location":null,"local_seo":{"locations":{"business":{"name":"","businessType":"","image":"","areaServed":"","urls":{"website":"","aboutPage":"","contactPage":""},"address":{"streetLine1":"","streetLine2":"","zipCode":"","city":"","state":"","country":"","addressFormat":"#streetLineOne\n#streetLineTwo\n#city, #state #zipCode"},"contact":{"phone":"","email":"","fax":""},"ids":{"vat":"","tax":"","chamberOfCommerce":""},"payment":{"priceRange":"","currenciesAccepted":"","methods":""}}},"openingHours":{"useDefaults":true,"show":true,"alwaysOpen":false,"use24hFormat":false,"timezone":"","labels":{"closed":"","alwaysOpen":""},"days":{"monday":{"open24h":false,"closed":false,"openTime":"09:00","closeTime":"17:00"},"tuesday":{"open24h":false,"closed":false,"openTime":"09:00","closeTime":"17:00"},"wednesday":{"open24h":false,"closed":false,"openTime":"09:00","closeTime":"17:00"},"thursday":{"open24h":false,"closed":false,"openTime":"09:00","closeTime":"17:00"},"friday":{"open24h":false,"closed":false,"openTime":"09:00","closeTime":"17:00"},"saturday":{"open24h":false,"closed":false,"openTime":"09:00","closeTime":"17:00"},"sunday":{"open24h":false,"closed":false,"openTime":"09:00","closeTime":"17:00"}}}},"breadcrumb_settings":null,"limit_modified_date":false,"ai":null,"created":"2021-05-14 07:09:31","updated":"2025-10-02 15:43:21","seo_analyzer_scan_date":null,"focus_keyword":null,"additional_keywords":null,"truseo_locale":null},"aioseo_breadcrumb":"<div class=\"aioseo-breadcrumbs\"><span class=\"aioseo-breadcrumb\">\n\t\t\t<a href=\"https:\/\/allasorias.hu\/hirek\" title=\"Home\">Home<\/a>\n\t\t<\/span><span class=\"aioseo-breadcrumb-separator\">&raquo;<\/span><span class=\"aioseo-breadcrumb\">\n\t\t\t<a href=\"https:\/\/allasorias.hu\/hirek\/temak\/munkaeropiac\/\" title=\"Munkaer\u0151piac\">Munkaer\u0151piac<\/a>\n\t\t<\/span><span class=\"aioseo-breadcrumb-separator\">&raquo;<\/span><span class=\"aioseo-breadcrumb\">\n\t\t\tMire \u00fcgyelj\u00fcnk, ha m\u00e1sod\u00e1ll\u00e1sunk van ?\n\t\t<\/span><\/div>","aioseo_breadcrumb_json":[{"label":"Home","link":"https:\/\/allasorias.hu\/hirek"},{"label":"Munkaer\u0151piac","link":"https:\/\/allasorias.hu\/hirek\/temak\/munkaeropiac\/"},{"label":"Mire \u00fcgyelj\u00fcnk, ha m\u00e1sod\u00e1ll\u00e1sunk van ?","link":"https:\/\/allasorias.hu\/hirek\/mire-ugyeljunk-ha-masodallasunk-van\/"}],"_links":{"self":[{"href":"https:\/\/allasorias.hu\/hirek\/wp-json\/wp\/v2\/posts\/4784","targetHints":{"allow":["GET"]}}],"collection":[{"href":"https:\/\/allasorias.hu\/hirek\/wp-json\/wp\/v2\/posts"}],"about":[{"href":"https:\/\/allasorias.hu\/hirek\/wp-json\/wp\/v2\/types\/post"}],"author":[{"embeddable":true,"href":"https:\/\/allasorias.hu\/hirek\/wp-json\/wp\/v2\/users\/1"}],"replies":[{"embeddable":true,"href":"https:\/\/allasorias.hu\/hirek\/wp-json\/wp\/v2\/comments?post=4784"}],"version-history":[{"count":1,"href":"https:\/\/allasorias.hu\/hirek\/wp-json\/wp\/v2\/posts\/4784\/revisions"}],"predecessor-version":[{"id":4786,"href":"https:\/\/allasorias.hu\/hirek\/wp-json\/wp\/v2\/posts\/4784\/revisions\/4786"}],"wp:featuredmedia":[{"embeddable":true,"href":"https:\/\/allasorias.hu\/hirek\/wp-json\/wp\/v2\/media\/4785"}],"wp:attachment":[{"href":"https:\/\/allasorias.hu\/hirek\/wp-json\/wp\/v2\/media?parent=4784"}],"wp:term":[{"taxonomy":"category","embeddable":true,"href":"https:\/\/allasorias.hu\/hirek\/wp-json\/wp\/v2\/categories?post=4784"},{"taxonomy":"post_tag","embeddable":true,"href":"https:\/\/allasorias.hu\/hirek\/wp-json\/wp\/v2\/tags?post=4784"}],"curies":[{"name":"wp","href":"https:\/\/api.w.org\/{rel}","templated":true}]}}