{"id":4770,"date":"2021-05-07T06:39:56","date_gmt":"2021-05-07T06:39:56","guid":{"rendered":"https:\/\/allasorias.hu\/hirek\/?p=4770"},"modified":"2021-05-07T06:39:56","modified_gmt":"2021-05-07T06:39:56","slug":"a-versenykepesseget-is-felugyeli-a-kormanybiztos","status":"publish","type":"post","link":"https:\/\/allasorias.hu\/hirek\/a-versenykepesseget-is-felugyeli-a-kormanybiztos\/","title":{"rendered":"A versenyk\u00e9pess\u00e9get is fel\u00fcgyeli a korm\u00e1nybiztos"},"content":{"rendered":"<p><strong>\u00daj korm\u00e1nybiztost nevezett ki a korm\u00e1nyf\u0151. Bogd\u00e1n Tibort, a gazdas\u00e1gi versenyk\u00e9pess\u00e9g jogi felt\u00e9telrendszer\u00e9nek er\u0151s\u00edt\u00e9s\u00e9t c\u00e9lz\u00f3 int\u00e9zked\u00e9sekkel \u00f6sszef\u00fcgg\u0151 feladatok ell\u00e1t\u00e1s\u00e1\u00e9rt felel\u0151s korm\u00e1nybiztoss\u00e1 nevezte ki Orb\u00e1n Viktor minisztereln\u00f6k.<\/strong><\/p>\n<p>A Magyar K\u00f6zl\u00f6nyben megjelent, err\u0151l sz\u00f3l\u00f3 hat\u00e1rozat szerint az \u00faj korm\u00e1nybiztosnak a k\u00f6vetkez\u0151kre kell javaslatot tennie:\u00a0 a fizet\u00e9sk\u00e9ptelens\u00e9gi, reorganiz\u00e1ci\u00f3s elj\u00e1r\u00e1sok egyes k\u00e9rd\u00e9seinek szab\u00e1lyoz\u00e1s\u00e1ra,\u00a0 a jogi szem\u00e9lyek egys\u00e9ges nyilv\u00e1ntart\u00e1s\u00e1nak szab\u00e1lyoz\u00e1s\u00e1ra, az \u00faj elektronikus ingatlan-nyilv\u00e1ntart\u00e1s jogi szab\u00e1lyoz\u00e1s\u00e1ra. A korm\u00e1nybiztos tev\u00e9kenys\u00e9g\u00e9t az igazs\u00e1g\u00fcgy\u00e9rt felel\u0151s miniszter ir\u00e1ny\u00edtja, munk\u00e1j\u00e1t a t\u00e1rc\u00e1n bel\u00fcl 5 f\u0151s titk\u00e1rs\u00e1g seg\u00edti. Bogd\u00e1n \u00e1llamtitk\u00e1ri d\u00edjaz\u00e1sra \u00e9s juttat\u00e1sokra jogosult. A m\u00e1jus 9-\u00e9n hivatalba l\u00e9p\u0151 korm\u00e1nybiztosnak egy\u00fattal megsz\u0171nik a k\u00f6zigazgat\u00e1si b\u00edr\u00f3s\u00e1gok l\u00e9trehoz\u00e1sa koordin\u00e1ci\u00f3j\u00e1\u00e9rt felel\u0151s korm\u00e1nybiztosi kinevez\u00e9se, amelyet m\u00e9g 2019-ben nyert el.<\/p>\n<p>Forr\u00e1s: napi.hu<\/p>\n","protected":false},"excerpt":{"rendered":"<p>\u00daj korm\u00e1nybiztost nevezett ki a korm\u00e1nyf\u0151. Bogd\u00e1n Tibort, a gazdas\u00e1gi versenyk\u00e9pess\u00e9g jogi felt\u00e9telrendszer\u00e9nek er\u0151s\u00edt\u00e9s\u00e9t c\u00e9lz\u00f3 int\u00e9zked\u00e9sekkel \u00f6sszef\u00fcgg\u0151 feladatok ell\u00e1t\u00e1s\u00e1\u00e9rt felel\u0151s korm\u00e1nybiztoss\u00e1 nevezte ki Orb\u00e1n Viktor minisztereln\u00f6k. A Magyar K\u00f6zl\u00f6nyben megjelent, err\u0151l sz\u00f3l\u00f3 hat\u00e1rozat szerint az \u00faj korm\u00e1nybiztosnak a k\u00f6vetkez\u0151kre kell javaslatot tennie:\u00a0 a fizet\u00e9sk\u00e9ptelens\u00e9gi, reorganiz\u00e1ci\u00f3s elj\u00e1r\u00e1sok egyes k\u00e9rd\u00e9seinek szab\u00e1lyoz\u00e1s\u00e1ra,\u00a0 a jogi szem\u00e9lyek egys\u00e9ges nyilv\u00e1ntart\u00e1s\u00e1nak szab\u00e1lyoz\u00e1s\u00e1ra, [&hellip;]<\/p>\n","protected":false},"author":1,"featured_media":4771,"comment_status":"open","ping_status":"open","sticky":false,"template":"","format":"standard","meta":{"_monsterinsights_skip_tracking":false,"footnotes":""},"categories":[198],"tags":[],"class_list":["post-4770","post","type-post","status-publish","format-standard","has-post-thumbnail","hentry","category-gazdasag"],"aioseo_notices":[],"aioseo_head":"\n\t\t<!-- All in One SEO 5.0.0.1 - aioseo.com -->\n\t<meta name=\"description\" content=\"\u00daj korm\u00e1nybiztost nevezett ki a korm\u00e1nyf\u0151. Bogd\u00e1n Tibort, a gazdas\u00e1gi versenyk\u00e9pess\u00e9g jogi felt\u00e9telrendszer\u00e9nek er\u0151s\u00edt\u00e9s\u00e9t c\u00e9lz\u00f3 int\u00e9zked\u00e9sekkel \u00f6sszef\u00fcgg\u0151 feladatok ell\u00e1t\u00e1s\u00e1\u00e9rt felel\u0151s korm\u00e1nybiztoss\u00e1 nevezte ki Orb\u00e1n Viktor minisztereln\u00f6k. A Magyar K\u00f6zl\u00f6nyben megjelent, err\u0151l sz\u00f3l\u00f3 hat\u00e1rozat szerint az \u00faj korm\u00e1nybiztosnak a k\u00f6vetkez\u0151kre kell javaslatot tennie: a fizet\u00e9sk\u00e9ptelens\u00e9gi, reorganiz\u00e1ci\u00f3s elj\u00e1r\u00e1sok egyes k\u00e9rd\u00e9seinek szab\u00e1lyoz\u00e1s\u00e1ra, a jogi szem\u00e9lyek egys\u00e9ges nyilv\u00e1ntart\u00e1s\u00e1nak szab\u00e1lyoz\u00e1s\u00e1ra,\" \/>\n\t<meta name=\"robots\" content=\"max-image-preview:large\" \/>\n\t<meta name=\"author\" content=\"Juh\u00e1sz P\u00e9ter\"\/>\n\t<link rel=\"canonical\" href=\"https:\/\/allasorias.hu\/hirek\/a-versenykepesseget-is-felugyeli-a-kormanybiztos\/\" \/>\n\t<meta name=\"generator\" content=\"All in One SEO (AIOSEO) 5.0.0.1\" \/>\n\t\t<meta property=\"og:locale\" content=\"hu_HU\" \/>\n\t\t<meta property=\"og:site_name\" content=\"AllasOrias.hu | H\u00edrek-lapszemle | \u00dczleti h\u00edrek az \u00e1ll\u00e1s \u00e9s a munka vil\u00e1g\u00e1b\u00f3l\" \/>\n\t\t<meta property=\"og:type\" content=\"article\" \/>\n\t\t<meta property=\"og:title\" content=\"A versenyk\u00e9pess\u00e9get is fel\u00fcgyeli a korm\u00e1nybiztos | AllasOrias.hu | H\u00edrek-lapszemle\" \/>\n\t\t<meta property=\"og:description\" content=\"\u00daj korm\u00e1nybiztost nevezett ki a korm\u00e1nyf\u0151. Bogd\u00e1n Tibort, a gazdas\u00e1gi versenyk\u00e9pess\u00e9g jogi felt\u00e9telrendszer\u00e9nek er\u0151s\u00edt\u00e9s\u00e9t c\u00e9lz\u00f3 int\u00e9zked\u00e9sekkel \u00f6sszef\u00fcgg\u0151 feladatok ell\u00e1t\u00e1s\u00e1\u00e9rt felel\u0151s korm\u00e1nybiztoss\u00e1 nevezte ki Orb\u00e1n Viktor minisztereln\u00f6k. A Magyar K\u00f6zl\u00f6nyben megjelent, err\u0151l sz\u00f3l\u00f3 hat\u00e1rozat szerint az \u00faj korm\u00e1nybiztosnak a k\u00f6vetkez\u0151kre kell javaslatot tennie: a fizet\u00e9sk\u00e9ptelens\u00e9gi, reorganiz\u00e1ci\u00f3s elj\u00e1r\u00e1sok egyes k\u00e9rd\u00e9seinek szab\u00e1lyoz\u00e1s\u00e1ra, a jogi szem\u00e9lyek egys\u00e9ges nyilv\u00e1ntart\u00e1s\u00e1nak szab\u00e1lyoz\u00e1s\u00e1ra,\" \/>\n\t\t<meta property=\"og:url\" content=\"https:\/\/allasorias.hu\/hirek\/a-versenykepesseget-is-felugyeli-a-kormanybiztos\/\" \/>\n\t\t<meta property=\"og:image\" content=\"https:\/\/allasorias.hu\/hirek\/wp-content\/uploads\/2021\/05\/handshake.jpg\" \/>\n\t\t<meta property=\"og:image:secure_url\" content=\"https:\/\/allasorias.hu\/hirek\/wp-content\/uploads\/2021\/05\/handshake.jpg\" \/>\n\t\t<meta property=\"og:image:width\" content=\"1920\" \/>\n\t\t<meta property=\"og:image:height\" content=\"1280\" \/>\n\t\t<meta property=\"article:published_time\" content=\"2021-05-07T06:39:56+00:00\" \/>\n\t\t<meta property=\"article:modified_time\" content=\"2021-05-07T06:39:56+00:00\" \/>\n\t\t<meta property=\"article:publisher\" content=\"https:\/\/www.facebook.com\/allasorias\" \/>\n\t\t<meta name=\"twitter:card\" content=\"summary_large_image\" \/>\n\t\t<meta name=\"twitter:title\" content=\"A versenyk\u00e9pess\u00e9get is fel\u00fcgyeli a korm\u00e1nybiztos | AllasOrias.hu | H\u00edrek-lapszemle\" \/>\n\t\t<meta name=\"twitter:description\" content=\"\u00daj korm\u00e1nybiztost nevezett ki a korm\u00e1nyf\u0151. Bogd\u00e1n Tibort, a gazdas\u00e1gi versenyk\u00e9pess\u00e9g jogi felt\u00e9telrendszer\u00e9nek er\u0151s\u00edt\u00e9s\u00e9t c\u00e9lz\u00f3 int\u00e9zked\u00e9sekkel \u00f6sszef\u00fcgg\u0151 feladatok ell\u00e1t\u00e1s\u00e1\u00e9rt felel\u0151s korm\u00e1nybiztoss\u00e1 nevezte ki Orb\u00e1n Viktor minisztereln\u00f6k. A Magyar K\u00f6zl\u00f6nyben megjelent, err\u0151l sz\u00f3l\u00f3 hat\u00e1rozat szerint az \u00faj korm\u00e1nybiztosnak a k\u00f6vetkez\u0151kre kell javaslatot tennie: a fizet\u00e9sk\u00e9ptelens\u00e9gi, reorganiz\u00e1ci\u00f3s elj\u00e1r\u00e1sok egyes k\u00e9rd\u00e9seinek szab\u00e1lyoz\u00e1s\u00e1ra, a jogi szem\u00e9lyek egys\u00e9ges nyilv\u00e1ntart\u00e1s\u00e1nak szab\u00e1lyoz\u00e1s\u00e1ra,\" \/>\n\t\t<meta name=\"twitter:image\" content=\"https:\/\/allasorias.hu\/hirek\/wp-content\/uploads\/2021\/05\/handshake.jpg\" \/>\n\t\t<meta name=\"twitter:label1\" content=\"Written by\" \/>\n\t\t<meta name=\"twitter:data1\" content=\"Juh\u00e1sz P\u00e9ter\" \/>\n\t\t<meta name=\"twitter:label2\" content=\"Est. reading time\" \/>\n\t\t<meta name=\"twitter:data2\" content=\"1 minute\" \/>\n\t\t<script type=\"application\/ld+json\" class=\"aioseo-schema\">\n\t\t\t{\"@context\":\"https:\\\/\\\/schema.org\",\"@graph\":[{\"@type\":\"Article\",\"@id\":\"https:\\\/\\\/allasorias.hu\\\/hirek\\\/a-versenykepesseget-is-felugyeli-a-kormanybiztos\\\/#article\",\"name\":\"A versenyk\\u00e9pess\\u00e9get is fel\\u00fcgyeli a korm\\u00e1nybiztos | AllasOrias.hu | H\\u00edrek-lapszemle\",\"headline\":\"A versenyk\\u00e9pess\\u00e9get is fel\\u00fcgyeli a korm\\u00e1nybiztos\",\"author\":{\"@id\":\"https:\\\/\\\/allasorias.hu\\\/hirek\\\/author\\\/admin-allasorias\\\/#author\"},\"publisher\":{\"@id\":\"https:\\\/\\\/allasorias.hu\\\/hirek\\\/#organization\"},\"image\":{\"@type\":\"ImageObject\",\"url\":\"https:\\\/\\\/allasorias.hu\\\/hirek\\\/wp-content\\\/uploads\\\/2021\\\/05\\\/handshake.jpg\",\"width\":1920,\"height\":1280,\"caption\":\"Two confident business man shaking hands during a meeting in the office, success, dealing, greeting and partner concept\"},\"datePublished\":\"2021-05-07T06:39:56+02:00\",\"dateModified\":\"2021-05-07T06:39:56+02:00\",\"inLanguage\":\"hu-HU\",\"mainEntityOfPage\":{\"@id\":\"https:\\\/\\\/allasorias.hu\\\/hirek\\\/a-versenykepesseget-is-felugyeli-a-kormanybiztos\\\/#webpage\"},\"isPartOf\":{\"@id\":\"https:\\\/\\\/allasorias.hu\\\/hirek\\\/a-versenykepesseget-is-felugyeli-a-kormanybiztos\\\/#webpage\"},\"articleSection\":\"Gazdas\\u00e1g\"},{\"@type\":\"BreadcrumbList\",\"@id\":\"https:\\\/\\\/allasorias.hu\\\/hirek\\\/a-versenykepesseget-is-felugyeli-a-kormanybiztos\\\/#breadcrumblist\",\"itemListElement\":[{\"@type\":\"ListItem\",\"@id\":\"https:\\\/\\\/allasorias.hu\\\/hirek#listItem\",\"position\":1,\"name\":\"Home\",\"item\":\"https:\\\/\\\/allasorias.hu\\\/hirek\",\"nextItem\":{\"@type\":\"ListItem\",\"@id\":\"https:\\\/\\\/allasorias.hu\\\/hirek\\\/temak\\\/gazdasag\\\/#listItem\",\"name\":\"Gazdas\\u00e1g\"}},{\"@type\":\"ListItem\",\"@id\":\"https:\\\/\\\/allasorias.hu\\\/hirek\\\/temak\\\/gazdasag\\\/#listItem\",\"position\":2,\"name\":\"Gazdas\\u00e1g\",\"item\":\"https:\\\/\\\/allasorias.hu\\\/hirek\\\/temak\\\/gazdasag\\\/\",\"nextItem\":{\"@type\":\"ListItem\",\"@id\":\"https:\\\/\\\/allasorias.hu\\\/hirek\\\/a-versenykepesseget-is-felugyeli-a-kormanybiztos\\\/#listItem\",\"name\":\"A versenyk\\u00e9pess\\u00e9get is fel\\u00fcgyeli a korm\\u00e1nybiztos\"},\"previousItem\":{\"@type\":\"ListItem\",\"@id\":\"https:\\\/\\\/allasorias.hu\\\/hirek#listItem\",\"name\":\"Home\"}},{\"@type\":\"ListItem\",\"@id\":\"https:\\\/\\\/allasorias.hu\\\/hirek\\\/a-versenykepesseget-is-felugyeli-a-kormanybiztos\\\/#listItem\",\"position\":3,\"name\":\"A versenyk\\u00e9pess\\u00e9get is fel\\u00fcgyeli a korm\\u00e1nybiztos\",\"previousItem\":{\"@type\":\"ListItem\",\"@id\":\"https:\\\/\\\/allasorias.hu\\\/hirek\\\/temak\\\/gazdasag\\\/#listItem\",\"name\":\"Gazdas\\u00e1g\"}}]},{\"@type\":\"Organization\",\"@id\":\"https:\\\/\\\/allasorias.hu\\\/hirek\\\/#organization\",\"name\":\"AllasOrias.hu | H\\u00edrek-lapszemle\",\"description\":\"\\u00dczleti h\\u00edrek az \\u00e1ll\\u00e1s \\u00e9s a munka vil\\u00e1g\\u00e1b\\u00f3l\",\"url\":\"https:\\\/\\\/allasorias.hu\\\/hirek\\\/\",\"logo\":{\"@type\":\"ImageObject\",\"url\":\"https:\\\/\\\/allasorias.hu\\\/hirek\\\/wp-content\\\/uploads\\\/2022\\\/10\\\/allasorias_site_facebok_logo.png\",\"@id\":\"https:\\\/\\\/allasorias.hu\\\/hirek\\\/a-versenykepesseget-is-felugyeli-a-kormanybiztos\\\/#organizationLogo\"},\"image\":{\"@id\":\"https:\\\/\\\/allasorias.hu\\\/hirek\\\/a-versenykepesseget-is-felugyeli-a-kormanybiztos\\\/#organizationLogo\"},\"sameAs\":[\"https:\\\/\\\/www.facebook.com\\\/allasorias\",\"https:\\\/\\\/www.linkedin.com\\\/company\\\/allasorias\"]},{\"@type\":\"Person\",\"@id\":\"https:\\\/\\\/allasorias.hu\\\/hirek\\\/author\\\/admin-allasorias\\\/#author\",\"url\":\"https:\\\/\\\/allasorias.hu\\\/hirek\\\/author\\\/admin-allasorias\\\/\",\"name\":\"Juh\\u00e1sz P\\u00e9ter\",\"image\":{\"@type\":\"ImageObject\",\"@id\":\"https:\\\/\\\/allasorias.hu\\\/hirek\\\/a-versenykepesseget-is-felugyeli-a-kormanybiztos\\\/#authorImage\",\"url\":\"https:\\\/\\\/secure.gravatar.com\\\/avatar\\\/36e6bcb83148978b992977cb0f54d22feb0cce8a0a849a9410532bb2623ba4c6?s=96&d=mm&r=g\",\"width\":96,\"height\":96,\"caption\":\"Juh\\u00e1sz P\\u00e9ter\"}},{\"@type\":\"WebPage\",\"@id\":\"https:\\\/\\\/allasorias.hu\\\/hirek\\\/a-versenykepesseget-is-felugyeli-a-kormanybiztos\\\/#webpage\",\"url\":\"https:\\\/\\\/allasorias.hu\\\/hirek\\\/a-versenykepesseget-is-felugyeli-a-kormanybiztos\\\/\",\"name\":\"A versenyk\\u00e9pess\\u00e9get is fel\\u00fcgyeli a korm\\u00e1nybiztos | AllasOrias.hu | H\\u00edrek-lapszemle\",\"description\":\"\\u00daj korm\\u00e1nybiztost nevezett ki a korm\\u00e1nyf\\u0151. Bogd\\u00e1n Tibort, a gazdas\\u00e1gi versenyk\\u00e9pess\\u00e9g jogi felt\\u00e9telrendszer\\u00e9nek er\\u0151s\\u00edt\\u00e9s\\u00e9t c\\u00e9lz\\u00f3 int\\u00e9zked\\u00e9sekkel \\u00f6sszef\\u00fcgg\\u0151 feladatok ell\\u00e1t\\u00e1s\\u00e1\\u00e9rt felel\\u0151s korm\\u00e1nybiztoss\\u00e1 nevezte ki Orb\\u00e1n Viktor minisztereln\\u00f6k. A Magyar K\\u00f6zl\\u00f6nyben megjelent, err\\u0151l sz\\u00f3l\\u00f3 hat\\u00e1rozat szerint az \\u00faj korm\\u00e1nybiztosnak a k\\u00f6vetkez\\u0151kre kell javaslatot tennie: a fizet\\u00e9sk\\u00e9ptelens\\u00e9gi, reorganiz\\u00e1ci\\u00f3s elj\\u00e1r\\u00e1sok egyes k\\u00e9rd\\u00e9seinek szab\\u00e1lyoz\\u00e1s\\u00e1ra, a jogi szem\\u00e9lyek egys\\u00e9ges nyilv\\u00e1ntart\\u00e1s\\u00e1nak szab\\u00e1lyoz\\u00e1s\\u00e1ra,\",\"inLanguage\":\"hu-HU\",\"isPartOf\":{\"@id\":\"https:\\\/\\\/allasorias.hu\\\/hirek\\\/#website\"},\"breadcrumb\":{\"@id\":\"https:\\\/\\\/allasorias.hu\\\/hirek\\\/a-versenykepesseget-is-felugyeli-a-kormanybiztos\\\/#breadcrumblist\"},\"author\":{\"@id\":\"https:\\\/\\\/allasorias.hu\\\/hirek\\\/author\\\/admin-allasorias\\\/#author\"},\"creator\":{\"@id\":\"https:\\\/\\\/allasorias.hu\\\/hirek\\\/author\\\/admin-allasorias\\\/#author\"},\"image\":{\"@type\":\"ImageObject\",\"url\":\"https:\\\/\\\/allasorias.hu\\\/hirek\\\/wp-content\\\/uploads\\\/2021\\\/05\\\/handshake.jpg\",\"@id\":\"https:\\\/\\\/allasorias.hu\\\/hirek\\\/a-versenykepesseget-is-felugyeli-a-kormanybiztos\\\/#mainImage\",\"width\":1920,\"height\":1280,\"caption\":\"Two confident business man shaking hands during a meeting in the office, success, dealing, greeting and partner concept\"},\"primaryImageOfPage\":{\"@id\":\"https:\\\/\\\/allasorias.hu\\\/hirek\\\/a-versenykepesseget-is-felugyeli-a-kormanybiztos\\\/#mainImage\"},\"datePublished\":\"2021-05-07T06:39:56+02:00\",\"dateModified\":\"2021-05-07T06:39:56+02:00\"},{\"@type\":\"WebSite\",\"@id\":\"https:\\\/\\\/allasorias.hu\\\/hirek\\\/#website\",\"url\":\"https:\\\/\\\/allasorias.hu\\\/hirek\\\/\",\"name\":\"AllasOrias.hu | H\\u00edrek-lapszemle\",\"description\":\"\\u00dczleti h\\u00edrek az \\u00e1ll\\u00e1s \\u00e9s a munka vil\\u00e1g\\u00e1b\\u00f3l\",\"inLanguage\":\"hu-HU\",\"publisher\":{\"@id\":\"https:\\\/\\\/allasorias.hu\\\/hirek\\\/#organization\"}}]}\n\t\t<\/script>\n\t\t<!-- All in One SEO -->\n\n","aioseo_head_json":{"title":"A versenyk\u00e9pess\u00e9get is fel\u00fcgyeli a korm\u00e1nybiztos | AllasOrias.hu | H\u00edrek-lapszemle","description":"\u00daj korm\u00e1nybiztost nevezett ki a korm\u00e1nyf\u0151. Bogd\u00e1n Tibort, a gazdas\u00e1gi versenyk\u00e9pess\u00e9g jogi felt\u00e9telrendszer\u00e9nek er\u0151s\u00edt\u00e9s\u00e9t c\u00e9lz\u00f3 int\u00e9zked\u00e9sekkel \u00f6sszef\u00fcgg\u0151 feladatok ell\u00e1t\u00e1s\u00e1\u00e9rt felel\u0151s korm\u00e1nybiztoss\u00e1 nevezte ki Orb\u00e1n Viktor minisztereln\u00f6k. A Magyar K\u00f6zl\u00f6nyben megjelent, err\u0151l sz\u00f3l\u00f3 hat\u00e1rozat szerint az \u00faj korm\u00e1nybiztosnak a k\u00f6vetkez\u0151kre kell javaslatot tennie: a fizet\u00e9sk\u00e9ptelens\u00e9gi, reorganiz\u00e1ci\u00f3s elj\u00e1r\u00e1sok egyes k\u00e9rd\u00e9seinek szab\u00e1lyoz\u00e1s\u00e1ra, a jogi szem\u00e9lyek egys\u00e9ges nyilv\u00e1ntart\u00e1s\u00e1nak szab\u00e1lyoz\u00e1s\u00e1ra,","canonical_url":"https:\/\/allasorias.hu\/hirek\/a-versenykepesseget-is-felugyeli-a-kormanybiztos\/","robots":"max-image-preview:large","keywords":"","webmasterTools":{"miscellaneous":""},"schema":{"@context":"https:\/\/schema.org","@graph":[{"@type":"Article","@id":"https:\/\/allasorias.hu\/hirek\/a-versenykepesseget-is-felugyeli-a-kormanybiztos\/#article","name":"A versenyk\u00e9pess\u00e9get is fel\u00fcgyeli a korm\u00e1nybiztos | AllasOrias.hu | H\u00edrek-lapszemle","headline":"A versenyk\u00e9pess\u00e9get is fel\u00fcgyeli a korm\u00e1nybiztos","author":{"@id":"https:\/\/allasorias.hu\/hirek\/author\/admin-allasorias\/#author"},"publisher":{"@id":"https:\/\/allasorias.hu\/hirek\/#organization"},"image":{"@type":"ImageObject","url":"https:\/\/allasorias.hu\/hirek\/wp-content\/uploads\/2021\/05\/handshake.jpg","width":1920,"height":1280,"caption":"Two confident business man shaking hands during a meeting in the office, success, dealing, greeting and partner concept"},"datePublished":"2021-05-07T06:39:56+02:00","dateModified":"2021-05-07T06:39:56+02:00","inLanguage":"hu-HU","mainEntityOfPage":{"@id":"https:\/\/allasorias.hu\/hirek\/a-versenykepesseget-is-felugyeli-a-kormanybiztos\/#webpage"},"isPartOf":{"@id":"https:\/\/allasorias.hu\/hirek\/a-versenykepesseget-is-felugyeli-a-kormanybiztos\/#webpage"},"articleSection":"Gazdas\u00e1g"},{"@type":"BreadcrumbList","@id":"https:\/\/allasorias.hu\/hirek\/a-versenykepesseget-is-felugyeli-a-kormanybiztos\/#breadcrumblist","itemListElement":[{"@type":"ListItem","@id":"https:\/\/allasorias.hu\/hirek#listItem","position":1,"name":"Home","item":"https:\/\/allasorias.hu\/hirek","nextItem":{"@type":"ListItem","@id":"https:\/\/allasorias.hu\/hirek\/temak\/gazdasag\/#listItem","name":"Gazdas\u00e1g"}},{"@type":"ListItem","@id":"https:\/\/allasorias.hu\/hirek\/temak\/gazdasag\/#listItem","position":2,"name":"Gazdas\u00e1g","item":"https:\/\/allasorias.hu\/hirek\/temak\/gazdasag\/","nextItem":{"@type":"ListItem","@id":"https:\/\/allasorias.hu\/hirek\/a-versenykepesseget-is-felugyeli-a-kormanybiztos\/#listItem","name":"A versenyk\u00e9pess\u00e9get is fel\u00fcgyeli a korm\u00e1nybiztos"},"previousItem":{"@type":"ListItem","@id":"https:\/\/allasorias.hu\/hirek#listItem","name":"Home"}},{"@type":"ListItem","@id":"https:\/\/allasorias.hu\/hirek\/a-versenykepesseget-is-felugyeli-a-kormanybiztos\/#listItem","position":3,"name":"A versenyk\u00e9pess\u00e9get is fel\u00fcgyeli a korm\u00e1nybiztos","previousItem":{"@type":"ListItem","@id":"https:\/\/allasorias.hu\/hirek\/temak\/gazdasag\/#listItem","name":"Gazdas\u00e1g"}}]},{"@type":"Organization","@id":"https:\/\/allasorias.hu\/hirek\/#organization","name":"AllasOrias.hu | H\u00edrek-lapszemle","description":"\u00dczleti h\u00edrek az \u00e1ll\u00e1s \u00e9s a munka vil\u00e1g\u00e1b\u00f3l","url":"https:\/\/allasorias.hu\/hirek\/","logo":{"@type":"ImageObject","url":"https:\/\/allasorias.hu\/hirek\/wp-content\/uploads\/2022\/10\/allasorias_site_facebok_logo.png","@id":"https:\/\/allasorias.hu\/hirek\/a-versenykepesseget-is-felugyeli-a-kormanybiztos\/#organizationLogo"},"image":{"@id":"https:\/\/allasorias.hu\/hirek\/a-versenykepesseget-is-felugyeli-a-kormanybiztos\/#organizationLogo"},"sameAs":["https:\/\/www.facebook.com\/allasorias","https:\/\/www.linkedin.com\/company\/allasorias"]},{"@type":"Person","@id":"https:\/\/allasorias.hu\/hirek\/author\/admin-allasorias\/#author","url":"https:\/\/allasorias.hu\/hirek\/author\/admin-allasorias\/","name":"Juh\u00e1sz P\u00e9ter","image":{"@type":"ImageObject","@id":"https:\/\/allasorias.hu\/hirek\/a-versenykepesseget-is-felugyeli-a-kormanybiztos\/#authorImage","url":"https:\/\/secure.gravatar.com\/avatar\/36e6bcb83148978b992977cb0f54d22feb0cce8a0a849a9410532bb2623ba4c6?s=96&d=mm&r=g","width":96,"height":96,"caption":"Juh\u00e1sz P\u00e9ter"}},{"@type":"WebPage","@id":"https:\/\/allasorias.hu\/hirek\/a-versenykepesseget-is-felugyeli-a-kormanybiztos\/#webpage","url":"https:\/\/allasorias.hu\/hirek\/a-versenykepesseget-is-felugyeli-a-kormanybiztos\/","name":"A versenyk\u00e9pess\u00e9get is fel\u00fcgyeli a korm\u00e1nybiztos | AllasOrias.hu | H\u00edrek-lapszemle","description":"\u00daj korm\u00e1nybiztost nevezett ki a korm\u00e1nyf\u0151. Bogd\u00e1n Tibort, a gazdas\u00e1gi versenyk\u00e9pess\u00e9g jogi felt\u00e9telrendszer\u00e9nek er\u0151s\u00edt\u00e9s\u00e9t c\u00e9lz\u00f3 int\u00e9zked\u00e9sekkel \u00f6sszef\u00fcgg\u0151 feladatok ell\u00e1t\u00e1s\u00e1\u00e9rt felel\u0151s korm\u00e1nybiztoss\u00e1 nevezte ki Orb\u00e1n Viktor minisztereln\u00f6k. A Magyar K\u00f6zl\u00f6nyben megjelent, err\u0151l sz\u00f3l\u00f3 hat\u00e1rozat szerint az \u00faj korm\u00e1nybiztosnak a k\u00f6vetkez\u0151kre kell javaslatot tennie: a fizet\u00e9sk\u00e9ptelens\u00e9gi, reorganiz\u00e1ci\u00f3s elj\u00e1r\u00e1sok egyes k\u00e9rd\u00e9seinek szab\u00e1lyoz\u00e1s\u00e1ra, a jogi szem\u00e9lyek egys\u00e9ges nyilv\u00e1ntart\u00e1s\u00e1nak szab\u00e1lyoz\u00e1s\u00e1ra,","inLanguage":"hu-HU","isPartOf":{"@id":"https:\/\/allasorias.hu\/hirek\/#website"},"breadcrumb":{"@id":"https:\/\/allasorias.hu\/hirek\/a-versenykepesseget-is-felugyeli-a-kormanybiztos\/#breadcrumblist"},"author":{"@id":"https:\/\/allasorias.hu\/hirek\/author\/admin-allasorias\/#author"},"creator":{"@id":"https:\/\/allasorias.hu\/hirek\/author\/admin-allasorias\/#author"},"image":{"@type":"ImageObject","url":"https:\/\/allasorias.hu\/hirek\/wp-content\/uploads\/2021\/05\/handshake.jpg","@id":"https:\/\/allasorias.hu\/hirek\/a-versenykepesseget-is-felugyeli-a-kormanybiztos\/#mainImage","width":1920,"height":1280,"caption":"Two confident business man shaking hands during a meeting in the office, success, dealing, greeting and partner concept"},"primaryImageOfPage":{"@id":"https:\/\/allasorias.hu\/hirek\/a-versenykepesseget-is-felugyeli-a-kormanybiztos\/#mainImage"},"datePublished":"2021-05-07T06:39:56+02:00","dateModified":"2021-05-07T06:39:56+02:00"},{"@type":"WebSite","@id":"https:\/\/allasorias.hu\/hirek\/#website","url":"https:\/\/allasorias.hu\/hirek\/","name":"AllasOrias.hu | H\u00edrek-lapszemle","description":"\u00dczleti h\u00edrek az \u00e1ll\u00e1s \u00e9s a munka vil\u00e1g\u00e1b\u00f3l","inLanguage":"hu-HU","publisher":{"@id":"https:\/\/allasorias.hu\/hirek\/#organization"}}]},"og:locale":"hu_HU","og:site_name":"AllasOrias.hu | H\u00edrek-lapszemle | \u00dczleti h\u00edrek az \u00e1ll\u00e1s \u00e9s a munka vil\u00e1g\u00e1b\u00f3l","og:type":"article","og:title":"A versenyk\u00e9pess\u00e9get is fel\u00fcgyeli a korm\u00e1nybiztos | AllasOrias.hu | H\u00edrek-lapszemle","og:description":"\u00daj korm\u00e1nybiztost nevezett ki a korm\u00e1nyf\u0151. Bogd\u00e1n Tibort, a gazdas\u00e1gi versenyk\u00e9pess\u00e9g jogi felt\u00e9telrendszer\u00e9nek er\u0151s\u00edt\u00e9s\u00e9t c\u00e9lz\u00f3 int\u00e9zked\u00e9sekkel \u00f6sszef\u00fcgg\u0151 feladatok ell\u00e1t\u00e1s\u00e1\u00e9rt felel\u0151s korm\u00e1nybiztoss\u00e1 nevezte ki Orb\u00e1n Viktor minisztereln\u00f6k. A Magyar K\u00f6zl\u00f6nyben megjelent, err\u0151l sz\u00f3l\u00f3 hat\u00e1rozat szerint az \u00faj korm\u00e1nybiztosnak a k\u00f6vetkez\u0151kre kell javaslatot tennie: a fizet\u00e9sk\u00e9ptelens\u00e9gi, reorganiz\u00e1ci\u00f3s elj\u00e1r\u00e1sok egyes k\u00e9rd\u00e9seinek szab\u00e1lyoz\u00e1s\u00e1ra, a jogi szem\u00e9lyek egys\u00e9ges nyilv\u00e1ntart\u00e1s\u00e1nak szab\u00e1lyoz\u00e1s\u00e1ra,","og:url":"https:\/\/allasorias.hu\/hirek\/a-versenykepesseget-is-felugyeli-a-kormanybiztos\/","og:image":"https:\/\/allasorias.hu\/hirek\/wp-content\/uploads\/2021\/05\/handshake.jpg","og:image:secure_url":"https:\/\/allasorias.hu\/hirek\/wp-content\/uploads\/2021\/05\/handshake.jpg","og:image:width":1920,"og:image:height":1280,"article:published_time":"2021-05-07T06:39:56+00:00","article:modified_time":"2021-05-07T06:39:56+00:00","article:publisher":"https:\/\/www.facebook.com\/allasorias","twitter:card":"summary_large_image","twitter:title":"A versenyk\u00e9pess\u00e9get is fel\u00fcgyeli a korm\u00e1nybiztos | AllasOrias.hu | H\u00edrek-lapszemle","twitter:description":"\u00daj korm\u00e1nybiztost nevezett ki a korm\u00e1nyf\u0151. Bogd\u00e1n Tibort, a gazdas\u00e1gi versenyk\u00e9pess\u00e9g jogi felt\u00e9telrendszer\u00e9nek er\u0151s\u00edt\u00e9s\u00e9t c\u00e9lz\u00f3 int\u00e9zked\u00e9sekkel \u00f6sszef\u00fcgg\u0151 feladatok ell\u00e1t\u00e1s\u00e1\u00e9rt felel\u0151s korm\u00e1nybiztoss\u00e1 nevezte ki Orb\u00e1n Viktor minisztereln\u00f6k. A Magyar K\u00f6zl\u00f6nyben megjelent, err\u0151l sz\u00f3l\u00f3 hat\u00e1rozat szerint az \u00faj korm\u00e1nybiztosnak a k\u00f6vetkez\u0151kre kell javaslatot tennie: a fizet\u00e9sk\u00e9ptelens\u00e9gi, reorganiz\u00e1ci\u00f3s elj\u00e1r\u00e1sok egyes k\u00e9rd\u00e9seinek szab\u00e1lyoz\u00e1s\u00e1ra, a jogi szem\u00e9lyek egys\u00e9ges nyilv\u00e1ntart\u00e1s\u00e1nak szab\u00e1lyoz\u00e1s\u00e1ra,","twitter:image":"https:\/\/allasorias.hu\/hirek\/wp-content\/uploads\/2021\/05\/handshake.jpg","twitter:label1":"Written by","twitter:data1":"Juh\u00e1sz P\u00e9ter","twitter:label2":"Est. reading time","twitter:data2":"1 minute"},"aioseo_meta_data":{"post_id":"4770","title":null,"description":null,"keywords":[],"keyphrases":{"focus":[],"additional":[]},"primary_term":null,"canonical_url":null,"og_title":null,"og_description":null,"og_object_type":"default","og_image_type":"default","og_image_url":null,"og_image_width":null,"og_image_height":null,"og_image_custom_url":null,"og_image_custom_fields":null,"og_video":"","og_custom_url":null,"og_article_section":null,"og_article_tags":[],"twitter_use_og":false,"twitter_card":"default","twitter_image_type":"default","twitter_image_url":null,"twitter_image_custom_url":null,"twitter_image_custom_fields":null,"twitter_title":null,"twitter_description":null,"schema":{"blockGraphs":[],"customGraphs":[],"default":{"data":{"Article":[],"Course":[],"Dataset":[],"FAQPage":[],"Movie":[],"Person":[],"Product":[],"ProductReview":[],"Car":[],"Recipe":[],"Service":[],"SoftwareApplication":[],"WebPage":[]},"graphName":"","isEnabled":true},"graphs":[],"defaultGraph":"Article","defaultPostTypeGraph":""},"schema_type":"default","schema_type_options":"{\"article\":{\"articleType\":\"BlogPosting\"},\"course\":{\"name\":\"\",\"description\":\"\",\"provider\":\"\"},\"faq\":{\"pages\":[]},\"product\":{\"reviews\":[]},\"recipe\":{\"ingredients\":[],\"instructions\":[],\"keywords\":[]},\"software\":{\"reviews\":[],\"operatingSystems\":[]},\"webPage\":{\"webPageType\":\"WebPage\"}}","pillar_content":false,"robots_default":true,"robots_noindex":false,"robots_noarchive":false,"robots_nosnippet":false,"robots_nofollow":false,"robots_noimageindex":false,"robots_noodp":false,"robots_notranslate":false,"robots_max_snippet":"-1","robots_max_videopreview":"-1","robots_max_imagepreview":"large","priority":null,"frequency":"default","location":null,"local_seo":{"locations":{"business":{"name":"","businessType":"","image":"","areaServed":"","urls":{"website":"","aboutPage":"","contactPage":""},"address":{"streetLine1":"","streetLine2":"","zipCode":"","city":"","state":"","country":"","addressFormat":"#streetLineOne\n#streetLineTwo\n#city, #state #zipCode"},"contact":{"phone":"","email":"","fax":""},"ids":{"vat":"","tax":"","chamberOfCommerce":""},"payment":{"priceRange":"","currenciesAccepted":"","methods":""}}},"openingHours":{"useDefaults":true,"show":true,"alwaysOpen":false,"use24hFormat":false,"timezone":"","labels":{"closed":"","alwaysOpen":""},"days":{"monday":{"open24h":false,"closed":false,"openTime":"09:00","closeTime":"17:00"},"tuesday":{"open24h":false,"closed":false,"openTime":"09:00","closeTime":"17:00"},"wednesday":{"open24h":false,"closed":false,"openTime":"09:00","closeTime":"17:00"},"thursday":{"open24h":false,"closed":false,"openTime":"09:00","closeTime":"17:00"},"friday":{"open24h":false,"closed":false,"openTime":"09:00","closeTime":"17:00"},"saturday":{"open24h":false,"closed":false,"openTime":"09:00","closeTime":"17:00"},"sunday":{"open24h":false,"closed":false,"openTime":"09:00","closeTime":"17:00"}}}},"breadcrumb_settings":null,"limit_modified_date":false,"ai":null,"created":"2021-05-07 06:26:21","updated":"2025-10-02 15:42:15","seo_analyzer_scan_date":null,"focus_keyword":null,"additional_keywords":null,"truseo_locale":null},"aioseo_breadcrumb":"<div class=\"aioseo-breadcrumbs\"><span class=\"aioseo-breadcrumb\">\n\t\t\t<a href=\"https:\/\/allasorias.hu\/hirek\" title=\"Home\">Home<\/a>\n\t\t<\/span><span class=\"aioseo-breadcrumb-separator\">&raquo;<\/span><span class=\"aioseo-breadcrumb\">\n\t\t\t<a href=\"https:\/\/allasorias.hu\/hirek\/temak\/gazdasag\/\" title=\"Gazdas\u00e1g\">Gazdas\u00e1g<\/a>\n\t\t<\/span><span class=\"aioseo-breadcrumb-separator\">&raquo;<\/span><span class=\"aioseo-breadcrumb\">\n\t\t\tA versenyk\u00e9pess\u00e9get is fel\u00fcgyeli a korm\u00e1nybiztos\n\t\t<\/span><\/div>","aioseo_breadcrumb_json":[{"label":"Home","link":"https:\/\/allasorias.hu\/hirek"},{"label":"Gazdas\u00e1g","link":"https:\/\/allasorias.hu\/hirek\/temak\/gazdasag\/"},{"label":"A versenyk\u00e9pess\u00e9get is fel\u00fcgyeli a korm\u00e1nybiztos","link":"https:\/\/allasorias.hu\/hirek\/a-versenykepesseget-is-felugyeli-a-kormanybiztos\/"}],"_links":{"self":[{"href":"https:\/\/allasorias.hu\/hirek\/wp-json\/wp\/v2\/posts\/4770","targetHints":{"allow":["GET"]}}],"collection":[{"href":"https:\/\/allasorias.hu\/hirek\/wp-json\/wp\/v2\/posts"}],"about":[{"href":"https:\/\/allasorias.hu\/hirek\/wp-json\/wp\/v2\/types\/post"}],"author":[{"embeddable":true,"href":"https:\/\/allasorias.hu\/hirek\/wp-json\/wp\/v2\/users\/1"}],"replies":[{"embeddable":true,"href":"https:\/\/allasorias.hu\/hirek\/wp-json\/wp\/v2\/comments?post=4770"}],"version-history":[{"count":1,"href":"https:\/\/allasorias.hu\/hirek\/wp-json\/wp\/v2\/posts\/4770\/revisions"}],"predecessor-version":[{"id":4772,"href":"https:\/\/allasorias.hu\/hirek\/wp-json\/wp\/v2\/posts\/4770\/revisions\/4772"}],"wp:featuredmedia":[{"embeddable":true,"href":"https:\/\/allasorias.hu\/hirek\/wp-json\/wp\/v2\/media\/4771"}],"wp:attachment":[{"href":"https:\/\/allasorias.hu\/hirek\/wp-json\/wp\/v2\/media?parent=4770"}],"wp:term":[{"taxonomy":"category","embeddable":true,"href":"https:\/\/allasorias.hu\/hirek\/wp-json\/wp\/v2\/categories?post=4770"},{"taxonomy":"post_tag","embeddable":true,"href":"https:\/\/allasorias.hu\/hirek\/wp-json\/wp\/v2\/tags?post=4770"}],"curies":[{"name":"wp","href":"https:\/\/api.w.org\/{rel}","templated":true}]}}