{"id":4768,"date":"2021-05-07T06:25:37","date_gmt":"2021-05-07T06:25:37","guid":{"rendered":"https:\/\/allasorias.hu\/hirek\/?p=4768"},"modified":"2021-05-07T06:25:37","modified_gmt":"2021-05-07T06:25:37","slug":"ismet-kellenek-a-vendegmunkasok","status":"publish","type":"post","link":"https:\/\/allasorias.hu\/hirek\/ismet-kellenek-a-vendegmunkasok\/","title":{"rendered":"Ism\u00e9t kellenek a vend\u00e9gmunk\u00e1sok ?"},"content":{"rendered":"<p><strong>A 8 orsz\u00e1gban jelen l\u00e9v\u0151, Magyarorsz\u00e1gon piacvezet\u0151 Prohuman szakemberei szerint hamarosan \u00fajra sz\u00fcks\u00e9g lesz k\u00fclf\u00f6ldi munkaer\u0151re a hazai kereslet kiel\u00e9g\u00edt\u00e9s\u00e9hez. Az elm\u00falt 5-6 \u00e9vben meg\u00f6tsz\u00f6r\u00f6z\u0151d\u00f6tt a k\u00fclf\u00f6ldi munkav\u00e1llal\u00f3k sz\u00e1ma Magyarorsz\u00e1gon. A koronav\u00edrus \u00e1tmenetileg megakasztotta a n\u00f6veked\u00e9st, de m\u00e1r elindult a munkaer\u0151piaci visszarendez\u0151d\u00e9s, \u00e9s m\u00e1r vannak olyan ter\u00fcletek, ahol \u00fajra munkaer\u0151hi\u00e1ny van. \u00cdgy p\u00e9ld\u00e1ul nincs el\u00e9g ember az \u00e9lelmiszeriparban, feldolgoz\u00f3iparban, bizonyos kereskedelmi ter\u00fcleteken \u00e9s a ny\u00e1ron v\u00e1rhat\u00f3 nyit\u00e1ssal, a balatoni turizmus beindul\u00e1s\u00e1val \u00fajabb t\u00f6bb ezer emberre lesz sz\u00fcks\u00e9g hirtelen. <\/strong><\/p>\n<p>.\u201eHa csak a k\u00f6rnyez\u0151 orsz\u00e1gok statisztik\u00e1it n\u00e9zz\u00fck, j\u00f3l l\u00e1tszik, hogy els\u0151sorban az ipari \u00e9s termel\u0151 szektorok nagy ar\u00e1nyban \u00e9p\u00edtenek a vend\u00e9gmunk\u00e1sokra. Csehorsz\u00e1gban p\u00e9ld\u00e1ul minden hatodik munkav\u00e1llal\u00f3 vend\u00e9gmunk\u00e1s, azaz nagyj\u00e1b\u00f3l a dolgoz\u00f3k 15%-a. A v\u00edrus el\u0151tti id\u0151kben ez a sz\u00e1m Magyarorsz\u00e1gon nagyj\u00e1b\u00f3l sz\u00e1zezer f\u0151 volt, ami a teljes hazai foglalkoztat\u00e1si palett\u00e1t figyelembe v\u00e9ve jelent\u0151s ar\u00e1ny, \u00e9s sokan k\u00f6z\u00fcl\u00fck munkaer\u0151-k\u00f6lcs\u00f6nz\u0151 v\u00e1llalatokon kereszt\u00fcl dolgoztak\u201d \u2013 mondta el Juh\u00e1sz Csongor, a piacvezet\u0151 munkaer\u0151-k\u00f6lcs\u00f6nz\u0151 \u00e9s HR szolg\u00e1lat\u00f3 Prohuman \u00fcgyvezet\u0151 igazgat\u00f3ja.A szakember szerint t\u00e9vhit, hogy a k\u00fclf\u00f6ldiek elveszik a magyarok el\u0151l a munkahelyeket. R\u00e1mutatott, a munkaer\u0151hi\u00e1nyos id\u0151kben a vend\u00e9gmunk\u00e1sok voltak azok, akik n\u00e9lk\u00fcl egy-egy szektor annyira s\u00falyos munkaer\u0151hi\u00e1nnyal k\u00fczd\u00f6tt volna, ami m\u00e1r a termel\u00e9s meg\u00e1ll\u00edt\u00e1s\u00e1val fenyegetett. Ezeken a ter\u00fcleteken a k\u00fclf\u00f6ldi munk\u00e1sok seg\u00edtettek abban, hogy megmaradjon sok sz\u00e1z vagy ezer magyar munkahely. Hiszen, ha egy c\u00e9g tart\u00f3san azzal szembes\u00fcl, hogy k\u00e9ptelen megfelel\u0151 mennyis\u00e9gben \u00e9s min\u0151s\u00e9gben munkaer\u0151t tal\u00e1lni, sok esetben a bez\u00e1r\u00e1s mellett d\u00f6nt, \u00e9s \u00e1tk\u00f6lt\u00f6zteti az \u00fczemet egy ilyen szempontb\u00f3l jobban teljes\u00edt\u0151 orsz\u00e1gba. Ez k\u00fcl\u00f6n\u00f6sen igaz lehet az olyan szektorokban, mint amilyen az aut\u00f3ipar vagy feldolgoz\u00f3ipar, amelyek a magyar gazdas\u00e1g f\u0151 mozgat\u00f3rug\u00f3i. \u201eHa kor\u00e1bban nem lettek volna k\u00fclf\u00f6ldi dolgoz\u00f3k, akkor teljes szektorok ker\u00fclhettek volna bajba. Persze nagyon fontos, hogy a folyamat j\u00f3l kontroll\u00e1lt, valamint \u00e1tl\u00e1that\u00f3 legyen, \u00e9s csak oda h\u00edvjunk vend\u00e9gmunk\u00e1sokat, ahol m\u00e1r l\u00e9nyeg\u00e9ben kimer\u00fclt a hazai munkapiaci tartal\u00e9k. Csal\u00f3ka a mostani helyzet, hiszen a sz\u00e1mok azt mutatj\u00e1k, hogy hirtelen jelent\u0151s munkaer\u0151t\u00f6bblet jelentkezett, azonban ez csup\u00e1n a l\u00e1tszat. Azok az emberek, akik a j\u00e1rv\u00e1ny miatt k\u00e9nyszerb\u0151l v\u00e1ltottak munk\u00e1t \u2013 els\u0151sorban is az olyan bez\u00e1r\u00f3 szektorokb\u00f3l, mint a vend\u00e9gl\u00e1t\u00e1s vagy a turizmus \u2013 a nyit\u00e1ssal egy\u00fctt nagyon gyorsan vissza fognak t\u00e9rni eredeti szakm\u00e1jukhoz itthon vagy k\u00fclf\u00f6ld\u00f6n. \u0150ket pedig valahogyan p\u00f3tolni kell majd\u201d \u2013 sz\u00f6gezte le Juh\u00e1sz Csongor. A naponta 10 ezer embert foglalkoztat\u00f3 v\u00e1llalat vezet\u0151je hozz\u00e1tette: \u201eEbben a versenyben pedig Magyarorsz\u00e1g az osztr\u00e1k, cseh, n\u00e9met, lengyel, horv\u00e1t, szlov\u00e1k ter\u00fcleteken m\u0171k\u00f6d\u0151 v\u00e1llalatokkal k\u00fczd az uni\u00f3n k\u00edv\u00fcli orsz\u00e1gokb\u00f3l \u00e9rkez\u0151 dolgoz\u00f3k\u00e9rt, \u00e9s h\u00e1tr\u00e1nnyal indulunk. A nyugati orsz\u00e1gokkal szemben a b\u00e9rek miatt, a k\u00f6z\u00e9p-kelet-eur\u00f3pai orsz\u00e1gokkal szemben a nyelv miatt. Hiszen egy ukr\u00e1n vagy m\u00e1s szl\u00e1v ajk\u00fa orsz\u00e1gb\u00f3l \u00e9rkez\u0151 komfortosabban k\u00e9pes meg\u00e9rtetni mag\u00e1t anyanyelv\u00e9n a h\u00e9tk\u00f6znapokban p\u00e9ld\u00e1ul Lengyelorsz\u00e1gban vagy Csehorsz\u00e1gban, ez\u00e9rt sz\u00edvesebben megy \u2013 m\u00e9g ak\u00e1r n\u00e9mi b\u00e9rh\u00e1tr\u00e1ny ellen\u00e9re is \u2013 ezekbe az orsz\u00e1gokba. Magyarorsz\u00e1gon az\u00e9rt is fontos k\u00e9rd\u00e9s mindez, mert a vend\u00e9gmunk\u00e1sok t\u00f6bbs\u00e9ge Ukr\u00e1nj\u00e1b\u00f3l \u00e9rkezett, kor\u00e1bban nagyj\u00e1b\u00f3l minden m\u00e1sodik k\u00fclf\u00f6ldi munk\u00e1s ukr\u00e1n volt.\u201dA Prohuman szerint az \u00e1llam \u00e9s a szab\u00e1lyoz\u00f3 szervek nincsenek most k\u00f6nny\u0171 helyzetben, hiszen a folyamatosan \u00e9led\u0151 piacok \u00e9s termel\u0151 szektorok munkaer\u0151ig\u00e9ny\u00e9t kiel\u00e9g\u00edtend\u0151 \u00fagy kell szab\u00e1lyozniuk a vend\u00e9gmunk\u00e1sok beutaz\u00e1s\u00e1t \u00e9s foglalkoztat\u00e1s\u00e1t, hogy a folyamat gyors \u00e9s olajozott legyen, de k\u00f6zben a j\u00e1rv\u00e1nyvesz\u00e9ly miatt a kor\u00e1bbin\u00e1l is nagyobb hangs\u00falyt kell kapjon az ellen\u0151rz\u00e9s. A jogalkot\u00f3knak meg kell oldaniuk azt a kih\u00edv\u00e1st, hogy egyr\u00e9szr\u0151l ne legyen t\u00faladminisztr\u00e1lt a k\u00fclf\u00f6ldi munkaer\u0151 bevon\u00e1sa, m\u00e1sr\u00e9szt minimaliz\u00e1lj\u00e1k a kontroll n\u00e9lk\u00fcl, a sz\u00fcrke vagy fekete z\u00f3n\u00e1ban \u00e9rkez\u0151 k\u00fclf\u00f6ldiek munkav\u00e1llal\u00e1s\u00e1t. \u201eBiztosnak t\u0171nik, hogy \u2013 m\u00e9g ha lesznek is megakad\u00e1sok egyes ter\u00fcleteken \u2013 a gazdas\u00e1gi visszapattan\u00e1s m\u00e1r id\u00e9n \u00e9rezhet\u0151 lesz, a legt\u00f6bb szektorban m\u00e1r a k\u00f6zelj\u00f6v\u0151ben \u00fajra a j\u00e1rv\u00e1ny el\u0151tti szintre szeretn\u00e9nek visszat\u00e9rni. Ha pedig ez \u00edgy lesz, akkor a j\u00e1rv\u00e1ny el\u0151tt munkaer\u0151piaci helyzethez hasonl\u00f3an a vend\u00e9gmunka nem lehet\u0151s\u00e9g, hanem sok ter\u00fcleten egyetlen opci\u00f3 marad arra, hogy egy-egy v\u00e1llalat tov\u00e1bbra is Magyarorsz\u00e1gon tartsa termel\u0151 kapacit\u00e1sait.\u201d \u2013 \u00f6sszegez Juh\u00e1sz Csongor.<\/p>\n<p>Forr\u00e1s: mmonline.hu<\/p>\n","protected":false},"excerpt":{"rendered":"<p>A 8 orsz\u00e1gban jelen l\u00e9v\u0151, Magyarorsz\u00e1gon piacvezet\u0151 Prohuman szakemberei szerint hamarosan \u00fajra sz\u00fcks\u00e9g lesz k\u00fclf\u00f6ldi munkaer\u0151re a hazai kereslet kiel\u00e9g\u00edt\u00e9s\u00e9hez. Az elm\u00falt 5-6 \u00e9vben meg\u00f6tsz\u00f6r\u00f6z\u0151d\u00f6tt a k\u00fclf\u00f6ldi munkav\u00e1llal\u00f3k sz\u00e1ma Magyarorsz\u00e1gon. A koronav\u00edrus \u00e1tmenetileg megakasztotta a n\u00f6veked\u00e9st, de m\u00e1r elindult a munkaer\u0151piaci visszarendez\u0151d\u00e9s, \u00e9s m\u00e1r vannak olyan ter\u00fcletek, ahol \u00fajra munkaer\u0151hi\u00e1ny van. \u00cdgy p\u00e9ld\u00e1ul nincs el\u00e9g [&hellip;]<\/p>\n","protected":false},"author":1,"featured_media":2735,"comment_status":"open","ping_status":"open","sticky":false,"template":"","format":"standard","meta":{"_monsterinsights_skip_tracking":false,"footnotes":""},"categories":[203,200],"tags":[],"class_list":["post-4768","post","type-post","status-publish","format-standard","has-post-thumbnail","hentry","category-hianyszakmak","category-munkaeropiac"],"aioseo_notices":[],"aioseo_head":"\n\t\t<!-- All in One SEO 5.0.0.1 - aioseo.com -->\n\t<meta name=\"description\" content=\"A 8 orsz\u00e1gban jelen l\u00e9v\u0151, Magyarorsz\u00e1gon piacvezet\u0151 Prohuman szakemberei szerint hamarosan \u00fajra sz\u00fcks\u00e9g lesz k\u00fclf\u00f6ldi munkaer\u0151re a hazai kereslet kiel\u00e9g\u00edt\u00e9s\u00e9hez. Az elm\u00falt 5-6 \u00e9vben meg\u00f6tsz\u00f6r\u00f6z\u0151d\u00f6tt a k\u00fclf\u00f6ldi munkav\u00e1llal\u00f3k sz\u00e1ma Magyarorsz\u00e1gon. A koronav\u00edrus \u00e1tmenetileg megakasztotta a n\u00f6veked\u00e9st, de m\u00e1r elindult a munkaer\u0151piaci visszarendez\u0151d\u00e9s, \u00e9s m\u00e1r vannak olyan ter\u00fcletek, ahol \u00fajra munkaer\u0151hi\u00e1ny van. \u00cdgy p\u00e9ld\u00e1ul nincs el\u00e9g\" \/>\n\t<meta name=\"robots\" content=\"max-image-preview:large\" \/>\n\t<meta name=\"author\" content=\"Juh\u00e1sz P\u00e9ter\"\/>\n\t<link rel=\"canonical\" href=\"https:\/\/allasorias.hu\/hirek\/ismet-kellenek-a-vendegmunkasok\/\" \/>\n\t<meta name=\"generator\" content=\"All in One SEO (AIOSEO) 5.0.0.1\" \/>\n\t\t<meta property=\"og:locale\" content=\"hu_HU\" \/>\n\t\t<meta property=\"og:site_name\" content=\"AllasOrias.hu | H\u00edrek-lapszemle | \u00dczleti h\u00edrek az \u00e1ll\u00e1s \u00e9s a munka vil\u00e1g\u00e1b\u00f3l\" \/>\n\t\t<meta property=\"og:type\" content=\"article\" \/>\n\t\t<meta property=\"og:title\" content=\"Ism\u00e9t kellenek a vend\u00e9gmunk\u00e1sok ? | AllasOrias.hu | H\u00edrek-lapszemle\" \/>\n\t\t<meta property=\"og:description\" content=\"A 8 orsz\u00e1gban jelen l\u00e9v\u0151, Magyarorsz\u00e1gon piacvezet\u0151 Prohuman szakemberei szerint hamarosan \u00fajra sz\u00fcks\u00e9g lesz k\u00fclf\u00f6ldi munkaer\u0151re a hazai kereslet kiel\u00e9g\u00edt\u00e9s\u00e9hez. Az elm\u00falt 5-6 \u00e9vben meg\u00f6tsz\u00f6r\u00f6z\u0151d\u00f6tt a k\u00fclf\u00f6ldi munkav\u00e1llal\u00f3k sz\u00e1ma Magyarorsz\u00e1gon. A koronav\u00edrus \u00e1tmenetileg megakasztotta a n\u00f6veked\u00e9st, de m\u00e1r elindult a munkaer\u0151piaci visszarendez\u0151d\u00e9s, \u00e9s m\u00e1r vannak olyan ter\u00fcletek, ahol \u00fajra munkaer\u0151hi\u00e1ny van. \u00cdgy p\u00e9ld\u00e1ul nincs el\u00e9g\" \/>\n\t\t<meta property=\"og:url\" content=\"https:\/\/allasorias.hu\/hirek\/ismet-kellenek-a-vendegmunkasok\/\" \/>\n\t\t<meta property=\"og:image\" content=\"https:\/\/allasorias.hu\/hirek\/wp-content\/uploads\/2019\/04\/active-adults-bars-583392-1.jpg\" \/>\n\t\t<meta property=\"og:image:secure_url\" content=\"https:\/\/allasorias.hu\/hirek\/wp-content\/uploads\/2019\/04\/active-adults-bars-583392-1.jpg\" \/>\n\t\t<meta property=\"og:image:width\" content=\"1280\" \/>\n\t\t<meta property=\"og:image:height\" content=\"738\" \/>\n\t\t<meta property=\"article:published_time\" content=\"2021-05-07T06:25:37+00:00\" \/>\n\t\t<meta property=\"article:modified_time\" content=\"2021-05-07T06:25:37+00:00\" \/>\n\t\t<meta property=\"article:publisher\" content=\"https:\/\/www.facebook.com\/allasorias\" \/>\n\t\t<meta name=\"twitter:card\" content=\"summary_large_image\" \/>\n\t\t<meta name=\"twitter:title\" content=\"Ism\u00e9t kellenek a vend\u00e9gmunk\u00e1sok ? | AllasOrias.hu | H\u00edrek-lapszemle\" \/>\n\t\t<meta name=\"twitter:description\" content=\"A 8 orsz\u00e1gban jelen l\u00e9v\u0151, Magyarorsz\u00e1gon piacvezet\u0151 Prohuman szakemberei szerint hamarosan \u00fajra sz\u00fcks\u00e9g lesz k\u00fclf\u00f6ldi munkaer\u0151re a hazai kereslet kiel\u00e9g\u00edt\u00e9s\u00e9hez. Az elm\u00falt 5-6 \u00e9vben meg\u00f6tsz\u00f6r\u00f6z\u0151d\u00f6tt a k\u00fclf\u00f6ldi munkav\u00e1llal\u00f3k sz\u00e1ma Magyarorsz\u00e1gon. A koronav\u00edrus \u00e1tmenetileg megakasztotta a n\u00f6veked\u00e9st, de m\u00e1r elindult a munkaer\u0151piaci visszarendez\u0151d\u00e9s, \u00e9s m\u00e1r vannak olyan ter\u00fcletek, ahol \u00fajra munkaer\u0151hi\u00e1ny van. \u00cdgy p\u00e9ld\u00e1ul nincs el\u00e9g\" \/>\n\t\t<meta name=\"twitter:image\" content=\"https:\/\/allasorias.hu\/hirek\/wp-content\/uploads\/2019\/04\/active-adults-bars-583392-1.jpg\" \/>\n\t\t<meta name=\"twitter:label1\" content=\"Written by\" \/>\n\t\t<meta name=\"twitter:data1\" content=\"Juh\u00e1sz P\u00e9ter\" \/>\n\t\t<meta name=\"twitter:label2\" content=\"Est. reading time\" \/>\n\t\t<meta name=\"twitter:data2\" content=\"5 minutes\" \/>\n\t\t<script type=\"application\/ld+json\" class=\"aioseo-schema\">\n\t\t\t{\"@context\":\"https:\\\/\\\/schema.org\",\"@graph\":[{\"@type\":\"Article\",\"@id\":\"https:\\\/\\\/allasorias.hu\\\/hirek\\\/ismet-kellenek-a-vendegmunkasok\\\/#article\",\"name\":\"Ism\\u00e9t kellenek a vend\\u00e9gmunk\\u00e1sok ? | AllasOrias.hu | H\\u00edrek-lapszemle\",\"headline\":\"Ism\\u00e9t kellenek a vend\\u00e9gmunk\\u00e1sok ?\",\"author\":{\"@id\":\"https:\\\/\\\/allasorias.hu\\\/hirek\\\/author\\\/admin-allasorias\\\/#author\"},\"publisher\":{\"@id\":\"https:\\\/\\\/allasorias.hu\\\/hirek\\\/#organization\"},\"image\":{\"@type\":\"ImageObject\",\"url\":\"https:\\\/\\\/allasorias.hu\\\/hirek\\\/wp-content\\\/uploads\\\/2019\\\/04\\\/active-adults-bars-583392-1.jpg\",\"width\":1280,\"height\":738},\"datePublished\":\"2021-05-07T06:25:37+02:00\",\"dateModified\":\"2021-05-07T06:25:37+02:00\",\"inLanguage\":\"hu-HU\",\"mainEntityOfPage\":{\"@id\":\"https:\\\/\\\/allasorias.hu\\\/hirek\\\/ismet-kellenek-a-vendegmunkasok\\\/#webpage\"},\"isPartOf\":{\"@id\":\"https:\\\/\\\/allasorias.hu\\\/hirek\\\/ismet-kellenek-a-vendegmunkasok\\\/#webpage\"},\"articleSection\":\"Hi\\u00e1nyszakm\\u00e1k, Munkaer\\u0151piac\"},{\"@type\":\"BreadcrumbList\",\"@id\":\"https:\\\/\\\/allasorias.hu\\\/hirek\\\/ismet-kellenek-a-vendegmunkasok\\\/#breadcrumblist\",\"itemListElement\":[{\"@type\":\"ListItem\",\"@id\":\"https:\\\/\\\/allasorias.hu\\\/hirek#listItem\",\"position\":1,\"name\":\"Home\",\"item\":\"https:\\\/\\\/allasorias.hu\\\/hirek\",\"nextItem\":{\"@type\":\"ListItem\",\"@id\":\"https:\\\/\\\/allasorias.hu\\\/hirek\\\/temak\\\/munkaeropiac\\\/#listItem\",\"name\":\"Munkaer\\u0151piac\"}},{\"@type\":\"ListItem\",\"@id\":\"https:\\\/\\\/allasorias.hu\\\/hirek\\\/temak\\\/munkaeropiac\\\/#listItem\",\"position\":2,\"name\":\"Munkaer\\u0151piac\",\"item\":\"https:\\\/\\\/allasorias.hu\\\/hirek\\\/temak\\\/munkaeropiac\\\/\",\"nextItem\":{\"@type\":\"ListItem\",\"@id\":\"https:\\\/\\\/allasorias.hu\\\/hirek\\\/ismet-kellenek-a-vendegmunkasok\\\/#listItem\",\"name\":\"Ism\\u00e9t kellenek a vend\\u00e9gmunk\\u00e1sok ?\"},\"previousItem\":{\"@type\":\"ListItem\",\"@id\":\"https:\\\/\\\/allasorias.hu\\\/hirek#listItem\",\"name\":\"Home\"}},{\"@type\":\"ListItem\",\"@id\":\"https:\\\/\\\/allasorias.hu\\\/hirek\\\/ismet-kellenek-a-vendegmunkasok\\\/#listItem\",\"position\":3,\"name\":\"Ism\\u00e9t kellenek a vend\\u00e9gmunk\\u00e1sok ?\",\"previousItem\":{\"@type\":\"ListItem\",\"@id\":\"https:\\\/\\\/allasorias.hu\\\/hirek\\\/temak\\\/munkaeropiac\\\/#listItem\",\"name\":\"Munkaer\\u0151piac\"}}]},{\"@type\":\"Organization\",\"@id\":\"https:\\\/\\\/allasorias.hu\\\/hirek\\\/#organization\",\"name\":\"AllasOrias.hu | H\\u00edrek-lapszemle\",\"description\":\"\\u00dczleti h\\u00edrek az \\u00e1ll\\u00e1s \\u00e9s a munka vil\\u00e1g\\u00e1b\\u00f3l\",\"url\":\"https:\\\/\\\/allasorias.hu\\\/hirek\\\/\",\"logo\":{\"@type\":\"ImageObject\",\"url\":\"https:\\\/\\\/allasorias.hu\\\/hirek\\\/wp-content\\\/uploads\\\/2022\\\/10\\\/allasorias_site_facebok_logo.png\",\"@id\":\"https:\\\/\\\/allasorias.hu\\\/hirek\\\/ismet-kellenek-a-vendegmunkasok\\\/#organizationLogo\"},\"image\":{\"@id\":\"https:\\\/\\\/allasorias.hu\\\/hirek\\\/ismet-kellenek-a-vendegmunkasok\\\/#organizationLogo\"},\"sameAs\":[\"https:\\\/\\\/www.facebook.com\\\/allasorias\",\"https:\\\/\\\/www.linkedin.com\\\/company\\\/allasorias\"]},{\"@type\":\"Person\",\"@id\":\"https:\\\/\\\/allasorias.hu\\\/hirek\\\/author\\\/admin-allasorias\\\/#author\",\"url\":\"https:\\\/\\\/allasorias.hu\\\/hirek\\\/author\\\/admin-allasorias\\\/\",\"name\":\"Juh\\u00e1sz P\\u00e9ter\",\"image\":{\"@type\":\"ImageObject\",\"@id\":\"https:\\\/\\\/allasorias.hu\\\/hirek\\\/ismet-kellenek-a-vendegmunkasok\\\/#authorImage\",\"url\":\"https:\\\/\\\/secure.gravatar.com\\\/avatar\\\/36e6bcb83148978b992977cb0f54d22feb0cce8a0a849a9410532bb2623ba4c6?s=96&d=mm&r=g\",\"width\":96,\"height\":96,\"caption\":\"Juh\\u00e1sz P\\u00e9ter\"}},{\"@type\":\"WebPage\",\"@id\":\"https:\\\/\\\/allasorias.hu\\\/hirek\\\/ismet-kellenek-a-vendegmunkasok\\\/#webpage\",\"url\":\"https:\\\/\\\/allasorias.hu\\\/hirek\\\/ismet-kellenek-a-vendegmunkasok\\\/\",\"name\":\"Ism\\u00e9t kellenek a vend\\u00e9gmunk\\u00e1sok ? | AllasOrias.hu | H\\u00edrek-lapszemle\",\"description\":\"A 8 orsz\\u00e1gban jelen l\\u00e9v\\u0151, Magyarorsz\\u00e1gon piacvezet\\u0151 Prohuman szakemberei szerint hamarosan \\u00fajra sz\\u00fcks\\u00e9g lesz k\\u00fclf\\u00f6ldi munkaer\\u0151re a hazai kereslet kiel\\u00e9g\\u00edt\\u00e9s\\u00e9hez. Az elm\\u00falt 5-6 \\u00e9vben meg\\u00f6tsz\\u00f6r\\u00f6z\\u0151d\\u00f6tt a k\\u00fclf\\u00f6ldi munkav\\u00e1llal\\u00f3k sz\\u00e1ma Magyarorsz\\u00e1gon. A koronav\\u00edrus \\u00e1tmenetileg megakasztotta a n\\u00f6veked\\u00e9st, de m\\u00e1r elindult a munkaer\\u0151piaci visszarendez\\u0151d\\u00e9s, \\u00e9s m\\u00e1r vannak olyan ter\\u00fcletek, ahol \\u00fajra munkaer\\u0151hi\\u00e1ny van. \\u00cdgy p\\u00e9ld\\u00e1ul nincs el\\u00e9g\",\"inLanguage\":\"hu-HU\",\"isPartOf\":{\"@id\":\"https:\\\/\\\/allasorias.hu\\\/hirek\\\/#website\"},\"breadcrumb\":{\"@id\":\"https:\\\/\\\/allasorias.hu\\\/hirek\\\/ismet-kellenek-a-vendegmunkasok\\\/#breadcrumblist\"},\"author\":{\"@id\":\"https:\\\/\\\/allasorias.hu\\\/hirek\\\/author\\\/admin-allasorias\\\/#author\"},\"creator\":{\"@id\":\"https:\\\/\\\/allasorias.hu\\\/hirek\\\/author\\\/admin-allasorias\\\/#author\"},\"image\":{\"@type\":\"ImageObject\",\"url\":\"https:\\\/\\\/allasorias.hu\\\/hirek\\\/wp-content\\\/uploads\\\/2019\\\/04\\\/active-adults-bars-583392-1.jpg\",\"@id\":\"https:\\\/\\\/allasorias.hu\\\/hirek\\\/ismet-kellenek-a-vendegmunkasok\\\/#mainImage\",\"width\":1280,\"height\":738},\"primaryImageOfPage\":{\"@id\":\"https:\\\/\\\/allasorias.hu\\\/hirek\\\/ismet-kellenek-a-vendegmunkasok\\\/#mainImage\"},\"datePublished\":\"2021-05-07T06:25:37+02:00\",\"dateModified\":\"2021-05-07T06:25:37+02:00\"},{\"@type\":\"WebSite\",\"@id\":\"https:\\\/\\\/allasorias.hu\\\/hirek\\\/#website\",\"url\":\"https:\\\/\\\/allasorias.hu\\\/hirek\\\/\",\"name\":\"AllasOrias.hu | H\\u00edrek-lapszemle\",\"description\":\"\\u00dczleti h\\u00edrek az \\u00e1ll\\u00e1s \\u00e9s a munka vil\\u00e1g\\u00e1b\\u00f3l\",\"inLanguage\":\"hu-HU\",\"publisher\":{\"@id\":\"https:\\\/\\\/allasorias.hu\\\/hirek\\\/#organization\"}}]}\n\t\t<\/script>\n\t\t<!-- All in One SEO -->\n\n","aioseo_head_json":{"title":"Ism\u00e9t kellenek a vend\u00e9gmunk\u00e1sok ? | AllasOrias.hu | H\u00edrek-lapszemle","description":"A 8 orsz\u00e1gban jelen l\u00e9v\u0151, Magyarorsz\u00e1gon piacvezet\u0151 Prohuman szakemberei szerint hamarosan \u00fajra sz\u00fcks\u00e9g lesz k\u00fclf\u00f6ldi munkaer\u0151re a hazai kereslet kiel\u00e9g\u00edt\u00e9s\u00e9hez. Az elm\u00falt 5-6 \u00e9vben meg\u00f6tsz\u00f6r\u00f6z\u0151d\u00f6tt a k\u00fclf\u00f6ldi munkav\u00e1llal\u00f3k sz\u00e1ma Magyarorsz\u00e1gon. A koronav\u00edrus \u00e1tmenetileg megakasztotta a n\u00f6veked\u00e9st, de m\u00e1r elindult a munkaer\u0151piaci visszarendez\u0151d\u00e9s, \u00e9s m\u00e1r vannak olyan ter\u00fcletek, ahol \u00fajra munkaer\u0151hi\u00e1ny van. \u00cdgy p\u00e9ld\u00e1ul nincs el\u00e9g","canonical_url":"https:\/\/allasorias.hu\/hirek\/ismet-kellenek-a-vendegmunkasok\/","robots":"max-image-preview:large","keywords":"","webmasterTools":{"miscellaneous":""},"schema":{"@context":"https:\/\/schema.org","@graph":[{"@type":"Article","@id":"https:\/\/allasorias.hu\/hirek\/ismet-kellenek-a-vendegmunkasok\/#article","name":"Ism\u00e9t kellenek a vend\u00e9gmunk\u00e1sok ? | AllasOrias.hu | H\u00edrek-lapszemle","headline":"Ism\u00e9t kellenek a vend\u00e9gmunk\u00e1sok ?","author":{"@id":"https:\/\/allasorias.hu\/hirek\/author\/admin-allasorias\/#author"},"publisher":{"@id":"https:\/\/allasorias.hu\/hirek\/#organization"},"image":{"@type":"ImageObject","url":"https:\/\/allasorias.hu\/hirek\/wp-content\/uploads\/2019\/04\/active-adults-bars-583392-1.jpg","width":1280,"height":738},"datePublished":"2021-05-07T06:25:37+02:00","dateModified":"2021-05-07T06:25:37+02:00","inLanguage":"hu-HU","mainEntityOfPage":{"@id":"https:\/\/allasorias.hu\/hirek\/ismet-kellenek-a-vendegmunkasok\/#webpage"},"isPartOf":{"@id":"https:\/\/allasorias.hu\/hirek\/ismet-kellenek-a-vendegmunkasok\/#webpage"},"articleSection":"Hi\u00e1nyszakm\u00e1k, Munkaer\u0151piac"},{"@type":"BreadcrumbList","@id":"https:\/\/allasorias.hu\/hirek\/ismet-kellenek-a-vendegmunkasok\/#breadcrumblist","itemListElement":[{"@type":"ListItem","@id":"https:\/\/allasorias.hu\/hirek#listItem","position":1,"name":"Home","item":"https:\/\/allasorias.hu\/hirek","nextItem":{"@type":"ListItem","@id":"https:\/\/allasorias.hu\/hirek\/temak\/munkaeropiac\/#listItem","name":"Munkaer\u0151piac"}},{"@type":"ListItem","@id":"https:\/\/allasorias.hu\/hirek\/temak\/munkaeropiac\/#listItem","position":2,"name":"Munkaer\u0151piac","item":"https:\/\/allasorias.hu\/hirek\/temak\/munkaeropiac\/","nextItem":{"@type":"ListItem","@id":"https:\/\/allasorias.hu\/hirek\/ismet-kellenek-a-vendegmunkasok\/#listItem","name":"Ism\u00e9t kellenek a vend\u00e9gmunk\u00e1sok ?"},"previousItem":{"@type":"ListItem","@id":"https:\/\/allasorias.hu\/hirek#listItem","name":"Home"}},{"@type":"ListItem","@id":"https:\/\/allasorias.hu\/hirek\/ismet-kellenek-a-vendegmunkasok\/#listItem","position":3,"name":"Ism\u00e9t kellenek a vend\u00e9gmunk\u00e1sok ?","previousItem":{"@type":"ListItem","@id":"https:\/\/allasorias.hu\/hirek\/temak\/munkaeropiac\/#listItem","name":"Munkaer\u0151piac"}}]},{"@type":"Organization","@id":"https:\/\/allasorias.hu\/hirek\/#organization","name":"AllasOrias.hu | H\u00edrek-lapszemle","description":"\u00dczleti h\u00edrek az \u00e1ll\u00e1s \u00e9s a munka vil\u00e1g\u00e1b\u00f3l","url":"https:\/\/allasorias.hu\/hirek\/","logo":{"@type":"ImageObject","url":"https:\/\/allasorias.hu\/hirek\/wp-content\/uploads\/2022\/10\/allasorias_site_facebok_logo.png","@id":"https:\/\/allasorias.hu\/hirek\/ismet-kellenek-a-vendegmunkasok\/#organizationLogo"},"image":{"@id":"https:\/\/allasorias.hu\/hirek\/ismet-kellenek-a-vendegmunkasok\/#organizationLogo"},"sameAs":["https:\/\/www.facebook.com\/allasorias","https:\/\/www.linkedin.com\/company\/allasorias"]},{"@type":"Person","@id":"https:\/\/allasorias.hu\/hirek\/author\/admin-allasorias\/#author","url":"https:\/\/allasorias.hu\/hirek\/author\/admin-allasorias\/","name":"Juh\u00e1sz P\u00e9ter","image":{"@type":"ImageObject","@id":"https:\/\/allasorias.hu\/hirek\/ismet-kellenek-a-vendegmunkasok\/#authorImage","url":"https:\/\/secure.gravatar.com\/avatar\/36e6bcb83148978b992977cb0f54d22feb0cce8a0a849a9410532bb2623ba4c6?s=96&d=mm&r=g","width":96,"height":96,"caption":"Juh\u00e1sz P\u00e9ter"}},{"@type":"WebPage","@id":"https:\/\/allasorias.hu\/hirek\/ismet-kellenek-a-vendegmunkasok\/#webpage","url":"https:\/\/allasorias.hu\/hirek\/ismet-kellenek-a-vendegmunkasok\/","name":"Ism\u00e9t kellenek a vend\u00e9gmunk\u00e1sok ? | AllasOrias.hu | H\u00edrek-lapszemle","description":"A 8 orsz\u00e1gban jelen l\u00e9v\u0151, Magyarorsz\u00e1gon piacvezet\u0151 Prohuman szakemberei szerint hamarosan \u00fajra sz\u00fcks\u00e9g lesz k\u00fclf\u00f6ldi munkaer\u0151re a hazai kereslet kiel\u00e9g\u00edt\u00e9s\u00e9hez. Az elm\u00falt 5-6 \u00e9vben meg\u00f6tsz\u00f6r\u00f6z\u0151d\u00f6tt a k\u00fclf\u00f6ldi munkav\u00e1llal\u00f3k sz\u00e1ma Magyarorsz\u00e1gon. A koronav\u00edrus \u00e1tmenetileg megakasztotta a n\u00f6veked\u00e9st, de m\u00e1r elindult a munkaer\u0151piaci visszarendez\u0151d\u00e9s, \u00e9s m\u00e1r vannak olyan ter\u00fcletek, ahol \u00fajra munkaer\u0151hi\u00e1ny van. \u00cdgy p\u00e9ld\u00e1ul nincs el\u00e9g","inLanguage":"hu-HU","isPartOf":{"@id":"https:\/\/allasorias.hu\/hirek\/#website"},"breadcrumb":{"@id":"https:\/\/allasorias.hu\/hirek\/ismet-kellenek-a-vendegmunkasok\/#breadcrumblist"},"author":{"@id":"https:\/\/allasorias.hu\/hirek\/author\/admin-allasorias\/#author"},"creator":{"@id":"https:\/\/allasorias.hu\/hirek\/author\/admin-allasorias\/#author"},"image":{"@type":"ImageObject","url":"https:\/\/allasorias.hu\/hirek\/wp-content\/uploads\/2019\/04\/active-adults-bars-583392-1.jpg","@id":"https:\/\/allasorias.hu\/hirek\/ismet-kellenek-a-vendegmunkasok\/#mainImage","width":1280,"height":738},"primaryImageOfPage":{"@id":"https:\/\/allasorias.hu\/hirek\/ismet-kellenek-a-vendegmunkasok\/#mainImage"},"datePublished":"2021-05-07T06:25:37+02:00","dateModified":"2021-05-07T06:25:37+02:00"},{"@type":"WebSite","@id":"https:\/\/allasorias.hu\/hirek\/#website","url":"https:\/\/allasorias.hu\/hirek\/","name":"AllasOrias.hu | H\u00edrek-lapszemle","description":"\u00dczleti h\u00edrek az \u00e1ll\u00e1s \u00e9s a munka vil\u00e1g\u00e1b\u00f3l","inLanguage":"hu-HU","publisher":{"@id":"https:\/\/allasorias.hu\/hirek\/#organization"}}]},"og:locale":"hu_HU","og:site_name":"AllasOrias.hu | H\u00edrek-lapszemle | \u00dczleti h\u00edrek az \u00e1ll\u00e1s \u00e9s a munka vil\u00e1g\u00e1b\u00f3l","og:type":"article","og:title":"Ism\u00e9t kellenek a vend\u00e9gmunk\u00e1sok ? | AllasOrias.hu | H\u00edrek-lapszemle","og:description":"A 8 orsz\u00e1gban jelen l\u00e9v\u0151, Magyarorsz\u00e1gon piacvezet\u0151 Prohuman szakemberei szerint hamarosan \u00fajra sz\u00fcks\u00e9g lesz k\u00fclf\u00f6ldi munkaer\u0151re a hazai kereslet kiel\u00e9g\u00edt\u00e9s\u00e9hez. Az elm\u00falt 5-6 \u00e9vben meg\u00f6tsz\u00f6r\u00f6z\u0151d\u00f6tt a k\u00fclf\u00f6ldi munkav\u00e1llal\u00f3k sz\u00e1ma Magyarorsz\u00e1gon. A koronav\u00edrus \u00e1tmenetileg megakasztotta a n\u00f6veked\u00e9st, de m\u00e1r elindult a munkaer\u0151piaci visszarendez\u0151d\u00e9s, \u00e9s m\u00e1r vannak olyan ter\u00fcletek, ahol \u00fajra munkaer\u0151hi\u00e1ny van. \u00cdgy p\u00e9ld\u00e1ul nincs el\u00e9g","og:url":"https:\/\/allasorias.hu\/hirek\/ismet-kellenek-a-vendegmunkasok\/","og:image":"https:\/\/allasorias.hu\/hirek\/wp-content\/uploads\/2019\/04\/active-adults-bars-583392-1.jpg","og:image:secure_url":"https:\/\/allasorias.hu\/hirek\/wp-content\/uploads\/2019\/04\/active-adults-bars-583392-1.jpg","og:image:width":1280,"og:image:height":738,"article:published_time":"2021-05-07T06:25:37+00:00","article:modified_time":"2021-05-07T06:25:37+00:00","article:publisher":"https:\/\/www.facebook.com\/allasorias","twitter:card":"summary_large_image","twitter:title":"Ism\u00e9t kellenek a vend\u00e9gmunk\u00e1sok ? | AllasOrias.hu | H\u00edrek-lapszemle","twitter:description":"A 8 orsz\u00e1gban jelen l\u00e9v\u0151, Magyarorsz\u00e1gon piacvezet\u0151 Prohuman szakemberei szerint hamarosan \u00fajra sz\u00fcks\u00e9g lesz k\u00fclf\u00f6ldi munkaer\u0151re a hazai kereslet kiel\u00e9g\u00edt\u00e9s\u00e9hez. Az elm\u00falt 5-6 \u00e9vben meg\u00f6tsz\u00f6r\u00f6z\u0151d\u00f6tt a k\u00fclf\u00f6ldi munkav\u00e1llal\u00f3k sz\u00e1ma Magyarorsz\u00e1gon. A koronav\u00edrus \u00e1tmenetileg megakasztotta a n\u00f6veked\u00e9st, de m\u00e1r elindult a munkaer\u0151piaci visszarendez\u0151d\u00e9s, \u00e9s m\u00e1r vannak olyan ter\u00fcletek, ahol \u00fajra munkaer\u0151hi\u00e1ny van. \u00cdgy p\u00e9ld\u00e1ul nincs el\u00e9g","twitter:image":"https:\/\/allasorias.hu\/hirek\/wp-content\/uploads\/2019\/04\/active-adults-bars-583392-1.jpg","twitter:label1":"Written by","twitter:data1":"Juh\u00e1sz P\u00e9ter","twitter:label2":"Est. reading time","twitter:data2":"5 minutes"},"aioseo_meta_data":{"post_id":"4768","title":null,"description":null,"keywords":[],"keyphrases":{"focus":[],"additional":[]},"primary_term":null,"canonical_url":null,"og_title":null,"og_description":null,"og_object_type":"default","og_image_type":"default","og_image_url":null,"og_image_width":null,"og_image_height":null,"og_image_custom_url":null,"og_image_custom_fields":null,"og_video":"","og_custom_url":null,"og_article_section":null,"og_article_tags":[],"twitter_use_og":false,"twitter_card":"default","twitter_image_type":"default","twitter_image_url":null,"twitter_image_custom_url":null,"twitter_image_custom_fields":null,"twitter_title":null,"twitter_description":null,"schema":{"blockGraphs":[],"customGraphs":[],"default":{"data":{"Article":[],"Course":[],"Dataset":[],"FAQPage":[],"Movie":[],"Person":[],"Product":[],"ProductReview":[],"Car":[],"Recipe":[],"Service":[],"SoftwareApplication":[],"WebPage":[]},"graphName":"","isEnabled":true},"graphs":[],"defaultGraph":"Article","defaultPostTypeGraph":""},"schema_type":"default","schema_type_options":"{\"article\":{\"articleType\":\"BlogPosting\"},\"course\":{\"name\":\"\",\"description\":\"\",\"provider\":\"\"},\"faq\":{\"pages\":[]},\"product\":{\"reviews\":[]},\"recipe\":{\"ingredients\":[],\"instructions\":[],\"keywords\":[]},\"software\":{\"reviews\":[],\"operatingSystems\":[]},\"webPage\":{\"webPageType\":\"WebPage\"}}","pillar_content":false,"robots_default":true,"robots_noindex":false,"robots_noarchive":false,"robots_nosnippet":false,"robots_nofollow":false,"robots_noimageindex":false,"robots_noodp":false,"robots_notranslate":false,"robots_max_snippet":"-1","robots_max_videopreview":"-1","robots_max_imagepreview":"large","priority":null,"frequency":"default","location":null,"local_seo":{"locations":{"business":{"name":"","businessType":"","image":"","areaServed":"","urls":{"website":"","aboutPage":"","contactPage":""},"address":{"streetLine1":"","streetLine2":"","zipCode":"","city":"","state":"","country":"","addressFormat":"#streetLineOne\n#streetLineTwo\n#city, #state #zipCode"},"contact":{"phone":"","email":"","fax":""},"ids":{"vat":"","tax":"","chamberOfCommerce":""},"payment":{"priceRange":"","currenciesAccepted":"","methods":""}}},"openingHours":{"useDefaults":true,"show":true,"alwaysOpen":false,"use24hFormat":false,"timezone":"","labels":{"closed":"","alwaysOpen":""},"days":{"monday":{"open24h":false,"closed":false,"openTime":"09:00","closeTime":"17:00"},"tuesday":{"open24h":false,"closed":false,"openTime":"09:00","closeTime":"17:00"},"wednesday":{"open24h":false,"closed":false,"openTime":"09:00","closeTime":"17:00"},"thursday":{"open24h":false,"closed":false,"openTime":"09:00","closeTime":"17:00"},"friday":{"open24h":false,"closed":false,"openTime":"09:00","closeTime":"17:00"},"saturday":{"open24h":false,"closed":false,"openTime":"09:00","closeTime":"17:00"},"sunday":{"open24h":false,"closed":false,"openTime":"09:00","closeTime":"17:00"}}}},"breadcrumb_settings":null,"limit_modified_date":false,"ai":null,"created":"2021-05-07 06:13:51","updated":"2025-10-02 15:42:15","seo_analyzer_scan_date":null,"focus_keyword":null,"additional_keywords":null,"truseo_locale":null},"aioseo_breadcrumb":"<div class=\"aioseo-breadcrumbs\"><span class=\"aioseo-breadcrumb\">\n\t\t\t<a href=\"https:\/\/allasorias.hu\/hirek\" title=\"Home\">Home<\/a>\n\t\t<\/span><span class=\"aioseo-breadcrumb-separator\">&raquo;<\/span><span class=\"aioseo-breadcrumb\">\n\t\t\t<a href=\"https:\/\/allasorias.hu\/hirek\/temak\/munkaeropiac\/\" title=\"Munkaer\u0151piac\">Munkaer\u0151piac<\/a>\n\t\t<\/span><span class=\"aioseo-breadcrumb-separator\">&raquo;<\/span><span class=\"aioseo-breadcrumb\">\n\t\t\tIsm\u00e9t kellenek a vend\u00e9gmunk\u00e1sok ?\n\t\t<\/span><\/div>","aioseo_breadcrumb_json":[{"label":"Home","link":"https:\/\/allasorias.hu\/hirek"},{"label":"Munkaer\u0151piac","link":"https:\/\/allasorias.hu\/hirek\/temak\/munkaeropiac\/"},{"label":"Ism\u00e9t kellenek a vend\u00e9gmunk\u00e1sok ?","link":"https:\/\/allasorias.hu\/hirek\/ismet-kellenek-a-vendegmunkasok\/"}],"_links":{"self":[{"href":"https:\/\/allasorias.hu\/hirek\/wp-json\/wp\/v2\/posts\/4768","targetHints":{"allow":["GET"]}}],"collection":[{"href":"https:\/\/allasorias.hu\/hirek\/wp-json\/wp\/v2\/posts"}],"about":[{"href":"https:\/\/allasorias.hu\/hirek\/wp-json\/wp\/v2\/types\/post"}],"author":[{"embeddable":true,"href":"https:\/\/allasorias.hu\/hirek\/wp-json\/wp\/v2\/users\/1"}],"replies":[{"embeddable":true,"href":"https:\/\/allasorias.hu\/hirek\/wp-json\/wp\/v2\/comments?post=4768"}],"version-history":[{"count":1,"href":"https:\/\/allasorias.hu\/hirek\/wp-json\/wp\/v2\/posts\/4768\/revisions"}],"predecessor-version":[{"id":4769,"href":"https:\/\/allasorias.hu\/hirek\/wp-json\/wp\/v2\/posts\/4768\/revisions\/4769"}],"wp:featuredmedia":[{"embeddable":true,"href":"https:\/\/allasorias.hu\/hirek\/wp-json\/wp\/v2\/media\/2735"}],"wp:attachment":[{"href":"https:\/\/allasorias.hu\/hirek\/wp-json\/wp\/v2\/media?parent=4768"}],"wp:term":[{"taxonomy":"category","embeddable":true,"href":"https:\/\/allasorias.hu\/hirek\/wp-json\/wp\/v2\/categories?post=4768"},{"taxonomy":"post_tag","embeddable":true,"href":"https:\/\/allasorias.hu\/hirek\/wp-json\/wp\/v2\/tags?post=4768"}],"curies":[{"name":"wp","href":"https:\/\/api.w.org\/{rel}","templated":true}]}}