{"id":4761,"date":"2021-05-04T06:39:18","date_gmt":"2021-05-04T06:39:18","guid":{"rendered":"https:\/\/allasorias.hu\/hirek\/?p=4761"},"modified":"2021-05-04T06:39:18","modified_gmt":"2021-05-04T06:39:18","slug":"a-jarvany-kedvez-a-palyamodositasnak","status":"publish","type":"post","link":"https:\/\/allasorias.hu\/hirek\/a-jarvany-kedvez-a-palyamodositasnak\/","title":{"rendered":"A j\u00e1rv\u00e1ny kedvez a p\u00e1lyam\u00f3dos\u00edt\u00e1snak"},"content":{"rendered":"<p><strong>A Covid\u201319-vil\u00e1gj\u00e1rv\u00e1ny alapjaiban v\u00e1ltoztatta meg a hazai munkaer\u0151piacot.2020 tavasza \u00f3ta rengetegen vesz\u00edtett\u00e9k el munk\u00e1jukat, a megv\u00e1ltozott \u00e1llapotok sokakat arra k\u00e9nyszer\u00edtettek, hogy \u00e1tgondolj\u00e1k a helyzet\u00fcket. A koronav\u00edrus miatt \u00e1talakult munkaer\u0151piaci viszonyok sokakat neh\u00e9z helyzetbe hoztak, ebb\u0151l p\u00e9ld\u00e1ul a p\u00e1lyav\u00e1lt\u00e1s, \u00e1tk\u00e9pz\u00e9s jelenthet kiutat. A Profession.hu \u00faj, Emberi oldal nev\u0171 kezdem\u00e9nyez\u00e9s\u00e9vel a Magyar M\u00e1ltai Szeretetszolg\u00e1lat Munkaer\u0151piaci Szolg\u00e1ltat\u00f3 K\u00f6zpontj\u00e1t t\u00e1mogatva seg\u00edti a v\u00e1ls\u00e1g miatt a karrierj\u00fckben \u00faj ir\u00e1nyokat keres\u0151ket.<\/strong><\/p>\n<p>Egy\u00e9ni \u00e9s csoportos mentor\u00e1ci\u00f3val, szak\u00e9rt\u0151i el\u0151ad\u00e1sokkal \u00e9s k\u00e9zzelfoghat\u00f3, praktikus tan\u00e1csokkal is k\u00e9sz\u00fclnek. A megn\u00f6vekedett bizonytalans\u00e1g miatt azok is akt\u00edvabb\u00e1 v\u00e1ltak az \u00e1ll\u00e1spiacon, akik ugyan nem vesz\u00edtett\u00e9k el a munk\u00e1jukat, de \u00e1t\u00e9rt\u00e9kelt\u00e9k karrierterveiket a v\u00e9gbement v\u00e1ltoz\u00e1sok hat\u00e1s\u00e1ra. A v\u00e1ls\u00e1g miatt \u00faj karrierir\u00e1nyokat keres\u0151knek az \u00e1ll\u00e1sport\u00e1l a Magyar M\u00e1ltai Szeretetszolg\u00e1lat Munkaer\u0151piaci Szolg\u00e1ltat\u00f3 K\u00f6zpontj\u00e1t t\u00e1mogatva seg\u00edt. Az egyes\u00fclet t\u00f6bb mint k\u00e9t \u00e9vtizede dolgozik a munkaer\u0151piacon neh\u00e9z helyzetben l\u00e9v\u0151k\u00e9rt, a Profession.hu-val k\u00f6z\u00f6s \u00faj kezdem\u00e9nyez\u00e9s keret\u00e9ben az \u00e1ll\u00e1sukat vesztetteket, p\u00e1lyav\u00e1lt\u00f3kat hasznos inform\u00e1ci\u00f3kkal, gyakorlati tan\u00e1csokkal, szak\u00e9rt\u0151i el\u0151ad\u00e1sokkal, csoportos \u00e9s egy\u00e9ni p\u00e1lyaorient\u00e1ci\u00f3s \u00e9s munkaer\u0151piaci mentor\u00e1ci\u00f3val seg\u00edtik majd. Ahhoz, hogy jobban megismerje a p\u00e1lyav\u00e1lt\u00f3kat, a Profession.hu a magyar munkav\u00e1llal\u00f3k \u00e9s a hazai c\u00e9gek v\u00e9lem\u00e9ny\u00e9t is felm\u00e9rte. A kutat\u00e1s eredm\u00e9nyei szerint Magyarorsz\u00e1gon t\u00edzb\u0151l h\u00e9t ember v\u00e1ltott m\u00e1r p\u00e1ly\u00e1t a karrierje sor\u00e1n. T\u00edzb\u0151l n\u00e9gyen r\u00e1ad\u00e1sul t\u00f6bb alkalommal is ker\u00fcltek ilyen helyzetbe. A p\u00e1lyav\u00e1lt\u00e1sban fel\u00fclreprezent\u00e1ltak a szakk\u00f6z\u00e9piskolai, technikumi, szakmunk\u00e1s-bizony\u00edtv\u00e1nnyal rendelkez\u0151k, m\u00edg a t\u00f6bbsz\u00f6ri v\u00e1lt\u00e1s az \u00e9retts\u00e9gizetteket \u00e9rinti legink\u00e1bb. A nemek k\u00f6z\u00f6tt nincs k\u00fcl\u00f6nbs\u00e9g ilyen tekintetben, a p\u00e1lyav\u00e1lt\u00e1s ink\u00e1bb korf\u00fcgg\u0151: 40 \u00e9v felett m\u00e1r megn\u0151 a val\u00f3sz\u00edn\u0171s\u00e9ge, hogy \u2013 ak\u00e1r t\u00f6bbsz\u00f6r is \u2013 v\u00e1lt\u00e1s t\u00f6rt\u00e9njen egy munkav\u00e1llal\u00f3 karrierj\u00e9ben. A t\u00f6bbs\u00e9gben n\u00e9h\u00e1ny \u00e9v alatt meg\u00e9rik a v\u00e1lt\u00e1s gondolata: a legt\u00f6bben egy\u2013\u00f6t \u00e9v ut\u00e1n v\u00e1ltottak, de gyakori az is, hogy valaki \u00f6t\u2013t\u00edz vagy ak\u00e1r t\u00edz\u2013h\u00fasz \u00e9vet is elt\u00f6lt kor\u00e1bbi szakm\u00e1j\u00e1ban. A p\u00e1lyav\u00e1lt\u00f3k k\u00f6zel fele az\u00e9rt v\u00e1lt, mert el\u00e9gedetlen a fizet\u00e9s\u00e9vel. Minden negyedik p\u00e1lyav\u00e1lt\u00f3nak megsz\u0171nt a munkahelye, \u00e9s az eredeti szakm\u00e1j\u00e1ban nem tal\u00e1lt \u00e1ll\u00e1st. Minden tizedik esetben pedig a koronav\u00edrus-j\u00e1rv\u00e1ny miatt le\u00e1ll\u00f3 szektorok k\u00e9nyszere sz\u00fclte a p\u00e1lyav\u00e1lt\u00e1st. Ugyanilyen ar\u00e1nyban fordult el\u0151, hogy a gyerekv\u00e1llal\u00e1s ut\u00e1ni visszat\u00e9r\u00e9s miatt kellett \u00faj szakma ut\u00e1n n\u00e9znie a munkav\u00e1llal\u00f3knak. Minden \u00f6t\u00f6dik p\u00e1lyav\u00e1lt\u00f3 pedig az\u00e9rt m\u00f3dos\u00edtott ir\u00e1nyt, mert ki\u00e9gett, \u00e9s \u00fagy \u00e9rezte, musz\u00e1j m\u00e1st csin\u00e1lnia. A legt\u00f6bben az \u00e9rt\u00e9kes\u00edt\u00e9s, kereskedelem, gy\u00e1rt\u00e1s, termel\u00e9s, adminisztr\u00e1ci\u00f3 \u00e9s irodai munka, valamint a koronav\u00edrus-j\u00e1rv\u00e1ny \u00e1ltal legink\u00e1bb s\u00fajtott szektor, a vend\u00e9gl\u00e1t\u00e1s, idegenforgalom ter\u00fclet\u00e9r\u0151l v\u00e1ltottak. A p\u00e1lyav\u00e1lt\u00f3k 31 sz\u00e1zal\u00e9ka olyan hat\u00e1rter\u00fcletek fel\u00e9 mozdult, amely valamiben hasonl\u00edtott kor\u00e1bbi szakm\u00e1j\u00e1hoz. A v\u00e1laszad\u00f3k 27 sz\u00e1zal\u00e9ka a szakk\u00e9pzetts\u00e9get, kor\u00e1bbi tapasztalatot nem ig\u00e9nyl\u0151 poz\u00edci\u00f3k k\u00f6z\u00f6tt keresett \u00faj ir\u00e1nyt. De n\u00e9pszer\u0171 az \u00e1tk\u00e9pz\u00e9s is: a v\u00e1lt\u00f3k 25 sz\u00e1zal\u00e9ka munka mellett vett r\u00e9szt valamilyen programban. Ha valaki belev\u00e1g, maga a folyamat egy\u00e9bk\u00e9nt viszonylag gyors: a v\u00e1laszad\u00f3k k\u00f6zel fele maximum f\u00e9l \u00e9v alatt el tudott helyezkedni \u00faj v\u00e1lasztott ter\u00fclet\u00e9n. A p\u00e1lyav\u00e1lt\u00f3k 93 sz\u00e1zal\u00e9ka szerint a p\u00e1lyav\u00e1lt\u00e1s, \u00e1tk\u00e9pz\u00e9s teljesen \u00faj lehet\u0151s\u00e9geket \u00e9s t\u00e1vlatokat nyit meg. 66 sz\u00e1zal\u00e9kuk szerint a v\u00e1lt\u00e1s h\u00e1tr\u00e1nya azonban, hogy nincs r\u00e1 garancia, hogy az ember az \u00faj szakm\u00e1j\u00e1val el\u00e9gedettebb lesz, 60 sz\u00e1zal\u00e9k szerint pedig ez egy ment\u00e1lisan megterhel\u0151 folyamat. \u00c9ppen a fentiek miatt javasolt szakemberek \u2013 p\u00e9ld\u00e1ul a Magyar M\u00e1ltai Szeretetszolg\u00e1lat munkaer\u0151piaci mentorainak \u2013 seg\u00edts\u00e9g\u00e9t ig\u00e9nybe venni hozz\u00e1, hogy min\u00e9l jobb d\u00f6nt\u00e9st hozhassunk meg.<\/p>\n<p>Forr\u00e1s: vg.hu<\/p>\n","protected":false},"excerpt":{"rendered":"<p>A Covid\u201319-vil\u00e1gj\u00e1rv\u00e1ny alapjaiban v\u00e1ltoztatta meg a hazai munkaer\u0151piacot.2020 tavasza \u00f3ta rengetegen vesz\u00edtett\u00e9k el munk\u00e1jukat, a megv\u00e1ltozott \u00e1llapotok sokakat arra k\u00e9nyszer\u00edtettek, hogy \u00e1tgondolj\u00e1k a helyzet\u00fcket. A koronav\u00edrus miatt \u00e1talakult munkaer\u0151piaci viszonyok sokakat neh\u00e9z helyzetbe hoztak, ebb\u0151l p\u00e9ld\u00e1ul a p\u00e1lyav\u00e1lt\u00e1s, \u00e1tk\u00e9pz\u00e9s jelenthet kiutat. A Profession.hu \u00faj, Emberi oldal nev\u0171 kezdem\u00e9nyez\u00e9s\u00e9vel a Magyar M\u00e1ltai Szeretetszolg\u00e1lat Munkaer\u0151piaci Szolg\u00e1ltat\u00f3 K\u00f6zpontj\u00e1t [&hellip;]<\/p>\n","protected":false},"author":1,"featured_media":4057,"comment_status":"open","ping_status":"open","sticky":false,"template":"","format":"standard","meta":{"_monsterinsights_skip_tracking":false,"footnotes":""},"categories":[200],"tags":[],"class_list":["post-4761","post","type-post","status-publish","format-standard","has-post-thumbnail","hentry","category-munkaeropiac"],"aioseo_notices":[],"aioseo_head":"\n\t\t<!-- All in One SEO 5.0.0.1 - aioseo.com -->\n\t<meta name=\"description\" content=\"A Covid\u201319-vil\u00e1gj\u00e1rv\u00e1ny alapjaiban v\u00e1ltoztatta meg a hazai munkaer\u0151piacot.2020 tavasza \u00f3ta rengetegen vesz\u00edtett\u00e9k el munk\u00e1jukat, a megv\u00e1ltozott \u00e1llapotok sokakat arra k\u00e9nyszer\u00edtettek, hogy \u00e1tgondolj\u00e1k a helyzet\u00fcket. A koronav\u00edrus miatt \u00e1talakult munkaer\u0151piaci viszonyok sokakat neh\u00e9z helyzetbe hoztak, ebb\u0151l p\u00e9ld\u00e1ul a p\u00e1lyav\u00e1lt\u00e1s, \u00e1tk\u00e9pz\u00e9s jelenthet kiutat. A Profession.hu \u00faj, Emberi oldal nev\u0171 kezdem\u00e9nyez\u00e9s\u00e9vel a Magyar M\u00e1ltai Szeretetszolg\u00e1lat Munkaer\u0151piaci Szolg\u00e1ltat\u00f3 K\u00f6zpontj\u00e1t\" \/>\n\t<meta name=\"robots\" content=\"max-image-preview:large\" \/>\n\t<meta name=\"author\" content=\"Juh\u00e1sz P\u00e9ter\"\/>\n\t<link rel=\"canonical\" href=\"https:\/\/allasorias.hu\/hirek\/a-jarvany-kedvez-a-palyamodositasnak\/\" \/>\n\t<meta name=\"generator\" content=\"All in One SEO (AIOSEO) 5.0.0.1\" \/>\n\t\t<meta property=\"og:locale\" content=\"hu_HU\" \/>\n\t\t<meta property=\"og:site_name\" content=\"AllasOrias.hu | H\u00edrek-lapszemle | \u00dczleti h\u00edrek az \u00e1ll\u00e1s \u00e9s a munka vil\u00e1g\u00e1b\u00f3l\" \/>\n\t\t<meta property=\"og:type\" content=\"article\" \/>\n\t\t<meta property=\"og:title\" content=\"A j\u00e1rv\u00e1ny kedvez a p\u00e1lyam\u00f3dos\u00edt\u00e1snak | AllasOrias.hu | H\u00edrek-lapszemle\" \/>\n\t\t<meta property=\"og:description\" content=\"A Covid\u201319-vil\u00e1gj\u00e1rv\u00e1ny alapjaiban v\u00e1ltoztatta meg a hazai munkaer\u0151piacot.2020 tavasza \u00f3ta rengetegen vesz\u00edtett\u00e9k el munk\u00e1jukat, a megv\u00e1ltozott \u00e1llapotok sokakat arra k\u00e9nyszer\u00edtettek, hogy \u00e1tgondolj\u00e1k a helyzet\u00fcket. A koronav\u00edrus miatt \u00e1talakult munkaer\u0151piaci viszonyok sokakat neh\u00e9z helyzetbe hoztak, ebb\u0151l p\u00e9ld\u00e1ul a p\u00e1lyav\u00e1lt\u00e1s, \u00e1tk\u00e9pz\u00e9s jelenthet kiutat. A Profession.hu \u00faj, Emberi oldal nev\u0171 kezdem\u00e9nyez\u00e9s\u00e9vel a Magyar M\u00e1ltai Szeretetszolg\u00e1lat Munkaer\u0151piaci Szolg\u00e1ltat\u00f3 K\u00f6zpontj\u00e1t\" \/>\n\t\t<meta property=\"og:url\" content=\"https:\/\/allasorias.hu\/hirek\/a-jarvany-kedvez-a-palyamodositasnak\/\" \/>\n\t\t<meta property=\"og:image\" content=\"https:\/\/allasorias.hu\/hirek\/wp-content\/uploads\/2020\/06\/5401.jpg\" \/>\n\t\t<meta property=\"og:image:secure_url\" content=\"https:\/\/allasorias.hu\/hirek\/wp-content\/uploads\/2020\/06\/5401.jpg\" \/>\n\t\t<meta property=\"og:image:width\" content=\"800\" \/>\n\t\t<meta property=\"og:image:height\" content=\"446\" \/>\n\t\t<meta property=\"article:published_time\" content=\"2021-05-04T06:39:18+00:00\" \/>\n\t\t<meta property=\"article:modified_time\" content=\"2021-05-04T06:39:18+00:00\" \/>\n\t\t<meta property=\"article:publisher\" content=\"https:\/\/www.facebook.com\/allasorias\" \/>\n\t\t<meta name=\"twitter:card\" content=\"summary_large_image\" \/>\n\t\t<meta name=\"twitter:title\" content=\"A j\u00e1rv\u00e1ny kedvez a p\u00e1lyam\u00f3dos\u00edt\u00e1snak | AllasOrias.hu | H\u00edrek-lapszemle\" \/>\n\t\t<meta name=\"twitter:description\" content=\"A Covid\u201319-vil\u00e1gj\u00e1rv\u00e1ny alapjaiban v\u00e1ltoztatta meg a hazai munkaer\u0151piacot.2020 tavasza \u00f3ta rengetegen vesz\u00edtett\u00e9k el munk\u00e1jukat, a megv\u00e1ltozott \u00e1llapotok sokakat arra k\u00e9nyszer\u00edtettek, hogy \u00e1tgondolj\u00e1k a helyzet\u00fcket. A koronav\u00edrus miatt \u00e1talakult munkaer\u0151piaci viszonyok sokakat neh\u00e9z helyzetbe hoztak, ebb\u0151l p\u00e9ld\u00e1ul a p\u00e1lyav\u00e1lt\u00e1s, \u00e1tk\u00e9pz\u00e9s jelenthet kiutat. A Profession.hu \u00faj, Emberi oldal nev\u0171 kezdem\u00e9nyez\u00e9s\u00e9vel a Magyar M\u00e1ltai Szeretetszolg\u00e1lat Munkaer\u0151piaci Szolg\u00e1ltat\u00f3 K\u00f6zpontj\u00e1t\" \/>\n\t\t<meta name=\"twitter:image\" content=\"https:\/\/allasorias.hu\/hirek\/wp-content\/uploads\/2020\/06\/5401.jpg\" \/>\n\t\t<meta name=\"twitter:label1\" content=\"Written by\" \/>\n\t\t<meta name=\"twitter:data1\" content=\"Juh\u00e1sz P\u00e9ter\" \/>\n\t\t<meta name=\"twitter:label2\" content=\"Est. reading time\" \/>\n\t\t<meta name=\"twitter:data2\" content=\"4 minutes\" \/>\n\t\t<script type=\"application\/ld+json\" class=\"aioseo-schema\">\n\t\t\t{\"@context\":\"https:\\\/\\\/schema.org\",\"@graph\":[{\"@type\":\"Article\",\"@id\":\"https:\\\/\\\/allasorias.hu\\\/hirek\\\/a-jarvany-kedvez-a-palyamodositasnak\\\/#article\",\"name\":\"A j\\u00e1rv\\u00e1ny kedvez a p\\u00e1lyam\\u00f3dos\\u00edt\\u00e1snak | AllasOrias.hu | H\\u00edrek-lapszemle\",\"headline\":\"A j\\u00e1rv\\u00e1ny kedvez a p\\u00e1lyam\\u00f3dos\\u00edt\\u00e1snak\",\"author\":{\"@id\":\"https:\\\/\\\/allasorias.hu\\\/hirek\\\/author\\\/admin-allasorias\\\/#author\"},\"publisher\":{\"@id\":\"https:\\\/\\\/allasorias.hu\\\/hirek\\\/#organization\"},\"image\":{\"@type\":\"ImageObject\",\"url\":\"https:\\\/\\\/allasorias.hu\\\/hirek\\\/wp-content\\\/uploads\\\/2020\\\/06\\\/5401.jpg\",\"width\":800,\"height\":446,\"caption\":\"People network and global communication concept. Business people with modern graphic interface of community linking many people around world by social media platform to connect international business.\"},\"datePublished\":\"2021-05-04T06:39:18+02:00\",\"dateModified\":\"2021-05-04T06:39:18+02:00\",\"inLanguage\":\"hu-HU\",\"mainEntityOfPage\":{\"@id\":\"https:\\\/\\\/allasorias.hu\\\/hirek\\\/a-jarvany-kedvez-a-palyamodositasnak\\\/#webpage\"},\"isPartOf\":{\"@id\":\"https:\\\/\\\/allasorias.hu\\\/hirek\\\/a-jarvany-kedvez-a-palyamodositasnak\\\/#webpage\"},\"articleSection\":\"Munkaer\\u0151piac\"},{\"@type\":\"BreadcrumbList\",\"@id\":\"https:\\\/\\\/allasorias.hu\\\/hirek\\\/a-jarvany-kedvez-a-palyamodositasnak\\\/#breadcrumblist\",\"itemListElement\":[{\"@type\":\"ListItem\",\"@id\":\"https:\\\/\\\/allasorias.hu\\\/hirek#listItem\",\"position\":1,\"name\":\"Home\",\"item\":\"https:\\\/\\\/allasorias.hu\\\/hirek\",\"nextItem\":{\"@type\":\"ListItem\",\"@id\":\"https:\\\/\\\/allasorias.hu\\\/hirek\\\/temak\\\/munkaeropiac\\\/#listItem\",\"name\":\"Munkaer\\u0151piac\"}},{\"@type\":\"ListItem\",\"@id\":\"https:\\\/\\\/allasorias.hu\\\/hirek\\\/temak\\\/munkaeropiac\\\/#listItem\",\"position\":2,\"name\":\"Munkaer\\u0151piac\",\"item\":\"https:\\\/\\\/allasorias.hu\\\/hirek\\\/temak\\\/munkaeropiac\\\/\",\"nextItem\":{\"@type\":\"ListItem\",\"@id\":\"https:\\\/\\\/allasorias.hu\\\/hirek\\\/a-jarvany-kedvez-a-palyamodositasnak\\\/#listItem\",\"name\":\"A j\\u00e1rv\\u00e1ny kedvez a p\\u00e1lyam\\u00f3dos\\u00edt\\u00e1snak\"},\"previousItem\":{\"@type\":\"ListItem\",\"@id\":\"https:\\\/\\\/allasorias.hu\\\/hirek#listItem\",\"name\":\"Home\"}},{\"@type\":\"ListItem\",\"@id\":\"https:\\\/\\\/allasorias.hu\\\/hirek\\\/a-jarvany-kedvez-a-palyamodositasnak\\\/#listItem\",\"position\":3,\"name\":\"A j\\u00e1rv\\u00e1ny kedvez a p\\u00e1lyam\\u00f3dos\\u00edt\\u00e1snak\",\"previousItem\":{\"@type\":\"ListItem\",\"@id\":\"https:\\\/\\\/allasorias.hu\\\/hirek\\\/temak\\\/munkaeropiac\\\/#listItem\",\"name\":\"Munkaer\\u0151piac\"}}]},{\"@type\":\"Organization\",\"@id\":\"https:\\\/\\\/allasorias.hu\\\/hirek\\\/#organization\",\"name\":\"AllasOrias.hu | H\\u00edrek-lapszemle\",\"description\":\"\\u00dczleti h\\u00edrek az \\u00e1ll\\u00e1s \\u00e9s a munka vil\\u00e1g\\u00e1b\\u00f3l\",\"url\":\"https:\\\/\\\/allasorias.hu\\\/hirek\\\/\",\"logo\":{\"@type\":\"ImageObject\",\"url\":\"https:\\\/\\\/allasorias.hu\\\/hirek\\\/wp-content\\\/uploads\\\/2022\\\/10\\\/allasorias_site_facebok_logo.png\",\"@id\":\"https:\\\/\\\/allasorias.hu\\\/hirek\\\/a-jarvany-kedvez-a-palyamodositasnak\\\/#organizationLogo\"},\"image\":{\"@id\":\"https:\\\/\\\/allasorias.hu\\\/hirek\\\/a-jarvany-kedvez-a-palyamodositasnak\\\/#organizationLogo\"},\"sameAs\":[\"https:\\\/\\\/www.facebook.com\\\/allasorias\",\"https:\\\/\\\/www.linkedin.com\\\/company\\\/allasorias\"]},{\"@type\":\"Person\",\"@id\":\"https:\\\/\\\/allasorias.hu\\\/hirek\\\/author\\\/admin-allasorias\\\/#author\",\"url\":\"https:\\\/\\\/allasorias.hu\\\/hirek\\\/author\\\/admin-allasorias\\\/\",\"name\":\"Juh\\u00e1sz P\\u00e9ter\",\"image\":{\"@type\":\"ImageObject\",\"@id\":\"https:\\\/\\\/allasorias.hu\\\/hirek\\\/a-jarvany-kedvez-a-palyamodositasnak\\\/#authorImage\",\"url\":\"https:\\\/\\\/secure.gravatar.com\\\/avatar\\\/36e6bcb83148978b992977cb0f54d22feb0cce8a0a849a9410532bb2623ba4c6?s=96&d=mm&r=g\",\"width\":96,\"height\":96,\"caption\":\"Juh\\u00e1sz P\\u00e9ter\"}},{\"@type\":\"WebPage\",\"@id\":\"https:\\\/\\\/allasorias.hu\\\/hirek\\\/a-jarvany-kedvez-a-palyamodositasnak\\\/#webpage\",\"url\":\"https:\\\/\\\/allasorias.hu\\\/hirek\\\/a-jarvany-kedvez-a-palyamodositasnak\\\/\",\"name\":\"A j\\u00e1rv\\u00e1ny kedvez a p\\u00e1lyam\\u00f3dos\\u00edt\\u00e1snak | AllasOrias.hu | H\\u00edrek-lapszemle\",\"description\":\"A Covid\\u201319-vil\\u00e1gj\\u00e1rv\\u00e1ny alapjaiban v\\u00e1ltoztatta meg a hazai munkaer\\u0151piacot.2020 tavasza \\u00f3ta rengetegen vesz\\u00edtett\\u00e9k el munk\\u00e1jukat, a megv\\u00e1ltozott \\u00e1llapotok sokakat arra k\\u00e9nyszer\\u00edtettek, hogy \\u00e1tgondolj\\u00e1k a helyzet\\u00fcket. A koronav\\u00edrus miatt \\u00e1talakult munkaer\\u0151piaci viszonyok sokakat neh\\u00e9z helyzetbe hoztak, ebb\\u0151l p\\u00e9ld\\u00e1ul a p\\u00e1lyav\\u00e1lt\\u00e1s, \\u00e1tk\\u00e9pz\\u00e9s jelenthet kiutat. A Profession.hu \\u00faj, Emberi oldal nev\\u0171 kezdem\\u00e9nyez\\u00e9s\\u00e9vel a Magyar M\\u00e1ltai Szeretetszolg\\u00e1lat Munkaer\\u0151piaci Szolg\\u00e1ltat\\u00f3 K\\u00f6zpontj\\u00e1t\",\"inLanguage\":\"hu-HU\",\"isPartOf\":{\"@id\":\"https:\\\/\\\/allasorias.hu\\\/hirek\\\/#website\"},\"breadcrumb\":{\"@id\":\"https:\\\/\\\/allasorias.hu\\\/hirek\\\/a-jarvany-kedvez-a-palyamodositasnak\\\/#breadcrumblist\"},\"author\":{\"@id\":\"https:\\\/\\\/allasorias.hu\\\/hirek\\\/author\\\/admin-allasorias\\\/#author\"},\"creator\":{\"@id\":\"https:\\\/\\\/allasorias.hu\\\/hirek\\\/author\\\/admin-allasorias\\\/#author\"},\"image\":{\"@type\":\"ImageObject\",\"url\":\"https:\\\/\\\/allasorias.hu\\\/hirek\\\/wp-content\\\/uploads\\\/2020\\\/06\\\/5401.jpg\",\"@id\":\"https:\\\/\\\/allasorias.hu\\\/hirek\\\/a-jarvany-kedvez-a-palyamodositasnak\\\/#mainImage\",\"width\":800,\"height\":446,\"caption\":\"People network and global communication concept. Business people with modern graphic interface of community linking many people around world by social media platform to connect international business.\"},\"primaryImageOfPage\":{\"@id\":\"https:\\\/\\\/allasorias.hu\\\/hirek\\\/a-jarvany-kedvez-a-palyamodositasnak\\\/#mainImage\"},\"datePublished\":\"2021-05-04T06:39:18+02:00\",\"dateModified\":\"2021-05-04T06:39:18+02:00\"},{\"@type\":\"WebSite\",\"@id\":\"https:\\\/\\\/allasorias.hu\\\/hirek\\\/#website\",\"url\":\"https:\\\/\\\/allasorias.hu\\\/hirek\\\/\",\"name\":\"AllasOrias.hu | H\\u00edrek-lapszemle\",\"description\":\"\\u00dczleti h\\u00edrek az \\u00e1ll\\u00e1s \\u00e9s a munka vil\\u00e1g\\u00e1b\\u00f3l\",\"inLanguage\":\"hu-HU\",\"publisher\":{\"@id\":\"https:\\\/\\\/allasorias.hu\\\/hirek\\\/#organization\"}}]}\n\t\t<\/script>\n\t\t<!-- All in One SEO -->\n\n","aioseo_head_json":{"title":"A j\u00e1rv\u00e1ny kedvez a p\u00e1lyam\u00f3dos\u00edt\u00e1snak | AllasOrias.hu | H\u00edrek-lapszemle","description":"A Covid\u201319-vil\u00e1gj\u00e1rv\u00e1ny alapjaiban v\u00e1ltoztatta meg a hazai munkaer\u0151piacot.2020 tavasza \u00f3ta rengetegen vesz\u00edtett\u00e9k el munk\u00e1jukat, a megv\u00e1ltozott \u00e1llapotok sokakat arra k\u00e9nyszer\u00edtettek, hogy \u00e1tgondolj\u00e1k a helyzet\u00fcket. A koronav\u00edrus miatt \u00e1talakult munkaer\u0151piaci viszonyok sokakat neh\u00e9z helyzetbe hoztak, ebb\u0151l p\u00e9ld\u00e1ul a p\u00e1lyav\u00e1lt\u00e1s, \u00e1tk\u00e9pz\u00e9s jelenthet kiutat. A Profession.hu \u00faj, Emberi oldal nev\u0171 kezdem\u00e9nyez\u00e9s\u00e9vel a Magyar M\u00e1ltai Szeretetszolg\u00e1lat Munkaer\u0151piaci Szolg\u00e1ltat\u00f3 K\u00f6zpontj\u00e1t","canonical_url":"https:\/\/allasorias.hu\/hirek\/a-jarvany-kedvez-a-palyamodositasnak\/","robots":"max-image-preview:large","keywords":"","webmasterTools":{"miscellaneous":""},"schema":{"@context":"https:\/\/schema.org","@graph":[{"@type":"Article","@id":"https:\/\/allasorias.hu\/hirek\/a-jarvany-kedvez-a-palyamodositasnak\/#article","name":"A j\u00e1rv\u00e1ny kedvez a p\u00e1lyam\u00f3dos\u00edt\u00e1snak | AllasOrias.hu | H\u00edrek-lapszemle","headline":"A j\u00e1rv\u00e1ny kedvez a p\u00e1lyam\u00f3dos\u00edt\u00e1snak","author":{"@id":"https:\/\/allasorias.hu\/hirek\/author\/admin-allasorias\/#author"},"publisher":{"@id":"https:\/\/allasorias.hu\/hirek\/#organization"},"image":{"@type":"ImageObject","url":"https:\/\/allasorias.hu\/hirek\/wp-content\/uploads\/2020\/06\/5401.jpg","width":800,"height":446,"caption":"People network and global communication concept. Business people with modern graphic interface of community linking many people around world by social media platform to connect international business."},"datePublished":"2021-05-04T06:39:18+02:00","dateModified":"2021-05-04T06:39:18+02:00","inLanguage":"hu-HU","mainEntityOfPage":{"@id":"https:\/\/allasorias.hu\/hirek\/a-jarvany-kedvez-a-palyamodositasnak\/#webpage"},"isPartOf":{"@id":"https:\/\/allasorias.hu\/hirek\/a-jarvany-kedvez-a-palyamodositasnak\/#webpage"},"articleSection":"Munkaer\u0151piac"},{"@type":"BreadcrumbList","@id":"https:\/\/allasorias.hu\/hirek\/a-jarvany-kedvez-a-palyamodositasnak\/#breadcrumblist","itemListElement":[{"@type":"ListItem","@id":"https:\/\/allasorias.hu\/hirek#listItem","position":1,"name":"Home","item":"https:\/\/allasorias.hu\/hirek","nextItem":{"@type":"ListItem","@id":"https:\/\/allasorias.hu\/hirek\/temak\/munkaeropiac\/#listItem","name":"Munkaer\u0151piac"}},{"@type":"ListItem","@id":"https:\/\/allasorias.hu\/hirek\/temak\/munkaeropiac\/#listItem","position":2,"name":"Munkaer\u0151piac","item":"https:\/\/allasorias.hu\/hirek\/temak\/munkaeropiac\/","nextItem":{"@type":"ListItem","@id":"https:\/\/allasorias.hu\/hirek\/a-jarvany-kedvez-a-palyamodositasnak\/#listItem","name":"A j\u00e1rv\u00e1ny kedvez a p\u00e1lyam\u00f3dos\u00edt\u00e1snak"},"previousItem":{"@type":"ListItem","@id":"https:\/\/allasorias.hu\/hirek#listItem","name":"Home"}},{"@type":"ListItem","@id":"https:\/\/allasorias.hu\/hirek\/a-jarvany-kedvez-a-palyamodositasnak\/#listItem","position":3,"name":"A j\u00e1rv\u00e1ny kedvez a p\u00e1lyam\u00f3dos\u00edt\u00e1snak","previousItem":{"@type":"ListItem","@id":"https:\/\/allasorias.hu\/hirek\/temak\/munkaeropiac\/#listItem","name":"Munkaer\u0151piac"}}]},{"@type":"Organization","@id":"https:\/\/allasorias.hu\/hirek\/#organization","name":"AllasOrias.hu | H\u00edrek-lapszemle","description":"\u00dczleti h\u00edrek az \u00e1ll\u00e1s \u00e9s a munka vil\u00e1g\u00e1b\u00f3l","url":"https:\/\/allasorias.hu\/hirek\/","logo":{"@type":"ImageObject","url":"https:\/\/allasorias.hu\/hirek\/wp-content\/uploads\/2022\/10\/allasorias_site_facebok_logo.png","@id":"https:\/\/allasorias.hu\/hirek\/a-jarvany-kedvez-a-palyamodositasnak\/#organizationLogo"},"image":{"@id":"https:\/\/allasorias.hu\/hirek\/a-jarvany-kedvez-a-palyamodositasnak\/#organizationLogo"},"sameAs":["https:\/\/www.facebook.com\/allasorias","https:\/\/www.linkedin.com\/company\/allasorias"]},{"@type":"Person","@id":"https:\/\/allasorias.hu\/hirek\/author\/admin-allasorias\/#author","url":"https:\/\/allasorias.hu\/hirek\/author\/admin-allasorias\/","name":"Juh\u00e1sz P\u00e9ter","image":{"@type":"ImageObject","@id":"https:\/\/allasorias.hu\/hirek\/a-jarvany-kedvez-a-palyamodositasnak\/#authorImage","url":"https:\/\/secure.gravatar.com\/avatar\/36e6bcb83148978b992977cb0f54d22feb0cce8a0a849a9410532bb2623ba4c6?s=96&d=mm&r=g","width":96,"height":96,"caption":"Juh\u00e1sz P\u00e9ter"}},{"@type":"WebPage","@id":"https:\/\/allasorias.hu\/hirek\/a-jarvany-kedvez-a-palyamodositasnak\/#webpage","url":"https:\/\/allasorias.hu\/hirek\/a-jarvany-kedvez-a-palyamodositasnak\/","name":"A j\u00e1rv\u00e1ny kedvez a p\u00e1lyam\u00f3dos\u00edt\u00e1snak | AllasOrias.hu | H\u00edrek-lapszemle","description":"A Covid\u201319-vil\u00e1gj\u00e1rv\u00e1ny alapjaiban v\u00e1ltoztatta meg a hazai munkaer\u0151piacot.2020 tavasza \u00f3ta rengetegen vesz\u00edtett\u00e9k el munk\u00e1jukat, a megv\u00e1ltozott \u00e1llapotok sokakat arra k\u00e9nyszer\u00edtettek, hogy \u00e1tgondolj\u00e1k a helyzet\u00fcket. A koronav\u00edrus miatt \u00e1talakult munkaer\u0151piaci viszonyok sokakat neh\u00e9z helyzetbe hoztak, ebb\u0151l p\u00e9ld\u00e1ul a p\u00e1lyav\u00e1lt\u00e1s, \u00e1tk\u00e9pz\u00e9s jelenthet kiutat. A Profession.hu \u00faj, Emberi oldal nev\u0171 kezdem\u00e9nyez\u00e9s\u00e9vel a Magyar M\u00e1ltai Szeretetszolg\u00e1lat Munkaer\u0151piaci Szolg\u00e1ltat\u00f3 K\u00f6zpontj\u00e1t","inLanguage":"hu-HU","isPartOf":{"@id":"https:\/\/allasorias.hu\/hirek\/#website"},"breadcrumb":{"@id":"https:\/\/allasorias.hu\/hirek\/a-jarvany-kedvez-a-palyamodositasnak\/#breadcrumblist"},"author":{"@id":"https:\/\/allasorias.hu\/hirek\/author\/admin-allasorias\/#author"},"creator":{"@id":"https:\/\/allasorias.hu\/hirek\/author\/admin-allasorias\/#author"},"image":{"@type":"ImageObject","url":"https:\/\/allasorias.hu\/hirek\/wp-content\/uploads\/2020\/06\/5401.jpg","@id":"https:\/\/allasorias.hu\/hirek\/a-jarvany-kedvez-a-palyamodositasnak\/#mainImage","width":800,"height":446,"caption":"People network and global communication concept. Business people with modern graphic interface of community linking many people around world by social media platform to connect international business."},"primaryImageOfPage":{"@id":"https:\/\/allasorias.hu\/hirek\/a-jarvany-kedvez-a-palyamodositasnak\/#mainImage"},"datePublished":"2021-05-04T06:39:18+02:00","dateModified":"2021-05-04T06:39:18+02:00"},{"@type":"WebSite","@id":"https:\/\/allasorias.hu\/hirek\/#website","url":"https:\/\/allasorias.hu\/hirek\/","name":"AllasOrias.hu | H\u00edrek-lapszemle","description":"\u00dczleti h\u00edrek az \u00e1ll\u00e1s \u00e9s a munka vil\u00e1g\u00e1b\u00f3l","inLanguage":"hu-HU","publisher":{"@id":"https:\/\/allasorias.hu\/hirek\/#organization"}}]},"og:locale":"hu_HU","og:site_name":"AllasOrias.hu | H\u00edrek-lapszemle | \u00dczleti h\u00edrek az \u00e1ll\u00e1s \u00e9s a munka vil\u00e1g\u00e1b\u00f3l","og:type":"article","og:title":"A j\u00e1rv\u00e1ny kedvez a p\u00e1lyam\u00f3dos\u00edt\u00e1snak | AllasOrias.hu | H\u00edrek-lapszemle","og:description":"A Covid\u201319-vil\u00e1gj\u00e1rv\u00e1ny alapjaiban v\u00e1ltoztatta meg a hazai munkaer\u0151piacot.2020 tavasza \u00f3ta rengetegen vesz\u00edtett\u00e9k el munk\u00e1jukat, a megv\u00e1ltozott \u00e1llapotok sokakat arra k\u00e9nyszer\u00edtettek, hogy \u00e1tgondolj\u00e1k a helyzet\u00fcket. A koronav\u00edrus miatt \u00e1talakult munkaer\u0151piaci viszonyok sokakat neh\u00e9z helyzetbe hoztak, ebb\u0151l p\u00e9ld\u00e1ul a p\u00e1lyav\u00e1lt\u00e1s, \u00e1tk\u00e9pz\u00e9s jelenthet kiutat. A Profession.hu \u00faj, Emberi oldal nev\u0171 kezdem\u00e9nyez\u00e9s\u00e9vel a Magyar M\u00e1ltai Szeretetszolg\u00e1lat Munkaer\u0151piaci Szolg\u00e1ltat\u00f3 K\u00f6zpontj\u00e1t","og:url":"https:\/\/allasorias.hu\/hirek\/a-jarvany-kedvez-a-palyamodositasnak\/","og:image":"https:\/\/allasorias.hu\/hirek\/wp-content\/uploads\/2020\/06\/5401.jpg","og:image:secure_url":"https:\/\/allasorias.hu\/hirek\/wp-content\/uploads\/2020\/06\/5401.jpg","og:image:width":800,"og:image:height":446,"article:published_time":"2021-05-04T06:39:18+00:00","article:modified_time":"2021-05-04T06:39:18+00:00","article:publisher":"https:\/\/www.facebook.com\/allasorias","twitter:card":"summary_large_image","twitter:title":"A j\u00e1rv\u00e1ny kedvez a p\u00e1lyam\u00f3dos\u00edt\u00e1snak | AllasOrias.hu | H\u00edrek-lapszemle","twitter:description":"A Covid\u201319-vil\u00e1gj\u00e1rv\u00e1ny alapjaiban v\u00e1ltoztatta meg a hazai munkaer\u0151piacot.2020 tavasza \u00f3ta rengetegen vesz\u00edtett\u00e9k el munk\u00e1jukat, a megv\u00e1ltozott \u00e1llapotok sokakat arra k\u00e9nyszer\u00edtettek, hogy \u00e1tgondolj\u00e1k a helyzet\u00fcket. A koronav\u00edrus miatt \u00e1talakult munkaer\u0151piaci viszonyok sokakat neh\u00e9z helyzetbe hoztak, ebb\u0151l p\u00e9ld\u00e1ul a p\u00e1lyav\u00e1lt\u00e1s, \u00e1tk\u00e9pz\u00e9s jelenthet kiutat. A Profession.hu \u00faj, Emberi oldal nev\u0171 kezdem\u00e9nyez\u00e9s\u00e9vel a Magyar M\u00e1ltai Szeretetszolg\u00e1lat Munkaer\u0151piaci Szolg\u00e1ltat\u00f3 K\u00f6zpontj\u00e1t","twitter:image":"https:\/\/allasorias.hu\/hirek\/wp-content\/uploads\/2020\/06\/5401.jpg","twitter:label1":"Written by","twitter:data1":"Juh\u00e1sz P\u00e9ter","twitter:label2":"Est. reading time","twitter:data2":"4 minutes"},"aioseo_meta_data":{"post_id":"4761","title":null,"description":null,"keywords":[],"keyphrases":{"focus":[],"additional":[]},"primary_term":null,"canonical_url":null,"og_title":null,"og_description":null,"og_object_type":"default","og_image_type":"default","og_image_url":null,"og_image_width":null,"og_image_height":null,"og_image_custom_url":null,"og_image_custom_fields":null,"og_video":"","og_custom_url":null,"og_article_section":null,"og_article_tags":[],"twitter_use_og":false,"twitter_card":"default","twitter_image_type":"default","twitter_image_url":null,"twitter_image_custom_url":null,"twitter_image_custom_fields":null,"twitter_title":null,"twitter_description":null,"schema":{"blockGraphs":[],"customGraphs":[],"default":{"data":{"Article":[],"Course":[],"Dataset":[],"FAQPage":[],"Movie":[],"Person":[],"Product":[],"ProductReview":[],"Car":[],"Recipe":[],"Service":[],"SoftwareApplication":[],"WebPage":[]},"graphName":"","isEnabled":true},"graphs":[],"defaultGraph":"Article","defaultPostTypeGraph":""},"schema_type":"default","schema_type_options":"{\"article\":{\"articleType\":\"BlogPosting\"},\"course\":{\"name\":\"\",\"description\":\"\",\"provider\":\"\"},\"faq\":{\"pages\":[]},\"product\":{\"reviews\":[]},\"recipe\":{\"ingredients\":[],\"instructions\":[],\"keywords\":[]},\"software\":{\"reviews\":[],\"operatingSystems\":[]},\"webPage\":{\"webPageType\":\"WebPage\"}}","pillar_content":false,"robots_default":true,"robots_noindex":false,"robots_noarchive":false,"robots_nosnippet":false,"robots_nofollow":false,"robots_noimageindex":false,"robots_noodp":false,"robots_notranslate":false,"robots_max_snippet":"-1","robots_max_videopreview":"-1","robots_max_imagepreview":"large","priority":null,"frequency":"default","location":null,"local_seo":{"locations":{"business":{"name":"","businessType":"","image":"","areaServed":"","urls":{"website":"","aboutPage":"","contactPage":""},"address":{"streetLine1":"","streetLine2":"","zipCode":"","city":"","state":"","country":"","addressFormat":"#streetLineOne\n#streetLineTwo\n#city, #state #zipCode"},"contact":{"phone":"","email":"","fax":""},"ids":{"vat":"","tax":"","chamberOfCommerce":""},"payment":{"priceRange":"","currenciesAccepted":"","methods":""}}},"openingHours":{"useDefaults":true,"show":true,"alwaysOpen":false,"use24hFormat":false,"timezone":"","labels":{"closed":"","alwaysOpen":""},"days":{"monday":{"open24h":false,"closed":false,"openTime":"09:00","closeTime":"17:00"},"tuesday":{"open24h":false,"closed":false,"openTime":"09:00","closeTime":"17:00"},"wednesday":{"open24h":false,"closed":false,"openTime":"09:00","closeTime":"17:00"},"thursday":{"open24h":false,"closed":false,"openTime":"09:00","closeTime":"17:00"},"friday":{"open24h":false,"closed":false,"openTime":"09:00","closeTime":"17:00"},"saturday":{"open24h":false,"closed":false,"openTime":"09:00","closeTime":"17:00"},"sunday":{"open24h":false,"closed":false,"openTime":"09:00","closeTime":"17:00"}}}},"breadcrumb_settings":null,"limit_modified_date":false,"ai":null,"created":"2021-05-04 06:33:51","updated":"2025-10-02 15:42:15","seo_analyzer_scan_date":null,"focus_keyword":null,"additional_keywords":null,"truseo_locale":null},"aioseo_breadcrumb":"<div class=\"aioseo-breadcrumbs\"><span class=\"aioseo-breadcrumb\">\n\t\t\t<a href=\"https:\/\/allasorias.hu\/hirek\" title=\"Home\">Home<\/a>\n\t\t<\/span><span class=\"aioseo-breadcrumb-separator\">&raquo;<\/span><span class=\"aioseo-breadcrumb\">\n\t\t\t<a href=\"https:\/\/allasorias.hu\/hirek\/temak\/munkaeropiac\/\" title=\"Munkaer\u0151piac\">Munkaer\u0151piac<\/a>\n\t\t<\/span><span class=\"aioseo-breadcrumb-separator\">&raquo;<\/span><span class=\"aioseo-breadcrumb\">\n\t\t\tA j\u00e1rv\u00e1ny kedvez a p\u00e1lyam\u00f3dos\u00edt\u00e1snak\n\t\t<\/span><\/div>","aioseo_breadcrumb_json":[{"label":"Home","link":"https:\/\/allasorias.hu\/hirek"},{"label":"Munkaer\u0151piac","link":"https:\/\/allasorias.hu\/hirek\/temak\/munkaeropiac\/"},{"label":"A j\u00e1rv\u00e1ny kedvez a p\u00e1lyam\u00f3dos\u00edt\u00e1snak","link":"https:\/\/allasorias.hu\/hirek\/a-jarvany-kedvez-a-palyamodositasnak\/"}],"_links":{"self":[{"href":"https:\/\/allasorias.hu\/hirek\/wp-json\/wp\/v2\/posts\/4761","targetHints":{"allow":["GET"]}}],"collection":[{"href":"https:\/\/allasorias.hu\/hirek\/wp-json\/wp\/v2\/posts"}],"about":[{"href":"https:\/\/allasorias.hu\/hirek\/wp-json\/wp\/v2\/types\/post"}],"author":[{"embeddable":true,"href":"https:\/\/allasorias.hu\/hirek\/wp-json\/wp\/v2\/users\/1"}],"replies":[{"embeddable":true,"href":"https:\/\/allasorias.hu\/hirek\/wp-json\/wp\/v2\/comments?post=4761"}],"version-history":[{"count":1,"href":"https:\/\/allasorias.hu\/hirek\/wp-json\/wp\/v2\/posts\/4761\/revisions"}],"predecessor-version":[{"id":4762,"href":"https:\/\/allasorias.hu\/hirek\/wp-json\/wp\/v2\/posts\/4761\/revisions\/4762"}],"wp:featuredmedia":[{"embeddable":true,"href":"https:\/\/allasorias.hu\/hirek\/wp-json\/wp\/v2\/media\/4057"}],"wp:attachment":[{"href":"https:\/\/allasorias.hu\/hirek\/wp-json\/wp\/v2\/media?parent=4761"}],"wp:term":[{"taxonomy":"category","embeddable":true,"href":"https:\/\/allasorias.hu\/hirek\/wp-json\/wp\/v2\/categories?post=4761"},{"taxonomy":"post_tag","embeddable":true,"href":"https:\/\/allasorias.hu\/hirek\/wp-json\/wp\/v2\/tags?post=4761"}],"curies":[{"name":"wp","href":"https:\/\/api.w.org\/{rel}","templated":true}]}}