{"id":4748,"date":"2021-04-28T06:49:18","date_gmt":"2021-04-28T06:49:18","guid":{"rendered":"https:\/\/allasorias.hu\/hirek\/?p=4748"},"modified":"2021-04-28T06:49:18","modified_gmt":"2021-04-28T06:49:18","slug":"kevesebben-keresnek-allast","status":"publish","type":"post","link":"https:\/\/allasorias.hu\/hirek\/kevesebben-keresnek-allast\/","title":{"rendered":"Kevesebben keresnek \u00e1ll\u00e1st"},"content":{"rendered":"<p><strong>Javulnak a foglalkoztat\u00e1si adatok haz\u00e1nkban. \u00c1prilis v\u00e9g\u00e9re 15 ezerrel cs\u00f6kkent a regisztr\u00e1lt \u00e1ll\u00e1skeres\u0151k sz\u00e1ma egy h\u00f3nap alatt, a Nemzeti Foglalkoztat\u00e1si Szolg\u00e1lat (NFSZ) legfrissebb adatai szerint a tavaly j\u00faniusi m\u00e9lyponthoz viszony\u00edtva k\u00f6zel 90 ezerrel kevesebben vannak munka n\u00e9lk\u00fcl &#8211; k\u00f6z\u00f6lte Bod\u00f3 S\u00e1ndor, az Innov\u00e1ci\u00f3s \u00e9s Technol\u00f3giai Miniszt\u00e9rium (ITM) foglalkoztat\u00e1spolitik\u00e1\u00e9rt felel\u0151s \u00e1llamtitk\u00e1ra a miniszt\u00e9rium k\u00f6zlem\u00e9nye szerint. <\/strong><\/p>\n<p>Az \u00e1llamtitk\u00e1r elmondta: a foglalkoztat\u00e1si adatok javul\u00e1sa f\u0151k\u00e9nt a gazdas\u00e1gv\u00e9delmi int\u00e9zked\u00e9seknek, a b\u00e9rt\u00e1mogat\u00e1si programoknak \u00e9s az ad\u00f3kedvezm\u00e9nyeknek k\u00f6sz\u00f6nhet\u0151, a gazdas\u00e1g fokozatos \u00fajraind\u00edt\u00e1sa tov\u00e1bbi \u00e9l\u00e9nk\u00fcl\u00e9st hozhat a munkaer\u0151piacon. &#8222;J\u00f3l mutatja a magyar v\u00e1ls\u00e1gkezel\u00e9s sikeress\u00e9g\u00e9t, hogy a legfrissebb adatok szerint egy h\u00f3nap alatt t\u00f6bb mint 60 ezerrel n\u0151tt a foglalkoztatottak sz\u00e1ma. Az oltotts\u00e1g el\u0151rehalad\u00e1s\u00e1nak k\u00f6sz\u00f6nhet\u0151en a munkaer\u0151piac folytat\u00f3d\u00f3 \u00e9l\u00e9nk\u00fcl\u00e9s\u00e9re sz\u00e1m\u00edtunk. A vend\u00e9gl\u00e1t\u00f3helyek, sz\u00e1ll\u00e1shelyek \u00e9s szolg\u00e1ltat\u00e1sok fokozatos \u00fajraindul\u00e1s\u00e1val m\u00e1r a k\u00f6zelj\u00f6v\u0151ben \u00e9rezhet\u0151en t\u00f6bben dolgozhatnak Magyarorsz\u00e1gon&#8221; &#8211; mondta Bod\u00f3 S\u00e1ndor.<\/p>\n<p>Forr\u00e1s: hrportal.hu<\/p>\n","protected":false},"excerpt":{"rendered":"<p>Javulnak a foglalkoztat\u00e1si adatok haz\u00e1nkban. \u00c1prilis v\u00e9g\u00e9re 15 ezerrel cs\u00f6kkent a regisztr\u00e1lt \u00e1ll\u00e1skeres\u0151k sz\u00e1ma egy h\u00f3nap alatt, a Nemzeti Foglalkoztat\u00e1si Szolg\u00e1lat (NFSZ) legfrissebb adatai szerint a tavaly j\u00faniusi m\u00e9lyponthoz viszony\u00edtva k\u00f6zel 90 ezerrel kevesebben vannak munka n\u00e9lk\u00fcl &#8211; k\u00f6z\u00f6lte Bod\u00f3 S\u00e1ndor, az Innov\u00e1ci\u00f3s \u00e9s Technol\u00f3giai Miniszt\u00e9rium (ITM) foglalkoztat\u00e1spolitik\u00e1\u00e9rt felel\u0151s \u00e1llamtitk\u00e1ra a miniszt\u00e9rium k\u00f6zlem\u00e9nye szerint. Az [&hellip;]<\/p>\n","protected":false},"author":1,"featured_media":2440,"comment_status":"open","ping_status":"open","sticky":false,"template":"","format":"standard","meta":{"_monsterinsights_skip_tracking":false,"footnotes":""},"categories":[200],"tags":[],"class_list":["post-4748","post","type-post","status-publish","format-standard","has-post-thumbnail","hentry","category-munkaeropiac"],"aioseo_notices":[],"aioseo_head":"\n\t\t<!-- All in One SEO 5.0.0.1 - aioseo.com -->\n\t<meta name=\"description\" content=\"Javulnak a foglalkoztat\u00e1si adatok haz\u00e1nkban. \u00c1prilis v\u00e9g\u00e9re 15 ezerrel cs\u00f6kkent a regisztr\u00e1lt \u00e1ll\u00e1skeres\u0151k sz\u00e1ma egy h\u00f3nap alatt, a Nemzeti Foglalkoztat\u00e1si Szolg\u00e1lat (NFSZ) legfrissebb adatai szerint a tavaly j\u00faniusi m\u00e9lyponthoz viszony\u00edtva k\u00f6zel 90 ezerrel kevesebben vannak munka n\u00e9lk\u00fcl - k\u00f6z\u00f6lte Bod\u00f3 S\u00e1ndor, az Innov\u00e1ci\u00f3s \u00e9s Technol\u00f3giai Miniszt\u00e9rium (ITM) foglalkoztat\u00e1spolitik\u00e1\u00e9rt felel\u0151s \u00e1llamtitk\u00e1ra a miniszt\u00e9rium k\u00f6zlem\u00e9nye szerint. Az\" \/>\n\t<meta name=\"robots\" content=\"max-image-preview:large\" \/>\n\t<meta name=\"author\" content=\"Juh\u00e1sz P\u00e9ter\"\/>\n\t<link rel=\"canonical\" href=\"https:\/\/allasorias.hu\/hirek\/kevesebben-keresnek-allast\/\" \/>\n\t<meta name=\"generator\" content=\"All in One SEO (AIOSEO) 5.0.0.1\" \/>\n\t\t<meta property=\"og:locale\" content=\"hu_HU\" \/>\n\t\t<meta property=\"og:site_name\" content=\"AllasOrias.hu | H\u00edrek-lapszemle | \u00dczleti h\u00edrek az \u00e1ll\u00e1s \u00e9s a munka vil\u00e1g\u00e1b\u00f3l\" \/>\n\t\t<meta property=\"og:type\" content=\"article\" \/>\n\t\t<meta property=\"og:title\" content=\"Kevesebben keresnek \u00e1ll\u00e1st | AllasOrias.hu | H\u00edrek-lapszemle\" \/>\n\t\t<meta property=\"og:description\" content=\"Javulnak a foglalkoztat\u00e1si adatok haz\u00e1nkban. \u00c1prilis v\u00e9g\u00e9re 15 ezerrel cs\u00f6kkent a regisztr\u00e1lt \u00e1ll\u00e1skeres\u0151k sz\u00e1ma egy h\u00f3nap alatt, a Nemzeti Foglalkoztat\u00e1si Szolg\u00e1lat (NFSZ) legfrissebb adatai szerint a tavaly j\u00faniusi m\u00e9lyponthoz viszony\u00edtva k\u00f6zel 90 ezerrel kevesebben vannak munka n\u00e9lk\u00fcl - k\u00f6z\u00f6lte Bod\u00f3 S\u00e1ndor, az Innov\u00e1ci\u00f3s \u00e9s Technol\u00f3giai Miniszt\u00e9rium (ITM) foglalkoztat\u00e1spolitik\u00e1\u00e9rt felel\u0151s \u00e1llamtitk\u00e1ra a miniszt\u00e9rium k\u00f6zlem\u00e9nye szerint. Az\" \/>\n\t\t<meta property=\"og:url\" content=\"https:\/\/allasorias.hu\/hirek\/kevesebben-keresnek-allast\/\" \/>\n\t\t<meta property=\"og:image\" content=\"https:\/\/allasorias.hu\/hirek\/wp-content\/uploads\/2019\/01\/pexels-photo-590022.jpeg\" \/>\n\t\t<meta property=\"og:image:secure_url\" content=\"https:\/\/allasorias.hu\/hirek\/wp-content\/uploads\/2019\/01\/pexels-photo-590022.jpeg\" \/>\n\t\t<meta property=\"og:image:width\" content=\"640\" \/>\n\t\t<meta property=\"og:image:height\" content=\"423\" \/>\n\t\t<meta property=\"article:published_time\" content=\"2021-04-28T06:49:18+00:00\" \/>\n\t\t<meta property=\"article:modified_time\" content=\"2021-04-28T06:49:18+00:00\" \/>\n\t\t<meta property=\"article:publisher\" content=\"https:\/\/www.facebook.com\/allasorias\" \/>\n\t\t<meta name=\"twitter:card\" content=\"summary_large_image\" \/>\n\t\t<meta name=\"twitter:title\" content=\"Kevesebben keresnek \u00e1ll\u00e1st | AllasOrias.hu | H\u00edrek-lapszemle\" \/>\n\t\t<meta name=\"twitter:description\" content=\"Javulnak a foglalkoztat\u00e1si adatok haz\u00e1nkban. \u00c1prilis v\u00e9g\u00e9re 15 ezerrel cs\u00f6kkent a regisztr\u00e1lt \u00e1ll\u00e1skeres\u0151k sz\u00e1ma egy h\u00f3nap alatt, a Nemzeti Foglalkoztat\u00e1si Szolg\u00e1lat (NFSZ) legfrissebb adatai szerint a tavaly j\u00faniusi m\u00e9lyponthoz viszony\u00edtva k\u00f6zel 90 ezerrel kevesebben vannak munka n\u00e9lk\u00fcl - k\u00f6z\u00f6lte Bod\u00f3 S\u00e1ndor, az Innov\u00e1ci\u00f3s \u00e9s Technol\u00f3giai Miniszt\u00e9rium (ITM) foglalkoztat\u00e1spolitik\u00e1\u00e9rt felel\u0151s \u00e1llamtitk\u00e1ra a miniszt\u00e9rium k\u00f6zlem\u00e9nye szerint. Az\" \/>\n\t\t<meta name=\"twitter:image\" content=\"https:\/\/allasorias.hu\/hirek\/wp-content\/uploads\/2019\/01\/pexels-photo-590022.jpeg\" \/>\n\t\t<meta name=\"twitter:label1\" content=\"Written by\" \/>\n\t\t<meta name=\"twitter:data1\" content=\"Juh\u00e1sz P\u00e9ter\" \/>\n\t\t<meta name=\"twitter:label2\" content=\"Est. reading time\" \/>\n\t\t<meta name=\"twitter:data2\" content=\"1 minute\" \/>\n\t\t<script type=\"application\/ld+json\" class=\"aioseo-schema\">\n\t\t\t{\"@context\":\"https:\\\/\\\/schema.org\",\"@graph\":[{\"@type\":\"Article\",\"@id\":\"https:\\\/\\\/allasorias.hu\\\/hirek\\\/kevesebben-keresnek-allast\\\/#article\",\"name\":\"Kevesebben keresnek \\u00e1ll\\u00e1st | AllasOrias.hu | H\\u00edrek-lapszemle\",\"headline\":\"Kevesebben keresnek \\u00e1ll\\u00e1st\",\"author\":{\"@id\":\"https:\\\/\\\/allasorias.hu\\\/hirek\\\/author\\\/admin-allasorias\\\/#author\"},\"publisher\":{\"@id\":\"https:\\\/\\\/allasorias.hu\\\/hirek\\\/#organization\"},\"image\":{\"@type\":\"ImageObject\",\"url\":\"https:\\\/\\\/allasorias.hu\\\/hirek\\\/wp-content\\\/uploads\\\/2019\\\/01\\\/pexels-photo-590022.jpeg\",\"width\":640,\"height\":423},\"datePublished\":\"2021-04-28T06:49:18+02:00\",\"dateModified\":\"2021-04-28T06:49:18+02:00\",\"inLanguage\":\"hu-HU\",\"mainEntityOfPage\":{\"@id\":\"https:\\\/\\\/allasorias.hu\\\/hirek\\\/kevesebben-keresnek-allast\\\/#webpage\"},\"isPartOf\":{\"@id\":\"https:\\\/\\\/allasorias.hu\\\/hirek\\\/kevesebben-keresnek-allast\\\/#webpage\"},\"articleSection\":\"Munkaer\\u0151piac\"},{\"@type\":\"BreadcrumbList\",\"@id\":\"https:\\\/\\\/allasorias.hu\\\/hirek\\\/kevesebben-keresnek-allast\\\/#breadcrumblist\",\"itemListElement\":[{\"@type\":\"ListItem\",\"@id\":\"https:\\\/\\\/allasorias.hu\\\/hirek#listItem\",\"position\":1,\"name\":\"Home\",\"item\":\"https:\\\/\\\/allasorias.hu\\\/hirek\",\"nextItem\":{\"@type\":\"ListItem\",\"@id\":\"https:\\\/\\\/allasorias.hu\\\/hirek\\\/temak\\\/munkaeropiac\\\/#listItem\",\"name\":\"Munkaer\\u0151piac\"}},{\"@type\":\"ListItem\",\"@id\":\"https:\\\/\\\/allasorias.hu\\\/hirek\\\/temak\\\/munkaeropiac\\\/#listItem\",\"position\":2,\"name\":\"Munkaer\\u0151piac\",\"item\":\"https:\\\/\\\/allasorias.hu\\\/hirek\\\/temak\\\/munkaeropiac\\\/\",\"nextItem\":{\"@type\":\"ListItem\",\"@id\":\"https:\\\/\\\/allasorias.hu\\\/hirek\\\/kevesebben-keresnek-allast\\\/#listItem\",\"name\":\"Kevesebben keresnek \\u00e1ll\\u00e1st\"},\"previousItem\":{\"@type\":\"ListItem\",\"@id\":\"https:\\\/\\\/allasorias.hu\\\/hirek#listItem\",\"name\":\"Home\"}},{\"@type\":\"ListItem\",\"@id\":\"https:\\\/\\\/allasorias.hu\\\/hirek\\\/kevesebben-keresnek-allast\\\/#listItem\",\"position\":3,\"name\":\"Kevesebben keresnek \\u00e1ll\\u00e1st\",\"previousItem\":{\"@type\":\"ListItem\",\"@id\":\"https:\\\/\\\/allasorias.hu\\\/hirek\\\/temak\\\/munkaeropiac\\\/#listItem\",\"name\":\"Munkaer\\u0151piac\"}}]},{\"@type\":\"Organization\",\"@id\":\"https:\\\/\\\/allasorias.hu\\\/hirek\\\/#organization\",\"name\":\"AllasOrias.hu | H\\u00edrek-lapszemle\",\"description\":\"\\u00dczleti h\\u00edrek az \\u00e1ll\\u00e1s \\u00e9s a munka vil\\u00e1g\\u00e1b\\u00f3l\",\"url\":\"https:\\\/\\\/allasorias.hu\\\/hirek\\\/\",\"logo\":{\"@type\":\"ImageObject\",\"url\":\"https:\\\/\\\/allasorias.hu\\\/hirek\\\/wp-content\\\/uploads\\\/2022\\\/10\\\/allasorias_site_facebok_logo.png\",\"@id\":\"https:\\\/\\\/allasorias.hu\\\/hirek\\\/kevesebben-keresnek-allast\\\/#organizationLogo\"},\"image\":{\"@id\":\"https:\\\/\\\/allasorias.hu\\\/hirek\\\/kevesebben-keresnek-allast\\\/#organizationLogo\"},\"sameAs\":[\"https:\\\/\\\/www.facebook.com\\\/allasorias\",\"https:\\\/\\\/www.linkedin.com\\\/company\\\/allasorias\"]},{\"@type\":\"Person\",\"@id\":\"https:\\\/\\\/allasorias.hu\\\/hirek\\\/author\\\/admin-allasorias\\\/#author\",\"url\":\"https:\\\/\\\/allasorias.hu\\\/hirek\\\/author\\\/admin-allasorias\\\/\",\"name\":\"Juh\\u00e1sz P\\u00e9ter\",\"image\":{\"@type\":\"ImageObject\",\"@id\":\"https:\\\/\\\/allasorias.hu\\\/hirek\\\/kevesebben-keresnek-allast\\\/#authorImage\",\"url\":\"https:\\\/\\\/secure.gravatar.com\\\/avatar\\\/36e6bcb83148978b992977cb0f54d22feb0cce8a0a849a9410532bb2623ba4c6?s=96&d=mm&r=g\",\"width\":96,\"height\":96,\"caption\":\"Juh\\u00e1sz P\\u00e9ter\"}},{\"@type\":\"WebPage\",\"@id\":\"https:\\\/\\\/allasorias.hu\\\/hirek\\\/kevesebben-keresnek-allast\\\/#webpage\",\"url\":\"https:\\\/\\\/allasorias.hu\\\/hirek\\\/kevesebben-keresnek-allast\\\/\",\"name\":\"Kevesebben keresnek \\u00e1ll\\u00e1st | AllasOrias.hu | H\\u00edrek-lapszemle\",\"description\":\"Javulnak a foglalkoztat\\u00e1si adatok haz\\u00e1nkban. \\u00c1prilis v\\u00e9g\\u00e9re 15 ezerrel cs\\u00f6kkent a regisztr\\u00e1lt \\u00e1ll\\u00e1skeres\\u0151k sz\\u00e1ma egy h\\u00f3nap alatt, a Nemzeti Foglalkoztat\\u00e1si Szolg\\u00e1lat (NFSZ) legfrissebb adatai szerint a tavaly j\\u00faniusi m\\u00e9lyponthoz viszony\\u00edtva k\\u00f6zel 90 ezerrel kevesebben vannak munka n\\u00e9lk\\u00fcl - k\\u00f6z\\u00f6lte Bod\\u00f3 S\\u00e1ndor, az Innov\\u00e1ci\\u00f3s \\u00e9s Technol\\u00f3giai Miniszt\\u00e9rium (ITM) foglalkoztat\\u00e1spolitik\\u00e1\\u00e9rt felel\\u0151s \\u00e1llamtitk\\u00e1ra a miniszt\\u00e9rium k\\u00f6zlem\\u00e9nye szerint. Az\",\"inLanguage\":\"hu-HU\",\"isPartOf\":{\"@id\":\"https:\\\/\\\/allasorias.hu\\\/hirek\\\/#website\"},\"breadcrumb\":{\"@id\":\"https:\\\/\\\/allasorias.hu\\\/hirek\\\/kevesebben-keresnek-allast\\\/#breadcrumblist\"},\"author\":{\"@id\":\"https:\\\/\\\/allasorias.hu\\\/hirek\\\/author\\\/admin-allasorias\\\/#author\"},\"creator\":{\"@id\":\"https:\\\/\\\/allasorias.hu\\\/hirek\\\/author\\\/admin-allasorias\\\/#author\"},\"image\":{\"@type\":\"ImageObject\",\"url\":\"https:\\\/\\\/allasorias.hu\\\/hirek\\\/wp-content\\\/uploads\\\/2019\\\/01\\\/pexels-photo-590022.jpeg\",\"@id\":\"https:\\\/\\\/allasorias.hu\\\/hirek\\\/kevesebben-keresnek-allast\\\/#mainImage\",\"width\":640,\"height\":423},\"primaryImageOfPage\":{\"@id\":\"https:\\\/\\\/allasorias.hu\\\/hirek\\\/kevesebben-keresnek-allast\\\/#mainImage\"},\"datePublished\":\"2021-04-28T06:49:18+02:00\",\"dateModified\":\"2021-04-28T06:49:18+02:00\"},{\"@type\":\"WebSite\",\"@id\":\"https:\\\/\\\/allasorias.hu\\\/hirek\\\/#website\",\"url\":\"https:\\\/\\\/allasorias.hu\\\/hirek\\\/\",\"name\":\"AllasOrias.hu | H\\u00edrek-lapszemle\",\"description\":\"\\u00dczleti h\\u00edrek az \\u00e1ll\\u00e1s \\u00e9s a munka vil\\u00e1g\\u00e1b\\u00f3l\",\"inLanguage\":\"hu-HU\",\"publisher\":{\"@id\":\"https:\\\/\\\/allasorias.hu\\\/hirek\\\/#organization\"}}]}\n\t\t<\/script>\n\t\t<!-- All in One SEO -->\n\n","aioseo_head_json":{"title":"Kevesebben keresnek \u00e1ll\u00e1st | AllasOrias.hu | H\u00edrek-lapszemle","description":"Javulnak a foglalkoztat\u00e1si adatok haz\u00e1nkban. \u00c1prilis v\u00e9g\u00e9re 15 ezerrel cs\u00f6kkent a regisztr\u00e1lt \u00e1ll\u00e1skeres\u0151k sz\u00e1ma egy h\u00f3nap alatt, a Nemzeti Foglalkoztat\u00e1si Szolg\u00e1lat (NFSZ) legfrissebb adatai szerint a tavaly j\u00faniusi m\u00e9lyponthoz viszony\u00edtva k\u00f6zel 90 ezerrel kevesebben vannak munka n\u00e9lk\u00fcl - k\u00f6z\u00f6lte Bod\u00f3 S\u00e1ndor, az Innov\u00e1ci\u00f3s \u00e9s Technol\u00f3giai Miniszt\u00e9rium (ITM) foglalkoztat\u00e1spolitik\u00e1\u00e9rt felel\u0151s \u00e1llamtitk\u00e1ra a miniszt\u00e9rium k\u00f6zlem\u00e9nye szerint. Az","canonical_url":"https:\/\/allasorias.hu\/hirek\/kevesebben-keresnek-allast\/","robots":"max-image-preview:large","keywords":"","webmasterTools":{"miscellaneous":""},"schema":{"@context":"https:\/\/schema.org","@graph":[{"@type":"Article","@id":"https:\/\/allasorias.hu\/hirek\/kevesebben-keresnek-allast\/#article","name":"Kevesebben keresnek \u00e1ll\u00e1st | AllasOrias.hu | H\u00edrek-lapszemle","headline":"Kevesebben keresnek \u00e1ll\u00e1st","author":{"@id":"https:\/\/allasorias.hu\/hirek\/author\/admin-allasorias\/#author"},"publisher":{"@id":"https:\/\/allasorias.hu\/hirek\/#organization"},"image":{"@type":"ImageObject","url":"https:\/\/allasorias.hu\/hirek\/wp-content\/uploads\/2019\/01\/pexels-photo-590022.jpeg","width":640,"height":423},"datePublished":"2021-04-28T06:49:18+02:00","dateModified":"2021-04-28T06:49:18+02:00","inLanguage":"hu-HU","mainEntityOfPage":{"@id":"https:\/\/allasorias.hu\/hirek\/kevesebben-keresnek-allast\/#webpage"},"isPartOf":{"@id":"https:\/\/allasorias.hu\/hirek\/kevesebben-keresnek-allast\/#webpage"},"articleSection":"Munkaer\u0151piac"},{"@type":"BreadcrumbList","@id":"https:\/\/allasorias.hu\/hirek\/kevesebben-keresnek-allast\/#breadcrumblist","itemListElement":[{"@type":"ListItem","@id":"https:\/\/allasorias.hu\/hirek#listItem","position":1,"name":"Home","item":"https:\/\/allasorias.hu\/hirek","nextItem":{"@type":"ListItem","@id":"https:\/\/allasorias.hu\/hirek\/temak\/munkaeropiac\/#listItem","name":"Munkaer\u0151piac"}},{"@type":"ListItem","@id":"https:\/\/allasorias.hu\/hirek\/temak\/munkaeropiac\/#listItem","position":2,"name":"Munkaer\u0151piac","item":"https:\/\/allasorias.hu\/hirek\/temak\/munkaeropiac\/","nextItem":{"@type":"ListItem","@id":"https:\/\/allasorias.hu\/hirek\/kevesebben-keresnek-allast\/#listItem","name":"Kevesebben keresnek \u00e1ll\u00e1st"},"previousItem":{"@type":"ListItem","@id":"https:\/\/allasorias.hu\/hirek#listItem","name":"Home"}},{"@type":"ListItem","@id":"https:\/\/allasorias.hu\/hirek\/kevesebben-keresnek-allast\/#listItem","position":3,"name":"Kevesebben keresnek \u00e1ll\u00e1st","previousItem":{"@type":"ListItem","@id":"https:\/\/allasorias.hu\/hirek\/temak\/munkaeropiac\/#listItem","name":"Munkaer\u0151piac"}}]},{"@type":"Organization","@id":"https:\/\/allasorias.hu\/hirek\/#organization","name":"AllasOrias.hu | H\u00edrek-lapszemle","description":"\u00dczleti h\u00edrek az \u00e1ll\u00e1s \u00e9s a munka vil\u00e1g\u00e1b\u00f3l","url":"https:\/\/allasorias.hu\/hirek\/","logo":{"@type":"ImageObject","url":"https:\/\/allasorias.hu\/hirek\/wp-content\/uploads\/2022\/10\/allasorias_site_facebok_logo.png","@id":"https:\/\/allasorias.hu\/hirek\/kevesebben-keresnek-allast\/#organizationLogo"},"image":{"@id":"https:\/\/allasorias.hu\/hirek\/kevesebben-keresnek-allast\/#organizationLogo"},"sameAs":["https:\/\/www.facebook.com\/allasorias","https:\/\/www.linkedin.com\/company\/allasorias"]},{"@type":"Person","@id":"https:\/\/allasorias.hu\/hirek\/author\/admin-allasorias\/#author","url":"https:\/\/allasorias.hu\/hirek\/author\/admin-allasorias\/","name":"Juh\u00e1sz P\u00e9ter","image":{"@type":"ImageObject","@id":"https:\/\/allasorias.hu\/hirek\/kevesebben-keresnek-allast\/#authorImage","url":"https:\/\/secure.gravatar.com\/avatar\/36e6bcb83148978b992977cb0f54d22feb0cce8a0a849a9410532bb2623ba4c6?s=96&d=mm&r=g","width":96,"height":96,"caption":"Juh\u00e1sz P\u00e9ter"}},{"@type":"WebPage","@id":"https:\/\/allasorias.hu\/hirek\/kevesebben-keresnek-allast\/#webpage","url":"https:\/\/allasorias.hu\/hirek\/kevesebben-keresnek-allast\/","name":"Kevesebben keresnek \u00e1ll\u00e1st | AllasOrias.hu | H\u00edrek-lapszemle","description":"Javulnak a foglalkoztat\u00e1si adatok haz\u00e1nkban. \u00c1prilis v\u00e9g\u00e9re 15 ezerrel cs\u00f6kkent a regisztr\u00e1lt \u00e1ll\u00e1skeres\u0151k sz\u00e1ma egy h\u00f3nap alatt, a Nemzeti Foglalkoztat\u00e1si Szolg\u00e1lat (NFSZ) legfrissebb adatai szerint a tavaly j\u00faniusi m\u00e9lyponthoz viszony\u00edtva k\u00f6zel 90 ezerrel kevesebben vannak munka n\u00e9lk\u00fcl - k\u00f6z\u00f6lte Bod\u00f3 S\u00e1ndor, az Innov\u00e1ci\u00f3s \u00e9s Technol\u00f3giai Miniszt\u00e9rium (ITM) foglalkoztat\u00e1spolitik\u00e1\u00e9rt felel\u0151s \u00e1llamtitk\u00e1ra a miniszt\u00e9rium k\u00f6zlem\u00e9nye szerint. Az","inLanguage":"hu-HU","isPartOf":{"@id":"https:\/\/allasorias.hu\/hirek\/#website"},"breadcrumb":{"@id":"https:\/\/allasorias.hu\/hirek\/kevesebben-keresnek-allast\/#breadcrumblist"},"author":{"@id":"https:\/\/allasorias.hu\/hirek\/author\/admin-allasorias\/#author"},"creator":{"@id":"https:\/\/allasorias.hu\/hirek\/author\/admin-allasorias\/#author"},"image":{"@type":"ImageObject","url":"https:\/\/allasorias.hu\/hirek\/wp-content\/uploads\/2019\/01\/pexels-photo-590022.jpeg","@id":"https:\/\/allasorias.hu\/hirek\/kevesebben-keresnek-allast\/#mainImage","width":640,"height":423},"primaryImageOfPage":{"@id":"https:\/\/allasorias.hu\/hirek\/kevesebben-keresnek-allast\/#mainImage"},"datePublished":"2021-04-28T06:49:18+02:00","dateModified":"2021-04-28T06:49:18+02:00"},{"@type":"WebSite","@id":"https:\/\/allasorias.hu\/hirek\/#website","url":"https:\/\/allasorias.hu\/hirek\/","name":"AllasOrias.hu | H\u00edrek-lapszemle","description":"\u00dczleti h\u00edrek az \u00e1ll\u00e1s \u00e9s a munka vil\u00e1g\u00e1b\u00f3l","inLanguage":"hu-HU","publisher":{"@id":"https:\/\/allasorias.hu\/hirek\/#organization"}}]},"og:locale":"hu_HU","og:site_name":"AllasOrias.hu | H\u00edrek-lapszemle | \u00dczleti h\u00edrek az \u00e1ll\u00e1s \u00e9s a munka vil\u00e1g\u00e1b\u00f3l","og:type":"article","og:title":"Kevesebben keresnek \u00e1ll\u00e1st | AllasOrias.hu | H\u00edrek-lapszemle","og:description":"Javulnak a foglalkoztat\u00e1si adatok haz\u00e1nkban. \u00c1prilis v\u00e9g\u00e9re 15 ezerrel cs\u00f6kkent a regisztr\u00e1lt \u00e1ll\u00e1skeres\u0151k sz\u00e1ma egy h\u00f3nap alatt, a Nemzeti Foglalkoztat\u00e1si Szolg\u00e1lat (NFSZ) legfrissebb adatai szerint a tavaly j\u00faniusi m\u00e9lyponthoz viszony\u00edtva k\u00f6zel 90 ezerrel kevesebben vannak munka n\u00e9lk\u00fcl - k\u00f6z\u00f6lte Bod\u00f3 S\u00e1ndor, az Innov\u00e1ci\u00f3s \u00e9s Technol\u00f3giai Miniszt\u00e9rium (ITM) foglalkoztat\u00e1spolitik\u00e1\u00e9rt felel\u0151s \u00e1llamtitk\u00e1ra a miniszt\u00e9rium k\u00f6zlem\u00e9nye szerint. Az","og:url":"https:\/\/allasorias.hu\/hirek\/kevesebben-keresnek-allast\/","og:image":"https:\/\/allasorias.hu\/hirek\/wp-content\/uploads\/2019\/01\/pexels-photo-590022.jpeg","og:image:secure_url":"https:\/\/allasorias.hu\/hirek\/wp-content\/uploads\/2019\/01\/pexels-photo-590022.jpeg","og:image:width":640,"og:image:height":423,"article:published_time":"2021-04-28T06:49:18+00:00","article:modified_time":"2021-04-28T06:49:18+00:00","article:publisher":"https:\/\/www.facebook.com\/allasorias","twitter:card":"summary_large_image","twitter:title":"Kevesebben keresnek \u00e1ll\u00e1st | AllasOrias.hu | H\u00edrek-lapszemle","twitter:description":"Javulnak a foglalkoztat\u00e1si adatok haz\u00e1nkban. \u00c1prilis v\u00e9g\u00e9re 15 ezerrel cs\u00f6kkent a regisztr\u00e1lt \u00e1ll\u00e1skeres\u0151k sz\u00e1ma egy h\u00f3nap alatt, a Nemzeti Foglalkoztat\u00e1si Szolg\u00e1lat (NFSZ) legfrissebb adatai szerint a tavaly j\u00faniusi m\u00e9lyponthoz viszony\u00edtva k\u00f6zel 90 ezerrel kevesebben vannak munka n\u00e9lk\u00fcl - k\u00f6z\u00f6lte Bod\u00f3 S\u00e1ndor, az Innov\u00e1ci\u00f3s \u00e9s Technol\u00f3giai Miniszt\u00e9rium (ITM) foglalkoztat\u00e1spolitik\u00e1\u00e9rt felel\u0151s \u00e1llamtitk\u00e1ra a miniszt\u00e9rium k\u00f6zlem\u00e9nye szerint. Az","twitter:image":"https:\/\/allasorias.hu\/hirek\/wp-content\/uploads\/2019\/01\/pexels-photo-590022.jpeg","twitter:label1":"Written by","twitter:data1":"Juh\u00e1sz P\u00e9ter","twitter:label2":"Est. reading time","twitter:data2":"1 minute"},"aioseo_meta_data":{"post_id":"4748","title":null,"description":null,"keywords":[],"keyphrases":{"focus":[],"additional":[]},"primary_term":null,"canonical_url":null,"og_title":null,"og_description":null,"og_object_type":"default","og_image_type":"default","og_image_url":null,"og_image_width":null,"og_image_height":null,"og_image_custom_url":null,"og_image_custom_fields":null,"og_video":"","og_custom_url":null,"og_article_section":null,"og_article_tags":[],"twitter_use_og":false,"twitter_card":"default","twitter_image_type":"default","twitter_image_url":null,"twitter_image_custom_url":null,"twitter_image_custom_fields":null,"twitter_title":null,"twitter_description":null,"schema":{"blockGraphs":[],"customGraphs":[],"default":{"data":{"Article":[],"Course":[],"Dataset":[],"FAQPage":[],"Movie":[],"Person":[],"Product":[],"ProductReview":[],"Car":[],"Recipe":[],"Service":[],"SoftwareApplication":[],"WebPage":[]},"graphName":"","isEnabled":true},"graphs":[]},"schema_type":"default","schema_type_options":"{\"article\":{\"articleType\":\"BlogPosting\"},\"course\":{\"name\":\"\",\"description\":\"\",\"provider\":\"\"},\"faq\":{\"pages\":[]},\"product\":{\"reviews\":[]},\"recipe\":{\"ingredients\":[],\"instructions\":[],\"keywords\":[]},\"software\":{\"reviews\":[],\"operatingSystems\":[]},\"webPage\":{\"webPageType\":\"WebPage\"}}","pillar_content":false,"robots_default":true,"robots_noindex":false,"robots_noarchive":false,"robots_nosnippet":false,"robots_nofollow":false,"robots_noimageindex":false,"robots_noodp":false,"robots_notranslate":false,"robots_max_snippet":"-1","robots_max_videopreview":"-1","robots_max_imagepreview":"large","priority":null,"frequency":"default","location":null,"local_seo":{"locations":{"business":{"name":"","businessType":"","image":"","areaServed":"","urls":{"website":"","aboutPage":"","contactPage":""},"address":{"streetLine1":"","streetLine2":"","zipCode":"","city":"","state":"","country":"","addressFormat":"#streetLineOne\n#streetLineTwo\n#city, #state #zipCode"},"contact":{"phone":"","email":"","fax":""},"ids":{"vat":"","tax":"","chamberOfCommerce":""},"payment":{"priceRange":"","currenciesAccepted":"","methods":""}}},"openingHours":{"useDefaults":true,"show":true,"alwaysOpen":false,"use24hFormat":false,"timezone":"","labels":{"closed":"","alwaysOpen":""},"days":{"monday":{"open24h":false,"closed":false,"openTime":"09:00","closeTime":"17:00"},"tuesday":{"open24h":false,"closed":false,"openTime":"09:00","closeTime":"17:00"},"wednesday":{"open24h":false,"closed":false,"openTime":"09:00","closeTime":"17:00"},"thursday":{"open24h":false,"closed":false,"openTime":"09:00","closeTime":"17:00"},"friday":{"open24h":false,"closed":false,"openTime":"09:00","closeTime":"17:00"},"saturday":{"open24h":false,"closed":false,"openTime":"09:00","closeTime":"17:00"},"sunday":{"open24h":false,"closed":false,"openTime":"09:00","closeTime":"17:00"}}}},"breadcrumb_settings":null,"limit_modified_date":false,"ai":null,"created":"2021-04-28 06:48:03","updated":"2025-10-02 15:38:13","seo_analyzer_scan_date":null,"focus_keyword":null,"additional_keywords":null,"truseo_locale":null},"aioseo_breadcrumb":"<div class=\"aioseo-breadcrumbs\"><span class=\"aioseo-breadcrumb\">\n\t\t\t<a href=\"https:\/\/allasorias.hu\/hirek\" title=\"Home\">Home<\/a>\n\t\t<\/span><span class=\"aioseo-breadcrumb-separator\">&raquo;<\/span><span class=\"aioseo-breadcrumb\">\n\t\t\t<a href=\"https:\/\/allasorias.hu\/hirek\/temak\/munkaeropiac\/\" title=\"Munkaer\u0151piac\">Munkaer\u0151piac<\/a>\n\t\t<\/span><span class=\"aioseo-breadcrumb-separator\">&raquo;<\/span><span class=\"aioseo-breadcrumb\">\n\t\t\tKevesebben keresnek \u00e1ll\u00e1st\n\t\t<\/span><\/div>","aioseo_breadcrumb_json":[{"label":"Home","link":"https:\/\/allasorias.hu\/hirek"},{"label":"Munkaer\u0151piac","link":"https:\/\/allasorias.hu\/hirek\/temak\/munkaeropiac\/"},{"label":"Kevesebben keresnek \u00e1ll\u00e1st","link":"https:\/\/allasorias.hu\/hirek\/kevesebben-keresnek-allast\/"}],"_links":{"self":[{"href":"https:\/\/allasorias.hu\/hirek\/wp-json\/wp\/v2\/posts\/4748","targetHints":{"allow":["GET"]}}],"collection":[{"href":"https:\/\/allasorias.hu\/hirek\/wp-json\/wp\/v2\/posts"}],"about":[{"href":"https:\/\/allasorias.hu\/hirek\/wp-json\/wp\/v2\/types\/post"}],"author":[{"embeddable":true,"href":"https:\/\/allasorias.hu\/hirek\/wp-json\/wp\/v2\/users\/1"}],"replies":[{"embeddable":true,"href":"https:\/\/allasorias.hu\/hirek\/wp-json\/wp\/v2\/comments?post=4748"}],"version-history":[{"count":1,"href":"https:\/\/allasorias.hu\/hirek\/wp-json\/wp\/v2\/posts\/4748\/revisions"}],"predecessor-version":[{"id":4749,"href":"https:\/\/allasorias.hu\/hirek\/wp-json\/wp\/v2\/posts\/4748\/revisions\/4749"}],"wp:featuredmedia":[{"embeddable":true,"href":"https:\/\/allasorias.hu\/hirek\/wp-json\/wp\/v2\/media\/2440"}],"wp:attachment":[{"href":"https:\/\/allasorias.hu\/hirek\/wp-json\/wp\/v2\/media?parent=4748"}],"wp:term":[{"taxonomy":"category","embeddable":true,"href":"https:\/\/allasorias.hu\/hirek\/wp-json\/wp\/v2\/categories?post=4748"},{"taxonomy":"post_tag","embeddable":true,"href":"https:\/\/allasorias.hu\/hirek\/wp-json\/wp\/v2\/tags?post=4748"}],"curies":[{"name":"wp","href":"https:\/\/api.w.org\/{rel}","templated":true}]}}