{"id":4745,"date":"2021-04-27T06:07:08","date_gmt":"2021-04-27T06:07:08","guid":{"rendered":"https:\/\/allasorias.hu\/hirek\/?p=4745"},"modified":"2021-04-27T06:07:08","modified_gmt":"2021-04-27T06:07:08","slug":"mi-lesz-az-ukran-vendegmunkasokkal","status":"publish","type":"post","link":"https:\/\/allasorias.hu\/hirek\/mi-lesz-az-ukran-vendegmunkasokkal\/","title":{"rendered":"Mi lesz az ukr\u00e1n vend\u00e9gmunk\u00e1sokkal?"},"content":{"rendered":"<p><strong>T\u00f6bb mint 30 \u00e9vvel a rendszerv\u00e1lt\u00e1s ut\u00e1n m\u00e9g mindig hat\u00e1lyban van egy k\u00f6zel hatvan \u00e9ve k\u00f6t\u00f6tt magyar-szovjet \u00e1llamk\u00f6zi egyezm\u00e9ny. Eszerint\u00a0 a Magyarorsz\u00e1gon dolgoz\u00f3 ukr\u00e1n vend\u00e9gmunk\u00e1sok nem kaphatnak t\u00e1pp\u00e9nzt, csedet, gyedet. Hi\u00e1ba fizeti ut\u00e1nuk magyar munkaad\u00f3juk az \u00f6sszes k\u00f6zterhet. A vissz\u00e1s helyzetre sokakat a koronav\u00edrus-j\u00e1rv\u00e1ny d\u00f6bbentett r\u00e1. <\/strong><\/p>\n<p>T\u00f6bb mint 30 \u00e9vvel a rendszerv\u00e1lt\u00e1s ut\u00e1n m\u00e9g mindig hat\u00e1lyban van egy k\u00f6zel hatvan \u00e9ve k\u00f6t\u00f6tt magyar-szovjet \u00e1llamk\u00f6zi egyezm\u00e9ny. Az 1963. \u00e9vi 16. t\u00f6rv\u00e9nyerej\u0171 rendelet \u201ea Magyar N\u00e9pk\u00f6zt\u00e1rsas\u00e1g \u00e9s a Szovjet Szocialista K\u00f6zt\u00e1rsas\u00e1gok Sz\u00f6vets\u00e9ge k\u00f6z\u00f6tt a szoci\u00e1lis ell\u00e1t\u00e1s ter\u00fclet\u00e9n val\u00f3 egy\u00fcttm\u0171k\u00f6d\u00e9s t\u00e1rgy\u00e1ban\u201d ilyen \u2013 \u00edrja a HRport\u00e1l. Az egyezm\u00e9nyben el\u0151\u00edrt minden term\u00e9szetben \u00e9s p\u00e9nzben j\u00e1r\u00f3 szolg\u00e1ltat\u00e1st annak a szerz\u0151d\u0151 f\u00e9lnek illet\u00e9kes szerve ny\u00fajtja saj\u00e1t jogszab\u00e1lyai szerint, amelynek ter\u00fclet\u00e9n az ig\u00e9nyjogosult szem\u00e9lynek \u00e1lland\u00f3 lak\u00f3helye van. Ennek el\u0151ny\u00e9t a Magyarorsz\u00e1gon letelepedett ukr\u00e1n nyugd\u00edjasok \u00e9lvezik, akiknek ell\u00e1t\u00e1s\u00e1t Magyarorsz\u00e1g fizeti. A h\u00e1tr\u00e1nyos oldalra pedig a Magyarorsz\u00e1gon dolgoz\u00f3 ukr\u00e1n vend\u00e9gmunk\u00e1sok ker\u00fcltek. Hi\u00e1ba dolgoznak itt \u00e9s utalja ut\u00e1nuk munkaad\u00f3juk a k\u00f6zterheket, ha \u00e1lland\u00f3 lak\u00f3hely\u00fck Ukrajn\u00e1ban van, akkor a t\u00e1pp\u00e9nzt, a terhess\u00e9gi-, gyermek\u00e1gyi-, sz\u00fcl\u00e9si \u00e9s egy\u00e9b seg\u00e9lyt az ukr\u00e1nok t\u00e9r\u00edtik. M\u00e9ghozz\u00e1 az ottani jogszab\u00e1lyok alapj\u00e1n, ami t\u00f6red\u00e9ke a magyar ell\u00e1t\u00e1snak. Az ukrajnai munkaer\u0151import az ut\u00f3bbi \u00e9vekben p\u00f6rg\u00f6tt fel. Az igazi k\u00f6nny\u00edt\u00e9st egy 2016. j\u00falius 1-j\u00e9n hat\u00e1lyba l\u00e9pett Korm\u00e1nyrendelet (113\/2016. V. 30.) jelentette, el\u0151tte neh\u00e9z volt munkav\u00e1llal\u00e1si enged\u00e9lyt szerezni. A hi\u00e1nyszakm\u00e1kban a magyar hat\u00f3s\u00e1gok gyors\u00edtott elj\u00e1r\u00e1sban, 10 napon bel\u00fcl z\u00f6ld utat adnak a harmadik orsz\u00e1gbeli, szomsz\u00e9dos orsz\u00e1gok munkav\u00e1llal\u00f3inak, \u00edgy az ukr\u00e1noknak is. Ennek a c\u00e9lja a magyar munkaer\u0151hi\u00e1ny enyh\u00edt\u00e9se. A koronav\u00edrus-j\u00e1rv\u00e1ny megakasztotta a folyamatot, sokakat elbocs\u00e1tottak, \u00e1m m\u00e9g mindig t\u00f6bb t\u00edzezren dolgoznak a j\u00e1rm\u0171- \u00e9s elektronikai iparban. \u201eB\u00e9keid\u0151ben\u201d minim\u00e1lis a vend\u00e9gmunk\u00e1sok k\u00f6r\u00e9ben a t\u00e1pp\u00e9nzre men\u0151k ar\u00e1nya. A pand\u00e9mi\u00e1s helyzetben ez is v\u00e1ltozott: a munk\u00e1ssz\u00e1ll\u00e1sokon t\u00f6bben koronav\u00edrusosak lettek \u00e9s a hat\u00f3s\u00e1gi karant\u00e9n is nehez\u00edti a helyzet\u00fcket. Ugyan megbeteged\u00e9s eset\u00e9n \u00e9vente 15 napot a munkaad\u00f3 fizet, csak a 16. napt\u00f3l j\u00e1rna t\u00e1pp\u00e9nz, de p\u00e9ld\u00e1ul hat\u00f3s\u00e1gi karant\u00e9nban m\u00e1r az els\u0151 napt\u00f3l az \u00e1llam fizet(ne) \u00e9s nem a munkaad\u00f3. \u00cdgy az a munkav\u00e1llal\u00f3, akinek a sz\u00e1ll\u00e1son a szobat\u00e1rsa koronav\u00edrusos lesz, \u00e9s \u0151 hat\u00f3s\u00e1gi karant\u00e9nba ker\u00fcl, bev\u00e9tel n\u00e9lk\u00fcl marad. A magyar-szovjet szerz\u0151d\u00e9s szerint nem magyar lak\u00f3hely\u0171 ukr\u00e1n munkav\u00e1llal\u00f3k ut\u00e1n az illet\u00e9kes ukr\u00e1n szervn\u00e9l ig\u00e9nyelhet\u0151 a t\u00e1pp\u00e9nzt. Nem vonz\u00f3 lehet\u0151s\u00e9g, mert t\u00f6red\u00e9ke a magyarnak, az \u00fcgyint\u00e9z\u00e9s sem t\u0171nik egyszer\u0171nek. Nem is \u00e9letszer\u0171, hogy egy Magyarorsz\u00e1gon megbetegedett munkav\u00e1llal\u00f3 ukrajnai t\u00e1pp\u00e9nzt int\u00e9z a pand\u00e9mi\u00e1s helyzetben. Pedig elvileg lehets\u00e9ges. \u00dagy tudjuk, hogy az ukr\u00e1n szerv a magyar korm\u00e1ny megkeres\u00e9s\u00e9re meger\u0151s\u00edtette, hogy lehet hozz\u00e1juk fordulni, befogadj\u00e1k a k\u00e9relmeket, \u00e1m egyel\u0151re ilyen tudom\u00e1suk szerint nem \u00e9rkezett. Egy k\u00f6lcs\u00f6nz\u0151 c\u00e9g vezet\u0151je elmondta: \u0151 megpr\u00f3b\u00e1lta, de nem fogadta be a magyar Korm\u00e1nyhivatal. Szint\u00e9n ez a c\u00e9gvezet\u0151 panaszkodik arra, hogy a jogszab\u00e1ly nem volt sz\u00e9les k\u00f6rben ismert sem a munkaad\u00f3k, sem a munkav\u00e1llal\u00f3k k\u00f6r\u00e9ben. \u0150k tb-kifizet\u0151helyk\u00e9nt \u00e9vekig sz\u00e1mfejtett\u00e9k az ukr\u00e1n munkav\u00e1llal\u00f3k t\u00e1pp\u00e9nz\u00e9t, amelyet \u00e1ll\u00edt\u00e1sa szerint a Magyar \u00c1llamkincst\u00e1r (M\u00c1K) minden tov\u00e1bbi n\u00e9lk\u00fcl megfizetett. Tavaly augusztusban kaptak egy t\u00e1j\u00e9koztat\u00f3 a M\u00c1K-t\u00f3l, amelyben jelzik, t\u00e1pp\u00e9nz csak magyar \u00e1lland\u00f3 lak\u00f3hellyel rendelkez\u0151 ukr\u00e1n \u00e1llampolg\u00e1rnak t\u00e9r\u00edthet\u0151. Megkerest\u00fck a Magyar \u00c1llamkincst\u00e1rat. Arra a k\u00e9rd\u00e9s\u00fcnkre nem kaptunk v\u00e1laszt, hogy a m\u00faltban el\u0151fordult-e \u00e1lland\u00f3 magyar lak\u00f3hellyel nem rendelkez\u0151 ukr\u00e1n \u00e1llampolg\u00e1rok r\u00e9sz\u00e9re t\u00e1pp\u00e9nzfizet\u00e9s. Arra azonban felh\u00edvt\u00e1k a figyelmet, hogy a magyar-szovjet egyezm\u00e9ny hat\u00e1lyos. Orosz rel\u00e1ci\u00f3ban tavalyig volt hat\u00e1lyos a magyar-szovjet szoci\u00e1lpolitikai egyezm\u00e9ny. Moszkv\u00e1val siker\u00fclt meg\u00e1llapodni, tavaly hirdett\u00e9k ki a 2020. \u00e9vi XIV. t\u00f6rv\u00e9nyt t\u00f6rv\u00e9nyt, \u00e1m onnan alig \u00e9rkezik munkav\u00e1llal\u00f3.<\/p>\n<p>Forr\u00e1s: uzletem.hu<\/p>\n","protected":false},"excerpt":{"rendered":"<p>T\u00f6bb mint 30 \u00e9vvel a rendszerv\u00e1lt\u00e1s ut\u00e1n m\u00e9g mindig hat\u00e1lyban van egy k\u00f6zel hatvan \u00e9ve k\u00f6t\u00f6tt magyar-szovjet \u00e1llamk\u00f6zi egyezm\u00e9ny. Eszerint\u00a0 a Magyarorsz\u00e1gon dolgoz\u00f3 ukr\u00e1n vend\u00e9gmunk\u00e1sok nem kaphatnak t\u00e1pp\u00e9nzt, csedet, gyedet. Hi\u00e1ba fizeti ut\u00e1nuk magyar munkaad\u00f3juk az \u00f6sszes k\u00f6zterhet. A vissz\u00e1s helyzetre sokakat a koronav\u00edrus-j\u00e1rv\u00e1ny d\u00f6bbentett r\u00e1. T\u00f6bb mint 30 \u00e9vvel a rendszerv\u00e1lt\u00e1s ut\u00e1n m\u00e9g mindig [&hellip;]<\/p>\n","protected":false},"author":1,"featured_media":4746,"comment_status":"open","ping_status":"open","sticky":false,"template":"","format":"standard","meta":{"_monsterinsights_skip_tracking":false,"footnotes":""},"categories":[200],"tags":[],"class_list":["post-4745","post","type-post","status-publish","format-standard","has-post-thumbnail","hentry","category-munkaeropiac"],"aioseo_notices":[],"aioseo_head":"\n\t\t<!-- All in One SEO 5.0.0.1 - aioseo.com -->\n\t<meta name=\"description\" content=\"T\u00f6bb mint 30 \u00e9vvel a rendszerv\u00e1lt\u00e1s ut\u00e1n m\u00e9g mindig hat\u00e1lyban van egy k\u00f6zel hatvan \u00e9ve k\u00f6t\u00f6tt magyar-szovjet \u00e1llamk\u00f6zi egyezm\u00e9ny. Eszerint a Magyarorsz\u00e1gon dolgoz\u00f3 ukr\u00e1n vend\u00e9gmunk\u00e1sok nem kaphatnak t\u00e1pp\u00e9nzt, csedet, gyedet. Hi\u00e1ba fizeti ut\u00e1nuk magyar munkaad\u00f3juk az \u00f6sszes k\u00f6zterhet. A vissz\u00e1s helyzetre sokakat a koronav\u00edrus-j\u00e1rv\u00e1ny d\u00f6bbentett r\u00e1. T\u00f6bb mint 30 \u00e9vvel a rendszerv\u00e1lt\u00e1s ut\u00e1n m\u00e9g mindig\" \/>\n\t<meta name=\"robots\" content=\"max-image-preview:large\" \/>\n\t<meta name=\"author\" content=\"Juh\u00e1sz P\u00e9ter\"\/>\n\t<link rel=\"canonical\" href=\"https:\/\/allasorias.hu\/hirek\/mi-lesz-az-ukran-vendegmunkasokkal\/\" \/>\n\t<meta name=\"generator\" content=\"All in One SEO (AIOSEO) 5.0.0.1\" \/>\n\t\t<meta property=\"og:locale\" content=\"hu_HU\" \/>\n\t\t<meta property=\"og:site_name\" content=\"AllasOrias.hu | H\u00edrek-lapszemle | \u00dczleti h\u00edrek az \u00e1ll\u00e1s \u00e9s a munka vil\u00e1g\u00e1b\u00f3l\" \/>\n\t\t<meta property=\"og:type\" content=\"article\" \/>\n\t\t<meta property=\"og:title\" content=\"Mi lesz az ukr\u00e1n vend\u00e9gmunk\u00e1sokkal? | AllasOrias.hu | H\u00edrek-lapszemle\" \/>\n\t\t<meta property=\"og:description\" content=\"T\u00f6bb mint 30 \u00e9vvel a rendszerv\u00e1lt\u00e1s ut\u00e1n m\u00e9g mindig hat\u00e1lyban van egy k\u00f6zel hatvan \u00e9ve k\u00f6t\u00f6tt magyar-szovjet \u00e1llamk\u00f6zi egyezm\u00e9ny. Eszerint a Magyarorsz\u00e1gon dolgoz\u00f3 ukr\u00e1n vend\u00e9gmunk\u00e1sok nem kaphatnak t\u00e1pp\u00e9nzt, csedet, gyedet. Hi\u00e1ba fizeti ut\u00e1nuk magyar munkaad\u00f3juk az \u00f6sszes k\u00f6zterhet. A vissz\u00e1s helyzetre sokakat a koronav\u00edrus-j\u00e1rv\u00e1ny d\u00f6bbentett r\u00e1. T\u00f6bb mint 30 \u00e9vvel a rendszerv\u00e1lt\u00e1s ut\u00e1n m\u00e9g mindig\" \/>\n\t\t<meta property=\"og:url\" content=\"https:\/\/allasorias.hu\/hirek\/mi-lesz-az-ukran-vendegmunkasokkal\/\" \/>\n\t\t<meta property=\"og:image\" content=\"https:\/\/allasorias.hu\/hirek\/wp-content\/uploads\/2021\/04\/ukran.jpg\" \/>\n\t\t<meta property=\"og:image:secure_url\" content=\"https:\/\/allasorias.hu\/hirek\/wp-content\/uploads\/2021\/04\/ukran.jpg\" \/>\n\t\t<meta property=\"og:image:width\" content=\"640\" \/>\n\t\t<meta property=\"og:image:height\" content=\"480\" \/>\n\t\t<meta property=\"article:published_time\" content=\"2021-04-27T06:07:08+00:00\" \/>\n\t\t<meta property=\"article:modified_time\" content=\"2021-04-27T06:07:08+00:00\" \/>\n\t\t<meta property=\"article:publisher\" content=\"https:\/\/www.facebook.com\/allasorias\" \/>\n\t\t<meta name=\"twitter:card\" content=\"summary_large_image\" \/>\n\t\t<meta name=\"twitter:title\" content=\"Mi lesz az ukr\u00e1n vend\u00e9gmunk\u00e1sokkal? | AllasOrias.hu | H\u00edrek-lapszemle\" \/>\n\t\t<meta name=\"twitter:description\" content=\"T\u00f6bb mint 30 \u00e9vvel a rendszerv\u00e1lt\u00e1s ut\u00e1n m\u00e9g mindig hat\u00e1lyban van egy k\u00f6zel hatvan \u00e9ve k\u00f6t\u00f6tt magyar-szovjet \u00e1llamk\u00f6zi egyezm\u00e9ny. Eszerint a Magyarorsz\u00e1gon dolgoz\u00f3 ukr\u00e1n vend\u00e9gmunk\u00e1sok nem kaphatnak t\u00e1pp\u00e9nzt, csedet, gyedet. Hi\u00e1ba fizeti ut\u00e1nuk magyar munkaad\u00f3juk az \u00f6sszes k\u00f6zterhet. A vissz\u00e1s helyzetre sokakat a koronav\u00edrus-j\u00e1rv\u00e1ny d\u00f6bbentett r\u00e1. T\u00f6bb mint 30 \u00e9vvel a rendszerv\u00e1lt\u00e1s ut\u00e1n m\u00e9g mindig\" \/>\n\t\t<meta name=\"twitter:image\" content=\"https:\/\/allasorias.hu\/hirek\/wp-content\/uploads\/2021\/04\/ukran.jpg\" \/>\n\t\t<meta name=\"twitter:label1\" content=\"Written by\" \/>\n\t\t<meta name=\"twitter:data1\" content=\"Juh\u00e1sz P\u00e9ter\" \/>\n\t\t<meta name=\"twitter:label2\" content=\"Est. reading time\" \/>\n\t\t<meta name=\"twitter:data2\" content=\"4 minutes\" \/>\n\t\t<script type=\"application\/ld+json\" class=\"aioseo-schema\">\n\t\t\t{\"@context\":\"https:\\\/\\\/schema.org\",\"@graph\":[{\"@type\":\"Article\",\"@id\":\"https:\\\/\\\/allasorias.hu\\\/hirek\\\/mi-lesz-az-ukran-vendegmunkasokkal\\\/#article\",\"name\":\"Mi lesz az ukr\\u00e1n vend\\u00e9gmunk\\u00e1sokkal? | AllasOrias.hu | H\\u00edrek-lapszemle\",\"headline\":\"Mi lesz az ukr\\u00e1n vend\\u00e9gmunk\\u00e1sokkal?\",\"author\":{\"@id\":\"https:\\\/\\\/allasorias.hu\\\/hirek\\\/author\\\/admin-allasorias\\\/#author\"},\"publisher\":{\"@id\":\"https:\\\/\\\/allasorias.hu\\\/hirek\\\/#organization\"},\"image\":{\"@type\":\"ImageObject\",\"url\":\"https:\\\/\\\/allasorias.hu\\\/hirek\\\/wp-content\\\/uploads\\\/2021\\\/04\\\/ukran.jpg\",\"width\":640,\"height\":480,\"caption\":\"Flag International Ukraine\"},\"datePublished\":\"2021-04-27T06:07:08+02:00\",\"dateModified\":\"2021-04-27T06:07:08+02:00\",\"inLanguage\":\"hu-HU\",\"mainEntityOfPage\":{\"@id\":\"https:\\\/\\\/allasorias.hu\\\/hirek\\\/mi-lesz-az-ukran-vendegmunkasokkal\\\/#webpage\"},\"isPartOf\":{\"@id\":\"https:\\\/\\\/allasorias.hu\\\/hirek\\\/mi-lesz-az-ukran-vendegmunkasokkal\\\/#webpage\"},\"articleSection\":\"Munkaer\\u0151piac\"},{\"@type\":\"BreadcrumbList\",\"@id\":\"https:\\\/\\\/allasorias.hu\\\/hirek\\\/mi-lesz-az-ukran-vendegmunkasokkal\\\/#breadcrumblist\",\"itemListElement\":[{\"@type\":\"ListItem\",\"@id\":\"https:\\\/\\\/allasorias.hu\\\/hirek#listItem\",\"position\":1,\"name\":\"Home\",\"item\":\"https:\\\/\\\/allasorias.hu\\\/hirek\",\"nextItem\":{\"@type\":\"ListItem\",\"@id\":\"https:\\\/\\\/allasorias.hu\\\/hirek\\\/temak\\\/munkaeropiac\\\/#listItem\",\"name\":\"Munkaer\\u0151piac\"}},{\"@type\":\"ListItem\",\"@id\":\"https:\\\/\\\/allasorias.hu\\\/hirek\\\/temak\\\/munkaeropiac\\\/#listItem\",\"position\":2,\"name\":\"Munkaer\\u0151piac\",\"item\":\"https:\\\/\\\/allasorias.hu\\\/hirek\\\/temak\\\/munkaeropiac\\\/\",\"nextItem\":{\"@type\":\"ListItem\",\"@id\":\"https:\\\/\\\/allasorias.hu\\\/hirek\\\/mi-lesz-az-ukran-vendegmunkasokkal\\\/#listItem\",\"name\":\"Mi lesz az ukr\\u00e1n vend\\u00e9gmunk\\u00e1sokkal?\"},\"previousItem\":{\"@type\":\"ListItem\",\"@id\":\"https:\\\/\\\/allasorias.hu\\\/hirek#listItem\",\"name\":\"Home\"}},{\"@type\":\"ListItem\",\"@id\":\"https:\\\/\\\/allasorias.hu\\\/hirek\\\/mi-lesz-az-ukran-vendegmunkasokkal\\\/#listItem\",\"position\":3,\"name\":\"Mi lesz az ukr\\u00e1n vend\\u00e9gmunk\\u00e1sokkal?\",\"previousItem\":{\"@type\":\"ListItem\",\"@id\":\"https:\\\/\\\/allasorias.hu\\\/hirek\\\/temak\\\/munkaeropiac\\\/#listItem\",\"name\":\"Munkaer\\u0151piac\"}}]},{\"@type\":\"Organization\",\"@id\":\"https:\\\/\\\/allasorias.hu\\\/hirek\\\/#organization\",\"name\":\"AllasOrias.hu | H\\u00edrek-lapszemle\",\"description\":\"\\u00dczleti h\\u00edrek az \\u00e1ll\\u00e1s \\u00e9s a munka vil\\u00e1g\\u00e1b\\u00f3l\",\"url\":\"https:\\\/\\\/allasorias.hu\\\/hirek\\\/\",\"logo\":{\"@type\":\"ImageObject\",\"url\":\"https:\\\/\\\/allasorias.hu\\\/hirek\\\/wp-content\\\/uploads\\\/2022\\\/10\\\/allasorias_site_facebok_logo.png\",\"@id\":\"https:\\\/\\\/allasorias.hu\\\/hirek\\\/mi-lesz-az-ukran-vendegmunkasokkal\\\/#organizationLogo\"},\"image\":{\"@id\":\"https:\\\/\\\/allasorias.hu\\\/hirek\\\/mi-lesz-az-ukran-vendegmunkasokkal\\\/#organizationLogo\"},\"sameAs\":[\"https:\\\/\\\/www.facebook.com\\\/allasorias\",\"https:\\\/\\\/www.linkedin.com\\\/company\\\/allasorias\"]},{\"@type\":\"Person\",\"@id\":\"https:\\\/\\\/allasorias.hu\\\/hirek\\\/author\\\/admin-allasorias\\\/#author\",\"url\":\"https:\\\/\\\/allasorias.hu\\\/hirek\\\/author\\\/admin-allasorias\\\/\",\"name\":\"Juh\\u00e1sz P\\u00e9ter\",\"image\":{\"@type\":\"ImageObject\",\"@id\":\"https:\\\/\\\/allasorias.hu\\\/hirek\\\/mi-lesz-az-ukran-vendegmunkasokkal\\\/#authorImage\",\"url\":\"https:\\\/\\\/secure.gravatar.com\\\/avatar\\\/36e6bcb83148978b992977cb0f54d22feb0cce8a0a849a9410532bb2623ba4c6?s=96&d=mm&r=g\",\"width\":96,\"height\":96,\"caption\":\"Juh\\u00e1sz P\\u00e9ter\"}},{\"@type\":\"WebPage\",\"@id\":\"https:\\\/\\\/allasorias.hu\\\/hirek\\\/mi-lesz-az-ukran-vendegmunkasokkal\\\/#webpage\",\"url\":\"https:\\\/\\\/allasorias.hu\\\/hirek\\\/mi-lesz-az-ukran-vendegmunkasokkal\\\/\",\"name\":\"Mi lesz az ukr\\u00e1n vend\\u00e9gmunk\\u00e1sokkal? | AllasOrias.hu | H\\u00edrek-lapszemle\",\"description\":\"T\\u00f6bb mint 30 \\u00e9vvel a rendszerv\\u00e1lt\\u00e1s ut\\u00e1n m\\u00e9g mindig hat\\u00e1lyban van egy k\\u00f6zel hatvan \\u00e9ve k\\u00f6t\\u00f6tt magyar-szovjet \\u00e1llamk\\u00f6zi egyezm\\u00e9ny. Eszerint a Magyarorsz\\u00e1gon dolgoz\\u00f3 ukr\\u00e1n vend\\u00e9gmunk\\u00e1sok nem kaphatnak t\\u00e1pp\\u00e9nzt, csedet, gyedet. Hi\\u00e1ba fizeti ut\\u00e1nuk magyar munkaad\\u00f3juk az \\u00f6sszes k\\u00f6zterhet. A vissz\\u00e1s helyzetre sokakat a koronav\\u00edrus-j\\u00e1rv\\u00e1ny d\\u00f6bbentett r\\u00e1. T\\u00f6bb mint 30 \\u00e9vvel a rendszerv\\u00e1lt\\u00e1s ut\\u00e1n m\\u00e9g mindig\",\"inLanguage\":\"hu-HU\",\"isPartOf\":{\"@id\":\"https:\\\/\\\/allasorias.hu\\\/hirek\\\/#website\"},\"breadcrumb\":{\"@id\":\"https:\\\/\\\/allasorias.hu\\\/hirek\\\/mi-lesz-az-ukran-vendegmunkasokkal\\\/#breadcrumblist\"},\"author\":{\"@id\":\"https:\\\/\\\/allasorias.hu\\\/hirek\\\/author\\\/admin-allasorias\\\/#author\"},\"creator\":{\"@id\":\"https:\\\/\\\/allasorias.hu\\\/hirek\\\/author\\\/admin-allasorias\\\/#author\"},\"image\":{\"@type\":\"ImageObject\",\"url\":\"https:\\\/\\\/allasorias.hu\\\/hirek\\\/wp-content\\\/uploads\\\/2021\\\/04\\\/ukran.jpg\",\"@id\":\"https:\\\/\\\/allasorias.hu\\\/hirek\\\/mi-lesz-az-ukran-vendegmunkasokkal\\\/#mainImage\",\"width\":640,\"height\":480,\"caption\":\"Flag International Ukraine\"},\"primaryImageOfPage\":{\"@id\":\"https:\\\/\\\/allasorias.hu\\\/hirek\\\/mi-lesz-az-ukran-vendegmunkasokkal\\\/#mainImage\"},\"datePublished\":\"2021-04-27T06:07:08+02:00\",\"dateModified\":\"2021-04-27T06:07:08+02:00\"},{\"@type\":\"WebSite\",\"@id\":\"https:\\\/\\\/allasorias.hu\\\/hirek\\\/#website\",\"url\":\"https:\\\/\\\/allasorias.hu\\\/hirek\\\/\",\"name\":\"AllasOrias.hu | H\\u00edrek-lapszemle\",\"description\":\"\\u00dczleti h\\u00edrek az \\u00e1ll\\u00e1s \\u00e9s a munka vil\\u00e1g\\u00e1b\\u00f3l\",\"inLanguage\":\"hu-HU\",\"publisher\":{\"@id\":\"https:\\\/\\\/allasorias.hu\\\/hirek\\\/#organization\"}}]}\n\t\t<\/script>\n\t\t<!-- All in One SEO -->\n\n","aioseo_head_json":{"title":"Mi lesz az ukr\u00e1n vend\u00e9gmunk\u00e1sokkal? | AllasOrias.hu | H\u00edrek-lapszemle","description":"T\u00f6bb mint 30 \u00e9vvel a rendszerv\u00e1lt\u00e1s ut\u00e1n m\u00e9g mindig hat\u00e1lyban van egy k\u00f6zel hatvan \u00e9ve k\u00f6t\u00f6tt magyar-szovjet \u00e1llamk\u00f6zi egyezm\u00e9ny. Eszerint a Magyarorsz\u00e1gon dolgoz\u00f3 ukr\u00e1n vend\u00e9gmunk\u00e1sok nem kaphatnak t\u00e1pp\u00e9nzt, csedet, gyedet. Hi\u00e1ba fizeti ut\u00e1nuk magyar munkaad\u00f3juk az \u00f6sszes k\u00f6zterhet. A vissz\u00e1s helyzetre sokakat a koronav\u00edrus-j\u00e1rv\u00e1ny d\u00f6bbentett r\u00e1. T\u00f6bb mint 30 \u00e9vvel a rendszerv\u00e1lt\u00e1s ut\u00e1n m\u00e9g mindig","canonical_url":"https:\/\/allasorias.hu\/hirek\/mi-lesz-az-ukran-vendegmunkasokkal\/","robots":"max-image-preview:large","keywords":"","webmasterTools":{"miscellaneous":""},"schema":{"@context":"https:\/\/schema.org","@graph":[{"@type":"Article","@id":"https:\/\/allasorias.hu\/hirek\/mi-lesz-az-ukran-vendegmunkasokkal\/#article","name":"Mi lesz az ukr\u00e1n vend\u00e9gmunk\u00e1sokkal? | AllasOrias.hu | H\u00edrek-lapszemle","headline":"Mi lesz az ukr\u00e1n vend\u00e9gmunk\u00e1sokkal?","author":{"@id":"https:\/\/allasorias.hu\/hirek\/author\/admin-allasorias\/#author"},"publisher":{"@id":"https:\/\/allasorias.hu\/hirek\/#organization"},"image":{"@type":"ImageObject","url":"https:\/\/allasorias.hu\/hirek\/wp-content\/uploads\/2021\/04\/ukran.jpg","width":640,"height":480,"caption":"Flag International Ukraine"},"datePublished":"2021-04-27T06:07:08+02:00","dateModified":"2021-04-27T06:07:08+02:00","inLanguage":"hu-HU","mainEntityOfPage":{"@id":"https:\/\/allasorias.hu\/hirek\/mi-lesz-az-ukran-vendegmunkasokkal\/#webpage"},"isPartOf":{"@id":"https:\/\/allasorias.hu\/hirek\/mi-lesz-az-ukran-vendegmunkasokkal\/#webpage"},"articleSection":"Munkaer\u0151piac"},{"@type":"BreadcrumbList","@id":"https:\/\/allasorias.hu\/hirek\/mi-lesz-az-ukran-vendegmunkasokkal\/#breadcrumblist","itemListElement":[{"@type":"ListItem","@id":"https:\/\/allasorias.hu\/hirek#listItem","position":1,"name":"Home","item":"https:\/\/allasorias.hu\/hirek","nextItem":{"@type":"ListItem","@id":"https:\/\/allasorias.hu\/hirek\/temak\/munkaeropiac\/#listItem","name":"Munkaer\u0151piac"}},{"@type":"ListItem","@id":"https:\/\/allasorias.hu\/hirek\/temak\/munkaeropiac\/#listItem","position":2,"name":"Munkaer\u0151piac","item":"https:\/\/allasorias.hu\/hirek\/temak\/munkaeropiac\/","nextItem":{"@type":"ListItem","@id":"https:\/\/allasorias.hu\/hirek\/mi-lesz-az-ukran-vendegmunkasokkal\/#listItem","name":"Mi lesz az ukr\u00e1n vend\u00e9gmunk\u00e1sokkal?"},"previousItem":{"@type":"ListItem","@id":"https:\/\/allasorias.hu\/hirek#listItem","name":"Home"}},{"@type":"ListItem","@id":"https:\/\/allasorias.hu\/hirek\/mi-lesz-az-ukran-vendegmunkasokkal\/#listItem","position":3,"name":"Mi lesz az ukr\u00e1n vend\u00e9gmunk\u00e1sokkal?","previousItem":{"@type":"ListItem","@id":"https:\/\/allasorias.hu\/hirek\/temak\/munkaeropiac\/#listItem","name":"Munkaer\u0151piac"}}]},{"@type":"Organization","@id":"https:\/\/allasorias.hu\/hirek\/#organization","name":"AllasOrias.hu | H\u00edrek-lapszemle","description":"\u00dczleti h\u00edrek az \u00e1ll\u00e1s \u00e9s a munka vil\u00e1g\u00e1b\u00f3l","url":"https:\/\/allasorias.hu\/hirek\/","logo":{"@type":"ImageObject","url":"https:\/\/allasorias.hu\/hirek\/wp-content\/uploads\/2022\/10\/allasorias_site_facebok_logo.png","@id":"https:\/\/allasorias.hu\/hirek\/mi-lesz-az-ukran-vendegmunkasokkal\/#organizationLogo"},"image":{"@id":"https:\/\/allasorias.hu\/hirek\/mi-lesz-az-ukran-vendegmunkasokkal\/#organizationLogo"},"sameAs":["https:\/\/www.facebook.com\/allasorias","https:\/\/www.linkedin.com\/company\/allasorias"]},{"@type":"Person","@id":"https:\/\/allasorias.hu\/hirek\/author\/admin-allasorias\/#author","url":"https:\/\/allasorias.hu\/hirek\/author\/admin-allasorias\/","name":"Juh\u00e1sz P\u00e9ter","image":{"@type":"ImageObject","@id":"https:\/\/allasorias.hu\/hirek\/mi-lesz-az-ukran-vendegmunkasokkal\/#authorImage","url":"https:\/\/secure.gravatar.com\/avatar\/36e6bcb83148978b992977cb0f54d22feb0cce8a0a849a9410532bb2623ba4c6?s=96&d=mm&r=g","width":96,"height":96,"caption":"Juh\u00e1sz P\u00e9ter"}},{"@type":"WebPage","@id":"https:\/\/allasorias.hu\/hirek\/mi-lesz-az-ukran-vendegmunkasokkal\/#webpage","url":"https:\/\/allasorias.hu\/hirek\/mi-lesz-az-ukran-vendegmunkasokkal\/","name":"Mi lesz az ukr\u00e1n vend\u00e9gmunk\u00e1sokkal? | AllasOrias.hu | H\u00edrek-lapszemle","description":"T\u00f6bb mint 30 \u00e9vvel a rendszerv\u00e1lt\u00e1s ut\u00e1n m\u00e9g mindig hat\u00e1lyban van egy k\u00f6zel hatvan \u00e9ve k\u00f6t\u00f6tt magyar-szovjet \u00e1llamk\u00f6zi egyezm\u00e9ny. Eszerint a Magyarorsz\u00e1gon dolgoz\u00f3 ukr\u00e1n vend\u00e9gmunk\u00e1sok nem kaphatnak t\u00e1pp\u00e9nzt, csedet, gyedet. Hi\u00e1ba fizeti ut\u00e1nuk magyar munkaad\u00f3juk az \u00f6sszes k\u00f6zterhet. A vissz\u00e1s helyzetre sokakat a koronav\u00edrus-j\u00e1rv\u00e1ny d\u00f6bbentett r\u00e1. T\u00f6bb mint 30 \u00e9vvel a rendszerv\u00e1lt\u00e1s ut\u00e1n m\u00e9g mindig","inLanguage":"hu-HU","isPartOf":{"@id":"https:\/\/allasorias.hu\/hirek\/#website"},"breadcrumb":{"@id":"https:\/\/allasorias.hu\/hirek\/mi-lesz-az-ukran-vendegmunkasokkal\/#breadcrumblist"},"author":{"@id":"https:\/\/allasorias.hu\/hirek\/author\/admin-allasorias\/#author"},"creator":{"@id":"https:\/\/allasorias.hu\/hirek\/author\/admin-allasorias\/#author"},"image":{"@type":"ImageObject","url":"https:\/\/allasorias.hu\/hirek\/wp-content\/uploads\/2021\/04\/ukran.jpg","@id":"https:\/\/allasorias.hu\/hirek\/mi-lesz-az-ukran-vendegmunkasokkal\/#mainImage","width":640,"height":480,"caption":"Flag International Ukraine"},"primaryImageOfPage":{"@id":"https:\/\/allasorias.hu\/hirek\/mi-lesz-az-ukran-vendegmunkasokkal\/#mainImage"},"datePublished":"2021-04-27T06:07:08+02:00","dateModified":"2021-04-27T06:07:08+02:00"},{"@type":"WebSite","@id":"https:\/\/allasorias.hu\/hirek\/#website","url":"https:\/\/allasorias.hu\/hirek\/","name":"AllasOrias.hu | H\u00edrek-lapszemle","description":"\u00dczleti h\u00edrek az \u00e1ll\u00e1s \u00e9s a munka vil\u00e1g\u00e1b\u00f3l","inLanguage":"hu-HU","publisher":{"@id":"https:\/\/allasorias.hu\/hirek\/#organization"}}]},"og:locale":"hu_HU","og:site_name":"AllasOrias.hu | H\u00edrek-lapszemle | \u00dczleti h\u00edrek az \u00e1ll\u00e1s \u00e9s a munka vil\u00e1g\u00e1b\u00f3l","og:type":"article","og:title":"Mi lesz az ukr\u00e1n vend\u00e9gmunk\u00e1sokkal? | AllasOrias.hu | H\u00edrek-lapszemle","og:description":"T\u00f6bb mint 30 \u00e9vvel a rendszerv\u00e1lt\u00e1s ut\u00e1n m\u00e9g mindig hat\u00e1lyban van egy k\u00f6zel hatvan \u00e9ve k\u00f6t\u00f6tt magyar-szovjet \u00e1llamk\u00f6zi egyezm\u00e9ny. Eszerint a Magyarorsz\u00e1gon dolgoz\u00f3 ukr\u00e1n vend\u00e9gmunk\u00e1sok nem kaphatnak t\u00e1pp\u00e9nzt, csedet, gyedet. Hi\u00e1ba fizeti ut\u00e1nuk magyar munkaad\u00f3juk az \u00f6sszes k\u00f6zterhet. A vissz\u00e1s helyzetre sokakat a koronav\u00edrus-j\u00e1rv\u00e1ny d\u00f6bbentett r\u00e1. T\u00f6bb mint 30 \u00e9vvel a rendszerv\u00e1lt\u00e1s ut\u00e1n m\u00e9g mindig","og:url":"https:\/\/allasorias.hu\/hirek\/mi-lesz-az-ukran-vendegmunkasokkal\/","og:image":"https:\/\/allasorias.hu\/hirek\/wp-content\/uploads\/2021\/04\/ukran.jpg","og:image:secure_url":"https:\/\/allasorias.hu\/hirek\/wp-content\/uploads\/2021\/04\/ukran.jpg","og:image:width":640,"og:image:height":480,"article:published_time":"2021-04-27T06:07:08+00:00","article:modified_time":"2021-04-27T06:07:08+00:00","article:publisher":"https:\/\/www.facebook.com\/allasorias","twitter:card":"summary_large_image","twitter:title":"Mi lesz az ukr\u00e1n vend\u00e9gmunk\u00e1sokkal? | AllasOrias.hu | H\u00edrek-lapszemle","twitter:description":"T\u00f6bb mint 30 \u00e9vvel a rendszerv\u00e1lt\u00e1s ut\u00e1n m\u00e9g mindig hat\u00e1lyban van egy k\u00f6zel hatvan \u00e9ve k\u00f6t\u00f6tt magyar-szovjet \u00e1llamk\u00f6zi egyezm\u00e9ny. Eszerint a Magyarorsz\u00e1gon dolgoz\u00f3 ukr\u00e1n vend\u00e9gmunk\u00e1sok nem kaphatnak t\u00e1pp\u00e9nzt, csedet, gyedet. Hi\u00e1ba fizeti ut\u00e1nuk magyar munkaad\u00f3juk az \u00f6sszes k\u00f6zterhet. A vissz\u00e1s helyzetre sokakat a koronav\u00edrus-j\u00e1rv\u00e1ny d\u00f6bbentett r\u00e1. T\u00f6bb mint 30 \u00e9vvel a rendszerv\u00e1lt\u00e1s ut\u00e1n m\u00e9g mindig","twitter:image":"https:\/\/allasorias.hu\/hirek\/wp-content\/uploads\/2021\/04\/ukran.jpg","twitter:label1":"Written by","twitter:data1":"Juh\u00e1sz P\u00e9ter","twitter:label2":"Est. reading time","twitter:data2":"4 minutes"},"aioseo_meta_data":{"post_id":"4745","title":null,"description":null,"keywords":[],"keyphrases":{"focus":[],"additional":[]},"primary_term":null,"canonical_url":null,"og_title":null,"og_description":null,"og_object_type":"default","og_image_type":"default","og_image_url":null,"og_image_width":null,"og_image_height":null,"og_image_custom_url":null,"og_image_custom_fields":null,"og_video":"","og_custom_url":null,"og_article_section":null,"og_article_tags":[],"twitter_use_og":false,"twitter_card":"default","twitter_image_type":"default","twitter_image_url":null,"twitter_image_custom_url":null,"twitter_image_custom_fields":null,"twitter_title":null,"twitter_description":null,"schema":{"blockGraphs":[],"customGraphs":[],"default":{"data":{"Article":[],"Course":[],"Dataset":[],"FAQPage":[],"Movie":[],"Person":[],"Product":[],"ProductReview":[],"Car":[],"Recipe":[],"Service":[],"SoftwareApplication":[],"WebPage":[]},"graphName":"","isEnabled":true},"graphs":[]},"schema_type":"default","schema_type_options":"{\"article\":{\"articleType\":\"BlogPosting\"},\"course\":{\"name\":\"\",\"description\":\"\",\"provider\":\"\"},\"faq\":{\"pages\":[]},\"product\":{\"reviews\":[]},\"recipe\":{\"ingredients\":[],\"instructions\":[],\"keywords\":[]},\"software\":{\"reviews\":[],\"operatingSystems\":[]},\"webPage\":{\"webPageType\":\"WebPage\"}}","pillar_content":false,"robots_default":true,"robots_noindex":false,"robots_noarchive":false,"robots_nosnippet":false,"robots_nofollow":false,"robots_noimageindex":false,"robots_noodp":false,"robots_notranslate":false,"robots_max_snippet":"-1","robots_max_videopreview":"-1","robots_max_imagepreview":"large","priority":null,"frequency":"default","location":null,"local_seo":{"locations":{"business":{"name":"","businessType":"","image":"","areaServed":"","urls":{"website":"","aboutPage":"","contactPage":""},"address":{"streetLine1":"","streetLine2":"","zipCode":"","city":"","state":"","country":"","addressFormat":"#streetLineOne\n#streetLineTwo\n#city, #state #zipCode"},"contact":{"phone":"","email":"","fax":""},"ids":{"vat":"","tax":"","chamberOfCommerce":""},"payment":{"priceRange":"","currenciesAccepted":"","methods":""}}},"openingHours":{"useDefaults":true,"show":true,"alwaysOpen":false,"use24hFormat":false,"timezone":"","labels":{"closed":"","alwaysOpen":""},"days":{"monday":{"open24h":false,"closed":false,"openTime":"09:00","closeTime":"17:00"},"tuesday":{"open24h":false,"closed":false,"openTime":"09:00","closeTime":"17:00"},"wednesday":{"open24h":false,"closed":false,"openTime":"09:00","closeTime":"17:00"},"thursday":{"open24h":false,"closed":false,"openTime":"09:00","closeTime":"17:00"},"friday":{"open24h":false,"closed":false,"openTime":"09:00","closeTime":"17:00"},"saturday":{"open24h":false,"closed":false,"openTime":"09:00","closeTime":"17:00"},"sunday":{"open24h":false,"closed":false,"openTime":"09:00","closeTime":"17:00"}}}},"breadcrumb_settings":null,"limit_modified_date":false,"ai":null,"created":"2021-04-27 06:03:31","updated":"2025-10-02 15:38:13","seo_analyzer_scan_date":null,"focus_keyword":null,"additional_keywords":null,"truseo_locale":null},"aioseo_breadcrumb":"<div class=\"aioseo-breadcrumbs\"><span class=\"aioseo-breadcrumb\">\n\t\t\t<a href=\"https:\/\/allasorias.hu\/hirek\" title=\"Home\">Home<\/a>\n\t\t<\/span><span class=\"aioseo-breadcrumb-separator\">&raquo;<\/span><span class=\"aioseo-breadcrumb\">\n\t\t\t<a href=\"https:\/\/allasorias.hu\/hirek\/temak\/munkaeropiac\/\" title=\"Munkaer\u0151piac\">Munkaer\u0151piac<\/a>\n\t\t<\/span><span class=\"aioseo-breadcrumb-separator\">&raquo;<\/span><span class=\"aioseo-breadcrumb\">\n\t\t\tMi lesz az ukr\u00e1n vend\u00e9gmunk\u00e1sokkal?\n\t\t<\/span><\/div>","aioseo_breadcrumb_json":[{"label":"Home","link":"https:\/\/allasorias.hu\/hirek"},{"label":"Munkaer\u0151piac","link":"https:\/\/allasorias.hu\/hirek\/temak\/munkaeropiac\/"},{"label":"Mi lesz az ukr\u00e1n vend\u00e9gmunk\u00e1sokkal?","link":"https:\/\/allasorias.hu\/hirek\/mi-lesz-az-ukran-vendegmunkasokkal\/"}],"_links":{"self":[{"href":"https:\/\/allasorias.hu\/hirek\/wp-json\/wp\/v2\/posts\/4745","targetHints":{"allow":["GET"]}}],"collection":[{"href":"https:\/\/allasorias.hu\/hirek\/wp-json\/wp\/v2\/posts"}],"about":[{"href":"https:\/\/allasorias.hu\/hirek\/wp-json\/wp\/v2\/types\/post"}],"author":[{"embeddable":true,"href":"https:\/\/allasorias.hu\/hirek\/wp-json\/wp\/v2\/users\/1"}],"replies":[{"embeddable":true,"href":"https:\/\/allasorias.hu\/hirek\/wp-json\/wp\/v2\/comments?post=4745"}],"version-history":[{"count":1,"href":"https:\/\/allasorias.hu\/hirek\/wp-json\/wp\/v2\/posts\/4745\/revisions"}],"predecessor-version":[{"id":4747,"href":"https:\/\/allasorias.hu\/hirek\/wp-json\/wp\/v2\/posts\/4745\/revisions\/4747"}],"wp:featuredmedia":[{"embeddable":true,"href":"https:\/\/allasorias.hu\/hirek\/wp-json\/wp\/v2\/media\/4746"}],"wp:attachment":[{"href":"https:\/\/allasorias.hu\/hirek\/wp-json\/wp\/v2\/media?parent=4745"}],"wp:term":[{"taxonomy":"category","embeddable":true,"href":"https:\/\/allasorias.hu\/hirek\/wp-json\/wp\/v2\/categories?post=4745"},{"taxonomy":"post_tag","embeddable":true,"href":"https:\/\/allasorias.hu\/hirek\/wp-json\/wp\/v2\/tags?post=4745"}],"curies":[{"name":"wp","href":"https:\/\/api.w.org\/{rel}","templated":true}]}}