{"id":4725,"date":"2021-04-19T11:05:40","date_gmt":"2021-04-19T11:05:40","guid":{"rendered":"https:\/\/allasorias.hu\/hirek\/?p=4725"},"modified":"2025-05-07T10:45:44","modified_gmt":"2025-05-07T08:45:44","slug":"keresik-az-informatikusokat","status":"publish","type":"post","link":"https:\/\/allasorias.hu\/hirek\/keresik-az-informatikusokat\/","title":{"rendered":"Keresik az informatikus szakembereket"},"content":{"rendered":"<p><strong>A munkaer\u0151piacr\u00f3l\u00a0 mintegy 44 ezer IT-szakember hi\u00e1nyzik. Szinte harc folyik a nemzetk\u00f6zi mellett a hazai munkaer\u0151piacon is az informatikusok\u00e9rt, a piacr\u00f3l mintegy 44 ezer IT-szakember hi\u00e1nyzik &#8211; \u00edrja a HR-szolg\u00e1ltat\u00e1sokra specializ\u00e1l\u00f3dott WHC-csoport alapj\u00e1n a Magyar Nemzet. <\/strong><\/p>\n<p>K\u00f6zelharc folyik a nemzetk\u00f6zi mellett a hazai munkaer\u0151piacon is az informatikusok\u00e9rt, a piacr\u00f3l mintegy 44 ezer IT-szakember hi\u00e1nyzik. A kereslet v\u00e1llalatonk\u00e9nt elt\u00e9r\u0151: van olyan c\u00e9g, amelyik a p\u00e1lyakezd\u0151ket l\u00e1tn\u00e1 sz\u00edvesebben \u00e9s a v\u00e1llalati ig\u00e9nyek szerint k\u00e9pezne informatikus szakembert, sok c\u00e9g viszont a t\u00f6bb\u00e9ves szakmai tapasztalatot szabja felt\u00e9telk\u00e9nt &#8211; \u00edrja a lap, amely szerint nem is v\u00e1logatnak a piaci szerepl\u0151k, mert 80 nap is lehet, mire tal\u00e1lnak egy megfelel\u0151 embert. Az informatikusok \u00edgy a jobb aj\u00e1nlatokkal el is cs\u00e1b\u00edthat\u00f3k. A kor\u00e1bbiakhoz k\u00e9pest is jelent\u0151sen n\u0151tt a mobilit\u00e1s a szakm\u00e1ban &#8211; tette hozz\u00e1 a k\u00f6zlem\u00e9nyben G\u00f6ltl Viktor, a WHC \u00fcgyvezet\u0151je. Ennek a kock\u00e1zata az, hogy k\u00fclf\u00f6ldre is elmehetnek a hazai szakemberek, de k\u00f6zben Magyarorsz\u00e1gra is vissza lehet cs\u00e1b\u00edtani a magyar informatikusokat. Goth\u00e1rdi Ibolya, a 4iG HR-igazgat\u00f3ja \u00fagy l\u00e1tja, ma m\u00e1r a jel\u00f6ltek csaknem fele koll\u00e9g\u00e1k aj\u00e1nl\u00e1s\u00e1nak k\u00f6sz\u00f6nhet\u0151en ker\u00fcl a c\u00e9g l\u00e1t\u00f3k\u00f6r\u00e9be, \u00edgy \u0151k a munk\u00e1ltat\u00f3i m\u00e1rka\u00e9p\u00edt\u00e9sre sz\u00e1nt forr\u00e1sok egy r\u00e9sz\u00e9t m\u00e1r erre a ter\u00fcletre csoportos\u00edtj\u00e1k. A j\u00f6v\u0151ben a j\u00f3 informatikus els\u0151dleges ism\u00e9rve lesz a nagy fok\u00fa rugalmass\u00e1g, az \u00fagynevezett soft skillek megszerz\u00e9se.<\/p>\n<p>Forr\u00e1s: napi.hu<\/p>\n","protected":false},"excerpt":{"rendered":"<p>A munkaer\u0151piacr\u00f3l\u00a0 mintegy 44 ezer IT-szakember hi\u00e1nyzik. Szinte harc folyik a nemzetk\u00f6zi mellett a hazai munkaer\u0151piacon is az informatikusok\u00e9rt, a piacr\u00f3l mintegy 44 ezer IT-szakember hi\u00e1nyzik &#8211; \u00edrja a HR-szolg\u00e1ltat\u00e1sokra specializ\u00e1l\u00f3dott WHC-csoport alapj\u00e1n a Magyar Nemzet. K\u00f6zelharc folyik a nemzetk\u00f6zi mellett a hazai munkaer\u0151piacon is az informatikusok\u00e9rt, a piacr\u00f3l mintegy 44 ezer IT-szakember hi\u00e1nyzik. A [&hellip;]<\/p>\n","protected":false},"author":1,"featured_media":4726,"comment_status":"closed","ping_status":"closed","sticky":false,"template":"","format":"standard","meta":{"_monsterinsights_skip_tracking":false,"footnotes":""},"categories":[203,200],"tags":[],"class_list":["post-4725","post","type-post","status-publish","format-standard","has-post-thumbnail","hentry","category-hianyszakmak","category-munkaeropiac"],"aioseo_notices":[],"aioseo_head":"\n\t\t<!-- All in One SEO 5.0.0.1 - aioseo.com -->\n\t<meta name=\"description\" content=\"A munkaer\u0151piacr\u00f3l mintegy 44 ezer IT-szakember hi\u00e1nyzik. Szinte harc folyik a nemzetk\u00f6zi mellett a hazai munkaer\u0151piacon is az informatikusok\u00e9rt, a piacr\u00f3l mintegy 44 ezer IT-szakember hi\u00e1nyzik - \u00edrja a HR-szolg\u00e1ltat\u00e1sokra specializ\u00e1l\u00f3dott WHC-csoport alapj\u00e1n a Magyar Nemzet. K\u00f6zelharc folyik a nemzetk\u00f6zi mellett a hazai munkaer\u0151piacon is az informatikusok\u00e9rt, a piacr\u00f3l mintegy 44 ezer IT-szakember hi\u00e1nyzik. A\" \/>\n\t<meta name=\"robots\" content=\"max-image-preview:large\" \/>\n\t<meta name=\"author\" content=\"Juh\u00e1sz P\u00e9ter\"\/>\n\t<link rel=\"canonical\" href=\"https:\/\/allasorias.hu\/hirek\/keresik-az-informatikusokat\/\" \/>\n\t<meta name=\"generator\" content=\"All in One SEO (AIOSEO) 5.0.0.1\" \/>\n\t\t<meta property=\"og:locale\" content=\"hu_HU\" \/>\n\t\t<meta property=\"og:site_name\" content=\"AllasOrias.hu | H\u00edrek-lapszemle | \u00dczleti h\u00edrek az \u00e1ll\u00e1s \u00e9s a munka vil\u00e1g\u00e1b\u00f3l\" \/>\n\t\t<meta property=\"og:type\" content=\"article\" \/>\n\t\t<meta property=\"og:title\" content=\"Keresik az informatikus szakembereket | AllasOrias.hu | H\u00edrek-lapszemle\" \/>\n\t\t<meta property=\"og:description\" content=\"A munkaer\u0151piacr\u00f3l mintegy 44 ezer IT-szakember hi\u00e1nyzik. Szinte harc folyik a nemzetk\u00f6zi mellett a hazai munkaer\u0151piacon is az informatikusok\u00e9rt, a piacr\u00f3l mintegy 44 ezer IT-szakember hi\u00e1nyzik - \u00edrja a HR-szolg\u00e1ltat\u00e1sokra specializ\u00e1l\u00f3dott WHC-csoport alapj\u00e1n a Magyar Nemzet. K\u00f6zelharc folyik a nemzetk\u00f6zi mellett a hazai munkaer\u0151piacon is az informatikusok\u00e9rt, a piacr\u00f3l mintegy 44 ezer IT-szakember hi\u00e1nyzik. A\" \/>\n\t\t<meta property=\"og:url\" content=\"https:\/\/allasorias.hu\/hirek\/keresik-az-informatikusokat\/\" \/>\n\t\t<meta property=\"og:image\" content=\"https:\/\/allasorias.hu\/hirek\/wp-content\/uploads\/2021\/04\/group-young-business-people-working-office-1.jpg\" \/>\n\t\t<meta property=\"og:image:secure_url\" content=\"https:\/\/allasorias.hu\/hirek\/wp-content\/uploads\/2021\/04\/group-young-business-people-working-office-1.jpg\" \/>\n\t\t<meta property=\"og:image:width\" content=\"1920\" \/>\n\t\t<meta property=\"og:image:height\" content=\"1280\" \/>\n\t\t<meta property=\"article:published_time\" content=\"2021-04-19T11:05:40+00:00\" \/>\n\t\t<meta property=\"article:modified_time\" content=\"2025-05-07T08:45:44+00:00\" \/>\n\t\t<meta property=\"article:publisher\" content=\"https:\/\/www.facebook.com\/allasorias\" \/>\n\t\t<meta name=\"twitter:card\" content=\"summary_large_image\" \/>\n\t\t<meta name=\"twitter:title\" content=\"Keresik az informatikus szakembereket | AllasOrias.hu | H\u00edrek-lapszemle\" \/>\n\t\t<meta name=\"twitter:description\" content=\"A munkaer\u0151piacr\u00f3l mintegy 44 ezer IT-szakember hi\u00e1nyzik. Szinte harc folyik a nemzetk\u00f6zi mellett a hazai munkaer\u0151piacon is az informatikusok\u00e9rt, a piacr\u00f3l mintegy 44 ezer IT-szakember hi\u00e1nyzik - \u00edrja a HR-szolg\u00e1ltat\u00e1sokra specializ\u00e1l\u00f3dott WHC-csoport alapj\u00e1n a Magyar Nemzet. K\u00f6zelharc folyik a nemzetk\u00f6zi mellett a hazai munkaer\u0151piacon is az informatikusok\u00e9rt, a piacr\u00f3l mintegy 44 ezer IT-szakember hi\u00e1nyzik. A\" \/>\n\t\t<meta name=\"twitter:image\" content=\"https:\/\/allasorias.hu\/hirek\/wp-content\/uploads\/2021\/04\/group-young-business-people-working-office-1.jpg\" \/>\n\t\t<meta name=\"twitter:label1\" content=\"Written by\" \/>\n\t\t<meta name=\"twitter:data1\" content=\"Juh\u00e1sz P\u00e9ter\" \/>\n\t\t<meta name=\"twitter:label2\" content=\"Est. reading time\" \/>\n\t\t<meta name=\"twitter:data2\" content=\"2 minutes\" \/>\n\t\t<script type=\"application\/ld+json\" class=\"aioseo-schema\">\n\t\t\t{\"@context\":\"https:\\\/\\\/schema.org\",\"@graph\":[{\"@type\":\"Article\",\"@id\":\"https:\\\/\\\/allasorias.hu\\\/hirek\\\/keresik-az-informatikusokat\\\/#article\",\"name\":\"Keresik az informatikus szakembereket | AllasOrias.hu | H\\u00edrek-lapszemle\",\"headline\":\"Keresik az informatikus szakembereket\",\"author\":{\"@id\":\"https:\\\/\\\/allasorias.hu\\\/hirek\\\/author\\\/admin-allasorias\\\/#author\"},\"publisher\":{\"@id\":\"https:\\\/\\\/allasorias.hu\\\/hirek\\\/#organization\"},\"image\":{\"@type\":\"ImageObject\",\"url\":\"https:\\\/\\\/allasorias.hu\\\/hirek\\\/wp-content\\\/uploads\\\/2021\\\/04\\\/group-young-business-people-working-office-1.jpg\",\"width\":1920,\"height\":1280,\"caption\":\"Full concentration at work. Group of young business people working and communicating while sitting at the office desk together with colleagues sitting in the background\"},\"datePublished\":\"2021-04-19T11:05:40+02:00\",\"dateModified\":\"2025-05-07T10:45:44+02:00\",\"inLanguage\":\"hu-HU\",\"mainEntityOfPage\":{\"@id\":\"https:\\\/\\\/allasorias.hu\\\/hirek\\\/keresik-az-informatikusokat\\\/#webpage\"},\"isPartOf\":{\"@id\":\"https:\\\/\\\/allasorias.hu\\\/hirek\\\/keresik-az-informatikusokat\\\/#webpage\"},\"articleSection\":\"Hi\\u00e1nyszakm\\u00e1k, Munkaer\\u0151piac\"},{\"@type\":\"BreadcrumbList\",\"@id\":\"https:\\\/\\\/allasorias.hu\\\/hirek\\\/keresik-az-informatikusokat\\\/#breadcrumblist\",\"itemListElement\":[{\"@type\":\"ListItem\",\"@id\":\"https:\\\/\\\/allasorias.hu\\\/hirek#listItem\",\"position\":1,\"name\":\"Home\",\"item\":\"https:\\\/\\\/allasorias.hu\\\/hirek\",\"nextItem\":{\"@type\":\"ListItem\",\"@id\":\"https:\\\/\\\/allasorias.hu\\\/hirek\\\/temak\\\/munkaeropiac\\\/#listItem\",\"name\":\"Munkaer\\u0151piac\"}},{\"@type\":\"ListItem\",\"@id\":\"https:\\\/\\\/allasorias.hu\\\/hirek\\\/temak\\\/munkaeropiac\\\/#listItem\",\"position\":2,\"name\":\"Munkaer\\u0151piac\",\"item\":\"https:\\\/\\\/allasorias.hu\\\/hirek\\\/temak\\\/munkaeropiac\\\/\",\"nextItem\":{\"@type\":\"ListItem\",\"@id\":\"https:\\\/\\\/allasorias.hu\\\/hirek\\\/keresik-az-informatikusokat\\\/#listItem\",\"name\":\"Keresik az informatikus szakembereket\"},\"previousItem\":{\"@type\":\"ListItem\",\"@id\":\"https:\\\/\\\/allasorias.hu\\\/hirek#listItem\",\"name\":\"Home\"}},{\"@type\":\"ListItem\",\"@id\":\"https:\\\/\\\/allasorias.hu\\\/hirek\\\/keresik-az-informatikusokat\\\/#listItem\",\"position\":3,\"name\":\"Keresik az informatikus szakembereket\",\"previousItem\":{\"@type\":\"ListItem\",\"@id\":\"https:\\\/\\\/allasorias.hu\\\/hirek\\\/temak\\\/munkaeropiac\\\/#listItem\",\"name\":\"Munkaer\\u0151piac\"}}]},{\"@type\":\"Organization\",\"@id\":\"https:\\\/\\\/allasorias.hu\\\/hirek\\\/#organization\",\"name\":\"AllasOrias.hu | H\\u00edrek-lapszemle\",\"description\":\"\\u00dczleti h\\u00edrek az \\u00e1ll\\u00e1s \\u00e9s a munka vil\\u00e1g\\u00e1b\\u00f3l\",\"url\":\"https:\\\/\\\/allasorias.hu\\\/hirek\\\/\",\"logo\":{\"@type\":\"ImageObject\",\"url\":\"https:\\\/\\\/allasorias.hu\\\/hirek\\\/wp-content\\\/uploads\\\/2022\\\/10\\\/allasorias_site_facebok_logo.png\",\"@id\":\"https:\\\/\\\/allasorias.hu\\\/hirek\\\/keresik-az-informatikusokat\\\/#organizationLogo\"},\"image\":{\"@id\":\"https:\\\/\\\/allasorias.hu\\\/hirek\\\/keresik-az-informatikusokat\\\/#organizationLogo\"},\"sameAs\":[\"https:\\\/\\\/www.facebook.com\\\/allasorias\",\"https:\\\/\\\/www.linkedin.com\\\/company\\\/allasorias\"]},{\"@type\":\"Person\",\"@id\":\"https:\\\/\\\/allasorias.hu\\\/hirek\\\/author\\\/admin-allasorias\\\/#author\",\"url\":\"https:\\\/\\\/allasorias.hu\\\/hirek\\\/author\\\/admin-allasorias\\\/\",\"name\":\"Juh\\u00e1sz P\\u00e9ter\",\"image\":{\"@type\":\"ImageObject\",\"@id\":\"https:\\\/\\\/allasorias.hu\\\/hirek\\\/keresik-az-informatikusokat\\\/#authorImage\",\"url\":\"https:\\\/\\\/secure.gravatar.com\\\/avatar\\\/36e6bcb83148978b992977cb0f54d22feb0cce8a0a849a9410532bb2623ba4c6?s=96&d=mm&r=g\",\"width\":96,\"height\":96,\"caption\":\"Juh\\u00e1sz P\\u00e9ter\"}},{\"@type\":\"WebPage\",\"@id\":\"https:\\\/\\\/allasorias.hu\\\/hirek\\\/keresik-az-informatikusokat\\\/#webpage\",\"url\":\"https:\\\/\\\/allasorias.hu\\\/hirek\\\/keresik-az-informatikusokat\\\/\",\"name\":\"Keresik az informatikus szakembereket | AllasOrias.hu | H\\u00edrek-lapszemle\",\"description\":\"A munkaer\\u0151piacr\\u00f3l mintegy 44 ezer IT-szakember hi\\u00e1nyzik. Szinte harc folyik a nemzetk\\u00f6zi mellett a hazai munkaer\\u0151piacon is az informatikusok\\u00e9rt, a piacr\\u00f3l mintegy 44 ezer IT-szakember hi\\u00e1nyzik - \\u00edrja a HR-szolg\\u00e1ltat\\u00e1sokra specializ\\u00e1l\\u00f3dott WHC-csoport alapj\\u00e1n a Magyar Nemzet. K\\u00f6zelharc folyik a nemzetk\\u00f6zi mellett a hazai munkaer\\u0151piacon is az informatikusok\\u00e9rt, a piacr\\u00f3l mintegy 44 ezer IT-szakember hi\\u00e1nyzik. A\",\"inLanguage\":\"hu-HU\",\"isPartOf\":{\"@id\":\"https:\\\/\\\/allasorias.hu\\\/hirek\\\/#website\"},\"breadcrumb\":{\"@id\":\"https:\\\/\\\/allasorias.hu\\\/hirek\\\/keresik-az-informatikusokat\\\/#breadcrumblist\"},\"author\":{\"@id\":\"https:\\\/\\\/allasorias.hu\\\/hirek\\\/author\\\/admin-allasorias\\\/#author\"},\"creator\":{\"@id\":\"https:\\\/\\\/allasorias.hu\\\/hirek\\\/author\\\/admin-allasorias\\\/#author\"},\"image\":{\"@type\":\"ImageObject\",\"url\":\"https:\\\/\\\/allasorias.hu\\\/hirek\\\/wp-content\\\/uploads\\\/2021\\\/04\\\/group-young-business-people-working-office-1.jpg\",\"@id\":\"https:\\\/\\\/allasorias.hu\\\/hirek\\\/keresik-az-informatikusokat\\\/#mainImage\",\"width\":1920,\"height\":1280,\"caption\":\"Full concentration at work. Group of young business people working and communicating while sitting at the office desk together with colleagues sitting in the background\"},\"primaryImageOfPage\":{\"@id\":\"https:\\\/\\\/allasorias.hu\\\/hirek\\\/keresik-az-informatikusokat\\\/#mainImage\"},\"datePublished\":\"2021-04-19T11:05:40+02:00\",\"dateModified\":\"2025-05-07T10:45:44+02:00\"},{\"@type\":\"WebSite\",\"@id\":\"https:\\\/\\\/allasorias.hu\\\/hirek\\\/#website\",\"url\":\"https:\\\/\\\/allasorias.hu\\\/hirek\\\/\",\"name\":\"AllasOrias.hu | H\\u00edrek-lapszemle\",\"description\":\"\\u00dczleti h\\u00edrek az \\u00e1ll\\u00e1s \\u00e9s a munka vil\\u00e1g\\u00e1b\\u00f3l\",\"inLanguage\":\"hu-HU\",\"publisher\":{\"@id\":\"https:\\\/\\\/allasorias.hu\\\/hirek\\\/#organization\"}}]}\n\t\t<\/script>\n\t\t<!-- All in One SEO -->\n\n","aioseo_head_json":{"title":"Keresik az informatikus szakembereket | AllasOrias.hu | H\u00edrek-lapszemle","description":"A munkaer\u0151piacr\u00f3l mintegy 44 ezer IT-szakember hi\u00e1nyzik. Szinte harc folyik a nemzetk\u00f6zi mellett a hazai munkaer\u0151piacon is az informatikusok\u00e9rt, a piacr\u00f3l mintegy 44 ezer IT-szakember hi\u00e1nyzik - \u00edrja a HR-szolg\u00e1ltat\u00e1sokra specializ\u00e1l\u00f3dott WHC-csoport alapj\u00e1n a Magyar Nemzet. K\u00f6zelharc folyik a nemzetk\u00f6zi mellett a hazai munkaer\u0151piacon is az informatikusok\u00e9rt, a piacr\u00f3l mintegy 44 ezer IT-szakember hi\u00e1nyzik. A","canonical_url":"https:\/\/allasorias.hu\/hirek\/keresik-az-informatikusokat\/","robots":"max-image-preview:large","keywords":"","webmasterTools":{"miscellaneous":""},"schema":{"@context":"https:\/\/schema.org","@graph":[{"@type":"Article","@id":"https:\/\/allasorias.hu\/hirek\/keresik-az-informatikusokat\/#article","name":"Keresik az informatikus szakembereket | AllasOrias.hu | H\u00edrek-lapszemle","headline":"Keresik az informatikus szakembereket","author":{"@id":"https:\/\/allasorias.hu\/hirek\/author\/admin-allasorias\/#author"},"publisher":{"@id":"https:\/\/allasorias.hu\/hirek\/#organization"},"image":{"@type":"ImageObject","url":"https:\/\/allasorias.hu\/hirek\/wp-content\/uploads\/2021\/04\/group-young-business-people-working-office-1.jpg","width":1920,"height":1280,"caption":"Full concentration at work. Group of young business people working and communicating while sitting at the office desk together with colleagues sitting in the background"},"datePublished":"2021-04-19T11:05:40+02:00","dateModified":"2025-05-07T10:45:44+02:00","inLanguage":"hu-HU","mainEntityOfPage":{"@id":"https:\/\/allasorias.hu\/hirek\/keresik-az-informatikusokat\/#webpage"},"isPartOf":{"@id":"https:\/\/allasorias.hu\/hirek\/keresik-az-informatikusokat\/#webpage"},"articleSection":"Hi\u00e1nyszakm\u00e1k, Munkaer\u0151piac"},{"@type":"BreadcrumbList","@id":"https:\/\/allasorias.hu\/hirek\/keresik-az-informatikusokat\/#breadcrumblist","itemListElement":[{"@type":"ListItem","@id":"https:\/\/allasorias.hu\/hirek#listItem","position":1,"name":"Home","item":"https:\/\/allasorias.hu\/hirek","nextItem":{"@type":"ListItem","@id":"https:\/\/allasorias.hu\/hirek\/temak\/munkaeropiac\/#listItem","name":"Munkaer\u0151piac"}},{"@type":"ListItem","@id":"https:\/\/allasorias.hu\/hirek\/temak\/munkaeropiac\/#listItem","position":2,"name":"Munkaer\u0151piac","item":"https:\/\/allasorias.hu\/hirek\/temak\/munkaeropiac\/","nextItem":{"@type":"ListItem","@id":"https:\/\/allasorias.hu\/hirek\/keresik-az-informatikusokat\/#listItem","name":"Keresik az informatikus szakembereket"},"previousItem":{"@type":"ListItem","@id":"https:\/\/allasorias.hu\/hirek#listItem","name":"Home"}},{"@type":"ListItem","@id":"https:\/\/allasorias.hu\/hirek\/keresik-az-informatikusokat\/#listItem","position":3,"name":"Keresik az informatikus szakembereket","previousItem":{"@type":"ListItem","@id":"https:\/\/allasorias.hu\/hirek\/temak\/munkaeropiac\/#listItem","name":"Munkaer\u0151piac"}}]},{"@type":"Organization","@id":"https:\/\/allasorias.hu\/hirek\/#organization","name":"AllasOrias.hu | H\u00edrek-lapszemle","description":"\u00dczleti h\u00edrek az \u00e1ll\u00e1s \u00e9s a munka vil\u00e1g\u00e1b\u00f3l","url":"https:\/\/allasorias.hu\/hirek\/","logo":{"@type":"ImageObject","url":"https:\/\/allasorias.hu\/hirek\/wp-content\/uploads\/2022\/10\/allasorias_site_facebok_logo.png","@id":"https:\/\/allasorias.hu\/hirek\/keresik-az-informatikusokat\/#organizationLogo"},"image":{"@id":"https:\/\/allasorias.hu\/hirek\/keresik-az-informatikusokat\/#organizationLogo"},"sameAs":["https:\/\/www.facebook.com\/allasorias","https:\/\/www.linkedin.com\/company\/allasorias"]},{"@type":"Person","@id":"https:\/\/allasorias.hu\/hirek\/author\/admin-allasorias\/#author","url":"https:\/\/allasorias.hu\/hirek\/author\/admin-allasorias\/","name":"Juh\u00e1sz P\u00e9ter","image":{"@type":"ImageObject","@id":"https:\/\/allasorias.hu\/hirek\/keresik-az-informatikusokat\/#authorImage","url":"https:\/\/secure.gravatar.com\/avatar\/36e6bcb83148978b992977cb0f54d22feb0cce8a0a849a9410532bb2623ba4c6?s=96&d=mm&r=g","width":96,"height":96,"caption":"Juh\u00e1sz P\u00e9ter"}},{"@type":"WebPage","@id":"https:\/\/allasorias.hu\/hirek\/keresik-az-informatikusokat\/#webpage","url":"https:\/\/allasorias.hu\/hirek\/keresik-az-informatikusokat\/","name":"Keresik az informatikus szakembereket | AllasOrias.hu | H\u00edrek-lapszemle","description":"A munkaer\u0151piacr\u00f3l mintegy 44 ezer IT-szakember hi\u00e1nyzik. Szinte harc folyik a nemzetk\u00f6zi mellett a hazai munkaer\u0151piacon is az informatikusok\u00e9rt, a piacr\u00f3l mintegy 44 ezer IT-szakember hi\u00e1nyzik - \u00edrja a HR-szolg\u00e1ltat\u00e1sokra specializ\u00e1l\u00f3dott WHC-csoport alapj\u00e1n a Magyar Nemzet. K\u00f6zelharc folyik a nemzetk\u00f6zi mellett a hazai munkaer\u0151piacon is az informatikusok\u00e9rt, a piacr\u00f3l mintegy 44 ezer IT-szakember hi\u00e1nyzik. A","inLanguage":"hu-HU","isPartOf":{"@id":"https:\/\/allasorias.hu\/hirek\/#website"},"breadcrumb":{"@id":"https:\/\/allasorias.hu\/hirek\/keresik-az-informatikusokat\/#breadcrumblist"},"author":{"@id":"https:\/\/allasorias.hu\/hirek\/author\/admin-allasorias\/#author"},"creator":{"@id":"https:\/\/allasorias.hu\/hirek\/author\/admin-allasorias\/#author"},"image":{"@type":"ImageObject","url":"https:\/\/allasorias.hu\/hirek\/wp-content\/uploads\/2021\/04\/group-young-business-people-working-office-1.jpg","@id":"https:\/\/allasorias.hu\/hirek\/keresik-az-informatikusokat\/#mainImage","width":1920,"height":1280,"caption":"Full concentration at work. Group of young business people working and communicating while sitting at the office desk together with colleagues sitting in the background"},"primaryImageOfPage":{"@id":"https:\/\/allasorias.hu\/hirek\/keresik-az-informatikusokat\/#mainImage"},"datePublished":"2021-04-19T11:05:40+02:00","dateModified":"2025-05-07T10:45:44+02:00"},{"@type":"WebSite","@id":"https:\/\/allasorias.hu\/hirek\/#website","url":"https:\/\/allasorias.hu\/hirek\/","name":"AllasOrias.hu | H\u00edrek-lapszemle","description":"\u00dczleti h\u00edrek az \u00e1ll\u00e1s \u00e9s a munka vil\u00e1g\u00e1b\u00f3l","inLanguage":"hu-HU","publisher":{"@id":"https:\/\/allasorias.hu\/hirek\/#organization"}}]},"og:locale":"hu_HU","og:site_name":"AllasOrias.hu | H\u00edrek-lapszemle | \u00dczleti h\u00edrek az \u00e1ll\u00e1s \u00e9s a munka vil\u00e1g\u00e1b\u00f3l","og:type":"article","og:title":"Keresik az informatikus szakembereket | AllasOrias.hu | H\u00edrek-lapszemle","og:description":"A munkaer\u0151piacr\u00f3l mintegy 44 ezer IT-szakember hi\u00e1nyzik. Szinte harc folyik a nemzetk\u00f6zi mellett a hazai munkaer\u0151piacon is az informatikusok\u00e9rt, a piacr\u00f3l mintegy 44 ezer IT-szakember hi\u00e1nyzik - \u00edrja a HR-szolg\u00e1ltat\u00e1sokra specializ\u00e1l\u00f3dott WHC-csoport alapj\u00e1n a Magyar Nemzet. K\u00f6zelharc folyik a nemzetk\u00f6zi mellett a hazai munkaer\u0151piacon is az informatikusok\u00e9rt, a piacr\u00f3l mintegy 44 ezer IT-szakember hi\u00e1nyzik. A","og:url":"https:\/\/allasorias.hu\/hirek\/keresik-az-informatikusokat\/","og:image":"https:\/\/allasorias.hu\/hirek\/wp-content\/uploads\/2021\/04\/group-young-business-people-working-office-1.jpg","og:image:secure_url":"https:\/\/allasorias.hu\/hirek\/wp-content\/uploads\/2021\/04\/group-young-business-people-working-office-1.jpg","og:image:width":1920,"og:image:height":1280,"article:published_time":"2021-04-19T11:05:40+00:00","article:modified_time":"2025-05-07T08:45:44+00:00","article:publisher":"https:\/\/www.facebook.com\/allasorias","twitter:card":"summary_large_image","twitter:title":"Keresik az informatikus szakembereket | AllasOrias.hu | H\u00edrek-lapszemle","twitter:description":"A munkaer\u0151piacr\u00f3l mintegy 44 ezer IT-szakember hi\u00e1nyzik. Szinte harc folyik a nemzetk\u00f6zi mellett a hazai munkaer\u0151piacon is az informatikusok\u00e9rt, a piacr\u00f3l mintegy 44 ezer IT-szakember hi\u00e1nyzik - \u00edrja a HR-szolg\u00e1ltat\u00e1sokra specializ\u00e1l\u00f3dott WHC-csoport alapj\u00e1n a Magyar Nemzet. K\u00f6zelharc folyik a nemzetk\u00f6zi mellett a hazai munkaer\u0151piacon is az informatikusok\u00e9rt, a piacr\u00f3l mintegy 44 ezer IT-szakember hi\u00e1nyzik. A","twitter:image":"https:\/\/allasorias.hu\/hirek\/wp-content\/uploads\/2021\/04\/group-young-business-people-working-office-1.jpg","twitter:label1":"Written by","twitter:data1":"Juh\u00e1sz P\u00e9ter","twitter:label2":"Est. reading time","twitter:data2":"2 minutes"},"aioseo_meta_data":{"post_id":"4725","title":null,"description":null,"keywords":null,"keyphrases":{"focus":{"keyphrase":"","score":0,"analysis":{"keyphraseInTitle":{"score":0,"maxScore":9,"error":1}}},"additional":[]},"primary_term":null,"canonical_url":null,"og_title":null,"og_description":null,"og_object_type":"default","og_image_type":"default","og_image_url":null,"og_image_width":null,"og_image_height":null,"og_image_custom_url":null,"og_image_custom_fields":null,"og_video":"","og_custom_url":null,"og_article_section":null,"og_article_tags":null,"twitter_use_og":false,"twitter_card":"default","twitter_image_type":"default","twitter_image_url":null,"twitter_image_custom_url":null,"twitter_image_custom_fields":null,"twitter_title":null,"twitter_description":null,"schema":{"blockGraphs":[],"customGraphs":[],"default":{"data":{"Article":[],"Course":[],"Dataset":[],"FAQPage":[],"Movie":[],"Person":[],"Product":[],"ProductReview":[],"Car":[],"Recipe":[],"Service":[],"SoftwareApplication":[],"WebPage":[]},"graphName":"Article","isEnabled":true},"graphs":[],"defaultGraph":"Article","defaultPostTypeGraph":""},"schema_type":"default","schema_type_options":"{\"article\":{\"articleType\":\"BlogPosting\"},\"course\":{\"name\":\"\",\"description\":\"\",\"provider\":\"\"},\"faq\":{\"pages\":[]},\"product\":{\"reviews\":[]},\"recipe\":{\"ingredients\":[],\"instructions\":[],\"keywords\":[]},\"software\":{\"reviews\":[],\"operatingSystems\":[]},\"webPage\":{\"webPageType\":\"WebPage\"}}","pillar_content":false,"robots_default":true,"robots_noindex":false,"robots_noarchive":false,"robots_nosnippet":false,"robots_nofollow":false,"robots_noimageindex":false,"robots_noodp":false,"robots_notranslate":false,"robots_max_snippet":"-1","robots_max_videopreview":"-1","robots_max_imagepreview":"large","priority":null,"frequency":"default","location":null,"local_seo":null,"breadcrumb_settings":null,"limit_modified_date":false,"ai":null,"created":"2021-04-19 11:00:09","updated":"2025-10-02 15:35:48","seo_analyzer_scan_date":null,"focus_keyword":null,"additional_keywords":null,"truseo_locale":null},"aioseo_breadcrumb":"<div class=\"aioseo-breadcrumbs\"><span class=\"aioseo-breadcrumb\">\n\t\t\t<a href=\"https:\/\/allasorias.hu\/hirek\" title=\"Home\">Home<\/a>\n\t\t<\/span><span class=\"aioseo-breadcrumb-separator\">&raquo;<\/span><span class=\"aioseo-breadcrumb\">\n\t\t\t<a href=\"https:\/\/allasorias.hu\/hirek\/temak\/munkaeropiac\/\" title=\"Munkaer\u0151piac\">Munkaer\u0151piac<\/a>\n\t\t<\/span><span class=\"aioseo-breadcrumb-separator\">&raquo;<\/span><span class=\"aioseo-breadcrumb\">\n\t\t\tKeresik az informatikus szakembereket\n\t\t<\/span><\/div>","aioseo_breadcrumb_json":[{"label":"Home","link":"https:\/\/allasorias.hu\/hirek"},{"label":"Munkaer\u0151piac","link":"https:\/\/allasorias.hu\/hirek\/temak\/munkaeropiac\/"},{"label":"Keresik az informatikus szakembereket","link":"https:\/\/allasorias.hu\/hirek\/keresik-az-informatikusokat\/"}],"_links":{"self":[{"href":"https:\/\/allasorias.hu\/hirek\/wp-json\/wp\/v2\/posts\/4725","targetHints":{"allow":["GET"]}}],"collection":[{"href":"https:\/\/allasorias.hu\/hirek\/wp-json\/wp\/v2\/posts"}],"about":[{"href":"https:\/\/allasorias.hu\/hirek\/wp-json\/wp\/v2\/types\/post"}],"author":[{"embeddable":true,"href":"https:\/\/allasorias.hu\/hirek\/wp-json\/wp\/v2\/users\/1"}],"replies":[{"embeddable":true,"href":"https:\/\/allasorias.hu\/hirek\/wp-json\/wp\/v2\/comments?post=4725"}],"version-history":[{"count":2,"href":"https:\/\/allasorias.hu\/hirek\/wp-json\/wp\/v2\/posts\/4725\/revisions"}],"predecessor-version":[{"id":8387,"href":"https:\/\/allasorias.hu\/hirek\/wp-json\/wp\/v2\/posts\/4725\/revisions\/8387"}],"wp:featuredmedia":[{"embeddable":true,"href":"https:\/\/allasorias.hu\/hirek\/wp-json\/wp\/v2\/media\/4726"}],"wp:attachment":[{"href":"https:\/\/allasorias.hu\/hirek\/wp-json\/wp\/v2\/media?parent=4725"}],"wp:term":[{"taxonomy":"category","embeddable":true,"href":"https:\/\/allasorias.hu\/hirek\/wp-json\/wp\/v2\/categories?post=4725"},{"taxonomy":"post_tag","embeddable":true,"href":"https:\/\/allasorias.hu\/hirek\/wp-json\/wp\/v2\/tags?post=4725"}],"curies":[{"name":"wp","href":"https:\/\/api.w.org\/{rel}","templated":true}]}}