{"id":4723,"date":"2021-04-16T08:33:59","date_gmt":"2021-04-16T08:33:59","guid":{"rendered":"https:\/\/allasorias.hu\/hirek\/?p=4723"},"modified":"2021-04-16T08:33:59","modified_gmt":"2021-04-16T08:33:59","slug":"sok-a-munkanelkuli-a-jarvany-jelenlegi-idoszakaban","status":"publish","type":"post","link":"https:\/\/allasorias.hu\/hirek\/sok-a-munkanelkuli-a-jarvany-jelenlegi-idoszakaban\/","title":{"rendered":"Sok a munkan\u00e9lk\u00fcli a j\u00e1rv\u00e1ny jelenlegi id\u0151szak\u00e1ban"},"content":{"rendered":"<p><strong>Haz\u00e1nkban k\u00f6zel tizenh\u00e1rom-ezer\u00a0 f\u0151vel dolgoztak kevesebben 2020 negyedik negyed\u00e9v\u00e9ben az el\u0151z\u0151 negyed\u00e9vhez k\u00e9pest. Az Eur\u00f3pai Uni\u00f3ban csak 5 orsz\u00e1g volt, amelynek cs\u00f6kkent a foglalkoztat\u00e1si r\u00e1t\u00e1ja, ezek k\u00f6z\u00e9 a tag\u00e1llamok k\u00f6z\u00e9 tartozik Magyarorsz\u00e1g is. <\/strong><\/p>\n<p>Haz\u00e1nkban mintegy 13 ezer f\u0151vel dolgoztak kevesebben az eml\u00edtett id\u0151szakban. Enn\u00e9l pedig csak h\u00e1rom orsz\u00e1gban alakult rosszabbul a helyzet. Az EU-ban a 20-64 \u00e9vesek foglalkoztat\u00e1si r\u00e1t\u00e1ja 2020 negyedik negyed\u00e9v\u00e9ben 72,6% volt, ami 0,3 sz\u00e1zal\u00e9kpontos n\u00f6veked\u00e9st jelent 2020 harmadik negyed\u00e9v\u00e9hez k\u00e9pest. Ez azt jelenti, hogy az uni\u00f3 legt\u00f6bb orsz\u00e1g\u00e1ban a munkaer\u0151piac n\u00e9mileg regener\u00e1l\u00f3dni tudott 2020 negyedik negyed\u00e9v\u00e9ben a harmadik negyed\u00e9vhez k\u00e9pest, de az\u00e9rt volt n\u00e9h\u00e1ny orsz\u00e1g, ahol ez nem siker\u00fclt. Ahogy az a grafikonon is l\u00e1tszik, a legnagyobb el\u0151rel\u00e9p\u00e9st Luxemburg \u00e9s \u00c9sztorsz\u00e1g produk\u00e1lta. Mindk\u00e9t tag\u00e1llamban t\u00f6bb mint 1 sz\u00e1zal\u00e9kkal n\u0151tt a foglalkoztat\u00e1s 2020 negyedik negyed\u00e9v\u00e9ben a harmadikhoz k\u00e9pest. A k\u00e9t \u00e9llovas mellett tov\u00e1bbi 5 orsz\u00e1g tudta a foglalkoztat\u00e1si r\u00e1t\u00e1j\u00e1t t\u00f6bb mint 0,5 sz\u00e1zal\u00e9kkal emelni az \u00e9v v\u00e9gi, v\u00e9szterhes id\u0151kben. Rajtuk k\u00edv\u00fcl tov\u00e1bbi 17 orsz\u00e1g volt, ahol vagy stagn\u00e1l a foglalkoztat\u00e1s m\u00e9rt\u00e9ke vagy 0,1 \u00e9s 0,4 sz\u00e1zal\u00e9k k\u00f6z\u00f6tt emelkedni is tudott. A sz\u00e1mok t\u00fckr\u00e9ben mindez viszont azt is jelenti, hogy marad 5 olyan EU-s tag\u00e1llam, akik nem tudtak fel\u00fclni ugyanarra a hull\u00e1mra, mint a t\u00f6bbiek, \u00e9s eset\u00fckben sajnos tov\u00e1bb cs\u00f6kkent a foglalkoztatottak ar\u00e1nya. Sajnos Magyarorsz\u00e1g is ezek k\u00f6z\u00e9 az orsz\u00e1gok k\u00f6z\u00e9 tartozik. Haz\u00e1nkban ugyanis 2020 harmadik negyed\u00e9v\u00e9hez k\u00e9pest 0,1 sz\u00e1zal\u00e9kponttal cs\u00f6kkent a foglalkoztat\u00e1si r\u00e1ta 2020j negyedik negyed\u00e9v\u00e9re. Ezzel az eredm\u00e9nnyel az EU 5 legrosszabbul teljes\u00edt\u0151 orsz\u00e1ga k\u00f6z\u00e9 ker\u00fclt\u00fcnk. Magunk m\u00f6g\u00e9 csak az osztr\u00e1kokat, belg\u00e1kat, szlov\u00e1kokat siker\u00fclt szor\u00edtani. \u00c9rdemes megfigyelni, hogy a lista h\u00e1ts\u00f3 fert\u00e1ly\u00e1ba tartoz\u00f3 orsz\u00e1goknak gy\u0171lik meg am\u00fagy is a legt\u00f6bb baja a tavaly \u00e9v v\u00e9g\u00e9t\u0151l felfut\u00f3ban l\u00e9v\u0151 koronav\u00edrus-j\u00e1rv\u00e1ny harmadik hull\u00e1m\u00e1val. Ez pedig, ahogy l\u00e1tszik, a munkaer\u0151piacra is cs\u00fafosan r\u00e1nyomja a b\u00e9lyeg\u00e9t. A magyarorsz\u00e1gi visszaes\u00e9s egy\u00e9bk\u00e9nt azt is jelentette, hogy mintegy 13 ezer emberrel dolgozott kevesebb 2020 negyedik negyed\u00e9v\u00e9ben, mint a harmadik negyed\u00e9vben.<\/p>\n<p>Forr\u00e1s:penzcentrum.hu<\/p>\n","protected":false},"excerpt":{"rendered":"<p>Haz\u00e1nkban k\u00f6zel tizenh\u00e1rom-ezer\u00a0 f\u0151vel dolgoztak kevesebben 2020 negyedik negyed\u00e9v\u00e9ben az el\u0151z\u0151 negyed\u00e9vhez k\u00e9pest. Az Eur\u00f3pai Uni\u00f3ban csak 5 orsz\u00e1g volt, amelynek cs\u00f6kkent a foglalkoztat\u00e1si r\u00e1t\u00e1ja, ezek k\u00f6z\u00e9 a tag\u00e1llamok k\u00f6z\u00e9 tartozik Magyarorsz\u00e1g is. Haz\u00e1nkban mintegy 13 ezer f\u0151vel dolgoztak kevesebben az eml\u00edtett id\u0151szakban. Enn\u00e9l pedig csak h\u00e1rom orsz\u00e1gban alakult rosszabbul a helyzet. Az EU-ban a [&hellip;]<\/p>\n","protected":false},"author":1,"featured_media":4475,"comment_status":"open","ping_status":"open","sticky":false,"template":"","format":"standard","meta":{"_monsterinsights_skip_tracking":false,"footnotes":""},"categories":[200],"tags":[],"class_list":["post-4723","post","type-post","status-publish","format-standard","has-post-thumbnail","hentry","category-munkaeropiac"],"aioseo_notices":[],"aioseo_head":"\n\t\t<!-- All in One SEO 5.0.0.1 - aioseo.com -->\n\t<meta name=\"description\" content=\"Haz\u00e1nkban k\u00f6zel tizenh\u00e1rom-ezer f\u0151vel dolgoztak kevesebben 2020 negyedik negyed\u00e9v\u00e9ben az el\u0151z\u0151 negyed\u00e9vhez k\u00e9pest. Az Eur\u00f3pai Uni\u00f3ban csak 5 orsz\u00e1g volt, amelynek cs\u00f6kkent a foglalkoztat\u00e1si r\u00e1t\u00e1ja, ezek k\u00f6z\u00e9 a tag\u00e1llamok k\u00f6z\u00e9 tartozik Magyarorsz\u00e1g is. Haz\u00e1nkban mintegy 13 ezer f\u0151vel dolgoztak kevesebben az eml\u00edtett id\u0151szakban. Enn\u00e9l pedig csak h\u00e1rom orsz\u00e1gban alakult rosszabbul a helyzet. Az EU-ban a\" \/>\n\t<meta name=\"robots\" content=\"max-image-preview:large\" \/>\n\t<meta name=\"author\" content=\"Juh\u00e1sz P\u00e9ter\"\/>\n\t<link rel=\"canonical\" href=\"https:\/\/allasorias.hu\/hirek\/sok-a-munkanelkuli-a-jarvany-jelenlegi-idoszakaban\/\" \/>\n\t<meta name=\"generator\" content=\"All in One SEO (AIOSEO) 5.0.0.1\" \/>\n\t\t<meta property=\"og:locale\" content=\"hu_HU\" \/>\n\t\t<meta property=\"og:site_name\" content=\"AllasOrias.hu | H\u00edrek-lapszemle | \u00dczleti h\u00edrek az \u00e1ll\u00e1s \u00e9s a munka vil\u00e1g\u00e1b\u00f3l\" \/>\n\t\t<meta property=\"og:type\" content=\"article\" \/>\n\t\t<meta property=\"og:title\" content=\"Sok a munkan\u00e9lk\u00fcli a j\u00e1rv\u00e1ny jelenlegi id\u0151szak\u00e1ban | AllasOrias.hu | H\u00edrek-lapszemle\" \/>\n\t\t<meta property=\"og:description\" content=\"Haz\u00e1nkban k\u00f6zel tizenh\u00e1rom-ezer f\u0151vel dolgoztak kevesebben 2020 negyedik negyed\u00e9v\u00e9ben az el\u0151z\u0151 negyed\u00e9vhez k\u00e9pest. Az Eur\u00f3pai Uni\u00f3ban csak 5 orsz\u00e1g volt, amelynek cs\u00f6kkent a foglalkoztat\u00e1si r\u00e1t\u00e1ja, ezek k\u00f6z\u00e9 a tag\u00e1llamok k\u00f6z\u00e9 tartozik Magyarorsz\u00e1g is. Haz\u00e1nkban mintegy 13 ezer f\u0151vel dolgoztak kevesebben az eml\u00edtett id\u0151szakban. Enn\u00e9l pedig csak h\u00e1rom orsz\u00e1gban alakult rosszabbul a helyzet. Az EU-ban a\" \/>\n\t\t<meta property=\"og:url\" content=\"https:\/\/allasorias.hu\/hirek\/sok-a-munkanelkuli-a-jarvany-jelenlegi-idoszakaban\/\" \/>\n\t\t<meta property=\"og:image\" content=\"https:\/\/allasorias.hu\/hirek\/wp-content\/uploads\/2020\/12\/unnamed.jpg\" \/>\n\t\t<meta property=\"og:image:secure_url\" content=\"https:\/\/allasorias.hu\/hirek\/wp-content\/uploads\/2020\/12\/unnamed.jpg\" \/>\n\t\t<meta property=\"og:image:width\" content=\"500\" \/>\n\t\t<meta property=\"og:image:height\" content=\"312\" \/>\n\t\t<meta property=\"article:published_time\" content=\"2021-04-16T08:33:59+00:00\" \/>\n\t\t<meta property=\"article:modified_time\" content=\"2021-04-16T08:33:59+00:00\" \/>\n\t\t<meta property=\"article:publisher\" content=\"https:\/\/www.facebook.com\/allasorias\" \/>\n\t\t<meta name=\"twitter:card\" content=\"summary_large_image\" \/>\n\t\t<meta name=\"twitter:title\" content=\"Sok a munkan\u00e9lk\u00fcli a j\u00e1rv\u00e1ny jelenlegi id\u0151szak\u00e1ban | AllasOrias.hu | H\u00edrek-lapszemle\" \/>\n\t\t<meta name=\"twitter:description\" content=\"Haz\u00e1nkban k\u00f6zel tizenh\u00e1rom-ezer f\u0151vel dolgoztak kevesebben 2020 negyedik negyed\u00e9v\u00e9ben az el\u0151z\u0151 negyed\u00e9vhez k\u00e9pest. Az Eur\u00f3pai Uni\u00f3ban csak 5 orsz\u00e1g volt, amelynek cs\u00f6kkent a foglalkoztat\u00e1si r\u00e1t\u00e1ja, ezek k\u00f6z\u00e9 a tag\u00e1llamok k\u00f6z\u00e9 tartozik Magyarorsz\u00e1g is. Haz\u00e1nkban mintegy 13 ezer f\u0151vel dolgoztak kevesebben az eml\u00edtett id\u0151szakban. Enn\u00e9l pedig csak h\u00e1rom orsz\u00e1gban alakult rosszabbul a helyzet. Az EU-ban a\" \/>\n\t\t<meta name=\"twitter:image\" content=\"https:\/\/allasorias.hu\/hirek\/wp-content\/uploads\/2020\/12\/unnamed.jpg\" \/>\n\t\t<meta name=\"twitter:label1\" content=\"Written by\" \/>\n\t\t<meta name=\"twitter:data1\" content=\"Juh\u00e1sz P\u00e9ter\" \/>\n\t\t<meta name=\"twitter:label2\" content=\"Est. reading time\" \/>\n\t\t<meta name=\"twitter:data2\" content=\"2 minutes\" \/>\n\t\t<script type=\"application\/ld+json\" class=\"aioseo-schema\">\n\t\t\t{\"@context\":\"https:\\\/\\\/schema.org\",\"@graph\":[{\"@type\":\"Article\",\"@id\":\"https:\\\/\\\/allasorias.hu\\\/hirek\\\/sok-a-munkanelkuli-a-jarvany-jelenlegi-idoszakaban\\\/#article\",\"name\":\"Sok a munkan\\u00e9lk\\u00fcli a j\\u00e1rv\\u00e1ny jelenlegi id\\u0151szak\\u00e1ban | AllasOrias.hu | H\\u00edrek-lapszemle\",\"headline\":\"Sok a munkan\\u00e9lk\\u00fcli a j\\u00e1rv\\u00e1ny jelenlegi id\\u0151szak\\u00e1ban\",\"author\":{\"@id\":\"https:\\\/\\\/allasorias.hu\\\/hirek\\\/author\\\/admin-allasorias\\\/#author\"},\"publisher\":{\"@id\":\"https:\\\/\\\/allasorias.hu\\\/hirek\\\/#organization\"},\"image\":{\"@type\":\"ImageObject\",\"url\":\"https:\\\/\\\/allasorias.hu\\\/hirek\\\/wp-content\\\/uploads\\\/2020\\\/12\\\/unnamed.jpg\",\"width\":500,\"height\":312},\"datePublished\":\"2021-04-16T08:33:59+02:00\",\"dateModified\":\"2021-04-16T08:33:59+02:00\",\"inLanguage\":\"hu-HU\",\"mainEntityOfPage\":{\"@id\":\"https:\\\/\\\/allasorias.hu\\\/hirek\\\/sok-a-munkanelkuli-a-jarvany-jelenlegi-idoszakaban\\\/#webpage\"},\"isPartOf\":{\"@id\":\"https:\\\/\\\/allasorias.hu\\\/hirek\\\/sok-a-munkanelkuli-a-jarvany-jelenlegi-idoszakaban\\\/#webpage\"},\"articleSection\":\"Munkaer\\u0151piac\"},{\"@type\":\"BreadcrumbList\",\"@id\":\"https:\\\/\\\/allasorias.hu\\\/hirek\\\/sok-a-munkanelkuli-a-jarvany-jelenlegi-idoszakaban\\\/#breadcrumblist\",\"itemListElement\":[{\"@type\":\"ListItem\",\"@id\":\"https:\\\/\\\/allasorias.hu\\\/hirek#listItem\",\"position\":1,\"name\":\"Home\",\"item\":\"https:\\\/\\\/allasorias.hu\\\/hirek\",\"nextItem\":{\"@type\":\"ListItem\",\"@id\":\"https:\\\/\\\/allasorias.hu\\\/hirek\\\/temak\\\/munkaeropiac\\\/#listItem\",\"name\":\"Munkaer\\u0151piac\"}},{\"@type\":\"ListItem\",\"@id\":\"https:\\\/\\\/allasorias.hu\\\/hirek\\\/temak\\\/munkaeropiac\\\/#listItem\",\"position\":2,\"name\":\"Munkaer\\u0151piac\",\"item\":\"https:\\\/\\\/allasorias.hu\\\/hirek\\\/temak\\\/munkaeropiac\\\/\",\"nextItem\":{\"@type\":\"ListItem\",\"@id\":\"https:\\\/\\\/allasorias.hu\\\/hirek\\\/sok-a-munkanelkuli-a-jarvany-jelenlegi-idoszakaban\\\/#listItem\",\"name\":\"Sok a munkan\\u00e9lk\\u00fcli a j\\u00e1rv\\u00e1ny jelenlegi id\\u0151szak\\u00e1ban\"},\"previousItem\":{\"@type\":\"ListItem\",\"@id\":\"https:\\\/\\\/allasorias.hu\\\/hirek#listItem\",\"name\":\"Home\"}},{\"@type\":\"ListItem\",\"@id\":\"https:\\\/\\\/allasorias.hu\\\/hirek\\\/sok-a-munkanelkuli-a-jarvany-jelenlegi-idoszakaban\\\/#listItem\",\"position\":3,\"name\":\"Sok a munkan\\u00e9lk\\u00fcli a j\\u00e1rv\\u00e1ny jelenlegi id\\u0151szak\\u00e1ban\",\"previousItem\":{\"@type\":\"ListItem\",\"@id\":\"https:\\\/\\\/allasorias.hu\\\/hirek\\\/temak\\\/munkaeropiac\\\/#listItem\",\"name\":\"Munkaer\\u0151piac\"}}]},{\"@type\":\"Organization\",\"@id\":\"https:\\\/\\\/allasorias.hu\\\/hirek\\\/#organization\",\"name\":\"AllasOrias.hu | H\\u00edrek-lapszemle\",\"description\":\"\\u00dczleti h\\u00edrek az \\u00e1ll\\u00e1s \\u00e9s a munka vil\\u00e1g\\u00e1b\\u00f3l\",\"url\":\"https:\\\/\\\/allasorias.hu\\\/hirek\\\/\",\"logo\":{\"@type\":\"ImageObject\",\"url\":\"https:\\\/\\\/allasorias.hu\\\/hirek\\\/wp-content\\\/uploads\\\/2022\\\/10\\\/allasorias_site_facebok_logo.png\",\"@id\":\"https:\\\/\\\/allasorias.hu\\\/hirek\\\/sok-a-munkanelkuli-a-jarvany-jelenlegi-idoszakaban\\\/#organizationLogo\"},\"image\":{\"@id\":\"https:\\\/\\\/allasorias.hu\\\/hirek\\\/sok-a-munkanelkuli-a-jarvany-jelenlegi-idoszakaban\\\/#organizationLogo\"},\"sameAs\":[\"https:\\\/\\\/www.facebook.com\\\/allasorias\",\"https:\\\/\\\/www.linkedin.com\\\/company\\\/allasorias\"]},{\"@type\":\"Person\",\"@id\":\"https:\\\/\\\/allasorias.hu\\\/hirek\\\/author\\\/admin-allasorias\\\/#author\",\"url\":\"https:\\\/\\\/allasorias.hu\\\/hirek\\\/author\\\/admin-allasorias\\\/\",\"name\":\"Juh\\u00e1sz P\\u00e9ter\",\"image\":{\"@type\":\"ImageObject\",\"@id\":\"https:\\\/\\\/allasorias.hu\\\/hirek\\\/sok-a-munkanelkuli-a-jarvany-jelenlegi-idoszakaban\\\/#authorImage\",\"url\":\"https:\\\/\\\/secure.gravatar.com\\\/avatar\\\/36e6bcb83148978b992977cb0f54d22feb0cce8a0a849a9410532bb2623ba4c6?s=96&d=mm&r=g\",\"width\":96,\"height\":96,\"caption\":\"Juh\\u00e1sz P\\u00e9ter\"}},{\"@type\":\"WebPage\",\"@id\":\"https:\\\/\\\/allasorias.hu\\\/hirek\\\/sok-a-munkanelkuli-a-jarvany-jelenlegi-idoszakaban\\\/#webpage\",\"url\":\"https:\\\/\\\/allasorias.hu\\\/hirek\\\/sok-a-munkanelkuli-a-jarvany-jelenlegi-idoszakaban\\\/\",\"name\":\"Sok a munkan\\u00e9lk\\u00fcli a j\\u00e1rv\\u00e1ny jelenlegi id\\u0151szak\\u00e1ban | AllasOrias.hu | H\\u00edrek-lapszemle\",\"description\":\"Haz\\u00e1nkban k\\u00f6zel tizenh\\u00e1rom-ezer f\\u0151vel dolgoztak kevesebben 2020 negyedik negyed\\u00e9v\\u00e9ben az el\\u0151z\\u0151 negyed\\u00e9vhez k\\u00e9pest. Az Eur\\u00f3pai Uni\\u00f3ban csak 5 orsz\\u00e1g volt, amelynek cs\\u00f6kkent a foglalkoztat\\u00e1si r\\u00e1t\\u00e1ja, ezek k\\u00f6z\\u00e9 a tag\\u00e1llamok k\\u00f6z\\u00e9 tartozik Magyarorsz\\u00e1g is. Haz\\u00e1nkban mintegy 13 ezer f\\u0151vel dolgoztak kevesebben az eml\\u00edtett id\\u0151szakban. Enn\\u00e9l pedig csak h\\u00e1rom orsz\\u00e1gban alakult rosszabbul a helyzet. Az EU-ban a\",\"inLanguage\":\"hu-HU\",\"isPartOf\":{\"@id\":\"https:\\\/\\\/allasorias.hu\\\/hirek\\\/#website\"},\"breadcrumb\":{\"@id\":\"https:\\\/\\\/allasorias.hu\\\/hirek\\\/sok-a-munkanelkuli-a-jarvany-jelenlegi-idoszakaban\\\/#breadcrumblist\"},\"author\":{\"@id\":\"https:\\\/\\\/allasorias.hu\\\/hirek\\\/author\\\/admin-allasorias\\\/#author\"},\"creator\":{\"@id\":\"https:\\\/\\\/allasorias.hu\\\/hirek\\\/author\\\/admin-allasorias\\\/#author\"},\"image\":{\"@type\":\"ImageObject\",\"url\":\"https:\\\/\\\/allasorias.hu\\\/hirek\\\/wp-content\\\/uploads\\\/2020\\\/12\\\/unnamed.jpg\",\"@id\":\"https:\\\/\\\/allasorias.hu\\\/hirek\\\/sok-a-munkanelkuli-a-jarvany-jelenlegi-idoszakaban\\\/#mainImage\",\"width\":500,\"height\":312},\"primaryImageOfPage\":{\"@id\":\"https:\\\/\\\/allasorias.hu\\\/hirek\\\/sok-a-munkanelkuli-a-jarvany-jelenlegi-idoszakaban\\\/#mainImage\"},\"datePublished\":\"2021-04-16T08:33:59+02:00\",\"dateModified\":\"2021-04-16T08:33:59+02:00\"},{\"@type\":\"WebSite\",\"@id\":\"https:\\\/\\\/allasorias.hu\\\/hirek\\\/#website\",\"url\":\"https:\\\/\\\/allasorias.hu\\\/hirek\\\/\",\"name\":\"AllasOrias.hu | H\\u00edrek-lapszemle\",\"description\":\"\\u00dczleti h\\u00edrek az \\u00e1ll\\u00e1s \\u00e9s a munka vil\\u00e1g\\u00e1b\\u00f3l\",\"inLanguage\":\"hu-HU\",\"publisher\":{\"@id\":\"https:\\\/\\\/allasorias.hu\\\/hirek\\\/#organization\"}}]}\n\t\t<\/script>\n\t\t<!-- All in One SEO -->\n\n","aioseo_head_json":{"title":"Sok a munkan\u00e9lk\u00fcli a j\u00e1rv\u00e1ny jelenlegi id\u0151szak\u00e1ban | AllasOrias.hu | H\u00edrek-lapszemle","description":"Haz\u00e1nkban k\u00f6zel tizenh\u00e1rom-ezer f\u0151vel dolgoztak kevesebben 2020 negyedik negyed\u00e9v\u00e9ben az el\u0151z\u0151 negyed\u00e9vhez k\u00e9pest. Az Eur\u00f3pai Uni\u00f3ban csak 5 orsz\u00e1g volt, amelynek cs\u00f6kkent a foglalkoztat\u00e1si r\u00e1t\u00e1ja, ezek k\u00f6z\u00e9 a tag\u00e1llamok k\u00f6z\u00e9 tartozik Magyarorsz\u00e1g is. Haz\u00e1nkban mintegy 13 ezer f\u0151vel dolgoztak kevesebben az eml\u00edtett id\u0151szakban. Enn\u00e9l pedig csak h\u00e1rom orsz\u00e1gban alakult rosszabbul a helyzet. Az EU-ban a","canonical_url":"https:\/\/allasorias.hu\/hirek\/sok-a-munkanelkuli-a-jarvany-jelenlegi-idoszakaban\/","robots":"max-image-preview:large","keywords":"","webmasterTools":{"miscellaneous":""},"schema":{"@context":"https:\/\/schema.org","@graph":[{"@type":"Article","@id":"https:\/\/allasorias.hu\/hirek\/sok-a-munkanelkuli-a-jarvany-jelenlegi-idoszakaban\/#article","name":"Sok a munkan\u00e9lk\u00fcli a j\u00e1rv\u00e1ny jelenlegi id\u0151szak\u00e1ban | AllasOrias.hu | H\u00edrek-lapszemle","headline":"Sok a munkan\u00e9lk\u00fcli a j\u00e1rv\u00e1ny jelenlegi id\u0151szak\u00e1ban","author":{"@id":"https:\/\/allasorias.hu\/hirek\/author\/admin-allasorias\/#author"},"publisher":{"@id":"https:\/\/allasorias.hu\/hirek\/#organization"},"image":{"@type":"ImageObject","url":"https:\/\/allasorias.hu\/hirek\/wp-content\/uploads\/2020\/12\/unnamed.jpg","width":500,"height":312},"datePublished":"2021-04-16T08:33:59+02:00","dateModified":"2021-04-16T08:33:59+02:00","inLanguage":"hu-HU","mainEntityOfPage":{"@id":"https:\/\/allasorias.hu\/hirek\/sok-a-munkanelkuli-a-jarvany-jelenlegi-idoszakaban\/#webpage"},"isPartOf":{"@id":"https:\/\/allasorias.hu\/hirek\/sok-a-munkanelkuli-a-jarvany-jelenlegi-idoszakaban\/#webpage"},"articleSection":"Munkaer\u0151piac"},{"@type":"BreadcrumbList","@id":"https:\/\/allasorias.hu\/hirek\/sok-a-munkanelkuli-a-jarvany-jelenlegi-idoszakaban\/#breadcrumblist","itemListElement":[{"@type":"ListItem","@id":"https:\/\/allasorias.hu\/hirek#listItem","position":1,"name":"Home","item":"https:\/\/allasorias.hu\/hirek","nextItem":{"@type":"ListItem","@id":"https:\/\/allasorias.hu\/hirek\/temak\/munkaeropiac\/#listItem","name":"Munkaer\u0151piac"}},{"@type":"ListItem","@id":"https:\/\/allasorias.hu\/hirek\/temak\/munkaeropiac\/#listItem","position":2,"name":"Munkaer\u0151piac","item":"https:\/\/allasorias.hu\/hirek\/temak\/munkaeropiac\/","nextItem":{"@type":"ListItem","@id":"https:\/\/allasorias.hu\/hirek\/sok-a-munkanelkuli-a-jarvany-jelenlegi-idoszakaban\/#listItem","name":"Sok a munkan\u00e9lk\u00fcli a j\u00e1rv\u00e1ny jelenlegi id\u0151szak\u00e1ban"},"previousItem":{"@type":"ListItem","@id":"https:\/\/allasorias.hu\/hirek#listItem","name":"Home"}},{"@type":"ListItem","@id":"https:\/\/allasorias.hu\/hirek\/sok-a-munkanelkuli-a-jarvany-jelenlegi-idoszakaban\/#listItem","position":3,"name":"Sok a munkan\u00e9lk\u00fcli a j\u00e1rv\u00e1ny jelenlegi id\u0151szak\u00e1ban","previousItem":{"@type":"ListItem","@id":"https:\/\/allasorias.hu\/hirek\/temak\/munkaeropiac\/#listItem","name":"Munkaer\u0151piac"}}]},{"@type":"Organization","@id":"https:\/\/allasorias.hu\/hirek\/#organization","name":"AllasOrias.hu | H\u00edrek-lapszemle","description":"\u00dczleti h\u00edrek az \u00e1ll\u00e1s \u00e9s a munka vil\u00e1g\u00e1b\u00f3l","url":"https:\/\/allasorias.hu\/hirek\/","logo":{"@type":"ImageObject","url":"https:\/\/allasorias.hu\/hirek\/wp-content\/uploads\/2022\/10\/allasorias_site_facebok_logo.png","@id":"https:\/\/allasorias.hu\/hirek\/sok-a-munkanelkuli-a-jarvany-jelenlegi-idoszakaban\/#organizationLogo"},"image":{"@id":"https:\/\/allasorias.hu\/hirek\/sok-a-munkanelkuli-a-jarvany-jelenlegi-idoszakaban\/#organizationLogo"},"sameAs":["https:\/\/www.facebook.com\/allasorias","https:\/\/www.linkedin.com\/company\/allasorias"]},{"@type":"Person","@id":"https:\/\/allasorias.hu\/hirek\/author\/admin-allasorias\/#author","url":"https:\/\/allasorias.hu\/hirek\/author\/admin-allasorias\/","name":"Juh\u00e1sz P\u00e9ter","image":{"@type":"ImageObject","@id":"https:\/\/allasorias.hu\/hirek\/sok-a-munkanelkuli-a-jarvany-jelenlegi-idoszakaban\/#authorImage","url":"https:\/\/secure.gravatar.com\/avatar\/36e6bcb83148978b992977cb0f54d22feb0cce8a0a849a9410532bb2623ba4c6?s=96&d=mm&r=g","width":96,"height":96,"caption":"Juh\u00e1sz P\u00e9ter"}},{"@type":"WebPage","@id":"https:\/\/allasorias.hu\/hirek\/sok-a-munkanelkuli-a-jarvany-jelenlegi-idoszakaban\/#webpage","url":"https:\/\/allasorias.hu\/hirek\/sok-a-munkanelkuli-a-jarvany-jelenlegi-idoszakaban\/","name":"Sok a munkan\u00e9lk\u00fcli a j\u00e1rv\u00e1ny jelenlegi id\u0151szak\u00e1ban | AllasOrias.hu | H\u00edrek-lapszemle","description":"Haz\u00e1nkban k\u00f6zel tizenh\u00e1rom-ezer f\u0151vel dolgoztak kevesebben 2020 negyedik negyed\u00e9v\u00e9ben az el\u0151z\u0151 negyed\u00e9vhez k\u00e9pest. Az Eur\u00f3pai Uni\u00f3ban csak 5 orsz\u00e1g volt, amelynek cs\u00f6kkent a foglalkoztat\u00e1si r\u00e1t\u00e1ja, ezek k\u00f6z\u00e9 a tag\u00e1llamok k\u00f6z\u00e9 tartozik Magyarorsz\u00e1g is. Haz\u00e1nkban mintegy 13 ezer f\u0151vel dolgoztak kevesebben az eml\u00edtett id\u0151szakban. Enn\u00e9l pedig csak h\u00e1rom orsz\u00e1gban alakult rosszabbul a helyzet. Az EU-ban a","inLanguage":"hu-HU","isPartOf":{"@id":"https:\/\/allasorias.hu\/hirek\/#website"},"breadcrumb":{"@id":"https:\/\/allasorias.hu\/hirek\/sok-a-munkanelkuli-a-jarvany-jelenlegi-idoszakaban\/#breadcrumblist"},"author":{"@id":"https:\/\/allasorias.hu\/hirek\/author\/admin-allasorias\/#author"},"creator":{"@id":"https:\/\/allasorias.hu\/hirek\/author\/admin-allasorias\/#author"},"image":{"@type":"ImageObject","url":"https:\/\/allasorias.hu\/hirek\/wp-content\/uploads\/2020\/12\/unnamed.jpg","@id":"https:\/\/allasorias.hu\/hirek\/sok-a-munkanelkuli-a-jarvany-jelenlegi-idoszakaban\/#mainImage","width":500,"height":312},"primaryImageOfPage":{"@id":"https:\/\/allasorias.hu\/hirek\/sok-a-munkanelkuli-a-jarvany-jelenlegi-idoszakaban\/#mainImage"},"datePublished":"2021-04-16T08:33:59+02:00","dateModified":"2021-04-16T08:33:59+02:00"},{"@type":"WebSite","@id":"https:\/\/allasorias.hu\/hirek\/#website","url":"https:\/\/allasorias.hu\/hirek\/","name":"AllasOrias.hu | H\u00edrek-lapszemle","description":"\u00dczleti h\u00edrek az \u00e1ll\u00e1s \u00e9s a munka vil\u00e1g\u00e1b\u00f3l","inLanguage":"hu-HU","publisher":{"@id":"https:\/\/allasorias.hu\/hirek\/#organization"}}]},"og:locale":"hu_HU","og:site_name":"AllasOrias.hu | H\u00edrek-lapszemle | \u00dczleti h\u00edrek az \u00e1ll\u00e1s \u00e9s a munka vil\u00e1g\u00e1b\u00f3l","og:type":"article","og:title":"Sok a munkan\u00e9lk\u00fcli a j\u00e1rv\u00e1ny jelenlegi id\u0151szak\u00e1ban | AllasOrias.hu | H\u00edrek-lapszemle","og:description":"Haz\u00e1nkban k\u00f6zel tizenh\u00e1rom-ezer f\u0151vel dolgoztak kevesebben 2020 negyedik negyed\u00e9v\u00e9ben az el\u0151z\u0151 negyed\u00e9vhez k\u00e9pest. Az Eur\u00f3pai Uni\u00f3ban csak 5 orsz\u00e1g volt, amelynek cs\u00f6kkent a foglalkoztat\u00e1si r\u00e1t\u00e1ja, ezek k\u00f6z\u00e9 a tag\u00e1llamok k\u00f6z\u00e9 tartozik Magyarorsz\u00e1g is. Haz\u00e1nkban mintegy 13 ezer f\u0151vel dolgoztak kevesebben az eml\u00edtett id\u0151szakban. Enn\u00e9l pedig csak h\u00e1rom orsz\u00e1gban alakult rosszabbul a helyzet. Az EU-ban a","og:url":"https:\/\/allasorias.hu\/hirek\/sok-a-munkanelkuli-a-jarvany-jelenlegi-idoszakaban\/","og:image":"https:\/\/allasorias.hu\/hirek\/wp-content\/uploads\/2020\/12\/unnamed.jpg","og:image:secure_url":"https:\/\/allasorias.hu\/hirek\/wp-content\/uploads\/2020\/12\/unnamed.jpg","og:image:width":500,"og:image:height":312,"article:published_time":"2021-04-16T08:33:59+00:00","article:modified_time":"2021-04-16T08:33:59+00:00","article:publisher":"https:\/\/www.facebook.com\/allasorias","twitter:card":"summary_large_image","twitter:title":"Sok a munkan\u00e9lk\u00fcli a j\u00e1rv\u00e1ny jelenlegi id\u0151szak\u00e1ban | AllasOrias.hu | H\u00edrek-lapszemle","twitter:description":"Haz\u00e1nkban k\u00f6zel tizenh\u00e1rom-ezer f\u0151vel dolgoztak kevesebben 2020 negyedik negyed\u00e9v\u00e9ben az el\u0151z\u0151 negyed\u00e9vhez k\u00e9pest. Az Eur\u00f3pai Uni\u00f3ban csak 5 orsz\u00e1g volt, amelynek cs\u00f6kkent a foglalkoztat\u00e1si r\u00e1t\u00e1ja, ezek k\u00f6z\u00e9 a tag\u00e1llamok k\u00f6z\u00e9 tartozik Magyarorsz\u00e1g is. Haz\u00e1nkban mintegy 13 ezer f\u0151vel dolgoztak kevesebben az eml\u00edtett id\u0151szakban. Enn\u00e9l pedig csak h\u00e1rom orsz\u00e1gban alakult rosszabbul a helyzet. Az EU-ban a","twitter:image":"https:\/\/allasorias.hu\/hirek\/wp-content\/uploads\/2020\/12\/unnamed.jpg","twitter:label1":"Written by","twitter:data1":"Juh\u00e1sz P\u00e9ter","twitter:label2":"Est. reading time","twitter:data2":"2 minutes"},"aioseo_meta_data":{"post_id":"4723","title":null,"description":null,"keywords":[],"keyphrases":{"focus":[],"additional":[]},"primary_term":null,"canonical_url":null,"og_title":null,"og_description":null,"og_object_type":"default","og_image_type":"default","og_image_url":null,"og_image_width":null,"og_image_height":null,"og_image_custom_url":null,"og_image_custom_fields":null,"og_video":"","og_custom_url":null,"og_article_section":null,"og_article_tags":[],"twitter_use_og":false,"twitter_card":"default","twitter_image_type":"default","twitter_image_url":null,"twitter_image_custom_url":null,"twitter_image_custom_fields":null,"twitter_title":null,"twitter_description":null,"schema":{"blockGraphs":[],"customGraphs":[],"default":{"data":{"Article":[],"Course":[],"Dataset":[],"FAQPage":[],"Movie":[],"Person":[],"Product":[],"ProductReview":[],"Car":[],"Recipe":[],"Service":[],"SoftwareApplication":[],"WebPage":[]},"graphName":"","isEnabled":true},"graphs":[],"defaultGraph":"Article","defaultPostTypeGraph":""},"schema_type":"default","schema_type_options":"{\"article\":{\"articleType\":\"BlogPosting\"},\"course\":{\"name\":\"\",\"description\":\"\",\"provider\":\"\"},\"faq\":{\"pages\":[]},\"product\":{\"reviews\":[]},\"recipe\":{\"ingredients\":[],\"instructions\":[],\"keywords\":[]},\"software\":{\"reviews\":[],\"operatingSystems\":[]},\"webPage\":{\"webPageType\":\"WebPage\"}}","pillar_content":false,"robots_default":true,"robots_noindex":false,"robots_noarchive":false,"robots_nosnippet":false,"robots_nofollow":false,"robots_noimageindex":false,"robots_noodp":false,"robots_notranslate":false,"robots_max_snippet":"-1","robots_max_videopreview":"-1","robots_max_imagepreview":"large","priority":null,"frequency":"default","location":null,"local_seo":{"businessInfo":{"name":"","urls":{"website":"","aboutPage":"","contactPage":""},"address":{"line1":"","line2":"","zip":"","city":"","state":"","country":""},"contact":{"email":"","phone":"","fax":""},"ids":{"vatID":"","taxID":"","chamberID":""},"payment":{"priceIndication":"","currenciesAccepted":"","methodsAccepted":""},"areaServed":""},"openingHours":{"show":false,"closedLabel":"","open24h":false,"open24hLabel":"","open247":false,"use24hFormat":false,"twoSets":false,"timezone":"","hours":[]}},"breadcrumb_settings":null,"limit_modified_date":false,"ai":null,"created":"2021-04-16 08:30:47","updated":"2025-10-02 15:35:48","seo_analyzer_scan_date":null,"focus_keyword":null,"additional_keywords":null,"truseo_locale":null},"aioseo_breadcrumb":"<div class=\"aioseo-breadcrumbs\"><span class=\"aioseo-breadcrumb\">\n\t\t\t<a href=\"https:\/\/allasorias.hu\/hirek\" title=\"Home\">Home<\/a>\n\t\t<\/span><span class=\"aioseo-breadcrumb-separator\">&raquo;<\/span><span class=\"aioseo-breadcrumb\">\n\t\t\t<a href=\"https:\/\/allasorias.hu\/hirek\/temak\/munkaeropiac\/\" title=\"Munkaer\u0151piac\">Munkaer\u0151piac<\/a>\n\t\t<\/span><span class=\"aioseo-breadcrumb-separator\">&raquo;<\/span><span class=\"aioseo-breadcrumb\">\n\t\t\tSok a munkan\u00e9lk\u00fcli a j\u00e1rv\u00e1ny jelenlegi id\u0151szak\u00e1ban\n\t\t<\/span><\/div>","aioseo_breadcrumb_json":[{"label":"Home","link":"https:\/\/allasorias.hu\/hirek"},{"label":"Munkaer\u0151piac","link":"https:\/\/allasorias.hu\/hirek\/temak\/munkaeropiac\/"},{"label":"Sok a munkan\u00e9lk\u00fcli a j\u00e1rv\u00e1ny jelenlegi id\u0151szak\u00e1ban","link":"https:\/\/allasorias.hu\/hirek\/sok-a-munkanelkuli-a-jarvany-jelenlegi-idoszakaban\/"}],"_links":{"self":[{"href":"https:\/\/allasorias.hu\/hirek\/wp-json\/wp\/v2\/posts\/4723","targetHints":{"allow":["GET"]}}],"collection":[{"href":"https:\/\/allasorias.hu\/hirek\/wp-json\/wp\/v2\/posts"}],"about":[{"href":"https:\/\/allasorias.hu\/hirek\/wp-json\/wp\/v2\/types\/post"}],"author":[{"embeddable":true,"href":"https:\/\/allasorias.hu\/hirek\/wp-json\/wp\/v2\/users\/1"}],"replies":[{"embeddable":true,"href":"https:\/\/allasorias.hu\/hirek\/wp-json\/wp\/v2\/comments?post=4723"}],"version-history":[{"count":1,"href":"https:\/\/allasorias.hu\/hirek\/wp-json\/wp\/v2\/posts\/4723\/revisions"}],"predecessor-version":[{"id":4724,"href":"https:\/\/allasorias.hu\/hirek\/wp-json\/wp\/v2\/posts\/4723\/revisions\/4724"}],"wp:featuredmedia":[{"embeddable":true,"href":"https:\/\/allasorias.hu\/hirek\/wp-json\/wp\/v2\/media\/4475"}],"wp:attachment":[{"href":"https:\/\/allasorias.hu\/hirek\/wp-json\/wp\/v2\/media?parent=4723"}],"wp:term":[{"taxonomy":"category","embeddable":true,"href":"https:\/\/allasorias.hu\/hirek\/wp-json\/wp\/v2\/categories?post=4723"},{"taxonomy":"post_tag","embeddable":true,"href":"https:\/\/allasorias.hu\/hirek\/wp-json\/wp\/v2\/tags?post=4723"}],"curies":[{"name":"wp","href":"https:\/\/api.w.org\/{rel}","templated":true}]}}