{"id":4721,"date":"2021-04-16T08:29:31","date_gmt":"2021-04-16T08:29:31","guid":{"rendered":"https:\/\/allasorias.hu\/hirek\/?p=4721"},"modified":"2021-04-16T08:29:31","modified_gmt":"2021-04-16T08:29:31","slug":"kormanyprogram-a-versenyszferaba-lepo-erdekeben","status":"publish","type":"post","link":"https:\/\/allasorias.hu\/hirek\/kormanyprogram-a-versenyszferaba-lepo-erdekeben\/","title":{"rendered":"Korm\u00e1nyprogram a versenyszf\u00e9r\u00e1ba l\u00e9p\u0151 \u00e9rdek\u00e9ben"},"content":{"rendered":"<p><strong>A K\u00f6zfoglalkoztat\u00e1sb\u00f3l a versenyszf\u00e9r\u00e1ba program c\u00e9lja, hogy a megfelel\u0151 szakk\u00e9pzetts\u00e9ggel rendelkez\u0151k a k\u00f6zfoglalkoztat\u00e1st maguk m\u00f6g\u00f6tt hagyva a versenyszf\u00e9r\u00e1ban dolgozzanak tov\u00e1bb. A programban r\u00e9sztvev\u0151k ak\u00e1r meg is h\u00e1romszorozhatj\u00e1k eddigi kereseteiket \u2013 mondta Bod\u00f3 S\u00e1ndor, az Innov\u00e1ci\u00f3s \u00e9s technol\u00f3giai Miniszt\u00e9rium (ITM) \u00e1llamtitk\u00e1ra. <\/strong><\/p>\n<p>A f\u00e9lmilli\u00e1rd forintos keret\u00f6sszeg ez\u00fattal 1-2 ezer k\u00f6zfoglalkoztatott els\u0151dleges munkaer\u0151piacon t\u00f6rt\u00e9n\u0151 elhelyezked\u00e9s\u00e9ben seg\u00edthet. A program c\u00e9lja, hogy a megfelel\u0151 szakk\u00e9pzetts\u00e9ggel rendelkez\u0151k a k\u00f6zfoglalkoztat\u00e1st maguk m\u00f6g\u00f6tt hagyva a versenyszf\u00e9r\u00e1ban dolgozzanak tov\u00e1bb. Ennek \u00e9rdek\u00e9ben elhelyezked\u00e9si juttat\u00e1sban r\u00e9szes\u00fclhetnek azok, akik a k\u00f6zfoglalkoztat\u00e1si jogviszonyuk id\u0151tartam\u00e1nak lej\u00e1rta el\u0151tt \u00e1ll\u00e1st tal\u00e1lnak a ny\u00edlt munkaer\u0151-piacon. Min\u00e9l hamarabb l\u00e9p ki a valaki a k\u00f6zfoglalkoztat\u00e1sb\u00f3l, ann\u00e1l t\u00f6bb t\u00e1mogat\u00e1shoz juthat, hiszen a h\u00e1tral\u00e9v\u0151 id\u0151re ut\u00f3lag kapja meg a havi 45 600 forintot. Elhelyezked\u00e9si juttat\u00e1st kaphatnak a mez\u0151gazdas\u00e1gi id\u00e9nymunk\u00e1t v\u00e9gz\u0151 k\u00f6zfoglalkoztatottak is, naponta 2 ezer, egy h\u00f3napra teh\u00e1t ak\u00e1r 62 ezer forintot is. A r\u00e9sztvev\u0151k nett\u00f3 keresete \u00edgy a minim\u00e1lb\u00e9rrel sz\u00e1molva mintegy 160 ezer forint lehet, a kor\u00e1bbi bev\u00e9tel\u00fck k\u00f6zel h\u00e1romszorosa, amit a csal\u00e1di ad\u00f3kedvezm\u00e9nyek m\u00e9g tov\u00e1bb n\u00f6velhetnek. Hossz\u00fa t\u00e1von csak \u00faj ad\u00f3fizet\u0151 munkahelyek l\u00e9trej\u00f6tt\u00e9vel, ezek ar\u00e1ny\u00e1nak n\u00f6vel\u00e9s\u00e9vel val\u00f3s\u00edthat\u00f3 meg a teljes foglalkoztat\u00e1s. A korm\u00e1ny a kor\u00e1bbi \u00e9vekben mintegy 17 ezer k\u00f6zfoglalkoztatott piaci alap\u00fa munkav\u00e1llal\u00e1s\u00e1hoz ny\u00fajtott t\u00e1mogat\u00e1st a programban. A r\u00e9szletes dokument\u00e1ci\u00f3 a munka.hu oldalon \u00e9rhet\u0151 el. K\u00e9relmet a helyileg illet\u00e9kes korm\u00e1nyhivatalokhoz, a j\u00e1r\u00e1si \u00e9s f\u0151v\u00e1rosi ker\u00fcleti hivatalokhoz lehet beny\u00fajtani.<\/p>\n<p>Forr\u00e1s: vg.hu<\/p>\n","protected":false},"excerpt":{"rendered":"<p>A K\u00f6zfoglalkoztat\u00e1sb\u00f3l a versenyszf\u00e9r\u00e1ba program c\u00e9lja, hogy a megfelel\u0151 szakk\u00e9pzetts\u00e9ggel rendelkez\u0151k a k\u00f6zfoglalkoztat\u00e1st maguk m\u00f6g\u00f6tt hagyva a versenyszf\u00e9r\u00e1ban dolgozzanak tov\u00e1bb. A programban r\u00e9sztvev\u0151k ak\u00e1r meg is h\u00e1romszorozhatj\u00e1k eddigi kereseteiket \u2013 mondta Bod\u00f3 S\u00e1ndor, az Innov\u00e1ci\u00f3s \u00e9s technol\u00f3giai Miniszt\u00e9rium (ITM) \u00e1llamtitk\u00e1ra. A f\u00e9lmilli\u00e1rd forintos keret\u00f6sszeg ez\u00fattal 1-2 ezer k\u00f6zfoglalkoztatott els\u0151dleges munkaer\u0151piacon t\u00f6rt\u00e9n\u0151 elhelyezked\u00e9s\u00e9ben seg\u00edthet. A program [&hellip;]<\/p>\n","protected":false},"author":1,"featured_media":4401,"comment_status":"open","ping_status":"open","sticky":false,"template":"","format":"standard","meta":{"_monsterinsights_skip_tracking":false,"footnotes":""},"categories":[200],"tags":[],"class_list":["post-4721","post","type-post","status-publish","format-standard","has-post-thumbnail","hentry","category-munkaeropiac"],"aioseo_notices":[],"aioseo_head":"\n\t\t<!-- All in One SEO 5.0.0.1 - aioseo.com -->\n\t<meta name=\"description\" content=\"A K\u00f6zfoglalkoztat\u00e1sb\u00f3l a versenyszf\u00e9r\u00e1ba program c\u00e9lja, hogy a megfelel\u0151 szakk\u00e9pzetts\u00e9ggel rendelkez\u0151k a k\u00f6zfoglalkoztat\u00e1st maguk m\u00f6g\u00f6tt hagyva a versenyszf\u00e9r\u00e1ban dolgozzanak tov\u00e1bb. A programban r\u00e9sztvev\u0151k ak\u00e1r meg is h\u00e1romszorozhatj\u00e1k eddigi kereseteiket \u2013 mondta Bod\u00f3 S\u00e1ndor, az Innov\u00e1ci\u00f3s \u00e9s technol\u00f3giai Miniszt\u00e9rium (ITM) \u00e1llamtitk\u00e1ra. A f\u00e9lmilli\u00e1rd forintos keret\u00f6sszeg ez\u00fattal 1-2 ezer k\u00f6zfoglalkoztatott els\u0151dleges munkaer\u0151piacon t\u00f6rt\u00e9n\u0151 elhelyezked\u00e9s\u00e9ben seg\u00edthet. A program\" \/>\n\t<meta name=\"robots\" content=\"max-image-preview:large\" \/>\n\t<meta name=\"author\" content=\"Juh\u00e1sz P\u00e9ter\"\/>\n\t<link rel=\"canonical\" href=\"https:\/\/allasorias.hu\/hirek\/kormanyprogram-a-versenyszferaba-lepo-erdekeben\/\" \/>\n\t<meta name=\"generator\" content=\"All in One SEO (AIOSEO) 5.0.0.1\" \/>\n\t\t<meta property=\"og:locale\" content=\"hu_HU\" \/>\n\t\t<meta property=\"og:site_name\" content=\"AllasOrias.hu | H\u00edrek-lapszemle | \u00dczleti h\u00edrek az \u00e1ll\u00e1s \u00e9s a munka vil\u00e1g\u00e1b\u00f3l\" \/>\n\t\t<meta property=\"og:type\" content=\"article\" \/>\n\t\t<meta property=\"og:title\" content=\"Korm\u00e1nyprogram a versenyszf\u00e9r\u00e1ba l\u00e9p\u0151 \u00e9rdek\u00e9ben | AllasOrias.hu | H\u00edrek-lapszemle\" \/>\n\t\t<meta property=\"og:description\" content=\"A K\u00f6zfoglalkoztat\u00e1sb\u00f3l a versenyszf\u00e9r\u00e1ba program c\u00e9lja, hogy a megfelel\u0151 szakk\u00e9pzetts\u00e9ggel rendelkez\u0151k a k\u00f6zfoglalkoztat\u00e1st maguk m\u00f6g\u00f6tt hagyva a versenyszf\u00e9r\u00e1ban dolgozzanak tov\u00e1bb. A programban r\u00e9sztvev\u0151k ak\u00e1r meg is h\u00e1romszorozhatj\u00e1k eddigi kereseteiket \u2013 mondta Bod\u00f3 S\u00e1ndor, az Innov\u00e1ci\u00f3s \u00e9s technol\u00f3giai Miniszt\u00e9rium (ITM) \u00e1llamtitk\u00e1ra. A f\u00e9lmilli\u00e1rd forintos keret\u00f6sszeg ez\u00fattal 1-2 ezer k\u00f6zfoglalkoztatott els\u0151dleges munkaer\u0151piacon t\u00f6rt\u00e9n\u0151 elhelyezked\u00e9s\u00e9ben seg\u00edthet. A program\" \/>\n\t\t<meta property=\"og:url\" content=\"https:\/\/allasorias.hu\/hirek\/kormanyprogram-a-versenyszferaba-lepo-erdekeben\/\" \/>\n\t\t<meta property=\"og:image\" content=\"https:\/\/allasorias.hu\/hirek\/wp-content\/uploads\/2020\/11\/business-3167295_640.jpg\" \/>\n\t\t<meta property=\"og:image:secure_url\" content=\"https:\/\/allasorias.hu\/hirek\/wp-content\/uploads\/2020\/11\/business-3167295_640.jpg\" \/>\n\t\t<meta property=\"og:image:width\" content=\"640\" \/>\n\t\t<meta property=\"og:image:height\" content=\"426\" \/>\n\t\t<meta property=\"article:published_time\" content=\"2021-04-16T08:29:31+00:00\" \/>\n\t\t<meta property=\"article:modified_time\" content=\"2021-04-16T08:29:31+00:00\" \/>\n\t\t<meta property=\"article:publisher\" content=\"https:\/\/www.facebook.com\/allasorias\" \/>\n\t\t<meta name=\"twitter:card\" content=\"summary_large_image\" \/>\n\t\t<meta name=\"twitter:title\" content=\"Korm\u00e1nyprogram a versenyszf\u00e9r\u00e1ba l\u00e9p\u0151 \u00e9rdek\u00e9ben | AllasOrias.hu | H\u00edrek-lapszemle\" \/>\n\t\t<meta name=\"twitter:description\" content=\"A K\u00f6zfoglalkoztat\u00e1sb\u00f3l a versenyszf\u00e9r\u00e1ba program c\u00e9lja, hogy a megfelel\u0151 szakk\u00e9pzetts\u00e9ggel rendelkez\u0151k a k\u00f6zfoglalkoztat\u00e1st maguk m\u00f6g\u00f6tt hagyva a versenyszf\u00e9r\u00e1ban dolgozzanak tov\u00e1bb. A programban r\u00e9sztvev\u0151k ak\u00e1r meg is h\u00e1romszorozhatj\u00e1k eddigi kereseteiket \u2013 mondta Bod\u00f3 S\u00e1ndor, az Innov\u00e1ci\u00f3s \u00e9s technol\u00f3giai Miniszt\u00e9rium (ITM) \u00e1llamtitk\u00e1ra. A f\u00e9lmilli\u00e1rd forintos keret\u00f6sszeg ez\u00fattal 1-2 ezer k\u00f6zfoglalkoztatott els\u0151dleges munkaer\u0151piacon t\u00f6rt\u00e9n\u0151 elhelyezked\u00e9s\u00e9ben seg\u00edthet. A program\" \/>\n\t\t<meta name=\"twitter:image\" content=\"https:\/\/allasorias.hu\/hirek\/wp-content\/uploads\/2020\/11\/business-3167295_640.jpg\" \/>\n\t\t<meta name=\"twitter:label1\" content=\"Written by\" \/>\n\t\t<meta name=\"twitter:data1\" content=\"Juh\u00e1sz P\u00e9ter\" \/>\n\t\t<meta name=\"twitter:label2\" content=\"Est. reading time\" \/>\n\t\t<meta name=\"twitter:data2\" content=\"2 minutes\" \/>\n\t\t<script type=\"application\/ld+json\" class=\"aioseo-schema\">\n\t\t\t{\"@context\":\"https:\\\/\\\/schema.org\",\"@graph\":[{\"@type\":\"Article\",\"@id\":\"https:\\\/\\\/allasorias.hu\\\/hirek\\\/kormanyprogram-a-versenyszferaba-lepo-erdekeben\\\/#article\",\"name\":\"Korm\\u00e1nyprogram a versenyszf\\u00e9r\\u00e1ba l\\u00e9p\\u0151 \\u00e9rdek\\u00e9ben | AllasOrias.hu | H\\u00edrek-lapszemle\",\"headline\":\"Korm\\u00e1nyprogram a versenyszf\\u00e9r\\u00e1ba l\\u00e9p\\u0151 \\u00e9rdek\\u00e9ben\",\"author\":{\"@id\":\"https:\\\/\\\/allasorias.hu\\\/hirek\\\/author\\\/admin-allasorias\\\/#author\"},\"publisher\":{\"@id\":\"https:\\\/\\\/allasorias.hu\\\/hirek\\\/#organization\"},\"image\":{\"@type\":\"ImageObject\",\"url\":\"https:\\\/\\\/allasorias.hu\\\/hirek\\\/wp-content\\\/uploads\\\/2020\\\/11\\\/business-3167295_640.jpg\",\"width\":640,\"height\":426},\"datePublished\":\"2021-04-16T08:29:31+02:00\",\"dateModified\":\"2021-04-16T08:29:31+02:00\",\"inLanguage\":\"hu-HU\",\"mainEntityOfPage\":{\"@id\":\"https:\\\/\\\/allasorias.hu\\\/hirek\\\/kormanyprogram-a-versenyszferaba-lepo-erdekeben\\\/#webpage\"},\"isPartOf\":{\"@id\":\"https:\\\/\\\/allasorias.hu\\\/hirek\\\/kormanyprogram-a-versenyszferaba-lepo-erdekeben\\\/#webpage\"},\"articleSection\":\"Munkaer\\u0151piac\"},{\"@type\":\"BreadcrumbList\",\"@id\":\"https:\\\/\\\/allasorias.hu\\\/hirek\\\/kormanyprogram-a-versenyszferaba-lepo-erdekeben\\\/#breadcrumblist\",\"itemListElement\":[{\"@type\":\"ListItem\",\"@id\":\"https:\\\/\\\/allasorias.hu\\\/hirek#listItem\",\"position\":1,\"name\":\"Home\",\"item\":\"https:\\\/\\\/allasorias.hu\\\/hirek\",\"nextItem\":{\"@type\":\"ListItem\",\"@id\":\"https:\\\/\\\/allasorias.hu\\\/hirek\\\/temak\\\/munkaeropiac\\\/#listItem\",\"name\":\"Munkaer\\u0151piac\"}},{\"@type\":\"ListItem\",\"@id\":\"https:\\\/\\\/allasorias.hu\\\/hirek\\\/temak\\\/munkaeropiac\\\/#listItem\",\"position\":2,\"name\":\"Munkaer\\u0151piac\",\"item\":\"https:\\\/\\\/allasorias.hu\\\/hirek\\\/temak\\\/munkaeropiac\\\/\",\"nextItem\":{\"@type\":\"ListItem\",\"@id\":\"https:\\\/\\\/allasorias.hu\\\/hirek\\\/kormanyprogram-a-versenyszferaba-lepo-erdekeben\\\/#listItem\",\"name\":\"Korm\\u00e1nyprogram a versenyszf\\u00e9r\\u00e1ba l\\u00e9p\\u0151 \\u00e9rdek\\u00e9ben\"},\"previousItem\":{\"@type\":\"ListItem\",\"@id\":\"https:\\\/\\\/allasorias.hu\\\/hirek#listItem\",\"name\":\"Home\"}},{\"@type\":\"ListItem\",\"@id\":\"https:\\\/\\\/allasorias.hu\\\/hirek\\\/kormanyprogram-a-versenyszferaba-lepo-erdekeben\\\/#listItem\",\"position\":3,\"name\":\"Korm\\u00e1nyprogram a versenyszf\\u00e9r\\u00e1ba l\\u00e9p\\u0151 \\u00e9rdek\\u00e9ben\",\"previousItem\":{\"@type\":\"ListItem\",\"@id\":\"https:\\\/\\\/allasorias.hu\\\/hirek\\\/temak\\\/munkaeropiac\\\/#listItem\",\"name\":\"Munkaer\\u0151piac\"}}]},{\"@type\":\"Organization\",\"@id\":\"https:\\\/\\\/allasorias.hu\\\/hirek\\\/#organization\",\"name\":\"AllasOrias.hu | H\\u00edrek-lapszemle\",\"description\":\"\\u00dczleti h\\u00edrek az \\u00e1ll\\u00e1s \\u00e9s a munka vil\\u00e1g\\u00e1b\\u00f3l\",\"url\":\"https:\\\/\\\/allasorias.hu\\\/hirek\\\/\",\"logo\":{\"@type\":\"ImageObject\",\"url\":\"https:\\\/\\\/allasorias.hu\\\/hirek\\\/wp-content\\\/uploads\\\/2022\\\/10\\\/allasorias_site_facebok_logo.png\",\"@id\":\"https:\\\/\\\/allasorias.hu\\\/hirek\\\/kormanyprogram-a-versenyszferaba-lepo-erdekeben\\\/#organizationLogo\"},\"image\":{\"@id\":\"https:\\\/\\\/allasorias.hu\\\/hirek\\\/kormanyprogram-a-versenyszferaba-lepo-erdekeben\\\/#organizationLogo\"},\"sameAs\":[\"https:\\\/\\\/www.facebook.com\\\/allasorias\",\"https:\\\/\\\/www.linkedin.com\\\/company\\\/allasorias\"]},{\"@type\":\"Person\",\"@id\":\"https:\\\/\\\/allasorias.hu\\\/hirek\\\/author\\\/admin-allasorias\\\/#author\",\"url\":\"https:\\\/\\\/allasorias.hu\\\/hirek\\\/author\\\/admin-allasorias\\\/\",\"name\":\"Juh\\u00e1sz P\\u00e9ter\",\"image\":{\"@type\":\"ImageObject\",\"@id\":\"https:\\\/\\\/allasorias.hu\\\/hirek\\\/kormanyprogram-a-versenyszferaba-lepo-erdekeben\\\/#authorImage\",\"url\":\"https:\\\/\\\/secure.gravatar.com\\\/avatar\\\/36e6bcb83148978b992977cb0f54d22feb0cce8a0a849a9410532bb2623ba4c6?s=96&d=mm&r=g\",\"width\":96,\"height\":96,\"caption\":\"Juh\\u00e1sz P\\u00e9ter\"}},{\"@type\":\"WebPage\",\"@id\":\"https:\\\/\\\/allasorias.hu\\\/hirek\\\/kormanyprogram-a-versenyszferaba-lepo-erdekeben\\\/#webpage\",\"url\":\"https:\\\/\\\/allasorias.hu\\\/hirek\\\/kormanyprogram-a-versenyszferaba-lepo-erdekeben\\\/\",\"name\":\"Korm\\u00e1nyprogram a versenyszf\\u00e9r\\u00e1ba l\\u00e9p\\u0151 \\u00e9rdek\\u00e9ben | AllasOrias.hu | H\\u00edrek-lapszemle\",\"description\":\"A K\\u00f6zfoglalkoztat\\u00e1sb\\u00f3l a versenyszf\\u00e9r\\u00e1ba program c\\u00e9lja, hogy a megfelel\\u0151 szakk\\u00e9pzetts\\u00e9ggel rendelkez\\u0151k a k\\u00f6zfoglalkoztat\\u00e1st maguk m\\u00f6g\\u00f6tt hagyva a versenyszf\\u00e9r\\u00e1ban dolgozzanak tov\\u00e1bb. A programban r\\u00e9sztvev\\u0151k ak\\u00e1r meg is h\\u00e1romszorozhatj\\u00e1k eddigi kereseteiket \\u2013 mondta Bod\\u00f3 S\\u00e1ndor, az Innov\\u00e1ci\\u00f3s \\u00e9s technol\\u00f3giai Miniszt\\u00e9rium (ITM) \\u00e1llamtitk\\u00e1ra. A f\\u00e9lmilli\\u00e1rd forintos keret\\u00f6sszeg ez\\u00fattal 1-2 ezer k\\u00f6zfoglalkoztatott els\\u0151dleges munkaer\\u0151piacon t\\u00f6rt\\u00e9n\\u0151 elhelyezked\\u00e9s\\u00e9ben seg\\u00edthet. A program\",\"inLanguage\":\"hu-HU\",\"isPartOf\":{\"@id\":\"https:\\\/\\\/allasorias.hu\\\/hirek\\\/#website\"},\"breadcrumb\":{\"@id\":\"https:\\\/\\\/allasorias.hu\\\/hirek\\\/kormanyprogram-a-versenyszferaba-lepo-erdekeben\\\/#breadcrumblist\"},\"author\":{\"@id\":\"https:\\\/\\\/allasorias.hu\\\/hirek\\\/author\\\/admin-allasorias\\\/#author\"},\"creator\":{\"@id\":\"https:\\\/\\\/allasorias.hu\\\/hirek\\\/author\\\/admin-allasorias\\\/#author\"},\"image\":{\"@type\":\"ImageObject\",\"url\":\"https:\\\/\\\/allasorias.hu\\\/hirek\\\/wp-content\\\/uploads\\\/2020\\\/11\\\/business-3167295_640.jpg\",\"@id\":\"https:\\\/\\\/allasorias.hu\\\/hirek\\\/kormanyprogram-a-versenyszferaba-lepo-erdekeben\\\/#mainImage\",\"width\":640,\"height\":426},\"primaryImageOfPage\":{\"@id\":\"https:\\\/\\\/allasorias.hu\\\/hirek\\\/kormanyprogram-a-versenyszferaba-lepo-erdekeben\\\/#mainImage\"},\"datePublished\":\"2021-04-16T08:29:31+02:00\",\"dateModified\":\"2021-04-16T08:29:31+02:00\"},{\"@type\":\"WebSite\",\"@id\":\"https:\\\/\\\/allasorias.hu\\\/hirek\\\/#website\",\"url\":\"https:\\\/\\\/allasorias.hu\\\/hirek\\\/\",\"name\":\"AllasOrias.hu | H\\u00edrek-lapszemle\",\"description\":\"\\u00dczleti h\\u00edrek az \\u00e1ll\\u00e1s \\u00e9s a munka vil\\u00e1g\\u00e1b\\u00f3l\",\"inLanguage\":\"hu-HU\",\"publisher\":{\"@id\":\"https:\\\/\\\/allasorias.hu\\\/hirek\\\/#organization\"}}]}\n\t\t<\/script>\n\t\t<!-- All in One SEO -->\n\n","aioseo_head_json":{"title":"Korm\u00e1nyprogram a versenyszf\u00e9r\u00e1ba l\u00e9p\u0151 \u00e9rdek\u00e9ben | AllasOrias.hu | H\u00edrek-lapszemle","description":"A K\u00f6zfoglalkoztat\u00e1sb\u00f3l a versenyszf\u00e9r\u00e1ba program c\u00e9lja, hogy a megfelel\u0151 szakk\u00e9pzetts\u00e9ggel rendelkez\u0151k a k\u00f6zfoglalkoztat\u00e1st maguk m\u00f6g\u00f6tt hagyva a versenyszf\u00e9r\u00e1ban dolgozzanak tov\u00e1bb. A programban r\u00e9sztvev\u0151k ak\u00e1r meg is h\u00e1romszorozhatj\u00e1k eddigi kereseteiket \u2013 mondta Bod\u00f3 S\u00e1ndor, az Innov\u00e1ci\u00f3s \u00e9s technol\u00f3giai Miniszt\u00e9rium (ITM) \u00e1llamtitk\u00e1ra. A f\u00e9lmilli\u00e1rd forintos keret\u00f6sszeg ez\u00fattal 1-2 ezer k\u00f6zfoglalkoztatott els\u0151dleges munkaer\u0151piacon t\u00f6rt\u00e9n\u0151 elhelyezked\u00e9s\u00e9ben seg\u00edthet. A program","canonical_url":"https:\/\/allasorias.hu\/hirek\/kormanyprogram-a-versenyszferaba-lepo-erdekeben\/","robots":"max-image-preview:large","keywords":"","webmasterTools":{"miscellaneous":""},"schema":{"@context":"https:\/\/schema.org","@graph":[{"@type":"Article","@id":"https:\/\/allasorias.hu\/hirek\/kormanyprogram-a-versenyszferaba-lepo-erdekeben\/#article","name":"Korm\u00e1nyprogram a versenyszf\u00e9r\u00e1ba l\u00e9p\u0151 \u00e9rdek\u00e9ben | AllasOrias.hu | H\u00edrek-lapszemle","headline":"Korm\u00e1nyprogram a versenyszf\u00e9r\u00e1ba l\u00e9p\u0151 \u00e9rdek\u00e9ben","author":{"@id":"https:\/\/allasorias.hu\/hirek\/author\/admin-allasorias\/#author"},"publisher":{"@id":"https:\/\/allasorias.hu\/hirek\/#organization"},"image":{"@type":"ImageObject","url":"https:\/\/allasorias.hu\/hirek\/wp-content\/uploads\/2020\/11\/business-3167295_640.jpg","width":640,"height":426},"datePublished":"2021-04-16T08:29:31+02:00","dateModified":"2021-04-16T08:29:31+02:00","inLanguage":"hu-HU","mainEntityOfPage":{"@id":"https:\/\/allasorias.hu\/hirek\/kormanyprogram-a-versenyszferaba-lepo-erdekeben\/#webpage"},"isPartOf":{"@id":"https:\/\/allasorias.hu\/hirek\/kormanyprogram-a-versenyszferaba-lepo-erdekeben\/#webpage"},"articleSection":"Munkaer\u0151piac"},{"@type":"BreadcrumbList","@id":"https:\/\/allasorias.hu\/hirek\/kormanyprogram-a-versenyszferaba-lepo-erdekeben\/#breadcrumblist","itemListElement":[{"@type":"ListItem","@id":"https:\/\/allasorias.hu\/hirek#listItem","position":1,"name":"Home","item":"https:\/\/allasorias.hu\/hirek","nextItem":{"@type":"ListItem","@id":"https:\/\/allasorias.hu\/hirek\/temak\/munkaeropiac\/#listItem","name":"Munkaer\u0151piac"}},{"@type":"ListItem","@id":"https:\/\/allasorias.hu\/hirek\/temak\/munkaeropiac\/#listItem","position":2,"name":"Munkaer\u0151piac","item":"https:\/\/allasorias.hu\/hirek\/temak\/munkaeropiac\/","nextItem":{"@type":"ListItem","@id":"https:\/\/allasorias.hu\/hirek\/kormanyprogram-a-versenyszferaba-lepo-erdekeben\/#listItem","name":"Korm\u00e1nyprogram a versenyszf\u00e9r\u00e1ba l\u00e9p\u0151 \u00e9rdek\u00e9ben"},"previousItem":{"@type":"ListItem","@id":"https:\/\/allasorias.hu\/hirek#listItem","name":"Home"}},{"@type":"ListItem","@id":"https:\/\/allasorias.hu\/hirek\/kormanyprogram-a-versenyszferaba-lepo-erdekeben\/#listItem","position":3,"name":"Korm\u00e1nyprogram a versenyszf\u00e9r\u00e1ba l\u00e9p\u0151 \u00e9rdek\u00e9ben","previousItem":{"@type":"ListItem","@id":"https:\/\/allasorias.hu\/hirek\/temak\/munkaeropiac\/#listItem","name":"Munkaer\u0151piac"}}]},{"@type":"Organization","@id":"https:\/\/allasorias.hu\/hirek\/#organization","name":"AllasOrias.hu | H\u00edrek-lapszemle","description":"\u00dczleti h\u00edrek az \u00e1ll\u00e1s \u00e9s a munka vil\u00e1g\u00e1b\u00f3l","url":"https:\/\/allasorias.hu\/hirek\/","logo":{"@type":"ImageObject","url":"https:\/\/allasorias.hu\/hirek\/wp-content\/uploads\/2022\/10\/allasorias_site_facebok_logo.png","@id":"https:\/\/allasorias.hu\/hirek\/kormanyprogram-a-versenyszferaba-lepo-erdekeben\/#organizationLogo"},"image":{"@id":"https:\/\/allasorias.hu\/hirek\/kormanyprogram-a-versenyszferaba-lepo-erdekeben\/#organizationLogo"},"sameAs":["https:\/\/www.facebook.com\/allasorias","https:\/\/www.linkedin.com\/company\/allasorias"]},{"@type":"Person","@id":"https:\/\/allasorias.hu\/hirek\/author\/admin-allasorias\/#author","url":"https:\/\/allasorias.hu\/hirek\/author\/admin-allasorias\/","name":"Juh\u00e1sz P\u00e9ter","image":{"@type":"ImageObject","@id":"https:\/\/allasorias.hu\/hirek\/kormanyprogram-a-versenyszferaba-lepo-erdekeben\/#authorImage","url":"https:\/\/secure.gravatar.com\/avatar\/36e6bcb83148978b992977cb0f54d22feb0cce8a0a849a9410532bb2623ba4c6?s=96&d=mm&r=g","width":96,"height":96,"caption":"Juh\u00e1sz P\u00e9ter"}},{"@type":"WebPage","@id":"https:\/\/allasorias.hu\/hirek\/kormanyprogram-a-versenyszferaba-lepo-erdekeben\/#webpage","url":"https:\/\/allasorias.hu\/hirek\/kormanyprogram-a-versenyszferaba-lepo-erdekeben\/","name":"Korm\u00e1nyprogram a versenyszf\u00e9r\u00e1ba l\u00e9p\u0151 \u00e9rdek\u00e9ben | AllasOrias.hu | H\u00edrek-lapszemle","description":"A K\u00f6zfoglalkoztat\u00e1sb\u00f3l a versenyszf\u00e9r\u00e1ba program c\u00e9lja, hogy a megfelel\u0151 szakk\u00e9pzetts\u00e9ggel rendelkez\u0151k a k\u00f6zfoglalkoztat\u00e1st maguk m\u00f6g\u00f6tt hagyva a versenyszf\u00e9r\u00e1ban dolgozzanak tov\u00e1bb. A programban r\u00e9sztvev\u0151k ak\u00e1r meg is h\u00e1romszorozhatj\u00e1k eddigi kereseteiket \u2013 mondta Bod\u00f3 S\u00e1ndor, az Innov\u00e1ci\u00f3s \u00e9s technol\u00f3giai Miniszt\u00e9rium (ITM) \u00e1llamtitk\u00e1ra. A f\u00e9lmilli\u00e1rd forintos keret\u00f6sszeg ez\u00fattal 1-2 ezer k\u00f6zfoglalkoztatott els\u0151dleges munkaer\u0151piacon t\u00f6rt\u00e9n\u0151 elhelyezked\u00e9s\u00e9ben seg\u00edthet. A program","inLanguage":"hu-HU","isPartOf":{"@id":"https:\/\/allasorias.hu\/hirek\/#website"},"breadcrumb":{"@id":"https:\/\/allasorias.hu\/hirek\/kormanyprogram-a-versenyszferaba-lepo-erdekeben\/#breadcrumblist"},"author":{"@id":"https:\/\/allasorias.hu\/hirek\/author\/admin-allasorias\/#author"},"creator":{"@id":"https:\/\/allasorias.hu\/hirek\/author\/admin-allasorias\/#author"},"image":{"@type":"ImageObject","url":"https:\/\/allasorias.hu\/hirek\/wp-content\/uploads\/2020\/11\/business-3167295_640.jpg","@id":"https:\/\/allasorias.hu\/hirek\/kormanyprogram-a-versenyszferaba-lepo-erdekeben\/#mainImage","width":640,"height":426},"primaryImageOfPage":{"@id":"https:\/\/allasorias.hu\/hirek\/kormanyprogram-a-versenyszferaba-lepo-erdekeben\/#mainImage"},"datePublished":"2021-04-16T08:29:31+02:00","dateModified":"2021-04-16T08:29:31+02:00"},{"@type":"WebSite","@id":"https:\/\/allasorias.hu\/hirek\/#website","url":"https:\/\/allasorias.hu\/hirek\/","name":"AllasOrias.hu | H\u00edrek-lapszemle","description":"\u00dczleti h\u00edrek az \u00e1ll\u00e1s \u00e9s a munka vil\u00e1g\u00e1b\u00f3l","inLanguage":"hu-HU","publisher":{"@id":"https:\/\/allasorias.hu\/hirek\/#organization"}}]},"og:locale":"hu_HU","og:site_name":"AllasOrias.hu | H\u00edrek-lapszemle | \u00dczleti h\u00edrek az \u00e1ll\u00e1s \u00e9s a munka vil\u00e1g\u00e1b\u00f3l","og:type":"article","og:title":"Korm\u00e1nyprogram a versenyszf\u00e9r\u00e1ba l\u00e9p\u0151 \u00e9rdek\u00e9ben | AllasOrias.hu | H\u00edrek-lapszemle","og:description":"A K\u00f6zfoglalkoztat\u00e1sb\u00f3l a versenyszf\u00e9r\u00e1ba program c\u00e9lja, hogy a megfelel\u0151 szakk\u00e9pzetts\u00e9ggel rendelkez\u0151k a k\u00f6zfoglalkoztat\u00e1st maguk m\u00f6g\u00f6tt hagyva a versenyszf\u00e9r\u00e1ban dolgozzanak tov\u00e1bb. A programban r\u00e9sztvev\u0151k ak\u00e1r meg is h\u00e1romszorozhatj\u00e1k eddigi kereseteiket \u2013 mondta Bod\u00f3 S\u00e1ndor, az Innov\u00e1ci\u00f3s \u00e9s technol\u00f3giai Miniszt\u00e9rium (ITM) \u00e1llamtitk\u00e1ra. A f\u00e9lmilli\u00e1rd forintos keret\u00f6sszeg ez\u00fattal 1-2 ezer k\u00f6zfoglalkoztatott els\u0151dleges munkaer\u0151piacon t\u00f6rt\u00e9n\u0151 elhelyezked\u00e9s\u00e9ben seg\u00edthet. A program","og:url":"https:\/\/allasorias.hu\/hirek\/kormanyprogram-a-versenyszferaba-lepo-erdekeben\/","og:image":"https:\/\/allasorias.hu\/hirek\/wp-content\/uploads\/2020\/11\/business-3167295_640.jpg","og:image:secure_url":"https:\/\/allasorias.hu\/hirek\/wp-content\/uploads\/2020\/11\/business-3167295_640.jpg","og:image:width":640,"og:image:height":426,"article:published_time":"2021-04-16T08:29:31+00:00","article:modified_time":"2021-04-16T08:29:31+00:00","article:publisher":"https:\/\/www.facebook.com\/allasorias","twitter:card":"summary_large_image","twitter:title":"Korm\u00e1nyprogram a versenyszf\u00e9r\u00e1ba l\u00e9p\u0151 \u00e9rdek\u00e9ben | AllasOrias.hu | H\u00edrek-lapszemle","twitter:description":"A K\u00f6zfoglalkoztat\u00e1sb\u00f3l a versenyszf\u00e9r\u00e1ba program c\u00e9lja, hogy a megfelel\u0151 szakk\u00e9pzetts\u00e9ggel rendelkez\u0151k a k\u00f6zfoglalkoztat\u00e1st maguk m\u00f6g\u00f6tt hagyva a versenyszf\u00e9r\u00e1ban dolgozzanak tov\u00e1bb. A programban r\u00e9sztvev\u0151k ak\u00e1r meg is h\u00e1romszorozhatj\u00e1k eddigi kereseteiket \u2013 mondta Bod\u00f3 S\u00e1ndor, az Innov\u00e1ci\u00f3s \u00e9s technol\u00f3giai Miniszt\u00e9rium (ITM) \u00e1llamtitk\u00e1ra. A f\u00e9lmilli\u00e1rd forintos keret\u00f6sszeg ez\u00fattal 1-2 ezer k\u00f6zfoglalkoztatott els\u0151dleges munkaer\u0151piacon t\u00f6rt\u00e9n\u0151 elhelyezked\u00e9s\u00e9ben seg\u00edthet. A program","twitter:image":"https:\/\/allasorias.hu\/hirek\/wp-content\/uploads\/2020\/11\/business-3167295_640.jpg","twitter:label1":"Written by","twitter:data1":"Juh\u00e1sz P\u00e9ter","twitter:label2":"Est. reading time","twitter:data2":"2 minutes"},"aioseo_meta_data":{"post_id":"4721","title":null,"description":null,"keywords":[],"keyphrases":{"focus":[],"additional":[]},"primary_term":null,"canonical_url":null,"og_title":null,"og_description":null,"og_object_type":"default","og_image_type":"default","og_image_url":null,"og_image_width":null,"og_image_height":null,"og_image_custom_url":null,"og_image_custom_fields":null,"og_video":"","og_custom_url":null,"og_article_section":null,"og_article_tags":[],"twitter_use_og":false,"twitter_card":"default","twitter_image_type":"default","twitter_image_url":null,"twitter_image_custom_url":null,"twitter_image_custom_fields":null,"twitter_title":null,"twitter_description":null,"schema":{"blockGraphs":[],"customGraphs":[],"default":{"data":{"Article":[],"Course":[],"Dataset":[],"FAQPage":[],"Movie":[],"Person":[],"Product":[],"ProductReview":[],"Car":[],"Recipe":[],"Service":[],"SoftwareApplication":[],"WebPage":[]},"graphName":"","isEnabled":true},"graphs":[],"defaultGraph":"Article","defaultPostTypeGraph":""},"schema_type":"default","schema_type_options":"{\"article\":{\"articleType\":\"BlogPosting\"},\"course\":{\"name\":\"\",\"description\":\"\",\"provider\":\"\"},\"faq\":{\"pages\":[]},\"product\":{\"reviews\":[]},\"recipe\":{\"ingredients\":[],\"instructions\":[],\"keywords\":[]},\"software\":{\"reviews\":[],\"operatingSystems\":[]},\"webPage\":{\"webPageType\":\"WebPage\"}}","pillar_content":false,"robots_default":true,"robots_noindex":false,"robots_noarchive":false,"robots_nosnippet":false,"robots_nofollow":false,"robots_noimageindex":false,"robots_noodp":false,"robots_notranslate":false,"robots_max_snippet":"-1","robots_max_videopreview":"-1","robots_max_imagepreview":"large","priority":null,"frequency":"default","location":null,"local_seo":{"businessInfo":{"name":"","urls":{"website":"","aboutPage":"","contactPage":""},"address":{"line1":"","line2":"","zip":"","city":"","state":"","country":""},"contact":{"email":"","phone":"","fax":""},"ids":{"vatID":"","taxID":"","chamberID":""},"payment":{"priceIndication":"","currenciesAccepted":"","methodsAccepted":""},"areaServed":""},"openingHours":{"show":false,"closedLabel":"","open24h":false,"open24hLabel":"","open247":false,"use24hFormat":false,"twoSets":false,"timezone":"","hours":[]}},"breadcrumb_settings":null,"limit_modified_date":false,"ai":null,"created":"2021-04-16 08:27:46","updated":"2025-10-02 15:35:48","seo_analyzer_scan_date":null,"focus_keyword":null,"additional_keywords":null,"truseo_locale":null},"aioseo_breadcrumb":"<div class=\"aioseo-breadcrumbs\"><span class=\"aioseo-breadcrumb\">\n\t\t\t<a href=\"https:\/\/allasorias.hu\/hirek\" title=\"Home\">Home<\/a>\n\t\t<\/span><span class=\"aioseo-breadcrumb-separator\">&raquo;<\/span><span class=\"aioseo-breadcrumb\">\n\t\t\t<a href=\"https:\/\/allasorias.hu\/hirek\/temak\/munkaeropiac\/\" title=\"Munkaer\u0151piac\">Munkaer\u0151piac<\/a>\n\t\t<\/span><span class=\"aioseo-breadcrumb-separator\">&raquo;<\/span><span class=\"aioseo-breadcrumb\">\n\t\t\tKorm\u00e1nyprogram a versenyszf\u00e9r\u00e1ba l\u00e9p\u0151 \u00e9rdek\u00e9ben\n\t\t<\/span><\/div>","aioseo_breadcrumb_json":[{"label":"Home","link":"https:\/\/allasorias.hu\/hirek"},{"label":"Munkaer\u0151piac","link":"https:\/\/allasorias.hu\/hirek\/temak\/munkaeropiac\/"},{"label":"Korm\u00e1nyprogram a versenyszf\u00e9r\u00e1ba l\u00e9p\u0151 \u00e9rdek\u00e9ben","link":"https:\/\/allasorias.hu\/hirek\/kormanyprogram-a-versenyszferaba-lepo-erdekeben\/"}],"_links":{"self":[{"href":"https:\/\/allasorias.hu\/hirek\/wp-json\/wp\/v2\/posts\/4721","targetHints":{"allow":["GET"]}}],"collection":[{"href":"https:\/\/allasorias.hu\/hirek\/wp-json\/wp\/v2\/posts"}],"about":[{"href":"https:\/\/allasorias.hu\/hirek\/wp-json\/wp\/v2\/types\/post"}],"author":[{"embeddable":true,"href":"https:\/\/allasorias.hu\/hirek\/wp-json\/wp\/v2\/users\/1"}],"replies":[{"embeddable":true,"href":"https:\/\/allasorias.hu\/hirek\/wp-json\/wp\/v2\/comments?post=4721"}],"version-history":[{"count":1,"href":"https:\/\/allasorias.hu\/hirek\/wp-json\/wp\/v2\/posts\/4721\/revisions"}],"predecessor-version":[{"id":4722,"href":"https:\/\/allasorias.hu\/hirek\/wp-json\/wp\/v2\/posts\/4721\/revisions\/4722"}],"wp:featuredmedia":[{"embeddable":true,"href":"https:\/\/allasorias.hu\/hirek\/wp-json\/wp\/v2\/media\/4401"}],"wp:attachment":[{"href":"https:\/\/allasorias.hu\/hirek\/wp-json\/wp\/v2\/media?parent=4721"}],"wp:term":[{"taxonomy":"category","embeddable":true,"href":"https:\/\/allasorias.hu\/hirek\/wp-json\/wp\/v2\/categories?post=4721"},{"taxonomy":"post_tag","embeddable":true,"href":"https:\/\/allasorias.hu\/hirek\/wp-json\/wp\/v2\/tags?post=4721"}],"curies":[{"name":"wp","href":"https:\/\/api.w.org\/{rel}","templated":true}]}}