{"id":4709,"date":"2021-04-12T07:15:34","date_gmt":"2021-04-12T07:15:34","guid":{"rendered":"https:\/\/allasorias.hu\/hirek\/?p=4709"},"modified":"2021-04-12T07:15:34","modified_gmt":"2021-04-12T07:15:34","slug":"motivaljak-a-kozalkalmazottakat","status":"publish","type":"post","link":"https:\/\/allasorias.hu\/hirek\/motivaljak-a-kozalkalmazottakat\/","title":{"rendered":"Motiv\u00e1lj\u00e1k a k\u00f6zalkalmazottakat"},"content":{"rendered":"<p><strong>A k\u00f6zfoglalkoztat\u00e1si jogviszony id\u0151tartam\u00e1nak lej\u00e1rta el\u0151tt \u00e1ll\u00e1st tal\u00e1l\u00f3k egyfajta b\u00f3nuszk\u00e9nt elhelyezked\u00e9si juttat\u00e1sban r\u00e9szes\u00fclnek. Min\u00e9l hamarabb l\u00e9p ki valaki a k\u00f6zfoglalkoztat\u00e1sb\u00f3l, ann\u00e1l t\u00f6bb t\u00e1mogat\u00e1shoz jut, mivel a k\u00f6zfoglalkoztat\u00e1s\u00e1b\u00f3l h\u00e1tral\u00e9v\u0151 id\u0151re kapja meg ut\u00f3lag a havi 45 600 forintot. A korm\u00e1ny ism\u00e9t meghirdeti a &#8222;K\u00f6zfoglalkoztat\u00e1sb\u00f3l versenyszf\u00e9r\u00e1ba programot&#8221;, amellyel az ut\u00f3bbi \u00e9vekben t\u00f6bb mint 17 ezer k\u00f6zfoglalkoztatott elhelyezked\u00e9s\u00e9t seg\u00edtette az els\u0151dleges munkaer\u0151piacon &#8211; k\u00f6z\u00f6lte az Innov\u00e1ci\u00f3s \u00e9s Technol\u00f3giai Miniszt\u00e9rium (ITM) Bod\u00f3 S\u00e1ndort, a t\u00e1rca foglalkoztat\u00e1spolitik\u00e1\u00e9rt felel\u0151s \u00e1llamtitk\u00e1r\u00e1t id\u00e9zve az MTI-vel. <\/strong><\/p>\n<p>A k\u00f6zlem\u00e9ny szerint Bod\u00f3 S\u00e1ndor hozz\u00e1tette: az \u00e1prilis k\u00f6zep\u00e9n indul\u00f3 programba bel\u00e9p\u0151k havi 45 ezer forintos juttat\u00e1st kaphatnak, a minim\u00e1lb\u00e9rt alapul v\u00e9ve teh\u00e1t k\u00f6zel 160 ezer forintot vihetnek haza abban az id\u0151szakban, ameddig a k\u00f6zfoglalkoztat\u00e1si szerz\u0151d\u00e9s\u00fck tartott volna.\u00a0\u00a0 A teljes foglalkoztat\u00e1s akkor val\u00f3s\u00edthat\u00f3 meg hossz\u00fa t\u00e1von fenntarthat\u00f3 m\u00f3don, ha abban min\u00e9l nagyobb ar\u00e1nyt k\u00e9pvisel a versenyszf\u00e9ra, min\u00e9l t\u00f6bb \u00faj, ad\u00f3fizet\u0151 munkahely j\u00f6n l\u00e9tre. A korm\u00e1ny tov\u00e1bbra is a k\u00f6zfoglalkoztatottak piaci alap\u00fa munkav\u00e1llal\u00e1s\u00e1t k\u00edv\u00e1nja el\u0151seg\u00edteni, megfelel\u0151 t\u00e1mogat\u00e1st biztos\u00edtva azok sz\u00e1m\u00e1ra, akik k\u00e9szek \u00e9s k\u00e9pesek ny\u00edlt munkaer\u0151piaci felt\u00e9telek mellett dolgozni &#8211; ismertette. A program arra \u00f6szt\u00f6nzi a kell\u0151 motiv\u00e1ci\u00f3val, szakk\u00e9pzetts\u00e9ggel rendelkez\u0151ket, hogy ne a k\u00f6zfoglalkoztat\u00e1sban vegyenek r\u00e9szt, hanem a versenyszf\u00e9r\u00e1ban helyezkedjenek el &#8211; k\u00f6z\u00f6lte Bod\u00f3 S\u00e1ndor.\u00a0\u00a0\u00a0 A r\u00e9szletekr\u0151l azt mondta: a k\u00f6zfoglalkoztat\u00e1si jogviszony id\u0151tartam\u00e1nak lej\u00e1rta el\u0151tt \u00e1ll\u00e1st tal\u00e1l\u00f3k egyfajta b\u00f3nuszk\u00e9nt elhelyezked\u00e9si juttat\u00e1sban r\u00e9szes\u00fclnek. Min\u00e9l hamarabb l\u00e9p ki valaki a k\u00f6zfoglalkoztat\u00e1sb\u00f3l, ann\u00e1l t\u00f6bb t\u00e1mogat\u00e1shoz jut, mivel a k\u00f6zfoglalkoztat\u00e1s\u00e1b\u00f3l h\u00e1tral\u00e9v\u0151 id\u0151re kapja meg ut\u00f3lag a havi 45 600 forintot. Elhelyezked\u00e9si juttat\u00e1sra jogosult a mez\u0151gazdas\u00e1gi id\u00e9nymunk\u00e1t v\u00e9gz\u0151 k\u00f6zfoglalkoztatott is, akinek napi d\u00edjaz\u00e1sa k\u00e9tezer forint, egy h\u00f3napra teh\u00e1t ak\u00e1r 62 ezer forintot is kaphat &#8211; tette hozz\u00e1.\u00a0\u00a0\u00a0 Kiemelte: a r\u00e9sztvev\u0151k nett\u00f3 keresete \u00edgy a minim\u00e1lb\u00e9rrel sz\u00e1molva mintegy 160 ezer forint lehet, a kor\u00e1bbi bev\u00e9tel\u00fck k\u00f6zel h\u00e1romszorosa, amit a csal\u00e1di ad\u00f3kedvezm\u00e9nyek m\u00e9g tov\u00e1bb n\u00f6velhetnek.\u00a0 A r\u00e9szletes dokument\u00e1ci\u00f3 a program 2021. \u00e1prilis 15.-i indul\u00e1sakor v\u00e1lik el\u00e9rhet\u0151v\u00e9 a munka.hu oldalon. K\u00e9relmet ezt k\u00f6vet\u0151en lehet majd beny\u00fajtani a helyileg illet\u00e9kes korm\u00e1nyhivatalokhoz, a j\u00e1r\u00e1si \u00e9s f\u0151v\u00e1rosi ker\u00fcleti hivatalokhoz. A Gazdas\u00e1gv\u00e9delmi Alapb\u00f3l finansz\u00edrozott program keret\u00f6sszege 500 milli\u00f3 forint, e forr\u00e1smennyis\u00e9g ak\u00e1r 2000 munkav\u00e1llal\u00f3 t\u00e1mogat\u00e1s\u00e1t is lehet\u0151v\u00e9 teheti &#8211; olvashat\u00f3 a k\u00f6zlem\u00e9nyben.<\/p>\n<p>Forr\u00e1s: mixonline.hu, mti.hu<\/p>\n<p>&nbsp;<\/p>\n<p>&nbsp;<\/p>\n","protected":false},"excerpt":{"rendered":"<p>A k\u00f6zfoglalkoztat\u00e1si jogviszony id\u0151tartam\u00e1nak lej\u00e1rta el\u0151tt \u00e1ll\u00e1st tal\u00e1l\u00f3k egyfajta b\u00f3nuszk\u00e9nt elhelyezked\u00e9si juttat\u00e1sban r\u00e9szes\u00fclnek. Min\u00e9l hamarabb l\u00e9p ki valaki a k\u00f6zfoglalkoztat\u00e1sb\u00f3l, ann\u00e1l t\u00f6bb t\u00e1mogat\u00e1shoz jut, mivel a k\u00f6zfoglalkoztat\u00e1s\u00e1b\u00f3l h\u00e1tral\u00e9v\u0151 id\u0151re kapja meg ut\u00f3lag a havi 45 600 forintot. A korm\u00e1ny ism\u00e9t meghirdeti a &#8222;K\u00f6zfoglalkoztat\u00e1sb\u00f3l versenyszf\u00e9r\u00e1ba programot&#8221;, amellyel az ut\u00f3bbi \u00e9vekben t\u00f6bb mint 17 ezer k\u00f6zfoglalkoztatott elhelyezked\u00e9s\u00e9t [&hellip;]<\/p>\n","protected":false},"author":1,"featured_media":4710,"comment_status":"open","ping_status":"open","sticky":false,"template":"","format":"standard","meta":{"_monsterinsights_skip_tracking":false,"footnotes":""},"categories":[200],"tags":[],"class_list":["post-4709","post","type-post","status-publish","format-standard","has-post-thumbnail","hentry","category-munkaeropiac"],"aioseo_notices":[],"aioseo_head":"\n\t\t<!-- All in One SEO 5.0.0.1 - aioseo.com -->\n\t<meta name=\"description\" content=\"A k\u00f6zfoglalkoztat\u00e1si jogviszony id\u0151tartam\u00e1nak lej\u00e1rta el\u0151tt \u00e1ll\u00e1st tal\u00e1l\u00f3k egyfajta b\u00f3nuszk\u00e9nt elhelyezked\u00e9si juttat\u00e1sban r\u00e9szes\u00fclnek. Min\u00e9l hamarabb l\u00e9p ki valaki a k\u00f6zfoglalkoztat\u00e1sb\u00f3l, ann\u00e1l t\u00f6bb t\u00e1mogat\u00e1shoz jut, mivel a k\u00f6zfoglalkoztat\u00e1s\u00e1b\u00f3l h\u00e1tral\u00e9v\u0151 id\u0151re kapja meg ut\u00f3lag a havi 45 600 forintot. A korm\u00e1ny ism\u00e9t meghirdeti a &quot;K\u00f6zfoglalkoztat\u00e1sb\u00f3l versenyszf\u00e9r\u00e1ba programot&quot;, amellyel az ut\u00f3bbi \u00e9vekben t\u00f6bb mint 17 ezer k\u00f6zfoglalkoztatott elhelyezked\u00e9s\u00e9t\" \/>\n\t<meta name=\"robots\" content=\"max-image-preview:large\" \/>\n\t<meta name=\"author\" content=\"Juh\u00e1sz P\u00e9ter\"\/>\n\t<link rel=\"canonical\" href=\"https:\/\/allasorias.hu\/hirek\/motivaljak-a-kozalkalmazottakat\/\" \/>\n\t<meta name=\"generator\" content=\"All in One SEO (AIOSEO) 5.0.0.1\" \/>\n\t\t<meta property=\"og:locale\" content=\"hu_HU\" \/>\n\t\t<meta property=\"og:site_name\" content=\"AllasOrias.hu | H\u00edrek-lapszemle | \u00dczleti h\u00edrek az \u00e1ll\u00e1s \u00e9s a munka vil\u00e1g\u00e1b\u00f3l\" \/>\n\t\t<meta property=\"og:type\" content=\"article\" \/>\n\t\t<meta property=\"og:title\" content=\"Motiv\u00e1lj\u00e1k a k\u00f6zalkalmazottakat | AllasOrias.hu | H\u00edrek-lapszemle\" \/>\n\t\t<meta property=\"og:description\" content=\"A k\u00f6zfoglalkoztat\u00e1si jogviszony id\u0151tartam\u00e1nak lej\u00e1rta el\u0151tt \u00e1ll\u00e1st tal\u00e1l\u00f3k egyfajta b\u00f3nuszk\u00e9nt elhelyezked\u00e9si juttat\u00e1sban r\u00e9szes\u00fclnek. Min\u00e9l hamarabb l\u00e9p ki valaki a k\u00f6zfoglalkoztat\u00e1sb\u00f3l, ann\u00e1l t\u00f6bb t\u00e1mogat\u00e1shoz jut, mivel a k\u00f6zfoglalkoztat\u00e1s\u00e1b\u00f3l h\u00e1tral\u00e9v\u0151 id\u0151re kapja meg ut\u00f3lag a havi 45 600 forintot. A korm\u00e1ny ism\u00e9t meghirdeti a &quot;K\u00f6zfoglalkoztat\u00e1sb\u00f3l versenyszf\u00e9r\u00e1ba programot&quot;, amellyel az ut\u00f3bbi \u00e9vekben t\u00f6bb mint 17 ezer k\u00f6zfoglalkoztatott elhelyezked\u00e9s\u00e9t\" \/>\n\t\t<meta property=\"og:url\" content=\"https:\/\/allasorias.hu\/hirek\/motivaljak-a-kozalkalmazottakat\/\" \/>\n\t\t<meta property=\"og:image\" content=\"https:\/\/allasorias.hu\/hirek\/wp-content\/uploads\/2021\/04\/cheerful-leader-motivating-his-business-team.jpg\" \/>\n\t\t<meta property=\"og:image:secure_url\" content=\"https:\/\/allasorias.hu\/hirek\/wp-content\/uploads\/2021\/04\/cheerful-leader-motivating-his-business-team.jpg\" \/>\n\t\t<meta property=\"og:image:width\" content=\"1920\" \/>\n\t\t<meta property=\"og:image:height\" content=\"1280\" \/>\n\t\t<meta property=\"article:published_time\" content=\"2021-04-12T07:15:34+00:00\" \/>\n\t\t<meta property=\"article:modified_time\" content=\"2021-04-12T07:15:34+00:00\" \/>\n\t\t<meta property=\"article:publisher\" content=\"https:\/\/www.facebook.com\/allasorias\" \/>\n\t\t<meta name=\"twitter:card\" content=\"summary_large_image\" \/>\n\t\t<meta name=\"twitter:title\" content=\"Motiv\u00e1lj\u00e1k a k\u00f6zalkalmazottakat | AllasOrias.hu | H\u00edrek-lapszemle\" \/>\n\t\t<meta name=\"twitter:description\" content=\"A k\u00f6zfoglalkoztat\u00e1si jogviszony id\u0151tartam\u00e1nak lej\u00e1rta el\u0151tt \u00e1ll\u00e1st tal\u00e1l\u00f3k egyfajta b\u00f3nuszk\u00e9nt elhelyezked\u00e9si juttat\u00e1sban r\u00e9szes\u00fclnek. Min\u00e9l hamarabb l\u00e9p ki valaki a k\u00f6zfoglalkoztat\u00e1sb\u00f3l, ann\u00e1l t\u00f6bb t\u00e1mogat\u00e1shoz jut, mivel a k\u00f6zfoglalkoztat\u00e1s\u00e1b\u00f3l h\u00e1tral\u00e9v\u0151 id\u0151re kapja meg ut\u00f3lag a havi 45 600 forintot. A korm\u00e1ny ism\u00e9t meghirdeti a &quot;K\u00f6zfoglalkoztat\u00e1sb\u00f3l versenyszf\u00e9r\u00e1ba programot&quot;, amellyel az ut\u00f3bbi \u00e9vekben t\u00f6bb mint 17 ezer k\u00f6zfoglalkoztatott elhelyezked\u00e9s\u00e9t\" \/>\n\t\t<meta name=\"twitter:image\" content=\"https:\/\/allasorias.hu\/hirek\/wp-content\/uploads\/2021\/04\/cheerful-leader-motivating-his-business-team.jpg\" \/>\n\t\t<meta name=\"twitter:label1\" content=\"Written by\" \/>\n\t\t<meta name=\"twitter:data1\" content=\"Juh\u00e1sz P\u00e9ter\" \/>\n\t\t<meta name=\"twitter:label2\" content=\"Est. reading time\" \/>\n\t\t<meta name=\"twitter:data2\" content=\"3 minutes\" \/>\n\t\t<script type=\"application\/ld+json\" class=\"aioseo-schema\">\n\t\t\t{\"@context\":\"https:\\\/\\\/schema.org\",\"@graph\":[{\"@type\":\"Article\",\"@id\":\"https:\\\/\\\/allasorias.hu\\\/hirek\\\/motivaljak-a-kozalkalmazottakat\\\/#article\",\"name\":\"Motiv\\u00e1lj\\u00e1k a k\\u00f6zalkalmazottakat | AllasOrias.hu | H\\u00edrek-lapszemle\",\"headline\":\"Motiv\\u00e1lj\\u00e1k a k\\u00f6zalkalmazottakat\",\"author\":{\"@id\":\"https:\\\/\\\/allasorias.hu\\\/hirek\\\/author\\\/admin-allasorias\\\/#author\"},\"publisher\":{\"@id\":\"https:\\\/\\\/allasorias.hu\\\/hirek\\\/#organization\"},\"image\":{\"@type\":\"ImageObject\",\"url\":\"https:\\\/\\\/allasorias.hu\\\/hirek\\\/wp-content\\\/uploads\\\/2021\\\/04\\\/cheerful-leader-motivating-his-business-team.jpg\",\"width\":1920,\"height\":1280,\"caption\":\"Cheerful leader motivating his business team. Handsome young politician telling his plan and showing fist as symbol of power. Positive business people standing in background. Strong company concept\"},\"datePublished\":\"2021-04-12T07:15:34+02:00\",\"dateModified\":\"2021-04-12T07:15:34+02:00\",\"inLanguage\":\"hu-HU\",\"mainEntityOfPage\":{\"@id\":\"https:\\\/\\\/allasorias.hu\\\/hirek\\\/motivaljak-a-kozalkalmazottakat\\\/#webpage\"},\"isPartOf\":{\"@id\":\"https:\\\/\\\/allasorias.hu\\\/hirek\\\/motivaljak-a-kozalkalmazottakat\\\/#webpage\"},\"articleSection\":\"Munkaer\\u0151piac\"},{\"@type\":\"BreadcrumbList\",\"@id\":\"https:\\\/\\\/allasorias.hu\\\/hirek\\\/motivaljak-a-kozalkalmazottakat\\\/#breadcrumblist\",\"itemListElement\":[{\"@type\":\"ListItem\",\"@id\":\"https:\\\/\\\/allasorias.hu\\\/hirek#listItem\",\"position\":1,\"name\":\"Home\",\"item\":\"https:\\\/\\\/allasorias.hu\\\/hirek\",\"nextItem\":{\"@type\":\"ListItem\",\"@id\":\"https:\\\/\\\/allasorias.hu\\\/hirek\\\/temak\\\/munkaeropiac\\\/#listItem\",\"name\":\"Munkaer\\u0151piac\"}},{\"@type\":\"ListItem\",\"@id\":\"https:\\\/\\\/allasorias.hu\\\/hirek\\\/temak\\\/munkaeropiac\\\/#listItem\",\"position\":2,\"name\":\"Munkaer\\u0151piac\",\"item\":\"https:\\\/\\\/allasorias.hu\\\/hirek\\\/temak\\\/munkaeropiac\\\/\",\"nextItem\":{\"@type\":\"ListItem\",\"@id\":\"https:\\\/\\\/allasorias.hu\\\/hirek\\\/motivaljak-a-kozalkalmazottakat\\\/#listItem\",\"name\":\"Motiv\\u00e1lj\\u00e1k a k\\u00f6zalkalmazottakat\"},\"previousItem\":{\"@type\":\"ListItem\",\"@id\":\"https:\\\/\\\/allasorias.hu\\\/hirek#listItem\",\"name\":\"Home\"}},{\"@type\":\"ListItem\",\"@id\":\"https:\\\/\\\/allasorias.hu\\\/hirek\\\/motivaljak-a-kozalkalmazottakat\\\/#listItem\",\"position\":3,\"name\":\"Motiv\\u00e1lj\\u00e1k a k\\u00f6zalkalmazottakat\",\"previousItem\":{\"@type\":\"ListItem\",\"@id\":\"https:\\\/\\\/allasorias.hu\\\/hirek\\\/temak\\\/munkaeropiac\\\/#listItem\",\"name\":\"Munkaer\\u0151piac\"}}]},{\"@type\":\"Organization\",\"@id\":\"https:\\\/\\\/allasorias.hu\\\/hirek\\\/#organization\",\"name\":\"AllasOrias.hu | H\\u00edrek-lapszemle\",\"description\":\"\\u00dczleti h\\u00edrek az \\u00e1ll\\u00e1s \\u00e9s a munka vil\\u00e1g\\u00e1b\\u00f3l\",\"url\":\"https:\\\/\\\/allasorias.hu\\\/hirek\\\/\",\"logo\":{\"@type\":\"ImageObject\",\"url\":\"https:\\\/\\\/allasorias.hu\\\/hirek\\\/wp-content\\\/uploads\\\/2022\\\/10\\\/allasorias_site_facebok_logo.png\",\"@id\":\"https:\\\/\\\/allasorias.hu\\\/hirek\\\/motivaljak-a-kozalkalmazottakat\\\/#organizationLogo\"},\"image\":{\"@id\":\"https:\\\/\\\/allasorias.hu\\\/hirek\\\/motivaljak-a-kozalkalmazottakat\\\/#organizationLogo\"},\"sameAs\":[\"https:\\\/\\\/www.facebook.com\\\/allasorias\",\"https:\\\/\\\/www.linkedin.com\\\/company\\\/allasorias\"]},{\"@type\":\"Person\",\"@id\":\"https:\\\/\\\/allasorias.hu\\\/hirek\\\/author\\\/admin-allasorias\\\/#author\",\"url\":\"https:\\\/\\\/allasorias.hu\\\/hirek\\\/author\\\/admin-allasorias\\\/\",\"name\":\"Juh\\u00e1sz P\\u00e9ter\",\"image\":{\"@type\":\"ImageObject\",\"@id\":\"https:\\\/\\\/allasorias.hu\\\/hirek\\\/motivaljak-a-kozalkalmazottakat\\\/#authorImage\",\"url\":\"https:\\\/\\\/secure.gravatar.com\\\/avatar\\\/36e6bcb83148978b992977cb0f54d22feb0cce8a0a849a9410532bb2623ba4c6?s=96&d=mm&r=g\",\"width\":96,\"height\":96,\"caption\":\"Juh\\u00e1sz P\\u00e9ter\"}},{\"@type\":\"WebPage\",\"@id\":\"https:\\\/\\\/allasorias.hu\\\/hirek\\\/motivaljak-a-kozalkalmazottakat\\\/#webpage\",\"url\":\"https:\\\/\\\/allasorias.hu\\\/hirek\\\/motivaljak-a-kozalkalmazottakat\\\/\",\"name\":\"Motiv\\u00e1lj\\u00e1k a k\\u00f6zalkalmazottakat | AllasOrias.hu | H\\u00edrek-lapszemle\",\"description\":\"A k\\u00f6zfoglalkoztat\\u00e1si jogviszony id\\u0151tartam\\u00e1nak lej\\u00e1rta el\\u0151tt \\u00e1ll\\u00e1st tal\\u00e1l\\u00f3k egyfajta b\\u00f3nuszk\\u00e9nt elhelyezked\\u00e9si juttat\\u00e1sban r\\u00e9szes\\u00fclnek. Min\\u00e9l hamarabb l\\u00e9p ki valaki a k\\u00f6zfoglalkoztat\\u00e1sb\\u00f3l, ann\\u00e1l t\\u00f6bb t\\u00e1mogat\\u00e1shoz jut, mivel a k\\u00f6zfoglalkoztat\\u00e1s\\u00e1b\\u00f3l h\\u00e1tral\\u00e9v\\u0151 id\\u0151re kapja meg ut\\u00f3lag a havi 45 600 forintot. A korm\\u00e1ny ism\\u00e9t meghirdeti a \\\"K\\u00f6zfoglalkoztat\\u00e1sb\\u00f3l versenyszf\\u00e9r\\u00e1ba programot\\\", amellyel az ut\\u00f3bbi \\u00e9vekben t\\u00f6bb mint 17 ezer k\\u00f6zfoglalkoztatott elhelyezked\\u00e9s\\u00e9t\",\"inLanguage\":\"hu-HU\",\"isPartOf\":{\"@id\":\"https:\\\/\\\/allasorias.hu\\\/hirek\\\/#website\"},\"breadcrumb\":{\"@id\":\"https:\\\/\\\/allasorias.hu\\\/hirek\\\/motivaljak-a-kozalkalmazottakat\\\/#breadcrumblist\"},\"author\":{\"@id\":\"https:\\\/\\\/allasorias.hu\\\/hirek\\\/author\\\/admin-allasorias\\\/#author\"},\"creator\":{\"@id\":\"https:\\\/\\\/allasorias.hu\\\/hirek\\\/author\\\/admin-allasorias\\\/#author\"},\"image\":{\"@type\":\"ImageObject\",\"url\":\"https:\\\/\\\/allasorias.hu\\\/hirek\\\/wp-content\\\/uploads\\\/2021\\\/04\\\/cheerful-leader-motivating-his-business-team.jpg\",\"@id\":\"https:\\\/\\\/allasorias.hu\\\/hirek\\\/motivaljak-a-kozalkalmazottakat\\\/#mainImage\",\"width\":1920,\"height\":1280,\"caption\":\"Cheerful leader motivating his business team. Handsome young politician telling his plan and showing fist as symbol of power. Positive business people standing in background. Strong company concept\"},\"primaryImageOfPage\":{\"@id\":\"https:\\\/\\\/allasorias.hu\\\/hirek\\\/motivaljak-a-kozalkalmazottakat\\\/#mainImage\"},\"datePublished\":\"2021-04-12T07:15:34+02:00\",\"dateModified\":\"2021-04-12T07:15:34+02:00\"},{\"@type\":\"WebSite\",\"@id\":\"https:\\\/\\\/allasorias.hu\\\/hirek\\\/#website\",\"url\":\"https:\\\/\\\/allasorias.hu\\\/hirek\\\/\",\"name\":\"AllasOrias.hu | H\\u00edrek-lapszemle\",\"description\":\"\\u00dczleti h\\u00edrek az \\u00e1ll\\u00e1s \\u00e9s a munka vil\\u00e1g\\u00e1b\\u00f3l\",\"inLanguage\":\"hu-HU\",\"publisher\":{\"@id\":\"https:\\\/\\\/allasorias.hu\\\/hirek\\\/#organization\"}}]}\n\t\t<\/script>\n\t\t<!-- All in One SEO -->\n\n","aioseo_head_json":{"title":"Motiv\u00e1lj\u00e1k a k\u00f6zalkalmazottakat | AllasOrias.hu | H\u00edrek-lapszemle","description":"A k\u00f6zfoglalkoztat\u00e1si jogviszony id\u0151tartam\u00e1nak lej\u00e1rta el\u0151tt \u00e1ll\u00e1st tal\u00e1l\u00f3k egyfajta b\u00f3nuszk\u00e9nt elhelyezked\u00e9si juttat\u00e1sban r\u00e9szes\u00fclnek. Min\u00e9l hamarabb l\u00e9p ki valaki a k\u00f6zfoglalkoztat\u00e1sb\u00f3l, ann\u00e1l t\u00f6bb t\u00e1mogat\u00e1shoz jut, mivel a k\u00f6zfoglalkoztat\u00e1s\u00e1b\u00f3l h\u00e1tral\u00e9v\u0151 id\u0151re kapja meg ut\u00f3lag a havi 45 600 forintot. A korm\u00e1ny ism\u00e9t meghirdeti a \"K\u00f6zfoglalkoztat\u00e1sb\u00f3l versenyszf\u00e9r\u00e1ba programot\", amellyel az ut\u00f3bbi \u00e9vekben t\u00f6bb mint 17 ezer k\u00f6zfoglalkoztatott elhelyezked\u00e9s\u00e9t","canonical_url":"https:\/\/allasorias.hu\/hirek\/motivaljak-a-kozalkalmazottakat\/","robots":"max-image-preview:large","keywords":"","webmasterTools":{"miscellaneous":""},"schema":{"@context":"https:\/\/schema.org","@graph":[{"@type":"Article","@id":"https:\/\/allasorias.hu\/hirek\/motivaljak-a-kozalkalmazottakat\/#article","name":"Motiv\u00e1lj\u00e1k a k\u00f6zalkalmazottakat | AllasOrias.hu | H\u00edrek-lapszemle","headline":"Motiv\u00e1lj\u00e1k a k\u00f6zalkalmazottakat","author":{"@id":"https:\/\/allasorias.hu\/hirek\/author\/admin-allasorias\/#author"},"publisher":{"@id":"https:\/\/allasorias.hu\/hirek\/#organization"},"image":{"@type":"ImageObject","url":"https:\/\/allasorias.hu\/hirek\/wp-content\/uploads\/2021\/04\/cheerful-leader-motivating-his-business-team.jpg","width":1920,"height":1280,"caption":"Cheerful leader motivating his business team. Handsome young politician telling his plan and showing fist as symbol of power. Positive business people standing in background. Strong company concept"},"datePublished":"2021-04-12T07:15:34+02:00","dateModified":"2021-04-12T07:15:34+02:00","inLanguage":"hu-HU","mainEntityOfPage":{"@id":"https:\/\/allasorias.hu\/hirek\/motivaljak-a-kozalkalmazottakat\/#webpage"},"isPartOf":{"@id":"https:\/\/allasorias.hu\/hirek\/motivaljak-a-kozalkalmazottakat\/#webpage"},"articleSection":"Munkaer\u0151piac"},{"@type":"BreadcrumbList","@id":"https:\/\/allasorias.hu\/hirek\/motivaljak-a-kozalkalmazottakat\/#breadcrumblist","itemListElement":[{"@type":"ListItem","@id":"https:\/\/allasorias.hu\/hirek#listItem","position":1,"name":"Home","item":"https:\/\/allasorias.hu\/hirek","nextItem":{"@type":"ListItem","@id":"https:\/\/allasorias.hu\/hirek\/temak\/munkaeropiac\/#listItem","name":"Munkaer\u0151piac"}},{"@type":"ListItem","@id":"https:\/\/allasorias.hu\/hirek\/temak\/munkaeropiac\/#listItem","position":2,"name":"Munkaer\u0151piac","item":"https:\/\/allasorias.hu\/hirek\/temak\/munkaeropiac\/","nextItem":{"@type":"ListItem","@id":"https:\/\/allasorias.hu\/hirek\/motivaljak-a-kozalkalmazottakat\/#listItem","name":"Motiv\u00e1lj\u00e1k a k\u00f6zalkalmazottakat"},"previousItem":{"@type":"ListItem","@id":"https:\/\/allasorias.hu\/hirek#listItem","name":"Home"}},{"@type":"ListItem","@id":"https:\/\/allasorias.hu\/hirek\/motivaljak-a-kozalkalmazottakat\/#listItem","position":3,"name":"Motiv\u00e1lj\u00e1k a k\u00f6zalkalmazottakat","previousItem":{"@type":"ListItem","@id":"https:\/\/allasorias.hu\/hirek\/temak\/munkaeropiac\/#listItem","name":"Munkaer\u0151piac"}}]},{"@type":"Organization","@id":"https:\/\/allasorias.hu\/hirek\/#organization","name":"AllasOrias.hu | H\u00edrek-lapszemle","description":"\u00dczleti h\u00edrek az \u00e1ll\u00e1s \u00e9s a munka vil\u00e1g\u00e1b\u00f3l","url":"https:\/\/allasorias.hu\/hirek\/","logo":{"@type":"ImageObject","url":"https:\/\/allasorias.hu\/hirek\/wp-content\/uploads\/2022\/10\/allasorias_site_facebok_logo.png","@id":"https:\/\/allasorias.hu\/hirek\/motivaljak-a-kozalkalmazottakat\/#organizationLogo"},"image":{"@id":"https:\/\/allasorias.hu\/hirek\/motivaljak-a-kozalkalmazottakat\/#organizationLogo"},"sameAs":["https:\/\/www.facebook.com\/allasorias","https:\/\/www.linkedin.com\/company\/allasorias"]},{"@type":"Person","@id":"https:\/\/allasorias.hu\/hirek\/author\/admin-allasorias\/#author","url":"https:\/\/allasorias.hu\/hirek\/author\/admin-allasorias\/","name":"Juh\u00e1sz P\u00e9ter","image":{"@type":"ImageObject","@id":"https:\/\/allasorias.hu\/hirek\/motivaljak-a-kozalkalmazottakat\/#authorImage","url":"https:\/\/secure.gravatar.com\/avatar\/36e6bcb83148978b992977cb0f54d22feb0cce8a0a849a9410532bb2623ba4c6?s=96&d=mm&r=g","width":96,"height":96,"caption":"Juh\u00e1sz P\u00e9ter"}},{"@type":"WebPage","@id":"https:\/\/allasorias.hu\/hirek\/motivaljak-a-kozalkalmazottakat\/#webpage","url":"https:\/\/allasorias.hu\/hirek\/motivaljak-a-kozalkalmazottakat\/","name":"Motiv\u00e1lj\u00e1k a k\u00f6zalkalmazottakat | AllasOrias.hu | H\u00edrek-lapszemle","description":"A k\u00f6zfoglalkoztat\u00e1si jogviszony id\u0151tartam\u00e1nak lej\u00e1rta el\u0151tt \u00e1ll\u00e1st tal\u00e1l\u00f3k egyfajta b\u00f3nuszk\u00e9nt elhelyezked\u00e9si juttat\u00e1sban r\u00e9szes\u00fclnek. Min\u00e9l hamarabb l\u00e9p ki valaki a k\u00f6zfoglalkoztat\u00e1sb\u00f3l, ann\u00e1l t\u00f6bb t\u00e1mogat\u00e1shoz jut, mivel a k\u00f6zfoglalkoztat\u00e1s\u00e1b\u00f3l h\u00e1tral\u00e9v\u0151 id\u0151re kapja meg ut\u00f3lag a havi 45 600 forintot. A korm\u00e1ny ism\u00e9t meghirdeti a \"K\u00f6zfoglalkoztat\u00e1sb\u00f3l versenyszf\u00e9r\u00e1ba programot\", amellyel az ut\u00f3bbi \u00e9vekben t\u00f6bb mint 17 ezer k\u00f6zfoglalkoztatott elhelyezked\u00e9s\u00e9t","inLanguage":"hu-HU","isPartOf":{"@id":"https:\/\/allasorias.hu\/hirek\/#website"},"breadcrumb":{"@id":"https:\/\/allasorias.hu\/hirek\/motivaljak-a-kozalkalmazottakat\/#breadcrumblist"},"author":{"@id":"https:\/\/allasorias.hu\/hirek\/author\/admin-allasorias\/#author"},"creator":{"@id":"https:\/\/allasorias.hu\/hirek\/author\/admin-allasorias\/#author"},"image":{"@type":"ImageObject","url":"https:\/\/allasorias.hu\/hirek\/wp-content\/uploads\/2021\/04\/cheerful-leader-motivating-his-business-team.jpg","@id":"https:\/\/allasorias.hu\/hirek\/motivaljak-a-kozalkalmazottakat\/#mainImage","width":1920,"height":1280,"caption":"Cheerful leader motivating his business team. Handsome young politician telling his plan and showing fist as symbol of power. Positive business people standing in background. Strong company concept"},"primaryImageOfPage":{"@id":"https:\/\/allasorias.hu\/hirek\/motivaljak-a-kozalkalmazottakat\/#mainImage"},"datePublished":"2021-04-12T07:15:34+02:00","dateModified":"2021-04-12T07:15:34+02:00"},{"@type":"WebSite","@id":"https:\/\/allasorias.hu\/hirek\/#website","url":"https:\/\/allasorias.hu\/hirek\/","name":"AllasOrias.hu | H\u00edrek-lapszemle","description":"\u00dczleti h\u00edrek az \u00e1ll\u00e1s \u00e9s a munka vil\u00e1g\u00e1b\u00f3l","inLanguage":"hu-HU","publisher":{"@id":"https:\/\/allasorias.hu\/hirek\/#organization"}}]},"og:locale":"hu_HU","og:site_name":"AllasOrias.hu | H\u00edrek-lapszemle | \u00dczleti h\u00edrek az \u00e1ll\u00e1s \u00e9s a munka vil\u00e1g\u00e1b\u00f3l","og:type":"article","og:title":"Motiv\u00e1lj\u00e1k a k\u00f6zalkalmazottakat | AllasOrias.hu | H\u00edrek-lapszemle","og:description":"A k\u00f6zfoglalkoztat\u00e1si jogviszony id\u0151tartam\u00e1nak lej\u00e1rta el\u0151tt \u00e1ll\u00e1st tal\u00e1l\u00f3k egyfajta b\u00f3nuszk\u00e9nt elhelyezked\u00e9si juttat\u00e1sban r\u00e9szes\u00fclnek. Min\u00e9l hamarabb l\u00e9p ki valaki a k\u00f6zfoglalkoztat\u00e1sb\u00f3l, ann\u00e1l t\u00f6bb t\u00e1mogat\u00e1shoz jut, mivel a k\u00f6zfoglalkoztat\u00e1s\u00e1b\u00f3l h\u00e1tral\u00e9v\u0151 id\u0151re kapja meg ut\u00f3lag a havi 45 600 forintot. A korm\u00e1ny ism\u00e9t meghirdeti a &quot;K\u00f6zfoglalkoztat\u00e1sb\u00f3l versenyszf\u00e9r\u00e1ba programot&quot;, amellyel az ut\u00f3bbi \u00e9vekben t\u00f6bb mint 17 ezer k\u00f6zfoglalkoztatott elhelyezked\u00e9s\u00e9t","og:url":"https:\/\/allasorias.hu\/hirek\/motivaljak-a-kozalkalmazottakat\/","og:image":"https:\/\/allasorias.hu\/hirek\/wp-content\/uploads\/2021\/04\/cheerful-leader-motivating-his-business-team.jpg","og:image:secure_url":"https:\/\/allasorias.hu\/hirek\/wp-content\/uploads\/2021\/04\/cheerful-leader-motivating-his-business-team.jpg","og:image:width":1920,"og:image:height":1280,"article:published_time":"2021-04-12T07:15:34+00:00","article:modified_time":"2021-04-12T07:15:34+00:00","article:publisher":"https:\/\/www.facebook.com\/allasorias","twitter:card":"summary_large_image","twitter:title":"Motiv\u00e1lj\u00e1k a k\u00f6zalkalmazottakat | AllasOrias.hu | H\u00edrek-lapszemle","twitter:description":"A k\u00f6zfoglalkoztat\u00e1si jogviszony id\u0151tartam\u00e1nak lej\u00e1rta el\u0151tt \u00e1ll\u00e1st tal\u00e1l\u00f3k egyfajta b\u00f3nuszk\u00e9nt elhelyezked\u00e9si juttat\u00e1sban r\u00e9szes\u00fclnek. Min\u00e9l hamarabb l\u00e9p ki valaki a k\u00f6zfoglalkoztat\u00e1sb\u00f3l, ann\u00e1l t\u00f6bb t\u00e1mogat\u00e1shoz jut, mivel a k\u00f6zfoglalkoztat\u00e1s\u00e1b\u00f3l h\u00e1tral\u00e9v\u0151 id\u0151re kapja meg ut\u00f3lag a havi 45 600 forintot. A korm\u00e1ny ism\u00e9t meghirdeti a &quot;K\u00f6zfoglalkoztat\u00e1sb\u00f3l versenyszf\u00e9r\u00e1ba programot&quot;, amellyel az ut\u00f3bbi \u00e9vekben t\u00f6bb mint 17 ezer k\u00f6zfoglalkoztatott elhelyezked\u00e9s\u00e9t","twitter:image":"https:\/\/allasorias.hu\/hirek\/wp-content\/uploads\/2021\/04\/cheerful-leader-motivating-his-business-team.jpg","twitter:label1":"Written by","twitter:data1":"Juh\u00e1sz P\u00e9ter","twitter:label2":"Est. reading time","twitter:data2":"3 minutes"},"aioseo_meta_data":{"post_id":"4709","title":null,"description":null,"keywords":[],"keyphrases":{"focus":[],"additional":[]},"primary_term":null,"canonical_url":null,"og_title":null,"og_description":null,"og_object_type":"default","og_image_type":"default","og_image_url":null,"og_image_width":null,"og_image_height":null,"og_image_custom_url":null,"og_image_custom_fields":null,"og_video":"","og_custom_url":null,"og_article_section":null,"og_article_tags":[],"twitter_use_og":false,"twitter_card":"default","twitter_image_type":"default","twitter_image_url":null,"twitter_image_custom_url":null,"twitter_image_custom_fields":null,"twitter_title":null,"twitter_description":null,"schema":{"blockGraphs":[],"customGraphs":[],"default":{"data":{"Article":[],"Course":[],"Dataset":[],"FAQPage":[],"Movie":[],"Person":[],"Product":[],"ProductReview":[],"Car":[],"Recipe":[],"Service":[],"SoftwareApplication":[],"WebPage":[]},"graphName":"","isEnabled":true},"graphs":[],"defaultGraph":"Article","defaultPostTypeGraph":""},"schema_type":"default","schema_type_options":"{\"article\":{\"articleType\":\"BlogPosting\"},\"course\":{\"name\":\"\",\"description\":\"\",\"provider\":\"\"},\"faq\":{\"pages\":[]},\"product\":{\"reviews\":[]},\"recipe\":{\"ingredients\":[],\"instructions\":[],\"keywords\":[]},\"software\":{\"reviews\":[],\"operatingSystems\":[]},\"webPage\":{\"webPageType\":\"WebPage\"}}","pillar_content":false,"robots_default":true,"robots_noindex":false,"robots_noarchive":false,"robots_nosnippet":false,"robots_nofollow":false,"robots_noimageindex":false,"robots_noodp":false,"robots_notranslate":false,"robots_max_snippet":"-1","robots_max_videopreview":"-1","robots_max_imagepreview":"large","priority":null,"frequency":"default","location":null,"local_seo":{"businessInfo":{"name":"","urls":{"website":"","aboutPage":"","contactPage":""},"address":{"line1":"","line2":"","zip":"","city":"","state":"","country":""},"contact":{"email":"","phone":"","fax":""},"ids":{"vatID":"","taxID":"","chamberID":""},"payment":{"priceIndication":"","currenciesAccepted":"","methodsAccepted":""},"areaServed":""},"openingHours":{"show":false,"closedLabel":"","open24h":false,"open24hLabel":"","open247":false,"use24hFormat":false,"twoSets":false,"timezone":"","hours":[]}},"breadcrumb_settings":null,"limit_modified_date":false,"ai":null,"created":"2021-04-12 07:13:03","updated":"2025-10-02 15:34:33","seo_analyzer_scan_date":null,"focus_keyword":null,"additional_keywords":null,"truseo_locale":null},"aioseo_breadcrumb":"<div class=\"aioseo-breadcrumbs\"><span class=\"aioseo-breadcrumb\">\n\t\t\t<a href=\"https:\/\/allasorias.hu\/hirek\" title=\"Home\">Home<\/a>\n\t\t<\/span><span class=\"aioseo-breadcrumb-separator\">&raquo;<\/span><span class=\"aioseo-breadcrumb\">\n\t\t\t<a href=\"https:\/\/allasorias.hu\/hirek\/temak\/munkaeropiac\/\" title=\"Munkaer\u0151piac\">Munkaer\u0151piac<\/a>\n\t\t<\/span><span class=\"aioseo-breadcrumb-separator\">&raquo;<\/span><span class=\"aioseo-breadcrumb\">\n\t\t\tMotiv\u00e1lj\u00e1k a k\u00f6zalkalmazottakat\n\t\t<\/span><\/div>","aioseo_breadcrumb_json":[{"label":"Home","link":"https:\/\/allasorias.hu\/hirek"},{"label":"Munkaer\u0151piac","link":"https:\/\/allasorias.hu\/hirek\/temak\/munkaeropiac\/"},{"label":"Motiv\u00e1lj\u00e1k a k\u00f6zalkalmazottakat","link":"https:\/\/allasorias.hu\/hirek\/motivaljak-a-kozalkalmazottakat\/"}],"_links":{"self":[{"href":"https:\/\/allasorias.hu\/hirek\/wp-json\/wp\/v2\/posts\/4709","targetHints":{"allow":["GET"]}}],"collection":[{"href":"https:\/\/allasorias.hu\/hirek\/wp-json\/wp\/v2\/posts"}],"about":[{"href":"https:\/\/allasorias.hu\/hirek\/wp-json\/wp\/v2\/types\/post"}],"author":[{"embeddable":true,"href":"https:\/\/allasorias.hu\/hirek\/wp-json\/wp\/v2\/users\/1"}],"replies":[{"embeddable":true,"href":"https:\/\/allasorias.hu\/hirek\/wp-json\/wp\/v2\/comments?post=4709"}],"version-history":[{"count":1,"href":"https:\/\/allasorias.hu\/hirek\/wp-json\/wp\/v2\/posts\/4709\/revisions"}],"predecessor-version":[{"id":4711,"href":"https:\/\/allasorias.hu\/hirek\/wp-json\/wp\/v2\/posts\/4709\/revisions\/4711"}],"wp:featuredmedia":[{"embeddable":true,"href":"https:\/\/allasorias.hu\/hirek\/wp-json\/wp\/v2\/media\/4710"}],"wp:attachment":[{"href":"https:\/\/allasorias.hu\/hirek\/wp-json\/wp\/v2\/media?parent=4709"}],"wp:term":[{"taxonomy":"category","embeddable":true,"href":"https:\/\/allasorias.hu\/hirek\/wp-json\/wp\/v2\/categories?post=4709"},{"taxonomy":"post_tag","embeddable":true,"href":"https:\/\/allasorias.hu\/hirek\/wp-json\/wp\/v2\/tags?post=4709"}],"curies":[{"name":"wp","href":"https:\/\/api.w.org\/{rel}","templated":true}]}}