{"id":4694,"date":"2021-04-06T08:25:17","date_gmt":"2021-04-06T08:25:17","guid":{"rendered":"https:\/\/allasorias.hu\/hirek\/?p=4694"},"modified":"2021-04-06T08:25:17","modified_gmt":"2021-04-06T08:25:17","slug":"nott-a-megvaltozott-kepesseguek-foglalkoztatasa","status":"publish","type":"post","link":"https:\/\/allasorias.hu\/hirek\/nott-a-megvaltozott-kepesseguek-foglalkoztatasa\/","title":{"rendered":"N\u0151tt a megv\u00e1ltozott k\u00e9pess\u00e9g\u0171ek foglalkoztat\u00e1sa"},"content":{"rendered":"<p><strong>Az idei \u00e9v els\u0151 negyed\u00e9v\u00e9ben k\u00e9t \u00e9s f\u00e9lszer annyi \u00e1ll\u00e1skeres\u0151 megv\u00e1ltozott munkak\u00e9pess\u00e9g\u0171\u00a0 szem\u00e9ly regisztr\u00e1lt, mint tavaly ilyenkor, \u00e9s a sikeres elhelyez\u00e9sek sz\u00e1ma is csaknem a dupl\u00e1j\u00e1ra emelkedett. Az \u00e9v elej\u00e9n elt\u00f6r\u00f6lt\u00e9k a megv\u00e1ltozott munkak\u00e9pess\u00e9g\u0171 szem\u00e9lyek ell\u00e1t\u00e1saiban r\u00e9szes\u00fcl\u0151knek a minim\u00e1lb\u00e9r 150 sz\u00e1zal\u00e9k\u00e1t kitev\u0151 kereseti korl\u00e1tj\u00e1t, ami m\u00e1ris \u00e9rezteti hat\u00e1s\u00e1t a munkaer\u0151piacon &#8211; adta h\u00edr\u00fcl a Trenkwalder munkaer\u0151piaci szolg\u00e1ltat\u00f3 c\u00e9g.<\/strong><\/p>\n<p>A t\u00e1rsas\u00e1g adatb\u00e1zis\u00e1ba 2021 els\u0151 negyed\u00e9v\u00e9benk\u00e9t \u00e9s f\u00e9lszer annyi \u00e1ll\u00e1skeres\u0151 megv\u00e1ltozott munkak\u00e9pess\u00e9g\u0171 (mmk) szem\u00e9ly regisztr\u00e1lt, mint tavaly ilyenkor, \u00e9s a sikeres elhelyez\u00e9sek sz\u00e1ma is csaknem a dupl\u00e1j\u00e1ra emelkedett. A kor\u00e1bbi szab\u00e1lyoz\u00e1s \u00e9rtelm\u00e9ben csak az kaphatott rokkants\u00e1gi vagy rehabilit\u00e1ci\u00f3s ell\u00e1t\u00e1st, akinek munkaviszonyb\u00f3l sz\u00e1rmaz\u00f3 havi brutt\u00f3 keresete h\u00e1rom egym\u00e1st k\u00f6vet\u0151 h\u00f3napban nem haladta meg a minim\u00e1lb\u00e9r 150 sz\u00e1zal\u00e9k\u00e1t &#8211; ez 2020-ban 241,5 ezer forint volt. A kereseti plafon janu\u00e1r elsej\u00e9t\u0151l megsz\u0171nt, ami m\u00e1ris jelent\u0151s v\u00e1ltoz\u00e1sokat eredm\u00e9nyezett a munkaer\u0151piacon. B\u00e1r a k\u00edn\u00e1lt poz\u00edci\u00f3k sz\u00e1ma tavalyhoz k\u00e9pest nem v\u00e1ltozott l\u00e9nyegesen, a sikeres elhelyez\u00e9sek sz\u00e1ma is csaknem megdupl\u00e1z\u00f3dott tavalyhoz k\u00e9pest. Mivel a Covid-j\u00e1rv\u00e1ny kiemelten fenyegeti, ez\u00e9rt tov\u00e1bbra is t\u00e1vol tartja a munkaer\u0151piacr\u00f3l a megv\u00e1ltozott munkak\u00e9pess\u00e9g\u0171ek egy jelent\u0151s csoportj\u00e1t, a j\u00e1rv\u00e1ny csillapod\u00e1s\u00e1t k\u00f6vet\u0151en az mmk munkav\u00e1llal\u00f3k aktivit\u00e1s\u00e1nak tov\u00e1bbi n\u00f6veked\u00e9s\u00e9re sz\u00e1m\u00edtunk &#8211; mondta N\u00f3gr\u00e1di J\u00f3zsef, a Trenkwalder kereskedelmi igazgat\u00f3ja. A KSH adatai szerint Magyarorsz\u00e1gon 2019-ben 315 ezer volt az ell\u00e1t\u00e1st kap\u00f3 megv\u00e1ltozott munkak\u00e9pess\u00e9g\u0171ek sz\u00e1ma. Mintegy 8500 olyan 25 f\u0151 feletti l\u00e9tsz\u00e1m\u00fa c\u00e9g van Magyarorsz\u00e1gon, amelyek k\u00f6z\u00fcl\u00fck alkalmaznak munkav\u00e1llal\u00f3kat.E munk\u00e1ltat\u00f3k ezent\u00fal gond n\u00e9lk\u00fcl megemelhetik a megv\u00e1ltozott munkak\u00e9pess\u00e9g\u0171 munkav\u00e1llal\u00f3k b\u00e9r\u00e9t, s\u0151t pr\u00e9miumban, b\u00f3nuszban r\u00e9szes\u00edthetik \u0151ket ak\u00e1r havi rendszeress\u00e9ggel, mert m\u00e1r nem kell sz\u00e1molniuk azzal, hogy a plusz j\u00f6vedelem miatt munkav\u00e1llal\u00f3ik elesnek az ell\u00e1t\u00e1st\u00f3l. Ugyanakkor azok az \u00fczemek, amelyek a mesters\u00e9gesen lenyomott b\u00e9rszintet kihaszn\u00e1lva a piaci \u00e1r alatt dolgoztak be a megrendel\u0151iknek, most k\u00e9nytelenek lesznek b\u00e9rt emelni, ha szeretn\u00e9k megtartani a munkaer\u0151t \u00e9s piaci poz\u00edci\u00f3ikat is.A munk\u00e1ltat\u00f3k sz\u00e1m\u00e1ra a megv\u00e1ltozott munkak\u00e9pess\u00e9g\u0171ek foglalkoztat\u00e1s\u00e1ra vonatkoz\u00f3 legnagyobb anyagi \u00f6szt\u00f6nz\u00e9st hossz\u00fa \u00e9vek \u00f3ta a rehabilit\u00e1ci\u00f3s hozz\u00e1j\u00e1rul\u00e1s jelenti. Ha ugyanis egy 25 f\u0151n\u00e9l nagyobb l\u00e9tsz\u00e1mmal m\u0171k\u00f6d\u0151 t\u00e1rsas\u00e1g a teljes munkaer\u0151-\u00e1llom\u00e1ny\u00e1nak legal\u00e1bb 5 sz\u00e1zal\u00e9k\u00e1t nem t\u00f6lti fel megv\u00e1ltozott munkak\u00e9pess\u00e9g\u0171 munkat\u00e1rsakkal, a hi\u00e1nyz\u00f3 l\u00e9tsz\u00e1m ut\u00e1n munkav\u00e1llal\u00f3nk\u00e9nt rehabilit\u00e1ci\u00f3s hozz\u00e1j\u00e1rul\u00e1st kell fizetnie. Ez az \u00f6sszeg jelenleg 1,449 milli\u00f3 forint.<\/p>\n<p>&nbsp;<\/p>\n<p>Forr\u00e1s: napi.hu, szakszervezetek.hu<\/p>\n","protected":false},"excerpt":{"rendered":"<p>Az idei \u00e9v els\u0151 negyed\u00e9v\u00e9ben k\u00e9t \u00e9s f\u00e9lszer annyi \u00e1ll\u00e1skeres\u0151 megv\u00e1ltozott munkak\u00e9pess\u00e9g\u0171\u00a0 szem\u00e9ly regisztr\u00e1lt, mint tavaly ilyenkor, \u00e9s a sikeres elhelyez\u00e9sek sz\u00e1ma is csaknem a dupl\u00e1j\u00e1ra emelkedett. Az \u00e9v elej\u00e9n elt\u00f6r\u00f6lt\u00e9k a megv\u00e1ltozott munkak\u00e9pess\u00e9g\u0171 szem\u00e9lyek ell\u00e1t\u00e1saiban r\u00e9szes\u00fcl\u0151knek a minim\u00e1lb\u00e9r 150 sz\u00e1zal\u00e9k\u00e1t kitev\u0151 kereseti korl\u00e1tj\u00e1t, ami m\u00e1ris \u00e9rezteti hat\u00e1s\u00e1t a munkaer\u0151piacon &#8211; adta h\u00edr\u00fcl a Trenkwalder [&hellip;]<\/p>\n","protected":false},"author":1,"featured_media":2263,"comment_status":"open","ping_status":"open","sticky":false,"template":"","format":"standard","meta":{"_monsterinsights_skip_tracking":false,"footnotes":""},"categories":[200],"tags":[],"class_list":["post-4694","post","type-post","status-publish","format-standard","has-post-thumbnail","hentry","category-munkaeropiac"],"aioseo_notices":[],"aioseo_head":"\n\t\t<!-- All in One SEO 5.0.0.1 - aioseo.com -->\n\t<meta name=\"description\" content=\"Az idei \u00e9v els\u0151 negyed\u00e9v\u00e9ben k\u00e9t \u00e9s f\u00e9lszer annyi \u00e1ll\u00e1skeres\u0151 megv\u00e1ltozott munkak\u00e9pess\u00e9g\u0171 szem\u00e9ly regisztr\u00e1lt, mint tavaly ilyenkor, \u00e9s a sikeres elhelyez\u00e9sek sz\u00e1ma is csaknem a dupl\u00e1j\u00e1ra emelkedett. Az \u00e9v elej\u00e9n elt\u00f6r\u00f6lt\u00e9k a megv\u00e1ltozott munkak\u00e9pess\u00e9g\u0171 szem\u00e9lyek ell\u00e1t\u00e1saiban r\u00e9szes\u00fcl\u0151knek a minim\u00e1lb\u00e9r 150 sz\u00e1zal\u00e9k\u00e1t kitev\u0151 kereseti korl\u00e1tj\u00e1t, ami m\u00e1ris \u00e9rezteti hat\u00e1s\u00e1t a munkaer\u0151piacon - adta h\u00edr\u00fcl a Trenkwalder\" \/>\n\t<meta name=\"robots\" content=\"max-image-preview:large\" \/>\n\t<meta name=\"author\" content=\"Juh\u00e1sz P\u00e9ter\"\/>\n\t<link rel=\"canonical\" href=\"https:\/\/allasorias.hu\/hirek\/nott-a-megvaltozott-kepesseguek-foglalkoztatasa\/\" \/>\n\t<meta name=\"generator\" content=\"All in One SEO (AIOSEO) 5.0.0.1\" \/>\n\t\t<meta property=\"og:locale\" content=\"hu_HU\" \/>\n\t\t<meta property=\"og:site_name\" content=\"AllasOrias.hu | H\u00edrek-lapszemle | \u00dczleti h\u00edrek az \u00e1ll\u00e1s \u00e9s a munka vil\u00e1g\u00e1b\u00f3l\" \/>\n\t\t<meta property=\"og:type\" content=\"article\" \/>\n\t\t<meta property=\"og:title\" content=\"N\u0151tt a megv\u00e1ltozott k\u00e9pess\u00e9g\u0171ek foglalkoztat\u00e1sa | AllasOrias.hu | H\u00edrek-lapszemle\" \/>\n\t\t<meta property=\"og:description\" content=\"Az idei \u00e9v els\u0151 negyed\u00e9v\u00e9ben k\u00e9t \u00e9s f\u00e9lszer annyi \u00e1ll\u00e1skeres\u0151 megv\u00e1ltozott munkak\u00e9pess\u00e9g\u0171 szem\u00e9ly regisztr\u00e1lt, mint tavaly ilyenkor, \u00e9s a sikeres elhelyez\u00e9sek sz\u00e1ma is csaknem a dupl\u00e1j\u00e1ra emelkedett. Az \u00e9v elej\u00e9n elt\u00f6r\u00f6lt\u00e9k a megv\u00e1ltozott munkak\u00e9pess\u00e9g\u0171 szem\u00e9lyek ell\u00e1t\u00e1saiban r\u00e9szes\u00fcl\u0151knek a minim\u00e1lb\u00e9r 150 sz\u00e1zal\u00e9k\u00e1t kitev\u0151 kereseti korl\u00e1tj\u00e1t, ami m\u00e1ris \u00e9rezteti hat\u00e1s\u00e1t a munkaer\u0151piacon - adta h\u00edr\u00fcl a Trenkwalder\" \/>\n\t\t<meta property=\"og:url\" content=\"https:\/\/allasorias.hu\/hirek\/nott-a-megvaltozott-kepesseguek-foglalkoztatasa\/\" \/>\n\t\t<meta property=\"og:image\" content=\"https:\/\/allasorias.hu\/hirek\/wp-content\/uploads\/2018\/12\/disabled-2199122_640.jpg\" \/>\n\t\t<meta property=\"og:image:secure_url\" content=\"https:\/\/allasorias.hu\/hirek\/wp-content\/uploads\/2018\/12\/disabled-2199122_640.jpg\" \/>\n\t\t<meta property=\"og:image:width\" content=\"640\" \/>\n\t\t<meta property=\"og:image:height\" content=\"425\" \/>\n\t\t<meta property=\"article:published_time\" content=\"2021-04-06T08:25:17+00:00\" \/>\n\t\t<meta property=\"article:modified_time\" content=\"2021-04-06T08:25:17+00:00\" \/>\n\t\t<meta property=\"article:publisher\" content=\"https:\/\/www.facebook.com\/allasorias\" \/>\n\t\t<meta name=\"twitter:card\" content=\"summary_large_image\" \/>\n\t\t<meta name=\"twitter:title\" content=\"N\u0151tt a megv\u00e1ltozott k\u00e9pess\u00e9g\u0171ek foglalkoztat\u00e1sa | AllasOrias.hu | H\u00edrek-lapszemle\" \/>\n\t\t<meta name=\"twitter:description\" content=\"Az idei \u00e9v els\u0151 negyed\u00e9v\u00e9ben k\u00e9t \u00e9s f\u00e9lszer annyi \u00e1ll\u00e1skeres\u0151 megv\u00e1ltozott munkak\u00e9pess\u00e9g\u0171 szem\u00e9ly regisztr\u00e1lt, mint tavaly ilyenkor, \u00e9s a sikeres elhelyez\u00e9sek sz\u00e1ma is csaknem a dupl\u00e1j\u00e1ra emelkedett. Az \u00e9v elej\u00e9n elt\u00f6r\u00f6lt\u00e9k a megv\u00e1ltozott munkak\u00e9pess\u00e9g\u0171 szem\u00e9lyek ell\u00e1t\u00e1saiban r\u00e9szes\u00fcl\u0151knek a minim\u00e1lb\u00e9r 150 sz\u00e1zal\u00e9k\u00e1t kitev\u0151 kereseti korl\u00e1tj\u00e1t, ami m\u00e1ris \u00e9rezteti hat\u00e1s\u00e1t a munkaer\u0151piacon - adta h\u00edr\u00fcl a Trenkwalder\" \/>\n\t\t<meta name=\"twitter:image\" content=\"https:\/\/allasorias.hu\/hirek\/wp-content\/uploads\/2018\/12\/disabled-2199122_640.jpg\" \/>\n\t\t<meta name=\"twitter:label1\" content=\"Written by\" \/>\n\t\t<meta name=\"twitter:data1\" content=\"Juh\u00e1sz P\u00e9ter\" \/>\n\t\t<meta name=\"twitter:label2\" content=\"Est. reading time\" \/>\n\t\t<meta name=\"twitter:data2\" content=\"3 minutes\" \/>\n\t\t<script type=\"application\/ld+json\" class=\"aioseo-schema\">\n\t\t\t{\"@context\":\"https:\\\/\\\/schema.org\",\"@graph\":[{\"@type\":\"Article\",\"@id\":\"https:\\\/\\\/allasorias.hu\\\/hirek\\\/nott-a-megvaltozott-kepesseguek-foglalkoztatasa\\\/#article\",\"name\":\"N\\u0151tt a megv\\u00e1ltozott k\\u00e9pess\\u00e9g\\u0171ek foglalkoztat\\u00e1sa | AllasOrias.hu | H\\u00edrek-lapszemle\",\"headline\":\"N\\u0151tt a megv\\u00e1ltozott k\\u00e9pess\\u00e9g\\u0171ek foglalkoztat\\u00e1sa\",\"author\":{\"@id\":\"https:\\\/\\\/allasorias.hu\\\/hirek\\\/author\\\/admin-allasorias\\\/#author\"},\"publisher\":{\"@id\":\"https:\\\/\\\/allasorias.hu\\\/hirek\\\/#organization\"},\"image\":{\"@type\":\"ImageObject\",\"url\":\"https:\\\/\\\/allasorias.hu\\\/hirek\\\/wp-content\\\/uploads\\\/2018\\\/12\\\/disabled-2199122_640.jpg\",\"width\":640,\"height\":425},\"datePublished\":\"2021-04-06T08:25:17+02:00\",\"dateModified\":\"2021-04-06T08:25:17+02:00\",\"inLanguage\":\"hu-HU\",\"mainEntityOfPage\":{\"@id\":\"https:\\\/\\\/allasorias.hu\\\/hirek\\\/nott-a-megvaltozott-kepesseguek-foglalkoztatasa\\\/#webpage\"},\"isPartOf\":{\"@id\":\"https:\\\/\\\/allasorias.hu\\\/hirek\\\/nott-a-megvaltozott-kepesseguek-foglalkoztatasa\\\/#webpage\"},\"articleSection\":\"Munkaer\\u0151piac\"},{\"@type\":\"BreadcrumbList\",\"@id\":\"https:\\\/\\\/allasorias.hu\\\/hirek\\\/nott-a-megvaltozott-kepesseguek-foglalkoztatasa\\\/#breadcrumblist\",\"itemListElement\":[{\"@type\":\"ListItem\",\"@id\":\"https:\\\/\\\/allasorias.hu\\\/hirek#listItem\",\"position\":1,\"name\":\"Home\",\"item\":\"https:\\\/\\\/allasorias.hu\\\/hirek\",\"nextItem\":{\"@type\":\"ListItem\",\"@id\":\"https:\\\/\\\/allasorias.hu\\\/hirek\\\/temak\\\/munkaeropiac\\\/#listItem\",\"name\":\"Munkaer\\u0151piac\"}},{\"@type\":\"ListItem\",\"@id\":\"https:\\\/\\\/allasorias.hu\\\/hirek\\\/temak\\\/munkaeropiac\\\/#listItem\",\"position\":2,\"name\":\"Munkaer\\u0151piac\",\"item\":\"https:\\\/\\\/allasorias.hu\\\/hirek\\\/temak\\\/munkaeropiac\\\/\",\"nextItem\":{\"@type\":\"ListItem\",\"@id\":\"https:\\\/\\\/allasorias.hu\\\/hirek\\\/nott-a-megvaltozott-kepesseguek-foglalkoztatasa\\\/#listItem\",\"name\":\"N\\u0151tt a megv\\u00e1ltozott k\\u00e9pess\\u00e9g\\u0171ek foglalkoztat\\u00e1sa\"},\"previousItem\":{\"@type\":\"ListItem\",\"@id\":\"https:\\\/\\\/allasorias.hu\\\/hirek#listItem\",\"name\":\"Home\"}},{\"@type\":\"ListItem\",\"@id\":\"https:\\\/\\\/allasorias.hu\\\/hirek\\\/nott-a-megvaltozott-kepesseguek-foglalkoztatasa\\\/#listItem\",\"position\":3,\"name\":\"N\\u0151tt a megv\\u00e1ltozott k\\u00e9pess\\u00e9g\\u0171ek foglalkoztat\\u00e1sa\",\"previousItem\":{\"@type\":\"ListItem\",\"@id\":\"https:\\\/\\\/allasorias.hu\\\/hirek\\\/temak\\\/munkaeropiac\\\/#listItem\",\"name\":\"Munkaer\\u0151piac\"}}]},{\"@type\":\"Organization\",\"@id\":\"https:\\\/\\\/allasorias.hu\\\/hirek\\\/#organization\",\"name\":\"AllasOrias.hu | H\\u00edrek-lapszemle\",\"description\":\"\\u00dczleti h\\u00edrek az \\u00e1ll\\u00e1s \\u00e9s a munka vil\\u00e1g\\u00e1b\\u00f3l\",\"url\":\"https:\\\/\\\/allasorias.hu\\\/hirek\\\/\",\"logo\":{\"@type\":\"ImageObject\",\"url\":\"https:\\\/\\\/allasorias.hu\\\/hirek\\\/wp-content\\\/uploads\\\/2022\\\/10\\\/allasorias_site_facebok_logo.png\",\"@id\":\"https:\\\/\\\/allasorias.hu\\\/hirek\\\/nott-a-megvaltozott-kepesseguek-foglalkoztatasa\\\/#organizationLogo\"},\"image\":{\"@id\":\"https:\\\/\\\/allasorias.hu\\\/hirek\\\/nott-a-megvaltozott-kepesseguek-foglalkoztatasa\\\/#organizationLogo\"},\"sameAs\":[\"https:\\\/\\\/www.facebook.com\\\/allasorias\",\"https:\\\/\\\/www.linkedin.com\\\/company\\\/allasorias\"]},{\"@type\":\"Person\",\"@id\":\"https:\\\/\\\/allasorias.hu\\\/hirek\\\/author\\\/admin-allasorias\\\/#author\",\"url\":\"https:\\\/\\\/allasorias.hu\\\/hirek\\\/author\\\/admin-allasorias\\\/\",\"name\":\"Juh\\u00e1sz P\\u00e9ter\",\"image\":{\"@type\":\"ImageObject\",\"@id\":\"https:\\\/\\\/allasorias.hu\\\/hirek\\\/nott-a-megvaltozott-kepesseguek-foglalkoztatasa\\\/#authorImage\",\"url\":\"https:\\\/\\\/secure.gravatar.com\\\/avatar\\\/36e6bcb83148978b992977cb0f54d22feb0cce8a0a849a9410532bb2623ba4c6?s=96&d=mm&r=g\",\"width\":96,\"height\":96,\"caption\":\"Juh\\u00e1sz P\\u00e9ter\"}},{\"@type\":\"WebPage\",\"@id\":\"https:\\\/\\\/allasorias.hu\\\/hirek\\\/nott-a-megvaltozott-kepesseguek-foglalkoztatasa\\\/#webpage\",\"url\":\"https:\\\/\\\/allasorias.hu\\\/hirek\\\/nott-a-megvaltozott-kepesseguek-foglalkoztatasa\\\/\",\"name\":\"N\\u0151tt a megv\\u00e1ltozott k\\u00e9pess\\u00e9g\\u0171ek foglalkoztat\\u00e1sa | AllasOrias.hu | H\\u00edrek-lapszemle\",\"description\":\"Az idei \\u00e9v els\\u0151 negyed\\u00e9v\\u00e9ben k\\u00e9t \\u00e9s f\\u00e9lszer annyi \\u00e1ll\\u00e1skeres\\u0151 megv\\u00e1ltozott munkak\\u00e9pess\\u00e9g\\u0171 szem\\u00e9ly regisztr\\u00e1lt, mint tavaly ilyenkor, \\u00e9s a sikeres elhelyez\\u00e9sek sz\\u00e1ma is csaknem a dupl\\u00e1j\\u00e1ra emelkedett. Az \\u00e9v elej\\u00e9n elt\\u00f6r\\u00f6lt\\u00e9k a megv\\u00e1ltozott munkak\\u00e9pess\\u00e9g\\u0171 szem\\u00e9lyek ell\\u00e1t\\u00e1saiban r\\u00e9szes\\u00fcl\\u0151knek a minim\\u00e1lb\\u00e9r 150 sz\\u00e1zal\\u00e9k\\u00e1t kitev\\u0151 kereseti korl\\u00e1tj\\u00e1t, ami m\\u00e1ris \\u00e9rezteti hat\\u00e1s\\u00e1t a munkaer\\u0151piacon - adta h\\u00edr\\u00fcl a Trenkwalder\",\"inLanguage\":\"hu-HU\",\"isPartOf\":{\"@id\":\"https:\\\/\\\/allasorias.hu\\\/hirek\\\/#website\"},\"breadcrumb\":{\"@id\":\"https:\\\/\\\/allasorias.hu\\\/hirek\\\/nott-a-megvaltozott-kepesseguek-foglalkoztatasa\\\/#breadcrumblist\"},\"author\":{\"@id\":\"https:\\\/\\\/allasorias.hu\\\/hirek\\\/author\\\/admin-allasorias\\\/#author\"},\"creator\":{\"@id\":\"https:\\\/\\\/allasorias.hu\\\/hirek\\\/author\\\/admin-allasorias\\\/#author\"},\"image\":{\"@type\":\"ImageObject\",\"url\":\"https:\\\/\\\/allasorias.hu\\\/hirek\\\/wp-content\\\/uploads\\\/2018\\\/12\\\/disabled-2199122_640.jpg\",\"@id\":\"https:\\\/\\\/allasorias.hu\\\/hirek\\\/nott-a-megvaltozott-kepesseguek-foglalkoztatasa\\\/#mainImage\",\"width\":640,\"height\":425},\"primaryImageOfPage\":{\"@id\":\"https:\\\/\\\/allasorias.hu\\\/hirek\\\/nott-a-megvaltozott-kepesseguek-foglalkoztatasa\\\/#mainImage\"},\"datePublished\":\"2021-04-06T08:25:17+02:00\",\"dateModified\":\"2021-04-06T08:25:17+02:00\"},{\"@type\":\"WebSite\",\"@id\":\"https:\\\/\\\/allasorias.hu\\\/hirek\\\/#website\",\"url\":\"https:\\\/\\\/allasorias.hu\\\/hirek\\\/\",\"name\":\"AllasOrias.hu | H\\u00edrek-lapszemle\",\"description\":\"\\u00dczleti h\\u00edrek az \\u00e1ll\\u00e1s \\u00e9s a munka vil\\u00e1g\\u00e1b\\u00f3l\",\"inLanguage\":\"hu-HU\",\"publisher\":{\"@id\":\"https:\\\/\\\/allasorias.hu\\\/hirek\\\/#organization\"}}]}\n\t\t<\/script>\n\t\t<!-- All in One SEO -->\n\n","aioseo_head_json":{"title":"N\u0151tt a megv\u00e1ltozott k\u00e9pess\u00e9g\u0171ek foglalkoztat\u00e1sa | AllasOrias.hu | H\u00edrek-lapszemle","description":"Az idei \u00e9v els\u0151 negyed\u00e9v\u00e9ben k\u00e9t \u00e9s f\u00e9lszer annyi \u00e1ll\u00e1skeres\u0151 megv\u00e1ltozott munkak\u00e9pess\u00e9g\u0171 szem\u00e9ly regisztr\u00e1lt, mint tavaly ilyenkor, \u00e9s a sikeres elhelyez\u00e9sek sz\u00e1ma is csaknem a dupl\u00e1j\u00e1ra emelkedett. Az \u00e9v elej\u00e9n elt\u00f6r\u00f6lt\u00e9k a megv\u00e1ltozott munkak\u00e9pess\u00e9g\u0171 szem\u00e9lyek ell\u00e1t\u00e1saiban r\u00e9szes\u00fcl\u0151knek a minim\u00e1lb\u00e9r 150 sz\u00e1zal\u00e9k\u00e1t kitev\u0151 kereseti korl\u00e1tj\u00e1t, ami m\u00e1ris \u00e9rezteti hat\u00e1s\u00e1t a munkaer\u0151piacon - adta h\u00edr\u00fcl a Trenkwalder","canonical_url":"https:\/\/allasorias.hu\/hirek\/nott-a-megvaltozott-kepesseguek-foglalkoztatasa\/","robots":"max-image-preview:large","keywords":"","webmasterTools":{"miscellaneous":""},"schema":{"@context":"https:\/\/schema.org","@graph":[{"@type":"Article","@id":"https:\/\/allasorias.hu\/hirek\/nott-a-megvaltozott-kepesseguek-foglalkoztatasa\/#article","name":"N\u0151tt a megv\u00e1ltozott k\u00e9pess\u00e9g\u0171ek foglalkoztat\u00e1sa | AllasOrias.hu | H\u00edrek-lapszemle","headline":"N\u0151tt a megv\u00e1ltozott k\u00e9pess\u00e9g\u0171ek foglalkoztat\u00e1sa","author":{"@id":"https:\/\/allasorias.hu\/hirek\/author\/admin-allasorias\/#author"},"publisher":{"@id":"https:\/\/allasorias.hu\/hirek\/#organization"},"image":{"@type":"ImageObject","url":"https:\/\/allasorias.hu\/hirek\/wp-content\/uploads\/2018\/12\/disabled-2199122_640.jpg","width":640,"height":425},"datePublished":"2021-04-06T08:25:17+02:00","dateModified":"2021-04-06T08:25:17+02:00","inLanguage":"hu-HU","mainEntityOfPage":{"@id":"https:\/\/allasorias.hu\/hirek\/nott-a-megvaltozott-kepesseguek-foglalkoztatasa\/#webpage"},"isPartOf":{"@id":"https:\/\/allasorias.hu\/hirek\/nott-a-megvaltozott-kepesseguek-foglalkoztatasa\/#webpage"},"articleSection":"Munkaer\u0151piac"},{"@type":"BreadcrumbList","@id":"https:\/\/allasorias.hu\/hirek\/nott-a-megvaltozott-kepesseguek-foglalkoztatasa\/#breadcrumblist","itemListElement":[{"@type":"ListItem","@id":"https:\/\/allasorias.hu\/hirek#listItem","position":1,"name":"Home","item":"https:\/\/allasorias.hu\/hirek","nextItem":{"@type":"ListItem","@id":"https:\/\/allasorias.hu\/hirek\/temak\/munkaeropiac\/#listItem","name":"Munkaer\u0151piac"}},{"@type":"ListItem","@id":"https:\/\/allasorias.hu\/hirek\/temak\/munkaeropiac\/#listItem","position":2,"name":"Munkaer\u0151piac","item":"https:\/\/allasorias.hu\/hirek\/temak\/munkaeropiac\/","nextItem":{"@type":"ListItem","@id":"https:\/\/allasorias.hu\/hirek\/nott-a-megvaltozott-kepesseguek-foglalkoztatasa\/#listItem","name":"N\u0151tt a megv\u00e1ltozott k\u00e9pess\u00e9g\u0171ek foglalkoztat\u00e1sa"},"previousItem":{"@type":"ListItem","@id":"https:\/\/allasorias.hu\/hirek#listItem","name":"Home"}},{"@type":"ListItem","@id":"https:\/\/allasorias.hu\/hirek\/nott-a-megvaltozott-kepesseguek-foglalkoztatasa\/#listItem","position":3,"name":"N\u0151tt a megv\u00e1ltozott k\u00e9pess\u00e9g\u0171ek foglalkoztat\u00e1sa","previousItem":{"@type":"ListItem","@id":"https:\/\/allasorias.hu\/hirek\/temak\/munkaeropiac\/#listItem","name":"Munkaer\u0151piac"}}]},{"@type":"Organization","@id":"https:\/\/allasorias.hu\/hirek\/#organization","name":"AllasOrias.hu | H\u00edrek-lapszemle","description":"\u00dczleti h\u00edrek az \u00e1ll\u00e1s \u00e9s a munka vil\u00e1g\u00e1b\u00f3l","url":"https:\/\/allasorias.hu\/hirek\/","logo":{"@type":"ImageObject","url":"https:\/\/allasorias.hu\/hirek\/wp-content\/uploads\/2022\/10\/allasorias_site_facebok_logo.png","@id":"https:\/\/allasorias.hu\/hirek\/nott-a-megvaltozott-kepesseguek-foglalkoztatasa\/#organizationLogo"},"image":{"@id":"https:\/\/allasorias.hu\/hirek\/nott-a-megvaltozott-kepesseguek-foglalkoztatasa\/#organizationLogo"},"sameAs":["https:\/\/www.facebook.com\/allasorias","https:\/\/www.linkedin.com\/company\/allasorias"]},{"@type":"Person","@id":"https:\/\/allasorias.hu\/hirek\/author\/admin-allasorias\/#author","url":"https:\/\/allasorias.hu\/hirek\/author\/admin-allasorias\/","name":"Juh\u00e1sz P\u00e9ter","image":{"@type":"ImageObject","@id":"https:\/\/allasorias.hu\/hirek\/nott-a-megvaltozott-kepesseguek-foglalkoztatasa\/#authorImage","url":"https:\/\/secure.gravatar.com\/avatar\/36e6bcb83148978b992977cb0f54d22feb0cce8a0a849a9410532bb2623ba4c6?s=96&d=mm&r=g","width":96,"height":96,"caption":"Juh\u00e1sz P\u00e9ter"}},{"@type":"WebPage","@id":"https:\/\/allasorias.hu\/hirek\/nott-a-megvaltozott-kepesseguek-foglalkoztatasa\/#webpage","url":"https:\/\/allasorias.hu\/hirek\/nott-a-megvaltozott-kepesseguek-foglalkoztatasa\/","name":"N\u0151tt a megv\u00e1ltozott k\u00e9pess\u00e9g\u0171ek foglalkoztat\u00e1sa | AllasOrias.hu | H\u00edrek-lapszemle","description":"Az idei \u00e9v els\u0151 negyed\u00e9v\u00e9ben k\u00e9t \u00e9s f\u00e9lszer annyi \u00e1ll\u00e1skeres\u0151 megv\u00e1ltozott munkak\u00e9pess\u00e9g\u0171 szem\u00e9ly regisztr\u00e1lt, mint tavaly ilyenkor, \u00e9s a sikeres elhelyez\u00e9sek sz\u00e1ma is csaknem a dupl\u00e1j\u00e1ra emelkedett. Az \u00e9v elej\u00e9n elt\u00f6r\u00f6lt\u00e9k a megv\u00e1ltozott munkak\u00e9pess\u00e9g\u0171 szem\u00e9lyek ell\u00e1t\u00e1saiban r\u00e9szes\u00fcl\u0151knek a minim\u00e1lb\u00e9r 150 sz\u00e1zal\u00e9k\u00e1t kitev\u0151 kereseti korl\u00e1tj\u00e1t, ami m\u00e1ris \u00e9rezteti hat\u00e1s\u00e1t a munkaer\u0151piacon - adta h\u00edr\u00fcl a Trenkwalder","inLanguage":"hu-HU","isPartOf":{"@id":"https:\/\/allasorias.hu\/hirek\/#website"},"breadcrumb":{"@id":"https:\/\/allasorias.hu\/hirek\/nott-a-megvaltozott-kepesseguek-foglalkoztatasa\/#breadcrumblist"},"author":{"@id":"https:\/\/allasorias.hu\/hirek\/author\/admin-allasorias\/#author"},"creator":{"@id":"https:\/\/allasorias.hu\/hirek\/author\/admin-allasorias\/#author"},"image":{"@type":"ImageObject","url":"https:\/\/allasorias.hu\/hirek\/wp-content\/uploads\/2018\/12\/disabled-2199122_640.jpg","@id":"https:\/\/allasorias.hu\/hirek\/nott-a-megvaltozott-kepesseguek-foglalkoztatasa\/#mainImage","width":640,"height":425},"primaryImageOfPage":{"@id":"https:\/\/allasorias.hu\/hirek\/nott-a-megvaltozott-kepesseguek-foglalkoztatasa\/#mainImage"},"datePublished":"2021-04-06T08:25:17+02:00","dateModified":"2021-04-06T08:25:17+02:00"},{"@type":"WebSite","@id":"https:\/\/allasorias.hu\/hirek\/#website","url":"https:\/\/allasorias.hu\/hirek\/","name":"AllasOrias.hu | H\u00edrek-lapszemle","description":"\u00dczleti h\u00edrek az \u00e1ll\u00e1s \u00e9s a munka vil\u00e1g\u00e1b\u00f3l","inLanguage":"hu-HU","publisher":{"@id":"https:\/\/allasorias.hu\/hirek\/#organization"}}]},"og:locale":"hu_HU","og:site_name":"AllasOrias.hu | H\u00edrek-lapszemle | \u00dczleti h\u00edrek az \u00e1ll\u00e1s \u00e9s a munka vil\u00e1g\u00e1b\u00f3l","og:type":"article","og:title":"N\u0151tt a megv\u00e1ltozott k\u00e9pess\u00e9g\u0171ek foglalkoztat\u00e1sa | AllasOrias.hu | H\u00edrek-lapszemle","og:description":"Az idei \u00e9v els\u0151 negyed\u00e9v\u00e9ben k\u00e9t \u00e9s f\u00e9lszer annyi \u00e1ll\u00e1skeres\u0151 megv\u00e1ltozott munkak\u00e9pess\u00e9g\u0171 szem\u00e9ly regisztr\u00e1lt, mint tavaly ilyenkor, \u00e9s a sikeres elhelyez\u00e9sek sz\u00e1ma is csaknem a dupl\u00e1j\u00e1ra emelkedett. Az \u00e9v elej\u00e9n elt\u00f6r\u00f6lt\u00e9k a megv\u00e1ltozott munkak\u00e9pess\u00e9g\u0171 szem\u00e9lyek ell\u00e1t\u00e1saiban r\u00e9szes\u00fcl\u0151knek a minim\u00e1lb\u00e9r 150 sz\u00e1zal\u00e9k\u00e1t kitev\u0151 kereseti korl\u00e1tj\u00e1t, ami m\u00e1ris \u00e9rezteti hat\u00e1s\u00e1t a munkaer\u0151piacon - adta h\u00edr\u00fcl a Trenkwalder","og:url":"https:\/\/allasorias.hu\/hirek\/nott-a-megvaltozott-kepesseguek-foglalkoztatasa\/","og:image":"https:\/\/allasorias.hu\/hirek\/wp-content\/uploads\/2018\/12\/disabled-2199122_640.jpg","og:image:secure_url":"https:\/\/allasorias.hu\/hirek\/wp-content\/uploads\/2018\/12\/disabled-2199122_640.jpg","og:image:width":640,"og:image:height":425,"article:published_time":"2021-04-06T08:25:17+00:00","article:modified_time":"2021-04-06T08:25:17+00:00","article:publisher":"https:\/\/www.facebook.com\/allasorias","twitter:card":"summary_large_image","twitter:title":"N\u0151tt a megv\u00e1ltozott k\u00e9pess\u00e9g\u0171ek foglalkoztat\u00e1sa | AllasOrias.hu | H\u00edrek-lapszemle","twitter:description":"Az idei \u00e9v els\u0151 negyed\u00e9v\u00e9ben k\u00e9t \u00e9s f\u00e9lszer annyi \u00e1ll\u00e1skeres\u0151 megv\u00e1ltozott munkak\u00e9pess\u00e9g\u0171 szem\u00e9ly regisztr\u00e1lt, mint tavaly ilyenkor, \u00e9s a sikeres elhelyez\u00e9sek sz\u00e1ma is csaknem a dupl\u00e1j\u00e1ra emelkedett. Az \u00e9v elej\u00e9n elt\u00f6r\u00f6lt\u00e9k a megv\u00e1ltozott munkak\u00e9pess\u00e9g\u0171 szem\u00e9lyek ell\u00e1t\u00e1saiban r\u00e9szes\u00fcl\u0151knek a minim\u00e1lb\u00e9r 150 sz\u00e1zal\u00e9k\u00e1t kitev\u0151 kereseti korl\u00e1tj\u00e1t, ami m\u00e1ris \u00e9rezteti hat\u00e1s\u00e1t a munkaer\u0151piacon - adta h\u00edr\u00fcl a Trenkwalder","twitter:image":"https:\/\/allasorias.hu\/hirek\/wp-content\/uploads\/2018\/12\/disabled-2199122_640.jpg","twitter:label1":"Written by","twitter:data1":"Juh\u00e1sz P\u00e9ter","twitter:label2":"Est. reading time","twitter:data2":"3 minutes"},"aioseo_meta_data":{"post_id":"4694","title":null,"description":null,"keywords":[],"keyphrases":{"focus":[],"additional":[]},"primary_term":null,"canonical_url":null,"og_title":null,"og_description":null,"og_object_type":"default","og_image_type":"default","og_image_url":null,"og_image_width":null,"og_image_height":null,"og_image_custom_url":null,"og_image_custom_fields":null,"og_video":"","og_custom_url":null,"og_article_section":null,"og_article_tags":[],"twitter_use_og":false,"twitter_card":"default","twitter_image_type":"default","twitter_image_url":null,"twitter_image_custom_url":null,"twitter_image_custom_fields":null,"twitter_title":null,"twitter_description":null,"schema":{"blockGraphs":[],"customGraphs":[],"default":{"data":{"Article":[],"Course":[],"Dataset":[],"FAQPage":[],"Movie":[],"Person":[],"Product":[],"ProductReview":[],"Car":[],"Recipe":[],"Service":[],"SoftwareApplication":[],"WebPage":[]},"graphName":"","isEnabled":true},"graphs":[],"defaultGraph":"","defaultPostTypeGraph":""},"schema_type":"none","schema_type_options":"{\"webPage\":{\"webPageType\":\"WebPage\"},\"article\":{\"articleType\":\"BlogPosting\"},\"book\":[],\"course\":[],\"event\":[],\"jobPosting\":[],\"music\":[],\"person\":[],\"product\":[],\"recipe\":[],\"restaurant\":[],\"service\":[],\"software\":[],\"video\":[]}","pillar_content":false,"robots_default":true,"robots_noindex":false,"robots_noarchive":false,"robots_nosnippet":false,"robots_nofollow":false,"robots_noimageindex":false,"robots_noodp":false,"robots_notranslate":false,"robots_max_snippet":"-1","robots_max_videopreview":"-1","robots_max_imagepreview":"large","priority":null,"frequency":"default","location":null,"local_seo":{"businessInfo":{"name":"","urls":{"website":"","aboutPage":"","contactPage":""},"address":{"line1":"","line2":"","zip":"","city":"","state":"","country":""},"contact":{"email":"","phone":"","fax":""},"ids":{"vatID":"","taxID":"","chamberID":""},"payment":{"priceIndication":"","currenciesAccepted":"","methodsAccepted":""},"areaServed":""},"openingHours":{"show":false,"closedLabel":"","open24h":false,"open24hLabel":"","open247":false,"use24hFormat":false,"twoSets":false,"timezone":"","hours":[]}},"breadcrumb_settings":null,"limit_modified_date":false,"ai":null,"created":"2021-04-06 08:23:30","updated":"2025-10-02 15:33:24","seo_analyzer_scan_date":null,"focus_keyword":null,"additional_keywords":null,"truseo_locale":null},"aioseo_breadcrumb":"<div class=\"aioseo-breadcrumbs\"><span class=\"aioseo-breadcrumb\">\n\t\t\t<a href=\"https:\/\/allasorias.hu\/hirek\" title=\"Home\">Home<\/a>\n\t\t<\/span><span class=\"aioseo-breadcrumb-separator\">&raquo;<\/span><span class=\"aioseo-breadcrumb\">\n\t\t\t<a href=\"https:\/\/allasorias.hu\/hirek\/temak\/munkaeropiac\/\" title=\"Munkaer\u0151piac\">Munkaer\u0151piac<\/a>\n\t\t<\/span><span class=\"aioseo-breadcrumb-separator\">&raquo;<\/span><span class=\"aioseo-breadcrumb\">\n\t\t\tN\u0151tt a megv\u00e1ltozott k\u00e9pess\u00e9g\u0171ek foglalkoztat\u00e1sa\n\t\t<\/span><\/div>","aioseo_breadcrumb_json":[{"label":"Home","link":"https:\/\/allasorias.hu\/hirek"},{"label":"Munkaer\u0151piac","link":"https:\/\/allasorias.hu\/hirek\/temak\/munkaeropiac\/"},{"label":"N\u0151tt a megv\u00e1ltozott k\u00e9pess\u00e9g\u0171ek foglalkoztat\u00e1sa","link":"https:\/\/allasorias.hu\/hirek\/nott-a-megvaltozott-kepesseguek-foglalkoztatasa\/"}],"_links":{"self":[{"href":"https:\/\/allasorias.hu\/hirek\/wp-json\/wp\/v2\/posts\/4694","targetHints":{"allow":["GET"]}}],"collection":[{"href":"https:\/\/allasorias.hu\/hirek\/wp-json\/wp\/v2\/posts"}],"about":[{"href":"https:\/\/allasorias.hu\/hirek\/wp-json\/wp\/v2\/types\/post"}],"author":[{"embeddable":true,"href":"https:\/\/allasorias.hu\/hirek\/wp-json\/wp\/v2\/users\/1"}],"replies":[{"embeddable":true,"href":"https:\/\/allasorias.hu\/hirek\/wp-json\/wp\/v2\/comments?post=4694"}],"version-history":[{"count":1,"href":"https:\/\/allasorias.hu\/hirek\/wp-json\/wp\/v2\/posts\/4694\/revisions"}],"predecessor-version":[{"id":4695,"href":"https:\/\/allasorias.hu\/hirek\/wp-json\/wp\/v2\/posts\/4694\/revisions\/4695"}],"wp:featuredmedia":[{"embeddable":true,"href":"https:\/\/allasorias.hu\/hirek\/wp-json\/wp\/v2\/media\/2263"}],"wp:attachment":[{"href":"https:\/\/allasorias.hu\/hirek\/wp-json\/wp\/v2\/media?parent=4694"}],"wp:term":[{"taxonomy":"category","embeddable":true,"href":"https:\/\/allasorias.hu\/hirek\/wp-json\/wp\/v2\/categories?post=4694"},{"taxonomy":"post_tag","embeddable":true,"href":"https:\/\/allasorias.hu\/hirek\/wp-json\/wp\/v2\/tags?post=4694"}],"curies":[{"name":"wp","href":"https:\/\/api.w.org\/{rel}","templated":true}]}}