{"id":4692,"date":"2021-04-05T06:56:48","date_gmt":"2021-04-05T06:56:48","guid":{"rendered":"https:\/\/allasorias.hu\/hirek\/?p=4692"},"modified":"2021-04-01T06:57:41","modified_gmt":"2021-04-01T06:57:41","slug":"valtozasok-az-adozasban","status":"publish","type":"post","link":"https:\/\/allasorias.hu\/hirek\/valtozasok-az-adozasban\/","title":{"rendered":"V\u00e1ltoz\u00e1sok az ad\u00f3z\u00e1sban"},"content":{"rendered":"<p><strong>A Nemzeti Ad\u00f3- \u00e9s V\u00e1mhivatal (NAV) \u00e1prilis 1-j\u00e9t\u0151l minden sz\u00e1mla adat\u00e1t megkapja azonnal, online m\u00f3don a be\u00e9rkez\u0151 adatok r\u00e9v\u00e9n pedig t\u00f6bb, az Eur\u00f3pai Uni\u00f3ban is egyed\u00fcl\u00e1ll\u00f3 szolg\u00e1ltat\u00e1ssal seg\u00edti a v\u00e1llalkoz\u00e1sokat. Megkezd\u0151dik ma egy \u00faj, online korszak, amelyben az ad\u00f3hivatal m\u00e1r minden sz\u00e1ml\u00e1t l\u00e1t. A m\u00e1rcius 31-ig tart\u00f3 szankci\u00f3mentess\u00e9g lej\u00e1rt\u00e1t k\u00f6vet\u0151en tov\u00e1bbra is m\u00e9lt\u00e1nyosan, az ad\u00f3z\u00f3val egy\u00fcttm\u0171k\u00f6dve j\u00e1r el a NAV &#8211; t\u00e1j\u00e9koztatott Izer Norbert.<\/strong><\/p>\n<p>A Nemzeti Ad\u00f3- \u00e9s V\u00e1mhivatal (NAV) \u00e1prilis 1-j\u00e9t\u0151l minden sz\u00e1mla adat\u00e1t megkapja azonnal, online m\u00f3don a be\u00e9rkez\u0151 adatok r\u00e9v\u00e9n pedig t\u00f6bb, az Eur\u00f3pai Uni\u00f3ban is egyed\u00fcl\u00e1ll\u00f3 szolg\u00e1ltat\u00e1ssal seg\u00edti a v\u00e1llalkoz\u00e1sokat &#8211; tette hozz\u00e1 a P\u00e9nz\u00fcgyminiszt\u00e9rium ad\u00f3\u00fcgyek\u00e9rt felel\u0151s \u00e1llamtitk\u00e1ra. Nemcsak az ad\u00f3hivatal \u00fajfajta szolg\u00e1ltat\u00e1sai, mint a pap\u00edrmentes sz\u00e1ml\u00e1z\u00e1s vagy az \u00e1fabevall\u00e1si-tervezetek kiaj\u00e1nl\u00e1sa, seg\u00edtik a tisztess\u00e9ges v\u00e1llalkoz\u00e1sokat, hanem a csal\u00e1rd ad\u00f3z\u00f3k kisz\u0171r\u00e9se is &#8211; hangs\u00falyozta az \u00e1llamtitk\u00e1r. Mint mondta: az online sz\u00e1ml\u00e1z\u00e1s\u00a0 teljess\u00e9 t\u00e9tele a legnagyobb horderej\u0171 l\u00e9p\u00e9s a feketegazdas\u00e1g elleni k\u00fczdelemben. \u00c9vente n\u00e9gymilli\u00e1rdnyi sz\u00e1mla- \u00e9s nyugtaadat \u00e1ll a kock\u00e1zatelemz\u0151k rendelkez\u00e9s\u00e9re, ez\u00e9rt m\u00e1r nem \u00e9ri meg ad\u00f3elker\u00fcl\u00e9ssel pr\u00f3b\u00e1lkozni, hiszen az ad\u00f3hivatal az online eszk\u00f6zei r\u00e9v\u00e9n ezt azonnal \u00e9szleli. Az adatv\u00e9delem az egyik legl\u00e9nyegesebb eleme az online sz\u00e1ml\u00e1z\u00e1snak &#8211; sz\u00f6gezte le az \u00e1llamtitk\u00e1r. Ez k\u00fcl\u00f6n\u00f6sen fontos, hiszen \u00e1prilis 1-t\u0151l m\u00e1r a lakoss\u00e1g r\u00e9sz\u00e9re ki\u00e1ll\u00edtott sz\u00e1ml\u00e1kat is teljes k\u00f6r\u0171en l\u00e1tja az ad\u00f3hivatal, de csak anonim m\u00f3don, a mag\u00e1nszem\u00e9ly v\u00e1s\u00e1rl\u00f3r\u00f3l ugyanis semmilyen adat nem ker\u00fcl be az ad\u00f3hivatal online sz\u00e1mla rendszer\u00e9be. Tudatosabb v\u00e1llalkoz\u00e1sok Izer Norbert szerint a v\u00e1llalkoz\u00e1sok egyre tudatosabbak ad\u00f3\u00fcgyeik int\u00e9z\u00e9sekor, err\u0151l tan\u00faskodnak a szankci\u00f3mentes id\u0151szak tapasztalatai is. A v\u00e1llalkoz\u00e1sok jelent\u0151s t\u00f6bbs\u00e9ge ugyanis m\u00e1r a hat\u00e1rid\u0151 el\u0151tti hetekben \u00e1t\u00e1llt az \u00faj rendszerre. Az \u00e1llamtitk\u00e1r elmondta, hogy a szankci\u00f3mentes id\u0151szak lej\u00e1rt\u00e1t k\u00f6vet\u0151en is a mulaszt\u00e1s k\u00f6r\u00fclm\u00e9nyeit, s\u00faly\u00e1t, gyakoris\u00e1g\u00e1t m\u00e9rlegelve, m\u00e9lt\u00e1nyosan j\u00e1r el a NAV. Az adatszolg\u00e1ltat\u00e1st nem vagy nem megfelel\u0151en teljes\u00edt\u0151ket az ad\u00f3hivatal seg\u00edti, az \u00e1fabevall\u00e1si-tervezet kiaj\u00e1nl\u00e1s\u00e1hoz ugyanis minden sz\u00e1mla adat\u00e1ra sz\u00fcks\u00e9g van. A j\u00f3 \u00e9s pontos adatok n\u00e9lk\u00fcl\u00f6zhetetlenek ahhoz, hogy Magyarorsz\u00e1g az els\u0151k k\u00f6z\u00f6tt ny\u00fajtson az Eur\u00f3pai Uni\u00f3ban p\u00e9lda\u00e9rt\u00e9k\u0171 ad\u00f3hivatali szolg\u00e1ltat\u00e1sokat a v\u00e1llalkoz\u00e1soknak &#8211; h\u00fazta al\u00e1 Izer Norbert. Lesz\u00f6gezte, hogy nem a mulaszt\u00e1si b\u00edrs\u00e1g kiszab\u00e1sa a c\u00e9l, hanem az adatszolg\u00e1ltat\u00e1s szab\u00e1lyszer\u0171 teljes\u00edt\u00e9se, ebben pedig partner a P\u00e9nz\u00fcgyminiszt\u00e9rium \u00e9s az ad\u00f3hivatal is.<\/p>\n<p>Forr\u00e1s: mti, origo.hu<\/p>\n<p>&nbsp;<\/p>\n<p>&nbsp;<\/p>\n<p>&nbsp;<\/p>\n","protected":false},"excerpt":{"rendered":"<p>A Nemzeti Ad\u00f3- \u00e9s V\u00e1mhivatal (NAV) \u00e1prilis 1-j\u00e9t\u0151l minden sz\u00e1mla adat\u00e1t megkapja azonnal, online m\u00f3don a be\u00e9rkez\u0151 adatok r\u00e9v\u00e9n pedig t\u00f6bb, az Eur\u00f3pai Uni\u00f3ban is egyed\u00fcl\u00e1ll\u00f3 szolg\u00e1ltat\u00e1ssal seg\u00edti a v\u00e1llalkoz\u00e1sokat. Megkezd\u0151dik ma egy \u00faj, online korszak, amelyben az ad\u00f3hivatal m\u00e1r minden sz\u00e1ml\u00e1t l\u00e1t. A m\u00e1rcius 31-ig tart\u00f3 szankci\u00f3mentess\u00e9g lej\u00e1rt\u00e1t k\u00f6vet\u0151en tov\u00e1bbra is m\u00e9lt\u00e1nyosan, az ad\u00f3z\u00f3val [&hellip;]<\/p>\n","protected":false},"author":1,"featured_media":4100,"comment_status":"open","ping_status":"open","sticky":false,"template":"","format":"standard","meta":{"_monsterinsights_skip_tracking":false,"footnotes":""},"categories":[198],"tags":[],"class_list":["post-4692","post","type-post","status-publish","format-standard","has-post-thumbnail","hentry","category-gazdasag"],"aioseo_notices":[],"aioseo_head":"\n\t\t<!-- All in One SEO 5.0.0.1 - aioseo.com -->\n\t<meta name=\"description\" content=\"A Nemzeti Ad\u00f3- \u00e9s V\u00e1mhivatal (NAV) \u00e1prilis 1-j\u00e9t\u0151l minden sz\u00e1mla adat\u00e1t megkapja azonnal, online m\u00f3don a be\u00e9rkez\u0151 adatok r\u00e9v\u00e9n pedig t\u00f6bb, az Eur\u00f3pai Uni\u00f3ban is egyed\u00fcl\u00e1ll\u00f3 szolg\u00e1ltat\u00e1ssal seg\u00edti a v\u00e1llalkoz\u00e1sokat. Megkezd\u0151dik ma egy \u00faj, online korszak, amelyben az ad\u00f3hivatal m\u00e1r minden sz\u00e1ml\u00e1t l\u00e1t. A m\u00e1rcius 31-ig tart\u00f3 szankci\u00f3mentess\u00e9g lej\u00e1rt\u00e1t k\u00f6vet\u0151en tov\u00e1bbra is m\u00e9lt\u00e1nyosan, az ad\u00f3z\u00f3val\" \/>\n\t<meta name=\"robots\" content=\"max-image-preview:large\" \/>\n\t<meta name=\"author\" content=\"Juh\u00e1sz P\u00e9ter\"\/>\n\t<link rel=\"canonical\" href=\"https:\/\/allasorias.hu\/hirek\/valtozasok-az-adozasban\/\" \/>\n\t<meta name=\"generator\" content=\"All in One SEO (AIOSEO) 5.0.0.1\" \/>\n\t\t<meta property=\"og:locale\" content=\"hu_HU\" \/>\n\t\t<meta property=\"og:site_name\" content=\"AllasOrias.hu | H\u00edrek-lapszemle | \u00dczleti h\u00edrek az \u00e1ll\u00e1s \u00e9s a munka vil\u00e1g\u00e1b\u00f3l\" \/>\n\t\t<meta property=\"og:type\" content=\"article\" \/>\n\t\t<meta property=\"og:title\" content=\"V\u00e1ltoz\u00e1sok az ad\u00f3z\u00e1sban | AllasOrias.hu | H\u00edrek-lapszemle\" \/>\n\t\t<meta property=\"og:description\" content=\"A Nemzeti Ad\u00f3- \u00e9s V\u00e1mhivatal (NAV) \u00e1prilis 1-j\u00e9t\u0151l minden sz\u00e1mla adat\u00e1t megkapja azonnal, online m\u00f3don a be\u00e9rkez\u0151 adatok r\u00e9v\u00e9n pedig t\u00f6bb, az Eur\u00f3pai Uni\u00f3ban is egyed\u00fcl\u00e1ll\u00f3 szolg\u00e1ltat\u00e1ssal seg\u00edti a v\u00e1llalkoz\u00e1sokat. Megkezd\u0151dik ma egy \u00faj, online korszak, amelyben az ad\u00f3hivatal m\u00e1r minden sz\u00e1ml\u00e1t l\u00e1t. A m\u00e1rcius 31-ig tart\u00f3 szankci\u00f3mentess\u00e9g lej\u00e1rt\u00e1t k\u00f6vet\u0151en tov\u00e1bbra is m\u00e9lt\u00e1nyosan, az ad\u00f3z\u00f3val\" \/>\n\t\t<meta property=\"og:url\" content=\"https:\/\/allasorias.hu\/hirek\/valtozasok-az-adozasban\/\" \/>\n\t\t<meta property=\"og:image\" content=\"https:\/\/allasorias.hu\/hirek\/wp-content\/uploads\/2020\/07\/O70IZ80.jpg\" \/>\n\t\t<meta property=\"og:image:secure_url\" content=\"https:\/\/allasorias.hu\/hirek\/wp-content\/uploads\/2020\/07\/O70IZ80.jpg\" \/>\n\t\t<meta property=\"og:image:width\" content=\"465\" \/>\n\t\t<meta property=\"og:image:height\" content=\"310\" \/>\n\t\t<meta property=\"article:published_time\" content=\"2021-04-05T06:56:48+00:00\" \/>\n\t\t<meta property=\"article:modified_time\" content=\"2021-04-01T06:57:41+00:00\" \/>\n\t\t<meta property=\"article:publisher\" content=\"https:\/\/www.facebook.com\/allasorias\" \/>\n\t\t<meta name=\"twitter:card\" content=\"summary_large_image\" \/>\n\t\t<meta name=\"twitter:title\" content=\"V\u00e1ltoz\u00e1sok az ad\u00f3z\u00e1sban | AllasOrias.hu | H\u00edrek-lapszemle\" \/>\n\t\t<meta name=\"twitter:description\" content=\"A Nemzeti Ad\u00f3- \u00e9s V\u00e1mhivatal (NAV) \u00e1prilis 1-j\u00e9t\u0151l minden sz\u00e1mla adat\u00e1t megkapja azonnal, online m\u00f3don a be\u00e9rkez\u0151 adatok r\u00e9v\u00e9n pedig t\u00f6bb, az Eur\u00f3pai Uni\u00f3ban is egyed\u00fcl\u00e1ll\u00f3 szolg\u00e1ltat\u00e1ssal seg\u00edti a v\u00e1llalkoz\u00e1sokat. Megkezd\u0151dik ma egy \u00faj, online korszak, amelyben az ad\u00f3hivatal m\u00e1r minden sz\u00e1ml\u00e1t l\u00e1t. A m\u00e1rcius 31-ig tart\u00f3 szankci\u00f3mentess\u00e9g lej\u00e1rt\u00e1t k\u00f6vet\u0151en tov\u00e1bbra is m\u00e9lt\u00e1nyosan, az ad\u00f3z\u00f3val\" \/>\n\t\t<meta name=\"twitter:image\" content=\"https:\/\/allasorias.hu\/hirek\/wp-content\/uploads\/2020\/07\/O70IZ80.jpg\" \/>\n\t\t<meta name=\"twitter:label1\" content=\"Written by\" \/>\n\t\t<meta name=\"twitter:data1\" content=\"Juh\u00e1sz P\u00e9ter\" \/>\n\t\t<meta name=\"twitter:label2\" content=\"Est. reading time\" \/>\n\t\t<meta name=\"twitter:data2\" content=\"3 minutes\" \/>\n\t\t<script type=\"application\/ld+json\" class=\"aioseo-schema\">\n\t\t\t{\"@context\":\"https:\\\/\\\/schema.org\",\"@graph\":[{\"@type\":\"Article\",\"@id\":\"https:\\\/\\\/allasorias.hu\\\/hirek\\\/valtozasok-az-adozasban\\\/#article\",\"name\":\"V\\u00e1ltoz\\u00e1sok az ad\\u00f3z\\u00e1sban | AllasOrias.hu | H\\u00edrek-lapszemle\",\"headline\":\"V\\u00e1ltoz\\u00e1sok az ad\\u00f3z\\u00e1sban\",\"author\":{\"@id\":\"https:\\\/\\\/allasorias.hu\\\/hirek\\\/author\\\/admin-allasorias\\\/#author\"},\"publisher\":{\"@id\":\"https:\\\/\\\/allasorias.hu\\\/hirek\\\/#organization\"},\"image\":{\"@type\":\"ImageObject\",\"url\":\"https:\\\/\\\/allasorias.hu\\\/hirek\\\/wp-content\\\/uploads\\\/2020\\\/07\\\/O70IZ80.jpg\",\"width\":465,\"height\":310,\"caption\":\"Image of workplace with paper and electronic documents and pen\"},\"datePublished\":\"2021-04-05T06:56:48+02:00\",\"dateModified\":\"2021-04-01T06:57:41+02:00\",\"inLanguage\":\"hu-HU\",\"mainEntityOfPage\":{\"@id\":\"https:\\\/\\\/allasorias.hu\\\/hirek\\\/valtozasok-az-adozasban\\\/#webpage\"},\"isPartOf\":{\"@id\":\"https:\\\/\\\/allasorias.hu\\\/hirek\\\/valtozasok-az-adozasban\\\/#webpage\"},\"articleSection\":\"Gazdas\\u00e1g\"},{\"@type\":\"BreadcrumbList\",\"@id\":\"https:\\\/\\\/allasorias.hu\\\/hirek\\\/valtozasok-az-adozasban\\\/#breadcrumblist\",\"itemListElement\":[{\"@type\":\"ListItem\",\"@id\":\"https:\\\/\\\/allasorias.hu\\\/hirek#listItem\",\"position\":1,\"name\":\"Home\",\"item\":\"https:\\\/\\\/allasorias.hu\\\/hirek\",\"nextItem\":{\"@type\":\"ListItem\",\"@id\":\"https:\\\/\\\/allasorias.hu\\\/hirek\\\/temak\\\/gazdasag\\\/#listItem\",\"name\":\"Gazdas\\u00e1g\"}},{\"@type\":\"ListItem\",\"@id\":\"https:\\\/\\\/allasorias.hu\\\/hirek\\\/temak\\\/gazdasag\\\/#listItem\",\"position\":2,\"name\":\"Gazdas\\u00e1g\",\"item\":\"https:\\\/\\\/allasorias.hu\\\/hirek\\\/temak\\\/gazdasag\\\/\",\"nextItem\":{\"@type\":\"ListItem\",\"@id\":\"https:\\\/\\\/allasorias.hu\\\/hirek\\\/valtozasok-az-adozasban\\\/#listItem\",\"name\":\"V\\u00e1ltoz\\u00e1sok az ad\\u00f3z\\u00e1sban\"},\"previousItem\":{\"@type\":\"ListItem\",\"@id\":\"https:\\\/\\\/allasorias.hu\\\/hirek#listItem\",\"name\":\"Home\"}},{\"@type\":\"ListItem\",\"@id\":\"https:\\\/\\\/allasorias.hu\\\/hirek\\\/valtozasok-az-adozasban\\\/#listItem\",\"position\":3,\"name\":\"V\\u00e1ltoz\\u00e1sok az ad\\u00f3z\\u00e1sban\",\"previousItem\":{\"@type\":\"ListItem\",\"@id\":\"https:\\\/\\\/allasorias.hu\\\/hirek\\\/temak\\\/gazdasag\\\/#listItem\",\"name\":\"Gazdas\\u00e1g\"}}]},{\"@type\":\"Organization\",\"@id\":\"https:\\\/\\\/allasorias.hu\\\/hirek\\\/#organization\",\"name\":\"AllasOrias.hu | H\\u00edrek-lapszemle\",\"description\":\"\\u00dczleti h\\u00edrek az \\u00e1ll\\u00e1s \\u00e9s a munka vil\\u00e1g\\u00e1b\\u00f3l\",\"url\":\"https:\\\/\\\/allasorias.hu\\\/hirek\\\/\",\"logo\":{\"@type\":\"ImageObject\",\"url\":\"https:\\\/\\\/allasorias.hu\\\/hirek\\\/wp-content\\\/uploads\\\/2022\\\/10\\\/allasorias_site_facebok_logo.png\",\"@id\":\"https:\\\/\\\/allasorias.hu\\\/hirek\\\/valtozasok-az-adozasban\\\/#organizationLogo\"},\"image\":{\"@id\":\"https:\\\/\\\/allasorias.hu\\\/hirek\\\/valtozasok-az-adozasban\\\/#organizationLogo\"},\"sameAs\":[\"https:\\\/\\\/www.facebook.com\\\/allasorias\",\"https:\\\/\\\/www.linkedin.com\\\/company\\\/allasorias\"]},{\"@type\":\"Person\",\"@id\":\"https:\\\/\\\/allasorias.hu\\\/hirek\\\/author\\\/admin-allasorias\\\/#author\",\"url\":\"https:\\\/\\\/allasorias.hu\\\/hirek\\\/author\\\/admin-allasorias\\\/\",\"name\":\"Juh\\u00e1sz P\\u00e9ter\",\"image\":{\"@type\":\"ImageObject\",\"@id\":\"https:\\\/\\\/allasorias.hu\\\/hirek\\\/valtozasok-az-adozasban\\\/#authorImage\",\"url\":\"https:\\\/\\\/secure.gravatar.com\\\/avatar\\\/36e6bcb83148978b992977cb0f54d22feb0cce8a0a849a9410532bb2623ba4c6?s=96&d=mm&r=g\",\"width\":96,\"height\":96,\"caption\":\"Juh\\u00e1sz P\\u00e9ter\"}},{\"@type\":\"WebPage\",\"@id\":\"https:\\\/\\\/allasorias.hu\\\/hirek\\\/valtozasok-az-adozasban\\\/#webpage\",\"url\":\"https:\\\/\\\/allasorias.hu\\\/hirek\\\/valtozasok-az-adozasban\\\/\",\"name\":\"V\\u00e1ltoz\\u00e1sok az ad\\u00f3z\\u00e1sban | AllasOrias.hu | H\\u00edrek-lapszemle\",\"description\":\"A Nemzeti Ad\\u00f3- \\u00e9s V\\u00e1mhivatal (NAV) \\u00e1prilis 1-j\\u00e9t\\u0151l minden sz\\u00e1mla adat\\u00e1t megkapja azonnal, online m\\u00f3don a be\\u00e9rkez\\u0151 adatok r\\u00e9v\\u00e9n pedig t\\u00f6bb, az Eur\\u00f3pai Uni\\u00f3ban is egyed\\u00fcl\\u00e1ll\\u00f3 szolg\\u00e1ltat\\u00e1ssal seg\\u00edti a v\\u00e1llalkoz\\u00e1sokat. Megkezd\\u0151dik ma egy \\u00faj, online korszak, amelyben az ad\\u00f3hivatal m\\u00e1r minden sz\\u00e1ml\\u00e1t l\\u00e1t. A m\\u00e1rcius 31-ig tart\\u00f3 szankci\\u00f3mentess\\u00e9g lej\\u00e1rt\\u00e1t k\\u00f6vet\\u0151en tov\\u00e1bbra is m\\u00e9lt\\u00e1nyosan, az ad\\u00f3z\\u00f3val\",\"inLanguage\":\"hu-HU\",\"isPartOf\":{\"@id\":\"https:\\\/\\\/allasorias.hu\\\/hirek\\\/#website\"},\"breadcrumb\":{\"@id\":\"https:\\\/\\\/allasorias.hu\\\/hirek\\\/valtozasok-az-adozasban\\\/#breadcrumblist\"},\"author\":{\"@id\":\"https:\\\/\\\/allasorias.hu\\\/hirek\\\/author\\\/admin-allasorias\\\/#author\"},\"creator\":{\"@id\":\"https:\\\/\\\/allasorias.hu\\\/hirek\\\/author\\\/admin-allasorias\\\/#author\"},\"image\":{\"@type\":\"ImageObject\",\"url\":\"https:\\\/\\\/allasorias.hu\\\/hirek\\\/wp-content\\\/uploads\\\/2020\\\/07\\\/O70IZ80.jpg\",\"@id\":\"https:\\\/\\\/allasorias.hu\\\/hirek\\\/valtozasok-az-adozasban\\\/#mainImage\",\"width\":465,\"height\":310,\"caption\":\"Image of workplace with paper and electronic documents and pen\"},\"primaryImageOfPage\":{\"@id\":\"https:\\\/\\\/allasorias.hu\\\/hirek\\\/valtozasok-az-adozasban\\\/#mainImage\"},\"datePublished\":\"2021-04-05T06:56:48+02:00\",\"dateModified\":\"2021-04-01T06:57:41+02:00\"},{\"@type\":\"WebSite\",\"@id\":\"https:\\\/\\\/allasorias.hu\\\/hirek\\\/#website\",\"url\":\"https:\\\/\\\/allasorias.hu\\\/hirek\\\/\",\"name\":\"AllasOrias.hu | H\\u00edrek-lapszemle\",\"description\":\"\\u00dczleti h\\u00edrek az \\u00e1ll\\u00e1s \\u00e9s a munka vil\\u00e1g\\u00e1b\\u00f3l\",\"inLanguage\":\"hu-HU\",\"publisher\":{\"@id\":\"https:\\\/\\\/allasorias.hu\\\/hirek\\\/#organization\"}}]}\n\t\t<\/script>\n\t\t<!-- All in One SEO -->\n\n","aioseo_head_json":{"title":"V\u00e1ltoz\u00e1sok az ad\u00f3z\u00e1sban | AllasOrias.hu | H\u00edrek-lapszemle","description":"A Nemzeti Ad\u00f3- \u00e9s V\u00e1mhivatal (NAV) \u00e1prilis 1-j\u00e9t\u0151l minden sz\u00e1mla adat\u00e1t megkapja azonnal, online m\u00f3don a be\u00e9rkez\u0151 adatok r\u00e9v\u00e9n pedig t\u00f6bb, az Eur\u00f3pai Uni\u00f3ban is egyed\u00fcl\u00e1ll\u00f3 szolg\u00e1ltat\u00e1ssal seg\u00edti a v\u00e1llalkoz\u00e1sokat. Megkezd\u0151dik ma egy \u00faj, online korszak, amelyben az ad\u00f3hivatal m\u00e1r minden sz\u00e1ml\u00e1t l\u00e1t. A m\u00e1rcius 31-ig tart\u00f3 szankci\u00f3mentess\u00e9g lej\u00e1rt\u00e1t k\u00f6vet\u0151en tov\u00e1bbra is m\u00e9lt\u00e1nyosan, az ad\u00f3z\u00f3val","canonical_url":"https:\/\/allasorias.hu\/hirek\/valtozasok-az-adozasban\/","robots":"max-image-preview:large","keywords":"","webmasterTools":{"miscellaneous":""},"schema":{"@context":"https:\/\/schema.org","@graph":[{"@type":"Article","@id":"https:\/\/allasorias.hu\/hirek\/valtozasok-az-adozasban\/#article","name":"V\u00e1ltoz\u00e1sok az ad\u00f3z\u00e1sban | AllasOrias.hu | H\u00edrek-lapszemle","headline":"V\u00e1ltoz\u00e1sok az ad\u00f3z\u00e1sban","author":{"@id":"https:\/\/allasorias.hu\/hirek\/author\/admin-allasorias\/#author"},"publisher":{"@id":"https:\/\/allasorias.hu\/hirek\/#organization"},"image":{"@type":"ImageObject","url":"https:\/\/allasorias.hu\/hirek\/wp-content\/uploads\/2020\/07\/O70IZ80.jpg","width":465,"height":310,"caption":"Image of workplace with paper and electronic documents and pen"},"datePublished":"2021-04-05T06:56:48+02:00","dateModified":"2021-04-01T06:57:41+02:00","inLanguage":"hu-HU","mainEntityOfPage":{"@id":"https:\/\/allasorias.hu\/hirek\/valtozasok-az-adozasban\/#webpage"},"isPartOf":{"@id":"https:\/\/allasorias.hu\/hirek\/valtozasok-az-adozasban\/#webpage"},"articleSection":"Gazdas\u00e1g"},{"@type":"BreadcrumbList","@id":"https:\/\/allasorias.hu\/hirek\/valtozasok-az-adozasban\/#breadcrumblist","itemListElement":[{"@type":"ListItem","@id":"https:\/\/allasorias.hu\/hirek#listItem","position":1,"name":"Home","item":"https:\/\/allasorias.hu\/hirek","nextItem":{"@type":"ListItem","@id":"https:\/\/allasorias.hu\/hirek\/temak\/gazdasag\/#listItem","name":"Gazdas\u00e1g"}},{"@type":"ListItem","@id":"https:\/\/allasorias.hu\/hirek\/temak\/gazdasag\/#listItem","position":2,"name":"Gazdas\u00e1g","item":"https:\/\/allasorias.hu\/hirek\/temak\/gazdasag\/","nextItem":{"@type":"ListItem","@id":"https:\/\/allasorias.hu\/hirek\/valtozasok-az-adozasban\/#listItem","name":"V\u00e1ltoz\u00e1sok az ad\u00f3z\u00e1sban"},"previousItem":{"@type":"ListItem","@id":"https:\/\/allasorias.hu\/hirek#listItem","name":"Home"}},{"@type":"ListItem","@id":"https:\/\/allasorias.hu\/hirek\/valtozasok-az-adozasban\/#listItem","position":3,"name":"V\u00e1ltoz\u00e1sok az ad\u00f3z\u00e1sban","previousItem":{"@type":"ListItem","@id":"https:\/\/allasorias.hu\/hirek\/temak\/gazdasag\/#listItem","name":"Gazdas\u00e1g"}}]},{"@type":"Organization","@id":"https:\/\/allasorias.hu\/hirek\/#organization","name":"AllasOrias.hu | H\u00edrek-lapszemle","description":"\u00dczleti h\u00edrek az \u00e1ll\u00e1s \u00e9s a munka vil\u00e1g\u00e1b\u00f3l","url":"https:\/\/allasorias.hu\/hirek\/","logo":{"@type":"ImageObject","url":"https:\/\/allasorias.hu\/hirek\/wp-content\/uploads\/2022\/10\/allasorias_site_facebok_logo.png","@id":"https:\/\/allasorias.hu\/hirek\/valtozasok-az-adozasban\/#organizationLogo"},"image":{"@id":"https:\/\/allasorias.hu\/hirek\/valtozasok-az-adozasban\/#organizationLogo"},"sameAs":["https:\/\/www.facebook.com\/allasorias","https:\/\/www.linkedin.com\/company\/allasorias"]},{"@type":"Person","@id":"https:\/\/allasorias.hu\/hirek\/author\/admin-allasorias\/#author","url":"https:\/\/allasorias.hu\/hirek\/author\/admin-allasorias\/","name":"Juh\u00e1sz P\u00e9ter","image":{"@type":"ImageObject","@id":"https:\/\/allasorias.hu\/hirek\/valtozasok-az-adozasban\/#authorImage","url":"https:\/\/secure.gravatar.com\/avatar\/36e6bcb83148978b992977cb0f54d22feb0cce8a0a849a9410532bb2623ba4c6?s=96&d=mm&r=g","width":96,"height":96,"caption":"Juh\u00e1sz P\u00e9ter"}},{"@type":"WebPage","@id":"https:\/\/allasorias.hu\/hirek\/valtozasok-az-adozasban\/#webpage","url":"https:\/\/allasorias.hu\/hirek\/valtozasok-az-adozasban\/","name":"V\u00e1ltoz\u00e1sok az ad\u00f3z\u00e1sban | AllasOrias.hu | H\u00edrek-lapszemle","description":"A Nemzeti Ad\u00f3- \u00e9s V\u00e1mhivatal (NAV) \u00e1prilis 1-j\u00e9t\u0151l minden sz\u00e1mla adat\u00e1t megkapja azonnal, online m\u00f3don a be\u00e9rkez\u0151 adatok r\u00e9v\u00e9n pedig t\u00f6bb, az Eur\u00f3pai Uni\u00f3ban is egyed\u00fcl\u00e1ll\u00f3 szolg\u00e1ltat\u00e1ssal seg\u00edti a v\u00e1llalkoz\u00e1sokat. Megkezd\u0151dik ma egy \u00faj, online korszak, amelyben az ad\u00f3hivatal m\u00e1r minden sz\u00e1ml\u00e1t l\u00e1t. A m\u00e1rcius 31-ig tart\u00f3 szankci\u00f3mentess\u00e9g lej\u00e1rt\u00e1t k\u00f6vet\u0151en tov\u00e1bbra is m\u00e9lt\u00e1nyosan, az ad\u00f3z\u00f3val","inLanguage":"hu-HU","isPartOf":{"@id":"https:\/\/allasorias.hu\/hirek\/#website"},"breadcrumb":{"@id":"https:\/\/allasorias.hu\/hirek\/valtozasok-az-adozasban\/#breadcrumblist"},"author":{"@id":"https:\/\/allasorias.hu\/hirek\/author\/admin-allasorias\/#author"},"creator":{"@id":"https:\/\/allasorias.hu\/hirek\/author\/admin-allasorias\/#author"},"image":{"@type":"ImageObject","url":"https:\/\/allasorias.hu\/hirek\/wp-content\/uploads\/2020\/07\/O70IZ80.jpg","@id":"https:\/\/allasorias.hu\/hirek\/valtozasok-az-adozasban\/#mainImage","width":465,"height":310,"caption":"Image of workplace with paper and electronic documents and pen"},"primaryImageOfPage":{"@id":"https:\/\/allasorias.hu\/hirek\/valtozasok-az-adozasban\/#mainImage"},"datePublished":"2021-04-05T06:56:48+02:00","dateModified":"2021-04-01T06:57:41+02:00"},{"@type":"WebSite","@id":"https:\/\/allasorias.hu\/hirek\/#website","url":"https:\/\/allasorias.hu\/hirek\/","name":"AllasOrias.hu | H\u00edrek-lapszemle","description":"\u00dczleti h\u00edrek az \u00e1ll\u00e1s \u00e9s a munka vil\u00e1g\u00e1b\u00f3l","inLanguage":"hu-HU","publisher":{"@id":"https:\/\/allasorias.hu\/hirek\/#organization"}}]},"og:locale":"hu_HU","og:site_name":"AllasOrias.hu | H\u00edrek-lapszemle | \u00dczleti h\u00edrek az \u00e1ll\u00e1s \u00e9s a munka vil\u00e1g\u00e1b\u00f3l","og:type":"article","og:title":"V\u00e1ltoz\u00e1sok az ad\u00f3z\u00e1sban | AllasOrias.hu | H\u00edrek-lapszemle","og:description":"A Nemzeti Ad\u00f3- \u00e9s V\u00e1mhivatal (NAV) \u00e1prilis 1-j\u00e9t\u0151l minden sz\u00e1mla adat\u00e1t megkapja azonnal, online m\u00f3don a be\u00e9rkez\u0151 adatok r\u00e9v\u00e9n pedig t\u00f6bb, az Eur\u00f3pai Uni\u00f3ban is egyed\u00fcl\u00e1ll\u00f3 szolg\u00e1ltat\u00e1ssal seg\u00edti a v\u00e1llalkoz\u00e1sokat. Megkezd\u0151dik ma egy \u00faj, online korszak, amelyben az ad\u00f3hivatal m\u00e1r minden sz\u00e1ml\u00e1t l\u00e1t. A m\u00e1rcius 31-ig tart\u00f3 szankci\u00f3mentess\u00e9g lej\u00e1rt\u00e1t k\u00f6vet\u0151en tov\u00e1bbra is m\u00e9lt\u00e1nyosan, az ad\u00f3z\u00f3val","og:url":"https:\/\/allasorias.hu\/hirek\/valtozasok-az-adozasban\/","og:image":"https:\/\/allasorias.hu\/hirek\/wp-content\/uploads\/2020\/07\/O70IZ80.jpg","og:image:secure_url":"https:\/\/allasorias.hu\/hirek\/wp-content\/uploads\/2020\/07\/O70IZ80.jpg","og:image:width":465,"og:image:height":310,"article:published_time":"2021-04-05T06:56:48+00:00","article:modified_time":"2021-04-01T06:57:41+00:00","article:publisher":"https:\/\/www.facebook.com\/allasorias","twitter:card":"summary_large_image","twitter:title":"V\u00e1ltoz\u00e1sok az ad\u00f3z\u00e1sban | AllasOrias.hu | H\u00edrek-lapszemle","twitter:description":"A Nemzeti Ad\u00f3- \u00e9s V\u00e1mhivatal (NAV) \u00e1prilis 1-j\u00e9t\u0151l minden sz\u00e1mla adat\u00e1t megkapja azonnal, online m\u00f3don a be\u00e9rkez\u0151 adatok r\u00e9v\u00e9n pedig t\u00f6bb, az Eur\u00f3pai Uni\u00f3ban is egyed\u00fcl\u00e1ll\u00f3 szolg\u00e1ltat\u00e1ssal seg\u00edti a v\u00e1llalkoz\u00e1sokat. Megkezd\u0151dik ma egy \u00faj, online korszak, amelyben az ad\u00f3hivatal m\u00e1r minden sz\u00e1ml\u00e1t l\u00e1t. A m\u00e1rcius 31-ig tart\u00f3 szankci\u00f3mentess\u00e9g lej\u00e1rt\u00e1t k\u00f6vet\u0151en tov\u00e1bbra is m\u00e9lt\u00e1nyosan, az ad\u00f3z\u00f3val","twitter:image":"https:\/\/allasorias.hu\/hirek\/wp-content\/uploads\/2020\/07\/O70IZ80.jpg","twitter:label1":"Written by","twitter:data1":"Juh\u00e1sz P\u00e9ter","twitter:label2":"Est. reading time","twitter:data2":"3 minutes"},"aioseo_meta_data":{"post_id":"4692","title":null,"description":null,"keywords":[],"keyphrases":{"focus":[],"additional":[]},"primary_term":null,"canonical_url":null,"og_title":null,"og_description":null,"og_object_type":"default","og_image_type":"default","og_image_url":null,"og_image_width":null,"og_image_height":null,"og_image_custom_url":null,"og_image_custom_fields":null,"og_video":"","og_custom_url":null,"og_article_section":null,"og_article_tags":[],"twitter_use_og":false,"twitter_card":"default","twitter_image_type":"default","twitter_image_url":null,"twitter_image_custom_url":null,"twitter_image_custom_fields":null,"twitter_title":null,"twitter_description":null,"schema":{"blockGraphs":[],"customGraphs":[],"default":{"data":{"Article":[],"Course":[],"Dataset":[],"FAQPage":[],"Movie":[],"Person":[],"Product":[],"ProductReview":[],"Car":[],"Recipe":[],"Service":[],"SoftwareApplication":[],"WebPage":[]},"graphName":"","isEnabled":true},"graphs":[],"defaultGraph":"","defaultPostTypeGraph":""},"schema_type":"none","schema_type_options":"{\"webPage\":{\"webPageType\":\"WebPage\"},\"article\":{\"articleType\":\"BlogPosting\"},\"book\":[],\"course\":[],\"event\":[],\"jobPosting\":[],\"music\":[],\"person\":[],\"product\":[],\"recipe\":[],\"restaurant\":[],\"service\":[],\"software\":[],\"video\":[]}","pillar_content":false,"robots_default":true,"robots_noindex":false,"robots_noarchive":false,"robots_nosnippet":false,"robots_nofollow":false,"robots_noimageindex":false,"robots_noodp":false,"robots_notranslate":false,"robots_max_snippet":"-1","robots_max_videopreview":"-1","robots_max_imagepreview":"large","priority":null,"frequency":"default","location":null,"local_seo":{"businessInfo":{"name":"","urls":{"website":"","aboutPage":"","contactPage":""},"address":{"line1":"","line2":"","zip":"","city":"","state":"","country":""},"contact":{"email":"","phone":"","fax":""},"ids":{"vatID":"","taxID":"","chamberID":""},"payment":{"priceIndication":"","currenciesAccepted":"","methodsAccepted":""},"areaServed":""},"openingHours":{"show":false,"closedLabel":"","open24h":false,"open24hLabel":"","open247":false,"use24hFormat":false,"twoSets":false,"timezone":"","hours":[]}},"breadcrumb_settings":null,"limit_modified_date":false,"ai":null,"created":"2021-04-01 06:56:48","updated":"2025-10-02 15:33:24","seo_analyzer_scan_date":null,"focus_keyword":null,"additional_keywords":null,"truseo_locale":null},"aioseo_breadcrumb":"<div class=\"aioseo-breadcrumbs\"><span class=\"aioseo-breadcrumb\">\n\t\t\t<a href=\"https:\/\/allasorias.hu\/hirek\" title=\"Home\">Home<\/a>\n\t\t<\/span><span class=\"aioseo-breadcrumb-separator\">&raquo;<\/span><span class=\"aioseo-breadcrumb\">\n\t\t\t<a href=\"https:\/\/allasorias.hu\/hirek\/temak\/gazdasag\/\" title=\"Gazdas\u00e1g\">Gazdas\u00e1g<\/a>\n\t\t<\/span><span class=\"aioseo-breadcrumb-separator\">&raquo;<\/span><span class=\"aioseo-breadcrumb\">\n\t\t\tV\u00e1ltoz\u00e1sok az ad\u00f3z\u00e1sban\n\t\t<\/span><\/div>","aioseo_breadcrumb_json":[{"label":"Home","link":"https:\/\/allasorias.hu\/hirek"},{"label":"Gazdas\u00e1g","link":"https:\/\/allasorias.hu\/hirek\/temak\/gazdasag\/"},{"label":"V\u00e1ltoz\u00e1sok az ad\u00f3z\u00e1sban","link":"https:\/\/allasorias.hu\/hirek\/valtozasok-az-adozasban\/"}],"_links":{"self":[{"href":"https:\/\/allasorias.hu\/hirek\/wp-json\/wp\/v2\/posts\/4692","targetHints":{"allow":["GET"]}}],"collection":[{"href":"https:\/\/allasorias.hu\/hirek\/wp-json\/wp\/v2\/posts"}],"about":[{"href":"https:\/\/allasorias.hu\/hirek\/wp-json\/wp\/v2\/types\/post"}],"author":[{"embeddable":true,"href":"https:\/\/allasorias.hu\/hirek\/wp-json\/wp\/v2\/users\/1"}],"replies":[{"embeddable":true,"href":"https:\/\/allasorias.hu\/hirek\/wp-json\/wp\/v2\/comments?post=4692"}],"version-history":[{"count":1,"href":"https:\/\/allasorias.hu\/hirek\/wp-json\/wp\/v2\/posts\/4692\/revisions"}],"predecessor-version":[{"id":4693,"href":"https:\/\/allasorias.hu\/hirek\/wp-json\/wp\/v2\/posts\/4692\/revisions\/4693"}],"wp:featuredmedia":[{"embeddable":true,"href":"https:\/\/allasorias.hu\/hirek\/wp-json\/wp\/v2\/media\/4100"}],"wp:attachment":[{"href":"https:\/\/allasorias.hu\/hirek\/wp-json\/wp\/v2\/media?parent=4692"}],"wp:term":[{"taxonomy":"category","embeddable":true,"href":"https:\/\/allasorias.hu\/hirek\/wp-json\/wp\/v2\/categories?post=4692"},{"taxonomy":"post_tag","embeddable":true,"href":"https:\/\/allasorias.hu\/hirek\/wp-json\/wp\/v2\/tags?post=4692"}],"curies":[{"name":"wp","href":"https:\/\/api.w.org\/{rel}","templated":true}]}}