{"id":4655,"date":"2021-03-18T11:41:45","date_gmt":"2021-03-18T11:41:45","guid":{"rendered":"https:\/\/allasorias.hu\/hirek\/?p=4655"},"modified":"2021-03-18T11:41:45","modified_gmt":"2021-03-18T11:41:45","slug":"mire-szamithatnak-a-palyakezdok","status":"publish","type":"post","link":"https:\/\/allasorias.hu\/hirek\/mire-szamithatnak-a-palyakezdok\/","title":{"rendered":"Mire sz\u00e1m\u00edthatnak a p\u00e1lyakezd\u0151k?"},"content":{"rendered":"<p><strong>A koronav\u00edrus-j\u00e1rv\u00e1ny t\u00f6bb szempontb\u00f3l drasztikusan megv\u00e1ltoztatta a munka vil\u00e1g\u00e1t \u00e9s a munkaer\u0151piaci viszonyokat &#8211; ez al\u00f3l pedig a p\u00e1lyakezd\u0151k \u00e9s gyakornokok sem kiv\u00e9telek. Arr\u00f3l, hogy pontosan milyen hat\u00e1ssal volt helyzet\u00fckre az elm\u00falt egy \u00e9v, Magyarorsz\u00e1g piacvezet\u0151 \u00e1ll\u00e1sport\u00e1lj\u00e1nak adataib\u00f3l kaphatunk betekint\u00e9st. <\/strong><\/p>\n<p>2020 m\u00e1rcius\u00e1ban a koronav\u00edrus-j\u00e1rv\u00e1ny hazai kezdete a teljes magyar munkaer\u0151piacra jelent\u0151s hat\u00e1ssal volt, \u00edgy a p\u00e1lyakezd\u0151k, szakmai gyakorlati helyet keres\u0151k sz\u00e1m\u00e1ra feladott \u00e1ll\u00e1shirdet\u00e9sek sz\u00e1ma \u00e9s ar\u00e1nya is lecs\u00f6kkent. R\u00e1ad\u00e1sul 2020 tavasz\u00e1n azok a c\u00e9gek, amelyek a l\u00e9tsz\u00e1mstop, illetve -le\u00e9p\u00edt\u00e9s eszk\u00f6z\u00e9vel pr\u00f3b\u00e1lt\u00e1k \u00e1tv\u00e9szelni a v\u00e1ls\u00e1got, els\u0151k\u00e9nt azoknak a felv\u00e9tel\u00e9t fagyasztott\u00e1k be, valamint azokt\u00f3l v\u00e1ltak meg, akik nem k\u00e9pezt\u00e9k az \u00e1llom\u00e1ny r\u00e9sz\u00e9t. Ebbe a csoportba a szerz\u0151d\u00e9ses munkat\u00e1rsak \u00e9s a k\u00f6lcs\u00f6nz\u00f6tt munkaer\u0151 mellett a szakmai gyakorlaton l\u00e9v\u0151k \u00e9s a di\u00e1kok tartoztak. A meghirdetett p\u00e1lyakezd\u0151 \u00e1ll\u00e1sok sz\u00e1m\u00e1ban \u00e9rz\u00e9kelhet\u0151 cs\u00f6kken\u0151 tendencia szinte eg\u00e9sz \u00e9vben megmaradt, a javul\u00e1s jelei november-december k\u00f6rny\u00e9k\u00e9n kezdtek l\u00e1tszani, ami 2021 els\u0151 h\u00f3napjaiban is kitartott. A ter\u00fcleti adatokb\u00f3l az l\u00e1tszik, hogy a pand\u00e9mia \u00e9v\u00e9ben is Budapesten \u00e9s Pest megy\u00e9ben volt a legnagyobb a v\u00e1laszt\u00e9k p\u00e1lyakezd\u0151 munk\u00e1kb\u00f3l, majd Fej\u00e9r, Veszpr\u00e9m, Hajd\u00fa-Bihar \u00e9s Gy\u0151r-Moson-Sopron megy\u00e9k k\u00f6vetkeznek. A j\u00e1rv\u00e1nyhelyzet k\u00f6vetkezt\u00e9ben kialakult v\u00e1ls\u00e1g egyik mark\u00e1ns hat\u00e1sak\u00e9nt az egy \u00e1ll\u00e1sra jut\u00f3 jelentkez\u00e9sek sz\u00e1ma sz\u00e1mos szektorban \u00e9vek \u00f3ta nem l\u00e1tott szintre emelkedett. Ez al\u00f3l a p\u00e1lyakezd\u0151 \u00e9s gyakornoki poz\u00edci\u00f3k sem k\u00e9peztek kiv\u00e9telt: m\u00e1rciust\u00f3l kezdve folyamatos n\u00f6veked\u00e9s l\u00e1tszik a jelentkez\u00e9sek sz\u00e1m\u00e1ban. A legt\u00f6bb p\u00e1lyakezd\u0151 ny\u00e1ron p\u00e1ly\u00e1zott meg lehet\u0151s\u00e9geket &#8211; ez val\u00f3sz\u00edn\u0171leg azzal is \u00f6sszef\u00fcgg, hogy ilyenkor jobban r\u00e1\u00e9rnek a m\u00e9g tanulm\u00e1nyaikat folytat\u00f3k is arra, hogy kipr\u00f3b\u00e1lj\u00e1k magukat a munka vil\u00e1g\u00e1ban. \u0150szt\u0151l azonban a jelentkez\u0151sz\u00e1mok lass\u00fa cs\u00f6kken\u00e9s\u00e9t l\u00e1thattuk, majd 2021 janu\u00e1rban ism\u00e9t fel\u00e9l\u00e9nk\u00fclt az \u00e9rdekl\u0151d\u00e9s a p\u00e1lyakezd\u0151, illetve gyakornoki poz\u00edci\u00f3k ir\u00e1nt: id\u00e9n janu\u00e1rban 15 sz\u00e1zal\u00e9kkal t\u00f6bb volt az egy helyre jut\u00f3 jelentkez\u00e9ssz\u00e1m, mint a tavalyi \u00e1tlag. Az adminisztr\u00e1ci\u00f3s munk\u00e1k voltak a legn\u00e9pszer\u0171bbek. Mely szektorok, \u00e9s azon bel\u00fcl milyen poz\u00edci\u00f3k sz\u00e1m\u00edtottak a legkelend\u0151bbnek a p\u00e1lyakezd\u0151k k\u00f6r\u00e9ben tavaly? N\u00e9pszer\u0171s\u00e9gi sorrendben az adminisztr\u00e1ci\u00f3, az \u00e9rt\u00e9kes\u00edt\u00e9s, az oktat\u00e1s \u00e9s a marketing voltak a p\u00e1lyakezd\u0151k kedvencei 2020-ban. A fentieken bel\u00fcl a legt\u00f6bben irodai asszisztens \u00e9s projektmenedzser \u00e1ll\u00e1sokra jelentkeztek, ezt az adatr\u00f6gz\u00edt\u0151, az \u00fcgyf\u00e9lszolg\u00e1lati munkat\u00e1rs, a flottakezel\u0151 \u00e9s sof\u0151r, majd a gazdas\u00e1gi asszisztens poz\u00edci\u00f3k k\u00f6vett\u00e9k. A p\u00e1lyakezd\u0151k \u00e1tlagos fizet\u00e9si ig\u00e9nye nett\u00f3 208 ezer forint volt orsz\u00e1gosan. \u00d6sszess\u00e9g\u00e9ben elmondhatjuk, hogy a p\u00e1lyakezd\u0151k \u00e9s gyakornokok helyzete a tavaly tavaszi \u00e1llapotokhoz k\u00e9pest egy\u00e9rtelm\u0171en javult, \u00e1m a hirdet\u00e9ssz\u00e1mok m\u00e9g mindig elmaradnak a kor\u00e1bbi \u00e9vek eredm\u00e9nyeit\u0151l. Ezzel egy\u00fctt fontos fejlem\u00e9ny, hogy a pand\u00e9mia kezdet\u00e9hez k\u00e9pest j\u00f3val t\u00f6bb lehet\u0151s\u00e9gb\u0151l v\u00e1logathatnak, ugyanis a v\u00e1llalatok nagy h\u00e1nyada 2021-ben m\u00e1r b\u0151v\u00fcl\u00e9sben gondolkodik. R\u00e1ad\u00e1sul, mivel az \u0151szi-t\u00e9li tapasztalatok azt mutatj\u00e1k, hogy a koronav\u00edrus m\u00e1sodik hull\u00e1ma m\u00e1r nem okozott olyan sokkot a munkaer\u0151piacon mint az els\u0151, &#8211; s\u0151t, az\u00f3ta is a fokozatos javul\u00e1s tendenci\u00e1i l\u00e1tszanak -, abban b\u00edzhatunk, hogy a jelenleg zajl\u00f3 harmadik hull\u00e1m sem fog jelent\u0151s visszaes\u00e9st gener\u00e1lni a p\u00e1lyakezd\u0151k \u00e9s gyakornokok lehet\u0151s\u00e9geinek eset\u00e9ben sem\u00a0 &#8211; \u00f6sszegzi a helyzetet T\u00fczes Imre, a Profession.hu \u00fczletfejleszt\u00e9si igazgat\u00f3ja.<\/p>\n<p>Forr\u00e1s: penzcentrum.hu<\/p>\n","protected":false},"excerpt":{"rendered":"<p>A koronav\u00edrus-j\u00e1rv\u00e1ny t\u00f6bb szempontb\u00f3l drasztikusan megv\u00e1ltoztatta a munka vil\u00e1g\u00e1t \u00e9s a munkaer\u0151piaci viszonyokat &#8211; ez al\u00f3l pedig a p\u00e1lyakezd\u0151k \u00e9s gyakornokok sem kiv\u00e9telek. Arr\u00f3l, hogy pontosan milyen hat\u00e1ssal volt helyzet\u00fckre az elm\u00falt egy \u00e9v, Magyarorsz\u00e1g piacvezet\u0151 \u00e1ll\u00e1sport\u00e1lj\u00e1nak adataib\u00f3l kaphatunk betekint\u00e9st. 2020 m\u00e1rcius\u00e1ban a koronav\u00edrus-j\u00e1rv\u00e1ny hazai kezdete a teljes magyar munkaer\u0151piacra jelent\u0151s hat\u00e1ssal volt, \u00edgy a [&hellip;]<\/p>\n","protected":false},"author":1,"featured_media":4026,"comment_status":"open","ping_status":"open","sticky":false,"template":"","format":"standard","meta":{"_monsterinsights_skip_tracking":false,"footnotes":""},"categories":[200],"tags":[],"class_list":["post-4655","post","type-post","status-publish","format-standard","has-post-thumbnail","hentry","category-munkaeropiac"],"aioseo_notices":[],"aioseo_head":"\n\t\t<!-- All in One SEO 5.0.0.1 - aioseo.com -->\n\t<meta name=\"description\" content=\"A koronav\u00edrus-j\u00e1rv\u00e1ny t\u00f6bb szempontb\u00f3l drasztikusan megv\u00e1ltoztatta a munka vil\u00e1g\u00e1t \u00e9s a munkaer\u0151piaci viszonyokat - ez al\u00f3l pedig a p\u00e1lyakezd\u0151k \u00e9s gyakornokok sem kiv\u00e9telek. Arr\u00f3l, hogy pontosan milyen hat\u00e1ssal volt helyzet\u00fckre az elm\u00falt egy \u00e9v, Magyarorsz\u00e1g piacvezet\u0151 \u00e1ll\u00e1sport\u00e1lj\u00e1nak adataib\u00f3l kaphatunk betekint\u00e9st. 2020 m\u00e1rcius\u00e1ban a koronav\u00edrus-j\u00e1rv\u00e1ny hazai kezdete a teljes magyar munkaer\u0151piacra jelent\u0151s hat\u00e1ssal volt, \u00edgy a\" \/>\n\t<meta name=\"robots\" content=\"max-image-preview:large\" \/>\n\t<meta name=\"author\" content=\"Juh\u00e1sz P\u00e9ter\"\/>\n\t<link rel=\"canonical\" href=\"https:\/\/allasorias.hu\/hirek\/mire-szamithatnak-a-palyakezdok\/\" \/>\n\t<meta name=\"generator\" content=\"All in One SEO (AIOSEO) 5.0.0.1\" \/>\n\t\t<meta property=\"og:locale\" content=\"hu_HU\" \/>\n\t\t<meta property=\"og:site_name\" content=\"AllasOrias.hu | H\u00edrek-lapszemle | \u00dczleti h\u00edrek az \u00e1ll\u00e1s \u00e9s a munka vil\u00e1g\u00e1b\u00f3l\" \/>\n\t\t<meta property=\"og:type\" content=\"article\" \/>\n\t\t<meta property=\"og:title\" content=\"Mire sz\u00e1m\u00edthatnak a p\u00e1lyakezd\u0151k? | AllasOrias.hu | H\u00edrek-lapszemle\" \/>\n\t\t<meta property=\"og:description\" content=\"A koronav\u00edrus-j\u00e1rv\u00e1ny t\u00f6bb szempontb\u00f3l drasztikusan megv\u00e1ltoztatta a munka vil\u00e1g\u00e1t \u00e9s a munkaer\u0151piaci viszonyokat - ez al\u00f3l pedig a p\u00e1lyakezd\u0151k \u00e9s gyakornokok sem kiv\u00e9telek. Arr\u00f3l, hogy pontosan milyen hat\u00e1ssal volt helyzet\u00fckre az elm\u00falt egy \u00e9v, Magyarorsz\u00e1g piacvezet\u0151 \u00e1ll\u00e1sport\u00e1lj\u00e1nak adataib\u00f3l kaphatunk betekint\u00e9st. 2020 m\u00e1rcius\u00e1ban a koronav\u00edrus-j\u00e1rv\u00e1ny hazai kezdete a teljes magyar munkaer\u0151piacra jelent\u0151s hat\u00e1ssal volt, \u00edgy a\" \/>\n\t\t<meta property=\"og:url\" content=\"https:\/\/allasorias.hu\/hirek\/mire-szamithatnak-a-palyakezdok\/\" \/>\n\t\t<meta property=\"og:image\" content=\"https:\/\/allasorias.hu\/hirek\/wp-content\/uploads\/2020\/06\/fiatal.jpg\" \/>\n\t\t<meta property=\"og:image:secure_url\" content=\"https:\/\/allasorias.hu\/hirek\/wp-content\/uploads\/2020\/06\/fiatal.jpg\" \/>\n\t\t<meta property=\"og:image:width\" content=\"720\" \/>\n\t\t<meta property=\"og:image:height\" content=\"480\" \/>\n\t\t<meta property=\"article:published_time\" content=\"2021-03-18T11:41:45+00:00\" \/>\n\t\t<meta property=\"article:modified_time\" content=\"2021-03-18T11:41:45+00:00\" \/>\n\t\t<meta property=\"article:publisher\" content=\"https:\/\/www.facebook.com\/allasorias\" \/>\n\t\t<meta name=\"twitter:card\" content=\"summary_large_image\" \/>\n\t\t<meta name=\"twitter:title\" content=\"Mire sz\u00e1m\u00edthatnak a p\u00e1lyakezd\u0151k? | AllasOrias.hu | H\u00edrek-lapszemle\" \/>\n\t\t<meta name=\"twitter:description\" content=\"A koronav\u00edrus-j\u00e1rv\u00e1ny t\u00f6bb szempontb\u00f3l drasztikusan megv\u00e1ltoztatta a munka vil\u00e1g\u00e1t \u00e9s a munkaer\u0151piaci viszonyokat - ez al\u00f3l pedig a p\u00e1lyakezd\u0151k \u00e9s gyakornokok sem kiv\u00e9telek. Arr\u00f3l, hogy pontosan milyen hat\u00e1ssal volt helyzet\u00fckre az elm\u00falt egy \u00e9v, Magyarorsz\u00e1g piacvezet\u0151 \u00e1ll\u00e1sport\u00e1lj\u00e1nak adataib\u00f3l kaphatunk betekint\u00e9st. 2020 m\u00e1rcius\u00e1ban a koronav\u00edrus-j\u00e1rv\u00e1ny hazai kezdete a teljes magyar munkaer\u0151piacra jelent\u0151s hat\u00e1ssal volt, \u00edgy a\" \/>\n\t\t<meta name=\"twitter:image\" content=\"https:\/\/allasorias.hu\/hirek\/wp-content\/uploads\/2020\/06\/fiatal.jpg\" \/>\n\t\t<meta name=\"twitter:label1\" content=\"Written by\" \/>\n\t\t<meta name=\"twitter:data1\" content=\"Juh\u00e1sz P\u00e9ter\" \/>\n\t\t<meta name=\"twitter:label2\" content=\"Est. reading time\" \/>\n\t\t<meta name=\"twitter:data2\" content=\"4 minutes\" \/>\n\t\t<script type=\"application\/ld+json\" class=\"aioseo-schema\">\n\t\t\t{\"@context\":\"https:\\\/\\\/schema.org\",\"@graph\":[{\"@type\":\"Article\",\"@id\":\"https:\\\/\\\/allasorias.hu\\\/hirek\\\/mire-szamithatnak-a-palyakezdok\\\/#article\",\"name\":\"Mire sz\\u00e1m\\u00edthatnak a p\\u00e1lyakezd\\u0151k? | AllasOrias.hu | H\\u00edrek-lapszemle\",\"headline\":\"Mire sz\\u00e1m\\u00edthatnak a p\\u00e1lyakezd\\u0151k?\",\"author\":{\"@id\":\"https:\\\/\\\/allasorias.hu\\\/hirek\\\/author\\\/admin-allasorias\\\/#author\"},\"publisher\":{\"@id\":\"https:\\\/\\\/allasorias.hu\\\/hirek\\\/#organization\"},\"image\":{\"@type\":\"ImageObject\",\"url\":\"https:\\\/\\\/allasorias.hu\\\/hirek\\\/wp-content\\\/uploads\\\/2020\\\/06\\\/fiatal.jpg\",\"width\":720,\"height\":480,\"caption\":\"Young pretty business woman with notebook in the office\"},\"datePublished\":\"2021-03-18T11:41:45+02:00\",\"dateModified\":\"2021-03-18T11:41:45+02:00\",\"inLanguage\":\"hu-HU\",\"mainEntityOfPage\":{\"@id\":\"https:\\\/\\\/allasorias.hu\\\/hirek\\\/mire-szamithatnak-a-palyakezdok\\\/#webpage\"},\"isPartOf\":{\"@id\":\"https:\\\/\\\/allasorias.hu\\\/hirek\\\/mire-szamithatnak-a-palyakezdok\\\/#webpage\"},\"articleSection\":\"Munkaer\\u0151piac\"},{\"@type\":\"BreadcrumbList\",\"@id\":\"https:\\\/\\\/allasorias.hu\\\/hirek\\\/mire-szamithatnak-a-palyakezdok\\\/#breadcrumblist\",\"itemListElement\":[{\"@type\":\"ListItem\",\"@id\":\"https:\\\/\\\/allasorias.hu\\\/hirek#listItem\",\"position\":1,\"name\":\"Home\",\"item\":\"https:\\\/\\\/allasorias.hu\\\/hirek\",\"nextItem\":{\"@type\":\"ListItem\",\"@id\":\"https:\\\/\\\/allasorias.hu\\\/hirek\\\/temak\\\/munkaeropiac\\\/#listItem\",\"name\":\"Munkaer\\u0151piac\"}},{\"@type\":\"ListItem\",\"@id\":\"https:\\\/\\\/allasorias.hu\\\/hirek\\\/temak\\\/munkaeropiac\\\/#listItem\",\"position\":2,\"name\":\"Munkaer\\u0151piac\",\"item\":\"https:\\\/\\\/allasorias.hu\\\/hirek\\\/temak\\\/munkaeropiac\\\/\",\"nextItem\":{\"@type\":\"ListItem\",\"@id\":\"https:\\\/\\\/allasorias.hu\\\/hirek\\\/mire-szamithatnak-a-palyakezdok\\\/#listItem\",\"name\":\"Mire sz\\u00e1m\\u00edthatnak a p\\u00e1lyakezd\\u0151k?\"},\"previousItem\":{\"@type\":\"ListItem\",\"@id\":\"https:\\\/\\\/allasorias.hu\\\/hirek#listItem\",\"name\":\"Home\"}},{\"@type\":\"ListItem\",\"@id\":\"https:\\\/\\\/allasorias.hu\\\/hirek\\\/mire-szamithatnak-a-palyakezdok\\\/#listItem\",\"position\":3,\"name\":\"Mire sz\\u00e1m\\u00edthatnak a p\\u00e1lyakezd\\u0151k?\",\"previousItem\":{\"@type\":\"ListItem\",\"@id\":\"https:\\\/\\\/allasorias.hu\\\/hirek\\\/temak\\\/munkaeropiac\\\/#listItem\",\"name\":\"Munkaer\\u0151piac\"}}]},{\"@type\":\"Organization\",\"@id\":\"https:\\\/\\\/allasorias.hu\\\/hirek\\\/#organization\",\"name\":\"AllasOrias.hu | H\\u00edrek-lapszemle\",\"description\":\"\\u00dczleti h\\u00edrek az \\u00e1ll\\u00e1s \\u00e9s a munka vil\\u00e1g\\u00e1b\\u00f3l\",\"url\":\"https:\\\/\\\/allasorias.hu\\\/hirek\\\/\",\"logo\":{\"@type\":\"ImageObject\",\"url\":\"https:\\\/\\\/allasorias.hu\\\/hirek\\\/wp-content\\\/uploads\\\/2022\\\/10\\\/allasorias_site_facebok_logo.png\",\"@id\":\"https:\\\/\\\/allasorias.hu\\\/hirek\\\/mire-szamithatnak-a-palyakezdok\\\/#organizationLogo\"},\"image\":{\"@id\":\"https:\\\/\\\/allasorias.hu\\\/hirek\\\/mire-szamithatnak-a-palyakezdok\\\/#organizationLogo\"},\"sameAs\":[\"https:\\\/\\\/www.facebook.com\\\/allasorias\",\"https:\\\/\\\/www.linkedin.com\\\/company\\\/allasorias\"]},{\"@type\":\"Person\",\"@id\":\"https:\\\/\\\/allasorias.hu\\\/hirek\\\/author\\\/admin-allasorias\\\/#author\",\"url\":\"https:\\\/\\\/allasorias.hu\\\/hirek\\\/author\\\/admin-allasorias\\\/\",\"name\":\"Juh\\u00e1sz P\\u00e9ter\",\"image\":{\"@type\":\"ImageObject\",\"@id\":\"https:\\\/\\\/allasorias.hu\\\/hirek\\\/mire-szamithatnak-a-palyakezdok\\\/#authorImage\",\"url\":\"https:\\\/\\\/secure.gravatar.com\\\/avatar\\\/36e6bcb83148978b992977cb0f54d22feb0cce8a0a849a9410532bb2623ba4c6?s=96&d=mm&r=g\",\"width\":96,\"height\":96,\"caption\":\"Juh\\u00e1sz P\\u00e9ter\"}},{\"@type\":\"WebPage\",\"@id\":\"https:\\\/\\\/allasorias.hu\\\/hirek\\\/mire-szamithatnak-a-palyakezdok\\\/#webpage\",\"url\":\"https:\\\/\\\/allasorias.hu\\\/hirek\\\/mire-szamithatnak-a-palyakezdok\\\/\",\"name\":\"Mire sz\\u00e1m\\u00edthatnak a p\\u00e1lyakezd\\u0151k? | AllasOrias.hu | H\\u00edrek-lapszemle\",\"description\":\"A koronav\\u00edrus-j\\u00e1rv\\u00e1ny t\\u00f6bb szempontb\\u00f3l drasztikusan megv\\u00e1ltoztatta a munka vil\\u00e1g\\u00e1t \\u00e9s a munkaer\\u0151piaci viszonyokat - ez al\\u00f3l pedig a p\\u00e1lyakezd\\u0151k \\u00e9s gyakornokok sem kiv\\u00e9telek. Arr\\u00f3l, hogy pontosan milyen hat\\u00e1ssal volt helyzet\\u00fckre az elm\\u00falt egy \\u00e9v, Magyarorsz\\u00e1g piacvezet\\u0151 \\u00e1ll\\u00e1sport\\u00e1lj\\u00e1nak adataib\\u00f3l kaphatunk betekint\\u00e9st. 2020 m\\u00e1rcius\\u00e1ban a koronav\\u00edrus-j\\u00e1rv\\u00e1ny hazai kezdete a teljes magyar munkaer\\u0151piacra jelent\\u0151s hat\\u00e1ssal volt, \\u00edgy a\",\"inLanguage\":\"hu-HU\",\"isPartOf\":{\"@id\":\"https:\\\/\\\/allasorias.hu\\\/hirek\\\/#website\"},\"breadcrumb\":{\"@id\":\"https:\\\/\\\/allasorias.hu\\\/hirek\\\/mire-szamithatnak-a-palyakezdok\\\/#breadcrumblist\"},\"author\":{\"@id\":\"https:\\\/\\\/allasorias.hu\\\/hirek\\\/author\\\/admin-allasorias\\\/#author\"},\"creator\":{\"@id\":\"https:\\\/\\\/allasorias.hu\\\/hirek\\\/author\\\/admin-allasorias\\\/#author\"},\"image\":{\"@type\":\"ImageObject\",\"url\":\"https:\\\/\\\/allasorias.hu\\\/hirek\\\/wp-content\\\/uploads\\\/2020\\\/06\\\/fiatal.jpg\",\"@id\":\"https:\\\/\\\/allasorias.hu\\\/hirek\\\/mire-szamithatnak-a-palyakezdok\\\/#mainImage\",\"width\":720,\"height\":480,\"caption\":\"Young pretty business woman with notebook in the office\"},\"primaryImageOfPage\":{\"@id\":\"https:\\\/\\\/allasorias.hu\\\/hirek\\\/mire-szamithatnak-a-palyakezdok\\\/#mainImage\"},\"datePublished\":\"2021-03-18T11:41:45+02:00\",\"dateModified\":\"2021-03-18T11:41:45+02:00\"},{\"@type\":\"WebSite\",\"@id\":\"https:\\\/\\\/allasorias.hu\\\/hirek\\\/#website\",\"url\":\"https:\\\/\\\/allasorias.hu\\\/hirek\\\/\",\"name\":\"AllasOrias.hu | H\\u00edrek-lapszemle\",\"description\":\"\\u00dczleti h\\u00edrek az \\u00e1ll\\u00e1s \\u00e9s a munka vil\\u00e1g\\u00e1b\\u00f3l\",\"inLanguage\":\"hu-HU\",\"publisher\":{\"@id\":\"https:\\\/\\\/allasorias.hu\\\/hirek\\\/#organization\"}}]}\n\t\t<\/script>\n\t\t<!-- All in One SEO -->\n\n","aioseo_head_json":{"title":"Mire sz\u00e1m\u00edthatnak a p\u00e1lyakezd\u0151k? | AllasOrias.hu | H\u00edrek-lapszemle","description":"A koronav\u00edrus-j\u00e1rv\u00e1ny t\u00f6bb szempontb\u00f3l drasztikusan megv\u00e1ltoztatta a munka vil\u00e1g\u00e1t \u00e9s a munkaer\u0151piaci viszonyokat - ez al\u00f3l pedig a p\u00e1lyakezd\u0151k \u00e9s gyakornokok sem kiv\u00e9telek. Arr\u00f3l, hogy pontosan milyen hat\u00e1ssal volt helyzet\u00fckre az elm\u00falt egy \u00e9v, Magyarorsz\u00e1g piacvezet\u0151 \u00e1ll\u00e1sport\u00e1lj\u00e1nak adataib\u00f3l kaphatunk betekint\u00e9st. 2020 m\u00e1rcius\u00e1ban a koronav\u00edrus-j\u00e1rv\u00e1ny hazai kezdete a teljes magyar munkaer\u0151piacra jelent\u0151s hat\u00e1ssal volt, \u00edgy a","canonical_url":"https:\/\/allasorias.hu\/hirek\/mire-szamithatnak-a-palyakezdok\/","robots":"max-image-preview:large","keywords":"","webmasterTools":{"miscellaneous":""},"schema":{"@context":"https:\/\/schema.org","@graph":[{"@type":"Article","@id":"https:\/\/allasorias.hu\/hirek\/mire-szamithatnak-a-palyakezdok\/#article","name":"Mire sz\u00e1m\u00edthatnak a p\u00e1lyakezd\u0151k? | AllasOrias.hu | H\u00edrek-lapszemle","headline":"Mire sz\u00e1m\u00edthatnak a p\u00e1lyakezd\u0151k?","author":{"@id":"https:\/\/allasorias.hu\/hirek\/author\/admin-allasorias\/#author"},"publisher":{"@id":"https:\/\/allasorias.hu\/hirek\/#organization"},"image":{"@type":"ImageObject","url":"https:\/\/allasorias.hu\/hirek\/wp-content\/uploads\/2020\/06\/fiatal.jpg","width":720,"height":480,"caption":"Young pretty business woman with notebook in the office"},"datePublished":"2021-03-18T11:41:45+02:00","dateModified":"2021-03-18T11:41:45+02:00","inLanguage":"hu-HU","mainEntityOfPage":{"@id":"https:\/\/allasorias.hu\/hirek\/mire-szamithatnak-a-palyakezdok\/#webpage"},"isPartOf":{"@id":"https:\/\/allasorias.hu\/hirek\/mire-szamithatnak-a-palyakezdok\/#webpage"},"articleSection":"Munkaer\u0151piac"},{"@type":"BreadcrumbList","@id":"https:\/\/allasorias.hu\/hirek\/mire-szamithatnak-a-palyakezdok\/#breadcrumblist","itemListElement":[{"@type":"ListItem","@id":"https:\/\/allasorias.hu\/hirek#listItem","position":1,"name":"Home","item":"https:\/\/allasorias.hu\/hirek","nextItem":{"@type":"ListItem","@id":"https:\/\/allasorias.hu\/hirek\/temak\/munkaeropiac\/#listItem","name":"Munkaer\u0151piac"}},{"@type":"ListItem","@id":"https:\/\/allasorias.hu\/hirek\/temak\/munkaeropiac\/#listItem","position":2,"name":"Munkaer\u0151piac","item":"https:\/\/allasorias.hu\/hirek\/temak\/munkaeropiac\/","nextItem":{"@type":"ListItem","@id":"https:\/\/allasorias.hu\/hirek\/mire-szamithatnak-a-palyakezdok\/#listItem","name":"Mire sz\u00e1m\u00edthatnak a p\u00e1lyakezd\u0151k?"},"previousItem":{"@type":"ListItem","@id":"https:\/\/allasorias.hu\/hirek#listItem","name":"Home"}},{"@type":"ListItem","@id":"https:\/\/allasorias.hu\/hirek\/mire-szamithatnak-a-palyakezdok\/#listItem","position":3,"name":"Mire sz\u00e1m\u00edthatnak a p\u00e1lyakezd\u0151k?","previousItem":{"@type":"ListItem","@id":"https:\/\/allasorias.hu\/hirek\/temak\/munkaeropiac\/#listItem","name":"Munkaer\u0151piac"}}]},{"@type":"Organization","@id":"https:\/\/allasorias.hu\/hirek\/#organization","name":"AllasOrias.hu | H\u00edrek-lapszemle","description":"\u00dczleti h\u00edrek az \u00e1ll\u00e1s \u00e9s a munka vil\u00e1g\u00e1b\u00f3l","url":"https:\/\/allasorias.hu\/hirek\/","logo":{"@type":"ImageObject","url":"https:\/\/allasorias.hu\/hirek\/wp-content\/uploads\/2022\/10\/allasorias_site_facebok_logo.png","@id":"https:\/\/allasorias.hu\/hirek\/mire-szamithatnak-a-palyakezdok\/#organizationLogo"},"image":{"@id":"https:\/\/allasorias.hu\/hirek\/mire-szamithatnak-a-palyakezdok\/#organizationLogo"},"sameAs":["https:\/\/www.facebook.com\/allasorias","https:\/\/www.linkedin.com\/company\/allasorias"]},{"@type":"Person","@id":"https:\/\/allasorias.hu\/hirek\/author\/admin-allasorias\/#author","url":"https:\/\/allasorias.hu\/hirek\/author\/admin-allasorias\/","name":"Juh\u00e1sz P\u00e9ter","image":{"@type":"ImageObject","@id":"https:\/\/allasorias.hu\/hirek\/mire-szamithatnak-a-palyakezdok\/#authorImage","url":"https:\/\/secure.gravatar.com\/avatar\/36e6bcb83148978b992977cb0f54d22feb0cce8a0a849a9410532bb2623ba4c6?s=96&d=mm&r=g","width":96,"height":96,"caption":"Juh\u00e1sz P\u00e9ter"}},{"@type":"WebPage","@id":"https:\/\/allasorias.hu\/hirek\/mire-szamithatnak-a-palyakezdok\/#webpage","url":"https:\/\/allasorias.hu\/hirek\/mire-szamithatnak-a-palyakezdok\/","name":"Mire sz\u00e1m\u00edthatnak a p\u00e1lyakezd\u0151k? | AllasOrias.hu | H\u00edrek-lapszemle","description":"A koronav\u00edrus-j\u00e1rv\u00e1ny t\u00f6bb szempontb\u00f3l drasztikusan megv\u00e1ltoztatta a munka vil\u00e1g\u00e1t \u00e9s a munkaer\u0151piaci viszonyokat - ez al\u00f3l pedig a p\u00e1lyakezd\u0151k \u00e9s gyakornokok sem kiv\u00e9telek. Arr\u00f3l, hogy pontosan milyen hat\u00e1ssal volt helyzet\u00fckre az elm\u00falt egy \u00e9v, Magyarorsz\u00e1g piacvezet\u0151 \u00e1ll\u00e1sport\u00e1lj\u00e1nak adataib\u00f3l kaphatunk betekint\u00e9st. 2020 m\u00e1rcius\u00e1ban a koronav\u00edrus-j\u00e1rv\u00e1ny hazai kezdete a teljes magyar munkaer\u0151piacra jelent\u0151s hat\u00e1ssal volt, \u00edgy a","inLanguage":"hu-HU","isPartOf":{"@id":"https:\/\/allasorias.hu\/hirek\/#website"},"breadcrumb":{"@id":"https:\/\/allasorias.hu\/hirek\/mire-szamithatnak-a-palyakezdok\/#breadcrumblist"},"author":{"@id":"https:\/\/allasorias.hu\/hirek\/author\/admin-allasorias\/#author"},"creator":{"@id":"https:\/\/allasorias.hu\/hirek\/author\/admin-allasorias\/#author"},"image":{"@type":"ImageObject","url":"https:\/\/allasorias.hu\/hirek\/wp-content\/uploads\/2020\/06\/fiatal.jpg","@id":"https:\/\/allasorias.hu\/hirek\/mire-szamithatnak-a-palyakezdok\/#mainImage","width":720,"height":480,"caption":"Young pretty business woman with notebook in the office"},"primaryImageOfPage":{"@id":"https:\/\/allasorias.hu\/hirek\/mire-szamithatnak-a-palyakezdok\/#mainImage"},"datePublished":"2021-03-18T11:41:45+02:00","dateModified":"2021-03-18T11:41:45+02:00"},{"@type":"WebSite","@id":"https:\/\/allasorias.hu\/hirek\/#website","url":"https:\/\/allasorias.hu\/hirek\/","name":"AllasOrias.hu | H\u00edrek-lapszemle","description":"\u00dczleti h\u00edrek az \u00e1ll\u00e1s \u00e9s a munka vil\u00e1g\u00e1b\u00f3l","inLanguage":"hu-HU","publisher":{"@id":"https:\/\/allasorias.hu\/hirek\/#organization"}}]},"og:locale":"hu_HU","og:site_name":"AllasOrias.hu | H\u00edrek-lapszemle | \u00dczleti h\u00edrek az \u00e1ll\u00e1s \u00e9s a munka vil\u00e1g\u00e1b\u00f3l","og:type":"article","og:title":"Mire sz\u00e1m\u00edthatnak a p\u00e1lyakezd\u0151k? | AllasOrias.hu | H\u00edrek-lapszemle","og:description":"A koronav\u00edrus-j\u00e1rv\u00e1ny t\u00f6bb szempontb\u00f3l drasztikusan megv\u00e1ltoztatta a munka vil\u00e1g\u00e1t \u00e9s a munkaer\u0151piaci viszonyokat - ez al\u00f3l pedig a p\u00e1lyakezd\u0151k \u00e9s gyakornokok sem kiv\u00e9telek. Arr\u00f3l, hogy pontosan milyen hat\u00e1ssal volt helyzet\u00fckre az elm\u00falt egy \u00e9v, Magyarorsz\u00e1g piacvezet\u0151 \u00e1ll\u00e1sport\u00e1lj\u00e1nak adataib\u00f3l kaphatunk betekint\u00e9st. 2020 m\u00e1rcius\u00e1ban a koronav\u00edrus-j\u00e1rv\u00e1ny hazai kezdete a teljes magyar munkaer\u0151piacra jelent\u0151s hat\u00e1ssal volt, \u00edgy a","og:url":"https:\/\/allasorias.hu\/hirek\/mire-szamithatnak-a-palyakezdok\/","og:image":"https:\/\/allasorias.hu\/hirek\/wp-content\/uploads\/2020\/06\/fiatal.jpg","og:image:secure_url":"https:\/\/allasorias.hu\/hirek\/wp-content\/uploads\/2020\/06\/fiatal.jpg","og:image:width":720,"og:image:height":480,"article:published_time":"2021-03-18T11:41:45+00:00","article:modified_time":"2021-03-18T11:41:45+00:00","article:publisher":"https:\/\/www.facebook.com\/allasorias","twitter:card":"summary_large_image","twitter:title":"Mire sz\u00e1m\u00edthatnak a p\u00e1lyakezd\u0151k? | AllasOrias.hu | H\u00edrek-lapszemle","twitter:description":"A koronav\u00edrus-j\u00e1rv\u00e1ny t\u00f6bb szempontb\u00f3l drasztikusan megv\u00e1ltoztatta a munka vil\u00e1g\u00e1t \u00e9s a munkaer\u0151piaci viszonyokat - ez al\u00f3l pedig a p\u00e1lyakezd\u0151k \u00e9s gyakornokok sem kiv\u00e9telek. Arr\u00f3l, hogy pontosan milyen hat\u00e1ssal volt helyzet\u00fckre az elm\u00falt egy \u00e9v, Magyarorsz\u00e1g piacvezet\u0151 \u00e1ll\u00e1sport\u00e1lj\u00e1nak adataib\u00f3l kaphatunk betekint\u00e9st. 2020 m\u00e1rcius\u00e1ban a koronav\u00edrus-j\u00e1rv\u00e1ny hazai kezdete a teljes magyar munkaer\u0151piacra jelent\u0151s hat\u00e1ssal volt, \u00edgy a","twitter:image":"https:\/\/allasorias.hu\/hirek\/wp-content\/uploads\/2020\/06\/fiatal.jpg","twitter:label1":"Written by","twitter:data1":"Juh\u00e1sz P\u00e9ter","twitter:label2":"Est. reading time","twitter:data2":"4 minutes"},"aioseo_meta_data":{"post_id":"4655","title":null,"description":null,"keywords":[],"keyphrases":{"focus":[],"additional":[]},"primary_term":null,"canonical_url":null,"og_title":null,"og_description":null,"og_object_type":"default","og_image_type":"default","og_image_url":null,"og_image_width":null,"og_image_height":null,"og_image_custom_url":null,"og_image_custom_fields":null,"og_video":"","og_custom_url":null,"og_article_section":null,"og_article_tags":[],"twitter_use_og":false,"twitter_card":"default","twitter_image_type":"default","twitter_image_url":null,"twitter_image_custom_url":null,"twitter_image_custom_fields":null,"twitter_title":null,"twitter_description":null,"schema":{"blockGraphs":[],"customGraphs":[],"default":{"data":{"Article":[],"Course":[],"Dataset":[],"FAQPage":[],"Movie":[],"Person":[],"Product":[],"ProductReview":[],"Car":[],"Recipe":[],"Service":[],"SoftwareApplication":[],"WebPage":[]},"graphName":"","isEnabled":true},"graphs":[],"defaultGraph":"","defaultPostTypeGraph":""},"schema_type":"none","schema_type_options":"{\"webPage\":{\"webPageType\":\"WebPage\"},\"article\":{\"articleType\":\"BlogPosting\"},\"book\":[],\"course\":[],\"event\":[],\"jobPosting\":[],\"music\":[],\"person\":[],\"product\":[],\"recipe\":[],\"restaurant\":[],\"service\":[],\"software\":[],\"video\":[]}","pillar_content":false,"robots_default":true,"robots_noindex":false,"robots_noarchive":false,"robots_nosnippet":false,"robots_nofollow":false,"robots_noimageindex":false,"robots_noodp":false,"robots_notranslate":false,"robots_max_snippet":"-1","robots_max_videopreview":"-1","robots_max_imagepreview":"large","priority":null,"frequency":"default","location":null,"local_seo":{"businessInfo":{"name":"","urls":{"website":"","aboutPage":"","contactPage":""},"address":{"line1":"","line2":"","zip":"","city":"","state":"","country":""},"contact":{"email":"","phone":"","fax":""},"ids":{"vatID":"","taxID":"","chamberID":""},"payment":{"priceIndication":"","currenciesAccepted":"","methodsAccepted":""},"areaServed":""},"openingHours":{"show":false,"closedLabel":"","open24h":false,"open24hLabel":"","open247":false,"use24hFormat":false,"twoSets":false,"timezone":"","hours":[]}},"breadcrumb_settings":null,"limit_modified_date":false,"ai":null,"created":"2021-03-18 11:36:01","updated":"2025-10-02 15:31:03","seo_analyzer_scan_date":null,"focus_keyword":null,"additional_keywords":null,"truseo_locale":null},"aioseo_breadcrumb":"<div class=\"aioseo-breadcrumbs\"><span class=\"aioseo-breadcrumb\">\n\t\t\t<a href=\"https:\/\/allasorias.hu\/hirek\" title=\"Home\">Home<\/a>\n\t\t<\/span><span class=\"aioseo-breadcrumb-separator\">&raquo;<\/span><span class=\"aioseo-breadcrumb\">\n\t\t\t<a href=\"https:\/\/allasorias.hu\/hirek\/temak\/munkaeropiac\/\" title=\"Munkaer\u0151piac\">Munkaer\u0151piac<\/a>\n\t\t<\/span><span class=\"aioseo-breadcrumb-separator\">&raquo;<\/span><span class=\"aioseo-breadcrumb\">\n\t\t\tMire sz\u00e1m\u00edthatnak a p\u00e1lyakezd\u0151k?\n\t\t<\/span><\/div>","aioseo_breadcrumb_json":[{"label":"Home","link":"https:\/\/allasorias.hu\/hirek"},{"label":"Munkaer\u0151piac","link":"https:\/\/allasorias.hu\/hirek\/temak\/munkaeropiac\/"},{"label":"Mire sz\u00e1m\u00edthatnak a p\u00e1lyakezd\u0151k?","link":"https:\/\/allasorias.hu\/hirek\/mire-szamithatnak-a-palyakezdok\/"}],"_links":{"self":[{"href":"https:\/\/allasorias.hu\/hirek\/wp-json\/wp\/v2\/posts\/4655","targetHints":{"allow":["GET"]}}],"collection":[{"href":"https:\/\/allasorias.hu\/hirek\/wp-json\/wp\/v2\/posts"}],"about":[{"href":"https:\/\/allasorias.hu\/hirek\/wp-json\/wp\/v2\/types\/post"}],"author":[{"embeddable":true,"href":"https:\/\/allasorias.hu\/hirek\/wp-json\/wp\/v2\/users\/1"}],"replies":[{"embeddable":true,"href":"https:\/\/allasorias.hu\/hirek\/wp-json\/wp\/v2\/comments?post=4655"}],"version-history":[{"count":1,"href":"https:\/\/allasorias.hu\/hirek\/wp-json\/wp\/v2\/posts\/4655\/revisions"}],"predecessor-version":[{"id":4656,"href":"https:\/\/allasorias.hu\/hirek\/wp-json\/wp\/v2\/posts\/4655\/revisions\/4656"}],"wp:featuredmedia":[{"embeddable":true,"href":"https:\/\/allasorias.hu\/hirek\/wp-json\/wp\/v2\/media\/4026"}],"wp:attachment":[{"href":"https:\/\/allasorias.hu\/hirek\/wp-json\/wp\/v2\/media?parent=4655"}],"wp:term":[{"taxonomy":"category","embeddable":true,"href":"https:\/\/allasorias.hu\/hirek\/wp-json\/wp\/v2\/categories?post=4655"},{"taxonomy":"post_tag","embeddable":true,"href":"https:\/\/allasorias.hu\/hirek\/wp-json\/wp\/v2\/tags?post=4655"}],"curies":[{"name":"wp","href":"https:\/\/api.w.org\/{rel}","templated":true}]}}