{"id":4647,"date":"2021-03-16T09:17:08","date_gmt":"2021-03-16T09:17:08","guid":{"rendered":"https:\/\/allasorias.hu\/hirek\/?p=4647"},"modified":"2021-03-16T09:17:08","modified_gmt":"2021-03-16T09:17:08","slug":"varjak-a-jelentkezoket-az-it-szektorban-de-csak-a-fiatalok-kellenek","status":"publish","type":"post","link":"https:\/\/allasorias.hu\/hirek\/varjak-a-jelentkezoket-az-it-szektorban-de-csak-a-fiatalok-kellenek\/","title":{"rendered":"V\u00e1rj\u00e1k a jelentkez\u0151ket az IT szektorban, de csak a fiatalok kellenek"},"content":{"rendered":"<p><strong>Az IT szektorban az id\u0151s\u00f6d\u0151 koroszt\u00e1lyt nem els\u0151sorban a munkan\u00e9lk\u00fclis\u00e9g s\u00fajtja, legt\u00f6bben kisebb-nagyobb sikerrel alv\u00e1llalkoz\u00f3k\u00e9nt dolgoznak, \u00e9s nagyon sokan vannak, akik Magyarorsz\u00e1gr\u00f3l ugyan, de k\u00fclf\u00f6ldre, k\u00fclf\u00f6ldi c\u00e9gnek dolgoznak.<\/strong> <strong>\u00c9vr\u0151l \u00e9vre\u00a0 duzzad a munkaer\u0151hi\u00e1ny az infokommunik\u00e1ci\u00f3s szektorban \u00e9s 50 \u00e9v felett bizony\u00edtottan sokkal nehezebb elhelyezkedni a munkaer\u0151piacon m\u00e9g akkor is, ha az ember rendelkezik hasznos \u00e9s keresett tud\u00e1ssal.<\/strong><\/p>\n<p>A P\u00e9nzcentrum szak\u00e9rt\u0151 seg\u00edts\u00e9g\u00e9vel j\u00e1rt ut\u00e1na, mi lehet ennek az oka \u00e9s m\u00e9gis milyen el\u0151ny\u00f6kkel j\u00e1rna az X gener\u00e1ci\u00f3 alkalmaz\u00e1sa a munk\u00e1ltat\u00f3k sz\u00e1m\u00e1ra. &#8222;Az informatikai szakember-kibocs\u00e1t\u00e1s \u00e9vente kb. 9 ezer f\u0151, a piac azonban 1 \u00e9ven bel\u00fcl kb. 18 ezer, 2 \u00e9ven bel\u00fcl potenci\u00e1lisan 44 ezer informatikai szakembert venne fel, amennyiben rendelkez\u00e9sre \u00e1llna megfelel\u0151 mennyis\u00e9g\u0171 \u00e9s min\u0151s\u00e9g\u0171 informatikai munkaer\u0151. Ez k\u00e9t \u00e9ven bel\u00fcl ak\u00e1r 26 ezer f\u0151s munkaer\u0151hi\u00e1nyt eredm\u00e9nyezhet&#8221; &#8211; mondta Kudari N\u00f3ra, az IVSZ szak\u00e9rt\u0151je a P\u00e9nzcentrumnak. Kit\u00e9rt arra is, az IT szektorban az id\u0151s\u00f6d\u0151 koroszt\u00e1lyt nem els\u0151sorban a munkan\u00e9lk\u00fclis\u00e9g s\u00fajtja, legt\u00f6bben kisebb-nagyobb sikerrel alv\u00e1llalkoz\u00f3k\u00e9nt dolgoznak, \u00e9s nagyon sokan vannak, akik Magyarorsz\u00e1gr\u00f3l ugyan, de k\u00fclf\u00f6ldre, k\u00fclf\u00f6ldi c\u00e9gnek dolgoznak. A szakember kit\u00e9rt arra is, melyek azok a tulajdons\u00e1gok, amelyek egy 50 \u00e9vn\u00e9l id\u0151sebb informatikust alkalmasabb\u00e1 tesznek bizonyos munkak\u00f6r\u00f6k ell\u00e1t\u00e1s\u00e1ra, mint fiatalabb koll\u00e9g\u00e1ikat, \u00e9s hogy mi\u00e9rt j\u00e1r hossz\u00fa t\u00e1von gazdas\u00e1gi el\u0151ny\u00f6kkel az id\u0151sebb gener\u00e1ci\u00f3 alkalmaz\u00e1sa.&#8221;A t\u00e9vhitekkel ellent\u00e9tben az \u00e9letkor n\u00f6veked\u00e9s\u00e9vel a tanul\u00e1s eredm\u00e9nyess\u00e9g\u00e9re val\u00f3 k\u00e9pess\u00e9g nem cs\u00f6kken, csup\u00e1n az ismeretek elsaj\u00e1t\u00edt\u00e1s\u00e1nak m\u00f3dja v\u00e1ltozik, valamint a reakci\u00f3id\u0151 \u00e9s rekre\u00e1ci\u00f3s id\u0151 n\u00f6vekszik&#8221; &#8211; jegyezte meg. A cikket teljes terjedelm\u00e9ben itt lehet elolvasni.<\/p>\n<p>Forr\u00e1s: portfolio.hu<\/p>\n","protected":false},"excerpt":{"rendered":"<p>Az IT szektorban az id\u0151s\u00f6d\u0151 koroszt\u00e1lyt nem els\u0151sorban a munkan\u00e9lk\u00fclis\u00e9g s\u00fajtja, legt\u00f6bben kisebb-nagyobb sikerrel alv\u00e1llalkoz\u00f3k\u00e9nt dolgoznak, \u00e9s nagyon sokan vannak, akik Magyarorsz\u00e1gr\u00f3l ugyan, de k\u00fclf\u00f6ldre, k\u00fclf\u00f6ldi c\u00e9gnek dolgoznak. \u00c9vr\u0151l \u00e9vre\u00a0 duzzad a munkaer\u0151hi\u00e1ny az infokommunik\u00e1ci\u00f3s szektorban \u00e9s 50 \u00e9v felett bizony\u00edtottan sokkal nehezebb elhelyezkedni a munkaer\u0151piacon m\u00e9g akkor is, ha az ember rendelkezik hasznos \u00e9s [&hellip;]<\/p>\n","protected":false},"author":1,"featured_media":4648,"comment_status":"open","ping_status":"open","sticky":false,"template":"","format":"standard","meta":{"_monsterinsights_skip_tracking":false,"footnotes":""},"categories":[203,200],"tags":[],"class_list":["post-4647","post","type-post","status-publish","format-standard","has-post-thumbnail","hentry","category-hianyszakmak","category-munkaeropiac"],"aioseo_notices":[],"aioseo_head":"\n\t\t<!-- All in One SEO 5.0.0.1 - aioseo.com -->\n\t<meta name=\"description\" content=\"Az IT szektorban az id\u0151s\u00f6d\u0151 koroszt\u00e1lyt nem els\u0151sorban a munkan\u00e9lk\u00fclis\u00e9g s\u00fajtja, legt\u00f6bben kisebb-nagyobb sikerrel alv\u00e1llalkoz\u00f3k\u00e9nt dolgoznak, \u00e9s nagyon sokan vannak, akik Magyarorsz\u00e1gr\u00f3l ugyan, de k\u00fclf\u00f6ldre, k\u00fclf\u00f6ldi c\u00e9gnek dolgoznak. \u00c9vr\u0151l \u00e9vre duzzad a munkaer\u0151hi\u00e1ny az infokommunik\u00e1ci\u00f3s szektorban \u00e9s 50 \u00e9v felett bizony\u00edtottan sokkal nehezebb elhelyezkedni a munkaer\u0151piacon m\u00e9g akkor is, ha az ember rendelkezik hasznos \u00e9s\" \/>\n\t<meta name=\"robots\" content=\"max-image-preview:large\" \/>\n\t<meta name=\"author\" content=\"Juh\u00e1sz P\u00e9ter\"\/>\n\t<link rel=\"canonical\" href=\"https:\/\/allasorias.hu\/hirek\/varjak-a-jelentkezoket-az-it-szektorban-de-csak-a-fiatalok-kellenek\/\" \/>\n\t<meta name=\"generator\" content=\"All in One SEO (AIOSEO) 5.0.0.1\" \/>\n\t\t<meta property=\"og:locale\" content=\"hu_HU\" \/>\n\t\t<meta property=\"og:site_name\" content=\"AllasOrias.hu | H\u00edrek-lapszemle | \u00dczleti h\u00edrek az \u00e1ll\u00e1s \u00e9s a munka vil\u00e1g\u00e1b\u00f3l\" \/>\n\t\t<meta property=\"og:type\" content=\"article\" \/>\n\t\t<meta property=\"og:title\" content=\"V\u00e1rj\u00e1k a jelentkez\u0151ket az IT szektorban, de csak a fiatalok kellenek | AllasOrias.hu | H\u00edrek-lapszemle\" \/>\n\t\t<meta property=\"og:description\" content=\"Az IT szektorban az id\u0151s\u00f6d\u0151 koroszt\u00e1lyt nem els\u0151sorban a munkan\u00e9lk\u00fclis\u00e9g s\u00fajtja, legt\u00f6bben kisebb-nagyobb sikerrel alv\u00e1llalkoz\u00f3k\u00e9nt dolgoznak, \u00e9s nagyon sokan vannak, akik Magyarorsz\u00e1gr\u00f3l ugyan, de k\u00fclf\u00f6ldre, k\u00fclf\u00f6ldi c\u00e9gnek dolgoznak. \u00c9vr\u0151l \u00e9vre duzzad a munkaer\u0151hi\u00e1ny az infokommunik\u00e1ci\u00f3s szektorban \u00e9s 50 \u00e9v felett bizony\u00edtottan sokkal nehezebb elhelyezkedni a munkaer\u0151piacon m\u00e9g akkor is, ha az ember rendelkezik hasznos \u00e9s\" \/>\n\t\t<meta property=\"og:url\" content=\"https:\/\/allasorias.hu\/hirek\/varjak-a-jelentkezoket-az-it-szektorban-de-csak-a-fiatalok-kellenek\/\" \/>\n\t\t<meta property=\"og:image\" content=\"https:\/\/allasorias.hu\/hirek\/wp-content\/uploads\/2021\/03\/computer-genius-work.jpg\" \/>\n\t\t<meta property=\"og:image:secure_url\" content=\"https:\/\/allasorias.hu\/hirek\/wp-content\/uploads\/2021\/03\/computer-genius-work.jpg\" \/>\n\t\t<meta property=\"og:image:width\" content=\"1920\" \/>\n\t\t<meta property=\"og:image:height\" content=\"1281\" \/>\n\t\t<meta property=\"article:published_time\" content=\"2021-03-16T09:17:08+00:00\" \/>\n\t\t<meta property=\"article:modified_time\" content=\"2021-03-16T09:17:08+00:00\" \/>\n\t\t<meta property=\"article:publisher\" content=\"https:\/\/www.facebook.com\/allasorias\" \/>\n\t\t<meta name=\"twitter:card\" content=\"summary_large_image\" \/>\n\t\t<meta name=\"twitter:title\" content=\"V\u00e1rj\u00e1k a jelentkez\u0151ket az IT szektorban, de csak a fiatalok kellenek | AllasOrias.hu | H\u00edrek-lapszemle\" \/>\n\t\t<meta name=\"twitter:description\" content=\"Az IT szektorban az id\u0151s\u00f6d\u0151 koroszt\u00e1lyt nem els\u0151sorban a munkan\u00e9lk\u00fclis\u00e9g s\u00fajtja, legt\u00f6bben kisebb-nagyobb sikerrel alv\u00e1llalkoz\u00f3k\u00e9nt dolgoznak, \u00e9s nagyon sokan vannak, akik Magyarorsz\u00e1gr\u00f3l ugyan, de k\u00fclf\u00f6ldre, k\u00fclf\u00f6ldi c\u00e9gnek dolgoznak. \u00c9vr\u0151l \u00e9vre duzzad a munkaer\u0151hi\u00e1ny az infokommunik\u00e1ci\u00f3s szektorban \u00e9s 50 \u00e9v felett bizony\u00edtottan sokkal nehezebb elhelyezkedni a munkaer\u0151piacon m\u00e9g akkor is, ha az ember rendelkezik hasznos \u00e9s\" \/>\n\t\t<meta name=\"twitter:image\" content=\"https:\/\/allasorias.hu\/hirek\/wp-content\/uploads\/2021\/03\/computer-genius-work.jpg\" \/>\n\t\t<meta name=\"twitter:label1\" content=\"Written by\" \/>\n\t\t<meta name=\"twitter:data1\" content=\"Juh\u00e1sz P\u00e9ter\" \/>\n\t\t<meta name=\"twitter:label2\" content=\"Est. reading time\" \/>\n\t\t<meta name=\"twitter:data2\" content=\"2 minutes\" \/>\n\t\t<script type=\"application\/ld+json\" class=\"aioseo-schema\">\n\t\t\t{\"@context\":\"https:\\\/\\\/schema.org\",\"@graph\":[{\"@type\":\"Article\",\"@id\":\"https:\\\/\\\/allasorias.hu\\\/hirek\\\/varjak-a-jelentkezoket-az-it-szektorban-de-csak-a-fiatalok-kellenek\\\/#article\",\"name\":\"V\\u00e1rj\\u00e1k a jelentkez\\u0151ket az IT szektorban, de csak a fiatalok kellenek | AllasOrias.hu | H\\u00edrek-lapszemle\",\"headline\":\"V\\u00e1rj\\u00e1k a jelentkez\\u0151ket az IT szektorban, de csak a fiatalok kellenek\",\"author\":{\"@id\":\"https:\\\/\\\/allasorias.hu\\\/hirek\\\/author\\\/admin-allasorias\\\/#author\"},\"publisher\":{\"@id\":\"https:\\\/\\\/allasorias.hu\\\/hirek\\\/#organization\"},\"image\":{\"@type\":\"ImageObject\",\"url\":\"https:\\\/\\\/allasorias.hu\\\/hirek\\\/wp-content\\\/uploads\\\/2021\\\/03\\\/computer-genius-work.jpg\",\"width\":1920,\"height\":1281,\"caption\":\"Serious pensive experienced male programmer typing code on computer while working on new software application in modern comfortable office\"},\"datePublished\":\"2021-03-16T09:17:08+02:00\",\"dateModified\":\"2021-03-16T09:17:08+02:00\",\"inLanguage\":\"hu-HU\",\"mainEntityOfPage\":{\"@id\":\"https:\\\/\\\/allasorias.hu\\\/hirek\\\/varjak-a-jelentkezoket-az-it-szektorban-de-csak-a-fiatalok-kellenek\\\/#webpage\"},\"isPartOf\":{\"@id\":\"https:\\\/\\\/allasorias.hu\\\/hirek\\\/varjak-a-jelentkezoket-az-it-szektorban-de-csak-a-fiatalok-kellenek\\\/#webpage\"},\"articleSection\":\"Hi\\u00e1nyszakm\\u00e1k, Munkaer\\u0151piac\"},{\"@type\":\"BreadcrumbList\",\"@id\":\"https:\\\/\\\/allasorias.hu\\\/hirek\\\/varjak-a-jelentkezoket-az-it-szektorban-de-csak-a-fiatalok-kellenek\\\/#breadcrumblist\",\"itemListElement\":[{\"@type\":\"ListItem\",\"@id\":\"https:\\\/\\\/allasorias.hu\\\/hirek#listItem\",\"position\":1,\"name\":\"Home\",\"item\":\"https:\\\/\\\/allasorias.hu\\\/hirek\",\"nextItem\":{\"@type\":\"ListItem\",\"@id\":\"https:\\\/\\\/allasorias.hu\\\/hirek\\\/temak\\\/munkaeropiac\\\/#listItem\",\"name\":\"Munkaer\\u0151piac\"}},{\"@type\":\"ListItem\",\"@id\":\"https:\\\/\\\/allasorias.hu\\\/hirek\\\/temak\\\/munkaeropiac\\\/#listItem\",\"position\":2,\"name\":\"Munkaer\\u0151piac\",\"item\":\"https:\\\/\\\/allasorias.hu\\\/hirek\\\/temak\\\/munkaeropiac\\\/\",\"nextItem\":{\"@type\":\"ListItem\",\"@id\":\"https:\\\/\\\/allasorias.hu\\\/hirek\\\/varjak-a-jelentkezoket-az-it-szektorban-de-csak-a-fiatalok-kellenek\\\/#listItem\",\"name\":\"V\\u00e1rj\\u00e1k a jelentkez\\u0151ket az IT szektorban, de csak a fiatalok kellenek\"},\"previousItem\":{\"@type\":\"ListItem\",\"@id\":\"https:\\\/\\\/allasorias.hu\\\/hirek#listItem\",\"name\":\"Home\"}},{\"@type\":\"ListItem\",\"@id\":\"https:\\\/\\\/allasorias.hu\\\/hirek\\\/varjak-a-jelentkezoket-az-it-szektorban-de-csak-a-fiatalok-kellenek\\\/#listItem\",\"position\":3,\"name\":\"V\\u00e1rj\\u00e1k a jelentkez\\u0151ket az IT szektorban, de csak a fiatalok kellenek\",\"previousItem\":{\"@type\":\"ListItem\",\"@id\":\"https:\\\/\\\/allasorias.hu\\\/hirek\\\/temak\\\/munkaeropiac\\\/#listItem\",\"name\":\"Munkaer\\u0151piac\"}}]},{\"@type\":\"Organization\",\"@id\":\"https:\\\/\\\/allasorias.hu\\\/hirek\\\/#organization\",\"name\":\"AllasOrias.hu | H\\u00edrek-lapszemle\",\"description\":\"\\u00dczleti h\\u00edrek az \\u00e1ll\\u00e1s \\u00e9s a munka vil\\u00e1g\\u00e1b\\u00f3l\",\"url\":\"https:\\\/\\\/allasorias.hu\\\/hirek\\\/\",\"logo\":{\"@type\":\"ImageObject\",\"url\":\"https:\\\/\\\/allasorias.hu\\\/hirek\\\/wp-content\\\/uploads\\\/2022\\\/10\\\/allasorias_site_facebok_logo.png\",\"@id\":\"https:\\\/\\\/allasorias.hu\\\/hirek\\\/varjak-a-jelentkezoket-az-it-szektorban-de-csak-a-fiatalok-kellenek\\\/#organizationLogo\"},\"image\":{\"@id\":\"https:\\\/\\\/allasorias.hu\\\/hirek\\\/varjak-a-jelentkezoket-az-it-szektorban-de-csak-a-fiatalok-kellenek\\\/#organizationLogo\"},\"sameAs\":[\"https:\\\/\\\/www.facebook.com\\\/allasorias\",\"https:\\\/\\\/www.linkedin.com\\\/company\\\/allasorias\"]},{\"@type\":\"Person\",\"@id\":\"https:\\\/\\\/allasorias.hu\\\/hirek\\\/author\\\/admin-allasorias\\\/#author\",\"url\":\"https:\\\/\\\/allasorias.hu\\\/hirek\\\/author\\\/admin-allasorias\\\/\",\"name\":\"Juh\\u00e1sz P\\u00e9ter\",\"image\":{\"@type\":\"ImageObject\",\"@id\":\"https:\\\/\\\/allasorias.hu\\\/hirek\\\/varjak-a-jelentkezoket-az-it-szektorban-de-csak-a-fiatalok-kellenek\\\/#authorImage\",\"url\":\"https:\\\/\\\/secure.gravatar.com\\\/avatar\\\/36e6bcb83148978b992977cb0f54d22feb0cce8a0a849a9410532bb2623ba4c6?s=96&d=mm&r=g\",\"width\":96,\"height\":96,\"caption\":\"Juh\\u00e1sz P\\u00e9ter\"}},{\"@type\":\"WebPage\",\"@id\":\"https:\\\/\\\/allasorias.hu\\\/hirek\\\/varjak-a-jelentkezoket-az-it-szektorban-de-csak-a-fiatalok-kellenek\\\/#webpage\",\"url\":\"https:\\\/\\\/allasorias.hu\\\/hirek\\\/varjak-a-jelentkezoket-az-it-szektorban-de-csak-a-fiatalok-kellenek\\\/\",\"name\":\"V\\u00e1rj\\u00e1k a jelentkez\\u0151ket az IT szektorban, de csak a fiatalok kellenek | AllasOrias.hu | H\\u00edrek-lapszemle\",\"description\":\"Az IT szektorban az id\\u0151s\\u00f6d\\u0151 koroszt\\u00e1lyt nem els\\u0151sorban a munkan\\u00e9lk\\u00fclis\\u00e9g s\\u00fajtja, legt\\u00f6bben kisebb-nagyobb sikerrel alv\\u00e1llalkoz\\u00f3k\\u00e9nt dolgoznak, \\u00e9s nagyon sokan vannak, akik Magyarorsz\\u00e1gr\\u00f3l ugyan, de k\\u00fclf\\u00f6ldre, k\\u00fclf\\u00f6ldi c\\u00e9gnek dolgoznak. \\u00c9vr\\u0151l \\u00e9vre duzzad a munkaer\\u0151hi\\u00e1ny az infokommunik\\u00e1ci\\u00f3s szektorban \\u00e9s 50 \\u00e9v felett bizony\\u00edtottan sokkal nehezebb elhelyezkedni a munkaer\\u0151piacon m\\u00e9g akkor is, ha az ember rendelkezik hasznos \\u00e9s\",\"inLanguage\":\"hu-HU\",\"isPartOf\":{\"@id\":\"https:\\\/\\\/allasorias.hu\\\/hirek\\\/#website\"},\"breadcrumb\":{\"@id\":\"https:\\\/\\\/allasorias.hu\\\/hirek\\\/varjak-a-jelentkezoket-az-it-szektorban-de-csak-a-fiatalok-kellenek\\\/#breadcrumblist\"},\"author\":{\"@id\":\"https:\\\/\\\/allasorias.hu\\\/hirek\\\/author\\\/admin-allasorias\\\/#author\"},\"creator\":{\"@id\":\"https:\\\/\\\/allasorias.hu\\\/hirek\\\/author\\\/admin-allasorias\\\/#author\"},\"image\":{\"@type\":\"ImageObject\",\"url\":\"https:\\\/\\\/allasorias.hu\\\/hirek\\\/wp-content\\\/uploads\\\/2021\\\/03\\\/computer-genius-work.jpg\",\"@id\":\"https:\\\/\\\/allasorias.hu\\\/hirek\\\/varjak-a-jelentkezoket-az-it-szektorban-de-csak-a-fiatalok-kellenek\\\/#mainImage\",\"width\":1920,\"height\":1281,\"caption\":\"Serious pensive experienced male programmer typing code on computer while working on new software application in modern comfortable office\"},\"primaryImageOfPage\":{\"@id\":\"https:\\\/\\\/allasorias.hu\\\/hirek\\\/varjak-a-jelentkezoket-az-it-szektorban-de-csak-a-fiatalok-kellenek\\\/#mainImage\"},\"datePublished\":\"2021-03-16T09:17:08+02:00\",\"dateModified\":\"2021-03-16T09:17:08+02:00\"},{\"@type\":\"WebSite\",\"@id\":\"https:\\\/\\\/allasorias.hu\\\/hirek\\\/#website\",\"url\":\"https:\\\/\\\/allasorias.hu\\\/hirek\\\/\",\"name\":\"AllasOrias.hu | H\\u00edrek-lapszemle\",\"description\":\"\\u00dczleti h\\u00edrek az \\u00e1ll\\u00e1s \\u00e9s a munka vil\\u00e1g\\u00e1b\\u00f3l\",\"inLanguage\":\"hu-HU\",\"publisher\":{\"@id\":\"https:\\\/\\\/allasorias.hu\\\/hirek\\\/#organization\"}}]}\n\t\t<\/script>\n\t\t<!-- All in One SEO -->\n\n","aioseo_head_json":{"title":"V\u00e1rj\u00e1k a jelentkez\u0151ket az IT szektorban, de csak a fiatalok kellenek | AllasOrias.hu | H\u00edrek-lapszemle","description":"Az IT szektorban az id\u0151s\u00f6d\u0151 koroszt\u00e1lyt nem els\u0151sorban a munkan\u00e9lk\u00fclis\u00e9g s\u00fajtja, legt\u00f6bben kisebb-nagyobb sikerrel alv\u00e1llalkoz\u00f3k\u00e9nt dolgoznak, \u00e9s nagyon sokan vannak, akik Magyarorsz\u00e1gr\u00f3l ugyan, de k\u00fclf\u00f6ldre, k\u00fclf\u00f6ldi c\u00e9gnek dolgoznak. \u00c9vr\u0151l \u00e9vre duzzad a munkaer\u0151hi\u00e1ny az infokommunik\u00e1ci\u00f3s szektorban \u00e9s 50 \u00e9v felett bizony\u00edtottan sokkal nehezebb elhelyezkedni a munkaer\u0151piacon m\u00e9g akkor is, ha az ember rendelkezik hasznos \u00e9s","canonical_url":"https:\/\/allasorias.hu\/hirek\/varjak-a-jelentkezoket-az-it-szektorban-de-csak-a-fiatalok-kellenek\/","robots":"max-image-preview:large","keywords":"","webmasterTools":{"miscellaneous":""},"schema":{"@context":"https:\/\/schema.org","@graph":[{"@type":"Article","@id":"https:\/\/allasorias.hu\/hirek\/varjak-a-jelentkezoket-az-it-szektorban-de-csak-a-fiatalok-kellenek\/#article","name":"V\u00e1rj\u00e1k a jelentkez\u0151ket az IT szektorban, de csak a fiatalok kellenek | AllasOrias.hu | H\u00edrek-lapszemle","headline":"V\u00e1rj\u00e1k a jelentkez\u0151ket az IT szektorban, de csak a fiatalok kellenek","author":{"@id":"https:\/\/allasorias.hu\/hirek\/author\/admin-allasorias\/#author"},"publisher":{"@id":"https:\/\/allasorias.hu\/hirek\/#organization"},"image":{"@type":"ImageObject","url":"https:\/\/allasorias.hu\/hirek\/wp-content\/uploads\/2021\/03\/computer-genius-work.jpg","width":1920,"height":1281,"caption":"Serious pensive experienced male programmer typing code on computer while working on new software application in modern comfortable office"},"datePublished":"2021-03-16T09:17:08+02:00","dateModified":"2021-03-16T09:17:08+02:00","inLanguage":"hu-HU","mainEntityOfPage":{"@id":"https:\/\/allasorias.hu\/hirek\/varjak-a-jelentkezoket-az-it-szektorban-de-csak-a-fiatalok-kellenek\/#webpage"},"isPartOf":{"@id":"https:\/\/allasorias.hu\/hirek\/varjak-a-jelentkezoket-az-it-szektorban-de-csak-a-fiatalok-kellenek\/#webpage"},"articleSection":"Hi\u00e1nyszakm\u00e1k, Munkaer\u0151piac"},{"@type":"BreadcrumbList","@id":"https:\/\/allasorias.hu\/hirek\/varjak-a-jelentkezoket-az-it-szektorban-de-csak-a-fiatalok-kellenek\/#breadcrumblist","itemListElement":[{"@type":"ListItem","@id":"https:\/\/allasorias.hu\/hirek#listItem","position":1,"name":"Home","item":"https:\/\/allasorias.hu\/hirek","nextItem":{"@type":"ListItem","@id":"https:\/\/allasorias.hu\/hirek\/temak\/munkaeropiac\/#listItem","name":"Munkaer\u0151piac"}},{"@type":"ListItem","@id":"https:\/\/allasorias.hu\/hirek\/temak\/munkaeropiac\/#listItem","position":2,"name":"Munkaer\u0151piac","item":"https:\/\/allasorias.hu\/hirek\/temak\/munkaeropiac\/","nextItem":{"@type":"ListItem","@id":"https:\/\/allasorias.hu\/hirek\/varjak-a-jelentkezoket-az-it-szektorban-de-csak-a-fiatalok-kellenek\/#listItem","name":"V\u00e1rj\u00e1k a jelentkez\u0151ket az IT szektorban, de csak a fiatalok kellenek"},"previousItem":{"@type":"ListItem","@id":"https:\/\/allasorias.hu\/hirek#listItem","name":"Home"}},{"@type":"ListItem","@id":"https:\/\/allasorias.hu\/hirek\/varjak-a-jelentkezoket-az-it-szektorban-de-csak-a-fiatalok-kellenek\/#listItem","position":3,"name":"V\u00e1rj\u00e1k a jelentkez\u0151ket az IT szektorban, de csak a fiatalok kellenek","previousItem":{"@type":"ListItem","@id":"https:\/\/allasorias.hu\/hirek\/temak\/munkaeropiac\/#listItem","name":"Munkaer\u0151piac"}}]},{"@type":"Organization","@id":"https:\/\/allasorias.hu\/hirek\/#organization","name":"AllasOrias.hu | H\u00edrek-lapszemle","description":"\u00dczleti h\u00edrek az \u00e1ll\u00e1s \u00e9s a munka vil\u00e1g\u00e1b\u00f3l","url":"https:\/\/allasorias.hu\/hirek\/","logo":{"@type":"ImageObject","url":"https:\/\/allasorias.hu\/hirek\/wp-content\/uploads\/2022\/10\/allasorias_site_facebok_logo.png","@id":"https:\/\/allasorias.hu\/hirek\/varjak-a-jelentkezoket-az-it-szektorban-de-csak-a-fiatalok-kellenek\/#organizationLogo"},"image":{"@id":"https:\/\/allasorias.hu\/hirek\/varjak-a-jelentkezoket-az-it-szektorban-de-csak-a-fiatalok-kellenek\/#organizationLogo"},"sameAs":["https:\/\/www.facebook.com\/allasorias","https:\/\/www.linkedin.com\/company\/allasorias"]},{"@type":"Person","@id":"https:\/\/allasorias.hu\/hirek\/author\/admin-allasorias\/#author","url":"https:\/\/allasorias.hu\/hirek\/author\/admin-allasorias\/","name":"Juh\u00e1sz P\u00e9ter","image":{"@type":"ImageObject","@id":"https:\/\/allasorias.hu\/hirek\/varjak-a-jelentkezoket-az-it-szektorban-de-csak-a-fiatalok-kellenek\/#authorImage","url":"https:\/\/secure.gravatar.com\/avatar\/36e6bcb83148978b992977cb0f54d22feb0cce8a0a849a9410532bb2623ba4c6?s=96&d=mm&r=g","width":96,"height":96,"caption":"Juh\u00e1sz P\u00e9ter"}},{"@type":"WebPage","@id":"https:\/\/allasorias.hu\/hirek\/varjak-a-jelentkezoket-az-it-szektorban-de-csak-a-fiatalok-kellenek\/#webpage","url":"https:\/\/allasorias.hu\/hirek\/varjak-a-jelentkezoket-az-it-szektorban-de-csak-a-fiatalok-kellenek\/","name":"V\u00e1rj\u00e1k a jelentkez\u0151ket az IT szektorban, de csak a fiatalok kellenek | AllasOrias.hu | H\u00edrek-lapszemle","description":"Az IT szektorban az id\u0151s\u00f6d\u0151 koroszt\u00e1lyt nem els\u0151sorban a munkan\u00e9lk\u00fclis\u00e9g s\u00fajtja, legt\u00f6bben kisebb-nagyobb sikerrel alv\u00e1llalkoz\u00f3k\u00e9nt dolgoznak, \u00e9s nagyon sokan vannak, akik Magyarorsz\u00e1gr\u00f3l ugyan, de k\u00fclf\u00f6ldre, k\u00fclf\u00f6ldi c\u00e9gnek dolgoznak. \u00c9vr\u0151l \u00e9vre duzzad a munkaer\u0151hi\u00e1ny az infokommunik\u00e1ci\u00f3s szektorban \u00e9s 50 \u00e9v felett bizony\u00edtottan sokkal nehezebb elhelyezkedni a munkaer\u0151piacon m\u00e9g akkor is, ha az ember rendelkezik hasznos \u00e9s","inLanguage":"hu-HU","isPartOf":{"@id":"https:\/\/allasorias.hu\/hirek\/#website"},"breadcrumb":{"@id":"https:\/\/allasorias.hu\/hirek\/varjak-a-jelentkezoket-az-it-szektorban-de-csak-a-fiatalok-kellenek\/#breadcrumblist"},"author":{"@id":"https:\/\/allasorias.hu\/hirek\/author\/admin-allasorias\/#author"},"creator":{"@id":"https:\/\/allasorias.hu\/hirek\/author\/admin-allasorias\/#author"},"image":{"@type":"ImageObject","url":"https:\/\/allasorias.hu\/hirek\/wp-content\/uploads\/2021\/03\/computer-genius-work.jpg","@id":"https:\/\/allasorias.hu\/hirek\/varjak-a-jelentkezoket-az-it-szektorban-de-csak-a-fiatalok-kellenek\/#mainImage","width":1920,"height":1281,"caption":"Serious pensive experienced male programmer typing code on computer while working on new software application in modern comfortable office"},"primaryImageOfPage":{"@id":"https:\/\/allasorias.hu\/hirek\/varjak-a-jelentkezoket-az-it-szektorban-de-csak-a-fiatalok-kellenek\/#mainImage"},"datePublished":"2021-03-16T09:17:08+02:00","dateModified":"2021-03-16T09:17:08+02:00"},{"@type":"WebSite","@id":"https:\/\/allasorias.hu\/hirek\/#website","url":"https:\/\/allasorias.hu\/hirek\/","name":"AllasOrias.hu | H\u00edrek-lapszemle","description":"\u00dczleti h\u00edrek az \u00e1ll\u00e1s \u00e9s a munka vil\u00e1g\u00e1b\u00f3l","inLanguage":"hu-HU","publisher":{"@id":"https:\/\/allasorias.hu\/hirek\/#organization"}}]},"og:locale":"hu_HU","og:site_name":"AllasOrias.hu | H\u00edrek-lapszemle | \u00dczleti h\u00edrek az \u00e1ll\u00e1s \u00e9s a munka vil\u00e1g\u00e1b\u00f3l","og:type":"article","og:title":"V\u00e1rj\u00e1k a jelentkez\u0151ket az IT szektorban, de csak a fiatalok kellenek | AllasOrias.hu | H\u00edrek-lapszemle","og:description":"Az IT szektorban az id\u0151s\u00f6d\u0151 koroszt\u00e1lyt nem els\u0151sorban a munkan\u00e9lk\u00fclis\u00e9g s\u00fajtja, legt\u00f6bben kisebb-nagyobb sikerrel alv\u00e1llalkoz\u00f3k\u00e9nt dolgoznak, \u00e9s nagyon sokan vannak, akik Magyarorsz\u00e1gr\u00f3l ugyan, de k\u00fclf\u00f6ldre, k\u00fclf\u00f6ldi c\u00e9gnek dolgoznak. \u00c9vr\u0151l \u00e9vre duzzad a munkaer\u0151hi\u00e1ny az infokommunik\u00e1ci\u00f3s szektorban \u00e9s 50 \u00e9v felett bizony\u00edtottan sokkal nehezebb elhelyezkedni a munkaer\u0151piacon m\u00e9g akkor is, ha az ember rendelkezik hasznos \u00e9s","og:url":"https:\/\/allasorias.hu\/hirek\/varjak-a-jelentkezoket-az-it-szektorban-de-csak-a-fiatalok-kellenek\/","og:image":"https:\/\/allasorias.hu\/hirek\/wp-content\/uploads\/2021\/03\/computer-genius-work.jpg","og:image:secure_url":"https:\/\/allasorias.hu\/hirek\/wp-content\/uploads\/2021\/03\/computer-genius-work.jpg","og:image:width":1920,"og:image:height":1281,"article:published_time":"2021-03-16T09:17:08+00:00","article:modified_time":"2021-03-16T09:17:08+00:00","article:publisher":"https:\/\/www.facebook.com\/allasorias","twitter:card":"summary_large_image","twitter:title":"V\u00e1rj\u00e1k a jelentkez\u0151ket az IT szektorban, de csak a fiatalok kellenek | AllasOrias.hu | H\u00edrek-lapszemle","twitter:description":"Az IT szektorban az id\u0151s\u00f6d\u0151 koroszt\u00e1lyt nem els\u0151sorban a munkan\u00e9lk\u00fclis\u00e9g s\u00fajtja, legt\u00f6bben kisebb-nagyobb sikerrel alv\u00e1llalkoz\u00f3k\u00e9nt dolgoznak, \u00e9s nagyon sokan vannak, akik Magyarorsz\u00e1gr\u00f3l ugyan, de k\u00fclf\u00f6ldre, k\u00fclf\u00f6ldi c\u00e9gnek dolgoznak. \u00c9vr\u0151l \u00e9vre duzzad a munkaer\u0151hi\u00e1ny az infokommunik\u00e1ci\u00f3s szektorban \u00e9s 50 \u00e9v felett bizony\u00edtottan sokkal nehezebb elhelyezkedni a munkaer\u0151piacon m\u00e9g akkor is, ha az ember rendelkezik hasznos \u00e9s","twitter:image":"https:\/\/allasorias.hu\/hirek\/wp-content\/uploads\/2021\/03\/computer-genius-work.jpg","twitter:label1":"Written by","twitter:data1":"Juh\u00e1sz P\u00e9ter","twitter:label2":"Est. reading time","twitter:data2":"2 minutes"},"aioseo_meta_data":{"post_id":"4647","title":null,"description":null,"keywords":[],"keyphrases":{"focus":[],"additional":[]},"primary_term":null,"canonical_url":null,"og_title":null,"og_description":null,"og_object_type":"default","og_image_type":"default","og_image_url":null,"og_image_width":null,"og_image_height":null,"og_image_custom_url":null,"og_image_custom_fields":null,"og_video":"","og_custom_url":null,"og_article_section":null,"og_article_tags":[],"twitter_use_og":false,"twitter_card":"default","twitter_image_type":"default","twitter_image_url":null,"twitter_image_custom_url":null,"twitter_image_custom_fields":null,"twitter_title":null,"twitter_description":null,"schema":{"blockGraphs":[],"customGraphs":[],"default":{"data":{"Article":[],"Course":[],"Dataset":[],"FAQPage":[],"Movie":[],"Person":[],"Product":[],"ProductReview":[],"Car":[],"Recipe":[],"Service":[],"SoftwareApplication":[],"WebPage":[]},"graphName":"","isEnabled":true},"graphs":[],"defaultGraph":"","defaultPostTypeGraph":""},"schema_type":"none","schema_type_options":"{\"webPage\":{\"webPageType\":\"WebPage\"},\"article\":{\"articleType\":\"BlogPosting\"},\"book\":[],\"course\":[],\"event\":[],\"jobPosting\":[],\"music\":[],\"person\":[],\"product\":[],\"recipe\":[],\"restaurant\":[],\"service\":[],\"software\":[],\"video\":[]}","pillar_content":false,"robots_default":true,"robots_noindex":false,"robots_noarchive":false,"robots_nosnippet":false,"robots_nofollow":false,"robots_noimageindex":false,"robots_noodp":false,"robots_notranslate":false,"robots_max_snippet":"-1","robots_max_videopreview":"-1","robots_max_imagepreview":"large","priority":null,"frequency":"default","location":null,"local_seo":{"businessInfo":{"name":"","urls":{"website":"","aboutPage":"","contactPage":""},"address":{"line1":"","line2":"","zip":"","city":"","state":"","country":""},"contact":{"email":"","phone":"","fax":""},"ids":{"vatID":"","taxID":"","chamberID":""},"payment":{"priceIndication":"","currenciesAccepted":"","methodsAccepted":""},"areaServed":""},"openingHours":{"show":false,"closedLabel":"","open24h":false,"open24hLabel":"","open247":false,"use24hFormat":false,"twoSets":false,"timezone":"","hours":[]}},"breadcrumb_settings":null,"limit_modified_date":false,"ai":null,"created":"2021-03-16 09:15:00","updated":"2025-10-02 15:31:03","seo_analyzer_scan_date":null,"focus_keyword":null,"additional_keywords":null,"truseo_locale":null},"aioseo_breadcrumb":"<div class=\"aioseo-breadcrumbs\"><span class=\"aioseo-breadcrumb\">\n\t\t\t<a href=\"https:\/\/allasorias.hu\/hirek\" title=\"Home\">Home<\/a>\n\t\t<\/span><span class=\"aioseo-breadcrumb-separator\">&raquo;<\/span><span class=\"aioseo-breadcrumb\">\n\t\t\t<a href=\"https:\/\/allasorias.hu\/hirek\/temak\/munkaeropiac\/\" title=\"Munkaer\u0151piac\">Munkaer\u0151piac<\/a>\n\t\t<\/span><span class=\"aioseo-breadcrumb-separator\">&raquo;<\/span><span class=\"aioseo-breadcrumb\">\n\t\t\tV\u00e1rj\u00e1k a jelentkez\u0151ket az IT szektorban, de csak a fiatalok kellenek\n\t\t<\/span><\/div>","aioseo_breadcrumb_json":[{"label":"Home","link":"https:\/\/allasorias.hu\/hirek"},{"label":"Munkaer\u0151piac","link":"https:\/\/allasorias.hu\/hirek\/temak\/munkaeropiac\/"},{"label":"V\u00e1rj\u00e1k a jelentkez\u0151ket az IT szektorban, de csak a fiatalok kellenek","link":"https:\/\/allasorias.hu\/hirek\/varjak-a-jelentkezoket-az-it-szektorban-de-csak-a-fiatalok-kellenek\/"}],"_links":{"self":[{"href":"https:\/\/allasorias.hu\/hirek\/wp-json\/wp\/v2\/posts\/4647","targetHints":{"allow":["GET"]}}],"collection":[{"href":"https:\/\/allasorias.hu\/hirek\/wp-json\/wp\/v2\/posts"}],"about":[{"href":"https:\/\/allasorias.hu\/hirek\/wp-json\/wp\/v2\/types\/post"}],"author":[{"embeddable":true,"href":"https:\/\/allasorias.hu\/hirek\/wp-json\/wp\/v2\/users\/1"}],"replies":[{"embeddable":true,"href":"https:\/\/allasorias.hu\/hirek\/wp-json\/wp\/v2\/comments?post=4647"}],"version-history":[{"count":1,"href":"https:\/\/allasorias.hu\/hirek\/wp-json\/wp\/v2\/posts\/4647\/revisions"}],"predecessor-version":[{"id":4649,"href":"https:\/\/allasorias.hu\/hirek\/wp-json\/wp\/v2\/posts\/4647\/revisions\/4649"}],"wp:featuredmedia":[{"embeddable":true,"href":"https:\/\/allasorias.hu\/hirek\/wp-json\/wp\/v2\/media\/4648"}],"wp:attachment":[{"href":"https:\/\/allasorias.hu\/hirek\/wp-json\/wp\/v2\/media?parent=4647"}],"wp:term":[{"taxonomy":"category","embeddable":true,"href":"https:\/\/allasorias.hu\/hirek\/wp-json\/wp\/v2\/categories?post=4647"},{"taxonomy":"post_tag","embeddable":true,"href":"https:\/\/allasorias.hu\/hirek\/wp-json\/wp\/v2\/tags?post=4647"}],"curies":[{"name":"wp","href":"https:\/\/api.w.org\/{rel}","templated":true}]}}