{"id":4644,"date":"2021-03-12T07:25:35","date_gmt":"2021-03-12T07:25:35","guid":{"rendered":"https:\/\/allasorias.hu\/hirek\/?p=4644"},"modified":"2021-03-12T07:25:35","modified_gmt":"2021-03-12T07:25:35","slug":"veszik-a-hetvegi-hazakat","status":"publish","type":"post","link":"https:\/\/allasorias.hu\/hirek\/veszik-a-hetvegi-hazakat\/","title":{"rendered":"Veszik a h\u00e9tv\u00e9gi h\u00e1zakat"},"content":{"rendered":"<p><strong>Meg\u00e9l\u00e9nk\u00fclt a kereslet a nyaral\u00f3k ir\u00e1nt, az elad\u00f3k esetenk\u00e9nt ink\u00e1bb kiv\u00e1rnak, \u00e9s tavaszra-ny\u00e1rra halasztj\u00e1k az \u00e9rt\u00e9kes\u00edt\u00e9st, b\u00edzva abban, hogy m\u00e9g magasabb \u00e1rat kaphatnak a telk\u00fck\u00e9rt vagy h\u00e9tv\u00e9gi h\u00e1zuk\u00e9rt.Hagyom\u00e1nyosan tavasszal indul a nyaral\u00f3v\u00e1s\u00e1rl\u00e1si szezon, de id\u00e9n m\u00e1r janu\u00e1rban megbolydult a Balaton \u00e9s a Velencei-t\u00f3 ingatlanpiaca. Annyira sokan keresnek nyaral\u00f3t, hogy a k\u00edn\u00e1lat esetenk\u00e9nt nem tud l\u00e9p\u00e9st tartani a kereslettel, \u00edgy kil\u0151ttek az \u00e1rak.<\/strong><\/p>\n<p>Az \u00e9v els\u0151 h\u00f3napj\u00e1t\u00f3l kezdve jelent\u0151s fellend\u00fcl\u00e9s tapasztalhat\u00f3 a Balaton d\u00e9li partj\u00e1n \u00e9s a Velencei-t\u00f3 ingatlanpiac\u00e1n \u2013 \u00e1llap\u00edtotta meg elemz\u00e9s\u00e9ben az OTP Ingatlanpont. mindk\u00e9t ter\u00fclet \u00e1tlag\u00e1rai esetenk\u00e9nt vetekednek a f\u0151v\u00e1rosi \u00e1tlag\u00e1rakkal is, de a jelek szerint ez sem riasztja el az \u00e9rdekl\u0151d\u0151k had\u00e1t. S\u0151t a Velencei-t\u00f3 \u00e9s a balatoni d\u00e9li part piac\u00e1nak olyan szegmensei is vannak, ahol a k\u00edn\u00e1lat m\u00e1r nem tud l\u00e9p\u00e9st tartani a kereslettel. Si\u00f3fokon m\u00e1r janu\u00e1rban megjelentek a nyaral\u00f3t keres\u0151k, \u00e9s az \u00e9rdekl\u0151d\u00e9s febru\u00e1rban sem cs\u00f6kkent. A folyamatosan n\u00f6vekv\u0151 kereslet miatt az \u00faj\u00e9p\u00edt\u00e9s\u0171 ingatlanokn\u00e1l az \u00e1rak ak\u00e1r t\u00f6bbsz\u00f6r\u00f6s\u00fckre is n\u0151hettek. A legkeresettebbek a 100-150 ezer forintos n\u00e9gyzetm\u00e9ter\u00e1rat is el\u00e9r\u0151, be\u00e9p\u00edthet\u0151 v\u00edzparti telkek, de ezek m\u00e1ra szinte teljesen elfogytak. Si\u00f3fok v\u00e1rosi r\u00e9sz\u00e9n is jelent\u0151sen emelkedett egy\u00e9bk\u00e9nt az ingatlanok \u00e9s be\u00e9p\u00edthet\u0151 telkek \u00e1ra. A Velencei-t\u00f3 ink\u00e1bb agglomer\u00e1ci\u00f3. A Velencei-t\u00f3 \u00e9s a k\u00f6rnyez\u0151 telep\u00fcl\u00e9sek helyzete sok szempontb\u00f3l elt\u00e9r a Balaton d\u00e9li partj\u00e1t\u00f3l. A f\u0151v\u00e1ros \u00e9s Sz\u00e9kesfeh\u00e9rv\u00e1r k\u00f6zeli fekv\u00e9se, valamint a j\u00f3 vas\u00fati \u00e9s k\u00f6z\u00fati k\u00f6zleked\u00e9snek k\u00f6sz\u00f6nhet\u0151 gyors el\u00e9rhet\u0151s\u00e9g\u00fck miatt egyre t\u00f6bben tekintenek erre a ter\u00fcletre agglomer\u00e1ci\u00f3k\u00e9nt. Az orsz\u00e1g harmadik legnagyobb term\u00e9szetes tav\u00e1nak partj\u00e1n m\u00e1r az \u00e9v elej\u00e9n meg\u00e9l\u00e9nk\u00fclt a telkek ir\u00e1nti kereslet. A haszn\u00e1lt ingatlanok 500-600 ezer forintos \u00e1tlagos n\u00e9gyzetm\u00e9ter \u00e1ra miatt sokan ink\u00e1bb az \u00faj\u00e9p\u00edt\u00e9s\u0171eket prefer\u00e1lj\u00e1k, ahol szinte mindent a saj\u00e1t \u00edzl\u00e9s\u00fck \u00e9s elv\u00e1r\u00e1saik szerint tudnak kialak\u00edtani. Az elad\u00f3 telkek sz\u00e1ma a helyi szak\u00e9rt\u0151 szerint v\u00e9ges, \u00e9s ezek \u00e1ra is napr\u00f3l-napra emelkedik. Mint hozz\u00e1tette: l\u00e1tva a meg\u00e9l\u00e9nk\u00fclt keresletet, az elad\u00f3k esetenk\u00e9nt ink\u00e1bb kiv\u00e1rnak, \u00e9s tavaszra-ny\u00e1rra halasztj\u00e1k az \u00e9rt\u00e9kes\u00edt\u00e9st, b\u00edzva abban, hogy m\u00e9g magasabb \u00e1rat kaphatnak a telk\u00fck\u00e9rt.<\/p>\n<p>Forr\u00e1s: azenpenzem.hu<\/p>\n<p>&nbsp;<\/p>\n","protected":false},"excerpt":{"rendered":"<p>Meg\u00e9l\u00e9nk\u00fclt a kereslet a nyaral\u00f3k ir\u00e1nt, az elad\u00f3k esetenk\u00e9nt ink\u00e1bb kiv\u00e1rnak, \u00e9s tavaszra-ny\u00e1rra halasztj\u00e1k az \u00e9rt\u00e9kes\u00edt\u00e9st, b\u00edzva abban, hogy m\u00e9g magasabb \u00e1rat kaphatnak a telk\u00fck\u00e9rt vagy h\u00e9tv\u00e9gi h\u00e1zuk\u00e9rt.Hagyom\u00e1nyosan tavasszal indul a nyaral\u00f3v\u00e1s\u00e1rl\u00e1si szezon, de id\u00e9n m\u00e1r janu\u00e1rban megbolydult a Balaton \u00e9s a Velencei-t\u00f3 ingatlanpiaca. Annyira sokan keresnek nyaral\u00f3t, hogy a k\u00edn\u00e1lat esetenk\u00e9nt nem tud l\u00e9p\u00e9st [&hellip;]<\/p>\n","protected":false},"author":1,"featured_media":4645,"comment_status":"open","ping_status":"open","sticky":false,"template":"","format":"standard","meta":{"_monsterinsights_skip_tracking":false,"footnotes":""},"categories":[198],"tags":[],"class_list":["post-4644","post","type-post","status-publish","format-standard","has-post-thumbnail","hentry","category-gazdasag"],"aioseo_notices":[],"aioseo_head":"\n\t\t<!-- All in One SEO 5.0.0.1 - aioseo.com -->\n\t<meta name=\"description\" content=\"Meg\u00e9l\u00e9nk\u00fclt a kereslet a nyaral\u00f3k ir\u00e1nt, az elad\u00f3k esetenk\u00e9nt ink\u00e1bb kiv\u00e1rnak, \u00e9s tavaszra-ny\u00e1rra halasztj\u00e1k az \u00e9rt\u00e9kes\u00edt\u00e9st, b\u00edzva abban, hogy m\u00e9g magasabb \u00e1rat kaphatnak a telk\u00fck\u00e9rt vagy h\u00e9tv\u00e9gi h\u00e1zuk\u00e9rt.Hagyom\u00e1nyosan tavasszal indul a nyaral\u00f3v\u00e1s\u00e1rl\u00e1si szezon, de id\u00e9n m\u00e1r janu\u00e1rban megbolydult a Balaton \u00e9s a Velencei-t\u00f3 ingatlanpiaca. Annyira sokan keresnek nyaral\u00f3t, hogy a k\u00edn\u00e1lat esetenk\u00e9nt nem tud l\u00e9p\u00e9st\" \/>\n\t<meta name=\"robots\" content=\"max-image-preview:large\" \/>\n\t<meta name=\"author\" content=\"Juh\u00e1sz P\u00e9ter\"\/>\n\t<link rel=\"canonical\" href=\"https:\/\/allasorias.hu\/hirek\/veszik-a-hetvegi-hazakat\/\" \/>\n\t<meta name=\"generator\" content=\"All in One SEO (AIOSEO) 5.0.0.1\" \/>\n\t\t<meta property=\"og:locale\" content=\"hu_HU\" \/>\n\t\t<meta property=\"og:site_name\" content=\"AllasOrias.hu | H\u00edrek-lapszemle | \u00dczleti h\u00edrek az \u00e1ll\u00e1s \u00e9s a munka vil\u00e1g\u00e1b\u00f3l\" \/>\n\t\t<meta property=\"og:type\" content=\"article\" \/>\n\t\t<meta property=\"og:title\" content=\"Veszik a h\u00e9tv\u00e9gi h\u00e1zakat | AllasOrias.hu | H\u00edrek-lapszemle\" \/>\n\t\t<meta property=\"og:description\" content=\"Meg\u00e9l\u00e9nk\u00fclt a kereslet a nyaral\u00f3k ir\u00e1nt, az elad\u00f3k esetenk\u00e9nt ink\u00e1bb kiv\u00e1rnak, \u00e9s tavaszra-ny\u00e1rra halasztj\u00e1k az \u00e9rt\u00e9kes\u00edt\u00e9st, b\u00edzva abban, hogy m\u00e9g magasabb \u00e1rat kaphatnak a telk\u00fck\u00e9rt vagy h\u00e9tv\u00e9gi h\u00e1zuk\u00e9rt.Hagyom\u00e1nyosan tavasszal indul a nyaral\u00f3v\u00e1s\u00e1rl\u00e1si szezon, de id\u00e9n m\u00e1r janu\u00e1rban megbolydult a Balaton \u00e9s a Velencei-t\u00f3 ingatlanpiaca. Annyira sokan keresnek nyaral\u00f3t, hogy a k\u00edn\u00e1lat esetenk\u00e9nt nem tud l\u00e9p\u00e9st\" \/>\n\t\t<meta property=\"og:url\" content=\"https:\/\/allasorias.hu\/hirek\/veszik-a-hetvegi-hazakat\/\" \/>\n\t\t<meta property=\"og:image\" content=\"https:\/\/allasorias.hu\/hirek\/wp-content\/uploads\/2021\/03\/two-story-house-built-forest.jpg\" \/>\n\t\t<meta property=\"og:image:secure_url\" content=\"https:\/\/allasorias.hu\/hirek\/wp-content\/uploads\/2021\/03\/two-story-house-built-forest.jpg\" \/>\n\t\t<meta property=\"og:image:width\" content=\"1920\" \/>\n\t\t<meta property=\"og:image:height\" content=\"1280\" \/>\n\t\t<meta property=\"article:published_time\" content=\"2021-03-12T07:25:35+00:00\" \/>\n\t\t<meta property=\"article:modified_time\" content=\"2021-03-12T07:25:35+00:00\" \/>\n\t\t<meta property=\"article:publisher\" content=\"https:\/\/www.facebook.com\/allasorias\" \/>\n\t\t<meta name=\"twitter:card\" content=\"summary_large_image\" \/>\n\t\t<meta name=\"twitter:title\" content=\"Veszik a h\u00e9tv\u00e9gi h\u00e1zakat | AllasOrias.hu | H\u00edrek-lapszemle\" \/>\n\t\t<meta name=\"twitter:description\" content=\"Meg\u00e9l\u00e9nk\u00fclt a kereslet a nyaral\u00f3k ir\u00e1nt, az elad\u00f3k esetenk\u00e9nt ink\u00e1bb kiv\u00e1rnak, \u00e9s tavaszra-ny\u00e1rra halasztj\u00e1k az \u00e9rt\u00e9kes\u00edt\u00e9st, b\u00edzva abban, hogy m\u00e9g magasabb \u00e1rat kaphatnak a telk\u00fck\u00e9rt vagy h\u00e9tv\u00e9gi h\u00e1zuk\u00e9rt.Hagyom\u00e1nyosan tavasszal indul a nyaral\u00f3v\u00e1s\u00e1rl\u00e1si szezon, de id\u00e9n m\u00e1r janu\u00e1rban megbolydult a Balaton \u00e9s a Velencei-t\u00f3 ingatlanpiaca. Annyira sokan keresnek nyaral\u00f3t, hogy a k\u00edn\u00e1lat esetenk\u00e9nt nem tud l\u00e9p\u00e9st\" \/>\n\t\t<meta name=\"twitter:image\" content=\"https:\/\/allasorias.hu\/hirek\/wp-content\/uploads\/2021\/03\/two-story-house-built-forest.jpg\" \/>\n\t\t<meta name=\"twitter:label1\" content=\"Written by\" \/>\n\t\t<meta name=\"twitter:data1\" content=\"Juh\u00e1sz P\u00e9ter\" \/>\n\t\t<meta name=\"twitter:label2\" content=\"Est. reading time\" \/>\n\t\t<meta name=\"twitter:data2\" content=\"3 minutes\" \/>\n\t\t<script type=\"application\/ld+json\" class=\"aioseo-schema\">\n\t\t\t{\"@context\":\"https:\\\/\\\/schema.org\",\"@graph\":[{\"@type\":\"Article\",\"@id\":\"https:\\\/\\\/allasorias.hu\\\/hirek\\\/veszik-a-hetvegi-hazakat\\\/#article\",\"name\":\"Veszik a h\\u00e9tv\\u00e9gi h\\u00e1zakat | AllasOrias.hu | H\\u00edrek-lapszemle\",\"headline\":\"Veszik a h\\u00e9tv\\u00e9gi h\\u00e1zakat\",\"author\":{\"@id\":\"https:\\\/\\\/allasorias.hu\\\/hirek\\\/author\\\/admin-allasorias\\\/#author\"},\"publisher\":{\"@id\":\"https:\\\/\\\/allasorias.hu\\\/hirek\\\/#organization\"},\"image\":{\"@type\":\"ImageObject\",\"url\":\"https:\\\/\\\/allasorias.hu\\\/hirek\\\/wp-content\\\/uploads\\\/2021\\\/03\\\/two-story-house-built-forest.jpg\",\"width\":1920,\"height\":1280,\"caption\":\"A two-story house built in a forest\"},\"datePublished\":\"2021-03-12T07:25:35+02:00\",\"dateModified\":\"2021-03-12T07:25:35+02:00\",\"inLanguage\":\"hu-HU\",\"mainEntityOfPage\":{\"@id\":\"https:\\\/\\\/allasorias.hu\\\/hirek\\\/veszik-a-hetvegi-hazakat\\\/#webpage\"},\"isPartOf\":{\"@id\":\"https:\\\/\\\/allasorias.hu\\\/hirek\\\/veszik-a-hetvegi-hazakat\\\/#webpage\"},\"articleSection\":\"Gazdas\\u00e1g\"},{\"@type\":\"BreadcrumbList\",\"@id\":\"https:\\\/\\\/allasorias.hu\\\/hirek\\\/veszik-a-hetvegi-hazakat\\\/#breadcrumblist\",\"itemListElement\":[{\"@type\":\"ListItem\",\"@id\":\"https:\\\/\\\/allasorias.hu\\\/hirek#listItem\",\"position\":1,\"name\":\"Home\",\"item\":\"https:\\\/\\\/allasorias.hu\\\/hirek\",\"nextItem\":{\"@type\":\"ListItem\",\"@id\":\"https:\\\/\\\/allasorias.hu\\\/hirek\\\/temak\\\/gazdasag\\\/#listItem\",\"name\":\"Gazdas\\u00e1g\"}},{\"@type\":\"ListItem\",\"@id\":\"https:\\\/\\\/allasorias.hu\\\/hirek\\\/temak\\\/gazdasag\\\/#listItem\",\"position\":2,\"name\":\"Gazdas\\u00e1g\",\"item\":\"https:\\\/\\\/allasorias.hu\\\/hirek\\\/temak\\\/gazdasag\\\/\",\"nextItem\":{\"@type\":\"ListItem\",\"@id\":\"https:\\\/\\\/allasorias.hu\\\/hirek\\\/veszik-a-hetvegi-hazakat\\\/#listItem\",\"name\":\"Veszik a h\\u00e9tv\\u00e9gi h\\u00e1zakat\"},\"previousItem\":{\"@type\":\"ListItem\",\"@id\":\"https:\\\/\\\/allasorias.hu\\\/hirek#listItem\",\"name\":\"Home\"}},{\"@type\":\"ListItem\",\"@id\":\"https:\\\/\\\/allasorias.hu\\\/hirek\\\/veszik-a-hetvegi-hazakat\\\/#listItem\",\"position\":3,\"name\":\"Veszik a h\\u00e9tv\\u00e9gi h\\u00e1zakat\",\"previousItem\":{\"@type\":\"ListItem\",\"@id\":\"https:\\\/\\\/allasorias.hu\\\/hirek\\\/temak\\\/gazdasag\\\/#listItem\",\"name\":\"Gazdas\\u00e1g\"}}]},{\"@type\":\"Organization\",\"@id\":\"https:\\\/\\\/allasorias.hu\\\/hirek\\\/#organization\",\"name\":\"AllasOrias.hu | H\\u00edrek-lapszemle\",\"description\":\"\\u00dczleti h\\u00edrek az \\u00e1ll\\u00e1s \\u00e9s a munka vil\\u00e1g\\u00e1b\\u00f3l\",\"url\":\"https:\\\/\\\/allasorias.hu\\\/hirek\\\/\",\"logo\":{\"@type\":\"ImageObject\",\"url\":\"https:\\\/\\\/allasorias.hu\\\/hirek\\\/wp-content\\\/uploads\\\/2022\\\/10\\\/allasorias_site_facebok_logo.png\",\"@id\":\"https:\\\/\\\/allasorias.hu\\\/hirek\\\/veszik-a-hetvegi-hazakat\\\/#organizationLogo\"},\"image\":{\"@id\":\"https:\\\/\\\/allasorias.hu\\\/hirek\\\/veszik-a-hetvegi-hazakat\\\/#organizationLogo\"},\"sameAs\":[\"https:\\\/\\\/www.facebook.com\\\/allasorias\",\"https:\\\/\\\/www.linkedin.com\\\/company\\\/allasorias\"]},{\"@type\":\"Person\",\"@id\":\"https:\\\/\\\/allasorias.hu\\\/hirek\\\/author\\\/admin-allasorias\\\/#author\",\"url\":\"https:\\\/\\\/allasorias.hu\\\/hirek\\\/author\\\/admin-allasorias\\\/\",\"name\":\"Juh\\u00e1sz P\\u00e9ter\",\"image\":{\"@type\":\"ImageObject\",\"@id\":\"https:\\\/\\\/allasorias.hu\\\/hirek\\\/veszik-a-hetvegi-hazakat\\\/#authorImage\",\"url\":\"https:\\\/\\\/secure.gravatar.com\\\/avatar\\\/36e6bcb83148978b992977cb0f54d22feb0cce8a0a849a9410532bb2623ba4c6?s=96&d=mm&r=g\",\"width\":96,\"height\":96,\"caption\":\"Juh\\u00e1sz P\\u00e9ter\"}},{\"@type\":\"WebPage\",\"@id\":\"https:\\\/\\\/allasorias.hu\\\/hirek\\\/veszik-a-hetvegi-hazakat\\\/#webpage\",\"url\":\"https:\\\/\\\/allasorias.hu\\\/hirek\\\/veszik-a-hetvegi-hazakat\\\/\",\"name\":\"Veszik a h\\u00e9tv\\u00e9gi h\\u00e1zakat | AllasOrias.hu | H\\u00edrek-lapszemle\",\"description\":\"Meg\\u00e9l\\u00e9nk\\u00fclt a kereslet a nyaral\\u00f3k ir\\u00e1nt, az elad\\u00f3k esetenk\\u00e9nt ink\\u00e1bb kiv\\u00e1rnak, \\u00e9s tavaszra-ny\\u00e1rra halasztj\\u00e1k az \\u00e9rt\\u00e9kes\\u00edt\\u00e9st, b\\u00edzva abban, hogy m\\u00e9g magasabb \\u00e1rat kaphatnak a telk\\u00fck\\u00e9rt vagy h\\u00e9tv\\u00e9gi h\\u00e1zuk\\u00e9rt.Hagyom\\u00e1nyosan tavasszal indul a nyaral\\u00f3v\\u00e1s\\u00e1rl\\u00e1si szezon, de id\\u00e9n m\\u00e1r janu\\u00e1rban megbolydult a Balaton \\u00e9s a Velencei-t\\u00f3 ingatlanpiaca. Annyira sokan keresnek nyaral\\u00f3t, hogy a k\\u00edn\\u00e1lat esetenk\\u00e9nt nem tud l\\u00e9p\\u00e9st\",\"inLanguage\":\"hu-HU\",\"isPartOf\":{\"@id\":\"https:\\\/\\\/allasorias.hu\\\/hirek\\\/#website\"},\"breadcrumb\":{\"@id\":\"https:\\\/\\\/allasorias.hu\\\/hirek\\\/veszik-a-hetvegi-hazakat\\\/#breadcrumblist\"},\"author\":{\"@id\":\"https:\\\/\\\/allasorias.hu\\\/hirek\\\/author\\\/admin-allasorias\\\/#author\"},\"creator\":{\"@id\":\"https:\\\/\\\/allasorias.hu\\\/hirek\\\/author\\\/admin-allasorias\\\/#author\"},\"image\":{\"@type\":\"ImageObject\",\"url\":\"https:\\\/\\\/allasorias.hu\\\/hirek\\\/wp-content\\\/uploads\\\/2021\\\/03\\\/two-story-house-built-forest.jpg\",\"@id\":\"https:\\\/\\\/allasorias.hu\\\/hirek\\\/veszik-a-hetvegi-hazakat\\\/#mainImage\",\"width\":1920,\"height\":1280,\"caption\":\"A two-story house built in a forest\"},\"primaryImageOfPage\":{\"@id\":\"https:\\\/\\\/allasorias.hu\\\/hirek\\\/veszik-a-hetvegi-hazakat\\\/#mainImage\"},\"datePublished\":\"2021-03-12T07:25:35+02:00\",\"dateModified\":\"2021-03-12T07:25:35+02:00\"},{\"@type\":\"WebSite\",\"@id\":\"https:\\\/\\\/allasorias.hu\\\/hirek\\\/#website\",\"url\":\"https:\\\/\\\/allasorias.hu\\\/hirek\\\/\",\"name\":\"AllasOrias.hu | H\\u00edrek-lapszemle\",\"description\":\"\\u00dczleti h\\u00edrek az \\u00e1ll\\u00e1s \\u00e9s a munka vil\\u00e1g\\u00e1b\\u00f3l\",\"inLanguage\":\"hu-HU\",\"publisher\":{\"@id\":\"https:\\\/\\\/allasorias.hu\\\/hirek\\\/#organization\"}}]}\n\t\t<\/script>\n\t\t<!-- All in One SEO -->\n\n","aioseo_head_json":{"title":"Veszik a h\u00e9tv\u00e9gi h\u00e1zakat | AllasOrias.hu | H\u00edrek-lapszemle","description":"Meg\u00e9l\u00e9nk\u00fclt a kereslet a nyaral\u00f3k ir\u00e1nt, az elad\u00f3k esetenk\u00e9nt ink\u00e1bb kiv\u00e1rnak, \u00e9s tavaszra-ny\u00e1rra halasztj\u00e1k az \u00e9rt\u00e9kes\u00edt\u00e9st, b\u00edzva abban, hogy m\u00e9g magasabb \u00e1rat kaphatnak a telk\u00fck\u00e9rt vagy h\u00e9tv\u00e9gi h\u00e1zuk\u00e9rt.Hagyom\u00e1nyosan tavasszal indul a nyaral\u00f3v\u00e1s\u00e1rl\u00e1si szezon, de id\u00e9n m\u00e1r janu\u00e1rban megbolydult a Balaton \u00e9s a Velencei-t\u00f3 ingatlanpiaca. Annyira sokan keresnek nyaral\u00f3t, hogy a k\u00edn\u00e1lat esetenk\u00e9nt nem tud l\u00e9p\u00e9st","canonical_url":"https:\/\/allasorias.hu\/hirek\/veszik-a-hetvegi-hazakat\/","robots":"max-image-preview:large","keywords":"","webmasterTools":{"miscellaneous":""},"schema":{"@context":"https:\/\/schema.org","@graph":[{"@type":"Article","@id":"https:\/\/allasorias.hu\/hirek\/veszik-a-hetvegi-hazakat\/#article","name":"Veszik a h\u00e9tv\u00e9gi h\u00e1zakat | AllasOrias.hu | H\u00edrek-lapszemle","headline":"Veszik a h\u00e9tv\u00e9gi h\u00e1zakat","author":{"@id":"https:\/\/allasorias.hu\/hirek\/author\/admin-allasorias\/#author"},"publisher":{"@id":"https:\/\/allasorias.hu\/hirek\/#organization"},"image":{"@type":"ImageObject","url":"https:\/\/allasorias.hu\/hirek\/wp-content\/uploads\/2021\/03\/two-story-house-built-forest.jpg","width":1920,"height":1280,"caption":"A two-story house built in a forest"},"datePublished":"2021-03-12T07:25:35+02:00","dateModified":"2021-03-12T07:25:35+02:00","inLanguage":"hu-HU","mainEntityOfPage":{"@id":"https:\/\/allasorias.hu\/hirek\/veszik-a-hetvegi-hazakat\/#webpage"},"isPartOf":{"@id":"https:\/\/allasorias.hu\/hirek\/veszik-a-hetvegi-hazakat\/#webpage"},"articleSection":"Gazdas\u00e1g"},{"@type":"BreadcrumbList","@id":"https:\/\/allasorias.hu\/hirek\/veszik-a-hetvegi-hazakat\/#breadcrumblist","itemListElement":[{"@type":"ListItem","@id":"https:\/\/allasorias.hu\/hirek#listItem","position":1,"name":"Home","item":"https:\/\/allasorias.hu\/hirek","nextItem":{"@type":"ListItem","@id":"https:\/\/allasorias.hu\/hirek\/temak\/gazdasag\/#listItem","name":"Gazdas\u00e1g"}},{"@type":"ListItem","@id":"https:\/\/allasorias.hu\/hirek\/temak\/gazdasag\/#listItem","position":2,"name":"Gazdas\u00e1g","item":"https:\/\/allasorias.hu\/hirek\/temak\/gazdasag\/","nextItem":{"@type":"ListItem","@id":"https:\/\/allasorias.hu\/hirek\/veszik-a-hetvegi-hazakat\/#listItem","name":"Veszik a h\u00e9tv\u00e9gi h\u00e1zakat"},"previousItem":{"@type":"ListItem","@id":"https:\/\/allasorias.hu\/hirek#listItem","name":"Home"}},{"@type":"ListItem","@id":"https:\/\/allasorias.hu\/hirek\/veszik-a-hetvegi-hazakat\/#listItem","position":3,"name":"Veszik a h\u00e9tv\u00e9gi h\u00e1zakat","previousItem":{"@type":"ListItem","@id":"https:\/\/allasorias.hu\/hirek\/temak\/gazdasag\/#listItem","name":"Gazdas\u00e1g"}}]},{"@type":"Organization","@id":"https:\/\/allasorias.hu\/hirek\/#organization","name":"AllasOrias.hu | H\u00edrek-lapszemle","description":"\u00dczleti h\u00edrek az \u00e1ll\u00e1s \u00e9s a munka vil\u00e1g\u00e1b\u00f3l","url":"https:\/\/allasorias.hu\/hirek\/","logo":{"@type":"ImageObject","url":"https:\/\/allasorias.hu\/hirek\/wp-content\/uploads\/2022\/10\/allasorias_site_facebok_logo.png","@id":"https:\/\/allasorias.hu\/hirek\/veszik-a-hetvegi-hazakat\/#organizationLogo"},"image":{"@id":"https:\/\/allasorias.hu\/hirek\/veszik-a-hetvegi-hazakat\/#organizationLogo"},"sameAs":["https:\/\/www.facebook.com\/allasorias","https:\/\/www.linkedin.com\/company\/allasorias"]},{"@type":"Person","@id":"https:\/\/allasorias.hu\/hirek\/author\/admin-allasorias\/#author","url":"https:\/\/allasorias.hu\/hirek\/author\/admin-allasorias\/","name":"Juh\u00e1sz P\u00e9ter","image":{"@type":"ImageObject","@id":"https:\/\/allasorias.hu\/hirek\/veszik-a-hetvegi-hazakat\/#authorImage","url":"https:\/\/secure.gravatar.com\/avatar\/36e6bcb83148978b992977cb0f54d22feb0cce8a0a849a9410532bb2623ba4c6?s=96&d=mm&r=g","width":96,"height":96,"caption":"Juh\u00e1sz P\u00e9ter"}},{"@type":"WebPage","@id":"https:\/\/allasorias.hu\/hirek\/veszik-a-hetvegi-hazakat\/#webpage","url":"https:\/\/allasorias.hu\/hirek\/veszik-a-hetvegi-hazakat\/","name":"Veszik a h\u00e9tv\u00e9gi h\u00e1zakat | AllasOrias.hu | H\u00edrek-lapszemle","description":"Meg\u00e9l\u00e9nk\u00fclt a kereslet a nyaral\u00f3k ir\u00e1nt, az elad\u00f3k esetenk\u00e9nt ink\u00e1bb kiv\u00e1rnak, \u00e9s tavaszra-ny\u00e1rra halasztj\u00e1k az \u00e9rt\u00e9kes\u00edt\u00e9st, b\u00edzva abban, hogy m\u00e9g magasabb \u00e1rat kaphatnak a telk\u00fck\u00e9rt vagy h\u00e9tv\u00e9gi h\u00e1zuk\u00e9rt.Hagyom\u00e1nyosan tavasszal indul a nyaral\u00f3v\u00e1s\u00e1rl\u00e1si szezon, de id\u00e9n m\u00e1r janu\u00e1rban megbolydult a Balaton \u00e9s a Velencei-t\u00f3 ingatlanpiaca. Annyira sokan keresnek nyaral\u00f3t, hogy a k\u00edn\u00e1lat esetenk\u00e9nt nem tud l\u00e9p\u00e9st","inLanguage":"hu-HU","isPartOf":{"@id":"https:\/\/allasorias.hu\/hirek\/#website"},"breadcrumb":{"@id":"https:\/\/allasorias.hu\/hirek\/veszik-a-hetvegi-hazakat\/#breadcrumblist"},"author":{"@id":"https:\/\/allasorias.hu\/hirek\/author\/admin-allasorias\/#author"},"creator":{"@id":"https:\/\/allasorias.hu\/hirek\/author\/admin-allasorias\/#author"},"image":{"@type":"ImageObject","url":"https:\/\/allasorias.hu\/hirek\/wp-content\/uploads\/2021\/03\/two-story-house-built-forest.jpg","@id":"https:\/\/allasorias.hu\/hirek\/veszik-a-hetvegi-hazakat\/#mainImage","width":1920,"height":1280,"caption":"A two-story house built in a forest"},"primaryImageOfPage":{"@id":"https:\/\/allasorias.hu\/hirek\/veszik-a-hetvegi-hazakat\/#mainImage"},"datePublished":"2021-03-12T07:25:35+02:00","dateModified":"2021-03-12T07:25:35+02:00"},{"@type":"WebSite","@id":"https:\/\/allasorias.hu\/hirek\/#website","url":"https:\/\/allasorias.hu\/hirek\/","name":"AllasOrias.hu | H\u00edrek-lapszemle","description":"\u00dczleti h\u00edrek az \u00e1ll\u00e1s \u00e9s a munka vil\u00e1g\u00e1b\u00f3l","inLanguage":"hu-HU","publisher":{"@id":"https:\/\/allasorias.hu\/hirek\/#organization"}}]},"og:locale":"hu_HU","og:site_name":"AllasOrias.hu | H\u00edrek-lapszemle | \u00dczleti h\u00edrek az \u00e1ll\u00e1s \u00e9s a munka vil\u00e1g\u00e1b\u00f3l","og:type":"article","og:title":"Veszik a h\u00e9tv\u00e9gi h\u00e1zakat | AllasOrias.hu | H\u00edrek-lapszemle","og:description":"Meg\u00e9l\u00e9nk\u00fclt a kereslet a nyaral\u00f3k ir\u00e1nt, az elad\u00f3k esetenk\u00e9nt ink\u00e1bb kiv\u00e1rnak, \u00e9s tavaszra-ny\u00e1rra halasztj\u00e1k az \u00e9rt\u00e9kes\u00edt\u00e9st, b\u00edzva abban, hogy m\u00e9g magasabb \u00e1rat kaphatnak a telk\u00fck\u00e9rt vagy h\u00e9tv\u00e9gi h\u00e1zuk\u00e9rt.Hagyom\u00e1nyosan tavasszal indul a nyaral\u00f3v\u00e1s\u00e1rl\u00e1si szezon, de id\u00e9n m\u00e1r janu\u00e1rban megbolydult a Balaton \u00e9s a Velencei-t\u00f3 ingatlanpiaca. Annyira sokan keresnek nyaral\u00f3t, hogy a k\u00edn\u00e1lat esetenk\u00e9nt nem tud l\u00e9p\u00e9st","og:url":"https:\/\/allasorias.hu\/hirek\/veszik-a-hetvegi-hazakat\/","og:image":"https:\/\/allasorias.hu\/hirek\/wp-content\/uploads\/2021\/03\/two-story-house-built-forest.jpg","og:image:secure_url":"https:\/\/allasorias.hu\/hirek\/wp-content\/uploads\/2021\/03\/two-story-house-built-forest.jpg","og:image:width":1920,"og:image:height":1280,"article:published_time":"2021-03-12T07:25:35+00:00","article:modified_time":"2021-03-12T07:25:35+00:00","article:publisher":"https:\/\/www.facebook.com\/allasorias","twitter:card":"summary_large_image","twitter:title":"Veszik a h\u00e9tv\u00e9gi h\u00e1zakat | AllasOrias.hu | H\u00edrek-lapszemle","twitter:description":"Meg\u00e9l\u00e9nk\u00fclt a kereslet a nyaral\u00f3k ir\u00e1nt, az elad\u00f3k esetenk\u00e9nt ink\u00e1bb kiv\u00e1rnak, \u00e9s tavaszra-ny\u00e1rra halasztj\u00e1k az \u00e9rt\u00e9kes\u00edt\u00e9st, b\u00edzva abban, hogy m\u00e9g magasabb \u00e1rat kaphatnak a telk\u00fck\u00e9rt vagy h\u00e9tv\u00e9gi h\u00e1zuk\u00e9rt.Hagyom\u00e1nyosan tavasszal indul a nyaral\u00f3v\u00e1s\u00e1rl\u00e1si szezon, de id\u00e9n m\u00e1r janu\u00e1rban megbolydult a Balaton \u00e9s a Velencei-t\u00f3 ingatlanpiaca. Annyira sokan keresnek nyaral\u00f3t, hogy a k\u00edn\u00e1lat esetenk\u00e9nt nem tud l\u00e9p\u00e9st","twitter:image":"https:\/\/allasorias.hu\/hirek\/wp-content\/uploads\/2021\/03\/two-story-house-built-forest.jpg","twitter:label1":"Written by","twitter:data1":"Juh\u00e1sz P\u00e9ter","twitter:label2":"Est. reading time","twitter:data2":"3 minutes"},"aioseo_meta_data":{"post_id":"4644","title":null,"description":null,"keywords":[],"keyphrases":{"focus":[],"additional":[]},"primary_term":null,"canonical_url":null,"og_title":null,"og_description":null,"og_object_type":"default","og_image_type":"default","og_image_url":null,"og_image_width":null,"og_image_height":null,"og_image_custom_url":null,"og_image_custom_fields":null,"og_video":"","og_custom_url":null,"og_article_section":null,"og_article_tags":[],"twitter_use_og":false,"twitter_card":"default","twitter_image_type":"default","twitter_image_url":null,"twitter_image_custom_url":null,"twitter_image_custom_fields":null,"twitter_title":null,"twitter_description":null,"schema":{"blockGraphs":[],"customGraphs":[],"default":{"data":{"Article":[],"Course":[],"Dataset":[],"FAQPage":[],"Movie":[],"Person":[],"Product":[],"ProductReview":[],"Car":[],"Recipe":[],"Service":[],"SoftwareApplication":[],"WebPage":[]},"graphName":"","isEnabled":true},"graphs":[],"defaultGraph":"","defaultPostTypeGraph":""},"schema_type":"none","schema_type_options":"{\"webPage\":{\"webPageType\":\"WebPage\"},\"article\":{\"articleType\":\"BlogPosting\"},\"book\":[],\"course\":[],\"event\":[],\"jobPosting\":[],\"music\":[],\"person\":[],\"product\":[],\"recipe\":[],\"restaurant\":[],\"service\":[],\"software\":[],\"video\":[]}","pillar_content":false,"robots_default":true,"robots_noindex":false,"robots_noarchive":false,"robots_nosnippet":false,"robots_nofollow":false,"robots_noimageindex":false,"robots_noodp":false,"robots_notranslate":false,"robots_max_snippet":"-1","robots_max_videopreview":"-1","robots_max_imagepreview":"large","priority":null,"frequency":"default","location":null,"local_seo":{"businessInfo":{"name":"","urls":{"website":"","aboutPage":"","contactPage":""},"address":{"line1":"","line2":"","zip":"","city":"","state":"","country":""},"contact":{"email":"","phone":"","fax":""},"ids":{"vatID":"","taxID":"","chamberID":""},"payment":{"priceIndication":"","currenciesAccepted":"","methodsAccepted":""},"areaServed":""},"openingHours":{"show":false,"closedLabel":"","open24h":false,"open24hLabel":"","open247":false,"use24hFormat":false,"twoSets":false,"timezone":"","hours":[]}},"breadcrumb_settings":null,"limit_modified_date":false,"ai":null,"created":"2021-03-12 07:23:12","updated":"2025-10-02 15:29:04","seo_analyzer_scan_date":null,"focus_keyword":null,"additional_keywords":null,"truseo_locale":null},"aioseo_breadcrumb":"<div class=\"aioseo-breadcrumbs\"><span class=\"aioseo-breadcrumb\">\n\t\t\t<a href=\"https:\/\/allasorias.hu\/hirek\" title=\"Home\">Home<\/a>\n\t\t<\/span><span class=\"aioseo-breadcrumb-separator\">&raquo;<\/span><span class=\"aioseo-breadcrumb\">\n\t\t\t<a href=\"https:\/\/allasorias.hu\/hirek\/temak\/gazdasag\/\" title=\"Gazdas\u00e1g\">Gazdas\u00e1g<\/a>\n\t\t<\/span><span class=\"aioseo-breadcrumb-separator\">&raquo;<\/span><span class=\"aioseo-breadcrumb\">\n\t\t\tVeszik a h\u00e9tv\u00e9gi h\u00e1zakat\n\t\t<\/span><\/div>","aioseo_breadcrumb_json":[{"label":"Home","link":"https:\/\/allasorias.hu\/hirek"},{"label":"Gazdas\u00e1g","link":"https:\/\/allasorias.hu\/hirek\/temak\/gazdasag\/"},{"label":"Veszik a h\u00e9tv\u00e9gi h\u00e1zakat","link":"https:\/\/allasorias.hu\/hirek\/veszik-a-hetvegi-hazakat\/"}],"_links":{"self":[{"href":"https:\/\/allasorias.hu\/hirek\/wp-json\/wp\/v2\/posts\/4644","targetHints":{"allow":["GET"]}}],"collection":[{"href":"https:\/\/allasorias.hu\/hirek\/wp-json\/wp\/v2\/posts"}],"about":[{"href":"https:\/\/allasorias.hu\/hirek\/wp-json\/wp\/v2\/types\/post"}],"author":[{"embeddable":true,"href":"https:\/\/allasorias.hu\/hirek\/wp-json\/wp\/v2\/users\/1"}],"replies":[{"embeddable":true,"href":"https:\/\/allasorias.hu\/hirek\/wp-json\/wp\/v2\/comments?post=4644"}],"version-history":[{"count":1,"href":"https:\/\/allasorias.hu\/hirek\/wp-json\/wp\/v2\/posts\/4644\/revisions"}],"predecessor-version":[{"id":4646,"href":"https:\/\/allasorias.hu\/hirek\/wp-json\/wp\/v2\/posts\/4644\/revisions\/4646"}],"wp:featuredmedia":[{"embeddable":true,"href":"https:\/\/allasorias.hu\/hirek\/wp-json\/wp\/v2\/media\/4645"}],"wp:attachment":[{"href":"https:\/\/allasorias.hu\/hirek\/wp-json\/wp\/v2\/media?parent=4644"}],"wp:term":[{"taxonomy":"category","embeddable":true,"href":"https:\/\/allasorias.hu\/hirek\/wp-json\/wp\/v2\/categories?post=4644"},{"taxonomy":"post_tag","embeddable":true,"href":"https:\/\/allasorias.hu\/hirek\/wp-json\/wp\/v2\/tags?post=4644"}],"curies":[{"name":"wp","href":"https:\/\/api.w.org\/{rel}","templated":true}]}}