{"id":4640,"date":"2021-03-11T07:42:17","date_gmt":"2021-03-11T07:42:17","guid":{"rendered":"https:\/\/allasorias.hu\/hirek\/?p=4640"},"modified":"2021-03-11T07:42:17","modified_gmt":"2021-03-11T07:42:17","slug":"gondot-okoz-a-cegeknek-az-eloirt-kozgyulesek-osszehivasa","status":"publish","type":"post","link":"https:\/\/allasorias.hu\/hirek\/gondot-okoz-a-cegeknek-az-eloirt-kozgyulesek-osszehivasa\/","title":{"rendered":"Gondot okoz a c\u00e9geknek az el\u0151\u00edrt k\u00f6zgy\u0171l\u00e9sek \u00f6sszeh\u00edv\u00e1sa"},"content":{"rendered":"<p><strong>A k\u00f6z- \u00e9s taggy\u0171l\u00e9sek elmarad\u00e1sa eset\u00e9n a t\u00e1rsas\u00e1gok \u00e9s a civil szervezetek nem tudnak eleget tenni jogszab\u00e1lyi k\u00f6teless\u00e9g\u00fcknek, nem tudj\u00e1k szab\u00e1lyszer\u0171en elfogadni az el\u0151z\u0151 \u00e9vi besz\u00e1mol\u00f3t hat\u00e1rid\u0151ig, azaz m\u00e1jus 31-ig. A Min\u0151s\u00edtett K\u00f6nyvel\u0151k Egyes\u00fclete (MINKE) \u00e1ll\u00e1spontja szerint a m\u00e1rcius 8-\u00e1n \u00e9letbe l\u00e9pett j\u00e1rv\u00e1ny\u00fcgyi korl\u00e1toz\u00e1sok miatt, a k\u00f6z- \u00e9s taggy\u0171l\u00e9sek \u00f6sszeh\u00edv\u00e1sa komoly probl\u00e9m\u00e1t okoz mind a gazd\u00e1lkod\u00f3 szervezetek eset\u00e9ben, mind a nonprofit szektorban. <\/strong><\/p>\n<p>Elektronikus elj\u00e1r\u00e1si rend, ami lehet\u0151v\u00e9 tenn\u00e9 a gy\u0171l\u00e9sek szem\u00e9lyes jelenl\u00e9t n\u00e9lk\u00fcli megszervez\u00e9s\u00e9t, csak a szervezetek eleny\u00e9sz\u0151 r\u00e9sz\u00e9n\u00e9l ker\u00fclt kidolgoz\u00e1sra. \u201eA k\u00f6z- \u00e9s taggy\u0171l\u00e9sek elmarad\u00e1sa eset\u00e9n a t\u00e1rsas\u00e1gok \u00e9s a civil szervezetek nem tudnak eleget tenni jogszab\u00e1lyi k\u00f6teless\u00e9g\u00fcknek, nem tudj\u00e1k szab\u00e1lyszer\u0171en elfogadni az el\u0151z\u0151 \u00e9vi besz\u00e1mol\u00f3t hat\u00e1rid\u0151ig, azaz m\u00e1jus 31-ig. Ez\u00e9rt van sz\u00fcks\u00e9g a hat\u00e1rid\u0151 elhalaszt\u00e1s\u00e1ra\u201d \u2013 mondta Harkai Istv\u00e1n, a MINKE eln\u00f6ke. A szakember elmondta, hogy sz\u00e1mos jelz\u00e9s \u00e9rkezett a k\u00f6nyvel\u0151irod\u00e1kt\u00f3l, hogy ez a probl\u00e9ma a szervezetek sz\u00e9les k\u00f6r\u00e9t \u00e9rinti, a t\u00e1rsas v\u00e1llalkoz\u00f3kt\u00f3l az alap\u00edtv\u00e1nyokon, egyes\u00fcleteken \u00e1t a t\u00e1rsash\u00e1zakig. Eml\u00e9keztetett, hogy a m\u00falt \u00e9vben a Gazdas\u00e1gv\u00e9delmi Akci\u00f3terv keret\u00e9ben szeptember 30-ig kaptak a szervezetek halaszt\u00e1st. A MINKE \u00e1ll\u00e1spontja szerint ez most is j\u00f3 megold\u00e1s lenne.<\/p>\n<p>Forr\u00e1s: piacesprofit.hu<\/p>\n","protected":false},"excerpt":{"rendered":"<p>A k\u00f6z- \u00e9s taggy\u0171l\u00e9sek elmarad\u00e1sa eset\u00e9n a t\u00e1rsas\u00e1gok \u00e9s a civil szervezetek nem tudnak eleget tenni jogszab\u00e1lyi k\u00f6teless\u00e9g\u00fcknek, nem tudj\u00e1k szab\u00e1lyszer\u0171en elfogadni az el\u0151z\u0151 \u00e9vi besz\u00e1mol\u00f3t hat\u00e1rid\u0151ig, azaz m\u00e1jus 31-ig. A Min\u0151s\u00edtett K\u00f6nyvel\u0151k Egyes\u00fclete (MINKE) \u00e1ll\u00e1spontja szerint a m\u00e1rcius 8-\u00e1n \u00e9letbe l\u00e9pett j\u00e1rv\u00e1ny\u00fcgyi korl\u00e1toz\u00e1sok miatt, a k\u00f6z- \u00e9s taggy\u0171l\u00e9sek \u00f6sszeh\u00edv\u00e1sa komoly probl\u00e9m\u00e1t okoz mind a [&hellip;]<\/p>\n","protected":false},"author":1,"featured_media":3005,"comment_status":"open","ping_status":"open","sticky":false,"template":"","format":"standard","meta":{"_monsterinsights_skip_tracking":false,"footnotes":""},"categories":[198],"tags":[],"class_list":["post-4640","post","type-post","status-publish","format-standard","has-post-thumbnail","hentry","category-gazdasag"],"aioseo_notices":[],"aioseo_head":"\n\t\t<!-- All in One SEO 5.0.0.1 - aioseo.com -->\n\t<meta name=\"description\" content=\"A k\u00f6z- \u00e9s taggy\u0171l\u00e9sek elmarad\u00e1sa eset\u00e9n a t\u00e1rsas\u00e1gok \u00e9s a civil szervezetek nem tudnak eleget tenni jogszab\u00e1lyi k\u00f6teless\u00e9g\u00fcknek, nem tudj\u00e1k szab\u00e1lyszer\u0171en elfogadni az el\u0151z\u0151 \u00e9vi besz\u00e1mol\u00f3t hat\u00e1rid\u0151ig, azaz m\u00e1jus 31-ig. A Min\u0151s\u00edtett K\u00f6nyvel\u0151k Egyes\u00fclete (MINKE) \u00e1ll\u00e1spontja szerint a m\u00e1rcius 8-\u00e1n \u00e9letbe l\u00e9pett j\u00e1rv\u00e1ny\u00fcgyi korl\u00e1toz\u00e1sok miatt, a k\u00f6z- \u00e9s taggy\u0171l\u00e9sek \u00f6sszeh\u00edv\u00e1sa komoly probl\u00e9m\u00e1t okoz mind a\" \/>\n\t<meta name=\"robots\" content=\"max-image-preview:large\" \/>\n\t<meta name=\"author\" content=\"Juh\u00e1sz P\u00e9ter\"\/>\n\t<link rel=\"canonical\" href=\"https:\/\/allasorias.hu\/hirek\/gondot-okoz-a-cegeknek-az-eloirt-kozgyulesek-osszehivasa\/\" \/>\n\t<meta name=\"generator\" content=\"All in One SEO (AIOSEO) 5.0.0.1\" \/>\n\t\t<meta property=\"og:locale\" content=\"hu_HU\" \/>\n\t\t<meta property=\"og:site_name\" content=\"AllasOrias.hu | H\u00edrek-lapszemle | \u00dczleti h\u00edrek az \u00e1ll\u00e1s \u00e9s a munka vil\u00e1g\u00e1b\u00f3l\" \/>\n\t\t<meta property=\"og:type\" content=\"article\" \/>\n\t\t<meta property=\"og:title\" content=\"Gondot okoz a c\u00e9geknek az el\u0151\u00edrt k\u00f6zgy\u0171l\u00e9sek \u00f6sszeh\u00edv\u00e1sa | AllasOrias.hu | H\u00edrek-lapszemle\" \/>\n\t\t<meta property=\"og:description\" content=\"A k\u00f6z- \u00e9s taggy\u0171l\u00e9sek elmarad\u00e1sa eset\u00e9n a t\u00e1rsas\u00e1gok \u00e9s a civil szervezetek nem tudnak eleget tenni jogszab\u00e1lyi k\u00f6teless\u00e9g\u00fcknek, nem tudj\u00e1k szab\u00e1lyszer\u0171en elfogadni az el\u0151z\u0151 \u00e9vi besz\u00e1mol\u00f3t hat\u00e1rid\u0151ig, azaz m\u00e1jus 31-ig. A Min\u0151s\u00edtett K\u00f6nyvel\u0151k Egyes\u00fclete (MINKE) \u00e1ll\u00e1spontja szerint a m\u00e1rcius 8-\u00e1n \u00e9letbe l\u00e9pett j\u00e1rv\u00e1ny\u00fcgyi korl\u00e1toz\u00e1sok miatt, a k\u00f6z- \u00e9s taggy\u0171l\u00e9sek \u00f6sszeh\u00edv\u00e1sa komoly probl\u00e9m\u00e1t okoz mind a\" \/>\n\t\t<meta property=\"og:url\" content=\"https:\/\/allasorias.hu\/hirek\/gondot-okoz-a-cegeknek-az-eloirt-kozgyulesek-osszehivasa\/\" \/>\n\t\t<meta property=\"og:image\" content=\"https:\/\/allasorias.hu\/hirek\/wp-content\/uploads\/2019\/06\/bank-banking-close-up-1020313-1.jpg\" \/>\n\t\t<meta property=\"og:image:secure_url\" content=\"https:\/\/allasorias.hu\/hirek\/wp-content\/uploads\/2019\/06\/bank-banking-close-up-1020313-1.jpg\" \/>\n\t\t<meta property=\"og:image:width\" content=\"640\" \/>\n\t\t<meta property=\"og:image:height\" content=\"426\" \/>\n\t\t<meta property=\"article:published_time\" content=\"2021-03-11T07:42:17+00:00\" \/>\n\t\t<meta property=\"article:modified_time\" content=\"2021-03-11T07:42:17+00:00\" \/>\n\t\t<meta property=\"article:publisher\" content=\"https:\/\/www.facebook.com\/allasorias\" \/>\n\t\t<meta name=\"twitter:card\" content=\"summary_large_image\" \/>\n\t\t<meta name=\"twitter:title\" content=\"Gondot okoz a c\u00e9geknek az el\u0151\u00edrt k\u00f6zgy\u0171l\u00e9sek \u00f6sszeh\u00edv\u00e1sa | AllasOrias.hu | H\u00edrek-lapszemle\" \/>\n\t\t<meta name=\"twitter:description\" content=\"A k\u00f6z- \u00e9s taggy\u0171l\u00e9sek elmarad\u00e1sa eset\u00e9n a t\u00e1rsas\u00e1gok \u00e9s a civil szervezetek nem tudnak eleget tenni jogszab\u00e1lyi k\u00f6teless\u00e9g\u00fcknek, nem tudj\u00e1k szab\u00e1lyszer\u0171en elfogadni az el\u0151z\u0151 \u00e9vi besz\u00e1mol\u00f3t hat\u00e1rid\u0151ig, azaz m\u00e1jus 31-ig. A Min\u0151s\u00edtett K\u00f6nyvel\u0151k Egyes\u00fclete (MINKE) \u00e1ll\u00e1spontja szerint a m\u00e1rcius 8-\u00e1n \u00e9letbe l\u00e9pett j\u00e1rv\u00e1ny\u00fcgyi korl\u00e1toz\u00e1sok miatt, a k\u00f6z- \u00e9s taggy\u0171l\u00e9sek \u00f6sszeh\u00edv\u00e1sa komoly probl\u00e9m\u00e1t okoz mind a\" \/>\n\t\t<meta name=\"twitter:image\" content=\"https:\/\/allasorias.hu\/hirek\/wp-content\/uploads\/2019\/06\/bank-banking-close-up-1020313-1.jpg\" \/>\n\t\t<meta name=\"twitter:label1\" content=\"Written by\" \/>\n\t\t<meta name=\"twitter:data1\" content=\"Juh\u00e1sz P\u00e9ter\" \/>\n\t\t<meta name=\"twitter:label2\" content=\"Est. reading time\" \/>\n\t\t<meta name=\"twitter:data2\" content=\"1 minute\" \/>\n\t\t<script type=\"application\/ld+json\" class=\"aioseo-schema\">\n\t\t\t{\"@context\":\"https:\\\/\\\/schema.org\",\"@graph\":[{\"@type\":\"Article\",\"@id\":\"https:\\\/\\\/allasorias.hu\\\/hirek\\\/gondot-okoz-a-cegeknek-az-eloirt-kozgyulesek-osszehivasa\\\/#article\",\"name\":\"Gondot okoz a c\\u00e9geknek az el\\u0151\\u00edrt k\\u00f6zgy\\u0171l\\u00e9sek \\u00f6sszeh\\u00edv\\u00e1sa | AllasOrias.hu | H\\u00edrek-lapszemle\",\"headline\":\"Gondot okoz a c\\u00e9geknek az el\\u0151\\u00edrt k\\u00f6zgy\\u0171l\\u00e9sek \\u00f6sszeh\\u00edv\\u00e1sa\",\"author\":{\"@id\":\"https:\\\/\\\/allasorias.hu\\\/hirek\\\/author\\\/admin-allasorias\\\/#author\"},\"publisher\":{\"@id\":\"https:\\\/\\\/allasorias.hu\\\/hirek\\\/#organization\"},\"image\":{\"@type\":\"ImageObject\",\"url\":\"https:\\\/\\\/allasorias.hu\\\/hirek\\\/wp-content\\\/uploads\\\/2019\\\/06\\\/bank-banking-close-up-1020313-1.jpg\",\"width\":640,\"height\":426},\"datePublished\":\"2021-03-11T07:42:17+02:00\",\"dateModified\":\"2021-03-11T07:42:17+02:00\",\"inLanguage\":\"hu-HU\",\"mainEntityOfPage\":{\"@id\":\"https:\\\/\\\/allasorias.hu\\\/hirek\\\/gondot-okoz-a-cegeknek-az-eloirt-kozgyulesek-osszehivasa\\\/#webpage\"},\"isPartOf\":{\"@id\":\"https:\\\/\\\/allasorias.hu\\\/hirek\\\/gondot-okoz-a-cegeknek-az-eloirt-kozgyulesek-osszehivasa\\\/#webpage\"},\"articleSection\":\"Gazdas\\u00e1g\"},{\"@type\":\"BreadcrumbList\",\"@id\":\"https:\\\/\\\/allasorias.hu\\\/hirek\\\/gondot-okoz-a-cegeknek-az-eloirt-kozgyulesek-osszehivasa\\\/#breadcrumblist\",\"itemListElement\":[{\"@type\":\"ListItem\",\"@id\":\"https:\\\/\\\/allasorias.hu\\\/hirek#listItem\",\"position\":1,\"name\":\"Home\",\"item\":\"https:\\\/\\\/allasorias.hu\\\/hirek\",\"nextItem\":{\"@type\":\"ListItem\",\"@id\":\"https:\\\/\\\/allasorias.hu\\\/hirek\\\/temak\\\/gazdasag\\\/#listItem\",\"name\":\"Gazdas\\u00e1g\"}},{\"@type\":\"ListItem\",\"@id\":\"https:\\\/\\\/allasorias.hu\\\/hirek\\\/temak\\\/gazdasag\\\/#listItem\",\"position\":2,\"name\":\"Gazdas\\u00e1g\",\"item\":\"https:\\\/\\\/allasorias.hu\\\/hirek\\\/temak\\\/gazdasag\\\/\",\"nextItem\":{\"@type\":\"ListItem\",\"@id\":\"https:\\\/\\\/allasorias.hu\\\/hirek\\\/gondot-okoz-a-cegeknek-az-eloirt-kozgyulesek-osszehivasa\\\/#listItem\",\"name\":\"Gondot okoz a c\\u00e9geknek az el\\u0151\\u00edrt k\\u00f6zgy\\u0171l\\u00e9sek \\u00f6sszeh\\u00edv\\u00e1sa\"},\"previousItem\":{\"@type\":\"ListItem\",\"@id\":\"https:\\\/\\\/allasorias.hu\\\/hirek#listItem\",\"name\":\"Home\"}},{\"@type\":\"ListItem\",\"@id\":\"https:\\\/\\\/allasorias.hu\\\/hirek\\\/gondot-okoz-a-cegeknek-az-eloirt-kozgyulesek-osszehivasa\\\/#listItem\",\"position\":3,\"name\":\"Gondot okoz a c\\u00e9geknek az el\\u0151\\u00edrt k\\u00f6zgy\\u0171l\\u00e9sek \\u00f6sszeh\\u00edv\\u00e1sa\",\"previousItem\":{\"@type\":\"ListItem\",\"@id\":\"https:\\\/\\\/allasorias.hu\\\/hirek\\\/temak\\\/gazdasag\\\/#listItem\",\"name\":\"Gazdas\\u00e1g\"}}]},{\"@type\":\"Organization\",\"@id\":\"https:\\\/\\\/allasorias.hu\\\/hirek\\\/#organization\",\"name\":\"AllasOrias.hu | H\\u00edrek-lapszemle\",\"description\":\"\\u00dczleti h\\u00edrek az \\u00e1ll\\u00e1s \\u00e9s a munka vil\\u00e1g\\u00e1b\\u00f3l\",\"url\":\"https:\\\/\\\/allasorias.hu\\\/hirek\\\/\",\"logo\":{\"@type\":\"ImageObject\",\"url\":\"https:\\\/\\\/allasorias.hu\\\/hirek\\\/wp-content\\\/uploads\\\/2022\\\/10\\\/allasorias_site_facebok_logo.png\",\"@id\":\"https:\\\/\\\/allasorias.hu\\\/hirek\\\/gondot-okoz-a-cegeknek-az-eloirt-kozgyulesek-osszehivasa\\\/#organizationLogo\"},\"image\":{\"@id\":\"https:\\\/\\\/allasorias.hu\\\/hirek\\\/gondot-okoz-a-cegeknek-az-eloirt-kozgyulesek-osszehivasa\\\/#organizationLogo\"},\"sameAs\":[\"https:\\\/\\\/www.facebook.com\\\/allasorias\",\"https:\\\/\\\/www.linkedin.com\\\/company\\\/allasorias\"]},{\"@type\":\"Person\",\"@id\":\"https:\\\/\\\/allasorias.hu\\\/hirek\\\/author\\\/admin-allasorias\\\/#author\",\"url\":\"https:\\\/\\\/allasorias.hu\\\/hirek\\\/author\\\/admin-allasorias\\\/\",\"name\":\"Juh\\u00e1sz P\\u00e9ter\",\"image\":{\"@type\":\"ImageObject\",\"@id\":\"https:\\\/\\\/allasorias.hu\\\/hirek\\\/gondot-okoz-a-cegeknek-az-eloirt-kozgyulesek-osszehivasa\\\/#authorImage\",\"url\":\"https:\\\/\\\/secure.gravatar.com\\\/avatar\\\/36e6bcb83148978b992977cb0f54d22feb0cce8a0a849a9410532bb2623ba4c6?s=96&d=mm&r=g\",\"width\":96,\"height\":96,\"caption\":\"Juh\\u00e1sz P\\u00e9ter\"}},{\"@type\":\"WebPage\",\"@id\":\"https:\\\/\\\/allasorias.hu\\\/hirek\\\/gondot-okoz-a-cegeknek-az-eloirt-kozgyulesek-osszehivasa\\\/#webpage\",\"url\":\"https:\\\/\\\/allasorias.hu\\\/hirek\\\/gondot-okoz-a-cegeknek-az-eloirt-kozgyulesek-osszehivasa\\\/\",\"name\":\"Gondot okoz a c\\u00e9geknek az el\\u0151\\u00edrt k\\u00f6zgy\\u0171l\\u00e9sek \\u00f6sszeh\\u00edv\\u00e1sa | AllasOrias.hu | H\\u00edrek-lapszemle\",\"description\":\"A k\\u00f6z- \\u00e9s taggy\\u0171l\\u00e9sek elmarad\\u00e1sa eset\\u00e9n a t\\u00e1rsas\\u00e1gok \\u00e9s a civil szervezetek nem tudnak eleget tenni jogszab\\u00e1lyi k\\u00f6teless\\u00e9g\\u00fcknek, nem tudj\\u00e1k szab\\u00e1lyszer\\u0171en elfogadni az el\\u0151z\\u0151 \\u00e9vi besz\\u00e1mol\\u00f3t hat\\u00e1rid\\u0151ig, azaz m\\u00e1jus 31-ig. A Min\\u0151s\\u00edtett K\\u00f6nyvel\\u0151k Egyes\\u00fclete (MINKE) \\u00e1ll\\u00e1spontja szerint a m\\u00e1rcius 8-\\u00e1n \\u00e9letbe l\\u00e9pett j\\u00e1rv\\u00e1ny\\u00fcgyi korl\\u00e1toz\\u00e1sok miatt, a k\\u00f6z- \\u00e9s taggy\\u0171l\\u00e9sek \\u00f6sszeh\\u00edv\\u00e1sa komoly probl\\u00e9m\\u00e1t okoz mind a\",\"inLanguage\":\"hu-HU\",\"isPartOf\":{\"@id\":\"https:\\\/\\\/allasorias.hu\\\/hirek\\\/#website\"},\"breadcrumb\":{\"@id\":\"https:\\\/\\\/allasorias.hu\\\/hirek\\\/gondot-okoz-a-cegeknek-az-eloirt-kozgyulesek-osszehivasa\\\/#breadcrumblist\"},\"author\":{\"@id\":\"https:\\\/\\\/allasorias.hu\\\/hirek\\\/author\\\/admin-allasorias\\\/#author\"},\"creator\":{\"@id\":\"https:\\\/\\\/allasorias.hu\\\/hirek\\\/author\\\/admin-allasorias\\\/#author\"},\"image\":{\"@type\":\"ImageObject\",\"url\":\"https:\\\/\\\/allasorias.hu\\\/hirek\\\/wp-content\\\/uploads\\\/2019\\\/06\\\/bank-banking-close-up-1020313-1.jpg\",\"@id\":\"https:\\\/\\\/allasorias.hu\\\/hirek\\\/gondot-okoz-a-cegeknek-az-eloirt-kozgyulesek-osszehivasa\\\/#mainImage\",\"width\":640,\"height\":426},\"primaryImageOfPage\":{\"@id\":\"https:\\\/\\\/allasorias.hu\\\/hirek\\\/gondot-okoz-a-cegeknek-az-eloirt-kozgyulesek-osszehivasa\\\/#mainImage\"},\"datePublished\":\"2021-03-11T07:42:17+02:00\",\"dateModified\":\"2021-03-11T07:42:17+02:00\"},{\"@type\":\"WebSite\",\"@id\":\"https:\\\/\\\/allasorias.hu\\\/hirek\\\/#website\",\"url\":\"https:\\\/\\\/allasorias.hu\\\/hirek\\\/\",\"name\":\"AllasOrias.hu | H\\u00edrek-lapszemle\",\"description\":\"\\u00dczleti h\\u00edrek az \\u00e1ll\\u00e1s \\u00e9s a munka vil\\u00e1g\\u00e1b\\u00f3l\",\"inLanguage\":\"hu-HU\",\"publisher\":{\"@id\":\"https:\\\/\\\/allasorias.hu\\\/hirek\\\/#organization\"}}]}\n\t\t<\/script>\n\t\t<!-- All in One SEO -->\n\n","aioseo_head_json":{"title":"Gondot okoz a c\u00e9geknek az el\u0151\u00edrt k\u00f6zgy\u0171l\u00e9sek \u00f6sszeh\u00edv\u00e1sa | AllasOrias.hu | H\u00edrek-lapszemle","description":"A k\u00f6z- \u00e9s taggy\u0171l\u00e9sek elmarad\u00e1sa eset\u00e9n a t\u00e1rsas\u00e1gok \u00e9s a civil szervezetek nem tudnak eleget tenni jogszab\u00e1lyi k\u00f6teless\u00e9g\u00fcknek, nem tudj\u00e1k szab\u00e1lyszer\u0171en elfogadni az el\u0151z\u0151 \u00e9vi besz\u00e1mol\u00f3t hat\u00e1rid\u0151ig, azaz m\u00e1jus 31-ig. A Min\u0151s\u00edtett K\u00f6nyvel\u0151k Egyes\u00fclete (MINKE) \u00e1ll\u00e1spontja szerint a m\u00e1rcius 8-\u00e1n \u00e9letbe l\u00e9pett j\u00e1rv\u00e1ny\u00fcgyi korl\u00e1toz\u00e1sok miatt, a k\u00f6z- \u00e9s taggy\u0171l\u00e9sek \u00f6sszeh\u00edv\u00e1sa komoly probl\u00e9m\u00e1t okoz mind a","canonical_url":"https:\/\/allasorias.hu\/hirek\/gondot-okoz-a-cegeknek-az-eloirt-kozgyulesek-osszehivasa\/","robots":"max-image-preview:large","keywords":"","webmasterTools":{"miscellaneous":""},"schema":{"@context":"https:\/\/schema.org","@graph":[{"@type":"Article","@id":"https:\/\/allasorias.hu\/hirek\/gondot-okoz-a-cegeknek-az-eloirt-kozgyulesek-osszehivasa\/#article","name":"Gondot okoz a c\u00e9geknek az el\u0151\u00edrt k\u00f6zgy\u0171l\u00e9sek \u00f6sszeh\u00edv\u00e1sa | AllasOrias.hu | H\u00edrek-lapszemle","headline":"Gondot okoz a c\u00e9geknek az el\u0151\u00edrt k\u00f6zgy\u0171l\u00e9sek \u00f6sszeh\u00edv\u00e1sa","author":{"@id":"https:\/\/allasorias.hu\/hirek\/author\/admin-allasorias\/#author"},"publisher":{"@id":"https:\/\/allasorias.hu\/hirek\/#organization"},"image":{"@type":"ImageObject","url":"https:\/\/allasorias.hu\/hirek\/wp-content\/uploads\/2019\/06\/bank-banking-close-up-1020313-1.jpg","width":640,"height":426},"datePublished":"2021-03-11T07:42:17+02:00","dateModified":"2021-03-11T07:42:17+02:00","inLanguage":"hu-HU","mainEntityOfPage":{"@id":"https:\/\/allasorias.hu\/hirek\/gondot-okoz-a-cegeknek-az-eloirt-kozgyulesek-osszehivasa\/#webpage"},"isPartOf":{"@id":"https:\/\/allasorias.hu\/hirek\/gondot-okoz-a-cegeknek-az-eloirt-kozgyulesek-osszehivasa\/#webpage"},"articleSection":"Gazdas\u00e1g"},{"@type":"BreadcrumbList","@id":"https:\/\/allasorias.hu\/hirek\/gondot-okoz-a-cegeknek-az-eloirt-kozgyulesek-osszehivasa\/#breadcrumblist","itemListElement":[{"@type":"ListItem","@id":"https:\/\/allasorias.hu\/hirek#listItem","position":1,"name":"Home","item":"https:\/\/allasorias.hu\/hirek","nextItem":{"@type":"ListItem","@id":"https:\/\/allasorias.hu\/hirek\/temak\/gazdasag\/#listItem","name":"Gazdas\u00e1g"}},{"@type":"ListItem","@id":"https:\/\/allasorias.hu\/hirek\/temak\/gazdasag\/#listItem","position":2,"name":"Gazdas\u00e1g","item":"https:\/\/allasorias.hu\/hirek\/temak\/gazdasag\/","nextItem":{"@type":"ListItem","@id":"https:\/\/allasorias.hu\/hirek\/gondot-okoz-a-cegeknek-az-eloirt-kozgyulesek-osszehivasa\/#listItem","name":"Gondot okoz a c\u00e9geknek az el\u0151\u00edrt k\u00f6zgy\u0171l\u00e9sek \u00f6sszeh\u00edv\u00e1sa"},"previousItem":{"@type":"ListItem","@id":"https:\/\/allasorias.hu\/hirek#listItem","name":"Home"}},{"@type":"ListItem","@id":"https:\/\/allasorias.hu\/hirek\/gondot-okoz-a-cegeknek-az-eloirt-kozgyulesek-osszehivasa\/#listItem","position":3,"name":"Gondot okoz a c\u00e9geknek az el\u0151\u00edrt k\u00f6zgy\u0171l\u00e9sek \u00f6sszeh\u00edv\u00e1sa","previousItem":{"@type":"ListItem","@id":"https:\/\/allasorias.hu\/hirek\/temak\/gazdasag\/#listItem","name":"Gazdas\u00e1g"}}]},{"@type":"Organization","@id":"https:\/\/allasorias.hu\/hirek\/#organization","name":"AllasOrias.hu | H\u00edrek-lapszemle","description":"\u00dczleti h\u00edrek az \u00e1ll\u00e1s \u00e9s a munka vil\u00e1g\u00e1b\u00f3l","url":"https:\/\/allasorias.hu\/hirek\/","logo":{"@type":"ImageObject","url":"https:\/\/allasorias.hu\/hirek\/wp-content\/uploads\/2022\/10\/allasorias_site_facebok_logo.png","@id":"https:\/\/allasorias.hu\/hirek\/gondot-okoz-a-cegeknek-az-eloirt-kozgyulesek-osszehivasa\/#organizationLogo"},"image":{"@id":"https:\/\/allasorias.hu\/hirek\/gondot-okoz-a-cegeknek-az-eloirt-kozgyulesek-osszehivasa\/#organizationLogo"},"sameAs":["https:\/\/www.facebook.com\/allasorias","https:\/\/www.linkedin.com\/company\/allasorias"]},{"@type":"Person","@id":"https:\/\/allasorias.hu\/hirek\/author\/admin-allasorias\/#author","url":"https:\/\/allasorias.hu\/hirek\/author\/admin-allasorias\/","name":"Juh\u00e1sz P\u00e9ter","image":{"@type":"ImageObject","@id":"https:\/\/allasorias.hu\/hirek\/gondot-okoz-a-cegeknek-az-eloirt-kozgyulesek-osszehivasa\/#authorImage","url":"https:\/\/secure.gravatar.com\/avatar\/36e6bcb83148978b992977cb0f54d22feb0cce8a0a849a9410532bb2623ba4c6?s=96&d=mm&r=g","width":96,"height":96,"caption":"Juh\u00e1sz P\u00e9ter"}},{"@type":"WebPage","@id":"https:\/\/allasorias.hu\/hirek\/gondot-okoz-a-cegeknek-az-eloirt-kozgyulesek-osszehivasa\/#webpage","url":"https:\/\/allasorias.hu\/hirek\/gondot-okoz-a-cegeknek-az-eloirt-kozgyulesek-osszehivasa\/","name":"Gondot okoz a c\u00e9geknek az el\u0151\u00edrt k\u00f6zgy\u0171l\u00e9sek \u00f6sszeh\u00edv\u00e1sa | AllasOrias.hu | H\u00edrek-lapszemle","description":"A k\u00f6z- \u00e9s taggy\u0171l\u00e9sek elmarad\u00e1sa eset\u00e9n a t\u00e1rsas\u00e1gok \u00e9s a civil szervezetek nem tudnak eleget tenni jogszab\u00e1lyi k\u00f6teless\u00e9g\u00fcknek, nem tudj\u00e1k szab\u00e1lyszer\u0171en elfogadni az el\u0151z\u0151 \u00e9vi besz\u00e1mol\u00f3t hat\u00e1rid\u0151ig, azaz m\u00e1jus 31-ig. A Min\u0151s\u00edtett K\u00f6nyvel\u0151k Egyes\u00fclete (MINKE) \u00e1ll\u00e1spontja szerint a m\u00e1rcius 8-\u00e1n \u00e9letbe l\u00e9pett j\u00e1rv\u00e1ny\u00fcgyi korl\u00e1toz\u00e1sok miatt, a k\u00f6z- \u00e9s taggy\u0171l\u00e9sek \u00f6sszeh\u00edv\u00e1sa komoly probl\u00e9m\u00e1t okoz mind a","inLanguage":"hu-HU","isPartOf":{"@id":"https:\/\/allasorias.hu\/hirek\/#website"},"breadcrumb":{"@id":"https:\/\/allasorias.hu\/hirek\/gondot-okoz-a-cegeknek-az-eloirt-kozgyulesek-osszehivasa\/#breadcrumblist"},"author":{"@id":"https:\/\/allasorias.hu\/hirek\/author\/admin-allasorias\/#author"},"creator":{"@id":"https:\/\/allasorias.hu\/hirek\/author\/admin-allasorias\/#author"},"image":{"@type":"ImageObject","url":"https:\/\/allasorias.hu\/hirek\/wp-content\/uploads\/2019\/06\/bank-banking-close-up-1020313-1.jpg","@id":"https:\/\/allasorias.hu\/hirek\/gondot-okoz-a-cegeknek-az-eloirt-kozgyulesek-osszehivasa\/#mainImage","width":640,"height":426},"primaryImageOfPage":{"@id":"https:\/\/allasorias.hu\/hirek\/gondot-okoz-a-cegeknek-az-eloirt-kozgyulesek-osszehivasa\/#mainImage"},"datePublished":"2021-03-11T07:42:17+02:00","dateModified":"2021-03-11T07:42:17+02:00"},{"@type":"WebSite","@id":"https:\/\/allasorias.hu\/hirek\/#website","url":"https:\/\/allasorias.hu\/hirek\/","name":"AllasOrias.hu | H\u00edrek-lapszemle","description":"\u00dczleti h\u00edrek az \u00e1ll\u00e1s \u00e9s a munka vil\u00e1g\u00e1b\u00f3l","inLanguage":"hu-HU","publisher":{"@id":"https:\/\/allasorias.hu\/hirek\/#organization"}}]},"og:locale":"hu_HU","og:site_name":"AllasOrias.hu | H\u00edrek-lapszemle | \u00dczleti h\u00edrek az \u00e1ll\u00e1s \u00e9s a munka vil\u00e1g\u00e1b\u00f3l","og:type":"article","og:title":"Gondot okoz a c\u00e9geknek az el\u0151\u00edrt k\u00f6zgy\u0171l\u00e9sek \u00f6sszeh\u00edv\u00e1sa | AllasOrias.hu | H\u00edrek-lapszemle","og:description":"A k\u00f6z- \u00e9s taggy\u0171l\u00e9sek elmarad\u00e1sa eset\u00e9n a t\u00e1rsas\u00e1gok \u00e9s a civil szervezetek nem tudnak eleget tenni jogszab\u00e1lyi k\u00f6teless\u00e9g\u00fcknek, nem tudj\u00e1k szab\u00e1lyszer\u0171en elfogadni az el\u0151z\u0151 \u00e9vi besz\u00e1mol\u00f3t hat\u00e1rid\u0151ig, azaz m\u00e1jus 31-ig. A Min\u0151s\u00edtett K\u00f6nyvel\u0151k Egyes\u00fclete (MINKE) \u00e1ll\u00e1spontja szerint a m\u00e1rcius 8-\u00e1n \u00e9letbe l\u00e9pett j\u00e1rv\u00e1ny\u00fcgyi korl\u00e1toz\u00e1sok miatt, a k\u00f6z- \u00e9s taggy\u0171l\u00e9sek \u00f6sszeh\u00edv\u00e1sa komoly probl\u00e9m\u00e1t okoz mind a","og:url":"https:\/\/allasorias.hu\/hirek\/gondot-okoz-a-cegeknek-az-eloirt-kozgyulesek-osszehivasa\/","og:image":"https:\/\/allasorias.hu\/hirek\/wp-content\/uploads\/2019\/06\/bank-banking-close-up-1020313-1.jpg","og:image:secure_url":"https:\/\/allasorias.hu\/hirek\/wp-content\/uploads\/2019\/06\/bank-banking-close-up-1020313-1.jpg","og:image:width":640,"og:image:height":426,"article:published_time":"2021-03-11T07:42:17+00:00","article:modified_time":"2021-03-11T07:42:17+00:00","article:publisher":"https:\/\/www.facebook.com\/allasorias","twitter:card":"summary_large_image","twitter:title":"Gondot okoz a c\u00e9geknek az el\u0151\u00edrt k\u00f6zgy\u0171l\u00e9sek \u00f6sszeh\u00edv\u00e1sa | AllasOrias.hu | H\u00edrek-lapszemle","twitter:description":"A k\u00f6z- \u00e9s taggy\u0171l\u00e9sek elmarad\u00e1sa eset\u00e9n a t\u00e1rsas\u00e1gok \u00e9s a civil szervezetek nem tudnak eleget tenni jogszab\u00e1lyi k\u00f6teless\u00e9g\u00fcknek, nem tudj\u00e1k szab\u00e1lyszer\u0171en elfogadni az el\u0151z\u0151 \u00e9vi besz\u00e1mol\u00f3t hat\u00e1rid\u0151ig, azaz m\u00e1jus 31-ig. A Min\u0151s\u00edtett K\u00f6nyvel\u0151k Egyes\u00fclete (MINKE) \u00e1ll\u00e1spontja szerint a m\u00e1rcius 8-\u00e1n \u00e9letbe l\u00e9pett j\u00e1rv\u00e1ny\u00fcgyi korl\u00e1toz\u00e1sok miatt, a k\u00f6z- \u00e9s taggy\u0171l\u00e9sek \u00f6sszeh\u00edv\u00e1sa komoly probl\u00e9m\u00e1t okoz mind a","twitter:image":"https:\/\/allasorias.hu\/hirek\/wp-content\/uploads\/2019\/06\/bank-banking-close-up-1020313-1.jpg","twitter:label1":"Written by","twitter:data1":"Juh\u00e1sz P\u00e9ter","twitter:label2":"Est. reading time","twitter:data2":"1 minute"},"aioseo_meta_data":{"post_id":"4640","title":null,"description":null,"keywords":[],"keyphrases":{"focus":[],"additional":[]},"primary_term":null,"canonical_url":null,"og_title":null,"og_description":null,"og_object_type":"default","og_image_type":"default","og_image_url":null,"og_image_width":null,"og_image_height":null,"og_image_custom_url":null,"og_image_custom_fields":null,"og_video":"","og_custom_url":null,"og_article_section":null,"og_article_tags":[],"twitter_use_og":false,"twitter_card":"default","twitter_image_type":"default","twitter_image_url":null,"twitter_image_custom_url":null,"twitter_image_custom_fields":null,"twitter_title":null,"twitter_description":null,"schema":{"blockGraphs":[],"customGraphs":[],"default":{"data":{"Article":[],"Course":[],"Dataset":[],"FAQPage":[],"Movie":[],"Person":[],"Product":[],"ProductReview":[],"Car":[],"Recipe":[],"Service":[],"SoftwareApplication":[],"WebPage":[]},"graphName":"","isEnabled":true},"graphs":[],"defaultGraph":"","defaultPostTypeGraph":""},"schema_type":"none","schema_type_options":"{\"webPage\":{\"webPageType\":\"WebPage\"},\"article\":{\"articleType\":\"BlogPosting\"},\"book\":[],\"course\":[],\"event\":[],\"jobPosting\":[],\"music\":[],\"person\":[],\"product\":[],\"recipe\":[],\"restaurant\":[],\"service\":[],\"software\":[],\"video\":[]}","pillar_content":false,"robots_default":true,"robots_noindex":false,"robots_noarchive":false,"robots_nosnippet":false,"robots_nofollow":false,"robots_noimageindex":false,"robots_noodp":false,"robots_notranslate":false,"robots_max_snippet":"-1","robots_max_videopreview":"-1","robots_max_imagepreview":"large","priority":null,"frequency":"default","location":null,"local_seo":{"businessInfo":{"name":"","urls":{"website":"","aboutPage":"","contactPage":""},"address":{"line1":"","line2":"","zip":"","city":"","state":"","country":""},"contact":{"email":"","phone":"","fax":""},"ids":{"vatID":"","taxID":"","chamberID":""},"payment":{"priceIndication":"","currenciesAccepted":"","methodsAccepted":""},"areaServed":""},"openingHours":{"show":false,"closedLabel":"","open24h":false,"open24hLabel":"","open247":false,"use24hFormat":false,"twoSets":false,"timezone":"","hours":[]}},"breadcrumb_settings":null,"limit_modified_date":false,"ai":null,"created":"2021-03-11 07:37:24","updated":"2025-10-02 15:29:04","seo_analyzer_scan_date":null,"focus_keyword":null,"additional_keywords":null,"truseo_locale":null},"aioseo_breadcrumb":"<div class=\"aioseo-breadcrumbs\"><span class=\"aioseo-breadcrumb\">\n\t\t\t<a href=\"https:\/\/allasorias.hu\/hirek\" title=\"Home\">Home<\/a>\n\t\t<\/span><span class=\"aioseo-breadcrumb-separator\">&raquo;<\/span><span class=\"aioseo-breadcrumb\">\n\t\t\t<a href=\"https:\/\/allasorias.hu\/hirek\/temak\/gazdasag\/\" title=\"Gazdas\u00e1g\">Gazdas\u00e1g<\/a>\n\t\t<\/span><span class=\"aioseo-breadcrumb-separator\">&raquo;<\/span><span class=\"aioseo-breadcrumb\">\n\t\t\tGondot okoz a c\u00e9geknek az el\u0151\u00edrt k\u00f6zgy\u0171l\u00e9sek \u00f6sszeh\u00edv\u00e1sa\n\t\t<\/span><\/div>","aioseo_breadcrumb_json":[{"label":"Home","link":"https:\/\/allasorias.hu\/hirek"},{"label":"Gazdas\u00e1g","link":"https:\/\/allasorias.hu\/hirek\/temak\/gazdasag\/"},{"label":"Gondot okoz a c\u00e9geknek az el\u0151\u00edrt k\u00f6zgy\u0171l\u00e9sek \u00f6sszeh\u00edv\u00e1sa","link":"https:\/\/allasorias.hu\/hirek\/gondot-okoz-a-cegeknek-az-eloirt-kozgyulesek-osszehivasa\/"}],"_links":{"self":[{"href":"https:\/\/allasorias.hu\/hirek\/wp-json\/wp\/v2\/posts\/4640","targetHints":{"allow":["GET"]}}],"collection":[{"href":"https:\/\/allasorias.hu\/hirek\/wp-json\/wp\/v2\/posts"}],"about":[{"href":"https:\/\/allasorias.hu\/hirek\/wp-json\/wp\/v2\/types\/post"}],"author":[{"embeddable":true,"href":"https:\/\/allasorias.hu\/hirek\/wp-json\/wp\/v2\/users\/1"}],"replies":[{"embeddable":true,"href":"https:\/\/allasorias.hu\/hirek\/wp-json\/wp\/v2\/comments?post=4640"}],"version-history":[{"count":1,"href":"https:\/\/allasorias.hu\/hirek\/wp-json\/wp\/v2\/posts\/4640\/revisions"}],"predecessor-version":[{"id":4641,"href":"https:\/\/allasorias.hu\/hirek\/wp-json\/wp\/v2\/posts\/4640\/revisions\/4641"}],"wp:featuredmedia":[{"embeddable":true,"href":"https:\/\/allasorias.hu\/hirek\/wp-json\/wp\/v2\/media\/3005"}],"wp:attachment":[{"href":"https:\/\/allasorias.hu\/hirek\/wp-json\/wp\/v2\/media?parent=4640"}],"wp:term":[{"taxonomy":"category","embeddable":true,"href":"https:\/\/allasorias.hu\/hirek\/wp-json\/wp\/v2\/categories?post=4640"},{"taxonomy":"post_tag","embeddable":true,"href":"https:\/\/allasorias.hu\/hirek\/wp-json\/wp\/v2\/tags?post=4640"}],"curies":[{"name":"wp","href":"https:\/\/api.w.org\/{rel}","templated":true}]}}