{"id":4636,"date":"2021-03-10T07:32:56","date_gmt":"2021-03-10T07:32:56","guid":{"rendered":"https:\/\/allasorias.hu\/hirek\/?p=4636"},"modified":"2021-03-10T07:32:56","modified_gmt":"2021-03-10T07:32:56","slug":"bovitenenek-a-cegek","status":"publish","type":"post","link":"https:\/\/allasorias.hu\/hirek\/bovitenenek-a-cegek\/","title":{"rendered":"B\u0151v\u00edten\u00e9nek a c\u00e9gek"},"content":{"rendered":"<p><strong>K\u00f6z\u00e9p-Magyarorsz\u00e1gon b\u0151v\u00edten\u00e9nek legink\u00e1bb a c\u00e9gek. Ter\u00fcletileg is nagyok az elt\u00e9r\u00e9sek: a dolgoz\u00f3i l\u00e9tsz\u00e1m legnagyobb m\u00e9rt\u00e9k\u0171, 9 sz\u00e1zal\u00e9kos n\u00f6veked\u00e9s\u00e9t a k\u00f6z\u00e9p-magyarorsz\u00e1gi r\u00e9gi\u00f3ban, m\u00edg 5-5 sz\u00e1zal\u00e9kosat a K\u00f6z\u00e9p-Dun\u00e1nt\u00falon, illetve Budapesten v\u00e1rj\u00e1k. Magyarorsz\u00e1gon a c\u00e9gek \u00e1tlagosan 3 sz\u00e1zal\u00e9kkal tervezik b\u0151v\u00edteni munkaer\u0151\u00e1llom\u00e1nyukat \u00e1prilis \u00e9s j\u00fanius k\u00f6z\u00f6tt &#8211; der\u00fcl ki a ManpowerGroup munkaer\u0151piaci el\u0151rejelz\u00e9s\u00e9b\u0151l. A kutat\u00e1s vil\u00e1gszerte 43 orsz\u00e1gban zajlott, Magyarorsz\u00e1gon reprezentat\u00edv volt a felm\u00e9r\u00e9s, amelyben 560 munk\u00e1ltat\u00f3t k\u00e9rdezt\u00e9k meg m\u00e1sodik negyed\u00e9ves munkaer\u0151-felv\u00e9teli sz\u00e1nd\u00e9kair\u00f3l.<\/strong><\/p>\n<p>A k\u00f6zlem\u00e9ny id\u00e9zte Feh\u00e9r Tam\u00e1st, a ManpowerGroup \u00fcgyvezet\u0151 igazgat\u00f3j\u00e1t, aki szerint az egyre sz\u00e9lesebb k\u00f6rben alkalmazott vakcin\u00e1k egyel\u0151re csak r\u00e9szben magyar\u00e1zz\u00e1k a munk\u00e1ltat\u00f3k pozit\u00edvabb v\u00e1rakoz\u00e1sait, legal\u00e1bb ennyire meghat\u00e1roz\u00f3, hogy a c\u00e9gek m\u00e1r t\u00f6bb\u00e9-kev\u00e9sb\u00e9 alkalmazkodtak az \u00faj normalit\u00e1shoz. A felm\u00e9r\u00e9sb\u0151l kider\u00fclt, hogy a l\u00e9tsz\u00e1mb\u0151v\u00edt\u00e9si terveket tekintve az egyes szektorok k\u00f6z\u00f6tt jelent\u0151sek a k\u00fcl\u00f6nbs\u00e9gek: a legnagyobb, 11 sz\u00e1zal\u00e9kos felfut\u00e1st a gy\u00e1rt\u00e1s, termel\u00e9sben v\u00e1rj\u00e1k, a nagy- \u00e9s kiskereskedelemben 6, m\u00edg a p\u00e9nz\u00fcgyi \u00e9s \u00fczleti szolg\u00e1ltat\u00e1sok ter\u00fclet\u00e9n 5 sz\u00e1zal\u00e9kos a tervezett b\u0151v\u00fcl\u00e9s. A j\u00e1rv\u00e1nyhelyzet legnagyobb vesztese tov\u00e1bbra is az \u00e9tterem-vend\u00e9gl\u00e1t\u00e1s szektor, ahol a k\u00f6vetkez\u0151 negyed\u00e9vben tov\u00e1bbi 6 sz\u00e1zal\u00e9kos l\u00e9tsz\u00e1mcs\u00f6kkent\u00e9ssel sz\u00e1molnak. K\u00f6z\u00e9p-Magyarorsz\u00e1gon b\u0151v\u00edten\u00e9nek legink\u00e1bb. Ter\u00fcletileg is nagyok az elt\u00e9r\u00e9sek: a dolgoz\u00f3i l\u00e9tsz\u00e1m legnagyobb m\u00e9rt\u00e9k\u0171, 9 sz\u00e1zal\u00e9kos n\u00f6veked\u00e9s\u00e9t a k\u00f6z\u00e9p-magyarorsz\u00e1gi r\u00e9gi\u00f3ban, m\u00edg 5-5 sz\u00e1zal\u00e9kosat a K\u00f6z\u00e9p-Dun\u00e1nt\u00falon, illetve Budapesten v\u00e1rj\u00e1k. Ugyanakkor jelezt\u00e9k, hogy a D\u00e9l-Dun\u00e1nt\u00falon 3, Nyugat-Dun\u00e1nt\u00falon pedig 1 sz\u00e1zal\u00e9kos \u00e1tlagos le\u00e9p\u00edt\u00e9s szerepel a tervekben.C\u00e9gm\u00e9retet tekintve nagyj\u00e1b\u00f3l egys\u00e9ges a munk\u00e1ltat\u00f3i v\u00e1rakoz\u00e1s: mind a kis- \u00e9s k\u00f6zepes, mind a nagy, 250 embern\u00e9l t\u00f6bbet foglalkoztat\u00f3 v\u00e1llalatok 3-4 sz\u00e1zal\u00e9kos l\u00e9tsz\u00e1mb\u0151v\u00edt\u00e9ssel sz\u00e1molnak. A mikrov\u00e1llalkoz\u00e1sok azonban kev\u00e9sb\u00e9 bizakod\u00f3ak: k\u00f6r\u00fckben az \u00e1tlagos v\u00e1rakoz\u00e1s stagn\u00e1l\u00f3 alkalmazotti l\u00e9tsz\u00e1mot mutat. A felm\u00e9r\u00e9sben arra is r\u00e1k\u00e9rdeztek, hogy tesznek-e int\u00e9zked\u00e9seket az alkalmazottak min\u00e9l nagyobb \u00e1toltotts\u00e1gi szintj\u00e9nek megteremt\u00e9s\u00e9re. A c\u00e9gek 36 sz\u00e1zal\u00e9ka nyilatkozott \u00fagy, hogy vannak ilyen terveik: 27 sz\u00e1zal\u00e9k az olt\u00e1s el\u0151nyeinek bemutat\u00e1s\u00e1val tervezi \u00f6szt\u00f6n\u00f6zni az alkalmazottakat, tov\u00e1bbi 2 sz\u00e1zal\u00e9k ehhez anyagi \u00f6szt\u00f6nz\u0151ket is kapcsolna, 7 sz\u00e1zal\u00e9kuk pedig jelezte, hogy legal\u00e1bb bizonyos munkak\u00f6r\u00f6kn\u00e9l el\u0151 is \u00edrj\u00e1k majd a v\u00e9d\u0151olt\u00e1st.Feh\u00e9r Tam\u00e1s ugyanakkor a k\u00f6zlem\u00e9nyben hangs\u00falyozta, az olt\u00e1s munkak\u00f6rh\u00f6z k\u00f6t\u00f6tt el\u0151\u00edr\u00e1s\u00e1n\u00e1l fontos tudni, hogy a jogszab\u00e1lyi k\u00f6rnyezetben a munk\u00e1ltat\u00f3k nem tehetik k\u00f6telez\u0151v\u00e9 a munkav\u00e1llal\u00f3ik sz\u00e1m\u00e1ra a v\u00e9d\u0151olt\u00e1st, \u00e9s annak elutas\u00edt\u00e1sa miatt sem \u00e9rheti a dolgoz\u00f3kat h\u00e1tr\u00e1nyos megk\u00fcl\u00f6nb\u00f6ztet\u00e9s.<\/p>\n<p>Forr\u00e1s: autopro.hu<\/p>\n","protected":false},"excerpt":{"rendered":"<p>K\u00f6z\u00e9p-Magyarorsz\u00e1gon b\u0151v\u00edten\u00e9nek legink\u00e1bb a c\u00e9gek. Ter\u00fcletileg is nagyok az elt\u00e9r\u00e9sek: a dolgoz\u00f3i l\u00e9tsz\u00e1m legnagyobb m\u00e9rt\u00e9k\u0171, 9 sz\u00e1zal\u00e9kos n\u00f6veked\u00e9s\u00e9t a k\u00f6z\u00e9p-magyarorsz\u00e1gi r\u00e9gi\u00f3ban, m\u00edg 5-5 sz\u00e1zal\u00e9kosat a K\u00f6z\u00e9p-Dun\u00e1nt\u00falon, illetve Budapesten v\u00e1rj\u00e1k. Magyarorsz\u00e1gon a c\u00e9gek \u00e1tlagosan 3 sz\u00e1zal\u00e9kkal tervezik b\u0151v\u00edteni munkaer\u0151\u00e1llom\u00e1nyukat \u00e1prilis \u00e9s j\u00fanius k\u00f6z\u00f6tt &#8211; der\u00fcl ki a ManpowerGroup munkaer\u0151piaci el\u0151rejelz\u00e9s\u00e9b\u0151l. A kutat\u00e1s vil\u00e1gszerte 43 orsz\u00e1gban zajlott, [&hellip;]<\/p>\n","protected":false},"author":1,"featured_media":4637,"comment_status":"open","ping_status":"open","sticky":false,"template":"","format":"standard","meta":{"_monsterinsights_skip_tracking":false,"footnotes":""},"categories":[200],"tags":[],"class_list":["post-4636","post","type-post","status-publish","format-standard","has-post-thumbnail","hentry","category-munkaeropiac"],"aioseo_notices":[],"aioseo_head":"\n\t\t<!-- All in One SEO 5.0.0.1 - aioseo.com -->\n\t<meta name=\"description\" content=\"K\u00f6z\u00e9p-Magyarorsz\u00e1gon b\u0151v\u00edten\u00e9nek legink\u00e1bb a c\u00e9gek. Ter\u00fcletileg is nagyok az elt\u00e9r\u00e9sek: a dolgoz\u00f3i l\u00e9tsz\u00e1m legnagyobb m\u00e9rt\u00e9k\u0171, 9 sz\u00e1zal\u00e9kos n\u00f6veked\u00e9s\u00e9t a k\u00f6z\u00e9p-magyarorsz\u00e1gi r\u00e9gi\u00f3ban, m\u00edg 5-5 sz\u00e1zal\u00e9kosat a K\u00f6z\u00e9p-Dun\u00e1nt\u00falon, illetve Budapesten v\u00e1rj\u00e1k. Magyarorsz\u00e1gon a c\u00e9gek \u00e1tlagosan 3 sz\u00e1zal\u00e9kkal tervezik b\u0151v\u00edteni munkaer\u0151\u00e1llom\u00e1nyukat \u00e1prilis \u00e9s j\u00fanius k\u00f6z\u00f6tt - der\u00fcl ki a ManpowerGroup munkaer\u0151piaci el\u0151rejelz\u00e9s\u00e9b\u0151l. A kutat\u00e1s vil\u00e1gszerte 43 orsz\u00e1gban zajlott,\" \/>\n\t<meta name=\"robots\" content=\"max-image-preview:large\" \/>\n\t<meta name=\"author\" content=\"Juh\u00e1sz P\u00e9ter\"\/>\n\t<link rel=\"canonical\" href=\"https:\/\/allasorias.hu\/hirek\/bovitenenek-a-cegek\/\" \/>\n\t<meta name=\"generator\" content=\"All in One SEO (AIOSEO) 5.0.0.1\" \/>\n\t\t<meta property=\"og:locale\" content=\"hu_HU\" \/>\n\t\t<meta property=\"og:site_name\" content=\"AllasOrias.hu | H\u00edrek-lapszemle | \u00dczleti h\u00edrek az \u00e1ll\u00e1s \u00e9s a munka vil\u00e1g\u00e1b\u00f3l\" \/>\n\t\t<meta property=\"og:type\" content=\"article\" \/>\n\t\t<meta property=\"og:title\" content=\"B\u0151v\u00edten\u00e9nek a c\u00e9gek | AllasOrias.hu | H\u00edrek-lapszemle\" \/>\n\t\t<meta property=\"og:description\" content=\"K\u00f6z\u00e9p-Magyarorsz\u00e1gon b\u0151v\u00edten\u00e9nek legink\u00e1bb a c\u00e9gek. Ter\u00fcletileg is nagyok az elt\u00e9r\u00e9sek: a dolgoz\u00f3i l\u00e9tsz\u00e1m legnagyobb m\u00e9rt\u00e9k\u0171, 9 sz\u00e1zal\u00e9kos n\u00f6veked\u00e9s\u00e9t a k\u00f6z\u00e9p-magyarorsz\u00e1gi r\u00e9gi\u00f3ban, m\u00edg 5-5 sz\u00e1zal\u00e9kosat a K\u00f6z\u00e9p-Dun\u00e1nt\u00falon, illetve Budapesten v\u00e1rj\u00e1k. Magyarorsz\u00e1gon a c\u00e9gek \u00e1tlagosan 3 sz\u00e1zal\u00e9kkal tervezik b\u0151v\u00edteni munkaer\u0151\u00e1llom\u00e1nyukat \u00e1prilis \u00e9s j\u00fanius k\u00f6z\u00f6tt - der\u00fcl ki a ManpowerGroup munkaer\u0151piaci el\u0151rejelz\u00e9s\u00e9b\u0151l. A kutat\u00e1s vil\u00e1gszerte 43 orsz\u00e1gban zajlott,\" \/>\n\t\t<meta property=\"og:url\" content=\"https:\/\/allasorias.hu\/hirek\/bovitenenek-a-cegek\/\" \/>\n\t\t<meta property=\"og:image\" content=\"https:\/\/allasorias.hu\/hirek\/wp-content\/uploads\/2021\/03\/businessman-drawing-circle-select-group-people-standing-out-crowd.jpg\" \/>\n\t\t<meta property=\"og:image:secure_url\" content=\"https:\/\/allasorias.hu\/hirek\/wp-content\/uploads\/2021\/03\/businessman-drawing-circle-select-group-people-standing-out-crowd.jpg\" \/>\n\t\t<meta property=\"og:image:width\" content=\"1920\" \/>\n\t\t<meta property=\"og:image:height\" content=\"1001\" \/>\n\t\t<meta property=\"article:published_time\" content=\"2021-03-10T07:32:56+00:00\" \/>\n\t\t<meta property=\"article:modified_time\" content=\"2021-03-10T07:32:56+00:00\" \/>\n\t\t<meta property=\"article:publisher\" content=\"https:\/\/www.facebook.com\/allasorias\" \/>\n\t\t<meta name=\"twitter:card\" content=\"summary_large_image\" \/>\n\t\t<meta name=\"twitter:title\" content=\"B\u0151v\u00edten\u00e9nek a c\u00e9gek | AllasOrias.hu | H\u00edrek-lapszemle\" \/>\n\t\t<meta name=\"twitter:description\" content=\"K\u00f6z\u00e9p-Magyarorsz\u00e1gon b\u0151v\u00edten\u00e9nek legink\u00e1bb a c\u00e9gek. Ter\u00fcletileg is nagyok az elt\u00e9r\u00e9sek: a dolgoz\u00f3i l\u00e9tsz\u00e1m legnagyobb m\u00e9rt\u00e9k\u0171, 9 sz\u00e1zal\u00e9kos n\u00f6veked\u00e9s\u00e9t a k\u00f6z\u00e9p-magyarorsz\u00e1gi r\u00e9gi\u00f3ban, m\u00edg 5-5 sz\u00e1zal\u00e9kosat a K\u00f6z\u00e9p-Dun\u00e1nt\u00falon, illetve Budapesten v\u00e1rj\u00e1k. Magyarorsz\u00e1gon a c\u00e9gek \u00e1tlagosan 3 sz\u00e1zal\u00e9kkal tervezik b\u0151v\u00edteni munkaer\u0151\u00e1llom\u00e1nyukat \u00e1prilis \u00e9s j\u00fanius k\u00f6z\u00f6tt - der\u00fcl ki a ManpowerGroup munkaer\u0151piaci el\u0151rejelz\u00e9s\u00e9b\u0151l. A kutat\u00e1s vil\u00e1gszerte 43 orsz\u00e1gban zajlott,\" \/>\n\t\t<meta name=\"twitter:image\" content=\"https:\/\/allasorias.hu\/hirek\/wp-content\/uploads\/2021\/03\/businessman-drawing-circle-select-group-people-standing-out-crowd.jpg\" \/>\n\t\t<meta name=\"twitter:label1\" content=\"Written by\" \/>\n\t\t<meta name=\"twitter:data1\" content=\"Juh\u00e1sz P\u00e9ter\" \/>\n\t\t<meta name=\"twitter:label2\" content=\"Est. reading time\" \/>\n\t\t<meta name=\"twitter:data2\" content=\"3 minutes\" \/>\n\t\t<script type=\"application\/ld+json\" class=\"aioseo-schema\">\n\t\t\t{\"@context\":\"https:\\\/\\\/schema.org\",\"@graph\":[{\"@type\":\"Article\",\"@id\":\"https:\\\/\\\/allasorias.hu\\\/hirek\\\/bovitenenek-a-cegek\\\/#article\",\"name\":\"B\\u0151v\\u00edten\\u00e9nek a c\\u00e9gek | AllasOrias.hu | H\\u00edrek-lapszemle\",\"headline\":\"B\\u0151v\\u00edten\\u00e9nek a c\\u00e9gek\",\"author\":{\"@id\":\"https:\\\/\\\/allasorias.hu\\\/hirek\\\/author\\\/admin-allasorias\\\/#author\"},\"publisher\":{\"@id\":\"https:\\\/\\\/allasorias.hu\\\/hirek\\\/#organization\"},\"image\":{\"@type\":\"ImageObject\",\"url\":\"https:\\\/\\\/allasorias.hu\\\/hirek\\\/wp-content\\\/uploads\\\/2021\\\/03\\\/businessman-drawing-circle-select-group-people-standing-out-crowd.jpg\",\"width\":1920,\"height\":1001,\"caption\":\"Human resource management and recruitment employment business concept. Businessman drawing circle select group people standing out of crowd\"},\"datePublished\":\"2021-03-10T07:32:56+02:00\",\"dateModified\":\"2021-03-10T07:32:56+02:00\",\"inLanguage\":\"hu-HU\",\"mainEntityOfPage\":{\"@id\":\"https:\\\/\\\/allasorias.hu\\\/hirek\\\/bovitenenek-a-cegek\\\/#webpage\"},\"isPartOf\":{\"@id\":\"https:\\\/\\\/allasorias.hu\\\/hirek\\\/bovitenenek-a-cegek\\\/#webpage\"},\"articleSection\":\"Munkaer\\u0151piac\"},{\"@type\":\"BreadcrumbList\",\"@id\":\"https:\\\/\\\/allasorias.hu\\\/hirek\\\/bovitenenek-a-cegek\\\/#breadcrumblist\",\"itemListElement\":[{\"@type\":\"ListItem\",\"@id\":\"https:\\\/\\\/allasorias.hu\\\/hirek#listItem\",\"position\":1,\"name\":\"Home\",\"item\":\"https:\\\/\\\/allasorias.hu\\\/hirek\",\"nextItem\":{\"@type\":\"ListItem\",\"@id\":\"https:\\\/\\\/allasorias.hu\\\/hirek\\\/temak\\\/munkaeropiac\\\/#listItem\",\"name\":\"Munkaer\\u0151piac\"}},{\"@type\":\"ListItem\",\"@id\":\"https:\\\/\\\/allasorias.hu\\\/hirek\\\/temak\\\/munkaeropiac\\\/#listItem\",\"position\":2,\"name\":\"Munkaer\\u0151piac\",\"item\":\"https:\\\/\\\/allasorias.hu\\\/hirek\\\/temak\\\/munkaeropiac\\\/\",\"nextItem\":{\"@type\":\"ListItem\",\"@id\":\"https:\\\/\\\/allasorias.hu\\\/hirek\\\/bovitenenek-a-cegek\\\/#listItem\",\"name\":\"B\\u0151v\\u00edten\\u00e9nek a c\\u00e9gek\"},\"previousItem\":{\"@type\":\"ListItem\",\"@id\":\"https:\\\/\\\/allasorias.hu\\\/hirek#listItem\",\"name\":\"Home\"}},{\"@type\":\"ListItem\",\"@id\":\"https:\\\/\\\/allasorias.hu\\\/hirek\\\/bovitenenek-a-cegek\\\/#listItem\",\"position\":3,\"name\":\"B\\u0151v\\u00edten\\u00e9nek a c\\u00e9gek\",\"previousItem\":{\"@type\":\"ListItem\",\"@id\":\"https:\\\/\\\/allasorias.hu\\\/hirek\\\/temak\\\/munkaeropiac\\\/#listItem\",\"name\":\"Munkaer\\u0151piac\"}}]},{\"@type\":\"Organization\",\"@id\":\"https:\\\/\\\/allasorias.hu\\\/hirek\\\/#organization\",\"name\":\"AllasOrias.hu | H\\u00edrek-lapszemle\",\"description\":\"\\u00dczleti h\\u00edrek az \\u00e1ll\\u00e1s \\u00e9s a munka vil\\u00e1g\\u00e1b\\u00f3l\",\"url\":\"https:\\\/\\\/allasorias.hu\\\/hirek\\\/\",\"logo\":{\"@type\":\"ImageObject\",\"url\":\"https:\\\/\\\/allasorias.hu\\\/hirek\\\/wp-content\\\/uploads\\\/2022\\\/10\\\/allasorias_site_facebok_logo.png\",\"@id\":\"https:\\\/\\\/allasorias.hu\\\/hirek\\\/bovitenenek-a-cegek\\\/#organizationLogo\"},\"image\":{\"@id\":\"https:\\\/\\\/allasorias.hu\\\/hirek\\\/bovitenenek-a-cegek\\\/#organizationLogo\"},\"sameAs\":[\"https:\\\/\\\/www.facebook.com\\\/allasorias\",\"https:\\\/\\\/www.linkedin.com\\\/company\\\/allasorias\"]},{\"@type\":\"Person\",\"@id\":\"https:\\\/\\\/allasorias.hu\\\/hirek\\\/author\\\/admin-allasorias\\\/#author\",\"url\":\"https:\\\/\\\/allasorias.hu\\\/hirek\\\/author\\\/admin-allasorias\\\/\",\"name\":\"Juh\\u00e1sz P\\u00e9ter\",\"image\":{\"@type\":\"ImageObject\",\"@id\":\"https:\\\/\\\/allasorias.hu\\\/hirek\\\/bovitenenek-a-cegek\\\/#authorImage\",\"url\":\"https:\\\/\\\/secure.gravatar.com\\\/avatar\\\/36e6bcb83148978b992977cb0f54d22feb0cce8a0a849a9410532bb2623ba4c6?s=96&d=mm&r=g\",\"width\":96,\"height\":96,\"caption\":\"Juh\\u00e1sz P\\u00e9ter\"}},{\"@type\":\"WebPage\",\"@id\":\"https:\\\/\\\/allasorias.hu\\\/hirek\\\/bovitenenek-a-cegek\\\/#webpage\",\"url\":\"https:\\\/\\\/allasorias.hu\\\/hirek\\\/bovitenenek-a-cegek\\\/\",\"name\":\"B\\u0151v\\u00edten\\u00e9nek a c\\u00e9gek | AllasOrias.hu | H\\u00edrek-lapszemle\",\"description\":\"K\\u00f6z\\u00e9p-Magyarorsz\\u00e1gon b\\u0151v\\u00edten\\u00e9nek legink\\u00e1bb a c\\u00e9gek. Ter\\u00fcletileg is nagyok az elt\\u00e9r\\u00e9sek: a dolgoz\\u00f3i l\\u00e9tsz\\u00e1m legnagyobb m\\u00e9rt\\u00e9k\\u0171, 9 sz\\u00e1zal\\u00e9kos n\\u00f6veked\\u00e9s\\u00e9t a k\\u00f6z\\u00e9p-magyarorsz\\u00e1gi r\\u00e9gi\\u00f3ban, m\\u00edg 5-5 sz\\u00e1zal\\u00e9kosat a K\\u00f6z\\u00e9p-Dun\\u00e1nt\\u00falon, illetve Budapesten v\\u00e1rj\\u00e1k. Magyarorsz\\u00e1gon a c\\u00e9gek \\u00e1tlagosan 3 sz\\u00e1zal\\u00e9kkal tervezik b\\u0151v\\u00edteni munkaer\\u0151\\u00e1llom\\u00e1nyukat \\u00e1prilis \\u00e9s j\\u00fanius k\\u00f6z\\u00f6tt - der\\u00fcl ki a ManpowerGroup munkaer\\u0151piaci el\\u0151rejelz\\u00e9s\\u00e9b\\u0151l. A kutat\\u00e1s vil\\u00e1gszerte 43 orsz\\u00e1gban zajlott,\",\"inLanguage\":\"hu-HU\",\"isPartOf\":{\"@id\":\"https:\\\/\\\/allasorias.hu\\\/hirek\\\/#website\"},\"breadcrumb\":{\"@id\":\"https:\\\/\\\/allasorias.hu\\\/hirek\\\/bovitenenek-a-cegek\\\/#breadcrumblist\"},\"author\":{\"@id\":\"https:\\\/\\\/allasorias.hu\\\/hirek\\\/author\\\/admin-allasorias\\\/#author\"},\"creator\":{\"@id\":\"https:\\\/\\\/allasorias.hu\\\/hirek\\\/author\\\/admin-allasorias\\\/#author\"},\"image\":{\"@type\":\"ImageObject\",\"url\":\"https:\\\/\\\/allasorias.hu\\\/hirek\\\/wp-content\\\/uploads\\\/2021\\\/03\\\/businessman-drawing-circle-select-group-people-standing-out-crowd.jpg\",\"@id\":\"https:\\\/\\\/allasorias.hu\\\/hirek\\\/bovitenenek-a-cegek\\\/#mainImage\",\"width\":1920,\"height\":1001,\"caption\":\"Human resource management and recruitment employment business concept. Businessman drawing circle select group people standing out of crowd\"},\"primaryImageOfPage\":{\"@id\":\"https:\\\/\\\/allasorias.hu\\\/hirek\\\/bovitenenek-a-cegek\\\/#mainImage\"},\"datePublished\":\"2021-03-10T07:32:56+02:00\",\"dateModified\":\"2021-03-10T07:32:56+02:00\"},{\"@type\":\"WebSite\",\"@id\":\"https:\\\/\\\/allasorias.hu\\\/hirek\\\/#website\",\"url\":\"https:\\\/\\\/allasorias.hu\\\/hirek\\\/\",\"name\":\"AllasOrias.hu | H\\u00edrek-lapszemle\",\"description\":\"\\u00dczleti h\\u00edrek az \\u00e1ll\\u00e1s \\u00e9s a munka vil\\u00e1g\\u00e1b\\u00f3l\",\"inLanguage\":\"hu-HU\",\"publisher\":{\"@id\":\"https:\\\/\\\/allasorias.hu\\\/hirek\\\/#organization\"}}]}\n\t\t<\/script>\n\t\t<!-- All in One SEO -->\n\n","aioseo_head_json":{"title":"B\u0151v\u00edten\u00e9nek a c\u00e9gek | AllasOrias.hu | H\u00edrek-lapszemle","description":"K\u00f6z\u00e9p-Magyarorsz\u00e1gon b\u0151v\u00edten\u00e9nek legink\u00e1bb a c\u00e9gek. Ter\u00fcletileg is nagyok az elt\u00e9r\u00e9sek: a dolgoz\u00f3i l\u00e9tsz\u00e1m legnagyobb m\u00e9rt\u00e9k\u0171, 9 sz\u00e1zal\u00e9kos n\u00f6veked\u00e9s\u00e9t a k\u00f6z\u00e9p-magyarorsz\u00e1gi r\u00e9gi\u00f3ban, m\u00edg 5-5 sz\u00e1zal\u00e9kosat a K\u00f6z\u00e9p-Dun\u00e1nt\u00falon, illetve Budapesten v\u00e1rj\u00e1k. Magyarorsz\u00e1gon a c\u00e9gek \u00e1tlagosan 3 sz\u00e1zal\u00e9kkal tervezik b\u0151v\u00edteni munkaer\u0151\u00e1llom\u00e1nyukat \u00e1prilis \u00e9s j\u00fanius k\u00f6z\u00f6tt - der\u00fcl ki a ManpowerGroup munkaer\u0151piaci el\u0151rejelz\u00e9s\u00e9b\u0151l. A kutat\u00e1s vil\u00e1gszerte 43 orsz\u00e1gban zajlott,","canonical_url":"https:\/\/allasorias.hu\/hirek\/bovitenenek-a-cegek\/","robots":"max-image-preview:large","keywords":"","webmasterTools":{"miscellaneous":""},"schema":{"@context":"https:\/\/schema.org","@graph":[{"@type":"Article","@id":"https:\/\/allasorias.hu\/hirek\/bovitenenek-a-cegek\/#article","name":"B\u0151v\u00edten\u00e9nek a c\u00e9gek | AllasOrias.hu | H\u00edrek-lapszemle","headline":"B\u0151v\u00edten\u00e9nek a c\u00e9gek","author":{"@id":"https:\/\/allasorias.hu\/hirek\/author\/admin-allasorias\/#author"},"publisher":{"@id":"https:\/\/allasorias.hu\/hirek\/#organization"},"image":{"@type":"ImageObject","url":"https:\/\/allasorias.hu\/hirek\/wp-content\/uploads\/2021\/03\/businessman-drawing-circle-select-group-people-standing-out-crowd.jpg","width":1920,"height":1001,"caption":"Human resource management and recruitment employment business concept. Businessman drawing circle select group people standing out of crowd"},"datePublished":"2021-03-10T07:32:56+02:00","dateModified":"2021-03-10T07:32:56+02:00","inLanguage":"hu-HU","mainEntityOfPage":{"@id":"https:\/\/allasorias.hu\/hirek\/bovitenenek-a-cegek\/#webpage"},"isPartOf":{"@id":"https:\/\/allasorias.hu\/hirek\/bovitenenek-a-cegek\/#webpage"},"articleSection":"Munkaer\u0151piac"},{"@type":"BreadcrumbList","@id":"https:\/\/allasorias.hu\/hirek\/bovitenenek-a-cegek\/#breadcrumblist","itemListElement":[{"@type":"ListItem","@id":"https:\/\/allasorias.hu\/hirek#listItem","position":1,"name":"Home","item":"https:\/\/allasorias.hu\/hirek","nextItem":{"@type":"ListItem","@id":"https:\/\/allasorias.hu\/hirek\/temak\/munkaeropiac\/#listItem","name":"Munkaer\u0151piac"}},{"@type":"ListItem","@id":"https:\/\/allasorias.hu\/hirek\/temak\/munkaeropiac\/#listItem","position":2,"name":"Munkaer\u0151piac","item":"https:\/\/allasorias.hu\/hirek\/temak\/munkaeropiac\/","nextItem":{"@type":"ListItem","@id":"https:\/\/allasorias.hu\/hirek\/bovitenenek-a-cegek\/#listItem","name":"B\u0151v\u00edten\u00e9nek a c\u00e9gek"},"previousItem":{"@type":"ListItem","@id":"https:\/\/allasorias.hu\/hirek#listItem","name":"Home"}},{"@type":"ListItem","@id":"https:\/\/allasorias.hu\/hirek\/bovitenenek-a-cegek\/#listItem","position":3,"name":"B\u0151v\u00edten\u00e9nek a c\u00e9gek","previousItem":{"@type":"ListItem","@id":"https:\/\/allasorias.hu\/hirek\/temak\/munkaeropiac\/#listItem","name":"Munkaer\u0151piac"}}]},{"@type":"Organization","@id":"https:\/\/allasorias.hu\/hirek\/#organization","name":"AllasOrias.hu | H\u00edrek-lapszemle","description":"\u00dczleti h\u00edrek az \u00e1ll\u00e1s \u00e9s a munka vil\u00e1g\u00e1b\u00f3l","url":"https:\/\/allasorias.hu\/hirek\/","logo":{"@type":"ImageObject","url":"https:\/\/allasorias.hu\/hirek\/wp-content\/uploads\/2022\/10\/allasorias_site_facebok_logo.png","@id":"https:\/\/allasorias.hu\/hirek\/bovitenenek-a-cegek\/#organizationLogo"},"image":{"@id":"https:\/\/allasorias.hu\/hirek\/bovitenenek-a-cegek\/#organizationLogo"},"sameAs":["https:\/\/www.facebook.com\/allasorias","https:\/\/www.linkedin.com\/company\/allasorias"]},{"@type":"Person","@id":"https:\/\/allasorias.hu\/hirek\/author\/admin-allasorias\/#author","url":"https:\/\/allasorias.hu\/hirek\/author\/admin-allasorias\/","name":"Juh\u00e1sz P\u00e9ter","image":{"@type":"ImageObject","@id":"https:\/\/allasorias.hu\/hirek\/bovitenenek-a-cegek\/#authorImage","url":"https:\/\/secure.gravatar.com\/avatar\/36e6bcb83148978b992977cb0f54d22feb0cce8a0a849a9410532bb2623ba4c6?s=96&d=mm&r=g","width":96,"height":96,"caption":"Juh\u00e1sz P\u00e9ter"}},{"@type":"WebPage","@id":"https:\/\/allasorias.hu\/hirek\/bovitenenek-a-cegek\/#webpage","url":"https:\/\/allasorias.hu\/hirek\/bovitenenek-a-cegek\/","name":"B\u0151v\u00edten\u00e9nek a c\u00e9gek | AllasOrias.hu | H\u00edrek-lapszemle","description":"K\u00f6z\u00e9p-Magyarorsz\u00e1gon b\u0151v\u00edten\u00e9nek legink\u00e1bb a c\u00e9gek. Ter\u00fcletileg is nagyok az elt\u00e9r\u00e9sek: a dolgoz\u00f3i l\u00e9tsz\u00e1m legnagyobb m\u00e9rt\u00e9k\u0171, 9 sz\u00e1zal\u00e9kos n\u00f6veked\u00e9s\u00e9t a k\u00f6z\u00e9p-magyarorsz\u00e1gi r\u00e9gi\u00f3ban, m\u00edg 5-5 sz\u00e1zal\u00e9kosat a K\u00f6z\u00e9p-Dun\u00e1nt\u00falon, illetve Budapesten v\u00e1rj\u00e1k. Magyarorsz\u00e1gon a c\u00e9gek \u00e1tlagosan 3 sz\u00e1zal\u00e9kkal tervezik b\u0151v\u00edteni munkaer\u0151\u00e1llom\u00e1nyukat \u00e1prilis \u00e9s j\u00fanius k\u00f6z\u00f6tt - der\u00fcl ki a ManpowerGroup munkaer\u0151piaci el\u0151rejelz\u00e9s\u00e9b\u0151l. A kutat\u00e1s vil\u00e1gszerte 43 orsz\u00e1gban zajlott,","inLanguage":"hu-HU","isPartOf":{"@id":"https:\/\/allasorias.hu\/hirek\/#website"},"breadcrumb":{"@id":"https:\/\/allasorias.hu\/hirek\/bovitenenek-a-cegek\/#breadcrumblist"},"author":{"@id":"https:\/\/allasorias.hu\/hirek\/author\/admin-allasorias\/#author"},"creator":{"@id":"https:\/\/allasorias.hu\/hirek\/author\/admin-allasorias\/#author"},"image":{"@type":"ImageObject","url":"https:\/\/allasorias.hu\/hirek\/wp-content\/uploads\/2021\/03\/businessman-drawing-circle-select-group-people-standing-out-crowd.jpg","@id":"https:\/\/allasorias.hu\/hirek\/bovitenenek-a-cegek\/#mainImage","width":1920,"height":1001,"caption":"Human resource management and recruitment employment business concept. Businessman drawing circle select group people standing out of crowd"},"primaryImageOfPage":{"@id":"https:\/\/allasorias.hu\/hirek\/bovitenenek-a-cegek\/#mainImage"},"datePublished":"2021-03-10T07:32:56+02:00","dateModified":"2021-03-10T07:32:56+02:00"},{"@type":"WebSite","@id":"https:\/\/allasorias.hu\/hirek\/#website","url":"https:\/\/allasorias.hu\/hirek\/","name":"AllasOrias.hu | H\u00edrek-lapszemle","description":"\u00dczleti h\u00edrek az \u00e1ll\u00e1s \u00e9s a munka vil\u00e1g\u00e1b\u00f3l","inLanguage":"hu-HU","publisher":{"@id":"https:\/\/allasorias.hu\/hirek\/#organization"}}]},"og:locale":"hu_HU","og:site_name":"AllasOrias.hu | H\u00edrek-lapszemle | \u00dczleti h\u00edrek az \u00e1ll\u00e1s \u00e9s a munka vil\u00e1g\u00e1b\u00f3l","og:type":"article","og:title":"B\u0151v\u00edten\u00e9nek a c\u00e9gek | AllasOrias.hu | H\u00edrek-lapszemle","og:description":"K\u00f6z\u00e9p-Magyarorsz\u00e1gon b\u0151v\u00edten\u00e9nek legink\u00e1bb a c\u00e9gek. Ter\u00fcletileg is nagyok az elt\u00e9r\u00e9sek: a dolgoz\u00f3i l\u00e9tsz\u00e1m legnagyobb m\u00e9rt\u00e9k\u0171, 9 sz\u00e1zal\u00e9kos n\u00f6veked\u00e9s\u00e9t a k\u00f6z\u00e9p-magyarorsz\u00e1gi r\u00e9gi\u00f3ban, m\u00edg 5-5 sz\u00e1zal\u00e9kosat a K\u00f6z\u00e9p-Dun\u00e1nt\u00falon, illetve Budapesten v\u00e1rj\u00e1k. Magyarorsz\u00e1gon a c\u00e9gek \u00e1tlagosan 3 sz\u00e1zal\u00e9kkal tervezik b\u0151v\u00edteni munkaer\u0151\u00e1llom\u00e1nyukat \u00e1prilis \u00e9s j\u00fanius k\u00f6z\u00f6tt - der\u00fcl ki a ManpowerGroup munkaer\u0151piaci el\u0151rejelz\u00e9s\u00e9b\u0151l. A kutat\u00e1s vil\u00e1gszerte 43 orsz\u00e1gban zajlott,","og:url":"https:\/\/allasorias.hu\/hirek\/bovitenenek-a-cegek\/","og:image":"https:\/\/allasorias.hu\/hirek\/wp-content\/uploads\/2021\/03\/businessman-drawing-circle-select-group-people-standing-out-crowd.jpg","og:image:secure_url":"https:\/\/allasorias.hu\/hirek\/wp-content\/uploads\/2021\/03\/businessman-drawing-circle-select-group-people-standing-out-crowd.jpg","og:image:width":1920,"og:image:height":1001,"article:published_time":"2021-03-10T07:32:56+00:00","article:modified_time":"2021-03-10T07:32:56+00:00","article:publisher":"https:\/\/www.facebook.com\/allasorias","twitter:card":"summary_large_image","twitter:title":"B\u0151v\u00edten\u00e9nek a c\u00e9gek | AllasOrias.hu | H\u00edrek-lapszemle","twitter:description":"K\u00f6z\u00e9p-Magyarorsz\u00e1gon b\u0151v\u00edten\u00e9nek legink\u00e1bb a c\u00e9gek. Ter\u00fcletileg is nagyok az elt\u00e9r\u00e9sek: a dolgoz\u00f3i l\u00e9tsz\u00e1m legnagyobb m\u00e9rt\u00e9k\u0171, 9 sz\u00e1zal\u00e9kos n\u00f6veked\u00e9s\u00e9t a k\u00f6z\u00e9p-magyarorsz\u00e1gi r\u00e9gi\u00f3ban, m\u00edg 5-5 sz\u00e1zal\u00e9kosat a K\u00f6z\u00e9p-Dun\u00e1nt\u00falon, illetve Budapesten v\u00e1rj\u00e1k. Magyarorsz\u00e1gon a c\u00e9gek \u00e1tlagosan 3 sz\u00e1zal\u00e9kkal tervezik b\u0151v\u00edteni munkaer\u0151\u00e1llom\u00e1nyukat \u00e1prilis \u00e9s j\u00fanius k\u00f6z\u00f6tt - der\u00fcl ki a ManpowerGroup munkaer\u0151piaci el\u0151rejelz\u00e9s\u00e9b\u0151l. A kutat\u00e1s vil\u00e1gszerte 43 orsz\u00e1gban zajlott,","twitter:image":"https:\/\/allasorias.hu\/hirek\/wp-content\/uploads\/2021\/03\/businessman-drawing-circle-select-group-people-standing-out-crowd.jpg","twitter:label1":"Written by","twitter:data1":"Juh\u00e1sz P\u00e9ter","twitter:label2":"Est. reading time","twitter:data2":"3 minutes"},"aioseo_meta_data":{"post_id":"4636","title":null,"description":null,"keywords":[],"keyphrases":{"focus":[],"additional":[]},"primary_term":null,"canonical_url":null,"og_title":null,"og_description":null,"og_object_type":"default","og_image_type":"default","og_image_url":null,"og_image_width":null,"og_image_height":null,"og_image_custom_url":null,"og_image_custom_fields":null,"og_video":"","og_custom_url":null,"og_article_section":null,"og_article_tags":[],"twitter_use_og":false,"twitter_card":"default","twitter_image_type":"default","twitter_image_url":null,"twitter_image_custom_url":null,"twitter_image_custom_fields":null,"twitter_title":null,"twitter_description":null,"schema":{"blockGraphs":[],"customGraphs":[],"default":{"data":{"Article":[],"Course":[],"Dataset":[],"FAQPage":[],"Movie":[],"Person":[],"Product":[],"ProductReview":[],"Car":[],"Recipe":[],"Service":[],"SoftwareApplication":[],"WebPage":[]},"graphName":"","isEnabled":true},"graphs":[],"defaultGraph":"","defaultPostTypeGraph":""},"schema_type":"none","schema_type_options":"{\"webPage\":{\"webPageType\":\"WebPage\"},\"article\":{\"articleType\":\"BlogPosting\"},\"book\":[],\"course\":[],\"event\":[],\"jobPosting\":[],\"music\":[],\"person\":[],\"product\":[],\"recipe\":[],\"restaurant\":[],\"service\":[],\"software\":[],\"video\":[]}","pillar_content":false,"robots_default":true,"robots_noindex":false,"robots_noarchive":false,"robots_nosnippet":false,"robots_nofollow":false,"robots_noimageindex":false,"robots_noodp":false,"robots_notranslate":false,"robots_max_snippet":"-1","robots_max_videopreview":"-1","robots_max_imagepreview":"large","priority":null,"frequency":"default","location":null,"local_seo":{"businessInfo":{"name":"","urls":{"website":"","aboutPage":"","contactPage":""},"address":{"line1":"","line2":"","zip":"","city":"","state":"","country":""},"contact":{"email":"","phone":"","fax":""},"ids":{"vatID":"","taxID":"","chamberID":""},"payment":{"priceIndication":"","currenciesAccepted":"","methodsAccepted":""},"areaServed":""},"openingHours":{"show":false,"closedLabel":"","open24h":false,"open24hLabel":"","open247":false,"use24hFormat":false,"twoSets":false,"timezone":"","hours":[]}},"breadcrumb_settings":null,"limit_modified_date":false,"ai":null,"created":"2021-03-10 07:30:23","updated":"2025-10-02 15:29:04","seo_analyzer_scan_date":null,"focus_keyword":null,"additional_keywords":null,"truseo_locale":null},"aioseo_breadcrumb":"<div class=\"aioseo-breadcrumbs\"><span class=\"aioseo-breadcrumb\">\n\t\t\t<a href=\"https:\/\/allasorias.hu\/hirek\" title=\"Home\">Home<\/a>\n\t\t<\/span><span class=\"aioseo-breadcrumb-separator\">&raquo;<\/span><span class=\"aioseo-breadcrumb\">\n\t\t\t<a href=\"https:\/\/allasorias.hu\/hirek\/temak\/munkaeropiac\/\" title=\"Munkaer\u0151piac\">Munkaer\u0151piac<\/a>\n\t\t<\/span><span class=\"aioseo-breadcrumb-separator\">&raquo;<\/span><span class=\"aioseo-breadcrumb\">\n\t\t\tB\u0151v\u00edten\u00e9nek a c\u00e9gek\n\t\t<\/span><\/div>","aioseo_breadcrumb_json":[{"label":"Home","link":"https:\/\/allasorias.hu\/hirek"},{"label":"Munkaer\u0151piac","link":"https:\/\/allasorias.hu\/hirek\/temak\/munkaeropiac\/"},{"label":"B\u0151v\u00edten\u00e9nek a c\u00e9gek","link":"https:\/\/allasorias.hu\/hirek\/bovitenenek-a-cegek\/"}],"_links":{"self":[{"href":"https:\/\/allasorias.hu\/hirek\/wp-json\/wp\/v2\/posts\/4636","targetHints":{"allow":["GET"]}}],"collection":[{"href":"https:\/\/allasorias.hu\/hirek\/wp-json\/wp\/v2\/posts"}],"about":[{"href":"https:\/\/allasorias.hu\/hirek\/wp-json\/wp\/v2\/types\/post"}],"author":[{"embeddable":true,"href":"https:\/\/allasorias.hu\/hirek\/wp-json\/wp\/v2\/users\/1"}],"replies":[{"embeddable":true,"href":"https:\/\/allasorias.hu\/hirek\/wp-json\/wp\/v2\/comments?post=4636"}],"version-history":[{"count":1,"href":"https:\/\/allasorias.hu\/hirek\/wp-json\/wp\/v2\/posts\/4636\/revisions"}],"predecessor-version":[{"id":4638,"href":"https:\/\/allasorias.hu\/hirek\/wp-json\/wp\/v2\/posts\/4636\/revisions\/4638"}],"wp:featuredmedia":[{"embeddable":true,"href":"https:\/\/allasorias.hu\/hirek\/wp-json\/wp\/v2\/media\/4637"}],"wp:attachment":[{"href":"https:\/\/allasorias.hu\/hirek\/wp-json\/wp\/v2\/media?parent=4636"}],"wp:term":[{"taxonomy":"category","embeddable":true,"href":"https:\/\/allasorias.hu\/hirek\/wp-json\/wp\/v2\/categories?post=4636"},{"taxonomy":"post_tag","embeddable":true,"href":"https:\/\/allasorias.hu\/hirek\/wp-json\/wp\/v2\/tags?post=4636"}],"curies":[{"name":"wp","href":"https:\/\/api.w.org\/{rel}","templated":true}]}}