{"id":4633,"date":"2021-03-09T09:27:51","date_gmt":"2021-03-09T09:27:51","guid":{"rendered":"https:\/\/allasorias.hu\/hirek\/?p=4633"},"modified":"2021-03-09T09:27:51","modified_gmt":"2021-03-09T09:27:51","slug":"mernoklanyok-a-csaladban","status":"publish","type":"post","link":"https:\/\/allasorias.hu\/hirek\/mernoklanyok-a-csaladban\/","title":{"rendered":"M\u00e9rn\u00f6kl\u00e1nyok a csal\u00e1dban"},"content":{"rendered":"<p><strong>\u201eM\u00e9rn\u00f6kl\u00e1nyok a csal\u00e1dban\u201d c\u00edmmel ind\u00edtott kezdem\u00e9nyez\u00e9s\u00e9ben a BME arra buzd\u00edtja a l\u00e1nyokat, akiknek (ak\u00e1r t\u00f6bb gener\u00e1ci\u00f3 \u00f3ta) van a Budapesti M\u0171szaki \u00e9s Gazdas\u00e1gtudom\u00e1nyi Egyetemen v\u00e9gzett h\u00f6lgy a csal\u00e1dj\u00e1ban, hogy besz\u00e9lgessenek a m\u00e9rn\u00f6k szakma sz\u00e9ps\u00e9geir\u0151l \u00e9s k\u00e9sz\u00edtsenek sz\u00f6veges vagy vide\u00f3\u00f6sszefoglal\u00f3t ezekr\u0151l a t\u00f6rt\u00e9netekr\u0151l.<\/strong><\/p>\n<p>A Budapesti M\u0171szaki \u00e9s Gazdas\u00e1gtudom\u00e1nyi Egyetem (BME) \u00faj kezdem\u00e9nyez\u00e9s\u00e9vel arra \u00f6szt\u00f6nzi a l\u00e1nyokat, hogy besz\u00e9lgessenek a BME-n v\u00e9gzett m\u00e9rn\u00f6kn\u0151kkel a csal\u00e1djukban \u00e9s r\u00f6vid \u00edr\u00e1sban vagy vide\u00f3ban ossz\u00e1k meg ezeket a t\u00f6rt\u00e9neteket. \u201eM\u00e9rn\u00f6kl\u00e1nyok a csal\u00e1dban\u201d c\u00edmmel ind\u00edtott kezdem\u00e9nyez\u00e9s\u00e9ben a BME arra buzd\u00edtja a l\u00e1nyokat, akiknek (ak\u00e1r t\u00f6bb gener\u00e1ci\u00f3 \u00f3ta) van a Budapesti M\u0171szaki \u00e9s Gazdas\u00e1gtudom\u00e1nyi Egyetemen v\u00e9gzett h\u00f6lgy a csal\u00e1dj\u00e1ban, hogy besz\u00e9lgessenek a m\u00e9rn\u00f6k szakma sz\u00e9ps\u00e9geir\u0151l \u00e9s k\u00e9sz\u00edtsenek sz\u00f6veges vagy vide\u00f3\u00f6sszefoglal\u00f3t ezekr\u0151l a t\u00f6rt\u00e9netekr\u0151l.A M\u0171egyetem soksz\u00edn\u0171 p\u00e1lyaorient\u00e1ci\u00f3s tev\u00e9kenys\u00e9get v\u00e9gez a m\u0171szaki \u00e9s term\u00e9szettudom\u00e1nyi k\u00e9pz\u00e9sek megismertet\u00e9s\u00e9re a k\u00f6z\u00e9piskol\u00e1s l\u00e1nyok k\u00f6r\u00e9ben. Ennek k\u00f6sz\u00f6nhet\u0151en a n\u0151i hallgat\u00f3k ar\u00e1nya fokozatosan b\u0151v\u00fcl minden k\u00e9pz\u00e9si ter\u00fcleten \u00e9s jelenleg a BME-n tanul\u00f3 hallgat\u00f3k 34%-a n\u0151 &#8211; k\u00f6z\u00f6lte az int\u00e9zm\u00e9ny.Az UNESCO adatai szerint a m\u0171szaki \u00e9s term\u00e9szettudom\u00e1nyos ter\u00fcleten k\u00e9pz\u00e9sben r\u00e9sztvev\u0151 n\u0151k ar\u00e1nya 35% vil\u00e1gszerte. A KSH adatai szerint magyar fels\u0151oktat\u00e1sban 27% a n\u0151i hallgat\u00f3k ar\u00e1nya a m\u0171szaki k\u00e9pz\u00e9si ter\u00fcleten. Enn\u00e9l kedvez\u0151bb az ar\u00e1ny jelenleg a BME-n, ahol a m\u0171szaki k\u00e9pz\u00e9si ter\u00fcleten tanul\u00f3 n\u0151i hallgat\u00f3k ar\u00e1nya 30%. A term\u00e9szettudom\u00e1nyi k\u00e9pz\u00e9si ter\u00fcleten 34% ugyanez. Az elm\u00falt \u00e9vekben jelent\u0151sen a n\u0151tt a n\u0151k ar\u00e1nya az \u00c9p\u00edt\u00e9szm\u00e9rn\u00f6ki Kar osztatlan k\u00e9pz\u00e9sein, valamint az egyetem doktori k\u00e9pz\u00e9sein. K\u00fcl\u00f6n\u00f6sen nagy n\u00f6veked\u00e9s figyelhet\u0151 meg a l\u00e1nyok ar\u00e1ny\u00e1ban a Villamosm\u00e9rn\u00f6ki \u00e9s Informatikai Karon a 2010-es \u00e9vtized eleji 4%-r\u00f3l 2020-ra 14% -ra n\u0151tt ez a mutat\u00f3, k\u00f6sz\u00f6nhet\u0151en a szakter\u00fcletet n\u00e9pszer\u0171s\u00edt\u0151, szeml\u00e9letform\u00e1l\u00f3 programoknak.A BME az els\u0151 magyar m\u00e9rn\u00f6kn\u0151k eml\u00e9k\u00e9nek meg\u0151rz\u00e9s\u00e9n is dolgozik, lev\u00e9lt\u00e1r\u00e1ban gy\u0171jtve a vel\u00fck kapcsolatos dokumentumokat.<\/p>\n<p>Forr\u00e1s: hrportal.hu<\/p>\n","protected":false},"excerpt":{"rendered":"<p>\u201eM\u00e9rn\u00f6kl\u00e1nyok a csal\u00e1dban\u201d c\u00edmmel ind\u00edtott kezdem\u00e9nyez\u00e9s\u00e9ben a BME arra buzd\u00edtja a l\u00e1nyokat, akiknek (ak\u00e1r t\u00f6bb gener\u00e1ci\u00f3 \u00f3ta) van a Budapesti M\u0171szaki \u00e9s Gazdas\u00e1gtudom\u00e1nyi Egyetemen v\u00e9gzett h\u00f6lgy a csal\u00e1dj\u00e1ban, hogy besz\u00e9lgessenek a m\u00e9rn\u00f6k szakma sz\u00e9ps\u00e9geir\u0151l \u00e9s k\u00e9sz\u00edtsenek sz\u00f6veges vagy vide\u00f3\u00f6sszefoglal\u00f3t ezekr\u0151l a t\u00f6rt\u00e9netekr\u0151l. A Budapesti M\u0171szaki \u00e9s Gazdas\u00e1gtudom\u00e1nyi Egyetem (BME) \u00faj kezdem\u00e9nyez\u00e9s\u00e9vel arra \u00f6szt\u00f6nzi a l\u00e1nyokat, [&hellip;]<\/p>\n","protected":false},"author":1,"featured_media":4634,"comment_status":"open","ping_status":"open","sticky":false,"template":"","format":"standard","meta":{"_monsterinsights_skip_tracking":false,"footnotes":""},"categories":[199],"tags":[],"class_list":["post-4633","post","type-post","status-publish","format-standard","has-post-thumbnail","hentry","category-karrier"],"aioseo_notices":[],"aioseo_head":"\n\t\t<!-- All in One SEO 5.0.0.1 - aioseo.com -->\n\t<meta name=\"description\" content=\"\u201eM\u00e9rn\u00f6kl\u00e1nyok a csal\u00e1dban\u201d c\u00edmmel ind\u00edtott kezdem\u00e9nyez\u00e9s\u00e9ben a BME arra buzd\u00edtja a l\u00e1nyokat, akiknek (ak\u00e1r t\u00f6bb gener\u00e1ci\u00f3 \u00f3ta) van a Budapesti M\u0171szaki \u00e9s Gazdas\u00e1gtudom\u00e1nyi Egyetemen v\u00e9gzett h\u00f6lgy a csal\u00e1dj\u00e1ban, hogy besz\u00e9lgessenek a m\u00e9rn\u00f6k szakma sz\u00e9ps\u00e9geir\u0151l \u00e9s k\u00e9sz\u00edtsenek sz\u00f6veges vagy vide\u00f3\u00f6sszefoglal\u00f3t ezekr\u0151l a t\u00f6rt\u00e9netekr\u0151l. A Budapesti M\u0171szaki \u00e9s Gazdas\u00e1gtudom\u00e1nyi Egyetem (BME) \u00faj kezdem\u00e9nyez\u00e9s\u00e9vel arra \u00f6szt\u00f6nzi a l\u00e1nyokat,\" \/>\n\t<meta name=\"robots\" content=\"max-image-preview:large\" \/>\n\t<meta name=\"author\" content=\"Juh\u00e1sz P\u00e9ter\"\/>\n\t<link rel=\"canonical\" href=\"https:\/\/allasorias.hu\/hirek\/mernoklanyok-a-csaladban\/\" \/>\n\t<meta name=\"generator\" content=\"All in One SEO (AIOSEO) 5.0.0.1\" \/>\n\t\t<meta property=\"og:locale\" content=\"hu_HU\" \/>\n\t\t<meta property=\"og:site_name\" content=\"AllasOrias.hu | H\u00edrek-lapszemle | \u00dczleti h\u00edrek az \u00e1ll\u00e1s \u00e9s a munka vil\u00e1g\u00e1b\u00f3l\" \/>\n\t\t<meta property=\"og:type\" content=\"article\" \/>\n\t\t<meta property=\"og:title\" content=\"M\u00e9rn\u00f6kl\u00e1nyok a csal\u00e1dban | AllasOrias.hu | H\u00edrek-lapszemle\" \/>\n\t\t<meta property=\"og:description\" content=\"\u201eM\u00e9rn\u00f6kl\u00e1nyok a csal\u00e1dban\u201d c\u00edmmel ind\u00edtott kezdem\u00e9nyez\u00e9s\u00e9ben a BME arra buzd\u00edtja a l\u00e1nyokat, akiknek (ak\u00e1r t\u00f6bb gener\u00e1ci\u00f3 \u00f3ta) van a Budapesti M\u0171szaki \u00e9s Gazdas\u00e1gtudom\u00e1nyi Egyetemen v\u00e9gzett h\u00f6lgy a csal\u00e1dj\u00e1ban, hogy besz\u00e9lgessenek a m\u00e9rn\u00f6k szakma sz\u00e9ps\u00e9geir\u0151l \u00e9s k\u00e9sz\u00edtsenek sz\u00f6veges vagy vide\u00f3\u00f6sszefoglal\u00f3t ezekr\u0151l a t\u00f6rt\u00e9netekr\u0151l. A Budapesti M\u0171szaki \u00e9s Gazdas\u00e1gtudom\u00e1nyi Egyetem (BME) \u00faj kezdem\u00e9nyez\u00e9s\u00e9vel arra \u00f6szt\u00f6nzi a l\u00e1nyokat,\" \/>\n\t\t<meta property=\"og:url\" content=\"https:\/\/allasorias.hu\/hirek\/mernoklanyok-a-csaladban\/\" \/>\n\t\t<meta property=\"og:image\" content=\"https:\/\/allasorias.hu\/hirek\/wp-content\/uploads\/2021\/03\/portrait-of-professional-architect-woman-wearing-yellow-helmet-and-standing-outdoors-engineer-and-architect-concept.jpg\" \/>\n\t\t<meta property=\"og:image:secure_url\" content=\"https:\/\/allasorias.hu\/hirek\/wp-content\/uploads\/2021\/03\/portrait-of-professional-architect-woman-wearing-yellow-helmet-and-standing-outdoors-engineer-and-architect-concept.jpg\" \/>\n\t\t<meta property=\"og:image:width\" content=\"1920\" \/>\n\t\t<meta property=\"og:image:height\" content=\"1281\" \/>\n\t\t<meta property=\"article:published_time\" content=\"2021-03-09T09:27:51+00:00\" \/>\n\t\t<meta property=\"article:modified_time\" content=\"2021-03-09T09:27:51+00:00\" \/>\n\t\t<meta property=\"article:publisher\" content=\"https:\/\/www.facebook.com\/allasorias\" \/>\n\t\t<meta name=\"twitter:card\" content=\"summary_large_image\" \/>\n\t\t<meta name=\"twitter:title\" content=\"M\u00e9rn\u00f6kl\u00e1nyok a csal\u00e1dban | AllasOrias.hu | H\u00edrek-lapszemle\" \/>\n\t\t<meta name=\"twitter:description\" content=\"\u201eM\u00e9rn\u00f6kl\u00e1nyok a csal\u00e1dban\u201d c\u00edmmel ind\u00edtott kezdem\u00e9nyez\u00e9s\u00e9ben a BME arra buzd\u00edtja a l\u00e1nyokat, akiknek (ak\u00e1r t\u00f6bb gener\u00e1ci\u00f3 \u00f3ta) van a Budapesti M\u0171szaki \u00e9s Gazdas\u00e1gtudom\u00e1nyi Egyetemen v\u00e9gzett h\u00f6lgy a csal\u00e1dj\u00e1ban, hogy besz\u00e9lgessenek a m\u00e9rn\u00f6k szakma sz\u00e9ps\u00e9geir\u0151l \u00e9s k\u00e9sz\u00edtsenek sz\u00f6veges vagy vide\u00f3\u00f6sszefoglal\u00f3t ezekr\u0151l a t\u00f6rt\u00e9netekr\u0151l. A Budapesti M\u0171szaki \u00e9s Gazdas\u00e1gtudom\u00e1nyi Egyetem (BME) \u00faj kezdem\u00e9nyez\u00e9s\u00e9vel arra \u00f6szt\u00f6nzi a l\u00e1nyokat,\" \/>\n\t\t<meta name=\"twitter:image\" content=\"https:\/\/allasorias.hu\/hirek\/wp-content\/uploads\/2021\/03\/portrait-of-professional-architect-woman-wearing-yellow-helmet-and-standing-outdoors-engineer-and-architect-concept.jpg\" \/>\n\t\t<meta name=\"twitter:label1\" content=\"Written by\" \/>\n\t\t<meta name=\"twitter:data1\" content=\"Juh\u00e1sz P\u00e9ter\" \/>\n\t\t<meta name=\"twitter:label2\" content=\"Est. reading time\" \/>\n\t\t<meta name=\"twitter:data2\" content=\"2 minutes\" \/>\n\t\t<script type=\"application\/ld+json\" class=\"aioseo-schema\">\n\t\t\t{\"@context\":\"https:\\\/\\\/schema.org\",\"@graph\":[{\"@type\":\"Article\",\"@id\":\"https:\\\/\\\/allasorias.hu\\\/hirek\\\/mernoklanyok-a-csaladban\\\/#article\",\"name\":\"M\\u00e9rn\\u00f6kl\\u00e1nyok a csal\\u00e1dban | AllasOrias.hu | H\\u00edrek-lapszemle\",\"headline\":\"M\\u00e9rn\\u00f6kl\\u00e1nyok a csal\\u00e1dban\",\"author\":{\"@id\":\"https:\\\/\\\/allasorias.hu\\\/hirek\\\/author\\\/admin-allasorias\\\/#author\"},\"publisher\":{\"@id\":\"https:\\\/\\\/allasorias.hu\\\/hirek\\\/#organization\"},\"image\":{\"@type\":\"ImageObject\",\"url\":\"https:\\\/\\\/allasorias.hu\\\/hirek\\\/wp-content\\\/uploads\\\/2021\\\/03\\\/portrait-of-professional-architect-woman-wearing-yellow-helmet-and-standing-outdoors-engineer-and-architect-concept.jpg\",\"width\":1920,\"height\":1281,\"caption\":\"Portrait of professional architect woman wearing yellow helmet and standing outdoors. Engineer and architect concept.\"},\"datePublished\":\"2021-03-09T09:27:51+02:00\",\"dateModified\":\"2021-03-09T09:27:51+02:00\",\"inLanguage\":\"hu-HU\",\"mainEntityOfPage\":{\"@id\":\"https:\\\/\\\/allasorias.hu\\\/hirek\\\/mernoklanyok-a-csaladban\\\/#webpage\"},\"isPartOf\":{\"@id\":\"https:\\\/\\\/allasorias.hu\\\/hirek\\\/mernoklanyok-a-csaladban\\\/#webpage\"},\"articleSection\":\"Karrier\"},{\"@type\":\"BreadcrumbList\",\"@id\":\"https:\\\/\\\/allasorias.hu\\\/hirek\\\/mernoklanyok-a-csaladban\\\/#breadcrumblist\",\"itemListElement\":[{\"@type\":\"ListItem\",\"@id\":\"https:\\\/\\\/allasorias.hu\\\/hirek#listItem\",\"position\":1,\"name\":\"Home\",\"item\":\"https:\\\/\\\/allasorias.hu\\\/hirek\",\"nextItem\":{\"@type\":\"ListItem\",\"@id\":\"https:\\\/\\\/allasorias.hu\\\/hirek\\\/temak\\\/karrier\\\/#listItem\",\"name\":\"Karrier\"}},{\"@type\":\"ListItem\",\"@id\":\"https:\\\/\\\/allasorias.hu\\\/hirek\\\/temak\\\/karrier\\\/#listItem\",\"position\":2,\"name\":\"Karrier\",\"item\":\"https:\\\/\\\/allasorias.hu\\\/hirek\\\/temak\\\/karrier\\\/\",\"nextItem\":{\"@type\":\"ListItem\",\"@id\":\"https:\\\/\\\/allasorias.hu\\\/hirek\\\/mernoklanyok-a-csaladban\\\/#listItem\",\"name\":\"M\\u00e9rn\\u00f6kl\\u00e1nyok a csal\\u00e1dban\"},\"previousItem\":{\"@type\":\"ListItem\",\"@id\":\"https:\\\/\\\/allasorias.hu\\\/hirek#listItem\",\"name\":\"Home\"}},{\"@type\":\"ListItem\",\"@id\":\"https:\\\/\\\/allasorias.hu\\\/hirek\\\/mernoklanyok-a-csaladban\\\/#listItem\",\"position\":3,\"name\":\"M\\u00e9rn\\u00f6kl\\u00e1nyok a csal\\u00e1dban\",\"previousItem\":{\"@type\":\"ListItem\",\"@id\":\"https:\\\/\\\/allasorias.hu\\\/hirek\\\/temak\\\/karrier\\\/#listItem\",\"name\":\"Karrier\"}}]},{\"@type\":\"Organization\",\"@id\":\"https:\\\/\\\/allasorias.hu\\\/hirek\\\/#organization\",\"name\":\"AllasOrias.hu | H\\u00edrek-lapszemle\",\"description\":\"\\u00dczleti h\\u00edrek az \\u00e1ll\\u00e1s \\u00e9s a munka vil\\u00e1g\\u00e1b\\u00f3l\",\"url\":\"https:\\\/\\\/allasorias.hu\\\/hirek\\\/\",\"logo\":{\"@type\":\"ImageObject\",\"url\":\"https:\\\/\\\/allasorias.hu\\\/hirek\\\/wp-content\\\/uploads\\\/2022\\\/10\\\/allasorias_site_facebok_logo.png\",\"@id\":\"https:\\\/\\\/allasorias.hu\\\/hirek\\\/mernoklanyok-a-csaladban\\\/#organizationLogo\"},\"image\":{\"@id\":\"https:\\\/\\\/allasorias.hu\\\/hirek\\\/mernoklanyok-a-csaladban\\\/#organizationLogo\"},\"sameAs\":[\"https:\\\/\\\/www.facebook.com\\\/allasorias\",\"https:\\\/\\\/www.linkedin.com\\\/company\\\/allasorias\"]},{\"@type\":\"Person\",\"@id\":\"https:\\\/\\\/allasorias.hu\\\/hirek\\\/author\\\/admin-allasorias\\\/#author\",\"url\":\"https:\\\/\\\/allasorias.hu\\\/hirek\\\/author\\\/admin-allasorias\\\/\",\"name\":\"Juh\\u00e1sz P\\u00e9ter\",\"image\":{\"@type\":\"ImageObject\",\"@id\":\"https:\\\/\\\/allasorias.hu\\\/hirek\\\/mernoklanyok-a-csaladban\\\/#authorImage\",\"url\":\"https:\\\/\\\/secure.gravatar.com\\\/avatar\\\/36e6bcb83148978b992977cb0f54d22feb0cce8a0a849a9410532bb2623ba4c6?s=96&d=mm&r=g\",\"width\":96,\"height\":96,\"caption\":\"Juh\\u00e1sz P\\u00e9ter\"}},{\"@type\":\"WebPage\",\"@id\":\"https:\\\/\\\/allasorias.hu\\\/hirek\\\/mernoklanyok-a-csaladban\\\/#webpage\",\"url\":\"https:\\\/\\\/allasorias.hu\\\/hirek\\\/mernoklanyok-a-csaladban\\\/\",\"name\":\"M\\u00e9rn\\u00f6kl\\u00e1nyok a csal\\u00e1dban | AllasOrias.hu | H\\u00edrek-lapszemle\",\"description\":\"\\u201eM\\u00e9rn\\u00f6kl\\u00e1nyok a csal\\u00e1dban\\u201d c\\u00edmmel ind\\u00edtott kezdem\\u00e9nyez\\u00e9s\\u00e9ben a BME arra buzd\\u00edtja a l\\u00e1nyokat, akiknek (ak\\u00e1r t\\u00f6bb gener\\u00e1ci\\u00f3 \\u00f3ta) van a Budapesti M\\u0171szaki \\u00e9s Gazdas\\u00e1gtudom\\u00e1nyi Egyetemen v\\u00e9gzett h\\u00f6lgy a csal\\u00e1dj\\u00e1ban, hogy besz\\u00e9lgessenek a m\\u00e9rn\\u00f6k szakma sz\\u00e9ps\\u00e9geir\\u0151l \\u00e9s k\\u00e9sz\\u00edtsenek sz\\u00f6veges vagy vide\\u00f3\\u00f6sszefoglal\\u00f3t ezekr\\u0151l a t\\u00f6rt\\u00e9netekr\\u0151l. A Budapesti M\\u0171szaki \\u00e9s Gazdas\\u00e1gtudom\\u00e1nyi Egyetem (BME) \\u00faj kezdem\\u00e9nyez\\u00e9s\\u00e9vel arra \\u00f6szt\\u00f6nzi a l\\u00e1nyokat,\",\"inLanguage\":\"hu-HU\",\"isPartOf\":{\"@id\":\"https:\\\/\\\/allasorias.hu\\\/hirek\\\/#website\"},\"breadcrumb\":{\"@id\":\"https:\\\/\\\/allasorias.hu\\\/hirek\\\/mernoklanyok-a-csaladban\\\/#breadcrumblist\"},\"author\":{\"@id\":\"https:\\\/\\\/allasorias.hu\\\/hirek\\\/author\\\/admin-allasorias\\\/#author\"},\"creator\":{\"@id\":\"https:\\\/\\\/allasorias.hu\\\/hirek\\\/author\\\/admin-allasorias\\\/#author\"},\"image\":{\"@type\":\"ImageObject\",\"url\":\"https:\\\/\\\/allasorias.hu\\\/hirek\\\/wp-content\\\/uploads\\\/2021\\\/03\\\/portrait-of-professional-architect-woman-wearing-yellow-helmet-and-standing-outdoors-engineer-and-architect-concept.jpg\",\"@id\":\"https:\\\/\\\/allasorias.hu\\\/hirek\\\/mernoklanyok-a-csaladban\\\/#mainImage\",\"width\":1920,\"height\":1281,\"caption\":\"Portrait of professional architect woman wearing yellow helmet and standing outdoors. Engineer and architect concept.\"},\"primaryImageOfPage\":{\"@id\":\"https:\\\/\\\/allasorias.hu\\\/hirek\\\/mernoklanyok-a-csaladban\\\/#mainImage\"},\"datePublished\":\"2021-03-09T09:27:51+02:00\",\"dateModified\":\"2021-03-09T09:27:51+02:00\"},{\"@type\":\"WebSite\",\"@id\":\"https:\\\/\\\/allasorias.hu\\\/hirek\\\/#website\",\"url\":\"https:\\\/\\\/allasorias.hu\\\/hirek\\\/\",\"name\":\"AllasOrias.hu | H\\u00edrek-lapszemle\",\"description\":\"\\u00dczleti h\\u00edrek az \\u00e1ll\\u00e1s \\u00e9s a munka vil\\u00e1g\\u00e1b\\u00f3l\",\"inLanguage\":\"hu-HU\",\"publisher\":{\"@id\":\"https:\\\/\\\/allasorias.hu\\\/hirek\\\/#organization\"}}]}\n\t\t<\/script>\n\t\t<!-- All in One SEO -->\n\n","aioseo_head_json":{"title":"M\u00e9rn\u00f6kl\u00e1nyok a csal\u00e1dban | AllasOrias.hu | H\u00edrek-lapszemle","description":"\u201eM\u00e9rn\u00f6kl\u00e1nyok a csal\u00e1dban\u201d c\u00edmmel ind\u00edtott kezdem\u00e9nyez\u00e9s\u00e9ben a BME arra buzd\u00edtja a l\u00e1nyokat, akiknek (ak\u00e1r t\u00f6bb gener\u00e1ci\u00f3 \u00f3ta) van a Budapesti M\u0171szaki \u00e9s Gazdas\u00e1gtudom\u00e1nyi Egyetemen v\u00e9gzett h\u00f6lgy a csal\u00e1dj\u00e1ban, hogy besz\u00e9lgessenek a m\u00e9rn\u00f6k szakma sz\u00e9ps\u00e9geir\u0151l \u00e9s k\u00e9sz\u00edtsenek sz\u00f6veges vagy vide\u00f3\u00f6sszefoglal\u00f3t ezekr\u0151l a t\u00f6rt\u00e9netekr\u0151l. A Budapesti M\u0171szaki \u00e9s Gazdas\u00e1gtudom\u00e1nyi Egyetem (BME) \u00faj kezdem\u00e9nyez\u00e9s\u00e9vel arra \u00f6szt\u00f6nzi a l\u00e1nyokat,","canonical_url":"https:\/\/allasorias.hu\/hirek\/mernoklanyok-a-csaladban\/","robots":"max-image-preview:large","keywords":"","webmasterTools":{"miscellaneous":""},"schema":{"@context":"https:\/\/schema.org","@graph":[{"@type":"Article","@id":"https:\/\/allasorias.hu\/hirek\/mernoklanyok-a-csaladban\/#article","name":"M\u00e9rn\u00f6kl\u00e1nyok a csal\u00e1dban | AllasOrias.hu | H\u00edrek-lapszemle","headline":"M\u00e9rn\u00f6kl\u00e1nyok a csal\u00e1dban","author":{"@id":"https:\/\/allasorias.hu\/hirek\/author\/admin-allasorias\/#author"},"publisher":{"@id":"https:\/\/allasorias.hu\/hirek\/#organization"},"image":{"@type":"ImageObject","url":"https:\/\/allasorias.hu\/hirek\/wp-content\/uploads\/2021\/03\/portrait-of-professional-architect-woman-wearing-yellow-helmet-and-standing-outdoors-engineer-and-architect-concept.jpg","width":1920,"height":1281,"caption":"Portrait of professional architect woman wearing yellow helmet and standing outdoors. Engineer and architect concept."},"datePublished":"2021-03-09T09:27:51+02:00","dateModified":"2021-03-09T09:27:51+02:00","inLanguage":"hu-HU","mainEntityOfPage":{"@id":"https:\/\/allasorias.hu\/hirek\/mernoklanyok-a-csaladban\/#webpage"},"isPartOf":{"@id":"https:\/\/allasorias.hu\/hirek\/mernoklanyok-a-csaladban\/#webpage"},"articleSection":"Karrier"},{"@type":"BreadcrumbList","@id":"https:\/\/allasorias.hu\/hirek\/mernoklanyok-a-csaladban\/#breadcrumblist","itemListElement":[{"@type":"ListItem","@id":"https:\/\/allasorias.hu\/hirek#listItem","position":1,"name":"Home","item":"https:\/\/allasorias.hu\/hirek","nextItem":{"@type":"ListItem","@id":"https:\/\/allasorias.hu\/hirek\/temak\/karrier\/#listItem","name":"Karrier"}},{"@type":"ListItem","@id":"https:\/\/allasorias.hu\/hirek\/temak\/karrier\/#listItem","position":2,"name":"Karrier","item":"https:\/\/allasorias.hu\/hirek\/temak\/karrier\/","nextItem":{"@type":"ListItem","@id":"https:\/\/allasorias.hu\/hirek\/mernoklanyok-a-csaladban\/#listItem","name":"M\u00e9rn\u00f6kl\u00e1nyok a csal\u00e1dban"},"previousItem":{"@type":"ListItem","@id":"https:\/\/allasorias.hu\/hirek#listItem","name":"Home"}},{"@type":"ListItem","@id":"https:\/\/allasorias.hu\/hirek\/mernoklanyok-a-csaladban\/#listItem","position":3,"name":"M\u00e9rn\u00f6kl\u00e1nyok a csal\u00e1dban","previousItem":{"@type":"ListItem","@id":"https:\/\/allasorias.hu\/hirek\/temak\/karrier\/#listItem","name":"Karrier"}}]},{"@type":"Organization","@id":"https:\/\/allasorias.hu\/hirek\/#organization","name":"AllasOrias.hu | H\u00edrek-lapszemle","description":"\u00dczleti h\u00edrek az \u00e1ll\u00e1s \u00e9s a munka vil\u00e1g\u00e1b\u00f3l","url":"https:\/\/allasorias.hu\/hirek\/","logo":{"@type":"ImageObject","url":"https:\/\/allasorias.hu\/hirek\/wp-content\/uploads\/2022\/10\/allasorias_site_facebok_logo.png","@id":"https:\/\/allasorias.hu\/hirek\/mernoklanyok-a-csaladban\/#organizationLogo"},"image":{"@id":"https:\/\/allasorias.hu\/hirek\/mernoklanyok-a-csaladban\/#organizationLogo"},"sameAs":["https:\/\/www.facebook.com\/allasorias","https:\/\/www.linkedin.com\/company\/allasorias"]},{"@type":"Person","@id":"https:\/\/allasorias.hu\/hirek\/author\/admin-allasorias\/#author","url":"https:\/\/allasorias.hu\/hirek\/author\/admin-allasorias\/","name":"Juh\u00e1sz P\u00e9ter","image":{"@type":"ImageObject","@id":"https:\/\/allasorias.hu\/hirek\/mernoklanyok-a-csaladban\/#authorImage","url":"https:\/\/secure.gravatar.com\/avatar\/36e6bcb83148978b992977cb0f54d22feb0cce8a0a849a9410532bb2623ba4c6?s=96&d=mm&r=g","width":96,"height":96,"caption":"Juh\u00e1sz P\u00e9ter"}},{"@type":"WebPage","@id":"https:\/\/allasorias.hu\/hirek\/mernoklanyok-a-csaladban\/#webpage","url":"https:\/\/allasorias.hu\/hirek\/mernoklanyok-a-csaladban\/","name":"M\u00e9rn\u00f6kl\u00e1nyok a csal\u00e1dban | AllasOrias.hu | H\u00edrek-lapszemle","description":"\u201eM\u00e9rn\u00f6kl\u00e1nyok a csal\u00e1dban\u201d c\u00edmmel ind\u00edtott kezdem\u00e9nyez\u00e9s\u00e9ben a BME arra buzd\u00edtja a l\u00e1nyokat, akiknek (ak\u00e1r t\u00f6bb gener\u00e1ci\u00f3 \u00f3ta) van a Budapesti M\u0171szaki \u00e9s Gazdas\u00e1gtudom\u00e1nyi Egyetemen v\u00e9gzett h\u00f6lgy a csal\u00e1dj\u00e1ban, hogy besz\u00e9lgessenek a m\u00e9rn\u00f6k szakma sz\u00e9ps\u00e9geir\u0151l \u00e9s k\u00e9sz\u00edtsenek sz\u00f6veges vagy vide\u00f3\u00f6sszefoglal\u00f3t ezekr\u0151l a t\u00f6rt\u00e9netekr\u0151l. A Budapesti M\u0171szaki \u00e9s Gazdas\u00e1gtudom\u00e1nyi Egyetem (BME) \u00faj kezdem\u00e9nyez\u00e9s\u00e9vel arra \u00f6szt\u00f6nzi a l\u00e1nyokat,","inLanguage":"hu-HU","isPartOf":{"@id":"https:\/\/allasorias.hu\/hirek\/#website"},"breadcrumb":{"@id":"https:\/\/allasorias.hu\/hirek\/mernoklanyok-a-csaladban\/#breadcrumblist"},"author":{"@id":"https:\/\/allasorias.hu\/hirek\/author\/admin-allasorias\/#author"},"creator":{"@id":"https:\/\/allasorias.hu\/hirek\/author\/admin-allasorias\/#author"},"image":{"@type":"ImageObject","url":"https:\/\/allasorias.hu\/hirek\/wp-content\/uploads\/2021\/03\/portrait-of-professional-architect-woman-wearing-yellow-helmet-and-standing-outdoors-engineer-and-architect-concept.jpg","@id":"https:\/\/allasorias.hu\/hirek\/mernoklanyok-a-csaladban\/#mainImage","width":1920,"height":1281,"caption":"Portrait of professional architect woman wearing yellow helmet and standing outdoors. Engineer and architect concept."},"primaryImageOfPage":{"@id":"https:\/\/allasorias.hu\/hirek\/mernoklanyok-a-csaladban\/#mainImage"},"datePublished":"2021-03-09T09:27:51+02:00","dateModified":"2021-03-09T09:27:51+02:00"},{"@type":"WebSite","@id":"https:\/\/allasorias.hu\/hirek\/#website","url":"https:\/\/allasorias.hu\/hirek\/","name":"AllasOrias.hu | H\u00edrek-lapszemle","description":"\u00dczleti h\u00edrek az \u00e1ll\u00e1s \u00e9s a munka vil\u00e1g\u00e1b\u00f3l","inLanguage":"hu-HU","publisher":{"@id":"https:\/\/allasorias.hu\/hirek\/#organization"}}]},"og:locale":"hu_HU","og:site_name":"AllasOrias.hu | H\u00edrek-lapszemle | \u00dczleti h\u00edrek az \u00e1ll\u00e1s \u00e9s a munka vil\u00e1g\u00e1b\u00f3l","og:type":"article","og:title":"M\u00e9rn\u00f6kl\u00e1nyok a csal\u00e1dban | AllasOrias.hu | H\u00edrek-lapszemle","og:description":"\u201eM\u00e9rn\u00f6kl\u00e1nyok a csal\u00e1dban\u201d c\u00edmmel ind\u00edtott kezdem\u00e9nyez\u00e9s\u00e9ben a BME arra buzd\u00edtja a l\u00e1nyokat, akiknek (ak\u00e1r t\u00f6bb gener\u00e1ci\u00f3 \u00f3ta) van a Budapesti M\u0171szaki \u00e9s Gazdas\u00e1gtudom\u00e1nyi Egyetemen v\u00e9gzett h\u00f6lgy a csal\u00e1dj\u00e1ban, hogy besz\u00e9lgessenek a m\u00e9rn\u00f6k szakma sz\u00e9ps\u00e9geir\u0151l \u00e9s k\u00e9sz\u00edtsenek sz\u00f6veges vagy vide\u00f3\u00f6sszefoglal\u00f3t ezekr\u0151l a t\u00f6rt\u00e9netekr\u0151l. A Budapesti M\u0171szaki \u00e9s Gazdas\u00e1gtudom\u00e1nyi Egyetem (BME) \u00faj kezdem\u00e9nyez\u00e9s\u00e9vel arra \u00f6szt\u00f6nzi a l\u00e1nyokat,","og:url":"https:\/\/allasorias.hu\/hirek\/mernoklanyok-a-csaladban\/","og:image":"https:\/\/allasorias.hu\/hirek\/wp-content\/uploads\/2021\/03\/portrait-of-professional-architect-woman-wearing-yellow-helmet-and-standing-outdoors-engineer-and-architect-concept.jpg","og:image:secure_url":"https:\/\/allasorias.hu\/hirek\/wp-content\/uploads\/2021\/03\/portrait-of-professional-architect-woman-wearing-yellow-helmet-and-standing-outdoors-engineer-and-architect-concept.jpg","og:image:width":1920,"og:image:height":1281,"article:published_time":"2021-03-09T09:27:51+00:00","article:modified_time":"2021-03-09T09:27:51+00:00","article:publisher":"https:\/\/www.facebook.com\/allasorias","twitter:card":"summary_large_image","twitter:title":"M\u00e9rn\u00f6kl\u00e1nyok a csal\u00e1dban | AllasOrias.hu | H\u00edrek-lapszemle","twitter:description":"\u201eM\u00e9rn\u00f6kl\u00e1nyok a csal\u00e1dban\u201d c\u00edmmel ind\u00edtott kezdem\u00e9nyez\u00e9s\u00e9ben a BME arra buzd\u00edtja a l\u00e1nyokat, akiknek (ak\u00e1r t\u00f6bb gener\u00e1ci\u00f3 \u00f3ta) van a Budapesti M\u0171szaki \u00e9s Gazdas\u00e1gtudom\u00e1nyi Egyetemen v\u00e9gzett h\u00f6lgy a csal\u00e1dj\u00e1ban, hogy besz\u00e9lgessenek a m\u00e9rn\u00f6k szakma sz\u00e9ps\u00e9geir\u0151l \u00e9s k\u00e9sz\u00edtsenek sz\u00f6veges vagy vide\u00f3\u00f6sszefoglal\u00f3t ezekr\u0151l a t\u00f6rt\u00e9netekr\u0151l. A Budapesti M\u0171szaki \u00e9s Gazdas\u00e1gtudom\u00e1nyi Egyetem (BME) \u00faj kezdem\u00e9nyez\u00e9s\u00e9vel arra \u00f6szt\u00f6nzi a l\u00e1nyokat,","twitter:image":"https:\/\/allasorias.hu\/hirek\/wp-content\/uploads\/2021\/03\/portrait-of-professional-architect-woman-wearing-yellow-helmet-and-standing-outdoors-engineer-and-architect-concept.jpg","twitter:label1":"Written by","twitter:data1":"Juh\u00e1sz P\u00e9ter","twitter:label2":"Est. reading time","twitter:data2":"2 minutes"},"aioseo_meta_data":{"post_id":"4633","title":null,"description":null,"keywords":[],"keyphrases":{"focus":[],"additional":[]},"primary_term":null,"canonical_url":null,"og_title":null,"og_description":null,"og_object_type":"default","og_image_type":"default","og_image_url":null,"og_image_width":null,"og_image_height":null,"og_image_custom_url":null,"og_image_custom_fields":null,"og_video":"","og_custom_url":null,"og_article_section":null,"og_article_tags":[],"twitter_use_og":false,"twitter_card":"default","twitter_image_type":"default","twitter_image_url":null,"twitter_image_custom_url":null,"twitter_image_custom_fields":null,"twitter_title":null,"twitter_description":null,"schema":{"blockGraphs":[],"customGraphs":[],"default":{"data":{"Article":[],"Course":[],"Dataset":[],"FAQPage":[],"Movie":[],"Person":[],"Product":[],"ProductReview":[],"Car":[],"Recipe":[],"Service":[],"SoftwareApplication":[],"WebPage":[]},"graphName":"","isEnabled":true},"graphs":[],"defaultGraph":"","defaultPostTypeGraph":""},"schema_type":"none","schema_type_options":"{\"webPage\":{\"webPageType\":\"WebPage\"},\"article\":{\"articleType\":\"BlogPosting\"},\"book\":[],\"course\":[],\"event\":[],\"jobPosting\":[],\"music\":[],\"person\":[],\"product\":[],\"recipe\":[],\"restaurant\":[],\"service\":[],\"software\":[],\"video\":[]}","pillar_content":false,"robots_default":true,"robots_noindex":false,"robots_noarchive":false,"robots_nosnippet":false,"robots_nofollow":false,"robots_noimageindex":false,"robots_noodp":false,"robots_notranslate":false,"robots_max_snippet":"-1","robots_max_videopreview":"-1","robots_max_imagepreview":"large","priority":null,"frequency":"default","location":null,"local_seo":{"businessInfo":{"name":"","urls":{"website":"","aboutPage":"","contactPage":""},"address":{"line1":"","line2":"","zip":"","city":"","state":"","country":""},"contact":{"email":"","phone":"","fax":""},"ids":{"vatID":"","taxID":"","chamberID":""},"payment":{"priceIndication":"","currenciesAccepted":"","methodsAccepted":""},"areaServed":""},"openingHours":{"show":false,"closedLabel":"","open24h":false,"open24hLabel":"","open247":false,"use24hFormat":false,"twoSets":false,"timezone":"","hours":[]}},"breadcrumb_settings":null,"limit_modified_date":false,"ai":null,"created":"2021-03-09 09:20:40","updated":"2025-10-02 15:29:04","seo_analyzer_scan_date":null,"focus_keyword":null,"additional_keywords":null,"truseo_locale":null},"aioseo_breadcrumb":"<div class=\"aioseo-breadcrumbs\"><span class=\"aioseo-breadcrumb\">\n\t\t\t<a href=\"https:\/\/allasorias.hu\/hirek\" title=\"Home\">Home<\/a>\n\t\t<\/span><span class=\"aioseo-breadcrumb-separator\">&raquo;<\/span><span class=\"aioseo-breadcrumb\">\n\t\t\t<a href=\"https:\/\/allasorias.hu\/hirek\/temak\/karrier\/\" title=\"Karrier\">Karrier<\/a>\n\t\t<\/span><span class=\"aioseo-breadcrumb-separator\">&raquo;<\/span><span class=\"aioseo-breadcrumb\">\n\t\t\tM\u00e9rn\u00f6kl\u00e1nyok a csal\u00e1dban\n\t\t<\/span><\/div>","aioseo_breadcrumb_json":[{"label":"Home","link":"https:\/\/allasorias.hu\/hirek"},{"label":"Karrier","link":"https:\/\/allasorias.hu\/hirek\/temak\/karrier\/"},{"label":"M\u00e9rn\u00f6kl\u00e1nyok a csal\u00e1dban","link":"https:\/\/allasorias.hu\/hirek\/mernoklanyok-a-csaladban\/"}],"_links":{"self":[{"href":"https:\/\/allasorias.hu\/hirek\/wp-json\/wp\/v2\/posts\/4633","targetHints":{"allow":["GET"]}}],"collection":[{"href":"https:\/\/allasorias.hu\/hirek\/wp-json\/wp\/v2\/posts"}],"about":[{"href":"https:\/\/allasorias.hu\/hirek\/wp-json\/wp\/v2\/types\/post"}],"author":[{"embeddable":true,"href":"https:\/\/allasorias.hu\/hirek\/wp-json\/wp\/v2\/users\/1"}],"replies":[{"embeddable":true,"href":"https:\/\/allasorias.hu\/hirek\/wp-json\/wp\/v2\/comments?post=4633"}],"version-history":[{"count":1,"href":"https:\/\/allasorias.hu\/hirek\/wp-json\/wp\/v2\/posts\/4633\/revisions"}],"predecessor-version":[{"id":4635,"href":"https:\/\/allasorias.hu\/hirek\/wp-json\/wp\/v2\/posts\/4633\/revisions\/4635"}],"wp:featuredmedia":[{"embeddable":true,"href":"https:\/\/allasorias.hu\/hirek\/wp-json\/wp\/v2\/media\/4634"}],"wp:attachment":[{"href":"https:\/\/allasorias.hu\/hirek\/wp-json\/wp\/v2\/media?parent=4633"}],"wp:term":[{"taxonomy":"category","embeddable":true,"href":"https:\/\/allasorias.hu\/hirek\/wp-json\/wp\/v2\/categories?post=4633"},{"taxonomy":"post_tag","embeddable":true,"href":"https:\/\/allasorias.hu\/hirek\/wp-json\/wp\/v2\/tags?post=4633"}],"curies":[{"name":"wp","href":"https:\/\/api.w.org\/{rel}","templated":true}]}}