{"id":4628,"date":"2021-03-05T08:09:52","date_gmt":"2021-03-05T08:09:52","guid":{"rendered":"https:\/\/allasorias.hu\/hirek\/?p=4628"},"modified":"2021-03-05T08:09:52","modified_gmt":"2021-03-05T08:09:52","slug":"tamogatjak-a-foglalkoztatast","status":"publish","type":"post","link":"https:\/\/allasorias.hu\/hirek\/tamogatjak-a-foglalkoztatast\/","title":{"rendered":"T\u00e1mogatj\u00e1k a foglalkoztat\u00e1st"},"content":{"rendered":"<p><strong>A s\u00falyosan h\u00e1tr\u00e1nyos helyzet\u0171 munkav\u00e1llal\u00f3k \u2013 akik 12 vagy 24 h\u00f3napja nem \u00e1llnak alkalmaz\u00e1sban \u2013 elhelyezked\u00e9s\u00fck eset\u00e9n hat h\u00f3napig j\u00e1r\u00f3 b\u00e9rkieg\u00e9sz\u00edt\u00e9st is kaphatnak.\u00a0 A korm\u00e1ny fokozott figyelmet ford\u00edt a munkaer\u0151-piaci szempontb\u00f3l h\u00e1tr\u00e1nyosabb helyzetben l\u00e9v\u0151 csoportok foglalkoztat\u00e1s\u00e1ra, amelyet dinamikusabb \u00e9s egyszer\u0171bb t\u00e1mogat\u00e1si rendszerrel seg\u00edt el\u0151 \u2013 mondta Bod\u00f3 S\u00e1ndor. <\/strong><\/p>\n<p>Az Innov\u00e1ci\u00f3s \u00e9s Technol\u00f3giai Miniszt\u00e9rium leg\u00fajabb k\u00f6zlem\u00e9nye szerint a foglalkoztat\u00e1spolitik\u00e1\u00e9rt felel\u0151s \u00e1llamtitk\u00e1ra k\u00f6z\u00f6lte, az \u00faj rendelkez\u00e9sek lehet\u0151s\u00e9get teremtenek arra is, hogy az \u00e1llam a csoportos l\u00e9tsz\u00e1mle\u00e9p\u00edt\u00e9s elker\u00fcl\u00e9se \u00e9rdek\u00e9ben h\u00e1rom h\u00f3napig \u00e1tv\u00e1llalja a foglalkoztatottak b\u00e9r\u00e9nek fel\u00e9t.<\/p>\n<p>A m\u00e1rciust\u00f3l hat\u00e1lyos t\u00f6rv\u00e9nyi \u00e9s kapcsol\u00f3d\u00f3 korm\u00e1nyrendeleti szint\u0171 el\u0151\u00edr\u00e1sok korszer\u0171, rugalmas \u00e9s hat\u00e9kony szab\u00e1lyoz\u00e1si kereteket teremtenek a foglalkoztat\u00e1st el\u0151seg\u00edt\u0151 szolg\u00e1ltat\u00e1sok \u00e9s t\u00e1mogat\u00e1sok ter\u00e9n. A h\u00e1tr\u00e1nyos helyzet\u0171 munkav\u00e1llal\u00f3k \u2013 akik hat h\u00f3napja nem \u00e1llnak alkalmaz\u00e1sban, vagy 15-24 \u00e9v k\u00f6z\u00f6ttiek, esetleg 50 \u00e9v felettiek \u2013 munk\u00e1ba \u00e1ll\u00e1s\u00e1t az el\u00e9rhet\u0151 t\u00e1mogat\u00e1sok mellett munkaer\u0151-piaci szolg\u00e1ltat\u00e1sok \u2013 k\u00f6zt\u00fck tan\u00e1csad\u00e1s \u2013 is seg\u00edti. Az \u00e1llami foglalkoztat\u00e1si szerv \u00e9s az \u00e1ll\u00e1skeres\u0151 k\u00f6z\u00f6sen szem\u00e9lyre szabott egy\u00e9ni cselekv\u00e9si tervet k\u00e9sz\u00edtenek a miel\u0151bbi elhelyezked\u00e9s \u00e9rdek\u00e9ben. Az egy\u00e9ni k\u00e9pess\u00e9geket, kompetenci\u00e1kat figyelembe v\u00e9ve beazonos\u00edtj\u00e1k az \u00e1ll\u00e1skeres\u0151 c\u00e9ljait, az azok el\u00e9r\u00e9s\u00e9hez ig\u00e9nybe vehet\u0151 szolg\u00e1ltat\u00e1sokat \u00e9s t\u00e1mogat\u00e1si lehet\u0151s\u00e9geket. A s\u00falyosan h\u00e1tr\u00e1nyos helyzet\u0171 munkav\u00e1llal\u00f3k \u2013 akik 12 vagy 24 h\u00f3napja nem \u00e1llnak alkalmaz\u00e1sban \u2013 elhelyezked\u00e9s\u00fck eset\u00e9n hat h\u00f3napig j\u00e1r\u00f3 b\u00e9rkieg\u00e9sz\u00edt\u00e9st is kaphatnak. Ha foglalkoztat\u00e1sra ir\u00e1nyul\u00f3 jogviszonyt l\u00e9tes\u00edtenek, a minim\u00e1lb\u00e9r 30 sz\u00e1zal\u00e9k\u00e1val megegyez\u0151 \u00f6sszeghez, jelenleg havi t\u00f6bb mint 50 ezer forinthoz juthatnak. A munkaad\u00f3 is t\u00e1mogat\u00e1sban r\u00e9szes\u00fcl, ha s\u00falyosan h\u00e1tr\u00e1nyos helyzet\u0171 szem\u00e9lyt alkalmaz, a jogviszony els\u0151 n\u00e9gy h\u00f3napj\u00e1ra a munkav\u00e1llal\u00f3 b\u00e9r\u00e9nek fel\u00e9t megt\u00e9r\u00edti az \u00e1llami foglalkoztat\u00e1si szerv. Mint \u00edrt\u00e1k, a csoportos l\u00e9tsz\u00e1mle\u00e9p\u00edt\u00e9s elker\u00fcl\u00e9se \u00e9rdek\u00e9ben a foglalkoztat\u00f3 r\u00e9sz\u00e9re h\u00e1rom h\u00f3napon kereszt\u00fcl ny\u00fajthat\u00f3 t\u00e1mogat\u00e1s a foglalkoztatottak b\u00e9r\u00e9nek fel\u00e9ig. Ennek egy f\u0151re es\u0151 \u00f6sszege nem haladhatja meg havonta a k\u00f6telez\u0151 legkisebb munkab\u00e9r m\u00e1sf\u00e9lszeres\u00e9t. A t\u00e1mogatott munkaad\u00f3nak t\u00f6bbek k\u00f6z\u00f6tt v\u00e1llalnia kell, hogy a k\u00e9relem beny\u00fajt\u00e1sakor fenn\u00e1ll\u00f3 statisztikai \u00e1llom\u00e1nyi l\u00e9tsz\u00e1m\u00e1t fenntartja. Munkav\u00e1llal\u00f3i jogviszony\u00e1t k\u00f6z\u00f6s megegyez\u00e9ssel vagy felmond\u00e1ssal nem sz\u00fcntetheti meg a t\u00e1mogat\u00e1si id\u0151szakot k\u00f6vet\u0151 h\u00e1rom h\u00f3napban sem. Tov\u00e1bb cs\u00f6kken a t\u00e1mogat\u00e1sok adminisztr\u00e1ci\u00f3s terhe is, az ig\u00e9nyl\u00e9shez mind\u00f6ssze egy egyoldalas k\u00e9relmet kell kit\u00f6lteni. A foglalkoztat\u00e1st el\u0151seg\u00edt\u0151 szolg\u00e1ltat\u00f3k m\u0171k\u00f6d\u00e9s\u00e9t az \u00e1llami foglalkoztat\u00e1si szerv \u00e1ltal el\u00e9rhet\u0151v\u00e9 tett szakmai anyagok \u00e9s m\u00f3dszertani seg\u00e9dletek k\u00f6nny\u00edtik meg. A t\u00e1mogat\u00e1sok, szolg\u00e1ltat\u00e1sok a j\u00e1r\u00e1si (f\u0151v\u00e1rosi ker\u00fcleti) hivatalok foglalkoztat\u00e1si oszt\u00e1lyain\u00e1l \u00e9rhet\u0151k el.<\/p>\n<p>Forr\u00e1s: vg.hu<\/p>\n","protected":false},"excerpt":{"rendered":"<p>A s\u00falyosan h\u00e1tr\u00e1nyos helyzet\u0171 munkav\u00e1llal\u00f3k \u2013 akik 12 vagy 24 h\u00f3napja nem \u00e1llnak alkalmaz\u00e1sban \u2013 elhelyezked\u00e9s\u00fck eset\u00e9n hat h\u00f3napig j\u00e1r\u00f3 b\u00e9rkieg\u00e9sz\u00edt\u00e9st is kaphatnak.\u00a0 A korm\u00e1ny fokozott figyelmet ford\u00edt a munkaer\u0151-piaci szempontb\u00f3l h\u00e1tr\u00e1nyosabb helyzetben l\u00e9v\u0151 csoportok foglalkoztat\u00e1s\u00e1ra, amelyet dinamikusabb \u00e9s egyszer\u0171bb t\u00e1mogat\u00e1si rendszerrel seg\u00edt el\u0151 \u2013 mondta Bod\u00f3 S\u00e1ndor. Az Innov\u00e1ci\u00f3s \u00e9s Technol\u00f3giai Miniszt\u00e9rium leg\u00fajabb k\u00f6zlem\u00e9nye [&hellip;]<\/p>\n","protected":false},"author":1,"featured_media":4401,"comment_status":"open","ping_status":"open","sticky":false,"template":"","format":"standard","meta":{"_monsterinsights_skip_tracking":false,"footnotes":""},"categories":[198,200],"tags":[],"class_list":["post-4628","post","type-post","status-publish","format-standard","has-post-thumbnail","hentry","category-gazdasag","category-munkaeropiac"],"aioseo_notices":[],"aioseo_head":"\n\t\t<!-- All in One SEO 5.0.0.1 - aioseo.com -->\n\t<meta name=\"description\" content=\"A s\u00falyosan h\u00e1tr\u00e1nyos helyzet\u0171 munkav\u00e1llal\u00f3k \u2013 akik 12 vagy 24 h\u00f3napja nem \u00e1llnak alkalmaz\u00e1sban \u2013 elhelyezked\u00e9s\u00fck eset\u00e9n hat h\u00f3napig j\u00e1r\u00f3 b\u00e9rkieg\u00e9sz\u00edt\u00e9st is kaphatnak. A korm\u00e1ny fokozott figyelmet ford\u00edt a munkaer\u0151-piaci szempontb\u00f3l h\u00e1tr\u00e1nyosabb helyzetben l\u00e9v\u0151 csoportok foglalkoztat\u00e1s\u00e1ra, amelyet dinamikusabb \u00e9s egyszer\u0171bb t\u00e1mogat\u00e1si rendszerrel seg\u00edt el\u0151 \u2013 mondta Bod\u00f3 S\u00e1ndor. Az Innov\u00e1ci\u00f3s \u00e9s Technol\u00f3giai Miniszt\u00e9rium leg\u00fajabb k\u00f6zlem\u00e9nye\" \/>\n\t<meta name=\"robots\" content=\"max-image-preview:large\" \/>\n\t<meta name=\"author\" content=\"Juh\u00e1sz P\u00e9ter\"\/>\n\t<link rel=\"canonical\" href=\"https:\/\/allasorias.hu\/hirek\/tamogatjak-a-foglalkoztatast\/\" \/>\n\t<meta name=\"generator\" content=\"All in One SEO (AIOSEO) 5.0.0.1\" \/>\n\t\t<meta property=\"og:locale\" content=\"hu_HU\" \/>\n\t\t<meta property=\"og:site_name\" content=\"AllasOrias.hu | H\u00edrek-lapszemle | \u00dczleti h\u00edrek az \u00e1ll\u00e1s \u00e9s a munka vil\u00e1g\u00e1b\u00f3l\" \/>\n\t\t<meta property=\"og:type\" content=\"article\" \/>\n\t\t<meta property=\"og:title\" content=\"T\u00e1mogatj\u00e1k a foglalkoztat\u00e1st | AllasOrias.hu | H\u00edrek-lapszemle\" \/>\n\t\t<meta property=\"og:description\" content=\"A s\u00falyosan h\u00e1tr\u00e1nyos helyzet\u0171 munkav\u00e1llal\u00f3k \u2013 akik 12 vagy 24 h\u00f3napja nem \u00e1llnak alkalmaz\u00e1sban \u2013 elhelyezked\u00e9s\u00fck eset\u00e9n hat h\u00f3napig j\u00e1r\u00f3 b\u00e9rkieg\u00e9sz\u00edt\u00e9st is kaphatnak. A korm\u00e1ny fokozott figyelmet ford\u00edt a munkaer\u0151-piaci szempontb\u00f3l h\u00e1tr\u00e1nyosabb helyzetben l\u00e9v\u0151 csoportok foglalkoztat\u00e1s\u00e1ra, amelyet dinamikusabb \u00e9s egyszer\u0171bb t\u00e1mogat\u00e1si rendszerrel seg\u00edt el\u0151 \u2013 mondta Bod\u00f3 S\u00e1ndor. Az Innov\u00e1ci\u00f3s \u00e9s Technol\u00f3giai Miniszt\u00e9rium leg\u00fajabb k\u00f6zlem\u00e9nye\" \/>\n\t\t<meta property=\"og:url\" content=\"https:\/\/allasorias.hu\/hirek\/tamogatjak-a-foglalkoztatast\/\" \/>\n\t\t<meta property=\"og:image\" content=\"https:\/\/allasorias.hu\/hirek\/wp-content\/uploads\/2020\/11\/business-3167295_640.jpg\" \/>\n\t\t<meta property=\"og:image:secure_url\" content=\"https:\/\/allasorias.hu\/hirek\/wp-content\/uploads\/2020\/11\/business-3167295_640.jpg\" \/>\n\t\t<meta property=\"og:image:width\" content=\"640\" \/>\n\t\t<meta property=\"og:image:height\" content=\"426\" \/>\n\t\t<meta property=\"article:published_time\" content=\"2021-03-05T08:09:52+00:00\" \/>\n\t\t<meta property=\"article:modified_time\" content=\"2021-03-05T08:09:52+00:00\" \/>\n\t\t<meta property=\"article:publisher\" content=\"https:\/\/www.facebook.com\/allasorias\" \/>\n\t\t<meta name=\"twitter:card\" content=\"summary_large_image\" \/>\n\t\t<meta name=\"twitter:title\" content=\"T\u00e1mogatj\u00e1k a foglalkoztat\u00e1st | AllasOrias.hu | H\u00edrek-lapszemle\" \/>\n\t\t<meta name=\"twitter:description\" content=\"A s\u00falyosan h\u00e1tr\u00e1nyos helyzet\u0171 munkav\u00e1llal\u00f3k \u2013 akik 12 vagy 24 h\u00f3napja nem \u00e1llnak alkalmaz\u00e1sban \u2013 elhelyezked\u00e9s\u00fck eset\u00e9n hat h\u00f3napig j\u00e1r\u00f3 b\u00e9rkieg\u00e9sz\u00edt\u00e9st is kaphatnak. A korm\u00e1ny fokozott figyelmet ford\u00edt a munkaer\u0151-piaci szempontb\u00f3l h\u00e1tr\u00e1nyosabb helyzetben l\u00e9v\u0151 csoportok foglalkoztat\u00e1s\u00e1ra, amelyet dinamikusabb \u00e9s egyszer\u0171bb t\u00e1mogat\u00e1si rendszerrel seg\u00edt el\u0151 \u2013 mondta Bod\u00f3 S\u00e1ndor. Az Innov\u00e1ci\u00f3s \u00e9s Technol\u00f3giai Miniszt\u00e9rium leg\u00fajabb k\u00f6zlem\u00e9nye\" \/>\n\t\t<meta name=\"twitter:image\" content=\"https:\/\/allasorias.hu\/hirek\/wp-content\/uploads\/2020\/11\/business-3167295_640.jpg\" \/>\n\t\t<meta name=\"twitter:label1\" content=\"Written by\" \/>\n\t\t<meta name=\"twitter:data1\" content=\"Juh\u00e1sz P\u00e9ter\" \/>\n\t\t<meta name=\"twitter:label2\" content=\"Est. reading time\" \/>\n\t\t<meta name=\"twitter:data2\" content=\"3 minutes\" \/>\n\t\t<script type=\"application\/ld+json\" class=\"aioseo-schema\">\n\t\t\t{\"@context\":\"https:\\\/\\\/schema.org\",\"@graph\":[{\"@type\":\"Article\",\"@id\":\"https:\\\/\\\/allasorias.hu\\\/hirek\\\/tamogatjak-a-foglalkoztatast\\\/#article\",\"name\":\"T\\u00e1mogatj\\u00e1k a foglalkoztat\\u00e1st | AllasOrias.hu | H\\u00edrek-lapszemle\",\"headline\":\"T\\u00e1mogatj\\u00e1k a foglalkoztat\\u00e1st\",\"author\":{\"@id\":\"https:\\\/\\\/allasorias.hu\\\/hirek\\\/author\\\/admin-allasorias\\\/#author\"},\"publisher\":{\"@id\":\"https:\\\/\\\/allasorias.hu\\\/hirek\\\/#organization\"},\"image\":{\"@type\":\"ImageObject\",\"url\":\"https:\\\/\\\/allasorias.hu\\\/hirek\\\/wp-content\\\/uploads\\\/2020\\\/11\\\/business-3167295_640.jpg\",\"width\":640,\"height\":426},\"datePublished\":\"2021-03-05T08:09:52+02:00\",\"dateModified\":\"2021-03-05T08:09:52+02:00\",\"inLanguage\":\"hu-HU\",\"mainEntityOfPage\":{\"@id\":\"https:\\\/\\\/allasorias.hu\\\/hirek\\\/tamogatjak-a-foglalkoztatast\\\/#webpage\"},\"isPartOf\":{\"@id\":\"https:\\\/\\\/allasorias.hu\\\/hirek\\\/tamogatjak-a-foglalkoztatast\\\/#webpage\"},\"articleSection\":\"Gazdas\\u00e1g, Munkaer\\u0151piac\"},{\"@type\":\"BreadcrumbList\",\"@id\":\"https:\\\/\\\/allasorias.hu\\\/hirek\\\/tamogatjak-a-foglalkoztatast\\\/#breadcrumblist\",\"itemListElement\":[{\"@type\":\"ListItem\",\"@id\":\"https:\\\/\\\/allasorias.hu\\\/hirek#listItem\",\"position\":1,\"name\":\"Home\",\"item\":\"https:\\\/\\\/allasorias.hu\\\/hirek\",\"nextItem\":{\"@type\":\"ListItem\",\"@id\":\"https:\\\/\\\/allasorias.hu\\\/hirek\\\/temak\\\/gazdasag\\\/#listItem\",\"name\":\"Gazdas\\u00e1g\"}},{\"@type\":\"ListItem\",\"@id\":\"https:\\\/\\\/allasorias.hu\\\/hirek\\\/temak\\\/gazdasag\\\/#listItem\",\"position\":2,\"name\":\"Gazdas\\u00e1g\",\"item\":\"https:\\\/\\\/allasorias.hu\\\/hirek\\\/temak\\\/gazdasag\\\/\",\"nextItem\":{\"@type\":\"ListItem\",\"@id\":\"https:\\\/\\\/allasorias.hu\\\/hirek\\\/tamogatjak-a-foglalkoztatast\\\/#listItem\",\"name\":\"T\\u00e1mogatj\\u00e1k a foglalkoztat\\u00e1st\"},\"previousItem\":{\"@type\":\"ListItem\",\"@id\":\"https:\\\/\\\/allasorias.hu\\\/hirek#listItem\",\"name\":\"Home\"}},{\"@type\":\"ListItem\",\"@id\":\"https:\\\/\\\/allasorias.hu\\\/hirek\\\/tamogatjak-a-foglalkoztatast\\\/#listItem\",\"position\":3,\"name\":\"T\\u00e1mogatj\\u00e1k a foglalkoztat\\u00e1st\",\"previousItem\":{\"@type\":\"ListItem\",\"@id\":\"https:\\\/\\\/allasorias.hu\\\/hirek\\\/temak\\\/gazdasag\\\/#listItem\",\"name\":\"Gazdas\\u00e1g\"}}]},{\"@type\":\"Organization\",\"@id\":\"https:\\\/\\\/allasorias.hu\\\/hirek\\\/#organization\",\"name\":\"AllasOrias.hu | H\\u00edrek-lapszemle\",\"description\":\"\\u00dczleti h\\u00edrek az \\u00e1ll\\u00e1s \\u00e9s a munka vil\\u00e1g\\u00e1b\\u00f3l\",\"url\":\"https:\\\/\\\/allasorias.hu\\\/hirek\\\/\",\"logo\":{\"@type\":\"ImageObject\",\"url\":\"https:\\\/\\\/allasorias.hu\\\/hirek\\\/wp-content\\\/uploads\\\/2022\\\/10\\\/allasorias_site_facebok_logo.png\",\"@id\":\"https:\\\/\\\/allasorias.hu\\\/hirek\\\/tamogatjak-a-foglalkoztatast\\\/#organizationLogo\"},\"image\":{\"@id\":\"https:\\\/\\\/allasorias.hu\\\/hirek\\\/tamogatjak-a-foglalkoztatast\\\/#organizationLogo\"},\"sameAs\":[\"https:\\\/\\\/www.facebook.com\\\/allasorias\",\"https:\\\/\\\/www.linkedin.com\\\/company\\\/allasorias\"]},{\"@type\":\"Person\",\"@id\":\"https:\\\/\\\/allasorias.hu\\\/hirek\\\/author\\\/admin-allasorias\\\/#author\",\"url\":\"https:\\\/\\\/allasorias.hu\\\/hirek\\\/author\\\/admin-allasorias\\\/\",\"name\":\"Juh\\u00e1sz P\\u00e9ter\",\"image\":{\"@type\":\"ImageObject\",\"@id\":\"https:\\\/\\\/allasorias.hu\\\/hirek\\\/tamogatjak-a-foglalkoztatast\\\/#authorImage\",\"url\":\"https:\\\/\\\/secure.gravatar.com\\\/avatar\\\/36e6bcb83148978b992977cb0f54d22feb0cce8a0a849a9410532bb2623ba4c6?s=96&d=mm&r=g\",\"width\":96,\"height\":96,\"caption\":\"Juh\\u00e1sz P\\u00e9ter\"}},{\"@type\":\"WebPage\",\"@id\":\"https:\\\/\\\/allasorias.hu\\\/hirek\\\/tamogatjak-a-foglalkoztatast\\\/#webpage\",\"url\":\"https:\\\/\\\/allasorias.hu\\\/hirek\\\/tamogatjak-a-foglalkoztatast\\\/\",\"name\":\"T\\u00e1mogatj\\u00e1k a foglalkoztat\\u00e1st | AllasOrias.hu | H\\u00edrek-lapszemle\",\"description\":\"A s\\u00falyosan h\\u00e1tr\\u00e1nyos helyzet\\u0171 munkav\\u00e1llal\\u00f3k \\u2013 akik 12 vagy 24 h\\u00f3napja nem \\u00e1llnak alkalmaz\\u00e1sban \\u2013 elhelyezked\\u00e9s\\u00fck eset\\u00e9n hat h\\u00f3napig j\\u00e1r\\u00f3 b\\u00e9rkieg\\u00e9sz\\u00edt\\u00e9st is kaphatnak. A korm\\u00e1ny fokozott figyelmet ford\\u00edt a munkaer\\u0151-piaci szempontb\\u00f3l h\\u00e1tr\\u00e1nyosabb helyzetben l\\u00e9v\\u0151 csoportok foglalkoztat\\u00e1s\\u00e1ra, amelyet dinamikusabb \\u00e9s egyszer\\u0171bb t\\u00e1mogat\\u00e1si rendszerrel seg\\u00edt el\\u0151 \\u2013 mondta Bod\\u00f3 S\\u00e1ndor. Az Innov\\u00e1ci\\u00f3s \\u00e9s Technol\\u00f3giai Miniszt\\u00e9rium leg\\u00fajabb k\\u00f6zlem\\u00e9nye\",\"inLanguage\":\"hu-HU\",\"isPartOf\":{\"@id\":\"https:\\\/\\\/allasorias.hu\\\/hirek\\\/#website\"},\"breadcrumb\":{\"@id\":\"https:\\\/\\\/allasorias.hu\\\/hirek\\\/tamogatjak-a-foglalkoztatast\\\/#breadcrumblist\"},\"author\":{\"@id\":\"https:\\\/\\\/allasorias.hu\\\/hirek\\\/author\\\/admin-allasorias\\\/#author\"},\"creator\":{\"@id\":\"https:\\\/\\\/allasorias.hu\\\/hirek\\\/author\\\/admin-allasorias\\\/#author\"},\"image\":{\"@type\":\"ImageObject\",\"url\":\"https:\\\/\\\/allasorias.hu\\\/hirek\\\/wp-content\\\/uploads\\\/2020\\\/11\\\/business-3167295_640.jpg\",\"@id\":\"https:\\\/\\\/allasorias.hu\\\/hirek\\\/tamogatjak-a-foglalkoztatast\\\/#mainImage\",\"width\":640,\"height\":426},\"primaryImageOfPage\":{\"@id\":\"https:\\\/\\\/allasorias.hu\\\/hirek\\\/tamogatjak-a-foglalkoztatast\\\/#mainImage\"},\"datePublished\":\"2021-03-05T08:09:52+02:00\",\"dateModified\":\"2021-03-05T08:09:52+02:00\"},{\"@type\":\"WebSite\",\"@id\":\"https:\\\/\\\/allasorias.hu\\\/hirek\\\/#website\",\"url\":\"https:\\\/\\\/allasorias.hu\\\/hirek\\\/\",\"name\":\"AllasOrias.hu | H\\u00edrek-lapszemle\",\"description\":\"\\u00dczleti h\\u00edrek az \\u00e1ll\\u00e1s \\u00e9s a munka vil\\u00e1g\\u00e1b\\u00f3l\",\"inLanguage\":\"hu-HU\",\"publisher\":{\"@id\":\"https:\\\/\\\/allasorias.hu\\\/hirek\\\/#organization\"}}]}\n\t\t<\/script>\n\t\t<!-- All in One SEO -->\n\n","aioseo_head_json":{"title":"T\u00e1mogatj\u00e1k a foglalkoztat\u00e1st | AllasOrias.hu | H\u00edrek-lapszemle","description":"A s\u00falyosan h\u00e1tr\u00e1nyos helyzet\u0171 munkav\u00e1llal\u00f3k \u2013 akik 12 vagy 24 h\u00f3napja nem \u00e1llnak alkalmaz\u00e1sban \u2013 elhelyezked\u00e9s\u00fck eset\u00e9n hat h\u00f3napig j\u00e1r\u00f3 b\u00e9rkieg\u00e9sz\u00edt\u00e9st is kaphatnak. A korm\u00e1ny fokozott figyelmet ford\u00edt a munkaer\u0151-piaci szempontb\u00f3l h\u00e1tr\u00e1nyosabb helyzetben l\u00e9v\u0151 csoportok foglalkoztat\u00e1s\u00e1ra, amelyet dinamikusabb \u00e9s egyszer\u0171bb t\u00e1mogat\u00e1si rendszerrel seg\u00edt el\u0151 \u2013 mondta Bod\u00f3 S\u00e1ndor. Az Innov\u00e1ci\u00f3s \u00e9s Technol\u00f3giai Miniszt\u00e9rium leg\u00fajabb k\u00f6zlem\u00e9nye","canonical_url":"https:\/\/allasorias.hu\/hirek\/tamogatjak-a-foglalkoztatast\/","robots":"max-image-preview:large","keywords":"","webmasterTools":{"miscellaneous":""},"schema":{"@context":"https:\/\/schema.org","@graph":[{"@type":"Article","@id":"https:\/\/allasorias.hu\/hirek\/tamogatjak-a-foglalkoztatast\/#article","name":"T\u00e1mogatj\u00e1k a foglalkoztat\u00e1st | AllasOrias.hu | H\u00edrek-lapszemle","headline":"T\u00e1mogatj\u00e1k a foglalkoztat\u00e1st","author":{"@id":"https:\/\/allasorias.hu\/hirek\/author\/admin-allasorias\/#author"},"publisher":{"@id":"https:\/\/allasorias.hu\/hirek\/#organization"},"image":{"@type":"ImageObject","url":"https:\/\/allasorias.hu\/hirek\/wp-content\/uploads\/2020\/11\/business-3167295_640.jpg","width":640,"height":426},"datePublished":"2021-03-05T08:09:52+02:00","dateModified":"2021-03-05T08:09:52+02:00","inLanguage":"hu-HU","mainEntityOfPage":{"@id":"https:\/\/allasorias.hu\/hirek\/tamogatjak-a-foglalkoztatast\/#webpage"},"isPartOf":{"@id":"https:\/\/allasorias.hu\/hirek\/tamogatjak-a-foglalkoztatast\/#webpage"},"articleSection":"Gazdas\u00e1g, Munkaer\u0151piac"},{"@type":"BreadcrumbList","@id":"https:\/\/allasorias.hu\/hirek\/tamogatjak-a-foglalkoztatast\/#breadcrumblist","itemListElement":[{"@type":"ListItem","@id":"https:\/\/allasorias.hu\/hirek#listItem","position":1,"name":"Home","item":"https:\/\/allasorias.hu\/hirek","nextItem":{"@type":"ListItem","@id":"https:\/\/allasorias.hu\/hirek\/temak\/gazdasag\/#listItem","name":"Gazdas\u00e1g"}},{"@type":"ListItem","@id":"https:\/\/allasorias.hu\/hirek\/temak\/gazdasag\/#listItem","position":2,"name":"Gazdas\u00e1g","item":"https:\/\/allasorias.hu\/hirek\/temak\/gazdasag\/","nextItem":{"@type":"ListItem","@id":"https:\/\/allasorias.hu\/hirek\/tamogatjak-a-foglalkoztatast\/#listItem","name":"T\u00e1mogatj\u00e1k a foglalkoztat\u00e1st"},"previousItem":{"@type":"ListItem","@id":"https:\/\/allasorias.hu\/hirek#listItem","name":"Home"}},{"@type":"ListItem","@id":"https:\/\/allasorias.hu\/hirek\/tamogatjak-a-foglalkoztatast\/#listItem","position":3,"name":"T\u00e1mogatj\u00e1k a foglalkoztat\u00e1st","previousItem":{"@type":"ListItem","@id":"https:\/\/allasorias.hu\/hirek\/temak\/gazdasag\/#listItem","name":"Gazdas\u00e1g"}}]},{"@type":"Organization","@id":"https:\/\/allasorias.hu\/hirek\/#organization","name":"AllasOrias.hu | H\u00edrek-lapszemle","description":"\u00dczleti h\u00edrek az \u00e1ll\u00e1s \u00e9s a munka vil\u00e1g\u00e1b\u00f3l","url":"https:\/\/allasorias.hu\/hirek\/","logo":{"@type":"ImageObject","url":"https:\/\/allasorias.hu\/hirek\/wp-content\/uploads\/2022\/10\/allasorias_site_facebok_logo.png","@id":"https:\/\/allasorias.hu\/hirek\/tamogatjak-a-foglalkoztatast\/#organizationLogo"},"image":{"@id":"https:\/\/allasorias.hu\/hirek\/tamogatjak-a-foglalkoztatast\/#organizationLogo"},"sameAs":["https:\/\/www.facebook.com\/allasorias","https:\/\/www.linkedin.com\/company\/allasorias"]},{"@type":"Person","@id":"https:\/\/allasorias.hu\/hirek\/author\/admin-allasorias\/#author","url":"https:\/\/allasorias.hu\/hirek\/author\/admin-allasorias\/","name":"Juh\u00e1sz P\u00e9ter","image":{"@type":"ImageObject","@id":"https:\/\/allasorias.hu\/hirek\/tamogatjak-a-foglalkoztatast\/#authorImage","url":"https:\/\/secure.gravatar.com\/avatar\/36e6bcb83148978b992977cb0f54d22feb0cce8a0a849a9410532bb2623ba4c6?s=96&d=mm&r=g","width":96,"height":96,"caption":"Juh\u00e1sz P\u00e9ter"}},{"@type":"WebPage","@id":"https:\/\/allasorias.hu\/hirek\/tamogatjak-a-foglalkoztatast\/#webpage","url":"https:\/\/allasorias.hu\/hirek\/tamogatjak-a-foglalkoztatast\/","name":"T\u00e1mogatj\u00e1k a foglalkoztat\u00e1st | AllasOrias.hu | H\u00edrek-lapszemle","description":"A s\u00falyosan h\u00e1tr\u00e1nyos helyzet\u0171 munkav\u00e1llal\u00f3k \u2013 akik 12 vagy 24 h\u00f3napja nem \u00e1llnak alkalmaz\u00e1sban \u2013 elhelyezked\u00e9s\u00fck eset\u00e9n hat h\u00f3napig j\u00e1r\u00f3 b\u00e9rkieg\u00e9sz\u00edt\u00e9st is kaphatnak. A korm\u00e1ny fokozott figyelmet ford\u00edt a munkaer\u0151-piaci szempontb\u00f3l h\u00e1tr\u00e1nyosabb helyzetben l\u00e9v\u0151 csoportok foglalkoztat\u00e1s\u00e1ra, amelyet dinamikusabb \u00e9s egyszer\u0171bb t\u00e1mogat\u00e1si rendszerrel seg\u00edt el\u0151 \u2013 mondta Bod\u00f3 S\u00e1ndor. Az Innov\u00e1ci\u00f3s \u00e9s Technol\u00f3giai Miniszt\u00e9rium leg\u00fajabb k\u00f6zlem\u00e9nye","inLanguage":"hu-HU","isPartOf":{"@id":"https:\/\/allasorias.hu\/hirek\/#website"},"breadcrumb":{"@id":"https:\/\/allasorias.hu\/hirek\/tamogatjak-a-foglalkoztatast\/#breadcrumblist"},"author":{"@id":"https:\/\/allasorias.hu\/hirek\/author\/admin-allasorias\/#author"},"creator":{"@id":"https:\/\/allasorias.hu\/hirek\/author\/admin-allasorias\/#author"},"image":{"@type":"ImageObject","url":"https:\/\/allasorias.hu\/hirek\/wp-content\/uploads\/2020\/11\/business-3167295_640.jpg","@id":"https:\/\/allasorias.hu\/hirek\/tamogatjak-a-foglalkoztatast\/#mainImage","width":640,"height":426},"primaryImageOfPage":{"@id":"https:\/\/allasorias.hu\/hirek\/tamogatjak-a-foglalkoztatast\/#mainImage"},"datePublished":"2021-03-05T08:09:52+02:00","dateModified":"2021-03-05T08:09:52+02:00"},{"@type":"WebSite","@id":"https:\/\/allasorias.hu\/hirek\/#website","url":"https:\/\/allasorias.hu\/hirek\/","name":"AllasOrias.hu | H\u00edrek-lapszemle","description":"\u00dczleti h\u00edrek az \u00e1ll\u00e1s \u00e9s a munka vil\u00e1g\u00e1b\u00f3l","inLanguage":"hu-HU","publisher":{"@id":"https:\/\/allasorias.hu\/hirek\/#organization"}}]},"og:locale":"hu_HU","og:site_name":"AllasOrias.hu | H\u00edrek-lapszemle | \u00dczleti h\u00edrek az \u00e1ll\u00e1s \u00e9s a munka vil\u00e1g\u00e1b\u00f3l","og:type":"article","og:title":"T\u00e1mogatj\u00e1k a foglalkoztat\u00e1st | AllasOrias.hu | H\u00edrek-lapszemle","og:description":"A s\u00falyosan h\u00e1tr\u00e1nyos helyzet\u0171 munkav\u00e1llal\u00f3k \u2013 akik 12 vagy 24 h\u00f3napja nem \u00e1llnak alkalmaz\u00e1sban \u2013 elhelyezked\u00e9s\u00fck eset\u00e9n hat h\u00f3napig j\u00e1r\u00f3 b\u00e9rkieg\u00e9sz\u00edt\u00e9st is kaphatnak. A korm\u00e1ny fokozott figyelmet ford\u00edt a munkaer\u0151-piaci szempontb\u00f3l h\u00e1tr\u00e1nyosabb helyzetben l\u00e9v\u0151 csoportok foglalkoztat\u00e1s\u00e1ra, amelyet dinamikusabb \u00e9s egyszer\u0171bb t\u00e1mogat\u00e1si rendszerrel seg\u00edt el\u0151 \u2013 mondta Bod\u00f3 S\u00e1ndor. Az Innov\u00e1ci\u00f3s \u00e9s Technol\u00f3giai Miniszt\u00e9rium leg\u00fajabb k\u00f6zlem\u00e9nye","og:url":"https:\/\/allasorias.hu\/hirek\/tamogatjak-a-foglalkoztatast\/","og:image":"https:\/\/allasorias.hu\/hirek\/wp-content\/uploads\/2020\/11\/business-3167295_640.jpg","og:image:secure_url":"https:\/\/allasorias.hu\/hirek\/wp-content\/uploads\/2020\/11\/business-3167295_640.jpg","og:image:width":640,"og:image:height":426,"article:published_time":"2021-03-05T08:09:52+00:00","article:modified_time":"2021-03-05T08:09:52+00:00","article:publisher":"https:\/\/www.facebook.com\/allasorias","twitter:card":"summary_large_image","twitter:title":"T\u00e1mogatj\u00e1k a foglalkoztat\u00e1st | AllasOrias.hu | H\u00edrek-lapszemle","twitter:description":"A s\u00falyosan h\u00e1tr\u00e1nyos helyzet\u0171 munkav\u00e1llal\u00f3k \u2013 akik 12 vagy 24 h\u00f3napja nem \u00e1llnak alkalmaz\u00e1sban \u2013 elhelyezked\u00e9s\u00fck eset\u00e9n hat h\u00f3napig j\u00e1r\u00f3 b\u00e9rkieg\u00e9sz\u00edt\u00e9st is kaphatnak. A korm\u00e1ny fokozott figyelmet ford\u00edt a munkaer\u0151-piaci szempontb\u00f3l h\u00e1tr\u00e1nyosabb helyzetben l\u00e9v\u0151 csoportok foglalkoztat\u00e1s\u00e1ra, amelyet dinamikusabb \u00e9s egyszer\u0171bb t\u00e1mogat\u00e1si rendszerrel seg\u00edt el\u0151 \u2013 mondta Bod\u00f3 S\u00e1ndor. Az Innov\u00e1ci\u00f3s \u00e9s Technol\u00f3giai Miniszt\u00e9rium leg\u00fajabb k\u00f6zlem\u00e9nye","twitter:image":"https:\/\/allasorias.hu\/hirek\/wp-content\/uploads\/2020\/11\/business-3167295_640.jpg","twitter:label1":"Written by","twitter:data1":"Juh\u00e1sz P\u00e9ter","twitter:label2":"Est. reading time","twitter:data2":"3 minutes"},"aioseo_meta_data":{"post_id":"4628","title":null,"description":null,"keywords":[],"keyphrases":{"focus":[],"additional":[]},"primary_term":null,"canonical_url":null,"og_title":null,"og_description":null,"og_object_type":"default","og_image_type":"default","og_image_url":null,"og_image_width":null,"og_image_height":null,"og_image_custom_url":null,"og_image_custom_fields":null,"og_video":"","og_custom_url":null,"og_article_section":null,"og_article_tags":[],"twitter_use_og":false,"twitter_card":"default","twitter_image_type":"default","twitter_image_url":null,"twitter_image_custom_url":null,"twitter_image_custom_fields":null,"twitter_title":null,"twitter_description":null,"schema":{"blockGraphs":[],"customGraphs":[],"default":{"data":{"Article":[],"Course":[],"Dataset":[],"FAQPage":[],"Movie":[],"Person":[],"Product":[],"ProductReview":[],"Car":[],"Recipe":[],"Service":[],"SoftwareApplication":[],"WebPage":[]},"graphName":"","isEnabled":true},"graphs":[],"defaultGraph":"","defaultPostTypeGraph":""},"schema_type":"none","schema_type_options":"{\"webPage\":{\"webPageType\":\"WebPage\"},\"article\":{\"articleType\":\"BlogPosting\"},\"book\":[],\"course\":[],\"event\":[],\"jobPosting\":[],\"music\":[],\"person\":[],\"product\":[],\"recipe\":[],\"restaurant\":[],\"service\":[],\"software\":[],\"video\":[]}","pillar_content":false,"robots_default":true,"robots_noindex":false,"robots_noarchive":false,"robots_nosnippet":false,"robots_nofollow":false,"robots_noimageindex":false,"robots_noodp":false,"robots_notranslate":false,"robots_max_snippet":"-1","robots_max_videopreview":"-1","robots_max_imagepreview":"large","priority":null,"frequency":"default","location":null,"local_seo":{"businessInfo":{"name":"","urls":{"website":"","aboutPage":"","contactPage":""},"address":{"line1":"","line2":"","zip":"","city":"","state":"","country":""},"contact":{"email":"","phone":"","fax":""},"ids":{"vatID":"","taxID":"","chamberID":""},"payment":{"priceIndication":"","currenciesAccepted":"","methodsAccepted":""},"areaServed":""},"openingHours":{"show":false,"closedLabel":"","open24h":false,"open24hLabel":"","open247":false,"use24hFormat":false,"twoSets":false,"timezone":"","hours":[]}},"breadcrumb_settings":null,"limit_modified_date":false,"ai":null,"created":"2021-03-05 08:08:16","updated":"2025-10-02 15:29:04","seo_analyzer_scan_date":null,"focus_keyword":null,"additional_keywords":null,"truseo_locale":null},"aioseo_breadcrumb":"<div class=\"aioseo-breadcrumbs\"><span class=\"aioseo-breadcrumb\">\n\t\t\t<a href=\"https:\/\/allasorias.hu\/hirek\" title=\"Home\">Home<\/a>\n\t\t<\/span><span class=\"aioseo-breadcrumb-separator\">&raquo;<\/span><span class=\"aioseo-breadcrumb\">\n\t\t\t<a href=\"https:\/\/allasorias.hu\/hirek\/temak\/gazdasag\/\" title=\"Gazdas\u00e1g\">Gazdas\u00e1g<\/a>\n\t\t<\/span><span class=\"aioseo-breadcrumb-separator\">&raquo;<\/span><span class=\"aioseo-breadcrumb\">\n\t\t\tT\u00e1mogatj\u00e1k a foglalkoztat\u00e1st\n\t\t<\/span><\/div>","aioseo_breadcrumb_json":[{"label":"Home","link":"https:\/\/allasorias.hu\/hirek"},{"label":"Gazdas\u00e1g","link":"https:\/\/allasorias.hu\/hirek\/temak\/gazdasag\/"},{"label":"T\u00e1mogatj\u00e1k a foglalkoztat\u00e1st","link":"https:\/\/allasorias.hu\/hirek\/tamogatjak-a-foglalkoztatast\/"}],"_links":{"self":[{"href":"https:\/\/allasorias.hu\/hirek\/wp-json\/wp\/v2\/posts\/4628","targetHints":{"allow":["GET"]}}],"collection":[{"href":"https:\/\/allasorias.hu\/hirek\/wp-json\/wp\/v2\/posts"}],"about":[{"href":"https:\/\/allasorias.hu\/hirek\/wp-json\/wp\/v2\/types\/post"}],"author":[{"embeddable":true,"href":"https:\/\/allasorias.hu\/hirek\/wp-json\/wp\/v2\/users\/1"}],"replies":[{"embeddable":true,"href":"https:\/\/allasorias.hu\/hirek\/wp-json\/wp\/v2\/comments?post=4628"}],"version-history":[{"count":1,"href":"https:\/\/allasorias.hu\/hirek\/wp-json\/wp\/v2\/posts\/4628\/revisions"}],"predecessor-version":[{"id":4629,"href":"https:\/\/allasorias.hu\/hirek\/wp-json\/wp\/v2\/posts\/4628\/revisions\/4629"}],"wp:featuredmedia":[{"embeddable":true,"href":"https:\/\/allasorias.hu\/hirek\/wp-json\/wp\/v2\/media\/4401"}],"wp:attachment":[{"href":"https:\/\/allasorias.hu\/hirek\/wp-json\/wp\/v2\/media?parent=4628"}],"wp:term":[{"taxonomy":"category","embeddable":true,"href":"https:\/\/allasorias.hu\/hirek\/wp-json\/wp\/v2\/categories?post=4628"},{"taxonomy":"post_tag","embeddable":true,"href":"https:\/\/allasorias.hu\/hirek\/wp-json\/wp\/v2\/tags?post=4628"}],"curies":[{"name":"wp","href":"https:\/\/api.w.org\/{rel}","templated":true}]}}