{"id":4623,"date":"2021-03-04T08:14:46","date_gmt":"2021-03-04T08:14:46","guid":{"rendered":"https:\/\/allasorias.hu\/hirek\/?p=4623"},"modified":"2021-03-04T08:14:46","modified_gmt":"2021-03-04T08:14:46","slug":"bizakodoak-a-cegek","status":"publish","type":"post","link":"https:\/\/allasorias.hu\/hirek\/bizakodoak-a-cegek\/","title":{"rendered":"Bizakod\u00f3ak a c\u00e9gek"},"content":{"rendered":"<p><strong>A Randstad HR Trends Survey 2021 kutat\u00e1sban megk\u00e9rdezett szakemberek szerint \u00e9rezhet\u0151 volt szektorukban a j\u00e1rv\u00e1nyhelyzet hat\u00e1s\u00e1ra bek\u00f6vetkezett visszaes\u00e9s, azonban 2021-re bizakod\u00f3ak a c\u00e9gek. A d\u00f6nt\u0151en k\u00f6z\u00e9p- \u00e9s nagyv\u00e1llalatokn\u00e1l dolgoz\u00f3, megk\u00e9rdezett hazai szakemberek optimist\u00e1k c\u00e9g\u00fck idei \u00fczleti teljes\u00edtm\u00e9ny\u00e9vel kapcsolatban, k\u00f6zel 40%-uk szerint a forgalmuk m\u00e9g 2021-ben el\u00e9ri a j\u00e1rv\u00e1ny el\u0151tti szintet \u2013 der\u00fcl ki a Randstad HR Trends Survey 2021 kutat\u00e1s\u00e1b\u00f3l. A felm\u00e9r\u00e9s szerint a v\u00e1llalatok 38%-a tervezi a jelenlegi dolgoz\u00f3i l\u00e9tsz\u00e1m b\u0151v\u00edt\u00e9s\u00e9t 2021-ben, m\u00edg harmaduk m\u00e1r az \u00fczleti \u00e9v els\u0151 fel\u00e9ben \u00edgy tenne. <\/strong><\/p>\n<p>A Randstad HR Trends Survey 2021 kutat\u00e1sban megk\u00e9rdezett szakemberek szerint \u00e9rezhet\u0151 volt szektorukban a j\u00e1rv\u00e1nyhelyzet hat\u00e1s\u00e1ra bek\u00f6vetkezett visszaes\u00e9s: mind\u00f6ssze 30%-uk sz\u00e1m\u00edt v\u00e1llalata forgalm\u00e1nak n\u00f6veked\u00e9s\u00e9re 2021-ben \u2013 m\u00edg 2019-ben 71%-uk volt ezen a t\u00e9ren optimista \u2013, t\u00f6bb mint fel\u00fck stagn\u00e1l\u00e1ssal, 17%-uk pedig cs\u00f6kken\u00e9ssel kalkul\u00e1l. Ugyanakkor a menedzserek majd 40%-a m\u00e9g id\u00e9n sz\u00e1m\u00edt arra, hogy v\u00e1llalatuk teljes\u00edtm\u00e9nye el\u00e9ri a kor\u00e1bbi szintet, 18%-uk nyilatkozott \u00fagy, hogy forgalmuk n\u0151tt a j\u00e1rv\u00e1nyhelyzet alatt, m\u00edg 12% szerint nem fogj\u00e1k el\u00e9rni a v\u00e1ls\u00e1g el\u0151tti \u00fczleti eredm\u00e9nyt. A v\u00e1laszok alapj\u00e1n a v\u00e1llalatok 38%-a tervez \u2013 alkalmi vagy \u00e1lland\u00f3 munkav\u00e1llal\u00f3kkal t\u00f6rt\u00e9n\u0151 \u2013 l\u00e9tsz\u00e1mb\u0151v\u00edt\u00e9st 2021-ben. A megk\u00e9rdezettek legink\u00e1bb az IT-szakemberek (41%), a fizikai dolgoz\u00f3k (35%) \u00e9s a gy\u00e1rt\u00e1s ter\u00fclet\u00e9n dolgoz\u00f3 alkalmazottak (29%) felv\u00e9tel\u00e9vel kapcsolatban bizakod\u00f3ak. Amikor a r\u00f6videbb t\u00e1v\u00fa \u2013 6 h\u00f3napra vonatkoz\u00f3 \u2013 tervekre k\u00e9rdezt\u00fcnk r\u00e1, a v\u00e1laszad\u00f3k harmada nyilatkozott \u00fagy, hogy optimista a munkaer\u0151felv\u00e9tel megindul\u00e1s\u00e1val kapcsolatban az \u00fczleti \u00e9v els\u0151 fel\u00e9ben. A d\u00f6nt\u0151en k\u00f6z\u00e9p- \u00e9s nagyv\u00e1llalati szakemberek v\u00e1laszai alapj\u00e1n \u00fagy t\u0171nik, hogy a j\u00e1rv\u00e1ny nem volt jelent\u00e9keny hat\u00e1ssal az \u00e9rintett c\u00e9gek 2021-re el\u0151ir\u00e1nyzott munkab\u00e9r-kifizet\u00e9seire. A megk\u00e9rdezettek 70%-a tervez emel\u00e9st, csaknem negyed\u00fck \u00e1ll\u00edtja, hogy az infl\u00e1ci\u00f3n\u00e1l magasabb \u00fctemben n\u00f6velik a fizet\u00e9seket, 46%-uk infl\u00e1ci\u00f3k\u00f6vet\u0151 b\u00e9remel\u00e9sr\u0151l, \u00f6t\u00f6d\u00fck pedig a kor\u00e1bbival megegyez\u0151 fizet\u00e9sekr\u0151l sz\u00e1molt be. Ezenk\u00edv\u00fcl a menedzserek 61%-a szerint a v\u00e1llalatuk \u00e1ltal k\u00edn\u00e1lt fizet\u00e9sek a koronav\u00edrus-j\u00e1rv\u00e1ny idej\u00e9n eddig sem v\u00e1ltoztak, m\u00edg k\u00f6zel harmaduk szerint emelt\u00e9k is a b\u00e9reket. Kis h\u00e1nyaduk, mind\u00f6ssze 5% sz\u00e1molt be fizet\u00e9scs\u00f6kkent\u00e9sr\u0151l 2020 m\u00e1rciusa \u00f3ta &#8211; \u00edrja a Randstad. A versenyk\u00e9pes fizet\u00e9si csomag (48%), a nemzetk\u00f6zi karrierlehet\u0151s\u00e9gek (23%) \u00e9s a rugalmas munkak\u00f6r\u00fclm\u00e9nyek (71%) cs\u00f6kken\u0151 m\u00e9rt\u00e9kben, m\u00edg a munkahely biztons\u00e1ga (34%) egyre ink\u00e1bb kulcst\u00e9nyez\u0151nek sz\u00e1m\u00edt a szakemberek bevonz\u00e1s\u00e1ban. A v\u00e1llalatok \u00e1ltal aj\u00e1nlott b\u00e9ren k\u00edv\u00fcli juttat\u00e1sok k\u00f6z\u00fcl a home office vezeti a list\u00e1t: a c\u00e9gek 83%-a \u00e9l ezzel a lehet\u0151s\u00e9ggel, d\u00f6nt\u0151en a v\u00edrushelyzet hat\u00e1s\u00e1ra kialakul\u00f3 \u00faj munkaer\u0151piaci trendeknek megfelel\u0151en..A kutat\u00e1sban azt is vizsg\u00e1lt\u00e1k, hogy az otthoni munkav\u00e9gz\u00e9s mennyire v\u00e1lhat val\u00f3ban az \u00faj norm\u00e1v\u00e1 a v\u00edrus elvonul\u00e1s\u00e1t k\u00f6vet\u0151 id\u0151szakban. A v\u00e1laszad\u00f3k 37%-a heti 1-2 nap, 22%-a 3-4 nap erej\u00e9ig enged\u00e9lyezn\u00e9 hosszabb t\u00e1von is az otthoni munk\u00e1t, azonban csak 5% nyitott arra, hogy teljesen t\u00e1vmunk\u00e1ra v\u00e1ltson, illetve a v\u00e1llalatok kicsivel t\u00f6bb mint tizede \u00e1llna vissza a teljes irodai vagy munkahelyi l\u00e9tre.<\/p>\n<p>Forr\u00e1s: portfolio.hu<\/p>\n","protected":false},"excerpt":{"rendered":"<p>A Randstad HR Trends Survey 2021 kutat\u00e1sban megk\u00e9rdezett szakemberek szerint \u00e9rezhet\u0151 volt szektorukban a j\u00e1rv\u00e1nyhelyzet hat\u00e1s\u00e1ra bek\u00f6vetkezett visszaes\u00e9s, azonban 2021-re bizakod\u00f3ak a c\u00e9gek. A d\u00f6nt\u0151en k\u00f6z\u00e9p- \u00e9s nagyv\u00e1llalatokn\u00e1l dolgoz\u00f3, megk\u00e9rdezett hazai szakemberek optimist\u00e1k c\u00e9g\u00fck idei \u00fczleti teljes\u00edtm\u00e9ny\u00e9vel kapcsolatban, k\u00f6zel 40%-uk szerint a forgalmuk m\u00e9g 2021-ben el\u00e9ri a j\u00e1rv\u00e1ny el\u0151tti szintet \u2013 der\u00fcl ki a Randstad [&hellip;]<\/p>\n","protected":false},"author":1,"featured_media":2943,"comment_status":"open","ping_status":"open","sticky":false,"template":"","format":"standard","meta":{"_monsterinsights_skip_tracking":false,"footnotes":""},"categories":[200],"tags":[],"class_list":["post-4623","post","type-post","status-publish","format-standard","has-post-thumbnail","hentry","category-munkaeropiac"],"aioseo_notices":[],"aioseo_head":"\n\t\t<!-- All in One SEO 5.0.0.1 - aioseo.com -->\n\t<meta name=\"description\" content=\"A Randstad HR Trends Survey 2021 kutat\u00e1sban megk\u00e9rdezett szakemberek szerint \u00e9rezhet\u0151 volt szektorukban a j\u00e1rv\u00e1nyhelyzet hat\u00e1s\u00e1ra bek\u00f6vetkezett visszaes\u00e9s, azonban 2021-re bizakod\u00f3ak a c\u00e9gek. A d\u00f6nt\u0151en k\u00f6z\u00e9p- \u00e9s nagyv\u00e1llalatokn\u00e1l dolgoz\u00f3, megk\u00e9rdezett hazai szakemberek optimist\u00e1k c\u00e9g\u00fck idei \u00fczleti teljes\u00edtm\u00e9ny\u00e9vel kapcsolatban, k\u00f6zel 40%-uk szerint a forgalmuk m\u00e9g 2021-ben el\u00e9ri a j\u00e1rv\u00e1ny el\u0151tti szintet \u2013 der\u00fcl ki a Randstad\" \/>\n\t<meta name=\"robots\" content=\"max-image-preview:large\" \/>\n\t<meta name=\"author\" content=\"Juh\u00e1sz P\u00e9ter\"\/>\n\t<link rel=\"canonical\" href=\"https:\/\/allasorias.hu\/hirek\/bizakodoak-a-cegek\/\" \/>\n\t<meta name=\"generator\" content=\"All in One SEO (AIOSEO) 5.0.0.1\" \/>\n\t\t<meta property=\"og:locale\" content=\"hu_HU\" \/>\n\t\t<meta property=\"og:site_name\" content=\"AllasOrias.hu | H\u00edrek-lapszemle | \u00dczleti h\u00edrek az \u00e1ll\u00e1s \u00e9s a munka vil\u00e1g\u00e1b\u00f3l\" \/>\n\t\t<meta property=\"og:type\" content=\"article\" \/>\n\t\t<meta property=\"og:title\" content=\"Bizakod\u00f3ak a c\u00e9gek | AllasOrias.hu | H\u00edrek-lapszemle\" \/>\n\t\t<meta property=\"og:description\" content=\"A Randstad HR Trends Survey 2021 kutat\u00e1sban megk\u00e9rdezett szakemberek szerint \u00e9rezhet\u0151 volt szektorukban a j\u00e1rv\u00e1nyhelyzet hat\u00e1s\u00e1ra bek\u00f6vetkezett visszaes\u00e9s, azonban 2021-re bizakod\u00f3ak a c\u00e9gek. A d\u00f6nt\u0151en k\u00f6z\u00e9p- \u00e9s nagyv\u00e1llalatokn\u00e1l dolgoz\u00f3, megk\u00e9rdezett hazai szakemberek optimist\u00e1k c\u00e9g\u00fck idei \u00fczleti teljes\u00edtm\u00e9ny\u00e9vel kapcsolatban, k\u00f6zel 40%-uk szerint a forgalmuk m\u00e9g 2021-ben el\u00e9ri a j\u00e1rv\u00e1ny el\u0151tti szintet \u2013 der\u00fcl ki a Randstad\" \/>\n\t\t<meta property=\"og:url\" content=\"https:\/\/allasorias.hu\/hirek\/bizakodoak-a-cegek\/\" \/>\n\t\t<meta property=\"og:image\" content=\"https:\/\/allasorias.hu\/hirek\/wp-content\/uploads\/2019\/05\/success.jpg\" \/>\n\t\t<meta property=\"og:image:secure_url\" content=\"https:\/\/allasorias.hu\/hirek\/wp-content\/uploads\/2019\/05\/success.jpg\" \/>\n\t\t<meta property=\"og:image:width\" content=\"640\" \/>\n\t\t<meta property=\"og:image:height\" content=\"423\" \/>\n\t\t<meta property=\"article:published_time\" content=\"2021-03-04T08:14:46+00:00\" \/>\n\t\t<meta property=\"article:modified_time\" content=\"2021-03-04T08:14:46+00:00\" \/>\n\t\t<meta property=\"article:publisher\" content=\"https:\/\/www.facebook.com\/allasorias\" \/>\n\t\t<meta name=\"twitter:card\" content=\"summary_large_image\" \/>\n\t\t<meta name=\"twitter:title\" content=\"Bizakod\u00f3ak a c\u00e9gek | AllasOrias.hu | H\u00edrek-lapszemle\" \/>\n\t\t<meta name=\"twitter:description\" content=\"A Randstad HR Trends Survey 2021 kutat\u00e1sban megk\u00e9rdezett szakemberek szerint \u00e9rezhet\u0151 volt szektorukban a j\u00e1rv\u00e1nyhelyzet hat\u00e1s\u00e1ra bek\u00f6vetkezett visszaes\u00e9s, azonban 2021-re bizakod\u00f3ak a c\u00e9gek. A d\u00f6nt\u0151en k\u00f6z\u00e9p- \u00e9s nagyv\u00e1llalatokn\u00e1l dolgoz\u00f3, megk\u00e9rdezett hazai szakemberek optimist\u00e1k c\u00e9g\u00fck idei \u00fczleti teljes\u00edtm\u00e9ny\u00e9vel kapcsolatban, k\u00f6zel 40%-uk szerint a forgalmuk m\u00e9g 2021-ben el\u00e9ri a j\u00e1rv\u00e1ny el\u0151tti szintet \u2013 der\u00fcl ki a Randstad\" \/>\n\t\t<meta name=\"twitter:image\" content=\"https:\/\/allasorias.hu\/hirek\/wp-content\/uploads\/2019\/05\/success.jpg\" \/>\n\t\t<meta name=\"twitter:label1\" content=\"Written by\" \/>\n\t\t<meta name=\"twitter:data1\" content=\"Juh\u00e1sz P\u00e9ter\" \/>\n\t\t<meta name=\"twitter:label2\" content=\"Est. reading time\" \/>\n\t\t<meta name=\"twitter:data2\" content=\"3 minutes\" \/>\n\t\t<script type=\"application\/ld+json\" class=\"aioseo-schema\">\n\t\t\t{\"@context\":\"https:\\\/\\\/schema.org\",\"@graph\":[{\"@type\":\"Article\",\"@id\":\"https:\\\/\\\/allasorias.hu\\\/hirek\\\/bizakodoak-a-cegek\\\/#article\",\"name\":\"Bizakod\\u00f3ak a c\\u00e9gek | AllasOrias.hu | H\\u00edrek-lapszemle\",\"headline\":\"Bizakod\\u00f3ak a c\\u00e9gek\",\"author\":{\"@id\":\"https:\\\/\\\/allasorias.hu\\\/hirek\\\/author\\\/admin-allasorias\\\/#author\"},\"publisher\":{\"@id\":\"https:\\\/\\\/allasorias.hu\\\/hirek\\\/#organization\"},\"image\":{\"@type\":\"ImageObject\",\"url\":\"https:\\\/\\\/allasorias.hu\\\/hirek\\\/wp-content\\\/uploads\\\/2019\\\/05\\\/success.jpg\",\"width\":640,\"height\":423},\"datePublished\":\"2021-03-04T08:14:46+02:00\",\"dateModified\":\"2021-03-04T08:14:46+02:00\",\"inLanguage\":\"hu-HU\",\"mainEntityOfPage\":{\"@id\":\"https:\\\/\\\/allasorias.hu\\\/hirek\\\/bizakodoak-a-cegek\\\/#webpage\"},\"isPartOf\":{\"@id\":\"https:\\\/\\\/allasorias.hu\\\/hirek\\\/bizakodoak-a-cegek\\\/#webpage\"},\"articleSection\":\"Munkaer\\u0151piac\"},{\"@type\":\"BreadcrumbList\",\"@id\":\"https:\\\/\\\/allasorias.hu\\\/hirek\\\/bizakodoak-a-cegek\\\/#breadcrumblist\",\"itemListElement\":[{\"@type\":\"ListItem\",\"@id\":\"https:\\\/\\\/allasorias.hu\\\/hirek#listItem\",\"position\":1,\"name\":\"Home\",\"item\":\"https:\\\/\\\/allasorias.hu\\\/hirek\",\"nextItem\":{\"@type\":\"ListItem\",\"@id\":\"https:\\\/\\\/allasorias.hu\\\/hirek\\\/temak\\\/munkaeropiac\\\/#listItem\",\"name\":\"Munkaer\\u0151piac\"}},{\"@type\":\"ListItem\",\"@id\":\"https:\\\/\\\/allasorias.hu\\\/hirek\\\/temak\\\/munkaeropiac\\\/#listItem\",\"position\":2,\"name\":\"Munkaer\\u0151piac\",\"item\":\"https:\\\/\\\/allasorias.hu\\\/hirek\\\/temak\\\/munkaeropiac\\\/\",\"nextItem\":{\"@type\":\"ListItem\",\"@id\":\"https:\\\/\\\/allasorias.hu\\\/hirek\\\/bizakodoak-a-cegek\\\/#listItem\",\"name\":\"Bizakod\\u00f3ak a c\\u00e9gek\"},\"previousItem\":{\"@type\":\"ListItem\",\"@id\":\"https:\\\/\\\/allasorias.hu\\\/hirek#listItem\",\"name\":\"Home\"}},{\"@type\":\"ListItem\",\"@id\":\"https:\\\/\\\/allasorias.hu\\\/hirek\\\/bizakodoak-a-cegek\\\/#listItem\",\"position\":3,\"name\":\"Bizakod\\u00f3ak a c\\u00e9gek\",\"previousItem\":{\"@type\":\"ListItem\",\"@id\":\"https:\\\/\\\/allasorias.hu\\\/hirek\\\/temak\\\/munkaeropiac\\\/#listItem\",\"name\":\"Munkaer\\u0151piac\"}}]},{\"@type\":\"Organization\",\"@id\":\"https:\\\/\\\/allasorias.hu\\\/hirek\\\/#organization\",\"name\":\"AllasOrias.hu | H\\u00edrek-lapszemle\",\"description\":\"\\u00dczleti h\\u00edrek az \\u00e1ll\\u00e1s \\u00e9s a munka vil\\u00e1g\\u00e1b\\u00f3l\",\"url\":\"https:\\\/\\\/allasorias.hu\\\/hirek\\\/\",\"logo\":{\"@type\":\"ImageObject\",\"url\":\"https:\\\/\\\/allasorias.hu\\\/hirek\\\/wp-content\\\/uploads\\\/2022\\\/10\\\/allasorias_site_facebok_logo.png\",\"@id\":\"https:\\\/\\\/allasorias.hu\\\/hirek\\\/bizakodoak-a-cegek\\\/#organizationLogo\"},\"image\":{\"@id\":\"https:\\\/\\\/allasorias.hu\\\/hirek\\\/bizakodoak-a-cegek\\\/#organizationLogo\"},\"sameAs\":[\"https:\\\/\\\/www.facebook.com\\\/allasorias\",\"https:\\\/\\\/www.linkedin.com\\\/company\\\/allasorias\"]},{\"@type\":\"Person\",\"@id\":\"https:\\\/\\\/allasorias.hu\\\/hirek\\\/author\\\/admin-allasorias\\\/#author\",\"url\":\"https:\\\/\\\/allasorias.hu\\\/hirek\\\/author\\\/admin-allasorias\\\/\",\"name\":\"Juh\\u00e1sz P\\u00e9ter\",\"image\":{\"@type\":\"ImageObject\",\"@id\":\"https:\\\/\\\/allasorias.hu\\\/hirek\\\/bizakodoak-a-cegek\\\/#authorImage\",\"url\":\"https:\\\/\\\/secure.gravatar.com\\\/avatar\\\/36e6bcb83148978b992977cb0f54d22feb0cce8a0a849a9410532bb2623ba4c6?s=96&d=mm&r=g\",\"width\":96,\"height\":96,\"caption\":\"Juh\\u00e1sz P\\u00e9ter\"}},{\"@type\":\"WebPage\",\"@id\":\"https:\\\/\\\/allasorias.hu\\\/hirek\\\/bizakodoak-a-cegek\\\/#webpage\",\"url\":\"https:\\\/\\\/allasorias.hu\\\/hirek\\\/bizakodoak-a-cegek\\\/\",\"name\":\"Bizakod\\u00f3ak a c\\u00e9gek | AllasOrias.hu | H\\u00edrek-lapszemle\",\"description\":\"A Randstad HR Trends Survey 2021 kutat\\u00e1sban megk\\u00e9rdezett szakemberek szerint \\u00e9rezhet\\u0151 volt szektorukban a j\\u00e1rv\\u00e1nyhelyzet hat\\u00e1s\\u00e1ra bek\\u00f6vetkezett visszaes\\u00e9s, azonban 2021-re bizakod\\u00f3ak a c\\u00e9gek. A d\\u00f6nt\\u0151en k\\u00f6z\\u00e9p- \\u00e9s nagyv\\u00e1llalatokn\\u00e1l dolgoz\\u00f3, megk\\u00e9rdezett hazai szakemberek optimist\\u00e1k c\\u00e9g\\u00fck idei \\u00fczleti teljes\\u00edtm\\u00e9ny\\u00e9vel kapcsolatban, k\\u00f6zel 40%-uk szerint a forgalmuk m\\u00e9g 2021-ben el\\u00e9ri a j\\u00e1rv\\u00e1ny el\\u0151tti szintet \\u2013 der\\u00fcl ki a Randstad\",\"inLanguage\":\"hu-HU\",\"isPartOf\":{\"@id\":\"https:\\\/\\\/allasorias.hu\\\/hirek\\\/#website\"},\"breadcrumb\":{\"@id\":\"https:\\\/\\\/allasorias.hu\\\/hirek\\\/bizakodoak-a-cegek\\\/#breadcrumblist\"},\"author\":{\"@id\":\"https:\\\/\\\/allasorias.hu\\\/hirek\\\/author\\\/admin-allasorias\\\/#author\"},\"creator\":{\"@id\":\"https:\\\/\\\/allasorias.hu\\\/hirek\\\/author\\\/admin-allasorias\\\/#author\"},\"image\":{\"@type\":\"ImageObject\",\"url\":\"https:\\\/\\\/allasorias.hu\\\/hirek\\\/wp-content\\\/uploads\\\/2019\\\/05\\\/success.jpg\",\"@id\":\"https:\\\/\\\/allasorias.hu\\\/hirek\\\/bizakodoak-a-cegek\\\/#mainImage\",\"width\":640,\"height\":423},\"primaryImageOfPage\":{\"@id\":\"https:\\\/\\\/allasorias.hu\\\/hirek\\\/bizakodoak-a-cegek\\\/#mainImage\"},\"datePublished\":\"2021-03-04T08:14:46+02:00\",\"dateModified\":\"2021-03-04T08:14:46+02:00\"},{\"@type\":\"WebSite\",\"@id\":\"https:\\\/\\\/allasorias.hu\\\/hirek\\\/#website\",\"url\":\"https:\\\/\\\/allasorias.hu\\\/hirek\\\/\",\"name\":\"AllasOrias.hu | H\\u00edrek-lapszemle\",\"description\":\"\\u00dczleti h\\u00edrek az \\u00e1ll\\u00e1s \\u00e9s a munka vil\\u00e1g\\u00e1b\\u00f3l\",\"inLanguage\":\"hu-HU\",\"publisher\":{\"@id\":\"https:\\\/\\\/allasorias.hu\\\/hirek\\\/#organization\"}}]}\n\t\t<\/script>\n\t\t<!-- All in One SEO -->\n\n","aioseo_head_json":{"title":"Bizakod\u00f3ak a c\u00e9gek | AllasOrias.hu | H\u00edrek-lapszemle","description":"A Randstad HR Trends Survey 2021 kutat\u00e1sban megk\u00e9rdezett szakemberek szerint \u00e9rezhet\u0151 volt szektorukban a j\u00e1rv\u00e1nyhelyzet hat\u00e1s\u00e1ra bek\u00f6vetkezett visszaes\u00e9s, azonban 2021-re bizakod\u00f3ak a c\u00e9gek. A d\u00f6nt\u0151en k\u00f6z\u00e9p- \u00e9s nagyv\u00e1llalatokn\u00e1l dolgoz\u00f3, megk\u00e9rdezett hazai szakemberek optimist\u00e1k c\u00e9g\u00fck idei \u00fczleti teljes\u00edtm\u00e9ny\u00e9vel kapcsolatban, k\u00f6zel 40%-uk szerint a forgalmuk m\u00e9g 2021-ben el\u00e9ri a j\u00e1rv\u00e1ny el\u0151tti szintet \u2013 der\u00fcl ki a Randstad","canonical_url":"https:\/\/allasorias.hu\/hirek\/bizakodoak-a-cegek\/","robots":"max-image-preview:large","keywords":"","webmasterTools":{"miscellaneous":""},"schema":{"@context":"https:\/\/schema.org","@graph":[{"@type":"Article","@id":"https:\/\/allasorias.hu\/hirek\/bizakodoak-a-cegek\/#article","name":"Bizakod\u00f3ak a c\u00e9gek | AllasOrias.hu | H\u00edrek-lapszemle","headline":"Bizakod\u00f3ak a c\u00e9gek","author":{"@id":"https:\/\/allasorias.hu\/hirek\/author\/admin-allasorias\/#author"},"publisher":{"@id":"https:\/\/allasorias.hu\/hirek\/#organization"},"image":{"@type":"ImageObject","url":"https:\/\/allasorias.hu\/hirek\/wp-content\/uploads\/2019\/05\/success.jpg","width":640,"height":423},"datePublished":"2021-03-04T08:14:46+02:00","dateModified":"2021-03-04T08:14:46+02:00","inLanguage":"hu-HU","mainEntityOfPage":{"@id":"https:\/\/allasorias.hu\/hirek\/bizakodoak-a-cegek\/#webpage"},"isPartOf":{"@id":"https:\/\/allasorias.hu\/hirek\/bizakodoak-a-cegek\/#webpage"},"articleSection":"Munkaer\u0151piac"},{"@type":"BreadcrumbList","@id":"https:\/\/allasorias.hu\/hirek\/bizakodoak-a-cegek\/#breadcrumblist","itemListElement":[{"@type":"ListItem","@id":"https:\/\/allasorias.hu\/hirek#listItem","position":1,"name":"Home","item":"https:\/\/allasorias.hu\/hirek","nextItem":{"@type":"ListItem","@id":"https:\/\/allasorias.hu\/hirek\/temak\/munkaeropiac\/#listItem","name":"Munkaer\u0151piac"}},{"@type":"ListItem","@id":"https:\/\/allasorias.hu\/hirek\/temak\/munkaeropiac\/#listItem","position":2,"name":"Munkaer\u0151piac","item":"https:\/\/allasorias.hu\/hirek\/temak\/munkaeropiac\/","nextItem":{"@type":"ListItem","@id":"https:\/\/allasorias.hu\/hirek\/bizakodoak-a-cegek\/#listItem","name":"Bizakod\u00f3ak a c\u00e9gek"},"previousItem":{"@type":"ListItem","@id":"https:\/\/allasorias.hu\/hirek#listItem","name":"Home"}},{"@type":"ListItem","@id":"https:\/\/allasorias.hu\/hirek\/bizakodoak-a-cegek\/#listItem","position":3,"name":"Bizakod\u00f3ak a c\u00e9gek","previousItem":{"@type":"ListItem","@id":"https:\/\/allasorias.hu\/hirek\/temak\/munkaeropiac\/#listItem","name":"Munkaer\u0151piac"}}]},{"@type":"Organization","@id":"https:\/\/allasorias.hu\/hirek\/#organization","name":"AllasOrias.hu | H\u00edrek-lapszemle","description":"\u00dczleti h\u00edrek az \u00e1ll\u00e1s \u00e9s a munka vil\u00e1g\u00e1b\u00f3l","url":"https:\/\/allasorias.hu\/hirek\/","logo":{"@type":"ImageObject","url":"https:\/\/allasorias.hu\/hirek\/wp-content\/uploads\/2022\/10\/allasorias_site_facebok_logo.png","@id":"https:\/\/allasorias.hu\/hirek\/bizakodoak-a-cegek\/#organizationLogo"},"image":{"@id":"https:\/\/allasorias.hu\/hirek\/bizakodoak-a-cegek\/#organizationLogo"},"sameAs":["https:\/\/www.facebook.com\/allasorias","https:\/\/www.linkedin.com\/company\/allasorias"]},{"@type":"Person","@id":"https:\/\/allasorias.hu\/hirek\/author\/admin-allasorias\/#author","url":"https:\/\/allasorias.hu\/hirek\/author\/admin-allasorias\/","name":"Juh\u00e1sz P\u00e9ter","image":{"@type":"ImageObject","@id":"https:\/\/allasorias.hu\/hirek\/bizakodoak-a-cegek\/#authorImage","url":"https:\/\/secure.gravatar.com\/avatar\/36e6bcb83148978b992977cb0f54d22feb0cce8a0a849a9410532bb2623ba4c6?s=96&d=mm&r=g","width":96,"height":96,"caption":"Juh\u00e1sz P\u00e9ter"}},{"@type":"WebPage","@id":"https:\/\/allasorias.hu\/hirek\/bizakodoak-a-cegek\/#webpage","url":"https:\/\/allasorias.hu\/hirek\/bizakodoak-a-cegek\/","name":"Bizakod\u00f3ak a c\u00e9gek | AllasOrias.hu | H\u00edrek-lapszemle","description":"A Randstad HR Trends Survey 2021 kutat\u00e1sban megk\u00e9rdezett szakemberek szerint \u00e9rezhet\u0151 volt szektorukban a j\u00e1rv\u00e1nyhelyzet hat\u00e1s\u00e1ra bek\u00f6vetkezett visszaes\u00e9s, azonban 2021-re bizakod\u00f3ak a c\u00e9gek. A d\u00f6nt\u0151en k\u00f6z\u00e9p- \u00e9s nagyv\u00e1llalatokn\u00e1l dolgoz\u00f3, megk\u00e9rdezett hazai szakemberek optimist\u00e1k c\u00e9g\u00fck idei \u00fczleti teljes\u00edtm\u00e9ny\u00e9vel kapcsolatban, k\u00f6zel 40%-uk szerint a forgalmuk m\u00e9g 2021-ben el\u00e9ri a j\u00e1rv\u00e1ny el\u0151tti szintet \u2013 der\u00fcl ki a Randstad","inLanguage":"hu-HU","isPartOf":{"@id":"https:\/\/allasorias.hu\/hirek\/#website"},"breadcrumb":{"@id":"https:\/\/allasorias.hu\/hirek\/bizakodoak-a-cegek\/#breadcrumblist"},"author":{"@id":"https:\/\/allasorias.hu\/hirek\/author\/admin-allasorias\/#author"},"creator":{"@id":"https:\/\/allasorias.hu\/hirek\/author\/admin-allasorias\/#author"},"image":{"@type":"ImageObject","url":"https:\/\/allasorias.hu\/hirek\/wp-content\/uploads\/2019\/05\/success.jpg","@id":"https:\/\/allasorias.hu\/hirek\/bizakodoak-a-cegek\/#mainImage","width":640,"height":423},"primaryImageOfPage":{"@id":"https:\/\/allasorias.hu\/hirek\/bizakodoak-a-cegek\/#mainImage"},"datePublished":"2021-03-04T08:14:46+02:00","dateModified":"2021-03-04T08:14:46+02:00"},{"@type":"WebSite","@id":"https:\/\/allasorias.hu\/hirek\/#website","url":"https:\/\/allasorias.hu\/hirek\/","name":"AllasOrias.hu | H\u00edrek-lapszemle","description":"\u00dczleti h\u00edrek az \u00e1ll\u00e1s \u00e9s a munka vil\u00e1g\u00e1b\u00f3l","inLanguage":"hu-HU","publisher":{"@id":"https:\/\/allasorias.hu\/hirek\/#organization"}}]},"og:locale":"hu_HU","og:site_name":"AllasOrias.hu | H\u00edrek-lapszemle | \u00dczleti h\u00edrek az \u00e1ll\u00e1s \u00e9s a munka vil\u00e1g\u00e1b\u00f3l","og:type":"article","og:title":"Bizakod\u00f3ak a c\u00e9gek | AllasOrias.hu | H\u00edrek-lapszemle","og:description":"A Randstad HR Trends Survey 2021 kutat\u00e1sban megk\u00e9rdezett szakemberek szerint \u00e9rezhet\u0151 volt szektorukban a j\u00e1rv\u00e1nyhelyzet hat\u00e1s\u00e1ra bek\u00f6vetkezett visszaes\u00e9s, azonban 2021-re bizakod\u00f3ak a c\u00e9gek. A d\u00f6nt\u0151en k\u00f6z\u00e9p- \u00e9s nagyv\u00e1llalatokn\u00e1l dolgoz\u00f3, megk\u00e9rdezett hazai szakemberek optimist\u00e1k c\u00e9g\u00fck idei \u00fczleti teljes\u00edtm\u00e9ny\u00e9vel kapcsolatban, k\u00f6zel 40%-uk szerint a forgalmuk m\u00e9g 2021-ben el\u00e9ri a j\u00e1rv\u00e1ny el\u0151tti szintet \u2013 der\u00fcl ki a Randstad","og:url":"https:\/\/allasorias.hu\/hirek\/bizakodoak-a-cegek\/","og:image":"https:\/\/allasorias.hu\/hirek\/wp-content\/uploads\/2019\/05\/success.jpg","og:image:secure_url":"https:\/\/allasorias.hu\/hirek\/wp-content\/uploads\/2019\/05\/success.jpg","og:image:width":640,"og:image:height":423,"article:published_time":"2021-03-04T08:14:46+00:00","article:modified_time":"2021-03-04T08:14:46+00:00","article:publisher":"https:\/\/www.facebook.com\/allasorias","twitter:card":"summary_large_image","twitter:title":"Bizakod\u00f3ak a c\u00e9gek | AllasOrias.hu | H\u00edrek-lapszemle","twitter:description":"A Randstad HR Trends Survey 2021 kutat\u00e1sban megk\u00e9rdezett szakemberek szerint \u00e9rezhet\u0151 volt szektorukban a j\u00e1rv\u00e1nyhelyzet hat\u00e1s\u00e1ra bek\u00f6vetkezett visszaes\u00e9s, azonban 2021-re bizakod\u00f3ak a c\u00e9gek. A d\u00f6nt\u0151en k\u00f6z\u00e9p- \u00e9s nagyv\u00e1llalatokn\u00e1l dolgoz\u00f3, megk\u00e9rdezett hazai szakemberek optimist\u00e1k c\u00e9g\u00fck idei \u00fczleti teljes\u00edtm\u00e9ny\u00e9vel kapcsolatban, k\u00f6zel 40%-uk szerint a forgalmuk m\u00e9g 2021-ben el\u00e9ri a j\u00e1rv\u00e1ny el\u0151tti szintet \u2013 der\u00fcl ki a Randstad","twitter:image":"https:\/\/allasorias.hu\/hirek\/wp-content\/uploads\/2019\/05\/success.jpg","twitter:label1":"Written by","twitter:data1":"Juh\u00e1sz P\u00e9ter","twitter:label2":"Est. reading time","twitter:data2":"3 minutes"},"aioseo_meta_data":{"post_id":"4623","title":null,"description":null,"keywords":[],"keyphrases":{"focus":[],"additional":[]},"primary_term":null,"canonical_url":null,"og_title":null,"og_description":null,"og_object_type":"default","og_image_type":"default","og_image_url":null,"og_image_width":null,"og_image_height":null,"og_image_custom_url":null,"og_image_custom_fields":null,"og_video":"","og_custom_url":null,"og_article_section":null,"og_article_tags":[],"twitter_use_og":false,"twitter_card":"default","twitter_image_type":"default","twitter_image_url":null,"twitter_image_custom_url":null,"twitter_image_custom_fields":null,"twitter_title":null,"twitter_description":null,"schema":{"blockGraphs":[],"customGraphs":[],"default":{"data":{"Article":[],"Course":[],"Dataset":[],"FAQPage":[],"Movie":[],"Person":[],"Product":[],"ProductReview":[],"Car":[],"Recipe":[],"Service":[],"SoftwareApplication":[],"WebPage":[]},"graphName":"","isEnabled":true},"graphs":[],"defaultGraph":"","defaultPostTypeGraph":""},"schema_type":"none","schema_type_options":"{\"webPage\":{\"webPageType\":\"WebPage\"},\"article\":{\"articleType\":\"BlogPosting\"},\"book\":[],\"course\":[],\"event\":[],\"jobPosting\":[],\"music\":[],\"person\":[],\"product\":[],\"recipe\":[],\"restaurant\":[],\"service\":[],\"software\":[],\"video\":[]}","pillar_content":false,"robots_default":true,"robots_noindex":false,"robots_noarchive":false,"robots_nosnippet":false,"robots_nofollow":false,"robots_noimageindex":false,"robots_noodp":false,"robots_notranslate":false,"robots_max_snippet":"-1","robots_max_videopreview":"-1","robots_max_imagepreview":"large","priority":null,"frequency":"default","location":null,"local_seo":{"businessInfo":{"name":"","urls":{"website":"","aboutPage":"","contactPage":""},"address":{"line1":"","line2":"","zip":"","city":"","state":"","country":""},"contact":{"email":"","phone":"","fax":""},"ids":{"vatID":"","taxID":"","chamberID":""},"payment":{"priceIndication":"","currenciesAccepted":"","methodsAccepted":""},"areaServed":""},"openingHours":{"show":false,"closedLabel":"","open24h":false,"open24hLabel":"","open247":false,"use24hFormat":false,"twoSets":false,"timezone":"","hours":[]}},"breadcrumb_settings":null,"limit_modified_date":false,"ai":null,"created":"2021-03-04 07:40:22","updated":"2025-10-02 15:27:59","seo_analyzer_scan_date":null,"focus_keyword":null,"additional_keywords":null,"truseo_locale":null},"aioseo_breadcrumb":"<div class=\"aioseo-breadcrumbs\"><span class=\"aioseo-breadcrumb\">\n\t\t\t<a href=\"https:\/\/allasorias.hu\/hirek\" title=\"Home\">Home<\/a>\n\t\t<\/span><span class=\"aioseo-breadcrumb-separator\">&raquo;<\/span><span class=\"aioseo-breadcrumb\">\n\t\t\t<a href=\"https:\/\/allasorias.hu\/hirek\/temak\/munkaeropiac\/\" title=\"Munkaer\u0151piac\">Munkaer\u0151piac<\/a>\n\t\t<\/span><span class=\"aioseo-breadcrumb-separator\">&raquo;<\/span><span class=\"aioseo-breadcrumb\">\n\t\t\tBizakod\u00f3ak a c\u00e9gek\n\t\t<\/span><\/div>","aioseo_breadcrumb_json":[{"label":"Home","link":"https:\/\/allasorias.hu\/hirek"},{"label":"Munkaer\u0151piac","link":"https:\/\/allasorias.hu\/hirek\/temak\/munkaeropiac\/"},{"label":"Bizakod\u00f3ak a c\u00e9gek","link":"https:\/\/allasorias.hu\/hirek\/bizakodoak-a-cegek\/"}],"_links":{"self":[{"href":"https:\/\/allasorias.hu\/hirek\/wp-json\/wp\/v2\/posts\/4623","targetHints":{"allow":["GET"]}}],"collection":[{"href":"https:\/\/allasorias.hu\/hirek\/wp-json\/wp\/v2\/posts"}],"about":[{"href":"https:\/\/allasorias.hu\/hirek\/wp-json\/wp\/v2\/types\/post"}],"author":[{"embeddable":true,"href":"https:\/\/allasorias.hu\/hirek\/wp-json\/wp\/v2\/users\/1"}],"replies":[{"embeddable":true,"href":"https:\/\/allasorias.hu\/hirek\/wp-json\/wp\/v2\/comments?post=4623"}],"version-history":[{"count":1,"href":"https:\/\/allasorias.hu\/hirek\/wp-json\/wp\/v2\/posts\/4623\/revisions"}],"predecessor-version":[{"id":4624,"href":"https:\/\/allasorias.hu\/hirek\/wp-json\/wp\/v2\/posts\/4623\/revisions\/4624"}],"wp:featuredmedia":[{"embeddable":true,"href":"https:\/\/allasorias.hu\/hirek\/wp-json\/wp\/v2\/media\/2943"}],"wp:attachment":[{"href":"https:\/\/allasorias.hu\/hirek\/wp-json\/wp\/v2\/media?parent=4623"}],"wp:term":[{"taxonomy":"category","embeddable":true,"href":"https:\/\/allasorias.hu\/hirek\/wp-json\/wp\/v2\/categories?post=4623"},{"taxonomy":"post_tag","embeddable":true,"href":"https:\/\/allasorias.hu\/hirek\/wp-json\/wp\/v2\/tags?post=4623"}],"curies":[{"name":"wp","href":"https:\/\/api.w.org\/{rel}","templated":true}]}}