{"id":4620,"date":"2021-03-03T07:11:50","date_gmt":"2021-03-03T07:11:50","guid":{"rendered":"https:\/\/allasorias.hu\/hirek\/?p=4620"},"modified":"2021-03-03T07:11:50","modified_gmt":"2021-03-03T07:11:50","slug":"mar-tenyellenorok-is-munkaba-alltak","status":"publish","type":"post","link":"https:\/\/allasorias.hu\/hirek\/mar-tenyellenorok-is-munkaba-alltak\/","title":{"rendered":"M\u00e1r t\u00e9nyellen\u0151r\u00f6k is munk\u00e1ba \u00e1lltak"},"content":{"rendered":"<p><strong>T\u00e9nyellen\u0151r\u00f6k \u00e1lltak munk\u00e1ba haz\u00e1nkban \u00e9s Bulg\u00e1ri\u00e1ban. A megszaporodott \u00e1lh\u00edrek egyre nagyobb terjed\u00e9s\u00e9t szeretn\u00e9k megf\u00e9kezni. A t\u00e9nyellen\u0151r\u00f6k feladata, hogy ellen\u0151rizz\u00e9k a Facebookon megjelent posztok val\u00f3s\u00e1gtartalm\u00e1t. Kedden Magyarorsz\u00e1gon \u00e9s Bulg\u00e1ri\u00e1ban is elind\u00edtotta t\u00e9nyellen\u0151rz\u0151 (fact checker) szolg\u00e1ltat\u00e1s\u00e1t a Facebook &#8211; adta h\u00edr\u00fcl a 444.<\/strong><\/p>\n<p>A t\u00e9nyellen\u0151r\u00f6k feladata, \u00a0hogy ellen\u0151rizz\u00e9k a Facebookon megosztott h\u00edrek val\u00f3s\u00e1gtartalm\u00e1nak. Ha a t\u00e9nyellen\u0151r egy h\u00edrt eg\u00e9szben vagy r\u00e9szben hamisnak tal\u00e1l, cs\u00f6kkenti annak el\u00e9r\u00e9s\u00e9t, hogy kevesebb felhaszn\u00e1l\u00f3hoz jusson el. Ha egy posztot hamisnak min\u0151s\u00edtenek, arr\u00f3l a k\u00f6z\u00f6ss\u00e9gi oldal t\u00e1j\u00e9koztatja a felhaszn\u00e1l\u00f3kat. A haz\u00e1nkban \u00e9s Bulg\u00e1ri\u00e1ban munk\u00e1ba \u00e1llt t\u00e9nyellen\u0151r\u00f6k az AFP alkalmazottjai, akik a c\u00e9g \u00e1ll\u00e1shirdet\u00e9s\u00e9re jelentkezve kapt\u00e1k meg az \u00e1ll\u00e1st. A sajt\u00f3t\u00e1j\u00e9koztat\u00f3n elmondt\u00e1k, hogy egy magyar \u00e9s egy bolg\u00e1r t\u00e9nyellen\u0151r \u00e1llt munk\u00e1ba.<\/p>\n<p>Forr\u00e1s:\u00a0 444.hu<\/p>\n","protected":false},"excerpt":{"rendered":"<p>T\u00e9nyellen\u0151r\u00f6k \u00e1lltak munk\u00e1ba haz\u00e1nkban \u00e9s Bulg\u00e1ri\u00e1ban. A megszaporodott \u00e1lh\u00edrek egyre nagyobb terjed\u00e9s\u00e9t szeretn\u00e9k megf\u00e9kezni. A t\u00e9nyellen\u0151r\u00f6k feladata, hogy ellen\u0151rizz\u00e9k a Facebookon megjelent posztok val\u00f3s\u00e1gtartalm\u00e1t. Kedden Magyarorsz\u00e1gon \u00e9s Bulg\u00e1ri\u00e1ban is elind\u00edtotta t\u00e9nyellen\u0151rz\u0151 (fact checker) szolg\u00e1ltat\u00e1s\u00e1t a Facebook &#8211; adta h\u00edr\u00fcl a 444. A t\u00e9nyellen\u0151r\u00f6k feladata, \u00a0hogy ellen\u0151rizz\u00e9k a Facebookon megosztott h\u00edrek val\u00f3s\u00e1gtartalm\u00e1nak. Ha a t\u00e9nyellen\u0151r egy [&hellip;]<\/p>\n","protected":false},"author":1,"featured_media":4621,"comment_status":"open","ping_status":"open","sticky":false,"template":"","format":"standard","meta":{"_monsterinsights_skip_tracking":false,"footnotes":""},"categories":[198],"tags":[],"class_list":["post-4620","post","type-post","status-publish","format-standard","has-post-thumbnail","hentry","category-gazdasag"],"aioseo_notices":[],"aioseo_head":"\n\t\t<!-- All in One SEO 5.0.0.1 - aioseo.com -->\n\t<meta name=\"description\" content=\"T\u00e9nyellen\u0151r\u00f6k \u00e1lltak munk\u00e1ba haz\u00e1nkban \u00e9s Bulg\u00e1ri\u00e1ban. A megszaporodott \u00e1lh\u00edrek egyre nagyobb terjed\u00e9s\u00e9t szeretn\u00e9k megf\u00e9kezni. A t\u00e9nyellen\u0151r\u00f6k feladata, hogy ellen\u0151rizz\u00e9k a Facebookon megjelent posztok val\u00f3s\u00e1gtartalm\u00e1t. Kedden Magyarorsz\u00e1gon \u00e9s Bulg\u00e1ri\u00e1ban is elind\u00edtotta t\u00e9nyellen\u0151rz\u0151 (fact checker) szolg\u00e1ltat\u00e1s\u00e1t a Facebook - adta h\u00edr\u00fcl a 444. A t\u00e9nyellen\u0151r\u00f6k feladata, hogy ellen\u0151rizz\u00e9k a Facebookon megosztott h\u00edrek val\u00f3s\u00e1gtartalm\u00e1nak. Ha a t\u00e9nyellen\u0151r egy\" \/>\n\t<meta name=\"robots\" content=\"max-image-preview:large\" \/>\n\t<meta name=\"author\" content=\"Juh\u00e1sz P\u00e9ter\"\/>\n\t<link rel=\"canonical\" href=\"https:\/\/allasorias.hu\/hirek\/mar-tenyellenorok-is-munkaba-alltak\/\" \/>\n\t<meta name=\"generator\" content=\"All in One SEO (AIOSEO) 5.0.0.1\" \/>\n\t\t<meta property=\"og:locale\" content=\"hu_HU\" \/>\n\t\t<meta property=\"og:site_name\" content=\"AllasOrias.hu | H\u00edrek-lapszemle | \u00dczleti h\u00edrek az \u00e1ll\u00e1s \u00e9s a munka vil\u00e1g\u00e1b\u00f3l\" \/>\n\t\t<meta property=\"og:type\" content=\"article\" \/>\n\t\t<meta property=\"og:title\" content=\"M\u00e1r t\u00e9nyellen\u0151r\u00f6k is munk\u00e1ba \u00e1lltak | AllasOrias.hu | H\u00edrek-lapszemle\" \/>\n\t\t<meta property=\"og:description\" content=\"T\u00e9nyellen\u0151r\u00f6k \u00e1lltak munk\u00e1ba haz\u00e1nkban \u00e9s Bulg\u00e1ri\u00e1ban. A megszaporodott \u00e1lh\u00edrek egyre nagyobb terjed\u00e9s\u00e9t szeretn\u00e9k megf\u00e9kezni. A t\u00e9nyellen\u0151r\u00f6k feladata, hogy ellen\u0151rizz\u00e9k a Facebookon megjelent posztok val\u00f3s\u00e1gtartalm\u00e1t. Kedden Magyarorsz\u00e1gon \u00e9s Bulg\u00e1ri\u00e1ban is elind\u00edtotta t\u00e9nyellen\u0151rz\u0151 (fact checker) szolg\u00e1ltat\u00e1s\u00e1t a Facebook - adta h\u00edr\u00fcl a 444. A t\u00e9nyellen\u0151r\u00f6k feladata, hogy ellen\u0151rizz\u00e9k a Facebookon megosztott h\u00edrek val\u00f3s\u00e1gtartalm\u00e1nak. Ha a t\u00e9nyellen\u0151r egy\" \/>\n\t\t<meta property=\"og:url\" content=\"https:\/\/allasorias.hu\/hirek\/mar-tenyellenorok-is-munkaba-alltak\/\" \/>\n\t\t<meta property=\"og:image\" content=\"https:\/\/allasorias.hu\/hirek\/wp-content\/uploads\/2021\/03\/3161227.jpg\" \/>\n\t\t<meta property=\"og:image:secure_url\" content=\"https:\/\/allasorias.hu\/hirek\/wp-content\/uploads\/2021\/03\/3161227.jpg\" \/>\n\t\t<meta property=\"og:image:width\" content=\"1920\" \/>\n\t\t<meta property=\"og:image:height\" content=\"1280\" \/>\n\t\t<meta property=\"article:published_time\" content=\"2021-03-03T07:11:50+00:00\" \/>\n\t\t<meta property=\"article:modified_time\" content=\"2021-03-03T07:11:50+00:00\" \/>\n\t\t<meta property=\"article:publisher\" content=\"https:\/\/www.facebook.com\/allasorias\" \/>\n\t\t<meta name=\"twitter:card\" content=\"summary_large_image\" \/>\n\t\t<meta name=\"twitter:title\" content=\"M\u00e1r t\u00e9nyellen\u0151r\u00f6k is munk\u00e1ba \u00e1lltak | AllasOrias.hu | H\u00edrek-lapszemle\" \/>\n\t\t<meta name=\"twitter:description\" content=\"T\u00e9nyellen\u0151r\u00f6k \u00e1lltak munk\u00e1ba haz\u00e1nkban \u00e9s Bulg\u00e1ri\u00e1ban. A megszaporodott \u00e1lh\u00edrek egyre nagyobb terjed\u00e9s\u00e9t szeretn\u00e9k megf\u00e9kezni. A t\u00e9nyellen\u0151r\u00f6k feladata, hogy ellen\u0151rizz\u00e9k a Facebookon megjelent posztok val\u00f3s\u00e1gtartalm\u00e1t. Kedden Magyarorsz\u00e1gon \u00e9s Bulg\u00e1ri\u00e1ban is elind\u00edtotta t\u00e9nyellen\u0151rz\u0151 (fact checker) szolg\u00e1ltat\u00e1s\u00e1t a Facebook - adta h\u00edr\u00fcl a 444. A t\u00e9nyellen\u0151r\u00f6k feladata, hogy ellen\u0151rizz\u00e9k a Facebookon megosztott h\u00edrek val\u00f3s\u00e1gtartalm\u00e1nak. Ha a t\u00e9nyellen\u0151r egy\" \/>\n\t\t<meta name=\"twitter:image\" content=\"https:\/\/allasorias.hu\/hirek\/wp-content\/uploads\/2021\/03\/3161227.jpg\" \/>\n\t\t<meta name=\"twitter:label1\" content=\"Written by\" \/>\n\t\t<meta name=\"twitter:data1\" content=\"Juh\u00e1sz P\u00e9ter\" \/>\n\t\t<meta name=\"twitter:label2\" content=\"Est. reading time\" \/>\n\t\t<meta name=\"twitter:data2\" content=\"1 minute\" \/>\n\t\t<script type=\"application\/ld+json\" class=\"aioseo-schema\">\n\t\t\t{\"@context\":\"https:\\\/\\\/schema.org\",\"@graph\":[{\"@type\":\"Article\",\"@id\":\"https:\\\/\\\/allasorias.hu\\\/hirek\\\/mar-tenyellenorok-is-munkaba-alltak\\\/#article\",\"name\":\"M\\u00e1r t\\u00e9nyellen\\u0151r\\u00f6k is munk\\u00e1ba \\u00e1lltak | AllasOrias.hu | H\\u00edrek-lapszemle\",\"headline\":\"M\\u00e1r t\\u00e9nyellen\\u0151r\\u00f6k is munk\\u00e1ba \\u00e1lltak\",\"author\":{\"@id\":\"https:\\\/\\\/allasorias.hu\\\/hirek\\\/author\\\/admin-allasorias\\\/#author\"},\"publisher\":{\"@id\":\"https:\\\/\\\/allasorias.hu\\\/hirek\\\/#organization\"},\"image\":{\"@type\":\"ImageObject\",\"url\":\"https:\\\/\\\/allasorias.hu\\\/hirek\\\/wp-content\\\/uploads\\\/2021\\\/03\\\/3161227.jpg\",\"width\":1920,\"height\":1280},\"datePublished\":\"2021-03-03T07:11:50+02:00\",\"dateModified\":\"2021-03-03T07:11:50+02:00\",\"inLanguage\":\"hu-HU\",\"mainEntityOfPage\":{\"@id\":\"https:\\\/\\\/allasorias.hu\\\/hirek\\\/mar-tenyellenorok-is-munkaba-alltak\\\/#webpage\"},\"isPartOf\":{\"@id\":\"https:\\\/\\\/allasorias.hu\\\/hirek\\\/mar-tenyellenorok-is-munkaba-alltak\\\/#webpage\"},\"articleSection\":\"Gazdas\\u00e1g\"},{\"@type\":\"BreadcrumbList\",\"@id\":\"https:\\\/\\\/allasorias.hu\\\/hirek\\\/mar-tenyellenorok-is-munkaba-alltak\\\/#breadcrumblist\",\"itemListElement\":[{\"@type\":\"ListItem\",\"@id\":\"https:\\\/\\\/allasorias.hu\\\/hirek#listItem\",\"position\":1,\"name\":\"Home\",\"item\":\"https:\\\/\\\/allasorias.hu\\\/hirek\",\"nextItem\":{\"@type\":\"ListItem\",\"@id\":\"https:\\\/\\\/allasorias.hu\\\/hirek\\\/temak\\\/gazdasag\\\/#listItem\",\"name\":\"Gazdas\\u00e1g\"}},{\"@type\":\"ListItem\",\"@id\":\"https:\\\/\\\/allasorias.hu\\\/hirek\\\/temak\\\/gazdasag\\\/#listItem\",\"position\":2,\"name\":\"Gazdas\\u00e1g\",\"item\":\"https:\\\/\\\/allasorias.hu\\\/hirek\\\/temak\\\/gazdasag\\\/\",\"nextItem\":{\"@type\":\"ListItem\",\"@id\":\"https:\\\/\\\/allasorias.hu\\\/hirek\\\/mar-tenyellenorok-is-munkaba-alltak\\\/#listItem\",\"name\":\"M\\u00e1r t\\u00e9nyellen\\u0151r\\u00f6k is munk\\u00e1ba \\u00e1lltak\"},\"previousItem\":{\"@type\":\"ListItem\",\"@id\":\"https:\\\/\\\/allasorias.hu\\\/hirek#listItem\",\"name\":\"Home\"}},{\"@type\":\"ListItem\",\"@id\":\"https:\\\/\\\/allasorias.hu\\\/hirek\\\/mar-tenyellenorok-is-munkaba-alltak\\\/#listItem\",\"position\":3,\"name\":\"M\\u00e1r t\\u00e9nyellen\\u0151r\\u00f6k is munk\\u00e1ba \\u00e1lltak\",\"previousItem\":{\"@type\":\"ListItem\",\"@id\":\"https:\\\/\\\/allasorias.hu\\\/hirek\\\/temak\\\/gazdasag\\\/#listItem\",\"name\":\"Gazdas\\u00e1g\"}}]},{\"@type\":\"Organization\",\"@id\":\"https:\\\/\\\/allasorias.hu\\\/hirek\\\/#organization\",\"name\":\"AllasOrias.hu | H\\u00edrek-lapszemle\",\"description\":\"\\u00dczleti h\\u00edrek az \\u00e1ll\\u00e1s \\u00e9s a munka vil\\u00e1g\\u00e1b\\u00f3l\",\"url\":\"https:\\\/\\\/allasorias.hu\\\/hirek\\\/\",\"logo\":{\"@type\":\"ImageObject\",\"url\":\"https:\\\/\\\/allasorias.hu\\\/hirek\\\/wp-content\\\/uploads\\\/2022\\\/10\\\/allasorias_site_facebok_logo.png\",\"@id\":\"https:\\\/\\\/allasorias.hu\\\/hirek\\\/mar-tenyellenorok-is-munkaba-alltak\\\/#organizationLogo\"},\"image\":{\"@id\":\"https:\\\/\\\/allasorias.hu\\\/hirek\\\/mar-tenyellenorok-is-munkaba-alltak\\\/#organizationLogo\"},\"sameAs\":[\"https:\\\/\\\/www.facebook.com\\\/allasorias\",\"https:\\\/\\\/www.linkedin.com\\\/company\\\/allasorias\"]},{\"@type\":\"Person\",\"@id\":\"https:\\\/\\\/allasorias.hu\\\/hirek\\\/author\\\/admin-allasorias\\\/#author\",\"url\":\"https:\\\/\\\/allasorias.hu\\\/hirek\\\/author\\\/admin-allasorias\\\/\",\"name\":\"Juh\\u00e1sz P\\u00e9ter\",\"image\":{\"@type\":\"ImageObject\",\"@id\":\"https:\\\/\\\/allasorias.hu\\\/hirek\\\/mar-tenyellenorok-is-munkaba-alltak\\\/#authorImage\",\"url\":\"https:\\\/\\\/secure.gravatar.com\\\/avatar\\\/36e6bcb83148978b992977cb0f54d22feb0cce8a0a849a9410532bb2623ba4c6?s=96&d=mm&r=g\",\"width\":96,\"height\":96,\"caption\":\"Juh\\u00e1sz P\\u00e9ter\"}},{\"@type\":\"WebPage\",\"@id\":\"https:\\\/\\\/allasorias.hu\\\/hirek\\\/mar-tenyellenorok-is-munkaba-alltak\\\/#webpage\",\"url\":\"https:\\\/\\\/allasorias.hu\\\/hirek\\\/mar-tenyellenorok-is-munkaba-alltak\\\/\",\"name\":\"M\\u00e1r t\\u00e9nyellen\\u0151r\\u00f6k is munk\\u00e1ba \\u00e1lltak | AllasOrias.hu | H\\u00edrek-lapszemle\",\"description\":\"T\\u00e9nyellen\\u0151r\\u00f6k \\u00e1lltak munk\\u00e1ba haz\\u00e1nkban \\u00e9s Bulg\\u00e1ri\\u00e1ban. A megszaporodott \\u00e1lh\\u00edrek egyre nagyobb terjed\\u00e9s\\u00e9t szeretn\\u00e9k megf\\u00e9kezni. A t\\u00e9nyellen\\u0151r\\u00f6k feladata, hogy ellen\\u0151rizz\\u00e9k a Facebookon megjelent posztok val\\u00f3s\\u00e1gtartalm\\u00e1t. Kedden Magyarorsz\\u00e1gon \\u00e9s Bulg\\u00e1ri\\u00e1ban is elind\\u00edtotta t\\u00e9nyellen\\u0151rz\\u0151 (fact checker) szolg\\u00e1ltat\\u00e1s\\u00e1t a Facebook - adta h\\u00edr\\u00fcl a 444. A t\\u00e9nyellen\\u0151r\\u00f6k feladata, hogy ellen\\u0151rizz\\u00e9k a Facebookon megosztott h\\u00edrek val\\u00f3s\\u00e1gtartalm\\u00e1nak. Ha a t\\u00e9nyellen\\u0151r egy\",\"inLanguage\":\"hu-HU\",\"isPartOf\":{\"@id\":\"https:\\\/\\\/allasorias.hu\\\/hirek\\\/#website\"},\"breadcrumb\":{\"@id\":\"https:\\\/\\\/allasorias.hu\\\/hirek\\\/mar-tenyellenorok-is-munkaba-alltak\\\/#breadcrumblist\"},\"author\":{\"@id\":\"https:\\\/\\\/allasorias.hu\\\/hirek\\\/author\\\/admin-allasorias\\\/#author\"},\"creator\":{\"@id\":\"https:\\\/\\\/allasorias.hu\\\/hirek\\\/author\\\/admin-allasorias\\\/#author\"},\"image\":{\"@type\":\"ImageObject\",\"url\":\"https:\\\/\\\/allasorias.hu\\\/hirek\\\/wp-content\\\/uploads\\\/2021\\\/03\\\/3161227.jpg\",\"@id\":\"https:\\\/\\\/allasorias.hu\\\/hirek\\\/mar-tenyellenorok-is-munkaba-alltak\\\/#mainImage\",\"width\":1920,\"height\":1280},\"primaryImageOfPage\":{\"@id\":\"https:\\\/\\\/allasorias.hu\\\/hirek\\\/mar-tenyellenorok-is-munkaba-alltak\\\/#mainImage\"},\"datePublished\":\"2021-03-03T07:11:50+02:00\",\"dateModified\":\"2021-03-03T07:11:50+02:00\"},{\"@type\":\"WebSite\",\"@id\":\"https:\\\/\\\/allasorias.hu\\\/hirek\\\/#website\",\"url\":\"https:\\\/\\\/allasorias.hu\\\/hirek\\\/\",\"name\":\"AllasOrias.hu | H\\u00edrek-lapszemle\",\"description\":\"\\u00dczleti h\\u00edrek az \\u00e1ll\\u00e1s \\u00e9s a munka vil\\u00e1g\\u00e1b\\u00f3l\",\"inLanguage\":\"hu-HU\",\"publisher\":{\"@id\":\"https:\\\/\\\/allasorias.hu\\\/hirek\\\/#organization\"}}]}\n\t\t<\/script>\n\t\t<!-- All in One SEO -->\n\n","aioseo_head_json":{"title":"M\u00e1r t\u00e9nyellen\u0151r\u00f6k is munk\u00e1ba \u00e1lltak | AllasOrias.hu | H\u00edrek-lapszemle","description":"T\u00e9nyellen\u0151r\u00f6k \u00e1lltak munk\u00e1ba haz\u00e1nkban \u00e9s Bulg\u00e1ri\u00e1ban. A megszaporodott \u00e1lh\u00edrek egyre nagyobb terjed\u00e9s\u00e9t szeretn\u00e9k megf\u00e9kezni. A t\u00e9nyellen\u0151r\u00f6k feladata, hogy ellen\u0151rizz\u00e9k a Facebookon megjelent posztok val\u00f3s\u00e1gtartalm\u00e1t. Kedden Magyarorsz\u00e1gon \u00e9s Bulg\u00e1ri\u00e1ban is elind\u00edtotta t\u00e9nyellen\u0151rz\u0151 (fact checker) szolg\u00e1ltat\u00e1s\u00e1t a Facebook - adta h\u00edr\u00fcl a 444. A t\u00e9nyellen\u0151r\u00f6k feladata, hogy ellen\u0151rizz\u00e9k a Facebookon megosztott h\u00edrek val\u00f3s\u00e1gtartalm\u00e1nak. Ha a t\u00e9nyellen\u0151r egy","canonical_url":"https:\/\/allasorias.hu\/hirek\/mar-tenyellenorok-is-munkaba-alltak\/","robots":"max-image-preview:large","keywords":"","webmasterTools":{"miscellaneous":""},"schema":{"@context":"https:\/\/schema.org","@graph":[{"@type":"Article","@id":"https:\/\/allasorias.hu\/hirek\/mar-tenyellenorok-is-munkaba-alltak\/#article","name":"M\u00e1r t\u00e9nyellen\u0151r\u00f6k is munk\u00e1ba \u00e1lltak | AllasOrias.hu | H\u00edrek-lapszemle","headline":"M\u00e1r t\u00e9nyellen\u0151r\u00f6k is munk\u00e1ba \u00e1lltak","author":{"@id":"https:\/\/allasorias.hu\/hirek\/author\/admin-allasorias\/#author"},"publisher":{"@id":"https:\/\/allasorias.hu\/hirek\/#organization"},"image":{"@type":"ImageObject","url":"https:\/\/allasorias.hu\/hirek\/wp-content\/uploads\/2021\/03\/3161227.jpg","width":1920,"height":1280},"datePublished":"2021-03-03T07:11:50+02:00","dateModified":"2021-03-03T07:11:50+02:00","inLanguage":"hu-HU","mainEntityOfPage":{"@id":"https:\/\/allasorias.hu\/hirek\/mar-tenyellenorok-is-munkaba-alltak\/#webpage"},"isPartOf":{"@id":"https:\/\/allasorias.hu\/hirek\/mar-tenyellenorok-is-munkaba-alltak\/#webpage"},"articleSection":"Gazdas\u00e1g"},{"@type":"BreadcrumbList","@id":"https:\/\/allasorias.hu\/hirek\/mar-tenyellenorok-is-munkaba-alltak\/#breadcrumblist","itemListElement":[{"@type":"ListItem","@id":"https:\/\/allasorias.hu\/hirek#listItem","position":1,"name":"Home","item":"https:\/\/allasorias.hu\/hirek","nextItem":{"@type":"ListItem","@id":"https:\/\/allasorias.hu\/hirek\/temak\/gazdasag\/#listItem","name":"Gazdas\u00e1g"}},{"@type":"ListItem","@id":"https:\/\/allasorias.hu\/hirek\/temak\/gazdasag\/#listItem","position":2,"name":"Gazdas\u00e1g","item":"https:\/\/allasorias.hu\/hirek\/temak\/gazdasag\/","nextItem":{"@type":"ListItem","@id":"https:\/\/allasorias.hu\/hirek\/mar-tenyellenorok-is-munkaba-alltak\/#listItem","name":"M\u00e1r t\u00e9nyellen\u0151r\u00f6k is munk\u00e1ba \u00e1lltak"},"previousItem":{"@type":"ListItem","@id":"https:\/\/allasorias.hu\/hirek#listItem","name":"Home"}},{"@type":"ListItem","@id":"https:\/\/allasorias.hu\/hirek\/mar-tenyellenorok-is-munkaba-alltak\/#listItem","position":3,"name":"M\u00e1r t\u00e9nyellen\u0151r\u00f6k is munk\u00e1ba \u00e1lltak","previousItem":{"@type":"ListItem","@id":"https:\/\/allasorias.hu\/hirek\/temak\/gazdasag\/#listItem","name":"Gazdas\u00e1g"}}]},{"@type":"Organization","@id":"https:\/\/allasorias.hu\/hirek\/#organization","name":"AllasOrias.hu | H\u00edrek-lapszemle","description":"\u00dczleti h\u00edrek az \u00e1ll\u00e1s \u00e9s a munka vil\u00e1g\u00e1b\u00f3l","url":"https:\/\/allasorias.hu\/hirek\/","logo":{"@type":"ImageObject","url":"https:\/\/allasorias.hu\/hirek\/wp-content\/uploads\/2022\/10\/allasorias_site_facebok_logo.png","@id":"https:\/\/allasorias.hu\/hirek\/mar-tenyellenorok-is-munkaba-alltak\/#organizationLogo"},"image":{"@id":"https:\/\/allasorias.hu\/hirek\/mar-tenyellenorok-is-munkaba-alltak\/#organizationLogo"},"sameAs":["https:\/\/www.facebook.com\/allasorias","https:\/\/www.linkedin.com\/company\/allasorias"]},{"@type":"Person","@id":"https:\/\/allasorias.hu\/hirek\/author\/admin-allasorias\/#author","url":"https:\/\/allasorias.hu\/hirek\/author\/admin-allasorias\/","name":"Juh\u00e1sz P\u00e9ter","image":{"@type":"ImageObject","@id":"https:\/\/allasorias.hu\/hirek\/mar-tenyellenorok-is-munkaba-alltak\/#authorImage","url":"https:\/\/secure.gravatar.com\/avatar\/36e6bcb83148978b992977cb0f54d22feb0cce8a0a849a9410532bb2623ba4c6?s=96&d=mm&r=g","width":96,"height":96,"caption":"Juh\u00e1sz P\u00e9ter"}},{"@type":"WebPage","@id":"https:\/\/allasorias.hu\/hirek\/mar-tenyellenorok-is-munkaba-alltak\/#webpage","url":"https:\/\/allasorias.hu\/hirek\/mar-tenyellenorok-is-munkaba-alltak\/","name":"M\u00e1r t\u00e9nyellen\u0151r\u00f6k is munk\u00e1ba \u00e1lltak | AllasOrias.hu | H\u00edrek-lapszemle","description":"T\u00e9nyellen\u0151r\u00f6k \u00e1lltak munk\u00e1ba haz\u00e1nkban \u00e9s Bulg\u00e1ri\u00e1ban. A megszaporodott \u00e1lh\u00edrek egyre nagyobb terjed\u00e9s\u00e9t szeretn\u00e9k megf\u00e9kezni. A t\u00e9nyellen\u0151r\u00f6k feladata, hogy ellen\u0151rizz\u00e9k a Facebookon megjelent posztok val\u00f3s\u00e1gtartalm\u00e1t. Kedden Magyarorsz\u00e1gon \u00e9s Bulg\u00e1ri\u00e1ban is elind\u00edtotta t\u00e9nyellen\u0151rz\u0151 (fact checker) szolg\u00e1ltat\u00e1s\u00e1t a Facebook - adta h\u00edr\u00fcl a 444. A t\u00e9nyellen\u0151r\u00f6k feladata, hogy ellen\u0151rizz\u00e9k a Facebookon megosztott h\u00edrek val\u00f3s\u00e1gtartalm\u00e1nak. Ha a t\u00e9nyellen\u0151r egy","inLanguage":"hu-HU","isPartOf":{"@id":"https:\/\/allasorias.hu\/hirek\/#website"},"breadcrumb":{"@id":"https:\/\/allasorias.hu\/hirek\/mar-tenyellenorok-is-munkaba-alltak\/#breadcrumblist"},"author":{"@id":"https:\/\/allasorias.hu\/hirek\/author\/admin-allasorias\/#author"},"creator":{"@id":"https:\/\/allasorias.hu\/hirek\/author\/admin-allasorias\/#author"},"image":{"@type":"ImageObject","url":"https:\/\/allasorias.hu\/hirek\/wp-content\/uploads\/2021\/03\/3161227.jpg","@id":"https:\/\/allasorias.hu\/hirek\/mar-tenyellenorok-is-munkaba-alltak\/#mainImage","width":1920,"height":1280},"primaryImageOfPage":{"@id":"https:\/\/allasorias.hu\/hirek\/mar-tenyellenorok-is-munkaba-alltak\/#mainImage"},"datePublished":"2021-03-03T07:11:50+02:00","dateModified":"2021-03-03T07:11:50+02:00"},{"@type":"WebSite","@id":"https:\/\/allasorias.hu\/hirek\/#website","url":"https:\/\/allasorias.hu\/hirek\/","name":"AllasOrias.hu | H\u00edrek-lapszemle","description":"\u00dczleti h\u00edrek az \u00e1ll\u00e1s \u00e9s a munka vil\u00e1g\u00e1b\u00f3l","inLanguage":"hu-HU","publisher":{"@id":"https:\/\/allasorias.hu\/hirek\/#organization"}}]},"og:locale":"hu_HU","og:site_name":"AllasOrias.hu | H\u00edrek-lapszemle | \u00dczleti h\u00edrek az \u00e1ll\u00e1s \u00e9s a munka vil\u00e1g\u00e1b\u00f3l","og:type":"article","og:title":"M\u00e1r t\u00e9nyellen\u0151r\u00f6k is munk\u00e1ba \u00e1lltak | AllasOrias.hu | H\u00edrek-lapszemle","og:description":"T\u00e9nyellen\u0151r\u00f6k \u00e1lltak munk\u00e1ba haz\u00e1nkban \u00e9s Bulg\u00e1ri\u00e1ban. A megszaporodott \u00e1lh\u00edrek egyre nagyobb terjed\u00e9s\u00e9t szeretn\u00e9k megf\u00e9kezni. A t\u00e9nyellen\u0151r\u00f6k feladata, hogy ellen\u0151rizz\u00e9k a Facebookon megjelent posztok val\u00f3s\u00e1gtartalm\u00e1t. Kedden Magyarorsz\u00e1gon \u00e9s Bulg\u00e1ri\u00e1ban is elind\u00edtotta t\u00e9nyellen\u0151rz\u0151 (fact checker) szolg\u00e1ltat\u00e1s\u00e1t a Facebook - adta h\u00edr\u00fcl a 444. A t\u00e9nyellen\u0151r\u00f6k feladata, hogy ellen\u0151rizz\u00e9k a Facebookon megosztott h\u00edrek val\u00f3s\u00e1gtartalm\u00e1nak. Ha a t\u00e9nyellen\u0151r egy","og:url":"https:\/\/allasorias.hu\/hirek\/mar-tenyellenorok-is-munkaba-alltak\/","og:image":"https:\/\/allasorias.hu\/hirek\/wp-content\/uploads\/2021\/03\/3161227.jpg","og:image:secure_url":"https:\/\/allasorias.hu\/hirek\/wp-content\/uploads\/2021\/03\/3161227.jpg","og:image:width":1920,"og:image:height":1280,"article:published_time":"2021-03-03T07:11:50+00:00","article:modified_time":"2021-03-03T07:11:50+00:00","article:publisher":"https:\/\/www.facebook.com\/allasorias","twitter:card":"summary_large_image","twitter:title":"M\u00e1r t\u00e9nyellen\u0151r\u00f6k is munk\u00e1ba \u00e1lltak | AllasOrias.hu | H\u00edrek-lapszemle","twitter:description":"T\u00e9nyellen\u0151r\u00f6k \u00e1lltak munk\u00e1ba haz\u00e1nkban \u00e9s Bulg\u00e1ri\u00e1ban. A megszaporodott \u00e1lh\u00edrek egyre nagyobb terjed\u00e9s\u00e9t szeretn\u00e9k megf\u00e9kezni. A t\u00e9nyellen\u0151r\u00f6k feladata, hogy ellen\u0151rizz\u00e9k a Facebookon megjelent posztok val\u00f3s\u00e1gtartalm\u00e1t. Kedden Magyarorsz\u00e1gon \u00e9s Bulg\u00e1ri\u00e1ban is elind\u00edtotta t\u00e9nyellen\u0151rz\u0151 (fact checker) szolg\u00e1ltat\u00e1s\u00e1t a Facebook - adta h\u00edr\u00fcl a 444. A t\u00e9nyellen\u0151r\u00f6k feladata, hogy ellen\u0151rizz\u00e9k a Facebookon megosztott h\u00edrek val\u00f3s\u00e1gtartalm\u00e1nak. Ha a t\u00e9nyellen\u0151r egy","twitter:image":"https:\/\/allasorias.hu\/hirek\/wp-content\/uploads\/2021\/03\/3161227.jpg","twitter:label1":"Written by","twitter:data1":"Juh\u00e1sz P\u00e9ter","twitter:label2":"Est. reading time","twitter:data2":"1 minute"},"aioseo_meta_data":{"post_id":"4620","title":null,"description":null,"keywords":[],"keyphrases":{"focus":[],"additional":[]},"primary_term":null,"canonical_url":null,"og_title":null,"og_description":null,"og_object_type":"default","og_image_type":"default","og_image_url":null,"og_image_width":null,"og_image_height":null,"og_image_custom_url":null,"og_image_custom_fields":null,"og_video":"","og_custom_url":null,"og_article_section":null,"og_article_tags":[],"twitter_use_og":false,"twitter_card":"default","twitter_image_type":"default","twitter_image_url":null,"twitter_image_custom_url":null,"twitter_image_custom_fields":null,"twitter_title":null,"twitter_description":null,"schema":{"blockGraphs":[],"customGraphs":[],"default":{"data":{"Article":[],"Course":[],"Dataset":[],"FAQPage":[],"Movie":[],"Person":[],"Product":[],"ProductReview":[],"Car":[],"Recipe":[],"Service":[],"SoftwareApplication":[],"WebPage":[]},"graphName":"","isEnabled":true},"graphs":[],"defaultGraph":"","defaultPostTypeGraph":""},"schema_type":"none","schema_type_options":"{\"webPage\":{\"webPageType\":\"WebPage\"},\"article\":{\"articleType\":\"BlogPosting\"},\"book\":[],\"course\":[],\"event\":[],\"jobPosting\":[],\"music\":[],\"person\":[],\"product\":[],\"recipe\":[],\"restaurant\":[],\"service\":[],\"software\":[],\"video\":[]}","pillar_content":false,"robots_default":true,"robots_noindex":false,"robots_noarchive":false,"robots_nosnippet":false,"robots_nofollow":false,"robots_noimageindex":false,"robots_noodp":false,"robots_notranslate":false,"robots_max_snippet":"-1","robots_max_videopreview":"-1","robots_max_imagepreview":"large","priority":null,"frequency":"default","location":null,"local_seo":{"businessInfo":{"name":"","urls":{"website":"","aboutPage":"","contactPage":""},"address":{"line1":"","line2":"","zip":"","city":"","state":"","country":""},"contact":{"email":"","phone":"","fax":""},"ids":{"vatID":"","taxID":"","chamberID":""},"payment":{"priceIndication":"","currenciesAccepted":"","methodsAccepted":""},"areaServed":""},"openingHours":{"show":false,"closedLabel":"","open24h":false,"open24hLabel":"","open247":false,"use24hFormat":false,"twoSets":false,"timezone":"","hours":[]}},"breadcrumb_settings":null,"limit_modified_date":false,"ai":null,"created":"2021-03-03 07:07:50","updated":"2025-10-02 15:27:59","seo_analyzer_scan_date":null,"focus_keyword":null,"additional_keywords":null,"truseo_locale":null},"aioseo_breadcrumb":"<div class=\"aioseo-breadcrumbs\"><span class=\"aioseo-breadcrumb\">\n\t\t\t<a href=\"https:\/\/allasorias.hu\/hirek\" title=\"Home\">Home<\/a>\n\t\t<\/span><span class=\"aioseo-breadcrumb-separator\">&raquo;<\/span><span class=\"aioseo-breadcrumb\">\n\t\t\t<a href=\"https:\/\/allasorias.hu\/hirek\/temak\/gazdasag\/\" title=\"Gazdas\u00e1g\">Gazdas\u00e1g<\/a>\n\t\t<\/span><span class=\"aioseo-breadcrumb-separator\">&raquo;<\/span><span class=\"aioseo-breadcrumb\">\n\t\t\tM\u00e1r t\u00e9nyellen\u0151r\u00f6k is munk\u00e1ba \u00e1lltak\n\t\t<\/span><\/div>","aioseo_breadcrumb_json":[{"label":"Home","link":"https:\/\/allasorias.hu\/hirek"},{"label":"Gazdas\u00e1g","link":"https:\/\/allasorias.hu\/hirek\/temak\/gazdasag\/"},{"label":"M\u00e1r t\u00e9nyellen\u0151r\u00f6k is munk\u00e1ba \u00e1lltak","link":"https:\/\/allasorias.hu\/hirek\/mar-tenyellenorok-is-munkaba-alltak\/"}],"_links":{"self":[{"href":"https:\/\/allasorias.hu\/hirek\/wp-json\/wp\/v2\/posts\/4620","targetHints":{"allow":["GET"]}}],"collection":[{"href":"https:\/\/allasorias.hu\/hirek\/wp-json\/wp\/v2\/posts"}],"about":[{"href":"https:\/\/allasorias.hu\/hirek\/wp-json\/wp\/v2\/types\/post"}],"author":[{"embeddable":true,"href":"https:\/\/allasorias.hu\/hirek\/wp-json\/wp\/v2\/users\/1"}],"replies":[{"embeddable":true,"href":"https:\/\/allasorias.hu\/hirek\/wp-json\/wp\/v2\/comments?post=4620"}],"version-history":[{"count":1,"href":"https:\/\/allasorias.hu\/hirek\/wp-json\/wp\/v2\/posts\/4620\/revisions"}],"predecessor-version":[{"id":4622,"href":"https:\/\/allasorias.hu\/hirek\/wp-json\/wp\/v2\/posts\/4620\/revisions\/4622"}],"wp:featuredmedia":[{"embeddable":true,"href":"https:\/\/allasorias.hu\/hirek\/wp-json\/wp\/v2\/media\/4621"}],"wp:attachment":[{"href":"https:\/\/allasorias.hu\/hirek\/wp-json\/wp\/v2\/media?parent=4620"}],"wp:term":[{"taxonomy":"category","embeddable":true,"href":"https:\/\/allasorias.hu\/hirek\/wp-json\/wp\/v2\/categories?post=4620"},{"taxonomy":"post_tag","embeddable":true,"href":"https:\/\/allasorias.hu\/hirek\/wp-json\/wp\/v2\/tags?post=4620"}],"curies":[{"name":"wp","href":"https:\/\/api.w.org\/{rel}","templated":true}]}}