{"id":4617,"date":"2021-03-02T10:22:54","date_gmt":"2021-03-02T10:22:54","guid":{"rendered":"https:\/\/allasorias.hu\/hirek\/?p=4617"},"modified":"2021-03-02T10:22:54","modified_gmt":"2021-03-02T10:22:54","slug":"veszelyben-az-ellatas-a-jahn-ferenc-korhazban-tobb-orvos-nem-irta-ala-a-szerzodest","status":"publish","type":"post","link":"https:\/\/allasorias.hu\/hirek\/veszelyben-az-ellatas-a-jahn-ferenc-korhazban-tobb-orvos-nem-irta-ala-a-szerzodest\/","title":{"rendered":"Vesz\u00e9lyben az ell\u00e1t\u00e1s a Jahn Ferenc K\u00f3rh\u00e1zban \u2013 t\u00f6bb orvos nem \u00edrta al\u00e1 a szerz\u0151d\u00e9st"},"content":{"rendered":"<p><strong>Vesz\u00e9lybe ker\u00fclt az ell\u00e1t\u00e1s Budapest egyik k\u00f3rh\u00e1z\u00e1ban, miut\u00e1n t\u00f6bb orvos nem \u00edrta al\u00e1 a szerz\u0151d\u00e9st az int\u00e9zm\u00e9nnyel. A h\u00e1rom belgy\u00f3gy\u00e1szati oszt\u00e1ly k\u00f6z\u00fcl csak kett\u0151 maradt m\u0171k\u00f6d\u0151k\u00e9pes, de extr\u00e9m a terhel\u00e9se az orvosigazgat\u00f3 szerint. \u201eA mai nappal k\u00e9nytelenek vagyunk lemondani a teljes gasztroenterol\u00f3giai \u00e9s v\u00e9rz\u0151 ell\u00e1t\u00e1st, valamint a perem ter\u00fcletek mellett Budapest F\u0151v\u00e1ros XVIII. ker\u00fclet\u00e9nek \u00e1ltal\u00e1nos belgy\u00f3gy\u00e1szati ell\u00e1t\u00e1s\u00e1t is\u201d \u2013 t\u00e1j\u00e9koztatta a Jahn Ferenc D\u00e9l-pesti K\u00f3rh\u00e1z \u00e9s Rendel\u0151int\u00e9zet orvosigazgat\u00f3ja, Dobosi Zsolt a Nemzeti N\u00e9peg\u00e9szs\u00e9g\u00fcgyi K\u00f6zpont Eg\u00e9szs\u00e9g\u00fcgyi Igazgat\u00e1si F\u0151oszt\u00e1ly\u00e1nak vezet\u0151j\u00e9t. <\/strong><\/p>\n<p>A t\u00e1j\u00e9koztat\u00e1st Kunetz Zsombor eg\u00e9szs\u00e9g\u00fcgyi szak\u00e9rt\u0151 hozta nyilv\u00e1noss\u00e1gra a Facebookon. Dobosi Zsolt arra hivatkozva mondta le az ell\u00e1t\u00e1sokat, hogy az int\u00e9zm\u00e9ny II. belgy\u00f3gy\u00e1szati oszt\u00e1ly\u00e1nak mind\u00f6ssze h\u00e1rom orvosa\/szakorvosa \u00edrja al\u00e1 az eg\u00e9szs\u00e9g\u00fcgyi szolg\u00e1lati jogviszonyr\u00f3l sz\u00f3l\u00f3 szerz\u0151d\u00e9st. \u0150k a l\u00e9tsz\u00e1m 20 sz\u00e1zal\u00e9k\u00e1t teszik ki.Az orvosigazgat\u00f3 hozz\u00e1tette: tekintettel arra, hogy a k\u00f3rh\u00e1znak 400 ezer f\u0151s ter\u00fcleti ell\u00e1t\u00e1si k\u00f6telezetts\u00e9ge van, az ott \u00e9l\u0151k eg\u00e9szs\u00e9gi \u00e1llapota pedig igen rossz, az eddigi terhel\u00e9sen fel\u00fcl most extr\u00e9m teher h\u00e1rul az I. \u00e9s a III. belgy\u00f3gy\u00e1szati oszt\u00e1lyra. Ahogy kor\u00e1bban besz\u00e1moltunk r\u00f3la, sok eg\u00e9szs\u00e9g\u00fcgyi dolgoz\u00f3 nem hajland\u00f3 al\u00e1\u00edrni az \u00faj szerz\u0151d\u00e9s\u00e9t, amelyben v\u00e1llalja, hogy a kor\u00e1bbi k\u00f6zalkalmazotti helyett eg\u00e9szs\u00e9g\u00fcgyi szolg\u00e1lati jogviszonyban dolgozik tov\u00e1bb. Kor\u00e1bban Aba v\u00e1ros \u00f6nkorm\u00e1nyzata k\u00f6z\u00f6lte, hogy be kell z\u00e1rni az ottani szakrendel\u0151t, mert a kisebbs\u00e9gi tulajdonosok megtiltott\u00e1k az igazgat\u00f3 eg\u00e9szs\u00e9g\u00fcgyi szolg\u00e1lati jogviszony\u00e1nak l\u00e9trehoz\u00e1s\u00e1t. Azut\u00e1n a budapesti Szent Imre K\u00f3rh\u00e1z dolgoz\u00f3i k\u00f6z\u00fcl jelezt\u00e9k tucatnyin\u00e1l is t\u00f6bben, hogy nem v\u00e1llalj\u00e1k az \u00e1t\u00e1ll\u00e1st. H\u00e9tf\u0151 este Kunetz Zsombor nyilv\u00e1noss\u00e1gra hozott egy t\u00e1j\u00e9koztat\u00f3t, amelyet a tatab\u00e1nyai Szent Borb\u00e1la K\u00f3rh\u00e1zban k\u00fcldtek sz\u00e9t, \u00e9s arr\u00f3l sz\u00f3l, nem lesz \u00e9jszakai m\u0171szak az int\u00e9zm\u00e9ny s\u00fcrg\u0151ss\u00e9gij\u00e9n. Ez\u00e9rt azt\u00e1n minden szakma \u00fcgyeletes orvosai az SBO-n l\u00e1tj\u00e1k el a szakmaspecifikus betegeiket. Szegeden k\u00f6zben kider\u00fclt, hogy nem d\u0151l be a klinikai ell\u00e1t\u00e1s, mert az orvosok t\u00f6bbs\u00e9ge h\u00e1rom h\u00f3nap halad\u00e9kot adott a vezet\u00e9snek a szerz\u0151d\u00e9sek kifog\u00e1solt pontjainak fel\u00fclvizsg\u00e1lat\u00e1ra.<\/p>\n<p>Forr\u00e1s: hvg.hu<\/p>\n","protected":false},"excerpt":{"rendered":"<p>Vesz\u00e9lybe ker\u00fclt az ell\u00e1t\u00e1s Budapest egyik k\u00f3rh\u00e1z\u00e1ban, miut\u00e1n t\u00f6bb orvos nem \u00edrta al\u00e1 a szerz\u0151d\u00e9st az int\u00e9zm\u00e9nnyel. A h\u00e1rom belgy\u00f3gy\u00e1szati oszt\u00e1ly k\u00f6z\u00fcl csak kett\u0151 maradt m\u0171k\u00f6d\u0151k\u00e9pes, de extr\u00e9m a terhel\u00e9se az orvosigazgat\u00f3 szerint. \u201eA mai nappal k\u00e9nytelenek vagyunk lemondani a teljes gasztroenterol\u00f3giai \u00e9s v\u00e9rz\u0151 ell\u00e1t\u00e1st, valamint a perem ter\u00fcletek mellett Budapest F\u0151v\u00e1ros XVIII. ker\u00fclet\u00e9nek \u00e1ltal\u00e1nos [&hellip;]<\/p>\n","protected":false},"author":1,"featured_media":4298,"comment_status":"open","ping_status":"open","sticky":false,"template":"","format":"standard","meta":{"_monsterinsights_skip_tracking":false,"footnotes":""},"categories":[203],"tags":[],"class_list":["post-4617","post","type-post","status-publish","format-standard","has-post-thumbnail","hentry","category-hianyszakmak"],"aioseo_notices":[],"aioseo_head":"\n\t\t<!-- All in One SEO 5.0.0.1 - aioseo.com -->\n\t<meta name=\"description\" content=\"Vesz\u00e9lybe ker\u00fclt az ell\u00e1t\u00e1s Budapest egyik k\u00f3rh\u00e1z\u00e1ban, miut\u00e1n t\u00f6bb orvos nem \u00edrta al\u00e1 a szerz\u0151d\u00e9st az int\u00e9zm\u00e9nnyel. A h\u00e1rom belgy\u00f3gy\u00e1szati oszt\u00e1ly k\u00f6z\u00fcl csak kett\u0151 maradt m\u0171k\u00f6d\u0151k\u00e9pes, de extr\u00e9m a terhel\u00e9se az orvosigazgat\u00f3 szerint. \u201eA mai nappal k\u00e9nytelenek vagyunk lemondani a teljes gasztroenterol\u00f3giai \u00e9s v\u00e9rz\u0151 ell\u00e1t\u00e1st, valamint a perem ter\u00fcletek mellett Budapest F\u0151v\u00e1ros XVIII. ker\u00fclet\u00e9nek \u00e1ltal\u00e1nos\" \/>\n\t<meta name=\"robots\" content=\"max-image-preview:large\" \/>\n\t<meta name=\"author\" content=\"Juh\u00e1sz P\u00e9ter\"\/>\n\t<link rel=\"canonical\" href=\"https:\/\/allasorias.hu\/hirek\/veszelyben-az-ellatas-a-jahn-ferenc-korhazban-tobb-orvos-nem-irta-ala-a-szerzodest\/\" \/>\n\t<meta name=\"generator\" content=\"All in One SEO (AIOSEO) 5.0.0.1\" \/>\n\t\t<meta property=\"og:locale\" content=\"hu_HU\" \/>\n\t\t<meta property=\"og:site_name\" content=\"AllasOrias.hu | H\u00edrek-lapszemle | \u00dczleti h\u00edrek az \u00e1ll\u00e1s \u00e9s a munka vil\u00e1g\u00e1b\u00f3l\" \/>\n\t\t<meta property=\"og:type\" content=\"article\" \/>\n\t\t<meta property=\"og:title\" content=\"Vesz\u00e9lyben az ell\u00e1t\u00e1s a Jahn Ferenc K\u00f3rh\u00e1zban \u2013 t\u00f6bb orvos nem \u00edrta al\u00e1 a szerz\u0151d\u00e9st | AllasOrias.hu | H\u00edrek-lapszemle\" \/>\n\t\t<meta property=\"og:description\" content=\"Vesz\u00e9lybe ker\u00fclt az ell\u00e1t\u00e1s Budapest egyik k\u00f3rh\u00e1z\u00e1ban, miut\u00e1n t\u00f6bb orvos nem \u00edrta al\u00e1 a szerz\u0151d\u00e9st az int\u00e9zm\u00e9nnyel. A h\u00e1rom belgy\u00f3gy\u00e1szati oszt\u00e1ly k\u00f6z\u00fcl csak kett\u0151 maradt m\u0171k\u00f6d\u0151k\u00e9pes, de extr\u00e9m a terhel\u00e9se az orvosigazgat\u00f3 szerint. \u201eA mai nappal k\u00e9nytelenek vagyunk lemondani a teljes gasztroenterol\u00f3giai \u00e9s v\u00e9rz\u0151 ell\u00e1t\u00e1st, valamint a perem ter\u00fcletek mellett Budapest F\u0151v\u00e1ros XVIII. ker\u00fclet\u00e9nek \u00e1ltal\u00e1nos\" \/>\n\t\t<meta property=\"og:url\" content=\"https:\/\/allasorias.hu\/hirek\/veszelyben-az-ellatas-a-jahn-ferenc-korhazban-tobb-orvos-nem-irta-ala-a-szerzodest\/\" \/>\n\t\t<meta property=\"og:image\" content=\"https:\/\/allasorias.hu\/hirek\/wp-content\/uploads\/2020\/10\/315891-P8RUWI-712.jpg\" \/>\n\t\t<meta property=\"og:image:secure_url\" content=\"https:\/\/allasorias.hu\/hirek\/wp-content\/uploads\/2020\/10\/315891-P8RUWI-712.jpg\" \/>\n\t\t<meta property=\"og:image:width\" content=\"1200\" \/>\n\t\t<meta property=\"og:image:height\" content=\"800\" \/>\n\t\t<meta property=\"article:published_time\" content=\"2021-03-02T10:22:54+00:00\" \/>\n\t\t<meta property=\"article:modified_time\" content=\"2021-03-02T10:22:54+00:00\" \/>\n\t\t<meta property=\"article:publisher\" content=\"https:\/\/www.facebook.com\/allasorias\" \/>\n\t\t<meta name=\"twitter:card\" content=\"summary_large_image\" \/>\n\t\t<meta name=\"twitter:title\" content=\"Vesz\u00e9lyben az ell\u00e1t\u00e1s a Jahn Ferenc K\u00f3rh\u00e1zban \u2013 t\u00f6bb orvos nem \u00edrta al\u00e1 a szerz\u0151d\u00e9st | AllasOrias.hu | H\u00edrek-lapszemle\" \/>\n\t\t<meta name=\"twitter:description\" content=\"Vesz\u00e9lybe ker\u00fclt az ell\u00e1t\u00e1s Budapest egyik k\u00f3rh\u00e1z\u00e1ban, miut\u00e1n t\u00f6bb orvos nem \u00edrta al\u00e1 a szerz\u0151d\u00e9st az int\u00e9zm\u00e9nnyel. A h\u00e1rom belgy\u00f3gy\u00e1szati oszt\u00e1ly k\u00f6z\u00fcl csak kett\u0151 maradt m\u0171k\u00f6d\u0151k\u00e9pes, de extr\u00e9m a terhel\u00e9se az orvosigazgat\u00f3 szerint. \u201eA mai nappal k\u00e9nytelenek vagyunk lemondani a teljes gasztroenterol\u00f3giai \u00e9s v\u00e9rz\u0151 ell\u00e1t\u00e1st, valamint a perem ter\u00fcletek mellett Budapest F\u0151v\u00e1ros XVIII. ker\u00fclet\u00e9nek \u00e1ltal\u00e1nos\" \/>\n\t\t<meta name=\"twitter:image\" content=\"https:\/\/allasorias.hu\/hirek\/wp-content\/uploads\/2020\/10\/315891-P8RUWI-712.jpg\" \/>\n\t\t<meta name=\"twitter:label1\" content=\"Written by\" \/>\n\t\t<meta name=\"twitter:data1\" content=\"Juh\u00e1sz P\u00e9ter\" \/>\n\t\t<meta name=\"twitter:label2\" content=\"Est. reading time\" \/>\n\t\t<meta name=\"twitter:data2\" content=\"2 minutes\" \/>\n\t\t<script type=\"application\/ld+json\" class=\"aioseo-schema\">\n\t\t\t{\"@context\":\"https:\\\/\\\/schema.org\",\"@graph\":[{\"@type\":\"Article\",\"@id\":\"https:\\\/\\\/allasorias.hu\\\/hirek\\\/veszelyben-az-ellatas-a-jahn-ferenc-korhazban-tobb-orvos-nem-irta-ala-a-szerzodest\\\/#article\",\"name\":\"Vesz\\u00e9lyben az ell\\u00e1t\\u00e1s a Jahn Ferenc K\\u00f3rh\\u00e1zban \\u2013 t\\u00f6bb orvos nem \\u00edrta al\\u00e1 a szerz\\u0151d\\u00e9st | AllasOrias.hu | H\\u00edrek-lapszemle\",\"headline\":\"Vesz\\u00e9lyben az ell\\u00e1t\\u00e1s a Jahn Ferenc K\\u00f3rh\\u00e1zban \\u2013 t\\u00f6bb orvos nem \\u00edrta al\\u00e1 a szerz\\u0151d\\u00e9st\",\"author\":{\"@id\":\"https:\\\/\\\/allasorias.hu\\\/hirek\\\/author\\\/admin-allasorias\\\/#author\"},\"publisher\":{\"@id\":\"https:\\\/\\\/allasorias.hu\\\/hirek\\\/#organization\"},\"image\":{\"@type\":\"ImageObject\",\"url\":\"https:\\\/\\\/allasorias.hu\\\/hirek\\\/wp-content\\\/uploads\\\/2020\\\/10\\\/315891-P8RUWI-712.jpg\",\"width\":1200,\"height\":800},\"datePublished\":\"2021-03-02T10:22:54+02:00\",\"dateModified\":\"2021-03-02T10:22:54+02:00\",\"inLanguage\":\"hu-HU\",\"mainEntityOfPage\":{\"@id\":\"https:\\\/\\\/allasorias.hu\\\/hirek\\\/veszelyben-az-ellatas-a-jahn-ferenc-korhazban-tobb-orvos-nem-irta-ala-a-szerzodest\\\/#webpage\"},\"isPartOf\":{\"@id\":\"https:\\\/\\\/allasorias.hu\\\/hirek\\\/veszelyben-az-ellatas-a-jahn-ferenc-korhazban-tobb-orvos-nem-irta-ala-a-szerzodest\\\/#webpage\"},\"articleSection\":\"Hi\\u00e1nyszakm\\u00e1k\"},{\"@type\":\"BreadcrumbList\",\"@id\":\"https:\\\/\\\/allasorias.hu\\\/hirek\\\/veszelyben-az-ellatas-a-jahn-ferenc-korhazban-tobb-orvos-nem-irta-ala-a-szerzodest\\\/#breadcrumblist\",\"itemListElement\":[{\"@type\":\"ListItem\",\"@id\":\"https:\\\/\\\/allasorias.hu\\\/hirek#listItem\",\"position\":1,\"name\":\"Home\",\"item\":\"https:\\\/\\\/allasorias.hu\\\/hirek\",\"nextItem\":{\"@type\":\"ListItem\",\"@id\":\"https:\\\/\\\/allasorias.hu\\\/hirek\\\/temak\\\/hianyszakmak\\\/#listItem\",\"name\":\"Hi\\u00e1nyszakm\\u00e1k\"}},{\"@type\":\"ListItem\",\"@id\":\"https:\\\/\\\/allasorias.hu\\\/hirek\\\/temak\\\/hianyszakmak\\\/#listItem\",\"position\":2,\"name\":\"Hi\\u00e1nyszakm\\u00e1k\",\"item\":\"https:\\\/\\\/allasorias.hu\\\/hirek\\\/temak\\\/hianyszakmak\\\/\",\"nextItem\":{\"@type\":\"ListItem\",\"@id\":\"https:\\\/\\\/allasorias.hu\\\/hirek\\\/veszelyben-az-ellatas-a-jahn-ferenc-korhazban-tobb-orvos-nem-irta-ala-a-szerzodest\\\/#listItem\",\"name\":\"Vesz\\u00e9lyben az ell\\u00e1t\\u00e1s a Jahn Ferenc K\\u00f3rh\\u00e1zban \\u2013 t\\u00f6bb orvos nem \\u00edrta al\\u00e1 a szerz\\u0151d\\u00e9st\"},\"previousItem\":{\"@type\":\"ListItem\",\"@id\":\"https:\\\/\\\/allasorias.hu\\\/hirek#listItem\",\"name\":\"Home\"}},{\"@type\":\"ListItem\",\"@id\":\"https:\\\/\\\/allasorias.hu\\\/hirek\\\/veszelyben-az-ellatas-a-jahn-ferenc-korhazban-tobb-orvos-nem-irta-ala-a-szerzodest\\\/#listItem\",\"position\":3,\"name\":\"Vesz\\u00e9lyben az ell\\u00e1t\\u00e1s a Jahn Ferenc K\\u00f3rh\\u00e1zban \\u2013 t\\u00f6bb orvos nem \\u00edrta al\\u00e1 a szerz\\u0151d\\u00e9st\",\"previousItem\":{\"@type\":\"ListItem\",\"@id\":\"https:\\\/\\\/allasorias.hu\\\/hirek\\\/temak\\\/hianyszakmak\\\/#listItem\",\"name\":\"Hi\\u00e1nyszakm\\u00e1k\"}}]},{\"@type\":\"Organization\",\"@id\":\"https:\\\/\\\/allasorias.hu\\\/hirek\\\/#organization\",\"name\":\"AllasOrias.hu | H\\u00edrek-lapszemle\",\"description\":\"\\u00dczleti h\\u00edrek az \\u00e1ll\\u00e1s \\u00e9s a munka vil\\u00e1g\\u00e1b\\u00f3l\",\"url\":\"https:\\\/\\\/allasorias.hu\\\/hirek\\\/\",\"logo\":{\"@type\":\"ImageObject\",\"url\":\"https:\\\/\\\/allasorias.hu\\\/hirek\\\/wp-content\\\/uploads\\\/2022\\\/10\\\/allasorias_site_facebok_logo.png\",\"@id\":\"https:\\\/\\\/allasorias.hu\\\/hirek\\\/veszelyben-az-ellatas-a-jahn-ferenc-korhazban-tobb-orvos-nem-irta-ala-a-szerzodest\\\/#organizationLogo\"},\"image\":{\"@id\":\"https:\\\/\\\/allasorias.hu\\\/hirek\\\/veszelyben-az-ellatas-a-jahn-ferenc-korhazban-tobb-orvos-nem-irta-ala-a-szerzodest\\\/#organizationLogo\"},\"sameAs\":[\"https:\\\/\\\/www.facebook.com\\\/allasorias\",\"https:\\\/\\\/www.linkedin.com\\\/company\\\/allasorias\"]},{\"@type\":\"Person\",\"@id\":\"https:\\\/\\\/allasorias.hu\\\/hirek\\\/author\\\/admin-allasorias\\\/#author\",\"url\":\"https:\\\/\\\/allasorias.hu\\\/hirek\\\/author\\\/admin-allasorias\\\/\",\"name\":\"Juh\\u00e1sz P\\u00e9ter\",\"image\":{\"@type\":\"ImageObject\",\"@id\":\"https:\\\/\\\/allasorias.hu\\\/hirek\\\/veszelyben-az-ellatas-a-jahn-ferenc-korhazban-tobb-orvos-nem-irta-ala-a-szerzodest\\\/#authorImage\",\"url\":\"https:\\\/\\\/secure.gravatar.com\\\/avatar\\\/36e6bcb83148978b992977cb0f54d22feb0cce8a0a849a9410532bb2623ba4c6?s=96&d=mm&r=g\",\"width\":96,\"height\":96,\"caption\":\"Juh\\u00e1sz P\\u00e9ter\"}},{\"@type\":\"WebPage\",\"@id\":\"https:\\\/\\\/allasorias.hu\\\/hirek\\\/veszelyben-az-ellatas-a-jahn-ferenc-korhazban-tobb-orvos-nem-irta-ala-a-szerzodest\\\/#webpage\",\"url\":\"https:\\\/\\\/allasorias.hu\\\/hirek\\\/veszelyben-az-ellatas-a-jahn-ferenc-korhazban-tobb-orvos-nem-irta-ala-a-szerzodest\\\/\",\"name\":\"Vesz\\u00e9lyben az ell\\u00e1t\\u00e1s a Jahn Ferenc K\\u00f3rh\\u00e1zban \\u2013 t\\u00f6bb orvos nem \\u00edrta al\\u00e1 a szerz\\u0151d\\u00e9st | AllasOrias.hu | H\\u00edrek-lapszemle\",\"description\":\"Vesz\\u00e9lybe ker\\u00fclt az ell\\u00e1t\\u00e1s Budapest egyik k\\u00f3rh\\u00e1z\\u00e1ban, miut\\u00e1n t\\u00f6bb orvos nem \\u00edrta al\\u00e1 a szerz\\u0151d\\u00e9st az int\\u00e9zm\\u00e9nnyel. A h\\u00e1rom belgy\\u00f3gy\\u00e1szati oszt\\u00e1ly k\\u00f6z\\u00fcl csak kett\\u0151 maradt m\\u0171k\\u00f6d\\u0151k\\u00e9pes, de extr\\u00e9m a terhel\\u00e9se az orvosigazgat\\u00f3 szerint. \\u201eA mai nappal k\\u00e9nytelenek vagyunk lemondani a teljes gasztroenterol\\u00f3giai \\u00e9s v\\u00e9rz\\u0151 ell\\u00e1t\\u00e1st, valamint a perem ter\\u00fcletek mellett Budapest F\\u0151v\\u00e1ros XVIII. ker\\u00fclet\\u00e9nek \\u00e1ltal\\u00e1nos\",\"inLanguage\":\"hu-HU\",\"isPartOf\":{\"@id\":\"https:\\\/\\\/allasorias.hu\\\/hirek\\\/#website\"},\"breadcrumb\":{\"@id\":\"https:\\\/\\\/allasorias.hu\\\/hirek\\\/veszelyben-az-ellatas-a-jahn-ferenc-korhazban-tobb-orvos-nem-irta-ala-a-szerzodest\\\/#breadcrumblist\"},\"author\":{\"@id\":\"https:\\\/\\\/allasorias.hu\\\/hirek\\\/author\\\/admin-allasorias\\\/#author\"},\"creator\":{\"@id\":\"https:\\\/\\\/allasorias.hu\\\/hirek\\\/author\\\/admin-allasorias\\\/#author\"},\"image\":{\"@type\":\"ImageObject\",\"url\":\"https:\\\/\\\/allasorias.hu\\\/hirek\\\/wp-content\\\/uploads\\\/2020\\\/10\\\/315891-P8RUWI-712.jpg\",\"@id\":\"https:\\\/\\\/allasorias.hu\\\/hirek\\\/veszelyben-az-ellatas-a-jahn-ferenc-korhazban-tobb-orvos-nem-irta-ala-a-szerzodest\\\/#mainImage\",\"width\":1200,\"height\":800},\"primaryImageOfPage\":{\"@id\":\"https:\\\/\\\/allasorias.hu\\\/hirek\\\/veszelyben-az-ellatas-a-jahn-ferenc-korhazban-tobb-orvos-nem-irta-ala-a-szerzodest\\\/#mainImage\"},\"datePublished\":\"2021-03-02T10:22:54+02:00\",\"dateModified\":\"2021-03-02T10:22:54+02:00\"},{\"@type\":\"WebSite\",\"@id\":\"https:\\\/\\\/allasorias.hu\\\/hirek\\\/#website\",\"url\":\"https:\\\/\\\/allasorias.hu\\\/hirek\\\/\",\"name\":\"AllasOrias.hu | H\\u00edrek-lapszemle\",\"description\":\"\\u00dczleti h\\u00edrek az \\u00e1ll\\u00e1s \\u00e9s a munka vil\\u00e1g\\u00e1b\\u00f3l\",\"inLanguage\":\"hu-HU\",\"publisher\":{\"@id\":\"https:\\\/\\\/allasorias.hu\\\/hirek\\\/#organization\"}}]}\n\t\t<\/script>\n\t\t<!-- All in One SEO -->\n\n","aioseo_head_json":{"title":"Vesz\u00e9lyben az ell\u00e1t\u00e1s a Jahn Ferenc K\u00f3rh\u00e1zban \u2013 t\u00f6bb orvos nem \u00edrta al\u00e1 a szerz\u0151d\u00e9st | AllasOrias.hu | H\u00edrek-lapszemle","description":"Vesz\u00e9lybe ker\u00fclt az ell\u00e1t\u00e1s Budapest egyik k\u00f3rh\u00e1z\u00e1ban, miut\u00e1n t\u00f6bb orvos nem \u00edrta al\u00e1 a szerz\u0151d\u00e9st az int\u00e9zm\u00e9nnyel. A h\u00e1rom belgy\u00f3gy\u00e1szati oszt\u00e1ly k\u00f6z\u00fcl csak kett\u0151 maradt m\u0171k\u00f6d\u0151k\u00e9pes, de extr\u00e9m a terhel\u00e9se az orvosigazgat\u00f3 szerint. \u201eA mai nappal k\u00e9nytelenek vagyunk lemondani a teljes gasztroenterol\u00f3giai \u00e9s v\u00e9rz\u0151 ell\u00e1t\u00e1st, valamint a perem ter\u00fcletek mellett Budapest F\u0151v\u00e1ros XVIII. ker\u00fclet\u00e9nek \u00e1ltal\u00e1nos","canonical_url":"https:\/\/allasorias.hu\/hirek\/veszelyben-az-ellatas-a-jahn-ferenc-korhazban-tobb-orvos-nem-irta-ala-a-szerzodest\/","robots":"max-image-preview:large","keywords":"","webmasterTools":{"miscellaneous":""},"schema":{"@context":"https:\/\/schema.org","@graph":[{"@type":"Article","@id":"https:\/\/allasorias.hu\/hirek\/veszelyben-az-ellatas-a-jahn-ferenc-korhazban-tobb-orvos-nem-irta-ala-a-szerzodest\/#article","name":"Vesz\u00e9lyben az ell\u00e1t\u00e1s a Jahn Ferenc K\u00f3rh\u00e1zban \u2013 t\u00f6bb orvos nem \u00edrta al\u00e1 a szerz\u0151d\u00e9st | AllasOrias.hu | H\u00edrek-lapszemle","headline":"Vesz\u00e9lyben az ell\u00e1t\u00e1s a Jahn Ferenc K\u00f3rh\u00e1zban \u2013 t\u00f6bb orvos nem \u00edrta al\u00e1 a szerz\u0151d\u00e9st","author":{"@id":"https:\/\/allasorias.hu\/hirek\/author\/admin-allasorias\/#author"},"publisher":{"@id":"https:\/\/allasorias.hu\/hirek\/#organization"},"image":{"@type":"ImageObject","url":"https:\/\/allasorias.hu\/hirek\/wp-content\/uploads\/2020\/10\/315891-P8RUWI-712.jpg","width":1200,"height":800},"datePublished":"2021-03-02T10:22:54+02:00","dateModified":"2021-03-02T10:22:54+02:00","inLanguage":"hu-HU","mainEntityOfPage":{"@id":"https:\/\/allasorias.hu\/hirek\/veszelyben-az-ellatas-a-jahn-ferenc-korhazban-tobb-orvos-nem-irta-ala-a-szerzodest\/#webpage"},"isPartOf":{"@id":"https:\/\/allasorias.hu\/hirek\/veszelyben-az-ellatas-a-jahn-ferenc-korhazban-tobb-orvos-nem-irta-ala-a-szerzodest\/#webpage"},"articleSection":"Hi\u00e1nyszakm\u00e1k"},{"@type":"BreadcrumbList","@id":"https:\/\/allasorias.hu\/hirek\/veszelyben-az-ellatas-a-jahn-ferenc-korhazban-tobb-orvos-nem-irta-ala-a-szerzodest\/#breadcrumblist","itemListElement":[{"@type":"ListItem","@id":"https:\/\/allasorias.hu\/hirek#listItem","position":1,"name":"Home","item":"https:\/\/allasorias.hu\/hirek","nextItem":{"@type":"ListItem","@id":"https:\/\/allasorias.hu\/hirek\/temak\/hianyszakmak\/#listItem","name":"Hi\u00e1nyszakm\u00e1k"}},{"@type":"ListItem","@id":"https:\/\/allasorias.hu\/hirek\/temak\/hianyszakmak\/#listItem","position":2,"name":"Hi\u00e1nyszakm\u00e1k","item":"https:\/\/allasorias.hu\/hirek\/temak\/hianyszakmak\/","nextItem":{"@type":"ListItem","@id":"https:\/\/allasorias.hu\/hirek\/veszelyben-az-ellatas-a-jahn-ferenc-korhazban-tobb-orvos-nem-irta-ala-a-szerzodest\/#listItem","name":"Vesz\u00e9lyben az ell\u00e1t\u00e1s a Jahn Ferenc K\u00f3rh\u00e1zban \u2013 t\u00f6bb orvos nem \u00edrta al\u00e1 a szerz\u0151d\u00e9st"},"previousItem":{"@type":"ListItem","@id":"https:\/\/allasorias.hu\/hirek#listItem","name":"Home"}},{"@type":"ListItem","@id":"https:\/\/allasorias.hu\/hirek\/veszelyben-az-ellatas-a-jahn-ferenc-korhazban-tobb-orvos-nem-irta-ala-a-szerzodest\/#listItem","position":3,"name":"Vesz\u00e9lyben az ell\u00e1t\u00e1s a Jahn Ferenc K\u00f3rh\u00e1zban \u2013 t\u00f6bb orvos nem \u00edrta al\u00e1 a szerz\u0151d\u00e9st","previousItem":{"@type":"ListItem","@id":"https:\/\/allasorias.hu\/hirek\/temak\/hianyszakmak\/#listItem","name":"Hi\u00e1nyszakm\u00e1k"}}]},{"@type":"Organization","@id":"https:\/\/allasorias.hu\/hirek\/#organization","name":"AllasOrias.hu | H\u00edrek-lapszemle","description":"\u00dczleti h\u00edrek az \u00e1ll\u00e1s \u00e9s a munka vil\u00e1g\u00e1b\u00f3l","url":"https:\/\/allasorias.hu\/hirek\/","logo":{"@type":"ImageObject","url":"https:\/\/allasorias.hu\/hirek\/wp-content\/uploads\/2022\/10\/allasorias_site_facebok_logo.png","@id":"https:\/\/allasorias.hu\/hirek\/veszelyben-az-ellatas-a-jahn-ferenc-korhazban-tobb-orvos-nem-irta-ala-a-szerzodest\/#organizationLogo"},"image":{"@id":"https:\/\/allasorias.hu\/hirek\/veszelyben-az-ellatas-a-jahn-ferenc-korhazban-tobb-orvos-nem-irta-ala-a-szerzodest\/#organizationLogo"},"sameAs":["https:\/\/www.facebook.com\/allasorias","https:\/\/www.linkedin.com\/company\/allasorias"]},{"@type":"Person","@id":"https:\/\/allasorias.hu\/hirek\/author\/admin-allasorias\/#author","url":"https:\/\/allasorias.hu\/hirek\/author\/admin-allasorias\/","name":"Juh\u00e1sz P\u00e9ter","image":{"@type":"ImageObject","@id":"https:\/\/allasorias.hu\/hirek\/veszelyben-az-ellatas-a-jahn-ferenc-korhazban-tobb-orvos-nem-irta-ala-a-szerzodest\/#authorImage","url":"https:\/\/secure.gravatar.com\/avatar\/36e6bcb83148978b992977cb0f54d22feb0cce8a0a849a9410532bb2623ba4c6?s=96&d=mm&r=g","width":96,"height":96,"caption":"Juh\u00e1sz P\u00e9ter"}},{"@type":"WebPage","@id":"https:\/\/allasorias.hu\/hirek\/veszelyben-az-ellatas-a-jahn-ferenc-korhazban-tobb-orvos-nem-irta-ala-a-szerzodest\/#webpage","url":"https:\/\/allasorias.hu\/hirek\/veszelyben-az-ellatas-a-jahn-ferenc-korhazban-tobb-orvos-nem-irta-ala-a-szerzodest\/","name":"Vesz\u00e9lyben az ell\u00e1t\u00e1s a Jahn Ferenc K\u00f3rh\u00e1zban \u2013 t\u00f6bb orvos nem \u00edrta al\u00e1 a szerz\u0151d\u00e9st | AllasOrias.hu | H\u00edrek-lapszemle","description":"Vesz\u00e9lybe ker\u00fclt az ell\u00e1t\u00e1s Budapest egyik k\u00f3rh\u00e1z\u00e1ban, miut\u00e1n t\u00f6bb orvos nem \u00edrta al\u00e1 a szerz\u0151d\u00e9st az int\u00e9zm\u00e9nnyel. A h\u00e1rom belgy\u00f3gy\u00e1szati oszt\u00e1ly k\u00f6z\u00fcl csak kett\u0151 maradt m\u0171k\u00f6d\u0151k\u00e9pes, de extr\u00e9m a terhel\u00e9se az orvosigazgat\u00f3 szerint. \u201eA mai nappal k\u00e9nytelenek vagyunk lemondani a teljes gasztroenterol\u00f3giai \u00e9s v\u00e9rz\u0151 ell\u00e1t\u00e1st, valamint a perem ter\u00fcletek mellett Budapest F\u0151v\u00e1ros XVIII. ker\u00fclet\u00e9nek \u00e1ltal\u00e1nos","inLanguage":"hu-HU","isPartOf":{"@id":"https:\/\/allasorias.hu\/hirek\/#website"},"breadcrumb":{"@id":"https:\/\/allasorias.hu\/hirek\/veszelyben-az-ellatas-a-jahn-ferenc-korhazban-tobb-orvos-nem-irta-ala-a-szerzodest\/#breadcrumblist"},"author":{"@id":"https:\/\/allasorias.hu\/hirek\/author\/admin-allasorias\/#author"},"creator":{"@id":"https:\/\/allasorias.hu\/hirek\/author\/admin-allasorias\/#author"},"image":{"@type":"ImageObject","url":"https:\/\/allasorias.hu\/hirek\/wp-content\/uploads\/2020\/10\/315891-P8RUWI-712.jpg","@id":"https:\/\/allasorias.hu\/hirek\/veszelyben-az-ellatas-a-jahn-ferenc-korhazban-tobb-orvos-nem-irta-ala-a-szerzodest\/#mainImage","width":1200,"height":800},"primaryImageOfPage":{"@id":"https:\/\/allasorias.hu\/hirek\/veszelyben-az-ellatas-a-jahn-ferenc-korhazban-tobb-orvos-nem-irta-ala-a-szerzodest\/#mainImage"},"datePublished":"2021-03-02T10:22:54+02:00","dateModified":"2021-03-02T10:22:54+02:00"},{"@type":"WebSite","@id":"https:\/\/allasorias.hu\/hirek\/#website","url":"https:\/\/allasorias.hu\/hirek\/","name":"AllasOrias.hu | H\u00edrek-lapszemle","description":"\u00dczleti h\u00edrek az \u00e1ll\u00e1s \u00e9s a munka vil\u00e1g\u00e1b\u00f3l","inLanguage":"hu-HU","publisher":{"@id":"https:\/\/allasorias.hu\/hirek\/#organization"}}]},"og:locale":"hu_HU","og:site_name":"AllasOrias.hu | H\u00edrek-lapszemle | \u00dczleti h\u00edrek az \u00e1ll\u00e1s \u00e9s a munka vil\u00e1g\u00e1b\u00f3l","og:type":"article","og:title":"Vesz\u00e9lyben az ell\u00e1t\u00e1s a Jahn Ferenc K\u00f3rh\u00e1zban \u2013 t\u00f6bb orvos nem \u00edrta al\u00e1 a szerz\u0151d\u00e9st | AllasOrias.hu | H\u00edrek-lapszemle","og:description":"Vesz\u00e9lybe ker\u00fclt az ell\u00e1t\u00e1s Budapest egyik k\u00f3rh\u00e1z\u00e1ban, miut\u00e1n t\u00f6bb orvos nem \u00edrta al\u00e1 a szerz\u0151d\u00e9st az int\u00e9zm\u00e9nnyel. A h\u00e1rom belgy\u00f3gy\u00e1szati oszt\u00e1ly k\u00f6z\u00fcl csak kett\u0151 maradt m\u0171k\u00f6d\u0151k\u00e9pes, de extr\u00e9m a terhel\u00e9se az orvosigazgat\u00f3 szerint. \u201eA mai nappal k\u00e9nytelenek vagyunk lemondani a teljes gasztroenterol\u00f3giai \u00e9s v\u00e9rz\u0151 ell\u00e1t\u00e1st, valamint a perem ter\u00fcletek mellett Budapest F\u0151v\u00e1ros XVIII. ker\u00fclet\u00e9nek \u00e1ltal\u00e1nos","og:url":"https:\/\/allasorias.hu\/hirek\/veszelyben-az-ellatas-a-jahn-ferenc-korhazban-tobb-orvos-nem-irta-ala-a-szerzodest\/","og:image":"https:\/\/allasorias.hu\/hirek\/wp-content\/uploads\/2020\/10\/315891-P8RUWI-712.jpg","og:image:secure_url":"https:\/\/allasorias.hu\/hirek\/wp-content\/uploads\/2020\/10\/315891-P8RUWI-712.jpg","og:image:width":1200,"og:image:height":800,"article:published_time":"2021-03-02T10:22:54+00:00","article:modified_time":"2021-03-02T10:22:54+00:00","article:publisher":"https:\/\/www.facebook.com\/allasorias","twitter:card":"summary_large_image","twitter:title":"Vesz\u00e9lyben az ell\u00e1t\u00e1s a Jahn Ferenc K\u00f3rh\u00e1zban \u2013 t\u00f6bb orvos nem \u00edrta al\u00e1 a szerz\u0151d\u00e9st | AllasOrias.hu | H\u00edrek-lapszemle","twitter:description":"Vesz\u00e9lybe ker\u00fclt az ell\u00e1t\u00e1s Budapest egyik k\u00f3rh\u00e1z\u00e1ban, miut\u00e1n t\u00f6bb orvos nem \u00edrta al\u00e1 a szerz\u0151d\u00e9st az int\u00e9zm\u00e9nnyel. A h\u00e1rom belgy\u00f3gy\u00e1szati oszt\u00e1ly k\u00f6z\u00fcl csak kett\u0151 maradt m\u0171k\u00f6d\u0151k\u00e9pes, de extr\u00e9m a terhel\u00e9se az orvosigazgat\u00f3 szerint. \u201eA mai nappal k\u00e9nytelenek vagyunk lemondani a teljes gasztroenterol\u00f3giai \u00e9s v\u00e9rz\u0151 ell\u00e1t\u00e1st, valamint a perem ter\u00fcletek mellett Budapest F\u0151v\u00e1ros XVIII. ker\u00fclet\u00e9nek \u00e1ltal\u00e1nos","twitter:image":"https:\/\/allasorias.hu\/hirek\/wp-content\/uploads\/2020\/10\/315891-P8RUWI-712.jpg","twitter:label1":"Written by","twitter:data1":"Juh\u00e1sz P\u00e9ter","twitter:label2":"Est. reading time","twitter:data2":"2 minutes"},"aioseo_meta_data":{"post_id":"4617","title":null,"description":null,"keywords":[],"keyphrases":{"focus":[],"additional":[]},"primary_term":null,"canonical_url":null,"og_title":null,"og_description":null,"og_object_type":"default","og_image_type":"default","og_image_url":null,"og_image_width":null,"og_image_height":null,"og_image_custom_url":null,"og_image_custom_fields":null,"og_video":"","og_custom_url":null,"og_article_section":null,"og_article_tags":[],"twitter_use_og":false,"twitter_card":"default","twitter_image_type":"default","twitter_image_url":null,"twitter_image_custom_url":null,"twitter_image_custom_fields":null,"twitter_title":null,"twitter_description":null,"schema":{"blockGraphs":[],"customGraphs":[],"default":{"data":{"Article":[],"Course":[],"Dataset":[],"FAQPage":[],"Movie":[],"Person":[],"Product":[],"ProductReview":[],"Car":[],"Recipe":[],"Service":[],"SoftwareApplication":[],"WebPage":[]},"graphName":"","isEnabled":true},"graphs":[],"defaultGraph":"","defaultPostTypeGraph":""},"schema_type":"none","schema_type_options":"{\"webPage\":{\"webPageType\":\"WebPage\"},\"article\":{\"articleType\":\"BlogPosting\"},\"book\":[],\"course\":[],\"event\":[],\"jobPosting\":[],\"music\":[],\"person\":[],\"product\":[],\"recipe\":[],\"restaurant\":[],\"service\":[],\"software\":[],\"video\":[]}","pillar_content":false,"robots_default":true,"robots_noindex":false,"robots_noarchive":false,"robots_nosnippet":false,"robots_nofollow":false,"robots_noimageindex":false,"robots_noodp":false,"robots_notranslate":false,"robots_max_snippet":"-1","robots_max_videopreview":"-1","robots_max_imagepreview":"large","priority":null,"frequency":"default","location":null,"local_seo":{"businessInfo":{"name":"","urls":{"website":"","aboutPage":"","contactPage":""},"address":{"line1":"","line2":"","zip":"","city":"","state":"","country":""},"contact":{"email":"","phone":"","fax":""},"ids":{"vatID":"","taxID":"","chamberID":""},"payment":{"priceIndication":"","currenciesAccepted":"","methodsAccepted":""},"areaServed":""},"openingHours":{"show":false,"closedLabel":"","open24h":false,"open24hLabel":"","open247":false,"use24hFormat":false,"twoSets":false,"timezone":"","hours":[]}},"breadcrumb_settings":null,"limit_modified_date":false,"ai":null,"created":"2021-03-02 10:19:55","updated":"2025-10-02 15:27:59","seo_analyzer_scan_date":null,"focus_keyword":null,"additional_keywords":null,"truseo_locale":null},"aioseo_breadcrumb":"<div class=\"aioseo-breadcrumbs\"><span class=\"aioseo-breadcrumb\">\n\t\t\t<a href=\"https:\/\/allasorias.hu\/hirek\" title=\"Home\">Home<\/a>\n\t\t<\/span><span class=\"aioseo-breadcrumb-separator\">&raquo;<\/span><span class=\"aioseo-breadcrumb\">\n\t\t\t<a href=\"https:\/\/allasorias.hu\/hirek\/temak\/hianyszakmak\/\" title=\"Hi\u00e1nyszakm\u00e1k\">Hi\u00e1nyszakm\u00e1k<\/a>\n\t\t<\/span><span class=\"aioseo-breadcrumb-separator\">&raquo;<\/span><span class=\"aioseo-breadcrumb\">\n\t\t\tVesz\u00e9lyben az ell\u00e1t\u00e1s a Jahn Ferenc K\u00f3rh\u00e1zban \u2013 t\u00f6bb orvos nem \u00edrta al\u00e1 a szerz\u0151d\u00e9st\n\t\t<\/span><\/div>","aioseo_breadcrumb_json":[{"label":"Home","link":"https:\/\/allasorias.hu\/hirek"},{"label":"Hi\u00e1nyszakm\u00e1k","link":"https:\/\/allasorias.hu\/hirek\/temak\/hianyszakmak\/"},{"label":"Vesz\u00e9lyben az ell\u00e1t\u00e1s a Jahn Ferenc K\u00f3rh\u00e1zban \u2013 t\u00f6bb orvos nem \u00edrta al\u00e1 a szerz\u0151d\u00e9st","link":"https:\/\/allasorias.hu\/hirek\/veszelyben-az-ellatas-a-jahn-ferenc-korhazban-tobb-orvos-nem-irta-ala-a-szerzodest\/"}],"_links":{"self":[{"href":"https:\/\/allasorias.hu\/hirek\/wp-json\/wp\/v2\/posts\/4617","targetHints":{"allow":["GET"]}}],"collection":[{"href":"https:\/\/allasorias.hu\/hirek\/wp-json\/wp\/v2\/posts"}],"about":[{"href":"https:\/\/allasorias.hu\/hirek\/wp-json\/wp\/v2\/types\/post"}],"author":[{"embeddable":true,"href":"https:\/\/allasorias.hu\/hirek\/wp-json\/wp\/v2\/users\/1"}],"replies":[{"embeddable":true,"href":"https:\/\/allasorias.hu\/hirek\/wp-json\/wp\/v2\/comments?post=4617"}],"version-history":[{"count":1,"href":"https:\/\/allasorias.hu\/hirek\/wp-json\/wp\/v2\/posts\/4617\/revisions"}],"predecessor-version":[{"id":4618,"href":"https:\/\/allasorias.hu\/hirek\/wp-json\/wp\/v2\/posts\/4617\/revisions\/4618"}],"wp:featuredmedia":[{"embeddable":true,"href":"https:\/\/allasorias.hu\/hirek\/wp-json\/wp\/v2\/media\/4298"}],"wp:attachment":[{"href":"https:\/\/allasorias.hu\/hirek\/wp-json\/wp\/v2\/media?parent=4617"}],"wp:term":[{"taxonomy":"category","embeddable":true,"href":"https:\/\/allasorias.hu\/hirek\/wp-json\/wp\/v2\/categories?post=4617"},{"taxonomy":"post_tag","embeddable":true,"href":"https:\/\/allasorias.hu\/hirek\/wp-json\/wp\/v2\/tags?post=4617"}],"curies":[{"name":"wp","href":"https:\/\/api.w.org\/{rel}","templated":true}]}}