{"id":4615,"date":"2021-03-01T09:38:19","date_gmt":"2021-03-01T09:38:19","guid":{"rendered":"https:\/\/allasorias.hu\/hirek\/?p=4615"},"modified":"2025-05-13T13:12:54","modified_gmt":"2025-05-13T11:12:54","slug":"csokkent-a-foglalkoztatottak-szama-2","status":"publish","type":"post","link":"https:\/\/allasorias.hu\/hirek\/csokkent-a-foglalkoztatottak-szama-2\/","title":{"rendered":"Cs\u00f6kken\u0151 tendencia a foglalkoztatottak sz\u00e1m\u00e1ban"},"content":{"rendered":"<p><strong>A munkaer\u0151tartal\u00e9k magasabbra emelkedett egyetlen h\u00f3nap alatt, mint amilyen magasan a koronav\u00edrus-j\u00e1rv\u00e1ny els\u0151 hull\u00e1m\u00e1ban volt, amikor kij\u00e1r\u00e1si korl\u00e1toz\u00e1s \u00e9s lez\u00e1r\u00e1sok okoztak hatalmas gazdas\u00e1gi visszaes\u00e9st. Egy h\u00f3nap alatt 88 ezer f\u0151vel, 467 ezerre n\u0151tt a munkaer\u0151-tartal\u00e9k Magyarorsz\u00e1gon a koronav\u00edrus-j\u00e1rv\u00e1ny m\u00e1sodik hull\u00e1m\u00e1nak hat\u00e1s\u00e1ra. Orb\u00e1n Viktor minisztereln\u00f6k m\u00e1r reggel k\u00f6z\u00f6lte (m\u00e9g a KSH adatainak megjelen\u00e9se el\u0151tt), hogy id\u00e9n janu\u00e1rban 55 ezerrel kevesebben dolgoztak, mint egy \u00e9vvel kor\u00e1bban.<\/strong><\/p>\n<p>Ez azt jelentette, hogy egyetlen h\u00f3nap alatt k\u00f6zel 100 ezerrel cs\u00f6kkent a foglalkoztatottak sz\u00e1ma. Ez r\u00e9szben szezon\u00e1lis t\u00e9nyez\u0151kkel f\u00fcgg \u00f6ssze (t\u00e9len kevesebb a szezon\u00e1lis munka), r\u00e9szben pedig a koronav\u00edrus-j\u00e1rv\u00e1ny m\u00e1sodik hull\u00e1m\u00e1val. D\u00e9lel\u0151tt meg\u00e9rkeztek a KSH adatai is, amelyek al\u00e1t\u00e1masztott\u00e1k a roml\u00f3 tendenci\u00e1t. 2021 janu\u00e1rj\u00e1ban a 15\u201374 \u00e9ves foglalkoztatottak \u00e1tlagos havi l\u00e9tsz\u00e1ma 4 milli\u00f3 537 ezer f\u0151 volt, ami az el\u0151z\u0151 \u00e9v azonos id\u0151szak\u00e1hoz k\u00e9pest 55 ezer f\u0151vel kevesebb \u2013 k\u00f6z\u00f6lte a KSH. A munkan\u00e9lk\u00fcliek sz\u00e1ma 238 ezer f\u0151 volt, ami az el\u0151z\u0151 \u00e9v azonos id\u0151szakihoz k\u00e9pest 54 ezer f\u0151vel magasabb. D\u00e9lut\u00e1n pedig felker\u00fclt a KSH honlapj\u00e1ra az \u00fagynevezett munkaer\u0151-tartal\u00e9k &#8211; t\u00e1gan \u00e9rtelmezett munkan\u00e9lk\u00fclis\u00e9g &#8211; alakul\u00e1sa is. Ez azt mutatja, hogy a tartal\u00e9k magasabbra emelkedett egyetlen h\u00f3nap alatt, mint amilyen magasan a koronav\u00edrus-j\u00e1rv\u00e1ny els\u0151 hull\u00e1m\u00e1ban volt, amikor kij\u00e1r\u00e1si korl\u00e1toz\u00e1s \u00e9s lez\u00e1r\u00e1sok okoztak hatalmas gazdas\u00e1gi visszaes\u00e9st. Ebbe a munkaer\u0151-tartal\u00e9kba tartoznak a munkan\u00e9lk\u00fcliek, illetve azok, akik dolgozni szeretn\u00e9nek, de hivatalosan nem felelnek meg a munkan\u00e9lk\u00fclis\u00e9g krit\u00e9riumainak (mert pl. nem keresnek \u00e1ll\u00e1st 4 hete vagy nem tudnak azonnal munk\u00e1ba \u00e1llni mondjuk a v\u00edrushelyzet miatt).A munkaer\u0151tartal\u00e9k 476 ezer f\u0151t tett ki, vagyis a t\u00e1gan \u00e9rtelmezett munkan\u00e9lk\u00fclis\u00e9g hatalmas m\u00e9rt\u00e9kben emelkedett. \u00d6sszess\u00e9g\u00e9ben teh\u00e1t a munkaer\u0151tartal\u00e9k drasztikus m\u00e9rt\u00e9kben emelkedett, egy h\u00f3nap alatt 88 ezer f\u0151vel, ilyen nagy ugr\u00e1sra m\u00e9g a j\u00e1rv\u00e1ny els\u0151 hull\u00e1m\u00e1ban sem volt p\u00e9lda. A munkaer\u0151-tartal\u00e9k ezzel m\u00e1r magasabb szinten van, mint tavaly tavasszal. A k\u00f6vetkez\u0151 id\u0151szakban v\u00e1rthat\u00f3an nem fog javulni a munkaer\u0151piaci helyzet.<\/p>\n<p>Forr\u00e1s: portfolio.hu<\/p>\n","protected":false},"excerpt":{"rendered":"<p>A munkaer\u0151tartal\u00e9k magasabbra emelkedett egyetlen h\u00f3nap alatt, mint amilyen magasan a koronav\u00edrus-j\u00e1rv\u00e1ny els\u0151 hull\u00e1m\u00e1ban volt, amikor kij\u00e1r\u00e1si korl\u00e1toz\u00e1s \u00e9s lez\u00e1r\u00e1sok okoztak hatalmas gazdas\u00e1gi visszaes\u00e9st. Egy h\u00f3nap alatt 88 ezer f\u0151vel, 467 ezerre n\u0151tt a munkaer\u0151-tartal\u00e9k Magyarorsz\u00e1gon a koronav\u00edrus-j\u00e1rv\u00e1ny m\u00e1sodik hull\u00e1m\u00e1nak hat\u00e1s\u00e1ra. Orb\u00e1n Viktor minisztereln\u00f6k m\u00e1r reggel k\u00f6z\u00f6lte (m\u00e9g a KSH adatainak megjelen\u00e9se el\u0151tt), hogy id\u00e9n [&hellip;]<\/p>\n","protected":false},"author":1,"featured_media":4103,"comment_status":"closed","ping_status":"closed","sticky":false,"template":"","format":"standard","meta":{"_monsterinsights_skip_tracking":false,"footnotes":""},"categories":[200],"tags":[],"class_list":["post-4615","post","type-post","status-publish","format-standard","has-post-thumbnail","hentry","category-munkaeropiac"],"aioseo_notices":[],"aioseo_head":"\n\t\t<!-- All in One SEO 5.0.0.1 - aioseo.com -->\n\t<meta name=\"description\" content=\"A munkaer\u0151tartal\u00e9k magasabbra emelkedett egyetlen h\u00f3nap alatt, mint amilyen magasan a koronav\u00edrus-j\u00e1rv\u00e1ny els\u0151 hull\u00e1m\u00e1ban volt, amikor kij\u00e1r\u00e1si korl\u00e1toz\u00e1s \u00e9s lez\u00e1r\u00e1sok okoztak hatalmas gazdas\u00e1gi visszaes\u00e9st. Egy h\u00f3nap alatt 88 ezer f\u0151vel, 467 ezerre n\u0151tt a munkaer\u0151-tartal\u00e9k Magyarorsz\u00e1gon a koronav\u00edrus-j\u00e1rv\u00e1ny m\u00e1sodik hull\u00e1m\u00e1nak hat\u00e1s\u00e1ra. Orb\u00e1n Viktor minisztereln\u00f6k m\u00e1r reggel k\u00f6z\u00f6lte (m\u00e9g a KSH adatainak megjelen\u00e9se el\u0151tt), hogy id\u00e9n\" \/>\n\t<meta name=\"robots\" content=\"max-image-preview:large\" \/>\n\t<meta name=\"author\" content=\"Juh\u00e1sz P\u00e9ter\"\/>\n\t<link rel=\"canonical\" href=\"https:\/\/allasorias.hu\/hirek\/csokkent-a-foglalkoztatottak-szama-2\/\" \/>\n\t<meta name=\"generator\" content=\"All in One SEO (AIOSEO) 5.0.0.1\" \/>\n\t\t<meta property=\"og:locale\" content=\"hu_HU\" \/>\n\t\t<meta property=\"og:site_name\" content=\"AllasOrias.hu | H\u00edrek-lapszemle | \u00dczleti h\u00edrek az \u00e1ll\u00e1s \u00e9s a munka vil\u00e1g\u00e1b\u00f3l\" \/>\n\t\t<meta property=\"og:type\" content=\"article\" \/>\n\t\t<meta property=\"og:title\" content=\"Cs\u00f6kken a foglalkoztatottak sz\u00e1ma haz\u00e1nkban\" \/>\n\t\t<meta property=\"og:description\" content=\"A munkaer\u0151tartal\u00e9k magasabbra emelkedett egyetlen h\u00f3nap alatt, mint amilyen magasan a koronav\u00edrus-j\u00e1rv\u00e1ny els\u0151 hull\u00e1m\u00e1ban volt, amikor kij\u00e1r\u00e1si korl\u00e1toz\u00e1s \u00e9s lez\u00e1r\u00e1sok okoztak hatalmas gazdas\u00e1gi visszaes\u00e9st. Egy h\u00f3nap alatt 88 ezer f\u0151vel, 467 ezerre n\u0151tt a munkaer\u0151-tartal\u00e9k Magyarorsz\u00e1gon a koronav\u00edrus-j\u00e1rv\u00e1ny m\u00e1sodik hull\u00e1m\u00e1nak hat\u00e1s\u00e1ra. Orb\u00e1n Viktor minisztereln\u00f6k m\u00e1r reggel k\u00f6z\u00f6lte (m\u00e9g a KSH adatainak megjelen\u00e9se el\u0151tt), hogy id\u00e9n\" \/>\n\t\t<meta property=\"og:url\" content=\"https:\/\/allasorias.hu\/hirek\/csokkent-a-foglalkoztatottak-szama-2\/\" \/>\n\t\t<meta property=\"og:image\" content=\"https:\/\/allasorias.hu\/hirek\/wp-content\/uploads\/2020\/07\/315.jpg\" \/>\n\t\t<meta property=\"og:image:secure_url\" content=\"https:\/\/allasorias.hu\/hirek\/wp-content\/uploads\/2020\/07\/315.jpg\" \/>\n\t\t<meta property=\"og:image:width\" content=\"315\" \/>\n\t\t<meta property=\"og:image:height\" content=\"225\" \/>\n\t\t<meta property=\"article:published_time\" content=\"2021-03-01T09:38:19+00:00\" \/>\n\t\t<meta property=\"article:modified_time\" content=\"2025-05-13T11:12:54+00:00\" \/>\n\t\t<meta property=\"article:publisher\" content=\"https:\/\/www.facebook.com\/allasorias\" \/>\n\t\t<meta name=\"twitter:card\" content=\"summary_large_image\" \/>\n\t\t<meta name=\"twitter:title\" content=\"Cs\u00f6kken a foglalkoztatottak sz\u00e1ma haz\u00e1nkban\" \/>\n\t\t<meta name=\"twitter:description\" content=\"A munkaer\u0151tartal\u00e9k magasabbra emelkedett egyetlen h\u00f3nap alatt, mint amilyen magasan a koronav\u00edrus-j\u00e1rv\u00e1ny els\u0151 hull\u00e1m\u00e1ban volt, amikor kij\u00e1r\u00e1si korl\u00e1toz\u00e1s \u00e9s lez\u00e1r\u00e1sok okoztak hatalmas gazdas\u00e1gi visszaes\u00e9st. Egy h\u00f3nap alatt 88 ezer f\u0151vel, 467 ezerre n\u0151tt a munkaer\u0151-tartal\u00e9k Magyarorsz\u00e1gon a koronav\u00edrus-j\u00e1rv\u00e1ny m\u00e1sodik hull\u00e1m\u00e1nak hat\u00e1s\u00e1ra. Orb\u00e1n Viktor minisztereln\u00f6k m\u00e1r reggel k\u00f6z\u00f6lte (m\u00e9g a KSH adatainak megjelen\u00e9se el\u0151tt), hogy id\u00e9n\" \/>\n\t\t<meta name=\"twitter:image\" content=\"https:\/\/allasorias.hu\/hirek\/wp-content\/uploads\/2020\/07\/315.jpg\" \/>\n\t\t<meta name=\"twitter:label1\" content=\"Written by\" \/>\n\t\t<meta name=\"twitter:data1\" content=\"Juh\u00e1sz P\u00e9ter\" \/>\n\t\t<meta name=\"twitter:label2\" content=\"Est. reading time\" \/>\n\t\t<meta name=\"twitter:data2\" content=\"2 minutes\" \/>\n\t\t<script type=\"application\/ld+json\" class=\"aioseo-schema\">\n\t\t\t{\"@context\":\"https:\\\/\\\/schema.org\",\"@graph\":[{\"@type\":\"Article\",\"@id\":\"https:\\\/\\\/allasorias.hu\\\/hirek\\\/csokkent-a-foglalkoztatottak-szama-2\\\/#article\",\"name\":\"Cs\\u00f6kken a foglalkoztatottak sz\\u00e1ma haz\\u00e1nkban\",\"headline\":\"Cs\\u00f6kken\\u0151 tendencia a foglalkoztatottak sz\\u00e1m\\u00e1ban\",\"author\":{\"@id\":\"https:\\\/\\\/allasorias.hu\\\/hirek\\\/author\\\/admin-allasorias\\\/#author\"},\"publisher\":{\"@id\":\"https:\\\/\\\/allasorias.hu\\\/hirek\\\/#organization\"},\"image\":{\"@type\":\"ImageObject\",\"url\":\"https:\\\/\\\/allasorias.hu\\\/hirek\\\/wp-content\\\/uploads\\\/2020\\\/07\\\/315.jpg\",\"width\":315,\"height\":225,\"caption\":\"The economic crisis arrows fall concept, graph maker stock fall showing on tablet with businessman, indicating the economic recession that will occur\"},\"datePublished\":\"2021-03-01T09:38:19+02:00\",\"dateModified\":\"2025-05-13T13:12:54+02:00\",\"inLanguage\":\"hu-HU\",\"mainEntityOfPage\":{\"@id\":\"https:\\\/\\\/allasorias.hu\\\/hirek\\\/csokkent-a-foglalkoztatottak-szama-2\\\/#webpage\"},\"isPartOf\":{\"@id\":\"https:\\\/\\\/allasorias.hu\\\/hirek\\\/csokkent-a-foglalkoztatottak-szama-2\\\/#webpage\"},\"articleSection\":\"Munkaer\\u0151piac\"},{\"@type\":\"BreadcrumbList\",\"@id\":\"https:\\\/\\\/allasorias.hu\\\/hirek\\\/csokkent-a-foglalkoztatottak-szama-2\\\/#breadcrumblist\",\"itemListElement\":[{\"@type\":\"ListItem\",\"@id\":\"https:\\\/\\\/allasorias.hu\\\/hirek#listItem\",\"position\":1,\"name\":\"Home\",\"item\":\"https:\\\/\\\/allasorias.hu\\\/hirek\",\"nextItem\":{\"@type\":\"ListItem\",\"@id\":\"https:\\\/\\\/allasorias.hu\\\/hirek\\\/temak\\\/munkaeropiac\\\/#listItem\",\"name\":\"Munkaer\\u0151piac\"}},{\"@type\":\"ListItem\",\"@id\":\"https:\\\/\\\/allasorias.hu\\\/hirek\\\/temak\\\/munkaeropiac\\\/#listItem\",\"position\":2,\"name\":\"Munkaer\\u0151piac\",\"item\":\"https:\\\/\\\/allasorias.hu\\\/hirek\\\/temak\\\/munkaeropiac\\\/\",\"nextItem\":{\"@type\":\"ListItem\",\"@id\":\"https:\\\/\\\/allasorias.hu\\\/hirek\\\/csokkent-a-foglalkoztatottak-szama-2\\\/#listItem\",\"name\":\"Cs\\u00f6kken\\u0151 tendencia a foglalkoztatottak sz\\u00e1m\\u00e1ban\"},\"previousItem\":{\"@type\":\"ListItem\",\"@id\":\"https:\\\/\\\/allasorias.hu\\\/hirek#listItem\",\"name\":\"Home\"}},{\"@type\":\"ListItem\",\"@id\":\"https:\\\/\\\/allasorias.hu\\\/hirek\\\/csokkent-a-foglalkoztatottak-szama-2\\\/#listItem\",\"position\":3,\"name\":\"Cs\\u00f6kken\\u0151 tendencia a foglalkoztatottak sz\\u00e1m\\u00e1ban\",\"previousItem\":{\"@type\":\"ListItem\",\"@id\":\"https:\\\/\\\/allasorias.hu\\\/hirek\\\/temak\\\/munkaeropiac\\\/#listItem\",\"name\":\"Munkaer\\u0151piac\"}}]},{\"@type\":\"Organization\",\"@id\":\"https:\\\/\\\/allasorias.hu\\\/hirek\\\/#organization\",\"name\":\"AllasOrias.hu | H\\u00edrek-lapszemle\",\"description\":\"\\u00dczleti h\\u00edrek az \\u00e1ll\\u00e1s \\u00e9s a munka vil\\u00e1g\\u00e1b\\u00f3l\",\"url\":\"https:\\\/\\\/allasorias.hu\\\/hirek\\\/\",\"logo\":{\"@type\":\"ImageObject\",\"url\":\"https:\\\/\\\/allasorias.hu\\\/hirek\\\/wp-content\\\/uploads\\\/2022\\\/10\\\/allasorias_site_facebok_logo.png\",\"@id\":\"https:\\\/\\\/allasorias.hu\\\/hirek\\\/csokkent-a-foglalkoztatottak-szama-2\\\/#organizationLogo\"},\"image\":{\"@id\":\"https:\\\/\\\/allasorias.hu\\\/hirek\\\/csokkent-a-foglalkoztatottak-szama-2\\\/#organizationLogo\"},\"sameAs\":[\"https:\\\/\\\/www.facebook.com\\\/allasorias\",\"https:\\\/\\\/www.linkedin.com\\\/company\\\/allasorias\"]},{\"@type\":\"Person\",\"@id\":\"https:\\\/\\\/allasorias.hu\\\/hirek\\\/author\\\/admin-allasorias\\\/#author\",\"url\":\"https:\\\/\\\/allasorias.hu\\\/hirek\\\/author\\\/admin-allasorias\\\/\",\"name\":\"Juh\\u00e1sz P\\u00e9ter\",\"image\":{\"@type\":\"ImageObject\",\"@id\":\"https:\\\/\\\/allasorias.hu\\\/hirek\\\/csokkent-a-foglalkoztatottak-szama-2\\\/#authorImage\",\"url\":\"https:\\\/\\\/secure.gravatar.com\\\/avatar\\\/36e6bcb83148978b992977cb0f54d22feb0cce8a0a849a9410532bb2623ba4c6?s=96&d=mm&r=g\",\"width\":96,\"height\":96,\"caption\":\"Juh\\u00e1sz P\\u00e9ter\"}},{\"@type\":\"WebPage\",\"@id\":\"https:\\\/\\\/allasorias.hu\\\/hirek\\\/csokkent-a-foglalkoztatottak-szama-2\\\/#webpage\",\"url\":\"https:\\\/\\\/allasorias.hu\\\/hirek\\\/csokkent-a-foglalkoztatottak-szama-2\\\/\",\"name\":\"Cs\\u00f6kken a foglalkoztatottak sz\\u00e1ma haz\\u00e1nkban\",\"description\":\"A munkaer\\u0151tartal\\u00e9k magasabbra emelkedett egyetlen h\\u00f3nap alatt, mint amilyen magasan a koronav\\u00edrus-j\\u00e1rv\\u00e1ny els\\u0151 hull\\u00e1m\\u00e1ban volt, amikor kij\\u00e1r\\u00e1si korl\\u00e1toz\\u00e1s \\u00e9s lez\\u00e1r\\u00e1sok okoztak hatalmas gazdas\\u00e1gi visszaes\\u00e9st. Egy h\\u00f3nap alatt 88 ezer f\\u0151vel, 467 ezerre n\\u0151tt a munkaer\\u0151-tartal\\u00e9k Magyarorsz\\u00e1gon a koronav\\u00edrus-j\\u00e1rv\\u00e1ny m\\u00e1sodik hull\\u00e1m\\u00e1nak hat\\u00e1s\\u00e1ra. Orb\\u00e1n Viktor minisztereln\\u00f6k m\\u00e1r reggel k\\u00f6z\\u00f6lte (m\\u00e9g a KSH adatainak megjelen\\u00e9se el\\u0151tt), hogy id\\u00e9n\",\"inLanguage\":\"hu-HU\",\"isPartOf\":{\"@id\":\"https:\\\/\\\/allasorias.hu\\\/hirek\\\/#website\"},\"breadcrumb\":{\"@id\":\"https:\\\/\\\/allasorias.hu\\\/hirek\\\/csokkent-a-foglalkoztatottak-szama-2\\\/#breadcrumblist\"},\"author\":{\"@id\":\"https:\\\/\\\/allasorias.hu\\\/hirek\\\/author\\\/admin-allasorias\\\/#author\"},\"creator\":{\"@id\":\"https:\\\/\\\/allasorias.hu\\\/hirek\\\/author\\\/admin-allasorias\\\/#author\"},\"image\":{\"@type\":\"ImageObject\",\"url\":\"https:\\\/\\\/allasorias.hu\\\/hirek\\\/wp-content\\\/uploads\\\/2020\\\/07\\\/315.jpg\",\"@id\":\"https:\\\/\\\/allasorias.hu\\\/hirek\\\/csokkent-a-foglalkoztatottak-szama-2\\\/#mainImage\",\"width\":315,\"height\":225,\"caption\":\"The economic crisis arrows fall concept, graph maker stock fall showing on tablet with businessman, indicating the economic recession that will occur\"},\"primaryImageOfPage\":{\"@id\":\"https:\\\/\\\/allasorias.hu\\\/hirek\\\/csokkent-a-foglalkoztatottak-szama-2\\\/#mainImage\"},\"datePublished\":\"2021-03-01T09:38:19+02:00\",\"dateModified\":\"2025-05-13T13:12:54+02:00\"},{\"@type\":\"WebSite\",\"@id\":\"https:\\\/\\\/allasorias.hu\\\/hirek\\\/#website\",\"url\":\"https:\\\/\\\/allasorias.hu\\\/hirek\\\/\",\"name\":\"AllasOrias.hu | H\\u00edrek-lapszemle\",\"description\":\"\\u00dczleti h\\u00edrek az \\u00e1ll\\u00e1s \\u00e9s a munka vil\\u00e1g\\u00e1b\\u00f3l\",\"inLanguage\":\"hu-HU\",\"publisher\":{\"@id\":\"https:\\\/\\\/allasorias.hu\\\/hirek\\\/#organization\"}}]}\n\t\t<\/script>\n\t\t<!-- All in One SEO -->\n\n","aioseo_head_json":{"title":"Cs\u00f6kken a foglalkoztatottak sz\u00e1ma haz\u00e1nkban","description":"A munkaer\u0151tartal\u00e9k magasabbra emelkedett egyetlen h\u00f3nap alatt, mint amilyen magasan a koronav\u00edrus-j\u00e1rv\u00e1ny els\u0151 hull\u00e1m\u00e1ban volt, amikor kij\u00e1r\u00e1si korl\u00e1toz\u00e1s \u00e9s lez\u00e1r\u00e1sok okoztak hatalmas gazdas\u00e1gi visszaes\u00e9st. Egy h\u00f3nap alatt 88 ezer f\u0151vel, 467 ezerre n\u0151tt a munkaer\u0151-tartal\u00e9k Magyarorsz\u00e1gon a koronav\u00edrus-j\u00e1rv\u00e1ny m\u00e1sodik hull\u00e1m\u00e1nak hat\u00e1s\u00e1ra. Orb\u00e1n Viktor minisztereln\u00f6k m\u00e1r reggel k\u00f6z\u00f6lte (m\u00e9g a KSH adatainak megjelen\u00e9se el\u0151tt), hogy id\u00e9n","canonical_url":"https:\/\/allasorias.hu\/hirek\/csokkent-a-foglalkoztatottak-szama-2\/","robots":"max-image-preview:large","keywords":"","webmasterTools":{"miscellaneous":""},"schema":{"@context":"https:\/\/schema.org","@graph":[{"@type":"Article","@id":"https:\/\/allasorias.hu\/hirek\/csokkent-a-foglalkoztatottak-szama-2\/#article","name":"Cs\u00f6kken a foglalkoztatottak sz\u00e1ma haz\u00e1nkban","headline":"Cs\u00f6kken\u0151 tendencia a foglalkoztatottak sz\u00e1m\u00e1ban","author":{"@id":"https:\/\/allasorias.hu\/hirek\/author\/admin-allasorias\/#author"},"publisher":{"@id":"https:\/\/allasorias.hu\/hirek\/#organization"},"image":{"@type":"ImageObject","url":"https:\/\/allasorias.hu\/hirek\/wp-content\/uploads\/2020\/07\/315.jpg","width":315,"height":225,"caption":"The economic crisis arrows fall concept, graph maker stock fall showing on tablet with businessman, indicating the economic recession that will occur"},"datePublished":"2021-03-01T09:38:19+02:00","dateModified":"2025-05-13T13:12:54+02:00","inLanguage":"hu-HU","mainEntityOfPage":{"@id":"https:\/\/allasorias.hu\/hirek\/csokkent-a-foglalkoztatottak-szama-2\/#webpage"},"isPartOf":{"@id":"https:\/\/allasorias.hu\/hirek\/csokkent-a-foglalkoztatottak-szama-2\/#webpage"},"articleSection":"Munkaer\u0151piac"},{"@type":"BreadcrumbList","@id":"https:\/\/allasorias.hu\/hirek\/csokkent-a-foglalkoztatottak-szama-2\/#breadcrumblist","itemListElement":[{"@type":"ListItem","@id":"https:\/\/allasorias.hu\/hirek#listItem","position":1,"name":"Home","item":"https:\/\/allasorias.hu\/hirek","nextItem":{"@type":"ListItem","@id":"https:\/\/allasorias.hu\/hirek\/temak\/munkaeropiac\/#listItem","name":"Munkaer\u0151piac"}},{"@type":"ListItem","@id":"https:\/\/allasorias.hu\/hirek\/temak\/munkaeropiac\/#listItem","position":2,"name":"Munkaer\u0151piac","item":"https:\/\/allasorias.hu\/hirek\/temak\/munkaeropiac\/","nextItem":{"@type":"ListItem","@id":"https:\/\/allasorias.hu\/hirek\/csokkent-a-foglalkoztatottak-szama-2\/#listItem","name":"Cs\u00f6kken\u0151 tendencia a foglalkoztatottak sz\u00e1m\u00e1ban"},"previousItem":{"@type":"ListItem","@id":"https:\/\/allasorias.hu\/hirek#listItem","name":"Home"}},{"@type":"ListItem","@id":"https:\/\/allasorias.hu\/hirek\/csokkent-a-foglalkoztatottak-szama-2\/#listItem","position":3,"name":"Cs\u00f6kken\u0151 tendencia a foglalkoztatottak sz\u00e1m\u00e1ban","previousItem":{"@type":"ListItem","@id":"https:\/\/allasorias.hu\/hirek\/temak\/munkaeropiac\/#listItem","name":"Munkaer\u0151piac"}}]},{"@type":"Organization","@id":"https:\/\/allasorias.hu\/hirek\/#organization","name":"AllasOrias.hu | H\u00edrek-lapszemle","description":"\u00dczleti h\u00edrek az \u00e1ll\u00e1s \u00e9s a munka vil\u00e1g\u00e1b\u00f3l","url":"https:\/\/allasorias.hu\/hirek\/","logo":{"@type":"ImageObject","url":"https:\/\/allasorias.hu\/hirek\/wp-content\/uploads\/2022\/10\/allasorias_site_facebok_logo.png","@id":"https:\/\/allasorias.hu\/hirek\/csokkent-a-foglalkoztatottak-szama-2\/#organizationLogo"},"image":{"@id":"https:\/\/allasorias.hu\/hirek\/csokkent-a-foglalkoztatottak-szama-2\/#organizationLogo"},"sameAs":["https:\/\/www.facebook.com\/allasorias","https:\/\/www.linkedin.com\/company\/allasorias"]},{"@type":"Person","@id":"https:\/\/allasorias.hu\/hirek\/author\/admin-allasorias\/#author","url":"https:\/\/allasorias.hu\/hirek\/author\/admin-allasorias\/","name":"Juh\u00e1sz P\u00e9ter","image":{"@type":"ImageObject","@id":"https:\/\/allasorias.hu\/hirek\/csokkent-a-foglalkoztatottak-szama-2\/#authorImage","url":"https:\/\/secure.gravatar.com\/avatar\/36e6bcb83148978b992977cb0f54d22feb0cce8a0a849a9410532bb2623ba4c6?s=96&d=mm&r=g","width":96,"height":96,"caption":"Juh\u00e1sz P\u00e9ter"}},{"@type":"WebPage","@id":"https:\/\/allasorias.hu\/hirek\/csokkent-a-foglalkoztatottak-szama-2\/#webpage","url":"https:\/\/allasorias.hu\/hirek\/csokkent-a-foglalkoztatottak-szama-2\/","name":"Cs\u00f6kken a foglalkoztatottak sz\u00e1ma haz\u00e1nkban","description":"A munkaer\u0151tartal\u00e9k magasabbra emelkedett egyetlen h\u00f3nap alatt, mint amilyen magasan a koronav\u00edrus-j\u00e1rv\u00e1ny els\u0151 hull\u00e1m\u00e1ban volt, amikor kij\u00e1r\u00e1si korl\u00e1toz\u00e1s \u00e9s lez\u00e1r\u00e1sok okoztak hatalmas gazdas\u00e1gi visszaes\u00e9st. Egy h\u00f3nap alatt 88 ezer f\u0151vel, 467 ezerre n\u0151tt a munkaer\u0151-tartal\u00e9k Magyarorsz\u00e1gon a koronav\u00edrus-j\u00e1rv\u00e1ny m\u00e1sodik hull\u00e1m\u00e1nak hat\u00e1s\u00e1ra. Orb\u00e1n Viktor minisztereln\u00f6k m\u00e1r reggel k\u00f6z\u00f6lte (m\u00e9g a KSH adatainak megjelen\u00e9se el\u0151tt), hogy id\u00e9n","inLanguage":"hu-HU","isPartOf":{"@id":"https:\/\/allasorias.hu\/hirek\/#website"},"breadcrumb":{"@id":"https:\/\/allasorias.hu\/hirek\/csokkent-a-foglalkoztatottak-szama-2\/#breadcrumblist"},"author":{"@id":"https:\/\/allasorias.hu\/hirek\/author\/admin-allasorias\/#author"},"creator":{"@id":"https:\/\/allasorias.hu\/hirek\/author\/admin-allasorias\/#author"},"image":{"@type":"ImageObject","url":"https:\/\/allasorias.hu\/hirek\/wp-content\/uploads\/2020\/07\/315.jpg","@id":"https:\/\/allasorias.hu\/hirek\/csokkent-a-foglalkoztatottak-szama-2\/#mainImage","width":315,"height":225,"caption":"The economic crisis arrows fall concept, graph maker stock fall showing on tablet with businessman, indicating the economic recession that will occur"},"primaryImageOfPage":{"@id":"https:\/\/allasorias.hu\/hirek\/csokkent-a-foglalkoztatottak-szama-2\/#mainImage"},"datePublished":"2021-03-01T09:38:19+02:00","dateModified":"2025-05-13T13:12:54+02:00"},{"@type":"WebSite","@id":"https:\/\/allasorias.hu\/hirek\/#website","url":"https:\/\/allasorias.hu\/hirek\/","name":"AllasOrias.hu | H\u00edrek-lapszemle","description":"\u00dczleti h\u00edrek az \u00e1ll\u00e1s \u00e9s a munka vil\u00e1g\u00e1b\u00f3l","inLanguage":"hu-HU","publisher":{"@id":"https:\/\/allasorias.hu\/hirek\/#organization"}}]},"og:locale":"hu_HU","og:site_name":"AllasOrias.hu | H\u00edrek-lapszemle | \u00dczleti h\u00edrek az \u00e1ll\u00e1s \u00e9s a munka vil\u00e1g\u00e1b\u00f3l","og:type":"article","og:title":"Cs\u00f6kken a foglalkoztatottak sz\u00e1ma haz\u00e1nkban","og:description":"A munkaer\u0151tartal\u00e9k magasabbra emelkedett egyetlen h\u00f3nap alatt, mint amilyen magasan a koronav\u00edrus-j\u00e1rv\u00e1ny els\u0151 hull\u00e1m\u00e1ban volt, amikor kij\u00e1r\u00e1si korl\u00e1toz\u00e1s \u00e9s lez\u00e1r\u00e1sok okoztak hatalmas gazdas\u00e1gi visszaes\u00e9st. Egy h\u00f3nap alatt 88 ezer f\u0151vel, 467 ezerre n\u0151tt a munkaer\u0151-tartal\u00e9k Magyarorsz\u00e1gon a koronav\u00edrus-j\u00e1rv\u00e1ny m\u00e1sodik hull\u00e1m\u00e1nak hat\u00e1s\u00e1ra. Orb\u00e1n Viktor minisztereln\u00f6k m\u00e1r reggel k\u00f6z\u00f6lte (m\u00e9g a KSH adatainak megjelen\u00e9se el\u0151tt), hogy id\u00e9n","og:url":"https:\/\/allasorias.hu\/hirek\/csokkent-a-foglalkoztatottak-szama-2\/","og:image":"https:\/\/allasorias.hu\/hirek\/wp-content\/uploads\/2020\/07\/315.jpg","og:image:secure_url":"https:\/\/allasorias.hu\/hirek\/wp-content\/uploads\/2020\/07\/315.jpg","og:image:width":315,"og:image:height":225,"article:published_time":"2021-03-01T09:38:19+00:00","article:modified_time":"2025-05-13T11:12:54+00:00","article:publisher":"https:\/\/www.facebook.com\/allasorias","twitter:card":"summary_large_image","twitter:title":"Cs\u00f6kken a foglalkoztatottak sz\u00e1ma haz\u00e1nkban","twitter:description":"A munkaer\u0151tartal\u00e9k magasabbra emelkedett egyetlen h\u00f3nap alatt, mint amilyen magasan a koronav\u00edrus-j\u00e1rv\u00e1ny els\u0151 hull\u00e1m\u00e1ban volt, amikor kij\u00e1r\u00e1si korl\u00e1toz\u00e1s \u00e9s lez\u00e1r\u00e1sok okoztak hatalmas gazdas\u00e1gi visszaes\u00e9st. Egy h\u00f3nap alatt 88 ezer f\u0151vel, 467 ezerre n\u0151tt a munkaer\u0151-tartal\u00e9k Magyarorsz\u00e1gon a koronav\u00edrus-j\u00e1rv\u00e1ny m\u00e1sodik hull\u00e1m\u00e1nak hat\u00e1s\u00e1ra. Orb\u00e1n Viktor minisztereln\u00f6k m\u00e1r reggel k\u00f6z\u00f6lte (m\u00e9g a KSH adatainak megjelen\u00e9se el\u0151tt), hogy id\u00e9n","twitter:image":"https:\/\/allasorias.hu\/hirek\/wp-content\/uploads\/2020\/07\/315.jpg","twitter:label1":"Written by","twitter:data1":"Juh\u00e1sz P\u00e9ter","twitter:label2":"Est. reading time","twitter:data2":"2 minutes"},"aioseo_meta_data":{"post_id":"4615","title":"Cs\u00f6kken a foglalkoztatottak sz\u00e1ma haz\u00e1nkban","description":null,"keywords":null,"keyphrases":{"focus":{"keyphrase":"","score":0,"analysis":{"keyphraseInTitle":{"score":0,"maxScore":9,"error":1}}},"additional":[]},"primary_term":null,"canonical_url":null,"og_title":null,"og_description":null,"og_object_type":"default","og_image_type":"default","og_image_url":null,"og_image_width":null,"og_image_height":null,"og_image_custom_url":null,"og_image_custom_fields":null,"og_video":"","og_custom_url":null,"og_article_section":null,"og_article_tags":null,"twitter_use_og":false,"twitter_card":"default","twitter_image_type":"default","twitter_image_url":null,"twitter_image_custom_url":null,"twitter_image_custom_fields":null,"twitter_title":null,"twitter_description":null,"schema":{"blockGraphs":[],"customGraphs":[],"default":{"data":{"Article":[],"Course":[],"Dataset":[],"FAQPage":[],"Movie":[],"Person":[],"Product":[],"ProductReview":[],"Car":[],"Recipe":[],"Service":[],"SoftwareApplication":[],"WebPage":[]},"graphName":"Article","isEnabled":true},"graphs":[],"defaultGraph":"","defaultPostTypeGraph":""},"schema_type":"none","schema_type_options":"{\"webPage\":{\"webPageType\":\"WebPage\"},\"article\":{\"articleType\":\"BlogPosting\"},\"book\":[],\"course\":[],\"event\":[],\"jobPosting\":[],\"music\":[],\"person\":[],\"product\":[],\"recipe\":[],\"restaurant\":[],\"service\":[],\"software\":[],\"video\":[]}","pillar_content":false,"robots_default":true,"robots_noindex":false,"robots_noarchive":false,"robots_nosnippet":false,"robots_nofollow":false,"robots_noimageindex":false,"robots_noodp":false,"robots_notranslate":false,"robots_max_snippet":"-1","robots_max_videopreview":"-1","robots_max_imagepreview":"large","priority":null,"frequency":"default","location":null,"local_seo":null,"breadcrumb_settings":null,"limit_modified_date":false,"ai":null,"created":"2021-03-01 09:37:15","updated":"2025-10-02 15:27:59","seo_analyzer_scan_date":null,"focus_keyword":null,"additional_keywords":null,"truseo_locale":null},"aioseo_breadcrumb":"<div class=\"aioseo-breadcrumbs\"><span class=\"aioseo-breadcrumb\">\n\t\t\t<a href=\"https:\/\/allasorias.hu\/hirek\" title=\"Home\">Home<\/a>\n\t\t<\/span><span class=\"aioseo-breadcrumb-separator\">&raquo;<\/span><span class=\"aioseo-breadcrumb\">\n\t\t\t<a href=\"https:\/\/allasorias.hu\/hirek\/temak\/munkaeropiac\/\" title=\"Munkaer\u0151piac\">Munkaer\u0151piac<\/a>\n\t\t<\/span><span class=\"aioseo-breadcrumb-separator\">&raquo;<\/span><span class=\"aioseo-breadcrumb\">\n\t\t\tCs\u00f6kken\u0151 tendencia a foglalkoztatottak sz\u00e1m\u00e1ban\n\t\t<\/span><\/div>","aioseo_breadcrumb_json":[{"label":"Home","link":"https:\/\/allasorias.hu\/hirek"},{"label":"Munkaer\u0151piac","link":"https:\/\/allasorias.hu\/hirek\/temak\/munkaeropiac\/"},{"label":"Cs\u00f6kken\u0151 tendencia a foglalkoztatottak sz\u00e1m\u00e1ban","link":"https:\/\/allasorias.hu\/hirek\/csokkent-a-foglalkoztatottak-szama-2\/"}],"_links":{"self":[{"href":"https:\/\/allasorias.hu\/hirek\/wp-json\/wp\/v2\/posts\/4615","targetHints":{"allow":["GET"]}}],"collection":[{"href":"https:\/\/allasorias.hu\/hirek\/wp-json\/wp\/v2\/posts"}],"about":[{"href":"https:\/\/allasorias.hu\/hirek\/wp-json\/wp\/v2\/types\/post"}],"author":[{"embeddable":true,"href":"https:\/\/allasorias.hu\/hirek\/wp-json\/wp\/v2\/users\/1"}],"replies":[{"embeddable":true,"href":"https:\/\/allasorias.hu\/hirek\/wp-json\/wp\/v2\/comments?post=4615"}],"version-history":[{"count":2,"href":"https:\/\/allasorias.hu\/hirek\/wp-json\/wp\/v2\/posts\/4615\/revisions"}],"predecessor-version":[{"id":8376,"href":"https:\/\/allasorias.hu\/hirek\/wp-json\/wp\/v2\/posts\/4615\/revisions\/8376"}],"wp:featuredmedia":[{"embeddable":true,"href":"https:\/\/allasorias.hu\/hirek\/wp-json\/wp\/v2\/media\/4103"}],"wp:attachment":[{"href":"https:\/\/allasorias.hu\/hirek\/wp-json\/wp\/v2\/media?parent=4615"}],"wp:term":[{"taxonomy":"category","embeddable":true,"href":"https:\/\/allasorias.hu\/hirek\/wp-json\/wp\/v2\/categories?post=4615"},{"taxonomy":"post_tag","embeddable":true,"href":"https:\/\/allasorias.hu\/hirek\/wp-json\/wp\/v2\/tags?post=4615"}],"curies":[{"name":"wp","href":"https:\/\/api.w.org\/{rel}","templated":true}]}}