{"id":4586,"date":"2021-02-17T08:48:56","date_gmt":"2021-02-17T08:48:56","guid":{"rendered":"https:\/\/allasorias.hu\/hirek\/?p=4586"},"modified":"2021-02-17T08:48:56","modified_gmt":"2021-02-17T08:48:56","slug":"orszagos-akcioellenorzes-indul-egyes-vallalatoknal","status":"publish","type":"post","link":"https:\/\/allasorias.hu\/hirek\/orszagos-akcioellenorzes-indul-egyes-vallalatoknal\/","title":{"rendered":"Orsz\u00e1gos akci\u00f3ellen\u0151rz\u00e9s indul egyes v\u00e1llalatokn\u00e1l"},"content":{"rendered":"<p><strong>Munka\u00fcgyi ellen\u0151rz\u00e9s indul a legs\u00falyosabb jogs\u00e9rt\u00e9sek felt\u00e1r\u00e1s\u00e1ra. A munka\u00fcgyi hat\u00f3s\u00e1g kiemelt c\u00e9lja, hogy a rendelkez\u00e9sre \u00e1ll\u00f3 er\u0151forr\u00e1saival min\u00e9l hat\u00e9konyabban mozd\u00edtsa el\u0151re a gazdas\u00e1g tov\u00e1bbi feh\u00e9r\u00edt\u00e9s\u00e9t a munkaer\u0151piac ter\u00fclet\u00e9n &#8211; mondta Bod\u00f3 S\u00e1ndor. <\/strong><\/p>\n<p>Az Innov\u00e1ci\u00f3s \u00e9s Technol\u00f3giai Miniszt\u00e9rium foglalkoztat\u00e1spolitik\u00e1\u00e9rt felel\u0151s \u00e1llamtitk\u00e1ra hozz\u00e1tette, ennek \u00e9rdek\u00e9ben 2021-ben h\u00e1rom alkalommal is orsz\u00e1gos akci\u00f3ellen\u0151rz\u00e9st vagy c\u00e9lvizsg\u00e1latot tartanak a jogk\u00f6vet\u0151 foglalkoztat\u00e1s ellen\u0151rz\u00e9se ter\u00e9n, illetve az \u00e9p\u00edt\u0151ipari, a szem\u00e9ly- \u00e9s vagyonv\u00e9delmi, \u00e9s a takar\u00edt\u00e1si tev\u00e9kenys\u00e9get v\u00e9gz\u0151 munk\u00e1ltat\u00f3kn\u00e1l. A munka\u00fcgyi ellen\u0151rz\u00e9st v\u00e9gz\u0151 hat\u00f3s\u00e1gok vizsg\u00e1lataikat a legs\u00falyosabb jogs\u00e9rt\u00e9sek felt\u00e1r\u00e1s\u00e1ra \u00f6sszpontos\u00edtj\u00e1k. Az ellen\u0151rz\u00e9si c\u00e9lpontok kiv\u00e1laszt\u00e1s\u00e1n\u00e1l figyelembe veszik a megel\u0151z\u0151 id\u0151szakban felt\u00e1rt munka\u00fcgyi hi\u00e1nyoss\u00e1gokat, az \u00e1gazati \u00e9s ter\u00fcleti saj\u00e1toss\u00e1gokat. Az el\u0151z\u0151 \u00e9vek tapasztalatai alapj\u00e1n az \u00e9p\u00edt\u0151ipar felel a legt\u00f6bb munkav\u00e1llal\u00f3 bejelent\u00e9s\u00e9nek elmulaszt\u00e1s\u00e1\u00e9rt, a legfert\u0151z\u00f6ttebb szektor a feketefoglalkoztat\u00e1s szempontj\u00e1b\u00f3l. \u00c9ppen ez\u00e9rt v\u00e9gzi el a munka\u00fcgyi hat\u00f3s\u00e1g az \u00e1gazatban m\u0171k\u00f6d\u0151 munk\u00e1ltat\u00f3k foglalkoztat\u00e1si gyakorlat\u00e1nak c\u00e9lvizsg\u00e1lat\u00e1t 2021 tavasz\u00e1n. A ny\u00e1r elej\u00e9n a munkav\u00e1llal\u00f3k jogviszony\u00e1nak rendezetts\u00e9ge \u00e9rdek\u00e9ben a foglalkoztat\u00e1suk alapvet\u0151 szab\u00e1lyainak \u00e9rv\u00e9nyre juttat\u00e1s\u00e1ra ir\u00e1nyul\u00f3 akci\u00f3ellen\u0151rz\u00e9s v\u00e1rhat\u00f3, k\u00fcl\u00f6n\u00f6s tekintettel a harmadik orsz\u00e1gbeli \u00e1llampolg\u00e1rok szab\u00e1lytalan foglalkoztat\u00e1s\u00e1ra. A hat\u00f3s\u00e1g ezzel seg\u00edti el\u0151 a dolgoz\u00f3k alapvet\u0151 jogainak \u00e9rv\u00e9nyes\u00fcl\u00e9s\u00e9t, cs\u00f6kkenti a tisztess\u00e9ges, jogk\u00f6vet\u0151 v\u00e1llalkoz\u00e1sok versenyh\u00e1tr\u00e1ny\u00e1t. 2021 \u0151sz\u00e9n a tervek szerint a szem\u00e9ly- \u00e9s vagyonv\u00e9delmi, takar\u00edt\u00e1si tev\u00e9kenys\u00e9get v\u00e9gz\u0151 munk\u00e1ltat\u00f3k foglalkoztat\u00e1si gyakorlat\u00e1nak c\u00e9lvizsg\u00e1lata k\u00f6vetkezik. A szem\u00e9ly- \u00e9s vagyonv\u00e9delmi munk\u00e1ltat\u00f3k a bejelent\u00e9s n\u00e9lk\u00fcli foglalkoztat\u00e1s mellett gyakran a munkaid\u0151vel, nyilv\u00e1ntart\u00e1si k\u00f6telezetts\u00e9ggel, munkab\u00e9rrel kapcsolatos jogszab\u00e1lyi rendelkez\u00e9seket sem tartj\u00e1k be. A takar\u00edt\u00e1si tev\u00e9kenys\u00e9get v\u00e9gz\u0151k eset\u00e9ben \u00e9vek \u00f3ta nem t\u00f6rt\u00e9nt hasonl\u00f3 jelleg\u0171 c\u00e9lzott vizsg\u00e1lat, amely a ter\u00fcletre jellemz\u0151 kiemelt jogs\u00e9rt\u00e9sek, els\u0151sorban a bejelent\u00e9s n\u00e9lk\u00fcli foglalkoztat\u00e1s miatt is id\u0151szer\u0171. A jogviszonyok rendezetts\u00e9ge hozz\u00e1j\u00e1rul a foglalkoztatottak sz\u00e1m\u00e1nak n\u00f6vel\u00e9s\u00e9hez, a tisztess\u00e9ges munk\u00e1ltat\u00f3k indokolatlan versenyh\u00e1tr\u00e1ny\u00e1nak cs\u00f6kkent\u00e9s\u00e9hez, a k\u00f6zterhek igazs\u00e1gos \u00e9s egyenl\u0151bb megoszt\u00e1s\u00e1hoz. A munkav\u00e1llal\u00f3k \u00e9rdeke, hogy a t\u00e9nyleges munkaidej\u00fcknek megfelel\u0151 bejelentett jogviszonnyal rendelkezzenek, hiszen egy\u00e9b ell\u00e1t\u00e1saik id\u0151tartama \u00e9s \u00f6sszege is ezen m\u00falhat &#8211; hangs\u00falyozta Bod\u00f3 S\u00e1ndor.<\/p>\n<p>Forr\u00e1s: penzcentrum.hu<\/p>\n","protected":false},"excerpt":{"rendered":"<p>Munka\u00fcgyi ellen\u0151rz\u00e9s indul a legs\u00falyosabb jogs\u00e9rt\u00e9sek felt\u00e1r\u00e1s\u00e1ra. A munka\u00fcgyi hat\u00f3s\u00e1g kiemelt c\u00e9lja, hogy a rendelkez\u00e9sre \u00e1ll\u00f3 er\u0151forr\u00e1saival min\u00e9l hat\u00e9konyabban mozd\u00edtsa el\u0151re a gazdas\u00e1g tov\u00e1bbi feh\u00e9r\u00edt\u00e9s\u00e9t a munkaer\u0151piac ter\u00fclet\u00e9n &#8211; mondta Bod\u00f3 S\u00e1ndor. Az Innov\u00e1ci\u00f3s \u00e9s Technol\u00f3giai Miniszt\u00e9rium foglalkoztat\u00e1spolitik\u00e1\u00e9rt felel\u0151s \u00e1llamtitk\u00e1ra hozz\u00e1tette, ennek \u00e9rdek\u00e9ben 2021-ben h\u00e1rom alkalommal is orsz\u00e1gos akci\u00f3ellen\u0151rz\u00e9st vagy c\u00e9lvizsg\u00e1latot tartanak a jogk\u00f6vet\u0151 foglalkoztat\u00e1s [&hellip;]<\/p>\n","protected":false},"author":1,"featured_media":4588,"comment_status":"open","ping_status":"open","sticky":false,"template":"","format":"standard","meta":{"_monsterinsights_skip_tracking":false,"footnotes":""},"categories":[200],"tags":[],"class_list":["post-4586","post","type-post","status-publish","format-standard","has-post-thumbnail","hentry","category-munkaeropiac"],"aioseo_notices":[],"aioseo_head":"\n\t\t<!-- All in One SEO 5.0.0.1 - aioseo.com -->\n\t<meta name=\"description\" content=\"Munka\u00fcgyi ellen\u0151rz\u00e9s indul a legs\u00falyosabb jogs\u00e9rt\u00e9sek felt\u00e1r\u00e1s\u00e1ra. A munka\u00fcgyi hat\u00f3s\u00e1g kiemelt c\u00e9lja, hogy a rendelkez\u00e9sre \u00e1ll\u00f3 er\u0151forr\u00e1saival min\u00e9l hat\u00e9konyabban mozd\u00edtsa el\u0151re a gazdas\u00e1g tov\u00e1bbi feh\u00e9r\u00edt\u00e9s\u00e9t a munkaer\u0151piac ter\u00fclet\u00e9n - mondta Bod\u00f3 S\u00e1ndor. Az Innov\u00e1ci\u00f3s \u00e9s Technol\u00f3giai Miniszt\u00e9rium foglalkoztat\u00e1spolitik\u00e1\u00e9rt felel\u0151s \u00e1llamtitk\u00e1ra hozz\u00e1tette, ennek \u00e9rdek\u00e9ben 2021-ben h\u00e1rom alkalommal is orsz\u00e1gos akci\u00f3ellen\u0151rz\u00e9st vagy c\u00e9lvizsg\u00e1latot tartanak a jogk\u00f6vet\u0151 foglalkoztat\u00e1s\" \/>\n\t<meta name=\"robots\" content=\"max-image-preview:large\" \/>\n\t<meta name=\"author\" content=\"Juh\u00e1sz P\u00e9ter\"\/>\n\t<link rel=\"canonical\" href=\"https:\/\/allasorias.hu\/hirek\/orszagos-akcioellenorzes-indul-egyes-vallalatoknal\/\" \/>\n\t<meta name=\"generator\" content=\"All in One SEO (AIOSEO) 5.0.0.1\" \/>\n\t\t<meta property=\"og:locale\" content=\"hu_HU\" \/>\n\t\t<meta property=\"og:site_name\" content=\"AllasOrias.hu | H\u00edrek-lapszemle | \u00dczleti h\u00edrek az \u00e1ll\u00e1s \u00e9s a munka vil\u00e1g\u00e1b\u00f3l\" \/>\n\t\t<meta property=\"og:type\" content=\"article\" \/>\n\t\t<meta property=\"og:title\" content=\"Orsz\u00e1gos akci\u00f3ellen\u0151rz\u00e9s indul egyes v\u00e1llalatokn\u00e1l | AllasOrias.hu | H\u00edrek-lapszemle\" \/>\n\t\t<meta property=\"og:description\" content=\"Munka\u00fcgyi ellen\u0151rz\u00e9s indul a legs\u00falyosabb jogs\u00e9rt\u00e9sek felt\u00e1r\u00e1s\u00e1ra. A munka\u00fcgyi hat\u00f3s\u00e1g kiemelt c\u00e9lja, hogy a rendelkez\u00e9sre \u00e1ll\u00f3 er\u0151forr\u00e1saival min\u00e9l hat\u00e9konyabban mozd\u00edtsa el\u0151re a gazdas\u00e1g tov\u00e1bbi feh\u00e9r\u00edt\u00e9s\u00e9t a munkaer\u0151piac ter\u00fclet\u00e9n - mondta Bod\u00f3 S\u00e1ndor. Az Innov\u00e1ci\u00f3s \u00e9s Technol\u00f3giai Miniszt\u00e9rium foglalkoztat\u00e1spolitik\u00e1\u00e9rt felel\u0151s \u00e1llamtitk\u00e1ra hozz\u00e1tette, ennek \u00e9rdek\u00e9ben 2021-ben h\u00e1rom alkalommal is orsz\u00e1gos akci\u00f3ellen\u0151rz\u00e9st vagy c\u00e9lvizsg\u00e1latot tartanak a jogk\u00f6vet\u0151 foglalkoztat\u00e1s\" \/>\n\t\t<meta property=\"og:url\" content=\"https:\/\/allasorias.hu\/hirek\/orszagos-akcioellenorzes-indul-egyes-vallalatoknal\/\" \/>\n\t\t<meta property=\"og:image\" content=\"https:\/\/allasorias.hu\/hirek\/wp-content\/uploads\/2021\/02\/charts-graphs-with-magnifying-glass-pencil-calculator-clock-reflection-light-flare-concept-image-data-gathering-statistical-working.jpg\" \/>\n\t\t<meta property=\"og:image:secure_url\" content=\"https:\/\/allasorias.hu\/hirek\/wp-content\/uploads\/2021\/02\/charts-graphs-with-magnifying-glass-pencil-calculator-clock-reflection-light-flare-concept-image-data-gathering-statistical-working.jpg\" \/>\n\t\t<meta property=\"og:image:width\" content=\"1920\" \/>\n\t\t<meta property=\"og:image:height\" content=\"1280\" \/>\n\t\t<meta property=\"article:published_time\" content=\"2021-02-17T08:48:56+00:00\" \/>\n\t\t<meta property=\"article:modified_time\" content=\"2021-02-17T08:48:56+00:00\" \/>\n\t\t<meta property=\"article:publisher\" content=\"https:\/\/www.facebook.com\/allasorias\" \/>\n\t\t<meta name=\"twitter:card\" content=\"summary_large_image\" \/>\n\t\t<meta name=\"twitter:title\" content=\"Orsz\u00e1gos akci\u00f3ellen\u0151rz\u00e9s indul egyes v\u00e1llalatokn\u00e1l | AllasOrias.hu | H\u00edrek-lapszemle\" \/>\n\t\t<meta name=\"twitter:description\" content=\"Munka\u00fcgyi ellen\u0151rz\u00e9s indul a legs\u00falyosabb jogs\u00e9rt\u00e9sek felt\u00e1r\u00e1s\u00e1ra. A munka\u00fcgyi hat\u00f3s\u00e1g kiemelt c\u00e9lja, hogy a rendelkez\u00e9sre \u00e1ll\u00f3 er\u0151forr\u00e1saival min\u00e9l hat\u00e9konyabban mozd\u00edtsa el\u0151re a gazdas\u00e1g tov\u00e1bbi feh\u00e9r\u00edt\u00e9s\u00e9t a munkaer\u0151piac ter\u00fclet\u00e9n - mondta Bod\u00f3 S\u00e1ndor. Az Innov\u00e1ci\u00f3s \u00e9s Technol\u00f3giai Miniszt\u00e9rium foglalkoztat\u00e1spolitik\u00e1\u00e9rt felel\u0151s \u00e1llamtitk\u00e1ra hozz\u00e1tette, ennek \u00e9rdek\u00e9ben 2021-ben h\u00e1rom alkalommal is orsz\u00e1gos akci\u00f3ellen\u0151rz\u00e9st vagy c\u00e9lvizsg\u00e1latot tartanak a jogk\u00f6vet\u0151 foglalkoztat\u00e1s\" \/>\n\t\t<meta name=\"twitter:image\" content=\"https:\/\/allasorias.hu\/hirek\/wp-content\/uploads\/2021\/02\/charts-graphs-with-magnifying-glass-pencil-calculator-clock-reflection-light-flare-concept-image-data-gathering-statistical-working.jpg\" \/>\n\t\t<meta name=\"twitter:label1\" content=\"Written by\" \/>\n\t\t<meta name=\"twitter:data1\" content=\"Juh\u00e1sz P\u00e9ter\" \/>\n\t\t<meta name=\"twitter:label2\" content=\"Est. reading time\" \/>\n\t\t<meta name=\"twitter:data2\" content=\"3 minutes\" \/>\n\t\t<script type=\"application\/ld+json\" class=\"aioseo-schema\">\n\t\t\t{\"@context\":\"https:\\\/\\\/schema.org\",\"@graph\":[{\"@type\":\"Article\",\"@id\":\"https:\\\/\\\/allasorias.hu\\\/hirek\\\/orszagos-akcioellenorzes-indul-egyes-vallalatoknal\\\/#article\",\"name\":\"Orsz\\u00e1gos akci\\u00f3ellen\\u0151rz\\u00e9s indul egyes v\\u00e1llalatokn\\u00e1l | AllasOrias.hu | H\\u00edrek-lapszemle\",\"headline\":\"Orsz\\u00e1gos akci\\u00f3ellen\\u0151rz\\u00e9s indul egyes v\\u00e1llalatokn\\u00e1l\",\"author\":{\"@id\":\"https:\\\/\\\/allasorias.hu\\\/hirek\\\/author\\\/admin-allasorias\\\/#author\"},\"publisher\":{\"@id\":\"https:\\\/\\\/allasorias.hu\\\/hirek\\\/#organization\"},\"image\":{\"@type\":\"ImageObject\",\"url\":\"https:\\\/\\\/allasorias.hu\\\/hirek\\\/wp-content\\\/uploads\\\/2021\\\/02\\\/charts-graphs-with-magnifying-glass-pencil-calculator-clock-reflection-light-flare-concept-image-data-gathering-statistical-working.jpg\",\"width\":1920,\"height\":1280},\"datePublished\":\"2021-02-17T08:48:56+02:00\",\"dateModified\":\"2021-02-17T08:48:56+02:00\",\"inLanguage\":\"hu-HU\",\"mainEntityOfPage\":{\"@id\":\"https:\\\/\\\/allasorias.hu\\\/hirek\\\/orszagos-akcioellenorzes-indul-egyes-vallalatoknal\\\/#webpage\"},\"isPartOf\":{\"@id\":\"https:\\\/\\\/allasorias.hu\\\/hirek\\\/orszagos-akcioellenorzes-indul-egyes-vallalatoknal\\\/#webpage\"},\"articleSection\":\"Munkaer\\u0151piac\"},{\"@type\":\"BreadcrumbList\",\"@id\":\"https:\\\/\\\/allasorias.hu\\\/hirek\\\/orszagos-akcioellenorzes-indul-egyes-vallalatoknal\\\/#breadcrumblist\",\"itemListElement\":[{\"@type\":\"ListItem\",\"@id\":\"https:\\\/\\\/allasorias.hu\\\/hirek#listItem\",\"position\":1,\"name\":\"Home\",\"item\":\"https:\\\/\\\/allasorias.hu\\\/hirek\",\"nextItem\":{\"@type\":\"ListItem\",\"@id\":\"https:\\\/\\\/allasorias.hu\\\/hirek\\\/temak\\\/munkaeropiac\\\/#listItem\",\"name\":\"Munkaer\\u0151piac\"}},{\"@type\":\"ListItem\",\"@id\":\"https:\\\/\\\/allasorias.hu\\\/hirek\\\/temak\\\/munkaeropiac\\\/#listItem\",\"position\":2,\"name\":\"Munkaer\\u0151piac\",\"item\":\"https:\\\/\\\/allasorias.hu\\\/hirek\\\/temak\\\/munkaeropiac\\\/\",\"nextItem\":{\"@type\":\"ListItem\",\"@id\":\"https:\\\/\\\/allasorias.hu\\\/hirek\\\/orszagos-akcioellenorzes-indul-egyes-vallalatoknal\\\/#listItem\",\"name\":\"Orsz\\u00e1gos akci\\u00f3ellen\\u0151rz\\u00e9s indul egyes v\\u00e1llalatokn\\u00e1l\"},\"previousItem\":{\"@type\":\"ListItem\",\"@id\":\"https:\\\/\\\/allasorias.hu\\\/hirek#listItem\",\"name\":\"Home\"}},{\"@type\":\"ListItem\",\"@id\":\"https:\\\/\\\/allasorias.hu\\\/hirek\\\/orszagos-akcioellenorzes-indul-egyes-vallalatoknal\\\/#listItem\",\"position\":3,\"name\":\"Orsz\\u00e1gos akci\\u00f3ellen\\u0151rz\\u00e9s indul egyes v\\u00e1llalatokn\\u00e1l\",\"previousItem\":{\"@type\":\"ListItem\",\"@id\":\"https:\\\/\\\/allasorias.hu\\\/hirek\\\/temak\\\/munkaeropiac\\\/#listItem\",\"name\":\"Munkaer\\u0151piac\"}}]},{\"@type\":\"Organization\",\"@id\":\"https:\\\/\\\/allasorias.hu\\\/hirek\\\/#organization\",\"name\":\"AllasOrias.hu | H\\u00edrek-lapszemle\",\"description\":\"\\u00dczleti h\\u00edrek az \\u00e1ll\\u00e1s \\u00e9s a munka vil\\u00e1g\\u00e1b\\u00f3l\",\"url\":\"https:\\\/\\\/allasorias.hu\\\/hirek\\\/\",\"logo\":{\"@type\":\"ImageObject\",\"url\":\"https:\\\/\\\/allasorias.hu\\\/hirek\\\/wp-content\\\/uploads\\\/2022\\\/10\\\/allasorias_site_facebok_logo.png\",\"@id\":\"https:\\\/\\\/allasorias.hu\\\/hirek\\\/orszagos-akcioellenorzes-indul-egyes-vallalatoknal\\\/#organizationLogo\"},\"image\":{\"@id\":\"https:\\\/\\\/allasorias.hu\\\/hirek\\\/orszagos-akcioellenorzes-indul-egyes-vallalatoknal\\\/#organizationLogo\"},\"sameAs\":[\"https:\\\/\\\/www.facebook.com\\\/allasorias\",\"https:\\\/\\\/www.linkedin.com\\\/company\\\/allasorias\"]},{\"@type\":\"Person\",\"@id\":\"https:\\\/\\\/allasorias.hu\\\/hirek\\\/author\\\/admin-allasorias\\\/#author\",\"url\":\"https:\\\/\\\/allasorias.hu\\\/hirek\\\/author\\\/admin-allasorias\\\/\",\"name\":\"Juh\\u00e1sz P\\u00e9ter\",\"image\":{\"@type\":\"ImageObject\",\"@id\":\"https:\\\/\\\/allasorias.hu\\\/hirek\\\/orszagos-akcioellenorzes-indul-egyes-vallalatoknal\\\/#authorImage\",\"url\":\"https:\\\/\\\/secure.gravatar.com\\\/avatar\\\/36e6bcb83148978b992977cb0f54d22feb0cce8a0a849a9410532bb2623ba4c6?s=96&d=mm&r=g\",\"width\":96,\"height\":96,\"caption\":\"Juh\\u00e1sz P\\u00e9ter\"}},{\"@type\":\"WebPage\",\"@id\":\"https:\\\/\\\/allasorias.hu\\\/hirek\\\/orszagos-akcioellenorzes-indul-egyes-vallalatoknal\\\/#webpage\",\"url\":\"https:\\\/\\\/allasorias.hu\\\/hirek\\\/orszagos-akcioellenorzes-indul-egyes-vallalatoknal\\\/\",\"name\":\"Orsz\\u00e1gos akci\\u00f3ellen\\u0151rz\\u00e9s indul egyes v\\u00e1llalatokn\\u00e1l | AllasOrias.hu | H\\u00edrek-lapszemle\",\"description\":\"Munka\\u00fcgyi ellen\\u0151rz\\u00e9s indul a legs\\u00falyosabb jogs\\u00e9rt\\u00e9sek felt\\u00e1r\\u00e1s\\u00e1ra. A munka\\u00fcgyi hat\\u00f3s\\u00e1g kiemelt c\\u00e9lja, hogy a rendelkez\\u00e9sre \\u00e1ll\\u00f3 er\\u0151forr\\u00e1saival min\\u00e9l hat\\u00e9konyabban mozd\\u00edtsa el\\u0151re a gazdas\\u00e1g tov\\u00e1bbi feh\\u00e9r\\u00edt\\u00e9s\\u00e9t a munkaer\\u0151piac ter\\u00fclet\\u00e9n - mondta Bod\\u00f3 S\\u00e1ndor. Az Innov\\u00e1ci\\u00f3s \\u00e9s Technol\\u00f3giai Miniszt\\u00e9rium foglalkoztat\\u00e1spolitik\\u00e1\\u00e9rt felel\\u0151s \\u00e1llamtitk\\u00e1ra hozz\\u00e1tette, ennek \\u00e9rdek\\u00e9ben 2021-ben h\\u00e1rom alkalommal is orsz\\u00e1gos akci\\u00f3ellen\\u0151rz\\u00e9st vagy c\\u00e9lvizsg\\u00e1latot tartanak a jogk\\u00f6vet\\u0151 foglalkoztat\\u00e1s\",\"inLanguage\":\"hu-HU\",\"isPartOf\":{\"@id\":\"https:\\\/\\\/allasorias.hu\\\/hirek\\\/#website\"},\"breadcrumb\":{\"@id\":\"https:\\\/\\\/allasorias.hu\\\/hirek\\\/orszagos-akcioellenorzes-indul-egyes-vallalatoknal\\\/#breadcrumblist\"},\"author\":{\"@id\":\"https:\\\/\\\/allasorias.hu\\\/hirek\\\/author\\\/admin-allasorias\\\/#author\"},\"creator\":{\"@id\":\"https:\\\/\\\/allasorias.hu\\\/hirek\\\/author\\\/admin-allasorias\\\/#author\"},\"image\":{\"@type\":\"ImageObject\",\"url\":\"https:\\\/\\\/allasorias.hu\\\/hirek\\\/wp-content\\\/uploads\\\/2021\\\/02\\\/charts-graphs-with-magnifying-glass-pencil-calculator-clock-reflection-light-flare-concept-image-data-gathering-statistical-working.jpg\",\"@id\":\"https:\\\/\\\/allasorias.hu\\\/hirek\\\/orszagos-akcioellenorzes-indul-egyes-vallalatoknal\\\/#mainImage\",\"width\":1920,\"height\":1280},\"primaryImageOfPage\":{\"@id\":\"https:\\\/\\\/allasorias.hu\\\/hirek\\\/orszagos-akcioellenorzes-indul-egyes-vallalatoknal\\\/#mainImage\"},\"datePublished\":\"2021-02-17T08:48:56+02:00\",\"dateModified\":\"2021-02-17T08:48:56+02:00\"},{\"@type\":\"WebSite\",\"@id\":\"https:\\\/\\\/allasorias.hu\\\/hirek\\\/#website\",\"url\":\"https:\\\/\\\/allasorias.hu\\\/hirek\\\/\",\"name\":\"AllasOrias.hu | H\\u00edrek-lapszemle\",\"description\":\"\\u00dczleti h\\u00edrek az \\u00e1ll\\u00e1s \\u00e9s a munka vil\\u00e1g\\u00e1b\\u00f3l\",\"inLanguage\":\"hu-HU\",\"publisher\":{\"@id\":\"https:\\\/\\\/allasorias.hu\\\/hirek\\\/#organization\"}}]}\n\t\t<\/script>\n\t\t<!-- All in One SEO -->\n\n","aioseo_head_json":{"title":"Orsz\u00e1gos akci\u00f3ellen\u0151rz\u00e9s indul egyes v\u00e1llalatokn\u00e1l | AllasOrias.hu | H\u00edrek-lapszemle","description":"Munka\u00fcgyi ellen\u0151rz\u00e9s indul a legs\u00falyosabb jogs\u00e9rt\u00e9sek felt\u00e1r\u00e1s\u00e1ra. A munka\u00fcgyi hat\u00f3s\u00e1g kiemelt c\u00e9lja, hogy a rendelkez\u00e9sre \u00e1ll\u00f3 er\u0151forr\u00e1saival min\u00e9l hat\u00e9konyabban mozd\u00edtsa el\u0151re a gazdas\u00e1g tov\u00e1bbi feh\u00e9r\u00edt\u00e9s\u00e9t a munkaer\u0151piac ter\u00fclet\u00e9n - mondta Bod\u00f3 S\u00e1ndor. Az Innov\u00e1ci\u00f3s \u00e9s Technol\u00f3giai Miniszt\u00e9rium foglalkoztat\u00e1spolitik\u00e1\u00e9rt felel\u0151s \u00e1llamtitk\u00e1ra hozz\u00e1tette, ennek \u00e9rdek\u00e9ben 2021-ben h\u00e1rom alkalommal is orsz\u00e1gos akci\u00f3ellen\u0151rz\u00e9st vagy c\u00e9lvizsg\u00e1latot tartanak a jogk\u00f6vet\u0151 foglalkoztat\u00e1s","canonical_url":"https:\/\/allasorias.hu\/hirek\/orszagos-akcioellenorzes-indul-egyes-vallalatoknal\/","robots":"max-image-preview:large","keywords":"","webmasterTools":{"miscellaneous":""},"schema":{"@context":"https:\/\/schema.org","@graph":[{"@type":"Article","@id":"https:\/\/allasorias.hu\/hirek\/orszagos-akcioellenorzes-indul-egyes-vallalatoknal\/#article","name":"Orsz\u00e1gos akci\u00f3ellen\u0151rz\u00e9s indul egyes v\u00e1llalatokn\u00e1l | AllasOrias.hu | H\u00edrek-lapszemle","headline":"Orsz\u00e1gos akci\u00f3ellen\u0151rz\u00e9s indul egyes v\u00e1llalatokn\u00e1l","author":{"@id":"https:\/\/allasorias.hu\/hirek\/author\/admin-allasorias\/#author"},"publisher":{"@id":"https:\/\/allasorias.hu\/hirek\/#organization"},"image":{"@type":"ImageObject","url":"https:\/\/allasorias.hu\/hirek\/wp-content\/uploads\/2021\/02\/charts-graphs-with-magnifying-glass-pencil-calculator-clock-reflection-light-flare-concept-image-data-gathering-statistical-working.jpg","width":1920,"height":1280},"datePublished":"2021-02-17T08:48:56+02:00","dateModified":"2021-02-17T08:48:56+02:00","inLanguage":"hu-HU","mainEntityOfPage":{"@id":"https:\/\/allasorias.hu\/hirek\/orszagos-akcioellenorzes-indul-egyes-vallalatoknal\/#webpage"},"isPartOf":{"@id":"https:\/\/allasorias.hu\/hirek\/orszagos-akcioellenorzes-indul-egyes-vallalatoknal\/#webpage"},"articleSection":"Munkaer\u0151piac"},{"@type":"BreadcrumbList","@id":"https:\/\/allasorias.hu\/hirek\/orszagos-akcioellenorzes-indul-egyes-vallalatoknal\/#breadcrumblist","itemListElement":[{"@type":"ListItem","@id":"https:\/\/allasorias.hu\/hirek#listItem","position":1,"name":"Home","item":"https:\/\/allasorias.hu\/hirek","nextItem":{"@type":"ListItem","@id":"https:\/\/allasorias.hu\/hirek\/temak\/munkaeropiac\/#listItem","name":"Munkaer\u0151piac"}},{"@type":"ListItem","@id":"https:\/\/allasorias.hu\/hirek\/temak\/munkaeropiac\/#listItem","position":2,"name":"Munkaer\u0151piac","item":"https:\/\/allasorias.hu\/hirek\/temak\/munkaeropiac\/","nextItem":{"@type":"ListItem","@id":"https:\/\/allasorias.hu\/hirek\/orszagos-akcioellenorzes-indul-egyes-vallalatoknal\/#listItem","name":"Orsz\u00e1gos akci\u00f3ellen\u0151rz\u00e9s indul egyes v\u00e1llalatokn\u00e1l"},"previousItem":{"@type":"ListItem","@id":"https:\/\/allasorias.hu\/hirek#listItem","name":"Home"}},{"@type":"ListItem","@id":"https:\/\/allasorias.hu\/hirek\/orszagos-akcioellenorzes-indul-egyes-vallalatoknal\/#listItem","position":3,"name":"Orsz\u00e1gos akci\u00f3ellen\u0151rz\u00e9s indul egyes v\u00e1llalatokn\u00e1l","previousItem":{"@type":"ListItem","@id":"https:\/\/allasorias.hu\/hirek\/temak\/munkaeropiac\/#listItem","name":"Munkaer\u0151piac"}}]},{"@type":"Organization","@id":"https:\/\/allasorias.hu\/hirek\/#organization","name":"AllasOrias.hu | H\u00edrek-lapszemle","description":"\u00dczleti h\u00edrek az \u00e1ll\u00e1s \u00e9s a munka vil\u00e1g\u00e1b\u00f3l","url":"https:\/\/allasorias.hu\/hirek\/","logo":{"@type":"ImageObject","url":"https:\/\/allasorias.hu\/hirek\/wp-content\/uploads\/2022\/10\/allasorias_site_facebok_logo.png","@id":"https:\/\/allasorias.hu\/hirek\/orszagos-akcioellenorzes-indul-egyes-vallalatoknal\/#organizationLogo"},"image":{"@id":"https:\/\/allasorias.hu\/hirek\/orszagos-akcioellenorzes-indul-egyes-vallalatoknal\/#organizationLogo"},"sameAs":["https:\/\/www.facebook.com\/allasorias","https:\/\/www.linkedin.com\/company\/allasorias"]},{"@type":"Person","@id":"https:\/\/allasorias.hu\/hirek\/author\/admin-allasorias\/#author","url":"https:\/\/allasorias.hu\/hirek\/author\/admin-allasorias\/","name":"Juh\u00e1sz P\u00e9ter","image":{"@type":"ImageObject","@id":"https:\/\/allasorias.hu\/hirek\/orszagos-akcioellenorzes-indul-egyes-vallalatoknal\/#authorImage","url":"https:\/\/secure.gravatar.com\/avatar\/36e6bcb83148978b992977cb0f54d22feb0cce8a0a849a9410532bb2623ba4c6?s=96&d=mm&r=g","width":96,"height":96,"caption":"Juh\u00e1sz P\u00e9ter"}},{"@type":"WebPage","@id":"https:\/\/allasorias.hu\/hirek\/orszagos-akcioellenorzes-indul-egyes-vallalatoknal\/#webpage","url":"https:\/\/allasorias.hu\/hirek\/orszagos-akcioellenorzes-indul-egyes-vallalatoknal\/","name":"Orsz\u00e1gos akci\u00f3ellen\u0151rz\u00e9s indul egyes v\u00e1llalatokn\u00e1l | AllasOrias.hu | H\u00edrek-lapszemle","description":"Munka\u00fcgyi ellen\u0151rz\u00e9s indul a legs\u00falyosabb jogs\u00e9rt\u00e9sek felt\u00e1r\u00e1s\u00e1ra. A munka\u00fcgyi hat\u00f3s\u00e1g kiemelt c\u00e9lja, hogy a rendelkez\u00e9sre \u00e1ll\u00f3 er\u0151forr\u00e1saival min\u00e9l hat\u00e9konyabban mozd\u00edtsa el\u0151re a gazdas\u00e1g tov\u00e1bbi feh\u00e9r\u00edt\u00e9s\u00e9t a munkaer\u0151piac ter\u00fclet\u00e9n - mondta Bod\u00f3 S\u00e1ndor. Az Innov\u00e1ci\u00f3s \u00e9s Technol\u00f3giai Miniszt\u00e9rium foglalkoztat\u00e1spolitik\u00e1\u00e9rt felel\u0151s \u00e1llamtitk\u00e1ra hozz\u00e1tette, ennek \u00e9rdek\u00e9ben 2021-ben h\u00e1rom alkalommal is orsz\u00e1gos akci\u00f3ellen\u0151rz\u00e9st vagy c\u00e9lvizsg\u00e1latot tartanak a jogk\u00f6vet\u0151 foglalkoztat\u00e1s","inLanguage":"hu-HU","isPartOf":{"@id":"https:\/\/allasorias.hu\/hirek\/#website"},"breadcrumb":{"@id":"https:\/\/allasorias.hu\/hirek\/orszagos-akcioellenorzes-indul-egyes-vallalatoknal\/#breadcrumblist"},"author":{"@id":"https:\/\/allasorias.hu\/hirek\/author\/admin-allasorias\/#author"},"creator":{"@id":"https:\/\/allasorias.hu\/hirek\/author\/admin-allasorias\/#author"},"image":{"@type":"ImageObject","url":"https:\/\/allasorias.hu\/hirek\/wp-content\/uploads\/2021\/02\/charts-graphs-with-magnifying-glass-pencil-calculator-clock-reflection-light-flare-concept-image-data-gathering-statistical-working.jpg","@id":"https:\/\/allasorias.hu\/hirek\/orszagos-akcioellenorzes-indul-egyes-vallalatoknal\/#mainImage","width":1920,"height":1280},"primaryImageOfPage":{"@id":"https:\/\/allasorias.hu\/hirek\/orszagos-akcioellenorzes-indul-egyes-vallalatoknal\/#mainImage"},"datePublished":"2021-02-17T08:48:56+02:00","dateModified":"2021-02-17T08:48:56+02:00"},{"@type":"WebSite","@id":"https:\/\/allasorias.hu\/hirek\/#website","url":"https:\/\/allasorias.hu\/hirek\/","name":"AllasOrias.hu | H\u00edrek-lapszemle","description":"\u00dczleti h\u00edrek az \u00e1ll\u00e1s \u00e9s a munka vil\u00e1g\u00e1b\u00f3l","inLanguage":"hu-HU","publisher":{"@id":"https:\/\/allasorias.hu\/hirek\/#organization"}}]},"og:locale":"hu_HU","og:site_name":"AllasOrias.hu | H\u00edrek-lapszemle | \u00dczleti h\u00edrek az \u00e1ll\u00e1s \u00e9s a munka vil\u00e1g\u00e1b\u00f3l","og:type":"article","og:title":"Orsz\u00e1gos akci\u00f3ellen\u0151rz\u00e9s indul egyes v\u00e1llalatokn\u00e1l | AllasOrias.hu | H\u00edrek-lapszemle","og:description":"Munka\u00fcgyi ellen\u0151rz\u00e9s indul a legs\u00falyosabb jogs\u00e9rt\u00e9sek felt\u00e1r\u00e1s\u00e1ra. A munka\u00fcgyi hat\u00f3s\u00e1g kiemelt c\u00e9lja, hogy a rendelkez\u00e9sre \u00e1ll\u00f3 er\u0151forr\u00e1saival min\u00e9l hat\u00e9konyabban mozd\u00edtsa el\u0151re a gazdas\u00e1g tov\u00e1bbi feh\u00e9r\u00edt\u00e9s\u00e9t a munkaer\u0151piac ter\u00fclet\u00e9n - mondta Bod\u00f3 S\u00e1ndor. Az Innov\u00e1ci\u00f3s \u00e9s Technol\u00f3giai Miniszt\u00e9rium foglalkoztat\u00e1spolitik\u00e1\u00e9rt felel\u0151s \u00e1llamtitk\u00e1ra hozz\u00e1tette, ennek \u00e9rdek\u00e9ben 2021-ben h\u00e1rom alkalommal is orsz\u00e1gos akci\u00f3ellen\u0151rz\u00e9st vagy c\u00e9lvizsg\u00e1latot tartanak a jogk\u00f6vet\u0151 foglalkoztat\u00e1s","og:url":"https:\/\/allasorias.hu\/hirek\/orszagos-akcioellenorzes-indul-egyes-vallalatoknal\/","og:image":"https:\/\/allasorias.hu\/hirek\/wp-content\/uploads\/2021\/02\/charts-graphs-with-magnifying-glass-pencil-calculator-clock-reflection-light-flare-concept-image-data-gathering-statistical-working.jpg","og:image:secure_url":"https:\/\/allasorias.hu\/hirek\/wp-content\/uploads\/2021\/02\/charts-graphs-with-magnifying-glass-pencil-calculator-clock-reflection-light-flare-concept-image-data-gathering-statistical-working.jpg","og:image:width":1920,"og:image:height":1280,"article:published_time":"2021-02-17T08:48:56+00:00","article:modified_time":"2021-02-17T08:48:56+00:00","article:publisher":"https:\/\/www.facebook.com\/allasorias","twitter:card":"summary_large_image","twitter:title":"Orsz\u00e1gos akci\u00f3ellen\u0151rz\u00e9s indul egyes v\u00e1llalatokn\u00e1l | AllasOrias.hu | H\u00edrek-lapszemle","twitter:description":"Munka\u00fcgyi ellen\u0151rz\u00e9s indul a legs\u00falyosabb jogs\u00e9rt\u00e9sek felt\u00e1r\u00e1s\u00e1ra. A munka\u00fcgyi hat\u00f3s\u00e1g kiemelt c\u00e9lja, hogy a rendelkez\u00e9sre \u00e1ll\u00f3 er\u0151forr\u00e1saival min\u00e9l hat\u00e9konyabban mozd\u00edtsa el\u0151re a gazdas\u00e1g tov\u00e1bbi feh\u00e9r\u00edt\u00e9s\u00e9t a munkaer\u0151piac ter\u00fclet\u00e9n - mondta Bod\u00f3 S\u00e1ndor. Az Innov\u00e1ci\u00f3s \u00e9s Technol\u00f3giai Miniszt\u00e9rium foglalkoztat\u00e1spolitik\u00e1\u00e9rt felel\u0151s \u00e1llamtitk\u00e1ra hozz\u00e1tette, ennek \u00e9rdek\u00e9ben 2021-ben h\u00e1rom alkalommal is orsz\u00e1gos akci\u00f3ellen\u0151rz\u00e9st vagy c\u00e9lvizsg\u00e1latot tartanak a jogk\u00f6vet\u0151 foglalkoztat\u00e1s","twitter:image":"https:\/\/allasorias.hu\/hirek\/wp-content\/uploads\/2021\/02\/charts-graphs-with-magnifying-glass-pencil-calculator-clock-reflection-light-flare-concept-image-data-gathering-statistical-working.jpg","twitter:label1":"Written by","twitter:data1":"Juh\u00e1sz P\u00e9ter","twitter:label2":"Est. reading time","twitter:data2":"3 minutes"},"aioseo_meta_data":{"post_id":"4586","title":null,"description":null,"keywords":[],"keyphrases":{"focus":[],"additional":[]},"primary_term":null,"canonical_url":null,"og_title":null,"og_description":null,"og_object_type":"default","og_image_type":"default","og_image_url":null,"og_image_width":null,"og_image_height":null,"og_image_custom_url":null,"og_image_custom_fields":null,"og_video":"","og_custom_url":null,"og_article_section":null,"og_article_tags":[],"twitter_use_og":false,"twitter_card":"default","twitter_image_type":"default","twitter_image_url":null,"twitter_image_custom_url":null,"twitter_image_custom_fields":null,"twitter_title":null,"twitter_description":null,"schema":{"blockGraphs":[],"customGraphs":[],"default":{"data":{"Article":[],"Course":[],"Dataset":[],"FAQPage":[],"Movie":[],"Person":[],"Product":[],"ProductReview":[],"Car":[],"Recipe":[],"Service":[],"SoftwareApplication":[],"WebPage":[]},"graphName":"","isEnabled":true},"graphs":[],"defaultGraph":"","defaultPostTypeGraph":""},"schema_type":"none","schema_type_options":"{\"webPage\":{\"webPageType\":\"WebPage\"},\"article\":{\"articleType\":\"BlogPosting\"},\"book\":[],\"course\":[],\"event\":[],\"jobPosting\":[],\"music\":[],\"person\":[],\"product\":[],\"recipe\":[],\"restaurant\":[],\"service\":[],\"software\":[],\"video\":[]}","pillar_content":false,"robots_default":true,"robots_noindex":false,"robots_noarchive":false,"robots_nosnippet":false,"robots_nofollow":false,"robots_noimageindex":false,"robots_noodp":false,"robots_notranslate":false,"robots_max_snippet":"-1","robots_max_videopreview":"-1","robots_max_imagepreview":"large","priority":null,"frequency":"default","location":null,"local_seo":{"businessInfo":{"name":"","urls":{"website":"","aboutPage":"","contactPage":""},"address":{"line1":"","line2":"","zip":"","city":"","state":"","country":""},"contact":{"email":"","phone":"","fax":""},"ids":{"vatID":"","taxID":"","chamberID":""},"payment":{"priceIndication":"","currenciesAccepted":"","methodsAccepted":""},"areaServed":""},"openingHours":{"show":false,"closedLabel":"","open24h":false,"open24hLabel":"","open247":false,"use24hFormat":false,"twoSets":false,"timezone":"","hours":[]}},"breadcrumb_settings":null,"limit_modified_date":false,"ai":null,"created":"2021-02-17 08:45:20","updated":"2025-10-02 15:24:05","seo_analyzer_scan_date":null,"focus_keyword":null,"additional_keywords":null,"truseo_locale":null},"aioseo_breadcrumb":"<div class=\"aioseo-breadcrumbs\"><span class=\"aioseo-breadcrumb\">\n\t\t\t<a href=\"https:\/\/allasorias.hu\/hirek\" title=\"Home\">Home<\/a>\n\t\t<\/span><span class=\"aioseo-breadcrumb-separator\">&raquo;<\/span><span class=\"aioseo-breadcrumb\">\n\t\t\t<a href=\"https:\/\/allasorias.hu\/hirek\/temak\/munkaeropiac\/\" title=\"Munkaer\u0151piac\">Munkaer\u0151piac<\/a>\n\t\t<\/span><span class=\"aioseo-breadcrumb-separator\">&raquo;<\/span><span class=\"aioseo-breadcrumb\">\n\t\t\tOrsz\u00e1gos akci\u00f3ellen\u0151rz\u00e9s indul egyes v\u00e1llalatokn\u00e1l\n\t\t<\/span><\/div>","aioseo_breadcrumb_json":[{"label":"Home","link":"https:\/\/allasorias.hu\/hirek"},{"label":"Munkaer\u0151piac","link":"https:\/\/allasorias.hu\/hirek\/temak\/munkaeropiac\/"},{"label":"Orsz\u00e1gos akci\u00f3ellen\u0151rz\u00e9s indul egyes v\u00e1llalatokn\u00e1l","link":"https:\/\/allasorias.hu\/hirek\/orszagos-akcioellenorzes-indul-egyes-vallalatoknal\/"}],"_links":{"self":[{"href":"https:\/\/allasorias.hu\/hirek\/wp-json\/wp\/v2\/posts\/4586","targetHints":{"allow":["GET"]}}],"collection":[{"href":"https:\/\/allasorias.hu\/hirek\/wp-json\/wp\/v2\/posts"}],"about":[{"href":"https:\/\/allasorias.hu\/hirek\/wp-json\/wp\/v2\/types\/post"}],"author":[{"embeddable":true,"href":"https:\/\/allasorias.hu\/hirek\/wp-json\/wp\/v2\/users\/1"}],"replies":[{"embeddable":true,"href":"https:\/\/allasorias.hu\/hirek\/wp-json\/wp\/v2\/comments?post=4586"}],"version-history":[{"count":1,"href":"https:\/\/allasorias.hu\/hirek\/wp-json\/wp\/v2\/posts\/4586\/revisions"}],"predecessor-version":[{"id":4589,"href":"https:\/\/allasorias.hu\/hirek\/wp-json\/wp\/v2\/posts\/4586\/revisions\/4589"}],"wp:featuredmedia":[{"embeddable":true,"href":"https:\/\/allasorias.hu\/hirek\/wp-json\/wp\/v2\/media\/4588"}],"wp:attachment":[{"href":"https:\/\/allasorias.hu\/hirek\/wp-json\/wp\/v2\/media?parent=4586"}],"wp:term":[{"taxonomy":"category","embeddable":true,"href":"https:\/\/allasorias.hu\/hirek\/wp-json\/wp\/v2\/categories?post=4586"},{"taxonomy":"post_tag","embeddable":true,"href":"https:\/\/allasorias.hu\/hirek\/wp-json\/wp\/v2\/tags?post=4586"}],"curies":[{"name":"wp","href":"https:\/\/api.w.org\/{rel}","templated":true}]}}