{"id":4559,"date":"2021-02-05T08:10:13","date_gmt":"2021-02-05T08:10:13","guid":{"rendered":"https:\/\/allasorias.hu\/hirek\/?p=4559"},"modified":"2021-02-05T08:10:13","modified_gmt":"2021-02-05T08:10:13","slug":"derulatoak-de-pesszimistak-is-a-fiatal-dolgozok","status":"publish","type":"post","link":"https:\/\/allasorias.hu\/hirek\/derulatoak-de-pesszimistak-is-a-fiatal-dolgozok\/","title":{"rendered":"Der\u0171l\u00e1t\u00f3ak, de pesszimist\u00e1k is a fiatal dolgoz\u00f3k"},"content":{"rendered":"<p><strong>Legink\u00e1bb a fiatalok optimist\u00e1k a munkaer\u0151piacon, der\u0171l\u00e1t\u00f3ak, de ugyanakkor pesszimizmus is felfedezhet\u0151 n\u00e1luk \u2013 der\u00fcl ki a K&amp;H ifj\u00fas\u00e1gi index\u00e9b\u0151l, amely a dolgoz\u00f3 19-29 \u00e9vesek munkaer\u0151piaci helyzet\u00e9t vizsg\u00e1lta. Az \u00e9rintettek 69 sz\u00e1zal\u00e9ka \u00e9rezte stabilnak a munkahely\u00e9t a m\u00falt \u00e9v v\u00e9g\u00e9n, szemben a h\u00e1rom h\u00f3nappal kor\u00e1bbi alig t\u00f6bb mint 40 sz\u00e1zal\u00e9kos ar\u00e1nnyal. <\/strong><\/p>\n<p>Nagyon kevesen mondt\u00e1k azt, hogy a j\u00e1rv\u00e1ny miatt kialakult helyzetben k\u00f6nny\u0171 lenne \u00e1ll\u00e1st tal\u00e1lni. Ugyanakkor rekord is sz\u00fcletett, a dolgoz\u00f3 fiatalok majdnem fele &#8211; 48 sz\u00e1zal\u00e9ka &#8211; \u00e9rezte megbecs\u00fcltnek mag\u00e1t a munkahely\u00e9n, hasonl\u00f3an j\u00f3 eredm\u00e9nyre a felm\u00e9r\u00e9s 8 \u00e9ves t\u00f6rt\u00e9net\u00e9ben sosem volt p\u00e9lda. S\u00falyos csap\u00e1st m\u00e9rt a gazdas\u00e1gra, t\u00f6bbek k\u00f6z\u00f6tt a munkaer\u0151piacra a koronav\u00edrus-j\u00e1rv\u00e1ny. A munkan\u00e9lk\u00fclis\u00e9gi r\u00e1ta a m\u00falt \u00e9v k\u00f6zep\u00e9n \u00e1tl\u00e9pte az 5 sz\u00e1zal\u00e9kos szintet, igaz, ut\u00e1na 4,5 sz\u00e1zal\u00e9kra cs\u00f6kkent. A fiatalok \u2013 azaz a 20-24 \u00e9vesek \u00e9s a 25-29 \u00e9vesek munkan\u00e9lk\u00fclis\u00e9gi r\u00e1t\u00e1ja pedig 13,4, illetve 7 sz\u00e1zal\u00e9kon tet\u0151z\u00f6tt a m\u00falt \u00e9v m\u00e1sodik negyed\u00e9ben, ami t\u00f6bb mint 4 \u00e9ves cs\u00facsot jelentett. A pand\u00e9mia ut\u00e1ni fellend\u00fcl\u00e9s \u00fcteme nagyban f\u00fcgg a foglalkoztat\u00e1s alakul\u00e1s\u00e1t\u00f3l, \u00edgy a fiatalok munkaer\u0151piac aktivit\u00e1s\u00e1t\u00f3l is. A dolgoz\u00f3 fiatalok a m\u00falt \u00e9v v\u00e9g\u00e9n m\u00e1r sokkal stabilabbnak l\u00e1tt\u00e1k a munkahely\u00fcket, mint h\u00e1rom h\u00f3nappal kor\u00e1bban &#8211; der\u00fcl ki a K&amp;H ifj\u00fas\u00e1gi index\u00e9b\u0151l, amely a fiatalok munkaer\u0151piaci helyzet\u00e9t vizsg\u00e1lta a m\u00falt \u00e9v utols\u00f3 h\u00e1rom h\u00f3napj\u00e1ban. A 19-29 \u00e9ves koroszt\u00e1ly dolgoz\u00f3 tagjainak 69 sz\u00e1zal\u00e9ka volt ezen a v\u00e9lem\u00e9nyen, szemben a 2020 harmadik negyed\u00e9vben m\u00e9rt 45 sz\u00e1zal\u00e9kos ar\u00e1nnyal. A jelent\u0151s negyed\u00e9ves javul\u00e1s ellen\u00e9re 69 sz\u00e1zal\u00e9kos ar\u00e1ny igaz\u00e1b\u00f3l a kor\u00e1bbi negyed\u00e9veknek megfelel\u0151 eredm\u00e9ny. Az \u00e1ll\u00e1sban l\u00e9v\u0151 fiataloknak egy\u00e9bk\u00e9nt 8 sz\u00e1zal\u00e9ka \u00e9rezte bizonytalannak a munkahely\u00e9t. Az is kider\u00fclt ugyanakkor, hogy a j\u00e1rv\u00e1ny kedvez\u0151tlen munkaer\u0151piaci hat\u00e1sai miatt a fiatalok sokkal nehezebbnek l\u00e1tj\u00e1k az elhelyezked\u00e9si lehet\u0151s\u00e9geket. A dolgoz\u00f3 fiatalok mind\u00f6ssze 19 sz\u00e1zal\u00e9ka mondta azt, hogy k\u00f6nnyen tudna \u00faj \u00e1ll\u00e1st szerezni, ez megfelel a m\u00falt \u00e9v kor\u00e1bbi negyed\u00e9veiben m\u00e9rt szintnek, ugyanakkor t\u00f6bb\u00e9ves m\u00e9lypontot jelent, 2016-ban fordult el\u0151 utolj\u00e1ra, hogy a munkaer\u0151piaci szempontb\u00f3l akt\u00edv fiatalok \u00f6t\u00f6de volt optimista. A kutat\u00e1s szerint a megk\u00e9rdezettek k\u00f6zel 60 sz\u00e1zal\u00e9ka tartotta neh\u00e9znek az elhelyezked\u00e9st. Teh\u00e1t az \u00e1ll\u00e1skeres\u00e9si kil\u00e1t\u00e1saikat bor\u00fasnak mondt\u00e1k, de a felm\u00e9r\u00e9s egy\u00fattal egy kedvez\u0151 rekordot is hozott. A dolgoz\u00f3 fiatalok 48 sz\u00e1zal\u00e9ka \u00fagy l\u00e1tta, megbecs\u00fclik a munkahely\u00e9n, hasonl\u00f3an j\u00f3 eredm\u00e9nyre a kutat\u00e1s 8 \u00e9ves t\u00f6rt\u00e9net\u00e9ben m\u00e9g nem volt p\u00e9lda. A megk\u00e9rdezett fiatalok 8 sz\u00e1zal\u00e9ka szerint nagyon sz\u00e1m\u00edt r\u00e1 a c\u00e9g\u00fck, 40 sz\u00e1zal\u00e9kuk pedig azt mondta megfelel\u0151en kezelik \u0151ket a munkahely\u00fck\u00f6n, m\u00edg 4 sz\u00e1zal\u00e9kuk egy\u00e1ltal\u00e1n nem \u00e9rzett ilyet. A 19-29 \u00e9ves fiatalok el\u00e9gedetts\u00e9g\u00e9t \u00e9s j\u00f6v\u0151beli v\u00e1rakoz\u00e1sait \u2013 t\u00f6bbek k\u00f6z\u00f6tt a lakhat\u00e1ssal, munk\u00e1val, el\u0151rel\u00e9p\u00e9si lehet\u0151s\u00e9gekkel, oktat\u00e1ssal, eg\u00e9szs\u00e9ggel, csal\u00e1ddal kapcsolatban \u2013 vizsg\u00e1lja a K&amp;H ifj\u00fas\u00e1gi indexe, amely 2020 m\u00e1sodik negyed\u00e9v\u00e9ben +19 ponton \u00e1llt. A kutat\u00e1sban 300 fiatal vesz r\u00e9szt, az adatfelv\u00e9tel 2020. november 6-17. k\u00f6z\u00f6tt t\u00f6rt\u00e9nt.<\/p>\n<p>Forr\u00e1s: uzletem.hu<\/p>\n","protected":false},"excerpt":{"rendered":"<p>Legink\u00e1bb a fiatalok optimist\u00e1k a munkaer\u0151piacon, der\u0171l\u00e1t\u00f3ak, de ugyanakkor pesszimizmus is felfedezhet\u0151 n\u00e1luk \u2013 der\u00fcl ki a K&amp;H ifj\u00fas\u00e1gi index\u00e9b\u0151l, amely a dolgoz\u00f3 19-29 \u00e9vesek munkaer\u0151piaci helyzet\u00e9t vizsg\u00e1lta. Az \u00e9rintettek 69 sz\u00e1zal\u00e9ka \u00e9rezte stabilnak a munkahely\u00e9t a m\u00falt \u00e9v v\u00e9g\u00e9n, szemben a h\u00e1rom h\u00f3nappal kor\u00e1bbi alig t\u00f6bb mint 40 sz\u00e1zal\u00e9kos ar\u00e1nnyal. Nagyon kevesen mondt\u00e1k azt, [&hellip;]<\/p>\n","protected":false},"author":1,"featured_media":2815,"comment_status":"open","ping_status":"open","sticky":false,"template":"","format":"standard","meta":{"_monsterinsights_skip_tracking":false,"footnotes":""},"categories":[200],"tags":[],"class_list":["post-4559","post","type-post","status-publish","format-standard","has-post-thumbnail","hentry","category-munkaeropiac"],"aioseo_notices":[],"aioseo_head":"\n\t\t<!-- All in One SEO 5.0.0.1 - aioseo.com -->\n\t<meta name=\"description\" content=\"Legink\u00e1bb a fiatalok optimist\u00e1k a munkaer\u0151piacon, der\u0171l\u00e1t\u00f3ak, de ugyanakkor pesszimizmus is felfedezhet\u0151 n\u00e1luk \u2013 der\u00fcl ki a K&amp;H ifj\u00fas\u00e1gi index\u00e9b\u0151l, amely a dolgoz\u00f3 19-29 \u00e9vesek munkaer\u0151piaci helyzet\u00e9t vizsg\u00e1lta. Az \u00e9rintettek 69 sz\u00e1zal\u00e9ka \u00e9rezte stabilnak a munkahely\u00e9t a m\u00falt \u00e9v v\u00e9g\u00e9n, szemben a h\u00e1rom h\u00f3nappal kor\u00e1bbi alig t\u00f6bb mint 40 sz\u00e1zal\u00e9kos ar\u00e1nnyal. Nagyon kevesen mondt\u00e1k azt,\" \/>\n\t<meta name=\"robots\" content=\"max-image-preview:large\" \/>\n\t<meta name=\"author\" content=\"Juh\u00e1sz P\u00e9ter\"\/>\n\t<link rel=\"canonical\" href=\"https:\/\/allasorias.hu\/hirek\/derulatoak-de-pesszimistak-is-a-fiatal-dolgozok\/\" \/>\n\t<meta name=\"generator\" content=\"All in One SEO (AIOSEO) 5.0.0.1\" \/>\n\t\t<meta property=\"og:locale\" content=\"hu_HU\" \/>\n\t\t<meta property=\"og:site_name\" content=\"AllasOrias.hu | H\u00edrek-lapszemle | \u00dczleti h\u00edrek az \u00e1ll\u00e1s \u00e9s a munka vil\u00e1g\u00e1b\u00f3l\" \/>\n\t\t<meta property=\"og:type\" content=\"article\" \/>\n\t\t<meta property=\"og:title\" content=\"Der\u0171l\u00e1t\u00f3ak, de pesszimist\u00e1k is a fiatal dolgoz\u00f3k | AllasOrias.hu | H\u00edrek-lapszemle\" \/>\n\t\t<meta property=\"og:description\" content=\"Legink\u00e1bb a fiatalok optimist\u00e1k a munkaer\u0151piacon, der\u0171l\u00e1t\u00f3ak, de ugyanakkor pesszimizmus is felfedezhet\u0151 n\u00e1luk \u2013 der\u00fcl ki a K&amp;H ifj\u00fas\u00e1gi index\u00e9b\u0151l, amely a dolgoz\u00f3 19-29 \u00e9vesek munkaer\u0151piaci helyzet\u00e9t vizsg\u00e1lta. Az \u00e9rintettek 69 sz\u00e1zal\u00e9ka \u00e9rezte stabilnak a munkahely\u00e9t a m\u00falt \u00e9v v\u00e9g\u00e9n, szemben a h\u00e1rom h\u00f3nappal kor\u00e1bbi alig t\u00f6bb mint 40 sz\u00e1zal\u00e9kos ar\u00e1nnyal. Nagyon kevesen mondt\u00e1k azt,\" \/>\n\t\t<meta property=\"og:url\" content=\"https:\/\/allasorias.hu\/hirek\/derulatoak-de-pesszimistak-is-a-fiatal-dolgozok\/\" \/>\n\t\t<meta property=\"og:image\" content=\"https:\/\/allasorias.hu\/hirek\/wp-content\/uploads\/2019\/04\/opposites-3808487_640.jpg\" \/>\n\t\t<meta property=\"og:image:secure_url\" content=\"https:\/\/allasorias.hu\/hirek\/wp-content\/uploads\/2019\/04\/opposites-3808487_640.jpg\" \/>\n\t\t<meta property=\"og:image:width\" content=\"640\" \/>\n\t\t<meta property=\"og:image:height\" content=\"417\" \/>\n\t\t<meta property=\"article:published_time\" content=\"2021-02-05T08:10:13+00:00\" \/>\n\t\t<meta property=\"article:modified_time\" content=\"2021-02-05T08:10:13+00:00\" \/>\n\t\t<meta property=\"article:publisher\" content=\"https:\/\/www.facebook.com\/allasorias\" \/>\n\t\t<meta name=\"twitter:card\" content=\"summary_large_image\" \/>\n\t\t<meta name=\"twitter:title\" content=\"Der\u0171l\u00e1t\u00f3ak, de pesszimist\u00e1k is a fiatal dolgoz\u00f3k | AllasOrias.hu | H\u00edrek-lapszemle\" \/>\n\t\t<meta name=\"twitter:description\" content=\"Legink\u00e1bb a fiatalok optimist\u00e1k a munkaer\u0151piacon, der\u0171l\u00e1t\u00f3ak, de ugyanakkor pesszimizmus is felfedezhet\u0151 n\u00e1luk \u2013 der\u00fcl ki a K&amp;H ifj\u00fas\u00e1gi index\u00e9b\u0151l, amely a dolgoz\u00f3 19-29 \u00e9vesek munkaer\u0151piaci helyzet\u00e9t vizsg\u00e1lta. Az \u00e9rintettek 69 sz\u00e1zal\u00e9ka \u00e9rezte stabilnak a munkahely\u00e9t a m\u00falt \u00e9v v\u00e9g\u00e9n, szemben a h\u00e1rom h\u00f3nappal kor\u00e1bbi alig t\u00f6bb mint 40 sz\u00e1zal\u00e9kos ar\u00e1nnyal. Nagyon kevesen mondt\u00e1k azt,\" \/>\n\t\t<meta name=\"twitter:image\" content=\"https:\/\/allasorias.hu\/hirek\/wp-content\/uploads\/2019\/04\/opposites-3808487_640.jpg\" \/>\n\t\t<meta name=\"twitter:label1\" content=\"Written by\" \/>\n\t\t<meta name=\"twitter:data1\" content=\"Juh\u00e1sz P\u00e9ter\" \/>\n\t\t<meta name=\"twitter:label2\" content=\"Est. reading time\" \/>\n\t\t<meta name=\"twitter:data2\" content=\"3 minutes\" \/>\n\t\t<script type=\"application\/ld+json\" class=\"aioseo-schema\">\n\t\t\t{\"@context\":\"https:\\\/\\\/schema.org\",\"@graph\":[{\"@type\":\"Article\",\"@id\":\"https:\\\/\\\/allasorias.hu\\\/hirek\\\/derulatoak-de-pesszimistak-is-a-fiatal-dolgozok\\\/#article\",\"name\":\"Der\\u0171l\\u00e1t\\u00f3ak, de pesszimist\\u00e1k is a fiatal dolgoz\\u00f3k | AllasOrias.hu | H\\u00edrek-lapszemle\",\"headline\":\"Der\\u0171l\\u00e1t\\u00f3ak, de pesszimist\\u00e1k is a fiatal dolgoz\\u00f3k\",\"author\":{\"@id\":\"https:\\\/\\\/allasorias.hu\\\/hirek\\\/author\\\/admin-allasorias\\\/#author\"},\"publisher\":{\"@id\":\"https:\\\/\\\/allasorias.hu\\\/hirek\\\/#organization\"},\"image\":{\"@type\":\"ImageObject\",\"url\":\"https:\\\/\\\/allasorias.hu\\\/hirek\\\/wp-content\\\/uploads\\\/2019\\\/04\\\/opposites-3808487_640.jpg\",\"width\":640,\"height\":417},\"datePublished\":\"2021-02-05T08:10:13+02:00\",\"dateModified\":\"2021-02-05T08:10:13+02:00\",\"inLanguage\":\"hu-HU\",\"mainEntityOfPage\":{\"@id\":\"https:\\\/\\\/allasorias.hu\\\/hirek\\\/derulatoak-de-pesszimistak-is-a-fiatal-dolgozok\\\/#webpage\"},\"isPartOf\":{\"@id\":\"https:\\\/\\\/allasorias.hu\\\/hirek\\\/derulatoak-de-pesszimistak-is-a-fiatal-dolgozok\\\/#webpage\"},\"articleSection\":\"Munkaer\\u0151piac\"},{\"@type\":\"BreadcrumbList\",\"@id\":\"https:\\\/\\\/allasorias.hu\\\/hirek\\\/derulatoak-de-pesszimistak-is-a-fiatal-dolgozok\\\/#breadcrumblist\",\"itemListElement\":[{\"@type\":\"ListItem\",\"@id\":\"https:\\\/\\\/allasorias.hu\\\/hirek#listItem\",\"position\":1,\"name\":\"Home\",\"item\":\"https:\\\/\\\/allasorias.hu\\\/hirek\",\"nextItem\":{\"@type\":\"ListItem\",\"@id\":\"https:\\\/\\\/allasorias.hu\\\/hirek\\\/temak\\\/munkaeropiac\\\/#listItem\",\"name\":\"Munkaer\\u0151piac\"}},{\"@type\":\"ListItem\",\"@id\":\"https:\\\/\\\/allasorias.hu\\\/hirek\\\/temak\\\/munkaeropiac\\\/#listItem\",\"position\":2,\"name\":\"Munkaer\\u0151piac\",\"item\":\"https:\\\/\\\/allasorias.hu\\\/hirek\\\/temak\\\/munkaeropiac\\\/\",\"nextItem\":{\"@type\":\"ListItem\",\"@id\":\"https:\\\/\\\/allasorias.hu\\\/hirek\\\/derulatoak-de-pesszimistak-is-a-fiatal-dolgozok\\\/#listItem\",\"name\":\"Der\\u0171l\\u00e1t\\u00f3ak, de pesszimist\\u00e1k is a fiatal dolgoz\\u00f3k\"},\"previousItem\":{\"@type\":\"ListItem\",\"@id\":\"https:\\\/\\\/allasorias.hu\\\/hirek#listItem\",\"name\":\"Home\"}},{\"@type\":\"ListItem\",\"@id\":\"https:\\\/\\\/allasorias.hu\\\/hirek\\\/derulatoak-de-pesszimistak-is-a-fiatal-dolgozok\\\/#listItem\",\"position\":3,\"name\":\"Der\\u0171l\\u00e1t\\u00f3ak, de pesszimist\\u00e1k is a fiatal dolgoz\\u00f3k\",\"previousItem\":{\"@type\":\"ListItem\",\"@id\":\"https:\\\/\\\/allasorias.hu\\\/hirek\\\/temak\\\/munkaeropiac\\\/#listItem\",\"name\":\"Munkaer\\u0151piac\"}}]},{\"@type\":\"Organization\",\"@id\":\"https:\\\/\\\/allasorias.hu\\\/hirek\\\/#organization\",\"name\":\"AllasOrias.hu | H\\u00edrek-lapszemle\",\"description\":\"\\u00dczleti h\\u00edrek az \\u00e1ll\\u00e1s \\u00e9s a munka vil\\u00e1g\\u00e1b\\u00f3l\",\"url\":\"https:\\\/\\\/allasorias.hu\\\/hirek\\\/\",\"logo\":{\"@type\":\"ImageObject\",\"url\":\"https:\\\/\\\/allasorias.hu\\\/hirek\\\/wp-content\\\/uploads\\\/2022\\\/10\\\/allasorias_site_facebok_logo.png\",\"@id\":\"https:\\\/\\\/allasorias.hu\\\/hirek\\\/derulatoak-de-pesszimistak-is-a-fiatal-dolgozok\\\/#organizationLogo\"},\"image\":{\"@id\":\"https:\\\/\\\/allasorias.hu\\\/hirek\\\/derulatoak-de-pesszimistak-is-a-fiatal-dolgozok\\\/#organizationLogo\"},\"sameAs\":[\"https:\\\/\\\/www.facebook.com\\\/allasorias\",\"https:\\\/\\\/www.linkedin.com\\\/company\\\/allasorias\"]},{\"@type\":\"Person\",\"@id\":\"https:\\\/\\\/allasorias.hu\\\/hirek\\\/author\\\/admin-allasorias\\\/#author\",\"url\":\"https:\\\/\\\/allasorias.hu\\\/hirek\\\/author\\\/admin-allasorias\\\/\",\"name\":\"Juh\\u00e1sz P\\u00e9ter\",\"image\":{\"@type\":\"ImageObject\",\"@id\":\"https:\\\/\\\/allasorias.hu\\\/hirek\\\/derulatoak-de-pesszimistak-is-a-fiatal-dolgozok\\\/#authorImage\",\"url\":\"https:\\\/\\\/secure.gravatar.com\\\/avatar\\\/36e6bcb83148978b992977cb0f54d22feb0cce8a0a849a9410532bb2623ba4c6?s=96&d=mm&r=g\",\"width\":96,\"height\":96,\"caption\":\"Juh\\u00e1sz P\\u00e9ter\"}},{\"@type\":\"WebPage\",\"@id\":\"https:\\\/\\\/allasorias.hu\\\/hirek\\\/derulatoak-de-pesszimistak-is-a-fiatal-dolgozok\\\/#webpage\",\"url\":\"https:\\\/\\\/allasorias.hu\\\/hirek\\\/derulatoak-de-pesszimistak-is-a-fiatal-dolgozok\\\/\",\"name\":\"Der\\u0171l\\u00e1t\\u00f3ak, de pesszimist\\u00e1k is a fiatal dolgoz\\u00f3k | AllasOrias.hu | H\\u00edrek-lapszemle\",\"description\":\"Legink\\u00e1bb a fiatalok optimist\\u00e1k a munkaer\\u0151piacon, der\\u0171l\\u00e1t\\u00f3ak, de ugyanakkor pesszimizmus is felfedezhet\\u0151 n\\u00e1luk \\u2013 der\\u00fcl ki a K&H ifj\\u00fas\\u00e1gi index\\u00e9b\\u0151l, amely a dolgoz\\u00f3 19-29 \\u00e9vesek munkaer\\u0151piaci helyzet\\u00e9t vizsg\\u00e1lta. Az \\u00e9rintettek 69 sz\\u00e1zal\\u00e9ka \\u00e9rezte stabilnak a munkahely\\u00e9t a m\\u00falt \\u00e9v v\\u00e9g\\u00e9n, szemben a h\\u00e1rom h\\u00f3nappal kor\\u00e1bbi alig t\\u00f6bb mint 40 sz\\u00e1zal\\u00e9kos ar\\u00e1nnyal. Nagyon kevesen mondt\\u00e1k azt,\",\"inLanguage\":\"hu-HU\",\"isPartOf\":{\"@id\":\"https:\\\/\\\/allasorias.hu\\\/hirek\\\/#website\"},\"breadcrumb\":{\"@id\":\"https:\\\/\\\/allasorias.hu\\\/hirek\\\/derulatoak-de-pesszimistak-is-a-fiatal-dolgozok\\\/#breadcrumblist\"},\"author\":{\"@id\":\"https:\\\/\\\/allasorias.hu\\\/hirek\\\/author\\\/admin-allasorias\\\/#author\"},\"creator\":{\"@id\":\"https:\\\/\\\/allasorias.hu\\\/hirek\\\/author\\\/admin-allasorias\\\/#author\"},\"image\":{\"@type\":\"ImageObject\",\"url\":\"https:\\\/\\\/allasorias.hu\\\/hirek\\\/wp-content\\\/uploads\\\/2019\\\/04\\\/opposites-3808487_640.jpg\",\"@id\":\"https:\\\/\\\/allasorias.hu\\\/hirek\\\/derulatoak-de-pesszimistak-is-a-fiatal-dolgozok\\\/#mainImage\",\"width\":640,\"height\":417},\"primaryImageOfPage\":{\"@id\":\"https:\\\/\\\/allasorias.hu\\\/hirek\\\/derulatoak-de-pesszimistak-is-a-fiatal-dolgozok\\\/#mainImage\"},\"datePublished\":\"2021-02-05T08:10:13+02:00\",\"dateModified\":\"2021-02-05T08:10:13+02:00\"},{\"@type\":\"WebSite\",\"@id\":\"https:\\\/\\\/allasorias.hu\\\/hirek\\\/#website\",\"url\":\"https:\\\/\\\/allasorias.hu\\\/hirek\\\/\",\"name\":\"AllasOrias.hu | H\\u00edrek-lapszemle\",\"description\":\"\\u00dczleti h\\u00edrek az \\u00e1ll\\u00e1s \\u00e9s a munka vil\\u00e1g\\u00e1b\\u00f3l\",\"inLanguage\":\"hu-HU\",\"publisher\":{\"@id\":\"https:\\\/\\\/allasorias.hu\\\/hirek\\\/#organization\"}}]}\n\t\t<\/script>\n\t\t<!-- All in One SEO -->\n\n","aioseo_head_json":{"title":"Der\u0171l\u00e1t\u00f3ak, de pesszimist\u00e1k is a fiatal dolgoz\u00f3k | AllasOrias.hu | H\u00edrek-lapszemle","description":"Legink\u00e1bb a fiatalok optimist\u00e1k a munkaer\u0151piacon, der\u0171l\u00e1t\u00f3ak, de ugyanakkor pesszimizmus is felfedezhet\u0151 n\u00e1luk \u2013 der\u00fcl ki a K&H ifj\u00fas\u00e1gi index\u00e9b\u0151l, amely a dolgoz\u00f3 19-29 \u00e9vesek munkaer\u0151piaci helyzet\u00e9t vizsg\u00e1lta. Az \u00e9rintettek 69 sz\u00e1zal\u00e9ka \u00e9rezte stabilnak a munkahely\u00e9t a m\u00falt \u00e9v v\u00e9g\u00e9n, szemben a h\u00e1rom h\u00f3nappal kor\u00e1bbi alig t\u00f6bb mint 40 sz\u00e1zal\u00e9kos ar\u00e1nnyal. Nagyon kevesen mondt\u00e1k azt,","canonical_url":"https:\/\/allasorias.hu\/hirek\/derulatoak-de-pesszimistak-is-a-fiatal-dolgozok\/","robots":"max-image-preview:large","keywords":"","webmasterTools":{"miscellaneous":""},"schema":{"@context":"https:\/\/schema.org","@graph":[{"@type":"Article","@id":"https:\/\/allasorias.hu\/hirek\/derulatoak-de-pesszimistak-is-a-fiatal-dolgozok\/#article","name":"Der\u0171l\u00e1t\u00f3ak, de pesszimist\u00e1k is a fiatal dolgoz\u00f3k | AllasOrias.hu | H\u00edrek-lapszemle","headline":"Der\u0171l\u00e1t\u00f3ak, de pesszimist\u00e1k is a fiatal dolgoz\u00f3k","author":{"@id":"https:\/\/allasorias.hu\/hirek\/author\/admin-allasorias\/#author"},"publisher":{"@id":"https:\/\/allasorias.hu\/hirek\/#organization"},"image":{"@type":"ImageObject","url":"https:\/\/allasorias.hu\/hirek\/wp-content\/uploads\/2019\/04\/opposites-3808487_640.jpg","width":640,"height":417},"datePublished":"2021-02-05T08:10:13+02:00","dateModified":"2021-02-05T08:10:13+02:00","inLanguage":"hu-HU","mainEntityOfPage":{"@id":"https:\/\/allasorias.hu\/hirek\/derulatoak-de-pesszimistak-is-a-fiatal-dolgozok\/#webpage"},"isPartOf":{"@id":"https:\/\/allasorias.hu\/hirek\/derulatoak-de-pesszimistak-is-a-fiatal-dolgozok\/#webpage"},"articleSection":"Munkaer\u0151piac"},{"@type":"BreadcrumbList","@id":"https:\/\/allasorias.hu\/hirek\/derulatoak-de-pesszimistak-is-a-fiatal-dolgozok\/#breadcrumblist","itemListElement":[{"@type":"ListItem","@id":"https:\/\/allasorias.hu\/hirek#listItem","position":1,"name":"Home","item":"https:\/\/allasorias.hu\/hirek","nextItem":{"@type":"ListItem","@id":"https:\/\/allasorias.hu\/hirek\/temak\/munkaeropiac\/#listItem","name":"Munkaer\u0151piac"}},{"@type":"ListItem","@id":"https:\/\/allasorias.hu\/hirek\/temak\/munkaeropiac\/#listItem","position":2,"name":"Munkaer\u0151piac","item":"https:\/\/allasorias.hu\/hirek\/temak\/munkaeropiac\/","nextItem":{"@type":"ListItem","@id":"https:\/\/allasorias.hu\/hirek\/derulatoak-de-pesszimistak-is-a-fiatal-dolgozok\/#listItem","name":"Der\u0171l\u00e1t\u00f3ak, de pesszimist\u00e1k is a fiatal dolgoz\u00f3k"},"previousItem":{"@type":"ListItem","@id":"https:\/\/allasorias.hu\/hirek#listItem","name":"Home"}},{"@type":"ListItem","@id":"https:\/\/allasorias.hu\/hirek\/derulatoak-de-pesszimistak-is-a-fiatal-dolgozok\/#listItem","position":3,"name":"Der\u0171l\u00e1t\u00f3ak, de pesszimist\u00e1k is a fiatal dolgoz\u00f3k","previousItem":{"@type":"ListItem","@id":"https:\/\/allasorias.hu\/hirek\/temak\/munkaeropiac\/#listItem","name":"Munkaer\u0151piac"}}]},{"@type":"Organization","@id":"https:\/\/allasorias.hu\/hirek\/#organization","name":"AllasOrias.hu | H\u00edrek-lapszemle","description":"\u00dczleti h\u00edrek az \u00e1ll\u00e1s \u00e9s a munka vil\u00e1g\u00e1b\u00f3l","url":"https:\/\/allasorias.hu\/hirek\/","logo":{"@type":"ImageObject","url":"https:\/\/allasorias.hu\/hirek\/wp-content\/uploads\/2022\/10\/allasorias_site_facebok_logo.png","@id":"https:\/\/allasorias.hu\/hirek\/derulatoak-de-pesszimistak-is-a-fiatal-dolgozok\/#organizationLogo"},"image":{"@id":"https:\/\/allasorias.hu\/hirek\/derulatoak-de-pesszimistak-is-a-fiatal-dolgozok\/#organizationLogo"},"sameAs":["https:\/\/www.facebook.com\/allasorias","https:\/\/www.linkedin.com\/company\/allasorias"]},{"@type":"Person","@id":"https:\/\/allasorias.hu\/hirek\/author\/admin-allasorias\/#author","url":"https:\/\/allasorias.hu\/hirek\/author\/admin-allasorias\/","name":"Juh\u00e1sz P\u00e9ter","image":{"@type":"ImageObject","@id":"https:\/\/allasorias.hu\/hirek\/derulatoak-de-pesszimistak-is-a-fiatal-dolgozok\/#authorImage","url":"https:\/\/secure.gravatar.com\/avatar\/36e6bcb83148978b992977cb0f54d22feb0cce8a0a849a9410532bb2623ba4c6?s=96&d=mm&r=g","width":96,"height":96,"caption":"Juh\u00e1sz P\u00e9ter"}},{"@type":"WebPage","@id":"https:\/\/allasorias.hu\/hirek\/derulatoak-de-pesszimistak-is-a-fiatal-dolgozok\/#webpage","url":"https:\/\/allasorias.hu\/hirek\/derulatoak-de-pesszimistak-is-a-fiatal-dolgozok\/","name":"Der\u0171l\u00e1t\u00f3ak, de pesszimist\u00e1k is a fiatal dolgoz\u00f3k | AllasOrias.hu | H\u00edrek-lapszemle","description":"Legink\u00e1bb a fiatalok optimist\u00e1k a munkaer\u0151piacon, der\u0171l\u00e1t\u00f3ak, de ugyanakkor pesszimizmus is felfedezhet\u0151 n\u00e1luk \u2013 der\u00fcl ki a K&H ifj\u00fas\u00e1gi index\u00e9b\u0151l, amely a dolgoz\u00f3 19-29 \u00e9vesek munkaer\u0151piaci helyzet\u00e9t vizsg\u00e1lta. Az \u00e9rintettek 69 sz\u00e1zal\u00e9ka \u00e9rezte stabilnak a munkahely\u00e9t a m\u00falt \u00e9v v\u00e9g\u00e9n, szemben a h\u00e1rom h\u00f3nappal kor\u00e1bbi alig t\u00f6bb mint 40 sz\u00e1zal\u00e9kos ar\u00e1nnyal. Nagyon kevesen mondt\u00e1k azt,","inLanguage":"hu-HU","isPartOf":{"@id":"https:\/\/allasorias.hu\/hirek\/#website"},"breadcrumb":{"@id":"https:\/\/allasorias.hu\/hirek\/derulatoak-de-pesszimistak-is-a-fiatal-dolgozok\/#breadcrumblist"},"author":{"@id":"https:\/\/allasorias.hu\/hirek\/author\/admin-allasorias\/#author"},"creator":{"@id":"https:\/\/allasorias.hu\/hirek\/author\/admin-allasorias\/#author"},"image":{"@type":"ImageObject","url":"https:\/\/allasorias.hu\/hirek\/wp-content\/uploads\/2019\/04\/opposites-3808487_640.jpg","@id":"https:\/\/allasorias.hu\/hirek\/derulatoak-de-pesszimistak-is-a-fiatal-dolgozok\/#mainImage","width":640,"height":417},"primaryImageOfPage":{"@id":"https:\/\/allasorias.hu\/hirek\/derulatoak-de-pesszimistak-is-a-fiatal-dolgozok\/#mainImage"},"datePublished":"2021-02-05T08:10:13+02:00","dateModified":"2021-02-05T08:10:13+02:00"},{"@type":"WebSite","@id":"https:\/\/allasorias.hu\/hirek\/#website","url":"https:\/\/allasorias.hu\/hirek\/","name":"AllasOrias.hu | H\u00edrek-lapszemle","description":"\u00dczleti h\u00edrek az \u00e1ll\u00e1s \u00e9s a munka vil\u00e1g\u00e1b\u00f3l","inLanguage":"hu-HU","publisher":{"@id":"https:\/\/allasorias.hu\/hirek\/#organization"}}]},"og:locale":"hu_HU","og:site_name":"AllasOrias.hu | H\u00edrek-lapszemle | \u00dczleti h\u00edrek az \u00e1ll\u00e1s \u00e9s a munka vil\u00e1g\u00e1b\u00f3l","og:type":"article","og:title":"Der\u0171l\u00e1t\u00f3ak, de pesszimist\u00e1k is a fiatal dolgoz\u00f3k | AllasOrias.hu | H\u00edrek-lapszemle","og:description":"Legink\u00e1bb a fiatalok optimist\u00e1k a munkaer\u0151piacon, der\u0171l\u00e1t\u00f3ak, de ugyanakkor pesszimizmus is felfedezhet\u0151 n\u00e1luk \u2013 der\u00fcl ki a K&amp;H ifj\u00fas\u00e1gi index\u00e9b\u0151l, amely a dolgoz\u00f3 19-29 \u00e9vesek munkaer\u0151piaci helyzet\u00e9t vizsg\u00e1lta. Az \u00e9rintettek 69 sz\u00e1zal\u00e9ka \u00e9rezte stabilnak a munkahely\u00e9t a m\u00falt \u00e9v v\u00e9g\u00e9n, szemben a h\u00e1rom h\u00f3nappal kor\u00e1bbi alig t\u00f6bb mint 40 sz\u00e1zal\u00e9kos ar\u00e1nnyal. Nagyon kevesen mondt\u00e1k azt,","og:url":"https:\/\/allasorias.hu\/hirek\/derulatoak-de-pesszimistak-is-a-fiatal-dolgozok\/","og:image":"https:\/\/allasorias.hu\/hirek\/wp-content\/uploads\/2019\/04\/opposites-3808487_640.jpg","og:image:secure_url":"https:\/\/allasorias.hu\/hirek\/wp-content\/uploads\/2019\/04\/opposites-3808487_640.jpg","og:image:width":640,"og:image:height":417,"article:published_time":"2021-02-05T08:10:13+00:00","article:modified_time":"2021-02-05T08:10:13+00:00","article:publisher":"https:\/\/www.facebook.com\/allasorias","twitter:card":"summary_large_image","twitter:title":"Der\u0171l\u00e1t\u00f3ak, de pesszimist\u00e1k is a fiatal dolgoz\u00f3k | AllasOrias.hu | H\u00edrek-lapszemle","twitter:description":"Legink\u00e1bb a fiatalok optimist\u00e1k a munkaer\u0151piacon, der\u0171l\u00e1t\u00f3ak, de ugyanakkor pesszimizmus is felfedezhet\u0151 n\u00e1luk \u2013 der\u00fcl ki a K&amp;H ifj\u00fas\u00e1gi index\u00e9b\u0151l, amely a dolgoz\u00f3 19-29 \u00e9vesek munkaer\u0151piaci helyzet\u00e9t vizsg\u00e1lta. Az \u00e9rintettek 69 sz\u00e1zal\u00e9ka \u00e9rezte stabilnak a munkahely\u00e9t a m\u00falt \u00e9v v\u00e9g\u00e9n, szemben a h\u00e1rom h\u00f3nappal kor\u00e1bbi alig t\u00f6bb mint 40 sz\u00e1zal\u00e9kos ar\u00e1nnyal. Nagyon kevesen mondt\u00e1k azt,","twitter:image":"https:\/\/allasorias.hu\/hirek\/wp-content\/uploads\/2019\/04\/opposites-3808487_640.jpg","twitter:label1":"Written by","twitter:data1":"Juh\u00e1sz P\u00e9ter","twitter:label2":"Est. reading time","twitter:data2":"3 minutes"},"aioseo_meta_data":{"post_id":"4559","title":null,"description":null,"keywords":[],"keyphrases":{"focus":[],"additional":[]},"primary_term":null,"canonical_url":null,"og_title":null,"og_description":null,"og_object_type":"default","og_image_type":"default","og_image_url":null,"og_image_width":null,"og_image_height":null,"og_image_custom_url":null,"og_image_custom_fields":null,"og_video":"","og_custom_url":null,"og_article_section":null,"og_article_tags":[],"twitter_use_og":false,"twitter_card":"default","twitter_image_type":"default","twitter_image_url":null,"twitter_image_custom_url":null,"twitter_image_custom_fields":null,"twitter_title":null,"twitter_description":null,"schema":{"blockGraphs":[],"customGraphs":[],"default":{"data":{"Article":[],"Course":[],"Dataset":[],"FAQPage":[],"Movie":[],"Person":[],"Product":[],"ProductReview":[],"Car":[],"Recipe":[],"Service":[],"SoftwareApplication":[],"WebPage":[]},"graphName":"","isEnabled":true},"graphs":[],"defaultGraph":"","defaultPostTypeGraph":""},"schema_type":"none","schema_type_options":"{\"webPage\":{\"webPageType\":\"WebPage\"},\"article\":{\"articleType\":\"BlogPosting\"},\"book\":[],\"course\":[],\"event\":[],\"jobPosting\":[],\"music\":[],\"person\":[],\"product\":[],\"recipe\":[],\"restaurant\":[],\"service\":[],\"software\":[],\"video\":[]}","pillar_content":false,"robots_default":true,"robots_noindex":false,"robots_noarchive":false,"robots_nosnippet":false,"robots_nofollow":false,"robots_noimageindex":false,"robots_noodp":false,"robots_notranslate":false,"robots_max_snippet":"-1","robots_max_videopreview":"-1","robots_max_imagepreview":"large","priority":null,"frequency":"default","location":null,"local_seo":{"businessInfo":{"name":"","urls":{"website":"","aboutPage":"","contactPage":""},"address":{"line1":"","line2":"","zip":"","city":"","state":"","country":""},"contact":{"email":"","phone":"","fax":""},"ids":{"vatID":"","taxID":"","chamberID":""},"payment":{"priceIndication":"","currenciesAccepted":"","methodsAccepted":""},"areaServed":""},"openingHours":{"show":false,"closedLabel":"","open24h":false,"open24hLabel":"","open247":false,"use24hFormat":false,"twoSets":false,"timezone":"","hours":[]}},"breadcrumb_settings":null,"limit_modified_date":false,"ai":null,"created":"2021-02-05 08:07:59","updated":"2025-10-02 15:18:21","seo_analyzer_scan_date":null,"focus_keyword":null,"additional_keywords":null,"truseo_locale":null},"aioseo_breadcrumb":"<div class=\"aioseo-breadcrumbs\"><span class=\"aioseo-breadcrumb\">\n\t\t\t<a href=\"https:\/\/allasorias.hu\/hirek\" title=\"Home\">Home<\/a>\n\t\t<\/span><span class=\"aioseo-breadcrumb-separator\">&raquo;<\/span><span class=\"aioseo-breadcrumb\">\n\t\t\t<a href=\"https:\/\/allasorias.hu\/hirek\/temak\/munkaeropiac\/\" title=\"Munkaer\u0151piac\">Munkaer\u0151piac<\/a>\n\t\t<\/span><span class=\"aioseo-breadcrumb-separator\">&raquo;<\/span><span class=\"aioseo-breadcrumb\">\n\t\t\tDer\u0171l\u00e1t\u00f3ak, de pesszimist\u00e1k is a fiatal dolgoz\u00f3k\n\t\t<\/span><\/div>","aioseo_breadcrumb_json":[{"label":"Home","link":"https:\/\/allasorias.hu\/hirek"},{"label":"Munkaer\u0151piac","link":"https:\/\/allasorias.hu\/hirek\/temak\/munkaeropiac\/"},{"label":"Der\u0171l\u00e1t\u00f3ak, de pesszimist\u00e1k is a fiatal dolgoz\u00f3k","link":"https:\/\/allasorias.hu\/hirek\/derulatoak-de-pesszimistak-is-a-fiatal-dolgozok\/"}],"_links":{"self":[{"href":"https:\/\/allasorias.hu\/hirek\/wp-json\/wp\/v2\/posts\/4559","targetHints":{"allow":["GET"]}}],"collection":[{"href":"https:\/\/allasorias.hu\/hirek\/wp-json\/wp\/v2\/posts"}],"about":[{"href":"https:\/\/allasorias.hu\/hirek\/wp-json\/wp\/v2\/types\/post"}],"author":[{"embeddable":true,"href":"https:\/\/allasorias.hu\/hirek\/wp-json\/wp\/v2\/users\/1"}],"replies":[{"embeddable":true,"href":"https:\/\/allasorias.hu\/hirek\/wp-json\/wp\/v2\/comments?post=4559"}],"version-history":[{"count":1,"href":"https:\/\/allasorias.hu\/hirek\/wp-json\/wp\/v2\/posts\/4559\/revisions"}],"predecessor-version":[{"id":4560,"href":"https:\/\/allasorias.hu\/hirek\/wp-json\/wp\/v2\/posts\/4559\/revisions\/4560"}],"wp:featuredmedia":[{"embeddable":true,"href":"https:\/\/allasorias.hu\/hirek\/wp-json\/wp\/v2\/media\/2815"}],"wp:attachment":[{"href":"https:\/\/allasorias.hu\/hirek\/wp-json\/wp\/v2\/media?parent=4559"}],"wp:term":[{"taxonomy":"category","embeddable":true,"href":"https:\/\/allasorias.hu\/hirek\/wp-json\/wp\/v2\/categories?post=4559"},{"taxonomy":"post_tag","embeddable":true,"href":"https:\/\/allasorias.hu\/hirek\/wp-json\/wp\/v2\/tags?post=4559"}],"curies":[{"name":"wp","href":"https:\/\/api.w.org\/{rel}","templated":true}]}}