{"id":4556,"date":"2021-02-05T08:07:27","date_gmt":"2021-02-05T08:07:27","guid":{"rendered":"https:\/\/allasorias.hu\/hirek\/?p=4556"},"modified":"2021-02-05T08:07:27","modified_gmt":"2021-02-05T08:07:27","slug":"sulyosan-hat-a-valsag-a-fiatal-munkakezdokre","status":"publish","type":"post","link":"https:\/\/allasorias.hu\/hirek\/sulyosan-hat-a-valsag-a-fiatal-munkakezdokre\/","title":{"rendered":"S\u00falyosan hat a v\u00e1ls\u00e1g a fiatal munkakezd\u0151kre"},"content":{"rendered":"<p><strong>A koronav\u00edrus j\u00e1rv\u00e1ny minden dolgoz\u00f3t megvisel, de \u00fagy t\u0171nik, hogy a fiatal munkakezd\u0151ket m\u00e9gink\u00e1bb megviseli. M\u00e1r a 2008-as gazdas\u00e1gi v\u00e1ls\u00e1g ut\u00e1n is kider\u00fclt, hogy a hasonl\u00f3 kr\u00edzisek fokozottan \u00e9rintik a p\u00e1lyakezd\u0151 fiatalokat \u2013 \u00edrja a Telex.<\/strong><\/p>\n<p>A lap besz\u00e1molt az IMF, azaz a Nemzetk\u00f6zi Valutaalap leg\u00fajabb tanulm\u00e1ny\u00e1r\u00f3l is, amely a koronav\u00edrus vil\u00e1gj\u00e1rv\u00e1ny szemsz\u00f6g\u00e9b\u0151l vizsg\u00e1lta meg a p\u00e1lyakezd\u0151k helyzet\u00e9t. A kutat\u00e1s szerint azok, akik magas munkan\u00e9lk\u00fclis\u00e9g \u00e9s valamilyen v\u00e1ls\u00e1g idej\u00e9n l\u00e9pnek ki a munkaer\u0151piacra, soha nem tudj\u00e1k ledolgozni az emiatt kialakult h\u00e1tr\u00e1nyukat. R\u00e1ad\u00e1sul, nem csak gazdas\u00e1gi t\u00e9ren kell extra neh\u00e9zs\u00e9gekkel szemben\u00e9zni\u00fck, ugyanis ezekben a csoportokban magasabb a haland\u00f3s\u00e1g a 40-es koroszt\u00e1lyban, mint azokn\u00e1l, akiknek nem kellett semmilyen kr\u00edzissel megbirk\u00f3zniuk. Az \u00e9rintett fiataloknak alacsonyabb az \u00f6n\u00e9rt\u00e9kel\u00e9se \u00e9s a korm\u00e1nyba vetett bizalma is, illetve magasabb a b\u0171nelk\u00f6vet\u00e9si hajlamuk is. Az IMF kutat\u00e1s\u00e1b\u00f3l kider\u00fcl, hogy azok a p\u00e1lyakezd\u0151k, akik nem j\u00e1rj\u00e1k v\u00e9gig a k\u00f6z\u00e9piskol\u00e1t, 15 sz\u00e1zal\u00e9kkal alacsonyabb j\u00f6vedelemre sz\u00e1m\u00edthatnak, mint a hasonl\u00f3 oktat\u00e1si h\u00e1tter\u0171 t\u00e1rsaik, akiknek a p\u00e1lyakezd\u00e9skor nem kellett v\u00e1ls\u00e1ggal szemben\u00e9znie.<\/p>\n<p>Forr\u00e1s: nlc.hu<\/p>\n","protected":false},"excerpt":{"rendered":"<p>A koronav\u00edrus j\u00e1rv\u00e1ny minden dolgoz\u00f3t megvisel, de \u00fagy t\u0171nik, hogy a fiatal munkakezd\u0151ket m\u00e9gink\u00e1bb megviseli. M\u00e1r a 2008-as gazdas\u00e1gi v\u00e1ls\u00e1g ut\u00e1n is kider\u00fclt, hogy a hasonl\u00f3 kr\u00edzisek fokozottan \u00e9rintik a p\u00e1lyakezd\u0151 fiatalokat \u2013 \u00edrja a Telex. A lap besz\u00e1molt az IMF, azaz a Nemzetk\u00f6zi Valutaalap leg\u00fajabb tanulm\u00e1ny\u00e1r\u00f3l is, amely a koronav\u00edrus vil\u00e1gj\u00e1rv\u00e1ny szemsz\u00f6g\u00e9b\u0151l vizsg\u00e1lta meg [&hellip;]<\/p>\n","protected":false},"author":1,"featured_media":4557,"comment_status":"open","ping_status":"open","sticky":false,"template":"","format":"standard","meta":{"_monsterinsights_skip_tracking":false,"footnotes":""},"categories":[200],"tags":[],"class_list":["post-4556","post","type-post","status-publish","format-standard","has-post-thumbnail","hentry","category-munkaeropiac"],"aioseo_notices":[],"aioseo_head":"\n\t\t<!-- All in One SEO 5.0.0.1 - aioseo.com -->\n\t<meta name=\"description\" content=\"A koronav\u00edrus j\u00e1rv\u00e1ny minden dolgoz\u00f3t megvisel, de \u00fagy t\u0171nik, hogy a fiatal munkakezd\u0151ket m\u00e9gink\u00e1bb megviseli. M\u00e1r a 2008-as gazdas\u00e1gi v\u00e1ls\u00e1g ut\u00e1n is kider\u00fclt, hogy a hasonl\u00f3 kr\u00edzisek fokozottan \u00e9rintik a p\u00e1lyakezd\u0151 fiatalokat \u2013 \u00edrja a Telex. A lap besz\u00e1molt az IMF, azaz a Nemzetk\u00f6zi Valutaalap leg\u00fajabb tanulm\u00e1ny\u00e1r\u00f3l is, amely a koronav\u00edrus vil\u00e1gj\u00e1rv\u00e1ny szemsz\u00f6g\u00e9b\u0151l vizsg\u00e1lta meg\" \/>\n\t<meta name=\"robots\" content=\"max-image-preview:large\" \/>\n\t<meta name=\"author\" content=\"Juh\u00e1sz P\u00e9ter\"\/>\n\t<link rel=\"canonical\" href=\"https:\/\/allasorias.hu\/hirek\/sulyosan-hat-a-valsag-a-fiatal-munkakezdokre\/\" \/>\n\t<meta name=\"generator\" content=\"All in One SEO (AIOSEO) 5.0.0.1\" \/>\n\t\t<meta property=\"og:locale\" content=\"hu_HU\" \/>\n\t\t<meta property=\"og:site_name\" content=\"AllasOrias.hu | H\u00edrek-lapszemle | \u00dczleti h\u00edrek az \u00e1ll\u00e1s \u00e9s a munka vil\u00e1g\u00e1b\u00f3l\" \/>\n\t\t<meta property=\"og:type\" content=\"article\" \/>\n\t\t<meta property=\"og:title\" content=\"S\u00falyosan hat a v\u00e1ls\u00e1g a fiatal munkakezd\u0151kre | AllasOrias.hu | H\u00edrek-lapszemle\" \/>\n\t\t<meta property=\"og:description\" content=\"A koronav\u00edrus j\u00e1rv\u00e1ny minden dolgoz\u00f3t megvisel, de \u00fagy t\u0171nik, hogy a fiatal munkakezd\u0151ket m\u00e9gink\u00e1bb megviseli. M\u00e1r a 2008-as gazdas\u00e1gi v\u00e1ls\u00e1g ut\u00e1n is kider\u00fclt, hogy a hasonl\u00f3 kr\u00edzisek fokozottan \u00e9rintik a p\u00e1lyakezd\u0151 fiatalokat \u2013 \u00edrja a Telex. A lap besz\u00e1molt az IMF, azaz a Nemzetk\u00f6zi Valutaalap leg\u00fajabb tanulm\u00e1ny\u00e1r\u00f3l is, amely a koronav\u00edrus vil\u00e1gj\u00e1rv\u00e1ny szemsz\u00f6g\u00e9b\u0151l vizsg\u00e1lta meg\" \/>\n\t\t<meta property=\"og:url\" content=\"https:\/\/allasorias.hu\/hirek\/sulyosan-hat-a-valsag-a-fiatal-munkakezdokre\/\" \/>\n\t\t<meta property=\"og:image\" content=\"https:\/\/allasorias.hu\/hirek\/wp-content\/uploads\/2021\/02\/woman-attending-online-class.jpg\" \/>\n\t\t<meta property=\"og:image:secure_url\" content=\"https:\/\/allasorias.hu\/hirek\/wp-content\/uploads\/2021\/02\/woman-attending-online-class.jpg\" \/>\n\t\t<meta property=\"og:image:width\" content=\"1920\" \/>\n\t\t<meta property=\"og:image:height\" content=\"1235\" \/>\n\t\t<meta property=\"article:published_time\" content=\"2021-02-05T08:07:27+00:00\" \/>\n\t\t<meta property=\"article:modified_time\" content=\"2021-02-05T08:07:27+00:00\" \/>\n\t\t<meta property=\"article:publisher\" content=\"https:\/\/www.facebook.com\/allasorias\" \/>\n\t\t<meta name=\"twitter:card\" content=\"summary_large_image\" \/>\n\t\t<meta name=\"twitter:title\" content=\"S\u00falyosan hat a v\u00e1ls\u00e1g a fiatal munkakezd\u0151kre | AllasOrias.hu | H\u00edrek-lapszemle\" \/>\n\t\t<meta name=\"twitter:description\" content=\"A koronav\u00edrus j\u00e1rv\u00e1ny minden dolgoz\u00f3t megvisel, de \u00fagy t\u0171nik, hogy a fiatal munkakezd\u0151ket m\u00e9gink\u00e1bb megviseli. M\u00e1r a 2008-as gazdas\u00e1gi v\u00e1ls\u00e1g ut\u00e1n is kider\u00fclt, hogy a hasonl\u00f3 kr\u00edzisek fokozottan \u00e9rintik a p\u00e1lyakezd\u0151 fiatalokat \u2013 \u00edrja a Telex. A lap besz\u00e1molt az IMF, azaz a Nemzetk\u00f6zi Valutaalap leg\u00fajabb tanulm\u00e1ny\u00e1r\u00f3l is, amely a koronav\u00edrus vil\u00e1gj\u00e1rv\u00e1ny szemsz\u00f6g\u00e9b\u0151l vizsg\u00e1lta meg\" \/>\n\t\t<meta name=\"twitter:image\" content=\"https:\/\/allasorias.hu\/hirek\/wp-content\/uploads\/2021\/02\/woman-attending-online-class.jpg\" \/>\n\t\t<meta name=\"twitter:label1\" content=\"Written by\" \/>\n\t\t<meta name=\"twitter:data1\" content=\"Juh\u00e1sz P\u00e9ter\" \/>\n\t\t<meta name=\"twitter:label2\" content=\"Est. reading time\" \/>\n\t\t<meta name=\"twitter:data2\" content=\"1 minute\" \/>\n\t\t<script type=\"application\/ld+json\" class=\"aioseo-schema\">\n\t\t\t{\"@context\":\"https:\\\/\\\/schema.org\",\"@graph\":[{\"@type\":\"Article\",\"@id\":\"https:\\\/\\\/allasorias.hu\\\/hirek\\\/sulyosan-hat-a-valsag-a-fiatal-munkakezdokre\\\/#article\",\"name\":\"S\\u00falyosan hat a v\\u00e1ls\\u00e1g a fiatal munkakezd\\u0151kre | AllasOrias.hu | H\\u00edrek-lapszemle\",\"headline\":\"S\\u00falyosan hat a v\\u00e1ls\\u00e1g a fiatal munkakezd\\u0151kre\",\"author\":{\"@id\":\"https:\\\/\\\/allasorias.hu\\\/hirek\\\/author\\\/admin-allasorias\\\/#author\"},\"publisher\":{\"@id\":\"https:\\\/\\\/allasorias.hu\\\/hirek\\\/#organization\"},\"image\":{\"@type\":\"ImageObject\",\"url\":\"https:\\\/\\\/allasorias.hu\\\/hirek\\\/wp-content\\\/uploads\\\/2021\\\/02\\\/woman-attending-online-class.jpg\",\"width\":1920,\"height\":1235},\"datePublished\":\"2021-02-05T08:07:27+02:00\",\"dateModified\":\"2021-02-05T08:07:27+02:00\",\"inLanguage\":\"hu-HU\",\"mainEntityOfPage\":{\"@id\":\"https:\\\/\\\/allasorias.hu\\\/hirek\\\/sulyosan-hat-a-valsag-a-fiatal-munkakezdokre\\\/#webpage\"},\"isPartOf\":{\"@id\":\"https:\\\/\\\/allasorias.hu\\\/hirek\\\/sulyosan-hat-a-valsag-a-fiatal-munkakezdokre\\\/#webpage\"},\"articleSection\":\"Munkaer\\u0151piac\"},{\"@type\":\"BreadcrumbList\",\"@id\":\"https:\\\/\\\/allasorias.hu\\\/hirek\\\/sulyosan-hat-a-valsag-a-fiatal-munkakezdokre\\\/#breadcrumblist\",\"itemListElement\":[{\"@type\":\"ListItem\",\"@id\":\"https:\\\/\\\/allasorias.hu\\\/hirek#listItem\",\"position\":1,\"name\":\"Home\",\"item\":\"https:\\\/\\\/allasorias.hu\\\/hirek\",\"nextItem\":{\"@type\":\"ListItem\",\"@id\":\"https:\\\/\\\/allasorias.hu\\\/hirek\\\/temak\\\/munkaeropiac\\\/#listItem\",\"name\":\"Munkaer\\u0151piac\"}},{\"@type\":\"ListItem\",\"@id\":\"https:\\\/\\\/allasorias.hu\\\/hirek\\\/temak\\\/munkaeropiac\\\/#listItem\",\"position\":2,\"name\":\"Munkaer\\u0151piac\",\"item\":\"https:\\\/\\\/allasorias.hu\\\/hirek\\\/temak\\\/munkaeropiac\\\/\",\"nextItem\":{\"@type\":\"ListItem\",\"@id\":\"https:\\\/\\\/allasorias.hu\\\/hirek\\\/sulyosan-hat-a-valsag-a-fiatal-munkakezdokre\\\/#listItem\",\"name\":\"S\\u00falyosan hat a v\\u00e1ls\\u00e1g a fiatal munkakezd\\u0151kre\"},\"previousItem\":{\"@type\":\"ListItem\",\"@id\":\"https:\\\/\\\/allasorias.hu\\\/hirek#listItem\",\"name\":\"Home\"}},{\"@type\":\"ListItem\",\"@id\":\"https:\\\/\\\/allasorias.hu\\\/hirek\\\/sulyosan-hat-a-valsag-a-fiatal-munkakezdokre\\\/#listItem\",\"position\":3,\"name\":\"S\\u00falyosan hat a v\\u00e1ls\\u00e1g a fiatal munkakezd\\u0151kre\",\"previousItem\":{\"@type\":\"ListItem\",\"@id\":\"https:\\\/\\\/allasorias.hu\\\/hirek\\\/temak\\\/munkaeropiac\\\/#listItem\",\"name\":\"Munkaer\\u0151piac\"}}]},{\"@type\":\"Organization\",\"@id\":\"https:\\\/\\\/allasorias.hu\\\/hirek\\\/#organization\",\"name\":\"AllasOrias.hu | H\\u00edrek-lapszemle\",\"description\":\"\\u00dczleti h\\u00edrek az \\u00e1ll\\u00e1s \\u00e9s a munka vil\\u00e1g\\u00e1b\\u00f3l\",\"url\":\"https:\\\/\\\/allasorias.hu\\\/hirek\\\/\",\"logo\":{\"@type\":\"ImageObject\",\"url\":\"https:\\\/\\\/allasorias.hu\\\/hirek\\\/wp-content\\\/uploads\\\/2022\\\/10\\\/allasorias_site_facebok_logo.png\",\"@id\":\"https:\\\/\\\/allasorias.hu\\\/hirek\\\/sulyosan-hat-a-valsag-a-fiatal-munkakezdokre\\\/#organizationLogo\"},\"image\":{\"@id\":\"https:\\\/\\\/allasorias.hu\\\/hirek\\\/sulyosan-hat-a-valsag-a-fiatal-munkakezdokre\\\/#organizationLogo\"},\"sameAs\":[\"https:\\\/\\\/www.facebook.com\\\/allasorias\",\"https:\\\/\\\/www.linkedin.com\\\/company\\\/allasorias\"]},{\"@type\":\"Person\",\"@id\":\"https:\\\/\\\/allasorias.hu\\\/hirek\\\/author\\\/admin-allasorias\\\/#author\",\"url\":\"https:\\\/\\\/allasorias.hu\\\/hirek\\\/author\\\/admin-allasorias\\\/\",\"name\":\"Juh\\u00e1sz P\\u00e9ter\",\"image\":{\"@type\":\"ImageObject\",\"@id\":\"https:\\\/\\\/allasorias.hu\\\/hirek\\\/sulyosan-hat-a-valsag-a-fiatal-munkakezdokre\\\/#authorImage\",\"url\":\"https:\\\/\\\/secure.gravatar.com\\\/avatar\\\/36e6bcb83148978b992977cb0f54d22feb0cce8a0a849a9410532bb2623ba4c6?s=96&d=mm&r=g\",\"width\":96,\"height\":96,\"caption\":\"Juh\\u00e1sz P\\u00e9ter\"}},{\"@type\":\"WebPage\",\"@id\":\"https:\\\/\\\/allasorias.hu\\\/hirek\\\/sulyosan-hat-a-valsag-a-fiatal-munkakezdokre\\\/#webpage\",\"url\":\"https:\\\/\\\/allasorias.hu\\\/hirek\\\/sulyosan-hat-a-valsag-a-fiatal-munkakezdokre\\\/\",\"name\":\"S\\u00falyosan hat a v\\u00e1ls\\u00e1g a fiatal munkakezd\\u0151kre | AllasOrias.hu | H\\u00edrek-lapszemle\",\"description\":\"A koronav\\u00edrus j\\u00e1rv\\u00e1ny minden dolgoz\\u00f3t megvisel, de \\u00fagy t\\u0171nik, hogy a fiatal munkakezd\\u0151ket m\\u00e9gink\\u00e1bb megviseli. M\\u00e1r a 2008-as gazdas\\u00e1gi v\\u00e1ls\\u00e1g ut\\u00e1n is kider\\u00fclt, hogy a hasonl\\u00f3 kr\\u00edzisek fokozottan \\u00e9rintik a p\\u00e1lyakezd\\u0151 fiatalokat \\u2013 \\u00edrja a Telex. A lap besz\\u00e1molt az IMF, azaz a Nemzetk\\u00f6zi Valutaalap leg\\u00fajabb tanulm\\u00e1ny\\u00e1r\\u00f3l is, amely a koronav\\u00edrus vil\\u00e1gj\\u00e1rv\\u00e1ny szemsz\\u00f6g\\u00e9b\\u0151l vizsg\\u00e1lta meg\",\"inLanguage\":\"hu-HU\",\"isPartOf\":{\"@id\":\"https:\\\/\\\/allasorias.hu\\\/hirek\\\/#website\"},\"breadcrumb\":{\"@id\":\"https:\\\/\\\/allasorias.hu\\\/hirek\\\/sulyosan-hat-a-valsag-a-fiatal-munkakezdokre\\\/#breadcrumblist\"},\"author\":{\"@id\":\"https:\\\/\\\/allasorias.hu\\\/hirek\\\/author\\\/admin-allasorias\\\/#author\"},\"creator\":{\"@id\":\"https:\\\/\\\/allasorias.hu\\\/hirek\\\/author\\\/admin-allasorias\\\/#author\"},\"image\":{\"@type\":\"ImageObject\",\"url\":\"https:\\\/\\\/allasorias.hu\\\/hirek\\\/wp-content\\\/uploads\\\/2021\\\/02\\\/woman-attending-online-class.jpg\",\"@id\":\"https:\\\/\\\/allasorias.hu\\\/hirek\\\/sulyosan-hat-a-valsag-a-fiatal-munkakezdokre\\\/#mainImage\",\"width\":1920,\"height\":1235},\"primaryImageOfPage\":{\"@id\":\"https:\\\/\\\/allasorias.hu\\\/hirek\\\/sulyosan-hat-a-valsag-a-fiatal-munkakezdokre\\\/#mainImage\"},\"datePublished\":\"2021-02-05T08:07:27+02:00\",\"dateModified\":\"2021-02-05T08:07:27+02:00\"},{\"@type\":\"WebSite\",\"@id\":\"https:\\\/\\\/allasorias.hu\\\/hirek\\\/#website\",\"url\":\"https:\\\/\\\/allasorias.hu\\\/hirek\\\/\",\"name\":\"AllasOrias.hu | H\\u00edrek-lapszemle\",\"description\":\"\\u00dczleti h\\u00edrek az \\u00e1ll\\u00e1s \\u00e9s a munka vil\\u00e1g\\u00e1b\\u00f3l\",\"inLanguage\":\"hu-HU\",\"publisher\":{\"@id\":\"https:\\\/\\\/allasorias.hu\\\/hirek\\\/#organization\"}}]}\n\t\t<\/script>\n\t\t<!-- All in One SEO -->\n\n","aioseo_head_json":{"title":"S\u00falyosan hat a v\u00e1ls\u00e1g a fiatal munkakezd\u0151kre | AllasOrias.hu | H\u00edrek-lapszemle","description":"A koronav\u00edrus j\u00e1rv\u00e1ny minden dolgoz\u00f3t megvisel, de \u00fagy t\u0171nik, hogy a fiatal munkakezd\u0151ket m\u00e9gink\u00e1bb megviseli. M\u00e1r a 2008-as gazdas\u00e1gi v\u00e1ls\u00e1g ut\u00e1n is kider\u00fclt, hogy a hasonl\u00f3 kr\u00edzisek fokozottan \u00e9rintik a p\u00e1lyakezd\u0151 fiatalokat \u2013 \u00edrja a Telex. A lap besz\u00e1molt az IMF, azaz a Nemzetk\u00f6zi Valutaalap leg\u00fajabb tanulm\u00e1ny\u00e1r\u00f3l is, amely a koronav\u00edrus vil\u00e1gj\u00e1rv\u00e1ny szemsz\u00f6g\u00e9b\u0151l vizsg\u00e1lta meg","canonical_url":"https:\/\/allasorias.hu\/hirek\/sulyosan-hat-a-valsag-a-fiatal-munkakezdokre\/","robots":"max-image-preview:large","keywords":"","webmasterTools":{"miscellaneous":""},"schema":{"@context":"https:\/\/schema.org","@graph":[{"@type":"Article","@id":"https:\/\/allasorias.hu\/hirek\/sulyosan-hat-a-valsag-a-fiatal-munkakezdokre\/#article","name":"S\u00falyosan hat a v\u00e1ls\u00e1g a fiatal munkakezd\u0151kre | AllasOrias.hu | H\u00edrek-lapszemle","headline":"S\u00falyosan hat a v\u00e1ls\u00e1g a fiatal munkakezd\u0151kre","author":{"@id":"https:\/\/allasorias.hu\/hirek\/author\/admin-allasorias\/#author"},"publisher":{"@id":"https:\/\/allasorias.hu\/hirek\/#organization"},"image":{"@type":"ImageObject","url":"https:\/\/allasorias.hu\/hirek\/wp-content\/uploads\/2021\/02\/woman-attending-online-class.jpg","width":1920,"height":1235},"datePublished":"2021-02-05T08:07:27+02:00","dateModified":"2021-02-05T08:07:27+02:00","inLanguage":"hu-HU","mainEntityOfPage":{"@id":"https:\/\/allasorias.hu\/hirek\/sulyosan-hat-a-valsag-a-fiatal-munkakezdokre\/#webpage"},"isPartOf":{"@id":"https:\/\/allasorias.hu\/hirek\/sulyosan-hat-a-valsag-a-fiatal-munkakezdokre\/#webpage"},"articleSection":"Munkaer\u0151piac"},{"@type":"BreadcrumbList","@id":"https:\/\/allasorias.hu\/hirek\/sulyosan-hat-a-valsag-a-fiatal-munkakezdokre\/#breadcrumblist","itemListElement":[{"@type":"ListItem","@id":"https:\/\/allasorias.hu\/hirek#listItem","position":1,"name":"Home","item":"https:\/\/allasorias.hu\/hirek","nextItem":{"@type":"ListItem","@id":"https:\/\/allasorias.hu\/hirek\/temak\/munkaeropiac\/#listItem","name":"Munkaer\u0151piac"}},{"@type":"ListItem","@id":"https:\/\/allasorias.hu\/hirek\/temak\/munkaeropiac\/#listItem","position":2,"name":"Munkaer\u0151piac","item":"https:\/\/allasorias.hu\/hirek\/temak\/munkaeropiac\/","nextItem":{"@type":"ListItem","@id":"https:\/\/allasorias.hu\/hirek\/sulyosan-hat-a-valsag-a-fiatal-munkakezdokre\/#listItem","name":"S\u00falyosan hat a v\u00e1ls\u00e1g a fiatal munkakezd\u0151kre"},"previousItem":{"@type":"ListItem","@id":"https:\/\/allasorias.hu\/hirek#listItem","name":"Home"}},{"@type":"ListItem","@id":"https:\/\/allasorias.hu\/hirek\/sulyosan-hat-a-valsag-a-fiatal-munkakezdokre\/#listItem","position":3,"name":"S\u00falyosan hat a v\u00e1ls\u00e1g a fiatal munkakezd\u0151kre","previousItem":{"@type":"ListItem","@id":"https:\/\/allasorias.hu\/hirek\/temak\/munkaeropiac\/#listItem","name":"Munkaer\u0151piac"}}]},{"@type":"Organization","@id":"https:\/\/allasorias.hu\/hirek\/#organization","name":"AllasOrias.hu | H\u00edrek-lapszemle","description":"\u00dczleti h\u00edrek az \u00e1ll\u00e1s \u00e9s a munka vil\u00e1g\u00e1b\u00f3l","url":"https:\/\/allasorias.hu\/hirek\/","logo":{"@type":"ImageObject","url":"https:\/\/allasorias.hu\/hirek\/wp-content\/uploads\/2022\/10\/allasorias_site_facebok_logo.png","@id":"https:\/\/allasorias.hu\/hirek\/sulyosan-hat-a-valsag-a-fiatal-munkakezdokre\/#organizationLogo"},"image":{"@id":"https:\/\/allasorias.hu\/hirek\/sulyosan-hat-a-valsag-a-fiatal-munkakezdokre\/#organizationLogo"},"sameAs":["https:\/\/www.facebook.com\/allasorias","https:\/\/www.linkedin.com\/company\/allasorias"]},{"@type":"Person","@id":"https:\/\/allasorias.hu\/hirek\/author\/admin-allasorias\/#author","url":"https:\/\/allasorias.hu\/hirek\/author\/admin-allasorias\/","name":"Juh\u00e1sz P\u00e9ter","image":{"@type":"ImageObject","@id":"https:\/\/allasorias.hu\/hirek\/sulyosan-hat-a-valsag-a-fiatal-munkakezdokre\/#authorImage","url":"https:\/\/secure.gravatar.com\/avatar\/36e6bcb83148978b992977cb0f54d22feb0cce8a0a849a9410532bb2623ba4c6?s=96&d=mm&r=g","width":96,"height":96,"caption":"Juh\u00e1sz P\u00e9ter"}},{"@type":"WebPage","@id":"https:\/\/allasorias.hu\/hirek\/sulyosan-hat-a-valsag-a-fiatal-munkakezdokre\/#webpage","url":"https:\/\/allasorias.hu\/hirek\/sulyosan-hat-a-valsag-a-fiatal-munkakezdokre\/","name":"S\u00falyosan hat a v\u00e1ls\u00e1g a fiatal munkakezd\u0151kre | AllasOrias.hu | H\u00edrek-lapszemle","description":"A koronav\u00edrus j\u00e1rv\u00e1ny minden dolgoz\u00f3t megvisel, de \u00fagy t\u0171nik, hogy a fiatal munkakezd\u0151ket m\u00e9gink\u00e1bb megviseli. M\u00e1r a 2008-as gazdas\u00e1gi v\u00e1ls\u00e1g ut\u00e1n is kider\u00fclt, hogy a hasonl\u00f3 kr\u00edzisek fokozottan \u00e9rintik a p\u00e1lyakezd\u0151 fiatalokat \u2013 \u00edrja a Telex. A lap besz\u00e1molt az IMF, azaz a Nemzetk\u00f6zi Valutaalap leg\u00fajabb tanulm\u00e1ny\u00e1r\u00f3l is, amely a koronav\u00edrus vil\u00e1gj\u00e1rv\u00e1ny szemsz\u00f6g\u00e9b\u0151l vizsg\u00e1lta meg","inLanguage":"hu-HU","isPartOf":{"@id":"https:\/\/allasorias.hu\/hirek\/#website"},"breadcrumb":{"@id":"https:\/\/allasorias.hu\/hirek\/sulyosan-hat-a-valsag-a-fiatal-munkakezdokre\/#breadcrumblist"},"author":{"@id":"https:\/\/allasorias.hu\/hirek\/author\/admin-allasorias\/#author"},"creator":{"@id":"https:\/\/allasorias.hu\/hirek\/author\/admin-allasorias\/#author"},"image":{"@type":"ImageObject","url":"https:\/\/allasorias.hu\/hirek\/wp-content\/uploads\/2021\/02\/woman-attending-online-class.jpg","@id":"https:\/\/allasorias.hu\/hirek\/sulyosan-hat-a-valsag-a-fiatal-munkakezdokre\/#mainImage","width":1920,"height":1235},"primaryImageOfPage":{"@id":"https:\/\/allasorias.hu\/hirek\/sulyosan-hat-a-valsag-a-fiatal-munkakezdokre\/#mainImage"},"datePublished":"2021-02-05T08:07:27+02:00","dateModified":"2021-02-05T08:07:27+02:00"},{"@type":"WebSite","@id":"https:\/\/allasorias.hu\/hirek\/#website","url":"https:\/\/allasorias.hu\/hirek\/","name":"AllasOrias.hu | H\u00edrek-lapszemle","description":"\u00dczleti h\u00edrek az \u00e1ll\u00e1s \u00e9s a munka vil\u00e1g\u00e1b\u00f3l","inLanguage":"hu-HU","publisher":{"@id":"https:\/\/allasorias.hu\/hirek\/#organization"}}]},"og:locale":"hu_HU","og:site_name":"AllasOrias.hu | H\u00edrek-lapszemle | \u00dczleti h\u00edrek az \u00e1ll\u00e1s \u00e9s a munka vil\u00e1g\u00e1b\u00f3l","og:type":"article","og:title":"S\u00falyosan hat a v\u00e1ls\u00e1g a fiatal munkakezd\u0151kre | AllasOrias.hu | H\u00edrek-lapszemle","og:description":"A koronav\u00edrus j\u00e1rv\u00e1ny minden dolgoz\u00f3t megvisel, de \u00fagy t\u0171nik, hogy a fiatal munkakezd\u0151ket m\u00e9gink\u00e1bb megviseli. M\u00e1r a 2008-as gazdas\u00e1gi v\u00e1ls\u00e1g ut\u00e1n is kider\u00fclt, hogy a hasonl\u00f3 kr\u00edzisek fokozottan \u00e9rintik a p\u00e1lyakezd\u0151 fiatalokat \u2013 \u00edrja a Telex. A lap besz\u00e1molt az IMF, azaz a Nemzetk\u00f6zi Valutaalap leg\u00fajabb tanulm\u00e1ny\u00e1r\u00f3l is, amely a koronav\u00edrus vil\u00e1gj\u00e1rv\u00e1ny szemsz\u00f6g\u00e9b\u0151l vizsg\u00e1lta meg","og:url":"https:\/\/allasorias.hu\/hirek\/sulyosan-hat-a-valsag-a-fiatal-munkakezdokre\/","og:image":"https:\/\/allasorias.hu\/hirek\/wp-content\/uploads\/2021\/02\/woman-attending-online-class.jpg","og:image:secure_url":"https:\/\/allasorias.hu\/hirek\/wp-content\/uploads\/2021\/02\/woman-attending-online-class.jpg","og:image:width":1920,"og:image:height":1235,"article:published_time":"2021-02-05T08:07:27+00:00","article:modified_time":"2021-02-05T08:07:27+00:00","article:publisher":"https:\/\/www.facebook.com\/allasorias","twitter:card":"summary_large_image","twitter:title":"S\u00falyosan hat a v\u00e1ls\u00e1g a fiatal munkakezd\u0151kre | AllasOrias.hu | H\u00edrek-lapszemle","twitter:description":"A koronav\u00edrus j\u00e1rv\u00e1ny minden dolgoz\u00f3t megvisel, de \u00fagy t\u0171nik, hogy a fiatal munkakezd\u0151ket m\u00e9gink\u00e1bb megviseli. M\u00e1r a 2008-as gazdas\u00e1gi v\u00e1ls\u00e1g ut\u00e1n is kider\u00fclt, hogy a hasonl\u00f3 kr\u00edzisek fokozottan \u00e9rintik a p\u00e1lyakezd\u0151 fiatalokat \u2013 \u00edrja a Telex. A lap besz\u00e1molt az IMF, azaz a Nemzetk\u00f6zi Valutaalap leg\u00fajabb tanulm\u00e1ny\u00e1r\u00f3l is, amely a koronav\u00edrus vil\u00e1gj\u00e1rv\u00e1ny szemsz\u00f6g\u00e9b\u0151l vizsg\u00e1lta meg","twitter:image":"https:\/\/allasorias.hu\/hirek\/wp-content\/uploads\/2021\/02\/woman-attending-online-class.jpg","twitter:label1":"Written by","twitter:data1":"Juh\u00e1sz P\u00e9ter","twitter:label2":"Est. reading time","twitter:data2":"1 minute"},"aioseo_meta_data":{"post_id":"4556","title":null,"description":null,"keywords":[],"keyphrases":{"focus":[],"additional":[]},"primary_term":null,"canonical_url":null,"og_title":null,"og_description":null,"og_object_type":"default","og_image_type":"default","og_image_url":null,"og_image_width":null,"og_image_height":null,"og_image_custom_url":null,"og_image_custom_fields":null,"og_video":"","og_custom_url":null,"og_article_section":null,"og_article_tags":[],"twitter_use_og":false,"twitter_card":"default","twitter_image_type":"default","twitter_image_url":null,"twitter_image_custom_url":null,"twitter_image_custom_fields":null,"twitter_title":null,"twitter_description":null,"schema":{"blockGraphs":[],"customGraphs":[],"default":{"data":{"Article":[],"Course":[],"Dataset":[],"FAQPage":[],"Movie":[],"Person":[],"Product":[],"ProductReview":[],"Car":[],"Recipe":[],"Service":[],"SoftwareApplication":[],"WebPage":[]},"graphName":"","isEnabled":true},"graphs":[],"defaultGraph":"","defaultPostTypeGraph":""},"schema_type":"none","schema_type_options":"{\"webPage\":{\"webPageType\":\"WebPage\"},\"article\":{\"articleType\":\"BlogPosting\"},\"book\":[],\"course\":[],\"event\":[],\"jobPosting\":[],\"music\":[],\"person\":[],\"product\":[],\"recipe\":[],\"restaurant\":[],\"service\":[],\"software\":[],\"video\":[]}","pillar_content":false,"robots_default":true,"robots_noindex":false,"robots_noarchive":false,"robots_nosnippet":false,"robots_nofollow":false,"robots_noimageindex":false,"robots_noodp":false,"robots_notranslate":false,"robots_max_snippet":"-1","robots_max_videopreview":"-1","robots_max_imagepreview":"large","priority":null,"frequency":"default","location":null,"local_seo":{"businessInfo":{"name":"","urls":{"website":"","aboutPage":"","contactPage":""},"address":{"line1":"","line2":"","zip":"","city":"","state":"","country":""},"contact":{"email":"","phone":"","fax":""},"ids":{"vatID":"","taxID":"","chamberID":""},"payment":{"priceIndication":"","currenciesAccepted":"","methodsAccepted":""},"areaServed":""},"openingHours":{"show":false,"closedLabel":"","open24h":false,"open24hLabel":"","open247":false,"use24hFormat":false,"twoSets":false,"timezone":"","hours":[]}},"breadcrumb_settings":null,"limit_modified_date":false,"ai":null,"created":"2021-02-05 08:02:03","updated":"2025-10-02 15:17:25","seo_analyzer_scan_date":null,"focus_keyword":null,"additional_keywords":null,"truseo_locale":null},"aioseo_breadcrumb":"<div class=\"aioseo-breadcrumbs\"><span class=\"aioseo-breadcrumb\">\n\t\t\t<a href=\"https:\/\/allasorias.hu\/hirek\" title=\"Home\">Home<\/a>\n\t\t<\/span><span class=\"aioseo-breadcrumb-separator\">&raquo;<\/span><span class=\"aioseo-breadcrumb\">\n\t\t\t<a href=\"https:\/\/allasorias.hu\/hirek\/temak\/munkaeropiac\/\" title=\"Munkaer\u0151piac\">Munkaer\u0151piac<\/a>\n\t\t<\/span><span class=\"aioseo-breadcrumb-separator\">&raquo;<\/span><span class=\"aioseo-breadcrumb\">\n\t\t\tS\u00falyosan hat a v\u00e1ls\u00e1g a fiatal munkakezd\u0151kre\n\t\t<\/span><\/div>","aioseo_breadcrumb_json":[{"label":"Home","link":"https:\/\/allasorias.hu\/hirek"},{"label":"Munkaer\u0151piac","link":"https:\/\/allasorias.hu\/hirek\/temak\/munkaeropiac\/"},{"label":"S\u00falyosan hat a v\u00e1ls\u00e1g a fiatal munkakezd\u0151kre","link":"https:\/\/allasorias.hu\/hirek\/sulyosan-hat-a-valsag-a-fiatal-munkakezdokre\/"}],"_links":{"self":[{"href":"https:\/\/allasorias.hu\/hirek\/wp-json\/wp\/v2\/posts\/4556","targetHints":{"allow":["GET"]}}],"collection":[{"href":"https:\/\/allasorias.hu\/hirek\/wp-json\/wp\/v2\/posts"}],"about":[{"href":"https:\/\/allasorias.hu\/hirek\/wp-json\/wp\/v2\/types\/post"}],"author":[{"embeddable":true,"href":"https:\/\/allasorias.hu\/hirek\/wp-json\/wp\/v2\/users\/1"}],"replies":[{"embeddable":true,"href":"https:\/\/allasorias.hu\/hirek\/wp-json\/wp\/v2\/comments?post=4556"}],"version-history":[{"count":1,"href":"https:\/\/allasorias.hu\/hirek\/wp-json\/wp\/v2\/posts\/4556\/revisions"}],"predecessor-version":[{"id":4558,"href":"https:\/\/allasorias.hu\/hirek\/wp-json\/wp\/v2\/posts\/4556\/revisions\/4558"}],"wp:featuredmedia":[{"embeddable":true,"href":"https:\/\/allasorias.hu\/hirek\/wp-json\/wp\/v2\/media\/4557"}],"wp:attachment":[{"href":"https:\/\/allasorias.hu\/hirek\/wp-json\/wp\/v2\/media?parent=4556"}],"wp:term":[{"taxonomy":"category","embeddable":true,"href":"https:\/\/allasorias.hu\/hirek\/wp-json\/wp\/v2\/categories?post=4556"},{"taxonomy":"post_tag","embeddable":true,"href":"https:\/\/allasorias.hu\/hirek\/wp-json\/wp\/v2\/tags?post=4556"}],"curies":[{"name":"wp","href":"https:\/\/api.w.org\/{rel}","templated":true}]}}