{"id":4551,"date":"2021-02-03T11:44:25","date_gmt":"2021-02-03T11:44:25","guid":{"rendered":"https:\/\/allasorias.hu\/hirek\/?p=4551"},"modified":"2021-02-03T11:44:25","modified_gmt":"2021-02-03T11:44:25","slug":"jelentos-penzmennyiseget-adott-az-unio-magyarorszagnak-munkahelyek-vedelmere","status":"publish","type":"post","link":"https:\/\/allasorias.hu\/hirek\/jelentos-penzmennyiseget-adott-az-unio-magyarorszagnak-munkahelyek-vedelmere\/","title":{"rendered":"Jelent\u0151s p\u00e9nzmennyis\u00e9get adott az uni\u00f3 Magyarorsz\u00e1gnak munkahelyek v\u00e9delm\u00e9re"},"content":{"rendered":"<p><strong>R\u00e9szmunkaid\u0151s vagy r\u00f6vid idej\u0171 munkaer\u0151piaci programok finansz\u00edroz\u00e1s\u00e1ra ny\u00fajtott t\u00e1mogat\u00e1st az Eur\u00f3pai Uni\u00f3 Magyarorsz\u00e1g sz\u00e1m\u00e1ra. Az EU d\u00f6nt\u00e9se nyom\u00e1n 304 milli\u00f3 eur\u00f3t utalt haz\u00e1nknak Br\u00fcsszel. Munkahelyek meg\u0151rz\u00e9s\u00e9t szolg\u00e1l\u00f3 programok t\u00e1mogat\u00e1s\u00e1ra \u00edt\u00e9lt meg kor\u00e1bban t\u00f6bb mint 500 milli\u00f3 eur\u00f3t az Eur\u00f3pai Bizotts\u00e1g, amelynek most kifizett\u00e9k a m\u00e1sodik, nagyobbik h\u00e1nyad\u00e1t is \u2013 \u00edrja a hvg.hu.<\/strong><\/p>\n<p>304 milli\u00f3 eur\u00f3, azaz k\u00f6r\u00fclbel\u00fcl 110 milli\u00e1rd forint a kedvezm\u00e9nyes hitel r\u00e9sze, amelyet Magyarorsz\u00e1gnak a k\u00f6vetkez\u0151 15 \u00e9vben kell visszafizetnie. C\u00e9lja pedig, hogy r\u00e9szmunkaid\u0151s vagy r\u00f6vid idej\u0171 munkaer\u0151piaci programokat finansz\u00edroznak, amelyek r\u00e9v\u00e9n a j\u00e1rv\u00e1ny alatt is megtarthat\u00f3k a munkahelyek, de egy\u00e9ni v\u00e1llalkoz\u00f3k is r\u00e9szes\u00fclhetnek bel\u0151le. Az EU tavaly m\u00e1jusban d\u00f6nt\u00f6tt a 100 milli\u00e1rd eur\u00f3s forr\u00e1s megnyit\u00e1s\u00e1r\u00f3l, melyet 19 jelentkez\u0151 tag\u00e1llam k\u00f6z\u00f6tt osztottak el. Az EU k\u00f6tv\u00e9nyek kibocs\u00e1t\u00e1s\u00e1val fedezi ezt a t\u00e1mogat\u00e1st. A befektet\u0151k k\u00f6r\u00e9ben nagyon nagy volt az \u00e9rdekl\u0151d\u00e9s, a 8\u201312-szeres t\u00faljegyz\u00e9snek k\u00f6sz\u00f6nhet\u0151en p\u00e9ld\u00e1ul a 7 \u00e9ves k\u00f6tv\u00e9ny hozama negat\u00edv (-0,497 sz\u00e1zal\u00e9k) volt. Ez azt jelenti, hogy minden, a tag\u00e1llamok \u00e1ltal kapott 105 eur\u00f3\u00e9rt 100 eur\u00f3t kell visszafizetni, amikor a k\u00f6tv\u00e9ny lej\u00e1r. A h\u00edrr\u0151l a Twitteren besz\u00e1molt az Eur\u00f3pai Bizotts\u00e1g eln\u00f6ke is. Ursula von der Leyen azt \u00edrta magyarul: Eur\u00f3pa \u00f6n\u00f6kkel van.<\/p>\n<p>Forr\u00e1s: klubradio.hu, hvg.hu<\/p>\n","protected":false},"excerpt":{"rendered":"<p>R\u00e9szmunkaid\u0151s vagy r\u00f6vid idej\u0171 munkaer\u0151piaci programok finansz\u00edroz\u00e1s\u00e1ra ny\u00fajtott t\u00e1mogat\u00e1st az Eur\u00f3pai Uni\u00f3 Magyarorsz\u00e1g sz\u00e1m\u00e1ra. Az EU d\u00f6nt\u00e9se nyom\u00e1n 304 milli\u00f3 eur\u00f3t utalt haz\u00e1nknak Br\u00fcsszel. Munkahelyek meg\u0151rz\u00e9s\u00e9t szolg\u00e1l\u00f3 programok t\u00e1mogat\u00e1s\u00e1ra \u00edt\u00e9lt meg kor\u00e1bban t\u00f6bb mint 500 milli\u00f3 eur\u00f3t az Eur\u00f3pai Bizotts\u00e1g, amelynek most kifizett\u00e9k a m\u00e1sodik, nagyobbik h\u00e1nyad\u00e1t is \u2013 \u00edrja a hvg.hu. 304 milli\u00f3 eur\u00f3, [&hellip;]<\/p>\n","protected":false},"author":1,"featured_media":2754,"comment_status":"open","ping_status":"open","sticky":false,"template":"","format":"standard","meta":{"_monsterinsights_skip_tracking":false,"footnotes":""},"categories":[198],"tags":[],"class_list":["post-4551","post","type-post","status-publish","format-standard","has-post-thumbnail","hentry","category-gazdasag"],"aioseo_notices":[],"aioseo_head":"\n\t\t<!-- All in One SEO 5.0.0.1 - aioseo.com -->\n\t<meta name=\"description\" content=\"R\u00e9szmunkaid\u0151s vagy r\u00f6vid idej\u0171 munkaer\u0151piaci programok finansz\u00edroz\u00e1s\u00e1ra ny\u00fajtott t\u00e1mogat\u00e1st az Eur\u00f3pai Uni\u00f3 Magyarorsz\u00e1g sz\u00e1m\u00e1ra. Az EU d\u00f6nt\u00e9se nyom\u00e1n 304 milli\u00f3 eur\u00f3t utalt haz\u00e1nknak Br\u00fcsszel. Munkahelyek meg\u0151rz\u00e9s\u00e9t szolg\u00e1l\u00f3 programok t\u00e1mogat\u00e1s\u00e1ra \u00edt\u00e9lt meg kor\u00e1bban t\u00f6bb mint 500 milli\u00f3 eur\u00f3t az Eur\u00f3pai Bizotts\u00e1g, amelynek most kifizett\u00e9k a m\u00e1sodik, nagyobbik h\u00e1nyad\u00e1t is \u2013 \u00edrja a hvg.hu. 304 milli\u00f3 eur\u00f3,\" \/>\n\t<meta name=\"robots\" content=\"max-image-preview:large\" \/>\n\t<meta name=\"author\" content=\"Juh\u00e1sz P\u00e9ter\"\/>\n\t<link rel=\"canonical\" href=\"https:\/\/allasorias.hu\/hirek\/jelentos-penzmennyiseget-adott-az-unio-magyarorszagnak-munkahelyek-vedelmere\/\" \/>\n\t<meta name=\"generator\" content=\"All in One SEO (AIOSEO) 5.0.0.1\" \/>\n\t\t<meta property=\"og:locale\" content=\"hu_HU\" \/>\n\t\t<meta property=\"og:site_name\" content=\"AllasOrias.hu | H\u00edrek-lapszemle | \u00dczleti h\u00edrek az \u00e1ll\u00e1s \u00e9s a munka vil\u00e1g\u00e1b\u00f3l\" \/>\n\t\t<meta property=\"og:type\" content=\"article\" \/>\n\t\t<meta property=\"og:title\" content=\"Jelent\u0151s p\u00e9nzmennyis\u00e9get adott az uni\u00f3 Magyarorsz\u00e1gnak munkahelyek v\u00e9delm\u00e9re | AllasOrias.hu | H\u00edrek-lapszemle\" \/>\n\t\t<meta property=\"og:description\" content=\"R\u00e9szmunkaid\u0151s vagy r\u00f6vid idej\u0171 munkaer\u0151piaci programok finansz\u00edroz\u00e1s\u00e1ra ny\u00fajtott t\u00e1mogat\u00e1st az Eur\u00f3pai Uni\u00f3 Magyarorsz\u00e1g sz\u00e1m\u00e1ra. Az EU d\u00f6nt\u00e9se nyom\u00e1n 304 milli\u00f3 eur\u00f3t utalt haz\u00e1nknak Br\u00fcsszel. Munkahelyek meg\u0151rz\u00e9s\u00e9t szolg\u00e1l\u00f3 programok t\u00e1mogat\u00e1s\u00e1ra \u00edt\u00e9lt meg kor\u00e1bban t\u00f6bb mint 500 milli\u00f3 eur\u00f3t az Eur\u00f3pai Bizotts\u00e1g, amelynek most kifizett\u00e9k a m\u00e1sodik, nagyobbik h\u00e1nyad\u00e1t is \u2013 \u00edrja a hvg.hu. 304 milli\u00f3 eur\u00f3,\" \/>\n\t\t<meta property=\"og:url\" content=\"https:\/\/allasorias.hu\/hirek\/jelentos-penzmennyiseget-adott-az-unio-magyarorszagnak-munkahelyek-vedelmere\/\" \/>\n\t\t<meta property=\"og:image\" content=\"https:\/\/allasorias.hu\/hirek\/wp-content\/uploads\/2019\/04\/flag-3370970_640.jpg\" \/>\n\t\t<meta property=\"og:image:secure_url\" content=\"https:\/\/allasorias.hu\/hirek\/wp-content\/uploads\/2019\/04\/flag-3370970_640.jpg\" \/>\n\t\t<meta property=\"og:image:width\" content=\"640\" \/>\n\t\t<meta property=\"og:image:height\" content=\"426\" \/>\n\t\t<meta property=\"article:published_time\" content=\"2021-02-03T11:44:25+00:00\" \/>\n\t\t<meta property=\"article:modified_time\" content=\"2021-02-03T11:44:25+00:00\" \/>\n\t\t<meta property=\"article:publisher\" content=\"https:\/\/www.facebook.com\/allasorias\" \/>\n\t\t<meta name=\"twitter:card\" content=\"summary_large_image\" \/>\n\t\t<meta name=\"twitter:title\" content=\"Jelent\u0151s p\u00e9nzmennyis\u00e9get adott az uni\u00f3 Magyarorsz\u00e1gnak munkahelyek v\u00e9delm\u00e9re | AllasOrias.hu | H\u00edrek-lapszemle\" \/>\n\t\t<meta name=\"twitter:description\" content=\"R\u00e9szmunkaid\u0151s vagy r\u00f6vid idej\u0171 munkaer\u0151piaci programok finansz\u00edroz\u00e1s\u00e1ra ny\u00fajtott t\u00e1mogat\u00e1st az Eur\u00f3pai Uni\u00f3 Magyarorsz\u00e1g sz\u00e1m\u00e1ra. Az EU d\u00f6nt\u00e9se nyom\u00e1n 304 milli\u00f3 eur\u00f3t utalt haz\u00e1nknak Br\u00fcsszel. Munkahelyek meg\u0151rz\u00e9s\u00e9t szolg\u00e1l\u00f3 programok t\u00e1mogat\u00e1s\u00e1ra \u00edt\u00e9lt meg kor\u00e1bban t\u00f6bb mint 500 milli\u00f3 eur\u00f3t az Eur\u00f3pai Bizotts\u00e1g, amelynek most kifizett\u00e9k a m\u00e1sodik, nagyobbik h\u00e1nyad\u00e1t is \u2013 \u00edrja a hvg.hu. 304 milli\u00f3 eur\u00f3,\" \/>\n\t\t<meta name=\"twitter:image\" content=\"https:\/\/allasorias.hu\/hirek\/wp-content\/uploads\/2019\/04\/flag-3370970_640.jpg\" \/>\n\t\t<meta name=\"twitter:label1\" content=\"Written by\" \/>\n\t\t<meta name=\"twitter:data1\" content=\"Juh\u00e1sz P\u00e9ter\" \/>\n\t\t<meta name=\"twitter:label2\" content=\"Est. reading time\" \/>\n\t\t<meta name=\"twitter:data2\" content=\"1 minute\" \/>\n\t\t<script type=\"application\/ld+json\" class=\"aioseo-schema\">\n\t\t\t{\"@context\":\"https:\\\/\\\/schema.org\",\"@graph\":[{\"@type\":\"Article\",\"@id\":\"https:\\\/\\\/allasorias.hu\\\/hirek\\\/jelentos-penzmennyiseget-adott-az-unio-magyarorszagnak-munkahelyek-vedelmere\\\/#article\",\"name\":\"Jelent\\u0151s p\\u00e9nzmennyis\\u00e9get adott az uni\\u00f3 Magyarorsz\\u00e1gnak munkahelyek v\\u00e9delm\\u00e9re | AllasOrias.hu | H\\u00edrek-lapszemle\",\"headline\":\"Jelent\\u0151s p\\u00e9nzmennyis\\u00e9get adott az uni\\u00f3 Magyarorsz\\u00e1gnak munkahelyek v\\u00e9delm\\u00e9re\",\"author\":{\"@id\":\"https:\\\/\\\/allasorias.hu\\\/hirek\\\/author\\\/admin-allasorias\\\/#author\"},\"publisher\":{\"@id\":\"https:\\\/\\\/allasorias.hu\\\/hirek\\\/#organization\"},\"image\":{\"@type\":\"ImageObject\",\"url\":\"https:\\\/\\\/allasorias.hu\\\/hirek\\\/wp-content\\\/uploads\\\/2019\\\/04\\\/flag-3370970_640.jpg\",\"width\":640,\"height\":426},\"datePublished\":\"2021-02-03T11:44:25+02:00\",\"dateModified\":\"2021-02-03T11:44:25+02:00\",\"inLanguage\":\"hu-HU\",\"mainEntityOfPage\":{\"@id\":\"https:\\\/\\\/allasorias.hu\\\/hirek\\\/jelentos-penzmennyiseget-adott-az-unio-magyarorszagnak-munkahelyek-vedelmere\\\/#webpage\"},\"isPartOf\":{\"@id\":\"https:\\\/\\\/allasorias.hu\\\/hirek\\\/jelentos-penzmennyiseget-adott-az-unio-magyarorszagnak-munkahelyek-vedelmere\\\/#webpage\"},\"articleSection\":\"Gazdas\\u00e1g\"},{\"@type\":\"BreadcrumbList\",\"@id\":\"https:\\\/\\\/allasorias.hu\\\/hirek\\\/jelentos-penzmennyiseget-adott-az-unio-magyarorszagnak-munkahelyek-vedelmere\\\/#breadcrumblist\",\"itemListElement\":[{\"@type\":\"ListItem\",\"@id\":\"https:\\\/\\\/allasorias.hu\\\/hirek#listItem\",\"position\":1,\"name\":\"Home\",\"item\":\"https:\\\/\\\/allasorias.hu\\\/hirek\",\"nextItem\":{\"@type\":\"ListItem\",\"@id\":\"https:\\\/\\\/allasorias.hu\\\/hirek\\\/temak\\\/gazdasag\\\/#listItem\",\"name\":\"Gazdas\\u00e1g\"}},{\"@type\":\"ListItem\",\"@id\":\"https:\\\/\\\/allasorias.hu\\\/hirek\\\/temak\\\/gazdasag\\\/#listItem\",\"position\":2,\"name\":\"Gazdas\\u00e1g\",\"item\":\"https:\\\/\\\/allasorias.hu\\\/hirek\\\/temak\\\/gazdasag\\\/\",\"nextItem\":{\"@type\":\"ListItem\",\"@id\":\"https:\\\/\\\/allasorias.hu\\\/hirek\\\/jelentos-penzmennyiseget-adott-az-unio-magyarorszagnak-munkahelyek-vedelmere\\\/#listItem\",\"name\":\"Jelent\\u0151s p\\u00e9nzmennyis\\u00e9get adott az uni\\u00f3 Magyarorsz\\u00e1gnak munkahelyek v\\u00e9delm\\u00e9re\"},\"previousItem\":{\"@type\":\"ListItem\",\"@id\":\"https:\\\/\\\/allasorias.hu\\\/hirek#listItem\",\"name\":\"Home\"}},{\"@type\":\"ListItem\",\"@id\":\"https:\\\/\\\/allasorias.hu\\\/hirek\\\/jelentos-penzmennyiseget-adott-az-unio-magyarorszagnak-munkahelyek-vedelmere\\\/#listItem\",\"position\":3,\"name\":\"Jelent\\u0151s p\\u00e9nzmennyis\\u00e9get adott az uni\\u00f3 Magyarorsz\\u00e1gnak munkahelyek v\\u00e9delm\\u00e9re\",\"previousItem\":{\"@type\":\"ListItem\",\"@id\":\"https:\\\/\\\/allasorias.hu\\\/hirek\\\/temak\\\/gazdasag\\\/#listItem\",\"name\":\"Gazdas\\u00e1g\"}}]},{\"@type\":\"Organization\",\"@id\":\"https:\\\/\\\/allasorias.hu\\\/hirek\\\/#organization\",\"name\":\"AllasOrias.hu | H\\u00edrek-lapszemle\",\"description\":\"\\u00dczleti h\\u00edrek az \\u00e1ll\\u00e1s \\u00e9s a munka vil\\u00e1g\\u00e1b\\u00f3l\",\"url\":\"https:\\\/\\\/allasorias.hu\\\/hirek\\\/\",\"logo\":{\"@type\":\"ImageObject\",\"url\":\"https:\\\/\\\/allasorias.hu\\\/hirek\\\/wp-content\\\/uploads\\\/2022\\\/10\\\/allasorias_site_facebok_logo.png\",\"@id\":\"https:\\\/\\\/allasorias.hu\\\/hirek\\\/jelentos-penzmennyiseget-adott-az-unio-magyarorszagnak-munkahelyek-vedelmere\\\/#organizationLogo\"},\"image\":{\"@id\":\"https:\\\/\\\/allasorias.hu\\\/hirek\\\/jelentos-penzmennyiseget-adott-az-unio-magyarorszagnak-munkahelyek-vedelmere\\\/#organizationLogo\"},\"sameAs\":[\"https:\\\/\\\/www.facebook.com\\\/allasorias\",\"https:\\\/\\\/www.linkedin.com\\\/company\\\/allasorias\"]},{\"@type\":\"Person\",\"@id\":\"https:\\\/\\\/allasorias.hu\\\/hirek\\\/author\\\/admin-allasorias\\\/#author\",\"url\":\"https:\\\/\\\/allasorias.hu\\\/hirek\\\/author\\\/admin-allasorias\\\/\",\"name\":\"Juh\\u00e1sz P\\u00e9ter\",\"image\":{\"@type\":\"ImageObject\",\"@id\":\"https:\\\/\\\/allasorias.hu\\\/hirek\\\/jelentos-penzmennyiseget-adott-az-unio-magyarorszagnak-munkahelyek-vedelmere\\\/#authorImage\",\"url\":\"https:\\\/\\\/secure.gravatar.com\\\/avatar\\\/36e6bcb83148978b992977cb0f54d22feb0cce8a0a849a9410532bb2623ba4c6?s=96&d=mm&r=g\",\"width\":96,\"height\":96,\"caption\":\"Juh\\u00e1sz P\\u00e9ter\"}},{\"@type\":\"WebPage\",\"@id\":\"https:\\\/\\\/allasorias.hu\\\/hirek\\\/jelentos-penzmennyiseget-adott-az-unio-magyarorszagnak-munkahelyek-vedelmere\\\/#webpage\",\"url\":\"https:\\\/\\\/allasorias.hu\\\/hirek\\\/jelentos-penzmennyiseget-adott-az-unio-magyarorszagnak-munkahelyek-vedelmere\\\/\",\"name\":\"Jelent\\u0151s p\\u00e9nzmennyis\\u00e9get adott az uni\\u00f3 Magyarorsz\\u00e1gnak munkahelyek v\\u00e9delm\\u00e9re | AllasOrias.hu | H\\u00edrek-lapszemle\",\"description\":\"R\\u00e9szmunkaid\\u0151s vagy r\\u00f6vid idej\\u0171 munkaer\\u0151piaci programok finansz\\u00edroz\\u00e1s\\u00e1ra ny\\u00fajtott t\\u00e1mogat\\u00e1st az Eur\\u00f3pai Uni\\u00f3 Magyarorsz\\u00e1g sz\\u00e1m\\u00e1ra. Az EU d\\u00f6nt\\u00e9se nyom\\u00e1n 304 milli\\u00f3 eur\\u00f3t utalt haz\\u00e1nknak Br\\u00fcsszel. Munkahelyek meg\\u0151rz\\u00e9s\\u00e9t szolg\\u00e1l\\u00f3 programok t\\u00e1mogat\\u00e1s\\u00e1ra \\u00edt\\u00e9lt meg kor\\u00e1bban t\\u00f6bb mint 500 milli\\u00f3 eur\\u00f3t az Eur\\u00f3pai Bizotts\\u00e1g, amelynek most kifizett\\u00e9k a m\\u00e1sodik, nagyobbik h\\u00e1nyad\\u00e1t is \\u2013 \\u00edrja a hvg.hu. 304 milli\\u00f3 eur\\u00f3,\",\"inLanguage\":\"hu-HU\",\"isPartOf\":{\"@id\":\"https:\\\/\\\/allasorias.hu\\\/hirek\\\/#website\"},\"breadcrumb\":{\"@id\":\"https:\\\/\\\/allasorias.hu\\\/hirek\\\/jelentos-penzmennyiseget-adott-az-unio-magyarorszagnak-munkahelyek-vedelmere\\\/#breadcrumblist\"},\"author\":{\"@id\":\"https:\\\/\\\/allasorias.hu\\\/hirek\\\/author\\\/admin-allasorias\\\/#author\"},\"creator\":{\"@id\":\"https:\\\/\\\/allasorias.hu\\\/hirek\\\/author\\\/admin-allasorias\\\/#author\"},\"image\":{\"@type\":\"ImageObject\",\"url\":\"https:\\\/\\\/allasorias.hu\\\/hirek\\\/wp-content\\\/uploads\\\/2019\\\/04\\\/flag-3370970_640.jpg\",\"@id\":\"https:\\\/\\\/allasorias.hu\\\/hirek\\\/jelentos-penzmennyiseget-adott-az-unio-magyarorszagnak-munkahelyek-vedelmere\\\/#mainImage\",\"width\":640,\"height\":426},\"primaryImageOfPage\":{\"@id\":\"https:\\\/\\\/allasorias.hu\\\/hirek\\\/jelentos-penzmennyiseget-adott-az-unio-magyarorszagnak-munkahelyek-vedelmere\\\/#mainImage\"},\"datePublished\":\"2021-02-03T11:44:25+02:00\",\"dateModified\":\"2021-02-03T11:44:25+02:00\"},{\"@type\":\"WebSite\",\"@id\":\"https:\\\/\\\/allasorias.hu\\\/hirek\\\/#website\",\"url\":\"https:\\\/\\\/allasorias.hu\\\/hirek\\\/\",\"name\":\"AllasOrias.hu | H\\u00edrek-lapszemle\",\"description\":\"\\u00dczleti h\\u00edrek az \\u00e1ll\\u00e1s \\u00e9s a munka vil\\u00e1g\\u00e1b\\u00f3l\",\"inLanguage\":\"hu-HU\",\"publisher\":{\"@id\":\"https:\\\/\\\/allasorias.hu\\\/hirek\\\/#organization\"}}]}\n\t\t<\/script>\n\t\t<!-- All in One SEO -->\n\n","aioseo_head_json":{"title":"Jelent\u0151s p\u00e9nzmennyis\u00e9get adott az uni\u00f3 Magyarorsz\u00e1gnak munkahelyek v\u00e9delm\u00e9re | AllasOrias.hu | H\u00edrek-lapszemle","description":"R\u00e9szmunkaid\u0151s vagy r\u00f6vid idej\u0171 munkaer\u0151piaci programok finansz\u00edroz\u00e1s\u00e1ra ny\u00fajtott t\u00e1mogat\u00e1st az Eur\u00f3pai Uni\u00f3 Magyarorsz\u00e1g sz\u00e1m\u00e1ra. Az EU d\u00f6nt\u00e9se nyom\u00e1n 304 milli\u00f3 eur\u00f3t utalt haz\u00e1nknak Br\u00fcsszel. Munkahelyek meg\u0151rz\u00e9s\u00e9t szolg\u00e1l\u00f3 programok t\u00e1mogat\u00e1s\u00e1ra \u00edt\u00e9lt meg kor\u00e1bban t\u00f6bb mint 500 milli\u00f3 eur\u00f3t az Eur\u00f3pai Bizotts\u00e1g, amelynek most kifizett\u00e9k a m\u00e1sodik, nagyobbik h\u00e1nyad\u00e1t is \u2013 \u00edrja a hvg.hu. 304 milli\u00f3 eur\u00f3,","canonical_url":"https:\/\/allasorias.hu\/hirek\/jelentos-penzmennyiseget-adott-az-unio-magyarorszagnak-munkahelyek-vedelmere\/","robots":"max-image-preview:large","keywords":"","webmasterTools":{"miscellaneous":""},"schema":{"@context":"https:\/\/schema.org","@graph":[{"@type":"Article","@id":"https:\/\/allasorias.hu\/hirek\/jelentos-penzmennyiseget-adott-az-unio-magyarorszagnak-munkahelyek-vedelmere\/#article","name":"Jelent\u0151s p\u00e9nzmennyis\u00e9get adott az uni\u00f3 Magyarorsz\u00e1gnak munkahelyek v\u00e9delm\u00e9re | AllasOrias.hu | H\u00edrek-lapszemle","headline":"Jelent\u0151s p\u00e9nzmennyis\u00e9get adott az uni\u00f3 Magyarorsz\u00e1gnak munkahelyek v\u00e9delm\u00e9re","author":{"@id":"https:\/\/allasorias.hu\/hirek\/author\/admin-allasorias\/#author"},"publisher":{"@id":"https:\/\/allasorias.hu\/hirek\/#organization"},"image":{"@type":"ImageObject","url":"https:\/\/allasorias.hu\/hirek\/wp-content\/uploads\/2019\/04\/flag-3370970_640.jpg","width":640,"height":426},"datePublished":"2021-02-03T11:44:25+02:00","dateModified":"2021-02-03T11:44:25+02:00","inLanguage":"hu-HU","mainEntityOfPage":{"@id":"https:\/\/allasorias.hu\/hirek\/jelentos-penzmennyiseget-adott-az-unio-magyarorszagnak-munkahelyek-vedelmere\/#webpage"},"isPartOf":{"@id":"https:\/\/allasorias.hu\/hirek\/jelentos-penzmennyiseget-adott-az-unio-magyarorszagnak-munkahelyek-vedelmere\/#webpage"},"articleSection":"Gazdas\u00e1g"},{"@type":"BreadcrumbList","@id":"https:\/\/allasorias.hu\/hirek\/jelentos-penzmennyiseget-adott-az-unio-magyarorszagnak-munkahelyek-vedelmere\/#breadcrumblist","itemListElement":[{"@type":"ListItem","@id":"https:\/\/allasorias.hu\/hirek#listItem","position":1,"name":"Home","item":"https:\/\/allasorias.hu\/hirek","nextItem":{"@type":"ListItem","@id":"https:\/\/allasorias.hu\/hirek\/temak\/gazdasag\/#listItem","name":"Gazdas\u00e1g"}},{"@type":"ListItem","@id":"https:\/\/allasorias.hu\/hirek\/temak\/gazdasag\/#listItem","position":2,"name":"Gazdas\u00e1g","item":"https:\/\/allasorias.hu\/hirek\/temak\/gazdasag\/","nextItem":{"@type":"ListItem","@id":"https:\/\/allasorias.hu\/hirek\/jelentos-penzmennyiseget-adott-az-unio-magyarorszagnak-munkahelyek-vedelmere\/#listItem","name":"Jelent\u0151s p\u00e9nzmennyis\u00e9get adott az uni\u00f3 Magyarorsz\u00e1gnak munkahelyek v\u00e9delm\u00e9re"},"previousItem":{"@type":"ListItem","@id":"https:\/\/allasorias.hu\/hirek#listItem","name":"Home"}},{"@type":"ListItem","@id":"https:\/\/allasorias.hu\/hirek\/jelentos-penzmennyiseget-adott-az-unio-magyarorszagnak-munkahelyek-vedelmere\/#listItem","position":3,"name":"Jelent\u0151s p\u00e9nzmennyis\u00e9get adott az uni\u00f3 Magyarorsz\u00e1gnak munkahelyek v\u00e9delm\u00e9re","previousItem":{"@type":"ListItem","@id":"https:\/\/allasorias.hu\/hirek\/temak\/gazdasag\/#listItem","name":"Gazdas\u00e1g"}}]},{"@type":"Organization","@id":"https:\/\/allasorias.hu\/hirek\/#organization","name":"AllasOrias.hu | H\u00edrek-lapszemle","description":"\u00dczleti h\u00edrek az \u00e1ll\u00e1s \u00e9s a munka vil\u00e1g\u00e1b\u00f3l","url":"https:\/\/allasorias.hu\/hirek\/","logo":{"@type":"ImageObject","url":"https:\/\/allasorias.hu\/hirek\/wp-content\/uploads\/2022\/10\/allasorias_site_facebok_logo.png","@id":"https:\/\/allasorias.hu\/hirek\/jelentos-penzmennyiseget-adott-az-unio-magyarorszagnak-munkahelyek-vedelmere\/#organizationLogo"},"image":{"@id":"https:\/\/allasorias.hu\/hirek\/jelentos-penzmennyiseget-adott-az-unio-magyarorszagnak-munkahelyek-vedelmere\/#organizationLogo"},"sameAs":["https:\/\/www.facebook.com\/allasorias","https:\/\/www.linkedin.com\/company\/allasorias"]},{"@type":"Person","@id":"https:\/\/allasorias.hu\/hirek\/author\/admin-allasorias\/#author","url":"https:\/\/allasorias.hu\/hirek\/author\/admin-allasorias\/","name":"Juh\u00e1sz P\u00e9ter","image":{"@type":"ImageObject","@id":"https:\/\/allasorias.hu\/hirek\/jelentos-penzmennyiseget-adott-az-unio-magyarorszagnak-munkahelyek-vedelmere\/#authorImage","url":"https:\/\/secure.gravatar.com\/avatar\/36e6bcb83148978b992977cb0f54d22feb0cce8a0a849a9410532bb2623ba4c6?s=96&d=mm&r=g","width":96,"height":96,"caption":"Juh\u00e1sz P\u00e9ter"}},{"@type":"WebPage","@id":"https:\/\/allasorias.hu\/hirek\/jelentos-penzmennyiseget-adott-az-unio-magyarorszagnak-munkahelyek-vedelmere\/#webpage","url":"https:\/\/allasorias.hu\/hirek\/jelentos-penzmennyiseget-adott-az-unio-magyarorszagnak-munkahelyek-vedelmere\/","name":"Jelent\u0151s p\u00e9nzmennyis\u00e9get adott az uni\u00f3 Magyarorsz\u00e1gnak munkahelyek v\u00e9delm\u00e9re | AllasOrias.hu | H\u00edrek-lapszemle","description":"R\u00e9szmunkaid\u0151s vagy r\u00f6vid idej\u0171 munkaer\u0151piaci programok finansz\u00edroz\u00e1s\u00e1ra ny\u00fajtott t\u00e1mogat\u00e1st az Eur\u00f3pai Uni\u00f3 Magyarorsz\u00e1g sz\u00e1m\u00e1ra. Az EU d\u00f6nt\u00e9se nyom\u00e1n 304 milli\u00f3 eur\u00f3t utalt haz\u00e1nknak Br\u00fcsszel. Munkahelyek meg\u0151rz\u00e9s\u00e9t szolg\u00e1l\u00f3 programok t\u00e1mogat\u00e1s\u00e1ra \u00edt\u00e9lt meg kor\u00e1bban t\u00f6bb mint 500 milli\u00f3 eur\u00f3t az Eur\u00f3pai Bizotts\u00e1g, amelynek most kifizett\u00e9k a m\u00e1sodik, nagyobbik h\u00e1nyad\u00e1t is \u2013 \u00edrja a hvg.hu. 304 milli\u00f3 eur\u00f3,","inLanguage":"hu-HU","isPartOf":{"@id":"https:\/\/allasorias.hu\/hirek\/#website"},"breadcrumb":{"@id":"https:\/\/allasorias.hu\/hirek\/jelentos-penzmennyiseget-adott-az-unio-magyarorszagnak-munkahelyek-vedelmere\/#breadcrumblist"},"author":{"@id":"https:\/\/allasorias.hu\/hirek\/author\/admin-allasorias\/#author"},"creator":{"@id":"https:\/\/allasorias.hu\/hirek\/author\/admin-allasorias\/#author"},"image":{"@type":"ImageObject","url":"https:\/\/allasorias.hu\/hirek\/wp-content\/uploads\/2019\/04\/flag-3370970_640.jpg","@id":"https:\/\/allasorias.hu\/hirek\/jelentos-penzmennyiseget-adott-az-unio-magyarorszagnak-munkahelyek-vedelmere\/#mainImage","width":640,"height":426},"primaryImageOfPage":{"@id":"https:\/\/allasorias.hu\/hirek\/jelentos-penzmennyiseget-adott-az-unio-magyarorszagnak-munkahelyek-vedelmere\/#mainImage"},"datePublished":"2021-02-03T11:44:25+02:00","dateModified":"2021-02-03T11:44:25+02:00"},{"@type":"WebSite","@id":"https:\/\/allasorias.hu\/hirek\/#website","url":"https:\/\/allasorias.hu\/hirek\/","name":"AllasOrias.hu | H\u00edrek-lapszemle","description":"\u00dczleti h\u00edrek az \u00e1ll\u00e1s \u00e9s a munka vil\u00e1g\u00e1b\u00f3l","inLanguage":"hu-HU","publisher":{"@id":"https:\/\/allasorias.hu\/hirek\/#organization"}}]},"og:locale":"hu_HU","og:site_name":"AllasOrias.hu | H\u00edrek-lapszemle | \u00dczleti h\u00edrek az \u00e1ll\u00e1s \u00e9s a munka vil\u00e1g\u00e1b\u00f3l","og:type":"article","og:title":"Jelent\u0151s p\u00e9nzmennyis\u00e9get adott az uni\u00f3 Magyarorsz\u00e1gnak munkahelyek v\u00e9delm\u00e9re | AllasOrias.hu | H\u00edrek-lapszemle","og:description":"R\u00e9szmunkaid\u0151s vagy r\u00f6vid idej\u0171 munkaer\u0151piaci programok finansz\u00edroz\u00e1s\u00e1ra ny\u00fajtott t\u00e1mogat\u00e1st az Eur\u00f3pai Uni\u00f3 Magyarorsz\u00e1g sz\u00e1m\u00e1ra. Az EU d\u00f6nt\u00e9se nyom\u00e1n 304 milli\u00f3 eur\u00f3t utalt haz\u00e1nknak Br\u00fcsszel. Munkahelyek meg\u0151rz\u00e9s\u00e9t szolg\u00e1l\u00f3 programok t\u00e1mogat\u00e1s\u00e1ra \u00edt\u00e9lt meg kor\u00e1bban t\u00f6bb mint 500 milli\u00f3 eur\u00f3t az Eur\u00f3pai Bizotts\u00e1g, amelynek most kifizett\u00e9k a m\u00e1sodik, nagyobbik h\u00e1nyad\u00e1t is \u2013 \u00edrja a hvg.hu. 304 milli\u00f3 eur\u00f3,","og:url":"https:\/\/allasorias.hu\/hirek\/jelentos-penzmennyiseget-adott-az-unio-magyarorszagnak-munkahelyek-vedelmere\/","og:image":"https:\/\/allasorias.hu\/hirek\/wp-content\/uploads\/2019\/04\/flag-3370970_640.jpg","og:image:secure_url":"https:\/\/allasorias.hu\/hirek\/wp-content\/uploads\/2019\/04\/flag-3370970_640.jpg","og:image:width":640,"og:image:height":426,"article:published_time":"2021-02-03T11:44:25+00:00","article:modified_time":"2021-02-03T11:44:25+00:00","article:publisher":"https:\/\/www.facebook.com\/allasorias","twitter:card":"summary_large_image","twitter:title":"Jelent\u0151s p\u00e9nzmennyis\u00e9get adott az uni\u00f3 Magyarorsz\u00e1gnak munkahelyek v\u00e9delm\u00e9re | AllasOrias.hu | H\u00edrek-lapszemle","twitter:description":"R\u00e9szmunkaid\u0151s vagy r\u00f6vid idej\u0171 munkaer\u0151piaci programok finansz\u00edroz\u00e1s\u00e1ra ny\u00fajtott t\u00e1mogat\u00e1st az Eur\u00f3pai Uni\u00f3 Magyarorsz\u00e1g sz\u00e1m\u00e1ra. Az EU d\u00f6nt\u00e9se nyom\u00e1n 304 milli\u00f3 eur\u00f3t utalt haz\u00e1nknak Br\u00fcsszel. Munkahelyek meg\u0151rz\u00e9s\u00e9t szolg\u00e1l\u00f3 programok t\u00e1mogat\u00e1s\u00e1ra \u00edt\u00e9lt meg kor\u00e1bban t\u00f6bb mint 500 milli\u00f3 eur\u00f3t az Eur\u00f3pai Bizotts\u00e1g, amelynek most kifizett\u00e9k a m\u00e1sodik, nagyobbik h\u00e1nyad\u00e1t is \u2013 \u00edrja a hvg.hu. 304 milli\u00f3 eur\u00f3,","twitter:image":"https:\/\/allasorias.hu\/hirek\/wp-content\/uploads\/2019\/04\/flag-3370970_640.jpg","twitter:label1":"Written by","twitter:data1":"Juh\u00e1sz P\u00e9ter","twitter:label2":"Est. reading time","twitter:data2":"1 minute"},"aioseo_meta_data":{"post_id":"4551","title":null,"description":null,"keywords":[],"keyphrases":{"focus":[],"additional":[]},"primary_term":null,"canonical_url":null,"og_title":null,"og_description":null,"og_object_type":"default","og_image_type":"default","og_image_url":null,"og_image_width":null,"og_image_height":null,"og_image_custom_url":null,"og_image_custom_fields":null,"og_video":"","og_custom_url":null,"og_article_section":null,"og_article_tags":[],"twitter_use_og":false,"twitter_card":"default","twitter_image_type":"default","twitter_image_url":null,"twitter_image_custom_url":null,"twitter_image_custom_fields":null,"twitter_title":null,"twitter_description":null,"schema":{"blockGraphs":[],"customGraphs":[],"default":{"data":{"Article":[],"Course":[],"Dataset":[],"FAQPage":[],"Movie":[],"Person":[],"Product":[],"ProductReview":[],"Car":[],"Recipe":[],"Service":[],"SoftwareApplication":[],"WebPage":[]},"graphName":"","isEnabled":true},"graphs":[],"defaultGraph":"","defaultPostTypeGraph":""},"schema_type":"none","schema_type_options":"{\"webPage\":{\"webPageType\":\"WebPage\"},\"article\":{\"articleType\":\"BlogPosting\"},\"book\":[],\"course\":[],\"event\":[],\"jobPosting\":[],\"music\":[],\"person\":[],\"product\":[],\"recipe\":[],\"restaurant\":[],\"service\":[],\"software\":[],\"video\":[]}","pillar_content":false,"robots_default":true,"robots_noindex":false,"robots_noarchive":false,"robots_nosnippet":false,"robots_nofollow":false,"robots_noimageindex":false,"robots_noodp":false,"robots_notranslate":false,"robots_max_snippet":"-1","robots_max_videopreview":"-1","robots_max_imagepreview":"large","priority":null,"frequency":"default","location":null,"local_seo":{"businessInfo":{"name":"","urls":{"website":"","aboutPage":"","contactPage":""},"address":{"line1":"","line2":"","zip":"","city":"","state":"","country":""},"contact":{"email":"","phone":"","fax":""},"ids":{"vatID":"","taxID":"","chamberID":""},"payment":{"priceIndication":"","currenciesAccepted":"","methodsAccepted":""},"areaServed":""},"openingHours":{"show":false,"closedLabel":"","open24h":false,"open24hLabel":"","open247":false,"use24hFormat":false,"twoSets":false,"timezone":"","hours":[]}},"breadcrumb_settings":null,"limit_modified_date":false,"ai":null,"created":"2021-02-03 11:41:09","updated":"2025-10-02 15:17:25","seo_analyzer_scan_date":null,"focus_keyword":null,"additional_keywords":null,"truseo_locale":null},"aioseo_breadcrumb":"<div class=\"aioseo-breadcrumbs\"><span class=\"aioseo-breadcrumb\">\n\t\t\t<a href=\"https:\/\/allasorias.hu\/hirek\" title=\"Home\">Home<\/a>\n\t\t<\/span><span class=\"aioseo-breadcrumb-separator\">&raquo;<\/span><span class=\"aioseo-breadcrumb\">\n\t\t\t<a href=\"https:\/\/allasorias.hu\/hirek\/temak\/gazdasag\/\" title=\"Gazdas\u00e1g\">Gazdas\u00e1g<\/a>\n\t\t<\/span><span class=\"aioseo-breadcrumb-separator\">&raquo;<\/span><span class=\"aioseo-breadcrumb\">\n\t\t\tJelent\u0151s p\u00e9nzmennyis\u00e9get adott az uni\u00f3 Magyarorsz\u00e1gnak munkahelyek v\u00e9delm\u00e9re\n\t\t<\/span><\/div>","aioseo_breadcrumb_json":[{"label":"Home","link":"https:\/\/allasorias.hu\/hirek"},{"label":"Gazdas\u00e1g","link":"https:\/\/allasorias.hu\/hirek\/temak\/gazdasag\/"},{"label":"Jelent\u0151s p\u00e9nzmennyis\u00e9get adott az uni\u00f3 Magyarorsz\u00e1gnak munkahelyek v\u00e9delm\u00e9re","link":"https:\/\/allasorias.hu\/hirek\/jelentos-penzmennyiseget-adott-az-unio-magyarorszagnak-munkahelyek-vedelmere\/"}],"_links":{"self":[{"href":"https:\/\/allasorias.hu\/hirek\/wp-json\/wp\/v2\/posts\/4551","targetHints":{"allow":["GET"]}}],"collection":[{"href":"https:\/\/allasorias.hu\/hirek\/wp-json\/wp\/v2\/posts"}],"about":[{"href":"https:\/\/allasorias.hu\/hirek\/wp-json\/wp\/v2\/types\/post"}],"author":[{"embeddable":true,"href":"https:\/\/allasorias.hu\/hirek\/wp-json\/wp\/v2\/users\/1"}],"replies":[{"embeddable":true,"href":"https:\/\/allasorias.hu\/hirek\/wp-json\/wp\/v2\/comments?post=4551"}],"version-history":[{"count":1,"href":"https:\/\/allasorias.hu\/hirek\/wp-json\/wp\/v2\/posts\/4551\/revisions"}],"predecessor-version":[{"id":4552,"href":"https:\/\/allasorias.hu\/hirek\/wp-json\/wp\/v2\/posts\/4551\/revisions\/4552"}],"wp:featuredmedia":[{"embeddable":true,"href":"https:\/\/allasorias.hu\/hirek\/wp-json\/wp\/v2\/media\/2754"}],"wp:attachment":[{"href":"https:\/\/allasorias.hu\/hirek\/wp-json\/wp\/v2\/media?parent=4551"}],"wp:term":[{"taxonomy":"category","embeddable":true,"href":"https:\/\/allasorias.hu\/hirek\/wp-json\/wp\/v2\/categories?post=4551"},{"taxonomy":"post_tag","embeddable":true,"href":"https:\/\/allasorias.hu\/hirek\/wp-json\/wp\/v2\/tags?post=4551"}],"curies":[{"name":"wp","href":"https:\/\/api.w.org\/{rel}","templated":true}]}}