{"id":4537,"date":"2021-01-27T07:41:16","date_gmt":"2021-01-27T07:41:16","guid":{"rendered":"https:\/\/allasorias.hu\/hirek\/?p=4537"},"modified":"2021-01-27T07:44:15","modified_gmt":"2021-01-27T07:44:15","slug":"kiemelten-fontos-a-magyaroknak-a-munkahely-biztonsaga","status":"publish","type":"post","link":"https:\/\/allasorias.hu\/hirek\/kiemelten-fontos-a-magyaroknak-a-munkahely-biztonsaga\/","title":{"rendered":"Kiemelten fontos a magyaroknak a munkahely biztons\u00e1ga"},"content":{"rendered":"<p><strong>Magyarorsz\u00e1gon is, m\u00edg Eur\u00f3pa d\u00e9li \u00e9s keleti r\u00e9gi\u00f3iban a dolgoz\u00f3k k\u00e9tharmada szeretn\u00e9 jelenlegi fizet\u00e9si szintj\u00e9nek garant\u00e1l\u00e1s\u00e1t a koronav\u00edrus j\u00e1rv\u00e1ny okozta neh\u00e9zs\u00e9gek ellen\u00e9re. Tart\u00f3s v\u00e1ltoz\u00e1sokra sz\u00e1m\u00edtanak a foglalkoztat\u00e1sban a magyar munkav\u00e1llal\u00f3k, akik egyre fontosabbnak tartj\u00e1k a munkahely\u00fck biztons\u00e1g\u00e1t, amely\u00e9rt \u00e1ldozatokra is hajland\u00f3ak, \u00e1m a t\u00f6bbs\u00e9g enn\u00e9l is el\u0151bbre helyezi a b\u00e9rsz\u00ednvonal meg\u0151rz\u00e9s\u00e9t \u2013 der\u00fcl ki a Randstad Workmonitor 34 orsz\u00e1gban, k\u00f6zt\u00fck Magyarorsz\u00e1gon v\u00e9gzett \u00e1tfog\u00f3 kutat\u00e1s\u00e1b\u00f3l.<\/strong><\/p>\n<p>M\u00edg glob\u00e1lisan a megk\u00e9rdezettek 36 sz\u00e1zal\u00e9ka, a r\u00e9gi\u00f3ban pedig 39 sz\u00e1zal\u00e9ka nyilatkozott \u00fagy, hogy a munkahely biztos\u00edt\u00e1s\u00e1ra ir\u00e1nyul\u00f3 kezdem\u00e9nyez\u00e9sek \u00e9s garanci\u00e1k fontosak sz\u00e1m\u00e1ra, addig Magyarorsz\u00e1gon a dolgoz\u00f3k 50 sz\u00e1zal\u00e9ka fejezte ki erre vonatkoz\u00f3 ig\u00e9ny\u00e9t. Magyarorsz\u00e1gon 2019 utols\u00f3 negyed\u00e9v\u00e9hez k\u00e9pest 5 sz\u00e1zal\u00e9kkal, 11 sz\u00e1zal\u00e9kra n\u0151tt azok ar\u00e1nya, akik jelent\u0151s m\u00e9rt\u00e9kben tartanak munkahely\u00fck elveszt\u00e9s\u00e9t\u0151l, a munkaviszonyban \u00e1ll\u00f3k t\u00f6bb mint harmada sz\u00e1mol ennek k\u00f6zepes vagy nagy val\u00f3sz\u00edn\u0171s\u00e9g\u00e9vel. A r\u00e9gi\u00f3k k\u00f6z\u00fcl a k\u00f6z\u00e9p-dun\u00e1nt\u00fali (5,6 sz\u00e1zal\u00e9k), a f\u0151bb szektorok k\u00f6z\u00f6tt pedig a telekommunik\u00e1ci\u00f3 (3,7 sz\u00e1zal\u00e9k), az \u00e9lelmiszeripar (4,5 sz\u00e1zal\u00e9k) \u00e9s az oktat\u00e1s (4,9 sz\u00e1zal\u00e9k), ahol a legalacsonyabb azok ar\u00e1nya, akik nagy val\u00f3sz\u00edn\u0171s\u00e9get adnak munkahely\u00fck megsz\u0171n\u00e9s\u00e9nek, az aut\u00f3iparban azonban a megk\u00e9rdezettek 25 sz\u00e1zal\u00e9ka nyilatkozott \u00edgy. Az elm\u00falt id\u0151szakban alkalmazott fizet\u00e9scs\u00f6kkent\u00e9sek \u00e9s egy\u00e9b megszor\u00edt\u00e1sok fel\u00e9rt\u00e9kelt\u00e9k a b\u00e9rgarancia jelent\u0151s\u00e9g\u00e9t, ez magasan (59 sz\u00e1zal\u00e9k) vezeti a prefer\u00e1lt munkaad\u00f3i \u00e9rt\u00e9kek list\u00e1j\u00e1t Magyarorsz\u00e1gon is, m\u00edg Eur\u00f3pa d\u00e9li \u00e9s keleti r\u00e9gi\u00f3iban a dolgoz\u00f3k k\u00e9tharmada szeretn\u00e9 jelenlegi fizet\u00e9si szintj\u00e9nek garant\u00e1l\u00e1s\u00e1t. A munkaer\u0151piac \u00e1talakul\u00e1s\u00e1t jelzi az a tendencia is, hogy \u00e1ll\u00e1sa megtart\u00e1sa \u00e9rdek\u00e9ben a magyar dolgoz\u00f3 is komoly \u00e1ldozatot hajland\u00f3 v\u00e1llalni. Az alkalmazottak 8 sz\u00e1zal\u00e9ka fizet\u00e9se cs\u00f6kkent\u00e9s\u00e9ben, 14 sz\u00e1zal\u00e9ka az azonos b\u00e9r\u00e9rt v\u00e9gzett t\u00f6bbletmunk\u00e1ban k\u00f6tne vagy k\u00f6t\u00f6tt m\u00e1r kompromisszumot, m\u00edg 28 sz\u00e1zal\u00e9k a munkaid\u0151 id\u0151szakos cs\u00f6kkent\u00e9s\u00e9be vagy k\u00e9nyszerszabads\u00e1gol\u00e1sba, illetve 26 sz\u00e1zal\u00e9k a v\u00e1llalaton bel\u00fcli \u00e1thelyez\u00e9sbe egyezne vagy egyezett m\u00e1r eddig is bele. A megk\u00e9rdezettek t\u00f6bbs\u00e9ge tov\u00e1bb \u00e9lvezn\u00e9 a home office el\u0151nyeit. T\u00f6bb nyugat-eur\u00f3pai orsz\u00e1got is megel\u0151zve, Magyarorsz\u00e1gon a megk\u00e9rdezettek 80 sz\u00e1zal\u00e9ka \u00e1ll\u00edtja, hogy mind a felszerel\u00e9se, mind a technol\u00f3giai felk\u00e9sz\u00fclts\u00e9ge megvan az elv\u00e1rt digitaliz\u00e1ci\u00f3s folyamatok k\u00f6vet\u00e9s\u00e9re, ami 2015-h\u00f6z k\u00e9pest jelent\u0151s javul\u00e1s, hiszen \u00f6t \u00e9vvel ezel\u0151tt a dolgoz\u00f3k alig t\u00f6bb mint fele \u00e9rezte mag\u00e1t felk\u00e9sz\u00fcltnek \u2013 \u00edrj\u00e1k a felm\u00e9r\u00e9sben. Megjegyzik azt is, hogy z\u00e1rult az oll\u00f3 a fejlettebb, nyugati munkaer\u0151piacok \u00e9s a k\u00f6z\u00e9p-eur\u00f3pai t\u00e9rs\u00e9g k\u00f6z\u00f6tt ezen a ter\u00fcleten. M\u00edg glob\u00e1lisan a munkaer\u0151 40 sz\u00e1zal\u00e9ka jellemezte \u00fagy az elm\u00falt id\u0151szakot, hogy probl\u00e9m\u00e1t jelentett sz\u00e1m\u00e1ra a digit\u00e1lis \u00e1t\u00e1ll\u00e1si k\u00e9szs\u00e9gek elsaj\u00e1t\u00edt\u00e1sa, addig a magyar dolgoz\u00f3k 20 sz\u00e1zal\u00e9ka sz\u00e1molt be err\u0151l. A v\u00e1laszad\u00f3k 34 sz\u00e1zal\u00e9k\u00e1nak fontos a rugalmas munkaid\u0151, 22 sz\u00e1zal\u00e9ka ink\u00e1bb az otthoni \u00e9s az irodai munka kombin\u00e1ci\u00f3j\u00e1t r\u00e9szes\u00edti el\u0151nyben, 15 sz\u00e1zal\u00e9kuk az ig\u00e9ny szerinti otthoni munkav\u00e9gz\u00e9st, m\u00edg 14 sz\u00e1zal\u00e9kuk a kiz\u00e1r\u00f3lagos otthoni munkav\u00e9gz\u00e9st eml\u00edtette. A Randstad Workmonitor 2003-ban indult, 34 piacot fed le a vil\u00e1g minden t\u00e1j\u00e1n: a kutat\u00e1s fel\u00f6leli Eur\u00f3p\u00e1t, \u00c1zsi\u00e1t a Csendes-\u00f3ce\u00e1ni t\u00e9rs\u00e9get \u00e9s Amerik\u00e1t. Az online felm\u00e9r\u00e9sbe 18-65 \u00e9ves, legal\u00e1bb heti 24 \u00f3r\u00e1ban foglalkoztatottakat vonnak be, piaconk\u00e9nt legal\u00e1bb 800 interj\u00fat k\u00e9sz\u00edtenek<\/p>\n<p>Forr\u00e1s: vg.hu<\/p>\n","protected":false},"excerpt":{"rendered":"<p>Magyarorsz\u00e1gon is, m\u00edg Eur\u00f3pa d\u00e9li \u00e9s keleti r\u00e9gi\u00f3iban a dolgoz\u00f3k k\u00e9tharmada szeretn\u00e9 jelenlegi fizet\u00e9si szintj\u00e9nek garant\u00e1l\u00e1s\u00e1t a koronav\u00edrus j\u00e1rv\u00e1ny okozta neh\u00e9zs\u00e9gek ellen\u00e9re. Tart\u00f3s v\u00e1ltoz\u00e1sokra sz\u00e1m\u00edtanak a foglalkoztat\u00e1sban a magyar munkav\u00e1llal\u00f3k, akik egyre fontosabbnak tartj\u00e1k a munkahely\u00fck biztons\u00e1g\u00e1t, amely\u00e9rt \u00e1ldozatokra is hajland\u00f3ak, \u00e1m a t\u00f6bbs\u00e9g enn\u00e9l is el\u0151bbre helyezi a b\u00e9rsz\u00ednvonal meg\u0151rz\u00e9s\u00e9t \u2013 der\u00fcl ki a [&hellip;]<\/p>\n","protected":false},"author":1,"featured_media":2812,"comment_status":"open","ping_status":"open","sticky":false,"template":"","format":"standard","meta":{"_monsterinsights_skip_tracking":false,"_monsterinsights_sitenote_active":false,"_monsterinsights_sitenote_note":"","_monsterinsights_sitenote_category":0,"footnotes":""},"categories":[200],"tags":[],"class_list":["post-4537","post","type-post","status-publish","format-standard","has-post-thumbnail","hentry","category-munkaeropiac"],"aioseo_notices":[],"_links":{"self":[{"href":"https:\/\/allasorias.hu\/hirek\/wp-json\/wp\/v2\/posts\/4537","targetHints":{"allow":["GET"]}}],"collection":[{"href":"https:\/\/allasorias.hu\/hirek\/wp-json\/wp\/v2\/posts"}],"about":[{"href":"https:\/\/allasorias.hu\/hirek\/wp-json\/wp\/v2\/types\/post"}],"author":[{"embeddable":true,"href":"https:\/\/allasorias.hu\/hirek\/wp-json\/wp\/v2\/users\/1"}],"replies":[{"embeddable":true,"href":"https:\/\/allasorias.hu\/hirek\/wp-json\/wp\/v2\/comments?post=4537"}],"version-history":[{"count":1,"href":"https:\/\/allasorias.hu\/hirek\/wp-json\/wp\/v2\/posts\/4537\/revisions"}],"predecessor-version":[{"id":4538,"href":"https:\/\/allasorias.hu\/hirek\/wp-json\/wp\/v2\/posts\/4537\/revisions\/4538"}],"wp:featuredmedia":[{"embeddable":true,"href":"https:\/\/allasorias.hu\/hirek\/wp-json\/wp\/v2\/media\/2812"}],"wp:attachment":[{"href":"https:\/\/allasorias.hu\/hirek\/wp-json\/wp\/v2\/media?parent=4537"}],"wp:term":[{"taxonomy":"category","embeddable":true,"href":"https:\/\/allasorias.hu\/hirek\/wp-json\/wp\/v2\/categories?post=4537"},{"taxonomy":"post_tag","embeddable":true,"href":"https:\/\/allasorias.hu\/hirek\/wp-json\/wp\/v2\/tags?post=4537"}],"curies":[{"name":"wp","href":"https:\/\/api.w.org\/{rel}","templated":true}]}}