{"id":4512,"date":"2021-01-14T08:20:28","date_gmt":"2021-01-14T08:20:28","guid":{"rendered":"https:\/\/allasorias.hu\/hirek\/?p=4512"},"modified":"2021-01-14T08:20:28","modified_gmt":"2021-01-14T08:20:28","slug":"tamogatjak-a-vallalkozasokat","status":"publish","type":"post","link":"https:\/\/allasorias.hu\/hirek\/tamogatjak-a-vallalkozasokat\/","title":{"rendered":"T\u00e1mogatj\u00e1k a v\u00e1llalkoz\u00e1sokat"},"content":{"rendered":"<p><strong>\u00d6t milli\u00e1rd forint keret\u00f6sszeg\u0171 p\u00e1ly\u00e1zat keret\u00e9ben p\u00e1ly\u00e1zhatnak forr\u00e1sra a h\u00e1tr\u00e1nyos helyzet\u0171 v\u00e1llalkoz\u00e1sok a Gazdas\u00e1gfejleszt\u00e9si \u00e9s innov\u00e1ci\u00f3s operat\u00edv programban. A H\u00e1tr\u00e1nyos helyzet\u0171 telep\u00fcl\u00e9seken m\u0171k\u00f6d\u0151 mikro- \u00e9s kisv\u00e1llalkoz\u00e1sok fejleszt\u00e9seinek t\u00e1mogat\u00e1sa c\u00edm\u0171 p\u00e1ly\u00e1zatban online el\u0151min\u0151s\u00edt\u00e9si elj\u00e1r\u00e1st dolgoztak ki a megadott telep\u00fcl\u00e9sen projektet megval\u00f3s\u00edt\u00f3k sz\u00e1m\u00e1ra, eddig 1063 v\u00e1llalkoz\u00e1s k\u00e9rte el\u0151min\u0151s\u00edt\u00e9s\u00e9t \u2013 k\u00f6z\u00f6lte a p\u00e1ly\u00e1zatot lebonyol\u00edt\u00f3 IFKA Iparfejleszt\u00e9si K\u00f6zhaszn\u00fa Nonprofit Kft. szerd\u00e1n az MTI-vel.<\/strong><\/p>\n<p>Az 5 milli\u00e1rd forint keret\u00f6sszeg\u0171 p\u00e1ly\u00e1zatot a Gazdas\u00e1gfejleszt\u00e9si \u00e9s innov\u00e1ci\u00f3s operat\u00edv programban (Ginop) hirdett\u00e9k meg 2020. november 18-\u00e1n. A Kedvezm\u00e9nyezett telep\u00fcl\u00e9sek gazdas\u00e1g\u00e9l\u00e9nk\u00edt\u0151 programba \u00e9s a Felz\u00e1rk\u00f3z\u00f3 telep\u00fcl\u00e9sek programba tartoz\u00f3 falvak v\u00e1llalkoz\u00e1sai november 25-t\u0151l el\u0151regisztr\u00e1lhattak az el\u0151min\u0151s\u00edt\u00e9si folyamatra a www.ginop129.ifka.hu honlapon. Az el\u0151min\u0151s\u00edt\u00e9si fel\u00fclet 2021. janu\u00e1r 4-\u00e9n ny\u00edlt meg. A projektek el\u0151min\u0151s\u00edt\u00e9si lehet\u0151s\u00e9g\u00e9t janu\u00e1r 11-\u00e9n felf\u00fcggesztett\u00e9k a be\u00e9rkezett regisztr\u00e1ci\u00f3k nagy sz\u00e1m\u00e1ra tekintettel, ugyanis emiatt val\u00f3sz\u00edn\u0171s\u00edthet\u0151, hogy a rendelkez\u00e9sre \u00e1ll\u00f3 keret kimer\u00fclt. A janu\u00e1r 11-ig regisztr\u00e1lt v\u00e1llalkoz\u00e1sokn\u00e1l most \u00e9rt\u00e9kelik ki az el\u0151min\u0151s\u00edt\u00e9s minimum felt\u00e9teleit. A vizsg\u00e1lat hat\u00e1rideje: minimum 5 munkanap, ezt k\u00f6vet\u0151en a minimum felt\u00e9teleket teljes\u00edt\u0151 v\u00e1llalkoz\u00e1sok az el\u0151min\u0151s\u00edt\u0151 fel\u00fcleten janu\u00e1r 22-\u00e9n 23:59-ig k\u00fcldhetik be a projekttervet. Az el\u0151min\u0151s\u00edt\u00e9s \u00e9s a projekttervek \u00e9rt\u00e9kel\u00e9s\u00e9n\u00e9l a leghangs\u00falyosabb szempontot az adott fejleszt\u00e9s helyi be\u00e1gyazotts\u00e1ga, valamint a helyi gazdas\u00e1g \u00e9s t\u00e1rsadalom fejl\u0151d\u00e9s\u00e9hez val\u00f3 hozz\u00e1j\u00e1rul\u00e1sa jelenti. Az el\u0151min\u0151s\u00edt\u00e9sn\u00e9l megvizsg\u00e1lj\u00e1k a helyi egy\u00fcttm\u0171k\u00f6d\u00e9seket, partners\u00e9geket \u00e9s mindezek t\u00fckr\u00e9ben a fejleszt\u00e9s megalapozotts\u00e1g\u00e1t. Amennyiben a projektterv el\u00e9ri a sz\u00fcks\u00e9ges pontsz\u00e1mot, akkor az IFKA K\u00f6zhaszn\u00fa Nonprofit Kft. Min\u0151s\u00edt\u0151\u00a0 tan\u00fas\u00edtv\u00e1nyt \u00e1ll\u00edt ki. Mindez az\u00e9rt fontos, mert a Kedvezm\u00e9nyezett telep\u00fcl\u00e9sek gazdas\u00e1g\u00e9l\u00e9nk\u00edt\u0151 programba \u00e9s a Felz\u00e1rk\u00f3z\u00f3 telep\u00fcl\u00e9sek programba tartoz\u00f3 falvak v\u00e1llalkoz\u00e1sai sz\u00e1m\u00e1ra a t\u00e1mogat\u00e1si k\u00e9relmek beny\u00fajt\u00e1s\u00e1ra az IFKA \u00e1ltal ki\u00e1ll\u00edtott Min\u0151s\u00edt\u0151 tan\u00fas\u00edtv\u00e1ny birtok\u00e1ban lesz lehet\u0151s\u00e9g febru\u00e1r 18-t\u00f3l. A t\u00e1mogat\u00e1si k\u00e9relmet az \u00e9rintettek az EPTK elektronikus p\u00e1ly\u00e1zatkezel\u00e9si rendszeren kereszt\u00fcl tudj\u00e1k beadni, amely a www.eptk.fair.gov.hu\/ honlapon \u00e9rhet\u0151 el. (MTI)<\/p>\n<p>Forr\u00e1s: uzletem.hu, MTI<\/p>\n","protected":false},"excerpt":{"rendered":"<p>\u00d6t milli\u00e1rd forint keret\u00f6sszeg\u0171 p\u00e1ly\u00e1zat keret\u00e9ben p\u00e1ly\u00e1zhatnak forr\u00e1sra a h\u00e1tr\u00e1nyos helyzet\u0171 v\u00e1llalkoz\u00e1sok a Gazdas\u00e1gfejleszt\u00e9si \u00e9s innov\u00e1ci\u00f3s operat\u00edv programban. A H\u00e1tr\u00e1nyos helyzet\u0171 telep\u00fcl\u00e9seken m\u0171k\u00f6d\u0151 mikro- \u00e9s kisv\u00e1llalkoz\u00e1sok fejleszt\u00e9seinek t\u00e1mogat\u00e1sa c\u00edm\u0171 p\u00e1ly\u00e1zatban online el\u0151min\u0151s\u00edt\u00e9si elj\u00e1r\u00e1st dolgoztak ki a megadott telep\u00fcl\u00e9sen projektet megval\u00f3s\u00edt\u00f3k sz\u00e1m\u00e1ra, eddig 1063 v\u00e1llalkoz\u00e1s k\u00e9rte el\u0151min\u0151s\u00edt\u00e9s\u00e9t \u2013 k\u00f6z\u00f6lte a p\u00e1ly\u00e1zatot lebonyol\u00edt\u00f3 IFKA Iparfejleszt\u00e9si K\u00f6zhaszn\u00fa Nonprofit [&hellip;]<\/p>\n","protected":false},"author":1,"featured_media":3576,"comment_status":"open","ping_status":"open","sticky":false,"template":"","format":"standard","meta":{"_monsterinsights_skip_tracking":false,"footnotes":""},"categories":[198],"tags":[],"class_list":["post-4512","post","type-post","status-publish","format-standard","has-post-thumbnail","hentry","category-gazdasag"],"aioseo_notices":[],"aioseo_head":"\n\t\t<!-- All in One SEO 5.0.0.1 - aioseo.com -->\n\t<meta name=\"description\" content=\"\u00d6t milli\u00e1rd forint keret\u00f6sszeg\u0171 p\u00e1ly\u00e1zat keret\u00e9ben p\u00e1ly\u00e1zhatnak forr\u00e1sra a h\u00e1tr\u00e1nyos helyzet\u0171 v\u00e1llalkoz\u00e1sok a Gazdas\u00e1gfejleszt\u00e9si \u00e9s innov\u00e1ci\u00f3s operat\u00edv programban. A H\u00e1tr\u00e1nyos helyzet\u0171 telep\u00fcl\u00e9seken m\u0171k\u00f6d\u0151 mikro- \u00e9s kisv\u00e1llalkoz\u00e1sok fejleszt\u00e9seinek t\u00e1mogat\u00e1sa c\u00edm\u0171 p\u00e1ly\u00e1zatban online el\u0151min\u0151s\u00edt\u00e9si elj\u00e1r\u00e1st dolgoztak ki a megadott telep\u00fcl\u00e9sen projektet megval\u00f3s\u00edt\u00f3k sz\u00e1m\u00e1ra, eddig 1063 v\u00e1llalkoz\u00e1s k\u00e9rte el\u0151min\u0151s\u00edt\u00e9s\u00e9t \u2013 k\u00f6z\u00f6lte a p\u00e1ly\u00e1zatot lebonyol\u00edt\u00f3 IFKA Iparfejleszt\u00e9si K\u00f6zhaszn\u00fa Nonprofit\" \/>\n\t<meta name=\"robots\" content=\"max-image-preview:large\" \/>\n\t<meta name=\"author\" content=\"Juh\u00e1sz P\u00e9ter\"\/>\n\t<link rel=\"canonical\" href=\"https:\/\/allasorias.hu\/hirek\/tamogatjak-a-vallalkozasokat\/\" \/>\n\t<meta name=\"generator\" content=\"All in One SEO (AIOSEO) 5.0.0.1\" \/>\n\t\t<meta property=\"og:locale\" content=\"hu_HU\" \/>\n\t\t<meta property=\"og:site_name\" content=\"AllasOrias.hu | H\u00edrek-lapszemle | \u00dczleti h\u00edrek az \u00e1ll\u00e1s \u00e9s a munka vil\u00e1g\u00e1b\u00f3l\" \/>\n\t\t<meta property=\"og:type\" content=\"article\" \/>\n\t\t<meta property=\"og:title\" content=\"T\u00e1mogatj\u00e1k a v\u00e1llalkoz\u00e1sokat | AllasOrias.hu | H\u00edrek-lapszemle\" \/>\n\t\t<meta property=\"og:description\" content=\"\u00d6t milli\u00e1rd forint keret\u00f6sszeg\u0171 p\u00e1ly\u00e1zat keret\u00e9ben p\u00e1ly\u00e1zhatnak forr\u00e1sra a h\u00e1tr\u00e1nyos helyzet\u0171 v\u00e1llalkoz\u00e1sok a Gazdas\u00e1gfejleszt\u00e9si \u00e9s innov\u00e1ci\u00f3s operat\u00edv programban. A H\u00e1tr\u00e1nyos helyzet\u0171 telep\u00fcl\u00e9seken m\u0171k\u00f6d\u0151 mikro- \u00e9s kisv\u00e1llalkoz\u00e1sok fejleszt\u00e9seinek t\u00e1mogat\u00e1sa c\u00edm\u0171 p\u00e1ly\u00e1zatban online el\u0151min\u0151s\u00edt\u00e9si elj\u00e1r\u00e1st dolgoztak ki a megadott telep\u00fcl\u00e9sen projektet megval\u00f3s\u00edt\u00f3k sz\u00e1m\u00e1ra, eddig 1063 v\u00e1llalkoz\u00e1s k\u00e9rte el\u0151min\u0151s\u00edt\u00e9s\u00e9t \u2013 k\u00f6z\u00f6lte a p\u00e1ly\u00e1zatot lebonyol\u00edt\u00f3 IFKA Iparfejleszt\u00e9si K\u00f6zhaszn\u00fa Nonprofit\" \/>\n\t\t<meta property=\"og:url\" content=\"https:\/\/allasorias.hu\/hirek\/tamogatjak-a-vallalkozasokat\/\" \/>\n\t\t<meta property=\"og:image\" content=\"https:\/\/allasorias.hu\/hirek\/wp-content\/uploads\/2019\/12\/handshake-2056023_640.jpg\" \/>\n\t\t<meta property=\"og:image:secure_url\" content=\"https:\/\/allasorias.hu\/hirek\/wp-content\/uploads\/2019\/12\/handshake-2056023_640.jpg\" \/>\n\t\t<meta property=\"og:image:width\" content=\"640\" \/>\n\t\t<meta property=\"og:image:height\" content=\"425\" \/>\n\t\t<meta property=\"article:published_time\" content=\"2021-01-14T08:20:28+00:00\" \/>\n\t\t<meta property=\"article:modified_time\" content=\"2021-01-14T08:20:28+00:00\" \/>\n\t\t<meta property=\"article:publisher\" content=\"https:\/\/www.facebook.com\/allasorias\" \/>\n\t\t<meta name=\"twitter:card\" content=\"summary_large_image\" \/>\n\t\t<meta name=\"twitter:title\" content=\"T\u00e1mogatj\u00e1k a v\u00e1llalkoz\u00e1sokat | AllasOrias.hu | H\u00edrek-lapszemle\" \/>\n\t\t<meta name=\"twitter:description\" content=\"\u00d6t milli\u00e1rd forint keret\u00f6sszeg\u0171 p\u00e1ly\u00e1zat keret\u00e9ben p\u00e1ly\u00e1zhatnak forr\u00e1sra a h\u00e1tr\u00e1nyos helyzet\u0171 v\u00e1llalkoz\u00e1sok a Gazdas\u00e1gfejleszt\u00e9si \u00e9s innov\u00e1ci\u00f3s operat\u00edv programban. A H\u00e1tr\u00e1nyos helyzet\u0171 telep\u00fcl\u00e9seken m\u0171k\u00f6d\u0151 mikro- \u00e9s kisv\u00e1llalkoz\u00e1sok fejleszt\u00e9seinek t\u00e1mogat\u00e1sa c\u00edm\u0171 p\u00e1ly\u00e1zatban online el\u0151min\u0151s\u00edt\u00e9si elj\u00e1r\u00e1st dolgoztak ki a megadott telep\u00fcl\u00e9sen projektet megval\u00f3s\u00edt\u00f3k sz\u00e1m\u00e1ra, eddig 1063 v\u00e1llalkoz\u00e1s k\u00e9rte el\u0151min\u0151s\u00edt\u00e9s\u00e9t \u2013 k\u00f6z\u00f6lte a p\u00e1ly\u00e1zatot lebonyol\u00edt\u00f3 IFKA Iparfejleszt\u00e9si K\u00f6zhaszn\u00fa Nonprofit\" \/>\n\t\t<meta name=\"twitter:image\" content=\"https:\/\/allasorias.hu\/hirek\/wp-content\/uploads\/2019\/12\/handshake-2056023_640.jpg\" \/>\n\t\t<meta name=\"twitter:label1\" content=\"Written by\" \/>\n\t\t<meta name=\"twitter:data1\" content=\"Juh\u00e1sz P\u00e9ter\" \/>\n\t\t<meta name=\"twitter:label2\" content=\"Est. reading time\" \/>\n\t\t<meta name=\"twitter:data2\" content=\"3 minutes\" \/>\n\t\t<script type=\"application\/ld+json\" class=\"aioseo-schema\">\n\t\t\t{\"@context\":\"https:\\\/\\\/schema.org\",\"@graph\":[{\"@type\":\"Article\",\"@id\":\"https:\\\/\\\/allasorias.hu\\\/hirek\\\/tamogatjak-a-vallalkozasokat\\\/#article\",\"name\":\"T\\u00e1mogatj\\u00e1k a v\\u00e1llalkoz\\u00e1sokat | AllasOrias.hu | H\\u00edrek-lapszemle\",\"headline\":\"T\\u00e1mogatj\\u00e1k a v\\u00e1llalkoz\\u00e1sokat\",\"author\":{\"@id\":\"https:\\\/\\\/allasorias.hu\\\/hirek\\\/author\\\/admin-allasorias\\\/#author\"},\"publisher\":{\"@id\":\"https:\\\/\\\/allasorias.hu\\\/hirek\\\/#organization\"},\"image\":{\"@type\":\"ImageObject\",\"url\":\"https:\\\/\\\/allasorias.hu\\\/hirek\\\/wp-content\\\/uploads\\\/2019\\\/12\\\/handshake-2056023_640.jpg\",\"width\":640,\"height\":425},\"datePublished\":\"2021-01-14T08:20:28+02:00\",\"dateModified\":\"2021-01-14T08:20:28+02:00\",\"inLanguage\":\"hu-HU\",\"mainEntityOfPage\":{\"@id\":\"https:\\\/\\\/allasorias.hu\\\/hirek\\\/tamogatjak-a-vallalkozasokat\\\/#webpage\"},\"isPartOf\":{\"@id\":\"https:\\\/\\\/allasorias.hu\\\/hirek\\\/tamogatjak-a-vallalkozasokat\\\/#webpage\"},\"articleSection\":\"Gazdas\\u00e1g\"},{\"@type\":\"BreadcrumbList\",\"@id\":\"https:\\\/\\\/allasorias.hu\\\/hirek\\\/tamogatjak-a-vallalkozasokat\\\/#breadcrumblist\",\"itemListElement\":[{\"@type\":\"ListItem\",\"@id\":\"https:\\\/\\\/allasorias.hu\\\/hirek#listItem\",\"position\":1,\"name\":\"Home\",\"item\":\"https:\\\/\\\/allasorias.hu\\\/hirek\",\"nextItem\":{\"@type\":\"ListItem\",\"@id\":\"https:\\\/\\\/allasorias.hu\\\/hirek\\\/temak\\\/gazdasag\\\/#listItem\",\"name\":\"Gazdas\\u00e1g\"}},{\"@type\":\"ListItem\",\"@id\":\"https:\\\/\\\/allasorias.hu\\\/hirek\\\/temak\\\/gazdasag\\\/#listItem\",\"position\":2,\"name\":\"Gazdas\\u00e1g\",\"item\":\"https:\\\/\\\/allasorias.hu\\\/hirek\\\/temak\\\/gazdasag\\\/\",\"nextItem\":{\"@type\":\"ListItem\",\"@id\":\"https:\\\/\\\/allasorias.hu\\\/hirek\\\/tamogatjak-a-vallalkozasokat\\\/#listItem\",\"name\":\"T\\u00e1mogatj\\u00e1k a v\\u00e1llalkoz\\u00e1sokat\"},\"previousItem\":{\"@type\":\"ListItem\",\"@id\":\"https:\\\/\\\/allasorias.hu\\\/hirek#listItem\",\"name\":\"Home\"}},{\"@type\":\"ListItem\",\"@id\":\"https:\\\/\\\/allasorias.hu\\\/hirek\\\/tamogatjak-a-vallalkozasokat\\\/#listItem\",\"position\":3,\"name\":\"T\\u00e1mogatj\\u00e1k a v\\u00e1llalkoz\\u00e1sokat\",\"previousItem\":{\"@type\":\"ListItem\",\"@id\":\"https:\\\/\\\/allasorias.hu\\\/hirek\\\/temak\\\/gazdasag\\\/#listItem\",\"name\":\"Gazdas\\u00e1g\"}}]},{\"@type\":\"Organization\",\"@id\":\"https:\\\/\\\/allasorias.hu\\\/hirek\\\/#organization\",\"name\":\"AllasOrias.hu | H\\u00edrek-lapszemle\",\"description\":\"\\u00dczleti h\\u00edrek az \\u00e1ll\\u00e1s \\u00e9s a munka vil\\u00e1g\\u00e1b\\u00f3l\",\"url\":\"https:\\\/\\\/allasorias.hu\\\/hirek\\\/\",\"logo\":{\"@type\":\"ImageObject\",\"url\":\"https:\\\/\\\/allasorias.hu\\\/hirek\\\/wp-content\\\/uploads\\\/2022\\\/10\\\/allasorias_site_facebok_logo.png\",\"@id\":\"https:\\\/\\\/allasorias.hu\\\/hirek\\\/tamogatjak-a-vallalkozasokat\\\/#organizationLogo\"},\"image\":{\"@id\":\"https:\\\/\\\/allasorias.hu\\\/hirek\\\/tamogatjak-a-vallalkozasokat\\\/#organizationLogo\"},\"sameAs\":[\"https:\\\/\\\/www.facebook.com\\\/allasorias\",\"https:\\\/\\\/www.linkedin.com\\\/company\\\/allasorias\"]},{\"@type\":\"Person\",\"@id\":\"https:\\\/\\\/allasorias.hu\\\/hirek\\\/author\\\/admin-allasorias\\\/#author\",\"url\":\"https:\\\/\\\/allasorias.hu\\\/hirek\\\/author\\\/admin-allasorias\\\/\",\"name\":\"Juh\\u00e1sz P\\u00e9ter\",\"image\":{\"@type\":\"ImageObject\",\"@id\":\"https:\\\/\\\/allasorias.hu\\\/hirek\\\/tamogatjak-a-vallalkozasokat\\\/#authorImage\",\"url\":\"https:\\\/\\\/secure.gravatar.com\\\/avatar\\\/36e6bcb83148978b992977cb0f54d22feb0cce8a0a849a9410532bb2623ba4c6?s=96&d=mm&r=g\",\"width\":96,\"height\":96,\"caption\":\"Juh\\u00e1sz P\\u00e9ter\"}},{\"@type\":\"WebPage\",\"@id\":\"https:\\\/\\\/allasorias.hu\\\/hirek\\\/tamogatjak-a-vallalkozasokat\\\/#webpage\",\"url\":\"https:\\\/\\\/allasorias.hu\\\/hirek\\\/tamogatjak-a-vallalkozasokat\\\/\",\"name\":\"T\\u00e1mogatj\\u00e1k a v\\u00e1llalkoz\\u00e1sokat | AllasOrias.hu | H\\u00edrek-lapszemle\",\"description\":\"\\u00d6t milli\\u00e1rd forint keret\\u00f6sszeg\\u0171 p\\u00e1ly\\u00e1zat keret\\u00e9ben p\\u00e1ly\\u00e1zhatnak forr\\u00e1sra a h\\u00e1tr\\u00e1nyos helyzet\\u0171 v\\u00e1llalkoz\\u00e1sok a Gazdas\\u00e1gfejleszt\\u00e9si \\u00e9s innov\\u00e1ci\\u00f3s operat\\u00edv programban. A H\\u00e1tr\\u00e1nyos helyzet\\u0171 telep\\u00fcl\\u00e9seken m\\u0171k\\u00f6d\\u0151 mikro- \\u00e9s kisv\\u00e1llalkoz\\u00e1sok fejleszt\\u00e9seinek t\\u00e1mogat\\u00e1sa c\\u00edm\\u0171 p\\u00e1ly\\u00e1zatban online el\\u0151min\\u0151s\\u00edt\\u00e9si elj\\u00e1r\\u00e1st dolgoztak ki a megadott telep\\u00fcl\\u00e9sen projektet megval\\u00f3s\\u00edt\\u00f3k sz\\u00e1m\\u00e1ra, eddig 1063 v\\u00e1llalkoz\\u00e1s k\\u00e9rte el\\u0151min\\u0151s\\u00edt\\u00e9s\\u00e9t \\u2013 k\\u00f6z\\u00f6lte a p\\u00e1ly\\u00e1zatot lebonyol\\u00edt\\u00f3 IFKA Iparfejleszt\\u00e9si K\\u00f6zhaszn\\u00fa Nonprofit\",\"inLanguage\":\"hu-HU\",\"isPartOf\":{\"@id\":\"https:\\\/\\\/allasorias.hu\\\/hirek\\\/#website\"},\"breadcrumb\":{\"@id\":\"https:\\\/\\\/allasorias.hu\\\/hirek\\\/tamogatjak-a-vallalkozasokat\\\/#breadcrumblist\"},\"author\":{\"@id\":\"https:\\\/\\\/allasorias.hu\\\/hirek\\\/author\\\/admin-allasorias\\\/#author\"},\"creator\":{\"@id\":\"https:\\\/\\\/allasorias.hu\\\/hirek\\\/author\\\/admin-allasorias\\\/#author\"},\"image\":{\"@type\":\"ImageObject\",\"url\":\"https:\\\/\\\/allasorias.hu\\\/hirek\\\/wp-content\\\/uploads\\\/2019\\\/12\\\/handshake-2056023_640.jpg\",\"@id\":\"https:\\\/\\\/allasorias.hu\\\/hirek\\\/tamogatjak-a-vallalkozasokat\\\/#mainImage\",\"width\":640,\"height\":425},\"primaryImageOfPage\":{\"@id\":\"https:\\\/\\\/allasorias.hu\\\/hirek\\\/tamogatjak-a-vallalkozasokat\\\/#mainImage\"},\"datePublished\":\"2021-01-14T08:20:28+02:00\",\"dateModified\":\"2021-01-14T08:20:28+02:00\"},{\"@type\":\"WebSite\",\"@id\":\"https:\\\/\\\/allasorias.hu\\\/hirek\\\/#website\",\"url\":\"https:\\\/\\\/allasorias.hu\\\/hirek\\\/\",\"name\":\"AllasOrias.hu | H\\u00edrek-lapszemle\",\"description\":\"\\u00dczleti h\\u00edrek az \\u00e1ll\\u00e1s \\u00e9s a munka vil\\u00e1g\\u00e1b\\u00f3l\",\"inLanguage\":\"hu-HU\",\"publisher\":{\"@id\":\"https:\\\/\\\/allasorias.hu\\\/hirek\\\/#organization\"}}]}\n\t\t<\/script>\n\t\t<!-- All in One SEO -->\n\n","aioseo_head_json":{"title":"T\u00e1mogatj\u00e1k a v\u00e1llalkoz\u00e1sokat | AllasOrias.hu | H\u00edrek-lapszemle","description":"\u00d6t milli\u00e1rd forint keret\u00f6sszeg\u0171 p\u00e1ly\u00e1zat keret\u00e9ben p\u00e1ly\u00e1zhatnak forr\u00e1sra a h\u00e1tr\u00e1nyos helyzet\u0171 v\u00e1llalkoz\u00e1sok a Gazdas\u00e1gfejleszt\u00e9si \u00e9s innov\u00e1ci\u00f3s operat\u00edv programban. A H\u00e1tr\u00e1nyos helyzet\u0171 telep\u00fcl\u00e9seken m\u0171k\u00f6d\u0151 mikro- \u00e9s kisv\u00e1llalkoz\u00e1sok fejleszt\u00e9seinek t\u00e1mogat\u00e1sa c\u00edm\u0171 p\u00e1ly\u00e1zatban online el\u0151min\u0151s\u00edt\u00e9si elj\u00e1r\u00e1st dolgoztak ki a megadott telep\u00fcl\u00e9sen projektet megval\u00f3s\u00edt\u00f3k sz\u00e1m\u00e1ra, eddig 1063 v\u00e1llalkoz\u00e1s k\u00e9rte el\u0151min\u0151s\u00edt\u00e9s\u00e9t \u2013 k\u00f6z\u00f6lte a p\u00e1ly\u00e1zatot lebonyol\u00edt\u00f3 IFKA Iparfejleszt\u00e9si K\u00f6zhaszn\u00fa Nonprofit","canonical_url":"https:\/\/allasorias.hu\/hirek\/tamogatjak-a-vallalkozasokat\/","robots":"max-image-preview:large","keywords":"","webmasterTools":{"miscellaneous":""},"schema":{"@context":"https:\/\/schema.org","@graph":[{"@type":"Article","@id":"https:\/\/allasorias.hu\/hirek\/tamogatjak-a-vallalkozasokat\/#article","name":"T\u00e1mogatj\u00e1k a v\u00e1llalkoz\u00e1sokat | AllasOrias.hu | H\u00edrek-lapszemle","headline":"T\u00e1mogatj\u00e1k a v\u00e1llalkoz\u00e1sokat","author":{"@id":"https:\/\/allasorias.hu\/hirek\/author\/admin-allasorias\/#author"},"publisher":{"@id":"https:\/\/allasorias.hu\/hirek\/#organization"},"image":{"@type":"ImageObject","url":"https:\/\/allasorias.hu\/hirek\/wp-content\/uploads\/2019\/12\/handshake-2056023_640.jpg","width":640,"height":425},"datePublished":"2021-01-14T08:20:28+02:00","dateModified":"2021-01-14T08:20:28+02:00","inLanguage":"hu-HU","mainEntityOfPage":{"@id":"https:\/\/allasorias.hu\/hirek\/tamogatjak-a-vallalkozasokat\/#webpage"},"isPartOf":{"@id":"https:\/\/allasorias.hu\/hirek\/tamogatjak-a-vallalkozasokat\/#webpage"},"articleSection":"Gazdas\u00e1g"},{"@type":"BreadcrumbList","@id":"https:\/\/allasorias.hu\/hirek\/tamogatjak-a-vallalkozasokat\/#breadcrumblist","itemListElement":[{"@type":"ListItem","@id":"https:\/\/allasorias.hu\/hirek#listItem","position":1,"name":"Home","item":"https:\/\/allasorias.hu\/hirek","nextItem":{"@type":"ListItem","@id":"https:\/\/allasorias.hu\/hirek\/temak\/gazdasag\/#listItem","name":"Gazdas\u00e1g"}},{"@type":"ListItem","@id":"https:\/\/allasorias.hu\/hirek\/temak\/gazdasag\/#listItem","position":2,"name":"Gazdas\u00e1g","item":"https:\/\/allasorias.hu\/hirek\/temak\/gazdasag\/","nextItem":{"@type":"ListItem","@id":"https:\/\/allasorias.hu\/hirek\/tamogatjak-a-vallalkozasokat\/#listItem","name":"T\u00e1mogatj\u00e1k a v\u00e1llalkoz\u00e1sokat"},"previousItem":{"@type":"ListItem","@id":"https:\/\/allasorias.hu\/hirek#listItem","name":"Home"}},{"@type":"ListItem","@id":"https:\/\/allasorias.hu\/hirek\/tamogatjak-a-vallalkozasokat\/#listItem","position":3,"name":"T\u00e1mogatj\u00e1k a v\u00e1llalkoz\u00e1sokat","previousItem":{"@type":"ListItem","@id":"https:\/\/allasorias.hu\/hirek\/temak\/gazdasag\/#listItem","name":"Gazdas\u00e1g"}}]},{"@type":"Organization","@id":"https:\/\/allasorias.hu\/hirek\/#organization","name":"AllasOrias.hu | H\u00edrek-lapszemle","description":"\u00dczleti h\u00edrek az \u00e1ll\u00e1s \u00e9s a munka vil\u00e1g\u00e1b\u00f3l","url":"https:\/\/allasorias.hu\/hirek\/","logo":{"@type":"ImageObject","url":"https:\/\/allasorias.hu\/hirek\/wp-content\/uploads\/2022\/10\/allasorias_site_facebok_logo.png","@id":"https:\/\/allasorias.hu\/hirek\/tamogatjak-a-vallalkozasokat\/#organizationLogo"},"image":{"@id":"https:\/\/allasorias.hu\/hirek\/tamogatjak-a-vallalkozasokat\/#organizationLogo"},"sameAs":["https:\/\/www.facebook.com\/allasorias","https:\/\/www.linkedin.com\/company\/allasorias"]},{"@type":"Person","@id":"https:\/\/allasorias.hu\/hirek\/author\/admin-allasorias\/#author","url":"https:\/\/allasorias.hu\/hirek\/author\/admin-allasorias\/","name":"Juh\u00e1sz P\u00e9ter","image":{"@type":"ImageObject","@id":"https:\/\/allasorias.hu\/hirek\/tamogatjak-a-vallalkozasokat\/#authorImage","url":"https:\/\/secure.gravatar.com\/avatar\/36e6bcb83148978b992977cb0f54d22feb0cce8a0a849a9410532bb2623ba4c6?s=96&d=mm&r=g","width":96,"height":96,"caption":"Juh\u00e1sz P\u00e9ter"}},{"@type":"WebPage","@id":"https:\/\/allasorias.hu\/hirek\/tamogatjak-a-vallalkozasokat\/#webpage","url":"https:\/\/allasorias.hu\/hirek\/tamogatjak-a-vallalkozasokat\/","name":"T\u00e1mogatj\u00e1k a v\u00e1llalkoz\u00e1sokat | AllasOrias.hu | H\u00edrek-lapszemle","description":"\u00d6t milli\u00e1rd forint keret\u00f6sszeg\u0171 p\u00e1ly\u00e1zat keret\u00e9ben p\u00e1ly\u00e1zhatnak forr\u00e1sra a h\u00e1tr\u00e1nyos helyzet\u0171 v\u00e1llalkoz\u00e1sok a Gazdas\u00e1gfejleszt\u00e9si \u00e9s innov\u00e1ci\u00f3s operat\u00edv programban. A H\u00e1tr\u00e1nyos helyzet\u0171 telep\u00fcl\u00e9seken m\u0171k\u00f6d\u0151 mikro- \u00e9s kisv\u00e1llalkoz\u00e1sok fejleszt\u00e9seinek t\u00e1mogat\u00e1sa c\u00edm\u0171 p\u00e1ly\u00e1zatban online el\u0151min\u0151s\u00edt\u00e9si elj\u00e1r\u00e1st dolgoztak ki a megadott telep\u00fcl\u00e9sen projektet megval\u00f3s\u00edt\u00f3k sz\u00e1m\u00e1ra, eddig 1063 v\u00e1llalkoz\u00e1s k\u00e9rte el\u0151min\u0151s\u00edt\u00e9s\u00e9t \u2013 k\u00f6z\u00f6lte a p\u00e1ly\u00e1zatot lebonyol\u00edt\u00f3 IFKA Iparfejleszt\u00e9si K\u00f6zhaszn\u00fa Nonprofit","inLanguage":"hu-HU","isPartOf":{"@id":"https:\/\/allasorias.hu\/hirek\/#website"},"breadcrumb":{"@id":"https:\/\/allasorias.hu\/hirek\/tamogatjak-a-vallalkozasokat\/#breadcrumblist"},"author":{"@id":"https:\/\/allasorias.hu\/hirek\/author\/admin-allasorias\/#author"},"creator":{"@id":"https:\/\/allasorias.hu\/hirek\/author\/admin-allasorias\/#author"},"image":{"@type":"ImageObject","url":"https:\/\/allasorias.hu\/hirek\/wp-content\/uploads\/2019\/12\/handshake-2056023_640.jpg","@id":"https:\/\/allasorias.hu\/hirek\/tamogatjak-a-vallalkozasokat\/#mainImage","width":640,"height":425},"primaryImageOfPage":{"@id":"https:\/\/allasorias.hu\/hirek\/tamogatjak-a-vallalkozasokat\/#mainImage"},"datePublished":"2021-01-14T08:20:28+02:00","dateModified":"2021-01-14T08:20:28+02:00"},{"@type":"WebSite","@id":"https:\/\/allasorias.hu\/hirek\/#website","url":"https:\/\/allasorias.hu\/hirek\/","name":"AllasOrias.hu | H\u00edrek-lapszemle","description":"\u00dczleti h\u00edrek az \u00e1ll\u00e1s \u00e9s a munka vil\u00e1g\u00e1b\u00f3l","inLanguage":"hu-HU","publisher":{"@id":"https:\/\/allasorias.hu\/hirek\/#organization"}}]},"og:locale":"hu_HU","og:site_name":"AllasOrias.hu | H\u00edrek-lapszemle | \u00dczleti h\u00edrek az \u00e1ll\u00e1s \u00e9s a munka vil\u00e1g\u00e1b\u00f3l","og:type":"article","og:title":"T\u00e1mogatj\u00e1k a v\u00e1llalkoz\u00e1sokat | AllasOrias.hu | H\u00edrek-lapszemle","og:description":"\u00d6t milli\u00e1rd forint keret\u00f6sszeg\u0171 p\u00e1ly\u00e1zat keret\u00e9ben p\u00e1ly\u00e1zhatnak forr\u00e1sra a h\u00e1tr\u00e1nyos helyzet\u0171 v\u00e1llalkoz\u00e1sok a Gazdas\u00e1gfejleszt\u00e9si \u00e9s innov\u00e1ci\u00f3s operat\u00edv programban. A H\u00e1tr\u00e1nyos helyzet\u0171 telep\u00fcl\u00e9seken m\u0171k\u00f6d\u0151 mikro- \u00e9s kisv\u00e1llalkoz\u00e1sok fejleszt\u00e9seinek t\u00e1mogat\u00e1sa c\u00edm\u0171 p\u00e1ly\u00e1zatban online el\u0151min\u0151s\u00edt\u00e9si elj\u00e1r\u00e1st dolgoztak ki a megadott telep\u00fcl\u00e9sen projektet megval\u00f3s\u00edt\u00f3k sz\u00e1m\u00e1ra, eddig 1063 v\u00e1llalkoz\u00e1s k\u00e9rte el\u0151min\u0151s\u00edt\u00e9s\u00e9t \u2013 k\u00f6z\u00f6lte a p\u00e1ly\u00e1zatot lebonyol\u00edt\u00f3 IFKA Iparfejleszt\u00e9si K\u00f6zhaszn\u00fa Nonprofit","og:url":"https:\/\/allasorias.hu\/hirek\/tamogatjak-a-vallalkozasokat\/","og:image":"https:\/\/allasorias.hu\/hirek\/wp-content\/uploads\/2019\/12\/handshake-2056023_640.jpg","og:image:secure_url":"https:\/\/allasorias.hu\/hirek\/wp-content\/uploads\/2019\/12\/handshake-2056023_640.jpg","og:image:width":640,"og:image:height":425,"article:published_time":"2021-01-14T08:20:28+00:00","article:modified_time":"2021-01-14T08:20:28+00:00","article:publisher":"https:\/\/www.facebook.com\/allasorias","twitter:card":"summary_large_image","twitter:title":"T\u00e1mogatj\u00e1k a v\u00e1llalkoz\u00e1sokat | AllasOrias.hu | H\u00edrek-lapszemle","twitter:description":"\u00d6t milli\u00e1rd forint keret\u00f6sszeg\u0171 p\u00e1ly\u00e1zat keret\u00e9ben p\u00e1ly\u00e1zhatnak forr\u00e1sra a h\u00e1tr\u00e1nyos helyzet\u0171 v\u00e1llalkoz\u00e1sok a Gazdas\u00e1gfejleszt\u00e9si \u00e9s innov\u00e1ci\u00f3s operat\u00edv programban. A H\u00e1tr\u00e1nyos helyzet\u0171 telep\u00fcl\u00e9seken m\u0171k\u00f6d\u0151 mikro- \u00e9s kisv\u00e1llalkoz\u00e1sok fejleszt\u00e9seinek t\u00e1mogat\u00e1sa c\u00edm\u0171 p\u00e1ly\u00e1zatban online el\u0151min\u0151s\u00edt\u00e9si elj\u00e1r\u00e1st dolgoztak ki a megadott telep\u00fcl\u00e9sen projektet megval\u00f3s\u00edt\u00f3k sz\u00e1m\u00e1ra, eddig 1063 v\u00e1llalkoz\u00e1s k\u00e9rte el\u0151min\u0151s\u00edt\u00e9s\u00e9t \u2013 k\u00f6z\u00f6lte a p\u00e1ly\u00e1zatot lebonyol\u00edt\u00f3 IFKA Iparfejleszt\u00e9si K\u00f6zhaszn\u00fa Nonprofit","twitter:image":"https:\/\/allasorias.hu\/hirek\/wp-content\/uploads\/2019\/12\/handshake-2056023_640.jpg","twitter:label1":"Written by","twitter:data1":"Juh\u00e1sz P\u00e9ter","twitter:label2":"Est. reading time","twitter:data2":"3 minutes"},"aioseo_meta_data":{"post_id":"4512","title":null,"description":"","keywords":"","keyphrases":null,"primary_term":null,"canonical_url":"","og_title":null,"og_description":null,"og_object_type":"default","og_image_type":"default","og_image_url":null,"og_image_width":null,"og_image_height":null,"og_image_custom_url":null,"og_image_custom_fields":null,"og_video":null,"og_custom_url":null,"og_article_section":null,"og_article_tags":null,"twitter_use_og":false,"twitter_card":"default","twitter_image_type":"default","twitter_image_url":null,"twitter_image_custom_url":null,"twitter_image_custom_fields":null,"twitter_title":null,"twitter_description":null,"schema":{"blockGraphs":[],"customGraphs":[],"default":{"data":{"Article":[],"Course":[],"Dataset":[],"FAQPage":[],"Movie":[],"Person":[],"Product":[],"ProductReview":[],"Car":[],"Recipe":[],"Service":[],"SoftwareApplication":[],"WebPage":[]},"graphName":"","isEnabled":true},"graphs":[],"defaultGraph":"","defaultPostTypeGraph":""},"schema_type":null,"schema_type_options":null,"pillar_content":false,"robots_default":true,"robots_noindex":false,"robots_noarchive":false,"robots_nosnippet":false,"robots_nofollow":false,"robots_noimageindex":false,"robots_noodp":false,"robots_notranslate":false,"robots_max_snippet":null,"robots_max_videopreview":null,"robots_max_imagepreview":"large","priority":null,"frequency":null,"location":null,"local_seo":null,"breadcrumb_settings":null,"limit_modified_date":false,"ai":null,"created":"2021-02-01 20:44:29","updated":"2025-10-02 15:12:06","seo_analyzer_scan_date":null,"focus_keyword":null,"additional_keywords":null,"truseo_locale":null},"aioseo_breadcrumb":"<div class=\"aioseo-breadcrumbs\"><span class=\"aioseo-breadcrumb\">\n\t\t\t<a href=\"https:\/\/allasorias.hu\/hirek\" title=\"Home\">Home<\/a>\n\t\t<\/span><span class=\"aioseo-breadcrumb-separator\">&raquo;<\/span><span class=\"aioseo-breadcrumb\">\n\t\t\t<a href=\"https:\/\/allasorias.hu\/hirek\/temak\/gazdasag\/\" title=\"Gazdas\u00e1g\">Gazdas\u00e1g<\/a>\n\t\t<\/span><span class=\"aioseo-breadcrumb-separator\">&raquo;<\/span><span class=\"aioseo-breadcrumb\">\n\t\t\tT\u00e1mogatj\u00e1k a v\u00e1llalkoz\u00e1sokat\n\t\t<\/span><\/div>","aioseo_breadcrumb_json":[{"label":"Home","link":"https:\/\/allasorias.hu\/hirek"},{"label":"Gazdas\u00e1g","link":"https:\/\/allasorias.hu\/hirek\/temak\/gazdasag\/"},{"label":"T\u00e1mogatj\u00e1k a v\u00e1llalkoz\u00e1sokat","link":"https:\/\/allasorias.hu\/hirek\/tamogatjak-a-vallalkozasokat\/"}],"_links":{"self":[{"href":"https:\/\/allasorias.hu\/hirek\/wp-json\/wp\/v2\/posts\/4512","targetHints":{"allow":["GET"]}}],"collection":[{"href":"https:\/\/allasorias.hu\/hirek\/wp-json\/wp\/v2\/posts"}],"about":[{"href":"https:\/\/allasorias.hu\/hirek\/wp-json\/wp\/v2\/types\/post"}],"author":[{"embeddable":true,"href":"https:\/\/allasorias.hu\/hirek\/wp-json\/wp\/v2\/users\/1"}],"replies":[{"embeddable":true,"href":"https:\/\/allasorias.hu\/hirek\/wp-json\/wp\/v2\/comments?post=4512"}],"version-history":[{"count":1,"href":"https:\/\/allasorias.hu\/hirek\/wp-json\/wp\/v2\/posts\/4512\/revisions"}],"predecessor-version":[{"id":4513,"href":"https:\/\/allasorias.hu\/hirek\/wp-json\/wp\/v2\/posts\/4512\/revisions\/4513"}],"wp:featuredmedia":[{"embeddable":true,"href":"https:\/\/allasorias.hu\/hirek\/wp-json\/wp\/v2\/media\/3576"}],"wp:attachment":[{"href":"https:\/\/allasorias.hu\/hirek\/wp-json\/wp\/v2\/media?parent=4512"}],"wp:term":[{"taxonomy":"category","embeddable":true,"href":"https:\/\/allasorias.hu\/hirek\/wp-json\/wp\/v2\/categories?post=4512"},{"taxonomy":"post_tag","embeddable":true,"href":"https:\/\/allasorias.hu\/hirek\/wp-json\/wp\/v2\/tags?post=4512"}],"curies":[{"name":"wp","href":"https:\/\/api.w.org\/{rel}","templated":true}]}}